{"id":72024,"date":"2022-07-20T16:53:49","date_gmt":"2022-07-20T19:53:49","guid":{"rendered":"https:\/\/vestibulares.estrategia.com\/portal\/?p=72024"},"modified":"2024-08-07T10:05:08","modified_gmt":"2024-08-07T13:05:08","slug":"9-documentarios-sobre-mudancas-climaticas-para-usar-como-repertorio-sociocultural-na-redacao","status":"publish","type":"post","link":"https:\/\/vestibulares.estrategia.com\/portal\/materias\/redacao\/9-documentarios-sobre-mudancas-climaticas-para-usar-como-repertorio-sociocultural-na-redacao\/","title":{"rendered":"9 document\u00e1rios sobre mudan\u00e7as clim\u00e1ticas para usar como repert\u00f3rio sociocultural na reda\u00e7\u00e3o"},"content":{"rendered":"<p>De acordo com um estudo do servi&ccedil;o nacional de meteorologia do Reino Unido, o Met Office, a Terra aumentou 1,2&ordm; Celsius de temperatura desde a Revolu&ccedil;&atilde;o Industrial, quando a estimativa para o per&iacute;odo era de menos de 0,85&ordm; Celsius. Pode at&eacute; parecer pouco, mas esse aumento j&aacute; &eacute; o respons&aacute;vel por desastres ambientais irrevers&iacute;veis e, pensando na relev&acirc;ncia do tema, a Coruja listou <strong>9 document&aacute;rios sobre mudan&ccedil;as clim&aacute;ticas para usar como repert&oacute;rio sociocultural<\/strong> <strong>na reda&ccedil;&atilde;o<\/strong>.<p>As produ&ccedil;&otilde;es retratam como o aquecimento global e as mudan&ccedil;as clim&aacute;ticas causadas por ele j&aacute; impactam a vida de milhares de pessoas ao redor do mundo e quais as principais causas desse problemas. Entenda porque os ecossistemas est&atilde;o sendo destru&iacute;dos, o mar vem subindo de n&iacute;vel, h&aacute; per&iacute;odos de seca e chuvas intensas e mais sobre a realidade ecol&oacute;gica do planeta.<\/p><ul class=\"wp-block-list\">\n<li><a href=\"https:\/\/vestibulares.estrategia.com\/portal\/atualidades-e-dicas\/mudancas-climaticas-conheca-os-efeitos-do-aquecimento-global-no-brasil\/\" target=\"_blank\">Mudan&ccedil;as clim&aacute;ticas: conhe&ccedil;a os efeitos do aquecimento global no Brasil<\/a><\/li>\n\n\n\n<li><a href=\"https:\/\/vestibulares.estrategia.com\/portal\/atualidades-e-dicas\/aquecimento-global\/\" target=\"_blank\">Saiba tudo sobre o aquecimento global e como ele pode cair no vestibular!<\/a><\/li>\n<\/ul><p>\n\n\n\n<div id=\"new-form\">\n\t<form id=\"forms_layout\">\n\t<input type=\"hidden\" id=\"chave_de\" name=\"chave_de\" value=\"01_EVEST_LEADS_TOTAIS\" \/>\n\t\t<input type=\"hidden\" id=\"mid\" name=\"mid\" value=\"515008983\" \/>\n\t\t<input type=\"hidden\" id=\"Objetivo\" name=\"Objetivo\" value=\"Vestibulares\" \/>\n\t\t<input type=\"hidden\" id=\"Estado_de_Origem_do_IP\" name=\"Estado_de_Origem_do_IP\"  value=\"\" \/>\n\t\t<input type=\"hidden\" id=\"Cidade_de_Origem_do_IP\" name=\"Cidade_de_Origem_do_IP\" value=\"\" \/>\n\t\t<input type=\"hidden\" id=\"Modo_de_entrada\" name=\"Modo_de_entrada\" value=\"Portal\" \/>\n\t\t<input type=\"hidden\" id=\"Pagina_Origem\" name=\"Pagina_Origem\" value=\"\" \/>\n\n\t\t<div class=\"texto\">\n\t\t\t<h3 class=\"news\">Inscreva-se em nossa newsletter\ud83e\udd89<\/h3>\n\t\t\t<p>Receba dicas de estudo gratuitas e saiba em primeira m\u00e3o as novidades sobre o Enem, Sisu, Encceja, Fuvest e outros vestibulares!<\/p>\n\t\t<\/div>\n\t\t<div class=\"campos\">\n\t\t\t<div class=\"first_name labels\">\n\t\t\t\t<input type=\"text\" class=\"input_labels\" id=\"first_name\" name=\"Nome_Completo\" placeholder=\"Nome\" required \/>\n\t\t\t<\/div>\n\t\t\t<div class=\"email labels\">\n\t\t\t\t<input type=\"email\" class=\"input_labels\" id=\"email\" name=\"Email\" placeholder=\"E-mail\" required \/>\n\t\t\t<\/div>\n\t\t\t<button type=\"submit\" class=\"button_layout\">\n\t\t\t\t<div id=\"lblBotao\">Inscreva-se<\/div>\n\t\t\t\t<span id=\"divSpiner\" class=\"loader\" role=\"status\" style=\"display: none;\"><\/span>\t\n\t\t\t<\/button>\n\t\t<\/div><!-- \/campos -->\n\t\t\n\t\t<label class=\"container_checkbox\">Voc\u00ea concorda com a nossa\n\t\t\t<a class=\"politics_privacy_ahref\" target=\"_blank\" href=\"https:\/\/gratis.estrategiaconcursos.com.br\/politica-de-privacidade\/\">Pol\u00edtica de Privacidade<\/a> e aceita receber informa\u00e7\u00f5es adicionais do Estrat\u00e9gia Educacional.\n\t\t\t<input id=\"checkbox_layout\" type=\"checkbox\" checked=\"checked\" required \/>\n\t\t\t<span class=\"checkbox\"><\/span>\n\t\t<\/label>\n\t\t<div id=\"msg\"><\/div>\n\t\t<div id=\"error\" class=\"error\">\n\t\t<\/div>\n\t<\/form>\n<\/div><!-- \/new-form -->\n\n\n\n<\/p><div id=\"ez-toc-container\" class=\"ez-toc-v2_0_76 counter-hierarchy ez-toc-counter ez-toc-transparent ez-toc-container-direction\">\n<div class=\"ez-toc-title-container\"><p class=\"ez-toc-title\" style=\"cursor:inherit\">Navegue pelo conte\u00fado<\/p>\n<\/div><nav><ul class='ez-toc-list ez-toc-list-level-1 ' ><li class='ez-toc-page-1 ez-toc-heading-level-2'><a class=\"ez-toc-link ez-toc-heading-1\" href=\"https:\/\/vestibulares.estrategia.com\/portal\/materias\/redacao\/9-documentarios-sobre-mudancas-climaticas-para-usar-como-repertorio-sociocultural-na-redacao\/#O-Amanha-e-Hoje-%E2%80%93-O-Drama-de-Brasileiros-Impactados-Pelas-Mudancas-Climaticas-2018\" >O Amanh&atilde; &eacute; Hoje &ndash; O Drama de Brasileiros Impactados Pelas Mudan&ccedil;as Clim&aacute;ticas (2018)<\/a><\/li><li class='ez-toc-page-1 ez-toc-heading-level-2'><a class=\"ez-toc-link ez-toc-heading-2\" href=\"https:\/\/vestibulares.estrategia.com\/portal\/materias\/redacao\/9-documentarios-sobre-mudancas-climaticas-para-usar-como-repertorio-sociocultural-na-redacao\/#Para-Onde-Foram-as-Andorinhas-2015\" >Para Onde Foram as Andorinhas? (2015)<\/a><\/li><li class='ez-toc-page-1 ez-toc-heading-level-2'><a class=\"ez-toc-link ez-toc-heading-3\" href=\"https:\/\/vestibulares.estrategia.com\/portal\/materias\/redacao\/9-documentarios-sobre-mudancas-climaticas-para-usar-como-repertorio-sociocultural-na-redacao\/#O-Subversivo-2020\" >O Subversivo (2020)<\/a><\/li><li class='ez-toc-page-1 ez-toc-heading-level-2'><a class=\"ez-toc-link ez-toc-heading-4\" href=\"https:\/\/vestibulares.estrategia.com\/portal\/materias\/redacao\/9-documentarios-sobre-mudancas-climaticas-para-usar-como-repertorio-sociocultural-na-redacao\/#Oceanos-de-Plastico-2016\" >Oceanos de Pl&aacute;stico (2016)<\/a><\/li><li class='ez-toc-page-1 ez-toc-heading-level-2'><a class=\"ez-toc-link ez-toc-heading-5\" href=\"https:\/\/vestibulares.estrategia.com\/portal\/materias\/redacao\/9-documentarios-sobre-mudancas-climaticas-para-usar-como-repertorio-sociocultural-na-redacao\/#Aperreio-2010\" >Aperreio (2010)<\/a><\/li><li class='ez-toc-page-1 ez-toc-heading-level-2'><a class=\"ez-toc-link ez-toc-heading-6\" href=\"https:\/\/vestibulares.estrategia.com\/portal\/materias\/redacao\/9-documentarios-sobre-mudancas-climaticas-para-usar-como-repertorio-sociocultural-na-redacao\/#Em-Busca-dos-Corais-2017\" >Em Busca dos Corais (2017)<\/a><\/li><li class='ez-toc-page-1 ez-toc-heading-level-2'><a class=\"ez-toc-link ez-toc-heading-7\" href=\"https:\/\/vestibulares.estrategia.com\/portal\/materias\/redacao\/9-documentarios-sobre-mudancas-climaticas-para-usar-como-repertorio-sociocultural-na-redacao\/#Cowspiracy-O-Segredo-da-Sustentabilidade-2014\" >Cowspiracy: O Segredo da Sustentabilidade (2014)<\/a><\/li><li class='ez-toc-page-1 ez-toc-heading-level-2'><a class=\"ez-toc-link ez-toc-heading-8\" href=\"https:\/\/vestibulares.estrategia.com\/portal\/materias\/redacao\/9-documentarios-sobre-mudancas-climaticas-para-usar-como-repertorio-sociocultural-na-redacao\/#Ser-Tao-Velho-Cerrado-2018\" >Ser T&atilde;o Velho Cerrado (2018)<\/a><\/li><li class='ez-toc-page-1 ez-toc-heading-level-2'><a class=\"ez-toc-link ez-toc-heading-9\" href=\"https:\/\/vestibulares.estrategia.com\/portal\/materias\/redacao\/9-documentarios-sobre-mudancas-climaticas-para-usar-como-repertorio-sociocultural-na-redacao\/#A-Era-da-Estupidez-2009\" >A Era da Estupidez (2009)<\/a><\/li><li class='ez-toc-page-1 ez-toc-heading-level-2'><a class=\"ez-toc-link ez-toc-heading-10\" href=\"https:\/\/vestibulares.estrategia.com\/portal\/materias\/redacao\/9-documentarios-sobre-mudancas-climaticas-para-usar-como-repertorio-sociocultural-na-redacao\/#Estude-redacao-com-correcoes-ilimitadas\" >Estude reda&ccedil;&atilde;o com corre&ccedil;&otilde;es ilimitadas<\/a><\/li><\/ul><\/nav><\/div>\n<h2 class=\"wp-block-heading\" id=\"h-o-amanha-e-hoje-o-drama-de-brasileiros-impactados-pelas-mudancas-climaticas-2018\"><span class=\"ez-toc-section\" id=\"O-Amanha-e-Hoje-%E2%80%93-O-Drama-de-Brasileiros-Impactados-Pelas-Mudancas-Climaticas-2018\"><\/span>O Amanh&atilde; &eacute; Hoje &ndash; O Drama de Brasileiros Impactados Pelas Mudan&ccedil;as Clim&aacute;ticas (2018)<span class=\"ez-toc-section-end\"><\/span><\/h2><p>Logo no t&iacute;tulo a produ&ccedil;&atilde;o nacional entrega sua tem&aacute;tica. O document&aacute;rio acompanha as hist&oacute;rias de seis pessoas que vivem em lugares diferentes do Brasil e de alguma forma foram afetadas pelas consequ&ecirc;ncias das mudan&ccedil;as clim&aacute;ticas. Al&eacute;m de chamar a aten&ccedil;&atilde;o para a falta de percep&ccedil;&atilde;o da popula&ccedil;&atilde;o sobre a gravidade da situa&ccedil;&atilde;o que, de acordo com o filme, tende a piorar.<\/p><p>Na produ&ccedil;&atilde;o, conhecemos Celiana Cypcwyk Krikati, uma ind&iacute;gena que se tornou brigadista para lidar com os inc&ecirc;ndios florestais na sua regi&atilde;o; Maria Jos&eacute; Pereira da Rocha, agricultura que precisou sobreviver a seis anos de seca; e Gilberto Sader,&nbsp; um comerciante que teve seu neg&oacute;cio destru&iacute;do pelas chuvas.<\/p><p>Entre as hist&oacute;rias contadas, ainda est&atilde;o a de Leonardo Cabral, produtor de ostras que sofreu preju&iacute;zos devido ao aumento da temperatura dos oceanos; a de uma comunidade cai&ccedil;ara que perdeu territ&oacute;rio para o mar e a de Patr&iacute;cia Amado que teve seus carros destru&iacute;dos pela ressaca vivendo em uma cidade litor&acirc;nea.<\/p><p>O document&aacute;rio ainda entrevista especialistas em mudan&ccedil;as clim&aacute;ticas causadas pelo aquecimento global.<\/p><ul class=\"wp-block-list\">\n<li><a href=\"https:\/\/vestibulares.estrategia.com\/portal\/materias\/geografia\/problemas-ambientais\/\" target=\"_blank\">Problemas Ambientais no Enem: o que &eacute; e principais problemas e mais<\/a><\/li>\n<\/ul><p><strong>Ficha t&eacute;cnica<\/strong><\/p><ul class=\"wp-block-list\">\n<li><strong>Dire&ccedil;&atilde;o: <\/strong>Thais Lazzeri;<\/li>\n\n\n\n<li><strong>G&ecirc;nero:<\/strong> document&aacute;rio;<\/li>\n\n\n\n<li><strong>Onde assistir: <\/strong><a href=\"https:\/\/www.youtube.com\/watch?v=azrnx55oawQ&amp;t=85s\" target=\"_blank\">YouTube<\/a>.<\/li>\n<\/ul><figure class=\"wp-block-embed is-type-video is-provider-youtube wp-block-embed-youtube wp-embed-aspect-16-9 wp-has-aspect-ratio\"><div class=\"wp-block-embed__wrapper\">\n<div class=\"cs-embed cs-embed-responsive\"><iframe title=\"O amanh&atilde; &eacute; hoje\" width=\"1200\" height=\"675\" src=\"https:\/\/www.youtube.com\/embed\/azrnx55oawQ?start=1341&amp;feature=oembed\" frameborder=\"0\" allow=\"accelerometer; autoplay; clipboard-write; encrypted-media; gyroscope; picture-in-picture; web-share\" referrerpolicy=\"strict-origin-when-cross-origin\" allowfullscreen><\/iframe><\/div>\n<\/div><\/figure><h2 class=\"wp-block-heading\" id=\"h-para-onde-foram-as-andorinhas-2015\"><span class=\"ez-toc-section\" id=\"Para-Onde-Foram-as-Andorinhas-2015\"><\/span>Para Onde Foram as Andorinhas? (2015)<span class=\"ez-toc-section-end\"><\/span><\/h2><p>Tamb&eacute;m brasileiro, o segundo t&iacute;tulo da lista &eacute; um document&aacute;rio produzido pelo Instituto Socioambiental (ISA) e Instituto Catitu para ser exibido durante a Confer&ecirc;ncia do Clima de Paris (COP-21) 2015.<\/p><p>A produ&ccedil;&atilde;o mostra como o desmatamento gerado pelo agroneg&oacute;cio causa mudan&ccedil;as clim&aacute;ticas que afetam o cotidiano dos povos ind&iacute;genas que vivem no Parque Ind&iacute;gena do Xingu, no estado do Mato Grosso.<\/p><p>A pergunta que d&aacute; nome ao filme surge a partir do desaparecimento das andorinhas da regi&atilde;o, que migravam para l&aacute; e &ldquo;anunciavam&rdquo; o per&iacute;odo de chuvas, que afetado pelo desmatamento, est&aacute; cada vez mais irregular.&nbsp;<\/p><ul class=\"wp-block-list\">\n<li><a href=\"https:\/\/vestibulares.estrategia.com\/portal\/atualidades-e-dicas\/amazonia-como-cai-no-vestibular\/\" target=\"_blank\">Dia Mundial da Amaz&ocirc;nia: como o tema pode cair no vestibular?<\/a><\/li>\n<\/ul><p><strong>Ficha t&eacute;cnica<\/strong><\/p><ul class=\"wp-block-list\">\n<li><strong>Dire&ccedil;&atilde;o: <\/strong>Mari Corr&ecirc;a;<\/li>\n\n\n\n<li><strong>G&ecirc;nero:<\/strong> document&aacute;rio;<\/li>\n\n\n\n<li><strong>Onde assistir: <\/strong><a href=\"https:\/\/www.youtube.com\/watch?v=T0-INQW3It0\" target=\"_blank\">YouTube<\/a>.<\/li>\n<\/ul><figure class=\"wp-block-embed is-type-video is-provider-youtube wp-block-embed-youtube wp-embed-aspect-16-9 wp-has-aspect-ratio\"><div class=\"wp-block-embed__wrapper\">\n<div class=\"cs-embed cs-embed-responsive\"><iframe title=\"Para onde foram as andorinhas? (trailer)\" width=\"1200\" height=\"675\" src=\"https:\/\/www.youtube.com\/embed\/ZoSJYdJDuEg?feature=oembed\" frameborder=\"0\" allow=\"accelerometer; autoplay; clipboard-write; encrypted-media; gyroscope; picture-in-picture; web-share\" referrerpolicy=\"strict-origin-when-cross-origin\" allowfullscreen><\/iframe><\/div>\n<\/div><\/figure><h2 class=\"wp-block-heading\" id=\"h-o-subversivo-2020\"><span class=\"ez-toc-section\" id=\"O-Subversivo-2020\"><\/span>O Subversivo (2020)<span class=\"ez-toc-section-end\"><\/span><\/h2><p>O document&aacute;rio brit&acirc;nico acompanha o ativista ambiental gal&ecirc;s Roger Hallam pelos protestos contra a crise clim&aacute;tica que aconteceram em 2019 no Reino Unido. A produ&ccedil;&atilde;o busca mostrar as ideias e emo&ccedil;&otilde;es das pessoas envolvidas no movimento e a apatia das organiza&ccedil;&otilde;es p&uacute;blicas e privadas perante ao cen&aacute;rio do aquecimento global.<\/p><p>Com a inten&ccedil;&atilde;o de enfatizar o poder de transforma&ccedil;&atilde;o presente em a&ccedil;&otilde;es coletivas, o document&aacute;rio aponta o cen&aacute;rio de crise como uma oportunidade de unir as popula&ccedil;&otilde;es para barrar o aquecimento global.<\/p><ul class=\"wp-block-list\">\n<li><a href=\"https:\/\/vestibulares.estrategia.com\/portal\/materias\/geografia\/poluicao-ambiental\/\" target=\"_blank\">Polui&ccedil;&atilde;o Ambiental: tipos, rela&ccedil;&otilde;es hist&oacute;ricas e sociais<\/a><\/li>\n<\/ul><p><strong>Ficha t&eacute;cnica<\/strong><\/p><ul class=\"wp-block-list\">\n<li><strong>Dire&ccedil;&atilde;o: <\/strong>Sasha Snow;<\/li>\n\n\n\n<li><strong>G&ecirc;nero:<\/strong> document&aacute;rio;<\/li>\n\n\n\n<li><strong>Onde assistir: <\/strong>Prime V&iacute;deo, Apple TV e Vivo Play.<\/li>\n<\/ul><figure class=\"wp-block-embed is-type-video is-provider-youtube wp-block-embed-youtube wp-embed-aspect-16-9 wp-has-aspect-ratio\"><div class=\"wp-block-embed__wrapper\">\n<div class=\"cs-embed cs-embed-responsive\"><iframe title=\"The Troublemaker | Trailer\" width=\"1200\" height=\"675\" src=\"https:\/\/www.youtube.com\/embed\/m4fq44LEGxQ?start=7&amp;feature=oembed\" frameborder=\"0\" allow=\"accelerometer; autoplay; clipboard-write; encrypted-media; gyroscope; picture-in-picture; web-share\" referrerpolicy=\"strict-origin-when-cross-origin\" allowfullscreen><\/iframe><\/div>\n<\/div><\/figure><h2 class=\"wp-block-heading\" id=\"h-oceanos-de-plastico-2016\"><span class=\"ez-toc-section\" id=\"Oceanos-de-Plastico-2016\"><\/span>Oceanos de Pl&aacute;stico (2016)<span class=\"ez-toc-section-end\"><\/span><\/h2><p>A produ&ccedil;&atilde;o desse document&aacute;rio &eacute; da <em>Plastic Ocean Foundation, <\/em>uma organiza&ccedil;&atilde;o brit&acirc;nica que busca solu&ccedil;&otilde;es para o lixo pl&aacute;stico no planeta.<em> <\/em>O filme acompanha o jornalista Craig Leeson em busca de baleias azuis, quando encontra res&iacute;duos pl&aacute;sticos em uma &aacute;rea que deveria ser de oceano intocado.<\/p><p>&Eacute; a partir disso que Craig sai em uma jornada de quatro anos, acompanhado de mergulhadores e cientistas, passando por 20 lugares diferentes do planeta e descobrindo a realidade de polui&ccedil;&atilde;o pl&aacute;stica nos oceanos, que amea&ccedil;a fauna e flora. O document&aacute;rio ainda se prop&otilde;e a trazer solu&ccedil;&otilde;es que podem ser postas em pr&aacute;tica de forma imediata para remediar a situa&ccedil;&atilde;o.<\/p><ul class=\"wp-block-list\">\n<li><a href=\"https:\/\/vestibulares.estrategia.com\/portal\/materias\/geografia\/fenomenos-climaticos\/\" target=\"_blank\">Fen&ocirc;menos Clim&aacute;ticos: tudo sobre!<\/a><\/li>\n<\/ul><p><strong>Ficha t&eacute;cnica<\/strong><\/p><ul class=\"wp-block-list\">\n<li><strong>Dire&ccedil;&atilde;o: <\/strong>Craig Leeson e Jo Ruxton;<\/li>\n\n\n\n<li><strong>G&ecirc;nero:<\/strong> document&aacute;rio;<\/li>\n\n\n\n<li><strong>Onde assistir: <\/strong><a href=\"https:\/\/www.youtube.com\/watch?v=J-SBAG64ku8\" target=\"_blank\">YouTube<\/a>.<\/li>\n<\/ul><figure class=\"wp-block-embed is-type-video is-provider-youtube wp-block-embed-youtube wp-embed-aspect-16-9 wp-has-aspect-ratio\"><div class=\"wp-block-embed__wrapper\">\n<div class=\"cs-embed cs-embed-responsive\"><iframe title=\"UM OCEANO DE PL&Aacute;STICO | TRAILER\" width=\"1200\" height=\"675\" src=\"https:\/\/www.youtube.com\/embed\/yG-2HZNtdR8?feature=oembed\" frameborder=\"0\" allow=\"accelerometer; autoplay; clipboard-write; encrypted-media; gyroscope; picture-in-picture; web-share\" referrerpolicy=\"strict-origin-when-cross-origin\" allowfullscreen><\/iframe><\/div>\n<\/div><\/figure><h2 class=\"wp-block-heading\" id=\"h-aperreio-2010\"><span class=\"ez-toc-section\" id=\"Aperreio-2010\"><\/span>Aperreio (2010)<span class=\"ez-toc-section-end\"><\/span><\/h2><p>&ldquo;Aperreio&rdquo; &eacute; um substantivo usado, principalmente, pela popula&ccedil;&atilde;o da regi&atilde;o Nordeste do Brasil. Seu significado pode ser palavras como &ldquo;agonia&rdquo;, &ldquo;inc&ocirc;modo&rdquo;, &ldquo;situa&ccedil;&atilde;o dif&iacute;cil&rdquo;. N&atilde;o &agrave; toa, o document&aacute;rio, que viaja por cidades do interior do Maranh&atilde;o, leva esse nome ao retratar as condi&ccedil;&otilde;es de pessoas afetadas pelas mudan&ccedil;as clim&aacute;ticas na regi&atilde;o.<\/p><p>A produ&ccedil;&atilde;o mostra que diferentes localidades do estado sofrem ao mesmo tempo com as cheias e enchentes, enquanto outras lidam com a seca que atinge n&atilde;o s&oacute; as pessoas, mas os animais silvestres e de cria&ccedil;&atilde;o, compromete planta&ccedil;&otilde;es e a renda de fam&iacute;lias. Ao relatar a situa&ccedil;&atilde;o, o document&aacute;rio busca responder a pergunta &ldquo;quais s&atilde;o as consequ&ecirc;ncias clim&aacute;ticas da degrada&ccedil;&atilde;o ambiental em prol do desenvolvimento econ&ocirc;mico?&rdquo;.<\/p><p>Aperreio &eacute; uma produ&ccedil;&atilde;o vencedora de pelo menos tr&ecirc;s pr&ecirc;mios: Pr&ecirc;mio de Melhor Document&aacute;rio no Curta Caraj&aacute;s 2010, Festival de Cinema na Floresta 2011 e Pr&ecirc;mio Corvo de Gesso de Melhor Document&aacute;rio no Cineclube Jacare&iacute; 2011.<\/p><ul class=\"wp-block-list\">\n<li><a href=\"https:\/\/vestibulares.estrategia.com\/portal\/materias\/geografia\/climatologia-e-meio-ambiente-no-brasil-2\/\" target=\"_blank\">Climatologia e Meio Ambiente no Brasil<\/a><\/li>\n<\/ul><p><strong>Ficha t&eacute;cnica<\/strong><\/p><ul class=\"wp-block-list\">\n<li><strong>Dire&ccedil;&atilde;o: <\/strong>Humberto Capucci e Doty Luz;<\/li>\n\n\n\n<li><strong>G&ecirc;nero:<\/strong> document&aacute;rio;<\/li>\n\n\n\n<li><strong>Onde assistir:<\/strong><a href=\"https:\/\/www.youtube.com\/watch?v=5mdEyWjEle8\" target=\"_blank\"><strong> <\/strong>YouTube<\/a>.<\/li>\n<\/ul><figure class=\"wp-block-embed is-type-video is-provider-youtube wp-block-embed-youtube wp-embed-aspect-16-9 wp-has-aspect-ratio\"><div class=\"wp-block-embed__wrapper\">\n<div class=\"cs-embed cs-embed-responsive\"><iframe title='Document&aacute;rio \"Aperreio\" parte 1' width=\"1200\" height=\"675\" src=\"https:\/\/www.youtube.com\/embed\/5mdEyWjEle8?feature=oembed\" frameborder=\"0\" allow=\"accelerometer; autoplay; clipboard-write; encrypted-media; gyroscope; picture-in-picture; web-share\" referrerpolicy=\"strict-origin-when-cross-origin\" allowfullscreen><\/iframe><\/div>\n<\/div><\/figure><h2 class=\"wp-block-heading\" id=\"h-em-busca-dos-corais-2017\"><span class=\"ez-toc-section\" id=\"Em-Busca-dos-Corais-2017\"><\/span>Em Busca dos Corais (2017)<span class=\"ez-toc-section-end\"><\/span><\/h2><p>Filmado ao longo de tr&ecirc;s anos, Em Busca dos Corais retrata como o aumento da temperatura dos oceanos, causado pelo aquecimento global, tem causado a morte de milhares corais marinhos ao redor do mundo. O processo que culmina na morte dessas esp&eacute;cies &eacute; chamado de &ldquo;descolora&ccedil;&atilde;o de corais&rdquo;, que faz com que esses animais mudem sua cor natural para uma colora&ccedil;&atilde;o branca.<\/p><p>Al&eacute;m da documenta&ccedil;&atilde;o do processo de extin&ccedil;&atilde;o dos corais, a produ&ccedil;&atilde;o tem um car&aacute;ter de den&uacute;ncia ao trazer ao debate um tema pouco pr&oacute;ximo da popula&ccedil;&atilde;o em geral, que, na grande maioria, n&atilde;o tem como saber sobre os efeitos das mudan&ccedil;as clim&aacute;ticas embaixo d&rsquo;&aacute;gua.<\/p><ul class=\"wp-block-list\">\n<li><a href=\"https:\/\/vestibulares.estrategia.com\/portal\/materias\/redacao\/11-documentarios-e-filmes-sobre-meio-ambiente\/\" target=\"_blank\">11 document&aacute;rios e filmes sobre meio ambiente para usar na reda&ccedil;&atilde;o e como repert&oacute;rio<\/a><\/li>\n<\/ul><p><strong>Ficha t&eacute;cnica<\/strong><\/p><ul class=\"wp-block-list\">\n<li><strong>Dire&ccedil;&atilde;o: <\/strong>Jeff Orlowski;<\/li>\n\n\n\n<li><strong>G&ecirc;nero:<\/strong> document&aacute;rio;<\/li>\n\n\n\n<li><strong>Onde assistir: <\/strong>Netflix.<\/li>\n<\/ul><figure class=\"wp-block-embed is-type-video is-provider-youtube wp-block-embed-youtube wp-embed-aspect-16-9 wp-has-aspect-ratio\"><div class=\"wp-block-embed__wrapper\">\n<div class=\"cs-embed cs-embed-responsive\"><iframe title=\"Em Busca dos Corais | Trailer oficial [HD] | Netflix\" width=\"1200\" height=\"675\" src=\"https:\/\/www.youtube.com\/embed\/VEzpz84M3Y0?feature=oembed\" frameborder=\"0\" allow=\"accelerometer; autoplay; clipboard-write; encrypted-media; gyroscope; picture-in-picture; web-share\" referrerpolicy=\"strict-origin-when-cross-origin\" allowfullscreen><\/iframe><\/div>\n<\/div><\/figure><h2 class=\"wp-block-heading\" id=\"h-cowspiracy-o-segredo-da-sustentabilidade-2014\"><span class=\"ez-toc-section\" id=\"Cowspiracy-O-Segredo-da-Sustentabilidade-2014\"><\/span>Cowspiracy: O Segredo da Sustentabilidade (2014)<span class=\"ez-toc-section-end\"><\/span><\/h2><p>Com produ&ccedil;&atilde;o do ator ganhador do Oscar Leonardo DiCaprio, o document&aacute;rio acompanha Kip Andersen &mdash; que tamb&eacute;m &eacute; diretor do filme &mdash; em sua descoberta, a partir de uma pesquisa da Organiza&ccedil;&atilde;o das Na&ccedil;&otilde;es Unidas (ONU), que a ind&uacute;stria agropecu&aacute;ria &eacute; uma das maiores causadoras de impactos ambientais.<\/p><p>O nome do document&aacute;rio, &ldquo;Conspira&ccedil;&atilde;o&rdquo;, em Portugu&ecirc;s, faz refer&ecirc;ncia a conspira&ccedil;&atilde;o que, segundo o pr&oacute;prio filme, existe acerca do tema exposto. Incluindo at&eacute; grandes &oacute;rg&atilde;os de defesa do meio ambiente como <em>Greenpeace.<\/em><\/p><p>Cowspiracy traz dados do uso de &aacute;gua pela agropecu&aacute;ria, 55% do uso nos Estados Unidos, conta 5% de consumo dom&eacute;stico; aponta a responsabilidade desse setor na contamina&ccedil;&atilde;o de fontes de &aacute;gua, desmatamento e emiss&atilde;o de gases do efeito estufa, causadores do aquecimento global.<\/p><ul class=\"wp-block-list\">\n<li><a href=\"https:\/\/vestibulares.estrategia.com\/portal\/materias\/geografia\/poluicao-atmosferica\/\" target=\"_blank\">Polui&ccedil;&atilde;o Atmosf&eacute;rica: o que &eacute;, causas, poluentes<\/a><\/li>\n<\/ul><p><strong>Ficha t&eacute;cnica<\/strong><\/p><ul class=\"wp-block-list\">\n<li><strong>Dire&ccedil;&atilde;o: <\/strong>Kip Andersen e Keegan Kuhn;<\/li>\n\n\n\n<li><strong>G&ecirc;nero:<\/strong> document&aacute;rio;<\/li>\n\n\n\n<li><strong>Onde assistir: <\/strong>Netflix.<\/li>\n<\/ul><figure class=\"wp-block-embed is-type-video is-provider-youtube wp-block-embed-youtube wp-embed-aspect-16-9 wp-has-aspect-ratio\"><div class=\"wp-block-embed__wrapper\">\n<div class=\"cs-embed cs-embed-responsive\"><iframe title=\"Cowspiracy - Trailer Legendado [PT-BR]\" width=\"1200\" height=\"675\" src=\"https:\/\/www.youtube.com\/embed\/DQCs-an-uBc?feature=oembed\" frameborder=\"0\" allow=\"accelerometer; autoplay; clipboard-write; encrypted-media; gyroscope; picture-in-picture; web-share\" referrerpolicy=\"strict-origin-when-cross-origin\" allowfullscreen><\/iframe><\/div>\n<\/div><\/figure><h2 class=\"wp-block-heading\" id=\"h-ser-tao-velho-cerrado-2018\"><span class=\"ez-toc-section\" id=\"Ser-Tao-Velho-Cerrado-2018\"><\/span>Ser T&atilde;o Velho Cerrado (2018)<span class=\"ez-toc-section-end\"><\/span><\/h2><p>Mais um da lista das produ&ccedil;&otilde;es nacionais, o document&aacute;rio se autodeclara como &ldquo;uma grande campanha em defesa do Cerrado&rdquo;, bioma que ocupa 25% do territ&oacute;rio brasileiro e sofre com desmatamento causado pelo agroneg&oacute;cio, culminando na extin&ccedil;&atilde;o de v&aacute;rios ecossistemas milenares.<\/p><p>O filme retrata o desafio do90a-bf87-65db34faf29e&rdquo; class=&rdquo;textannotation&rdquo;&gt;s moradores da Chapada dos Veadeiros, no estado de Goi&aacute;s &mdash; um dos mais fortes no setor das monoculturas e agropecu&aacute;ria &mdash; ao tentar tra&ccedil;ar um di&aacute;logo com grandes propriet&aacute;rios de terra sobre a elabora&ccedil;&atilde;o de um plano de manejo que concilie interesses aparentemente incompat&iacute;veis, dos defensores do meio ambiente das popula&ccedil;&otilde;es locais com os do agroneg&oacute;cio.<\/p><ul class=\"wp-block-list\">\n<li><a href=\"https:\/\/vestibulares.estrategia.com\/portal\/materias\/biologia\/biomas-brasileiros\/\" target=\"_blank\">Biomas brasileiros: quais s&atilde;o e caracter&iacute;sticas<\/a><\/li>\n<\/ul><p><strong>Ficha t&eacute;cnica<\/strong><\/p><ul class=\"wp-block-list\">\n<li><strong>Dire&ccedil;&atilde;o: <\/strong>Andr&eacute; D&rsquo;Elia;<\/li>\n\n\n\n<li><strong>G&ecirc;nero:<\/strong> document&aacute;rio;<\/li>\n\n\n\n<li><strong>Onde assistir: <\/strong><a href=\"https:\/\/www.youtube.com\/watch?v=5BZoEyBvXpc\" target=\"_blank\">YouTube<\/a> e Vivo Play.<\/li>\n<\/ul><figure class=\"wp-block-embed is-type-video is-provider-youtube wp-block-embed-youtube wp-embed-aspect-16-9 wp-has-aspect-ratio\"><div class=\"wp-block-embed__wrapper\">\n<div class=\"cs-embed cs-embed-responsive\"><iframe title=\"Ser T&atilde;o Velho Cerrado - Dispon&iacute;vel nas plataformas digitais\" width=\"1200\" height=\"675\" src=\"https:\/\/www.youtube.com\/embed\/RQR5gfgzytk?feature=oembed\" frameborder=\"0\" allow=\"accelerometer; autoplay; clipboard-write; encrypted-media; gyroscope; picture-in-picture; web-share\" referrerpolicy=\"strict-origin-when-cross-origin\" allowfullscreen><\/iframe><\/div>\n<\/div><\/figure><h2 class=\"wp-block-heading\" id=\"h-a-era-da-estupidez-2009\"><span class=\"ez-toc-section\" id=\"A-Era-da-Estupidez-2009\"><\/span>A Era da Estupidez (2009)<span class=\"ez-toc-section-end\"><\/span><\/h2><p>Misturando realidade com fic&ccedil;&atilde;o, o filme traz um homem, vivido pelo ator Pete Postlethwaite, que trabalha como arquivista no ano de 2055, em um planeta Terra devastado pelas mudan&ccedil;as clim&aacute;ticas.&nbsp;<\/p><p>Com um teor pessimista de n&atilde;o revers&atilde;o do quadro do aquecimento global, o personagem principal da produ&ccedil;&atilde;o analisa materiais audiovisuais do passado &mdash; os dias atuais &mdash; e se questiona por que a humanidade n&atilde;o parou as atividades prejudiciais &agrave; vida na Terra a tempo.<\/p><ul class=\"wp-block-list\">\n<li><a href=\"https:\/\/vestibulares.estrategia.com\/portal\/materias\/redacao\/7-citacoes-sobre-meio-ambiente-para-usar-na-redacao\/\" target=\"_blank\">7 cita&ccedil;&otilde;es sobre meio ambiente para usar na reda&ccedil;&atilde;o<\/a><\/li>\n<\/ul><p><strong>Ficha t&eacute;cnica<\/strong><\/p><ul class=\"wp-block-list\">\n<li><strong>Dire&ccedil;&atilde;o: <\/strong>Franny Armstrong;<\/li>\n\n\n\n<li><strong>G&ecirc;nero:<\/strong> document&aacute;rio\/drama;<\/li>\n\n\n\n<li><strong>Onde assistir: <\/strong>Prime V&iacute;deo.<\/li>\n<\/ul><figure class=\"wp-block-embed is-type-video is-provider-youtube wp-block-embed-youtube wp-embed-aspect-16-9 wp-has-aspect-ratio\"><div class=\"wp-block-embed__wrapper\">\n<div class=\"cs-embed cs-embed-responsive\"><iframe title=\"Era da Estupidez trailer portugu&ecirc;s\" width=\"1200\" height=\"675\" src=\"https:\/\/www.youtube.com\/embed\/VoboNQgCsGY?feature=oembed\" frameborder=\"0\" allow=\"accelerometer; autoplay; clipboard-write; encrypted-media; gyroscope; picture-in-picture; web-share\" referrerpolicy=\"strict-origin-when-cross-origin\" allowfullscreen><\/iframe><\/div>\n<\/div><\/figure><h2 class=\"wp-block-heading\" id=\"h-estude-redacao-com-correcoes-ilimitadas\"><span class=\"ez-toc-section\" id=\"Estude-redacao-com-correcoes-ilimitadas\"><\/span>Estude reda&ccedil;&atilde;o com corre&ccedil;&otilde;es ilimitadas<span class=\"ez-toc-section-end\"><\/span><\/h2><p>&Eacute; isso mesmo: assine os cursos do Estrat&eacute;gia Vestibulares e tenha &agrave; disposi&ccedil;&atilde;o corre&ccedil;&otilde;es ilimitadas das suas reda&ccedil;&otilde;es e treine o quanto for necess&aacute;rio para a nota mil!<\/p><p>Al&eacute;m das aulas gratuitas no YouTube, a Coruja oferece pacotes com aulas em v&iacute;deo e PDF, mapas mentais, Banco de Quest&otilde;es, simulados, professores especializados nas bancas dos vestibulares, salas VIP, revis&otilde;es de v&eacute;spera e muito mais vantagens. Confira!<\/p><p>\n\n\n<a id=\"cta\" class=\"cta-imagem\" href=\"https:\/\/vestibulares.estrategia.com\/curso\/curso-interativo-enem-redaco-prof-fernando-andrade\/\" target=\"blank\">\n                <img decoding=\"async\" width=\"100%\" src=\"https:\/\/vestibulares.estrategia.com\/portal\/wp-content\/uploads\/2021\/07\/Redacao.jpg\" alt=\"Cursos de Reda\u00e7\u00e3o Estrat\u00e9gia Vestibulares\" title=\"Curso de Reda\u00e7\u00e3o Estrat\u00e9gia Vestibulares\">\n        <\/a>\n\n\n<\/p><\/p>\n","protected":false},"excerpt":{"rendered":"Conhe\u00e7a produ\u00e7\u00f5es nacionais e internacionais que tratam sobre os efeitos do aquecimento global no dia a dia das popula\u00e7\u00f5es ao redor do mundo \n","protected":false},"author":48,"featured_media":72025,"comment_status":"closed","ping_status":"closed","sticky":false,"template":"","format":"standard","meta":{"wl_entities_gutenberg":"","footnotes":""},"categories":[2],"tags":[],"wl_entity_type":[732],"class_list":{"0":"post-72024","1":"post","2":"type-post","3":"status-publish","4":"format-standard","5":"has-post-thumbnail","7":"category-redacao","8":"wl_entity_type-article"},"acf":[],"yoast_head":"<!-- This site is optimized with the Yoast SEO Premium plugin v25.9 (Yoast SEO v25.9) - https:\/\/yoast.com\/wordpress\/plugins\/seo\/ -->\n<title>9 document\u00e1rios sobre mudan\u00e7as clim\u00e1ticas para usar como repert\u00f3rio sociocultural na reda\u00e7\u00e3o<\/title>\n<meta name=\"description\" content=\"Os filmes retratam como as mudan\u00e7as clim\u00e1ticas impactam a vida de milhares de pessoas ao redor do mundo. Conhe\u00e7a todos os t\u00edtulos!\" \/>\n<meta name=\"robots\" content=\"index, follow, max-snippet:-1, max-image-preview:large, max-video-preview:-1\" \/>\n<link rel=\"canonical\" href=\"https:\/\/vestibulares.estrategia.com\/portal\/materias\/redacao\/9-documentarios-sobre-mudancas-climaticas-para-usar-como-repertorio-sociocultural-na-redacao\/\" \/>\n<meta property=\"og:locale\" content=\"pt_BR\" \/>\n<meta property=\"og:type\" content=\"article\" \/>\n<meta property=\"og:title\" content=\"9 document\u00e1rios sobre mudan\u00e7as clim\u00e1ticas para usar como repert\u00f3rio sociocultural na reda\u00e7\u00e3o\" \/>\n<meta property=\"og:description\" content=\"Os filmes retratam como as mudan\u00e7as clim\u00e1ticas impactam a vida de milhares de pessoas ao redor do mundo. Conhe\u00e7a todos os t\u00edtulos!\" \/>\n<meta property=\"og:url\" content=\"https:\/\/vestibulares.estrategia.com\/portal\/materias\/redacao\/9-documentarios-sobre-mudancas-climaticas-para-usar-como-repertorio-sociocultural-na-redacao\/\" \/>\n<meta property=\"og:site_name\" content=\"Estrat\u00e9gia Vestibulares\" \/>\n<meta property=\"article:publisher\" content=\"https:\/\/facebook.com\/estrategiavestibulares\" \/>\n<meta property=\"article:published_time\" content=\"2022-07-20T19:53:49+00:00\" \/>\n<meta property=\"article:modified_time\" content=\"2024-08-07T13:05:08+00:00\" \/>\n<meta property=\"og:image\" content=\"https:\/\/vestibulares.estrategia.com\/portal\/wp-content\/uploads\/2022\/07\/9-documentarios-sobre-mudancas-climaticas-scaled.webp\" \/>\n\t<meta property=\"og:image:width\" content=\"2560\" \/>\n\t<meta property=\"og:image:height\" content=\"1707\" \/>\n\t<meta property=\"og:image:type\" content=\"image\/jpeg\" \/>\n<meta name=\"author\" content=\"Beatriz Santana\" \/>\n<meta name=\"twitter:card\" content=\"summary_large_image\" \/>\n<meta name=\"twitter:creator\" content=\"@Estrategiavest\" \/>\n<meta name=\"twitter:site\" content=\"@Estrategiavest\" \/>\n<meta name=\"twitter:label1\" content=\"Escrito por\" \/>\n\t<meta name=\"twitter:data1\" content=\"Beatriz Santana\" \/>\n\t<meta name=\"twitter:label2\" content=\"Est. tempo de leitura\" \/>\n\t<meta name=\"twitter:data2\" content=\"9 minutos\" \/>\n<script type=\"application\/ld+json\" class=\"yoast-schema-graph\">{\"@context\":\"https:\/\/schema.org\",\"@graph\":[{\"@type\":\"Article\",\"@id\":\"https:\/\/vestibulares.estrategia.com\/portal\/materias\/redacao\/9-documentarios-sobre-mudancas-climaticas-para-usar-como-repertorio-sociocultural-na-redacao\/#article\",\"isPartOf\":{\"@id\":\"https:\/\/vestibulares.estrategia.com\/portal\/materias\/redacao\/9-documentarios-sobre-mudancas-climaticas-para-usar-como-repertorio-sociocultural-na-redacao\/\"},\"author\":{\"name\":\"Beatriz Santana\",\"@id\":\"https:\/\/vestibulares.estrategia.com\/portal\/#\/schema\/person\/cdd941dcf53839374c0bc8d39bb0230f\"},\"headline\":\"9 document\u00e1rios sobre mudan\u00e7as clim\u00e1ticas para usar como repert\u00f3rio sociocultural na reda\u00e7\u00e3o\",\"datePublished\":\"2022-07-20T19:53:49+00:00\",\"dateModified\":\"2024-08-07T13:05:08+00:00\",\"mainEntityOfPage\":{\"@id\":\"https:\/\/vestibulares.estrategia.com\/portal\/materias\/redacao\/9-documentarios-sobre-mudancas-climaticas-para-usar-como-repertorio-sociocultural-na-redacao\/\"},\"wordCount\":1793,\"publisher\":{\"@id\":\"https:\/\/vestibulares.estrategia.com\/portal\/#organization\"},\"image\":{\"@id\":\"https:\/\/vestibulares.estrategia.com\/portal\/materias\/redacao\/9-documentarios-sobre-mudancas-climaticas-para-usar-como-repertorio-sociocultural-na-redacao\/#primaryimage\"},\"thumbnailUrl\":\"https:\/\/vestibulares.estrategia.com\/portal\/wp-content\/uploads\/2022\/07\/9-documentarios-sobre-mudancas-climaticas-scaled.webp\",\"articleSection\":[\"Reda\u00e7\u00e3o\"],\"inLanguage\":\"pt-BR\"},{\"@type\":\"WebPage\",\"@id\":\"https:\/\/vestibulares.estrategia.com\/portal\/materias\/redacao\/9-documentarios-sobre-mudancas-climaticas-para-usar-como-repertorio-sociocultural-na-redacao\/\",\"url\":\"https:\/\/vestibulares.estrategia.com\/portal\/materias\/redacao\/9-documentarios-sobre-mudancas-climaticas-para-usar-como-repertorio-sociocultural-na-redacao\/\",\"name\":\"9 document\u00e1rios sobre mudan\u00e7as clim\u00e1ticas para usar como repert\u00f3rio sociocultural na reda\u00e7\u00e3o\",\"isPartOf\":{\"@id\":\"https:\/\/vestibulares.estrategia.com\/portal\/#website\"},\"primaryImageOfPage\":{\"@id\":\"https:\/\/vestibulares.estrategia.com\/portal\/materias\/redacao\/9-documentarios-sobre-mudancas-climaticas-para-usar-como-repertorio-sociocultural-na-redacao\/#primaryimage\"},\"image\":{\"@id\":\"https:\/\/vestibulares.estrategia.com\/portal\/materias\/redacao\/9-documentarios-sobre-mudancas-climaticas-para-usar-como-repertorio-sociocultural-na-redacao\/#primaryimage\"},\"thumbnailUrl\":\"https:\/\/vestibulares.estrategia.com\/portal\/wp-content\/uploads\/2022\/07\/9-documentarios-sobre-mudancas-climaticas-scaled.webp\",\"datePublished\":\"2022-07-20T19:53:49+00:00\",\"dateModified\":\"2024-08-07T13:05:08+00:00\",\"description\":\"Os filmes retratam como as mudan\u00e7as clim\u00e1ticas impactam a vida de milhares de pessoas ao redor do mundo. Conhe\u00e7a todos os t\u00edtulos!\",\"breadcrumb\":{\"@id\":\"https:\/\/vestibulares.estrategia.com\/portal\/materias\/redacao\/9-documentarios-sobre-mudancas-climaticas-para-usar-como-repertorio-sociocultural-na-redacao\/#breadcrumb\"},\"inLanguage\":\"pt-BR\",\"potentialAction\":[{\"@type\":\"ReadAction\",\"target\":[\"https:\/\/vestibulares.estrategia.com\/portal\/materias\/redacao\/9-documentarios-sobre-mudancas-climaticas-para-usar-como-repertorio-sociocultural-na-redacao\/\"]}]},{\"@type\":\"ImageObject\",\"inLanguage\":\"pt-BR\",\"@id\":\"https:\/\/vestibulares.estrategia.com\/portal\/materias\/redacao\/9-documentarios-sobre-mudancas-climaticas-para-usar-como-repertorio-sociocultural-na-redacao\/#primaryimage\",\"url\":\"https:\/\/vestibulares.estrategia.com\/portal\/wp-content\/uploads\/2022\/07\/9-documentarios-sobre-mudancas-climaticas-scaled.webp\",\"contentUrl\":\"https:\/\/vestibulares.estrategia.com\/portal\/wp-content\/uploads\/2022\/07\/9-documentarios-sobre-mudancas-climaticas-scaled.webp\",\"width\":2560,\"height\":1707,\"caption\":\"Efeito das mudan\u00e7as clim\u00e1ticas\"},{\"@type\":\"BreadcrumbList\",\"@id\":\"https:\/\/vestibulares.estrategia.com\/portal\/materias\/redacao\/9-documentarios-sobre-mudancas-climaticas-para-usar-como-repertorio-sociocultural-na-redacao\/#breadcrumb\",\"itemListElement\":[{\"@type\":\"ListItem\",\"position\":1,\"name\":\"Home\",\"item\":\"https:\/\/vestibulares.estrategia.com\/portal\/\"},{\"@type\":\"ListItem\",\"position\":2,\"name\":\"Mat\u00e9rias\",\"item\":\"https:\/\/vestibulares.estrategia.com\/portal\/materias\/\"},{\"@type\":\"ListItem\",\"position\":3,\"name\":\"Reda\u00e7\u00e3o\",\"item\":\"https:\/\/vestibulares.estrategia.com\/portal\/materias\/redacao\/\"},{\"@type\":\"ListItem\",\"position\":4,\"name\":\"9 document\u00e1rios sobre mudan\u00e7as clim\u00e1ticas para usar como repert\u00f3rio sociocultural na reda\u00e7\u00e3o\"}]},{\"@type\":\"WebSite\",\"@id\":\"https:\/\/vestibulares.estrategia.com\/portal\/#website\",\"url\":\"https:\/\/vestibulares.estrategia.com\/portal\/\",\"name\":\"Estrat\u00e9gia Vestibulares\",\"description\":\"\",\"publisher\":{\"@id\":\"https:\/\/vestibulares.estrategia.com\/portal\/#organization\"},\"potentialAction\":[{\"@type\":\"SearchAction\",\"target\":{\"@type\":\"EntryPoint\",\"urlTemplate\":\"https:\/\/vestibulares.estrategia.com\/portal\/?s={search_term_string}\"},\"query-input\":{\"@type\":\"PropertyValueSpecification\",\"valueRequired\":true,\"valueName\":\"search_term_string\"}}],\"inLanguage\":\"pt-BR\"},{\"@type\":\"Organization\",\"@id\":\"https:\/\/vestibulares.estrategia.com\/portal\/#organization\",\"name\":\"Estrat\u00e9gia Vestibulares\",\"url\":\"https:\/\/vestibulares.estrategia.com\/portal\/\",\"logo\":{\"@type\":\"ImageObject\",\"inLanguage\":\"pt-BR\",\"@id\":\"https:\/\/vestibulares.estrategia.com\/portal\/#\/schema\/logo\/image\/\",\"url\":\"https:\/\/vestibulares.estrategia.com\/portal\/wp-content\/uploads\/2021\/06\/Logo-Vestibulares@4x.png\",\"contentUrl\":\"https:\/\/vestibulares.estrategia.com\/portal\/wp-content\/uploads\/2021\/06\/Logo-Vestibulares@4x.png\",\"width\":250,\"height\":66,\"caption\":\"Estrat\u00e9gia Vestibulares\"},\"image\":{\"@id\":\"https:\/\/vestibulares.estrategia.com\/portal\/#\/schema\/logo\/image\/\"},\"sameAs\":[\"https:\/\/facebook.com\/estrategiavestibulares\",\"https:\/\/x.com\/Estrategiavest\",\"https:\/\/www.instagram.com\/estrategiavestibulares\",\"https:\/\/www.youtube.com\/channel\/UCGWdZy8ULI-7_5GrABa4vNA\"]},{\"@type\":\"Person\",\"@id\":\"https:\/\/vestibulares.estrategia.com\/portal\/#\/schema\/person\/cdd941dcf53839374c0bc8d39bb0230f\",\"name\":\"Beatriz Santana\",\"image\":{\"@type\":\"ImageObject\",\"inLanguage\":\"pt-BR\",\"@id\":\"https:\/\/vestibulares.estrategia.com\/portal\/#\/schema\/person\/image\/\",\"url\":\"https:\/\/vestibulares.estrategia.com\/portal\/wp-content\/uploads\/2022\/01\/WhatsApp-Image-2021-10-21-at-10.19.09-1-150x150.webp\",\"contentUrl\":\"https:\/\/vestibulares.estrategia.com\/portal\/wp-content\/uploads\/2022\/01\/WhatsApp-Image-2021-10-21-at-10.19.09-1-150x150.webp\",\"caption\":\"Beatriz Santana\"},\"description\":\"Jornalista formada pela Unesp\",\"url\":\"https:\/\/vestibulares.estrategia.com\/portal\/author\/beatriz-santana\/\"}]}<\/script>\n<!-- \/ Yoast SEO Premium plugin. -->","yoast_head_json":{"title":"9 document\u00e1rios sobre mudan\u00e7as clim\u00e1ticas para usar como repert\u00f3rio sociocultural na reda\u00e7\u00e3o","description":"Os filmes retratam como as mudan\u00e7as clim\u00e1ticas impactam a vida de milhares de pessoas ao redor do mundo. Conhe\u00e7a todos os t\u00edtulos!","robots":{"index":"index","follow":"follow","max-snippet":"max-snippet:-1","max-image-preview":"max-image-preview:large","max-video-preview":"max-video-preview:-1"},"canonical":"https:\/\/vestibulares.estrategia.com\/portal\/materias\/redacao\/9-documentarios-sobre-mudancas-climaticas-para-usar-como-repertorio-sociocultural-na-redacao\/","og_locale":"pt_BR","og_type":"article","og_title":"9 document\u00e1rios sobre mudan\u00e7as clim\u00e1ticas para usar como repert\u00f3rio sociocultural na reda\u00e7\u00e3o","og_description":"Os filmes retratam como as mudan\u00e7as clim\u00e1ticas impactam a vida de milhares de pessoas ao redor do mundo. Conhe\u00e7a todos os t\u00edtulos!","og_url":"https:\/\/vestibulares.estrategia.com\/portal\/materias\/redacao\/9-documentarios-sobre-mudancas-climaticas-para-usar-como-repertorio-sociocultural-na-redacao\/","og_site_name":"Estrat\u00e9gia Vestibulares","article_publisher":"https:\/\/facebook.com\/estrategiavestibulares","article_published_time":"2022-07-20T19:53:49+00:00","article_modified_time":"2024-08-07T13:05:08+00:00","og_image":[{"width":2560,"height":1707,"url":"https:\/\/vestibulares.estrategia.com\/portal\/wp-content\/uploads\/2022\/07\/9-documentarios-sobre-mudancas-climaticas-scaled.webp","type":"image\/jpeg"}],"author":"Beatriz Santana","twitter_card":"summary_large_image","twitter_creator":"@Estrategiavest","twitter_site":"@Estrategiavest","twitter_misc":{"Escrito por":"Beatriz Santana","Est. tempo de leitura":"9 minutos"},"schema":{"@context":"https:\/\/schema.org","@graph":[{"@type":"Article","@id":"https:\/\/vestibulares.estrategia.com\/portal\/materias\/redacao\/9-documentarios-sobre-mudancas-climaticas-para-usar-como-repertorio-sociocultural-na-redacao\/#article","isPartOf":{"@id":"https:\/\/vestibulares.estrategia.com\/portal\/materias\/redacao\/9-documentarios-sobre-mudancas-climaticas-para-usar-como-repertorio-sociocultural-na-redacao\/"},"author":{"name":"Beatriz Santana","@id":"https:\/\/vestibulares.estrategia.com\/portal\/#\/schema\/person\/cdd941dcf53839374c0bc8d39bb0230f"},"headline":"9 document\u00e1rios sobre mudan\u00e7as clim\u00e1ticas para usar como repert\u00f3rio sociocultural na reda\u00e7\u00e3o","datePublished":"2022-07-20T19:53:49+00:00","dateModified":"2024-08-07T13:05:08+00:00","mainEntityOfPage":{"@id":"https:\/\/vestibulares.estrategia.com\/portal\/materias\/redacao\/9-documentarios-sobre-mudancas-climaticas-para-usar-como-repertorio-sociocultural-na-redacao\/"},"wordCount":1793,"publisher":{"@id":"https:\/\/vestibulares.estrategia.com\/portal\/#organization"},"image":{"@id":"https:\/\/vestibulares.estrategia.com\/portal\/materias\/redacao\/9-documentarios-sobre-mudancas-climaticas-para-usar-como-repertorio-sociocultural-na-redacao\/#primaryimage"},"thumbnailUrl":"https:\/\/vestibulares.estrategia.com\/portal\/wp-content\/uploads\/2022\/07\/9-documentarios-sobre-mudancas-climaticas-scaled.webp","articleSection":["Reda\u00e7\u00e3o"],"inLanguage":"pt-BR"},{"@type":"WebPage","@id":"https:\/\/vestibulares.estrategia.com\/portal\/materias\/redacao\/9-documentarios-sobre-mudancas-climaticas-para-usar-como-repertorio-sociocultural-na-redacao\/","url":"https:\/\/vestibulares.estrategia.com\/portal\/materias\/redacao\/9-documentarios-sobre-mudancas-climaticas-para-usar-como-repertorio-sociocultural-na-redacao\/","name":"9 document\u00e1rios sobre mudan\u00e7as clim\u00e1ticas para usar como repert\u00f3rio sociocultural na reda\u00e7\u00e3o","isPartOf":{"@id":"https:\/\/vestibulares.estrategia.com\/portal\/#website"},"primaryImageOfPage":{"@id":"https:\/\/vestibulares.estrategia.com\/portal\/materias\/redacao\/9-documentarios-sobre-mudancas-climaticas-para-usar-como-repertorio-sociocultural-na-redacao\/#primaryimage"},"image":{"@id":"https:\/\/vestibulares.estrategia.com\/portal\/materias\/redacao\/9-documentarios-sobre-mudancas-climaticas-para-usar-como-repertorio-sociocultural-na-redacao\/#primaryimage"},"thumbnailUrl":"https:\/\/vestibulares.estrategia.com\/portal\/wp-content\/uploads\/2022\/07\/9-documentarios-sobre-mudancas-climaticas-scaled.webp","datePublished":"2022-07-20T19:53:49+00:00","dateModified":"2024-08-07T13:05:08+00:00","description":"Os filmes retratam como as mudan\u00e7as clim\u00e1ticas impactam a vida de milhares de pessoas ao redor do mundo. Conhe\u00e7a todos os t\u00edtulos!","breadcrumb":{"@id":"https:\/\/vestibulares.estrategia.com\/portal\/materias\/redacao\/9-documentarios-sobre-mudancas-climaticas-para-usar-como-repertorio-sociocultural-na-redacao\/#breadcrumb"},"inLanguage":"pt-BR","potentialAction":[{"@type":"ReadAction","target":["https:\/\/vestibulares.estrategia.com\/portal\/materias\/redacao\/9-documentarios-sobre-mudancas-climaticas-para-usar-como-repertorio-sociocultural-na-redacao\/"]}]},{"@type":"ImageObject","inLanguage":"pt-BR","@id":"https:\/\/vestibulares.estrategia.com\/portal\/materias\/redacao\/9-documentarios-sobre-mudancas-climaticas-para-usar-como-repertorio-sociocultural-na-redacao\/#primaryimage","url":"https:\/\/vestibulares.estrategia.com\/portal\/wp-content\/uploads\/2022\/07\/9-documentarios-sobre-mudancas-climaticas-scaled.webp","contentUrl":"https:\/\/vestibulares.estrategia.com\/portal\/wp-content\/uploads\/2022\/07\/9-documentarios-sobre-mudancas-climaticas-scaled.webp","width":2560,"height":1707,"caption":"Efeito das mudan\u00e7as clim\u00e1ticas"},{"@type":"BreadcrumbList","@id":"https:\/\/vestibulares.estrategia.com\/portal\/materias\/redacao\/9-documentarios-sobre-mudancas-climaticas-para-usar-como-repertorio-sociocultural-na-redacao\/#breadcrumb","itemListElement":[{"@type":"ListItem","position":1,"name":"Home","item":"https:\/\/vestibulares.estrategia.com\/portal\/"},{"@type":"ListItem","position":2,"name":"Mat\u00e9rias","item":"https:\/\/vestibulares.estrategia.com\/portal\/materias\/"},{"@type":"ListItem","position":3,"name":"Reda\u00e7\u00e3o","item":"https:\/\/vestibulares.estrategia.com\/portal\/materias\/redacao\/"},{"@type":"ListItem","position":4,"name":"9 document\u00e1rios sobre mudan\u00e7as clim\u00e1ticas para usar como repert\u00f3rio sociocultural na reda\u00e7\u00e3o"}]},{"@type":"WebSite","@id":"https:\/\/vestibulares.estrategia.com\/portal\/#website","url":"https:\/\/vestibulares.estrategia.com\/portal\/","name":"Estrat\u00e9gia Vestibulares","description":"","publisher":{"@id":"https:\/\/vestibulares.estrategia.com\/portal\/#organization"},"potentialAction":[{"@type":"SearchAction","target":{"@type":"EntryPoint","urlTemplate":"https:\/\/vestibulares.estrategia.com\/portal\/?s={search_term_string}"},"query-input":{"@type":"PropertyValueSpecification","valueRequired":true,"valueName":"search_term_string"}}],"inLanguage":"pt-BR"},{"@type":"Organization","@id":"https:\/\/vestibulares.estrategia.com\/portal\/#organization","name":"Estrat\u00e9gia Vestibulares","url":"https:\/\/vestibulares.estrategia.com\/portal\/","logo":{"@type":"ImageObject","inLanguage":"pt-BR","@id":"https:\/\/vestibulares.estrategia.com\/portal\/#\/schema\/logo\/image\/","url":"https:\/\/vestibulares.estrategia.com\/portal\/wp-content\/uploads\/2021\/06\/Logo-Vestibulares@4x.png","contentUrl":"https:\/\/vestibulares.estrategia.com\/portal\/wp-content\/uploads\/2021\/06\/Logo-Vestibulares@4x.png","width":250,"height":66,"caption":"Estrat\u00e9gia Vestibulares"},"image":{"@id":"https:\/\/vestibulares.estrategia.com\/portal\/#\/schema\/logo\/image\/"},"sameAs":["https:\/\/facebook.com\/estrategiavestibulares","https:\/\/x.com\/Estrategiavest","https:\/\/www.instagram.com\/estrategiavestibulares","https:\/\/www.youtube.com\/channel\/UCGWdZy8ULI-7_5GrABa4vNA"]},{"@type":"Person","@id":"https:\/\/vestibulares.estrategia.com\/portal\/#\/schema\/person\/cdd941dcf53839374c0bc8d39bb0230f","name":"Beatriz Santana","image":{"@type":"ImageObject","inLanguage":"pt-BR","@id":"https:\/\/vestibulares.estrategia.com\/portal\/#\/schema\/person\/image\/","url":"https:\/\/vestibulares.estrategia.com\/portal\/wp-content\/uploads\/2022\/01\/WhatsApp-Image-2021-10-21-at-10.19.09-1-150x150.webp","contentUrl":"https:\/\/vestibulares.estrategia.com\/portal\/wp-content\/uploads\/2022\/01\/WhatsApp-Image-2021-10-21-at-10.19.09-1-150x150.webp","caption":"Beatriz Santana"},"description":"Jornalista formada pela Unesp","url":"https:\/\/vestibulares.estrategia.com\/portal\/author\/beatriz-santana\/"}]}},"_wl_alt_label":[],"wl:entity_url":"https:\/\/data.wordlift.io\/wl110249\/post\/9-documentarios-sobre-mudancas-climaticas-para-usar-como-repertorio-sociocultural-na-redacao","_links":{"self":[{"href":"https:\/\/vestibulares.estrategia.com\/portal\/wp-json\/wp\/v2\/posts\/72024","targetHints":{"allow":["GET"]}}],"collection":[{"href":"https:\/\/vestibulares.estrategia.com\/portal\/wp-json\/wp\/v2\/posts"}],"about":[{"href":"https:\/\/vestibulares.estrategia.com\/portal\/wp-json\/wp\/v2\/types\/post"}],"author":[{"embeddable":true,"href":"https:\/\/vestibulares.estrategia.com\/portal\/wp-json\/wp\/v2\/users\/48"}],"replies":[{"embeddable":true,"href":"https:\/\/vestibulares.estrategia.com\/portal\/wp-json\/wp\/v2\/comments?post=72024"}],"version-history":[{"count":5,"href":"https:\/\/vestibulares.estrategia.com\/portal\/wp-json\/wp\/v2\/posts\/72024\/revisions"}],"predecessor-version":[{"id":122635,"href":"https:\/\/vestibulares.estrategia.com\/portal\/wp-json\/wp\/v2\/posts\/72024\/revisions\/122635"}],"wp:featuredmedia":[{"embeddable":true,"href":"https:\/\/vestibulares.estrategia.com\/portal\/wp-json\/wp\/v2\/media\/72025"}],"wp:attachment":[{"href":"https:\/\/vestibulares.estrategia.com\/portal\/wp-json\/wp\/v2\/media?parent=72024"}],"wp:term":[{"taxonomy":"category","embeddable":true,"href":"https:\/\/vestibulares.estrategia.com\/portal\/wp-json\/wp\/v2\/categories?post=72024"},{"taxonomy":"post_tag","embeddable":true,"href":"https:\/\/vestibulares.estrategia.com\/portal\/wp-json\/wp\/v2\/tags?post=72024"},{"taxonomy":"wl_entity_type","embeddable":true,"href":"https:\/\/vestibulares.estrategia.com\/portal\/wp-json\/wp\/v2\/wl_entity_type?post=72024"}],"curies":[{"name":"wp","href":"https:\/\/api.w.org\/{rel}","templated":true}]}}