{"id":74654,"date":"2022-08-26T18:28:53","date_gmt":"2022-08-26T21:28:53","guid":{"rendered":"https:\/\/vestibulares.estrategia.com\/portal\/?p=74654"},"modified":"2025-11-03T13:58:43","modified_gmt":"2025-11-03T16:58:43","slug":"7-citacoes-sobre-saude-para-usar-como-repertorio-sociocultural-na-redacao","status":"publish","type":"post","link":"https:\/\/vestibulares.estrategia.com\/portal\/materias\/redacao\/7-citacoes-sobre-saude-para-usar-como-repertorio-sociocultural-na-redacao\/","title":{"rendered":"7 cita\u00e7\u00f5es sobre sa\u00fade para usar como repert\u00f3rio sociocultural na reda\u00e7\u00e3o"},"content":{"rendered":"<p>Estar preparado para um assunto t&atilde;o importante, que j&aacute; foi tema de reda&ccedil;&atilde;o nas edi&ccedil;&otilde;es 2018 do vestibular da Universidade Estadual de Ponta Grossa (<a href=\"https:\/\/vestibulares.estrategia.com\/portal\/enem-e-vestibulares\/vestibulares\/vestibular-uepg\/\" target=\"_blank\">UEPG<\/a>) e do Exame Nacional para Certifica&ccedil;&atilde;o de Compet&ecirc;ncias de Jovens e Adultos (<a href=\"https:\/\/vestibulares.estrategia.com\/portal\/enem-e-vestibulares\/encceja\/encceja-o-que-e\/\" target=\"_blank\">Encceja<\/a>), &eacute; mais do que fundamental. Por isso, o Portal da Coruja listou 7 cita&ccedil;&otilde;es sobre sa&uacute;de para usar como repert&oacute;rio sociocultural na reda&ccedil;&atilde;o.<meta charset=\"utf-8\"><p>\n\n\n\n<div id=\"new-form\">\n\t<form id=\"forms_layout\">\n\t<input type=\"hidden\" id=\"chave_de\" name=\"chave_de\" value=\"01_EVEST_LEADS_TOTAIS\" \/>\n\t\t<input type=\"hidden\" id=\"mid\" name=\"mid\" value=\"515008983\" \/>\n\t\t<input type=\"hidden\" id=\"Objetivo\" name=\"Objetivo\" value=\"Vestibulares\" \/>\n\t\t<input type=\"hidden\" id=\"Estado_de_Origem_do_IP\" name=\"Estado_de_Origem_do_IP\"  value=\"\" \/>\n\t\t<input type=\"hidden\" id=\"Cidade_de_Origem_do_IP\" name=\"Cidade_de_Origem_do_IP\" value=\"\" \/>\n\t\t<input type=\"hidden\" id=\"Modo_de_entrada\" name=\"Modo_de_entrada\" value=\"Portal\" \/>\n\t\t<input type=\"hidden\" id=\"Pagina_Origem\" name=\"Pagina_Origem\" value=\"\" \/>\n\n\t\t<div class=\"texto\">\n\t\t\t<h3 class=\"news\">Inscreva-se em nossa newsletter\ud83e\udd89<\/h3>\n\t\t\t<p>Receba dicas de estudo gratuitas e saiba em primeira m\u00e3o as novidades sobre o Enem, Sisu, Encceja, Fuvest e outros vestibulares!<\/p>\n\t\t<\/div>\n\t\t<div class=\"campos\">\n\t\t\t<div class=\"first_name labels\">\n\t\t\t\t<input type=\"text\" class=\"input_labels\" id=\"first_name\" name=\"Nome_Completo\" placeholder=\"Nome\" required \/>\n\t\t\t<\/div>\n\t\t\t<div class=\"email labels\">\n\t\t\t\t<input type=\"email\" class=\"input_labels\" id=\"email\" name=\"Email\" placeholder=\"E-mail\" required \/>\n\t\t\t<\/div>\n\t\t\t<button type=\"submit\" class=\"button_layout\">\n\t\t\t\t<div id=\"lblBotao\">Inscreva-se<\/div>\n\t\t\t\t<span id=\"divSpiner\" class=\"loader\" role=\"status\" style=\"display: none;\"><\/span>\t\n\t\t\t<\/button>\n\t\t<\/div><!-- \/campos -->\n\t\t\n\t\t<label class=\"container_checkbox\">Voc\u00ea concorda com a nossa\n\t\t\t<a class=\"politics_privacy_ahref\" target=\"_blank\" href=\"https:\/\/gratis.estrategiaconcursos.com.br\/politica-de-privacidade\/\">Pol\u00edtica de Privacidade<\/a> e aceita receber informa\u00e7\u00f5es adicionais do Estrat\u00e9gia Educacional.\n\t\t\t<input id=\"checkbox_layout\" type=\"checkbox\" checked=\"checked\" required \/>\n\t\t\t<span class=\"checkbox\"><\/span>\n\t\t<\/label>\n\t\t<div id=\"msg\"><\/div>\n\t\t<div id=\"error\" class=\"error\">\n\t\t<\/div>\n\t<\/form>\n<\/div><!-- \/new-form -->\n\n\n\n<\/p><p><a href=\"https:\/\/vestibulares.estrategia.com\/portal\/noticias\/prova-enem-2022-o-que-levar-horario-documentos-instrucoes\/\"><strong>Prova Enem 2022: veja o que levar, hor&aacute;rios e instru&ccedil;&otilde;es<\/strong><\/a><\/p><div id=\"ez-toc-container\" class=\"ez-toc-v2_0_76 counter-hierarchy ez-toc-counter ez-toc-transparent ez-toc-container-direction\">\n<div class=\"ez-toc-title-container\"><p class=\"ez-toc-title\" style=\"cursor:inherit\">Navegue pelo conte\u00fado<\/p>\n<\/div><nav><ul class='ez-toc-list ez-toc-list-level-1 ' ><li class='ez-toc-page-1 ez-toc-heading-level-2'><a class=\"ez-toc-link ez-toc-heading-1\" href=\"https:\/\/vestibulares.estrategia.com\/portal\/materias\/redacao\/7-citacoes-sobre-saude-para-usar-como-repertorio-sociocultural-na-redacao\/#1-%E2%80%9CSaude-e-o-estado-de-completo-bem-estar-fisico-mental-e-social-e-nao-somente-a-ausencia-de-doenca%E2%80%9D-%E2%80%94-Organizacao-Mundial-da-Saude-OMS\" >1- &ldquo;Sa&uacute;de &eacute; o estado de completo bem-estar f&iacute;sico, mental e social e n&atilde;o somente a aus&ecirc;ncia de doen&ccedil;a.&rdquo; &mdash; Organiza&ccedil;&atilde;o Mundial da Sa&uacute;de (OMS)<\/a><\/li><li class='ez-toc-page-1 ez-toc-heading-level-2'><a class=\"ez-toc-link ez-toc-heading-2\" href=\"https:\/\/vestibulares.estrategia.com\/portal\/materias\/redacao\/7-citacoes-sobre-saude-para-usar-como-repertorio-sociocultural-na-redacao\/#2-%E2%80%9CA-saude-e-direito-de-todos-e-dever-do-Estado-garantido-mediante-politicas-sociais-e-economicas-que-visem-a-reducao-do-risco-de-doencas-e-de-outros-agravos-e-ao-acesso-universal-e-igualitario-as-acoes-e-servicos-para-a-sua-promocao-protecao-e-recuperacao%E2%80%9D-%E2%80%94-Constituicao-Federal-do-Brasil-de-1988\" >2- &ldquo;A sa&uacute;de &eacute; direito de todos e dever do Estado, garantido mediante pol&iacute;ticas sociais e econ&ocirc;micas que visem a redu&ccedil;&atilde;o do risco de doen&ccedil;as e de outros agravos e ao acesso universal e igualit&aacute;rio &agrave;s a&ccedil;&otilde;es e servi&ccedil;os para a sua promo&ccedil;&atilde;o, prote&ccedil;&atilde;o e recupera&ccedil;&atilde;o.&rdquo; &mdash; Constitui&ccedil;&atilde;o Federal do Brasil de 1988<\/a><\/li><li class='ez-toc-page-1 ez-toc-heading-level-2'><a class=\"ez-toc-link ez-toc-heading-3\" href=\"https:\/\/vestibulares.estrategia.com\/portal\/materias\/redacao\/7-citacoes-sobre-saude-para-usar-como-repertorio-sociocultural-na-redacao\/#3-%E2%80%9CO-Sistema-Unico-de-Saude-SUS-e-uma-revolucao%E2%80%9D-%E2%80%94-Drauzio-Varella\" >3- &ldquo;O Sistema &Uacute;nico de Sa&uacute;de (SUS) &eacute; uma revolu&ccedil;&atilde;o.&rdquo; &mdash; Drauzio Varella<\/a><\/li><li class='ez-toc-page-1 ez-toc-heading-level-2'><a class=\"ez-toc-link ez-toc-heading-4\" href=\"https:\/\/vestibulares.estrategia.com\/portal\/materias\/redacao\/7-citacoes-sobre-saude-para-usar-como-repertorio-sociocultural-na-redacao\/#4-%E2%80%9CA-cura-esta-ligada-ao-tempo-e-as-vezes-tambem-as-circunstancias%E2%80%9D-%E2%80%94-Hipocrates\" >4- &ldquo;A cura est&aacute; ligada ao tempo e &agrave;s vezes tamb&eacute;m &agrave;s circunst&acirc;ncias.&rdquo; &mdash; Hip&oacute;crates<\/a><\/li><li class='ez-toc-page-1 ez-toc-heading-level-2'><a class=\"ez-toc-link ez-toc-heading-5\" href=\"https:\/\/vestibulares.estrategia.com\/portal\/materias\/redacao\/7-citacoes-sobre-saude-para-usar-como-repertorio-sociocultural-na-redacao\/#5-%E2%80%9CDemocracia-com-fome-sem-educacao-e-saude-para-a-maioria-e-uma-concha-vazia%E2%80%9C-%E2%80%94-Nelson-Mandela\" >5- &ldquo;Democracia com fome, sem educa&ccedil;&atilde;o e sa&uacute;de para a maioria, &eacute; uma concha vazia.&ldquo; &mdash; Nelson Mandela&nbsp;<\/a><\/li><li class='ez-toc-page-1 ez-toc-heading-level-2'><a class=\"ez-toc-link ez-toc-heading-6\" href=\"https:\/\/vestibulares.estrategia.com\/portal\/materias\/redacao\/7-citacoes-sobre-saude-para-usar-como-repertorio-sociocultural-na-redacao\/#6-%E2%80%9CE-impossivel-dar-saude-a-quem-veste-trapos-e-trabalha-com-salarios-que-nao-permitem-condicoes-minimas-de-subsistencia-E-impossivel-dar-saude-a-um-povo-se-nao-o-libertarmos-de-sua-dependencia-economica-para-que-ele-mesmo-tome-suas-decisoes%E2%80%9D-%E2%80%94-Salvador-Allende\" >6- &ldquo;&Eacute; imposs&iacute;vel dar sa&uacute;de a quem veste trapos e trabalha com sal&aacute;rios que n&atilde;o permitem condi&ccedil;&otilde;es m&iacute;nimas&nbsp; de subsist&ecirc;ncia. &Eacute; imposs&iacute;vel dar sa&uacute;de a um povo se n&atilde;o o libertarmos de sua depend&ecirc;ncia econ&ocirc;mica para que ele mesmo tome suas decis&otilde;es.&rdquo; &mdash; Salvador Allende<\/a><\/li><li class='ez-toc-page-1 ez-toc-heading-level-2'><a class=\"ez-toc-link ez-toc-heading-7\" href=\"https:\/\/vestibulares.estrategia.com\/portal\/materias\/redacao\/7-citacoes-sobre-saude-para-usar-como-repertorio-sociocultural-na-redacao\/#7-%E2%80%9CProteger-a-vida-e-reivindicar-um-sistema-social-que-promova-saude-e-bem-estar%E2%80%9D-%E2%80%94-Campanha-Setembro-Amarelo-2021-do-Conselho-Regional-de-Psicologia-do-Parana\" >7- &ldquo;Proteger a vida &eacute; reivindicar um sistema social que promova sa&uacute;de e bem-estar.&rdquo; &mdash; Campanha Setembro Amarelo 2021 do Conselho Regional de Psicologia do Paran&aacute;<\/a><\/li><li class='ez-toc-page-1 ez-toc-heading-level-2'><a class=\"ez-toc-link ez-toc-heading-8\" href=\"https:\/\/vestibulares.estrategia.com\/portal\/materias\/redacao\/7-citacoes-sobre-saude-para-usar-como-repertorio-sociocultural-na-redacao\/#Prepare-se-para-a-redacao-com-o-Estrategia-Vestibulares\" >Prepare-se para a reda&ccedil;&atilde;o com o Estrat&eacute;gia Vestibulares<\/a><\/li><li class='ez-toc-page-1 ez-toc-heading-level-2'><a class=\"ez-toc-link ez-toc-heading-9\" href=\"https:\/\/vestibulares.estrategia.com\/portal\/materias\/redacao\/7-citacoes-sobre-saude-para-usar-como-repertorio-sociocultural-na-redacao\/#Veja-citacoes-para-usar-na-redacao\" >Veja cita&ccedil;&otilde;es para usar na reda&ccedil;&atilde;o<\/a><\/li><\/ul><\/nav><\/div>\n<h2 class=\"wp-block-heading\" id=\"h-1-saude-e-o-estado-de-completo-bem-estar-fisico-mental-e-social-e-nao-somente-a-ausencia-de-doenca-organizacao-mundial-da-saude-oms\"><span class=\"ez-toc-section\" id=\"1-%E2%80%9CSaude-e-o-estado-de-completo-bem-estar-fisico-mental-e-social-e-nao-somente-a-ausencia-de-doenca%E2%80%9D-%E2%80%94-Organizacao-Mundial-da-Saude-OMS\"><\/span>1- &ldquo;Sa&uacute;de &eacute; o estado de completo bem-estar f&iacute;sico, mental e social e n&atilde;o somente a aus&ecirc;ncia de doen&ccedil;a.&rdquo; &mdash; Organiza&ccedil;&atilde;o Mundial da Sa&uacute;de (OMS)<span class=\"ez-toc-section-end\"><\/span><\/h2><p>Criada em 1948, a Organiza&ccedil;&atilde;o Mundial da Sa&uacute;de (OMS) &eacute; uma institui&ccedil;&atilde;o intergovernamental que integra a Organiza&ccedil;&atilde;o das Na&ccedil;&otilde;es Unidas (ONU). Sua fun&ccedil;&atilde;o &eacute; fomentar pesquisas na &aacute;rea da Sa&uacute;de e formular normas sanit&aacute;rias internacionais.<\/p><p>Seu trabalho &eacute; feito de v&aacute;rias formas: com a produ&ccedil;&atilde;o de guias e materiais t&eacute;cnicos em preven&ccedil;&atilde;o e controle de doen&ccedil;as, manuais de boas pr&aacute;ticas, pela cria&ccedil;&atilde;o e implementa&ccedil;&atilde;o de programas de controle e erradica&ccedil;&atilde;o de doen&ccedil;as,&nbsp; promo&ccedil;&atilde;o de assist&ecirc;ncia t&eacute;cnica a pa&iacute;ses, formula&ccedil;&atilde;o de relat&oacute;rios de situa&ccedil;&atilde;o e an&aacute;lises de risco.<\/p><p>+ <a href=\"https:\/\/vestibulares.estrategia.com\/portal\/enem-e-vestibulares\/vestibulares\/variola-dos-macacos-o-que-e-a-doenca-quais-seus-sintomas-e-como-o-tema-pode-cair-no-vestibular\/\" target=\"_blank\">Var&iacute;ola dos macacos: o que &eacute; a doen&ccedil;a, quais seus sintomas e como o tema pode cair no vestibular<\/a><\/p><h2 class=\"wp-block-heading\" id=\"h-2-a-saude-e-direito-de-todos-e-dever-do-estado-garantido-mediante-politicas-sociais-e-economicas-que-visem-a-reducao-do-risco-de-doencas-e-de-outros-agravos-e-ao-acesso-universal-e-igualitario-as-acoes-e-servicos-para-a-sua-promocao-protecao-e-recuperacao-constituicao-federal-do-brasil-de-1988\"><span class=\"ez-toc-section\" id=\"2-%E2%80%9CA-saude-e-direito-de-todos-e-dever-do-Estado-garantido-mediante-politicas-sociais-e-economicas-que-visem-a-reducao-do-risco-de-doencas-e-de-outros-agravos-e-ao-acesso-universal-e-igualitario-as-acoes-e-servicos-para-a-sua-promocao-protecao-e-recuperacao%E2%80%9D-%E2%80%94-Constituicao-Federal-do-Brasil-de-1988\"><\/span>2- &ldquo;A sa&uacute;de &eacute; direito de todos e dever do Estado, garantido mediante pol&iacute;ticas sociais e econ&ocirc;micas que visem a redu&ccedil;&atilde;o do risco de doen&ccedil;as e de outros agravos e ao acesso universal e igualit&aacute;rio &agrave;s a&ccedil;&otilde;es e servi&ccedil;os para a sua promo&ccedil;&atilde;o, prote&ccedil;&atilde;o e recupera&ccedil;&atilde;o.&rdquo; &mdash; Constitui&ccedil;&atilde;o Federal do Brasil de 1988<span class=\"ez-toc-section-end\"><\/span><\/h2><p>Promulgada ap&oacute;s 20 meses de trabalho da Assembleia Constituinte, a Constitui&ccedil;&atilde;o Federal de 1988 apresenta o Artigo 196, que determina que o Estado deve utilizar-se das pol&iacute;ticas necess&aacute;rias para garantir o direito &agrave; sa&uacute;de de todos os cidad&atilde;os. Al&eacute;m disso, tamb&eacute;m define que &eacute; de obriga&ccedil;&atilde;o da Uni&atilde;o fornecer os servi&ccedil;os de recupera&ccedil;&atilde;o para os indiv&iacute;duos que adoecerem.<\/p><p>+ <a href=\"https:\/\/vestibulares.estrategia.com\/portal\/historia\/constituicoes-federais-do-brasil\/\" target=\"_blank\">Constitui&ccedil;&atilde;o Federal: conhe&ccedil;a as 7 que o Brasil j&aacute; teve<\/a><\/p><h2 class=\"wp-block-heading\" id=\"h-3-o-sistema-unico-de-saude-sus-e-uma-revolucao-drauzio-varella\"><span class=\"ez-toc-section\" id=\"3-%E2%80%9CO-Sistema-Unico-de-Saude-SUS-e-uma-revolucao%E2%80%9D-%E2%80%94-Drauzio-Varella\"><\/span>3- &ldquo;O Sistema &Uacute;nico de Sa&uacute;de (SUS) &eacute; uma revolu&ccedil;&atilde;o.&rdquo; &mdash; Drauzio Varella<span class=\"ez-toc-section-end\"><\/span><\/h2><p>Formado pela Universidade de S&atilde;o Paulo (<a href=\"https:\/\/vestibulares.estrategia.com\/portal\/enem-e-vestibulares\/vestibulares\/vestibular-fuvest\/\" target=\"_blank\">USP<\/a>), Drauzio Varella (1943) &eacute; um m&eacute;dico especializado em oncologia, que tamb&eacute;m j&aacute; atuou em outras &aacute;reas da medicina e trabalha na divulga&ccedil;&atilde;o de cuidados m&eacute;dicos para a sa&uacute;de em colunas de portais de not&iacute;cias, televis&atilde;o, YouTube e outros meios de comunica&ccedil;&atilde;o.<\/p><p>Um dos trabalhos mais famosos de Drauzio foi na Casa de Deten&ccedil;&atilde;o de S&atilde;o Paulo &mdash; o Carandiru &mdash; onde atuou no combate e preven&ccedil;&atilde;o da contamina&ccedil;&atilde;o pelo v&iacute;rus HIV, respons&aacute;vel pela Aids. Sua passagem pelo Carandiru ainda rendeu tr&ecirc;s livros sobre o sistema prisional: Esta&ccedil;&atilde;o Carandiru, Carcereiros e Prisioneiras.<\/p><p>+ <a href=\"https:\/\/vestibulares.estrategia.com\/portal\/materias\/redacao\/9-filmes-sobre-seguranca-publica-para-usar-como-repertorio-sociocultural-na-redacao\/\" target=\"_blank\">9 filmes sobre seguran&ccedil;a p&uacute;blica para usar como repert&oacute;rio sociocultural na reda&ccedil;&atilde;o<\/a><\/p><h2 class=\"wp-block-heading\" id=\"h-4-a-cura-esta-ligada-ao-tempo-e-as-vezes-tambem-as-circunstancias-hipocrates\"><span class=\"ez-toc-section\" id=\"4-%E2%80%9CA-cura-esta-ligada-ao-tempo-e-as-vezes-tambem-as-circunstancias%E2%80%9D-%E2%80%94-Hipocrates\"><\/span>4- &ldquo;A cura est&aacute; ligada ao tempo e &agrave;s vezes tamb&eacute;m &agrave;s circunst&acirc;ncias.&rdquo; &mdash; Hip&oacute;crates<span class=\"ez-toc-section-end\"><\/span><\/h2><p>Hip&oacute;crates (460 a.C &ndash; 370 a.C)&nbsp; viveu no per&iacute;odo cl&aacute;ssico da <a href=\"https:\/\/vestibulares.estrategia.com\/portal\/materias\/historia\/grecia-antiga\/\" target=\"_blank\">Gr&eacute;cia Antiga<\/a> e &eacute; considerado o pai da Medicina, inspirando, inclusive, o Juramento de Hip&oacute;crates, proferido pelos m&eacute;dicos durante a formatura. No juramento, os novos profissionais afirmam, entre outras coisas, que &ldquo;A sa&uacute;de do meu doente ser&aacute; a minha primeira preocupa&ccedil;&atilde;o&rdquo;.<\/p><p>O t&iacute;tulo foi atribu&iacute;do a Hip&oacute;crates porque, diferentemente dos outros pensadores de sua &eacute;poca, que se dedicavam mais &agrave; Pol&iacute;tica, ele passou a estudar e trabalhar o funcionamento do organismo humano. E tamb&eacute;m, porque ele buscava explica&ccedil;&otilde;es racionais e cient&iacute;ficas para os males que atingem o corpo, deixando de lado as costumeiras justificativas m&iacute;sticas e baseadas na f&eacute;.&nbsp;<\/p><p>+ <a href=\"https:\/\/vestibulares.estrategia.com\/portal\/materias\/redacao\/11-citacoes-sobre-ciencia-para-usar-na-redacao\/\" target=\"_blank\">11 cita&ccedil;&otilde;es sobre ci&ecirc;ncia para usar na reda&ccedil;&atilde;o<\/a><\/p><h2 class=\"wp-block-heading\" id=\"h-5-democracia-com-fome-sem-educacao-e-saude-para-a-maioria-e-uma-concha-vazia-nelson-mandela-nbsp\"><span class=\"ez-toc-section\" id=\"5-%E2%80%9CDemocracia-com-fome-sem-educacao-e-saude-para-a-maioria-e-uma-concha-vazia%E2%80%9C-%E2%80%94-Nelson-Mandela\"><\/span>5- &ldquo;Democracia com fome, sem educa&ccedil;&atilde;o e sa&uacute;de para a maioria, &eacute; uma concha vazia.&ldquo; &mdash; Nelson Mandela&nbsp;<span class=\"ez-toc-section-end\"><\/span><\/h2><p>S&iacute;mbolo da luta contra o regime racista e segregacionista do apartheid, que vigorou entre as d&eacute;cadas de 1940 e 1990 na &Aacute;frica do Sul, Nelson Rolihlahla Mandela (1918 &ndash; 2013) tamb&eacute;m foi um advogado e o primeiro presidente negro a ser eleito em seu pa&iacute;s, governando de 1994 a 1999.<\/p><p>Mandela passou 27 anos preso pelo regime do apartheid, condenado primeiramente por participar de protestos e fazer viagens consideradas ilegais para o exterior, e mais tarde, foi condenado &agrave; pris&atilde;o perp&eacute;tua sob acusa&ccedil;&atilde;o de trai&ccedil;&atilde;o e sabotagem. O l&iacute;der pol&iacute;tico s&oacute; foi liberto ap&oacute;s o fim da ditadura segregacionista.<\/p><p>+ <a href=\"https:\/\/vestibulares.estrategia.com\/portal\/atualidades-e-dicas\/dia-internacional-nelson-mandela-veja-citacoes-e-questoes-sobre-o-lider-sul-africano\/\" target=\"_blank\">Dia Internacional Nelson Mandela: veja cita&ccedil;&otilde;es e quest&otilde;es sobre o l&iacute;der sul-africano<\/a><\/p><h2 class=\"wp-block-heading\" id=\"h-6-e-impossivel-dar-saude-a-quem-veste-trapos-e-trabalha-com-salarios-que-nao-permitem-condicoes-minimas-nbsp-de-subsistencia-e-impossivel-dar-saude-a-um-povo-se-nao-o-libertarmos-de-sua-dependencia-economica-para-que-ele-mesmo-tome-suas-decisoes-salvador-allende\"><span class=\"ez-toc-section\" id=\"6-%E2%80%9CE-impossivel-dar-saude-a-quem-veste-trapos-e-trabalha-com-salarios-que-nao-permitem-condicoes-minimas-de-subsistencia-E-impossivel-dar-saude-a-um-povo-se-nao-o-libertarmos-de-sua-dependencia-economica-para-que-ele-mesmo-tome-suas-decisoes%E2%80%9D-%E2%80%94-Salvador-Allende\"><\/span>6- &ldquo;&Eacute; imposs&iacute;vel dar sa&uacute;de a quem veste trapos e trabalha com sal&aacute;rios que n&atilde;o permitem condi&ccedil;&otilde;es m&iacute;nimas&nbsp; de subsist&ecirc;ncia. &Eacute; imposs&iacute;vel dar sa&uacute;de a um povo se n&atilde;o o libertarmos de sua depend&ecirc;ncia econ&ocirc;mica para que ele mesmo tome suas decis&otilde;es.&rdquo; &mdash; Salvador Allende<span class=\"ez-toc-section-end\"><\/span><\/h2><p>Salvador Guillermo Allende Gossens (1908 &ndash; 1973) foi o &uacute;ltimo presidente do Chile antes do golpe militar que instaurou a ditadura de Augusto Pinochet em 1973. Al&eacute;m disso, Allende era m&eacute;dico e fundador do Partido Socialista do Chile, sendo o primeiro marxista a se eleger como presidente no continente americano.<\/p><p>Sua posi&ccedil;&atilde;o pol&iacute;tica estava bastante ligada a sua profiss&atilde;o, uma vez que Salvador trabalhou como m&eacute;dico legista e declarou que a partir disso &ldquo;conheceu de perto a mis&eacute;ria chilena e os males pelos quais morria o povo&rdquo;.<\/p><p>+<a href=\"https:\/\/vestibulares.estrategia.com\/portal\/materias\/sociologia\/marxismo\/\" target=\"_blank\"> Marxismo: conceitos e caracter&iacute;sticas!<\/a><\/p><h2 class=\"wp-block-heading\" id=\"h-7-proteger-a-vida-e-reivindicar-um-sistema-social-que-promova-saude-e-bem-estar-campanha-setembro-amarelo-2021-do-conselho-regional-de-psicologia-do-parana\"><span class=\"ez-toc-section\" id=\"7-%E2%80%9CProteger-a-vida-e-reivindicar-um-sistema-social-que-promova-saude-e-bem-estar%E2%80%9D-%E2%80%94-Campanha-Setembro-Amarelo-2021-do-Conselho-Regional-de-Psicologia-do-Parana\"><\/span>7- &ldquo;Proteger a vida &eacute; reivindicar um sistema social que promova sa&uacute;de e bem-estar.&rdquo; &mdash; Campanha Setembro Amarelo 2021 do Conselho Regional de Psicologia do Paran&aacute;<span class=\"ez-toc-section-end\"><\/span><\/h2><p>De acordo com a<a href=\"http:\/\/www.planalto.gov.br\/ccivil_03\/leis\/l5766.htm\" target=\"_blank\"> Lei 5766\/71<\/a> que cria o Conselho Federal e os Conselhos Regionais de Psicologia a fun&ccedil;&atilde;o t&iacute;pica dos Conselhos de Psicologia &eacute; orientar, disciplinar e fiscalizar o exerc&iacute;cio da profiss&atilde;o do Psic&oacute;logo e zelar pela fiel observ&acirc;ncia dos princ&iacute;pios da &Eacute;tica e disciplina de classe.&nbsp;<\/p><p>Na campanha do Setembro Amarelo de 2021, o Conselho Regional de Psicologia do Paran&aacute; abordou o tema do suic&iacute;dio sob a perspectiva n&atilde;o individualiza&ccedil;&atilde;o do sofrimento ps&iacute;quico, propondo o mote &ldquo;Proteger a vida &eacute; reivindicar um sistema social que promova sa&uacute;de e bem-estar. Em defesa do SUS e das garantias de direitos a todas as pessoas&ldquo;.<\/p><p>+ <a href=\"https:\/\/vestibulares.estrategia.com\/portal\/profissoes\/graduacoes\/faculdade-de-psicologia\/\" target=\"_blank\">Psicologia: curso, carreira, mercado, sal&aacute;rios e mais<\/a><\/p><h2 class=\"wp-block-heading\" id=\"h-prepare-se-para-a-redacao-com-o-estrategia-vestibulares\"><span class=\"ez-toc-section\" id=\"Prepare-se-para-a-redacao-com-o-Estrategia-Vestibulares\"><\/span>Prepare-se para a reda&ccedil;&atilde;o com o Estrat&eacute;gia Vestibulares<span class=\"ez-toc-section-end\"><\/span><\/h2><p>Voc&ecirc; sabia que o Estrat&eacute;gia Vestibulares oferece corre&ccedil;&otilde;es ilimitadas de reda&ccedil;&otilde;es? Voc&ecirc; estuda com nosso material e treina quantas vezes quiser, sempre recebendo o feedback sobre suas produ&ccedil;&otilde;es. N&atilde;o &eacute; incr&iacute;vel?<\/p><p>Com os cursos da Coruja voc&ecirc; se prepara para o vestibular com um material completo e atualizado, aulas din&acirc;micas e funcionais, al&eacute;m de contar com Banco de Quest&otilde;es, revis&otilde;es de v&eacute;spera, salas VIP, monitorias e muito mais.<\/p><p>\n\n\n<a id=\"cta\" class=\"cta-imagem\" href=\"https:\/\/vestibulares.estrategia.com\/curso\/curso-interativo-enem-redaco-prof-fernando-andrade\/\" target=\"blank\">\n                <img decoding=\"async\" width=\"100%\" src=\"https:\/\/vestibulares.estrategia.com\/portal\/wp-content\/uploads\/2021\/07\/Redacao.jpg\" alt=\"Cursos de Reda\u00e7\u00e3o Estrat\u00e9gia Vestibulares\" title=\"Curso de Reda\u00e7\u00e3o Estrat\u00e9gia Vestibulares\">\n        <\/a>\n\n\n\n<\/p><h2 class=\"wp-block-heading\" id=\"h-veja-outras-citacoes-para-usar-na-redacao\"><span class=\"ez-toc-section\" id=\"Veja-citacoes-para-usar-na-redacao\"><\/span>Veja cita&ccedil;&otilde;es para usar na reda&ccedil;&atilde;o<span class=\"ez-toc-section-end\"><\/span><\/h2><ul class=\"wp-block-list\">\n<li><a href=\"https:\/\/vestibulares.estrategia.com\/portal\/materias\/redacao\/7-citacoes-repertorio-sociocultural-coringa\/\" target=\"_blank\">Repert&oacute;rio Sociocultural para reda&ccedil;&atilde;o: 7 cita&ccedil;&otilde;es coringa<\/a><\/li>\n\n\n\n<li><a href=\"https:\/\/vestibulares.estrategia.com\/portal\/materias\/redacao\/9-citacoes-sobre-o-orgulho-lgbtqia-para-usar-como-repertorio-sociocultural\/\" target=\"_blank\">9 cita&ccedil;&otilde;es sobre o Orgulho LGBTQIA+ para usar como repert&oacute;rio sociocultural<\/a><\/li>\n\n\n\n<li><a href=\"https:\/\/vestibulares.estrategia.com\/portal\/atualidades-e-dicas\/6-citacoes-sobre-refugiados-para-usar-na-redacao\/\" target=\"_blank\">6 cita&ccedil;&otilde;es sobre refugiados para usar na reda&ccedil;&atilde;o<\/a><\/li>\n\n\n\n<li><a href=\"https:\/\/vestibulares.estrategia.com\/portal\/materias\/redacao\/7-citacoes-sobre-educacao-para-usar-na-redacao\/\" target=\"_blank\">7 cita&ccedil;&otilde;es sobre educa&ccedil;&atilde;o para usar na reda&ccedil;&atilde;o<\/a><\/li>\n\n\n\n<li><a href=\"https:\/\/vestibulares.estrategia.com\/portal\/materias\/redacao\/11-citacoes-sobre-imprensa-para-usar-na-redacao\/\" target=\"_blank\">11 cita&ccedil;&otilde;es sobre imprensa para usar na reda&ccedil;&atilde;o<\/a><\/li>\n\n\n\n<li><a href=\"https:\/\/vestibulares.estrategia.com\/portal\/materias\/redacao\/7-citacoes-sobre-meio-ambiente-para-usar-na-redacao\/\" target=\"_blank\">7 cita&ccedil;&otilde;es sobre meio ambiente para usar na reda&ccedil;&atilde;o<\/a><\/li>\n\n\n\n<li><a href=\"https:\/\/vestibulares.estrategia.com\/portal\/materias\/redacao\/citacoes-filosoficas-redacao\" target=\"_blank\">9 cita&ccedil;&otilde;es filos&oacute;ficas para usar na reda&ccedil;&atilde;o<\/a><\/li>\n\n\n\n<li><a href=\"https:\/\/vestibulares.estrategia.com\/portal\/materias\/historia\/9-frases-marcantes-da-historia-do-brasil\/\" target=\"_blank\">9 frases marcantes na hist&oacute;ria do Brasil<\/a><\/li>\n\n\n\n<li><a href=\"https:\/\/vestibulares.estrategia.com\/portal\/materias\/redacao\/citacoes-desigualdade-social-redacao\/\" target=\"_blank\">15 cita&ccedil;&otilde;es sobre desigualdade social para usar na reda&ccedil;&atilde;o<\/a><\/li>\n\n\n\n<li><a href=\"https:\/\/vestibulares.estrategia.com\/portal\/materias\/redacao\/11-citacoes-sobre-ciencia-para-usar-na-redacao\/\" target=\"_blank\">11 cita&ccedil;&otilde;es sobre ci&ecirc;ncia para usar na reda&ccedil;&atilde;o<\/a><\/li>\n\n\n\n<li><a href=\"https:\/\/vestibulares.estrategia.com\/portal\/atualidades-e-dicas\/dia-internacional-nelson-mandela-veja-citacoes-e-questoes-sobre-o-lider-sul-africano\/\" target=\"_blank\">Nelson Mandela: veja cita&ccedil;&otilde;es e quest&otilde;es sobre o l&iacute;der sul-africano<\/a><\/li>\n\n\n\n<li><a href=\"https:\/\/vestibulares.estrategia.com\/portal\/materias\/redacao\/11-citacoes-sobre-cultura-para-usar-na-redacao\/\" target=\"_blank\">11 cita&ccedil;&otilde;es sobre cultura para usar na reda&ccedil;&atilde;o<\/a><\/li>\n\n\n\n<li><a href=\"https:\/\/vestibulares.estrategia.com\/portal\/materias\/redacao\/7-citacoes-sobre-politica-para-usar-na-redacao\/\">7 cita&ccedil;&otilde;es sobre pol&iacute;tica para usar na reda&ccedil;&atilde;o<\/a><\/li>\n\n\n\n<li><a href=\"https:\/\/vestibulares.estrategia.com\/portal\/materias\/redacao\/7-citacoes-sobre-violencia-para-usar-na-redacao\/\" target=\"_blank\">7 cita&ccedil;&otilde;es sobre viol&ecirc;ncia para usar na reda&ccedil;&atilde;o<\/a><\/li>\n\n\n\n<li><a href=\"https:\/\/vestibulares.estrategia.com\/portal\/materias\/redacao\/11-citacoes-sobre-tecnologia-para-usar-na-redacao\/\" target=\"_blank\">11 cita&ccedil;&otilde;es sobre tecnologia para usar na reda&ccedil;&atilde;o<\/a><\/li>\n\n\n\n<li><a href=\"https:\/\/vestibulares.estrategia.com\/portal\/materias\/redacao\/7-citacoes-sobre-saude-para-usar-como-repertorio-sociocultural-na-redacao\/\" target=\"_blank\">7 cita&ccedil;&otilde;es sobre sa&uacute;de para usar como repert&oacute;rio sociocultural na reda&ccedil;&atilde;o<\/a><\/li>\n\n\n\n<li><a href=\"https:\/\/vestibulares.estrategia.com\/portal\/materias\/redacao\/11-citacoes-sobre-saude-mental-para-usar-na-redacao\/\">11 cita&ccedil;&otilde;es sobre sa&uacute;de m<\/a><a href=\"https:\/\/vestibulares.estrategia.com\/portal\/materias\/redacao\/11-citacoes-sobre-saude-mental-para-usar-na-redacao\/\" target=\"_blank\">e<\/a><a href=\"https:\/\/vestibulares.estrategia.com\/portal\/materias\/redacao\/11-citacoes-sobre-saude-mental-para-usar-na-redacao\/\">ntal para usar na reda&ccedil;&atilde;o<\/a><\/li>\n\n\n\n<li><a href=\"https:\/\/vestibulares.estrategia.com\/portal\/materias\/redacao\/13-citacoes-sobre-trabalho-para-usar-na-redacao\/\" target=\"_blank\">13 cita&ccedil;&otilde;es sobre trabalho para usar na reda&ccedil;&atilde;o<\/a><\/li>\n\n\n\n<li><a href=\"https:\/\/vestibulares.estrategia.com\/portal\/atualidades-e-dicas\/18-frases-da-rainha-elizabeth-ii-para-usar-na-redacao\/\" target=\"_blank\">18 frases da Rainha Elizabeth II que marcaram o seu reinado<\/a><\/li>\n\n\n\n<li><a href=\"https:\/\/vestibulares.estrategia.com\/portal\/materias\/historia\/9-frases-marcantes-da-historia-do-brasil\/\" target=\"_blank\">9 frases marcantes na hist&oacute;ria do Brasil<\/a><\/li>\n\n\n\n<li><a href=\"https:\/\/vestibulares.estrategia.com\/portal\/materias\/redacao\/9-citacoes-sobre-mudancas-climaticas-para-usar-na-redacao\/\" target=\"_blank\">9 cita&ccedil;&otilde;es sobre mudan&ccedil;as clim&aacute;ticas para usar na reda&ccedil;&atilde;o<\/a><\/li>\n\n\n\n<li><a href=\"https:\/\/vestibulares.estrategia.com\/portal\/atualidades-e-dicas\/24-citacoes-de-paulo-freire-sobre-educacao-para-usar-na-redacao\/\" target=\"_blank\">24 cita&ccedil;&otilde;es de Paulo Freire sobre educa&ccedil;&atilde;o para usar na reda&ccedil;&atilde;o<\/a><\/li>\n\n\n\n<li><a href=\"https:\/\/vestibulares.estrategia.com\/portal\/materias\/redacao\/como-nao-usar-citacoes-nas-redacoes-do-enem-e-vestibulares\/\">Como N&Atilde;O usar cita&ccedil;&otilde;es nas reda&ccedil;&otilde;es do Enem e vestibulares<\/a><\/li>\n<\/ul><\/p>\n","protected":false},"excerpt":{"rendered":"Tema recorrente em propostas de reda\u00e7\u00e3o e quest\u00f5es dos vestibulares, o Portal Estrat\u00e9gia Vestibulares trouxe uma sele\u00e7\u00e3o de frases que v\u00e3o te ajudar nas provas\n","protected":false},"author":48,"featured_media":74655,"comment_status":"closed","ping_status":"closed","sticky":false,"template":"","format":"standard","meta":{"wl_entities_gutenberg":"","footnotes":""},"categories":[2],"tags":[],"wl_entity_type":[732],"class_list":{"0":"post-74654","1":"post","2":"type-post","3":"status-publish","4":"format-standard","5":"has-post-thumbnail","7":"category-redacao","8":"wl_entity_type-article"},"acf":[],"yoast_head":"<!-- This site is optimized with the Yoast SEO Premium plugin v25.9 (Yoast SEO v25.9) - https:\/\/yoast.com\/wordpress\/plugins\/seo\/ -->\n<title>7 cita\u00e7\u00f5es sobre sa\u00fade para usar como repert\u00f3rio sociocultural na reda\u00e7\u00e3o<\/title>\n<meta name=\"description\" content=\"Tema recorrente em propostas de reda\u00e7\u00e3o e quest\u00f5es dos vestibulares, trouxemos uma sele\u00e7\u00e3o de frases que v\u00e3o te ajudar nas provas\" \/>\n<meta name=\"robots\" content=\"index, follow, max-snippet:-1, max-image-preview:large, max-video-preview:-1\" \/>\n<link rel=\"canonical\" href=\"https:\/\/vestibulares.estrategia.com\/portal\/materias\/redacao\/7-citacoes-sobre-saude-para-usar-como-repertorio-sociocultural-na-redacao\/\" \/>\n<meta property=\"og:locale\" content=\"pt_BR\" \/>\n<meta property=\"og:type\" content=\"article\" \/>\n<meta property=\"og:title\" content=\"7 cita\u00e7\u00f5es sobre sa\u00fade para usar como repert\u00f3rio sociocultural na reda\u00e7\u00e3o\" \/>\n<meta property=\"og:description\" content=\"Tema recorrente em propostas de reda\u00e7\u00e3o e quest\u00f5es dos vestibulares, trouxemos uma sele\u00e7\u00e3o de frases que v\u00e3o te ajudar nas provas\" \/>\n<meta property=\"og:url\" content=\"https:\/\/vestibulares.estrategia.com\/portal\/materias\/redacao\/7-citacoes-sobre-saude-para-usar-como-repertorio-sociocultural-na-redacao\/\" \/>\n<meta property=\"og:site_name\" content=\"Estrat\u00e9gia Vestibulares\" \/>\n<meta property=\"article:publisher\" content=\"https:\/\/facebook.com\/estrategiavestibulares\" \/>\n<meta property=\"article:published_time\" content=\"2022-08-26T21:28:53+00:00\" \/>\n<meta property=\"article:modified_time\" content=\"2025-11-03T16:58:43+00:00\" \/>\n<meta property=\"og:image\" content=\"https:\/\/vestibulares.estrategia.com\/portal\/wp-content\/uploads\/2022\/08\/citacoes-sobre-saude-scaled.webp\" \/>\n\t<meta property=\"og:image:width\" content=\"2560\" \/>\n\t<meta property=\"og:image:height\" content=\"1707\" \/>\n\t<meta property=\"og:image:type\" content=\"image\/jpeg\" \/>\n<meta name=\"author\" content=\"Beatriz Santana\" \/>\n<meta name=\"twitter:card\" content=\"summary_large_image\" \/>\n<meta name=\"twitter:creator\" content=\"@Estrategiavest\" \/>\n<meta name=\"twitter:site\" content=\"@Estrategiavest\" \/>\n<meta name=\"twitter:label1\" content=\"Escrito por\" \/>\n\t<meta name=\"twitter:data1\" content=\"Beatriz Santana\" \/>\n\t<meta name=\"twitter:label2\" content=\"Est. tempo de leitura\" \/>\n\t<meta name=\"twitter:data2\" content=\"6 minutos\" \/>\n<script type=\"application\/ld+json\" class=\"yoast-schema-graph\">{\"@context\":\"https:\/\/schema.org\",\"@graph\":[{\"@type\":\"Article\",\"@id\":\"https:\/\/vestibulares.estrategia.com\/portal\/materias\/redacao\/7-citacoes-sobre-saude-para-usar-como-repertorio-sociocultural-na-redacao\/#article\",\"isPartOf\":{\"@id\":\"https:\/\/vestibulares.estrategia.com\/portal\/materias\/redacao\/7-citacoes-sobre-saude-para-usar-como-repertorio-sociocultural-na-redacao\/\"},\"author\":{\"name\":\"Beatriz Santana\",\"@id\":\"https:\/\/vestibulares.estrategia.com\/portal\/#\/schema\/person\/cdd941dcf53839374c0bc8d39bb0230f\"},\"headline\":\"7 cita\u00e7\u00f5es sobre sa\u00fade para usar como repert\u00f3rio sociocultural na reda\u00e7\u00e3o\",\"datePublished\":\"2022-08-26T21:28:53+00:00\",\"dateModified\":\"2025-11-03T16:58:43+00:00\",\"mainEntityOfPage\":{\"@id\":\"https:\/\/vestibulares.estrategia.com\/portal\/materias\/redacao\/7-citacoes-sobre-saude-para-usar-como-repertorio-sociocultural-na-redacao\/\"},\"wordCount\":1206,\"publisher\":{\"@id\":\"https:\/\/vestibulares.estrategia.com\/portal\/#organization\"},\"image\":{\"@id\":\"https:\/\/vestibulares.estrategia.com\/portal\/materias\/redacao\/7-citacoes-sobre-saude-para-usar-como-repertorio-sociocultural-na-redacao\/#primaryimage\"},\"thumbnailUrl\":\"https:\/\/vestibulares.estrategia.com\/portal\/wp-content\/uploads\/2022\/08\/citacoes-sobre-saude-scaled.webp\",\"articleSection\":[\"Reda\u00e7\u00e3o\"],\"inLanguage\":\"pt-BR\"},{\"@type\":\"WebPage\",\"@id\":\"https:\/\/vestibulares.estrategia.com\/portal\/materias\/redacao\/7-citacoes-sobre-saude-para-usar-como-repertorio-sociocultural-na-redacao\/\",\"url\":\"https:\/\/vestibulares.estrategia.com\/portal\/materias\/redacao\/7-citacoes-sobre-saude-para-usar-como-repertorio-sociocultural-na-redacao\/\",\"name\":\"7 cita\u00e7\u00f5es sobre sa\u00fade para usar como repert\u00f3rio sociocultural na reda\u00e7\u00e3o\",\"isPartOf\":{\"@id\":\"https:\/\/vestibulares.estrategia.com\/portal\/#website\"},\"primaryImageOfPage\":{\"@id\":\"https:\/\/vestibulares.estrategia.com\/portal\/materias\/redacao\/7-citacoes-sobre-saude-para-usar-como-repertorio-sociocultural-na-redacao\/#primaryimage\"},\"image\":{\"@id\":\"https:\/\/vestibulares.estrategia.com\/portal\/materias\/redacao\/7-citacoes-sobre-saude-para-usar-como-repertorio-sociocultural-na-redacao\/#primaryimage\"},\"thumbnailUrl\":\"https:\/\/vestibulares.estrategia.com\/portal\/wp-content\/uploads\/2022\/08\/citacoes-sobre-saude-scaled.webp\",\"datePublished\":\"2022-08-26T21:28:53+00:00\",\"dateModified\":\"2025-11-03T16:58:43+00:00\",\"description\":\"Tema recorrente em propostas de reda\u00e7\u00e3o e quest\u00f5es dos vestibulares, trouxemos uma sele\u00e7\u00e3o de frases que v\u00e3o te ajudar nas provas\",\"breadcrumb\":{\"@id\":\"https:\/\/vestibulares.estrategia.com\/portal\/materias\/redacao\/7-citacoes-sobre-saude-para-usar-como-repertorio-sociocultural-na-redacao\/#breadcrumb\"},\"inLanguage\":\"pt-BR\",\"potentialAction\":[{\"@type\":\"ReadAction\",\"target\":[\"https:\/\/vestibulares.estrategia.com\/portal\/materias\/redacao\/7-citacoes-sobre-saude-para-usar-como-repertorio-sociocultural-na-redacao\/\"]}]},{\"@type\":\"ImageObject\",\"inLanguage\":\"pt-BR\",\"@id\":\"https:\/\/vestibulares.estrategia.com\/portal\/materias\/redacao\/7-citacoes-sobre-saude-para-usar-como-repertorio-sociocultural-na-redacao\/#primaryimage\",\"url\":\"https:\/\/vestibulares.estrategia.com\/portal\/wp-content\/uploads\/2022\/08\/citacoes-sobre-saude-scaled.webp\",\"contentUrl\":\"https:\/\/vestibulares.estrategia.com\/portal\/wp-content\/uploads\/2022\/08\/citacoes-sobre-saude-scaled.webp\",\"width\":2560,\"height\":1707},{\"@type\":\"BreadcrumbList\",\"@id\":\"https:\/\/vestibulares.estrategia.com\/portal\/materias\/redacao\/7-citacoes-sobre-saude-para-usar-como-repertorio-sociocultural-na-redacao\/#breadcrumb\",\"itemListElement\":[{\"@type\":\"ListItem\",\"position\":1,\"name\":\"Home\",\"item\":\"https:\/\/vestibulares.estrategia.com\/portal\/\"},{\"@type\":\"ListItem\",\"position\":2,\"name\":\"Mat\u00e9rias\",\"item\":\"https:\/\/vestibulares.estrategia.com\/portal\/materias\/\"},{\"@type\":\"ListItem\",\"position\":3,\"name\":\"Reda\u00e7\u00e3o\",\"item\":\"https:\/\/vestibulares.estrategia.com\/portal\/materias\/redacao\/\"},{\"@type\":\"ListItem\",\"position\":4,\"name\":\"7 cita\u00e7\u00f5es sobre sa\u00fade para usar como repert\u00f3rio sociocultural na reda\u00e7\u00e3o\"}]},{\"@type\":\"WebSite\",\"@id\":\"https:\/\/vestibulares.estrategia.com\/portal\/#website\",\"url\":\"https:\/\/vestibulares.estrategia.com\/portal\/\",\"name\":\"Estrat\u00e9gia Vestibulares\",\"description\":\"\",\"publisher\":{\"@id\":\"https:\/\/vestibulares.estrategia.com\/portal\/#organization\"},\"potentialAction\":[{\"@type\":\"SearchAction\",\"target\":{\"@type\":\"EntryPoint\",\"urlTemplate\":\"https:\/\/vestibulares.estrategia.com\/portal\/?s={search_term_string}\"},\"query-input\":{\"@type\":\"PropertyValueSpecification\",\"valueRequired\":true,\"valueName\":\"search_term_string\"}}],\"inLanguage\":\"pt-BR\"},{\"@type\":\"Organization\",\"@id\":\"https:\/\/vestibulares.estrategia.com\/portal\/#organization\",\"name\":\"Estrat\u00e9gia Vestibulares\",\"url\":\"https:\/\/vestibulares.estrategia.com\/portal\/\",\"logo\":{\"@type\":\"ImageObject\",\"inLanguage\":\"pt-BR\",\"@id\":\"https:\/\/vestibulares.estrategia.com\/portal\/#\/schema\/logo\/image\/\",\"url\":\"https:\/\/vestibulares.estrategia.com\/portal\/wp-content\/uploads\/2021\/06\/Logo-Vestibulares@4x.png\",\"contentUrl\":\"https:\/\/vestibulares.estrategia.com\/portal\/wp-content\/uploads\/2021\/06\/Logo-Vestibulares@4x.png\",\"width\":250,\"height\":66,\"caption\":\"Estrat\u00e9gia Vestibulares\"},\"image\":{\"@id\":\"https:\/\/vestibulares.estrategia.com\/portal\/#\/schema\/logo\/image\/\"},\"sameAs\":[\"https:\/\/facebook.com\/estrategiavestibulares\",\"https:\/\/x.com\/Estrategiavest\",\"https:\/\/www.instagram.com\/estrategiavestibulares\",\"https:\/\/www.youtube.com\/channel\/UCGWdZy8ULI-7_5GrABa4vNA\"]},{\"@type\":\"Person\",\"@id\":\"https:\/\/vestibulares.estrategia.com\/portal\/#\/schema\/person\/cdd941dcf53839374c0bc8d39bb0230f\",\"name\":\"Beatriz Santana\",\"image\":{\"@type\":\"ImageObject\",\"inLanguage\":\"pt-BR\",\"@id\":\"https:\/\/vestibulares.estrategia.com\/portal\/#\/schema\/person\/image\/\",\"url\":\"https:\/\/vestibulares.estrategia.com\/portal\/wp-content\/uploads\/2022\/01\/WhatsApp-Image-2021-10-21-at-10.19.09-1-150x150.webp\",\"contentUrl\":\"https:\/\/vestibulares.estrategia.com\/portal\/wp-content\/uploads\/2022\/01\/WhatsApp-Image-2021-10-21-at-10.19.09-1-150x150.webp\",\"caption\":\"Beatriz Santana\"},\"description\":\"Jornalista formada pela Unesp\",\"url\":\"https:\/\/vestibulares.estrategia.com\/portal\/author\/beatriz-santana\/\"}]}<\/script>\n<!-- \/ Yoast SEO Premium plugin. -->","yoast_head_json":{"title":"7 cita\u00e7\u00f5es sobre sa\u00fade para usar como repert\u00f3rio sociocultural na reda\u00e7\u00e3o","description":"Tema recorrente em propostas de reda\u00e7\u00e3o e quest\u00f5es dos vestibulares, trouxemos uma sele\u00e7\u00e3o de frases que v\u00e3o te ajudar nas provas","robots":{"index":"index","follow":"follow","max-snippet":"max-snippet:-1","max-image-preview":"max-image-preview:large","max-video-preview":"max-video-preview:-1"},"canonical":"https:\/\/vestibulares.estrategia.com\/portal\/materias\/redacao\/7-citacoes-sobre-saude-para-usar-como-repertorio-sociocultural-na-redacao\/","og_locale":"pt_BR","og_type":"article","og_title":"7 cita\u00e7\u00f5es sobre sa\u00fade para usar como repert\u00f3rio sociocultural na reda\u00e7\u00e3o","og_description":"Tema recorrente em propostas de reda\u00e7\u00e3o e quest\u00f5es dos vestibulares, trouxemos uma sele\u00e7\u00e3o de frases que v\u00e3o te ajudar nas provas","og_url":"https:\/\/vestibulares.estrategia.com\/portal\/materias\/redacao\/7-citacoes-sobre-saude-para-usar-como-repertorio-sociocultural-na-redacao\/","og_site_name":"Estrat\u00e9gia Vestibulares","article_publisher":"https:\/\/facebook.com\/estrategiavestibulares","article_published_time":"2022-08-26T21:28:53+00:00","article_modified_time":"2025-11-03T16:58:43+00:00","og_image":[{"width":2560,"height":1707,"url":"https:\/\/vestibulares.estrategia.com\/portal\/wp-content\/uploads\/2022\/08\/citacoes-sobre-saude-scaled.webp","type":"image\/jpeg"}],"author":"Beatriz Santana","twitter_card":"summary_large_image","twitter_creator":"@Estrategiavest","twitter_site":"@Estrategiavest","twitter_misc":{"Escrito por":"Beatriz Santana","Est. tempo de leitura":"6 minutos"},"schema":{"@context":"https:\/\/schema.org","@graph":[{"@type":"Article","@id":"https:\/\/vestibulares.estrategia.com\/portal\/materias\/redacao\/7-citacoes-sobre-saude-para-usar-como-repertorio-sociocultural-na-redacao\/#article","isPartOf":{"@id":"https:\/\/vestibulares.estrategia.com\/portal\/materias\/redacao\/7-citacoes-sobre-saude-para-usar-como-repertorio-sociocultural-na-redacao\/"},"author":{"name":"Beatriz Santana","@id":"https:\/\/vestibulares.estrategia.com\/portal\/#\/schema\/person\/cdd941dcf53839374c0bc8d39bb0230f"},"headline":"7 cita\u00e7\u00f5es sobre sa\u00fade para usar como repert\u00f3rio sociocultural na reda\u00e7\u00e3o","datePublished":"2022-08-26T21:28:53+00:00","dateModified":"2025-11-03T16:58:43+00:00","mainEntityOfPage":{"@id":"https:\/\/vestibulares.estrategia.com\/portal\/materias\/redacao\/7-citacoes-sobre-saude-para-usar-como-repertorio-sociocultural-na-redacao\/"},"wordCount":1206,"publisher":{"@id":"https:\/\/vestibulares.estrategia.com\/portal\/#organization"},"image":{"@id":"https:\/\/vestibulares.estrategia.com\/portal\/materias\/redacao\/7-citacoes-sobre-saude-para-usar-como-repertorio-sociocultural-na-redacao\/#primaryimage"},"thumbnailUrl":"https:\/\/vestibulares.estrategia.com\/portal\/wp-content\/uploads\/2022\/08\/citacoes-sobre-saude-scaled.webp","articleSection":["Reda\u00e7\u00e3o"],"inLanguage":"pt-BR"},{"@type":"WebPage","@id":"https:\/\/vestibulares.estrategia.com\/portal\/materias\/redacao\/7-citacoes-sobre-saude-para-usar-como-repertorio-sociocultural-na-redacao\/","url":"https:\/\/vestibulares.estrategia.com\/portal\/materias\/redacao\/7-citacoes-sobre-saude-para-usar-como-repertorio-sociocultural-na-redacao\/","name":"7 cita\u00e7\u00f5es sobre sa\u00fade para usar como repert\u00f3rio sociocultural na reda\u00e7\u00e3o","isPartOf":{"@id":"https:\/\/vestibulares.estrategia.com\/portal\/#website"},"primaryImageOfPage":{"@id":"https:\/\/vestibulares.estrategia.com\/portal\/materias\/redacao\/7-citacoes-sobre-saude-para-usar-como-repertorio-sociocultural-na-redacao\/#primaryimage"},"image":{"@id":"https:\/\/vestibulares.estrategia.com\/portal\/materias\/redacao\/7-citacoes-sobre-saude-para-usar-como-repertorio-sociocultural-na-redacao\/#primaryimage"},"thumbnailUrl":"https:\/\/vestibulares.estrategia.com\/portal\/wp-content\/uploads\/2022\/08\/citacoes-sobre-saude-scaled.webp","datePublished":"2022-08-26T21:28:53+00:00","dateModified":"2025-11-03T16:58:43+00:00","description":"Tema recorrente em propostas de reda\u00e7\u00e3o e quest\u00f5es dos vestibulares, trouxemos uma sele\u00e7\u00e3o de frases que v\u00e3o te ajudar nas provas","breadcrumb":{"@id":"https:\/\/vestibulares.estrategia.com\/portal\/materias\/redacao\/7-citacoes-sobre-saude-para-usar-como-repertorio-sociocultural-na-redacao\/#breadcrumb"},"inLanguage":"pt-BR","potentialAction":[{"@type":"ReadAction","target":["https:\/\/vestibulares.estrategia.com\/portal\/materias\/redacao\/7-citacoes-sobre-saude-para-usar-como-repertorio-sociocultural-na-redacao\/"]}]},{"@type":"ImageObject","inLanguage":"pt-BR","@id":"https:\/\/vestibulares.estrategia.com\/portal\/materias\/redacao\/7-citacoes-sobre-saude-para-usar-como-repertorio-sociocultural-na-redacao\/#primaryimage","url":"https:\/\/vestibulares.estrategia.com\/portal\/wp-content\/uploads\/2022\/08\/citacoes-sobre-saude-scaled.webp","contentUrl":"https:\/\/vestibulares.estrategia.com\/portal\/wp-content\/uploads\/2022\/08\/citacoes-sobre-saude-scaled.webp","width":2560,"height":1707},{"@type":"BreadcrumbList","@id":"https:\/\/vestibulares.estrategia.com\/portal\/materias\/redacao\/7-citacoes-sobre-saude-para-usar-como-repertorio-sociocultural-na-redacao\/#breadcrumb","itemListElement":[{"@type":"ListItem","position":1,"name":"Home","item":"https:\/\/vestibulares.estrategia.com\/portal\/"},{"@type":"ListItem","position":2,"name":"Mat\u00e9rias","item":"https:\/\/vestibulares.estrategia.com\/portal\/materias\/"},{"@type":"ListItem","position":3,"name":"Reda\u00e7\u00e3o","item":"https:\/\/vestibulares.estrategia.com\/portal\/materias\/redacao\/"},{"@type":"ListItem","position":4,"name":"7 cita\u00e7\u00f5es sobre sa\u00fade para usar como repert\u00f3rio sociocultural na reda\u00e7\u00e3o"}]},{"@type":"WebSite","@id":"https:\/\/vestibulares.estrategia.com\/portal\/#website","url":"https:\/\/vestibulares.estrategia.com\/portal\/","name":"Estrat\u00e9gia Vestibulares","description":"","publisher":{"@id":"https:\/\/vestibulares.estrategia.com\/portal\/#organization"},"potentialAction":[{"@type":"SearchAction","target":{"@type":"EntryPoint","urlTemplate":"https:\/\/vestibulares.estrategia.com\/portal\/?s={search_term_string}"},"query-input":{"@type":"PropertyValueSpecification","valueRequired":true,"valueName":"search_term_string"}}],"inLanguage":"pt-BR"},{"@type":"Organization","@id":"https:\/\/vestibulares.estrategia.com\/portal\/#organization","name":"Estrat\u00e9gia Vestibulares","url":"https:\/\/vestibulares.estrategia.com\/portal\/","logo":{"@type":"ImageObject","inLanguage":"pt-BR","@id":"https:\/\/vestibulares.estrategia.com\/portal\/#\/schema\/logo\/image\/","url":"https:\/\/vestibulares.estrategia.com\/portal\/wp-content\/uploads\/2021\/06\/Logo-Vestibulares@4x.png","contentUrl":"https:\/\/vestibulares.estrategia.com\/portal\/wp-content\/uploads\/2021\/06\/Logo-Vestibulares@4x.png","width":250,"height":66,"caption":"Estrat\u00e9gia Vestibulares"},"image":{"@id":"https:\/\/vestibulares.estrategia.com\/portal\/#\/schema\/logo\/image\/"},"sameAs":["https:\/\/facebook.com\/estrategiavestibulares","https:\/\/x.com\/Estrategiavest","https:\/\/www.instagram.com\/estrategiavestibulares","https:\/\/www.youtube.com\/channel\/UCGWdZy8ULI-7_5GrABa4vNA"]},{"@type":"Person","@id":"https:\/\/vestibulares.estrategia.com\/portal\/#\/schema\/person\/cdd941dcf53839374c0bc8d39bb0230f","name":"Beatriz Santana","image":{"@type":"ImageObject","inLanguage":"pt-BR","@id":"https:\/\/vestibulares.estrategia.com\/portal\/#\/schema\/person\/image\/","url":"https:\/\/vestibulares.estrategia.com\/portal\/wp-content\/uploads\/2022\/01\/WhatsApp-Image-2021-10-21-at-10.19.09-1-150x150.webp","contentUrl":"https:\/\/vestibulares.estrategia.com\/portal\/wp-content\/uploads\/2022\/01\/WhatsApp-Image-2021-10-21-at-10.19.09-1-150x150.webp","caption":"Beatriz Santana"},"description":"Jornalista formada pela Unesp","url":"https:\/\/vestibulares.estrategia.com\/portal\/author\/beatriz-santana\/"}]}},"_wl_alt_label":[],"wl:entity_url":"https:\/\/data.wordlift.io\/wl110249\/post\/7-citacoes-sobre-saude-para-usar-como-repertorio-sociocultural-na-redacao","_links":{"self":[{"href":"https:\/\/vestibulares.estrategia.com\/portal\/wp-json\/wp\/v2\/posts\/74654","targetHints":{"allow":["GET"]}}],"collection":[{"href":"https:\/\/vestibulares.estrategia.com\/portal\/wp-json\/wp\/v2\/posts"}],"about":[{"href":"https:\/\/vestibulares.estrategia.com\/portal\/wp-json\/wp\/v2\/types\/post"}],"author":[{"embeddable":true,"href":"https:\/\/vestibulares.estrategia.com\/portal\/wp-json\/wp\/v2\/users\/48"}],"replies":[{"embeddable":true,"href":"https:\/\/vestibulares.estrategia.com\/portal\/wp-json\/wp\/v2\/comments?post=74654"}],"version-history":[{"count":9,"href":"https:\/\/vestibulares.estrategia.com\/portal\/wp-json\/wp\/v2\/posts\/74654\/revisions"}],"predecessor-version":[{"id":147753,"href":"https:\/\/vestibulares.estrategia.com\/portal\/wp-json\/wp\/v2\/posts\/74654\/revisions\/147753"}],"wp:featuredmedia":[{"embeddable":true,"href":"https:\/\/vestibulares.estrategia.com\/portal\/wp-json\/wp\/v2\/media\/74655"}],"wp:attachment":[{"href":"https:\/\/vestibulares.estrategia.com\/portal\/wp-json\/wp\/v2\/media?parent=74654"}],"wp:term":[{"taxonomy":"category","embeddable":true,"href":"https:\/\/vestibulares.estrategia.com\/portal\/wp-json\/wp\/v2\/categories?post=74654"},{"taxonomy":"post_tag","embeddable":true,"href":"https:\/\/vestibulares.estrategia.com\/portal\/wp-json\/wp\/v2\/tags?post=74654"},{"taxonomy":"wl_entity_type","embeddable":true,"href":"https:\/\/vestibulares.estrategia.com\/portal\/wp-json\/wp\/v2\/wl_entity_type?post=74654"}],"curies":[{"name":"wp","href":"https:\/\/api.w.org\/{rel}","templated":true}]}}