{"id":75599,"date":"2022-09-06T07:40:23","date_gmt":"2022-09-06T10:40:23","guid":{"rendered":"https:\/\/vestibulares.estrategia.com\/portal\/?p=75599"},"modified":"2022-09-06T07:40:30","modified_gmt":"2022-09-06T10:40:30","slug":"como-e-a-prova-do-vestibular-da-ufsc","status":"publish","type":"post","link":"https:\/\/vestibulares.estrategia.com\/portal\/enem-e-vestibulares\/vestibulares\/como-e-a-prova-do-vestibular-da-ufsc\/","title":{"rendered":"Como \u00e9 a prova do vestibular da UFSC?"},"content":{"rendered":"<p>A Universidade Federal de Santa Catarina (<a href=\"https:\/\/vestibulares.estrategia.com\/portal\/enem-e-vestibulares\/vestibulares\/vestibular-ufsc\/\" target=\"_blank\">UFSC<\/a>) possui 16 cursos de gradua&ccedil;&atilde;o com cinco estrelas no Guia da Faculdade, al&eacute;m de outros 62 com quatro estrelas. A institui&ccedil;&atilde;o conta com mais de 30 mil alunos matriculados em 110 cursos presenciais e a dist&acirc;ncia.<p>De acordo com o &Iacute;ndice Geral de Cursos (IGC), avalia&ccedil;&atilde;o desenvolvida pelo Minist&eacute;rio da Educa&ccedil;&atilde;o (MEC), a UFSC &eacute; considerada a quarta melhor universidade federal do Brasil. Al&eacute;m disso, a institui&ccedil;&atilde;o &eacute; considerada s&eacute;tima melhor universidade do pa&iacute;s pelo Ranking Universit&aacute;rio da Folha de 2019.<\/p><p class=\"wp-block-verse\">Veja tamb&eacute;m: <a href=\"https:\/\/vestibulares.estrategia.com\/portal\/enem-e-vestibulares\/vestibulares\/notas-do-mec\/\" target=\"_blank\">Nota do MEC: veja quais s&atilde;o e como s&atilde;o calculadas<\/a><\/p><p>Uma vez por ano a universidade aplica seu tradicional vestibular para selecionar novos alunos para a institui&ccedil;&atilde;o. Tem interesse em ingressar na federal de Santa Catarina? Confira abaixo como &eacute; o vestibular da UFSC:<\/p><div id=\"ez-toc-container\" class=\"ez-toc-v2_0_76 counter-hierarchy ez-toc-counter ez-toc-transparent ez-toc-container-direction\">\n<div class=\"ez-toc-title-container\"><p class=\"ez-toc-title\" style=\"cursor:inherit\">Navegue pelo conte\u00fado<\/p>\n<\/div><nav><ul class='ez-toc-list ez-toc-list-level-1 ' ><li class='ez-toc-page-1 ez-toc-heading-level-2'><a class=\"ez-toc-link ez-toc-heading-1\" href=\"https:\/\/vestibulares.estrategia.com\/portal\/enem-e-vestibulares\/vestibulares\/como-e-a-prova-do-vestibular-da-ufsc\/#Como-participar-do-vestibular-da-UFSC\" >Como participar do vestibular da UFSC?<\/a><\/li><li class='ez-toc-page-1 ez-toc-heading-level-2'><a class=\"ez-toc-link ez-toc-heading-2\" href=\"https:\/\/vestibulares.estrategia.com\/portal\/enem-e-vestibulares\/vestibulares\/como-e-a-prova-do-vestibular-da-ufsc\/#Como-e-o-vestibular-da-UFSC\" >Como &eacute; o vestibular da UFSC?<\/a><\/li><li class='ez-toc-page-1 ez-toc-heading-level-2'><a class=\"ez-toc-link ez-toc-heading-3\" href=\"https:\/\/vestibulares.estrategia.com\/portal\/enem-e-vestibulares\/vestibulares\/como-e-a-prova-do-vestibular-da-ufsc\/#Como-e-a-redacao-da-UFSC\" >Como &eacute; a reda&ccedil;&atilde;o da UFSC?<\/a><\/li><li class='ez-toc-page-1 ez-toc-heading-level-2'><a class=\"ez-toc-link ez-toc-heading-4\" href=\"https:\/\/vestibulares.estrategia.com\/portal\/enem-e-vestibulares\/vestibulares\/como-e-a-prova-do-vestibular-da-ufsc\/#Nota-de-corte-da-UFSC\" >Nota de corte da UFSC<\/a><\/li><li class='ez-toc-page-1 ez-toc-heading-level-2'><a class=\"ez-toc-link ez-toc-heading-5\" href=\"https:\/\/vestibulares.estrategia.com\/portal\/enem-e-vestibulares\/vestibulares\/como-e-a-prova-do-vestibular-da-ufsc\/#Estude-com-o-Estrategia-Vestibulares\" >Estude com o Estrat&eacute;gia Vestibulares<\/a><\/li><\/ul><\/nav><\/div>\n<h2 class=\"wp-block-heading\" id=\"h-como-participar-do-vestibular-da-ufsc\"><span class=\"ez-toc-section\" id=\"Como-participar-do-vestibular-da-UFSC\"><\/span>Como participar do vestibular da UFSC?<span class=\"ez-toc-section-end\"><\/span><\/h2><p>Para participar dos processos seletivos da institui&ccedil;&atilde;o, os candidatos devem acessar o site da Comiss&atilde;o Permanente do Vestibular (<a href=\"https:\/\/coperve.ufsc.br\/\" target=\"_blank\">Coperve<\/a>). A universidade oferece dois tipos de forma de ingresso, sendo:<\/p><ul class=\"wp-block-list\"><li>Vestibular: 70% das vagas e acontece anualmente, onde os candidatos realizam duas fases; e&nbsp;<\/li><li>Sistema de Sele&ccedil;&atilde;o Unificado (<a href=\"https:\/\/vestibulares.estrategia.com\/portal\/guias\/sisu-o-que-e\/\" target=\"_blank\">Sisu<\/a>): 30% das vagas.<\/li><\/ul><p>Vale ressaltar que a institui&ccedil;&atilde;o oferece oito modalidades de cotas aplic&aacute;veis, sendo divididas entre egressos do sistema p&uacute;blico no Ensino M&eacute;dio, autodeclarados pretos, pardos ou ind&iacute;genas e pessoas com defici&ecirc;ncia, com faixas de renda espec&iacute;ficas.<\/p><h2 class=\"wp-block-heading\" id=\"h-como-e-o-vestibular-da-ufsc\"><span class=\"ez-toc-section\" id=\"Como-e-o-vestibular-da-UFSC\"><\/span>Como &eacute; o vestibular da UFSC?<span class=\"ez-toc-section-end\"><\/span><\/h2><p>O vestibular UFSC 2023 tem apenas uma fase e ser&aacute; aplicado em dois dias de prova, e est&aacute; prevista para acontecer nos dias 10 e 11 de dezembro. Confira abaixo a distribui&ccedil;&atilde;o das quest&otilde;es e reda&ccedil;&atilde;o:<\/p><ul class=\"wp-block-list\"><li>Primeiro dia: 40 quest&otilde;es objetivas (12 quest&otilde;es de Portugu&ecirc;s e Literatura Brasileira ou Libras, 8 quest&otilde;es de Alem&atilde;o, Espanhol, Franc&ecirc;s, Ingl&ecirc;s, Italiano, Libras ou L&iacute;ngua Portuguesa e Literatura Brasileira, 10 quest&otilde;es de Matem&aacute;tica e 10 quest&otilde;es de Biologia).<\/li><li>Segundo dia: 40 quest&otilde;es objetivas (7 quest&otilde;es de Hist&oacute;rias, 7 quest&otilde;es de Geografia, 2 de Filosofia, 2 de Sociologia, 2 quest&otilde;es Interdisciplinares e 10 quest&otilde;es de Qu&iacute;mica e F&iacute;sica cada), al&eacute;m da reda&ccedil;&atilde;o.<\/li><\/ul><p>Vale ressaltar que, nesta edi&ccedil;&atilde;o, o vestibular da institui&ccedil;&atilde;o tamb&eacute;m selecionar&aacute; para o Instituto Federal de Santa Catarina (IFSC).<\/p><h2 class=\"wp-block-heading\" id=\"h-como-e-a-redacao-da-ufsc\"><span class=\"ez-toc-section\" id=\"Como-e-a-redacao-da-UFSC\"><\/span>Como &eacute; a reda&ccedil;&atilde;o da UFSC?<span class=\"ez-toc-section-end\"><\/span><\/h2><p>A reda&ccedil;&atilde;o do vestibular da institui&ccedil;&atilde;o &eacute; avaliada de 0,00 a 10,00. Essa avalia&ccedil;&atilde;o considera o conte&uacute;do e a express&atilde;o escrita de acordo com o seguintes crit&eacute;rios:<\/p><ul class=\"wp-block-list\"><li>Adequa&ccedil;&atilde;o &agrave; proposta &mdash; tema e g&ecirc;nero (0,00 a 2,50 pontos);<\/li><li>Emprego da modalidade escrita na variedade padr&atilde;o (0,00 a 2,50 pontos);<\/li><li>Coer&ecirc;ncia e coes&atilde;o (0,00 a 2,50 pontos); e<\/li><li>N&iacute;vel de informatividade e de argumenta&ccedil;&atilde;o ou narratividade, de acordo com a proposta (0,00 a 2,50 pontos).<\/li><\/ul><h2 class=\"wp-block-heading\" id=\"h-nota-de-corte-da-ufsc\"><span class=\"ez-toc-section\" id=\"Nota-de-corte-da-UFSC\"><\/span>Nota de corte da UFSC<span class=\"ez-toc-section-end\"><\/span><\/h2><p>Confira abaixo as maiores notas de corte da UFSC pelo Sisu:<\/p><figure class=\"wp-block-table is-style-stripes\"><table><thead><tr><th>Curso<\/th><th>Nota de Corte<\/th><\/tr><\/thead><tbody><tr><td>Medicina<\/td><td>828,31<\/td><\/tr><tr><td>Ci&ecirc;ncia da Computa&ccedil;&atilde;o<\/td><td>790,13<\/td><\/tr><tr><td>Engenharia Aeroespacial<\/td><td>772,63<\/td><\/tr><tr><td>Odontologia<\/td><td>767,04<\/td><\/tr><tr><td>Anima&ccedil;&atilde;o<\/td><td>766,27<\/td><\/tr><\/tbody><\/table><\/figure><p class=\"wp-block-verse\">Saiba mais: <a href=\"https:\/\/vestibulares.estrategia.com\/portal\/enem-e-vestibulares\/vestibulares\/ufsc-veja-as-notas-de-corte-da-universidade\/\" target=\"_blank\">UFSC: veja as notas de corte da universidade<\/a><\/p><h2 class=\"wp-block-heading\" id=\"h-estude-com-o-estrategia-vestibulares\"><span class=\"ez-toc-section\" id=\"Estude-com-o-Estrategia-Vestibulares\"><\/span>Estude com o Estrat&eacute;gia Vestibulares<span class=\"ez-toc-section-end\"><\/span><\/h2><p>Ficou interessado no vestibular da UFSC? N&atilde;o deixe de acompanhar o Estrat&eacute;gia Vestibulares! Aqui voc&ecirc; encontra diversos artigos, cursos e simulados para te ajudar a conquistar a vaga dos seus sonhos.<\/p><p>\n\n\n\n<a id=\"cta\" class=\"cta-imagem\" href=\"https:\/\/vestibulares.estrategia.com\/curso\/pacote-ufsc\/\" target=\"blank\">\n                <img decoding=\"async\" width=\"100%\" src=\"https:\/\/vestibulares.estrategia.com\/portal\/wp-content\/uploads\/2021\/12\/UFSC.jpg\" alt=\"CTA UFSC\" title=\"UFSC\">\n        <\/a>\n<\/p><\/p>\n","protected":false},"excerpt":{"rendered":"Voc\u00ea j\u00e1 sabe como \u00e9 a prova do vestibular da UFSC? Acompanhe esse artigo e confira todas as informa\u00e7\u00f5es do processo seletivo!\n","protected":false},"author":29,"featured_media":75600,"comment_status":"closed","ping_status":"closed","sticky":false,"template":"","format":"standard","meta":{"wl_entities_gutenberg":"","footnotes":""},"categories":[35],"tags":[],"wl_entity_type":[732],"class_list":{"0":"post-75599","1":"post","2":"type-post","3":"status-publish","4":"format-standard","5":"has-post-thumbnail","7":"category-vestibulares","8":"wl_entity_type-article"},"acf":[],"yoast_head":"<!-- This site is optimized with the Yoast SEO Premium plugin v25.9 (Yoast SEO v25.9) - https:\/\/yoast.com\/wordpress\/plugins\/seo\/ -->\n<title>Como \u00e9 a prova do vestibular da UFSC?<\/title>\n<meta name=\"description\" content=\"Voc\u00ea j\u00e1 sabe como \u00e9 a prova do vestibular da UFSC? Acompanhe esse artigo e confira todas as informa\u00e7\u00f5es do processo seletivo!\" \/>\n<meta name=\"robots\" content=\"index, follow, max-snippet:-1, max-image-preview:large, max-video-preview:-1\" \/>\n<link rel=\"canonical\" href=\"https:\/\/vestibulares.estrategia.com\/portal\/enem-e-vestibulares\/vestibulares\/como-e-a-prova-do-vestibular-da-ufsc\/\" \/>\n<meta property=\"og:locale\" content=\"pt_BR\" \/>\n<meta property=\"og:type\" content=\"article\" \/>\n<meta property=\"og:title\" content=\"Como \u00e9 a prova do vestibular da UFSC?\" \/>\n<meta property=\"og:description\" content=\"Voc\u00ea j\u00e1 sabe como \u00e9 a prova do vestibular da UFSC? Acompanhe esse artigo e confira todas as informa\u00e7\u00f5es do processo seletivo!\" \/>\n<meta property=\"og:url\" content=\"https:\/\/vestibulares.estrategia.com\/portal\/enem-e-vestibulares\/vestibulares\/como-e-a-prova-do-vestibular-da-ufsc\/\" \/>\n<meta property=\"og:site_name\" content=\"Estrat\u00e9gia Vestibulares\" \/>\n<meta property=\"article:publisher\" content=\"https:\/\/facebook.com\/estrategiavestibulares\" \/>\n<meta property=\"article:published_time\" content=\"2022-09-06T10:40:23+00:00\" \/>\n<meta property=\"article:modified_time\" content=\"2022-09-06T10:40:30+00:00\" \/>\n<meta property=\"og:image\" content=\"https:\/\/cdn.blog.estrategiavestibulares.com.br\/vestibulares\/wp-content\/uploads\/2022\/09\/como-e-a-prova-do-vestibular-da-ufsc-1.jpg\" \/>\n\t<meta property=\"og:image:width\" content=\"1280\" \/>\n\t<meta property=\"og:image:height\" content=\"720\" \/>\n\t<meta property=\"og:image:type\" content=\"image\/jpeg\" \/>\n<meta name=\"author\" content=\"J\u00falia Wasko\" \/>\n<meta name=\"twitter:card\" content=\"summary_large_image\" \/>\n<meta name=\"twitter:creator\" content=\"@Estrategiavest\" \/>\n<meta name=\"twitter:site\" content=\"@Estrategiavest\" \/>\n<meta name=\"twitter:label1\" content=\"Escrito por\" \/>\n\t<meta name=\"twitter:data1\" content=\"J\u00falia Wasko\" \/>\n\t<meta name=\"twitter:label2\" content=\"Est. tempo de leitura\" \/>\n\t<meta name=\"twitter:data2\" content=\"3 minutos\" \/>\n<script type=\"application\/ld+json\" class=\"yoast-schema-graph\">{\"@context\":\"https:\/\/schema.org\",\"@graph\":[{\"@type\":\"NewsArticle\",\"@id\":\"https:\/\/vestibulares.estrategia.com\/portal\/enem-e-vestibulares\/vestibulares\/como-e-a-prova-do-vestibular-da-ufsc\/#article\",\"isPartOf\":{\"@id\":\"https:\/\/vestibulares.estrategia.com\/portal\/enem-e-vestibulares\/vestibulares\/como-e-a-prova-do-vestibular-da-ufsc\/\"},\"author\":{\"name\":\"J\u00falia Wasko\",\"@id\":\"https:\/\/vestibulares.estrategia.com\/portal\/#\/schema\/person\/83d5c517a965e3fd3fc7016a981cb8fe\"},\"headline\":\"Como \u00e9 a prova do vestibular da UFSC?\",\"datePublished\":\"2022-09-06T10:40:23+00:00\",\"dateModified\":\"2022-09-06T10:40:30+00:00\",\"mainEntityOfPage\":{\"@id\":\"https:\/\/vestibulares.estrategia.com\/portal\/enem-e-vestibulares\/vestibulares\/como-e-a-prova-do-vestibular-da-ufsc\/\"},\"wordCount\":552,\"publisher\":{\"@id\":\"https:\/\/vestibulares.estrategia.com\/portal\/#organization\"},\"image\":{\"@id\":\"https:\/\/vestibulares.estrategia.com\/portal\/enem-e-vestibulares\/vestibulares\/como-e-a-prova-do-vestibular-da-ufsc\/#primaryimage\"},\"thumbnailUrl\":\"https:\/\/vestibulares.estrategia.com\/portal\/wp-content\/uploads\/2022\/09\/como-e-a-prova-do-vestibular-da-ufsc-1.jpg\",\"articleSection\":[\"Vestibulares\"],\"inLanguage\":\"pt-BR\"},{\"@type\":\"WebPage\",\"@id\":\"https:\/\/vestibulares.estrategia.com\/portal\/enem-e-vestibulares\/vestibulares\/como-e-a-prova-do-vestibular-da-ufsc\/\",\"url\":\"https:\/\/vestibulares.estrategia.com\/portal\/enem-e-vestibulares\/vestibulares\/como-e-a-prova-do-vestibular-da-ufsc\/\",\"name\":\"Como \u00e9 a prova do vestibular da UFSC?\",\"isPartOf\":{\"@id\":\"https:\/\/vestibulares.estrategia.com\/portal\/#website\"},\"primaryImageOfPage\":{\"@id\":\"https:\/\/vestibulares.estrategia.com\/portal\/enem-e-vestibulares\/vestibulares\/como-e-a-prova-do-vestibular-da-ufsc\/#primaryimage\"},\"image\":{\"@id\":\"https:\/\/vestibulares.estrategia.com\/portal\/enem-e-vestibulares\/vestibulares\/como-e-a-prova-do-vestibular-da-ufsc\/#primaryimage\"},\"thumbnailUrl\":\"https:\/\/vestibulares.estrategia.com\/portal\/wp-content\/uploads\/2022\/09\/como-e-a-prova-do-vestibular-da-ufsc-1.jpg\",\"datePublished\":\"2022-09-06T10:40:23+00:00\",\"dateModified\":\"2022-09-06T10:40:30+00:00\",\"description\":\"Voc\u00ea j\u00e1 sabe como \u00e9 a prova do vestibular da UFSC? Acompanhe esse artigo e confira todas as informa\u00e7\u00f5es do processo seletivo!\",\"breadcrumb\":{\"@id\":\"https:\/\/vestibulares.estrategia.com\/portal\/enem-e-vestibulares\/vestibulares\/como-e-a-prova-do-vestibular-da-ufsc\/#breadcrumb\"},\"inLanguage\":\"pt-BR\",\"potentialAction\":[{\"@type\":\"ReadAction\",\"target\":[\"https:\/\/vestibulares.estrategia.com\/portal\/enem-e-vestibulares\/vestibulares\/como-e-a-prova-do-vestibular-da-ufsc\/\"]}]},{\"@type\":\"ImageObject\",\"inLanguage\":\"pt-BR\",\"@id\":\"https:\/\/vestibulares.estrategia.com\/portal\/enem-e-vestibulares\/vestibulares\/como-e-a-prova-do-vestibular-da-ufsc\/#primaryimage\",\"url\":\"https:\/\/vestibulares.estrategia.com\/portal\/wp-content\/uploads\/2022\/09\/como-e-a-prova-do-vestibular-da-ufsc-1.jpg\",\"contentUrl\":\"https:\/\/vestibulares.estrategia.com\/portal\/wp-content\/uploads\/2022\/09\/como-e-a-prova-do-vestibular-da-ufsc-1.jpg\",\"width\":1280,\"height\":720},{\"@type\":\"BreadcrumbList\",\"@id\":\"https:\/\/vestibulares.estrategia.com\/portal\/enem-e-vestibulares\/vestibulares\/como-e-a-prova-do-vestibular-da-ufsc\/#breadcrumb\",\"itemListElement\":[{\"@type\":\"ListItem\",\"position\":1,\"name\":\"Home\",\"item\":\"https:\/\/vestibulares.estrategia.com\/portal\/\"},{\"@type\":\"ListItem\",\"position\":2,\"name\":\"Enem e Vestibulares\",\"item\":\"https:\/\/vestibulares.estrategia.com\/portal\/enem-e-vestibulares\/\"},{\"@type\":\"ListItem\",\"position\":3,\"name\":\"Vestibulares\",\"item\":\"https:\/\/vestibulares.estrategia.com\/portal\/enem-e-vestibulares\/vestibulares\/\"},{\"@type\":\"ListItem\",\"position\":4,\"name\":\"Como \u00e9 a prova do vestibular da UFSC?\"}]},{\"@type\":\"WebSite\",\"@id\":\"https:\/\/vestibulares.estrategia.com\/portal\/#website\",\"url\":\"https:\/\/vestibulares.estrategia.com\/portal\/\",\"name\":\"Estrat\u00e9gia Vestibulares\",\"description\":\"\",\"publisher\":{\"@id\":\"https:\/\/vestibulares.estrategia.com\/portal\/#organization\"},\"potentialAction\":[{\"@type\":\"SearchAction\",\"target\":{\"@type\":\"EntryPoint\",\"urlTemplate\":\"https:\/\/vestibulares.estrategia.com\/portal\/?s={search_term_string}\"},\"query-input\":{\"@type\":\"PropertyValueSpecification\",\"valueRequired\":true,\"valueName\":\"search_term_string\"}}],\"inLanguage\":\"pt-BR\"},{\"@type\":\"Organization\",\"@id\":\"https:\/\/vestibulares.estrategia.com\/portal\/#organization\",\"name\":\"Estrat\u00e9gia Vestibulares\",\"url\":\"https:\/\/vestibulares.estrategia.com\/portal\/\",\"logo\":{\"@type\":\"ImageObject\",\"inLanguage\":\"pt-BR\",\"@id\":\"https:\/\/vestibulares.estrategia.com\/portal\/#\/schema\/logo\/image\/\",\"url\":\"https:\/\/vestibulares.estrategia.com\/portal\/wp-content\/uploads\/2021\/06\/Logo-Vestibulares@4x.png\",\"contentUrl\":\"https:\/\/vestibulares.estrategia.com\/portal\/wp-content\/uploads\/2021\/06\/Logo-Vestibulares@4x.png\",\"width\":250,\"height\":66,\"caption\":\"Estrat\u00e9gia Vestibulares\"},\"image\":{\"@id\":\"https:\/\/vestibulares.estrategia.com\/portal\/#\/schema\/logo\/image\/\"},\"sameAs\":[\"https:\/\/facebook.com\/estrategiavestibulares\",\"https:\/\/x.com\/Estrategiavest\",\"https:\/\/www.instagram.com\/estrategiavestibulares\",\"https:\/\/www.youtube.com\/channel\/UCGWdZy8ULI-7_5GrABa4vNA\"]},{\"@type\":\"Person\",\"@id\":\"https:\/\/vestibulares.estrategia.com\/portal\/#\/schema\/person\/83d5c517a965e3fd3fc7016a981cb8fe\",\"name\":\"J\u00falia Wasko\",\"image\":{\"@type\":\"ImageObject\",\"inLanguage\":\"pt-BR\",\"@id\":\"https:\/\/vestibulares.estrategia.com\/portal\/#\/schema\/person\/image\/\",\"url\":\"https:\/\/secure.gravatar.com\/avatar\/dab6fb308a491eea989a46ec58d3714d?s=96&d=mm&r=g\",\"contentUrl\":\"https:\/\/secure.gravatar.com\/avatar\/dab6fb308a491eea989a46ec58d3714d?s=96&d=mm&r=g\",\"caption\":\"J\u00falia Wasko\"},\"description\":\"Curso Jornalismo e sou apaixonada por entretenimento, comunica\u00e7\u00e3o e not\u00edcia! Adoro ler e curtir momentos com fam\u00edlia e amigos!\",\"url\":\"https:\/\/vestibulares.estrategia.com\/portal\/author\/julia-martins\/\"}]}<\/script>\n<!-- \/ Yoast SEO Premium plugin. -->","yoast_head_json":{"title":"Como \u00e9 a prova do vestibular da UFSC?","description":"Voc\u00ea j\u00e1 sabe como \u00e9 a prova do vestibular da UFSC? Acompanhe esse artigo e confira todas as informa\u00e7\u00f5es do processo seletivo!","robots":{"index":"index","follow":"follow","max-snippet":"max-snippet:-1","max-image-preview":"max-image-preview:large","max-video-preview":"max-video-preview:-1"},"canonical":"https:\/\/vestibulares.estrategia.com\/portal\/enem-e-vestibulares\/vestibulares\/como-e-a-prova-do-vestibular-da-ufsc\/","og_locale":"pt_BR","og_type":"article","og_title":"Como \u00e9 a prova do vestibular da UFSC?","og_description":"Voc\u00ea j\u00e1 sabe como \u00e9 a prova do vestibular da UFSC? Acompanhe esse artigo e confira todas as informa\u00e7\u00f5es do processo seletivo!","og_url":"https:\/\/vestibulares.estrategia.com\/portal\/enem-e-vestibulares\/vestibulares\/como-e-a-prova-do-vestibular-da-ufsc\/","og_site_name":"Estrat\u00e9gia Vestibulares","article_publisher":"https:\/\/facebook.com\/estrategiavestibulares","article_published_time":"2022-09-06T10:40:23+00:00","article_modified_time":"2022-09-06T10:40:30+00:00","og_image":[{"width":1280,"height":720,"url":"https:\/\/cdn.blog.estrategiavestibulares.com.br\/vestibulares\/wp-content\/uploads\/2022\/09\/como-e-a-prova-do-vestibular-da-ufsc-1.jpg","type":"image\/jpeg"}],"author":"J\u00falia Wasko","twitter_card":"summary_large_image","twitter_creator":"@Estrategiavest","twitter_site":"@Estrategiavest","twitter_misc":{"Escrito por":"J\u00falia Wasko","Est. tempo de leitura":"3 minutos"},"schema":{"@context":"https:\/\/schema.org","@graph":[{"@type":"NewsArticle","@id":"https:\/\/vestibulares.estrategia.com\/portal\/enem-e-vestibulares\/vestibulares\/como-e-a-prova-do-vestibular-da-ufsc\/#article","isPartOf":{"@id":"https:\/\/vestibulares.estrategia.com\/portal\/enem-e-vestibulares\/vestibulares\/como-e-a-prova-do-vestibular-da-ufsc\/"},"author":{"name":"J\u00falia Wasko","@id":"https:\/\/vestibulares.estrategia.com\/portal\/#\/schema\/person\/83d5c517a965e3fd3fc7016a981cb8fe"},"headline":"Como \u00e9 a prova do vestibular da UFSC?","datePublished":"2022-09-06T10:40:23+00:00","dateModified":"2022-09-06T10:40:30+00:00","mainEntityOfPage":{"@id":"https:\/\/vestibulares.estrategia.com\/portal\/enem-e-vestibulares\/vestibulares\/como-e-a-prova-do-vestibular-da-ufsc\/"},"wordCount":552,"publisher":{"@id":"https:\/\/vestibulares.estrategia.com\/portal\/#organization"},"image":{"@id":"https:\/\/vestibulares.estrategia.com\/portal\/enem-e-vestibulares\/vestibulares\/como-e-a-prova-do-vestibular-da-ufsc\/#primaryimage"},"thumbnailUrl":"https:\/\/vestibulares.estrategia.com\/portal\/wp-content\/uploads\/2022\/09\/como-e-a-prova-do-vestibular-da-ufsc-1.jpg","articleSection":["Vestibulares"],"inLanguage":"pt-BR"},{"@type":"WebPage","@id":"https:\/\/vestibulares.estrategia.com\/portal\/enem-e-vestibulares\/vestibulares\/como-e-a-prova-do-vestibular-da-ufsc\/","url":"https:\/\/vestibulares.estrategia.com\/portal\/enem-e-vestibulares\/vestibulares\/como-e-a-prova-do-vestibular-da-ufsc\/","name":"Como \u00e9 a prova do vestibular da UFSC?","isPartOf":{"@id":"https:\/\/vestibulares.estrategia.com\/portal\/#website"},"primaryImageOfPage":{"@id":"https:\/\/vestibulares.estrategia.com\/portal\/enem-e-vestibulares\/vestibulares\/como-e-a-prova-do-vestibular-da-ufsc\/#primaryimage"},"image":{"@id":"https:\/\/vestibulares.estrategia.com\/portal\/enem-e-vestibulares\/vestibulares\/como-e-a-prova-do-vestibular-da-ufsc\/#primaryimage"},"thumbnailUrl":"https:\/\/vestibulares.estrategia.com\/portal\/wp-content\/uploads\/2022\/09\/como-e-a-prova-do-vestibular-da-ufsc-1.jpg","datePublished":"2022-09-06T10:40:23+00:00","dateModified":"2022-09-06T10:40:30+00:00","description":"Voc\u00ea j\u00e1 sabe como \u00e9 a prova do vestibular da UFSC? Acompanhe esse artigo e confira todas as informa\u00e7\u00f5es do processo seletivo!","breadcrumb":{"@id":"https:\/\/vestibulares.estrategia.com\/portal\/enem-e-vestibulares\/vestibulares\/como-e-a-prova-do-vestibular-da-ufsc\/#breadcrumb"},"inLanguage":"pt-BR","potentialAction":[{"@type":"ReadAction","target":["https:\/\/vestibulares.estrategia.com\/portal\/enem-e-vestibulares\/vestibulares\/como-e-a-prova-do-vestibular-da-ufsc\/"]}]},{"@type":"ImageObject","inLanguage":"pt-BR","@id":"https:\/\/vestibulares.estrategia.com\/portal\/enem-e-vestibulares\/vestibulares\/como-e-a-prova-do-vestibular-da-ufsc\/#primaryimage","url":"https:\/\/vestibulares.estrategia.com\/portal\/wp-content\/uploads\/2022\/09\/como-e-a-prova-do-vestibular-da-ufsc-1.jpg","contentUrl":"https:\/\/vestibulares.estrategia.com\/portal\/wp-content\/uploads\/2022\/09\/como-e-a-prova-do-vestibular-da-ufsc-1.jpg","width":1280,"height":720},{"@type":"BreadcrumbList","@id":"https:\/\/vestibulares.estrategia.com\/portal\/enem-e-vestibulares\/vestibulares\/como-e-a-prova-do-vestibular-da-ufsc\/#breadcrumb","itemListElement":[{"@type":"ListItem","position":1,"name":"Home","item":"https:\/\/vestibulares.estrategia.com\/portal\/"},{"@type":"ListItem","position":2,"name":"Enem e Vestibulares","item":"https:\/\/vestibulares.estrategia.com\/portal\/enem-e-vestibulares\/"},{"@type":"ListItem","position":3,"name":"Vestibulares","item":"https:\/\/vestibulares.estrategia.com\/portal\/enem-e-vestibulares\/vestibulares\/"},{"@type":"ListItem","position":4,"name":"Como \u00e9 a prova do vestibular da UFSC?"}]},{"@type":"WebSite","@id":"https:\/\/vestibulares.estrategia.com\/portal\/#website","url":"https:\/\/vestibulares.estrategia.com\/portal\/","name":"Estrat\u00e9gia Vestibulares","description":"","publisher":{"@id":"https:\/\/vestibulares.estrategia.com\/portal\/#organization"},"potentialAction":[{"@type":"SearchAction","target":{"@type":"EntryPoint","urlTemplate":"https:\/\/vestibulares.estrategia.com\/portal\/?s={search_term_string}"},"query-input":{"@type":"PropertyValueSpecification","valueRequired":true,"valueName":"search_term_string"}}],"inLanguage":"pt-BR"},{"@type":"Organization","@id":"https:\/\/vestibulares.estrategia.com\/portal\/#organization","name":"Estrat\u00e9gia Vestibulares","url":"https:\/\/vestibulares.estrategia.com\/portal\/","logo":{"@type":"ImageObject","inLanguage":"pt-BR","@id":"https:\/\/vestibulares.estrategia.com\/portal\/#\/schema\/logo\/image\/","url":"https:\/\/vestibulares.estrategia.com\/portal\/wp-content\/uploads\/2021\/06\/Logo-Vestibulares@4x.png","contentUrl":"https:\/\/vestibulares.estrategia.com\/portal\/wp-content\/uploads\/2021\/06\/Logo-Vestibulares@4x.png","width":250,"height":66,"caption":"Estrat\u00e9gia Vestibulares"},"image":{"@id":"https:\/\/vestibulares.estrategia.com\/portal\/#\/schema\/logo\/image\/"},"sameAs":["https:\/\/facebook.com\/estrategiavestibulares","https:\/\/x.com\/Estrategiavest","https:\/\/www.instagram.com\/estrategiavestibulares","https:\/\/www.youtube.com\/channel\/UCGWdZy8ULI-7_5GrABa4vNA"]},{"@type":"Person","@id":"https:\/\/vestibulares.estrategia.com\/portal\/#\/schema\/person\/83d5c517a965e3fd3fc7016a981cb8fe","name":"J\u00falia Wasko","image":{"@type":"ImageObject","inLanguage":"pt-BR","@id":"https:\/\/vestibulares.estrategia.com\/portal\/#\/schema\/person\/image\/","url":"https:\/\/secure.gravatar.com\/avatar\/dab6fb308a491eea989a46ec58d3714d?s=96&d=mm&r=g","contentUrl":"https:\/\/secure.gravatar.com\/avatar\/dab6fb308a491eea989a46ec58d3714d?s=96&d=mm&r=g","caption":"J\u00falia Wasko"},"description":"Curso Jornalismo e sou apaixonada por entretenimento, comunica\u00e7\u00e3o e not\u00edcia! Adoro ler e curtir momentos com fam\u00edlia e amigos!","url":"https:\/\/vestibulares.estrategia.com\/portal\/author\/julia-martins\/"}]}},"_wl_alt_label":[],"wl:entity_url":"https:\/\/data.wordlift.io\/wl110249\/post\/como-e-a-prova-do-vestibular-da-ufsc","_links":{"self":[{"href":"https:\/\/vestibulares.estrategia.com\/portal\/wp-json\/wp\/v2\/posts\/75599","targetHints":{"allow":["GET"]}}],"collection":[{"href":"https:\/\/vestibulares.estrategia.com\/portal\/wp-json\/wp\/v2\/posts"}],"about":[{"href":"https:\/\/vestibulares.estrategia.com\/portal\/wp-json\/wp\/v2\/types\/post"}],"author":[{"embeddable":true,"href":"https:\/\/vestibulares.estrategia.com\/portal\/wp-json\/wp\/v2\/users\/29"}],"replies":[{"embeddable":true,"href":"https:\/\/vestibulares.estrategia.com\/portal\/wp-json\/wp\/v2\/comments?post=75599"}],"version-history":[{"count":2,"href":"https:\/\/vestibulares.estrategia.com\/portal\/wp-json\/wp\/v2\/posts\/75599\/revisions"}],"predecessor-version":[{"id":75602,"href":"https:\/\/vestibulares.estrategia.com\/portal\/wp-json\/wp\/v2\/posts\/75599\/revisions\/75602"}],"wp:featuredmedia":[{"embeddable":true,"href":"https:\/\/vestibulares.estrategia.com\/portal\/wp-json\/wp\/v2\/media\/75600"}],"wp:attachment":[{"href":"https:\/\/vestibulares.estrategia.com\/portal\/wp-json\/wp\/v2\/media?parent=75599"}],"wp:term":[{"taxonomy":"category","embeddable":true,"href":"https:\/\/vestibulares.estrategia.com\/portal\/wp-json\/wp\/v2\/categories?post=75599"},{"taxonomy":"post_tag","embeddable":true,"href":"https:\/\/vestibulares.estrategia.com\/portal\/wp-json\/wp\/v2\/tags?post=75599"},{"taxonomy":"wl_entity_type","embeddable":true,"href":"https:\/\/vestibulares.estrategia.com\/portal\/wp-json\/wp\/v2\/wl_entity_type?post=75599"}],"curies":[{"name":"wp","href":"https:\/\/api.w.org\/{rel}","templated":true}]}}