{"id":76499,"date":"2022-09-16T10:02:44","date_gmt":"2022-09-16T13:02:44","guid":{"rendered":"https:\/\/vestibulares.estrategia.com\/portal\/?p=76499"},"modified":"2025-10-31T18:33:56","modified_gmt":"2025-10-31T21:33:56","slug":"9-citacoes-sobre-mudancas-climaticas-para-usar-na-redacao","status":"publish","type":"post","link":"https:\/\/vestibulares.estrategia.com\/portal\/materias\/redacao\/9-citacoes-sobre-mudancas-climaticas-para-usar-na-redacao\/","title":{"rendered":"9 cita\u00e7\u00f5es sobre mudan\u00e7as clim\u00e1ticas para usar na reda\u00e7\u00e3o"},"content":{"rendered":"<p>As mudan&ccedil;as clim&aacute;ticas s&atilde;o efeitos do aquecimento global que j&aacute; podem ser observadas em todas as partes do mundo. De acordo com um estudo clim&aacute;tico da Organiza&ccedil;&atilde;o Meteorol&oacute;gica Mundial (OMM), os anos entre 2022 e 2026 devem ser os mais quentes at&eacute; agora. Pensando na relev&acirc;ncia e na atualidade do tema, o <strong>Portal Estrat&eacute;gia Vestibulares<\/strong> listou 9 cita&ccedil;&otilde;es sobre mudan&ccedil;as clim&aacute;ticas para voc&ecirc; usar na reda&ccedil;&atilde;o. Confira:<p>\n\n\n\n<div class=\"cta-medio\" style=\"background-image: url(https:\/\/vestibulares.estrategia.com\/portal\/wp-content\/uploads\/2024\/08\/curso-enem-1-estrategia-vestibulares-ctamedio.jpg);\"><h3>Pacote Enem TOP <\/h3> <p>Estude com o Estrat\u00e9gia Vestibulares<\/p><div class=\"cta-botao\"><a id=\"cta-medio\" href=\"https:\/\/vestibulares.estrategia.com\/curso\/enem-top\/\" target=\"_blank\" style=\"background:rgb(255,150,0)\">Saiba mais<\/a><\/div><\/div>\n\n\n\n<\/p><div id=\"ez-toc-container\" class=\"ez-toc-v2_0_76 counter-hierarchy ez-toc-counter ez-toc-transparent ez-toc-container-direction\">\n<div class=\"ez-toc-title-container\"><p class=\"ez-toc-title\" style=\"cursor:inherit\">Navegue pelo conte\u00fado<\/p>\n<\/div><nav><ul class='ez-toc-list ez-toc-list-level-1 ' ><li class='ez-toc-page-1 ez-toc-heading-level-2'><a class=\"ez-toc-link ez-toc-heading-1\" href=\"https:\/\/vestibulares.estrategia.com\/portal\/materias\/redacao\/9-citacoes-sobre-mudancas-climaticas-para-usar-na-redacao\/#1-%E2%80%9CEstamos-perdendo-a-corrida-para-as-mudancas-climaticas-Esse-e-o-desafio-de-nossa-geracao-ganhar-a-batalha-contra-o-tempo%E2%80%9D-%E2%80%94-Emmanuel-Macron\" >1-&nbsp; &ldquo;Estamos perdendo a corrida para as mudan&ccedil;as clim&aacute;ticas. Esse &eacute; o desafio de nossa gera&ccedil;&atilde;o: ganhar a batalha contra o tempo.&rdquo; &mdash; Emmanuel Macron<\/a><\/li><li class='ez-toc-page-1 ez-toc-heading-level-2'><a class=\"ez-toc-link ez-toc-heading-2\" href=\"https:\/\/vestibulares.estrategia.com\/portal\/materias\/redacao\/9-citacoes-sobre-mudancas-climaticas-para-usar-na-redacao\/#2-%E2%80%9CA-mudanca-climatica-e-real-esta-acontecendo-agora-mesmo-E-a-ameaca-mais-urgente-que-a-nossa-especie-precisa-enfrentar-Precisamos-trabalhar-juntos-e-deixar-de-procrastinar%E2%80%9D-%E2%80%94-Leonardo-DiCaprio\" >2- &ldquo;A mudan&ccedil;a clim&aacute;tica &eacute; real, est&aacute; acontecendo agora mesmo. &Eacute; a amea&ccedil;a mais urgente que a nossa esp&eacute;cie precisa enfrentar. Precisamos trabalhar juntos e deixar de procrastinar.&rdquo; &mdash; Leonardo DiCaprio<\/a><\/li><li class='ez-toc-page-1 ez-toc-heading-level-2'><a class=\"ez-toc-link ez-toc-heading-3\" href=\"https:\/\/vestibulares.estrategia.com\/portal\/materias\/redacao\/9-citacoes-sobre-mudancas-climaticas-para-usar-na-redacao\/#3-%E2%80%9CNossa-civilizacao-esta-sendo-sacrificada-pelo-interesse-de-um-pequeno-grupo-de-pessoas-em-continuar-recebendo-enormes-quantias-de-dinheiro%E2%80%9D-%E2%80%94-Greta-Thunberg\" >3- &ldquo;Nossa civiliza&ccedil;&atilde;o est&aacute; sendo sacrificada pelo interesse de um pequeno grupo de pessoas em continuar recebendo enormes quantias de dinheiro.&rdquo; &mdash; Greta Thunberg&nbsp;<\/a><\/li><li class='ez-toc-page-1 ez-toc-heading-level-2'><a class=\"ez-toc-link ez-toc-heading-4\" href=\"https:\/\/vestibulares.estrategia.com\/portal\/materias\/redacao\/9-citacoes-sobre-mudancas-climaticas-para-usar-na-redacao\/#4-%E2%80%9CAs-alteracoes-climaticas-sao-a-maior-ameaca-a-nossa-existencia-nesta-que-e-a-curta-historia-do-nosso-planeta-ninguem-vai-conseguir-fugir-das-suas-consequencias%E2%80%9D-%E2%80%94-Mark-Ruffalo\" >4-&nbsp; &ldquo;As altera&ccedil;&otilde;es clim&aacute;ticas s&atilde;o a maior amea&ccedil;a &agrave; nossa exist&ecirc;ncia nesta que &eacute; a curta hist&oacute;ria do nosso planeta, ningu&eacute;m vai conseguir fugir das suas consequ&ecirc;ncias.&rdquo; &mdash; Mark Ruffalo<\/a><\/li><li class='ez-toc-page-1 ez-toc-heading-level-2'><a class=\"ez-toc-link ez-toc-heading-5\" href=\"https:\/\/vestibulares.estrategia.com\/portal\/materias\/redacao\/9-citacoes-sobre-mudancas-climaticas-para-usar-na-redacao\/#5-%E2%80%9CAs-alteracoes-climaticas-nao-sao-ficcao-cientifica-Esta-e-uma-batalha-no-mundo-real-tem-impacto-em-nos-neste-momento%E2%80%9D-%E2%80%94-Arnold-Schwarzenegger\" >5- &ldquo;As altera&ccedil;&otilde;es clim&aacute;ticas n&atilde;o s&atilde;o fic&ccedil;&atilde;o cient&iacute;fica. Esta &eacute; uma batalha no mundo real tem impacto em n&oacute;s neste momento.&rdquo; &mdash; Arnold Schwarzenegger<\/a><\/li><li class='ez-toc-page-1 ez-toc-heading-level-2'><a class=\"ez-toc-link ez-toc-heading-6\" href=\"https:\/\/vestibulares.estrategia.com\/portal\/materias\/redacao\/9-citacoes-sobre-mudancas-climaticas-para-usar-na-redacao\/#6-%E2%80%9CChega-de-maltratar-a-biodiversidade-Chega-de-nos-matarmos-com-o-carbono-Chega-de-tratar-a-natureza-como-lixo-Basta-de-queimar-perfurar-e-minar-cada-vez-em-maior-profundidade-Estamos-cavando-nossa-propria-cova-%E2%80%9D-%E2%80%94-Antonio-Guterres\" >6-&nbsp; &ldquo;Chega de maltratar a biodiversidade. Chega de nos matarmos com o carbono. Chega de tratar a natureza como lixo. Basta de queimar, perfurar e minar cada vez em maior profundidade. Estamos cavando nossa pr&oacute;pria cova. &rdquo; &mdash; Ant&oacute;nio Guterres<\/a><\/li><li class='ez-toc-page-1 ez-toc-heading-level-2'><a class=\"ez-toc-link ez-toc-heading-7\" href=\"https:\/\/vestibulares.estrategia.com\/portal\/materias\/redacao\/9-citacoes-sobre-mudancas-climaticas-para-usar-na-redacao\/#7-%E2%80%9CJuntas-a-crescente-urbanizacao-e-as-mudancas-climaticas-criam-riscos-complexos-especialmente-para-aquelas-cidades-que-ja-enfrentam-crescimento-urbano-mal-planejado-altos-niveis-de-pobreza-e-desemprego-e-falta-de-servicos-basicos%E2%80%9D-%E2%80%94-Debra-Roberts\" >7- &ldquo;Juntas, a crescente urbaniza&ccedil;&atilde;o e as mudan&ccedil;as clim&aacute;ticas criam riscos complexos, especialmente para aquelas cidades que j&aacute; enfrentam crescimento urbano mal planejado, altos n&iacute;veis de pobreza e desemprego e falta de servi&ccedil;os b&aacute;sicos.&rdquo; &mdash; Debra Roberts<\/a><\/li><li class='ez-toc-page-1 ez-toc-heading-level-2'><a class=\"ez-toc-link ez-toc-heading-8\" href=\"https:\/\/vestibulares.estrategia.com\/portal\/materias\/redacao\/9-citacoes-sobre-mudancas-climaticas-para-usar-na-redacao\/#8-%E2%80%9CA-solucao-para-a-crise-climatica-nao-sera-alcancada-com-mercados-globais-de-carbono-e-mais-capitalismo-%E2%80%98verde%E2%80%9D-%E2%80%94-Luis-Arce\" >8- &ldquo;A solu&ccedil;&atilde;o para a crise clim&aacute;tica n&atilde;o ser&aacute; alcan&ccedil;ada com mercados globais de carbono e mais capitalismo &lsquo;verde&rsquo;.&rdquo; &mdash; Luis Arce<\/a><\/li><li class='ez-toc-page-1 ez-toc-heading-level-2'><a class=\"ez-toc-link ez-toc-heading-9\" href=\"https:\/\/vestibulares.estrategia.com\/portal\/materias\/redacao\/9-citacoes-sobre-mudancas-climaticas-para-usar-na-redacao\/#9-%E2%80%9CA-evidencia-cientifica-e-inequivoca-as-mudancas-climaticas-sao-uma-ameaca-ao-bem-estar-do-ser-humano-e-a-saude-do-planeta-Qualquer-outro-atraso-em-uma-acao-climatica-conjunta-provocara-uma-perda-na-breve-e-rapida-janela-aberta-para-garantir-um-futuro-habitavel%E2%80%9D-%E2%80%94-Hans-Otto-Portner\" >9- &ldquo;A evid&ecirc;ncia cient&iacute;fica &eacute; inequ&iacute;voca: as mudan&ccedil;as clim&aacute;ticas s&atilde;o uma amea&ccedil;a ao bem estar do ser humano e &agrave; sa&uacute;de do planeta. Qualquer outro atraso em uma a&ccedil;&atilde;o clim&aacute;tica conjunta provocar&aacute; uma perda na breve e r&aacute;pida janela aberta para garantir um futuro habit&aacute;vel.&rdquo; &mdash; Hans-Otto P&ouml;rtner<\/a><\/li><li class='ez-toc-page-1 ez-toc-heading-level-2'><a class=\"ez-toc-link ez-toc-heading-10\" href=\"https:\/\/vestibulares.estrategia.com\/portal\/materias\/redacao\/9-citacoes-sobre-mudancas-climaticas-para-usar-na-redacao\/#Prepare-se-para-a-redacao-com-o-Estrategia-Vestibulares\" >Prepare-se para a reda&ccedil;&atilde;o com o Estrat&eacute;gia Vestibulares<\/a><\/li><li class='ez-toc-page-1 ez-toc-heading-level-2'><a class=\"ez-toc-link ez-toc-heading-11\" href=\"https:\/\/vestibulares.estrategia.com\/portal\/materias\/redacao\/9-citacoes-sobre-mudancas-climaticas-para-usar-na-redacao\/#Veja-outras-citacoes-para-usar-na-redacao\" >Veja outras cita&ccedil;&otilde;es para usar na reda&ccedil;&atilde;o<\/a><\/li><\/ul><\/nav><\/div>\n<h2 class=\"wp-block-heading\" id=\"h-1-nbsp-estamos-perdendo-a-corrida-para-as-mudancas-climaticas-esse-e-o-desafio-de-nossa-geracao-ganhar-a-batalha-contra-o-tempo-emmanuel-macron\"><span class=\"ez-toc-section\" id=\"1-%E2%80%9CEstamos-perdendo-a-corrida-para-as-mudancas-climaticas-Esse-e-o-desafio-de-nossa-geracao-ganhar-a-batalha-contra-o-tempo%E2%80%9D-%E2%80%94-Emmanuel-Macron\"><\/span>1-&nbsp; &ldquo;Estamos perdendo a corrida para as mudan&ccedil;as clim&aacute;ticas. Esse &eacute; o desafio de nossa gera&ccedil;&atilde;o: ganhar a batalha contra o tempo.&rdquo; &mdash; Emmanuel Macron<span class=\"ez-toc-section-end\"><\/span><\/h2><p>Emmanuel Jean-Michel Fr&eacute;d&eacute;ric Macron (1977) &eacute; o atual presidente da Fran&ccedil;a, al&eacute;m de ser formado em Filosofia e Administra&ccedil;&atilde;o e mestre em Pol&iacute;ticas P&uacute;blicas. A frase Macron foi dita durante A Confer&ecirc;ncia das Na&ccedil;&otilde;es Unidas sobre Mudan&ccedil;a do Clima de 2021 (COP 26).<\/p><p>No evento, que aconteceu na Esc&oacute;cia, reuniu l&iacute;deres de quase 200 pa&iacute;ses , os quais discutiram a necessidade de uma r&aacute;pida redu&ccedil;&atilde;o nas emiss&otilde;es de carbono e assinaram o compromisso internacional que tem como inten&ccedil;&atilde;o chegar ao objetivo de 45% de redu&ccedil;&atilde;o at&eacute; 2030 e neutralizar globalmente as emiss&otilde;es at&eacute; 2050.<\/p><p>+ <a href=\"https:\/\/vestibulares.estrategia.com\/portal\/atualidades-e-dicas\/mudancas-climaticas-conheca-os-efeitos-do-aquecimento-global-no-brasil\/\" target=\"_blank\">Mudan&ccedil;as clim&aacute;ticas: conhe&ccedil;a os efeitos do aquecimento global no Brasil<\/a><\/p><h2 class=\"wp-block-heading\" id=\"h-2-a-mudanca-climatica-e-real-esta-acontecendo-agora-mesmo-e-a-ameaca-mais-urgente-que-a-nossa-especie-precisa-enfrentar-precisamos-trabalhar-juntos-e-deixar-de-procrastinar-leonardo-dicaprio\"><span class=\"ez-toc-section\" id=\"2-%E2%80%9CA-mudanca-climatica-e-real-esta-acontecendo-agora-mesmo-E-a-ameaca-mais-urgente-que-a-nossa-especie-precisa-enfrentar-Precisamos-trabalhar-juntos-e-deixar-de-procrastinar%E2%80%9D-%E2%80%94-Leonardo-DiCaprio\"><\/span>2- &ldquo;A mudan&ccedil;a clim&aacute;tica &eacute; real, est&aacute; acontecendo agora mesmo. &Eacute; a amea&ccedil;a mais urgente que a nossa esp&eacute;cie precisa enfrentar. Precisamos trabalhar juntos e deixar de procrastinar.&rdquo; &mdash; Leonardo DiCaprio<span class=\"ez-toc-section-end\"><\/span><\/h2><p>Conhecido mundialmente por seu trabalho como ator, Leonardo DiCaprio (1974) &eacute; uma das principais vozes de Hollywood sobre as mudan&ccedil;as clim&aacute;ticas, desde 1998. Em 2010, o ator criou uma funda&ccedil;&atilde;o que leva seu nome, e at&eacute; 2021 havia arrecadado 80 milh&otilde;es de d&oacute;lares para financiar mais de 200 projetos de combate &agrave;s mudan&ccedil;as clim&aacute;ticas em 50 pa&iacute;ses.<\/p><p>Em 2014, DiCaprio foi nomeado pela Organiza&ccedil;&atilde;o das Na&ccedil;&otilde;es Unidas (ONU) como Mensageiro da Paz da ONU para o Clima. O ator tamb&eacute;m &eacute; conhecido por participar de protestos para alertar sobre os riscos das mudan&ccedil;as clim&aacute;ticas. A frase citada foi dita durante a cerim&ocirc;nia de premia&ccedil;&atilde;o do Oscar de 2016, na qual ele foi premiado como &ldquo;Melhor Ator&rdquo; pela primeira vez.&nbsp;<\/p><p>+ <a href=\"https:\/\/vestibulares.estrategia.com\/portal\/atualidades-e-dicas\/chuvas-no-brasil-tudo-o-que-voce-precisa-saber-e-como-cai-no-vestibular\/\" target=\"_blank\">Chuvas no Brasil em 2022: tudo o que voc&ecirc; precisa saber e como cai no vestibular<\/a><\/p><h2 class=\"wp-block-heading\" id=\"h-3-nossa-civilizacao-esta-sendo-sacrificada-pelo-interesse-de-um-pequeno-grupo-de-pessoas-em-continuar-recebendo-enormes-quantias-de-dinheiro-greta-thunberg-nbsp\"><span class=\"ez-toc-section\" id=\"3-%E2%80%9CNossa-civilizacao-esta-sendo-sacrificada-pelo-interesse-de-um-pequeno-grupo-de-pessoas-em-continuar-recebendo-enormes-quantias-de-dinheiro%E2%80%9D-%E2%80%94-Greta-Thunberg\"><\/span>3- &ldquo;Nossa civiliza&ccedil;&atilde;o est&aacute; sendo sacrificada pelo interesse de um pequeno grupo de pessoas em continuar recebendo enormes quantias de dinheiro.&rdquo; &mdash; Greta Thunberg&nbsp;<span class=\"ez-toc-section-end\"><\/span><\/h2><p>Greta Tintin Eleonora Ernman Thunberg (2003) &eacute; uma estudante e ativista sueca que ganhou relev&acirc;ncia por incentivar protestos que chamavam a aten&ccedil;&atilde;o para as mudan&ccedil;as clim&aacute;ticas entre os jovens. Greta mudou seu estilo de vida desde que tomou conhecimento sobre o aquecimento global, tornando-se vegana e deixando de se locomover de avi&atilde;o, por exemplo.<\/p><p>Em 2018, a ativista passou a faltar nas aulas todas as sextas-feiras para protestar em frente ao parlamento su&eacute;co, pedindo provid&ecirc;ncias efetivas a respeito das mudan&ccedil;as clim&aacute;ticas. Suas manifesta&ccedil;&otilde;es, intituladas &ldquo;<em>Skolstrejk f&ouml;r klimatet<\/em>&ldquo;, podem ser traduzidas como &ldquo;Greve escolar pelo clima&rdquo;. Sua atua&ccedil;&atilde;o ainda a levaram a participar e discursar em grandes eventos sobre o tema, como C&uacute;pula do Clima da ONU, COP25 e Parlamento Europeu.<\/p><p>+ <a href=\"https:\/\/vestibulares.estrategia.com\/portal\/materias\/geografia\/poluicao-atmosferica\/\" target=\"_blank\">Polui&ccedil;&atilde;o Atmosf&eacute;rica: o que &eacute;, causas, poluentes<\/a><\/p><h2 class=\"wp-block-heading\" id=\"h-4-nbsp-as-alteracoes-climaticas-sao-a-maior-ameaca-a-nossa-existencia-nesta-que-e-a-curta-historia-do-nosso-planeta-ninguem-vai-conseguir-fugir-das-suas-consequencias-mark-ruffalo\"><span class=\"ez-toc-section\" id=\"4-%E2%80%9CAs-alteracoes-climaticas-sao-a-maior-ameaca-a-nossa-existencia-nesta-que-e-a-curta-historia-do-nosso-planeta-ninguem-vai-conseguir-fugir-das-suas-consequencias%E2%80%9D-%E2%80%94-Mark-Ruffalo\"><\/span>4-&nbsp; &ldquo;As altera&ccedil;&otilde;es clim&aacute;ticas s&atilde;o a maior amea&ccedil;a &agrave; nossa exist&ecirc;ncia nesta que &eacute; a curta hist&oacute;ria do nosso planeta, ningu&eacute;m vai conseguir fugir das suas consequ&ecirc;ncias.&rdquo; &mdash; Mark Ruffalo<span class=\"ez-toc-section-end\"><\/span><\/h2><p>O Vingador mais engajado em frear as mudan&ccedil;as clim&aacute;ticas, Mark Alan Ruffalo (1967), que interpreta o personagem Bruce Banner\/Hulk na s&eacute;rie de filmes da Marvel, &eacute; um ativista engajado em amenizar as causas do aquecimento global. Mark j&aacute; fez campanha contra a explora&ccedil;&atilde;o de g&aacute;s e o uso de agrot&oacute;xicos em seu pa&iacute;s, al&eacute;m de participar de passeatas como a <em>People&rsquo;s Climate March.<\/em><\/p><p>O ator tamb&eacute;m &eacute; adepto do movimento que pede o fim dos investimentos em combust&iacute;veis f&oacute;sseis. &ldquo;E &eacute; um compromisso que estou firmando aqui hoje com voc&ecirc;s. Pe&ccedil;o a todos os meus amigos que se engajem. Pedirei ao Leo [DiCaprio], pedirei a todos Os Vingadores, pedirei ao Robert [Downey Jr], vou propor o desafio do &lsquo;fa&ccedil;a o que voc&ecirc; prega&rsquo;. E ser&aacute;: desista e invista.&rdquo;, disse Ruffalo em <a href=\"https:\/\/www.vice.com\/pt\/article\/53yxqb\/mark-ruffalo-quer-que-os-vingadores-parem-de-usar-combustiveis-fosseis\" target=\"_blank\">entrevista &agrave; Vice<\/a>, em 2014.<\/p><p>+ <a href=\"https:\/\/vestibulares.estrategia.com\/portal\/materias\/redacao\/9-documentarios-sobre-mudancas-climaticas-para-usar-como-repertorio-sociocultural-na-redacao\/\" target=\"_blank\">9 document&aacute;rios sobre mudan&ccedil;as clim&aacute;ticas para usar como repert&oacute;rio sociocultural na reda&ccedil;&atilde;o<\/a><\/p><p>\n\n\n\n<div id=\"new-form\">\n\t<form id=\"forms_layout\">\n\t<input type=\"hidden\" id=\"chave_de\" name=\"chave_de\" value=\"01_EVEST_LEADS_TOTAIS\" \/>\n\t\t<input type=\"hidden\" id=\"mid\" name=\"mid\" value=\"515008983\" \/>\n\t\t<input type=\"hidden\" id=\"Objetivo\" name=\"Objetivo\" value=\"Vestibulares\" \/>\n\t\t<input type=\"hidden\" id=\"Estado_de_Origem_do_IP\" name=\"Estado_de_Origem_do_IP\"  value=\"\" \/>\n\t\t<input type=\"hidden\" id=\"Cidade_de_Origem_do_IP\" name=\"Cidade_de_Origem_do_IP\" value=\"\" \/>\n\t\t<input type=\"hidden\" id=\"Modo_de_entrada\" name=\"Modo_de_entrada\" value=\"Portal\" \/>\n\t\t<input type=\"hidden\" id=\"Pagina_Origem\" name=\"Pagina_Origem\" value=\"\" \/>\n\n\t\t<div class=\"texto\">\n\t\t\t<h3 class=\"news\">Inscreva-se em nossa newsletter\ud83e\udd89<\/h3>\n\t\t\t<p>Receba dicas de estudo gratuitas e saiba em primeira m\u00e3o as novidades sobre o Enem, Sisu, Encceja, Fuvest e outros vestibulares!<\/p>\n\t\t<\/div>\n\t\t<div class=\"campos\">\n\t\t\t<div class=\"first_name labels\">\n\t\t\t\t<input type=\"text\" class=\"input_labels\" id=\"first_name\" name=\"Nome_Completo\" placeholder=\"Nome\" required \/>\n\t\t\t<\/div>\n\t\t\t<div class=\"email labels\">\n\t\t\t\t<input type=\"email\" class=\"input_labels\" id=\"email\" name=\"Email\" placeholder=\"E-mail\" required \/>\n\t\t\t<\/div>\n\t\t\t<button type=\"submit\" class=\"button_layout\">\n\t\t\t\t<div id=\"lblBotao\">Inscreva-se<\/div>\n\t\t\t\t<span id=\"divSpiner\" class=\"loader\" role=\"status\" style=\"display: none;\"><\/span>\t\n\t\t\t<\/button>\n\t\t<\/div><!-- \/campos -->\n\t\t\n\t\t<label class=\"container_checkbox\">Voc\u00ea concorda com a nossa\n\t\t\t<a class=\"politics_privacy_ahref\" target=\"_blank\" href=\"https:\/\/gratis.estrategiaconcursos.com.br\/politica-de-privacidade\/\">Pol\u00edtica de Privacidade<\/a> e aceita receber informa\u00e7\u00f5es adicionais do Estrat\u00e9gia Educacional.\n\t\t\t<input id=\"checkbox_layout\" type=\"checkbox\" checked=\"checked\" required \/>\n\t\t\t<span class=\"checkbox\"><\/span>\n\t\t<\/label>\n\t\t<div id=\"msg\"><\/div>\n\t\t<div id=\"error\" class=\"error\">\n\t\t<\/div>\n\t<\/form>\n<\/div><!-- \/new-form -->\n\n\n\n<\/p><h2 class=\"wp-block-heading\" id=\"h-5-as-alteracoes-climaticas-nao-sao-ficcao-cientifica-esta-e-uma-batalha-no-mundo-real-tem-impacto-em-nos-neste-momento-arnold-schwarzenegger\"><span class=\"ez-toc-section\" id=\"5-%E2%80%9CAs-alteracoes-climaticas-nao-sao-ficcao-cientifica-Esta-e-uma-batalha-no-mundo-real-tem-impacto-em-nos-neste-momento%E2%80%9D-%E2%80%94-Arnold-Schwarzenegger\"><\/span>5- &ldquo;As altera&ccedil;&otilde;es clim&aacute;ticas n&atilde;o s&atilde;o fic&ccedil;&atilde;o cient&iacute;fica. Esta &eacute; uma batalha no mundo real tem impacto em n&oacute;s neste momento.&rdquo; &mdash; Arnold Schwarzenegger<span class=\"ez-toc-section-end\"><\/span><\/h2><p>O ator e ex-fisiculturista Arnold Alois Schwarzenegger (1947) tornou-se um defensor do uso de energias renov&aacute;veis e do combate &agrave; polui&ccedil;&atilde;o durante seus mandatos como governador do estado da Calif&oacute;rnia, de 2003 a 2011.&nbsp;<\/p><p>H&aacute; seis anos, Schwarzenegger organiza a &ldquo;C&uacute;pula Mundial Austr&iacute;aca&rdquo;, que na edi&ccedil;&atilde;o 2021 contou com a participa&ccedil;&atilde;o de nomes como Greta Thunberg, do presidente da &Aacute;ustria e ambientalista Alexander Van der Bellen e Alok Sharma, presidente da Confer&ecirc;ncia das Na&ccedil;&otilde;es Unidas sobre Mudan&ccedil;a Clim&aacute;tica.<\/p><p>+ <a href=\"https:\/\/vestibulares.estrategia.com\/portal\/materias\/redacao\/11-documentarios-e-filmes-sobre-meio-ambiente\/\" target=\"_blank\">11 document&aacute;rios e filmes sobre meio ambiente para usar na reda&ccedil;&atilde;o e como repert&oacute;rio<\/a><\/p><h2 class=\"wp-block-heading\" id=\"h-6-nbsp-chega-de-maltratar-a-biodiversidade-chega-de-nos-matarmos-com-o-carbono-chega-de-tratar-a-natureza-como-lixo-basta-de-queimar-perfurar-e-minar-cada-vez-em-maior-profundidade-estamos-cavando-nossa-propria-cova-antonio-guterres\"><span class=\"ez-toc-section\" id=\"6-%E2%80%9CChega-de-maltratar-a-biodiversidade-Chega-de-nos-matarmos-com-o-carbono-Chega-de-tratar-a-natureza-como-lixo-Basta-de-queimar-perfurar-e-minar-cada-vez-em-maior-profundidade-Estamos-cavando-nossa-propria-cova-%E2%80%9D-%E2%80%94-Antonio-Guterres\"><\/span>6-&nbsp; &ldquo;Chega de maltratar a biodiversidade. Chega de nos matarmos com o carbono. Chega de tratar a natureza como lixo. Basta de queimar, perfurar e minar cada vez em maior profundidade. Estamos cavando nossa pr&oacute;pria cova. &rdquo; &mdash; Ant&oacute;nio Guterres<span class=\"ez-toc-section-end\"><\/span><\/h2><p>A frase foi dita por Ant&oacute;nio Manuel de Oliveira Guterres (1949) , ex-primeiro-ministro de Portugal, e secret&aacute;rio-geral da ONU desde 2017, durante a COP26.&nbsp;<\/p><p>Em relat&oacute;rio divulgado no &uacute;ltimo m&ecirc;s de abril, o Painel Intergovernamental sobre Mudan&ccedil;as Clim&aacute;ticas (IPCC) revelou que as emiss&otilde;es nocivas de carbono de 2010-2019 foram as mais altas na hist&oacute;ria da humanidade. No evento, Guterres afirmou &ldquo;n&atilde;o &eacute; fic&ccedil;&atilde;o ou exagero. &Eacute; o que a ci&ecirc;ncia nos diz que resultar&aacute; de nossas atuais pol&iacute;ticas energ&eacute;ticas. Estamos no caminho para o aquecimento global de mais que o dobro do limite de 1,5 grau Celsius que foi acordado em Paris em 2015&Prime;.<\/p><figure class=\"wp-block-embed is-type-video is-provider-youtube wp-block-embed-youtube wp-embed-aspect-16-9 wp-has-aspect-ratio\"><div class=\"wp-block-embed__wrapper\">\n<div class=\"cs-embed cs-embed-responsive\"><iframe title=\"Novo relat&oacute;rio do IPCC: mensagem do secret&aacute;rio-geral da ONU\" width=\"1200\" height=\"675\" src=\"https:\/\/www.youtube.com\/embed\/u94dIgGbfcU?feature=oembed\" frameborder=\"0\" allow=\"accelerometer; autoplay; clipboard-write; encrypted-media; gyroscope; picture-in-picture; web-share\" referrerpolicy=\"strict-origin-when-cross-origin\" allowfullscreen><\/iframe><\/div>\n<\/div><\/figure><h2 class=\"wp-block-heading\" id=\"h-7-juntas-a-crescente-urbanizacao-e-as-mudancas-climaticas-criam-riscos-complexos-especialmente-para-aquelas-cidades-que-ja-enfrentam-crescimento-urbano-mal-planejado-altos-niveis-de-pobreza-e-desemprego-e-falta-de-servicos-basicos-debra-roberts\"><span class=\"ez-toc-section\" id=\"7-%E2%80%9CJuntas-a-crescente-urbanizacao-e-as-mudancas-climaticas-criam-riscos-complexos-especialmente-para-aquelas-cidades-que-ja-enfrentam-crescimento-urbano-mal-planejado-altos-niveis-de-pobreza-e-desemprego-e-falta-de-servicos-basicos%E2%80%9D-%E2%80%94-Debra-Roberts\"><\/span>7- &ldquo;Juntas, a crescente urbaniza&ccedil;&atilde;o e as mudan&ccedil;as clim&aacute;ticas criam riscos complexos, especialmente para aquelas cidades que j&aacute; enfrentam crescimento urbano mal planejado, altos n&iacute;veis de pobreza e desemprego e falta de servi&ccedil;os b&aacute;sicos.&rdquo; &mdash; Debra Roberts<span class=\"ez-toc-section-end\"><\/span><\/h2><p>Debra Roberts &eacute; uma climatologista que trabalha para o governo de seu pa&iacute;s, a &Aacute;frica do Sul, como chefe da Unidade de Iniciativas de Cidades Sustent&aacute;veis &#8203;&#8203;e Resilientes em Durban. Al&eacute;m disso, a cientista &eacute; uma das seis co-presidentes do Painel Intergovernamental sobre Mudan&ccedil;as Clim&aacute;ticas (IPCC).<\/p><p>Roberts foi a principal autora do Cap&iacute;tulo 8 (&Aacute;reas Urbanas) do Grupo de Trabalho II do Quinto Relat&oacute;rio de Avalia&ccedil;&atilde;o do IPCC e foi eleita co-presidente do Grupo de Trabalho II para o sexto ciclo de avalia&ccedil;&atilde;o do IPCC em 2015. Tamb&eacute;m foi a principal autora do Relat&oacute;rio Especial do IPCC sobre o Aquecimento Global de 1,5&deg;C.<\/p><p>+ <a href=\"https:\/\/vestibulares.estrategia.com\/portal\/noticias\/tema-de-redacao-ufrgs-2022\/\" target=\"_blank\">Tema de reda&ccedil;&atilde;o UFRGS: &ldquo;Mudan&ccedil;as Clim&aacute;ticas e Diretos Humanos&rdquo;<\/a><\/p><h2 class=\"wp-block-heading\" id=\"h-8-a-solucao-para-a-crise-climatica-nao-sera-alcancada-com-mercados-globais-de-carbono-e-mais-capitalismo-verde-luis-arce\"><span class=\"ez-toc-section\" id=\"8-%E2%80%9CA-solucao-para-a-crise-climatica-nao-sera-alcancada-com-mercados-globais-de-carbono-e-mais-capitalismo-%E2%80%98verde%E2%80%9D-%E2%80%94-Luis-Arce\"><\/span>8- &ldquo;A solu&ccedil;&atilde;o para a crise clim&aacute;tica n&atilde;o ser&aacute; alcan&ccedil;ada com mercados globais de carbono e mais capitalismo &lsquo;verde&rsquo;.&rdquo; &mdash; Luis Arce<span class=\"ez-toc-section-end\"><\/span><\/h2><p>A oitava cita&ccedil;&atilde;o &eacute; do discurso do presidente da Bol&iacute;via, Luis Arce (1963) na Confer&ecirc;ncia das Na&ccedil;&otilde;es Unidas sobre Mudan&ccedil;a Clim&aacute;tica, ou COP26, em 2021. Na ocasi&atilde;o, o l&iacute;der sulamericano denunciou que &ldquo;os pa&iacute;ses desenvolvidos est&atilde;o promovendo um novo processo de recoloniza&ccedil;&atilde;o mundial que podemos chamar de &lsquo;novo colonialismo do carbono&rsquo;&rdquo;&rsquo;.<\/p><p>Para Arce, os pa&iacute;ses desenvolvidos tentam impor regras nas negocia&ccedil;&otilde;es clim&aacute;ticas globais para manter um sistema capitalista &ldquo;verde&rdquo;, fazendo com que as na&ccedil;&otilde;es em desenvolvimento n&atilde;o tenham op&ccedil;&otilde;es a n&atilde;o ser aceitar.<\/p><p>+ <a href=\"https:\/\/vestibulares.estrategia.com\/portal\/materias\/redacao\/7-citacoes-sobre-meio-ambiente-para-usar-na-redacao\/\" target=\"_blank\">7 cita&ccedil;&otilde;es sobre meio ambiente para usar na reda&ccedil;&atilde;o<\/a><\/p><h2 class=\"wp-block-heading\" id=\"h-9-a-evidencia-cientifica-e-inequivoca-as-mudancas-climaticas-sao-uma-ameaca-ao-bem-estar-do-ser-humano-e-a-saude-do-planeta-qualquer-outro-atraso-em-uma-acao-climatica-conjunta-provocara-uma-perda-na-breve-e-rapida-janela-aberta-para-garantir-um-futuro-habitavel-hans-otto-portner\"><span class=\"ez-toc-section\" id=\"9-%E2%80%9CA-evidencia-cientifica-e-inequivoca-as-mudancas-climaticas-sao-uma-ameaca-ao-bem-estar-do-ser-humano-e-a-saude-do-planeta-Qualquer-outro-atraso-em-uma-acao-climatica-conjunta-provocara-uma-perda-na-breve-e-rapida-janela-aberta-para-garantir-um-futuro-habitavel%E2%80%9D-%E2%80%94-Hans-Otto-Portner\"><\/span>9- &ldquo;A evid&ecirc;ncia cient&iacute;fica &eacute; inequ&iacute;voca: as mudan&ccedil;as clim&aacute;ticas s&atilde;o uma amea&ccedil;a ao bem estar do ser humano e &agrave; sa&uacute;de do planeta. Qualquer outro atraso em uma a&ccedil;&atilde;o clim&aacute;tica conjunta provocar&aacute; uma perda na breve e r&aacute;pida janela aberta para garantir um futuro habit&aacute;vel.&rdquo; &mdash; Hans-Otto P&ouml;rtner<span class=\"ez-toc-section-end\"><\/span><\/h2><p>M&eacute;dico fisiologista e bi&oacute;logo marinho alem&atilde;o, Hans-Otto P&ouml;rtner &eacute; co-presidente Grupo de Trabalho II do Painel Intergovernamental sobre Mudan&ccedil;as Clim&aacute;ticas (IPCC), no qual foi autor principal do Cap&iacute;tulo 6 (Sistemas Oce&acirc;nicos), para o Quinto Relat&oacute;rio de Avalia&ccedil;&atilde;o do &oacute;rg&atilde;o.<\/p><p>Sob sua co-lideran&ccedil;a, o Grupo de Trabalho II publicou o Relat&oacute;rio Especial do IPCC sobre o Oceano e a Criosfera em um Clima em Mudan&ccedil;a (SROCC) em 2019 e contribuiu para os Relat&oacute;rios Especiais sobre &ldquo;Mudan&ccedil;as Clim&aacute;ticas e Terra&rdquo; e &ldquo;Aquecimento Global de 1,5&deg;C&rdquo;.<\/p><h2 class=\"wp-block-heading\" id=\"h-prepare-se-para-a-redacao-com-o-estrategia-vestibulares\"><span class=\"ez-toc-section\" id=\"Prepare-se-para-a-redacao-com-o-Estrategia-Vestibulares\"><\/span>Prepare-se para a reda&ccedil;&atilde;o com o Estrat&eacute;gia Vestibulares<span class=\"ez-toc-section-end\"><\/span><\/h2><p>Voc&ecirc; sabia que o Estrat&eacute;gia Vestibulares oferece corre&ccedil;&otilde;es ilimitadas de reda&ccedil;&otilde;es? Voc&ecirc; estuda com nosso material e treina quantas vezes quiser, sempre recebendo o feedback sobre suas produ&ccedil;&otilde;es. N&atilde;o &eacute; incr&iacute;vel?<\/p><p>Com os cursos da Coruja voc&ecirc; se prepara para o vestibular com um material completo e atualizado, aulas din&acirc;micas e funcionais, al&eacute;m de contar com Banco de Quest&otilde;es, revis&otilde;es de v&eacute;spera, salas VIP, monitorias e muito mais.<\/p><p>\n\n\n<a id=\"cta\" class=\"cta-imagem\" href=\"https:\/\/vestibulares.estrategia.com\/curso\/curso-interativo-enem-redaco-prof-fernando-andrade\/\" target=\"blank\">\n                <img decoding=\"async\" width=\"100%\" src=\"https:\/\/vestibulares.estrategia.com\/portal\/wp-content\/uploads\/2021\/07\/Redacao.jpg\" alt=\"Cursos de Reda\u00e7\u00e3o Estrat\u00e9gia Vestibulares\" title=\"Curso de Reda\u00e7\u00e3o Estrat\u00e9gia Vestibulares\">\n        <\/a>\n\n\n\n<\/p><h2 class=\"wp-block-heading\" id=\"h-veja-outras-citacoes-para-usar-na-redacao\"><span class=\"ez-toc-section\" id=\"Veja-outras-citacoes-para-usar-na-redacao\"><\/span>Veja outras cita&ccedil;&otilde;es para usar na reda&ccedil;&atilde;o<span class=\"ez-toc-section-end\"><\/span><\/h2><ul class=\"wp-block-list\">\n<li><a href=\"https:\/\/vestibulares.estrategia.com\/portal\/materias\/redacao\/7-citacoes-repertorio-sociocultural-coringa\/\" target=\"_blank\">Repert&oacute;rio Sociocultural para reda&ccedil;&atilde;o: 7 cita&ccedil;&otilde;es coringa<\/a><\/li>\n\n\n\n<li><a href=\"https:\/\/vestibulares.estrategia.com\/portal\/materias\/redacao\/9-citacoes-sobre-o-orgulho-lgbtqia-para-usar-como-repertorio-sociocultural\/\" target=\"_blank\">9 cita&ccedil;&otilde;es sobre o Orgulho LGBTQIA+ para usar como repert&oacute;rio sociocultural<\/a><\/li>\n\n\n\n<li><a href=\"https:\/\/vestibulares.estrategia.com\/portal\/atualidades-e-dicas\/6-citacoes-sobre-refugiados-para-usar-na-redacao\/\" target=\"_blank\">6 cita&ccedil;&otilde;es sobre refugiados para usar na reda&ccedil;&atilde;o<\/a><\/li>\n\n\n\n<li><a href=\"https:\/\/vestibulares.estrategia.com\/portal\/materias\/redacao\/7-citacoes-sobre-educacao-para-usar-na-redacao\/\" target=\"_blank\">7 cita&ccedil;&otilde;es sobre educa&ccedil;&atilde;o para usar na reda&ccedil;&atilde;o<\/a><\/li>\n\n\n\n<li><a href=\"https:\/\/vestibulares.estrategia.com\/portal\/materias\/redacao\/11-citacoes-sobre-imprensa-para-usar-na-redacao\/\" target=\"_blank\">11 cita&ccedil;&otilde;es sobre imprensa para usar na reda&ccedil;&atilde;o<\/a><\/li>\n\n\n\n<li><a href=\"https:\/\/vestibulares.estrategia.com\/portal\/materias\/redacao\/7-citacoes-sobre-meio-ambiente-para-usar-na-redacao\/\" target=\"_blank\">7 cita&ccedil;&otilde;es sobre meio ambiente para usar na reda&ccedil;&atilde;o<\/a><\/li>\n\n\n\n<li><a href=\"https:\/\/vestibulares.estrategia.com\/portal\/materias\/redacao\/citacoes-filosoficas-redacao\" target=\"_blank\">9 cita&ccedil;&otilde;es filos&oacute;ficas para usar na reda&ccedil;&atilde;o<\/a><\/li>\n\n\n\n<li><a href=\"https:\/\/vestibulares.estrategia.com\/portal\/materias\/historia\/9-frases-marcantes-da-historia-do-brasil\/\" target=\"_blank\">9 frases marcantes na hist&oacute;ria do Brasil<\/a><\/li>\n\n\n\n<li><a href=\"https:\/\/vestibulares.estrategia.com\/portal\/materias\/redacao\/citacoes-desigualdade-social-redacao\/\" target=\"_blank\">15 cita&ccedil;&otilde;es sobre desigualdade social para usar na reda&ccedil;&atilde;o<\/a><\/li>\n\n\n\n<li><a href=\"https:\/\/vestibulares.estrategia.com\/portal\/materias\/redacao\/11-citacoes-sobre-ciencia-para-usar-na-redacao\/\" target=\"_blank\">11 cita&ccedil;&otilde;es sobre ci&ecirc;ncia para usar na reda&ccedil;&atilde;o<\/a><\/li>\n\n\n\n<li><a href=\"https:\/\/vestibulares.estrategia.com\/portal\/atualidades-e-dicas\/dia-internacional-nelson-mandela-veja-citacoes-e-questoes-sobre-o-lider-sul-africano\/\" target=\"_blank\">Nelson Mandela: veja cita&ccedil;&otilde;es e quest&otilde;es sobre o l&iacute;der sul-africano<\/a><\/li>\n\n\n\n<li><a href=\"https:\/\/vestibulares.estrategia.com\/portal\/materias\/redacao\/11-citacoes-sobre-cultura-para-usar-na-redacao\/\" target=\"_blank\">11 cita&ccedil;&otilde;es sobre cultura para usar na reda&ccedil;&atilde;o<\/a><\/li>\n\n\n\n<li><a href=\"https:\/\/vestibulares.estrategia.com\/portal\/materias\/redacao\/7-citacoes-sobre-politica-para-usar-na-redacao\/\" target=\"_blank\">7 cita&ccedil;&otilde;es sobre pol&iacute;tica para usar na reda&ccedil;&atilde;o<\/a><\/li>\n\n\n\n<li><a href=\"https:\/\/vestibulares.estrategia.com\/portal\/materias\/redacao\/7-citacoes-sobre-violencia-para-usar-na-redacao\/\" target=\"_blank\">7 cita&ccedil;&otilde;es sobre viol&ecirc;ncia para usar na reda&ccedil;&atilde;o<\/a><\/li>\n\n\n\n<li><a href=\"https:\/\/vestibulares.estrategia.com\/portal\/materias\/redacao\/11-citacoes-sobre-tecnologia-para-usar-na-redacao\/\" target=\"_blank\">11 cita&ccedil;&otilde;es sobre tecnologia para usar na reda&ccedil;&atilde;o<\/a><\/li>\n\n\n\n<li><a href=\"https:\/\/vestibulares.estrategia.com\/portal\/materias\/redacao\/7-citacoes-sobre-saude-para-usar-como-repertorio-sociocultural-na-redacao\/\" target=\"_blank\">7 cita&ccedil;&otilde;es sobre sa&uacute;de para usar como repert&oacute;rio sociocultural na reda&ccedil;&atilde;o<\/a><\/li>\n\n\n\n<li><a href=\"https:\/\/vestibulares.estrategia.com\/portal\/materias\/redacao\/11-citacoes-sobre-saude-mental-para-usar-na-redacao\/\" target=\"_blank\">11 cita&ccedil;&otilde;es sobre sa&uacute;de mental para usar na reda&ccedil;&atilde;o<\/a><\/li>\n\n\n\n<li><a href=\"https:\/\/vestibulares.estrategia.com\/portal\/materias\/redacao\/13-citacoes-sobre-trabalho-para-usar-na-redacao\/\" target=\"_blank\">13 cita&ccedil;&otilde;es sobre trabalho para usar na reda&ccedil;&atilde;o<\/a><\/li>\n\n\n\n<li><a href=\"https:\/\/vestibulares.estrategia.com\/portal\/atualidades-e-dicas\/18-frases-da-rainha-elizabeth-ii-para-usar-na-redacao\/\" target=\"_blank\">18 frases da Rainha Elizabeth II que marcaram o seu reinado<\/a><\/li>\n\n\n\n<li><a href=\"https:\/\/vestibulares.estrategia.com\/portal\/materias\/historia\/9-frases-marcantes-da-historia-do-brasil\/\" target=\"_blank\">9 frases marcantes na hist&oacute;ria do Brasil<\/a><\/li>\n<\/ul><\/p>\n","protected":false},"excerpt":{"rendered":"Em alta no debate p\u00fablico, as mudan\u00e7as clim\u00e1ticas s\u00e3o pautas de diversos setores: veja as frases de pol\u00edticos, celebridades e cientistas sobre o tema\n","protected":false},"author":48,"featured_media":76500,"comment_status":"closed","ping_status":"closed","sticky":false,"template":"","format":"standard","meta":{"wl_entities_gutenberg":"","footnotes":""},"categories":[2],"tags":[],"wl_entity_type":[732],"class_list":{"0":"post-76499","1":"post","2":"type-post","3":"status-publish","4":"format-standard","5":"has-post-thumbnail","7":"category-redacao","8":"wl_entity_type-article"},"acf":[],"yoast_head":"<!-- This site is optimized with the Yoast SEO Premium plugin v25.9 (Yoast SEO v25.9) - https:\/\/yoast.com\/wordpress\/plugins\/seo\/ -->\n<title>9 cita\u00e7\u00f5es sobre mudan\u00e7as clim\u00e1ticas para usar na reda\u00e7\u00e3o<\/title>\n<meta name=\"description\" content=\"As mudan\u00e7as clim\u00e1ticas s\u00e3o pautas de diversos setores: veja as frases de pol\u00edticos, celebridades e cientistas sobre o tema\" \/>\n<meta name=\"robots\" content=\"index, follow, max-snippet:-1, max-image-preview:large, max-video-preview:-1\" \/>\n<link rel=\"canonical\" href=\"https:\/\/vestibulares.estrategia.com\/portal\/materias\/redacao\/9-citacoes-sobre-mudancas-climaticas-para-usar-na-redacao\/\" \/>\n<meta property=\"og:locale\" content=\"pt_BR\" \/>\n<meta property=\"og:type\" content=\"article\" \/>\n<meta property=\"og:title\" content=\"9 cita\u00e7\u00f5es sobre mudan\u00e7as clim\u00e1ticas para usar na reda\u00e7\u00e3o\" \/>\n<meta property=\"og:description\" content=\"As mudan\u00e7as clim\u00e1ticas s\u00e3o pautas de diversos setores: veja as frases de pol\u00edticos, celebridades e cientistas sobre o tema\" \/>\n<meta property=\"og:url\" content=\"https:\/\/vestibulares.estrategia.com\/portal\/materias\/redacao\/9-citacoes-sobre-mudancas-climaticas-para-usar-na-redacao\/\" \/>\n<meta property=\"og:site_name\" content=\"Estrat\u00e9gia Vestibulares\" \/>\n<meta property=\"article:publisher\" content=\"https:\/\/facebook.com\/estrategiavestibulares\" \/>\n<meta property=\"article:published_time\" content=\"2022-09-16T13:02:44+00:00\" \/>\n<meta property=\"article:modified_time\" content=\"2025-10-31T21:33:56+00:00\" \/>\n<meta property=\"og:image\" content=\"https:\/\/vestibulares.estrategia.com\/portal\/wp-content\/uploads\/2022\/09\/citacoes-sobre-mudancas-climaticas-scaled.webp\" \/>\n\t<meta property=\"og:image:width\" content=\"2560\" \/>\n\t<meta property=\"og:image:height\" content=\"1707\" \/>\n\t<meta property=\"og:image:type\" content=\"image\/jpeg\" \/>\n<meta name=\"author\" content=\"Beatriz Santana\" \/>\n<meta name=\"twitter:card\" content=\"summary_large_image\" \/>\n<meta name=\"twitter:creator\" content=\"@Estrategiavest\" \/>\n<meta name=\"twitter:site\" content=\"@Estrategiavest\" \/>\n<meta name=\"twitter:label1\" content=\"Escrito por\" \/>\n\t<meta name=\"twitter:data1\" content=\"Beatriz Santana\" \/>\n\t<meta name=\"twitter:label2\" content=\"Est. tempo de leitura\" \/>\n\t<meta name=\"twitter:data2\" content=\"9 minutos\" \/>\n<script type=\"application\/ld+json\" class=\"yoast-schema-graph\">{\"@context\":\"https:\/\/schema.org\",\"@graph\":[{\"@type\":\"Article\",\"@id\":\"https:\/\/vestibulares.estrategia.com\/portal\/materias\/redacao\/9-citacoes-sobre-mudancas-climaticas-para-usar-na-redacao\/#article\",\"isPartOf\":{\"@id\":\"https:\/\/vestibulares.estrategia.com\/portal\/materias\/redacao\/9-citacoes-sobre-mudancas-climaticas-para-usar-na-redacao\/\"},\"author\":{\"name\":\"Beatriz Santana\",\"@id\":\"https:\/\/vestibulares.estrategia.com\/portal\/#\/schema\/person\/cdd941dcf53839374c0bc8d39bb0230f\"},\"headline\":\"9 cita\u00e7\u00f5es sobre mudan\u00e7as clim\u00e1ticas para usar na reda\u00e7\u00e3o\",\"datePublished\":\"2022-09-16T13:02:44+00:00\",\"dateModified\":\"2025-10-31T21:33:56+00:00\",\"mainEntityOfPage\":{\"@id\":\"https:\/\/vestibulares.estrategia.com\/portal\/materias\/redacao\/9-citacoes-sobre-mudancas-climaticas-para-usar-na-redacao\/\"},\"wordCount\":1802,\"publisher\":{\"@id\":\"https:\/\/vestibulares.estrategia.com\/portal\/#organization\"},\"image\":{\"@id\":\"https:\/\/vestibulares.estrategia.com\/portal\/materias\/redacao\/9-citacoes-sobre-mudancas-climaticas-para-usar-na-redacao\/#primaryimage\"},\"thumbnailUrl\":\"https:\/\/vestibulares.estrategia.com\/portal\/wp-content\/uploads\/2022\/09\/citacoes-sobre-mudancas-climaticas-scaled.webp\",\"articleSection\":[\"Reda\u00e7\u00e3o\"],\"inLanguage\":\"pt-BR\"},{\"@type\":\"WebPage\",\"@id\":\"https:\/\/vestibulares.estrategia.com\/portal\/materias\/redacao\/9-citacoes-sobre-mudancas-climaticas-para-usar-na-redacao\/\",\"url\":\"https:\/\/vestibulares.estrategia.com\/portal\/materias\/redacao\/9-citacoes-sobre-mudancas-climaticas-para-usar-na-redacao\/\",\"name\":\"9 cita\u00e7\u00f5es sobre mudan\u00e7as clim\u00e1ticas para usar na reda\u00e7\u00e3o\",\"isPartOf\":{\"@id\":\"https:\/\/vestibulares.estrategia.com\/portal\/#website\"},\"primaryImageOfPage\":{\"@id\":\"https:\/\/vestibulares.estrategia.com\/portal\/materias\/redacao\/9-citacoes-sobre-mudancas-climaticas-para-usar-na-redacao\/#primaryimage\"},\"image\":{\"@id\":\"https:\/\/vestibulares.estrategia.com\/portal\/materias\/redacao\/9-citacoes-sobre-mudancas-climaticas-para-usar-na-redacao\/#primaryimage\"},\"thumbnailUrl\":\"https:\/\/vestibulares.estrategia.com\/portal\/wp-content\/uploads\/2022\/09\/citacoes-sobre-mudancas-climaticas-scaled.webp\",\"datePublished\":\"2022-09-16T13:02:44+00:00\",\"dateModified\":\"2025-10-31T21:33:56+00:00\",\"description\":\"As mudan\u00e7as clim\u00e1ticas s\u00e3o pautas de diversos setores: veja as frases de pol\u00edticos, celebridades e cientistas sobre o tema\",\"breadcrumb\":{\"@id\":\"https:\/\/vestibulares.estrategia.com\/portal\/materias\/redacao\/9-citacoes-sobre-mudancas-climaticas-para-usar-na-redacao\/#breadcrumb\"},\"inLanguage\":\"pt-BR\",\"potentialAction\":[{\"@type\":\"ReadAction\",\"target\":[\"https:\/\/vestibulares.estrategia.com\/portal\/materias\/redacao\/9-citacoes-sobre-mudancas-climaticas-para-usar-na-redacao\/\"]}]},{\"@type\":\"ImageObject\",\"inLanguage\":\"pt-BR\",\"@id\":\"https:\/\/vestibulares.estrategia.com\/portal\/materias\/redacao\/9-citacoes-sobre-mudancas-climaticas-para-usar-na-redacao\/#primaryimage\",\"url\":\"https:\/\/vestibulares.estrategia.com\/portal\/wp-content\/uploads\/2022\/09\/citacoes-sobre-mudancas-climaticas-scaled.webp\",\"contentUrl\":\"https:\/\/vestibulares.estrategia.com\/portal\/wp-content\/uploads\/2022\/09\/citacoes-sobre-mudancas-climaticas-scaled.webp\",\"width\":2560,\"height\":1707,\"caption\":\"Foto: ativista Greta Thunberg em discurso\"},{\"@type\":\"BreadcrumbList\",\"@id\":\"https:\/\/vestibulares.estrategia.com\/portal\/materias\/redacao\/9-citacoes-sobre-mudancas-climaticas-para-usar-na-redacao\/#breadcrumb\",\"itemListElement\":[{\"@type\":\"ListItem\",\"position\":1,\"name\":\"Home\",\"item\":\"https:\/\/vestibulares.estrategia.com\/portal\/\"},{\"@type\":\"ListItem\",\"position\":2,\"name\":\"Mat\u00e9rias\",\"item\":\"https:\/\/vestibulares.estrategia.com\/portal\/materias\/\"},{\"@type\":\"ListItem\",\"position\":3,\"name\":\"Reda\u00e7\u00e3o\",\"item\":\"https:\/\/vestibulares.estrategia.com\/portal\/materias\/redacao\/\"},{\"@type\":\"ListItem\",\"position\":4,\"name\":\"9 cita\u00e7\u00f5es sobre mudan\u00e7as clim\u00e1ticas para usar na reda\u00e7\u00e3o\"}]},{\"@type\":\"WebSite\",\"@id\":\"https:\/\/vestibulares.estrategia.com\/portal\/#website\",\"url\":\"https:\/\/vestibulares.estrategia.com\/portal\/\",\"name\":\"Estrat\u00e9gia Vestibulares\",\"description\":\"\",\"publisher\":{\"@id\":\"https:\/\/vestibulares.estrategia.com\/portal\/#organization\"},\"potentialAction\":[{\"@type\":\"SearchAction\",\"target\":{\"@type\":\"EntryPoint\",\"urlTemplate\":\"https:\/\/vestibulares.estrategia.com\/portal\/?s={search_term_string}\"},\"query-input\":{\"@type\":\"PropertyValueSpecification\",\"valueRequired\":true,\"valueName\":\"search_term_string\"}}],\"inLanguage\":\"pt-BR\"},{\"@type\":\"Organization\",\"@id\":\"https:\/\/vestibulares.estrategia.com\/portal\/#organization\",\"name\":\"Estrat\u00e9gia Vestibulares\",\"url\":\"https:\/\/vestibulares.estrategia.com\/portal\/\",\"logo\":{\"@type\":\"ImageObject\",\"inLanguage\":\"pt-BR\",\"@id\":\"https:\/\/vestibulares.estrategia.com\/portal\/#\/schema\/logo\/image\/\",\"url\":\"https:\/\/vestibulares.estrategia.com\/portal\/wp-content\/uploads\/2021\/06\/Logo-Vestibulares@4x.png\",\"contentUrl\":\"https:\/\/vestibulares.estrategia.com\/portal\/wp-content\/uploads\/2021\/06\/Logo-Vestibulares@4x.png\",\"width\":250,\"height\":66,\"caption\":\"Estrat\u00e9gia Vestibulares\"},\"image\":{\"@id\":\"https:\/\/vestibulares.estrategia.com\/portal\/#\/schema\/logo\/image\/\"},\"sameAs\":[\"https:\/\/facebook.com\/estrategiavestibulares\",\"https:\/\/x.com\/Estrategiavest\",\"https:\/\/www.instagram.com\/estrategiavestibulares\",\"https:\/\/www.youtube.com\/channel\/UCGWdZy8ULI-7_5GrABa4vNA\"]},{\"@type\":\"Person\",\"@id\":\"https:\/\/vestibulares.estrategia.com\/portal\/#\/schema\/person\/cdd941dcf53839374c0bc8d39bb0230f\",\"name\":\"Beatriz Santana\",\"image\":{\"@type\":\"ImageObject\",\"inLanguage\":\"pt-BR\",\"@id\":\"https:\/\/vestibulares.estrategia.com\/portal\/#\/schema\/person\/image\/\",\"url\":\"https:\/\/vestibulares.estrategia.com\/portal\/wp-content\/uploads\/2022\/01\/WhatsApp-Image-2021-10-21-at-10.19.09-1-150x150.webp\",\"contentUrl\":\"https:\/\/vestibulares.estrategia.com\/portal\/wp-content\/uploads\/2022\/01\/WhatsApp-Image-2021-10-21-at-10.19.09-1-150x150.webp\",\"caption\":\"Beatriz Santana\"},\"description\":\"Jornalista formada pela Unesp\",\"url\":\"https:\/\/vestibulares.estrategia.com\/portal\/author\/beatriz-santana\/\"}]}<\/script>\n<!-- \/ Yoast SEO Premium plugin. -->","yoast_head_json":{"title":"9 cita\u00e7\u00f5es sobre mudan\u00e7as clim\u00e1ticas para usar na reda\u00e7\u00e3o","description":"As mudan\u00e7as clim\u00e1ticas s\u00e3o pautas de diversos setores: veja as frases de pol\u00edticos, celebridades e cientistas sobre o tema","robots":{"index":"index","follow":"follow","max-snippet":"max-snippet:-1","max-image-preview":"max-image-preview:large","max-video-preview":"max-video-preview:-1"},"canonical":"https:\/\/vestibulares.estrategia.com\/portal\/materias\/redacao\/9-citacoes-sobre-mudancas-climaticas-para-usar-na-redacao\/","og_locale":"pt_BR","og_type":"article","og_title":"9 cita\u00e7\u00f5es sobre mudan\u00e7as clim\u00e1ticas para usar na reda\u00e7\u00e3o","og_description":"As mudan\u00e7as clim\u00e1ticas s\u00e3o pautas de diversos setores: veja as frases de pol\u00edticos, celebridades e cientistas sobre o tema","og_url":"https:\/\/vestibulares.estrategia.com\/portal\/materias\/redacao\/9-citacoes-sobre-mudancas-climaticas-para-usar-na-redacao\/","og_site_name":"Estrat\u00e9gia Vestibulares","article_publisher":"https:\/\/facebook.com\/estrategiavestibulares","article_published_time":"2022-09-16T13:02:44+00:00","article_modified_time":"2025-10-31T21:33:56+00:00","og_image":[{"width":2560,"height":1707,"url":"https:\/\/vestibulares.estrategia.com\/portal\/wp-content\/uploads\/2022\/09\/citacoes-sobre-mudancas-climaticas-scaled.webp","type":"image\/jpeg"}],"author":"Beatriz Santana","twitter_card":"summary_large_image","twitter_creator":"@Estrategiavest","twitter_site":"@Estrategiavest","twitter_misc":{"Escrito por":"Beatriz Santana","Est. tempo de leitura":"9 minutos"},"schema":{"@context":"https:\/\/schema.org","@graph":[{"@type":"Article","@id":"https:\/\/vestibulares.estrategia.com\/portal\/materias\/redacao\/9-citacoes-sobre-mudancas-climaticas-para-usar-na-redacao\/#article","isPartOf":{"@id":"https:\/\/vestibulares.estrategia.com\/portal\/materias\/redacao\/9-citacoes-sobre-mudancas-climaticas-para-usar-na-redacao\/"},"author":{"name":"Beatriz Santana","@id":"https:\/\/vestibulares.estrategia.com\/portal\/#\/schema\/person\/cdd941dcf53839374c0bc8d39bb0230f"},"headline":"9 cita\u00e7\u00f5es sobre mudan\u00e7as clim\u00e1ticas para usar na reda\u00e7\u00e3o","datePublished":"2022-09-16T13:02:44+00:00","dateModified":"2025-10-31T21:33:56+00:00","mainEntityOfPage":{"@id":"https:\/\/vestibulares.estrategia.com\/portal\/materias\/redacao\/9-citacoes-sobre-mudancas-climaticas-para-usar-na-redacao\/"},"wordCount":1802,"publisher":{"@id":"https:\/\/vestibulares.estrategia.com\/portal\/#organization"},"image":{"@id":"https:\/\/vestibulares.estrategia.com\/portal\/materias\/redacao\/9-citacoes-sobre-mudancas-climaticas-para-usar-na-redacao\/#primaryimage"},"thumbnailUrl":"https:\/\/vestibulares.estrategia.com\/portal\/wp-content\/uploads\/2022\/09\/citacoes-sobre-mudancas-climaticas-scaled.webp","articleSection":["Reda\u00e7\u00e3o"],"inLanguage":"pt-BR"},{"@type":"WebPage","@id":"https:\/\/vestibulares.estrategia.com\/portal\/materias\/redacao\/9-citacoes-sobre-mudancas-climaticas-para-usar-na-redacao\/","url":"https:\/\/vestibulares.estrategia.com\/portal\/materias\/redacao\/9-citacoes-sobre-mudancas-climaticas-para-usar-na-redacao\/","name":"9 cita\u00e7\u00f5es sobre mudan\u00e7as clim\u00e1ticas para usar na reda\u00e7\u00e3o","isPartOf":{"@id":"https:\/\/vestibulares.estrategia.com\/portal\/#website"},"primaryImageOfPage":{"@id":"https:\/\/vestibulares.estrategia.com\/portal\/materias\/redacao\/9-citacoes-sobre-mudancas-climaticas-para-usar-na-redacao\/#primaryimage"},"image":{"@id":"https:\/\/vestibulares.estrategia.com\/portal\/materias\/redacao\/9-citacoes-sobre-mudancas-climaticas-para-usar-na-redacao\/#primaryimage"},"thumbnailUrl":"https:\/\/vestibulares.estrategia.com\/portal\/wp-content\/uploads\/2022\/09\/citacoes-sobre-mudancas-climaticas-scaled.webp","datePublished":"2022-09-16T13:02:44+00:00","dateModified":"2025-10-31T21:33:56+00:00","description":"As mudan\u00e7as clim\u00e1ticas s\u00e3o pautas de diversos setores: veja as frases de pol\u00edticos, celebridades e cientistas sobre o tema","breadcrumb":{"@id":"https:\/\/vestibulares.estrategia.com\/portal\/materias\/redacao\/9-citacoes-sobre-mudancas-climaticas-para-usar-na-redacao\/#breadcrumb"},"inLanguage":"pt-BR","potentialAction":[{"@type":"ReadAction","target":["https:\/\/vestibulares.estrategia.com\/portal\/materias\/redacao\/9-citacoes-sobre-mudancas-climaticas-para-usar-na-redacao\/"]}]},{"@type":"ImageObject","inLanguage":"pt-BR","@id":"https:\/\/vestibulares.estrategia.com\/portal\/materias\/redacao\/9-citacoes-sobre-mudancas-climaticas-para-usar-na-redacao\/#primaryimage","url":"https:\/\/vestibulares.estrategia.com\/portal\/wp-content\/uploads\/2022\/09\/citacoes-sobre-mudancas-climaticas-scaled.webp","contentUrl":"https:\/\/vestibulares.estrategia.com\/portal\/wp-content\/uploads\/2022\/09\/citacoes-sobre-mudancas-climaticas-scaled.webp","width":2560,"height":1707,"caption":"Foto: ativista Greta Thunberg em discurso"},{"@type":"BreadcrumbList","@id":"https:\/\/vestibulares.estrategia.com\/portal\/materias\/redacao\/9-citacoes-sobre-mudancas-climaticas-para-usar-na-redacao\/#breadcrumb","itemListElement":[{"@type":"ListItem","position":1,"name":"Home","item":"https:\/\/vestibulares.estrategia.com\/portal\/"},{"@type":"ListItem","position":2,"name":"Mat\u00e9rias","item":"https:\/\/vestibulares.estrategia.com\/portal\/materias\/"},{"@type":"ListItem","position":3,"name":"Reda\u00e7\u00e3o","item":"https:\/\/vestibulares.estrategia.com\/portal\/materias\/redacao\/"},{"@type":"ListItem","position":4,"name":"9 cita\u00e7\u00f5es sobre mudan\u00e7as clim\u00e1ticas para usar na reda\u00e7\u00e3o"}]},{"@type":"WebSite","@id":"https:\/\/vestibulares.estrategia.com\/portal\/#website","url":"https:\/\/vestibulares.estrategia.com\/portal\/","name":"Estrat\u00e9gia Vestibulares","description":"","publisher":{"@id":"https:\/\/vestibulares.estrategia.com\/portal\/#organization"},"potentialAction":[{"@type":"SearchAction","target":{"@type":"EntryPoint","urlTemplate":"https:\/\/vestibulares.estrategia.com\/portal\/?s={search_term_string}"},"query-input":{"@type":"PropertyValueSpecification","valueRequired":true,"valueName":"search_term_string"}}],"inLanguage":"pt-BR"},{"@type":"Organization","@id":"https:\/\/vestibulares.estrategia.com\/portal\/#organization","name":"Estrat\u00e9gia Vestibulares","url":"https:\/\/vestibulares.estrategia.com\/portal\/","logo":{"@type":"ImageObject","inLanguage":"pt-BR","@id":"https:\/\/vestibulares.estrategia.com\/portal\/#\/schema\/logo\/image\/","url":"https:\/\/vestibulares.estrategia.com\/portal\/wp-content\/uploads\/2021\/06\/Logo-Vestibulares@4x.png","contentUrl":"https:\/\/vestibulares.estrategia.com\/portal\/wp-content\/uploads\/2021\/06\/Logo-Vestibulares@4x.png","width":250,"height":66,"caption":"Estrat\u00e9gia Vestibulares"},"image":{"@id":"https:\/\/vestibulares.estrategia.com\/portal\/#\/schema\/logo\/image\/"},"sameAs":["https:\/\/facebook.com\/estrategiavestibulares","https:\/\/x.com\/Estrategiavest","https:\/\/www.instagram.com\/estrategiavestibulares","https:\/\/www.youtube.com\/channel\/UCGWdZy8ULI-7_5GrABa4vNA"]},{"@type":"Person","@id":"https:\/\/vestibulares.estrategia.com\/portal\/#\/schema\/person\/cdd941dcf53839374c0bc8d39bb0230f","name":"Beatriz Santana","image":{"@type":"ImageObject","inLanguage":"pt-BR","@id":"https:\/\/vestibulares.estrategia.com\/portal\/#\/schema\/person\/image\/","url":"https:\/\/vestibulares.estrategia.com\/portal\/wp-content\/uploads\/2022\/01\/WhatsApp-Image-2021-10-21-at-10.19.09-1-150x150.webp","contentUrl":"https:\/\/vestibulares.estrategia.com\/portal\/wp-content\/uploads\/2022\/01\/WhatsApp-Image-2021-10-21-at-10.19.09-1-150x150.webp","caption":"Beatriz Santana"},"description":"Jornalista formada pela Unesp","url":"https:\/\/vestibulares.estrategia.com\/portal\/author\/beatriz-santana\/"}]}},"_wl_alt_label":[],"wl:entity_url":"https:\/\/data.wordlift.io\/wl110249\/post\/9-citacoes-sobre-mudancas-climaticas-para-usar-na-redacao","_links":{"self":[{"href":"https:\/\/vestibulares.estrategia.com\/portal\/wp-json\/wp\/v2\/posts\/76499","targetHints":{"allow":["GET"]}}],"collection":[{"href":"https:\/\/vestibulares.estrategia.com\/portal\/wp-json\/wp\/v2\/posts"}],"about":[{"href":"https:\/\/vestibulares.estrategia.com\/portal\/wp-json\/wp\/v2\/types\/post"}],"author":[{"embeddable":true,"href":"https:\/\/vestibulares.estrategia.com\/portal\/wp-json\/wp\/v2\/users\/48"}],"replies":[{"embeddable":true,"href":"https:\/\/vestibulares.estrategia.com\/portal\/wp-json\/wp\/v2\/comments?post=76499"}],"version-history":[{"count":9,"href":"https:\/\/vestibulares.estrategia.com\/portal\/wp-json\/wp\/v2\/posts\/76499\/revisions"}],"predecessor-version":[{"id":147694,"href":"https:\/\/vestibulares.estrategia.com\/portal\/wp-json\/wp\/v2\/posts\/76499\/revisions\/147694"}],"wp:featuredmedia":[{"embeddable":true,"href":"https:\/\/vestibulares.estrategia.com\/portal\/wp-json\/wp\/v2\/media\/76500"}],"wp:attachment":[{"href":"https:\/\/vestibulares.estrategia.com\/portal\/wp-json\/wp\/v2\/media?parent=76499"}],"wp:term":[{"taxonomy":"category","embeddable":true,"href":"https:\/\/vestibulares.estrategia.com\/portal\/wp-json\/wp\/v2\/categories?post=76499"},{"taxonomy":"post_tag","embeddable":true,"href":"https:\/\/vestibulares.estrategia.com\/portal\/wp-json\/wp\/v2\/tags?post=76499"},{"taxonomy":"wl_entity_type","embeddable":true,"href":"https:\/\/vestibulares.estrategia.com\/portal\/wp-json\/wp\/v2\/wl_entity_type?post=76499"}],"curies":[{"name":"wp","href":"https:\/\/api.w.org\/{rel}","templated":true}]}}