{"id":77854,"date":"2022-09-30T08:57:08","date_gmt":"2022-09-30T11:57:08","guid":{"rendered":"https:\/\/vestibulares.estrategia.com\/portal\/?p=77854"},"modified":"2025-10-31T16:29:03","modified_gmt":"2025-10-31T19:29:03","slug":"7-citacoes-sobre-preconceito-para-usar-na-redacao","status":"publish","type":"post","link":"https:\/\/vestibulares.estrategia.com\/portal\/materias\/redacao\/7-citacoes-sobre-preconceito-para-usar-na-redacao\/","title":{"rendered":"7 cita\u00e7\u00f5es sobre preconceito para usar na reda\u00e7\u00e3o"},"content":{"rendered":"<p>O preconceito &eacute; um ato de julgamento presente em m&uacute;ltiplas atitudes e circunst&acirc;ncias do cotidiano. Pensando nisso, o <strong>Portal Estrat&eacute;gia Vestibulares<\/strong> reuniu 7 cita&ccedil;&otilde;es sobre preconceito para aumentar seu repert&oacute;rio sociocultural, contribuir na sua argumenta&ccedil;&atilde;o e contextualiza&ccedil;&atilde;o, al&eacute;m de ajudar na hora de escrever uma reda&ccedil;&atilde;o.<p>A seguir, confira frases que poderiam ser usadas em propostas de reda&ccedil;&atilde;o como &ldquo;Cidadania, preconceito e consci&ecirc;ncia social&rdquo;, do vestibular ITA 2021, e &ldquo;O legado da escravid&atilde;o e o preconceito contra negros no Brasil&rdquo;, da Universidade Estadual Paulista (<a href=\"https:\/\/vestibulares.estrategia.com\/portal\/vestibulares\/vestibular-unesp\/\" target=\"_blank\">Unesp<\/a>) 2015. ou em outras tem&aacute;ticas que abordam quest&otilde;es relacionada ao preconceito.<\/p><p>\n\n\n\n<div class=\"cta-medio\" style=\"background-image: url(https:\/\/vestibulares.estrategia.com\/portal\/wp-content\/uploads\/2024\/08\/curso-enem-1-estrategia-vestibulares-ctamedio.jpg);\"><h3>Pacote Enem TOP <\/h3> <p>Estude com o Estrat\u00e9gia Vestibulares<\/p><div class=\"cta-botao\"><a id=\"cta-medio\" href=\"https:\/\/vestibulares.estrategia.com\/curso\/enem-top\/\" target=\"_blank\" style=\"background:rgb(255,150,0)\">Saiba mais<\/a><\/div><\/div>\n\n\n\n<\/p><div id=\"ez-toc-container\" class=\"ez-toc-v2_0_76 counter-hierarchy ez-toc-counter ez-toc-transparent ez-toc-container-direction\">\n<div class=\"ez-toc-title-container\"><p class=\"ez-toc-title\" style=\"cursor:inherit\">Navegue pelo conte\u00fado<\/p>\n<\/div><nav><ul class='ez-toc-list ez-toc-list-level-1 ' ><li class='ez-toc-page-1 ez-toc-heading-level-2'><a class=\"ez-toc-link ez-toc-heading-1\" href=\"https:\/\/vestibulares.estrategia.com\/portal\/materias\/redacao\/7-citacoes-sobre-preconceito-para-usar-na-redacao\/#%E2%80%9CA-linguagem-e-uma-verdadeira-forma-de-acao%E2%80%9D-%E2%80%93-Jurgen-Habermas\" >&ldquo;A linguagem &eacute; uma verdadeira forma de a&ccedil;&atilde;o&rdquo; &ndash; Jurgen Habermas<\/a><\/li><li class='ez-toc-page-1 ez-toc-heading-level-2'><a class=\"ez-toc-link ez-toc-heading-2\" href=\"https:\/\/vestibulares.estrategia.com\/portal\/materias\/redacao\/7-citacoes-sobre-preconceito-para-usar-na-redacao\/#%E2%80%9CE-mais-facil-desintegrar-um-atomo-que-um-preconceito%E2%80%9D-%E2%80%93-Albert-Einstein\" >&ldquo;&Eacute; mais f&aacute;cil desintegrar um &aacute;tomo que um preconceito&rdquo; &ndash; Albert Einstein<\/a><\/li><li class='ez-toc-page-1 ez-toc-heading-level-2'><a class=\"ez-toc-link ez-toc-heading-3\" href=\"https:\/\/vestibulares.estrategia.com\/portal\/materias\/redacao\/7-citacoes-sobre-preconceito-para-usar-na-redacao\/#%E2%80%9CO-preconceito-e-um-fardo-que-confunde-o-passado-ameaca-o-futuro-e-torna-o-presente-inacessivel%E2%80%9D-%E2%80%93-Maya-Angelou\" >&ldquo;O preconceito &eacute; um fardo que confunde o passado, amea&ccedil;a o futuro e torna o presente inacess&iacute;vel&rdquo; &ndash; Maya Angelou<\/a><\/li><li class='ez-toc-page-1 ez-toc-heading-level-2'><a class=\"ez-toc-link ez-toc-heading-4\" href=\"https:\/\/vestibulares.estrategia.com\/portal\/materias\/redacao\/7-citacoes-sobre-preconceito-para-usar-na-redacao\/#%E2%80%9CPreconceito-e-opiniao-sem-conhecimento%E2%80%9D-%E2%80%93-Voltaire\" >&ldquo;Preconceito &eacute; opini&atilde;o sem conhecimento&rdquo; &ndash; Voltaire<\/a><\/li><li class='ez-toc-page-1 ez-toc-heading-level-2'><a class=\"ez-toc-link ez-toc-heading-5\" href=\"https:\/\/vestibulares.estrategia.com\/portal\/materias\/redacao\/7-citacoes-sobre-preconceito-para-usar-na-redacao\/#%E2%80%9CPrefiro-ser-um-homem-de-paradoxos-que-um-homem-de-preconceitos%E2%80%9D-%E2%80%93-Jean-Jacques-Rousseau\" >&ldquo;Prefiro ser um homem de paradoxos que um homem de preconceitos&rdquo; &ndash; Jean-Jacques Rousseau<\/a><\/li><li class='ez-toc-page-1 ez-toc-heading-level-2'><a class=\"ez-toc-link ez-toc-heading-6\" href=\"https:\/\/vestibulares.estrategia.com\/portal\/materias\/redacao\/7-citacoes-sobre-preconceito-para-usar-na-redacao\/#%E2%80%9CQuando-uma-atitude-agressiva-ocorre-constantemente-as-pessoas-param-de-ve-la-como-errada%E2%80%9D-%E2%80%93-Hannah-Arendt\" >&ldquo;Quando uma atitude agressiva ocorre constantemente, as pessoas param de v&ecirc;-la como errada&rdquo; &ndash; Hannah Arendt<\/a><\/li><li class='ez-toc-page-1 ez-toc-heading-level-2'><a class=\"ez-toc-link ez-toc-heading-7\" href=\"https:\/\/vestibulares.estrategia.com\/portal\/materias\/redacao\/7-citacoes-sobre-preconceito-para-usar-na-redacao\/#%E2%80%9CTodo-preconceito-e-fruto-da-burrice-da-ignorancia-e-qualquer-atividade-cultural-contra-preconceitos-e-valida-%E2%80%9D-%E2%80%93-Paulo-Autran\" >&ldquo;Todo preconceito &eacute; fruto da burrice, da ignor&acirc;ncia, e qualquer atividade cultural contra preconceitos &eacute; v&aacute;lida. &rdquo; &ndash; Paulo Autran<\/a><\/li><li class='ez-toc-page-1 ez-toc-heading-level-2'><a class=\"ez-toc-link ez-toc-heading-8\" href=\"https:\/\/vestibulares.estrategia.com\/portal\/materias\/redacao\/7-citacoes-sobre-preconceito-para-usar-na-redacao\/#Estude-com-o-Estrategia-Vestibulares\" >Estude com o Estrat&eacute;gia Vestibulares<\/a><\/li><li class='ez-toc-page-1 ez-toc-heading-level-2'><a class=\"ez-toc-link ez-toc-heading-9\" href=\"https:\/\/vestibulares.estrategia.com\/portal\/materias\/redacao\/7-citacoes-sobre-preconceito-para-usar-na-redacao\/#Veja-outras-citacoes-para-usar-na-redacao\" >Veja outras cita&ccedil;&otilde;es para usar na reda&ccedil;&atilde;o<\/a><\/li><\/ul><\/nav><\/div>\n<h2 class=\"wp-block-heading\" id=\"h-a-linguagem-e-uma-verdadeira-forma-de-acao-jurgen-habermas\"><span class=\"ez-toc-section\" id=\"%E2%80%9CA-linguagem-e-uma-verdadeira-forma-de-acao%E2%80%9D-%E2%80%93-Jurgen-Habermas\"><\/span>&ldquo;A linguagem &eacute; uma verdadeira forma de a&ccedil;&atilde;o&rdquo; &ndash; Jurgen Habermas<span class=\"ez-toc-section-end\"><\/span><\/h2><p>O fil&oacute;sofo e soci&oacute;logo alem&atilde;o, Jurgen Habermas, trabalhava com a teoria cr&iacute;tica, um dos pensamentos desenvolvidos na Escola de Frankfurt. Ele tinha como principal foco estudar sobre a democracia e as teorias, como a da pol&iacute;tica deliberativa. Essa frase faz alus&atilde;o ao conceito de a&ccedil;&atilde;o comunicativa, que diz respeito aos problemas que o silenciamento causa e como a voz faz diferen&ccedil;a em determinadas situa&ccedil;&otilde;es.&nbsp;<\/p><p>Ainda que essa cita&ccedil;&atilde;o n&atilde;o diga diretamente sobre preconceito, podemos afirmar que pode ser aplicada &agrave; tem&aacute;tica. Com a linguagem, podemos falar sobre os problemas e consequ&ecirc;ncias dessa viol&ecirc;ncia.&nbsp;<\/p><h2 class=\"wp-block-heading\" id=\"h-e-mais-facil-desintegrar-um-atomo-que-um-preconceito-albert-einstein\"><span class=\"ez-toc-section\" id=\"%E2%80%9CE-mais-facil-desintegrar-um-atomo-que-um-preconceito%E2%80%9D-%E2%80%93-Albert-Einstein\"><\/span>&ldquo;&Eacute; mais f&aacute;cil desintegrar um &aacute;tomo que um preconceito&rdquo; &ndash; Albert Einstein<span class=\"ez-toc-section-end\"><\/span><\/h2><p>Durante as d&eacute;cadas de 1879 e 1955, o f&iacute;sico alem&atilde;o Albert Einstein inaugurou uma nova forma de compreender o tempo e o espa&ccedil;o. O mesmo desenvolveu a teoria da relatividade geral e defendeu o uso da ci&ecirc;ncia para fins pac&iacute;ficos e controle mundial. Al&eacute;m disso, ele disse essa frase ao mencionar como &eacute; dificil combater &agrave;s diversas formas de discrimina&ccedil;&atilde;o encontradas na sociedade.<\/p><h2 class=\"wp-block-heading\" id=\"h-o-preconceito-e-um-fardo-que-confunde-o-passado-ameaca-o-futuro-e-torna-o-presente-inacessivel-maya-angelou\"><span class=\"ez-toc-section\" id=\"%E2%80%9CO-preconceito-e-um-fardo-que-confunde-o-passado-ameaca-o-futuro-e-torna-o-presente-inacessivel%E2%80%9D-%E2%80%93-Maya-Angelou\"><\/span>&ldquo;O preconceito &eacute; um fardo que confunde o passado, amea&ccedil;a o futuro e torna o presente inacess&iacute;vel&rdquo; &ndash; Maya Angelou<span class=\"ez-toc-section-end\"><\/span><\/h2><p>Maya Angelou foi uma escritora estadunidense e a primeira mulher negra a ser estampada em uma moeda americana. Maya era poetisa, memoralista, feminista e ativista pelos direitos civis, al&eacute;m de uma figura influente da cultura afroamericana. Sua frase informa que o preconceito n&atilde;o &eacute; uma viol&ecirc;ncia que deve ser abatida somente quando acontece, pois interfere em todos os impasses da sociedade.<\/p><p>\n\n\n\n<div id=\"new-form\">\n\t<form id=\"forms_layout\">\n\t<input type=\"hidden\" id=\"chave_de\" name=\"chave_de\" value=\"01_EVEST_LEADS_TOTAIS\" \/>\n\t\t<input type=\"hidden\" id=\"mid\" name=\"mid\" value=\"515008983\" \/>\n\t\t<input type=\"hidden\" id=\"Objetivo\" name=\"Objetivo\" value=\"Vestibulares\" \/>\n\t\t<input type=\"hidden\" id=\"Estado_de_Origem_do_IP\" name=\"Estado_de_Origem_do_IP\"  value=\"\" \/>\n\t\t<input type=\"hidden\" id=\"Cidade_de_Origem_do_IP\" name=\"Cidade_de_Origem_do_IP\" value=\"\" \/>\n\t\t<input type=\"hidden\" id=\"Modo_de_entrada\" name=\"Modo_de_entrada\" value=\"Portal\" \/>\n\t\t<input type=\"hidden\" id=\"Pagina_Origem\" name=\"Pagina_Origem\" value=\"\" \/>\n\n\t\t<div class=\"texto\">\n\t\t\t<h3 class=\"news\">Inscreva-se em nossa newsletter\ud83e\udd89<\/h3>\n\t\t\t<p>Receba dicas de estudo gratuitas e saiba em primeira m\u00e3o as novidades sobre o Enem, Sisu, Encceja, Fuvest e outros vestibulares!<\/p>\n\t\t<\/div>\n\t\t<div class=\"campos\">\n\t\t\t<div class=\"first_name labels\">\n\t\t\t\t<input type=\"text\" class=\"input_labels\" id=\"first_name\" name=\"Nome_Completo\" placeholder=\"Nome\" required \/>\n\t\t\t<\/div>\n\t\t\t<div class=\"email labels\">\n\t\t\t\t<input type=\"email\" class=\"input_labels\" id=\"email\" name=\"Email\" placeholder=\"E-mail\" required \/>\n\t\t\t<\/div>\n\t\t\t<button type=\"submit\" class=\"button_layout\">\n\t\t\t\t<div id=\"lblBotao\">Inscreva-se<\/div>\n\t\t\t\t<span id=\"divSpiner\" class=\"loader\" role=\"status\" style=\"display: none;\"><\/span>\t\n\t\t\t<\/button>\n\t\t<\/div><!-- \/campos -->\n\t\t\n\t\t<label class=\"container_checkbox\">Voc\u00ea concorda com a nossa\n\t\t\t<a class=\"politics_privacy_ahref\" target=\"_blank\" href=\"https:\/\/gratis.estrategiaconcursos.com.br\/politica-de-privacidade\/\">Pol\u00edtica de Privacidade<\/a> e aceita receber informa\u00e7\u00f5es adicionais do Estrat\u00e9gia Educacional.\n\t\t\t<input id=\"checkbox_layout\" type=\"checkbox\" checked=\"checked\" required \/>\n\t\t\t<span class=\"checkbox\"><\/span>\n\t\t<\/label>\n\t\t<div id=\"msg\"><\/div>\n\t\t<div id=\"error\" class=\"error\">\n\t\t<\/div>\n\t<\/form>\n<\/div><!-- \/new-form -->\n\n\n\n<\/p><h2 class=\"wp-block-heading\" id=\"h-preconceito-e-opiniao-sem-conhecimento-voltaire\"><span class=\"ez-toc-section\" id=\"%E2%80%9CPreconceito-e-opiniao-sem-conhecimento%E2%80%9D-%E2%80%93-Voltaire\"><\/span>&ldquo;Preconceito &eacute; opini&atilde;o sem conhecimento&rdquo; &ndash; Voltaire<span class=\"ez-toc-section-end\"><\/span><\/h2><p>Fran&ccedil;ois Marie Arouet, mais conhecido pelo pseud&ocirc;nimo Voltaire, foi um dos principais e mais importantes fil&oacute;sofos do iluminismo, e ao longo de sua vida defendeu as liberdade individuais e da intoler&acirc;ncia. Sua frase reitera que os preconceitos s&atilde;o opini&otilde;es formuladas sem um exame cr&iacute;tico ou reflex&atilde;o, o que pode influenciar os modos de pensar e agir das pessoas.&nbsp;<\/p><h2 class=\"wp-block-heading\" id=\"h-prefiro-ser-um-homem-de-paradoxos-que-um-homem-de-preconceitos-jean-jacques-rousseau\"><span class=\"ez-toc-section\" id=\"%E2%80%9CPrefiro-ser-um-homem-de-paradoxos-que-um-homem-de-preconceitos%E2%80%9D-%E2%80%93-Jean-Jacques-Rousseau\"><\/span>&ldquo;Prefiro ser um homem de paradoxos que um homem de preconceitos&rdquo; &ndash; Jean-Jacques Rousseau<span class=\"ez-toc-section-end\"><\/span><\/h2><p>Um dos principais autores sobre a forma&ccedil;&atilde;o do pensamento pol&iacute;tico e educacional, Jean-Jacques Rousseau, foi um fil&oacute;sofo contratualista e defensor dos princ&iacute;pios &ldquo;liberdade, igualdade e fraternidade&rdquo;, al&eacute;m de ser influente para o liberalismo pol&iacute;tico. Em sua obra &ldquo;O Contrato Social&rdquo; ele retrata as rela&ccedil;&otilde;es sociais da humanidade e como seria poss&iacute;vel desenvolver uma sociedade civil que garantisse direitos iguais a todos.<\/p><h2 class=\"wp-block-heading\" id=\"h-quando-uma-atitude-agressiva-ocorre-constantemente-as-pessoas-param-de-ve-la-como-errada-hannah-arendt\"><span class=\"ez-toc-section\" id=\"%E2%80%9CQuando-uma-atitude-agressiva-ocorre-constantemente-as-pessoas-param-de-ve-la-como-errada%E2%80%9D-%E2%80%93-Hannah-Arendt\"><\/span>&ldquo;Quando uma atitude agressiva ocorre constantemente, as pessoas param de v&ecirc;-la como errada&rdquo; &ndash; Hannah Arendt<span class=\"ez-toc-section-end\"><\/span><\/h2><p>Hannah Arendt foi uma fil&oacute;sofa e te&oacute;rica contempor&acirc;nea de origem judaica sendo uma das primeiras estudiosas femininas na &aacute;rea da filosofia ao longo do s&eacute;culo XX. Com seus estudos, a te&oacute;rica desenvolveu o conceito de Banalidade do Mal, que afirma que as pessoas tendem a n&atilde;o assumir seus erros e atitudes falhas, e as atitudes tornam-se irrelevantes quando s&atilde;o feitas periodicamente e normalizadas.<\/p><h2 class=\"wp-block-heading\" id=\"h-todo-preconceito-e-fruto-da-burrice-da-ignorancia-e-qualquer-atividade-cultural-contra-preconceitos-e-valida-paulo-autran\"><span class=\"ez-toc-section\" id=\"%E2%80%9CTodo-preconceito-e-fruto-da-burrice-da-ignorancia-e-qualquer-atividade-cultural-contra-preconceitos-e-valida-%E2%80%9D-%E2%80%93-Paulo-Autran\"><\/span>&ldquo;Todo preconceito &eacute; fruto da burrice, da ignor&acirc;ncia, e qualquer atividade cultural contra preconceitos &eacute; v&aacute;lida. &rdquo; &ndash; Paulo Autran<span class=\"ez-toc-section-end\"><\/span><\/h2><p>Considerado um dos maiores atores brasileiros, Paulo Autran trabalhou em diversas produ&ccedil;&otilde;es do teatro, cinema e televis&atilde;o, e recebeu 33 pr&ecirc;mios durante sua vida, como a Ordem do M&eacute;rito Cultural, que conquistou em 1998. Ele declarava que a cultura era uma arma contra a viol&ecirc;ncia e os preconceitos, e foi um marco para o desenvolvimento de uma opini&atilde;o cr&iacute;tica interligada com a cultura nacional.<\/p><h2 class=\"wp-block-heading\" id=\"h-estude-com-o-estrategia-vestibulares\"><span class=\"ez-toc-section\" id=\"Estude-com-o-Estrategia-Vestibulares\"><\/span>Estude com o Estrat&eacute;gia Vestibulares<span class=\"ez-toc-section-end\"><\/span><\/h2><p>Com o Estrat&eacute;gia Vestibulares voc&ecirc; tem acesso a diversos benef&iacute;cios que auxiliam nos seus estudos, como cursos, simulados preparat&oacute;rios e corre&ccedil;&atilde;o de reda&ccedil;&otilde;es. N&atilde;o deixe de conferir esses e mais artigos que podem te ajudar a conquistar a vaga dos seus sonhos!<\/p><p>\n\n\n<a id=\"cta\" class=\"cta-imagem\" href=\"https:\/\/vestibulares.estrategia.com\/curso\/curso-interativo-enem-redaco-prof-fernando-andrade\/\" target=\"blank\">\n                <img decoding=\"async\" width=\"100%\" src=\"https:\/\/vestibulares.estrategia.com\/portal\/wp-content\/uploads\/2021\/07\/Redacao.jpg\" alt=\"Cursos de Reda\u00e7\u00e3o Estrat\u00e9gia Vestibulares\" title=\"Curso de Reda\u00e7\u00e3o Estrat\u00e9gia Vestibulares\">\n        <\/a>\n\n\n\n<\/p><h2 class=\"wp-block-heading\" id=\"h-veja-outras-citacoes-para-usar-na-redacao\"><span class=\"ez-toc-section\" id=\"Veja-outras-citacoes-para-usar-na-redacao\"><\/span><strong>Veja outras cita&ccedil;&otilde;es para usar na reda&ccedil;&atilde;o<\/strong><span class=\"ez-toc-section-end\"><\/span><\/h2><ul class=\"wp-block-list\">\n<li><a href=\"https:\/\/vestibulares.estrategia.com\/portal\/materias\/redacao\/7-citacoes-repertorio-sociocultural-coringa\/\">Repert&oacute;rio Sociocultural para reda&ccedil;&atilde;o: 7 cita&ccedil;&otilde;es coringa<\/a><\/li>\n\n\n\n<li><a href=\"https:\/\/vestibulares.estrategia.com\/portal\/materias\/redacao\/9-citacoes-sobre-o-orgulho-lgbtqia-para-usar-como-repertorio-sociocultural\/\">9 cita&ccedil;&otilde;es sobre o Orgulho LGBTQIA+ para usar como repert&oacute;rio sociocultural<\/a><\/li>\n\n\n\n<li><a href=\"https:\/\/vestibulares.estrategia.com\/portal\/atualidades-e-dicas\/6-citacoes-sobre-refugiados-para-usar-na-redacao\/\">6 cita&ccedil;&otilde;es sobre refugiados para usar na reda&ccedil;&atilde;o<\/a><\/li>\n\n\n\n<li><a href=\"https:\/\/vestibulares.estrategia.com\/portal\/materias\/redacao\/7-citacoes-sobre-educacao-para-usar-na-redacao\/\">7 cita&ccedil;&otilde;es sobre educa&ccedil;&atilde;o para usar na reda&ccedil;&atilde;o<\/a><\/li>\n\n\n\n<li><a href=\"https:\/\/vestibulares.estrategia.com\/portal\/materias\/redacao\/11-citacoes-sobre-imprensa-para-usar-na-redacao\/\">11 cita&ccedil;&otilde;es sobre imprensa para usar na reda&ccedil;&atilde;o<\/a><\/li>\n\n\n\n<li><a href=\"https:\/\/vestibulares.estrategia.com\/portal\/materias\/redacao\/7-citacoes-sobre-meio-ambiente-para-usar-na-redacao\/\">7 cita&ccedil;&otilde;es sobre meio ambiente para usar na reda&ccedil;&atilde;o<\/a><\/li>\n\n\n\n<li><a href=\"https:\/\/vestibulares.estrategia.com\/portal\/materias\/redacao\/citacoes-filosoficas-redacao\">9 cita&ccedil;&otilde;es filos&oacute;ficas para usar na reda&ccedil;&atilde;o<\/a><\/li>\n\n\n\n<li><a href=\"https:\/\/vestibulares.estrategia.com\/portal\/materias\/historia\/9-frases-marcantes-da-historia-do-brasil\/\">9 frases marcantes na hist&oacute;ria do Brasil<\/a><\/li>\n\n\n\n<li><a href=\"https:\/\/vestibulares.estrategia.com\/portal\/materias\/redacao\/citacoes-desigualdade-social-redacao\/\">15 cita&ccedil;&otilde;es sobre desigualdade social para usar na reda&ccedil;&atilde;o<\/a><\/li>\n\n\n\n<li><a href=\"https:\/\/vestibulares.estrategia.com\/portal\/materias\/redacao\/11-citacoes-sobre-ciencia-para-usar-na-redacao\/\">11 cita&ccedil;&otilde;es sobre ci&ecirc;ncia para usar na reda&ccedil;&atilde;o<\/a><\/li>\n\n\n\n<li><a href=\"https:\/\/vestibulares.estrategia.com\/portal\/atualidades-e-dicas\/dia-internacional-nelson-mandela-veja-citacoes-e-questoes-sobre-o-lider-sul-africano\/\">Nelson Mandela: veja cita&ccedil;&otilde;es e quest&otilde;es sobre o l&iacute;der sul-africano<\/a><\/li>\n\n\n\n<li><a href=\"https:\/\/vestibulares.estrategia.com\/portal\/materias\/redacao\/11-citacoes-sobre-cultura-para-usar-na-redacao\/\">11 cita&ccedil;&otilde;es sobre cultura para usar na reda&ccedil;&atilde;o<\/a><\/li>\n\n\n\n<li><a href=\"https:\/\/vestibulares.estrategia.com\/portal\/materias\/redacao\/7-citacoes-sobre-politica-para-usar-na-redacao\/\">7 cita&ccedil;&otilde;es sobre pol&iacute;tica para usar na reda&ccedil;&atilde;o<\/a><\/li>\n\n\n\n<li><a href=\"https:\/\/vestibulares.estrategia.com\/portal\/materias\/redacao\/7-citacoes-sobre-violencia-para-usar-na-redacao\/\">7 cita&ccedil;&otilde;es sobre viol&ecirc;ncia para usar na reda&ccedil;&atilde;o<\/a><\/li>\n\n\n\n<li><a href=\"https:\/\/vestibulares.estrategia.com\/portal\/materias\/redacao\/11-citacoes-sobre-tecnologia-para-usar-na-redacao\/\">11 cita&ccedil;&otilde;es sobre tecnologia para usar na reda&ccedil;&atilde;o<\/a><\/li>\n\n\n\n<li><a href=\"https:\/\/vestibulares.estrategia.com\/portal\/materias\/redacao\/7-citacoes-sobre-saude-para-usar-como-repertorio-sociocultural-na-redacao\/\">7 cita&ccedil;&otilde;es sobre sa&uacute;de para usar como repert&oacute;rio sociocultural na reda&ccedil;&atilde;o<\/a><\/li>\n\n\n\n<li><a href=\"https:\/\/vestibulares.estrategia.com\/portal\/materias\/redacao\/11-citacoes-sobre-saude-mental-para-usar-na-redacao\/\">11 cita&ccedil;&otilde;es sobre sa&uacute;de mental para usar na reda&ccedil;&atilde;o<\/a><\/li>\n\n\n\n<li><a href=\"https:\/\/vestibulares.estrategia.com\/portal\/materias\/redacao\/13-citacoes-sobre-trabalho-para-usar-na-redacao\/\">13 cita&ccedil;&otilde;es sobre trabalho para usar na reda&ccedil;&atilde;o<\/a><\/li>\n\n\n\n<li><a href=\"https:\/\/vestibulares.estrategia.com\/portal\/atualidades-e-dicas\/18-frases-da-rainha-elizabeth-ii-para-usar-na-redacao\/\">18 frases da Rainha Elizabeth II que marcaram o seu reinado<\/a><\/li>\n\n\n\n<li><a href=\"https:\/\/vestibulares.estrategia.com\/portal\/materias\/historia\/9-frases-marcantes-da-historia-do-brasil\/\">9 frases marcantes na hist&oacute;ria do Brasil<\/a><\/li>\n<\/ul><\/p>\n","protected":false},"excerpt":{"rendered":"O Portal Estrat\u00e9gia Vestibulares separou sete cita\u00e7\u00f5es sobre preconceitos que podem ser usadas como repert\u00f3rio sociocultural\n","protected":false},"author":29,"featured_media":77857,"comment_status":"closed","ping_status":"closed","sticky":false,"template":"","format":"standard","meta":{"wl_entities_gutenberg":"","footnotes":""},"categories":[2],"tags":[],"wl_entity_type":[732],"class_list":{"0":"post-77854","1":"post","2":"type-post","3":"status-publish","4":"format-standard","5":"has-post-thumbnail","7":"category-redacao","8":"wl_entity_type-article"},"acf":[],"yoast_head":"<!-- This site is optimized with the Yoast SEO Premium plugin v25.9 (Yoast SEO v25.9) - https:\/\/yoast.com\/wordpress\/plugins\/seo\/ -->\n<title>7 cita\u00e7\u00f5es sobre preconceito para usar na reda\u00e7\u00e3o<\/title>\n<meta name=\"description\" content=\"O Portal Estrat\u00e9gia Vestibulares separou sete cita\u00e7\u00f5es sobre preconceitos que podem ser usadas como repert\u00f3rio sociocultural\" \/>\n<meta name=\"robots\" content=\"index, follow, max-snippet:-1, max-image-preview:large, max-video-preview:-1\" \/>\n<link rel=\"canonical\" href=\"https:\/\/vestibulares.estrategia.com\/portal\/materias\/redacao\/7-citacoes-sobre-preconceito-para-usar-na-redacao\/\" \/>\n<meta property=\"og:locale\" content=\"pt_BR\" \/>\n<meta property=\"og:type\" content=\"article\" \/>\n<meta property=\"og:title\" content=\"7 cita\u00e7\u00f5es sobre preconceito para usar na reda\u00e7\u00e3o\" \/>\n<meta property=\"og:description\" content=\"O Portal Estrat\u00e9gia Vestibulares separou sete cita\u00e7\u00f5es sobre preconceitos que podem ser usadas como repert\u00f3rio sociocultural\" \/>\n<meta property=\"og:url\" content=\"https:\/\/vestibulares.estrategia.com\/portal\/materias\/redacao\/7-citacoes-sobre-preconceito-para-usar-na-redacao\/\" \/>\n<meta property=\"og:site_name\" content=\"Estrat\u00e9gia Vestibulares\" \/>\n<meta property=\"article:publisher\" content=\"https:\/\/facebook.com\/estrategiavestibulares\" \/>\n<meta property=\"article:published_time\" content=\"2022-09-30T11:57:08+00:00\" \/>\n<meta property=\"article:modified_time\" content=\"2025-10-31T19:29:03+00:00\" \/>\n<meta property=\"og:image\" content=\"https:\/\/vestibulares.estrategia.com\/portal\/wp-content\/uploads\/2022\/09\/7-citacoes-sobre-preconeito-para-usar-na-redacao.jpg\" \/>\n\t<meta property=\"og:image:width\" content=\"1280\" \/>\n\t<meta property=\"og:image:height\" content=\"720\" \/>\n\t<meta property=\"og:image:type\" content=\"image\/jpeg\" \/>\n<meta name=\"author\" content=\"J\u00falia Wasko\" \/>\n<meta name=\"twitter:card\" content=\"summary_large_image\" \/>\n<meta name=\"twitter:creator\" content=\"@Estrategiavest\" \/>\n<meta name=\"twitter:site\" content=\"@Estrategiavest\" \/>\n<meta name=\"twitter:label1\" content=\"Escrito por\" \/>\n\t<meta name=\"twitter:data1\" content=\"J\u00falia Wasko\" \/>\n\t<meta name=\"twitter:label2\" content=\"Est. tempo de leitura\" \/>\n\t<meta name=\"twitter:data2\" content=\"5 minutos\" \/>\n<script type=\"application\/ld+json\" class=\"yoast-schema-graph\">{\"@context\":\"https:\/\/schema.org\",\"@graph\":[{\"@type\":\"Article\",\"@id\":\"https:\/\/vestibulares.estrategia.com\/portal\/materias\/redacao\/7-citacoes-sobre-preconceito-para-usar-na-redacao\/#article\",\"isPartOf\":{\"@id\":\"https:\/\/vestibulares.estrategia.com\/portal\/materias\/redacao\/7-citacoes-sobre-preconceito-para-usar-na-redacao\/\"},\"author\":{\"name\":\"J\u00falia Wasko\",\"@id\":\"https:\/\/vestibulares.estrategia.com\/portal\/#\/schema\/person\/83d5c517a965e3fd3fc7016a981cb8fe\"},\"headline\":\"7 cita\u00e7\u00f5es sobre preconceito para usar na reda\u00e7\u00e3o\",\"datePublished\":\"2022-09-30T11:57:08+00:00\",\"dateModified\":\"2025-10-31T19:29:03+00:00\",\"mainEntityOfPage\":{\"@id\":\"https:\/\/vestibulares.estrategia.com\/portal\/materias\/redacao\/7-citacoes-sobre-preconceito-para-usar-na-redacao\/\"},\"wordCount\":995,\"publisher\":{\"@id\":\"https:\/\/vestibulares.estrategia.com\/portal\/#organization\"},\"image\":{\"@id\":\"https:\/\/vestibulares.estrategia.com\/portal\/materias\/redacao\/7-citacoes-sobre-preconceito-para-usar-na-redacao\/#primaryimage\"},\"thumbnailUrl\":\"https:\/\/vestibulares.estrategia.com\/portal\/wp-content\/uploads\/2022\/09\/7-citacoes-sobre-preconeito-para-usar-na-redacao.jpg\",\"articleSection\":[\"Reda\u00e7\u00e3o\"],\"inLanguage\":\"pt-BR\"},{\"@type\":\"WebPage\",\"@id\":\"https:\/\/vestibulares.estrategia.com\/portal\/materias\/redacao\/7-citacoes-sobre-preconceito-para-usar-na-redacao\/\",\"url\":\"https:\/\/vestibulares.estrategia.com\/portal\/materias\/redacao\/7-citacoes-sobre-preconceito-para-usar-na-redacao\/\",\"name\":\"7 cita\u00e7\u00f5es sobre preconceito para usar na reda\u00e7\u00e3o\",\"isPartOf\":{\"@id\":\"https:\/\/vestibulares.estrategia.com\/portal\/#website\"},\"primaryImageOfPage\":{\"@id\":\"https:\/\/vestibulares.estrategia.com\/portal\/materias\/redacao\/7-citacoes-sobre-preconceito-para-usar-na-redacao\/#primaryimage\"},\"image\":{\"@id\":\"https:\/\/vestibulares.estrategia.com\/portal\/materias\/redacao\/7-citacoes-sobre-preconceito-para-usar-na-redacao\/#primaryimage\"},\"thumbnailUrl\":\"https:\/\/vestibulares.estrategia.com\/portal\/wp-content\/uploads\/2022\/09\/7-citacoes-sobre-preconeito-para-usar-na-redacao.jpg\",\"datePublished\":\"2022-09-30T11:57:08+00:00\",\"dateModified\":\"2025-10-31T19:29:03+00:00\",\"description\":\"O Portal Estrat\u00e9gia Vestibulares separou sete cita\u00e7\u00f5es sobre preconceitos que podem ser usadas como repert\u00f3rio sociocultural\",\"breadcrumb\":{\"@id\":\"https:\/\/vestibulares.estrategia.com\/portal\/materias\/redacao\/7-citacoes-sobre-preconceito-para-usar-na-redacao\/#breadcrumb\"},\"inLanguage\":\"pt-BR\",\"potentialAction\":[{\"@type\":\"ReadAction\",\"target\":[\"https:\/\/vestibulares.estrategia.com\/portal\/materias\/redacao\/7-citacoes-sobre-preconceito-para-usar-na-redacao\/\"]}]},{\"@type\":\"ImageObject\",\"inLanguage\":\"pt-BR\",\"@id\":\"https:\/\/vestibulares.estrategia.com\/portal\/materias\/redacao\/7-citacoes-sobre-preconceito-para-usar-na-redacao\/#primaryimage\",\"url\":\"https:\/\/vestibulares.estrategia.com\/portal\/wp-content\/uploads\/2022\/09\/7-citacoes-sobre-preconeito-para-usar-na-redacao.jpg\",\"contentUrl\":\"https:\/\/vestibulares.estrategia.com\/portal\/wp-content\/uploads\/2022\/09\/7-citacoes-sobre-preconeito-para-usar-na-redacao.jpg\",\"width\":1280,\"height\":720},{\"@type\":\"BreadcrumbList\",\"@id\":\"https:\/\/vestibulares.estrategia.com\/portal\/materias\/redacao\/7-citacoes-sobre-preconceito-para-usar-na-redacao\/#breadcrumb\",\"itemListElement\":[{\"@type\":\"ListItem\",\"position\":1,\"name\":\"Home\",\"item\":\"https:\/\/vestibulares.estrategia.com\/portal\/\"},{\"@type\":\"ListItem\",\"position\":2,\"name\":\"Mat\u00e9rias\",\"item\":\"https:\/\/vestibulares.estrategia.com\/portal\/materias\/\"},{\"@type\":\"ListItem\",\"position\":3,\"name\":\"Reda\u00e7\u00e3o\",\"item\":\"https:\/\/vestibulares.estrategia.com\/portal\/materias\/redacao\/\"},{\"@type\":\"ListItem\",\"position\":4,\"name\":\"7 cita\u00e7\u00f5es sobre preconceito para usar na reda\u00e7\u00e3o\"}]},{\"@type\":\"WebSite\",\"@id\":\"https:\/\/vestibulares.estrategia.com\/portal\/#website\",\"url\":\"https:\/\/vestibulares.estrategia.com\/portal\/\",\"name\":\"Estrat\u00e9gia Vestibulares\",\"description\":\"\",\"publisher\":{\"@id\":\"https:\/\/vestibulares.estrategia.com\/portal\/#organization\"},\"potentialAction\":[{\"@type\":\"SearchAction\",\"target\":{\"@type\":\"EntryPoint\",\"urlTemplate\":\"https:\/\/vestibulares.estrategia.com\/portal\/?s={search_term_string}\"},\"query-input\":{\"@type\":\"PropertyValueSpecification\",\"valueRequired\":true,\"valueName\":\"search_term_string\"}}],\"inLanguage\":\"pt-BR\"},{\"@type\":\"Organization\",\"@id\":\"https:\/\/vestibulares.estrategia.com\/portal\/#organization\",\"name\":\"Estrat\u00e9gia Vestibulares\",\"url\":\"https:\/\/vestibulares.estrategia.com\/portal\/\",\"logo\":{\"@type\":\"ImageObject\",\"inLanguage\":\"pt-BR\",\"@id\":\"https:\/\/vestibulares.estrategia.com\/portal\/#\/schema\/logo\/image\/\",\"url\":\"https:\/\/vestibulares.estrategia.com\/portal\/wp-content\/uploads\/2021\/06\/Logo-Vestibulares@4x.png\",\"contentUrl\":\"https:\/\/vestibulares.estrategia.com\/portal\/wp-content\/uploads\/2021\/06\/Logo-Vestibulares@4x.png\",\"width\":250,\"height\":66,\"caption\":\"Estrat\u00e9gia Vestibulares\"},\"image\":{\"@id\":\"https:\/\/vestibulares.estrategia.com\/portal\/#\/schema\/logo\/image\/\"},\"sameAs\":[\"https:\/\/facebook.com\/estrategiavestibulares\",\"https:\/\/x.com\/Estrategiavest\",\"https:\/\/www.instagram.com\/estrategiavestibulares\",\"https:\/\/www.youtube.com\/channel\/UCGWdZy8ULI-7_5GrABa4vNA\"]},{\"@type\":\"Person\",\"@id\":\"https:\/\/vestibulares.estrategia.com\/portal\/#\/schema\/person\/83d5c517a965e3fd3fc7016a981cb8fe\",\"name\":\"J\u00falia Wasko\",\"image\":{\"@type\":\"ImageObject\",\"inLanguage\":\"pt-BR\",\"@id\":\"https:\/\/vestibulares.estrategia.com\/portal\/#\/schema\/person\/image\/\",\"url\":\"https:\/\/secure.gravatar.com\/avatar\/dab6fb308a491eea989a46ec58d3714d?s=96&d=mm&r=g\",\"contentUrl\":\"https:\/\/secure.gravatar.com\/avatar\/dab6fb308a491eea989a46ec58d3714d?s=96&d=mm&r=g\",\"caption\":\"J\u00falia Wasko\"},\"description\":\"Curso Jornalismo e sou apaixonada por entretenimento, comunica\u00e7\u00e3o e not\u00edcia! Adoro ler e curtir momentos com fam\u00edlia e amigos!\",\"url\":\"https:\/\/vestibulares.estrategia.com\/portal\/author\/julia-martins\/\"}]}<\/script>\n<!-- \/ Yoast SEO Premium plugin. -->","yoast_head_json":{"title":"7 cita\u00e7\u00f5es sobre preconceito para usar na reda\u00e7\u00e3o","description":"O Portal Estrat\u00e9gia Vestibulares separou sete cita\u00e7\u00f5es sobre preconceitos que podem ser usadas como repert\u00f3rio sociocultural","robots":{"index":"index","follow":"follow","max-snippet":"max-snippet:-1","max-image-preview":"max-image-preview:large","max-video-preview":"max-video-preview:-1"},"canonical":"https:\/\/vestibulares.estrategia.com\/portal\/materias\/redacao\/7-citacoes-sobre-preconceito-para-usar-na-redacao\/","og_locale":"pt_BR","og_type":"article","og_title":"7 cita\u00e7\u00f5es sobre preconceito para usar na reda\u00e7\u00e3o","og_description":"O Portal Estrat\u00e9gia Vestibulares separou sete cita\u00e7\u00f5es sobre preconceitos que podem ser usadas como repert\u00f3rio sociocultural","og_url":"https:\/\/vestibulares.estrategia.com\/portal\/materias\/redacao\/7-citacoes-sobre-preconceito-para-usar-na-redacao\/","og_site_name":"Estrat\u00e9gia Vestibulares","article_publisher":"https:\/\/facebook.com\/estrategiavestibulares","article_published_time":"2022-09-30T11:57:08+00:00","article_modified_time":"2025-10-31T19:29:03+00:00","og_image":[{"width":1280,"height":720,"url":"https:\/\/vestibulares.estrategia.com\/portal\/wp-content\/uploads\/2022\/09\/7-citacoes-sobre-preconeito-para-usar-na-redacao.jpg","type":"image\/jpeg"}],"author":"J\u00falia Wasko","twitter_card":"summary_large_image","twitter_creator":"@Estrategiavest","twitter_site":"@Estrategiavest","twitter_misc":{"Escrito por":"J\u00falia Wasko","Est. tempo de leitura":"5 minutos"},"schema":{"@context":"https:\/\/schema.org","@graph":[{"@type":"Article","@id":"https:\/\/vestibulares.estrategia.com\/portal\/materias\/redacao\/7-citacoes-sobre-preconceito-para-usar-na-redacao\/#article","isPartOf":{"@id":"https:\/\/vestibulares.estrategia.com\/portal\/materias\/redacao\/7-citacoes-sobre-preconceito-para-usar-na-redacao\/"},"author":{"name":"J\u00falia Wasko","@id":"https:\/\/vestibulares.estrategia.com\/portal\/#\/schema\/person\/83d5c517a965e3fd3fc7016a981cb8fe"},"headline":"7 cita\u00e7\u00f5es sobre preconceito para usar na reda\u00e7\u00e3o","datePublished":"2022-09-30T11:57:08+00:00","dateModified":"2025-10-31T19:29:03+00:00","mainEntityOfPage":{"@id":"https:\/\/vestibulares.estrategia.com\/portal\/materias\/redacao\/7-citacoes-sobre-preconceito-para-usar-na-redacao\/"},"wordCount":995,"publisher":{"@id":"https:\/\/vestibulares.estrategia.com\/portal\/#organization"},"image":{"@id":"https:\/\/vestibulares.estrategia.com\/portal\/materias\/redacao\/7-citacoes-sobre-preconceito-para-usar-na-redacao\/#primaryimage"},"thumbnailUrl":"https:\/\/vestibulares.estrategia.com\/portal\/wp-content\/uploads\/2022\/09\/7-citacoes-sobre-preconeito-para-usar-na-redacao.jpg","articleSection":["Reda\u00e7\u00e3o"],"inLanguage":"pt-BR"},{"@type":"WebPage","@id":"https:\/\/vestibulares.estrategia.com\/portal\/materias\/redacao\/7-citacoes-sobre-preconceito-para-usar-na-redacao\/","url":"https:\/\/vestibulares.estrategia.com\/portal\/materias\/redacao\/7-citacoes-sobre-preconceito-para-usar-na-redacao\/","name":"7 cita\u00e7\u00f5es sobre preconceito para usar na reda\u00e7\u00e3o","isPartOf":{"@id":"https:\/\/vestibulares.estrategia.com\/portal\/#website"},"primaryImageOfPage":{"@id":"https:\/\/vestibulares.estrategia.com\/portal\/materias\/redacao\/7-citacoes-sobre-preconceito-para-usar-na-redacao\/#primaryimage"},"image":{"@id":"https:\/\/vestibulares.estrategia.com\/portal\/materias\/redacao\/7-citacoes-sobre-preconceito-para-usar-na-redacao\/#primaryimage"},"thumbnailUrl":"https:\/\/vestibulares.estrategia.com\/portal\/wp-content\/uploads\/2022\/09\/7-citacoes-sobre-preconeito-para-usar-na-redacao.jpg","datePublished":"2022-09-30T11:57:08+00:00","dateModified":"2025-10-31T19:29:03+00:00","description":"O Portal Estrat\u00e9gia Vestibulares separou sete cita\u00e7\u00f5es sobre preconceitos que podem ser usadas como repert\u00f3rio sociocultural","breadcrumb":{"@id":"https:\/\/vestibulares.estrategia.com\/portal\/materias\/redacao\/7-citacoes-sobre-preconceito-para-usar-na-redacao\/#breadcrumb"},"inLanguage":"pt-BR","potentialAction":[{"@type":"ReadAction","target":["https:\/\/vestibulares.estrategia.com\/portal\/materias\/redacao\/7-citacoes-sobre-preconceito-para-usar-na-redacao\/"]}]},{"@type":"ImageObject","inLanguage":"pt-BR","@id":"https:\/\/vestibulares.estrategia.com\/portal\/materias\/redacao\/7-citacoes-sobre-preconceito-para-usar-na-redacao\/#primaryimage","url":"https:\/\/vestibulares.estrategia.com\/portal\/wp-content\/uploads\/2022\/09\/7-citacoes-sobre-preconeito-para-usar-na-redacao.jpg","contentUrl":"https:\/\/vestibulares.estrategia.com\/portal\/wp-content\/uploads\/2022\/09\/7-citacoes-sobre-preconeito-para-usar-na-redacao.jpg","width":1280,"height":720},{"@type":"BreadcrumbList","@id":"https:\/\/vestibulares.estrategia.com\/portal\/materias\/redacao\/7-citacoes-sobre-preconceito-para-usar-na-redacao\/#breadcrumb","itemListElement":[{"@type":"ListItem","position":1,"name":"Home","item":"https:\/\/vestibulares.estrategia.com\/portal\/"},{"@type":"ListItem","position":2,"name":"Mat\u00e9rias","item":"https:\/\/vestibulares.estrategia.com\/portal\/materias\/"},{"@type":"ListItem","position":3,"name":"Reda\u00e7\u00e3o","item":"https:\/\/vestibulares.estrategia.com\/portal\/materias\/redacao\/"},{"@type":"ListItem","position":4,"name":"7 cita\u00e7\u00f5es sobre preconceito para usar na reda\u00e7\u00e3o"}]},{"@type":"WebSite","@id":"https:\/\/vestibulares.estrategia.com\/portal\/#website","url":"https:\/\/vestibulares.estrategia.com\/portal\/","name":"Estrat\u00e9gia Vestibulares","description":"","publisher":{"@id":"https:\/\/vestibulares.estrategia.com\/portal\/#organization"},"potentialAction":[{"@type":"SearchAction","target":{"@type":"EntryPoint","urlTemplate":"https:\/\/vestibulares.estrategia.com\/portal\/?s={search_term_string}"},"query-input":{"@type":"PropertyValueSpecification","valueRequired":true,"valueName":"search_term_string"}}],"inLanguage":"pt-BR"},{"@type":"Organization","@id":"https:\/\/vestibulares.estrategia.com\/portal\/#organization","name":"Estrat\u00e9gia Vestibulares","url":"https:\/\/vestibulares.estrategia.com\/portal\/","logo":{"@type":"ImageObject","inLanguage":"pt-BR","@id":"https:\/\/vestibulares.estrategia.com\/portal\/#\/schema\/logo\/image\/","url":"https:\/\/vestibulares.estrategia.com\/portal\/wp-content\/uploads\/2021\/06\/Logo-Vestibulares@4x.png","contentUrl":"https:\/\/vestibulares.estrategia.com\/portal\/wp-content\/uploads\/2021\/06\/Logo-Vestibulares@4x.png","width":250,"height":66,"caption":"Estrat\u00e9gia Vestibulares"},"image":{"@id":"https:\/\/vestibulares.estrategia.com\/portal\/#\/schema\/logo\/image\/"},"sameAs":["https:\/\/facebook.com\/estrategiavestibulares","https:\/\/x.com\/Estrategiavest","https:\/\/www.instagram.com\/estrategiavestibulares","https:\/\/www.youtube.com\/channel\/UCGWdZy8ULI-7_5GrABa4vNA"]},{"@type":"Person","@id":"https:\/\/vestibulares.estrategia.com\/portal\/#\/schema\/person\/83d5c517a965e3fd3fc7016a981cb8fe","name":"J\u00falia Wasko","image":{"@type":"ImageObject","inLanguage":"pt-BR","@id":"https:\/\/vestibulares.estrategia.com\/portal\/#\/schema\/person\/image\/","url":"https:\/\/secure.gravatar.com\/avatar\/dab6fb308a491eea989a46ec58d3714d?s=96&d=mm&r=g","contentUrl":"https:\/\/secure.gravatar.com\/avatar\/dab6fb308a491eea989a46ec58d3714d?s=96&d=mm&r=g","caption":"J\u00falia Wasko"},"description":"Curso Jornalismo e sou apaixonada por entretenimento, comunica\u00e7\u00e3o e not\u00edcia! Adoro ler e curtir momentos com fam\u00edlia e amigos!","url":"https:\/\/vestibulares.estrategia.com\/portal\/author\/julia-martins\/"}]}},"_wl_alt_label":[],"wl:entity_url":"https:\/\/data.wordlift.io\/wl110249\/post\/7-citacoes-sobre-preconceito-para-usar-na-redacao","_links":{"self":[{"href":"https:\/\/vestibulares.estrategia.com\/portal\/wp-json\/wp\/v2\/posts\/77854","targetHints":{"allow":["GET"]}}],"collection":[{"href":"https:\/\/vestibulares.estrategia.com\/portal\/wp-json\/wp\/v2\/posts"}],"about":[{"href":"https:\/\/vestibulares.estrategia.com\/portal\/wp-json\/wp\/v2\/types\/post"}],"author":[{"embeddable":true,"href":"https:\/\/vestibulares.estrategia.com\/portal\/wp-json\/wp\/v2\/users\/29"}],"replies":[{"embeddable":true,"href":"https:\/\/vestibulares.estrategia.com\/portal\/wp-json\/wp\/v2\/comments?post=77854"}],"version-history":[{"count":6,"href":"https:\/\/vestibulares.estrategia.com\/portal\/wp-json\/wp\/v2\/posts\/77854\/revisions"}],"predecessor-version":[{"id":147691,"href":"https:\/\/vestibulares.estrategia.com\/portal\/wp-json\/wp\/v2\/posts\/77854\/revisions\/147691"}],"wp:featuredmedia":[{"embeddable":true,"href":"https:\/\/vestibulares.estrategia.com\/portal\/wp-json\/wp\/v2\/media\/77857"}],"wp:attachment":[{"href":"https:\/\/vestibulares.estrategia.com\/portal\/wp-json\/wp\/v2\/media?parent=77854"}],"wp:term":[{"taxonomy":"category","embeddable":true,"href":"https:\/\/vestibulares.estrategia.com\/portal\/wp-json\/wp\/v2\/categories?post=77854"},{"taxonomy":"post_tag","embeddable":true,"href":"https:\/\/vestibulares.estrategia.com\/portal\/wp-json\/wp\/v2\/tags?post=77854"},{"taxonomy":"wl_entity_type","embeddable":true,"href":"https:\/\/vestibulares.estrategia.com\/portal\/wp-json\/wp\/v2\/wl_entity_type?post=77854"}],"curies":[{"name":"wp","href":"https:\/\/api.w.org\/{rel}","templated":true}]}}