{"id":78265,"date":"2022-10-06T15:50:37","date_gmt":"2022-10-06T18:50:37","guid":{"rendered":"https:\/\/vestibulares.estrategia.com\/portal\/?p=78265"},"modified":"2025-10-31T16:17:06","modified_gmt":"2025-10-31T19:17:06","slug":"7-citacoes-sobre-direitos-humanos-para-usar-na-redacao","status":"publish","type":"post","link":"https:\/\/vestibulares.estrategia.com\/portal\/materias\/redacao\/7-citacoes-sobre-direitos-humanos-para-usar-na-redacao\/","title":{"rendered":"7 cita\u00e7\u00f5es sobre Direitos Humanos para usar na reda\u00e7\u00e3o"},"content":{"rendered":"<p>Na mat&eacute;ria a seguir, o <strong>Portal Estrat&eacute;gia Vestibulares<\/strong> listou cita&ccedil;&otilde;es sobre Direitos Humanos que v&atilde;o te preparar para quando o tema aparecer na sua prova. Vale lembrar que as normas se referem aos direitos que, teoricamente, s&atilde;o inalien&aacute;veis e universais para todos os seres humanos a partir de seu nascimento.<p>\n\n\n\n<div id=\"new-form\">\n\t<form id=\"forms_layout\">\n\t<input type=\"hidden\" id=\"chave_de\" name=\"chave_de\" value=\"01_EVEST_LEADS_TOTAIS\" \/>\n\t\t<input type=\"hidden\" id=\"mid\" name=\"mid\" value=\"515008983\" \/>\n\t\t<input type=\"hidden\" id=\"Objetivo\" name=\"Objetivo\" value=\"Vestibulares\" \/>\n\t\t<input type=\"hidden\" id=\"Estado_de_Origem_do_IP\" name=\"Estado_de_Origem_do_IP\"  value=\"\" \/>\n\t\t<input type=\"hidden\" id=\"Cidade_de_Origem_do_IP\" name=\"Cidade_de_Origem_do_IP\" value=\"\" \/>\n\t\t<input type=\"hidden\" id=\"Modo_de_entrada\" name=\"Modo_de_entrada\" value=\"Portal\" \/>\n\t\t<input type=\"hidden\" id=\"Pagina_Origem\" name=\"Pagina_Origem\" value=\"\" \/>\n\n\t\t<div class=\"texto\">\n\t\t\t<h3 class=\"news\">Inscreva-se em nossa newsletter\ud83e\udd89<\/h3>\n\t\t\t<p>Receba dicas de estudo gratuitas e saiba em primeira m\u00e3o as novidades sobre o Enem, Sisu, Encceja, Fuvest e outros vestibulares!<\/p>\n\t\t<\/div>\n\t\t<div class=\"campos\">\n\t\t\t<div class=\"first_name labels\">\n\t\t\t\t<input type=\"text\" class=\"input_labels\" id=\"first_name\" name=\"Nome_Completo\" placeholder=\"Nome\" required \/>\n\t\t\t<\/div>\n\t\t\t<div class=\"email labels\">\n\t\t\t\t<input type=\"email\" class=\"input_labels\" id=\"email\" name=\"Email\" placeholder=\"E-mail\" required \/>\n\t\t\t<\/div>\n\t\t\t<button type=\"submit\" class=\"button_layout\">\n\t\t\t\t<div id=\"lblBotao\">Inscreva-se<\/div>\n\t\t\t\t<span id=\"divSpiner\" class=\"loader\" role=\"status\" style=\"display: none;\"><\/span>\t\n\t\t\t<\/button>\n\t\t<\/div><!-- \/campos -->\n\t\t\n\t\t<label class=\"container_checkbox\">Voc\u00ea concorda com a nossa\n\t\t\t<a class=\"politics_privacy_ahref\" target=\"_blank\" href=\"https:\/\/gratis.estrategiaconcursos.com.br\/politica-de-privacidade\/\">Pol\u00edtica de Privacidade<\/a> e aceita receber informa\u00e7\u00f5es adicionais do Estrat\u00e9gia Educacional.\n\t\t\t<input id=\"checkbox_layout\" type=\"checkbox\" checked=\"checked\" required \/>\n\t\t\t<span class=\"checkbox\"><\/span>\n\t\t<\/label>\n\t\t<div id=\"msg\"><\/div>\n\t\t<div id=\"error\" class=\"error\">\n\t\t<\/div>\n\t<\/form>\n<\/div><!-- \/new-form -->\n\n\n\n<\/p><div id=\"ez-toc-container\" class=\"ez-toc-v2_0_76 counter-hierarchy ez-toc-counter ez-toc-transparent ez-toc-container-direction\">\n<div class=\"ez-toc-title-container\"><p class=\"ez-toc-title\" style=\"cursor:inherit\">Navegue pelo conte\u00fado<\/p>\n<\/div><nav><ul class='ez-toc-list ez-toc-list-level-1 ' ><li class='ez-toc-page-1 ez-toc-heading-level-2'><a class=\"ez-toc-link ez-toc-heading-1\" href=\"https:\/\/vestibulares.estrategia.com\/portal\/materias\/redacao\/7-citacoes-sobre-direitos-humanos-para-usar-na-redacao\/#1-%E2%80%9CTodos-os-seres-humanos-nascem-livres-e-iguais-em-dignidade-e-direitos%E2%80%9D-%E2%80%94-Artigo-1o-da-Declaracao-Universal-dos-Direitos-Humanos\" >1- &ldquo;Todos os seres humanos nascem livres e iguais em dignidade e direitos.&rdquo; &mdash; Artigo 1&ordm; da Declara&ccedil;&atilde;o Universal dos Direitos Humanos<\/a><\/li><li class='ez-toc-page-1 ez-toc-heading-level-2'><a class=\"ez-toc-link ez-toc-heading-2\" href=\"https:\/\/vestibulares.estrategia.com\/portal\/materias\/redacao\/7-citacoes-sobre-direitos-humanos-para-usar-na-redacao\/#2-%E2%80%9COs-direitos-do-homem-sao-muitos-e-raro-o-direito-de-gozar-deles-Nem-todo-homem-tem-direito-a-conhecer-os-seus-direitos%E2%80%9D-%E2%80%94-Carlos-Drummond-de-Andrade\" >2- &ldquo;Os direitos do homem s&atilde;o muitos, e raro o direito de gozar deles. Nem todo homem tem direito a conhecer os seus direitos.&rdquo; &mdash; Carlos Drummond de Andrade<\/a><\/li><li class='ez-toc-page-1 ez-toc-heading-level-2'><a class=\"ez-toc-link ez-toc-heading-3\" href=\"https:\/\/vestibulares.estrategia.com\/portal\/materias\/redacao\/7-citacoes-sobre-direitos-humanos-para-usar-na-redacao\/#3-%E2%80%9CNao-havera-nem-descanso-nem-tranquilidade-na-America-ate-o-negro-adquirir-seus-direitos-como-cidadao%E2%80%9D-%E2%80%94-Martin-Luther-King-Jr\" >3- &ldquo;N&atilde;o haver&aacute; nem descanso nem tranquilidade na Am&eacute;rica at&eacute; o negro adquirir seus direitos como cidad&atilde;o.&rdquo; &mdash; Martin Luther King Jr.<\/a><\/li><li class='ez-toc-page-1 ez-toc-heading-level-2'><a class=\"ez-toc-link ez-toc-heading-4\" href=\"https:\/\/vestibulares.estrategia.com\/portal\/materias\/redacao\/7-citacoes-sobre-direitos-humanos-para-usar-na-redacao\/#4-%E2%80%9COs-direitos-humanos-sao-violados-nao-so-pelo-terrorismo-a-repressao-os-assassinatos-mas-tambem-pela-existencia-de-extrema-pobreza-e-estruturas-economicas-injustas-que-originam-as-grandes-desigualdades%E2%80%9D-%E2%80%94-Papa-Francisco\" >4- &ldquo;Os direitos humanos s&atilde;o violados n&atilde;o s&oacute; pelo terrorismo, a repress&atilde;o, os assassinatos, mas tamb&eacute;m pela exist&ecirc;ncia de extrema pobreza e estruturas econ&ocirc;micas injustas, que originam as grandes desigualdades.&rdquo;&nbsp; &mdash; Papa Francisco<\/a><\/li><li class='ez-toc-page-1 ez-toc-heading-level-2'><a class=\"ez-toc-link ez-toc-heading-5\" href=\"https:\/\/vestibulares.estrategia.com\/portal\/materias\/redacao\/7-citacoes-sobre-direitos-humanos-para-usar-na-redacao\/#5-%E2%80%9CNegar-ao-povo-os-seus-direitos-humanos-e-por-em-causa-a-sua-humanidade-Impor-lhes-uma-vida-miseravel-de-fome-e-privacao-e-desumaniza-lo%E2%80%9D-%E2%80%94-Nelson-Mandela\" >5- &ldquo;Negar ao povo os seus direitos humanos &eacute; p&ocirc;r em causa a sua humanidade. Impor-lhes uma vida miser&aacute;vel de fome e priva&ccedil;&atilde;o &eacute; desumaniza-lo.&rdquo; &mdash; Nelson Mandela<\/a><\/li><li class='ez-toc-page-1 ez-toc-heading-level-2'><a class=\"ez-toc-link ez-toc-heading-6\" href=\"https:\/\/vestibulares.estrategia.com\/portal\/materias\/redacao\/7-citacoes-sobre-direitos-humanos-para-usar-na-redacao\/#6-%E2%80%9CA-educacao-e-um-elemento-importante-na-luta-pelos-direitos-humanos-E-o-meio-para-ajudar-os-nossos-filhos-e-as-pessoas-a-redescobrir-a-sua-identidade-e-assim-aumentar-o-seu-auto-respeito%E2%80%9D-%E2%80%94-Malcolm-X\" >6 &ldquo;A educa&ccedil;&atilde;o &eacute; um elemento importante na luta pelos direitos humanos. &Eacute; o meio para ajudar os nossos filhos e as pessoas a redescobrir a sua identidade e, assim, aumentar o seu auto-respeito.&rdquo; &mdash; Malcolm X<\/a><\/li><li class='ez-toc-page-1 ez-toc-heading-level-2'><a class=\"ez-toc-link ez-toc-heading-7\" href=\"https:\/\/vestibulares.estrategia.com\/portal\/materias\/redacao\/7-citacoes-sobre-direitos-humanos-para-usar-na-redacao\/#7-%E2%80%9CConhecemos-a-aplicacao-dos-direitos-humanos-ou-sua-necessidade-as-prisoes-e-tortura-mas-tratamos-muito-menos-da-aplicacao-dos-direitos-humanos-aos-cuidados-de-saude%E2%80%9D-%E2%80%94-Paul-Hunt\" >7- &ldquo;Conhecemos a aplica&ccedil;&atilde;o dos direitos humanos, ou sua necessidade, &agrave;s pris&otilde;es e tortura, mas tratamos muito menos da aplica&ccedil;&atilde;o dos direitos humanos aos cuidados de sa&uacute;de.&rdquo; &mdash; Paul Hunt<\/a><\/li><li class='ez-toc-page-1 ez-toc-heading-level-2'><a class=\"ez-toc-link ez-toc-heading-8\" href=\"https:\/\/vestibulares.estrategia.com\/portal\/materias\/redacao\/7-citacoes-sobre-direitos-humanos-para-usar-na-redacao\/#Prepare-se-para-a-redacao-com-o-Estrategia-Vestibulares\" >Prepare-se para a reda&ccedil;&atilde;o com o Estrat&eacute;gia Vestibulares<\/a><\/li><li class='ez-toc-page-1 ez-toc-heading-level-2'><a class=\"ez-toc-link ez-toc-heading-9\" href=\"https:\/\/vestibulares.estrategia.com\/portal\/materias\/redacao\/7-citacoes-sobre-direitos-humanos-para-usar-na-redacao\/#Veja-outras-citacoes-para-usar-na-redacao\" >Veja outras cita&ccedil;&otilde;es para usar na reda&ccedil;&atilde;o<\/a><\/li><\/ul><\/nav><\/div>\n<h2 class=\"wp-block-heading\" id=\"h-1-todos-os-seres-humanos-nascem-livres-e-iguais-em-dignidade-e-direitos-artigo-1&ordm;-da-declaracao-universal-dos-direitos-humanos\"><span class=\"ez-toc-section\" id=\"1-%E2%80%9CTodos-os-seres-humanos-nascem-livres-e-iguais-em-dignidade-e-direitos%E2%80%9D-%E2%80%94-Artigo-1o-da-Declaracao-Universal-dos-Direitos-Humanos\"><\/span>1- &ldquo;Todos os seres humanos nascem livres e iguais em dignidade e direitos.&rdquo; &mdash; Artigo 1&ordm; da Declara&ccedil;&atilde;o Universal dos Direitos Humanos<span class=\"ez-toc-section-end\"><\/span><\/h2><p>A Declara&ccedil;&atilde;o Universal dos Direitos Humanos (DUDH) foi adotada pela Organiza&ccedil;&atilde;o das Na&ccedil;&otilde;es Unidas (ONU) em 1948, sob influ&ecirc;ncia da rec&eacute;m terminada <a href=\"https:\/\/vestibulares.estrategia.com\/portal\/materias\/historia\/segunda-guerra-mundial\/\" target=\"_blank\">Segunda Guerra Mundial<\/a> (1939 &ndash; 1945). Seu objetivo era, como o nome sugere, definir os direitos fundamentais de todos os seres humanos.<\/p><p>Al&eacute;m de colocar todas as pessoas em posi&ccedil;&atilde;o de liberdade e igualdade, o primeiro artigo da DUDH ainda determina que &ldquo;[Todos os seres humanos] s&atilde;o dotados de raz&atilde;o e consci&ecirc;ncia e devem agir em rela&ccedil;&atilde;o uns aos outros com esp&iacute;rito de fraternidade&rdquo;.<\/p><p class=\"wp-block-verse\">+ <a href=\"https:\/\/vestibulares.estrategia.com\/portal\/materias\/sociologia\/cidadania\/\" target=\"_blank\">Cidadania: o que &eacute; e como cai?<\/a><br>+ <a href=\"https:\/\/vestibulares.estrategia.com\/portal\/materias\/redacao\/21-filmes-sobre-a-segunda-guerra-mundial-para-usar-como-repertorio-sociocultural-na-redacao\/\" target=\"_blank\">21 Filmes sobre a Segunda Guerra Mundial para usar como repert&oacute;rio sociocultural na reda&ccedil;&atilde;o<\/a><\/p><h2 class=\"wp-block-heading\" id=\"h-2-os-direitos-do-homem-sao-muitos-e-raro-o-direito-de-gozar-deles-nem-todo-homem-tem-direito-a-conhecer-os-seus-direitos-carlos-drummond-de-andrade\"><span class=\"ez-toc-section\" id=\"2-%E2%80%9COs-direitos-do-homem-sao-muitos-e-raro-o-direito-de-gozar-deles-Nem-todo-homem-tem-direito-a-conhecer-os-seus-direitos%E2%80%9D-%E2%80%94-Carlos-Drummond-de-Andrade\"><\/span>2- &ldquo;Os direitos do homem s&atilde;o muitos, e raro o direito de gozar deles. Nem todo homem tem direito a conhecer os seus direitos.&rdquo; &mdash; Carlos Drummond de Andrade<span class=\"ez-toc-section-end\"><\/span><\/h2><p>Poeta, contista e cronista, Carlos Drummond de Andrade (1902 &ndash; 1987) &eacute; considerado um dos maiores nomes da segunda fase do Movimento Modernista brasileiro (1930 &ndash; 1945).&nbsp; Apesar de n&atilde;o tratar a tem&aacute;tica dos Direitos Humanos de forma literal em suas obras, o trabalho de Drummond sobre o assunto &eacute; analisado pela autora Luiza de Andrade Penido, no livro &ldquo;Direitos Humanos nas Entrelinhas das Cr&ocirc;nicas de Carlos Drummond de Andrade&rdquo;.<\/p><p>A an&aacute;lise trata das cr&ocirc;nicas do autor publicadas no Jornal do Brasil nos per&iacute;odos de outubro de 1969 a outubro de 1970 e de setembro de 1983 a setembro de 1984. sele&ccedil;&atilde;o dos textos foi amparada na correspond&ecirc;ncia a dois momentos marcantes da ditadura civil-militar no Brasil: o governo de Em&iacute;lio Garrastazu M&eacute;dici, fase conhecida como &ldquo;anos de chumbo&rdquo;; e a gest&atilde;o de Jo&atilde;o Baptista de Oliveira Figueiredo, caracterizada pelo crescimento das lutas pela democratiza&ccedil;&atilde;o, como na campanha &ldquo;Diretas-j&aacute;&rdquo;.<\/p><p class=\"wp-block-verse\">+ <a href=\"https:\/\/vestibulares.estrategia.com\/portal\/materias\/literatura\/modernismo\/\" target=\"_blank\">Modernismo: o que foi, caracter&iacute;sticas, contexto hist&oacute;rico e muito mais<\/a><br>+ <a href=\"https:\/\/vestibulares.estrategia.com\/portal\/?s=semana+de+arte\" target=\"_blank\">Semana de Arte Moderna de 22: tudo o que voc&ecirc; precisa saber<\/a><\/p><h2 class=\"wp-block-heading\" id=\"h-3-nao-havera-nem-descanso-nem-tranquilidade-na-america-ate-o-negro-adquirir-seus-direitos-como-cidadao-martin-luther-king-jr\"><span class=\"ez-toc-section\" id=\"3-%E2%80%9CNao-havera-nem-descanso-nem-tranquilidade-na-America-ate-o-negro-adquirir-seus-direitos-como-cidadao%E2%80%9D-%E2%80%94-Martin-Luther-King-Jr\"><\/span>3- &ldquo;N&atilde;o haver&aacute; nem descanso nem tranquilidade na Am&eacute;rica at&eacute; o negro adquirir seus direitos como cidad&atilde;o.&rdquo; &mdash; Martin Luther King Jr.<span class=\"ez-toc-section-end\"><\/span><\/h2><p>L&iacute;der e s&iacute;mbolo do movimento que reivindicava direitos civis para pessoas negras nos Estados Unidos na d&eacute;cada de 1950, Martin Luther King J&uacute;nior (1926 &ndash; 1968) tamb&eacute;m era pastor da Igreja Batista, e baseava suas lutas na n&atilde;o-viol&ecirc;ncia e desobedi&ecirc;ncia civil, inspirado por suas cren&ccedil;as crist&atilde;s e o ativismo n&atilde;o-violento do indiano Mahatma Gandhi.<\/p><p>O movimento dos direitos civis exigia o fim das leis <em>Jim Crow, <\/em>medidas de segrega&ccedil;&atilde;o racial nos estados do sul do pa&iacute;s, que implementava, entre outras coisas, instala&ccedil;&otilde;es separadas para brancos e negros em todos em locais como institui&ccedil;&otilde;es de ensino, banheiros p&uacute;blicos&nbsp;e &ocirc;nibus.<\/p><p class=\"wp-block-verse\">+ <a href=\"https:\/\/vestibulares.estrategia.com\/portal\/atualidades-e-dicas\/seis-direitos-civis-importantes\/\" target=\"_blank\">Veja 6 direitos civis importantes nos &uacute;ltimos 100 anos<\/a><br>+ <a href=\"https:\/\/vestibulares.estrategia.com\/portal\/atualidades-e-dicas\/guerra-de-secessao\/\" target=\"_blank\">Guerra de Secess&atilde;o: o que &eacute; e quais foram os motivos<\/a><\/p><h2 class=\"wp-block-heading\" id=\"h-4-os-direitos-humanos-sao-violados-nao-so-pelo-terrorismo-a-repressao-os-assassinatos-mas-tambem-pela-existencia-de-extrema-pobreza-e-estruturas-economicas-injustas-que-originam-as-grandes-desigualdades-nbsp-papa-francisco\"><span class=\"ez-toc-section\" id=\"4-%E2%80%9COs-direitos-humanos-sao-violados-nao-so-pelo-terrorismo-a-repressao-os-assassinatos-mas-tambem-pela-existencia-de-extrema-pobreza-e-estruturas-economicas-injustas-que-originam-as-grandes-desigualdades%E2%80%9D-%E2%80%94-Papa-Francisco\"><\/span>4- &ldquo;Os direitos humanos s&atilde;o violados n&atilde;o s&oacute; pelo terrorismo, a repress&atilde;o, os assassinatos, mas tamb&eacute;m pela exist&ecirc;ncia de extrema pobreza e estruturas econ&ocirc;micas injustas, que originam as grandes desigualdades.&rdquo;&nbsp; &mdash; Papa Francisco<span class=\"ez-toc-section-end\"><\/span><\/h2><p>Jorge Mario Bergoglio (1936) assumiu o nome de Francisco, em refer&ecirc;ncia a S&atilde;o Francisco de Assis, quando tomou posse do posto de 266&ordm; Papa da Igreja Cat&oacute;lica e Chefe de Estado da Cidade Estado do Vaticano. O l&iacute;der religioso nascido na Argentina, &eacute; o primeiro sulamericano e o primeiro n&atilde;o-europeu a se tornar Papa em 1200 anos.<\/p><p>Em sua inten&ccedil;&atilde;o de ora&ccedil;&atilde;o p&uacute;blica, em abril de 2021, o Papa Francisco pediu, em v&iacute;deo publicado pelo Vaticano, preces &ldquo;por aqueles que arriscam suas vidas lutando pelos direitos fundamentais em ditaduras, regimes autorit&aacute;rios e, inclusive, em democracias em crise, para que seu sacrif&iacute;cio e trabalho deem frutos abundantes&rdquo;.<\/p><p class=\"wp-block-verse\">+ <a href=\"https:\/\/vestibulares.estrategia.com\/portal\/atualidades-e-dicas\/intolerancia-religiosa-no-brasil\/\" target=\"_blank\">Intoler&acirc;ncia religiosa no Brasil: como o tema pode aparecer no Enem e vestibulares?<\/a><br>+ <a href=\"https:\/\/vestibulares.estrategia.com\/portal\/atualidades-e-dicas\/6-citacoes-sobre-refugiados-para-usar-na-redacao\/\" target=\"_blank\">6 cita&ccedil;&otilde;es sobre refugiados para usar na reda&ccedil;&atilde;o<\/a><\/p><h2 class=\"wp-block-heading\" id=\"h-5-negar-ao-povo-os-seus-direitos-humanos-e-por-em-causa-a-sua-humanidade-impor-lhes-uma-vida-miseravel-de-fome-e-privacao-e-desumaniza-lo-nelson-mandela\"><span class=\"ez-toc-section\" id=\"5-%E2%80%9CNegar-ao-povo-os-seus-direitos-humanos-e-por-em-causa-a-sua-humanidade-Impor-lhes-uma-vida-miseravel-de-fome-e-privacao-e-desumaniza-lo%E2%80%9D-%E2%80%94-Nelson-Mandela\"><\/span>5- &ldquo;Negar ao povo os seus direitos humanos &eacute; p&ocirc;r em causa a sua humanidade. Impor-lhes uma vida miser&aacute;vel de fome e priva&ccedil;&atilde;o &eacute; desumaniza-lo.&rdquo; &mdash; Nelson Mandela<span class=\"ez-toc-section-end\"><\/span><\/h2><p>S&iacute;mbolo da luta contra o regime racista e segregacionista do apartheid, que vigorou entre as d&eacute;cadas de 1940 e 1990 na &Aacute;frica do Sul, Nelson Rolihlahla Mandela (1918 &ndash; 2013) tamb&eacute;m foi um advogado e o primeiro presidente negro a ser eleito em seu pa&iacute;s, governando de 1994 a 1999.<\/p><p>Mandela passou 27 anos preso pelo regime do apartheid, condenado primeiramente por participar de protestos e fazer viagens consideradas ilegais para o exterior, e mais tarde, foi condenado &agrave; pris&atilde;o perp&eacute;tua sob acusa&ccedil;&atilde;o de trai&ccedil;&atilde;o e sabotagem. O l&iacute;der pol&iacute;tico s&oacute; foi liberto ap&oacute;s o fim da ditadura segregacionista.<\/p><p class=\"wp-block-verse\">+ <a href=\"https:\/\/vestibulares.estrategia.com\/portal\/atualidades-e-dicas\/dia-internacional-nelson-mandela-veja-citacoes-e-questoes-sobre-o-lider-sul-africano\/\" target=\"_blank\">Dia Internacional Nelson Mandela: veja cita&ccedil;&otilde;es e quest&otilde;es sobre o l&iacute;der sul-africano<\/a><br>+ <a href=\"https:\/\/vestibulares.estrategia.com\/portal\/atualidades-e-dicas\/africa-no-vestibular-conheca-o-passado-e-o-presente-do-continente\/\" target=\"_blank\">&Aacute;frica no vestibular: conhe&ccedil;a o passado e o presente do continente<\/a><\/p><h2 class=\"wp-block-heading\" id=\"h-6-a-educacao-e-um-elemento-importante-na-luta-pelos-direitos-humanos-e-o-meio-para-ajudar-os-nossos-filhos-e-as-pessoas-a-redescobrir-a-sua-identidade-e-assim-aumentar-o-seu-auto-respeito-malcolm-x\"><span class=\"ez-toc-section\" id=\"6-%E2%80%9CA-educacao-e-um-elemento-importante-na-luta-pelos-direitos-humanos-E-o-meio-para-ajudar-os-nossos-filhos-e-as-pessoas-a-redescobrir-a-sua-identidade-e-assim-aumentar-o-seu-auto-respeito%E2%80%9D-%E2%80%94-Malcolm-X\"><\/span>6 &ldquo;A educa&ccedil;&atilde;o &eacute; um elemento importante na luta pelos direitos humanos. &Eacute; o meio para ajudar os nossos filhos e as pessoas a redescobrir a sua identidade e, assim, aumentar o seu auto-respeito.&rdquo; &mdash; Malcolm X<span class=\"ez-toc-section-end\"><\/span><\/h2><p>Assim como Martin Luther King J&uacute;nior, Malcolm X (1925 &ndash; 1965) foi um ativista pelos direitos civis dos negros nos Estados Unidos. No in&iacute;cio de sua atua&ccedil;&atilde;o se deu quando ele se converteu ao Islamismo &mdash; inclusive abandonando seu sobre nome &ldquo;Little&rdquo; e adotando o &ldquo;X&rdquo; &mdash; e passou a integrar o grupo &ldquo;&rdquo;Na&ccedil;&atilde;o do Isl&atilde;&rdquo;.<\/p><p>Al&eacute;m de possuir uma excelente ret&oacute;rica, o ativista passou a atuar como jornalista no pela Na&ccedil;&atilde;o do Isl&atilde;, mas foi com o document&aacute;rio <em>&ldquo;Nation of Islam: The hate that hat produced&rdquo; <\/em>(algo como &ldquo;Na&ccedil;&atilde;o do Isl&atilde;: o &oacute;dio que o &oacute;dio criou&rdquo;), de 1959, que seus ideais alcan&ccedil;aram repercuss&atilde;o nacional.<\/p><p class=\"wp-block-verse\">+ <a href=\"https:\/\/vestibulares.estrategia.com\/portal\/atualidades-e-dicas\/saiba-o-que-e-o-ramadan-e-a-importancia-do-mes-para-os-muculmanos\/\" target=\"_blank\">Saiba o que &eacute; o Ramadan e a import&acirc;ncia do m&ecirc;s para os mu&ccedil;ulmanos<\/a><br>+ <a href=\"https:\/\/vestibulares.estrategia.com\/portal\/materias\/redacao\/7-citacoes-sobre-preconceito-para-usar-na-redacao\/\" target=\"_blank\">7 cita&ccedil;&otilde;es sobre preconceito para usar na reda&ccedil;&atilde;o<\/a><\/p><h2 class=\"wp-block-heading\" id=\"h-7-conhecemos-a-aplicacao-dos-direitos-humanos-ou-sua-necessidade-as-prisoes-e-tortura-mas-tratamos-muito-menos-da-aplicacao-dos-direitos-humanos-aos-cuidados-de-saude-paul-hunt\"><span class=\"ez-toc-section\" id=\"7-%E2%80%9CConhecemos-a-aplicacao-dos-direitos-humanos-ou-sua-necessidade-as-prisoes-e-tortura-mas-tratamos-muito-menos-da-aplicacao-dos-direitos-humanos-aos-cuidados-de-saude%E2%80%9D-%E2%80%94-Paul-Hunt\"><\/span>7- &ldquo;Conhecemos a aplica&ccedil;&atilde;o dos direitos humanos, ou sua necessidade, &agrave;s pris&otilde;es e tortura, mas tratamos muito menos da aplica&ccedil;&atilde;o dos direitos humanos aos cuidados de sa&uacute;de.&rdquo; &mdash; Paul Hunt<span class=\"ez-toc-section-end\"><\/span><\/h2><p>Paul Hunt &eacute; um advogado neozeland&ecirc;s especialista em direitos econ&ocirc;micos, sociais e culturais, que desde 2019 atua como Chefe da Comiss&atilde;o de Direitos Humanos da Nova Zel&acirc;ndia. Hunt tamb&eacute;m ocupou altos cargos de direitos humanos da Organiza&ccedil;&atilde;o das Na&ccedil;&otilde;es Unidas (ONU), incluindo como Membro do Comit&ecirc; de Direitos Econ&ocirc;micos, Sociais e Culturais e Conselheiro S&ecirc;nior de Direitos Humanos da Diretora Geral da Organiza&ccedil;&atilde;o Mundial de Sa&uacute;de (OMS), Flavia Bustreo.<\/p><p>No Brasil, Paul foi autor do prefacio do livro escrito por Aline Albuquerque, coordenadora do Observat&oacute;rio de Bio&eacute;tica e Direitos Humanos dos Pacientes da Universidade de Bras&iacute;lia (UnB), &ldquo;Direitos humanos do paciente&rdquo;, lan&ccedil;ado em 2016.<\/p><p class=\"wp-block-verse\">+ <a href=\"https:\/\/vestibulares.estrategia.com\/portal\/materias\/redacao\/7-citacoes-sobre-saude-para-usar-como-repertorio-sociocultural-na-redacao\/\" target=\"_blank\">7 cita&ccedil;&otilde;es sobre sa&uacute;de para usar como repert&oacute;rio sociocultural na reda&ccedil;&atilde;o<\/a><br>+ <a href=\"https:\/\/vestibulares.estrategia.com\/portal\/atualidades-e-dicas\/10-dicas-de-saude-mental-para-estudantes-em-fase-de-vestibular\/\" target=\"_blank\">10 dicas de sa&uacute;de mental para estudantes em fase de vestibular<\/a><\/p><h2 class=\"wp-block-heading\" id=\"h-prepare-se-para-a-redacao-com-o-estrategia-vestibulares\"><span class=\"ez-toc-section\" id=\"Prepare-se-para-a-redacao-com-o-Estrategia-Vestibulares\"><\/span>Prepare-se para a reda&ccedil;&atilde;o com o Estrat&eacute;gia Vestibulares<span class=\"ez-toc-section-end\"><\/span><\/h2><p>Sabia que o Estrat&eacute;gia Vestibulares oferece corre&ccedil;&otilde;es ilimitadas de reda&ccedil;&otilde;es? Voc&ecirc; estuda com nosso material e treina quantas vezes quiser, sempre recebendo o feedback sobre suas produ&ccedil;&otilde;es. N&atilde;o &eacute; incr&iacute;vel?<\/p><p>Com os cursos da Coruja voc&ecirc; se prepara para o vestibular com um material completo e atualizado, aulas din&acirc;micas e funcionais, al&eacute;m de contar com Banco de Quest&otilde;es, revis&otilde;es de v&eacute;spera, salas VIP, monitorias e muito mais.<\/p><p>\n\n\n<a id=\"cta\" class=\"cta-imagem\" href=\"https:\/\/vestibulares.estrategia.com\/curso\/curso-interativo-enem-redaco-prof-fernando-andrade\/\" target=\"blank\">\n                <img decoding=\"async\" width=\"100%\" src=\"https:\/\/vestibulares.estrategia.com\/portal\/wp-content\/uploads\/2021\/07\/Redacao.jpg\" alt=\"Cursos de Reda\u00e7\u00e3o Estrat\u00e9gia Vestibulares\" title=\"Curso de Reda\u00e7\u00e3o Estrat\u00e9gia Vestibulares\">\n        <\/a>\n\n\n\n\n\n<a id=\"cta\" class=\"cta-imagem\" href=\"https:\/\/vestibulares.estrategia.com\/cursos\/\" target=\"blank\">\n                <img decoding=\"async\" width=\"100%\" src=\"https:\/\/vestibulares.estrategia.com\/portal\/wp-content\/uploads\/2021\/12\/EV4.jpg\" alt=\"CTA - Estrat\u00e9gia Vestibulares 4\" title=\"CTA - Estrat\u00e9gia Vestibulares 4\">\n        <\/a>\n\n\n\n<\/p><h2 class=\"wp-block-heading\" id=\"h-veja-outras-citacoes-para-usar-na-redacao\"><span class=\"ez-toc-section\" id=\"Veja-outras-citacoes-para-usar-na-redacao\"><\/span>Veja outras cita&ccedil;&otilde;es para usar na reda&ccedil;&atilde;o<span class=\"ez-toc-section-end\"><\/span><\/h2><ul class=\"wp-block-list\">\n<li><a href=\"https:\/\/vestibulares.estrategia.com\/portal\/materias\/redacao\/7-citacoes-repertorio-sociocultural-coringa\/\" target=\"_blank\">Repert&oacute;rio Sociocultural para reda&ccedil;&atilde;o: 7 cita&ccedil;&otilde;es coringa<\/a><\/li>\n\n\n\n<li><a href=\"https:\/\/vestibulares.estrategia.com\/portal\/materias\/redacao\/9-citacoes-sobre-o-orgulho-lgbtqia-para-usar-como-repertorio-sociocultural\/\" target=\"_blank\">9 cita&ccedil;&otilde;es sobre o Orgulho LGBTQIA+ para usar como repert&oacute;rio sociocultural<\/a><\/li>\n\n\n\n<li><a href=\"https:\/\/vestibulares.estrategia.com\/portal\/atualidades-e-dicas\/6-citacoes-sobre-refugiados-para-usar-na-redacao\/\" target=\"_blank\">6 cita&ccedil;&otilde;es sobre refugiados para usar na reda&ccedil;&atilde;o<\/a><\/li>\n\n\n\n<li><a href=\"https:\/\/vestibulares.estrategia.com\/portal\/materias\/redacao\/7-citacoes-sobre-educacao-para-usar-na-redacao\/\" target=\"_blank\">7 cita&ccedil;&otilde;es sobre educa&ccedil;&atilde;o para usar na reda&ccedil;&atilde;o<\/a><\/li>\n\n\n\n<li><a href=\"https:\/\/vestibulares.estrategia.com\/portal\/materias\/redacao\/11-citacoes-sobre-imprensa-para-usar-na-redacao\/\" target=\"_blank\">11 cita&ccedil;&otilde;es sobre imprensa para usar na reda&ccedil;&atilde;o<\/a><\/li>\n\n\n\n<li><a href=\"https:\/\/vestibulares.estrategia.com\/portal\/materias\/redacao\/7-citacoes-sobre-meio-ambiente-para-usar-na-redacao\/\" target=\"_blank\">7 cita&ccedil;&otilde;es sobre meio ambiente para usar na reda&ccedil;&atilde;o<\/a><\/li>\n\n\n\n<li><a href=\"https:\/\/vestibulares.estrategia.com\/portal\/materias\/redacao\/citacoes-filosoficas-redacao\" target=\"_blank\">9 cita&ccedil;&otilde;es filos&oacute;ficas para usar na reda&ccedil;&atilde;o<\/a><\/li>\n\n\n\n<li><a href=\"https:\/\/vestibulares.estrategia.com\/portal\/materias\/historia\/9-frases-marcantes-da-historia-do-brasil\/\" target=\"_blank\">9 frases marcantes na hist&oacute;ria do Brasil<\/a><\/li>\n\n\n\n<li><a href=\"https:\/\/vestibulares.estrategia.com\/portal\/materias\/redacao\/citacoes-desigualdade-social-redacao\/\" target=\"_blank\">15 cita&ccedil;&otilde;es sobre desigualdade social para usar na reda&ccedil;&atilde;o<\/a><\/li>\n\n\n\n<li><a href=\"https:\/\/vestibulares.estrategia.com\/portal\/materias\/redacao\/11-citacoes-sobre-ciencia-para-usar-na-redacao\/\" target=\"_blank\">11 cita&ccedil;&otilde;es sobre ci&ecirc;ncia para usar na reda&ccedil;&atilde;o<\/a><\/li>\n\n\n\n<li><a href=\"https:\/\/vestibulares.estrategia.com\/portal\/atualidades-e-dicas\/dia-internacional-nelson-mandela-veja-citacoes-e-questoes-sobre-o-lider-sul-africano\/\" target=\"_blank\">Nelson Mandela: veja cita&ccedil;&otilde;es e quest&otilde;es sobre o l&iacute;der sul-africano<\/a><\/li>\n\n\n\n<li><a href=\"https:\/\/vestibulares.estrategia.com\/portal\/materias\/redacao\/11-citacoes-sobre-cultura-para-usar-na-redacao\/\" target=\"_blank\">11 cita&ccedil;&otilde;es sobre cultura para usar na reda&ccedil;&atilde;o<\/a><\/li>\n\n\n\n<li><a href=\"https:\/\/vestibulares.estrategia.com\/portal\/materias\/redacao\/7-citacoes-sobre-politica-para-usar-na-redacao\/\">7 cita&ccedil;&otilde;es sobre pol&iacute;tica para usar na reda&ccedil;&atilde;o<\/a><\/li>\n\n\n\n<li><a href=\"https:\/\/vestibulares.estrategia.com\/portal\/materias\/redacao\/7-citacoes-sobre-violencia-para-usar-na-redacao\/\" target=\"_blank\">7 cita&ccedil;&otilde;es sobre viol&ecirc;ncia para usar na reda&ccedil;&atilde;o<\/a><\/li>\n\n\n\n<li><a href=\"https:\/\/vestibulares.estrategia.com\/portal\/materias\/redacao\/11-citacoes-sobre-tecnologia-para-usar-na-redacao\/\" target=\"_blank\">11 cita&ccedil;&otilde;es sobre tecnologia para usar na reda&ccedil;&atilde;o<\/a><\/li>\n\n\n\n<li><a href=\"https:\/\/vestibulares.estrategia.com\/portal\/materias\/redacao\/7-citacoes-sobre-saude-para-usar-como-repertorio-sociocultural-na-redacao\/\" target=\"_blank\">7 cita&ccedil;&otilde;es sobre sa&uacute;de para usar como repert&oacute;rio sociocultural na reda&ccedil;&atilde;o<\/a><\/li>\n\n\n\n<li><a href=\"https:\/\/vestibulares.estrategia.com\/portal\/materias\/redacao\/11-citacoes-sobre-saude-mental-para-usar-na-redacao\/\">11 cita&ccedil;&otilde;es sobre sa&uacute;de m<\/a><a href=\"https:\/\/vestibulares.estrategia.com\/portal\/materias\/redacao\/11-citacoes-sobre-saude-mental-para-usar-na-redacao\/\" target=\"_blank\">e<\/a><a href=\"https:\/\/vestibulares.estrategia.com\/portal\/materias\/redacao\/11-citacoes-sobre-saude-mental-para-usar-na-redacao\/\">ntal para usar na reda&ccedil;&atilde;o<\/a><\/li>\n\n\n\n<li><a href=\"https:\/\/vestibulares.estrategia.com\/portal\/materias\/redacao\/13-citacoes-sobre-trabalho-para-usar-na-redacao\/\" target=\"_blank\">13 cita&ccedil;&otilde;es sobre trabalho para usar na reda&ccedil;&atilde;o<\/a><\/li>\n\n\n\n<li><a href=\"https:\/\/vestibulares.estrategia.com\/portal\/atualidades-e-dicas\/18-frases-da-rainha-elizabeth-ii-para-usar-na-redacao\/\" target=\"_blank\">18 frases da Rainha Elizabeth II que marcaram o seu reinado<\/a><\/li>\n\n\n\n<li><a href=\"https:\/\/vestibulares.estrategia.com\/portal\/materias\/historia\/9-frases-marcantes-da-historia-do-brasil\/\" target=\"_blank\">9 frases marcantes na hist&oacute;ria do Brasil<\/a><\/li>\n\n\n\n<li><a href=\"https:\/\/vestibulares.estrategia.com\/portal\/materias\/redacao\/9-citacoes-sobre-mudancas-climaticas-para-usar-na-redacao\/\" target=\"_blank\">9 cita&ccedil;&otilde;es sobre mudan&ccedil;as clim&aacute;ticas para usar na reda&ccedil;&atilde;o<\/a><\/li>\n\n\n\n<li><a href=\"https:\/\/vestibulares.estrategia.com\/portal\/atualidades-e-dicas\/24-citacoes-de-paulo-freire-sobre-educacao-para-usar-na-redacao\/\" target=\"_blank\">24 cita&ccedil;&otilde;es de Paulo Freire sobre educa&ccedil;&atilde;o para usar na reda&ccedil;&atilde;o<\/a><\/li>\n\n\n\n<li><a href=\"https:\/\/vestibulares.estrategia.com\/portal\/materias\/redacao\/como-nao-usar-citacoes-nas-redacoes-do-enem-e-vestibulares\/\">Como N&Atilde;O usar cita&ccedil;&otilde;es nas reda&ccedil;&otilde;es do Enem e vestibulares<\/a><\/li>\n<\/ul><\/p>\n","protected":false},"excerpt":{"rendered":"Tais direitos podem ser de natureza civil, pol\u00edtica, econ\u00f4mica, social ou cultural; conhe\u00e7a a opini\u00e3o de grandes nomes da hist\u00f3ria sobre eles\n","protected":false},"author":48,"featured_media":78267,"comment_status":"closed","ping_status":"closed","sticky":false,"template":"","format":"standard","meta":{"wl_entities_gutenberg":"","footnotes":""},"categories":[2],"tags":[],"wl_entity_type":[732],"class_list":{"0":"post-78265","1":"post","2":"type-post","3":"status-publish","4":"format-standard","5":"has-post-thumbnail","7":"category-redacao","8":"wl_entity_type-article"},"acf":[],"yoast_head":"<!-- This site is optimized with the Yoast SEO Premium plugin v25.9 (Yoast SEO v25.9) - https:\/\/yoast.com\/wordpress\/plugins\/seo\/ -->\n<title>7 cita\u00e7\u00f5es sobre Direitos Humanos para usar na reda\u00e7\u00e3o<\/title>\n<meta name=\"description\" content=\"Tais direitos podem ser de natureza civil, pol\u00edtica, econ\u00f4mica, social ou cultural; conhe\u00e7a a opini\u00e3o de grandes nomes da hist\u00f3ria sobre eles\" \/>\n<meta name=\"robots\" content=\"index, follow, max-snippet:-1, max-image-preview:large, max-video-preview:-1\" \/>\n<link rel=\"canonical\" href=\"https:\/\/vestibulares.estrategia.com\/portal\/materias\/redacao\/7-citacoes-sobre-direitos-humanos-para-usar-na-redacao\/\" \/>\n<meta property=\"og:locale\" content=\"pt_BR\" \/>\n<meta property=\"og:type\" content=\"article\" \/>\n<meta property=\"og:title\" content=\"7 cita\u00e7\u00f5es sobre Direitos Humanos para usar na reda\u00e7\u00e3o\" \/>\n<meta property=\"og:description\" content=\"Tais direitos podem ser de natureza civil, pol\u00edtica, econ\u00f4mica, social ou cultural; conhe\u00e7a a opini\u00e3o de grandes nomes da hist\u00f3ria sobre eles\" \/>\n<meta property=\"og:url\" content=\"https:\/\/vestibulares.estrategia.com\/portal\/materias\/redacao\/7-citacoes-sobre-direitos-humanos-para-usar-na-redacao\/\" \/>\n<meta property=\"og:site_name\" content=\"Estrat\u00e9gia Vestibulares\" \/>\n<meta property=\"article:publisher\" content=\"https:\/\/facebook.com\/estrategiavestibulares\" \/>\n<meta property=\"article:published_time\" content=\"2022-10-06T18:50:37+00:00\" \/>\n<meta property=\"article:modified_time\" content=\"2025-10-31T19:17:06+00:00\" \/>\n<meta property=\"og:image\" content=\"https:\/\/vestibulares.estrategia.com\/portal\/wp-content\/uploads\/2022\/10\/citacoes-sobre-direitos-humanos-scaled.webp\" \/>\n\t<meta property=\"og:image:width\" content=\"2560\" \/>\n\t<meta property=\"og:image:height\" content=\"1707\" \/>\n\t<meta property=\"og:image:type\" content=\"image\/jpeg\" \/>\n<meta name=\"author\" content=\"Beatriz Santana\" \/>\n<meta name=\"twitter:card\" content=\"summary_large_image\" \/>\n<meta name=\"twitter:creator\" content=\"@Estrategiavest\" \/>\n<meta name=\"twitter:site\" content=\"@Estrategiavest\" \/>\n<meta name=\"twitter:label1\" content=\"Escrito por\" \/>\n\t<meta name=\"twitter:data1\" content=\"Beatriz Santana\" \/>\n\t<meta name=\"twitter:label2\" content=\"Est. tempo de leitura\" \/>\n\t<meta name=\"twitter:data2\" content=\"8 minutos\" \/>\n<script type=\"application\/ld+json\" class=\"yoast-schema-graph\">{\"@context\":\"https:\/\/schema.org\",\"@graph\":[{\"@type\":\"Article\",\"@id\":\"https:\/\/vestibulares.estrategia.com\/portal\/materias\/redacao\/7-citacoes-sobre-direitos-humanos-para-usar-na-redacao\/#article\",\"isPartOf\":{\"@id\":\"https:\/\/vestibulares.estrategia.com\/portal\/materias\/redacao\/7-citacoes-sobre-direitos-humanos-para-usar-na-redacao\/\"},\"author\":{\"name\":\"Beatriz Santana\",\"@id\":\"https:\/\/vestibulares.estrategia.com\/portal\/#\/schema\/person\/cdd941dcf53839374c0bc8d39bb0230f\"},\"headline\":\"7 cita\u00e7\u00f5es sobre Direitos Humanos para usar na reda\u00e7\u00e3o\",\"datePublished\":\"2022-10-06T18:50:37+00:00\",\"dateModified\":\"2025-10-31T19:17:06+00:00\",\"mainEntityOfPage\":{\"@id\":\"https:\/\/vestibulares.estrategia.com\/portal\/materias\/redacao\/7-citacoes-sobre-direitos-humanos-para-usar-na-redacao\/\"},\"wordCount\":1573,\"publisher\":{\"@id\":\"https:\/\/vestibulares.estrategia.com\/portal\/#organization\"},\"image\":{\"@id\":\"https:\/\/vestibulares.estrategia.com\/portal\/materias\/redacao\/7-citacoes-sobre-direitos-humanos-para-usar-na-redacao\/#primaryimage\"},\"thumbnailUrl\":\"https:\/\/vestibulares.estrategia.com\/portal\/wp-content\/uploads\/2022\/10\/citacoes-sobre-direitos-humanos-scaled.webp\",\"articleSection\":[\"Reda\u00e7\u00e3o\"],\"inLanguage\":\"pt-BR\"},{\"@type\":\"WebPage\",\"@id\":\"https:\/\/vestibulares.estrategia.com\/portal\/materias\/redacao\/7-citacoes-sobre-direitos-humanos-para-usar-na-redacao\/\",\"url\":\"https:\/\/vestibulares.estrategia.com\/portal\/materias\/redacao\/7-citacoes-sobre-direitos-humanos-para-usar-na-redacao\/\",\"name\":\"7 cita\u00e7\u00f5es sobre Direitos Humanos para usar na reda\u00e7\u00e3o\",\"isPartOf\":{\"@id\":\"https:\/\/vestibulares.estrategia.com\/portal\/#website\"},\"primaryImageOfPage\":{\"@id\":\"https:\/\/vestibulares.estrategia.com\/portal\/materias\/redacao\/7-citacoes-sobre-direitos-humanos-para-usar-na-redacao\/#primaryimage\"},\"image\":{\"@id\":\"https:\/\/vestibulares.estrategia.com\/portal\/materias\/redacao\/7-citacoes-sobre-direitos-humanos-para-usar-na-redacao\/#primaryimage\"},\"thumbnailUrl\":\"https:\/\/vestibulares.estrategia.com\/portal\/wp-content\/uploads\/2022\/10\/citacoes-sobre-direitos-humanos-scaled.webp\",\"datePublished\":\"2022-10-06T18:50:37+00:00\",\"dateModified\":\"2025-10-31T19:17:06+00:00\",\"description\":\"Tais direitos podem ser de natureza civil, pol\u00edtica, econ\u00f4mica, social ou cultural; conhe\u00e7a a opini\u00e3o de grandes nomes da hist\u00f3ria sobre eles\",\"breadcrumb\":{\"@id\":\"https:\/\/vestibulares.estrategia.com\/portal\/materias\/redacao\/7-citacoes-sobre-direitos-humanos-para-usar-na-redacao\/#breadcrumb\"},\"inLanguage\":\"pt-BR\",\"potentialAction\":[{\"@type\":\"ReadAction\",\"target\":[\"https:\/\/vestibulares.estrategia.com\/portal\/materias\/redacao\/7-citacoes-sobre-direitos-humanos-para-usar-na-redacao\/\"]}]},{\"@type\":\"ImageObject\",\"inLanguage\":\"pt-BR\",\"@id\":\"https:\/\/vestibulares.estrategia.com\/portal\/materias\/redacao\/7-citacoes-sobre-direitos-humanos-para-usar-na-redacao\/#primaryimage\",\"url\":\"https:\/\/vestibulares.estrategia.com\/portal\/wp-content\/uploads\/2022\/10\/citacoes-sobre-direitos-humanos-scaled.webp\",\"contentUrl\":\"https:\/\/vestibulares.estrategia.com\/portal\/wp-content\/uploads\/2022\/10\/citacoes-sobre-direitos-humanos-scaled.webp\",\"width\":2560,\"height\":1707},{\"@type\":\"BreadcrumbList\",\"@id\":\"https:\/\/vestibulares.estrategia.com\/portal\/materias\/redacao\/7-citacoes-sobre-direitos-humanos-para-usar-na-redacao\/#breadcrumb\",\"itemListElement\":[{\"@type\":\"ListItem\",\"position\":1,\"name\":\"Home\",\"item\":\"https:\/\/vestibulares.estrategia.com\/portal\/\"},{\"@type\":\"ListItem\",\"position\":2,\"name\":\"Mat\u00e9rias\",\"item\":\"https:\/\/vestibulares.estrategia.com\/portal\/materias\/\"},{\"@type\":\"ListItem\",\"position\":3,\"name\":\"Reda\u00e7\u00e3o\",\"item\":\"https:\/\/vestibulares.estrategia.com\/portal\/materias\/redacao\/\"},{\"@type\":\"ListItem\",\"position\":4,\"name\":\"7 cita\u00e7\u00f5es sobre Direitos Humanos para usar na reda\u00e7\u00e3o\"}]},{\"@type\":\"WebSite\",\"@id\":\"https:\/\/vestibulares.estrategia.com\/portal\/#website\",\"url\":\"https:\/\/vestibulares.estrategia.com\/portal\/\",\"name\":\"Estrat\u00e9gia Vestibulares\",\"description\":\"\",\"publisher\":{\"@id\":\"https:\/\/vestibulares.estrategia.com\/portal\/#organization\"},\"potentialAction\":[{\"@type\":\"SearchAction\",\"target\":{\"@type\":\"EntryPoint\",\"urlTemplate\":\"https:\/\/vestibulares.estrategia.com\/portal\/?s={search_term_string}\"},\"query-input\":{\"@type\":\"PropertyValueSpecification\",\"valueRequired\":true,\"valueName\":\"search_term_string\"}}],\"inLanguage\":\"pt-BR\"},{\"@type\":\"Organization\",\"@id\":\"https:\/\/vestibulares.estrategia.com\/portal\/#organization\",\"name\":\"Estrat\u00e9gia Vestibulares\",\"url\":\"https:\/\/vestibulares.estrategia.com\/portal\/\",\"logo\":{\"@type\":\"ImageObject\",\"inLanguage\":\"pt-BR\",\"@id\":\"https:\/\/vestibulares.estrategia.com\/portal\/#\/schema\/logo\/image\/\",\"url\":\"https:\/\/vestibulares.estrategia.com\/portal\/wp-content\/uploads\/2021\/06\/Logo-Vestibulares@4x.png\",\"contentUrl\":\"https:\/\/vestibulares.estrategia.com\/portal\/wp-content\/uploads\/2021\/06\/Logo-Vestibulares@4x.png\",\"width\":250,\"height\":66,\"caption\":\"Estrat\u00e9gia Vestibulares\"},\"image\":{\"@id\":\"https:\/\/vestibulares.estrategia.com\/portal\/#\/schema\/logo\/image\/\"},\"sameAs\":[\"https:\/\/facebook.com\/estrategiavestibulares\",\"https:\/\/x.com\/Estrategiavest\",\"https:\/\/www.instagram.com\/estrategiavestibulares\",\"https:\/\/www.youtube.com\/channel\/UCGWdZy8ULI-7_5GrABa4vNA\"]},{\"@type\":\"Person\",\"@id\":\"https:\/\/vestibulares.estrategia.com\/portal\/#\/schema\/person\/cdd941dcf53839374c0bc8d39bb0230f\",\"name\":\"Beatriz Santana\",\"image\":{\"@type\":\"ImageObject\",\"inLanguage\":\"pt-BR\",\"@id\":\"https:\/\/vestibulares.estrategia.com\/portal\/#\/schema\/person\/image\/\",\"url\":\"https:\/\/vestibulares.estrategia.com\/portal\/wp-content\/uploads\/2022\/01\/WhatsApp-Image-2021-10-21-at-10.19.09-1-150x150.webp\",\"contentUrl\":\"https:\/\/vestibulares.estrategia.com\/portal\/wp-content\/uploads\/2022\/01\/WhatsApp-Image-2021-10-21-at-10.19.09-1-150x150.webp\",\"caption\":\"Beatriz Santana\"},\"description\":\"Jornalista formada pela Unesp\",\"url\":\"https:\/\/vestibulares.estrategia.com\/portal\/author\/beatriz-santana\/\"}]}<\/script>\n<!-- \/ Yoast SEO Premium plugin. -->","yoast_head_json":{"title":"7 cita\u00e7\u00f5es sobre Direitos Humanos para usar na reda\u00e7\u00e3o","description":"Tais direitos podem ser de natureza civil, pol\u00edtica, econ\u00f4mica, social ou cultural; conhe\u00e7a a opini\u00e3o de grandes nomes da hist\u00f3ria sobre eles","robots":{"index":"index","follow":"follow","max-snippet":"max-snippet:-1","max-image-preview":"max-image-preview:large","max-video-preview":"max-video-preview:-1"},"canonical":"https:\/\/vestibulares.estrategia.com\/portal\/materias\/redacao\/7-citacoes-sobre-direitos-humanos-para-usar-na-redacao\/","og_locale":"pt_BR","og_type":"article","og_title":"7 cita\u00e7\u00f5es sobre Direitos Humanos para usar na reda\u00e7\u00e3o","og_description":"Tais direitos podem ser de natureza civil, pol\u00edtica, econ\u00f4mica, social ou cultural; conhe\u00e7a a opini\u00e3o de grandes nomes da hist\u00f3ria sobre eles","og_url":"https:\/\/vestibulares.estrategia.com\/portal\/materias\/redacao\/7-citacoes-sobre-direitos-humanos-para-usar-na-redacao\/","og_site_name":"Estrat\u00e9gia Vestibulares","article_publisher":"https:\/\/facebook.com\/estrategiavestibulares","article_published_time":"2022-10-06T18:50:37+00:00","article_modified_time":"2025-10-31T19:17:06+00:00","og_image":[{"width":2560,"height":1707,"url":"https:\/\/vestibulares.estrategia.com\/portal\/wp-content\/uploads\/2022\/10\/citacoes-sobre-direitos-humanos-scaled.webp","type":"image\/jpeg"}],"author":"Beatriz Santana","twitter_card":"summary_large_image","twitter_creator":"@Estrategiavest","twitter_site":"@Estrategiavest","twitter_misc":{"Escrito por":"Beatriz Santana","Est. tempo de leitura":"8 minutos"},"schema":{"@context":"https:\/\/schema.org","@graph":[{"@type":"Article","@id":"https:\/\/vestibulares.estrategia.com\/portal\/materias\/redacao\/7-citacoes-sobre-direitos-humanos-para-usar-na-redacao\/#article","isPartOf":{"@id":"https:\/\/vestibulares.estrategia.com\/portal\/materias\/redacao\/7-citacoes-sobre-direitos-humanos-para-usar-na-redacao\/"},"author":{"name":"Beatriz Santana","@id":"https:\/\/vestibulares.estrategia.com\/portal\/#\/schema\/person\/cdd941dcf53839374c0bc8d39bb0230f"},"headline":"7 cita\u00e7\u00f5es sobre Direitos Humanos para usar na reda\u00e7\u00e3o","datePublished":"2022-10-06T18:50:37+00:00","dateModified":"2025-10-31T19:17:06+00:00","mainEntityOfPage":{"@id":"https:\/\/vestibulares.estrategia.com\/portal\/materias\/redacao\/7-citacoes-sobre-direitos-humanos-para-usar-na-redacao\/"},"wordCount":1573,"publisher":{"@id":"https:\/\/vestibulares.estrategia.com\/portal\/#organization"},"image":{"@id":"https:\/\/vestibulares.estrategia.com\/portal\/materias\/redacao\/7-citacoes-sobre-direitos-humanos-para-usar-na-redacao\/#primaryimage"},"thumbnailUrl":"https:\/\/vestibulares.estrategia.com\/portal\/wp-content\/uploads\/2022\/10\/citacoes-sobre-direitos-humanos-scaled.webp","articleSection":["Reda\u00e7\u00e3o"],"inLanguage":"pt-BR"},{"@type":"WebPage","@id":"https:\/\/vestibulares.estrategia.com\/portal\/materias\/redacao\/7-citacoes-sobre-direitos-humanos-para-usar-na-redacao\/","url":"https:\/\/vestibulares.estrategia.com\/portal\/materias\/redacao\/7-citacoes-sobre-direitos-humanos-para-usar-na-redacao\/","name":"7 cita\u00e7\u00f5es sobre Direitos Humanos para usar na reda\u00e7\u00e3o","isPartOf":{"@id":"https:\/\/vestibulares.estrategia.com\/portal\/#website"},"primaryImageOfPage":{"@id":"https:\/\/vestibulares.estrategia.com\/portal\/materias\/redacao\/7-citacoes-sobre-direitos-humanos-para-usar-na-redacao\/#primaryimage"},"image":{"@id":"https:\/\/vestibulares.estrategia.com\/portal\/materias\/redacao\/7-citacoes-sobre-direitos-humanos-para-usar-na-redacao\/#primaryimage"},"thumbnailUrl":"https:\/\/vestibulares.estrategia.com\/portal\/wp-content\/uploads\/2022\/10\/citacoes-sobre-direitos-humanos-scaled.webp","datePublished":"2022-10-06T18:50:37+00:00","dateModified":"2025-10-31T19:17:06+00:00","description":"Tais direitos podem ser de natureza civil, pol\u00edtica, econ\u00f4mica, social ou cultural; conhe\u00e7a a opini\u00e3o de grandes nomes da hist\u00f3ria sobre eles","breadcrumb":{"@id":"https:\/\/vestibulares.estrategia.com\/portal\/materias\/redacao\/7-citacoes-sobre-direitos-humanos-para-usar-na-redacao\/#breadcrumb"},"inLanguage":"pt-BR","potentialAction":[{"@type":"ReadAction","target":["https:\/\/vestibulares.estrategia.com\/portal\/materias\/redacao\/7-citacoes-sobre-direitos-humanos-para-usar-na-redacao\/"]}]},{"@type":"ImageObject","inLanguage":"pt-BR","@id":"https:\/\/vestibulares.estrategia.com\/portal\/materias\/redacao\/7-citacoes-sobre-direitos-humanos-para-usar-na-redacao\/#primaryimage","url":"https:\/\/vestibulares.estrategia.com\/portal\/wp-content\/uploads\/2022\/10\/citacoes-sobre-direitos-humanos-scaled.webp","contentUrl":"https:\/\/vestibulares.estrategia.com\/portal\/wp-content\/uploads\/2022\/10\/citacoes-sobre-direitos-humanos-scaled.webp","width":2560,"height":1707},{"@type":"BreadcrumbList","@id":"https:\/\/vestibulares.estrategia.com\/portal\/materias\/redacao\/7-citacoes-sobre-direitos-humanos-para-usar-na-redacao\/#breadcrumb","itemListElement":[{"@type":"ListItem","position":1,"name":"Home","item":"https:\/\/vestibulares.estrategia.com\/portal\/"},{"@type":"ListItem","position":2,"name":"Mat\u00e9rias","item":"https:\/\/vestibulares.estrategia.com\/portal\/materias\/"},{"@type":"ListItem","position":3,"name":"Reda\u00e7\u00e3o","item":"https:\/\/vestibulares.estrategia.com\/portal\/materias\/redacao\/"},{"@type":"ListItem","position":4,"name":"7 cita\u00e7\u00f5es sobre Direitos Humanos para usar na reda\u00e7\u00e3o"}]},{"@type":"WebSite","@id":"https:\/\/vestibulares.estrategia.com\/portal\/#website","url":"https:\/\/vestibulares.estrategia.com\/portal\/","name":"Estrat\u00e9gia Vestibulares","description":"","publisher":{"@id":"https:\/\/vestibulares.estrategia.com\/portal\/#organization"},"potentialAction":[{"@type":"SearchAction","target":{"@type":"EntryPoint","urlTemplate":"https:\/\/vestibulares.estrategia.com\/portal\/?s={search_term_string}"},"query-input":{"@type":"PropertyValueSpecification","valueRequired":true,"valueName":"search_term_string"}}],"inLanguage":"pt-BR"},{"@type":"Organization","@id":"https:\/\/vestibulares.estrategia.com\/portal\/#organization","name":"Estrat\u00e9gia Vestibulares","url":"https:\/\/vestibulares.estrategia.com\/portal\/","logo":{"@type":"ImageObject","inLanguage":"pt-BR","@id":"https:\/\/vestibulares.estrategia.com\/portal\/#\/schema\/logo\/image\/","url":"https:\/\/vestibulares.estrategia.com\/portal\/wp-content\/uploads\/2021\/06\/Logo-Vestibulares@4x.png","contentUrl":"https:\/\/vestibulares.estrategia.com\/portal\/wp-content\/uploads\/2021\/06\/Logo-Vestibulares@4x.png","width":250,"height":66,"caption":"Estrat\u00e9gia Vestibulares"},"image":{"@id":"https:\/\/vestibulares.estrategia.com\/portal\/#\/schema\/logo\/image\/"},"sameAs":["https:\/\/facebook.com\/estrategiavestibulares","https:\/\/x.com\/Estrategiavest","https:\/\/www.instagram.com\/estrategiavestibulares","https:\/\/www.youtube.com\/channel\/UCGWdZy8ULI-7_5GrABa4vNA"]},{"@type":"Person","@id":"https:\/\/vestibulares.estrategia.com\/portal\/#\/schema\/person\/cdd941dcf53839374c0bc8d39bb0230f","name":"Beatriz Santana","image":{"@type":"ImageObject","inLanguage":"pt-BR","@id":"https:\/\/vestibulares.estrategia.com\/portal\/#\/schema\/person\/image\/","url":"https:\/\/vestibulares.estrategia.com\/portal\/wp-content\/uploads\/2022\/01\/WhatsApp-Image-2021-10-21-at-10.19.09-1-150x150.webp","contentUrl":"https:\/\/vestibulares.estrategia.com\/portal\/wp-content\/uploads\/2022\/01\/WhatsApp-Image-2021-10-21-at-10.19.09-1-150x150.webp","caption":"Beatriz Santana"},"description":"Jornalista formada pela Unesp","url":"https:\/\/vestibulares.estrategia.com\/portal\/author\/beatriz-santana\/"}]}},"_wl_alt_label":[],"wl:entity_url":"https:\/\/data.wordlift.io\/wl110249\/post\/7-citacoes-sobre-direitos-humanos-para-usar-na-redacao","_links":{"self":[{"href":"https:\/\/vestibulares.estrategia.com\/portal\/wp-json\/wp\/v2\/posts\/78265","targetHints":{"allow":["GET"]}}],"collection":[{"href":"https:\/\/vestibulares.estrategia.com\/portal\/wp-json\/wp\/v2\/posts"}],"about":[{"href":"https:\/\/vestibulares.estrategia.com\/portal\/wp-json\/wp\/v2\/types\/post"}],"author":[{"embeddable":true,"href":"https:\/\/vestibulares.estrategia.com\/portal\/wp-json\/wp\/v2\/users\/48"}],"replies":[{"embeddable":true,"href":"https:\/\/vestibulares.estrategia.com\/portal\/wp-json\/wp\/v2\/comments?post=78265"}],"version-history":[{"count":5,"href":"https:\/\/vestibulares.estrategia.com\/portal\/wp-json\/wp\/v2\/posts\/78265\/revisions"}],"predecessor-version":[{"id":147684,"href":"https:\/\/vestibulares.estrategia.com\/portal\/wp-json\/wp\/v2\/posts\/78265\/revisions\/147684"}],"wp:featuredmedia":[{"embeddable":true,"href":"https:\/\/vestibulares.estrategia.com\/portal\/wp-json\/wp\/v2\/media\/78267"}],"wp:attachment":[{"href":"https:\/\/vestibulares.estrategia.com\/portal\/wp-json\/wp\/v2\/media?parent=78265"}],"wp:term":[{"taxonomy":"category","embeddable":true,"href":"https:\/\/vestibulares.estrategia.com\/portal\/wp-json\/wp\/v2\/categories?post=78265"},{"taxonomy":"post_tag","embeddable":true,"href":"https:\/\/vestibulares.estrategia.com\/portal\/wp-json\/wp\/v2\/tags?post=78265"},{"taxonomy":"wl_entity_type","embeddable":true,"href":"https:\/\/vestibulares.estrategia.com\/portal\/wp-json\/wp\/v2\/wl_entity_type?post=78265"}],"curies":[{"name":"wp","href":"https:\/\/api.w.org\/{rel}","templated":true}]}}