{"id":79416,"date":"2022-10-25T08:28:38","date_gmt":"2022-10-25T11:28:38","guid":{"rendered":"https:\/\/vestibulares.estrategia.com\/portal\/?p=79416"},"modified":"2024-11-03T15:19:23","modified_gmt":"2024-11-03T18:19:23","slug":"como-a-desigualdade-racial-impacta-as-eleicoes-brasileiras","status":"publish","type":"post","link":"https:\/\/vestibulares.estrategia.com\/portal\/atualidades-e-dicas\/como-a-desigualdade-racial-impacta-as-eleicoes-brasileiras\/","title":{"rendered":"Como a desigualdade racial impacta as elei\u00e7\u00f5es brasileiras?"},"content":{"rendered":"<p>Em ano de elei&ccedil;&otilde;es no Brasil, &eacute; indispens&aacute;vel entender o cen&aacute;rio sobre a desigualdade racial para orientar os eleitores sobre seu voto, valores e prefer&ecirc;ncias. Nas &uacute;ltimas elei&ccedil;&otilde;es brasileiras, a paridade racial e de g&ecirc;nero foi pautada no debate p&uacute;blico, o que mostra a import&acirc;ncia desses conte&uacute;dos.<p>Nas elei&ccedil;&otilde;es presidenciais de 2022, dos 11 candidatos &agrave; presid&ecirc;ncia, apenas dois se autodeclaram pretos e um parto. L&eacute;o P&eacute;ricles, Vela L&uacute;cia e Padre Kelmon representaram menos que 0,14% dos votos v&aacute;lidos.&nbsp;<\/p><p>&#128226;<strong><em>&nbsp;<\/em>Saiba mais<em><br><\/em><\/strong><a href=\"https:\/\/vestibulares.estrategia.com\/portal\/noticias\/tema-de-redacao-enem-2024-desafios-para-a-valorizacao-da-heranca-africana-no-brasil\/\" target=\"_blank\">+ Tema de reda&ccedil;&atilde;o Enem 2024: Desafios da valoriza&ccedil;&atilde;o da heran&ccedil;a africana no Brasil<\/a><strong><em><br><\/em><\/strong><a href=\"https:\/\/vestibulares.estrategia.com\/portal\/materias\/redacao\/temas-de-redacao-do-enem-nos-ultimos-anos\/\" target=\"_blank\">+ Gabarito Enem 2024: corre&ccedil;&atilde;o do 1&ordm; dia de prova<\/a><\/p><p>\n\n\n\n<div class=\"cta-medio\" style=\"background-image: url(https:\/\/vestibulares.estrategia.com\/portal\/wp-content\/uploads\/2024\/08\/curso-enem-1-estrategia-vestibulares-ctamedio.jpg);\"><h3>Pacote Enem TOP <\/h3> <p>Estude com o Estrat\u00e9gia Vestibulares<\/p><div class=\"cta-botao\"><a id=\"cta-medio\" href=\"https:\/\/vestibulares.estrategia.com\/curso\/enem-top\/\" target=\"_blank\" style=\"background:rgb(255,150,0)\">Saiba mais<\/a><\/div><\/div>\n\n\n\n<\/p><p>De acordo com um relat&oacute;rio feito pelo programador Paulo Mota, integrante do Data Labe, os dados do Tribunal Superior Eleitoral&nbsp; (TSE) mostram que 118 milh&otilde;es de eleitores votaram em candidaturas brancas, enquanto apenas 81 mil optaram por candidatos pardos e 79 mil em candidatos pretos.<\/p><p>Para abordar o assunto, o <strong>Portal Estrat&eacute;gia Vestibulares<\/strong> preparou este artigo, com os principais pontos da aula sobre &ldquo;Desigualdade Racial nas Elei&ccedil;&otilde;es Brasileiras&rdquo;, feita pela professora de Sociologia, Al&ecirc; Lopes, que est&aacute; dispon&iacute;vel no nosso canal do YouTube.<\/p><figure class=\"wp-block-embed is-type-video is-provider-youtube wp-block-embed-youtube wp-embed-aspect-16-9 wp-has-aspect-ratio\"><div class=\"wp-block-embed__wrapper\">\n<div class=\"cs-embed cs-embed-responsive\"><iframe title=\"Desigualdade Racial nas Elei&ccedil;&otilde;es Brasileiras - An&aacute;lise para Enem e Vestibulares\" width=\"1200\" height=\"675\" src=\"https:\/\/www.youtube.com\/embed\/3Ra6z3AuivQ?feature=oembed\" frameborder=\"0\" allow=\"accelerometer; autoplay; clipboard-write; encrypted-media; gyroscope; picture-in-picture; web-share\" referrerpolicy=\"strict-origin-when-cross-origin\" allowfullscreen><\/iframe><\/div>\n<\/div><\/figure><p>A tem&aacute;tica sobre quest&otilde;es raciais no Brasil pode ser cobrada de in&uacute;meras maneiras nos vestibulares. Para ajudar os vestibulandos, a professora separou dicas e repert&oacute;rios para ajudar os estudantes na hora de trabalhar esses assuntos.<\/p><div id=\"ez-toc-container\" class=\"ez-toc-v2_0_76 counter-hierarchy ez-toc-counter ez-toc-transparent ez-toc-container-direction\">\n<div class=\"ez-toc-title-container\"><p class=\"ez-toc-title\" style=\"cursor:inherit\">Navegue pelo conte\u00fado<\/p>\n<\/div><nav><ul class='ez-toc-list ez-toc-list-level-1 ' ><li class='ez-toc-page-1 ez-toc-heading-level-2'><a class=\"ez-toc-link ez-toc-heading-1\" href=\"https:\/\/vestibulares.estrategia.com\/portal\/atualidades-e-dicas\/como-a-desigualdade-racial-impacta-as-eleicoes-brasileiras\/#O-que-e-desigualdade-racial\" >O que &eacute; desigualdade racial?<\/a><\/li><li class='ez-toc-page-1 ez-toc-heading-level-2'><a class=\"ez-toc-link ez-toc-heading-2\" href=\"https:\/\/vestibulares.estrategia.com\/portal\/atualidades-e-dicas\/como-a-desigualdade-racial-impacta-as-eleicoes-brasileiras\/#Por-que-a-desigualdade-racial-existe\" >Por que a desigualdade racial existe?<\/a><\/li><li class='ez-toc-page-1 ez-toc-heading-level-2'><a class=\"ez-toc-link ez-toc-heading-3\" href=\"https:\/\/vestibulares.estrategia.com\/portal\/atualidades-e-dicas\/como-a-desigualdade-racial-impacta-as-eleicoes-brasileiras\/#Qual-e-a-situacao-da-desigualdade-racial-nas-eleicoes-brasileiras-atualmente-E-como-isso-impacta-as-eleicoes\" >Qual &eacute; a situa&ccedil;&atilde;o da desigualdade racial nas elei&ccedil;&otilde;es brasileiras atualmente? E como isso impacta as elei&ccedil;&otilde;es?<\/a><\/li><li class='ez-toc-page-1 ez-toc-heading-level-2'><a class=\"ez-toc-link ez-toc-heading-4\" href=\"https:\/\/vestibulares.estrategia.com\/portal\/atualidades-e-dicas\/como-a-desigualdade-racial-impacta-as-eleicoes-brasileiras\/#Como-amenizar-a-desigualdade-racial-nas-eleicoes\" >Como amenizar a desigualdade racial nas elei&ccedil;&otilde;es?<\/a><\/li><li class='ez-toc-page-1 ez-toc-heading-level-2'><a class=\"ez-toc-link ez-toc-heading-5\" href=\"https:\/\/vestibulares.estrategia.com\/portal\/atualidades-e-dicas\/como-a-desigualdade-racial-impacta-as-eleicoes-brasileiras\/#Estude-com-o-Estrategia-Vestibulares\" >Estude com o Estrat&eacute;gia Vestibulares<\/a><\/li><\/ul><\/nav><\/div>\n<h2 class=\"wp-block-heading\" id=\"h-o-que-e-desigualdade-racial\"><span class=\"ez-toc-section\" id=\"O-que-e-desigualdade-racial\"><\/span>O que &eacute; desigualdade racial?<span class=\"ez-toc-section-end\"><\/span><\/h2><p>A desigualdade racial &eacute; caracterizada pelas diferen&ccedil;as sociais entre brancos e negros, oriunda de processos relacionais da sociedade. Essa desigualdade &eacute; percept&iacute;vel nas oportunidades e condi&ccedil;&otilde;es de vidas que se distorcem em fun&ccedil;&atilde;o da etnia de uma pessoa.&nbsp;<\/p><p>Em virtude de processos hist&oacute;ricos, culturais e pol&iacute;ticos baseados na cren&ccedil;a da superioridade de algumas &ldquo;ra&ccedil;as&rdquo;, pessoas n&atilde;o brancas enfrentam dificuldades para conseguir os mesmos direitos e benef&iacute;cios que os brancos. Essas condi&ccedil;&otilde;es dificultam n&atilde;o somente o acesso &agrave; educa&ccedil;&atilde;o, seguran&ccedil;a, moradia e sa&uacute;de, mas a ades&atilde;o na pol&iacute;tica brasileira.<\/p><p>Conforme a Pesquisa Nacional por Amostra de Domic&iacute;lios (PNAD) do Instituto Brasileiro de Geografia e Estat&iacute;stica (IBGE), em 2014, a parcela da popula&ccedil;&atilde;o que se autodeclara como pretos e pardos somavam mais de 53%, enquanto os mesmos compunham menos de 25% dos pol&iacute;ticos eleitos em todo o territ&oacute;rio nacional para os cargos de governador, senador, deputado federal e deputado estadual.<\/p><p>A discrimina&ccedil;&atilde;o e desigualdade racial acontece de diversas formas, como a teoria da pigmentocracia que fala sobre o tom de pele de uma pessoa. Essa teoria aponta que quanto mais clara for a pele da pessoa negra, menos preconceito ela sofrer&aacute;, agravando o preconceito racial na sociedade.<\/p><p>\n\n\n\n<div id=\"new-form\">\n\t<form id=\"forms_layout\">\n\t<input type=\"hidden\" id=\"chave_de\" name=\"chave_de\" value=\"01_EVEST_LEADS_TOTAIS\" \/>\n\t\t<input type=\"hidden\" id=\"mid\" name=\"mid\" value=\"515008983\" \/>\n\t\t<input type=\"hidden\" id=\"Objetivo\" name=\"Objetivo\" value=\"Vestibulares\" \/>\n\t\t<input type=\"hidden\" id=\"Estado_de_Origem_do_IP\" name=\"Estado_de_Origem_do_IP\"  value=\"\" \/>\n\t\t<input type=\"hidden\" id=\"Cidade_de_Origem_do_IP\" name=\"Cidade_de_Origem_do_IP\" value=\"\" \/>\n\t\t<input type=\"hidden\" id=\"Modo_de_entrada\" name=\"Modo_de_entrada\" value=\"Portal\" \/>\n\t\t<input type=\"hidden\" id=\"Pagina_Origem\" name=\"Pagina_Origem\" value=\"\" \/>\n\n\t\t<div class=\"texto\">\n\t\t\t<h3 class=\"news\">Inscreva-se em nossa newsletter\ud83e\udd89<\/h3>\n\t\t\t<p>Receba dicas de estudo gratuitas e saiba em primeira m\u00e3o as novidades sobre o Enem, Sisu, Encceja, Fuvest e outros vestibulares!<\/p>\n\t\t<\/div>\n\t\t<div class=\"campos\">\n\t\t\t<div class=\"first_name labels\">\n\t\t\t\t<input type=\"text\" class=\"input_labels\" id=\"first_name\" name=\"Nome_Completo\" placeholder=\"Nome\" required \/>\n\t\t\t<\/div>\n\t\t\t<div class=\"email labels\">\n\t\t\t\t<input type=\"email\" class=\"input_labels\" id=\"email\" name=\"Email\" placeholder=\"E-mail\" required \/>\n\t\t\t<\/div>\n\t\t\t<button type=\"submit\" class=\"button_layout\">\n\t\t\t\t<div id=\"lblBotao\">Inscreva-se<\/div>\n\t\t\t\t<span id=\"divSpiner\" class=\"loader\" role=\"status\" style=\"display: none;\"><\/span>\t\n\t\t\t<\/button>\n\t\t<\/div><!-- \/campos -->\n\t\t\n\t\t<label class=\"container_checkbox\">Voc\u00ea concorda com a nossa\n\t\t\t<a class=\"politics_privacy_ahref\" target=\"_blank\" href=\"https:\/\/gratis.estrategiaconcursos.com.br\/politica-de-privacidade\/\">Pol\u00edtica de Privacidade<\/a> e aceita receber informa\u00e7\u00f5es adicionais do Estrat\u00e9gia Educacional.\n\t\t\t<input id=\"checkbox_layout\" type=\"checkbox\" checked=\"checked\" required \/>\n\t\t\t<span class=\"checkbox\"><\/span>\n\t\t<\/label>\n\t\t<div id=\"msg\"><\/div>\n\t\t<div id=\"error\" class=\"error\">\n\t\t<\/div>\n\t<\/form>\n<\/div><!-- \/new-form -->\n\n\n\n<\/p><h3 class=\"wp-block-heading\" id=\"h-o-que-e-pigmentocracia\">O que &eacute; pigmentocracia?<\/h3><p>Pigmentocracia, tamb&eacute;m conhecido como colorismo, &eacute; a discrimina&ccedil;&atilde;o pela cor da pele e &eacute; mais habitual em pa&iacute;ses p&oacute;s-escravocratas ou que sofreram coloniza&ccedil;&atilde;o europeia. Ao contr&aacute;rio do racismo, a pigmentocracia se conduz somente pela cor da pele de uma pessoa.<\/p><p>No Brasil, aspectos fenot&iacute;picos como cabelo crespo, nariz largo ou arredondado e outras caracter&iacute;sticas f&iacute;sicas, associadas &agrave; descend&ecirc;ncia africana, tamb&eacute;m influenciam no processo de discrimina&ccedil;&atilde;o.<\/p><p>De acordo com o jornalista e escritor Jos&eacute; Tadeu Arantes, &ldquo;Mesmo em sistemas eleitorais competitivos e relativamente inclusivos, nos quais a clivagem do eleitorado no que se refere a &lsquo;ra&ccedil;a&rsquo; n&atilde;o &eacute; t&atilde;o forte, a democracia formal pode conviver com desigualdades persistentes em termos de representa&ccedil;&atilde;o pol&iacute;tica, privilegiando candidatos &lsquo;brancos&rsquo; em detrimento de &lsquo;n&atilde;o brancos&rsquo;, e configurando aquilo que, em sociologia, recebeu o nome de &ldquo;pigmentocracia&rdquo;.<\/p><h2 class=\"wp-block-heading\" id=\"h-por-que-a-desigualdade-racial-existe\"><span class=\"ez-toc-section\" id=\"Por-que-a-desigualdade-racial-existe\"><\/span>Por que a desigualdade racial existe?<span class=\"ez-toc-section-end\"><\/span><\/h2><p>A desigualdade racial &eacute; fruto de um processo hist&oacute;rico, social e pol&iacute;tico em uma estrutura de poder que colocava uma etnia ou ra&ccedil;a acima das outras de maneira hier&aacute;rquica impactam na desigualdade encontrada atualmente.&nbsp;<\/p><p>A <a href=\"https:\/\/vestibulares.estrategia.com\/portal\/materias\/historia\/herancas-da-escravidao-na-primeira-republica\/\" target=\"_blank\">escravid&atilde;o no Brasil<\/a> teve seu in&iacute;cio na d&eacute;cada de 1530, quando os portugueses deram abertura ao processo de coloniza&ccedil;&atilde;o. Nessa &eacute;poca, os portugueses que buscavam trabalhadores bra&ccedil;ais para suas terras recorreram inicialmente aos nativos, que foram posteriormente substitu&iacute;dos pela escraviza&ccedil;&atilde;o para atender a demanda.<\/p><p>Com mais de 300 anos em vig&ecirc;ncia, a escravid&atilde;o no Brasil foi respons&aacute;vel pela escraviza&ccedil;&atilde;o de milh&otilde;es de africanos e ind&iacute;genas, que at&eacute; os dias atuais buscam seus direitos perdidos em virtude dessa institui&ccedil;&atilde;o. Mesmo ap&oacute;s 130 anos da aboli&ccedil;&atilde;o, a pobreza, a viol&ecirc;ncia e a discrimina&ccedil;&atilde;o s&atilde;o aspectos encontrados na sociedade e que afetam os pretos e pardos, demonstrando como o Pa&iacute;s normalizou o preconceito contra esse grupo.<\/p><p>N&atilde;o obstante, o genoc&iacute;dio dos povos ind&iacute;genas no Brasil acontece desde a coloniza&ccedil;&atilde;o portuguesa, quando esses povos eram usados para a implementa&ccedil;&atilde;o do cultivo da cana-de-a&ccedil;ucar na costa brasileira. Por diversas circunst&acirc;ncias, como os conflitos violentos e doen&ccedil;as trazidas pelos europeus, houve um exterm&iacute;nio das popula&ccedil;&otilde;es ind&iacute;genas.&nbsp;&nbsp;<\/p><p>A falta de pol&iacute;ticas p&uacute;blicas para incluir pretos e pardos em escolas, universidade e mercado de trabalho, a m&aacute; distribui&ccedil;&atilde;o de renda e falta de investimentos na &aacute;rea social colaboram para que a maioria da popula&ccedil;&atilde;o brasileira encontra-se como minoria em deter recursos.<\/p><h2 class=\"wp-block-heading\" id=\"h-qual-e-a-situacao-da-desigualdade-racial-nas-eleicoes-brasileiras-atualmente-e-como-isso-impacta-as-eleicoes\"><span class=\"ez-toc-section\" id=\"Qual-e-a-situacao-da-desigualdade-racial-nas-eleicoes-brasileiras-atualmente-E-como-isso-impacta-as-eleicoes\"><\/span>Qual &eacute; a situa&ccedil;&atilde;o da desigualdade racial nas elei&ccedil;&otilde;es brasileiras atualmente? E como isso impacta as elei&ccedil;&otilde;es?<span class=\"ez-toc-section-end\"><\/span><\/h2><p>Segundo o estudo &ldquo;Desigualdade Racial nas Elei&ccedil;&otilde;es Brasileiras&rdquo;, feito com dados do TSE das elei&ccedil;&otilde;es de 2014 e 2018, candidatos brancos t&ecirc;m pelo menos o dobro de chance de serem eleitos deputado federal ou estadual na compara&ccedil;&atilde;o com candidatos pretos e pardos.<\/p><p>Ou seja, mesmo os negros sendo a maior parte da popula&ccedil;&atilde;o brasileira, quem tem mais representatividade s&atilde;o os brancos. Isso comprova que os negros n&atilde;o t&ecirc;m representatividade eleitoral.<\/p><p>&ldquo;Al&eacute;m do racismo estrutural, existem outros elementos que acabam bloqueando e resultando num n&uacute;mero de eleitos negros e pardos menor do que os brancos.&rdquo; explica a professora Al&ecirc;.<\/p><p>Mais que a prefer&ecirc;ncia do eleitorado, a desigualdade racial nas elei&ccedil;&otilde;es brasileiras existe devido a uma no&ccedil;&atilde;o hist&oacute;rica do racismo estrutural e institucional. Os recursos s&atilde;o distribu&iacute;dos de forma desigual entre os grupos raciais, e em m&eacute;dia os brancos cont&ecirc;m mais meios dos partidos do que os pretos e pardos. Nesse quesito, cerca de 80% dos candidatos pretos e pardos n&atilde;o recebem sequer 20% do total de fundos dispon&iacute;veis para o partido.<\/p><p>O &Iacute;ndice de Equil&iacute;brio Racial (IBR) permite comparar o percentual de candidatos e eleitos negros com seu percentual no eleitoral. Esse &iacute;ndice &eacute; um n&uacute;mero que varia entre 1 e -1, e os resultados pr&oacute;ximos de 0 indicam relativo equil&iacute;brio e n&uacute;meros perto das extremidades indicam grande desequil&iacute;brio.&nbsp;<\/p><p>O n&uacute;mero de eleitos deve ser proporcional ao n&uacute;mero de eleitorado da mesma cor, e n&atilde;o a toda a popula&ccedil;&atilde;o. &ldquo;Pode ter diferen&ccedil;as do ponto de vista racial de regi&atilde;o para regi&atilde;o, como, por exemplo, ter uma maior popula&ccedil;&atilde;o negra na Bahia do que no Rio Grande do Sul&rdquo;, declara a professora.<\/p><p>A&nbsp; pesquisa &Iacute;ndice de Equil&iacute;brio Racial (IBR) busca compreender o Brasil na totalidade, n&atilde;o focando apenas em determinadas regi&otilde;es, uma vez que cada &aacute;rea do Pa&iacute;s possui diferentes n&uacute;meros, dados e no&ccedil;&otilde;es raciais.&nbsp;<\/p><p>Ainda nesta pesquisa, &eacute; feito um levantamento com base nas regi&otilde;es e candidaturas de deputados federais, e consequentemente os deputados federais eleitos nas elei&ccedil;&otilde;es de 2014 e 2018. <\/p><p>As elei&ccedil;&otilde;es de 2022 apresentaram um avan&ccedil;o no combate da desigualdade racial na pol&iacute;tica brasileira, ao passo que as candidaturas de pretos bateram recorde. Conforme dados do TSE, candidatos negros representaram 49,6% do total, mas ainda assim a maioria da popula&ccedil;&atilde;o n&atilde;o reflete nas assembleias legislativas e cargos executivos no Pa&iacute;s.&nbsp;<\/p><p>Enquanto isso, o n&uacute;mero de mulheres negras que ocupam os assentos nas c&acirc;maras de vereadores chega a apenas 6%, segundo o Relat&oacute;rio Desigualdades de Ra&ccedil;a e G&ecirc;nero na Pol&iacute;tica, produzido pela Oxfam e pelo Instituto Alziras, sobre as elei&ccedil;&otilde;es municipais de 2016 e 2020.<\/p><h2 class=\"wp-block-heading\" id=\"h-como-amenizar-a-desigualdade-racial-nas-eleicoes\"><span class=\"ez-toc-section\" id=\"Como-amenizar-a-desigualdade-racial-nas-eleicoes\"><\/span>Como amenizar a desigualdade racial nas elei&ccedil;&otilde;es?<span class=\"ez-toc-section-end\"><\/span><\/h2><p>Em suma, a professora Al&ecirc; explica meios e a&ccedil;&otilde;es que a popula&ccedil;&atilde;o e o poder p&uacute;blico podem buscar para melhorar a situa&ccedil;&atilde;o da desigualdade racial no Pa&iacute;s. &ldquo;Um exemplo &eacute; a decis&atilde;o do TSE, em 2020, para a reparti&ccedil;&atilde;o de recursos, que determinou a divis&atilde;o dos fundos partid&aacute;rios e eleitoral, al&eacute;m do tempo de propaganda na televis&atilde;o, que passaram a ser proporcional ao n&uacute;mero de postulantes negros&rdquo;, explica.&nbsp;<\/p><p>A deputada federal Benedita da Silva (PT-RJ) e movimentos sociais como a Educa&ccedil;&atilde;o e Cidadania de Negros (as) e Pessoas da Cmada Popular (Educafro) apresentaram uma consulta ao TSE demandando reparte mais igualit&aacute;rio de recursos pol&iacute;ticos de campanha entre candidatos negros e brancos.&nbsp;<\/p><p>Essa consulta foi aprovada pela maioria dos ministros, e a decis&atilde;o ser&aacute; implantada a partir de 2022, com a divis&atilde;o dos fundos partid&aacute;rio e eleitoral, e tempo de propaganda na televis&atilde;o proporcional ao n&uacute;mero de postulantes negros.<\/p><p>Em 2021, foi feita uma emenda &agrave; Constitui&ccedil;&atilde;o, em que incentiva candidaturas de mulheres e negros. Consoante o documento, para fins de distribui&ccedil;&atilde;o entre os partidos pol&iacute;ticos dos recursos do fundo partid&aacute;rio e do Fundo Especial de Financiamento de Campanha (FEFC), os votos dados a candidatas mulheres ou candidatos negros para a C&acirc;mara dos Deputados nas elei&ccedil;&otilde;es realizadas de 2022 a 2030 ser&atilde;o contados em dobro.<\/p><p>Como resultado de algumas a&ccedil;&otilde;es, como as citadas acima, entre 2014 e 2018, houve um aumento consider&aacute;vel das candidaturas de negros e pardos para deputadores federais e estaduais em v&aacute;rios estados, e alguns deles est&atilde;o relativamente pr&oacute;ximos de atingir um equil&iacute;brio racial no n&uacute;mero de candidaturas.<\/p><p>Apesar do avan&ccedil;o nas candidaturas, candidatos negros ainda n&atilde;o est&atilde;o obtendo &ecirc;xito para se elegerem, ao passo que na maioria dos estados brasileiros o desequil&iacute;brio racial entre os deputados federais e estaduais eleitos ainda existe e &eacute; elevado.&nbsp;&nbsp;<\/p><p>Nas candidaturas, o desequil&iacute;brio racial dos partidos de esquerda &eacute; menor que o visto no campo da direita. Entretanto, em 2018, o desequil&iacute;brio racial dos eleitores da esquerda e da direita foi id&ecirc;ntico. J&aacute; a taxa de sucesso da direita em eleger candidatos negros e pardos &eacute; superior a da esquerda.&nbsp;<\/p><p>Veja tamb&eacute;m: <a href=\"https:\/\/vestibulares.estrategia.com\/portal\/atualidades-e-dicas\/o-que-sao-os-termos-esquerda-e-direita\/\">O que s&atilde;o os termos esquerda e direita?<\/a><\/p><h2 class=\"wp-block-heading\" id=\"h-estude-com-o-estrategia-vestibulares\"><span class=\"ez-toc-section\" id=\"Estude-com-o-Estrategia-Vestibulares\"><\/span>Estude com o Estrat&eacute;gia Vestibulares<span class=\"ez-toc-section-end\"><\/span><\/h2><p>Agora que voc&ecirc; j&aacute; sabe mais sobre a desigualdade racial nas elei&ccedil;&otilde;es brasileiras, que tal conferir mais novidades do Estrat&eacute;gia Vestibulares? Conosco voc&ecirc; tem acesso a cursos, simulados preparat&oacute;rios e reda&ccedil;&otilde;es corrigidas que te ajudam nos estudos!<\/p><p>\n\n\n\n\n\n<a id=\"cta\" class=\"cta-imagem\" href=\"https:\/\/vestibulares.estrategia.com\/cursos\/\" target=\"blank\">\n                <img decoding=\"async\" width=\"100%\" src=\"https:\/\/vestibulares.estrategia.com\/portal\/wp-content\/uploads\/2021\/12\/EV4.jpg\" alt=\"CTA - Estrat\u00e9gia Vestibulares 4\" title=\"CTA - Estrat\u00e9gia Vestibulares 4\">\n        <\/a>\n<\/p><\/p>\n","protected":false},"excerpt":{"rendered":"O Portal Estrat\u00e9gia Vestibulares preparou este artigo para voc\u00ea entender mais sobre eli\u00e7\u00f5es, pol\u00edtica e desigualdade racial\n","protected":false},"author":29,"featured_media":79417,"comment_status":"closed","ping_status":"closed","sticky":false,"template":"","format":"standard","meta":{"wl_entities_gutenberg":"","footnotes":""},"categories":[46],"tags":[],"wl_entity_type":[732],"class_list":{"0":"post-79416","1":"post","2":"type-post","3":"status-publish","4":"format-standard","5":"has-post-thumbnail","7":"category-atualidades-e-dicas","8":"wl_entity_type-article"},"acf":[],"yoast_head":"<!-- This site is optimized with the Yoast SEO Premium plugin v25.9 (Yoast SEO v25.9) - https:\/\/yoast.com\/wordpress\/plugins\/seo\/ -->\n<title>Como a desigualdade racial impacta as elei\u00e7\u00f5es brasileiras?<\/title>\n<meta name=\"description\" content=\"O Portal Estrat\u00e9gia Vestibulares preparou este artigo para voc\u00ea entender mais sobre eli\u00e7\u00f5es, pol\u00edtica e desigualdade racial\" \/>\n<meta name=\"robots\" content=\"index, follow, max-snippet:-1, max-image-preview:large, max-video-preview:-1\" \/>\n<link rel=\"canonical\" href=\"https:\/\/vestibulares.estrategia.com\/portal\/atualidades-e-dicas\/como-a-desigualdade-racial-impacta-as-eleicoes-brasileiras\/\" \/>\n<meta property=\"og:locale\" content=\"pt_BR\" \/>\n<meta property=\"og:type\" content=\"article\" \/>\n<meta property=\"og:title\" content=\"Como a desigualdade racial impacta as elei\u00e7\u00f5es brasileiras?\" \/>\n<meta property=\"og:description\" content=\"O Portal Estrat\u00e9gia Vestibulares preparou este artigo para voc\u00ea entender mais sobre eli\u00e7\u00f5es, pol\u00edtica e desigualdade racial\" \/>\n<meta property=\"og:url\" content=\"https:\/\/vestibulares.estrategia.com\/portal\/atualidades-e-dicas\/como-a-desigualdade-racial-impacta-as-eleicoes-brasileiras\/\" \/>\n<meta property=\"og:site_name\" content=\"Estrat\u00e9gia Vestibulares\" \/>\n<meta property=\"article:publisher\" content=\"https:\/\/facebook.com\/estrategiavestibulares\" \/>\n<meta property=\"article:published_time\" content=\"2022-10-25T11:28:38+00:00\" \/>\n<meta property=\"article:modified_time\" content=\"2024-11-03T18:19:23+00:00\" \/>\n<meta property=\"og:image\" content=\"https:\/\/vestibulares.estrategia.com\/portal\/wp-content\/uploads\/2022\/10\/pexels-brett-sayles-4991807.jpg\" \/>\n\t<meta property=\"og:image:width\" content=\"1280\" \/>\n\t<meta property=\"og:image:height\" content=\"720\" \/>\n\t<meta property=\"og:image:type\" content=\"image\/jpeg\" \/>\n<meta name=\"author\" content=\"J\u00falia Wasko\" \/>\n<meta name=\"twitter:card\" content=\"summary_large_image\" \/>\n<meta name=\"twitter:creator\" content=\"@Estrategiavest\" \/>\n<meta name=\"twitter:site\" content=\"@Estrategiavest\" \/>\n<meta name=\"twitter:label1\" content=\"Escrito por\" \/>\n\t<meta name=\"twitter:data1\" content=\"J\u00falia Wasko\" \/>\n\t<meta name=\"twitter:label2\" content=\"Est. tempo de leitura\" \/>\n\t<meta name=\"twitter:data2\" content=\"9 minutos\" \/>\n<script type=\"application\/ld+json\" class=\"yoast-schema-graph\">{\"@context\":\"https:\/\/schema.org\",\"@graph\":[{\"@type\":\"Article\",\"@id\":\"https:\/\/vestibulares.estrategia.com\/portal\/atualidades-e-dicas\/como-a-desigualdade-racial-impacta-as-eleicoes-brasileiras\/#article\",\"isPartOf\":{\"@id\":\"https:\/\/vestibulares.estrategia.com\/portal\/atualidades-e-dicas\/como-a-desigualdade-racial-impacta-as-eleicoes-brasileiras\/\"},\"author\":{\"name\":\"J\u00falia Wasko\",\"@id\":\"https:\/\/vestibulares.estrategia.com\/portal\/#\/schema\/person\/83d5c517a965e3fd3fc7016a981cb8fe\"},\"headline\":\"Como a desigualdade racial impacta as elei\u00e7\u00f5es brasileiras?\",\"datePublished\":\"2022-10-25T11:28:38+00:00\",\"dateModified\":\"2024-11-03T18:19:23+00:00\",\"mainEntityOfPage\":{\"@id\":\"https:\/\/vestibulares.estrategia.com\/portal\/atualidades-e-dicas\/como-a-desigualdade-racial-impacta-as-eleicoes-brasileiras\/\"},\"wordCount\":1847,\"publisher\":{\"@id\":\"https:\/\/vestibulares.estrategia.com\/portal\/#organization\"},\"image\":{\"@id\":\"https:\/\/vestibulares.estrategia.com\/portal\/atualidades-e-dicas\/como-a-desigualdade-racial-impacta-as-eleicoes-brasileiras\/#primaryimage\"},\"thumbnailUrl\":\"https:\/\/vestibulares.estrategia.com\/portal\/wp-content\/uploads\/2022\/10\/pexels-brett-sayles-4991807.jpg\",\"articleSection\":[\"Atualidades e Dicas\"],\"inLanguage\":\"pt-BR\"},{\"@type\":\"WebPage\",\"@id\":\"https:\/\/vestibulares.estrategia.com\/portal\/atualidades-e-dicas\/como-a-desigualdade-racial-impacta-as-eleicoes-brasileiras\/\",\"url\":\"https:\/\/vestibulares.estrategia.com\/portal\/atualidades-e-dicas\/como-a-desigualdade-racial-impacta-as-eleicoes-brasileiras\/\",\"name\":\"Como a desigualdade racial impacta as elei\u00e7\u00f5es brasileiras?\",\"isPartOf\":{\"@id\":\"https:\/\/vestibulares.estrategia.com\/portal\/#website\"},\"primaryImageOfPage\":{\"@id\":\"https:\/\/vestibulares.estrategia.com\/portal\/atualidades-e-dicas\/como-a-desigualdade-racial-impacta-as-eleicoes-brasileiras\/#primaryimage\"},\"image\":{\"@id\":\"https:\/\/vestibulares.estrategia.com\/portal\/atualidades-e-dicas\/como-a-desigualdade-racial-impacta-as-eleicoes-brasileiras\/#primaryimage\"},\"thumbnailUrl\":\"https:\/\/vestibulares.estrategia.com\/portal\/wp-content\/uploads\/2022\/10\/pexels-brett-sayles-4991807.jpg\",\"datePublished\":\"2022-10-25T11:28:38+00:00\",\"dateModified\":\"2024-11-03T18:19:23+00:00\",\"description\":\"O Portal Estrat\u00e9gia Vestibulares preparou este artigo para voc\u00ea entender mais sobre eli\u00e7\u00f5es, pol\u00edtica e desigualdade racial\",\"breadcrumb\":{\"@id\":\"https:\/\/vestibulares.estrategia.com\/portal\/atualidades-e-dicas\/como-a-desigualdade-racial-impacta-as-eleicoes-brasileiras\/#breadcrumb\"},\"inLanguage\":\"pt-BR\",\"potentialAction\":[{\"@type\":\"ReadAction\",\"target\":[\"https:\/\/vestibulares.estrategia.com\/portal\/atualidades-e-dicas\/como-a-desigualdade-racial-impacta-as-eleicoes-brasileiras\/\"]}]},{\"@type\":\"ImageObject\",\"inLanguage\":\"pt-BR\",\"@id\":\"https:\/\/vestibulares.estrategia.com\/portal\/atualidades-e-dicas\/como-a-desigualdade-racial-impacta-as-eleicoes-brasileiras\/#primaryimage\",\"url\":\"https:\/\/vestibulares.estrategia.com\/portal\/wp-content\/uploads\/2022\/10\/pexels-brett-sayles-4991807.jpg\",\"contentUrl\":\"https:\/\/vestibulares.estrategia.com\/portal\/wp-content\/uploads\/2022\/10\/pexels-brett-sayles-4991807.jpg\",\"width\":1280,\"height\":720,\"caption\":\"Como a desigualdade racial impacta as elei\u00e7\u00f5es brasileiras?\"},{\"@type\":\"BreadcrumbList\",\"@id\":\"https:\/\/vestibulares.estrategia.com\/portal\/atualidades-e-dicas\/como-a-desigualdade-racial-impacta-as-eleicoes-brasileiras\/#breadcrumb\",\"itemListElement\":[{\"@type\":\"ListItem\",\"position\":1,\"name\":\"Home\",\"item\":\"https:\/\/vestibulares.estrategia.com\/portal\/\"},{\"@type\":\"ListItem\",\"position\":2,\"name\":\"Atualidades e Dicas\",\"item\":\"https:\/\/vestibulares.estrategia.com\/portal\/atualidades-e-dicas\/\"},{\"@type\":\"ListItem\",\"position\":3,\"name\":\"Como a desigualdade racial impacta as elei\u00e7\u00f5es brasileiras?\"}]},{\"@type\":\"WebSite\",\"@id\":\"https:\/\/vestibulares.estrategia.com\/portal\/#website\",\"url\":\"https:\/\/vestibulares.estrategia.com\/portal\/\",\"name\":\"Estrat\u00e9gia Vestibulares\",\"description\":\"\",\"publisher\":{\"@id\":\"https:\/\/vestibulares.estrategia.com\/portal\/#organization\"},\"potentialAction\":[{\"@type\":\"SearchAction\",\"target\":{\"@type\":\"EntryPoint\",\"urlTemplate\":\"https:\/\/vestibulares.estrategia.com\/portal\/?s={search_term_string}\"},\"query-input\":{\"@type\":\"PropertyValueSpecification\",\"valueRequired\":true,\"valueName\":\"search_term_string\"}}],\"inLanguage\":\"pt-BR\"},{\"@type\":\"Organization\",\"@id\":\"https:\/\/vestibulares.estrategia.com\/portal\/#organization\",\"name\":\"Estrat\u00e9gia Vestibulares\",\"url\":\"https:\/\/vestibulares.estrategia.com\/portal\/\",\"logo\":{\"@type\":\"ImageObject\",\"inLanguage\":\"pt-BR\",\"@id\":\"https:\/\/vestibulares.estrategia.com\/portal\/#\/schema\/logo\/image\/\",\"url\":\"https:\/\/vestibulares.estrategia.com\/portal\/wp-content\/uploads\/2021\/06\/Logo-Vestibulares@4x.png\",\"contentUrl\":\"https:\/\/vestibulares.estrategia.com\/portal\/wp-content\/uploads\/2021\/06\/Logo-Vestibulares@4x.png\",\"width\":250,\"height\":66,\"caption\":\"Estrat\u00e9gia Vestibulares\"},\"image\":{\"@id\":\"https:\/\/vestibulares.estrategia.com\/portal\/#\/schema\/logo\/image\/\"},\"sameAs\":[\"https:\/\/facebook.com\/estrategiavestibulares\",\"https:\/\/x.com\/Estrategiavest\",\"https:\/\/www.instagram.com\/estrategiavestibulares\",\"https:\/\/www.youtube.com\/channel\/UCGWdZy8ULI-7_5GrABa4vNA\"]},{\"@type\":\"Person\",\"@id\":\"https:\/\/vestibulares.estrategia.com\/portal\/#\/schema\/person\/83d5c517a965e3fd3fc7016a981cb8fe\",\"name\":\"J\u00falia Wasko\",\"image\":{\"@type\":\"ImageObject\",\"inLanguage\":\"pt-BR\",\"@id\":\"https:\/\/vestibulares.estrategia.com\/portal\/#\/schema\/person\/image\/\",\"url\":\"https:\/\/secure.gravatar.com\/avatar\/dab6fb308a491eea989a46ec58d3714d?s=96&d=mm&r=g\",\"contentUrl\":\"https:\/\/secure.gravatar.com\/avatar\/dab6fb308a491eea989a46ec58d3714d?s=96&d=mm&r=g\",\"caption\":\"J\u00falia Wasko\"},\"description\":\"Curso Jornalismo e sou apaixonada por entretenimento, comunica\u00e7\u00e3o e not\u00edcia! Adoro ler e curtir momentos com fam\u00edlia e amigos!\",\"url\":\"https:\/\/vestibulares.estrategia.com\/portal\/author\/julia-martins\/\"}]}<\/script>\n<!-- \/ Yoast SEO Premium plugin. -->","yoast_head_json":{"title":"Como a desigualdade racial impacta as elei\u00e7\u00f5es brasileiras?","description":"O Portal Estrat\u00e9gia Vestibulares preparou este artigo para voc\u00ea entender mais sobre eli\u00e7\u00f5es, pol\u00edtica e desigualdade racial","robots":{"index":"index","follow":"follow","max-snippet":"max-snippet:-1","max-image-preview":"max-image-preview:large","max-video-preview":"max-video-preview:-1"},"canonical":"https:\/\/vestibulares.estrategia.com\/portal\/atualidades-e-dicas\/como-a-desigualdade-racial-impacta-as-eleicoes-brasileiras\/","og_locale":"pt_BR","og_type":"article","og_title":"Como a desigualdade racial impacta as elei\u00e7\u00f5es brasileiras?","og_description":"O Portal Estrat\u00e9gia Vestibulares preparou este artigo para voc\u00ea entender mais sobre eli\u00e7\u00f5es, pol\u00edtica e desigualdade racial","og_url":"https:\/\/vestibulares.estrategia.com\/portal\/atualidades-e-dicas\/como-a-desigualdade-racial-impacta-as-eleicoes-brasileiras\/","og_site_name":"Estrat\u00e9gia Vestibulares","article_publisher":"https:\/\/facebook.com\/estrategiavestibulares","article_published_time":"2022-10-25T11:28:38+00:00","article_modified_time":"2024-11-03T18:19:23+00:00","og_image":[{"width":1280,"height":720,"url":"https:\/\/vestibulares.estrategia.com\/portal\/wp-content\/uploads\/2022\/10\/pexels-brett-sayles-4991807.jpg","type":"image\/jpeg"}],"author":"J\u00falia Wasko","twitter_card":"summary_large_image","twitter_creator":"@Estrategiavest","twitter_site":"@Estrategiavest","twitter_misc":{"Escrito por":"J\u00falia Wasko","Est. tempo de leitura":"9 minutos"},"schema":{"@context":"https:\/\/schema.org","@graph":[{"@type":"Article","@id":"https:\/\/vestibulares.estrategia.com\/portal\/atualidades-e-dicas\/como-a-desigualdade-racial-impacta-as-eleicoes-brasileiras\/#article","isPartOf":{"@id":"https:\/\/vestibulares.estrategia.com\/portal\/atualidades-e-dicas\/como-a-desigualdade-racial-impacta-as-eleicoes-brasileiras\/"},"author":{"name":"J\u00falia Wasko","@id":"https:\/\/vestibulares.estrategia.com\/portal\/#\/schema\/person\/83d5c517a965e3fd3fc7016a981cb8fe"},"headline":"Como a desigualdade racial impacta as elei\u00e7\u00f5es brasileiras?","datePublished":"2022-10-25T11:28:38+00:00","dateModified":"2024-11-03T18:19:23+00:00","mainEntityOfPage":{"@id":"https:\/\/vestibulares.estrategia.com\/portal\/atualidades-e-dicas\/como-a-desigualdade-racial-impacta-as-eleicoes-brasileiras\/"},"wordCount":1847,"publisher":{"@id":"https:\/\/vestibulares.estrategia.com\/portal\/#organization"},"image":{"@id":"https:\/\/vestibulares.estrategia.com\/portal\/atualidades-e-dicas\/como-a-desigualdade-racial-impacta-as-eleicoes-brasileiras\/#primaryimage"},"thumbnailUrl":"https:\/\/vestibulares.estrategia.com\/portal\/wp-content\/uploads\/2022\/10\/pexels-brett-sayles-4991807.jpg","articleSection":["Atualidades e Dicas"],"inLanguage":"pt-BR"},{"@type":"WebPage","@id":"https:\/\/vestibulares.estrategia.com\/portal\/atualidades-e-dicas\/como-a-desigualdade-racial-impacta-as-eleicoes-brasileiras\/","url":"https:\/\/vestibulares.estrategia.com\/portal\/atualidades-e-dicas\/como-a-desigualdade-racial-impacta-as-eleicoes-brasileiras\/","name":"Como a desigualdade racial impacta as elei\u00e7\u00f5es brasileiras?","isPartOf":{"@id":"https:\/\/vestibulares.estrategia.com\/portal\/#website"},"primaryImageOfPage":{"@id":"https:\/\/vestibulares.estrategia.com\/portal\/atualidades-e-dicas\/como-a-desigualdade-racial-impacta-as-eleicoes-brasileiras\/#primaryimage"},"image":{"@id":"https:\/\/vestibulares.estrategia.com\/portal\/atualidades-e-dicas\/como-a-desigualdade-racial-impacta-as-eleicoes-brasileiras\/#primaryimage"},"thumbnailUrl":"https:\/\/vestibulares.estrategia.com\/portal\/wp-content\/uploads\/2022\/10\/pexels-brett-sayles-4991807.jpg","datePublished":"2022-10-25T11:28:38+00:00","dateModified":"2024-11-03T18:19:23+00:00","description":"O Portal Estrat\u00e9gia Vestibulares preparou este artigo para voc\u00ea entender mais sobre eli\u00e7\u00f5es, pol\u00edtica e desigualdade racial","breadcrumb":{"@id":"https:\/\/vestibulares.estrategia.com\/portal\/atualidades-e-dicas\/como-a-desigualdade-racial-impacta-as-eleicoes-brasileiras\/#breadcrumb"},"inLanguage":"pt-BR","potentialAction":[{"@type":"ReadAction","target":["https:\/\/vestibulares.estrategia.com\/portal\/atualidades-e-dicas\/como-a-desigualdade-racial-impacta-as-eleicoes-brasileiras\/"]}]},{"@type":"ImageObject","inLanguage":"pt-BR","@id":"https:\/\/vestibulares.estrategia.com\/portal\/atualidades-e-dicas\/como-a-desigualdade-racial-impacta-as-eleicoes-brasileiras\/#primaryimage","url":"https:\/\/vestibulares.estrategia.com\/portal\/wp-content\/uploads\/2022\/10\/pexels-brett-sayles-4991807.jpg","contentUrl":"https:\/\/vestibulares.estrategia.com\/portal\/wp-content\/uploads\/2022\/10\/pexels-brett-sayles-4991807.jpg","width":1280,"height":720,"caption":"Como a desigualdade racial impacta as elei\u00e7\u00f5es brasileiras?"},{"@type":"BreadcrumbList","@id":"https:\/\/vestibulares.estrategia.com\/portal\/atualidades-e-dicas\/como-a-desigualdade-racial-impacta-as-eleicoes-brasileiras\/#breadcrumb","itemListElement":[{"@type":"ListItem","position":1,"name":"Home","item":"https:\/\/vestibulares.estrategia.com\/portal\/"},{"@type":"ListItem","position":2,"name":"Atualidades e Dicas","item":"https:\/\/vestibulares.estrategia.com\/portal\/atualidades-e-dicas\/"},{"@type":"ListItem","position":3,"name":"Como a desigualdade racial impacta as elei\u00e7\u00f5es brasileiras?"}]},{"@type":"WebSite","@id":"https:\/\/vestibulares.estrategia.com\/portal\/#website","url":"https:\/\/vestibulares.estrategia.com\/portal\/","name":"Estrat\u00e9gia Vestibulares","description":"","publisher":{"@id":"https:\/\/vestibulares.estrategia.com\/portal\/#organization"},"potentialAction":[{"@type":"SearchAction","target":{"@type":"EntryPoint","urlTemplate":"https:\/\/vestibulares.estrategia.com\/portal\/?s={search_term_string}"},"query-input":{"@type":"PropertyValueSpecification","valueRequired":true,"valueName":"search_term_string"}}],"inLanguage":"pt-BR"},{"@type":"Organization","@id":"https:\/\/vestibulares.estrategia.com\/portal\/#organization","name":"Estrat\u00e9gia Vestibulares","url":"https:\/\/vestibulares.estrategia.com\/portal\/","logo":{"@type":"ImageObject","inLanguage":"pt-BR","@id":"https:\/\/vestibulares.estrategia.com\/portal\/#\/schema\/logo\/image\/","url":"https:\/\/vestibulares.estrategia.com\/portal\/wp-content\/uploads\/2021\/06\/Logo-Vestibulares@4x.png","contentUrl":"https:\/\/vestibulares.estrategia.com\/portal\/wp-content\/uploads\/2021\/06\/Logo-Vestibulares@4x.png","width":250,"height":66,"caption":"Estrat\u00e9gia Vestibulares"},"image":{"@id":"https:\/\/vestibulares.estrategia.com\/portal\/#\/schema\/logo\/image\/"},"sameAs":["https:\/\/facebook.com\/estrategiavestibulares","https:\/\/x.com\/Estrategiavest","https:\/\/www.instagram.com\/estrategiavestibulares","https:\/\/www.youtube.com\/channel\/UCGWdZy8ULI-7_5GrABa4vNA"]},{"@type":"Person","@id":"https:\/\/vestibulares.estrategia.com\/portal\/#\/schema\/person\/83d5c517a965e3fd3fc7016a981cb8fe","name":"J\u00falia Wasko","image":{"@type":"ImageObject","inLanguage":"pt-BR","@id":"https:\/\/vestibulares.estrategia.com\/portal\/#\/schema\/person\/image\/","url":"https:\/\/secure.gravatar.com\/avatar\/dab6fb308a491eea989a46ec58d3714d?s=96&d=mm&r=g","contentUrl":"https:\/\/secure.gravatar.com\/avatar\/dab6fb308a491eea989a46ec58d3714d?s=96&d=mm&r=g","caption":"J\u00falia Wasko"},"description":"Curso Jornalismo e sou apaixonada por entretenimento, comunica\u00e7\u00e3o e not\u00edcia! Adoro ler e curtir momentos com fam\u00edlia e amigos!","url":"https:\/\/vestibulares.estrategia.com\/portal\/author\/julia-martins\/"}]}},"_wl_alt_label":[],"wl:entity_url":"https:\/\/data.wordlift.io\/wl110249\/post\/como-a-desigualdade-racial-impacta-as-eleicoes-brasileiras","_links":{"self":[{"href":"https:\/\/vestibulares.estrategia.com\/portal\/wp-json\/wp\/v2\/posts\/79416","targetHints":{"allow":["GET"]}}],"collection":[{"href":"https:\/\/vestibulares.estrategia.com\/portal\/wp-json\/wp\/v2\/posts"}],"about":[{"href":"https:\/\/vestibulares.estrategia.com\/portal\/wp-json\/wp\/v2\/types\/post"}],"author":[{"embeddable":true,"href":"https:\/\/vestibulares.estrategia.com\/portal\/wp-json\/wp\/v2\/users\/29"}],"replies":[{"embeddable":true,"href":"https:\/\/vestibulares.estrategia.com\/portal\/wp-json\/wp\/v2\/comments?post=79416"}],"version-history":[{"count":6,"href":"https:\/\/vestibulares.estrategia.com\/portal\/wp-json\/wp\/v2\/posts\/79416\/revisions"}],"predecessor-version":[{"id":128740,"href":"https:\/\/vestibulares.estrategia.com\/portal\/wp-json\/wp\/v2\/posts\/79416\/revisions\/128740"}],"wp:featuredmedia":[{"embeddable":true,"href":"https:\/\/vestibulares.estrategia.com\/portal\/wp-json\/wp\/v2\/media\/79417"}],"wp:attachment":[{"href":"https:\/\/vestibulares.estrategia.com\/portal\/wp-json\/wp\/v2\/media?parent=79416"}],"wp:term":[{"taxonomy":"category","embeddable":true,"href":"https:\/\/vestibulares.estrategia.com\/portal\/wp-json\/wp\/v2\/categories?post=79416"},{"taxonomy":"post_tag","embeddable":true,"href":"https:\/\/vestibulares.estrategia.com\/portal\/wp-json\/wp\/v2\/tags?post=79416"},{"taxonomy":"wl_entity_type","embeddable":true,"href":"https:\/\/vestibulares.estrategia.com\/portal\/wp-json\/wp\/v2\/wl_entity_type?post=79416"}],"curies":[{"name":"wp","href":"https:\/\/api.w.org\/{rel}","templated":true}]}}