{"id":79947,"date":"2022-11-01T11:36:14","date_gmt":"2022-11-01T14:36:14","guid":{"rendered":"https:\/\/vestibulares.estrategia.com\/portal\/?p=79947"},"modified":"2022-11-01T11:36:19","modified_gmt":"2022-11-01T14:36:19","slug":"unicamp-divulga-edital-das-vagas-olimpicas-2023","status":"publish","type":"post","link":"https:\/\/vestibulares.estrategia.com\/portal\/noticias\/unicamp-divulga-edital-das-vagas-olimpicas-2023\/","title":{"rendered":"Unicamp divulga edital das vagas ol\u00edmpicas 2023"},"content":{"rendered":"<p>A Universidade Estadual de Campinas (<a href=\"https:\/\/vestibulares.estrategia.com\/portal\/vestibulares\/vestibular-unicamp\/\" target=\"_blank\">Unicamp<\/a>) divulgou o edital para as vagas ol&iacute;mpicas. Nesta edi&ccedil;&atilde;o, s&atilde;o ofertadas 122 vagas, em 33 op&ccedil;&otilde;es de cursos e os candidatos podem se inscrever a partir do dia 21 de novembro.<div class=\"wp-block-buttons is-content-justification-center is-layout-flex wp-block-buttons-is-layout-flex\">\n<div class=\"wp-block-button\"><a class=\"wp-block-button__link\" rel=\"nofollow\" href=\"https:\/\/vestibulares.estrategia.com\/portal\/wp-content\/uploads\/2022\/11\/1_Deliberacao-A-15-22-Edital-Olimpiadas_2326509.pdf\" target=\"_blank\">VEJA O EDITAL VAGAS OL&Iacute;MPICAS UNICAMP 2023<\/a><\/div>\n<\/div><p>\n\n\n\n<div id=\"new-form\">\n\t<form id=\"forms_layout\">\n\t<input type=\"hidden\" id=\"chave_de\" name=\"chave_de\" value=\"01_EVEST_LEADS_TOTAIS\" \/>\n\t\t<input type=\"hidden\" id=\"mid\" name=\"mid\" value=\"515008983\" \/>\n\t\t<input type=\"hidden\" id=\"Objetivo\" name=\"Objetivo\" value=\"Vestibulares\" \/>\n\t\t<input type=\"hidden\" id=\"Estado_de_Origem_do_IP\" name=\"Estado_de_Origem_do_IP\"  value=\"\" \/>\n\t\t<input type=\"hidden\" id=\"Cidade_de_Origem_do_IP\" name=\"Cidade_de_Origem_do_IP\" value=\"\" \/>\n\t\t<input type=\"hidden\" id=\"Modo_de_entrada\" name=\"Modo_de_entrada\" value=\"Portal\" \/>\n\t\t<input type=\"hidden\" id=\"Pagina_Origem\" name=\"Pagina_Origem\" value=\"\" \/>\n\n\t\t<div class=\"texto\">\n\t\t\t<h3 class=\"news\">Inscreva-se em nossa newsletter\ud83e\udd89<\/h3>\n\t\t\t<p>Receba dicas de estudo gratuitas e saiba em primeira m\u00e3o as novidades sobre o Enem, Sisu, Encceja, Fuvest e outros vestibulares!<\/p>\n\t\t<\/div>\n\t\t<div class=\"campos\">\n\t\t\t<div class=\"first_name labels\">\n\t\t\t\t<input type=\"text\" class=\"input_labels\" id=\"first_name\" name=\"Nome_Completo\" placeholder=\"Nome\" required \/>\n\t\t\t<\/div>\n\t\t\t<div class=\"email labels\">\n\t\t\t\t<input type=\"email\" class=\"input_labels\" id=\"email\" name=\"Email\" placeholder=\"E-mail\" required \/>\n\t\t\t<\/div>\n\t\t\t<button type=\"submit\" class=\"button_layout\">\n\t\t\t\t<div id=\"lblBotao\">Inscreva-se<\/div>\n\t\t\t\t<span id=\"divSpiner\" class=\"loader\" role=\"status\" style=\"display: none;\"><\/span>\t\n\t\t\t<\/button>\n\t\t<\/div><!-- \/campos -->\n\t\t\n\t\t<label class=\"container_checkbox\">Voc\u00ea concorda com a nossa\n\t\t\t<a class=\"politics_privacy_ahref\" target=\"_blank\" href=\"https:\/\/gratis.estrategiaconcursos.com.br\/politica-de-privacidade\/\">Pol\u00edtica de Privacidade<\/a> e aceita receber informa\u00e7\u00f5es adicionais do Estrat\u00e9gia Educacional.\n\t\t\t<input id=\"checkbox_layout\" type=\"checkbox\" checked=\"checked\" required \/>\n\t\t\t<span class=\"checkbox\"><\/span>\n\t\t<\/label>\n\t\t<div id=\"msg\"><\/div>\n\t\t<div id=\"error\" class=\"error\">\n\t\t<\/div>\n\t<\/form>\n<\/div><!-- \/new-form -->\n\n\n\n<\/p><div id=\"ez-toc-container\" class=\"ez-toc-v2_0_76 counter-hierarchy ez-toc-counter ez-toc-transparent ez-toc-container-direction\">\n<div class=\"ez-toc-title-container\"><p class=\"ez-toc-title\" style=\"cursor:inherit\">Navegue pelo conte\u00fado<\/p>\n<\/div><nav><ul class='ez-toc-list ez-toc-list-level-1 ' ><li class='ez-toc-page-1 ez-toc-heading-level-2'><a class=\"ez-toc-link ez-toc-heading-1\" href=\"https:\/\/vestibulares.estrategia.com\/portal\/noticias\/unicamp-divulga-edital-das-vagas-olimpicas-2023\/#Inscricoes\" >Inscri&ccedil;&otilde;es<\/a><\/li><li class='ez-toc-page-1 ez-toc-heading-level-2'><a class=\"ez-toc-link ez-toc-heading-2\" href=\"https:\/\/vestibulares.estrategia.com\/portal\/noticias\/unicamp-divulga-edital-das-vagas-olimpicas-2023\/#Provas\" >Provas<\/a><\/li><li class='ez-toc-page-1 ez-toc-heading-level-2'><a class=\"ez-toc-link ez-toc-heading-3\" href=\"https:\/\/vestibulares.estrategia.com\/portal\/noticias\/unicamp-divulga-edital-das-vagas-olimpicas-2023\/#Calendario-Unicamp-2023\" >Calend&aacute;rio Unicamp 2023<\/a><\/li><li class='ez-toc-page-1 ez-toc-heading-level-2'><a class=\"ez-toc-link ez-toc-heading-4\" href=\"https:\/\/vestibulares.estrategia.com\/portal\/noticias\/unicamp-divulga-edital-das-vagas-olimpicas-2023\/#Saiba-mais-sobre-o-vestibular-Unicamp\" >Saiba mais sobre o vestibular Unicamp<\/a><\/li><\/ul><\/nav><\/div>\n<h2 class=\"wp-block-heading\" id=\"h-inscricoes\"><span class=\"ez-toc-section\" id=\"Inscricoes\"><\/span>Inscri&ccedil;&otilde;es<span class=\"ez-toc-section-end\"><\/span><\/h2><p>O per&iacute;odo de inscri&ccedil;&otilde;es para as vagas ol&iacute;mpicas 2023 da Unicamp acontece entre os dias 21 de novembro e 16 de janeiro, pelo site da Comvest.<\/p><h2 class=\"wp-block-heading\"><span class=\"ez-toc-section\" id=\"Provas\"><\/span>Provas<span class=\"ez-toc-section-end\"><\/span><\/h2><p>Poder&atilde;o se inscrever os candidatos premiados em olimp&iacute;adas ou outras competi&ccedil;&otilde;es de conhecimentos realizadas nos 2 anos anteriores ao in&iacute;cio do curso de gradua&ccedil;&atilde;o da Unicamp, ou seja, nos anos de 2021 e 2022.<\/p><p>Al&eacute;m disso, as olimp&iacute;adas ou competi&ccedil;&otilde;es aceitas s&atilde;o aquelas realizadas para<br>estudantes de Ensino M&eacute;dio ou n&iacute;veis equivalentes, sendo vetada a pontua&ccedil;&atilde;o obtida em<br>competi&ccedil;&otilde;es de n&iacute;vel superior e\/ou de n&iacute;vel fundamental.<\/p><h2 class=\"wp-block-heading\" id=\"h-calendario-unicamp-2023\"><span class=\"ez-toc-section\" id=\"Calendario-Unicamp-2023\"><\/span>Calend&aacute;rio Unicamp 2023<span class=\"ez-toc-section-end\"><\/span><\/h2><ul class=\"wp-block-list\"><li><strong>Divulga&ccedil;&atilde;o do edital<\/strong>: 03\/08\/2022; &ndash;&nbsp;<a href=\"https:\/\/vestibulares.estrategia.com\/portal\/enem-e-vestibulares\/vestibulares\/edital-vestibular-unicamp-2023\/\" target=\"_blank\">acesse o edital<\/a><\/li><li><strong>Solicita&ccedil;&atilde;o da taxa de isen&ccedil;&atilde;o&nbsp;<\/strong>:16\/05 a 07\/06\/2022;<a href=\"https:\/\/vestibulares.estrategia.com\/portal\/noticias\/unicamp-2021-prazo-para-isencao-e-prorrogado\/\" target=\"_blank\"><\/a><\/li><li><strong>Divulga&ccedil;&atilde;o da solicita&ccedil;&atilde;o da taxa de isen&ccedil;&atilde;o<\/strong>: 30\/07\/2022;<\/li><li><strong>Inscri&ccedil;&otilde;es<\/strong><ul><li><strong>Vestibular:<\/strong>&nbsp;01\/08 a 02\/09\/2022 &ndash; prorrogado at&eacute; 08\/09\/2022;<\/li><li><strong>Enem<\/strong>: &nbsp;01\/08 a 02\/09\/2022 &ndash; prorrogado at&eacute; 08\/09\/2022;<\/li><li><strong>Vagas Ol&iacute;mpicas<\/strong>: 21\/11\/2022 a 16\/01\/2023<\/li><\/ul><\/li><li><strong>Vagas Remanescentes<\/strong>: ainda n&atilde;o foi divulgado<\/li><li><strong>Pagamento da taxa de inscri&ccedil;&atilde;o<\/strong>: at&eacute; 09\/09\/2022 &ndash; R$ 192,00;<\/li><li><strong>1&ordf; Fase<\/strong>: 06\/11\/2022;<\/li><li><strong>2&ordf; Fase:&nbsp;<\/strong>11\/12 e 12\/12\/2022;<\/li><li><strong>Provas de habilidades espec&iacute;ficas:&nbsp;<\/strong>entre 04\/01 e 06\/01\/2023;<\/li><li><strong>Resultado:<\/strong>&nbsp;06\/02\/2023;<\/li><li><strong>Matr&iacute;cula n&atilde;o-presencial da 1&ordf; chamada<\/strong>: entre 07\/02 e 09\/02\/2023.<\/li><\/ul><div class=\"wp-block-buttons is-content-justification-center is-layout-flex wp-block-buttons-is-layout-flex\">\n<div class=\"wp-block-button\"><a class=\"wp-block-button__link\" href=\"https:\/\/www.estrategiavestibulares.com.br\/vestibulares\/unicamp\/\" target=\"_blank\">CONFIRA NOSSOS PACOTES E CURSOS UNICAMP<\/a><\/div>\n<\/div><p>J&aacute; pensou ingressar na Unicamp? Aqui no Estrat&eacute;gia Vestibulares voc&ecirc; encontra cursos e simulados preparat&oacute;rios que te ajudar&atilde;o a conquistar a vaga dos seus sonhos!<\/p><p>\n\n\n\n\n\n<a id=\"cta\" class=\"cta-imagem\" href=\"https:\/\/vestibulares.estrategia.com\/curso\/pacote-para-unicamp\/\" target=\"blank\">\n                <img decoding=\"async\" width=\"100%\" src=\"https:\/\/vestibulares.estrategia.com\/portal\/wp-content\/uploads\/2021\/12\/Unicamp.jpg\" alt=\"CTA Curso Vestibular Unicamp\" title=\"CTA Curso Vestibular Unicamp\">\n        <\/a>\n\n\n\n<\/p><h2 class=\"wp-block-heading\"><span class=\"ez-toc-section\" id=\"Saiba-mais-sobre-o-vestibular-Unicamp\"><\/span>Saiba mais sobre o vestibular Unicamp<span class=\"ez-toc-section-end\"><\/span><\/h2><ul class=\"wp-block-list\"><li><a href=\"https:\/\/vestibulares.estrategia.com\/portal\/enem-e-vestibulares\/vestibulares\/edital-vestibular-unicamp-2023\/\">Edital Vestibular Unicamp 2023: datas, inscri&ccedil;&otilde;es e resultado; veja o edital<\/a><\/li><li><a href=\"https:\/\/vestibulares.estrategia.com\/portal\/noticias\/unicamp-2023-inscricoes-comecam-em-agosto-prova-segue-modelo-da-ultima-edicao\/\">Unicamp 2023: inscri&ccedil;&otilde;es come&ccedil;am em agosto; prova segue modelo da &uacute;ltima edi&ccedil;&atilde;o<\/a><\/li><li><a href=\"https:\/\/vestibulares.estrategia.com\/portal\/vestibulares\/generos-textuais-vestibular-unicamp\/\">Quais s&atilde;o os g&ecirc;neros textuais da Unicamp?<\/a><\/li><li><a href=\"https:\/\/vestibulares.estrategia.com\/portal\/redacao\/redacao-da-unicamp-confira-as-dicas-e-os-generos-textuais\/\">Reda&ccedil;&atilde;o da Unicamp: confira as dicas e os g&ecirc;neros textuais<\/a><\/li><li><a href=\"https:\/\/vestibulares.estrategia.com\/portal\/vestibulares\/segunda-fase-unicamp\/\">Como funciona a segunda fase da Unicamp?<\/a><\/li><li><a href=\"https:\/\/vestibulares.estrategia.com\/portal\/vestibulares\/cotas-unicamp\/\">Sistema de cotas Unicamp: veja formas de ingresso da universidade<\/a><\/li><li><a href=\"https:\/\/vestibulares.estrategia.com\/portal\/vestibulares\/assuntos-que-mais-caem-na-unicamp-primeira-fase\/\">Assuntos que mais caem na Unicamp: veja a lista por disciplina e o que estudar para a primeira fase<\/a><\/li><li><a href=\"https:\/\/vestibulares.estrategia.com\/portal\/vestibulares\/fuvest-unesp-unicamp-o-que-levar-dia-prova\/\">Fuvest, Unesp e Unicamp: o que levar no dia da prova<\/a><\/li><li><a href=\"https:\/\/vestibulares.estrategia.com\/portal\/vestibulares\/unicamp-confira-a-relacao-candidato-vaga-do-vestibular-2022\/\">Unicamp: confira a rela&ccedil;&atilde;o candidato-vaga do vestibular 2022<\/a><\/li><li><a href=\"https:\/\/vestibulares.estrategia.com\/portal\/vestibulares\/unicamp-cursos\/\">Unicamp: quais s&atilde;o os cursos da universidade?<\/a><\/li><li><a href=\"https:\/\/vestibulares.estrategia.com\/portal\/vestibulares\/provas-de-habilidades-especificas-da-unicamp\/\">Como s&atilde;o as provas de habilidades espec&iacute;ficas da Unicamp?<\/a><\/li><li><a href=\"https:\/\/vestibulares.estrategia.com\/portal\/vestibulares\/quais-diferencas-provas-enem-fuvest-unesp-unicamp\/\">Raio-x do vestibular: quais as diferen&ccedil;as entre as provas do Enem, Fuvest, Unesp e Unicamp?<\/a><\/li><\/ul><\/p>\n","protected":false},"excerpt":{"rendered":"S\u00e3o ofertadas 122 vagas para os cursos os cursos de gradua\u00e7\u00e3o por meio de olimp\u00edadas ou outras competi\u00e7\u00f5es\n","protected":false},"author":29,"featured_media":79216,"comment_status":"closed","ping_status":"closed","sticky":false,"template":"","format":"standard","meta":{"wl_entities_gutenberg":"","footnotes":""},"categories":[47],"tags":[],"wl_entity_type":[732],"class_list":{"0":"post-79947","1":"post","2":"type-post","3":"status-publish","4":"format-standard","5":"has-post-thumbnail","7":"category-noticias","8":"wl_entity_type-article"},"acf":[],"yoast_head":"<!-- This site is optimized with the Yoast SEO Premium plugin v25.9 (Yoast SEO v25.9) - https:\/\/yoast.com\/wordpress\/plugins\/seo\/ -->\n<title>Unicamp divulga edital das vagas ol\u00edmpicas 2023<\/title>\n<meta name=\"description\" content=\"S\u00e3o ofertadas122 vagas para os cursos os cursos de gradua\u00e7\u00e3o por meio de olimp\u00edadas ou outras competi\u00e7\u00f5es\" \/>\n<meta name=\"robots\" content=\"index, follow, max-snippet:-1, max-image-preview:large, max-video-preview:-1\" \/>\n<link rel=\"canonical\" href=\"https:\/\/vestibulares.estrategia.com\/portal\/noticias\/unicamp-divulga-edital-das-vagas-olimpicas-2023\/\" \/>\n<meta property=\"og:locale\" content=\"pt_BR\" \/>\n<meta property=\"og:type\" content=\"article\" \/>\n<meta property=\"og:title\" content=\"Unicamp divulga edital das vagas ol\u00edmpicas 2023\" \/>\n<meta property=\"og:description\" content=\"S\u00e3o ofertadas122 vagas para os cursos os cursos de gradua\u00e7\u00e3o por meio de olimp\u00edadas ou outras competi\u00e7\u00f5es\" \/>\n<meta property=\"og:url\" content=\"https:\/\/vestibulares.estrategia.com\/portal\/noticias\/unicamp-divulga-edital-das-vagas-olimpicas-2023\/\" \/>\n<meta property=\"og:site_name\" content=\"Estrat\u00e9gia Vestibulares\" \/>\n<meta property=\"article:publisher\" content=\"https:\/\/facebook.com\/estrategiavestibulares\" \/>\n<meta property=\"article:published_time\" content=\"2022-11-01T14:36:14+00:00\" \/>\n<meta property=\"article:modified_time\" content=\"2022-11-01T14:36:19+00:00\" \/>\n<meta property=\"og:image\" content=\"https:\/\/cdn.blog.estrategiavestibulares.com.br\/vestibulares\/wp-content\/uploads\/2022\/10\/vestibular-unicamp-ev.jpg\" \/>\n\t<meta property=\"og:image:width\" content=\"1280\" \/>\n\t<meta property=\"og:image:height\" content=\"720\" \/>\n\t<meta property=\"og:image:type\" content=\"image\/jpeg\" \/>\n<meta name=\"author\" content=\"J\u00falia Wasko\" \/>\n<meta name=\"twitter:card\" content=\"summary_large_image\" \/>\n<meta name=\"twitter:creator\" content=\"@Estrategiavest\" \/>\n<meta name=\"twitter:site\" content=\"@Estrategiavest\" \/>\n<meta name=\"twitter:label1\" content=\"Escrito por\" \/>\n\t<meta name=\"twitter:data1\" content=\"J\u00falia Wasko\" \/>\n\t<meta name=\"twitter:label2\" content=\"Est. tempo de leitura\" \/>\n\t<meta name=\"twitter:data2\" content=\"2 minutos\" \/>\n<script type=\"application\/ld+json\" class=\"yoast-schema-graph\">{\"@context\":\"https:\/\/schema.org\",\"@graph\":[{\"@type\":\"NewsArticle\",\"@id\":\"https:\/\/vestibulares.estrategia.com\/portal\/noticias\/unicamp-divulga-edital-das-vagas-olimpicas-2023\/#article\",\"isPartOf\":{\"@id\":\"https:\/\/vestibulares.estrategia.com\/portal\/noticias\/unicamp-divulga-edital-das-vagas-olimpicas-2023\/\"},\"author\":{\"name\":\"J\u00falia Wasko\",\"@id\":\"https:\/\/vestibulares.estrategia.com\/portal\/#\/schema\/person\/83d5c517a965e3fd3fc7016a981cb8fe\"},\"headline\":\"Unicamp divulga edital das vagas ol\u00edmpicas 2023\",\"datePublished\":\"2022-11-01T14:36:14+00:00\",\"dateModified\":\"2022-11-01T14:36:19+00:00\",\"mainEntityOfPage\":{\"@id\":\"https:\/\/vestibulares.estrategia.com\/portal\/noticias\/unicamp-divulga-edital-das-vagas-olimpicas-2023\/\"},\"wordCount\":412,\"publisher\":{\"@id\":\"https:\/\/vestibulares.estrategia.com\/portal\/#organization\"},\"image\":{\"@id\":\"https:\/\/vestibulares.estrategia.com\/portal\/noticias\/unicamp-divulga-edital-das-vagas-olimpicas-2023\/#primaryimage\"},\"thumbnailUrl\":\"https:\/\/vestibulares.estrategia.com\/portal\/wp-content\/uploads\/2022\/10\/vestibular-unicamp-ev.jpg\",\"articleSection\":[\"Not\u00edcias\"],\"inLanguage\":\"pt-BR\"},{\"@type\":\"WebPage\",\"@id\":\"https:\/\/vestibulares.estrategia.com\/portal\/noticias\/unicamp-divulga-edital-das-vagas-olimpicas-2023\/\",\"url\":\"https:\/\/vestibulares.estrategia.com\/portal\/noticias\/unicamp-divulga-edital-das-vagas-olimpicas-2023\/\",\"name\":\"Unicamp divulga edital das vagas ol\u00edmpicas 2023\",\"isPartOf\":{\"@id\":\"https:\/\/vestibulares.estrategia.com\/portal\/#website\"},\"primaryImageOfPage\":{\"@id\":\"https:\/\/vestibulares.estrategia.com\/portal\/noticias\/unicamp-divulga-edital-das-vagas-olimpicas-2023\/#primaryimage\"},\"image\":{\"@id\":\"https:\/\/vestibulares.estrategia.com\/portal\/noticias\/unicamp-divulga-edital-das-vagas-olimpicas-2023\/#primaryimage\"},\"thumbnailUrl\":\"https:\/\/vestibulares.estrategia.com\/portal\/wp-content\/uploads\/2022\/10\/vestibular-unicamp-ev.jpg\",\"datePublished\":\"2022-11-01T14:36:14+00:00\",\"dateModified\":\"2022-11-01T14:36:19+00:00\",\"description\":\"S\u00e3o ofertadas122 vagas para os cursos os cursos de gradua\u00e7\u00e3o por meio de olimp\u00edadas ou outras competi\u00e7\u00f5es\",\"breadcrumb\":{\"@id\":\"https:\/\/vestibulares.estrategia.com\/portal\/noticias\/unicamp-divulga-edital-das-vagas-olimpicas-2023\/#breadcrumb\"},\"inLanguage\":\"pt-BR\",\"potentialAction\":[{\"@type\":\"ReadAction\",\"target\":[\"https:\/\/vestibulares.estrategia.com\/portal\/noticias\/unicamp-divulga-edital-das-vagas-olimpicas-2023\/\"]}]},{\"@type\":\"ImageObject\",\"inLanguage\":\"pt-BR\",\"@id\":\"https:\/\/vestibulares.estrategia.com\/portal\/noticias\/unicamp-divulga-edital-das-vagas-olimpicas-2023\/#primaryimage\",\"url\":\"https:\/\/vestibulares.estrategia.com\/portal\/wp-content\/uploads\/2022\/10\/vestibular-unicamp-ev.jpg\",\"contentUrl\":\"https:\/\/vestibulares.estrategia.com\/portal\/wp-content\/uploads\/2022\/10\/vestibular-unicamp-ev.jpg\",\"width\":1280,\"height\":720,\"caption\":\"vestibular unicamp\"},{\"@type\":\"BreadcrumbList\",\"@id\":\"https:\/\/vestibulares.estrategia.com\/portal\/noticias\/unicamp-divulga-edital-das-vagas-olimpicas-2023\/#breadcrumb\",\"itemListElement\":[{\"@type\":\"ListItem\",\"position\":1,\"name\":\"Home\",\"item\":\"https:\/\/vestibulares.estrategia.com\/portal\/\"},{\"@type\":\"ListItem\",\"position\":2,\"name\":\"Not\u00edcias\",\"item\":\"https:\/\/vestibulares.estrategia.com\/portal\/noticias\/\"},{\"@type\":\"ListItem\",\"position\":3,\"name\":\"Unicamp divulga edital das vagas ol\u00edmpicas 2023\"}]},{\"@type\":\"WebSite\",\"@id\":\"https:\/\/vestibulares.estrategia.com\/portal\/#website\",\"url\":\"https:\/\/vestibulares.estrategia.com\/portal\/\",\"name\":\"Estrat\u00e9gia Vestibulares\",\"description\":\"\",\"publisher\":{\"@id\":\"https:\/\/vestibulares.estrategia.com\/portal\/#organization\"},\"potentialAction\":[{\"@type\":\"SearchAction\",\"target\":{\"@type\":\"EntryPoint\",\"urlTemplate\":\"https:\/\/vestibulares.estrategia.com\/portal\/?s={search_term_string}\"},\"query-input\":{\"@type\":\"PropertyValueSpecification\",\"valueRequired\":true,\"valueName\":\"search_term_string\"}}],\"inLanguage\":\"pt-BR\"},{\"@type\":\"Organization\",\"@id\":\"https:\/\/vestibulares.estrategia.com\/portal\/#organization\",\"name\":\"Estrat\u00e9gia Vestibulares\",\"url\":\"https:\/\/vestibulares.estrategia.com\/portal\/\",\"logo\":{\"@type\":\"ImageObject\",\"inLanguage\":\"pt-BR\",\"@id\":\"https:\/\/vestibulares.estrategia.com\/portal\/#\/schema\/logo\/image\/\",\"url\":\"https:\/\/vestibulares.estrategia.com\/portal\/wp-content\/uploads\/2021\/06\/Logo-Vestibulares@4x.png\",\"contentUrl\":\"https:\/\/vestibulares.estrategia.com\/portal\/wp-content\/uploads\/2021\/06\/Logo-Vestibulares@4x.png\",\"width\":250,\"height\":66,\"caption\":\"Estrat\u00e9gia Vestibulares\"},\"image\":{\"@id\":\"https:\/\/vestibulares.estrategia.com\/portal\/#\/schema\/logo\/image\/\"},\"sameAs\":[\"https:\/\/facebook.com\/estrategiavestibulares\",\"https:\/\/x.com\/Estrategiavest\",\"https:\/\/www.instagram.com\/estrategiavestibulares\",\"https:\/\/www.youtube.com\/channel\/UCGWdZy8ULI-7_5GrABa4vNA\"]},{\"@type\":\"Person\",\"@id\":\"https:\/\/vestibulares.estrategia.com\/portal\/#\/schema\/person\/83d5c517a965e3fd3fc7016a981cb8fe\",\"name\":\"J\u00falia Wasko\",\"image\":{\"@type\":\"ImageObject\",\"inLanguage\":\"pt-BR\",\"@id\":\"https:\/\/vestibulares.estrategia.com\/portal\/#\/schema\/person\/image\/\",\"url\":\"https:\/\/secure.gravatar.com\/avatar\/dab6fb308a491eea989a46ec58d3714d?s=96&d=mm&r=g\",\"contentUrl\":\"https:\/\/secure.gravatar.com\/avatar\/dab6fb308a491eea989a46ec58d3714d?s=96&d=mm&r=g\",\"caption\":\"J\u00falia Wasko\"},\"description\":\"Curso Jornalismo e sou apaixonada por entretenimento, comunica\u00e7\u00e3o e not\u00edcia! Adoro ler e curtir momentos com fam\u00edlia e amigos!\",\"url\":\"https:\/\/vestibulares.estrategia.com\/portal\/author\/julia-martins\/\"}]}<\/script>\n<!-- \/ Yoast SEO Premium plugin. -->","yoast_head_json":{"title":"Unicamp divulga edital das vagas ol\u00edmpicas 2023","description":"S\u00e3o ofertadas122 vagas para os cursos os cursos de gradua\u00e7\u00e3o por meio de olimp\u00edadas ou outras competi\u00e7\u00f5es","robots":{"index":"index","follow":"follow","max-snippet":"max-snippet:-1","max-image-preview":"max-image-preview:large","max-video-preview":"max-video-preview:-1"},"canonical":"https:\/\/vestibulares.estrategia.com\/portal\/noticias\/unicamp-divulga-edital-das-vagas-olimpicas-2023\/","og_locale":"pt_BR","og_type":"article","og_title":"Unicamp divulga edital das vagas ol\u00edmpicas 2023","og_description":"S\u00e3o ofertadas122 vagas para os cursos os cursos de gradua\u00e7\u00e3o por meio de olimp\u00edadas ou outras competi\u00e7\u00f5es","og_url":"https:\/\/vestibulares.estrategia.com\/portal\/noticias\/unicamp-divulga-edital-das-vagas-olimpicas-2023\/","og_site_name":"Estrat\u00e9gia Vestibulares","article_publisher":"https:\/\/facebook.com\/estrategiavestibulares","article_published_time":"2022-11-01T14:36:14+00:00","article_modified_time":"2022-11-01T14:36:19+00:00","og_image":[{"width":1280,"height":720,"url":"https:\/\/cdn.blog.estrategiavestibulares.com.br\/vestibulares\/wp-content\/uploads\/2022\/10\/vestibular-unicamp-ev.jpg","type":"image\/jpeg"}],"author":"J\u00falia Wasko","twitter_card":"summary_large_image","twitter_creator":"@Estrategiavest","twitter_site":"@Estrategiavest","twitter_misc":{"Escrito por":"J\u00falia Wasko","Est. tempo de leitura":"2 minutos"},"schema":{"@context":"https:\/\/schema.org","@graph":[{"@type":"NewsArticle","@id":"https:\/\/vestibulares.estrategia.com\/portal\/noticias\/unicamp-divulga-edital-das-vagas-olimpicas-2023\/#article","isPartOf":{"@id":"https:\/\/vestibulares.estrategia.com\/portal\/noticias\/unicamp-divulga-edital-das-vagas-olimpicas-2023\/"},"author":{"name":"J\u00falia Wasko","@id":"https:\/\/vestibulares.estrategia.com\/portal\/#\/schema\/person\/83d5c517a965e3fd3fc7016a981cb8fe"},"headline":"Unicamp divulga edital das vagas ol\u00edmpicas 2023","datePublished":"2022-11-01T14:36:14+00:00","dateModified":"2022-11-01T14:36:19+00:00","mainEntityOfPage":{"@id":"https:\/\/vestibulares.estrategia.com\/portal\/noticias\/unicamp-divulga-edital-das-vagas-olimpicas-2023\/"},"wordCount":412,"publisher":{"@id":"https:\/\/vestibulares.estrategia.com\/portal\/#organization"},"image":{"@id":"https:\/\/vestibulares.estrategia.com\/portal\/noticias\/unicamp-divulga-edital-das-vagas-olimpicas-2023\/#primaryimage"},"thumbnailUrl":"https:\/\/vestibulares.estrategia.com\/portal\/wp-content\/uploads\/2022\/10\/vestibular-unicamp-ev.jpg","articleSection":["Not\u00edcias"],"inLanguage":"pt-BR"},{"@type":"WebPage","@id":"https:\/\/vestibulares.estrategia.com\/portal\/noticias\/unicamp-divulga-edital-das-vagas-olimpicas-2023\/","url":"https:\/\/vestibulares.estrategia.com\/portal\/noticias\/unicamp-divulga-edital-das-vagas-olimpicas-2023\/","name":"Unicamp divulga edital das vagas ol\u00edmpicas 2023","isPartOf":{"@id":"https:\/\/vestibulares.estrategia.com\/portal\/#website"},"primaryImageOfPage":{"@id":"https:\/\/vestibulares.estrategia.com\/portal\/noticias\/unicamp-divulga-edital-das-vagas-olimpicas-2023\/#primaryimage"},"image":{"@id":"https:\/\/vestibulares.estrategia.com\/portal\/noticias\/unicamp-divulga-edital-das-vagas-olimpicas-2023\/#primaryimage"},"thumbnailUrl":"https:\/\/vestibulares.estrategia.com\/portal\/wp-content\/uploads\/2022\/10\/vestibular-unicamp-ev.jpg","datePublished":"2022-11-01T14:36:14+00:00","dateModified":"2022-11-01T14:36:19+00:00","description":"S\u00e3o ofertadas122 vagas para os cursos os cursos de gradua\u00e7\u00e3o por meio de olimp\u00edadas ou outras competi\u00e7\u00f5es","breadcrumb":{"@id":"https:\/\/vestibulares.estrategia.com\/portal\/noticias\/unicamp-divulga-edital-das-vagas-olimpicas-2023\/#breadcrumb"},"inLanguage":"pt-BR","potentialAction":[{"@type":"ReadAction","target":["https:\/\/vestibulares.estrategia.com\/portal\/noticias\/unicamp-divulga-edital-das-vagas-olimpicas-2023\/"]}]},{"@type":"ImageObject","inLanguage":"pt-BR","@id":"https:\/\/vestibulares.estrategia.com\/portal\/noticias\/unicamp-divulga-edital-das-vagas-olimpicas-2023\/#primaryimage","url":"https:\/\/vestibulares.estrategia.com\/portal\/wp-content\/uploads\/2022\/10\/vestibular-unicamp-ev.jpg","contentUrl":"https:\/\/vestibulares.estrategia.com\/portal\/wp-content\/uploads\/2022\/10\/vestibular-unicamp-ev.jpg","width":1280,"height":720,"caption":"vestibular unicamp"},{"@type":"BreadcrumbList","@id":"https:\/\/vestibulares.estrategia.com\/portal\/noticias\/unicamp-divulga-edital-das-vagas-olimpicas-2023\/#breadcrumb","itemListElement":[{"@type":"ListItem","position":1,"name":"Home","item":"https:\/\/vestibulares.estrategia.com\/portal\/"},{"@type":"ListItem","position":2,"name":"Not\u00edcias","item":"https:\/\/vestibulares.estrategia.com\/portal\/noticias\/"},{"@type":"ListItem","position":3,"name":"Unicamp divulga edital das vagas ol\u00edmpicas 2023"}]},{"@type":"WebSite","@id":"https:\/\/vestibulares.estrategia.com\/portal\/#website","url":"https:\/\/vestibulares.estrategia.com\/portal\/","name":"Estrat\u00e9gia Vestibulares","description":"","publisher":{"@id":"https:\/\/vestibulares.estrategia.com\/portal\/#organization"},"potentialAction":[{"@type":"SearchAction","target":{"@type":"EntryPoint","urlTemplate":"https:\/\/vestibulares.estrategia.com\/portal\/?s={search_term_string}"},"query-input":{"@type":"PropertyValueSpecification","valueRequired":true,"valueName":"search_term_string"}}],"inLanguage":"pt-BR"},{"@type":"Organization","@id":"https:\/\/vestibulares.estrategia.com\/portal\/#organization","name":"Estrat\u00e9gia Vestibulares","url":"https:\/\/vestibulares.estrategia.com\/portal\/","logo":{"@type":"ImageObject","inLanguage":"pt-BR","@id":"https:\/\/vestibulares.estrategia.com\/portal\/#\/schema\/logo\/image\/","url":"https:\/\/vestibulares.estrategia.com\/portal\/wp-content\/uploads\/2021\/06\/Logo-Vestibulares@4x.png","contentUrl":"https:\/\/vestibulares.estrategia.com\/portal\/wp-content\/uploads\/2021\/06\/Logo-Vestibulares@4x.png","width":250,"height":66,"caption":"Estrat\u00e9gia Vestibulares"},"image":{"@id":"https:\/\/vestibulares.estrategia.com\/portal\/#\/schema\/logo\/image\/"},"sameAs":["https:\/\/facebook.com\/estrategiavestibulares","https:\/\/x.com\/Estrategiavest","https:\/\/www.instagram.com\/estrategiavestibulares","https:\/\/www.youtube.com\/channel\/UCGWdZy8ULI-7_5GrABa4vNA"]},{"@type":"Person","@id":"https:\/\/vestibulares.estrategia.com\/portal\/#\/schema\/person\/83d5c517a965e3fd3fc7016a981cb8fe","name":"J\u00falia Wasko","image":{"@type":"ImageObject","inLanguage":"pt-BR","@id":"https:\/\/vestibulares.estrategia.com\/portal\/#\/schema\/person\/image\/","url":"https:\/\/secure.gravatar.com\/avatar\/dab6fb308a491eea989a46ec58d3714d?s=96&d=mm&r=g","contentUrl":"https:\/\/secure.gravatar.com\/avatar\/dab6fb308a491eea989a46ec58d3714d?s=96&d=mm&r=g","caption":"J\u00falia Wasko"},"description":"Curso Jornalismo e sou apaixonada por entretenimento, comunica\u00e7\u00e3o e not\u00edcia! Adoro ler e curtir momentos com fam\u00edlia e amigos!","url":"https:\/\/vestibulares.estrategia.com\/portal\/author\/julia-martins\/"}]}},"_wl_alt_label":[],"wl:entity_url":"https:\/\/data.wordlift.io\/wl110249\/post\/unicamp-divulga-edital-das-vagas-olimpicas-2023","_links":{"self":[{"href":"https:\/\/vestibulares.estrategia.com\/portal\/wp-json\/wp\/v2\/posts\/79947","targetHints":{"allow":["GET"]}}],"collection":[{"href":"https:\/\/vestibulares.estrategia.com\/portal\/wp-json\/wp\/v2\/posts"}],"about":[{"href":"https:\/\/vestibulares.estrategia.com\/portal\/wp-json\/wp\/v2\/types\/post"}],"author":[{"embeddable":true,"href":"https:\/\/vestibulares.estrategia.com\/portal\/wp-json\/wp\/v2\/users\/29"}],"replies":[{"embeddable":true,"href":"https:\/\/vestibulares.estrategia.com\/portal\/wp-json\/wp\/v2\/comments?post=79947"}],"version-history":[{"count":4,"href":"https:\/\/vestibulares.estrategia.com\/portal\/wp-json\/wp\/v2\/posts\/79947\/revisions"}],"predecessor-version":[{"id":79959,"href":"https:\/\/vestibulares.estrategia.com\/portal\/wp-json\/wp\/v2\/posts\/79947\/revisions\/79959"}],"wp:featuredmedia":[{"embeddable":true,"href":"https:\/\/vestibulares.estrategia.com\/portal\/wp-json\/wp\/v2\/media\/79216"}],"wp:attachment":[{"href":"https:\/\/vestibulares.estrategia.com\/portal\/wp-json\/wp\/v2\/media?parent=79947"}],"wp:term":[{"taxonomy":"category","embeddable":true,"href":"https:\/\/vestibulares.estrategia.com\/portal\/wp-json\/wp\/v2\/categories?post=79947"},{"taxonomy":"post_tag","embeddable":true,"href":"https:\/\/vestibulares.estrategia.com\/portal\/wp-json\/wp\/v2\/tags?post=79947"},{"taxonomy":"wl_entity_type","embeddable":true,"href":"https:\/\/vestibulares.estrategia.com\/portal\/wp-json\/wp\/v2\/wl_entity_type?post=79947"}],"curies":[{"name":"wp","href":"https:\/\/api.w.org\/{rel}","templated":true}]}}