{"id":81305,"date":"2022-11-13T13:51:20","date_gmt":"2022-11-13T16:51:20","guid":{"rendered":"https:\/\/vestibulares.estrategia.com\/portal\/?p=81305"},"modified":"2022-11-13T20:52:01","modified_gmt":"2022-11-13T23:52:01","slug":"tema-de-redacao-enem-2022","status":"publish","type":"post","link":"https:\/\/vestibulares.estrategia.com\/portal\/enem-e-vestibulares\/enem\/tema-de-redacao-enem-2022\/","title":{"rendered":"Tema de reda\u00e7\u00e3o Enem 2022: &#8220;Desafios para a valoriza\u00e7\u00e3o de comunidades e povos tradicionais no Brasil&#8221;"},"content":{"rendered":"<p>O tema de reda&ccedil;&atilde;o do Enem 2022 &eacute; <strong>&ldquo;Desafios para a valoriza&ccedil;&atilde;o de comunidades e povos tradicionais no Brasil&rdquo;<\/strong>.<figure class=\"wp-block-embed is-type-rich is-provider-twitter wp-block-embed-twitter\"><div class=\"wp-block-embed__wrapper\">\n<blockquote class=\"twitter-tweet\" data-width=\"550\" data-dnt=\"true\"><p lang=\"pt\" dir=\"ltr\">O tema da reda&ccedil;&atilde;o do Enem 2022 &eacute;: \"Desafios para a valoriza&ccedil;&atilde;o de comunidades e povos tradicionais no Brasil\".<a href=\"https:\/\/twitter.com\/hashtag\/enem2022?src=hash&amp;ref_src=twsrc%5Etfw\" target=\"_blank\" rel=\"noopener noreferrer\">#enem2022<\/a><\/p>&mdash; Victor Godoy (@victorv_godoy) <a href=\"https:\/\/twitter.com\/victorv_godoy\/status\/1591835781324505088?ref_src=twsrc%5Etfw\" target=\"_blank\" rel=\"noopener noreferrer\">November 13, 2022<\/a><\/blockquote><script async src=\"https:\/\/platform.twitter.com\/widgets.js\" charset=\"utf-8\"><\/script>\n<\/div><\/figure><p>O tema foi divulgado por Victor Godoy, atual ministro da Educa&ccedil;&atilde;o, &agrave;s 13h51. Os candidatos t&ecirc;m at&eacute; &agrave;s 19h para responder 90 quest&otilde;es de Linguagens e Ci&ecirc;ncias Humanas, al&eacute;m de produzir a reda&ccedil;&atilde;o dissertativa-argumentativa sobre o tema.<\/p><p>Para Celina Gil, professora de reda&ccedil;&atilde;o e Artes do Estrat&eacute;gia Vestibulares, <strong>o tema n&atilde;o &eacute; inesperado<\/strong>, j&aacute; que o Enem tem o costume de trazer temas atuais e que est&atilde;o em alta, e esta tem&aacute;tica foi assunto muito comentado no Brasil por diversos motivos. <\/p><p>Sobre a facilidade para abordar o tema, Celina aponta que isso depende da colet&acirc;nea de textos motivadores: &ldquo;Depende muito da colet&acirc;nea de textos para orientar o aluno. Mas se o aluno levar em considera&ccedil;&atilde;o o termo &lsquo;povos tradicionais&rsquo; e discutir a quest&atilde;o ind&iacute;gena no Brasil hoje, n&atilde;o teria dificuldades. &Eacute; um assunto que foi muito falado nos &uacute;ltimos anos.&rdquo;<\/p><p class=\"wp-block-verse\"><strong>Veja tamb&eacute;m:<\/strong><br><a href=\"https:\/\/vestibulares.estrategia.com\/portal\/materias\/redacao\/redacao-enem-2022-veja-quais-sao-os-povos-tradicionais-do-brasil\/\" target=\"_blank\">Reda&ccedil;&atilde;o Enem 2022: veja quais s&atilde;o os povos tradicionais do Brasil<\/a><br><a href=\"https:\/\/vestibulares.estrategia.com\/portal\/enem-e-vestibulares\/enem\/gabarito-enem-2022-correcao\/\" target=\"_blank\">Gabarito Enem 2022: veja a corre&ccedil;&atilde;o da prova<strong><br><\/strong><\/a><\/p><p>\n\n\n\n<div id=\"new-form\">\n\t<form id=\"forms_layout\">\n\t<input type=\"hidden\" id=\"chave_de\" name=\"chave_de\" value=\"01_EVEST_LEADS_TOTAIS\" \/>\n\t\t<input type=\"hidden\" id=\"mid\" name=\"mid\" value=\"515008983\" \/>\n\t\t<input type=\"hidden\" id=\"Objetivo\" name=\"Objetivo\" value=\"Vestibulares\" \/>\n\t\t<input type=\"hidden\" id=\"Estado_de_Origem_do_IP\" name=\"Estado_de_Origem_do_IP\"  value=\"\" \/>\n\t\t<input type=\"hidden\" id=\"Cidade_de_Origem_do_IP\" name=\"Cidade_de_Origem_do_IP\" value=\"\" \/>\n\t\t<input type=\"hidden\" id=\"Modo_de_entrada\" name=\"Modo_de_entrada\" value=\"Portal\" \/>\n\t\t<input type=\"hidden\" id=\"Pagina_Origem\" name=\"Pagina_Origem\" value=\"\" \/>\n\n\t\t<div class=\"texto\">\n\t\t\t<h3 class=\"news\">Inscreva-se em nossa newsletter\ud83e\udd89<\/h3>\n\t\t\t<p>Receba dicas de estudo gratuitas e saiba em primeira m\u00e3o as novidades sobre o Enem, Sisu, Encceja, Fuvest e outros vestibulares!<\/p>\n\t\t<\/div>\n\t\t<div class=\"campos\">\n\t\t\t<div class=\"first_name labels\">\n\t\t\t\t<input type=\"text\" class=\"input_labels\" id=\"first_name\" name=\"Nome_Completo\" placeholder=\"Nome\" required \/>\n\t\t\t<\/div>\n\t\t\t<div class=\"email labels\">\n\t\t\t\t<input type=\"email\" class=\"input_labels\" id=\"email\" name=\"Email\" placeholder=\"E-mail\" required \/>\n\t\t\t<\/div>\n\t\t\t<button type=\"submit\" class=\"button_layout\">\n\t\t\t\t<div id=\"lblBotao\">Inscreva-se<\/div>\n\t\t\t\t<span id=\"divSpiner\" class=\"loader\" role=\"status\" style=\"display: none;\"><\/span>\t\n\t\t\t<\/button>\n\t\t<\/div><!-- \/campos -->\n\t\t\n\t\t<label class=\"container_checkbox\">Voc\u00ea concorda com a nossa\n\t\t\t<a class=\"politics_privacy_ahref\" target=\"_blank\" href=\"https:\/\/gratis.estrategiaconcursos.com.br\/politica-de-privacidade\/\">Pol\u00edtica de Privacidade<\/a> e aceita receber informa\u00e7\u00f5es adicionais do Estrat\u00e9gia Educacional.\n\t\t\t<input id=\"checkbox_layout\" type=\"checkbox\" checked=\"checked\" required \/>\n\t\t\t<span class=\"checkbox\"><\/span>\n\t\t<\/label>\n\t\t<div id=\"msg\"><\/div>\n\t\t<div id=\"error\" class=\"error\">\n\t\t<\/div>\n\t<\/form>\n<\/div><!-- \/new-form -->\n\n\n\n<\/p><div id=\"ez-toc-container\" class=\"ez-toc-v2_0_76 counter-hierarchy ez-toc-counter ez-toc-transparent ez-toc-container-direction\">\n<div class=\"ez-toc-title-container\"><p class=\"ez-toc-title\" style=\"cursor:inherit\">Navegue pelo conte\u00fado<\/p>\n<\/div><nav><ul class='ez-toc-list ez-toc-list-level-1 ' ><li class='ez-toc-page-1 ez-toc-heading-level-2'><a class=\"ez-toc-link ez-toc-heading-1\" href=\"https:\/\/vestibulares.estrategia.com\/portal\/enem-e-vestibulares\/enem\/tema-de-redacao-enem-2022\/#O-que-sao-Povos-Tradicionais-no-Brasil\" >O que s&atilde;o Povos Tradicionais no Brasil?<\/a><\/li><li class='ez-toc-page-1 ez-toc-heading-level-2'><a class=\"ez-toc-link ez-toc-heading-2\" href=\"https:\/\/vestibulares.estrategia.com\/portal\/enem-e-vestibulares\/enem\/tema-de-redacao-enem-2022\/#Como-discutir-o-tema-de-valorizacao-de-comunidades-e-povos-tradicionais\" >Como discutir o tema de valoriza&ccedil;&atilde;o de comunidades e povos tradicionais?<\/a><\/li><li class='ez-toc-page-1 ez-toc-heading-level-2'><a class=\"ez-toc-link ez-toc-heading-3\" href=\"https:\/\/vestibulares.estrategia.com\/portal\/enem-e-vestibulares\/enem\/tema-de-redacao-enem-2022\/#Topicos-que-podem-ser-abordados-na-redacao-do-Enem-2022\" >T&oacute;picos que podem ser abordados na reda&ccedil;&atilde;o do Enem 2022<\/a><\/li><li class='ez-toc-page-1 ez-toc-heading-level-2'><a class=\"ez-toc-link ez-toc-heading-4\" href=\"https:\/\/vestibulares.estrategia.com\/portal\/enem-e-vestibulares\/enem\/tema-de-redacao-enem-2022\/#Veja-o-historico-de-temas-de-redacao-do-Enem\" >Veja o hist&oacute;rico de temas de reda&ccedil;&atilde;o do Enem<\/a><\/li><li class='ez-toc-page-1 ez-toc-heading-level-2'><a class=\"ez-toc-link ez-toc-heading-5\" href=\"https:\/\/vestibulares.estrategia.com\/portal\/enem-e-vestibulares\/enem\/tema-de-redacao-enem-2022\/#Qual-e-o-modelo-de-redacao-do-Enem\" >Qual &eacute; o modelo de reda&ccedil;&atilde;o do Enem?<\/a><\/li><li class='ez-toc-page-1 ez-toc-heading-level-2'><a class=\"ez-toc-link ez-toc-heading-6\" href=\"https:\/\/vestibulares.estrategia.com\/portal\/enem-e-vestibulares\/enem\/tema-de-redacao-enem-2022\/#Quais-sao-as-competencias-utilizadas-na-correcao-da-redacao\" >Quais s&atilde;o as compet&ecirc;ncias utilizadas na corre&ccedil;&atilde;o da reda&ccedil;&atilde;o?<\/a><\/li><li class='ez-toc-page-1 ez-toc-heading-level-2'><a class=\"ez-toc-link ez-toc-heading-7\" href=\"https:\/\/vestibulares.estrategia.com\/portal\/enem-e-vestibulares\/enem\/tema-de-redacao-enem-2022\/#O-que-pode-zerar-a-redacao-do-Enem\" >O que pode zerar a reda&ccedil;&atilde;o do Enem?<\/a><\/li><li class='ez-toc-page-1 ez-toc-heading-level-2'><a class=\"ez-toc-link ez-toc-heading-8\" href=\"https:\/\/vestibulares.estrategia.com\/portal\/enem-e-vestibulares\/enem\/tema-de-redacao-enem-2022\/#Calendario-do-Enem-2022\" >Calend&aacute;rio do Enem 2022<\/a><\/li><li class='ez-toc-page-1 ez-toc-heading-level-2'><a class=\"ez-toc-link ez-toc-heading-9\" href=\"https:\/\/vestibulares.estrategia.com\/portal\/enem-e-vestibulares\/enem\/tema-de-redacao-enem-2022\/#Qual-e-o-formato-do-Enem\" >Qual &eacute; o formato do Enem?<\/a><\/li><li class='ez-toc-page-1 ez-toc-heading-level-2'><a class=\"ez-toc-link ez-toc-heading-10\" href=\"https:\/\/vestibulares.estrategia.com\/portal\/enem-e-vestibulares\/enem\/tema-de-redacao-enem-2022\/#Quando-sai-a-nota-da-redacao-do-Enem-2022\" >Quando sai a nota da reda&ccedil;&atilde;o do Enem 2022?<\/a><\/li><li class='ez-toc-page-1 ez-toc-heading-level-2'><a class=\"ez-toc-link ez-toc-heading-11\" href=\"https:\/\/vestibulares.estrategia.com\/portal\/enem-e-vestibulares\/enem\/tema-de-redacao-enem-2022\/#Onde-usar-a-nota-do-Enem\" >Onde usar a nota do Enem?<\/a><\/li><li class='ez-toc-page-1 ez-toc-heading-level-2'><a class=\"ez-toc-link ez-toc-heading-12\" href=\"https:\/\/vestibulares.estrategia.com\/portal\/enem-e-vestibulares\/enem\/tema-de-redacao-enem-2022\/#Guia-do-Enem\" >Guia do Enem<\/a><\/li><\/ul><\/nav><\/div>\n<h2 class=\"wp-block-heading\"><span class=\"ez-toc-section\" id=\"O-que-sao-Povos-Tradicionais-no-Brasil\"><\/span>O que s&atilde;o Povos Tradicionais no Brasil?<span class=\"ez-toc-section-end\"><\/span><\/h2><p>&ldquo;Segundo o Minist&eacute;rio da Cidadania, s&atilde;o considerados Povos e Comunidades Tradicionais (PCTs) do Brasil, &nbsp;os povos ind&iacute;genas, os quilombolas, as comunidades tradicionais de matriz africana ou de terreiro, os extrativistas, os ribeirinhos, os caboclos, os pescadores artesanais, os pomeranos, entre outros&rdquo;, explica Celina Gil. <\/p><h2 class=\"wp-block-heading\"><span class=\"ez-toc-section\" id=\"Como-discutir-o-tema-de-valorizacao-de-comunidades-e-povos-tradicionais\"><\/span>Como discutir o tema de valoriza&ccedil;&atilde;o de comunidades e povos tradicionais?<span class=\"ez-toc-section-end\"><\/span><\/h2><p>Para a professora de reda&ccedil;&atilde;o do Estrat&eacute;gia Vestibulares, &eacute; fundamental que o candidato discuta estrat&eacute;gias para a revers&atilde;o das opress&otilde;es que povos origin&aacute;rios sofrem desde o processo de coloniza&ccedil;&atilde;o do Brasil.<\/p><p>&ldquo;O aluno deveria focar principalmente em discutir estrat&eacute;gias para a revers&atilde;o das opress&otilde;es hist&oacute;ricas, levando em considera&ccedil;&atilde;o o nascimento colonial do Brasil e seu per&iacute;odo escravocrata&rdquo;, indica.<\/p><p>Al&eacute;m disso, Celina tamb&eacute;m relembra que o candidato poderia abordar em sua reda&ccedil;&atilde;o a import&acirc;ncia da preserva&ccedil;&atilde;o da cultura dos povos tradicionais e a sua import&acirc;ncia hist&oacute;ria para a tamb&eacute;m preserva&ccedil;&atilde;o do meio ambiente. <\/p><p>&rdquo; [A reda&ccedil;&atilde;o pode abordar] a aus&ecirc;ncia de pol&iacute;ticas p&uacute;blicas que garantam o direito &agrave; terra e &agrave; preserva&ccedil;&atilde;o cultural dos povos tamb&eacute;m deve ser discutida. &Eacute; importante lembrar o hist&oacute;rico dos direitos dos povos ind&iacute;genas, tendo em vista que apenas a partir do s&eacute;culo XX essa popula&ccedil;&atilde;o passou a ter mais aten&ccedil;&atilde;o&rdquo;, refor&ccedil;a a professora.<\/p><p>Alguns fatos que comprovam a import&acirc;ncia de politicas p&uacute;blicas que garantam a preserva&ccedil;&atilde;o dos povos tradicionais: &ldquo;hist&oacute;rico de demarca&ccedil;&otilde;es de terra e direito &agrave; terra, frequentemente negado; o avan&ccedil;o do garimpo ilegal no brasil, que prejudicou as comunidades ind&iacute;genas, quilombolas e ribeirinhas; e a viol&ecirc;ncia contra os povos tradicionais, que se encontram em situa&ccedil;&atilde;o de vulnerabilidade social&rdquo;.<\/p><h2 class=\"wp-block-heading\"><span class=\"ez-toc-section\" id=\"Topicos-que-podem-ser-abordados-na-redacao-do-Enem-2022\"><\/span>T&oacute;picos que podem ser abordados na reda&ccedil;&atilde;o do Enem 2022<span class=\"ez-toc-section-end\"><\/span><\/h2><p>Veja quais s&atilde;o os assuntos que podem ser abordados no tema de reda&ccedil;&atilde;o, seja na discuss&atilde;o ou como repert&oacute;rio, de acordo com os professores do Estrat&eacute;gia Vestibulares:<\/p><ul class=\"wp-block-list\"><li>A quest&atilde;o dos Yanomamis no Brasil;<\/li><li>Assassinato de Bruno Pereira e Dom Philipps;<\/li><li>Morte do &uacute;ltimo membro da tribo ind&iacute;gena Tanaru, tamb&eacute;m conhecido como &ldquo;Homem do Buraco&rdquo;;<\/li><li>Artigo 231 da Constitui&ccedil;&atilde;o de 1988<ul><li><em>&ldquo;A Pol&iacute;tica Nacional de Desenvolvimento Sustent&aacute;vel dos Povos e Comunidades Tradicionais, institu&iacute;da pelo Decreto no 6.040, de 2007, tem como principal objetivo promover o desenvolvimento sustent&aacute;vel dos Povos e Comunidades Tradicionais, com &ecirc;nfase no reconhecimento, fortalecimento e garantia dos seus direitos&rdquo;<\/em><\/li><\/ul><\/li><li>Mudan&ccedil;a do feriado do Dia do &Iacute;ndio para Dia dos Povos Ind&iacute;genas<\/li><\/ul><p>Confira abaixo a lista de artigos produzidos pelo Portal Estrat&eacute;gia Vestibulares e que poderia ser utilizado na reda&ccedil;&atilde;o do Enem 2022:<\/p><ul class=\"wp-block-list\"><li><a href=\"https:\/\/vestibulares.estrategia.com\/portal\/atualidades-e-dicas\/caso-bruno-pereira-e-dom-phillips-tudo-o-que-voce-precisa-saber\/\">Caso Bruno Pereira e Dom Phillips: tudo o que voc&ecirc; precisa saber<\/a><\/li><li><a href=\"https:\/\/vestibulares.estrategia.com\/portal\/enem-e-vestibulares\/vestibulares\/universidade-para-indigenas-conheca-cursos-vestibulares-e-politicas-de-permanencia-estudantil\/\">Universidade para ind&iacute;genas: conhe&ccedil;a cursos, vestibulares e pol&iacute;ticas de perman&ecirc;ncia estudantil<\/a><\/li><li><a href=\"https:\/\/vestibulares.estrategia.com\/portal\/atualidades-e-dicas\/marco-temporal-entenda-o-que-esta-em-jogo-e-como-isso-pode-chegar-nos-vestibulares\/\">Marco temporal: entenda o que est&aacute; em jogo e como isso pode chegar aos vestibulares<\/a><\/li><li><a href=\"https:\/\/vestibulares.estrategia.com\/portal\/atualidades-e-dicas\/garimpo-ilegal-no-brasil-o-que-e-como-acontece-e-quais-conflitos-sao-gerados\/\">Garimpo ilegal no Brasil: o que &eacute;, como acontece e quais conflitos s&atilde;o gerados<\/a><\/li><li><a href=\"https:\/\/vestibulares.estrategia.com\/portal\/materias\/redacao\/11-documentarios-e-filmes-sobre-meio-ambiente\/\">11 document&aacute;rios e filmes sobre meio ambiente para usar na reda&ccedil;&atilde;o e como repert&oacute;rio<\/a><\/li><li><a href=\"https:\/\/vestibulares.estrategia.com\/portal\/materias\/redacao\/7-citacoes-sobre-meio-ambiente-para-usar-na-redacao\/\">7 cita&ccedil;&otilde;es sobre meio ambiente para usar na reda&ccedil;&atilde;o<\/a><\/li><li><a href=\"https:\/\/vestibulares.estrategia.com\/portal\/materias\/artes\/arte-indigena\/\">Arte Ind&iacute;gena: caracter&iacute;sticas e tipos<\/a><\/li><\/ul><h2 class=\"wp-block-heading\" id=\"h-veja-o-historico-de-temas-de-redacao-do-enem\"><span class=\"ez-toc-section\" id=\"Veja-o-historico-de-temas-de-redacao-do-Enem\"><\/span>Veja o hist&oacute;rico de temas de reda&ccedil;&atilde;o do Enem<span class=\"ez-toc-section-end\"><\/span><\/h2><p>Apesar das pol&ecirc;micas sobre um poss&iacute;vel tema de reda&ccedil;&atilde;o mais livre, o Enem manteve o mesmo padr&atilde;o dos &uacute;ltimos anos. Veja abaixo o hist&oacute;rico de temas de reda&ccedil;&atilde;o do Enem:<\/p><ul class=\"wp-block-list\"><li>Reda&ccedil;&atilde;o Enem 2022: &ldquo;Desafios para a valoriza&ccedil;&atilde;o de comunidades e povos tradicionais no Brasil&rdquo;<\/li><li>Reda&ccedil;&atilde;o Enem 2021: Invisibilidade e registro civil: garantia de acesso &agrave; cidadania no Brasil<\/li><li>Reda&ccedil;&atilde;o Enem Impresso 2020: O estigma associado &agrave;s doen&ccedil;as mentais na sociedade brasileira<\/li><li>Reda&ccedil;&atilde;o Enem Digital 2020:<\/li><li><a href=\"https:\/\/vestibulares.estrategia.com\/portal\/redacao\/enem-2019-democratizacao-do-acesso-ao-cinema-no-brasil\/\" target=\"_blank\">Reda&ccedil;&atilde;o Enem 2019<\/a>&nbsp;&ndash;&nbsp;<em>Democratiza&ccedil;&atilde;o do acesso ao cinema no Brasil<\/em><\/li><li><a href=\"https:\/\/vestibulares.estrategia.com\/portal\/redacao\/redacao-enem-2018\/\" target=\"_blank\">Reda&ccedil;&atilde;o Enem 2018<\/a>&nbsp;&ndash;&nbsp;<em>Manipula&ccedil;&atilde;o do comportamento do usu&aacute;rio pelo controle de dados na internet<\/em><\/li><li>Reda&ccedil;&atilde;o Enem 2017&nbsp;&ndash;&nbsp;<em>Desafios para forma&ccedil;&atilde;o educacional de surdos no Brasil<\/em><\/li><li>Reda&ccedil;&atilde;o Enem 2016&nbsp;&ndash;&nbsp;<em>Caminhos para combater a intoler&acirc;ncia religiosa no Brasil<\/em><\/li><li>Reda&ccedil;&atilde;o Enem 2015&nbsp;&ndash;&nbsp;<em>A Persist&ecirc;ncia da Viol&ecirc;ncia contra a Mulher na Sociedade Brasileira<\/em><\/li><li>Reda&ccedil;&atilde;o Enem 2014&nbsp;&ndash;&nbsp;<em>Publicidade infantil em quest&atilde;o no Brasil<\/em><\/li><li>Reda&ccedil;&atilde;o Enem 2013&nbsp;&ndash;&nbsp;<em>Os efeitos da implanta&ccedil;&atilde;o da Lei Seca no Brasil<\/em><\/li><li>Reda&ccedil;&atilde;o Enem 2012&nbsp;&ndash;&nbsp;<em>O movimento imigrat&oacute;rio para o Brasil no s&eacute;culo XXI<\/em><\/li><li>Reda&ccedil;&atilde;o Enem 2011&nbsp;&ndash;&nbsp;<em>Viver em rede no s&eacute;culo XXI: os limites entre o p&uacute;blico e o privado<\/em><\/li><\/ul><p><strong>+ Confira:<\/strong> <a href=\"https:\/\/vestibulares.estrategia.com\/portal\/enem\/redacao-enem-modelos-nota-mil\/\">Modelos de reda&ccedil;&atilde;o nota 1000 do Enem desde 2009<\/a><\/p><div class=\"wp-block-web-stories-embed web-stories-embed aligncenter\">\n\t\t\t<div class=\"wp-block-embed__wrapper\" style=\"--aspect-ratio: 0.600000; --width: 360px; --height: 600px\">\n\t\t\t\t<amp-story-player>\n\t\t\t\t\t<a href=\"https:\/\/vestibulares.estrategia.com\/portal\/web-stories\/tema-de-redacao-do-enem-2022\/\">\n\t\t\t\t\t\t\t\t\t\t\t\t\t<img src=\"https:\/\/vestibulares.estrategia.com\/portal\/wp-content\/uploads\/2022\/11\/tema-de-redacao-enem-2022-webstories.jpg\" width=\"360\" height=\"600\" alt=\"Tema de reda&ccedil;&atilde;o do Enem 2022: &ldquo;Desafios para a valoriza&ccedil;&atilde;o de comunidades e povos tradicionais no Brasil&rdquo;\" loading=\"lazy\" decoding=\"async\" data-amp-story-player-poster-img>\n\t\t\t\t\t\t\t\t\t\t\t\t<\/a>\n\t\t\t\t<\/amp-story-player>\n\t\t\t<\/div>\n\t\t<\/div><h2 class=\"wp-block-heading\"><span class=\"ez-toc-section\" id=\"Qual-e-o-modelo-de-redacao-do-Enem\"><\/span>Qual &eacute; o modelo de reda&ccedil;&atilde;o do Enem?<span class=\"ez-toc-section-end\"><\/span><\/h2><p>O candidato deve produzir um&nbsp;<strong>&ldquo;texto dissertativo-argumentativo a partir de uma situa&ccedil;&atilde;o-problema&rdquo;.<\/strong><\/p><p>Al&eacute;m disso, essa texto deve ter at&eacute; 30 linhas, j&aacute; o m&iacute;nimo s&atilde;o 7 linhas. Caso o candidato n&atilde;o cumpra o determinado, a reda&ccedil;&atilde;o &eacute; anulada.<\/p><h2 class=\"wp-block-heading\"><span class=\"ez-toc-section\" id=\"Quais-sao-as-competencias-utilizadas-na-correcao-da-redacao\"><\/span>Quais s&atilde;o as compet&ecirc;ncias utilizadas na corre&ccedil;&atilde;o da reda&ccedil;&atilde;o?<span class=\"ez-toc-section-end\"><\/span><\/h2><p>Para realizar a corre&ccedil;&atilde;o da reda&ccedil;&atilde;o de forma padronizada, o Inep determinou cinco compet&ecirc;ncias para avalia&ccedil;&atilde;o do texto. Veja abaixo quais s&atilde;o elas:<\/p><h3 class=\"wp-block-heading\">1 &ndash; Dom&iacute;nio da escrita formal da L&iacute;ngua Portuguesa<\/h3><p>Na primeira compet&ecirc;ncia,&nbsp;<strong>o candidato deve escrever dentro da norma culta da L&iacute;ngua Portuguesa<\/strong>, ou seja,&nbsp;<strong>&eacute; avaliado se a reda&ccedil;&atilde;o do participante est&aacute; de acordo com as regras de ortografia<\/strong>, como acentua&ccedil;&atilde;o, uso do h&iacute;fen, concord&acirc;ncia verbal e nominal, reg&ecirc;ncia verbal e nominal, pronomes, pontua&ccedil;&atilde;o e crase.<\/p><h3 class=\"wp-block-heading\">2 &ndash; Compreender o tema e n&atilde;o fugir da proposta<\/h3><p>Essa compet&ecirc;ncia avalia a&nbsp;<strong>capacidade do candidato de compreender a proposta, redigir o texto dentro da estrutura dissertativa e utilizar repert&oacute;rios socioculturais.<\/strong>&nbsp;Dessa maneira, esse crit&eacute;rio avalia as habilidades de leitura e escrita do participante, al&eacute;m da organiza&ccedil;&atilde;o e delimita&ccedil;&atilde;o de um assunto mais extenso.<\/p><h3 class=\"wp-block-heading\">3 &ndash; Organiza&ccedil;&atilde;o das ideias<\/h3><p>O candidato deve&nbsp;<strong>escrever um texto dissertativo-argumentativo que apresenta clareza em suas ideias e argumentos, justificando sua posi&ccedil;&atilde;o em rela&ccedil;&atilde;o ao tema proposto<\/strong>. Desse modo, essa compet&ecirc;ncia avalia a coer&ecirc;ncia e a plausibilidade entre as ideias apresentadas no texto, al&eacute;m da organiza&ccedil;&atilde;o das ideias.<\/p><p>Essa compet&ecirc;ncia tamb&eacute;m avalia a argumenta&ccedil;&atilde;o, ao passo que o candidato deve apresentar seu ponto de vista de forma clara e convincente.<\/p><p><strong>+ Saiba mais:<\/strong> <em><a href=\"https:\/\/vestibulares.estrategia.com\/portal\/enem-e-vestibulares\/enem\/tema-de-redacao-enem-2022-veja-os-palpites-dos-professores-do-estrategia-vestibulares\/\" target=\"_blank\">Veja os palpites dos professores do Estrat&eacute;gia Vestibulares para o tema de reda&ccedil;&atilde;o do Enem<\/a><\/em><\/p><h3 class=\"wp-block-heading\">4 &ndash; Coes&atilde;o e coer&ecirc;ncia na reda&ccedil;&atilde;o<\/h3><p>A quarta compet&ecirc;ncia&nbsp;<strong>avalia o candidato a respeito da organiza&ccedil;&atilde;o textual<\/strong>, em que os par&aacute;grafos e frases devem estar conectadas entre si, garantindo uma sequ&ecirc;ncia coerente e interdepend&ecirc;ncia na reda&ccedil;&atilde;o.<\/p><h3 class=\"wp-block-heading\">5 &ndash; Proposta de Interven&ccedil;&atilde;o<\/h3><p>O candidato deve escrever uma proposta de interven&ccedil;&atilde;o para a tem&aacute;tica, ou seja, apontar uma iniciativa para enfrentar o problema proposto. Para a proposta de interven&ccedil;&atilde;o ser considerada completa, &eacute; preciso ter cinco elementos, sendo eles: agente, a&ccedil;&atilde;o, meio, finalidade e detalhamento, al&eacute;m de estar de acordo com os direitos humanos.<\/p><h2 class=\"wp-block-heading\"><span class=\"ez-toc-section\" id=\"O-que-pode-zerar-a-redacao-do-Enem\"><\/span>O que pode zerar a reda&ccedil;&atilde;o do Enem?<span class=\"ez-toc-section-end\"><\/span><\/h2><p>Veja o que pode anular a reda&ccedil;&atilde;o, segundo o&nbsp;<a href=\"https:\/\/vestibulares.estrategia.com\/portal\/enem\/edital-enem-2021\/\" target=\"_blank\">edital&nbsp;<\/a>da prova:<\/p><ul class=\"wp-block-list\"><li>N&atilde;o atender &agrave; proposta solicitada ou possua outra estrutura textual que n&atilde;o seja a estrutura dissertativo-argumentativa, o que configurar&aacute; &ldquo;Fuga ao tema\/n&atilde;o atendimento &agrave; estrutura dissertativo-argumentativa&rdquo;;<\/li><li>N&atilde;o apresentar texto escrito na Folha de Reda&ccedil;&atilde;o, que ser&aacute; considerada &ldquo;Em Branco&rdquo;;<\/li><li>Apresentar at&eacute; sete linhas manuscritas, qualquer que seja o conte&uacute;do, o que configurar&aacute; &ldquo;Texto insuficiente&rdquo; ou apresente at&eacute; 10 linhas escritas no sistema braile, qualquer que seja o conte&uacute;do, o que configurar&aacute; &ldquo;Texto insuficiente&rdquo;;<\/li><li>Apresentar improp&eacute;rios, desenhos e outras formas propositais de anula&ccedil;&atilde;o, o que configurar&aacute; &ldquo;Anulada&rdquo;;<\/li><li>Apresentar parte do texto deliberadamente desconectada com o tema proposto, o que configurar&aacute; &ldquo;Anulada&rdquo;;<\/li><li>Apresentar nome, assinatura, rubrica ou qualquer outra forma de identifica&ccedil;&atilde;o no espa&ccedil;o destinado exclusivamente ao texto da reda&ccedil;&atilde;o, o que configurar&aacute; &ldquo;Anulada&rdquo;;<\/li><li>Esteja escrita predominante ou integralmente em l&iacute;ngua estrangeira;<\/li><li>Apresentar letra ileg&iacute;vel, que impossibilite sua leitura por dois avaliadores independentes, o que configurar&aacute; &ldquo;Anulada&rdquo;.<\/li><\/ul><p>Al&eacute;m disso, &ldquo;a reda&ccedil;&atilde;o que apresentar c&oacute;pia dos textos da Proposta de Reda&ccedil;&atilde;o ou do Caderno de Provas ter&aacute; o n&uacute;mero de linhas copiadas desconsiderado para a contagem do n&uacute;mero m&iacute;nimo de linhas.&rdquo;<\/p><h2 class=\"wp-block-heading\"><span class=\"ez-toc-section\" id=\"Calendario-do-Enem-2022\"><\/span>Calend&aacute;rio do Enem 2022<span class=\"ez-toc-section-end\"><\/span><\/h2><figure class=\"wp-block-table\"><table><tbody><tr><td>Solicita&ccedil;&atilde;o de isen&ccedil;&atilde;o e justificativa de aus&ecirc;ncia<\/td><td>4 a 15\/04\/2022<\/td><\/tr><tr><td>Resultado do pedido de isen&ccedil;&atilde;o do Enem 2022<\/td><td>22\/04\/2022<\/td><\/tr><tr><td><strong>Inscri&ccedil;&otilde;es<\/strong>&nbsp;<strong>do Enem 2022<\/strong><\/td><td><strong>10 a 21\/05\/2022<\/strong><\/td><\/tr><tr><td><strong>Pagamento da taxa de inscri&ccedil;&atilde;o at&eacute;<\/strong><\/td><td>27\/05\/2022<\/td><\/tr><tr><td><em>Atendimento Especializado &ndash; Solicita&ccedil;&atilde;o<\/em><\/td><td>10 a 21\/05\/2022<\/td><\/tr><tr><td><em>Atendimento Especializado &ndash; Resultado<\/em><\/td><td>07\/06\/2022<\/td><\/tr><tr><td><em>Atendimento Especializado &ndash; Recurso<\/em><\/td><td>07 a 12\/06\/2022<\/td><\/tr><tr><td><em>Atendimento Especializado &ndash; Resultado do Recurso<\/em><\/td><td>22\/06\/2022<\/td><\/tr><tr><td><em>Tratamento pelo Nome Social &ndash; Solicita&ccedil;&atilde;o<\/em><\/td><td>23 a 28\/06\/2022<\/td><\/tr><tr><td><em>Tratamento pelo Nome Social &ndash; Resultado<\/em><\/td><td>05\/07\/2022<\/td><\/tr><tr><td><em>Tratamento pelo Nome Social &ndash; Recurso<\/em><\/td><td>05 a 10\/07\/2022<\/td><\/tr><tr><td><em>Tratamento pelo Nome Social &ndash; Resultado do Recurso<\/em><\/td><td>15\/07\/2022<\/td><\/tr><tr><td><strong>Aplica&ccedil;&atilde;o<\/strong>&nbsp;<strong>Enem 2022<\/strong><\/td><td><strong>13 e 20\/11\/2022<\/strong><\/td><\/tr><tr><td>Divulga&ccedil;&atilde;o do gabarito oficial<\/td><td>Ainda sem data<\/td><\/tr><tr><td><strong>Divulga&ccedil;&atilde;o do resultado do Enem 2022<\/strong><\/td><td><strong>Ainda sem data<\/strong><\/td><\/tr><\/tbody><\/table><\/figure><h2 class=\"wp-block-heading\"><span class=\"ez-toc-section\" id=\"Qual-e-o-formato-do-Enem\"><\/span>Qual &eacute; o formato do Enem?<span class=\"ez-toc-section-end\"><\/span><\/h2><p>O Enem &eacute; aplicado em dois domingos diferentes, sendo que&nbsp;<strong>em cada dia o participante deve responder a 90 quest&otilde;es<\/strong>, al&eacute;m da&nbsp;<a href=\"https:\/\/vestibulares.estrategia.com\/portal\/redacao\/redacao-dissertativa-argumentativa\/\" target=\"_blank\">reda&ccedil;&atilde;o dissertativa-argumentativa<\/a>&nbsp;no primeiro dia de exame.<\/p><h3 class=\"wp-block-heading\">Enem &ndash; primeiro dia<\/h3><ul class=\"wp-block-list\"><li>45 quest&otilde;es de Linguagens, C&oacute;digos e suas tecnologias;<\/li><li>45 quest&otilde;es de Ci&ecirc;ncias Humanas e suas tecnologias; e<\/li><li>1 reda&ccedil;&atilde;o dissertativa-argumentativa.<\/li><\/ul><p>O primeiro dia de prova tem dura&ccedil;&atilde;o de 5h30 para que o candidato consiga responder a todas as quest&otilde;es e fazer a produ&ccedil;&atilde;o textual.<\/p><h3 class=\"wp-block-heading\">Enem &ndash; segundo dia<\/h3><ul class=\"wp-block-list\"><li>45 quest&otilde;es de Ci&ecirc;ncias da Natureza e suas tecnologias; e<\/li><li>45 quest&otilde;es de Matem&aacute;tica e suas tecnologias.<\/li><\/ul><p>No segundo dia, por n&atilde;o possuir a a reda&ccedil;&atilde;o, a prova &eacute; mais curta e tem a dura&ccedil;&atilde;o de, no m&aacute;ximo, 5h.<\/p><h2 class=\"wp-block-heading\"><span class=\"ez-toc-section\" id=\"Quando-sai-a-nota-da-redacao-do-Enem-2022\"><\/span>Quando sai a nota da reda&ccedil;&atilde;o do Enem 2022?<span class=\"ez-toc-section-end\"><\/span><\/h2><p>Ainda n&atilde;o h&aacute; uma data espec&iacute;fica para a divulga&ccedil;&atilde;o da nota da reda&ccedil;&atilde;o do Enem. Caso o Inep siga o cronograma utilizado nas &uacute;ltimas edi&ccedil;&otilde;es,&nbsp;<strong>o resultado da prova ser&aacute; publicado em meados de janeiro de 2022<\/strong>.<\/p><h2 class=\"wp-block-heading\"><span class=\"ez-toc-section\" id=\"Onde-usar-a-nota-do-Enem\"><\/span>Onde usar a nota do Enem?<span class=\"ez-toc-section-end\"><\/span><\/h2><p>A nota do Enem pode garantir ingresso em universidades p&uacute;blicas, privadas e at&eacute; mesmo em institui&ccedil;&otilde;es do exterior:<\/p><ul class=\"wp-block-list\"><li><strong>Sistema de Sele&ccedil;&atilde;o Unificada (<a href=\"https:\/\/vestibulares.estrategia.com\/portal\/guias\/sisu-o-que-e\/\" target=\"_blank\">Sisu<\/a>)<\/strong>: programa de acesso a todas as universidades e institutos federais brasileiros e tamb&eacute;m para diversas outras universidades estaduais.<\/li><li><strong>Programa Universidade Para Todos (<a href=\"https:\/\/vestibulares.estrategia.com\/portal\/guias\/prouni\/\" target=\"_blank\">Prouni<\/a>):<\/strong>&nbsp;programa do governo que oferece bolsas de estudo de 50% e 100% em faculdades e universidades privadas brasileiras para estudantes do Ensino M&eacute;dio p&uacute;blico.<\/li><li><strong>Fundo de Financiamento Estudantil (<a href=\"https:\/\/vestibulares.estrategia.com\/portal\/guias\/fies\/\" target=\"_blank\">Fies<\/a>):&nbsp;<\/strong>programa voltado para o financiamento das mensalidades em faculdades e universidades privadas.<\/li><li><strong><a href=\"https:\/\/vestibulares.estrategia.com\/portal\/enem\/enem-portugal\/\" target=\"_blank\">Enem Portugal<\/a>:<\/strong>&nbsp;uma parceria do Instituto Nacional de Estudos e Pesquisas Educacionais An&iacute;sio de Teixeira com o Minist&eacute;rio da Educa&ccedil;&atilde;o portugu&ecirc;s. Atualmente, mais de&nbsp;50 universidades portuguesas aceitam a nota do Enem<strong>&nbsp;<\/strong>como forma de ingresso.<\/li><\/ul><h2 class=\"wp-block-heading\"><span class=\"ez-toc-section\" id=\"Guia-do-Enem\"><\/span>Guia do Enem<span class=\"ez-toc-section-end\"><\/span><\/h2><p>Voc&ecirc; sabia que o<strong>&nbsp;Enem &eacute; o segundo maior vestibular do mundo<\/strong>? A prova perde apenas para o Gaokao, da China. Ou seja, essa &eacute; uma das maiores oportunidades para conseguir a sua vaga dos sonhos em uma universidade, seja ela p&uacute;blica ou privada.&nbsp;<\/p><p>Para te ajudar, o&nbsp;<strong>Portal do EV<\/strong>&nbsp;desenvolveu o<strong>&nbsp;<a href=\"https:\/\/gratis.estrategiaconcursos.com.br\/guia-do-enem-e-book\/?utm_source=blog&amp;utm_medium=organic&amp;utm_campaign=blog-to-product\" target=\"_blank\">Guia do Enem<\/a><\/strong>, com tudo o que voc&ecirc; precisa saber sobre a sobre a prova; desde a inscri&ccedil;&atilde;o, o que estudar, poss&iacute;veis temas de reda&ccedil;&atilde;o e at&eacute; indica&ccedil;&otilde;es de onde voc&ecirc; pode usar a sua nota para conquistar o sonho de ingressar em uma universidade de qualidade.&nbsp;<\/p><p>Veja algumas das informa&ccedil;&otilde;es que voc&ecirc; encontrar&aacute; no Guia do Enem:<\/p><ul class=\"wp-block-list\"><li><em>Enem Impresso x Enem Digital<\/em><\/li><li><em>Calend&aacute;rio do Enem<\/em><\/li><li><em>TRI: como funciona a nota do Enem<\/em><\/li><li><em>Checklist: veja o que mais cai no Enem por disciplina<\/em><\/li><li><em>Como desenvolver repert&oacute;rio sociocultural para a reda&ccedil;&atilde;o?<\/em><\/li><li><em>Exemplos de reda&ccedil;&atilde;o nota 1.000<\/em><\/li><\/ul><div class=\"wp-block-buttons is-content-justification-center is-layout-flex wp-block-buttons-is-layout-flex\">\n<div class=\"wp-block-button\"><a class=\"wp-block-button__link\" href=\"https:\/\/gratis.estrategiaconcursos.com.br\/guia-do-enem-e-book\/?utm_source=blog&amp;utm_medium=organic&amp;utm_campaign=blog-to-product\" target=\"_blank\" rel=\"noopener noreferrer\">BAIXE O GUIA DO ENEM<\/a><\/div>\n<\/div><p>\n\n\n\n<a id=\"cta\" class=\"cta-imagem\" href=\"https:\/\/vestibulares.estrategia.com\/curso\/pacote-enem\/\" target=\"blank\">\n                <img decoding=\"async\" width=\"100%\" src=\"https:\/\/vestibulares.estrategia.com\/portal\/wp-content\/uploads\/2021\/12\/Enem.jpg\" alt=\"CTA curso Enem\" title=\"CTA curso Enem\">\n        <\/a>\n<\/p><\/p>\n","protected":false},"excerpt":{"rendered":"Tema escolhido pelo Inep aborda a valoriza\u00e7\u00e3o de comunidades de povos tradicionais; veja como a tem\u00e1tica pode ser desenvolvida\n","protected":false},"author":31,"featured_media":81310,"comment_status":"closed","ping_status":"closed","sticky":false,"template":"","format":"standard","meta":{"wl_entities_gutenberg":"","footnotes":""},"categories":[43],"tags":[],"wl_entity_type":[732],"class_list":{"0":"post-81305","1":"post","2":"type-post","3":"status-publish","4":"format-standard","5":"has-post-thumbnail","7":"category-enem","8":"wl_entity_type-article"},"acf":[],"yoast_head":"<!-- This site is optimized with the Yoast SEO Premium plugin v25.9 (Yoast SEO v25.9) - https:\/\/yoast.com\/wordpress\/plugins\/seo\/ -->\n<title>Tema de reda\u00e7\u00e3o Enem 2022: &quot;Desafios para a valoriza\u00e7\u00e3o de comunidades e povos tradicionais no Brasil&quot;<\/title>\n<meta name=\"description\" content=\"Tema escolhido pelo Inep aborda a valoriza\u00e7\u00e3o de comunidades de povos tradicionais; veja como a tem\u00e1tica pode ser desenvolvida\" \/>\n<meta name=\"robots\" content=\"index, follow, max-snippet:-1, max-image-preview:large, max-video-preview:-1\" \/>\n<link rel=\"canonical\" href=\"https:\/\/vestibulares.estrategia.com\/portal\/enem-e-vestibulares\/enem\/tema-de-redacao-enem-2022\/\" \/>\n<meta property=\"og:locale\" content=\"pt_BR\" \/>\n<meta property=\"og:type\" content=\"article\" \/>\n<meta property=\"og:title\" content=\"Tema de reda\u00e7\u00e3o Enem 2022: &quot;Desafios para a valoriza\u00e7\u00e3o de comunidades e povos tradicionais no Brasil&quot;\" \/>\n<meta property=\"og:description\" content=\"Tema escolhido pelo Inep aborda a valoriza\u00e7\u00e3o de comunidades de povos tradicionais; veja como a tem\u00e1tica pode ser desenvolvida\" \/>\n<meta property=\"og:url\" content=\"https:\/\/vestibulares.estrategia.com\/portal\/enem-e-vestibulares\/enem\/tema-de-redacao-enem-2022\/\" \/>\n<meta property=\"og:site_name\" content=\"Estrat\u00e9gia Vestibulares\" \/>\n<meta property=\"article:publisher\" content=\"https:\/\/facebook.com\/estrategiavestibulares\" \/>\n<meta property=\"article:published_time\" content=\"2022-11-13T16:51:20+00:00\" \/>\n<meta property=\"article:modified_time\" content=\"2022-11-13T23:52:01+00:00\" \/>\n<meta property=\"og:image\" content=\"https:\/\/cdn.blog.estrategiavestibulares.com.br\/vestibulares\/wp-content\/uploads\/2022\/11\/tema-de-redacao-enem-2022.jpg\" \/>\n\t<meta property=\"og:image:width\" content=\"1280\" \/>\n\t<meta property=\"og:image:height\" content=\"720\" \/>\n\t<meta property=\"og:image:type\" content=\"image\/jpeg\" \/>\n<meta name=\"author\" content=\"Isabela Giordan\" \/>\n<meta name=\"twitter:card\" content=\"summary_large_image\" \/>\n<meta name=\"twitter:creator\" content=\"@Estrategiavest\" \/>\n<meta name=\"twitter:site\" content=\"@Estrategiavest\" \/>\n<meta name=\"twitter:label1\" content=\"Escrito por\" \/>\n\t<meta name=\"twitter:data1\" content=\"Isabela Giordan\" \/>\n\t<meta name=\"twitter:label2\" content=\"Est. tempo de leitura\" \/>\n\t<meta name=\"twitter:data2\" content=\"11 minutos\" \/>\n<script type=\"application\/ld+json\" class=\"yoast-schema-graph\">{\"@context\":\"https:\/\/schema.org\",\"@graph\":[{\"@type\":\"NewsArticle\",\"@id\":\"https:\/\/vestibulares.estrategia.com\/portal\/enem-e-vestibulares\/enem\/tema-de-redacao-enem-2022\/#article\",\"isPartOf\":{\"@id\":\"https:\/\/vestibulares.estrategia.com\/portal\/enem-e-vestibulares\/enem\/tema-de-redacao-enem-2022\/\"},\"author\":{\"name\":\"Isabela Giordan\",\"@id\":\"https:\/\/vestibulares.estrategia.com\/portal\/#\/schema\/person\/921258b32670b22cbb1ae385e2fcb501\"},\"headline\":\"Tema de reda\u00e7\u00e3o Enem 2022: &#8220;Desafios para a valoriza\u00e7\u00e3o de comunidades e povos tradicionais no Brasil&#8221;\",\"datePublished\":\"2022-11-13T16:51:20+00:00\",\"dateModified\":\"2022-11-13T23:52:01+00:00\",\"mainEntityOfPage\":{\"@id\":\"https:\/\/vestibulares.estrategia.com\/portal\/enem-e-vestibulares\/enem\/tema-de-redacao-enem-2022\/\"},\"wordCount\":2260,\"publisher\":{\"@id\":\"https:\/\/vestibulares.estrategia.com\/portal\/#organization\"},\"image\":{\"@id\":\"https:\/\/vestibulares.estrategia.com\/portal\/enem-e-vestibulares\/enem\/tema-de-redacao-enem-2022\/#primaryimage\"},\"thumbnailUrl\":\"https:\/\/vestibulares.estrategia.com\/portal\/wp-content\/uploads\/2022\/11\/tema-de-redacao-enem-2022.jpg\",\"articleSection\":[\"Enem\"],\"inLanguage\":\"pt-BR\"},{\"@type\":\"WebPage\",\"@id\":\"https:\/\/vestibulares.estrategia.com\/portal\/enem-e-vestibulares\/enem\/tema-de-redacao-enem-2022\/\",\"url\":\"https:\/\/vestibulares.estrategia.com\/portal\/enem-e-vestibulares\/enem\/tema-de-redacao-enem-2022\/\",\"name\":\"Tema de reda\u00e7\u00e3o Enem 2022: \\\"Desafios para a valoriza\u00e7\u00e3o de comunidades e povos tradicionais no Brasil\\\"\",\"isPartOf\":{\"@id\":\"https:\/\/vestibulares.estrategia.com\/portal\/#website\"},\"primaryImageOfPage\":{\"@id\":\"https:\/\/vestibulares.estrategia.com\/portal\/enem-e-vestibulares\/enem\/tema-de-redacao-enem-2022\/#primaryimage\"},\"image\":{\"@id\":\"https:\/\/vestibulares.estrategia.com\/portal\/enem-e-vestibulares\/enem\/tema-de-redacao-enem-2022\/#primaryimage\"},\"thumbnailUrl\":\"https:\/\/vestibulares.estrategia.com\/portal\/wp-content\/uploads\/2022\/11\/tema-de-redacao-enem-2022.jpg\",\"datePublished\":\"2022-11-13T16:51:20+00:00\",\"dateModified\":\"2022-11-13T23:52:01+00:00\",\"description\":\"Tema escolhido pelo Inep aborda a valoriza\u00e7\u00e3o de comunidades de povos tradicionais; veja como a tem\u00e1tica pode ser desenvolvida\",\"breadcrumb\":{\"@id\":\"https:\/\/vestibulares.estrategia.com\/portal\/enem-e-vestibulares\/enem\/tema-de-redacao-enem-2022\/#breadcrumb\"},\"inLanguage\":\"pt-BR\",\"potentialAction\":[{\"@type\":\"ReadAction\",\"target\":[\"https:\/\/vestibulares.estrategia.com\/portal\/enem-e-vestibulares\/enem\/tema-de-redacao-enem-2022\/\"]}]},{\"@type\":\"ImageObject\",\"inLanguage\":\"pt-BR\",\"@id\":\"https:\/\/vestibulares.estrategia.com\/portal\/enem-e-vestibulares\/enem\/tema-de-redacao-enem-2022\/#primaryimage\",\"url\":\"https:\/\/vestibulares.estrategia.com\/portal\/wp-content\/uploads\/2022\/11\/tema-de-redacao-enem-2022.jpg\",\"contentUrl\":\"https:\/\/vestibulares.estrategia.com\/portal\/wp-content\/uploads\/2022\/11\/tema-de-redacao-enem-2022.jpg\",\"width\":1280,\"height\":720,\"caption\":\"tema de reda\u00e7\u00e3o enem 2022\"},{\"@type\":\"BreadcrumbList\",\"@id\":\"https:\/\/vestibulares.estrategia.com\/portal\/enem-e-vestibulares\/enem\/tema-de-redacao-enem-2022\/#breadcrumb\",\"itemListElement\":[{\"@type\":\"ListItem\",\"position\":1,\"name\":\"Home\",\"item\":\"https:\/\/vestibulares.estrategia.com\/portal\/\"},{\"@type\":\"ListItem\",\"position\":2,\"name\":\"Enem e Vestibulares\",\"item\":\"https:\/\/vestibulares.estrategia.com\/portal\/enem-e-vestibulares\/\"},{\"@type\":\"ListItem\",\"position\":3,\"name\":\"Enem\",\"item\":\"https:\/\/vestibulares.estrategia.com\/portal\/enem-e-vestibulares\/enem\/\"},{\"@type\":\"ListItem\",\"position\":4,\"name\":\"Tema de reda\u00e7\u00e3o Enem 2022: &#8220;Desafios para a valoriza\u00e7\u00e3o de comunidades e povos tradicionais no Brasil&#8221;\"}]},{\"@type\":\"WebSite\",\"@id\":\"https:\/\/vestibulares.estrategia.com\/portal\/#website\",\"url\":\"https:\/\/vestibulares.estrategia.com\/portal\/\",\"name\":\"Estrat\u00e9gia Vestibulares\",\"description\":\"\",\"publisher\":{\"@id\":\"https:\/\/vestibulares.estrategia.com\/portal\/#organization\"},\"potentialAction\":[{\"@type\":\"SearchAction\",\"target\":{\"@type\":\"EntryPoint\",\"urlTemplate\":\"https:\/\/vestibulares.estrategia.com\/portal\/?s={search_term_string}\"},\"query-input\":{\"@type\":\"PropertyValueSpecification\",\"valueRequired\":true,\"valueName\":\"search_term_string\"}}],\"inLanguage\":\"pt-BR\"},{\"@type\":\"Organization\",\"@id\":\"https:\/\/vestibulares.estrategia.com\/portal\/#organization\",\"name\":\"Estrat\u00e9gia Vestibulares\",\"url\":\"https:\/\/vestibulares.estrategia.com\/portal\/\",\"logo\":{\"@type\":\"ImageObject\",\"inLanguage\":\"pt-BR\",\"@id\":\"https:\/\/vestibulares.estrategia.com\/portal\/#\/schema\/logo\/image\/\",\"url\":\"https:\/\/vestibulares.estrategia.com\/portal\/wp-content\/uploads\/2021\/06\/Logo-Vestibulares@4x.png\",\"contentUrl\":\"https:\/\/vestibulares.estrategia.com\/portal\/wp-content\/uploads\/2021\/06\/Logo-Vestibulares@4x.png\",\"width\":250,\"height\":66,\"caption\":\"Estrat\u00e9gia Vestibulares\"},\"image\":{\"@id\":\"https:\/\/vestibulares.estrategia.com\/portal\/#\/schema\/logo\/image\/\"},\"sameAs\":[\"https:\/\/facebook.com\/estrategiavestibulares\",\"https:\/\/x.com\/Estrategiavest\",\"https:\/\/www.instagram.com\/estrategiavestibulares\",\"https:\/\/www.youtube.com\/channel\/UCGWdZy8ULI-7_5GrABa4vNA\"]},{\"@type\":\"Person\",\"@id\":\"https:\/\/vestibulares.estrategia.com\/portal\/#\/schema\/person\/921258b32670b22cbb1ae385e2fcb501\",\"name\":\"Isabela Giordan\",\"image\":{\"@type\":\"ImageObject\",\"inLanguage\":\"pt-BR\",\"@id\":\"https:\/\/vestibulares.estrategia.com\/portal\/#\/schema\/person\/image\/\",\"url\":\"https:\/\/secure.gravatar.com\/avatar\/474493e24ecabfb752d6ed2de1af8d2f?s=96&d=mm&r=g\",\"contentUrl\":\"https:\/\/secure.gravatar.com\/avatar\/474493e24ecabfb752d6ed2de1af8d2f?s=96&d=mm&r=g\",\"caption\":\"Isabela Giordan\"},\"description\":\"Jornalista de Educa\u00e7\u00e3o e Coordenadora de Jornalismo do Estrat\u00e9gia Vestibulares.\",\"url\":\"https:\/\/vestibulares.estrategia.com\/portal\/author\/isabela\/\"}]}<\/script>\n<!-- \/ Yoast SEO Premium plugin. -->","yoast_head_json":{"title":"Tema de reda\u00e7\u00e3o Enem 2022: \"Desafios para a valoriza\u00e7\u00e3o de comunidades e povos tradicionais no Brasil\"","description":"Tema escolhido pelo Inep aborda a valoriza\u00e7\u00e3o de comunidades de povos tradicionais; veja como a tem\u00e1tica pode ser desenvolvida","robots":{"index":"index","follow":"follow","max-snippet":"max-snippet:-1","max-image-preview":"max-image-preview:large","max-video-preview":"max-video-preview:-1"},"canonical":"https:\/\/vestibulares.estrategia.com\/portal\/enem-e-vestibulares\/enem\/tema-de-redacao-enem-2022\/","og_locale":"pt_BR","og_type":"article","og_title":"Tema de reda\u00e7\u00e3o Enem 2022: \"Desafios para a valoriza\u00e7\u00e3o de comunidades e povos tradicionais no Brasil\"","og_description":"Tema escolhido pelo Inep aborda a valoriza\u00e7\u00e3o de comunidades de povos tradicionais; veja como a tem\u00e1tica pode ser desenvolvida","og_url":"https:\/\/vestibulares.estrategia.com\/portal\/enem-e-vestibulares\/enem\/tema-de-redacao-enem-2022\/","og_site_name":"Estrat\u00e9gia Vestibulares","article_publisher":"https:\/\/facebook.com\/estrategiavestibulares","article_published_time":"2022-11-13T16:51:20+00:00","article_modified_time":"2022-11-13T23:52:01+00:00","og_image":[{"width":1280,"height":720,"url":"https:\/\/cdn.blog.estrategiavestibulares.com.br\/vestibulares\/wp-content\/uploads\/2022\/11\/tema-de-redacao-enem-2022.jpg","type":"image\/jpeg"}],"author":"Isabela Giordan","twitter_card":"summary_large_image","twitter_creator":"@Estrategiavest","twitter_site":"@Estrategiavest","twitter_misc":{"Escrito por":"Isabela Giordan","Est. tempo de leitura":"11 minutos"},"schema":{"@context":"https:\/\/schema.org","@graph":[{"@type":"NewsArticle","@id":"https:\/\/vestibulares.estrategia.com\/portal\/enem-e-vestibulares\/enem\/tema-de-redacao-enem-2022\/#article","isPartOf":{"@id":"https:\/\/vestibulares.estrategia.com\/portal\/enem-e-vestibulares\/enem\/tema-de-redacao-enem-2022\/"},"author":{"name":"Isabela Giordan","@id":"https:\/\/vestibulares.estrategia.com\/portal\/#\/schema\/person\/921258b32670b22cbb1ae385e2fcb501"},"headline":"Tema de reda\u00e7\u00e3o Enem 2022: &#8220;Desafios para a valoriza\u00e7\u00e3o de comunidades e povos tradicionais no Brasil&#8221;","datePublished":"2022-11-13T16:51:20+00:00","dateModified":"2022-11-13T23:52:01+00:00","mainEntityOfPage":{"@id":"https:\/\/vestibulares.estrategia.com\/portal\/enem-e-vestibulares\/enem\/tema-de-redacao-enem-2022\/"},"wordCount":2260,"publisher":{"@id":"https:\/\/vestibulares.estrategia.com\/portal\/#organization"},"image":{"@id":"https:\/\/vestibulares.estrategia.com\/portal\/enem-e-vestibulares\/enem\/tema-de-redacao-enem-2022\/#primaryimage"},"thumbnailUrl":"https:\/\/vestibulares.estrategia.com\/portal\/wp-content\/uploads\/2022\/11\/tema-de-redacao-enem-2022.jpg","articleSection":["Enem"],"inLanguage":"pt-BR"},{"@type":"WebPage","@id":"https:\/\/vestibulares.estrategia.com\/portal\/enem-e-vestibulares\/enem\/tema-de-redacao-enem-2022\/","url":"https:\/\/vestibulares.estrategia.com\/portal\/enem-e-vestibulares\/enem\/tema-de-redacao-enem-2022\/","name":"Tema de reda\u00e7\u00e3o Enem 2022: \"Desafios para a valoriza\u00e7\u00e3o de comunidades e povos tradicionais no Brasil\"","isPartOf":{"@id":"https:\/\/vestibulares.estrategia.com\/portal\/#website"},"primaryImageOfPage":{"@id":"https:\/\/vestibulares.estrategia.com\/portal\/enem-e-vestibulares\/enem\/tema-de-redacao-enem-2022\/#primaryimage"},"image":{"@id":"https:\/\/vestibulares.estrategia.com\/portal\/enem-e-vestibulares\/enem\/tema-de-redacao-enem-2022\/#primaryimage"},"thumbnailUrl":"https:\/\/vestibulares.estrategia.com\/portal\/wp-content\/uploads\/2022\/11\/tema-de-redacao-enem-2022.jpg","datePublished":"2022-11-13T16:51:20+00:00","dateModified":"2022-11-13T23:52:01+00:00","description":"Tema escolhido pelo Inep aborda a valoriza\u00e7\u00e3o de comunidades de povos tradicionais; veja como a tem\u00e1tica pode ser desenvolvida","breadcrumb":{"@id":"https:\/\/vestibulares.estrategia.com\/portal\/enem-e-vestibulares\/enem\/tema-de-redacao-enem-2022\/#breadcrumb"},"inLanguage":"pt-BR","potentialAction":[{"@type":"ReadAction","target":["https:\/\/vestibulares.estrategia.com\/portal\/enem-e-vestibulares\/enem\/tema-de-redacao-enem-2022\/"]}]},{"@type":"ImageObject","inLanguage":"pt-BR","@id":"https:\/\/vestibulares.estrategia.com\/portal\/enem-e-vestibulares\/enem\/tema-de-redacao-enem-2022\/#primaryimage","url":"https:\/\/vestibulares.estrategia.com\/portal\/wp-content\/uploads\/2022\/11\/tema-de-redacao-enem-2022.jpg","contentUrl":"https:\/\/vestibulares.estrategia.com\/portal\/wp-content\/uploads\/2022\/11\/tema-de-redacao-enem-2022.jpg","width":1280,"height":720,"caption":"tema de reda\u00e7\u00e3o enem 2022"},{"@type":"BreadcrumbList","@id":"https:\/\/vestibulares.estrategia.com\/portal\/enem-e-vestibulares\/enem\/tema-de-redacao-enem-2022\/#breadcrumb","itemListElement":[{"@type":"ListItem","position":1,"name":"Home","item":"https:\/\/vestibulares.estrategia.com\/portal\/"},{"@type":"ListItem","position":2,"name":"Enem e Vestibulares","item":"https:\/\/vestibulares.estrategia.com\/portal\/enem-e-vestibulares\/"},{"@type":"ListItem","position":3,"name":"Enem","item":"https:\/\/vestibulares.estrategia.com\/portal\/enem-e-vestibulares\/enem\/"},{"@type":"ListItem","position":4,"name":"Tema de reda\u00e7\u00e3o Enem 2022: &#8220;Desafios para a valoriza\u00e7\u00e3o de comunidades e povos tradicionais no Brasil&#8221;"}]},{"@type":"WebSite","@id":"https:\/\/vestibulares.estrategia.com\/portal\/#website","url":"https:\/\/vestibulares.estrategia.com\/portal\/","name":"Estrat\u00e9gia Vestibulares","description":"","publisher":{"@id":"https:\/\/vestibulares.estrategia.com\/portal\/#organization"},"potentialAction":[{"@type":"SearchAction","target":{"@type":"EntryPoint","urlTemplate":"https:\/\/vestibulares.estrategia.com\/portal\/?s={search_term_string}"},"query-input":{"@type":"PropertyValueSpecification","valueRequired":true,"valueName":"search_term_string"}}],"inLanguage":"pt-BR"},{"@type":"Organization","@id":"https:\/\/vestibulares.estrategia.com\/portal\/#organization","name":"Estrat\u00e9gia Vestibulares","url":"https:\/\/vestibulares.estrategia.com\/portal\/","logo":{"@type":"ImageObject","inLanguage":"pt-BR","@id":"https:\/\/vestibulares.estrategia.com\/portal\/#\/schema\/logo\/image\/","url":"https:\/\/vestibulares.estrategia.com\/portal\/wp-content\/uploads\/2021\/06\/Logo-Vestibulares@4x.png","contentUrl":"https:\/\/vestibulares.estrategia.com\/portal\/wp-content\/uploads\/2021\/06\/Logo-Vestibulares@4x.png","width":250,"height":66,"caption":"Estrat\u00e9gia Vestibulares"},"image":{"@id":"https:\/\/vestibulares.estrategia.com\/portal\/#\/schema\/logo\/image\/"},"sameAs":["https:\/\/facebook.com\/estrategiavestibulares","https:\/\/x.com\/Estrategiavest","https:\/\/www.instagram.com\/estrategiavestibulares","https:\/\/www.youtube.com\/channel\/UCGWdZy8ULI-7_5GrABa4vNA"]},{"@type":"Person","@id":"https:\/\/vestibulares.estrategia.com\/portal\/#\/schema\/person\/921258b32670b22cbb1ae385e2fcb501","name":"Isabela Giordan","image":{"@type":"ImageObject","inLanguage":"pt-BR","@id":"https:\/\/vestibulares.estrategia.com\/portal\/#\/schema\/person\/image\/","url":"https:\/\/secure.gravatar.com\/avatar\/474493e24ecabfb752d6ed2de1af8d2f?s=96&d=mm&r=g","contentUrl":"https:\/\/secure.gravatar.com\/avatar\/474493e24ecabfb752d6ed2de1af8d2f?s=96&d=mm&r=g","caption":"Isabela Giordan"},"description":"Jornalista de Educa\u00e7\u00e3o e Coordenadora de Jornalismo do Estrat\u00e9gia Vestibulares.","url":"https:\/\/vestibulares.estrategia.com\/portal\/author\/isabela\/"}]}},"_wl_alt_label":[],"wl:entity_url":"https:\/\/data.wordlift.io\/wl110249\/post\/tema-de-redacao-enem-2022","_links":{"self":[{"href":"https:\/\/vestibulares.estrategia.com\/portal\/wp-json\/wp\/v2\/posts\/81305","targetHints":{"allow":["GET"]}}],"collection":[{"href":"https:\/\/vestibulares.estrategia.com\/portal\/wp-json\/wp\/v2\/posts"}],"about":[{"href":"https:\/\/vestibulares.estrategia.com\/portal\/wp-json\/wp\/v2\/types\/post"}],"author":[{"embeddable":true,"href":"https:\/\/vestibulares.estrategia.com\/portal\/wp-json\/wp\/v2\/users\/31"}],"replies":[{"embeddable":true,"href":"https:\/\/vestibulares.estrategia.com\/portal\/wp-json\/wp\/v2\/comments?post=81305"}],"version-history":[{"count":11,"href":"https:\/\/vestibulares.estrategia.com\/portal\/wp-json\/wp\/v2\/posts\/81305\/revisions"}],"predecessor-version":[{"id":81524,"href":"https:\/\/vestibulares.estrategia.com\/portal\/wp-json\/wp\/v2\/posts\/81305\/revisions\/81524"}],"wp:featuredmedia":[{"embeddable":true,"href":"https:\/\/vestibulares.estrategia.com\/portal\/wp-json\/wp\/v2\/media\/81310"}],"wp:attachment":[{"href":"https:\/\/vestibulares.estrategia.com\/portal\/wp-json\/wp\/v2\/media?parent=81305"}],"wp:term":[{"taxonomy":"category","embeddable":true,"href":"https:\/\/vestibulares.estrategia.com\/portal\/wp-json\/wp\/v2\/categories?post=81305"},{"taxonomy":"post_tag","embeddable":true,"href":"https:\/\/vestibulares.estrategia.com\/portal\/wp-json\/wp\/v2\/tags?post=81305"},{"taxonomy":"wl_entity_type","embeddable":true,"href":"https:\/\/vestibulares.estrategia.com\/portal\/wp-json\/wp\/v2\/wl_entity_type?post=81305"}],"curies":[{"name":"wp","href":"https:\/\/api.w.org\/{rel}","templated":true}]}}