{"id":82403,"date":"2022-11-24T07:00:00","date_gmt":"2022-11-24T10:00:00","guid":{"rendered":"https:\/\/vestibulares.estrategia.com\/portal\/?p=82403"},"modified":"2022-11-23T07:01:00","modified_gmt":"2022-11-23T10:01:00","slug":"o-que-e-a-cidadania-e-os-movimentos-sociais","status":"publish","type":"post","link":"https:\/\/vestibulares.estrategia.com\/portal\/atualidades-e-dicas\/o-que-e-a-cidadania-e-os-movimentos-sociais\/","title":{"rendered":"O que \u00e9 a cidadania e os movimentos sociais?"},"content":{"rendered":"<p>Em ano de elei&ccedil;&otilde;es no Brasil, &eacute; imprescind&iacute;vel entender mais sobre a cidadania e os movimentos sociais que caracterizam diversas mobiliza&ccedil;&otilde;es da sociedade. Afinal, os movimentos sociais s&atilde;o essenciais para entendermos a luta pelos direitos individuais e da sociedade.&nbsp;<p>Essas mobiliza&ccedil;&otilde;es feitas pelos cidad&atilde;os s&atilde;o voltadas para diversas pautas, como a <a href=\"https:\/\/vestibulares.estrategia.com\/portal\/atualidades-e-dicas\/como-a-desigualdade-racial-impacta-as-eleicoes-brasileiras\/\" target=\"_blank\">desigualdade racial<\/a>, feminismo e de g&ecirc;nero, que buscam os direitos igualit&aacute;rios para a popula&ccedil;&atilde;o. Assim, o cidad&atilde;o &eacute; um conceito sociopol&iacute;tico importante para a constru&ccedil;&atilde;o de aux&iacute;lios sociais e desconstru&ccedil;&atilde;o de discrimina&ccedil;&otilde;es coletivas.<\/p><p>Para abordar o assunto, o <strong>Portal Estrat&eacute;gia Vestibulares<\/strong> preparou este artigo, com os principais pontos das aulas sobre &ldquo;Movimentos Sociais&rdquo; e &ldquo;Cidadania&rdquo;, feitas pelos professores Al&ecirc; Lopes e Marco T&uacute;lio, que est&atilde;o dispon&iacute;veis no nosso canal do YouTube.<\/p><p>A tem&aacute;tica sobre os movimentos sociais pode ser cobrada de in&uacute;meras maneiras nos vestibulares. Para ajudar os vestibulandos, os professores separaram dicas para ajudar os estudantes na hora de trabalhar esses assuntos.<\/p><p>\n\n\n\n<div id=\"new-form\">\n\t<form id=\"forms_layout\">\n\t<input type=\"hidden\" id=\"chave_de\" name=\"chave_de\" value=\"01_EVEST_LEADS_TOTAIS\" \/>\n\t\t<input type=\"hidden\" id=\"mid\" name=\"mid\" value=\"515008983\" \/>\n\t\t<input type=\"hidden\" id=\"Objetivo\" name=\"Objetivo\" value=\"Vestibulares\" \/>\n\t\t<input type=\"hidden\" id=\"Estado_de_Origem_do_IP\" name=\"Estado_de_Origem_do_IP\"  value=\"\" \/>\n\t\t<input type=\"hidden\" id=\"Cidade_de_Origem_do_IP\" name=\"Cidade_de_Origem_do_IP\" value=\"\" \/>\n\t\t<input type=\"hidden\" id=\"Modo_de_entrada\" name=\"Modo_de_entrada\" value=\"Portal\" \/>\n\t\t<input type=\"hidden\" id=\"Pagina_Origem\" name=\"Pagina_Origem\" value=\"\" \/>\n\n\t\t<div class=\"texto\">\n\t\t\t<h3 class=\"news\">Inscreva-se em nossa newsletter\ud83e\udd89<\/h3>\n\t\t\t<p>Receba dicas de estudo gratuitas e saiba em primeira m\u00e3o as novidades sobre o Enem, Sisu, Encceja, Fuvest e outros vestibulares!<\/p>\n\t\t<\/div>\n\t\t<div class=\"campos\">\n\t\t\t<div class=\"first_name labels\">\n\t\t\t\t<input type=\"text\" class=\"input_labels\" id=\"first_name\" name=\"Nome_Completo\" placeholder=\"Nome\" required \/>\n\t\t\t<\/div>\n\t\t\t<div class=\"email labels\">\n\t\t\t\t<input type=\"email\" class=\"input_labels\" id=\"email\" name=\"Email\" placeholder=\"E-mail\" required \/>\n\t\t\t<\/div>\n\t\t\t<button type=\"submit\" class=\"button_layout\">\n\t\t\t\t<div id=\"lblBotao\">Inscreva-se<\/div>\n\t\t\t\t<span id=\"divSpiner\" class=\"loader\" role=\"status\" style=\"display: none;\"><\/span>\t\n\t\t\t<\/button>\n\t\t<\/div><!-- \/campos -->\n\t\t\n\t\t<label class=\"container_checkbox\">Voc\u00ea concorda com a nossa\n\t\t\t<a class=\"politics_privacy_ahref\" target=\"_blank\" href=\"https:\/\/gratis.estrategiaconcursos.com.br\/politica-de-privacidade\/\">Pol\u00edtica de Privacidade<\/a> e aceita receber informa\u00e7\u00f5es adicionais do Estrat\u00e9gia Educacional.\n\t\t\t<input id=\"checkbox_layout\" type=\"checkbox\" checked=\"checked\" required \/>\n\t\t\t<span class=\"checkbox\"><\/span>\n\t\t<\/label>\n\t\t<div id=\"msg\"><\/div>\n\t\t<div id=\"error\" class=\"error\">\n\t\t<\/div>\n\t<\/form>\n<\/div><!-- \/new-form -->\n\n\n\n<\/p><div id=\"ez-toc-container\" class=\"ez-toc-v2_0_76 counter-hierarchy ez-toc-counter ez-toc-transparent ez-toc-container-direction\">\n<div class=\"ez-toc-title-container\"><p class=\"ez-toc-title\" style=\"cursor:inherit\">Navegue pelo conte\u00fado<\/p>\n<\/div><nav><ul class='ez-toc-list ez-toc-list-level-1 ' ><li class='ez-toc-page-1 ez-toc-heading-level-2'><a class=\"ez-toc-link ez-toc-heading-1\" href=\"https:\/\/vestibulares.estrategia.com\/portal\/atualidades-e-dicas\/o-que-e-a-cidadania-e-os-movimentos-sociais\/#Polis-e-o-inicio-da-politica\" >Polis e o in&iacute;cio da pol&iacute;tica<\/a><\/li><li class='ez-toc-page-1 ez-toc-heading-level-2'><a class=\"ez-toc-link ez-toc-heading-2\" href=\"https:\/\/vestibulares.estrategia.com\/portal\/atualidades-e-dicas\/o-que-e-a-cidadania-e-os-movimentos-sociais\/#O-que-e-um-cidadao\" >O que &eacute; um cidad&atilde;o?<\/a><\/li><li class='ez-toc-page-1 ez-toc-heading-level-2'><a class=\"ez-toc-link ez-toc-heading-3\" href=\"https:\/\/vestibulares.estrategia.com\/portal\/atualidades-e-dicas\/o-que-e-a-cidadania-e-os-movimentos-sociais\/#O-que-e-a-cidadania\" >O que &eacute; a cidadania?<\/a><\/li><li class='ez-toc-page-1 ez-toc-heading-level-2'><a class=\"ez-toc-link ez-toc-heading-4\" href=\"https:\/\/vestibulares.estrategia.com\/portal\/atualidades-e-dicas\/o-que-e-a-cidadania-e-os-movimentos-sociais\/#O-que-sao-os-movimentos-sociais\" >O que s&atilde;o os movimentos sociais?<\/a><\/li><li class='ez-toc-page-1 ez-toc-heading-level-2'><a class=\"ez-toc-link ez-toc-heading-5\" href=\"https:\/\/vestibulares.estrategia.com\/portal\/atualidades-e-dicas\/o-que-e-a-cidadania-e-os-movimentos-sociais\/#Como-sao-os-movimentos-sociais-atualmente\" >Como s&atilde;o os movimentos sociais atualmente?<\/a><\/li><li class='ez-toc-page-1 ez-toc-heading-level-2'><a class=\"ez-toc-link ez-toc-heading-6\" href=\"https:\/\/vestibulares.estrategia.com\/portal\/atualidades-e-dicas\/o-que-e-a-cidadania-e-os-movimentos-sociais\/#Estude-com-o-Estrategia-Vestibulares\" >Estude com o Estrat&eacute;gia Vestibulares<\/a><\/li><\/ul><\/nav><\/div>\n<h2 class=\"wp-block-heading\" id=\"h-polis-e-o-inicio-da-politica\"><span class=\"ez-toc-section\" id=\"Polis-e-o-inicio-da-politica\"><\/span>Polis e o in&iacute;cio da pol&iacute;tica<span class=\"ez-toc-section-end\"><\/span><\/h2><p>A polis &eacute; uma cidade-estado e forma de organiza&ccedil;&atilde;o social urbana, coletiva e p&uacute;blica. Esse pequeno territ&oacute;rio, normalmente localizado no ponto mais alto da regi&atilde;o, tinha como objetivo organizar a vida em sociedade, para al&eacute;m dos interesses privados da popula&ccedil;&atilde;o.&nbsp;<\/p><p>Segundo o historiador e arque&oacute;logo especializado em Roma Antiga, Paul Veyne, o aparecimento da polis foi um acontecimento decisivo no desenvolvimento da pol&iacute;tica como t&eacute;cnica do debate p&uacute;blico<\/p><p>Dessa maneira, a pol&iacute;tica surge em virtude da busca pelos interesses coletivos e organizar a sociedade, como meio ambiente, economia e arte. Al&eacute;m disso, o in&iacute;cio da pol&iacute;tica &eacute; marcado pela comunica&ccedil;&atilde;o, pois &eacute; um lugar onde a sociedade debate sobre suas import&acirc;ncias, propostas e sugest&otilde;es.<\/p><p>Nesta &eacute;poca, entende-se a palavra como um instrumento de poder, uma pr&aacute;tica social que busca o bem p&uacute;blico, como algo virtuoso para o funcionamento da sociedade, e um princ&iacute;pio da publicidade da pol&iacute;tica.<\/p><p>Com isso, a ideia de polis &eacute; uma cidade, enquanto a de cidadania &eacute; a participa&ccedil;&atilde;o da governan&ccedil;a da cidade. Quando os gregos desenvolvem a ideia de pol&iacute;tica, eles se questionam sobre o conceito de palavra como instrumento de poder, e quem deve ter esse poder e falar para a popula&ccedil;&atilde;o com o intuito de ajudar a organizar o bem de toda a sociedade.<\/p><h2 class=\"wp-block-heading\" id=\"h-o-que-e-um-cidadao\"><span class=\"ez-toc-section\" id=\"O-que-e-um-cidadao\"><\/span>O que &eacute; um cidad&atilde;o?<span class=\"ez-toc-section-end\"><\/span><\/h2><p>Segundo a Maria Victoria de Mesquita Benevides, em seu livro &ldquo;Cidadania e democracia&rdquo;, na teoria constitucional moderna, o cidad&atilde;o &eacute; o indiv&iacute;duo com um v&iacute;nculo jur&iacute;dico com o Estado, e &eacute; portador de direitos e deveres fixos por uma determinada estrutura legal que lhe confere, ainda, a nacionalidade.<\/p><p>O cidad&atilde;o &eacute; um indiv&iacute;duo com poder de participar da pol&iacute;tica e direito &agrave; vida, liberdade, propriedade, igualdade perante a lei e direitos civis. No Brasil, a tem&aacute;tica de cidadania &eacute; debatida ainda mais em momentos eleitorais, quando o cidad&atilde;o tem o direito e o dever de escolher, indiretamente, os pol&iacute;ticos que representar&atilde;o o Pa&iacute;s.<\/p><p>Na <a href=\"https:\/\/vestibulares.estrategia.com\/portal\/materias\/historia\/grecia-antiga\/\" target=\"_blank\">Gr&eacute;cia Antiga<\/a>, a perspectiva da pol&iacute;tica &eacute; individual e por isso a <a href=\"https:\/\/vestibulares.estrategia.com\/portal\/atualidades-e-dicas\/o-que-e-democracia\/\" target=\"_blank\">democracia<\/a> em Atenas Cl&aacute;ssica era direta, onde h&aacute; a concep&ccedil;&atilde;o de o indiv&iacute;duo ser um sujeito e um objeto do direito. Com isso, surge a ideia de criar um documento que tratava sobre direitos civis e sociais para cidad&atilde;os<\/p><p>A Declara&ccedil;&atilde;o dos Direitos do Homem e do Cidad&atilde;o foi um documento que surgiu ap&oacute;s a Revolu&ccedil;&atilde;o Francesa, reconhecendo que a liberdade e a igualdade s&atilde;o direitos universais e devem ser garantidos a toda popula&ccedil;&atilde;o.<\/p><p>Posteriormente, a Declara&ccedil;&atilde;o Universal dos Direitos Humanos, criada pela Organiza&ccedil;&atilde;o das Na&ccedil;&otilde;es Unidas (ONU), prop&otilde;e a ideia de garantir direitos civis igualit&aacute;rios e livres para todos os cidad&atilde;os, independentemente do territ&oacute;rio. Esta afirma que &ldquo;todos os seres humanos nascem livres e iguais em dignidade e direitos&rdquo;, mas infelizmente os cidad&atilde;os s&atilde;o tratados de forma desigual na sociedade.<\/p><h2 class=\"wp-block-heading\" id=\"h-o-que-e-a-cidadania\"><span class=\"ez-toc-section\" id=\"O-que-e-a-cidadania\"><\/span>O que &eacute; a cidadania?<span class=\"ez-toc-section-end\"><\/span><\/h2><p>A <a href=\"https:\/\/vestibulares.estrategia.com\/portal\/materias\/sociologia\/cidadania\/\" target=\"_blank\">cidadania<\/a> &eacute; um conjunto de direitos e deveres que est&atilde;o atrelados ao indiv&iacute;duo, de forma social, econ&ocirc;mica e pol&iacute;tica, que vivem em sociedade, estabelecidos na Constitui&ccedil;&atilde;o de cada pa&iacute;s. Al&eacute;m disso, a cidadania pode ser definida como uma condi&ccedil;&atilde;o do cidad&atilde;o que vive de acordo com um conjunto de ideais e estatutos pertencentes a uma comunidade.<\/p><p>&ldquo;No plano hist&oacute;rico, sustento que a afirma&ccedil;&atilde;o dos direitos do homem deriva de uma radical invers&atilde;o de perspectiva, caracter&iacute;stica da forma&ccedil;&atilde;o do Estado moderno, na representa&ccedil;&atilde;o da rela&ccedil;&atilde;o pol&iacute;tica, ou seja, na rela&ccedil;&atilde;o Estado\/cidad&atilde;o ou soberano\/s&uacute;ditos: rela&ccedil;&atilde;o que &eacute; encarada, cada vez mais, do ponto de vista dos direitos dos cidad&atilde;os n&atilde;o mais s&uacute;ditos, e n&atilde;o do ponto de vista dos direitos do soberano&rdquo;, afirma o pensador Norberto Bobbio.<\/p><p>Dessa forma, enquanto os s&uacute;ditos devem ter obedi&ecirc;ncia e obriga&ccedil;&atilde;o, os cidad&atilde;os t&ecirc;m deveres e direitos civis e pol&iacute;ticos. Esse conceito foi criado justamente para garantir que todos os seres humanos tenham uma vida digna, acesso &agrave; educa&ccedil;&atilde;o, sa&uacute;de, liberdade, seguran&ccedil;a, saneamento b&aacute;sico e trabalho. A seguir, confira quais s&atilde;o esses direitos:<\/p><ul class=\"wp-block-list\"><li>Direitos Civis: direito &agrave; justi&ccedil;a, ir e vir, livre express&atilde;o das ideias, propriedade, e liberdade de cren&ccedil;a religiosa.<\/li><li>Direitos Pol&iacute;ticos: direito ao voto e &agrave; possibilidade de influenciar quem exercer&aacute; o poder no Estado e a participa&ccedil;&atilde;o em associa&ccedil;&otilde;es e sindicatos, em suma, o direito de protestar.<\/li><li>Direitos Sociais: direitos que garantem o m&iacute;nimo de bem-estar e dignidade &agrave;s pessoas, como educa&ccedil;&atilde;o e sa&uacute;de.<\/li><\/ul><p>De acordo com especialistas, a cidadania plena s&oacute; &eacute; poss&iacute;vel em regimes pol&iacute;ticos democr&aacute;ticos, ao mesmo tempo em que o reconhecimento e garantia de prote&ccedil;&atilde;o de um rol amplo de direitos &eacute; o que torna uma democracia plena e substancialmente democr&aacute;tica.<\/p><p>Segundo o Art. 1&ordm;, inciso II da Constitui&ccedil;&atilde;o Federal de 1988, a cidadania &eacute; um dos princ&iacute;pios fundamentais da Rep&uacute;blica, um dos pilares do Estado brasileiro e n&atilde;o est&aacute; ligada apenas ao Estado e &agrave; sua administra&ccedil;&atilde;o. Dessa forma, quando a condi&ccedil;&atilde;o de cidad&atilde;o n&atilde;o &eacute; respeitada, a popula&ccedil;&atilde;o busca formas de conseguir mudan&ccedil;as e defender seus direitos, como os movimentos sociais.<\/p><p>Um exemplo, &eacute; o movimento negro que apresenta diversas lutas ao longo da hist&oacute;ria e &eacute; marcado por te&oacute;ricos e pensadores que influenciaram a busca da sociedade por melhores condi&ccedil;&otilde;es de vida. Como dito pelo l&iacute;der e s&iacute;mbolo do movimento que reinvindica os direitos civis para pessoas negras nos Estados Unidos, Martin Luther King Jr, &ldquo;n&atilde;o haver&aacute; nem descanso nem tranquilidade na Am&eacute;rica at&eacute; o negro adquirir seus direitos como cidad&atilde;o.&rdquo;<\/p><p>A <a href=\"https:\/\/vestibulares.estrategia.com\/portal\/atualidades-e-dicas\/como-a-desigualdade-racial-impacta-as-eleicoes-brasileiras\/\" target=\"_blank\">desigualdade racial<\/a> &eacute; caracterizada pelas diferen&ccedil;as entre brancos e negros, e &eacute; oriunda de processos relacionais da sociedade. Assim, os processos hist&oacute;ricos, culturais e pol&iacute;ticos baseados na cren&ccedil;a da superioridade de algumas &ldquo;ra&ccedil;as&rdquo;, pessoas n&atilde;o brancas enfrentam desafios para conseguir seus direitos igualit&aacute;rios aos brancos.<\/p><p>&ldquo;N&atilde;o &eacute; na heran&ccedil;a cultural transplantada no mundo r&uacute;stico nem da insufici&ecirc;ncia e qualitativa da substitui&ccedil;&atilde;o cultural, tomadas em si mesmas, que devem procurar os fatores din&acirc;micos t&oacute;picos do desajustamento estrutural do negro e do mulato no meio urbano. Mas nas condi&ccedil;&otilde;es sociais engendradas e mantidas no processo de pauperiza&ccedil;&atilde;o. Essas condi&ccedil;&otilde;es fornecem campo prop&iacute;cio &agrave; persist&ecirc;ncia e &agrave; influ&ecirc;ncia sociopata daquela heran&ccedil;a cultural&rdquo;, diz o soci&oacute;logo Florestan Fernandes.<\/p><p>Dessa forma, a organiza&ccedil;&atilde;o desses grupos que buscam a transforma&ccedil;&atilde;o da sociedade, reconhecimento de direitos e&nbsp; inclus&atilde;o social e cultural, s&atilde;o fundamentais para o avan&ccedil;o e reconhecimentos dos movimentos sociais no mundo todo, sendo essenciais a forma&ccedil;&atilde;o de uma sociedade democr&aacute;tica e para a luta e defesa dos direitos sociais dos indiv&iacute;duos.<\/p><h2 class=\"wp-block-heading\" id=\"h-o-que-sao-os-movimentos-sociais\"><span class=\"ez-toc-section\" id=\"O-que-sao-os-movimentos-sociais\"><\/span>O que s&atilde;o os movimentos sociais?<span class=\"ez-toc-section-end\"><\/span><\/h2><p>Os movimentos sociais s&atilde;o um fen&ocirc;meno social que se relaciona com mobiliza&ccedil;&atilde;o coletiva, a&ccedil;&atilde;o coletiva e transforma&ccedil;&atilde;o da sociedade, que defendem os direitos da cidadania. Este, &eacute; uma mobiliza&ccedil;&atilde;o coletiva organizada com uma demanda comum ligada &agrave; transforma&ccedil;&atilde;o da sociedade e, em geral, seu principal interlocutor &eacute; o Estado.<\/p><p>Al&eacute;m disso, &eacute; poss&iacute;vel dividi-los em dois tipos, sendo eles: conjunturais e estruturais. Os movimentos conjunturais surgem para atender uma demanda espec&iacute;fica em um tempo curto, enquanto os movimentos estruturais buscam seus direitos de forma mais lenta, e com solu&ccedil;&otilde;es e mudan&ccedil;as ao longo do tempo.<\/p><p>Os movimentos sociais dos anos de 1960, em meados da Contracultura, n&atilde;o se baseavam em classe, mas em etnia (o movimento pelos direitos civis), g&ecirc;nero (o feminino) e estilo de vida (o pacifismo e o ambientalismo). Esses contextos podem ser evidenciados como na luta antirracial atual, o abolicionismo no Brasil no s&eacute;culo XIX e o movimento ambientalista.&nbsp;<\/p><p>Um exemplo &eacute; o <a href=\"https:\/\/vestibulares.estrategia.com\/portal\/atualidades-e-dicas\/voto-feminino-no-brasil\/\" target=\"_blank\">movimento sufragista<\/a>, que foi um movimento social de mulheres que luta pelos direitos pol&iacute;ticos das mulheres, e caracteriza a primeira onda do feminismo, influenciado pelo movimento sufragista ingl&ecirc;s e americano.<\/p><p>No s&eacute;culo XXI, h&aacute; os novos movimentos sociais com o aux&iacute;lio das redes sociais e na era da internet. Neste contexto, o soci&oacute;logo e professor, Manuel Castells, destaca o papel da comunica&ccedil;&atilde;o no processo de compartilhamento de significados e troca de informa&ccedil;&otilde;es e das mobiliza&ccedil;&otilde;es mediadas digitalmente.<\/p><h2 class=\"wp-block-heading\" id=\"h-como-sao-os-movimentos-sociais-atualmente\"><span class=\"ez-toc-section\" id=\"Como-sao-os-movimentos-sociais-atualmente\"><\/span>Como s&atilde;o os movimentos sociais atualmente?<span class=\"ez-toc-section-end\"><\/span><\/h2><p>Nos dias de hoje, as redes sociais t&ecirc;m sido essenciais para a organiza&ccedil;&atilde;o dos movimentos sociais, que foram historicamente criados para designar multid&otilde;es bradando por mudan&ccedil;as pac&iacute;ficas, desinteressadas do poder do Estado. Em 2013, com as revoltas contra o governo vigente no Brasil, diversas manifesta&ccedil;&otilde;es eram organizadas em eventos no Facebook.&nbsp;<\/p><p>As redes sociais contribuem para o recrutamento e isen&ccedil;&atilde;o da sociedade nas a&ccedil;&otilde;es coletivas dos movimentos sociais, promovendo tamb&eacute;m uma conscientiza&ccedil;&atilde;o pol&iacute;tica e prolifera&ccedil;&atilde;o de informa&ccedil;&otilde;es nos ve&iacute;culos midi&aacute;ticos.<\/p><p>Outro exemplo &eacute; a <a href=\"https:\/\/vestibulares.estrategia.com\/portal\/atualidades-e-dicas\/primavera-arabe\/\" target=\"_blank\">Primavera &Aacute;rabe<\/a>, Espanha e Estados Unidos, com o movimento dos indignados atribu&iacute;dos pelas pautas econ&ocirc;micas, desigualdade social e efeitos das pol&iacute;ticas neoliberais. Nessa &eacute;poca, o movimento dos indignados, com a participa&ccedil;&atilde;o majorit&aacute;ria de pessoas relativamente instru&iacute;das, abaixo dos 30 anos e desempregadas, promoveu a cria&ccedil;&atilde;o de comunidades virtuais, proporcionando intera&ccedil;&atilde;o entre o global e&nbsp; o local.&nbsp;<\/p><p>Com isso, deu-se a ocupa&ccedil;&atilde;o permanente de espa&ccedil;os p&uacute;blicos, como pra&ccedil;as, dando a compreens&atilde;o e defesa de uma nova cultura econ&ocirc;mica e pol&iacute;tica, articulada por meio de redes sociais de solidariedade, assembleias, e alimentada pelos questionamentos de lideran&ccedil;as e partidos, pelo desejo de uma &eacute;tica de cooperativismo.<\/p><p class=\"wp-block-verse\">Veja tamb&eacute;m: <a href=\"https:\/\/vestibulares.estrategia.com\/portal\/atualidades-e-dicas\/o-que-sao-os-termos-esquerda-e-direita\/\" target=\"_blank\">O que s&atilde;o os termos esquerda e direita?<\/a><\/p><h2 class=\"wp-block-heading\" id=\"h-estude-com-o-estrategia-vestibulares\"><span class=\"ez-toc-section\" id=\"Estude-com-o-Estrategia-Vestibulares\"><\/span>Estude com o Estrat&eacute;gia Vestibulares<span class=\"ez-toc-section-end\"><\/span><\/h2><p>Agora que voc&ecirc; j&aacute; sabe mais sobre os movimentos sociais, que tal conferir mais novidades do Estrat&eacute;gia Vestibulares? Conosco voc&ecirc; tem acesso a cursos, simulados preparat&oacute;rios e reda&ccedil;&otilde;es corrigidas que te ajudam nos estudos!<\/p><p>\n\n\n\n\n\n<a id=\"cta\" class=\"cta-imagem\" href=\"https:\/\/vestibulares.estrategia.com\/cursos\/\" target=\"blank\">\n                <img decoding=\"async\" width=\"100%\" src=\"https:\/\/vestibulares.estrategia.com\/portal\/wp-content\/uploads\/2021\/12\/EV4.jpg\" alt=\"CTA - Estrat\u00e9gia Vestibulares 4\" title=\"CTA - Estrat\u00e9gia Vestibulares 4\">\n        <\/a>\n<\/p><\/p>\n","protected":false},"excerpt":{"rendered":"Saiba o que \u00e9 a cidadania e os movimentos sociais e como s\u00e3o essenciais para a luta pelos direitos individuais e da sociedade\n","protected":false},"author":29,"featured_media":82404,"comment_status":"closed","ping_status":"closed","sticky":false,"template":"","format":"standard","meta":{"wl_entities_gutenberg":"","footnotes":""},"categories":[46],"tags":[],"wl_entity_type":[732],"class_list":{"0":"post-82403","1":"post","2":"type-post","3":"status-publish","4":"format-standard","5":"has-post-thumbnail","7":"category-atualidades-e-dicas","8":"wl_entity_type-article"},"acf":[],"yoast_head":"<!-- This site is optimized with the Yoast SEO Premium plugin v25.9 (Yoast SEO v25.9) - https:\/\/yoast.com\/wordpress\/plugins\/seo\/ -->\n<title>O que \u00e9 a cidadania e os movimentos sociais?<\/title>\n<meta name=\"description\" content=\"Saiba o que \u00e9 a cidadania e os movimentos sociais e como s\u00e3o essenciais para a luta pelos direitos individuais e da sociedade\" \/>\n<meta name=\"robots\" content=\"index, follow, max-snippet:-1, max-image-preview:large, max-video-preview:-1\" \/>\n<link rel=\"canonical\" href=\"https:\/\/vestibulares.estrategia.com\/portal\/atualidades-e-dicas\/o-que-e-a-cidadania-e-os-movimentos-sociais\/\" \/>\n<meta property=\"og:locale\" content=\"pt_BR\" \/>\n<meta property=\"og:type\" content=\"article\" \/>\n<meta property=\"og:title\" content=\"O que \u00e9 a cidadania e os movimentos sociais?\" \/>\n<meta property=\"og:description\" content=\"Saiba o que \u00e9 a cidadania e os movimentos sociais e como s\u00e3o essenciais para a luta pelos direitos individuais e da sociedade\" \/>\n<meta property=\"og:url\" content=\"https:\/\/vestibulares.estrategia.com\/portal\/atualidades-e-dicas\/o-que-e-a-cidadania-e-os-movimentos-sociais\/\" \/>\n<meta property=\"og:site_name\" content=\"Estrat\u00e9gia Vestibulares\" \/>\n<meta property=\"article:publisher\" content=\"https:\/\/facebook.com\/estrategiavestibulares\" \/>\n<meta property=\"article:published_time\" content=\"2022-11-24T10:00:00+00:00\" \/>\n<meta property=\"og:image\" content=\"https:\/\/cdn.blog.estrategiavestibulares.com.br\/vestibulares\/wp-content\/uploads\/2022\/11\/pexels-life-matters-4613879.jpg\" \/>\n\t<meta property=\"og:image:width\" content=\"1280\" \/>\n\t<meta property=\"og:image:height\" content=\"720\" \/>\n\t<meta property=\"og:image:type\" content=\"image\/jpeg\" \/>\n<meta name=\"author\" content=\"J\u00falia Wasko\" \/>\n<meta name=\"twitter:card\" content=\"summary_large_image\" \/>\n<meta name=\"twitter:creator\" content=\"@Estrategiavest\" \/>\n<meta name=\"twitter:site\" content=\"@Estrategiavest\" \/>\n<meta name=\"twitter:label1\" content=\"Escrito por\" \/>\n\t<meta name=\"twitter:data1\" content=\"J\u00falia Wasko\" \/>\n\t<meta name=\"twitter:label2\" content=\"Est. tempo de leitura\" \/>\n\t<meta name=\"twitter:data2\" content=\"10 minutos\" \/>\n<script type=\"application\/ld+json\" class=\"yoast-schema-graph\">{\"@context\":\"https:\/\/schema.org\",\"@graph\":[{\"@type\":\"Article\",\"@id\":\"https:\/\/vestibulares.estrategia.com\/portal\/atualidades-e-dicas\/o-que-e-a-cidadania-e-os-movimentos-sociais\/#article\",\"isPartOf\":{\"@id\":\"https:\/\/vestibulares.estrategia.com\/portal\/atualidades-e-dicas\/o-que-e-a-cidadania-e-os-movimentos-sociais\/\"},\"author\":{\"name\":\"J\u00falia Wasko\",\"@id\":\"https:\/\/vestibulares.estrategia.com\/portal\/#\/schema\/person\/83d5c517a965e3fd3fc7016a981cb8fe\"},\"headline\":\"O que \u00e9 a cidadania e os movimentos sociais?\",\"datePublished\":\"2022-11-24T10:00:00+00:00\",\"mainEntityOfPage\":{\"@id\":\"https:\/\/vestibulares.estrategia.com\/portal\/atualidades-e-dicas\/o-que-e-a-cidadania-e-os-movimentos-sociais\/\"},\"wordCount\":1909,\"publisher\":{\"@id\":\"https:\/\/vestibulares.estrategia.com\/portal\/#organization\"},\"image\":{\"@id\":\"https:\/\/vestibulares.estrategia.com\/portal\/atualidades-e-dicas\/o-que-e-a-cidadania-e-os-movimentos-sociais\/#primaryimage\"},\"thumbnailUrl\":\"https:\/\/vestibulares.estrategia.com\/portal\/wp-content\/uploads\/2022\/11\/pexels-life-matters-4613879.jpg\",\"articleSection\":[\"Atualidades e Dicas\"],\"inLanguage\":\"pt-BR\"},{\"@type\":\"WebPage\",\"@id\":\"https:\/\/vestibulares.estrategia.com\/portal\/atualidades-e-dicas\/o-que-e-a-cidadania-e-os-movimentos-sociais\/\",\"url\":\"https:\/\/vestibulares.estrategia.com\/portal\/atualidades-e-dicas\/o-que-e-a-cidadania-e-os-movimentos-sociais\/\",\"name\":\"O que \u00e9 a cidadania e os movimentos sociais?\",\"isPartOf\":{\"@id\":\"https:\/\/vestibulares.estrategia.com\/portal\/#website\"},\"primaryImageOfPage\":{\"@id\":\"https:\/\/vestibulares.estrategia.com\/portal\/atualidades-e-dicas\/o-que-e-a-cidadania-e-os-movimentos-sociais\/#primaryimage\"},\"image\":{\"@id\":\"https:\/\/vestibulares.estrategia.com\/portal\/atualidades-e-dicas\/o-que-e-a-cidadania-e-os-movimentos-sociais\/#primaryimage\"},\"thumbnailUrl\":\"https:\/\/vestibulares.estrategia.com\/portal\/wp-content\/uploads\/2022\/11\/pexels-life-matters-4613879.jpg\",\"datePublished\":\"2022-11-24T10:00:00+00:00\",\"description\":\"Saiba o que \u00e9 a cidadania e os movimentos sociais e como s\u00e3o essenciais para a luta pelos direitos individuais e da sociedade\",\"breadcrumb\":{\"@id\":\"https:\/\/vestibulares.estrategia.com\/portal\/atualidades-e-dicas\/o-que-e-a-cidadania-e-os-movimentos-sociais\/#breadcrumb\"},\"inLanguage\":\"pt-BR\",\"potentialAction\":[{\"@type\":\"ReadAction\",\"target\":[\"https:\/\/vestibulares.estrategia.com\/portal\/atualidades-e-dicas\/o-que-e-a-cidadania-e-os-movimentos-sociais\/\"]}]},{\"@type\":\"ImageObject\",\"inLanguage\":\"pt-BR\",\"@id\":\"https:\/\/vestibulares.estrategia.com\/portal\/atualidades-e-dicas\/o-que-e-a-cidadania-e-os-movimentos-sociais\/#primaryimage\",\"url\":\"https:\/\/vestibulares.estrategia.com\/portal\/wp-content\/uploads\/2022\/11\/pexels-life-matters-4613879.jpg\",\"contentUrl\":\"https:\/\/vestibulares.estrategia.com\/portal\/wp-content\/uploads\/2022\/11\/pexels-life-matters-4613879.jpg\",\"width\":1280,\"height\":720,\"caption\":\"o que \u00e9 a cidadania e os movimentos sociais\"},{\"@type\":\"BreadcrumbList\",\"@id\":\"https:\/\/vestibulares.estrategia.com\/portal\/atualidades-e-dicas\/o-que-e-a-cidadania-e-os-movimentos-sociais\/#breadcrumb\",\"itemListElement\":[{\"@type\":\"ListItem\",\"position\":1,\"name\":\"Home\",\"item\":\"https:\/\/vestibulares.estrategia.com\/portal\/\"},{\"@type\":\"ListItem\",\"position\":2,\"name\":\"Atualidades e Dicas\",\"item\":\"https:\/\/vestibulares.estrategia.com\/portal\/atualidades-e-dicas\/\"},{\"@type\":\"ListItem\",\"position\":3,\"name\":\"O que \u00e9 a cidadania e os movimentos sociais?\"}]},{\"@type\":\"WebSite\",\"@id\":\"https:\/\/vestibulares.estrategia.com\/portal\/#website\",\"url\":\"https:\/\/vestibulares.estrategia.com\/portal\/\",\"name\":\"Estrat\u00e9gia Vestibulares\",\"description\":\"\",\"publisher\":{\"@id\":\"https:\/\/vestibulares.estrategia.com\/portal\/#organization\"},\"potentialAction\":[{\"@type\":\"SearchAction\",\"target\":{\"@type\":\"EntryPoint\",\"urlTemplate\":\"https:\/\/vestibulares.estrategia.com\/portal\/?s={search_term_string}\"},\"query-input\":{\"@type\":\"PropertyValueSpecification\",\"valueRequired\":true,\"valueName\":\"search_term_string\"}}],\"inLanguage\":\"pt-BR\"},{\"@type\":\"Organization\",\"@id\":\"https:\/\/vestibulares.estrategia.com\/portal\/#organization\",\"name\":\"Estrat\u00e9gia Vestibulares\",\"url\":\"https:\/\/vestibulares.estrategia.com\/portal\/\",\"logo\":{\"@type\":\"ImageObject\",\"inLanguage\":\"pt-BR\",\"@id\":\"https:\/\/vestibulares.estrategia.com\/portal\/#\/schema\/logo\/image\/\",\"url\":\"https:\/\/vestibulares.estrategia.com\/portal\/wp-content\/uploads\/2021\/06\/Logo-Vestibulares@4x.png\",\"contentUrl\":\"https:\/\/vestibulares.estrategia.com\/portal\/wp-content\/uploads\/2021\/06\/Logo-Vestibulares@4x.png\",\"width\":250,\"height\":66,\"caption\":\"Estrat\u00e9gia Vestibulares\"},\"image\":{\"@id\":\"https:\/\/vestibulares.estrategia.com\/portal\/#\/schema\/logo\/image\/\"},\"sameAs\":[\"https:\/\/facebook.com\/estrategiavestibulares\",\"https:\/\/x.com\/Estrategiavest\",\"https:\/\/www.instagram.com\/estrategiavestibulares\",\"https:\/\/www.youtube.com\/channel\/UCGWdZy8ULI-7_5GrABa4vNA\"]},{\"@type\":\"Person\",\"@id\":\"https:\/\/vestibulares.estrategia.com\/portal\/#\/schema\/person\/83d5c517a965e3fd3fc7016a981cb8fe\",\"name\":\"J\u00falia Wasko\",\"image\":{\"@type\":\"ImageObject\",\"inLanguage\":\"pt-BR\",\"@id\":\"https:\/\/vestibulares.estrategia.com\/portal\/#\/schema\/person\/image\/\",\"url\":\"https:\/\/secure.gravatar.com\/avatar\/dab6fb308a491eea989a46ec58d3714d?s=96&d=mm&r=g\",\"contentUrl\":\"https:\/\/secure.gravatar.com\/avatar\/dab6fb308a491eea989a46ec58d3714d?s=96&d=mm&r=g\",\"caption\":\"J\u00falia Wasko\"},\"description\":\"Curso Jornalismo e sou apaixonada por entretenimento, comunica\u00e7\u00e3o e not\u00edcia! Adoro ler e curtir momentos com fam\u00edlia e amigos!\",\"url\":\"https:\/\/vestibulares.estrategia.com\/portal\/author\/julia-martins\/\"}]}<\/script>\n<!-- \/ Yoast SEO Premium plugin. -->","yoast_head_json":{"title":"O que \u00e9 a cidadania e os movimentos sociais?","description":"Saiba o que \u00e9 a cidadania e os movimentos sociais e como s\u00e3o essenciais para a luta pelos direitos individuais e da sociedade","robots":{"index":"index","follow":"follow","max-snippet":"max-snippet:-1","max-image-preview":"max-image-preview:large","max-video-preview":"max-video-preview:-1"},"canonical":"https:\/\/vestibulares.estrategia.com\/portal\/atualidades-e-dicas\/o-que-e-a-cidadania-e-os-movimentos-sociais\/","og_locale":"pt_BR","og_type":"article","og_title":"O que \u00e9 a cidadania e os movimentos sociais?","og_description":"Saiba o que \u00e9 a cidadania e os movimentos sociais e como s\u00e3o essenciais para a luta pelos direitos individuais e da sociedade","og_url":"https:\/\/vestibulares.estrategia.com\/portal\/atualidades-e-dicas\/o-que-e-a-cidadania-e-os-movimentos-sociais\/","og_site_name":"Estrat\u00e9gia Vestibulares","article_publisher":"https:\/\/facebook.com\/estrategiavestibulares","article_published_time":"2022-11-24T10:00:00+00:00","og_image":[{"width":1280,"height":720,"url":"https:\/\/cdn.blog.estrategiavestibulares.com.br\/vestibulares\/wp-content\/uploads\/2022\/11\/pexels-life-matters-4613879.jpg","type":"image\/jpeg"}],"author":"J\u00falia Wasko","twitter_card":"summary_large_image","twitter_creator":"@Estrategiavest","twitter_site":"@Estrategiavest","twitter_misc":{"Escrito por":"J\u00falia Wasko","Est. tempo de leitura":"10 minutos"},"schema":{"@context":"https:\/\/schema.org","@graph":[{"@type":"Article","@id":"https:\/\/vestibulares.estrategia.com\/portal\/atualidades-e-dicas\/o-que-e-a-cidadania-e-os-movimentos-sociais\/#article","isPartOf":{"@id":"https:\/\/vestibulares.estrategia.com\/portal\/atualidades-e-dicas\/o-que-e-a-cidadania-e-os-movimentos-sociais\/"},"author":{"name":"J\u00falia Wasko","@id":"https:\/\/vestibulares.estrategia.com\/portal\/#\/schema\/person\/83d5c517a965e3fd3fc7016a981cb8fe"},"headline":"O que \u00e9 a cidadania e os movimentos sociais?","datePublished":"2022-11-24T10:00:00+00:00","mainEntityOfPage":{"@id":"https:\/\/vestibulares.estrategia.com\/portal\/atualidades-e-dicas\/o-que-e-a-cidadania-e-os-movimentos-sociais\/"},"wordCount":1909,"publisher":{"@id":"https:\/\/vestibulares.estrategia.com\/portal\/#organization"},"image":{"@id":"https:\/\/vestibulares.estrategia.com\/portal\/atualidades-e-dicas\/o-que-e-a-cidadania-e-os-movimentos-sociais\/#primaryimage"},"thumbnailUrl":"https:\/\/vestibulares.estrategia.com\/portal\/wp-content\/uploads\/2022\/11\/pexels-life-matters-4613879.jpg","articleSection":["Atualidades e Dicas"],"inLanguage":"pt-BR"},{"@type":"WebPage","@id":"https:\/\/vestibulares.estrategia.com\/portal\/atualidades-e-dicas\/o-que-e-a-cidadania-e-os-movimentos-sociais\/","url":"https:\/\/vestibulares.estrategia.com\/portal\/atualidades-e-dicas\/o-que-e-a-cidadania-e-os-movimentos-sociais\/","name":"O que \u00e9 a cidadania e os movimentos sociais?","isPartOf":{"@id":"https:\/\/vestibulares.estrategia.com\/portal\/#website"},"primaryImageOfPage":{"@id":"https:\/\/vestibulares.estrategia.com\/portal\/atualidades-e-dicas\/o-que-e-a-cidadania-e-os-movimentos-sociais\/#primaryimage"},"image":{"@id":"https:\/\/vestibulares.estrategia.com\/portal\/atualidades-e-dicas\/o-que-e-a-cidadania-e-os-movimentos-sociais\/#primaryimage"},"thumbnailUrl":"https:\/\/vestibulares.estrategia.com\/portal\/wp-content\/uploads\/2022\/11\/pexels-life-matters-4613879.jpg","datePublished":"2022-11-24T10:00:00+00:00","description":"Saiba o que \u00e9 a cidadania e os movimentos sociais e como s\u00e3o essenciais para a luta pelos direitos individuais e da sociedade","breadcrumb":{"@id":"https:\/\/vestibulares.estrategia.com\/portal\/atualidades-e-dicas\/o-que-e-a-cidadania-e-os-movimentos-sociais\/#breadcrumb"},"inLanguage":"pt-BR","potentialAction":[{"@type":"ReadAction","target":["https:\/\/vestibulares.estrategia.com\/portal\/atualidades-e-dicas\/o-que-e-a-cidadania-e-os-movimentos-sociais\/"]}]},{"@type":"ImageObject","inLanguage":"pt-BR","@id":"https:\/\/vestibulares.estrategia.com\/portal\/atualidades-e-dicas\/o-que-e-a-cidadania-e-os-movimentos-sociais\/#primaryimage","url":"https:\/\/vestibulares.estrategia.com\/portal\/wp-content\/uploads\/2022\/11\/pexels-life-matters-4613879.jpg","contentUrl":"https:\/\/vestibulares.estrategia.com\/portal\/wp-content\/uploads\/2022\/11\/pexels-life-matters-4613879.jpg","width":1280,"height":720,"caption":"o que \u00e9 a cidadania e os movimentos sociais"},{"@type":"BreadcrumbList","@id":"https:\/\/vestibulares.estrategia.com\/portal\/atualidades-e-dicas\/o-que-e-a-cidadania-e-os-movimentos-sociais\/#breadcrumb","itemListElement":[{"@type":"ListItem","position":1,"name":"Home","item":"https:\/\/vestibulares.estrategia.com\/portal\/"},{"@type":"ListItem","position":2,"name":"Atualidades e Dicas","item":"https:\/\/vestibulares.estrategia.com\/portal\/atualidades-e-dicas\/"},{"@type":"ListItem","position":3,"name":"O que \u00e9 a cidadania e os movimentos sociais?"}]},{"@type":"WebSite","@id":"https:\/\/vestibulares.estrategia.com\/portal\/#website","url":"https:\/\/vestibulares.estrategia.com\/portal\/","name":"Estrat\u00e9gia Vestibulares","description":"","publisher":{"@id":"https:\/\/vestibulares.estrategia.com\/portal\/#organization"},"potentialAction":[{"@type":"SearchAction","target":{"@type":"EntryPoint","urlTemplate":"https:\/\/vestibulares.estrategia.com\/portal\/?s={search_term_string}"},"query-input":{"@type":"PropertyValueSpecification","valueRequired":true,"valueName":"search_term_string"}}],"inLanguage":"pt-BR"},{"@type":"Organization","@id":"https:\/\/vestibulares.estrategia.com\/portal\/#organization","name":"Estrat\u00e9gia Vestibulares","url":"https:\/\/vestibulares.estrategia.com\/portal\/","logo":{"@type":"ImageObject","inLanguage":"pt-BR","@id":"https:\/\/vestibulares.estrategia.com\/portal\/#\/schema\/logo\/image\/","url":"https:\/\/vestibulares.estrategia.com\/portal\/wp-content\/uploads\/2021\/06\/Logo-Vestibulares@4x.png","contentUrl":"https:\/\/vestibulares.estrategia.com\/portal\/wp-content\/uploads\/2021\/06\/Logo-Vestibulares@4x.png","width":250,"height":66,"caption":"Estrat\u00e9gia Vestibulares"},"image":{"@id":"https:\/\/vestibulares.estrategia.com\/portal\/#\/schema\/logo\/image\/"},"sameAs":["https:\/\/facebook.com\/estrategiavestibulares","https:\/\/x.com\/Estrategiavest","https:\/\/www.instagram.com\/estrategiavestibulares","https:\/\/www.youtube.com\/channel\/UCGWdZy8ULI-7_5GrABa4vNA"]},{"@type":"Person","@id":"https:\/\/vestibulares.estrategia.com\/portal\/#\/schema\/person\/83d5c517a965e3fd3fc7016a981cb8fe","name":"J\u00falia Wasko","image":{"@type":"ImageObject","inLanguage":"pt-BR","@id":"https:\/\/vestibulares.estrategia.com\/portal\/#\/schema\/person\/image\/","url":"https:\/\/secure.gravatar.com\/avatar\/dab6fb308a491eea989a46ec58d3714d?s=96&d=mm&r=g","contentUrl":"https:\/\/secure.gravatar.com\/avatar\/dab6fb308a491eea989a46ec58d3714d?s=96&d=mm&r=g","caption":"J\u00falia Wasko"},"description":"Curso Jornalismo e sou apaixonada por entretenimento, comunica\u00e7\u00e3o e not\u00edcia! Adoro ler e curtir momentos com fam\u00edlia e amigos!","url":"https:\/\/vestibulares.estrategia.com\/portal\/author\/julia-martins\/"}]}},"_wl_alt_label":[],"wl:entity_url":"https:\/\/data.wordlift.io\/wl110249\/post\/o-que-e-a-cidadania-e-os-movimentos-sociais","_links":{"self":[{"href":"https:\/\/vestibulares.estrategia.com\/portal\/wp-json\/wp\/v2\/posts\/82403","targetHints":{"allow":["GET"]}}],"collection":[{"href":"https:\/\/vestibulares.estrategia.com\/portal\/wp-json\/wp\/v2\/posts"}],"about":[{"href":"https:\/\/vestibulares.estrategia.com\/portal\/wp-json\/wp\/v2\/types\/post"}],"author":[{"embeddable":true,"href":"https:\/\/vestibulares.estrategia.com\/portal\/wp-json\/wp\/v2\/users\/29"}],"replies":[{"embeddable":true,"href":"https:\/\/vestibulares.estrategia.com\/portal\/wp-json\/wp\/v2\/comments?post=82403"}],"version-history":[{"count":2,"href":"https:\/\/vestibulares.estrategia.com\/portal\/wp-json\/wp\/v2\/posts\/82403\/revisions"}],"predecessor-version":[{"id":82406,"href":"https:\/\/vestibulares.estrategia.com\/portal\/wp-json\/wp\/v2\/posts\/82403\/revisions\/82406"}],"wp:featuredmedia":[{"embeddable":true,"href":"https:\/\/vestibulares.estrategia.com\/portal\/wp-json\/wp\/v2\/media\/82404"}],"wp:attachment":[{"href":"https:\/\/vestibulares.estrategia.com\/portal\/wp-json\/wp\/v2\/media?parent=82403"}],"wp:term":[{"taxonomy":"category","embeddable":true,"href":"https:\/\/vestibulares.estrategia.com\/portal\/wp-json\/wp\/v2\/categories?post=82403"},{"taxonomy":"post_tag","embeddable":true,"href":"https:\/\/vestibulares.estrategia.com\/portal\/wp-json\/wp\/v2\/tags?post=82403"},{"taxonomy":"wl_entity_type","embeddable":true,"href":"https:\/\/vestibulares.estrategia.com\/portal\/wp-json\/wp\/v2\/wl_entity_type?post=82403"}],"curies":[{"name":"wp","href":"https:\/\/api.w.org\/{rel}","templated":true}]}}