{"id":82604,"date":"2022-11-24T11:09:40","date_gmt":"2022-11-24T14:09:40","guid":{"rendered":"https:\/\/vestibulares.estrategia.com\/portal\/?p=82604"},"modified":"2025-11-07T19:47:38","modified_gmt":"2025-11-07T22:47:38","slug":"15-citacoes-sobre-esporte-para-usar-na-redacao-como-repertorio-sociocultural","status":"publish","type":"post","link":"https:\/\/vestibulares.estrategia.com\/portal\/materias\/redacao\/15-citacoes-sobre-esporte-para-usar-na-redacao-como-repertorio-sociocultural\/","title":{"rendered":"15 cita\u00e7\u00f5es sobre esporte para usar na reda\u00e7\u00e3o como repert\u00f3rio sociocultural"},"content":{"rendered":"<p>Um dos assuntos presentes nos vestibulares como pano de fundo de diversas quest&otilde;es, al&eacute;m de reda&ccedil;&otilde;es, &eacute; o esporte como um todo. E n&atilde;o falamos apenas de pol&iacute;tica ou economia: o tema pode estar presente em quest&otilde;es biol&oacute;gicas, matem&aacute;ticas e at&eacute; mesmo de L&iacute;ngua Portuguesa.<p>Preparamos 15 cita&ccedil;&otilde;es sobre esporte que podem ser usadas nas reda&ccedil;&otilde;es de vestibulares, al&eacute;m de servirem como repert&oacute;rio sociocultural pelos contextos, autores e diversos significados.<\/p><p>\n\n\n\n<div id=\"new-form\">\n\t<form id=\"forms_layout\">\n\t<input type=\"hidden\" id=\"chave_de\" name=\"chave_de\" value=\"01_EVEST_LEADS_TOTAIS\" \/>\n\t\t<input type=\"hidden\" id=\"mid\" name=\"mid\" value=\"515008983\" \/>\n\t\t<input type=\"hidden\" id=\"Objetivo\" name=\"Objetivo\" value=\"Vestibulares\" \/>\n\t\t<input type=\"hidden\" id=\"Estado_de_Origem_do_IP\" name=\"Estado_de_Origem_do_IP\"  value=\"\" \/>\n\t\t<input type=\"hidden\" id=\"Cidade_de_Origem_do_IP\" name=\"Cidade_de_Origem_do_IP\" value=\"\" \/>\n\t\t<input type=\"hidden\" id=\"Modo_de_entrada\" name=\"Modo_de_entrada\" value=\"Portal\" \/>\n\t\t<input type=\"hidden\" id=\"Pagina_Origem\" name=\"Pagina_Origem\" value=\"\" \/>\n\n\t\t<div class=\"texto\">\n\t\t\t<h3 class=\"news\">Inscreva-se em nossa newsletter\ud83e\udd89<\/h3>\n\t\t\t<p>Receba dicas de estudo gratuitas e saiba em primeira m\u00e3o as novidades sobre o Enem, Sisu, Encceja, Fuvest e outros vestibulares!<\/p>\n\t\t<\/div>\n\t\t<div class=\"campos\">\n\t\t\t<div class=\"first_name labels\">\n\t\t\t\t<input type=\"text\" class=\"input_labels\" id=\"first_name\" name=\"Nome_Completo\" placeholder=\"Nome\" required \/>\n\t\t\t<\/div>\n\t\t\t<div class=\"email labels\">\n\t\t\t\t<input type=\"email\" class=\"input_labels\" id=\"email\" name=\"Email\" placeholder=\"E-mail\" required \/>\n\t\t\t<\/div>\n\t\t\t<button type=\"submit\" class=\"button_layout\">\n\t\t\t\t<div id=\"lblBotao\">Inscreva-se<\/div>\n\t\t\t\t<span id=\"divSpiner\" class=\"loader\" role=\"status\" style=\"display: none;\"><\/span>\t\n\t\t\t<\/button>\n\t\t<\/div><!-- \/campos -->\n\t\t\n\t\t<label class=\"container_checkbox\">Voc\u00ea concorda com a nossa\n\t\t\t<a class=\"politics_privacy_ahref\" target=\"_blank\" href=\"https:\/\/gratis.estrategiaconcursos.com.br\/politica-de-privacidade\/\">Pol\u00edtica de Privacidade<\/a> e aceita receber informa\u00e7\u00f5es adicionais do Estrat\u00e9gia Educacional.\n\t\t\t<input id=\"checkbox_layout\" type=\"checkbox\" checked=\"checked\" required \/>\n\t\t\t<span class=\"checkbox\"><\/span>\n\t\t<\/label>\n\t\t<div id=\"msg\"><\/div>\n\t\t<div id=\"error\" class=\"error\">\n\t\t<\/div>\n\t<\/form>\n<\/div><!-- \/new-form -->\n\n\n\n<\/p><p>Lembrando que o esporte foi tema da reda&ccedil;&atilde;o da Unifesp, em 2020, por exemplo, abordando tamb&eacute;m a quest&atilde;o religiosa. &ldquo;Vestimentas religiosas do esporte: legitima&ccedil;&atilde;o da opress&atilde;o ou liberdade de manifesta&ccedil;&atilde;o religiosa?&rdquo;, foi o tema naquele ano. Acompanhe, abaixo, as frases selecionadas.<\/p><div id=\"ez-toc-container\" class=\"ez-toc-v2_0_76 counter-hierarchy ez-toc-counter ez-toc-transparent ez-toc-container-direction\">\n<div class=\"ez-toc-title-container\"><p class=\"ez-toc-title\" style=\"cursor:inherit\">Navegue pelo conte\u00fado<\/p>\n<\/div><nav><ul class='ez-toc-list ez-toc-list-level-1 ' ><li class='ez-toc-page-1 ez-toc-heading-level-2'><a class=\"ez-toc-link ez-toc-heading-1\" href=\"https:\/\/vestibulares.estrategia.com\/portal\/materias\/redacao\/15-citacoes-sobre-esporte-para-usar-na-redacao-como-repertorio-sociocultural\/#1-%E2%80%94-%E2%80%9CO-esporte-serio-e-uma-guerra-sem-tiros%E2%80%9D-%E2%80%94-George-Orwell\" >1 &mdash; &ldquo;O esporte s&eacute;rio &eacute; uma guerra sem tiros.&rdquo; &mdash; George Orwell<\/a><\/li><li class='ez-toc-page-1 ez-toc-heading-level-2'><a class=\"ez-toc-link ez-toc-heading-2\" href=\"https:\/\/vestibulares.estrategia.com\/portal\/materias\/redacao\/15-citacoes-sobre-esporte-para-usar-na-redacao-como-repertorio-sociocultural\/#2-%E2%80%94-%E2%80%9CComo-as-nossas-paixoes-pelos-esportes-sao-tao-profundas-e-tao-amplamente-distribuidas-e-provavel-que-facam-parte-de-nosso-hardware-%E2%80%93-nao-estao-em-nossos-cerebros-mas-em-nossos-genes%E2%80%9D-%E2%80%94-Carl-Sagan\" >2 &mdash; &ldquo;Como as nossas paix&otilde;es pelos esportes s&atilde;o t&atilde;o profundas e t&atilde;o amplamente distribu&iacute;das, &eacute; prov&aacute;vel que fa&ccedil;am parte de nosso hardware &ndash; n&atilde;o est&atilde;o em nossos c&eacute;rebros, mas em nossos genes.&rdquo; &mdash; Carl Sagan<\/a><\/li><li class='ez-toc-page-1 ez-toc-heading-level-2'><a class=\"ez-toc-link ez-toc-heading-3\" href=\"https:\/\/vestibulares.estrategia.com\/portal\/materias\/redacao\/15-citacoes-sobre-esporte-para-usar-na-redacao-como-repertorio-sociocultural\/#3-%E2%80%94-%E2%80%9CQuanto-menos-comes-bebes-compras-livros-e-vais-ao-teatro-pensas-amas-teorizas-cantas-sofres-praticas-esporte-etc-mais-economizas-e-mais-cresce-o-teu-capital-Es-menos-mas-tens-mais-Assim-todas-as-paixoes-e-atividades-sao-tragadas-pela-cobica%E2%80%9D-%E2%80%94-Karl-Marx\" >3 &mdash; &ldquo;Quanto menos comes, bebes, compras livros e vais ao teatro, pensas, amas, teorizas, cantas, sofres, praticas esporte, etc., mais economizas e mais cresce o teu capital. &Eacute;s menos, mas tens mais. Assim todas as paix&otilde;es e atividades s&atilde;o tragadas pela cobi&ccedil;a.&rdquo; &mdash;&nbsp; Karl Marx<\/a><\/li><li class='ez-toc-page-1 ez-toc-heading-level-2'><a class=\"ez-toc-link ez-toc-heading-4\" href=\"https:\/\/vestibulares.estrategia.com\/portal\/materias\/redacao\/15-citacoes-sobre-esporte-para-usar-na-redacao-como-repertorio-sociocultural\/#4-%E2%80%94-%E2%80%9CO-atletismo-e-o-esporte-do-pobre-Da-a-ele-a-chance-de-vencer-na-vida%E2%80%9D-%E2%80%94-Joaquim-Cruz\" >4 &mdash; &ldquo;O atletismo &eacute; o esporte do pobre. D&aacute; a ele a chance de vencer na vida.&rdquo; &mdash;&nbsp; Joaquim Cruz<\/a><\/li><li class='ez-toc-page-1 ez-toc-heading-level-2'><a class=\"ez-toc-link ez-toc-heading-5\" href=\"https:\/\/vestibulares.estrategia.com\/portal\/materias\/redacao\/15-citacoes-sobre-esporte-para-usar-na-redacao-como-repertorio-sociocultural\/#5-%E2%80%94-%E2%80%9CNao-sei-dirigir-de-outra-maneira-que-nao-seja-arriscada-Quando-tiver-de-ultrapassar-vou-ultrapassar-mesmo-Cada-piloto-tem-o-seu-limite-O-meu-e-um-pouco-acima-do-dos-outros%E2%80%9D-%E2%80%94-Ayrton-Senna\" >5 &mdash; &ldquo;N&atilde;o sei dirigir de outra maneira que n&atilde;o seja arriscada. Quando tiver de ultrapassar vou ultrapassar mesmo. Cada piloto tem o seu limite. O meu &eacute; um pouco acima do dos outros.&rdquo; &mdash; Ayrton Senna<\/a><\/li><li class='ez-toc-page-1 ez-toc-heading-level-2'><a class=\"ez-toc-link ez-toc-heading-6\" href=\"https:\/\/vestibulares.estrategia.com\/portal\/materias\/redacao\/15-citacoes-sobre-esporte-para-usar-na-redacao-como-repertorio-sociocultural\/#6-%E2%80%94-%E2%80%9CA-vontade-de-se-preparar-tem-que-ser-maior-do-que-a-vontade-de-vencer-Vencer-sera-consequencia-da-boa-preparacao%E2%80%9D-%E2%80%94-Bernardinho\" >6 &mdash; &ldquo;A vontade de se preparar tem que ser maior do que a vontade de vencer. Vencer ser&aacute; conseq&uuml;&ecirc;ncia da boa prepara&ccedil;&atilde;o&rdquo; &mdash; Bernardinho<\/a><\/li><li class='ez-toc-page-1 ez-toc-heading-level-2'><a class=\"ez-toc-link ez-toc-heading-7\" href=\"https:\/\/vestibulares.estrategia.com\/portal\/materias\/redacao\/15-citacoes-sobre-esporte-para-usar-na-redacao-como-repertorio-sociocultural\/#7-%E2%80%94-%E2%80%9CVoce-nunca-esta-jogando-contra-o-seu-adversario-Voce-esta-jogando-contra-si-mesmo-seus-proprios-padroes-e-ao-alcancar-o-seu-limite-e-ai-que-mora-a-alegria%E2%80%9D-%E2%80%95-Arthur-Ashe\" >7 &mdash; &ldquo;Voc&ecirc; nunca est&aacute; jogando contra o seu advers&aacute;rio. Voc&ecirc; est&aacute; jogando contra si mesmo, seus pr&oacute;prios padr&otilde;es, e, ao alcan&ccedil;ar o seu limite, &eacute; a&iacute; que mora a alegria.&rdquo; &#8213; Arthur Ashe<\/a><\/li><li class='ez-toc-page-1 ez-toc-heading-level-2'><a class=\"ez-toc-link ez-toc-heading-8\" href=\"https:\/\/vestibulares.estrategia.com\/portal\/materias\/redacao\/15-citacoes-sobre-esporte-para-usar-na-redacao-como-repertorio-sociocultural\/#8-%E2%80%94-%E2%80%9CVoce-precisa-acreditar-em-si-mesmo-quando-ninguem-mais-acreditar-%E2%80%94-isso-ja-faz-de-voce-um-campeao-logo-de-inicio%E2%80%9D-%E2%80%95-Venus-Williams\" >8 &mdash; &ldquo;Voc&ecirc; precisa acreditar em si mesmo quando ningu&eacute;m mais acreditar &mdash; isso j&aacute; faz de voc&ecirc; um campe&atilde;o logo de in&iacute;cio.&rdquo; &#8213; Venus Williams<\/a><\/li><li class='ez-toc-page-1 ez-toc-heading-level-2'><a class=\"ez-toc-link ez-toc-heading-9\" href=\"https:\/\/vestibulares.estrategia.com\/portal\/materias\/redacao\/15-citacoes-sobre-esporte-para-usar-na-redacao-como-repertorio-sociocultural\/#9-%E2%80%94-%E2%80%9CEu-percebi-o-impacto-que-aquele-esporte-poderia-causar-tamanha-era-a-importancia-dele-para-o-pais-E-principalmente-porque-o-esporte-fala-uma-lingua-que-e-entendida-por-todos-e-em-todas-as-partes-do-mundo%E2%80%9D-%E2%80%94-Nelson-Mandela\" >9 &mdash; &ldquo;Eu percebi o impacto que aquele esporte poderia causar, tamanha era a import&acirc;ncia dele para o pa&iacute;s. E principalmente porque o esporte fala uma l&iacute;ngua que &eacute; entendida por todos, e em todas as partes do mundo&rdquo;. &mdash; Nelson Mandela<\/a><\/li><li class='ez-toc-page-1 ez-toc-heading-level-2'><a class=\"ez-toc-link ez-toc-heading-10\" href=\"https:\/\/vestibulares.estrategia.com\/portal\/materias\/redacao\/15-citacoes-sobre-esporte-para-usar-na-redacao-como-repertorio-sociocultural\/#10-%E2%80%94-%E2%80%9CA-pratica-esportiva-tambem-ajuda-num-mundo-melhor-com-tudo-de-bom-que-traz-para-nos-saude-auto-estima-espirito-de-equipe-objetivos-entre-outros-atributos-que-com-certeza-vem-junto-com-o-esporte%E2%80%9D-%E2%80%94-Gustavo-Borges\" >10 &mdash; &ldquo;A pr&aacute;tica esportiva tamb&eacute;m ajuda num mundo melhor com tudo de bom que traz para n&oacute;s: sa&uacute;de, auto-estima, esp&iacute;rito de equipe, objetivos, entre outros atributos que com certeza, vem junto com o esporte&rdquo; &mdash; Gustavo Borges<\/a><\/li><li class='ez-toc-page-1 ez-toc-heading-level-2'><a class=\"ez-toc-link ez-toc-heading-11\" href=\"https:\/\/vestibulares.estrategia.com\/portal\/materias\/redacao\/15-citacoes-sobre-esporte-para-usar-na-redacao-como-repertorio-sociocultural\/#11-%E2%80%94-%E2%80%9CO-futebol-e-o-opio-do-povo-e-o-narcotrafico-da-midia%E2%80%9D-%E2%80%94Millor-Fernandes\" >11 &mdash; &ldquo;O futebol &eacute; o &oacute;pio do povo e o narcotr&aacute;fico da m&iacute;dia&rdquo;. &mdash;Mill&ocirc;r Fernandes<\/a><\/li><li class='ez-toc-page-1 ez-toc-heading-level-2'><a class=\"ez-toc-link ez-toc-heading-12\" href=\"https:\/\/vestibulares.estrategia.com\/portal\/materias\/redacao\/15-citacoes-sobre-esporte-para-usar-na-redacao-como-repertorio-sociocultural\/#12-%E2%80%94-%E2%80%9CA-vitoria-tem-centenas-de-pais-enquanto-a-derrota-e-orfa%E2%80%9D-%E2%80%94-John-F-Kennedy\" >12 &mdash; &ldquo;A vit&oacute;ria tem centenas de pais, enquanto a derrota &eacute; &oacute;rf&atilde;&rdquo;. &mdash; John F. Kennedy<\/a><\/li><li class='ez-toc-page-1 ez-toc-heading-level-2'><a class=\"ez-toc-link ez-toc-heading-13\" href=\"https:\/\/vestibulares.estrategia.com\/portal\/materias\/redacao\/15-citacoes-sobre-esporte-para-usar-na-redacao-como-repertorio-sociocultural\/#13-%E2%80%94-%E2%80%9CO-esporte-e-a-unica-profissao-que-eu-conheco-que-quando-voce-se-aposenta-e-necessario-comecar-a-trabalhar%E2%80%9D-%E2%80%94-Earl-Warren\" >13 &mdash; &ldquo;O esporte &eacute; a &uacute;nica profiss&atilde;o que eu conhe&ccedil;o que, quando voc&ecirc; se aposenta, &eacute; necess&aacute;rio come&ccedil;ar a trabalhar&rdquo;. &mdash; Earl Warren<\/a><\/li><li class='ez-toc-page-1 ez-toc-heading-level-2'><a class=\"ez-toc-link ez-toc-heading-14\" href=\"https:\/\/vestibulares.estrategia.com\/portal\/materias\/redacao\/15-citacoes-sobre-esporte-para-usar-na-redacao-como-repertorio-sociocultural\/#14-%E2%80%94-%E2%80%9CMuitas-vezes-e-a-falta-de-carater-que-decide-uma-partida-Nao-se-faz-literatura-politica-e-futebol-com-bons-sentimentos%E2%80%A6%E2%80%9D-%E2%80%94-Nelson-Rodrigues\" >14 &mdash; &ldquo;Muitas vezes &eacute; a falta de car&aacute;ter que decide uma partida. N&atilde;o se faz literatura, pol&iacute;tica e futebol com bons sentimentos&hellip;&rdquo; &mdash; Nelson Rodrigues<\/a><\/li><li class='ez-toc-page-1 ez-toc-heading-level-2'><a class=\"ez-toc-link ez-toc-heading-15\" href=\"https:\/\/vestibulares.estrategia.com\/portal\/materias\/redacao\/15-citacoes-sobre-esporte-para-usar-na-redacao-como-repertorio-sociocultural\/#15-%E2%80%94-%E2%80%9CSe-as-pessoas-nao-tiverem-o-poder-de-dizer-as-coisas-eu-vou-dizer-por-elas-Quando-eu-era-jogador-minhas-pernas-amplificavam-a-minha-voz%E2%80%9D-%E2%80%94-Socrates\" >15 &mdash; &ldquo;Se as pessoas n&atilde;o tiverem o poder de dizer as coisas, eu vou dizer por elas. Quando eu era jogador, minhas pernas amplificavam a minha voz&rdquo; &mdash; S&oacute;crates<\/a><\/li><li class='ez-toc-page-1 ez-toc-heading-level-2'><a class=\"ez-toc-link ez-toc-heading-16\" href=\"https:\/\/vestibulares.estrategia.com\/portal\/materias\/redacao\/15-citacoes-sobre-esporte-para-usar-na-redacao-como-repertorio-sociocultural\/#Conquiste-sua-aprovacao-com-o-Estrategia-Vestibulares\" >Conquiste sua aprova&ccedil;&atilde;o com o Estrat&eacute;gia Vestibulares<\/a><\/li><li class='ez-toc-page-1 ez-toc-heading-level-2'><a class=\"ez-toc-link ez-toc-heading-17\" href=\"https:\/\/vestibulares.estrategia.com\/portal\/materias\/redacao\/15-citacoes-sobre-esporte-para-usar-na-redacao-como-repertorio-sociocultural\/#Veja-citacoes-para-usar-na-redacao\" >Veja cita&ccedil;&otilde;es para usar na reda&ccedil;&atilde;o<\/a><\/li><\/ul><\/nav><\/div>\n<h2 class=\"wp-block-heading\" id=\"h-1-o-esporte-serio-e-uma-guerra-sem-tiros-george-orwell\"><span class=\"ez-toc-section\" id=\"1-%E2%80%94-%E2%80%9CO-esporte-serio-e-uma-guerra-sem-tiros%E2%80%9D-%E2%80%94-George-Orwell\"><\/span>1 &mdash; &ldquo;O esporte s&eacute;rio &eacute; uma guerra sem tiros.&rdquo; &mdash; George Orwell<span class=\"ez-toc-section-end\"><\/span><\/h2><p>Autor de &ldquo;A Revolu&ccedil;&atilde;o dos Bichos&rdquo; e &ldquo;1984&rdquo;, o ingl&ecirc;s George Orwell nasceu na &Iacute;ndia Brit&acirc;nica em 1903. Suas obras s&atilde;o marcadas por fortes cr&iacute;ticas &agrave;s injusti&ccedil;as sociais, com tom bem-humorado e intenso. &Eacute; considerado um dos melhores cronistas da cultura inglesa no s&eacute;culo XX.<\/p><p>A frase sobre esporte foi cunhada em um <a href=\"https:\/\/trivela.com.br\/inglaterra\/o-esporte-serio-e-uma-guerra-sem-tiros-o-ensaio-apocaliptico-em-que-orwell-fala-sobre-futebol\/\" target=\"_blank\" rel=\"noopener noreferrer\">artigo chamado &ldquo;O Esp&iacute;rito Esportivo&rdquo;<\/a>, e fala sobre uma viagem do time de futebol do Dynamo Moscou pelo Reino Unido em 1945, para retomar o esporte no pa&iacute;s e celebrar o final da Segunda Guerra Mundial. Mas, Orwell n&atilde;o tece elogios ao evento, pelo contr&aacute;rio: o escritor trata de forma apocal&iacute;ptica o acontecimento.<\/p><h2 class=\"wp-block-heading\" id=\"h-2-como-as-nossas-paixoes-pelos-esportes-sao-tao-profundas-e-tao-amplamente-distribuidas-e-provavel-que-facam-parte-de-nosso-hardware-nao-estao-em-nossos-cerebros-mas-em-nossos-genes-carl-sagan\"><span class=\"ez-toc-section\" id=\"2-%E2%80%94-%E2%80%9CComo-as-nossas-paixoes-pelos-esportes-sao-tao-profundas-e-tao-amplamente-distribuidas-e-provavel-que-facam-parte-de-nosso-hardware-%E2%80%93-nao-estao-em-nossos-cerebros-mas-em-nossos-genes%E2%80%9D-%E2%80%94-Carl-Sagan\"><\/span>2 &mdash; &ldquo;Como as nossas paix&otilde;es pelos esportes s&atilde;o t&atilde;o profundas e t&atilde;o amplamente distribu&iacute;das, &eacute; prov&aacute;vel que fa&ccedil;am parte de nosso hardware &ndash; n&atilde;o est&atilde;o em nossos c&eacute;rebros, mas em nossos genes.&rdquo; &mdash; Carl Sagan<span class=\"ez-toc-section-end\"><\/span><\/h2><p>Carl Sagan foi um astr&ocirc;nomo, escritor e ativista estadunidense, autor de mais de 600 publica&ccedil;&otilde;es cient&iacute;ficas ao longo da vida, al&eacute;m de mais de 20 livros. Trabalhou na Nasa, estando envolvido em diversas miss&otilde;es espaciais, al&eacute;m de lecionar na Universidade Cornell e em Harvard.<\/p><p>Sagan acreditava em civiliza&ccedil;&otilde;es extraterrestres, ainda que n&atilde;o em comunica&ccedil;&otilde;es com a Terra. Al&eacute;m disso, foi ativista contra a corrida armamentista, promovida pelo ent&atilde;o presidente dos Estados Unidos, Ronald Reagan. Foi tamb&eacute;m um defensor da metodologia cient&iacute;fica e do ceticismo.<\/p><h2 class=\"wp-block-heading\" id=\"h-3-quanto-menos-comes-bebes-compras-livros-e-vais-ao-teatro-pensas-amas-teorizas-cantas-sofres-praticas-esporte-etc-mais-economizas-e-mais-cresce-o-teu-capital-es-menos-mas-tens-mais-assim-todas-as-paixoes-e-atividades-sao-tragadas-pela-cobica-nbsp-karl-marx\"><span class=\"ez-toc-section\" id=\"3-%E2%80%94-%E2%80%9CQuanto-menos-comes-bebes-compras-livros-e-vais-ao-teatro-pensas-amas-teorizas-cantas-sofres-praticas-esporte-etc-mais-economizas-e-mais-cresce-o-teu-capital-Es-menos-mas-tens-mais-Assim-todas-as-paixoes-e-atividades-sao-tragadas-pela-cobica%E2%80%9D-%E2%80%94-Karl-Marx\"><\/span>3 &mdash; &ldquo;Quanto menos comes, bebes, compras livros e vais ao teatro, pensas, amas, teorizas, cantas, sofres, praticas esporte, etc., mais economizas e mais cresce o teu capital. &Eacute;s menos, mas tens mais. Assim todas as paix&otilde;es e atividades s&atilde;o tragadas pela cobi&ccedil;a.&rdquo; &mdash;&nbsp; Karl Marx<span class=\"ez-toc-section-end\"><\/span><\/h2><p>Karl Marx foi fil&oacute;sofo, jornalista, historiador, economista e soci&oacute;logo nascido na Pr&uacute;ssia, no atual territ&oacute;rio alem&atilde;o, em 1818. Ao longo do tempo escreveu o &ldquo;Manifesto Comunista&rdquo; e &ldquo;O Capital&rdquo;, suas obras mais influentes no mundo.<\/p><p>Suas teorias englobam o que hoje &eacute; considerado &ldquo;marxismo&rdquo;, em que ele argumenta que as sociedades s&atilde;o moldadas pela luta de classes. Seu trabalho conta com correntes que usam seus conhecimentos para criticar e contrapor seus pontos e tamb&eacute;m para elogiar e compor novos trabalhos, o que d&aacute; &agrave;s suas obras um car&aacute;ter fundamental na ci&ecirc;ncia social moderna.<\/p><p><a href=\"https:\/\/vestibulares.estrategia.com\/portal\/materias\/redacao\/citacoes-filosoficas-redacao\/\">+ 9 cita&ccedil;&otilde;es filos&oacute;ficas para usar na reda&ccedil;&atilde;o<\/a><br><a href=\"https:\/\/vestibulares.estrategia.com\/portal\/materias\/redacao\/7-citacoes-repertorio-sociocultural-coringa\/\">+ Repert&oacute;rio Sociocultural para reda&ccedil;&atilde;o: 7 cita&ccedil;&otilde;es coringa<\/a><\/p><h2 class=\"wp-block-heading\" id=\"h-4-o-atletismo-e-o-esporte-do-pobre-da-a-ele-a-chance-de-vencer-na-vida-nbsp-joaquim-cruz\"><span class=\"ez-toc-section\" id=\"4-%E2%80%94-%E2%80%9CO-atletismo-e-o-esporte-do-pobre-Da-a-ele-a-chance-de-vencer-na-vida%E2%80%9D-%E2%80%94-Joaquim-Cruz\"><\/span>4 &mdash; &ldquo;O atletismo &eacute; o esporte do pobre. D&aacute; a ele a chance de vencer na vida.&rdquo; &mdash;&nbsp; Joaquim Cruz<span class=\"ez-toc-section-end\"><\/span><\/h2><p>Joaquim Carvalho Cruz nasceu em 1963 e foi campe&atilde;o ol&iacute;mpico dos 800 metros na olimp&iacute;ada de Los Angeles de 1984. Al&eacute;m disso, foi medalhista de prata em Seul 1988 e bi-campe&atilde;o dos jogos pan-americanos.<\/p><p>Foi escolhido pelo Comit&ecirc; Ol&iacute;mpico Brasileiro para acender a pira ol&iacute;mpica dos jogos do Rio de Janeiro, em 2016. Ap&oacute;s aposentar-se das pistas, Joaquim foi treinador do time de atletismo estadunidense nos jogos parapan-americanos de 2007 e paraol&iacute;mpico em Pequim 2008. Foi tamb&eacute;m chefe de delega&ccedil;&atilde;o do Brasil no mundial de atletismo de 2022 como convidado.<\/p><h2 class=\"wp-block-heading\" id=\"h-5-nao-sei-dirigir-de-outra-maneira-que-nao-seja-arriscada-quando-tiver-de-ultrapassar-vou-ultrapassar-mesmo-cada-piloto-tem-o-seu-limite-o-meu-e-um-pouco-acima-do-dos-outros-ayrton-senna\"><span class=\"ez-toc-section\" id=\"5-%E2%80%94-%E2%80%9CNao-sei-dirigir-de-outra-maneira-que-nao-seja-arriscada-Quando-tiver-de-ultrapassar-vou-ultrapassar-mesmo-Cada-piloto-tem-o-seu-limite-O-meu-e-um-pouco-acima-do-dos-outros%E2%80%9D-%E2%80%94-Ayrton-Senna\"><\/span>5 &mdash; &ldquo;N&atilde;o sei dirigir de outra maneira que n&atilde;o seja arriscada. Quando tiver de ultrapassar vou ultrapassar mesmo. Cada piloto tem o seu limite. O meu &eacute; um pouco acima do dos outros.&rdquo; &mdash; Ayrton Senna<span class=\"ez-toc-section-end\"><\/span><\/h2><p>Considerado por muitos o maior piloto de F&oacute;rmula 1 da hist&oacute;ria, o brasileiro Ayrton Senna &eacute; marcante por sua atua&ccedil;&atilde;o no esporte, &oacute;bvio, mas tamb&eacute;m pela vida pessoal e frases sobre supera&ccedil;&atilde;o e competitividade.<\/p><p>Sua morte, em um acidente nos treinos para uma corrida da competi&ccedil;&atilde;o, em 1994, chocou o mundo, sendo um ponto de reflex&atilde;o para o automobilismo sobre o risco dos pilotos e maneiras de deixar as competi&ccedil;&otilde;es mais seguras.<\/p><h2 class=\"wp-block-heading\" id=\"h-6-a-vontade-de-se-preparar-tem-que-ser-maior-do-que-a-vontade-de-vencer-vencer-sera-consequencia-da-boa-preparacao-bernardinho\"><span class=\"ez-toc-section\" id=\"6-%E2%80%94-%E2%80%9CA-vontade-de-se-preparar-tem-que-ser-maior-do-que-a-vontade-de-vencer-Vencer-sera-consequencia-da-boa-preparacao%E2%80%9D-%E2%80%94-Bernardinho\"><\/span>6 &mdash; &ldquo;A vontade de se preparar tem que ser maior do que a vontade de vencer. Vencer ser&aacute; conseq&uuml;&ecirc;ncia da boa prepara&ccedil;&atilde;o&rdquo; &mdash; Bernardinho<span class=\"ez-toc-section-end\"><\/span><\/h2><p>Bernardo Rocha de Rezende, o Bernardinho, &eacute; bi-campe&atilde;o ol&iacute;mpico como treinador da sele&ccedil;&atilde;o masculina de v&ocirc;lei do Brasil, tendo ficado nesse posto de 2001 a 2017. No per&iacute;odo, o treinador foi um dos s&iacute;mbolos de uma era vitoriosa do pa&iacute;s na modalidade. Como treinador da equipe feminina, anteriormente, conquistou duas medalhas de bronze nas olimp&iacute;adas.<\/p><p>Atualmente possui empreendimentos como uma rede de academias, plataforma de cursos de empreendedorismo on-line e o Instituto Compartilhar, que atua no desenvolvimento esportivo e social de jovens de comunidades carentes. Tamb&eacute;m atua como palestrante falando sobre sua vida profissional dentro e fora das quadras.<\/p><h2 class=\"wp-block-heading\" id=\"h-7-voce-nunca-esta-jogando-contra-o-seu-adversario-voce-esta-jogando-contra-si-mesmo-seus-proprios-padroes-e-ao-alcancar-o-seu-limite-e-ai-que-mora-a-alegria-arthur-ashe\"><span class=\"ez-toc-section\" id=\"7-%E2%80%94-%E2%80%9CVoce-nunca-esta-jogando-contra-o-seu-adversario-Voce-esta-jogando-contra-si-mesmo-seus-proprios-padroes-e-ao-alcancar-o-seu-limite-e-ai-que-mora-a-alegria%E2%80%9D-%E2%80%95-Arthur-Ashe\"><\/span>7 &mdash; &ldquo;Voc&ecirc; nunca est&aacute; jogando contra o seu advers&aacute;rio. Voc&ecirc; est&aacute; jogando contra si mesmo, seus pr&oacute;prios padr&otilde;es, e, ao alcan&ccedil;ar o seu limite, &eacute; a&iacute; que mora a alegria.&rdquo; &#8213; Arthur Ashe<span class=\"ez-toc-section-end\"><\/span><\/h2><p>Arthur Ashe foi o primeiro tenista negro a conquistar o Torneio de Wimbledon, em 1975, ano em que foi considerado o melhor do mundo na modalidade. Ap&oacute;s se aposentar como atleta, trabalhou como comentarista e foi fundador da liga j&uacute;nior nacional de t&ecirc;nis dos Estados Unidos.<\/p><p>Em 1988 descobriu ter contra&iacute;do o v&iacute;rus do HIV&nbsp; em uma transfus&atilde;o de sangue ap&oacute;s uma cirurgia card&iacute;aca, e, ao tornar p&uacute;blica a doen&ccedil;a em 1992, passou a atuar em prol da luta contra a s&iacute;ndrome. Passou os &uacute;ltimos anos da sua vida escrevendo um livro de mem&oacute;rias, que terminou uma semana antes de sua morte, em fevereiro de 1993.<\/p><p><a href=\"https:\/\/vestibulares.estrategia.com\/portal\/materias\/redacao\/13-filmes-sobre-esportes-com-historias-reais-para-usar-na-redacao\/\">+ 13 filmes sobre esportes com hist&oacute;rias reais para usar na reda&ccedil;&atilde;o<\/a><br><a href=\"https:\/\/vestibulares.estrategia.com\/portal\/atualidades-e-dicas\/cursos-para-trabalhar-com-esporte\/\">+ Cursos para trabalhar com esporte<\/a><\/p><h2 class=\"wp-block-heading\" id=\"h-8-voce-precisa-acreditar-em-si-mesmo-quando-ninguem-mais-acreditar-isso-ja-faz-de-voce-um-campeao-logo-de-inicio-venus-williams\"><span class=\"ez-toc-section\" id=\"8-%E2%80%94-%E2%80%9CVoce-precisa-acreditar-em-si-mesmo-quando-ninguem-mais-acreditar-%E2%80%94-isso-ja-faz-de-voce-um-campeao-logo-de-inicio%E2%80%9D-%E2%80%95-Venus-Williams\"><\/span>8 &mdash; &ldquo;Voc&ecirc; precisa acreditar em si mesmo quando ningu&eacute;m mais acreditar &mdash; isso j&aacute; faz de voc&ecirc; um campe&atilde;o logo de in&iacute;cio.&rdquo; &#8213; Venus Williams<span class=\"ez-toc-section-end\"><\/span><\/h2><p>Venus Williams &eacute; tenista estadunidense e foi vencedora de sete Grand Slam &mdash; os quatro maiores torneios anuais do esporte &mdash; em simples (sozinha), 13 em duplas e mais dois em duplas mistas, al&eacute;m de ser a maior medalhista ol&iacute;mpica da modalidade &mdash; cinco medalhas.<\/p><p>Sua hist&oacute;ria foi contada recentemente nos cinemas no filme &ldquo;King Richards: Criando Campe&atilde;s&rdquo; &mdash; indicado ao <a href=\"https:\/\/vestibulares.estrategia.com\/portal\/atualidades-e-dicas\/oscar-2022-redacao\/\">pr&ecirc;mio de melhor filme no Oscar 2022<\/a>, que aborda a rela&ccedil;&atilde;o entre ela, seu pai e sua irm&atilde;, Serena Williams at&eacute; o topo do t&ecirc;nis. Fora das quadras, Venus se destacou tamb&eacute;m pela atua&ccedil;&atilde;o e luta a favor de pr&ecirc;mios equivalentes para homens e mulheres na modalidade.<\/p><h2 class=\"wp-block-heading\" id=\"h-9-eu-percebi-o-impacto-que-aquele-esporte-poderia-causar-tamanha-era-a-importancia-dele-para-o-pais-e-principalmente-porque-o-esporte-fala-uma-lingua-que-e-entendida-por-todos-e-em-todas-as-partes-do-mundo-nelson-mandela\"><span class=\"ez-toc-section\" id=\"9-%E2%80%94-%E2%80%9CEu-percebi-o-impacto-que-aquele-esporte-poderia-causar-tamanha-era-a-importancia-dele-para-o-pais-E-principalmente-porque-o-esporte-fala-uma-lingua-que-e-entendida-por-todos-e-em-todas-as-partes-do-mundo%E2%80%9D-%E2%80%94-Nelson-Mandela\"><\/span>9 &mdash; &ldquo;Eu percebi o impacto que aquele esporte poderia causar, tamanha era a import&acirc;ncia dele para o pa&iacute;s. E principalmente porque o esporte fala uma l&iacute;ngua que &eacute; entendida por todos, e em todas as partes do mundo&rdquo;. &mdash; Nelson Mandela<span class=\"ez-toc-section-end\"><\/span><\/h2><p>Nelson Mandela foi o primeiro presidente negro da &Aacute;frica do Sul, e o primeiro p&oacute;s-apartheid, regime de estado racista que segregava os negros do pa&iacute;s, com proibi&ccedil;&otilde;es, pris&otilde;es arbitr&aacute;rias e demais restri&ccedil;&otilde;es pol&iacute;ticas e sociais.<\/p><p>Mandela deu essa declara&ccedil;&atilde;o <a href=\"https:\/\/ge.globo.com\/programas\/esporte-espetacular\/ep\/rugbi\/todos-por-um\/noticia\/momento-historico-em-1995-mandela-usa-a-copa-do-mundo-de-rugbi-para-unir-a-africa-do-sul.ghtml\" target=\"_blank\" rel=\"noopener noreferrer\">sobre a Copa do Mundo de R&uacute;gbi de 1995<\/a>, sediada pela &Aacute;frica do Sul, enquanto era o presidente local. Al&eacute;m disso, foi vencedor do Pr&ecirc;mio Nobel da Paz em 1993, justamente pela luta contra o apartheid em seu pa&iacute;s.<\/p><h2 class=\"wp-block-heading\" id=\"h-10-a-pratica-esportiva-tambem-ajuda-num-mundo-melhor-com-tudo-de-bom-que-traz-para-nos-saude-auto-estima-espirito-de-equipe-objetivos-entre-outros-atributos-que-com-certeza-vem-junto-com-o-esporte-gustavo-borges\"><span class=\"ez-toc-section\" id=\"10-%E2%80%94-%E2%80%9CA-pratica-esportiva-tambem-ajuda-num-mundo-melhor-com-tudo-de-bom-que-traz-para-nos-saude-auto-estima-espirito-de-equipe-objetivos-entre-outros-atributos-que-com-certeza-vem-junto-com-o-esporte%E2%80%9D-%E2%80%94-Gustavo-Borges\"><\/span>10 &mdash; &ldquo;A pr&aacute;tica esportiva tamb&eacute;m ajuda num mundo melhor com tudo de bom que traz para n&oacute;s: sa&uacute;de, auto-estima, esp&iacute;rito de equipe, objetivos, entre outros atributos que com certeza, vem junto com o esporte&rdquo; &mdash; Gustavo Borges<span class=\"ez-toc-section-end\"><\/span><\/h2><p>Gustavo Borges foi nadador e conquistou quatro medalhas ol&iacute;mpicas, al&eacute;m de ter batido recordes mundiais sozinho e por equipes em sua trajet&oacute;ria. &Eacute; o segundo maior medalhista do Brasil em pan-americanos, e o terceiro atleta do pa&iacute;s em n&uacute;mero de medalhas de ouro tamb&eacute;m em pans, com oito no total.<\/p><p>Atualmente, faz parte do Hall da Fama da nata&ccedil;&atilde;o mundial e trabalha como empres&aacute;rio e palestrante, al&eacute;m de ser comentarista da modalidade na televis&atilde;o brasileira.<\/p><h2 class=\"wp-block-heading\" id=\"h-11-o-futebol-e-o-opio-do-povo-e-o-narcotrafico-da-midia-millor-fernandes\"><span class=\"ez-toc-section\" id=\"11-%E2%80%94-%E2%80%9CO-futebol-e-o-opio-do-povo-e-o-narcotrafico-da-midia%E2%80%9D-%E2%80%94Millor-Fernandes\"><\/span>11 &mdash; &ldquo;O futebol &eacute; o &oacute;pio do povo e o narcotr&aacute;fico da m&iacute;dia&rdquo;. &mdash;Mill&ocirc;r Fernandes<span class=\"ez-toc-section-end\"><\/span><\/h2><p>Desenhista, humorista, escritor, jornalista, poeta&hellip; Mill&ocirc;r Fernandes foi nome presente na imprensa do pa&iacute;s com seu humor sat&iacute;rico e cr&iacute;tico, sendo, inclusive, censurado diversas vezes na &eacute;poca da Ditadura Militar.<\/p><p>Ao longo de sua carreira, escreveu dezenas de livros, adapta&ccedil;&otilde;es e tradu&ccedil;&otilde;es de pe&ccedil;as de teatro, al&eacute;m de ter sido co-roteirista e colaborador de filmes nas d&eacute;cadas de 50 e 60.<\/p><p class=\"wp-block-verse\">Veja tamb&eacute;m:<br>&mdash; <a href=\"https:\/\/vestibulares.estrategia.com\/portal\/materias\/redacao\/11-citacoes-sobre-tecnologia-para-usar-na-redacao\/\">11 cita&ccedil;&otilde;es sobre tecnologia para usar na reda&ccedil;&atilde;o<\/a><br>&mdash; <a href=\"https:\/\/vestibulares.estrategia.com\/portal\/materias\/redacao\/7-citacoes-sobre-saude-para-usar-como-repertorio-sociocultural-na-redacao\/\">7 cita&ccedil;&otilde;es sobre sa&uacute;de para usar como repert&oacute;rio sociocultural na reda&ccedil;&atilde;o<\/a><br>&mdash; <a href=\"https:\/\/vestibulares.estrategia.com\/portal\/materias\/redacao\/7-citacoes-sobre-violencia-para-usar-na-redacao\/\">7 cita&ccedil;&otilde;es sobre viol&ecirc;ncia para usar na reda&ccedil;&atilde;o<\/a><br>&mdash; <a href=\"https:\/\/vestibulares.estrategia.com\/portal\/materias\/redacao\/7-citacoes-sobre-politica-para-usar-na-redacao\/\">7 cita&ccedil;&otilde;es sobre pol&iacute;tica para usar na reda&ccedil;&atilde;o<\/a><\/p><h2 class=\"wp-block-heading\" id=\"h-12-a-vitoria-tem-centenas-de-pais-enquanto-a-derrota-e-orfa-john-f-kennedy\"><span class=\"ez-toc-section\" id=\"12-%E2%80%94-%E2%80%9CA-vitoria-tem-centenas-de-pais-enquanto-a-derrota-e-orfa%E2%80%9D-%E2%80%94-John-F-Kennedy\"><\/span>12 &mdash; &ldquo;A vit&oacute;ria tem centenas de pais, enquanto a derrota &eacute; &oacute;rf&atilde;&rdquo;. &mdash; John F. Kennedy<span class=\"ez-toc-section-end\"><\/span><\/h2><p>John Fitzgerald Kennedy foi o 35&ordm; presidente dos Estados Unidos &mdash; de 1961 a 63 &mdash;, quando foi assassinado ainda em seu mandato. Se formou em Harvard, serviu o ex&eacute;rcito na Segunda Guerra Mundial, foi eleito senador e venceu um pr&ecirc;mio Pulitzer pelo livro &ldquo;Perfis de Coragem&rdquo;.<\/p><p>Em seu mandato, aumentou as tens&otilde;es da Guerra Fria, ampliou a presen&ccedil;a militar estadunidense no Vietn&atilde; e chegou a planejar a derrubada do governo de Fidel Castro em Cuba. Tamb&eacute;m assinou o primeiro tratado de armas nucleares, a continua&ccedil;&atilde;o do Programa Apollo e apoiava o movimento dos direitos civis para negros.<\/p><h2 class=\"wp-block-heading\" id=\"h-13-o-esporte-e-a-unica-profissao-que-eu-conheco-que-quando-voce-se-aposenta-e-necessario-comecar-a-trabalhar-earl-warren\"><span class=\"ez-toc-section\" id=\"13-%E2%80%94-%E2%80%9CO-esporte-e-a-unica-profissao-que-eu-conheco-que-quando-voce-se-aposenta-e-necessario-comecar-a-trabalhar%E2%80%9D-%E2%80%94-Earl-Warren\"><\/span>13 &mdash; &ldquo;O esporte &eacute; a &uacute;nica profiss&atilde;o que eu conhe&ccedil;o que, quando voc&ecirc; se aposenta, &eacute; necess&aacute;rio come&ccedil;ar a trabalhar&rdquo;. &mdash; Earl Warren<span class=\"ez-toc-section-end\"><\/span><\/h2><p>Warren foi governador do estado da Calif&oacute;rnia entre 1943 e 53, al&eacute;m de ter sido Chefe de Justi&ccedil;a dos Estados Unidos de 1953 at&eacute; 1969. &Eacute; considerado um dos ju&iacute;zes e l&iacute;deres pol&iacute;ticos mais influentes da hist&oacute;ria do pa&iacute;s.<\/p><p>Earl Warren recebeu in&uacute;meras queixas sobre leis de segrega&ccedil;&atilde;o racial, direitos de defesa, sepera&ccedil;&atilde;o das igrejas e estado e direitos civis. Tamb&eacute;m presidiu a comiss&atilde;o que investigou o assassinato de John Kennedy.<\/p><h2 class=\"wp-block-heading\" id=\"h-14-muitas-vezes-e-a-falta-de-carater-que-decide-uma-partida-nao-se-faz-literatura-politica-e-futebol-com-bons-sentimentos-nelson-rodrigues\"><span class=\"ez-toc-section\" id=\"14-%E2%80%94-%E2%80%9CMuitas-vezes-e-a-falta-de-carater-que-decide-uma-partida-Nao-se-faz-literatura-politica-e-futebol-com-bons-sentimentos%E2%80%A6%E2%80%9D-%E2%80%94-Nelson-Rodrigues\"><\/span>14 &mdash; &ldquo;Muitas vezes &eacute; a falta de car&aacute;ter que decide uma partida. N&atilde;o se faz literatura, pol&iacute;tica e futebol com bons sentimentos&hellip;&rdquo; &mdash; Nelson Rodrigues<span class=\"ez-toc-section-end\"><\/span><\/h2><p>Considerado por muitos como o maior dramaturgo do Brasil, Nelson Rodrigues foi tamb&eacute;m romancista, jornalista, teatr&oacute;logo e cronista, com dezenas de livros, pe&ccedil;as de teatro, novelas, s&eacute;ries e filmes escritos por ele ou baseados por suas obras.<\/p><p>Falava muito do futebol nacional, o que gerou diversas frases como a mencionada acima, sempre combinando o esporte com pol&iacute;tica, economia, cotidiano e tudo o que mais se pode imaginar. Chegou a apoiar o regime militar, mas revisou seus posicionamentos ap&oacute;s ter seu filho preso e torturado pelos militares.<\/p><p><a href=\"https:\/\/vestibulares.estrategia.com\/portal\/atualidades-e-dicas\/13-questoes-baseadas-em-obras-obrigatorias-que-ja-cairam-nos-vestibulares\/\">+ 13 quest&otilde;es baseadas em obras obrigat&oacute;rias que j&aacute; ca&iacute;ram nos vestibulares<\/a><\/p><h2 class=\"wp-block-heading\" id=\"h-15-se-as-pessoas-nao-tiverem-o-poder-de-dizer-as-coisas-eu-vou-dizer-por-elas-quando-eu-era-jogador-minhas-pernas-amplificavam-a-minha-voz-socrates\"><span class=\"ez-toc-section\" id=\"15-%E2%80%94-%E2%80%9CSe-as-pessoas-nao-tiverem-o-poder-de-dizer-as-coisas-eu-vou-dizer-por-elas-Quando-eu-era-jogador-minhas-pernas-amplificavam-a-minha-voz%E2%80%9D-%E2%80%94-Socrates\"><\/span>15 &mdash; &ldquo;Se as pessoas n&atilde;o tiverem o poder de dizer as coisas, eu vou dizer por elas. Quando eu era jogador, minhas pernas amplificavam a minha voz&rdquo; &mdash; S&oacute;crates<span class=\"ez-toc-section-end\"><\/span><\/h2><p>S&oacute;crates, o atleta e n&atilde;o o fil&oacute;sofo, o brasileiro, e n&atilde;o o grego. S&oacute;crates Brasileiro Sampaio de Souza Vieira de Oliveira foi um dos grandes craques do futebol nacional nos anos 80, sendo considerado um dos maiores &iacute;dolos do Corinthians e que defendeu a sele&ccedil;&atilde;o entre 1979 e 86.<\/p><p>Ativista pol&iacute;tico, possu&iacute;a forma&ccedil;&atilde;o acad&ecirc;mica em Medicina, conciliando a carreira esportiva e a faculdade na cidade de Ribeir&atilde;o Preto (SP). Liderou movimentos pela democratiza&ccedil;&atilde;o do futebol, participando tamb&eacute;m das Diretas J&aacute;. Tamb&eacute;m atuou como treinador, m&uacute;sico, produtor teatral e comentarista esportivo. Faleceu em 2011, cumprindo uma profecia: &ldquo;Quero morrer num domingo, com o Corinthians campe&atilde;o&rdquo;.<\/p><p><a href=\"https:\/\/vestibulares.estrategia.com\/portal\/atualidades-e-dicas\/11-questoes-que-envolvem-futebol-no-enem-e-vestibulares\/\">+ Dia Nacional do Futebol: 11 quest&otilde;es que envolvem o esporte no Enem e vestibulares<\/a><br><a href=\"https:\/\/vestibulares.estrategia.com\/portal\/atualidades-e-dicas\/16-questoes-sobre-copa-do-mundo-que-ja-cairam-no-enem-e-vestibulares\/\">+ 16 quest&otilde;es sobre Copa do Mundo que j&aacute; ca&iacute;ram no Enem e vestibulares<\/a><\/p><h2 class=\"wp-block-heading\" id=\"h-conquiste-sua-aprovacao-com-o-estrategia-vestibulares\"><span class=\"ez-toc-section\" id=\"Conquiste-sua-aprovacao-com-o-Estrategia-Vestibulares\"><\/span>Conquiste sua aprova&ccedil;&atilde;o com o Estrat&eacute;gia Vestibulares<span class=\"ez-toc-section-end\"><\/span><\/h2><p>Cursos intensivos e extensivos, desenvolvidos de acordo com a banca de cada institui&ccedil;&atilde;o, al&eacute;m de acompanhamento pr&oacute;ximo e f&oacute;rum de d&uacute;vidas ativo: isso e muito mais voc&ecirc; encontra no Estrat&eacute;gia Vestibulares. Confira nossos produtos e servi&ccedil;os e conquiste sua aprova&ccedil;&atilde;o na faculdade dos seus sonhos com o nosso apoio.<\/p><p>\n\n\n\n<a id=\"cta\" class=\"cta-imagem\" href=\"https:\/\/vestibulares.estrategia.com\/cursos\/\" target=\"blank\">\n                <img decoding=\"async\" width=\"100%\" src=\"https:\/\/vestibulares.estrategia.com\/portal\/wp-content\/uploads\/2021\/12\/EV1.jpg\" alt=\"CTA - Estrat\u00e9gia Vestibulares 1\" title=\"CTA - Estrat\u00e9gia Vestibulares 1\">\n        <\/a>\n\n\n\n\n\n<\/p><h2 class=\"wp-block-heading\" id=\"h-veja-citacoes-para-usar-na-redacao\"><span class=\"ez-toc-section\" id=\"Veja-citacoes-para-usar-na-redacao\"><\/span>Veja cita&ccedil;&otilde;es para usar na reda&ccedil;&atilde;o<span class=\"ez-toc-section-end\"><\/span><\/h2><ul class=\"wp-block-list\">\n<li><a href=\"https:\/\/vestibulares.estrategia.com\/portal\/materias\/redacao\/13-citacoes-sobre-trabalho-para-usar-na-redacao\/\">13 cita&ccedil;&otilde;es sobre trabalho para usar na reda&ccedil;&atilde;o<\/a><\/li>\n\n\n\n<li><a href=\"https:\/\/vestibulares.estrategia.com\/portal\/materias\/redacao\/7-citacoes-repertorio-sociocultural-coringa\/\" target=\"_blank\">Repert&oacute;rio Sociocultural para reda&ccedil;&atilde;o: 7 cita&ccedil;&otilde;es coringa<\/a><\/li>\n\n\n\n<li><a href=\"https:\/\/vestibulares.estrategia.com\/portal\/materias\/redacao\/9-citacoes-sobre-o-orgulho-lgbtqia-para-usar-como-repertorio-sociocultural\/\" target=\"_blank\">9 cita&ccedil;&otilde;es sobre o Orgulho LGBTQIA+ para usar como repert&oacute;rio sociocultural<\/a><\/li>\n\n\n\n<li><a href=\"https:\/\/vestibulares.estrategia.com\/portal\/atualidades-e-dicas\/6-citacoes-sobre-refugiados-para-usar-na-redacao\/\" target=\"_blank\">6 cita&ccedil;&otilde;es sobre refugiados para usar na reda&ccedil;&atilde;o<\/a><\/li>\n\n\n\n<li><a href=\"https:\/\/vestibulares.estrategia.com\/portal\/materias\/redacao\/7-citacoes-sobre-educacao-para-usar-na-redacao\/\" target=\"_blank\">7 cita&ccedil;&otilde;es sobre educa&ccedil;&atilde;o para usar na reda&ccedil;&atilde;o<\/a><\/li>\n\n\n\n<li><a href=\"https:\/\/vestibulares.estrategia.com\/portal\/materias\/redacao\/11-citacoes-sobre-imprensa-para-usar-na-redacao\/\" target=\"_blank\">11 cita&ccedil;&otilde;es sobre imprensa para usar na reda&ccedil;&atilde;o<\/a><\/li>\n\n\n\n<li><a href=\"https:\/\/vestibulares.estrategia.com\/portal\/materias\/redacao\/7-citacoes-sobre-meio-ambiente-para-usar-na-redacao\/\" target=\"_blank\">7 cita&ccedil;&otilde;es sobre meio ambiente para usar na reda&ccedil;&atilde;o<\/a><\/li>\n\n\n\n<li><a href=\"https:\/\/vestibulares.estrategia.com\/portal\/materias\/redacao\/citacoes-filosoficas-redacao\" target=\"_blank\">9 cita&ccedil;&otilde;es filos&oacute;ficas para usar na reda&ccedil;&atilde;o<\/a><\/li>\n\n\n\n<li><a href=\"https:\/\/vestibulares.estrategia.com\/portal\/materias\/historia\/9-frases-marcantes-da-historia-do-brasil\/\" target=\"_blank\">9 frases marcantes na hist&oacute;ria do Brasil<\/a><\/li>\n\n\n\n<li><a href=\"https:\/\/vestibulares.estrategia.com\/portal\/materias\/redacao\/citacoes-desigualdade-social-redacao\/\" target=\"_blank\">15 cita&ccedil;&otilde;es sobre desigualdade social para usar na reda&ccedil;&atilde;o<\/a><\/li>\n\n\n\n<li><a href=\"https:\/\/vestibulares.estrategia.com\/portal\/materias\/redacao\/11-citacoes-sobre-ciencia-para-usar-na-redacao\/\" target=\"_blank\">11 cita&ccedil;&otilde;es sobre ci&ecirc;ncia para usar na reda&ccedil;&atilde;o<\/a><\/li>\n\n\n\n<li><a href=\"https:\/\/vestibulares.estrategia.com\/portal\/atualidades-e-dicas\/dia-internacional-nelson-mandela-veja-citacoes-e-questoes-sobre-o-lider-sul-africano\/\" target=\"_blank\">Nelson Mandela: veja cita&ccedil;&otilde;es e quest&otilde;es sobre o l&iacute;der sul-africano<\/a><\/li>\n\n\n\n<li><a href=\"https:\/\/vestibulares.estrategia.com\/portal\/materias\/redacao\/11-citacoes-sobre-cultura-para-usar-na-redacao\/\" target=\"_blank\">11 cita&ccedil;&otilde;es sobre cultura para usar na reda&ccedil;&atilde;o<\/a><\/li>\n\n\n\n<li><a href=\"https:\/\/vestibulares.estrategia.com\/portal\/materias\/redacao\/7-citacoes-sobre-politica-para-usar-na-redacao\/\">7 cita&ccedil;&otilde;es sobre pol&iacute;tica para usar na reda&ccedil;&atilde;o<\/a><\/li>\n\n\n\n<li><a href=\"https:\/\/vestibulares.estrategia.com\/portal\/materias\/redacao\/7-citacoes-sobre-violencia-para-usar-na-redacao\/\" target=\"_blank\">7 cita&ccedil;&otilde;es sobre viol&ecirc;ncia para usar na reda&ccedil;&atilde;o<\/a><\/li>\n\n\n\n<li><a href=\"https:\/\/vestibulares.estrategia.com\/portal\/materias\/redacao\/11-citacoes-sobre-tecnologia-para-usar-na-redacao\/\" target=\"_blank\">11 cita&ccedil;&otilde;es sobre tecnologia para usar na reda&ccedil;&atilde;o<\/a><\/li>\n\n\n\n<li><a href=\"https:\/\/vestibulares.estrategia.com\/portal\/materias\/redacao\/7-citacoes-sobre-saude-para-usar-como-repertorio-sociocultural-na-redacao\/\" target=\"_blank\">7 cita&ccedil;&otilde;es sobre sa&uacute;de para usar como repert&oacute;rio sociocultural na reda&ccedil;&atilde;o<\/a><\/li>\n\n\n\n<li><a href=\"https:\/\/vestibulares.estrategia.com\/portal\/materias\/redacao\/11-citacoes-sobre-saude-mental-para-usar-na-redacao\/\">11 cita&ccedil;&otilde;es sobre sa&uacute;de m<\/a><a href=\"https:\/\/vestibulares.estrategia.com\/portal\/materias\/redacao\/11-citacoes-sobre-saude-mental-para-usar-na-redacao\/\" target=\"_blank\">e<\/a><a href=\"https:\/\/vestibulares.estrategia.com\/portal\/materias\/redacao\/11-citacoes-sobre-saude-mental-para-usar-na-redacao\/\">ntal para usar na reda&ccedil;&atilde;o<\/a><\/li>\n\n\n\n<li><a href=\"https:\/\/vestibulares.estrategia.com\/portal\/materias\/redacao\/13-citacoes-sobre-trabalho-para-usar-na-redacao\/\" target=\"_blank\">13 cita&ccedil;&otilde;es sobre trabalho para usar na reda&ccedil;&atilde;o<\/a><\/li>\n\n\n\n<li><a href=\"https:\/\/vestibulares.estrategia.com\/portal\/atualidades-e-dicas\/18-frases-da-rainha-elizabeth-ii-para-usar-na-redacao\/\" target=\"_blank\">18 frases da Rainha Elizabeth II que marcaram o seu reinado<\/a><\/li>\n\n\n\n<li><a href=\"https:\/\/vestibulares.estrategia.com\/portal\/materias\/historia\/9-frases-marcantes-da-historia-do-brasil\/\" target=\"_blank\">9 frases marcantes na hist&oacute;ria do Brasil<\/a><\/li>\n\n\n\n<li><a href=\"https:\/\/vestibulares.estrategia.com\/portal\/materias\/redacao\/9-citacoes-sobre-mudancas-climaticas-para-usar-na-redacao\/\" target=\"_blank\">9 cita&ccedil;&otilde;es sobre mudan&ccedil;as clim&aacute;ticas para usar na reda&ccedil;&atilde;o<\/a><\/li>\n\n\n\n<li><a href=\"https:\/\/vestibulares.estrategia.com\/portal\/atualidades-e-dicas\/24-citacoes-de-paulo-freire-sobre-educacao-para-usar-na-redacao\/\" target=\"_blank\">24 cita&ccedil;&otilde;es de Paulo Freire sobre educa&ccedil;&atilde;o para usar na reda&ccedil;&atilde;o<\/a><\/li>\n\n\n\n<li><a href=\"https:\/\/vestibulares.estrategia.com\/portal\/materias\/redacao\/como-nao-usar-citacoes-nas-redacoes-do-enem-e-vestibulares\/\">Como N&Atilde;O usar cita&ccedil;&otilde;es nas reda&ccedil;&otilde;es do Enem e vestibulares<\/a><\/li>\n<\/ul><\/p>\n","protected":false},"excerpt":{"rendered":"Um dos assuntos presentes nos vestibulares como pano de fundo de diversas quest&otilde;es, al&eacute;m de reda&ccedil;&otilde;es, &eacute; o&hellip;\n","protected":false},"author":43,"featured_media":82605,"comment_status":"closed","ping_status":"closed","sticky":false,"template":"","format":"standard","meta":{"wl_entities_gutenberg":"","footnotes":""},"categories":[2],"tags":[],"wl_entity_type":[732],"class_list":{"0":"post-82604","1":"post","2":"type-post","3":"status-publish","4":"format-standard","5":"has-post-thumbnail","7":"category-redacao","8":"wl_entity_type-article"},"acf":[],"yoast_head":"<!-- This site is optimized with the Yoast SEO Premium plugin v25.9 (Yoast SEO v25.9) - https:\/\/yoast.com\/wordpress\/plugins\/seo\/ -->\n<title>15 cita\u00e7\u00f5es sobre esporte para usar na reda\u00e7\u00e3o como repert\u00f3rio sociocultural<\/title>\n<meta name=\"robots\" content=\"index, follow, max-snippet:-1, max-image-preview:large, max-video-preview:-1\" \/>\n<link rel=\"canonical\" href=\"https:\/\/vestibulares.estrategia.com\/portal\/materias\/redacao\/15-citacoes-sobre-esporte-para-usar-na-redacao-como-repertorio-sociocultural\/\" \/>\n<meta property=\"og:locale\" content=\"pt_BR\" \/>\n<meta property=\"og:type\" content=\"article\" \/>\n<meta property=\"og:title\" content=\"15 cita\u00e7\u00f5es sobre esporte para usar na reda\u00e7\u00e3o como repert\u00f3rio sociocultural\" \/>\n<meta property=\"og:description\" content=\"Um dos assuntos presentes nos vestibulares como pano de fundo de diversas quest&otilde;es, al&eacute;m de reda&ccedil;&otilde;es, &eacute; o&hellip;\" \/>\n<meta property=\"og:url\" content=\"https:\/\/vestibulares.estrategia.com\/portal\/materias\/redacao\/15-citacoes-sobre-esporte-para-usar-na-redacao-como-repertorio-sociocultural\/\" \/>\n<meta property=\"og:site_name\" content=\"Estrat\u00e9gia Vestibulares\" \/>\n<meta property=\"article:publisher\" content=\"https:\/\/facebook.com\/estrategiavestibulares\" \/>\n<meta property=\"article:published_time\" content=\"2022-11-24T14:09:40+00:00\" \/>\n<meta property=\"article:modified_time\" content=\"2025-11-07T22:47:38+00:00\" \/>\n<meta property=\"og:image\" content=\"https:\/\/vestibulares.estrategia.com\/portal\/wp-content\/uploads\/2022\/11\/volleyball-team-gbada71ef1_1280-1.jpg\" \/>\n\t<meta property=\"og:image:width\" content=\"1280\" \/>\n\t<meta property=\"og:image:height\" content=\"853\" \/>\n\t<meta property=\"og:image:type\" content=\"image\/jpeg\" \/>\n<meta name=\"author\" content=\"Leonardo Del Sant\" \/>\n<meta name=\"twitter:card\" content=\"summary_large_image\" \/>\n<meta name=\"twitter:creator\" content=\"@Estrategiavest\" \/>\n<meta name=\"twitter:site\" content=\"@Estrategiavest\" \/>\n<meta name=\"twitter:label1\" content=\"Escrito por\" \/>\n\t<meta name=\"twitter:data1\" content=\"Leonardo Del Sant\" \/>\n\t<meta name=\"twitter:label2\" content=\"Est. tempo de leitura\" \/>\n\t<meta name=\"twitter:data2\" content=\"12 minutos\" \/>\n<script type=\"application\/ld+json\" class=\"yoast-schema-graph\">{\"@context\":\"https:\/\/schema.org\",\"@graph\":[{\"@type\":\"Article\",\"@id\":\"https:\/\/vestibulares.estrategia.com\/portal\/materias\/redacao\/15-citacoes-sobre-esporte-para-usar-na-redacao-como-repertorio-sociocultural\/#article\",\"isPartOf\":{\"@id\":\"https:\/\/vestibulares.estrategia.com\/portal\/materias\/redacao\/15-citacoes-sobre-esporte-para-usar-na-redacao-como-repertorio-sociocultural\/\"},\"author\":{\"name\":\"Leonardo Del Sant\",\"@id\":\"https:\/\/vestibulares.estrategia.com\/portal\/#\/schema\/person\/95532619fccae669187ec84703047908\"},\"headline\":\"15 cita\u00e7\u00f5es sobre esporte para usar na reda\u00e7\u00e3o como repert\u00f3rio sociocultural\",\"datePublished\":\"2022-11-24T14:09:40+00:00\",\"dateModified\":\"2025-11-07T22:47:38+00:00\",\"mainEntityOfPage\":{\"@id\":\"https:\/\/vestibulares.estrategia.com\/portal\/materias\/redacao\/15-citacoes-sobre-esporte-para-usar-na-redacao-como-repertorio-sociocultural\/\"},\"wordCount\":2443,\"publisher\":{\"@id\":\"https:\/\/vestibulares.estrategia.com\/portal\/#organization\"},\"image\":{\"@id\":\"https:\/\/vestibulares.estrategia.com\/portal\/materias\/redacao\/15-citacoes-sobre-esporte-para-usar-na-redacao-como-repertorio-sociocultural\/#primaryimage\"},\"thumbnailUrl\":\"https:\/\/vestibulares.estrategia.com\/portal\/wp-content\/uploads\/2022\/11\/volleyball-team-gbada71ef1_1280-1.jpg\",\"articleSection\":[\"Reda\u00e7\u00e3o\"],\"inLanguage\":\"pt-BR\"},{\"@type\":\"WebPage\",\"@id\":\"https:\/\/vestibulares.estrategia.com\/portal\/materias\/redacao\/15-citacoes-sobre-esporte-para-usar-na-redacao-como-repertorio-sociocultural\/\",\"url\":\"https:\/\/vestibulares.estrategia.com\/portal\/materias\/redacao\/15-citacoes-sobre-esporte-para-usar-na-redacao-como-repertorio-sociocultural\/\",\"name\":\"15 cita\u00e7\u00f5es sobre esporte para usar na reda\u00e7\u00e3o como repert\u00f3rio sociocultural\",\"isPartOf\":{\"@id\":\"https:\/\/vestibulares.estrategia.com\/portal\/#website\"},\"primaryImageOfPage\":{\"@id\":\"https:\/\/vestibulares.estrategia.com\/portal\/materias\/redacao\/15-citacoes-sobre-esporte-para-usar-na-redacao-como-repertorio-sociocultural\/#primaryimage\"},\"image\":{\"@id\":\"https:\/\/vestibulares.estrategia.com\/portal\/materias\/redacao\/15-citacoes-sobre-esporte-para-usar-na-redacao-como-repertorio-sociocultural\/#primaryimage\"},\"thumbnailUrl\":\"https:\/\/vestibulares.estrategia.com\/portal\/wp-content\/uploads\/2022\/11\/volleyball-team-gbada71ef1_1280-1.jpg\",\"datePublished\":\"2022-11-24T14:09:40+00:00\",\"dateModified\":\"2025-11-07T22:47:38+00:00\",\"breadcrumb\":{\"@id\":\"https:\/\/vestibulares.estrategia.com\/portal\/materias\/redacao\/15-citacoes-sobre-esporte-para-usar-na-redacao-como-repertorio-sociocultural\/#breadcrumb\"},\"inLanguage\":\"pt-BR\",\"potentialAction\":[{\"@type\":\"ReadAction\",\"target\":[\"https:\/\/vestibulares.estrategia.com\/portal\/materias\/redacao\/15-citacoes-sobre-esporte-para-usar-na-redacao-como-repertorio-sociocultural\/\"]}]},{\"@type\":\"ImageObject\",\"inLanguage\":\"pt-BR\",\"@id\":\"https:\/\/vestibulares.estrategia.com\/portal\/materias\/redacao\/15-citacoes-sobre-esporte-para-usar-na-redacao-como-repertorio-sociocultural\/#primaryimage\",\"url\":\"https:\/\/vestibulares.estrategia.com\/portal\/wp-content\/uploads\/2022\/11\/volleyball-team-gbada71ef1_1280-1.jpg\",\"contentUrl\":\"https:\/\/vestibulares.estrategia.com\/portal\/wp-content\/uploads\/2022\/11\/volleyball-team-gbada71ef1_1280-1.jpg\",\"width\":1280,\"height\":853,\"caption\":\"cita\u00e7\u00f5es-sobre-esporte\"},{\"@type\":\"BreadcrumbList\",\"@id\":\"https:\/\/vestibulares.estrategia.com\/portal\/materias\/redacao\/15-citacoes-sobre-esporte-para-usar-na-redacao-como-repertorio-sociocultural\/#breadcrumb\",\"itemListElement\":[{\"@type\":\"ListItem\",\"position\":1,\"name\":\"Home\",\"item\":\"https:\/\/vestibulares.estrategia.com\/portal\/\"},{\"@type\":\"ListItem\",\"position\":2,\"name\":\"Mat\u00e9rias\",\"item\":\"https:\/\/vestibulares.estrategia.com\/portal\/materias\/\"},{\"@type\":\"ListItem\",\"position\":3,\"name\":\"Reda\u00e7\u00e3o\",\"item\":\"https:\/\/vestibulares.estrategia.com\/portal\/materias\/redacao\/\"},{\"@type\":\"ListItem\",\"position\":4,\"name\":\"15 cita\u00e7\u00f5es sobre esporte para usar na reda\u00e7\u00e3o como repert\u00f3rio sociocultural\"}]},{\"@type\":\"WebSite\",\"@id\":\"https:\/\/vestibulares.estrategia.com\/portal\/#website\",\"url\":\"https:\/\/vestibulares.estrategia.com\/portal\/\",\"name\":\"Estrat\u00e9gia Vestibulares\",\"description\":\"\",\"publisher\":{\"@id\":\"https:\/\/vestibulares.estrategia.com\/portal\/#organization\"},\"potentialAction\":[{\"@type\":\"SearchAction\",\"target\":{\"@type\":\"EntryPoint\",\"urlTemplate\":\"https:\/\/vestibulares.estrategia.com\/portal\/?s={search_term_string}\"},\"query-input\":{\"@type\":\"PropertyValueSpecification\",\"valueRequired\":true,\"valueName\":\"search_term_string\"}}],\"inLanguage\":\"pt-BR\"},{\"@type\":\"Organization\",\"@id\":\"https:\/\/vestibulares.estrategia.com\/portal\/#organization\",\"name\":\"Estrat\u00e9gia Vestibulares\",\"url\":\"https:\/\/vestibulares.estrategia.com\/portal\/\",\"logo\":{\"@type\":\"ImageObject\",\"inLanguage\":\"pt-BR\",\"@id\":\"https:\/\/vestibulares.estrategia.com\/portal\/#\/schema\/logo\/image\/\",\"url\":\"https:\/\/vestibulares.estrategia.com\/portal\/wp-content\/uploads\/2021\/06\/Logo-Vestibulares@4x.png\",\"contentUrl\":\"https:\/\/vestibulares.estrategia.com\/portal\/wp-content\/uploads\/2021\/06\/Logo-Vestibulares@4x.png\",\"width\":250,\"height\":66,\"caption\":\"Estrat\u00e9gia Vestibulares\"},\"image\":{\"@id\":\"https:\/\/vestibulares.estrategia.com\/portal\/#\/schema\/logo\/image\/\"},\"sameAs\":[\"https:\/\/facebook.com\/estrategiavestibulares\",\"https:\/\/x.com\/Estrategiavest\",\"https:\/\/www.instagram.com\/estrategiavestibulares\",\"https:\/\/www.youtube.com\/channel\/UCGWdZy8ULI-7_5GrABa4vNA\"]},{\"@type\":\"Person\",\"@id\":\"https:\/\/vestibulares.estrategia.com\/portal\/#\/schema\/person\/95532619fccae669187ec84703047908\",\"name\":\"Leonardo Del Sant\",\"image\":{\"@type\":\"ImageObject\",\"inLanguage\":\"pt-BR\",\"@id\":\"https:\/\/vestibulares.estrategia.com\/portal\/#\/schema\/person\/image\/\",\"url\":\"https:\/\/vestibulares.estrategia.com\/portal\/wp-content\/uploads\/2026\/02\/1000082484-150x150.jpeg\",\"contentUrl\":\"https:\/\/vestibulares.estrategia.com\/portal\/wp-content\/uploads\/2026\/02\/1000082484-150x150.jpeg\",\"caption\":\"Leonardo Del Sant\"},\"description\":\"Coordenador de Jornalismo do Estrat\u00e9gia Vestibulares. Trabalhou com escrita para SEO em sites das \u00e1reas de economia, varejo, sa\u00fade, tecnologia e alimenta\u00e7\u00e3o. Formado em jornalismo pela Unesp\/Bauru.\",\"url\":\"https:\/\/vestibulares.estrategia.com\/portal\/author\/leonardo-del-sant\/\"}]}<\/script>\n<!-- \/ Yoast SEO Premium plugin. -->","yoast_head_json":{"title":"15 cita\u00e7\u00f5es sobre esporte para usar na reda\u00e7\u00e3o como repert\u00f3rio sociocultural","robots":{"index":"index","follow":"follow","max-snippet":"max-snippet:-1","max-image-preview":"max-image-preview:large","max-video-preview":"max-video-preview:-1"},"canonical":"https:\/\/vestibulares.estrategia.com\/portal\/materias\/redacao\/15-citacoes-sobre-esporte-para-usar-na-redacao-como-repertorio-sociocultural\/","og_locale":"pt_BR","og_type":"article","og_title":"15 cita\u00e7\u00f5es sobre esporte para usar na reda\u00e7\u00e3o como repert\u00f3rio sociocultural","og_description":"Um dos assuntos presentes nos vestibulares como pano de fundo de diversas quest&otilde;es, al&eacute;m de reda&ccedil;&otilde;es, &eacute; o&hellip;","og_url":"https:\/\/vestibulares.estrategia.com\/portal\/materias\/redacao\/15-citacoes-sobre-esporte-para-usar-na-redacao-como-repertorio-sociocultural\/","og_site_name":"Estrat\u00e9gia Vestibulares","article_publisher":"https:\/\/facebook.com\/estrategiavestibulares","article_published_time":"2022-11-24T14:09:40+00:00","article_modified_time":"2025-11-07T22:47:38+00:00","og_image":[{"width":1280,"height":853,"url":"https:\/\/vestibulares.estrategia.com\/portal\/wp-content\/uploads\/2022\/11\/volleyball-team-gbada71ef1_1280-1.jpg","type":"image\/jpeg"}],"author":"Leonardo Del Sant","twitter_card":"summary_large_image","twitter_creator":"@Estrategiavest","twitter_site":"@Estrategiavest","twitter_misc":{"Escrito por":"Leonardo Del Sant","Est. tempo de leitura":"12 minutos"},"schema":{"@context":"https:\/\/schema.org","@graph":[{"@type":"Article","@id":"https:\/\/vestibulares.estrategia.com\/portal\/materias\/redacao\/15-citacoes-sobre-esporte-para-usar-na-redacao-como-repertorio-sociocultural\/#article","isPartOf":{"@id":"https:\/\/vestibulares.estrategia.com\/portal\/materias\/redacao\/15-citacoes-sobre-esporte-para-usar-na-redacao-como-repertorio-sociocultural\/"},"author":{"name":"Leonardo Del Sant","@id":"https:\/\/vestibulares.estrategia.com\/portal\/#\/schema\/person\/95532619fccae669187ec84703047908"},"headline":"15 cita\u00e7\u00f5es sobre esporte para usar na reda\u00e7\u00e3o como repert\u00f3rio sociocultural","datePublished":"2022-11-24T14:09:40+00:00","dateModified":"2025-11-07T22:47:38+00:00","mainEntityOfPage":{"@id":"https:\/\/vestibulares.estrategia.com\/portal\/materias\/redacao\/15-citacoes-sobre-esporte-para-usar-na-redacao-como-repertorio-sociocultural\/"},"wordCount":2443,"publisher":{"@id":"https:\/\/vestibulares.estrategia.com\/portal\/#organization"},"image":{"@id":"https:\/\/vestibulares.estrategia.com\/portal\/materias\/redacao\/15-citacoes-sobre-esporte-para-usar-na-redacao-como-repertorio-sociocultural\/#primaryimage"},"thumbnailUrl":"https:\/\/vestibulares.estrategia.com\/portal\/wp-content\/uploads\/2022\/11\/volleyball-team-gbada71ef1_1280-1.jpg","articleSection":["Reda\u00e7\u00e3o"],"inLanguage":"pt-BR"},{"@type":"WebPage","@id":"https:\/\/vestibulares.estrategia.com\/portal\/materias\/redacao\/15-citacoes-sobre-esporte-para-usar-na-redacao-como-repertorio-sociocultural\/","url":"https:\/\/vestibulares.estrategia.com\/portal\/materias\/redacao\/15-citacoes-sobre-esporte-para-usar-na-redacao-como-repertorio-sociocultural\/","name":"15 cita\u00e7\u00f5es sobre esporte para usar na reda\u00e7\u00e3o como repert\u00f3rio sociocultural","isPartOf":{"@id":"https:\/\/vestibulares.estrategia.com\/portal\/#website"},"primaryImageOfPage":{"@id":"https:\/\/vestibulares.estrategia.com\/portal\/materias\/redacao\/15-citacoes-sobre-esporte-para-usar-na-redacao-como-repertorio-sociocultural\/#primaryimage"},"image":{"@id":"https:\/\/vestibulares.estrategia.com\/portal\/materias\/redacao\/15-citacoes-sobre-esporte-para-usar-na-redacao-como-repertorio-sociocultural\/#primaryimage"},"thumbnailUrl":"https:\/\/vestibulares.estrategia.com\/portal\/wp-content\/uploads\/2022\/11\/volleyball-team-gbada71ef1_1280-1.jpg","datePublished":"2022-11-24T14:09:40+00:00","dateModified":"2025-11-07T22:47:38+00:00","breadcrumb":{"@id":"https:\/\/vestibulares.estrategia.com\/portal\/materias\/redacao\/15-citacoes-sobre-esporte-para-usar-na-redacao-como-repertorio-sociocultural\/#breadcrumb"},"inLanguage":"pt-BR","potentialAction":[{"@type":"ReadAction","target":["https:\/\/vestibulares.estrategia.com\/portal\/materias\/redacao\/15-citacoes-sobre-esporte-para-usar-na-redacao-como-repertorio-sociocultural\/"]}]},{"@type":"ImageObject","inLanguage":"pt-BR","@id":"https:\/\/vestibulares.estrategia.com\/portal\/materias\/redacao\/15-citacoes-sobre-esporte-para-usar-na-redacao-como-repertorio-sociocultural\/#primaryimage","url":"https:\/\/vestibulares.estrategia.com\/portal\/wp-content\/uploads\/2022\/11\/volleyball-team-gbada71ef1_1280-1.jpg","contentUrl":"https:\/\/vestibulares.estrategia.com\/portal\/wp-content\/uploads\/2022\/11\/volleyball-team-gbada71ef1_1280-1.jpg","width":1280,"height":853,"caption":"cita\u00e7\u00f5es-sobre-esporte"},{"@type":"BreadcrumbList","@id":"https:\/\/vestibulares.estrategia.com\/portal\/materias\/redacao\/15-citacoes-sobre-esporte-para-usar-na-redacao-como-repertorio-sociocultural\/#breadcrumb","itemListElement":[{"@type":"ListItem","position":1,"name":"Home","item":"https:\/\/vestibulares.estrategia.com\/portal\/"},{"@type":"ListItem","position":2,"name":"Mat\u00e9rias","item":"https:\/\/vestibulares.estrategia.com\/portal\/materias\/"},{"@type":"ListItem","position":3,"name":"Reda\u00e7\u00e3o","item":"https:\/\/vestibulares.estrategia.com\/portal\/materias\/redacao\/"},{"@type":"ListItem","position":4,"name":"15 cita\u00e7\u00f5es sobre esporte para usar na reda\u00e7\u00e3o como repert\u00f3rio sociocultural"}]},{"@type":"WebSite","@id":"https:\/\/vestibulares.estrategia.com\/portal\/#website","url":"https:\/\/vestibulares.estrategia.com\/portal\/","name":"Estrat\u00e9gia Vestibulares","description":"","publisher":{"@id":"https:\/\/vestibulares.estrategia.com\/portal\/#organization"},"potentialAction":[{"@type":"SearchAction","target":{"@type":"EntryPoint","urlTemplate":"https:\/\/vestibulares.estrategia.com\/portal\/?s={search_term_string}"},"query-input":{"@type":"PropertyValueSpecification","valueRequired":true,"valueName":"search_term_string"}}],"inLanguage":"pt-BR"},{"@type":"Organization","@id":"https:\/\/vestibulares.estrategia.com\/portal\/#organization","name":"Estrat\u00e9gia Vestibulares","url":"https:\/\/vestibulares.estrategia.com\/portal\/","logo":{"@type":"ImageObject","inLanguage":"pt-BR","@id":"https:\/\/vestibulares.estrategia.com\/portal\/#\/schema\/logo\/image\/","url":"https:\/\/vestibulares.estrategia.com\/portal\/wp-content\/uploads\/2021\/06\/Logo-Vestibulares@4x.png","contentUrl":"https:\/\/vestibulares.estrategia.com\/portal\/wp-content\/uploads\/2021\/06\/Logo-Vestibulares@4x.png","width":250,"height":66,"caption":"Estrat\u00e9gia Vestibulares"},"image":{"@id":"https:\/\/vestibulares.estrategia.com\/portal\/#\/schema\/logo\/image\/"},"sameAs":["https:\/\/facebook.com\/estrategiavestibulares","https:\/\/x.com\/Estrategiavest","https:\/\/www.instagram.com\/estrategiavestibulares","https:\/\/www.youtube.com\/channel\/UCGWdZy8ULI-7_5GrABa4vNA"]},{"@type":"Person","@id":"https:\/\/vestibulares.estrategia.com\/portal\/#\/schema\/person\/95532619fccae669187ec84703047908","name":"Leonardo Del Sant","image":{"@type":"ImageObject","inLanguage":"pt-BR","@id":"https:\/\/vestibulares.estrategia.com\/portal\/#\/schema\/person\/image\/","url":"https:\/\/vestibulares.estrategia.com\/portal\/wp-content\/uploads\/2026\/02\/1000082484-150x150.jpeg","contentUrl":"https:\/\/vestibulares.estrategia.com\/portal\/wp-content\/uploads\/2026\/02\/1000082484-150x150.jpeg","caption":"Leonardo Del Sant"},"description":"Coordenador de Jornalismo do Estrat\u00e9gia Vestibulares. Trabalhou com escrita para SEO em sites das \u00e1reas de economia, varejo, sa\u00fade, tecnologia e alimenta\u00e7\u00e3o. Formado em jornalismo pela Unesp\/Bauru.","url":"https:\/\/vestibulares.estrategia.com\/portal\/author\/leonardo-del-sant\/"}]}},"_wl_alt_label":[],"wl:entity_url":"https:\/\/data.wordlift.io\/wl110249\/post\/15-citacoes-sobre-esporte-para-usar-na-redacao-como-repertorio-sociocultural","_links":{"self":[{"href":"https:\/\/vestibulares.estrategia.com\/portal\/wp-json\/wp\/v2\/posts\/82604","targetHints":{"allow":["GET"]}}],"collection":[{"href":"https:\/\/vestibulares.estrategia.com\/portal\/wp-json\/wp\/v2\/posts"}],"about":[{"href":"https:\/\/vestibulares.estrategia.com\/portal\/wp-json\/wp\/v2\/types\/post"}],"author":[{"embeddable":true,"href":"https:\/\/vestibulares.estrategia.com\/portal\/wp-json\/wp\/v2\/users\/43"}],"replies":[{"embeddable":true,"href":"https:\/\/vestibulares.estrategia.com\/portal\/wp-json\/wp\/v2\/comments?post=82604"}],"version-history":[{"count":2,"href":"https:\/\/vestibulares.estrategia.com\/portal\/wp-json\/wp\/v2\/posts\/82604\/revisions"}],"predecessor-version":[{"id":148335,"href":"https:\/\/vestibulares.estrategia.com\/portal\/wp-json\/wp\/v2\/posts\/82604\/revisions\/148335"}],"wp:featuredmedia":[{"embeddable":true,"href":"https:\/\/vestibulares.estrategia.com\/portal\/wp-json\/wp\/v2\/media\/82605"}],"wp:attachment":[{"href":"https:\/\/vestibulares.estrategia.com\/portal\/wp-json\/wp\/v2\/media?parent=82604"}],"wp:term":[{"taxonomy":"category","embeddable":true,"href":"https:\/\/vestibulares.estrategia.com\/portal\/wp-json\/wp\/v2\/categories?post=82604"},{"taxonomy":"post_tag","embeddable":true,"href":"https:\/\/vestibulares.estrategia.com\/portal\/wp-json\/wp\/v2\/tags?post=82604"},{"taxonomy":"wl_entity_type","embeddable":true,"href":"https:\/\/vestibulares.estrategia.com\/portal\/wp-json\/wp\/v2\/wl_entity_type?post=82604"}],"curies":[{"name":"wp","href":"https:\/\/api.w.org\/{rel}","templated":true}]}}