{"id":84783,"date":"2022-12-29T11:00:00","date_gmt":"2022-12-29T14:00:00","guid":{"rendered":"https:\/\/vestibulares.estrategia.com\/portal\/?p=84783"},"modified":"2024-09-26T10:06:12","modified_gmt":"2024-09-26T13:06:12","slug":"ondas","status":"publish","type":"post","link":"https:\/\/vestibulares.estrategia.com\/portal\/materias\/fisica\/ondas\/","title":{"rendered":"Ondas na F\u00edsica: o que s\u00e3o, classifica\u00e7\u00f5es, f\u00f3rmulas e quest\u00f5es&nbsp;"},"content":{"rendered":"<p class=\"wp-block-paragraph\">Quando falamos em <span id=\"urn:local-annotation-428419\" class=\"textannotation disambiguated wl-no-link\" itemid=\"https:\/\/data.wordlift.io\/wl110249\/entity\/ondas-2\">ondas<\/span>, a primeira coisa que vem &agrave; cabe&ccedil;a &eacute; o mar e seus movimentos. Mas, as ondas na <span id=\"urn:enhancement-12fde4e1-8682-4d88-8399-f2f716656d0b\" class=\"textannotation disambiguated wl-creative-work wl-no-link\" itemid=\"https:\/\/data.wordlift.io\/wl110249\/entity\/fisica\">F&iacute;sica<\/span> v&atilde;o muito al&eacute;m do deslocamento da &aacute;gua, se relacionam com a luz, com o som, com os instrumentos musicais e muito mais.&nbsp;<p class=\"wp-block-paragraph\">Se voc&ecirc; quiser aprender mais sobre a <span id=\"urn:enhancement-cf890972-f609-4ca2-b08b-9cc86fffb6c7\" class=\"textannotation disambiguated wl-creative-work\" itemid=\"https:\/\/data.wordlift.io\/wl110249\/entity\/ondulatoria\">ondulat&oacute;ria<\/span>, quais as classifica&ccedil;&otilde;es das ondas na <span id=\"urn:enhancement-89c2f5a5-1c64-475e-961d-b8e2c2627fad\" class=\"textannotation disambiguated wl-creative-work wl-no-link\" itemid=\"https:\/\/data.wordlift.io\/wl110249\/entity\/fisica\">F&iacute;sica<\/span>, as f&oacute;rmulas utilizadas nessa ci&ecirc;ncia, a aplica&ccedil;&atilde;o do conhecimento no dia a dia e como ele &eacute; cobrado nas provas de <span id=\"urn:enhancement-55b8391d-94ec-4aae-a527-34b03e7532dd\" class=\"textannotation disambiguated wl-thing\" itemid=\"https:\/\/data.wordlift.io\/wl110249\/entity\/vestibular\">vestibular<\/span>, continue lendo este artigo!<\/p><div id=\"ez-toc-container\" class=\"ez-toc-v2_0_86 counter-hierarchy ez-toc-counter ez-toc-transparent ez-toc-container-direction\">\n<div class=\"ez-toc-title-container\"><p class=\"ez-toc-title\" style=\"cursor:inherit\">Navegue pelo conte\u00fado<\/p>\n<\/div><nav><ul class='ez-toc-list ez-toc-list-level-1 ' ><li class='ez-toc-page-1 ez-toc-heading-level-2'><a class=\"ez-toc-link ez-toc-heading-1\" href=\"https:\/\/vestibulares.estrategia.com\/portal\/materias\/fisica\/ondas\/#O-que-sao-ondas\" >O que s&atilde;o ondas?<\/a><\/li><li class='ez-toc-page-1 ez-toc-heading-level-2'><a class=\"ez-toc-link ez-toc-heading-2\" href=\"https:\/\/vestibulares.estrategia.com\/portal\/materias\/fisica\/ondas\/#Classificacao-das-ondas-na-fisica\" >Classifica&ccedil;&atilde;o das ondas na f&iacute;sica<\/a><\/li><li class='ez-toc-page-1 ez-toc-heading-level-2'><a class=\"ez-toc-link ez-toc-heading-3\" href=\"https:\/\/vestibulares.estrategia.com\/portal\/materias\/fisica\/ondas\/#Ondas-na-fisica-formulas-e-caracteristicas\" >Ondas na f&iacute;sica: f&oacute;rmulas e caracter&iacute;sticas<\/a><\/li><li class='ez-toc-page-1 ez-toc-heading-level-2'><a class=\"ez-toc-link ez-toc-heading-4\" href=\"https:\/\/vestibulares.estrategia.com\/portal\/materias\/fisica\/ondas\/#Fenomenos-ondulatorios\" >Fen&ocirc;menos ondulat&oacute;rios<\/a><\/li><li class='ez-toc-page-1 ez-toc-heading-level-2'><a class=\"ez-toc-link ez-toc-heading-5\" href=\"https:\/\/vestibulares.estrategia.com\/portal\/materias\/fisica\/ondas\/#Ondas-estacionarias\" >Ondas estacion&aacute;rias<\/a><\/li><li class='ez-toc-page-1 ez-toc-heading-level-2'><a class=\"ez-toc-link ez-toc-heading-6\" href=\"https:\/\/vestibulares.estrategia.com\/portal\/materias\/fisica\/ondas\/#Questao-de-vestibulares-sobre-ondas-na-fisica\" >Quest&atilde;o de vestibulares sobre ondas na f&iacute;sica<\/a><\/li><li class='ez-toc-page-1 ez-toc-heading-level-2'><a class=\"ez-toc-link ez-toc-heading-7\" href=\"https:\/\/vestibulares.estrategia.com\/portal\/materias\/fisica\/ondas\/#Aprenda-mais-com-a-Coruja\" >Aprenda mais com a Coruja!<\/a><\/li><li class='ez-toc-page-1 ez-toc-heading-level-2'><a class=\"ez-toc-link ez-toc-heading-8\" href=\"https:\/\/vestibulares.estrategia.com\/portal\/materias\/fisica\/ondas\/#Veja-tambem\" >Veja tamb&eacute;m:<\/a><\/li><\/ul><\/nav><\/div>\n<h2 class=\"wp-block-heading\" id=\"h-o-que-sao-ondas\"><span class=\"ez-toc-section\" id=\"O-que-sao-ondas\"><\/span>O que s&atilde;o ondas?<span class=\"ez-toc-section-end\"><\/span><\/h2><p class=\"wp-block-paragraph\">As ondas s&atilde;o entidades f&iacute;sicas que podem se propagar pelo espa&ccedil;o sem levar consigo nenhum tipo de mat&eacute;ria. Por exemplo, a luz &eacute; uma onda porque, quando reflete sobre uma superf&iacute;cie, n&atilde;o carrega &aacute;tomos em sua trajet&oacute;ria.&nbsp;<\/p><p class=\"wp-block-paragraph\">O som tamb&eacute;m &eacute; uma onda. Pense que, se ele carregasse mat&eacute;ria em seu percurso, cada vez que uma <span id=\"urn:enhancement-ee5d4ed7-4d91-4916-b18f-884207f2e2cf\" class=\"textannotation disambiguated wl-creative-work\" itemid=\"https:\/\/data.wordlift.io\/wl110249\/entity\/pronome\">pessoa<\/span> falasse, o ouvinte teria que desviar de mol&eacute;culas qu&iacute;micas para n&atilde;o ser atingido por certa massa de ar.<\/p><p class=\"wp-block-paragraph\">Agora que j&aacute; acessamos esse conhecimento, nos resta conhecer como as ondas podem ser geradas. Em geral, perturba&ccedil;&otilde;es e vibra&ccedil;&otilde;es s&atilde;o suficientes para gerar ondas, principalmente em superf&iacute;cies.&nbsp;<\/p><p class=\"wp-block-paragraph\">O <span id=\"urn:enhancement-b362696a-bbaf-4c9b-9227-7b203312d45a\" class=\"textannotation disambiguated wl-thing\" itemid=\"https:\/\/data.wordlift.io\/wl110249\/entity\/fatoracao\">fator<\/span> que inicia esse processo &eacute; chamado de fonte. Como modelo, imagine uma pedra (fonte) que &eacute; golpeada contra a &aacute;gua e gera um movimento ondulat&oacute;rio na superf&iacute;cie do <span id=\"urn:enhancement-0d9162ff-4b51-418f-aa26-958c15da0d1d\" class=\"textannotation disambiguated wl-thing\" itemid=\"https:\/\/data.wordlift.io\/wl110249\/entity\/liquido\">l&iacute;quido<\/span>. Outra situa&ccedil;&atilde;o <span id=\"urn:enhancement-a0544737-c747-4ab6-a9a9-f4ea2a6e8656\" class=\"textannotation disambiguated wl-thing\" itemid=\"https:\/\/data.wordlift.io\/wl110249\/entity\/classicismo\">cl&aacute;ssica<\/span> s&atilde;o as caixas de som, que geram ondas sonoras, ou seja, s&atilde;o uma fonte.&nbsp;<\/p><h3 class=\"wp-block-heading\" id=\"h-ondulatoria\">Ondulat&oacute;ria<\/h3><p class=\"wp-block-paragraph\">As ondas e seus comportamentos s&atilde;o estudados no ramo da <span id=\"urn:enhancement-ac05a1fe-b9fe-4a56-86b3-4040fd7e63fc\" class=\"textannotation disambiguated wl-creative-work wl-no-link\" itemid=\"https:\/\/data.wordlift.io\/wl110249\/entity\/fisica\">f&iacute;sica<\/span> que &eacute; chamado de <span id=\"urn:enhancement-56659f18-b883-41e8-a180-7171055dbdc0\" class=\"textannotation disambiguated wl-creative-work\" itemid=\"https:\/\/data.wordlift.io\/wl110249\/entity\/ondulatoria\">Ondulat&oacute;ria<\/span>. Os especialistas nessa &aacute;rea t&ecirc;m a responsabilidade de entender como as ondas funcionam, qual o seu comportamento no espa&ccedil;o e em diferentes ambientes.&nbsp;<\/p><p class=\"wp-block-paragraph\">Afinal, pense que, quando estamos mergulhando, a <span id=\"urn:enhancement-a663c0b7-4d5b-4ed2-b71c-af3665d13c7d\" class=\"textannotation disambiguated wl-thing wl-no-link\" itemid=\"https:\/\/data.wordlift.io\/wl110249\/entity\/propaga\">propaga&ccedil;&atilde;o<\/span> do som &eacute; t&atilde;o diferente a <span id=\"urn:enhancement-9d641c2e-50ac-4cfb-b4f2-2b3da552612d\" class=\"textannotation disambiguated wl-thing\" itemid=\"https:\/\/data.wordlift.io\/wl110249\/entity\/pontos\">ponto<\/span> de ficar dif&iacute;cil entender o que algu&eacute;m do lado de fora da piscina est&aacute; falando. Nesse sentido, os estudiosos em ondulat&oacute;rio trazem as explica&ccedil;&otilde;es para a diferen&ccedil;a da percep&ccedil;&atilde;o e <span id=\"urn:enhancement-3abf8f14-58c9-449b-9913-24690b54da96\" class=\"textannotation disambiguated wl-thing wl-no-link\" itemid=\"https:\/\/data.wordlift.io\/wl110249\/entity\/propaga\">propaga&ccedil;&atilde;o<\/span> das ondas no meio atmosf&eacute;rico, aquoso, no v&aacute;cuo ou em outros ambientes.&nbsp;<\/p><h2 class=\"wp-block-heading\" id=\"h-classificacao-das-ondas-na-fisica\"><span class=\"ez-toc-section\" id=\"Classificacao-das-ondas-na-fisica\"><\/span>Classifica&ccedil;&atilde;o das ondas na f&iacute;sica<span class=\"ez-toc-section-end\"><\/span><\/h2><h3 class=\"wp-block-heading\" id=\"h-quanto-a-natureza\">Quanto &agrave; natureza<\/h3><p class=\"wp-block-paragraph\">A natureza das ondas &eacute; definida conforme a necessidade de um meio material para se propagar. Veja, isso n&atilde;o significa que essas entidades v&atilde;o carregar essa mat&eacute;ria durante seu trajeto, apenas demonstra uma condi&ccedil;&atilde;o obrigat&oacute;ria para sua ocorr&ecirc;ncia no espa&ccedil;o.<\/p><h4 class=\"wp-block-heading\" id=\"h-mecanica\">Mec&acirc;nica<\/h4><p class=\"wp-block-paragraph\">Ondas mec&acirc;nicas s&atilde;o aquelas que precisam de um meio material para se disseminar no espa&ccedil;o. Os principais exemplos s&atilde;o as ondas sonoras, as ondas do mar e as ondas de uma corda. No &uacute;ltimo caso, pense que, se a corda n&atilde;o existir, o movimento ondulat&oacute;rio tamb&eacute;m n&atilde;o existir&aacute;.<\/p><p class=\"wp-block-paragraph\">Inclusive, os <span id=\"urn:enhancement-dd1e0fc3-4ff3-4c01-9c4a-10640950fe06\" class=\"textannotation disambiguated wl-thing\" itemid=\"https:\/\/data.wordlift.io\/wl110249\/entity\/abalos-sismicos\">terremotos<\/span> s&atilde;o &oacute;timos exemplos de ondas mec&acirc;nicas. Eles t&ecirc;m comportamento ondulat&oacute;rio, quando observados matematicamente, se disseminam em meio <span id=\"urn:enhancement-77d8d82d-bef9-448f-b9d0-c407043760bc\" class=\"textannotation disambiguated wl-thing\" itemid=\"https:\/\/data.wordlift.io\/wl110249\/entity\/fisico\">f&iacute;sico<\/span> (a terra) e geram perturba&ccedil;&otilde;es vis&iacute;veis sobre essa mat&eacute;ria.<\/p><h4 class=\"wp-block-heading\" id=\"h-eletromagnetica\">Eletromagn&eacute;tica<\/h4><p class=\"wp-block-paragraph\">As <span id=\"urn:enhancement-2986d6c5-79da-4480-807d-8aeb567a5cec\" class=\"textannotation disambiguated wl-thing wl-no-link\" itemid=\"https:\/\/data.wordlift.io\/wl110249\/entity\/ondas-eletromagneticas\">ondas eletromagn&eacute;ticas<\/span>, por sua vez, n&atilde;o precisam da mat&eacute;ria para a <span id=\"urn:enhancement-8e790bc3-a9c8-4e6c-94ed-fcbd2f93c5be\" class=\"textannotation disambiguated wl-thing wl-no-link\" itemid=\"https:\/\/data.wordlift.io\/wl110249\/entity\/propaga\">propaga&ccedil;&atilde;o<\/span>. Elas s&atilde;o resultado da intera&ccedil;&atilde;o entre <span id=\"urn:enhancement-cb0273b7-af9c-4f2c-a246-e8c33554b521\" class=\"textannotation disambiguated wl-thing wl-no-link\" itemid=\"https:\/\/data.wordlift.io\/wl110249\/entity\/campos-eletricos\">campos el&eacute;tricos<\/span> e <span id=\"urn:enhancement-ee5f04ad-f725-45d7-8273-7240737ffc71\" class=\"textannotation disambiguated wl-thing wl-no-link\" itemid=\"https:\/\/data.wordlift.io\/wl110249\/entity\/campo-magnetico\">campos magn&eacute;ticos<\/span>, como aponta o nome. Sua caracter&iacute;stica mais peculiar &eacute; a capacidade de se disseminar no v&aacute;cuo.<\/p><p class=\"wp-block-paragraph\">A luz, os raio-x, as ondas de sinais de internet e a tecnologia utilizada em microondas s&atilde;o baseadas nessa informa&ccedil;&atilde;o. Isso explica porque, por exemplo, mesmo no v&aacute;cuo do espa&ccedil;o, &eacute; poss&iacute;vel encontrar a luz, que viaja nesse meio com uma velocidade padronizada de 3.10<sup>8<\/sup> <span id=\"urn:enhancement-0ac0dafd-963b-435c-94a2-b6f456269006\" class=\"textannotation disambiguated wl-thing\" itemid=\"https:\/\/data.wordlift.io\/wl110249\/entity\/metro-por-segundo\">m\/s<\/span>.<\/p><p class=\"wp-block-paragraph\">+ Veja tamb&eacute;m: <a href=\"https:\/\/vestibulares.estrategia.com\/portal\/materias\/fisica\/inducao-eletromagnetica\/\">Indu&ccedil;&atilde;o eletromagn&eacute;tica: o que &eacute;, fluxo magn&eacute;tico, f&oacute;rmulas e aplica&ccedil;&otilde;es<\/a><\/p><h3 class=\"wp-block-heading\" id=\"h-quanto-ao-sentido-de-propagacao\">Quanto ao sentido de propaga&ccedil;&atilde;o<\/h3><p class=\"wp-block-paragraph\">Outra forma de classificar as ondas, na <span id=\"urn:enhancement-5118893d-d139-4810-8242-900297626ff7\" class=\"textannotation disambiguated wl-creative-work wl-no-link\" itemid=\"https:\/\/data.wordlift.io\/wl110249\/entity\/fisica\">f&iacute;sica<\/span>, &eacute; observar a dire&ccedil;&atilde;o em que elas se disseminam. Lembre-se sempre que a dire&ccedil;&atilde;o da <span id=\"urn:enhancement-e5bb0b67-166c-4766-b7cf-102d61e0294c\" class=\"textannotation disambiguated wl-thing wl-no-link\" itemid=\"https:\/\/data.wordlift.io\/wl110249\/entity\/propaga\">propaga&ccedil;&atilde;o<\/span> diz respeito a ser horizontal, vertical ou diagonal.&nbsp;<\/p><h4 class=\"wp-block-heading\" id=\"h-unidimensionais\">Unidimensionais<\/h4><p class=\"wp-block-paragraph\">Ondas unidimensionais s&oacute; se disseminam no meio por uma dire&ccedil;&atilde;o. A melhor forma de memorizar essa informa&ccedil;&atilde;o &eacute; observando o prefixo da palavra, uni-, que lembra &uacute;nico &mdash; &uacute;nica dire&ccedil;&atilde;o de <span id=\"urn:enhancement-1550692e-2aa7-4942-bedf-9b28a2b54dab\" class=\"textannotation disambiguated wl-thing wl-no-link\" itemid=\"https:\/\/data.wordlift.io\/wl110249\/entity\/propaga\">propaga&ccedil;&atilde;o<\/span>. Quando balan&ccedil;amos uma corda, por exemplo, a onda vai se comportar apenas na dire&ccedil;&atilde;o do movimento.<\/p><h4 class=\"wp-block-heading\" id=\"h-bidimensionais\">Bidimensionais<\/h4><p class=\"wp-block-paragraph\">A partir do prefixo bi-, fica f&aacute;cil perceber que as ondas bidimensionais podem se propagar em duas dire&ccedil;&otilde;es do espa&ccedil;o. Em geral, podemos pensar em um movimento vertical somado ao horizontal, como acontece ao jogar uma pedra em um lago. Embora formem-se cumes de onda na superf&iacute;cie do <span id=\"urn:enhancement-aa6b69fd-f6d0-4902-ac57-890f3289baba\" class=\"textannotation disambiguated wl-thing\" itemid=\"https:\/\/data.wordlift.io\/wl110249\/entity\/liquido\">l&iacute;quido<\/span>, &eacute; poss&iacute;vel ver elas se espalhando pela <span id=\"urn:enhancement-d5c54a88-a9c7-4735-8a46-9d45a019c7e9\" class=\"textannotation disambiguated wl-thing\" itemid=\"https:\/\/data.wordlift.io\/wl110249\/entity\/extensao\">extens&atilde;o<\/span> da &aacute;gua.<\/p><h4 class=\"wp-block-heading\" id=\"h-tridimensionais\">Tridimensionais<\/h4><p class=\"wp-block-paragraph\">Ondas que se propagam em todas as dire&ccedil;&otilde;es poss&iacute;veis s&atilde;o chamadas de tridimensionais e os melhores exemplos, na natureza, s&atilde;o o som e a luz. Na imagem abaixo, est&aacute; representada uma onda sonora, perceba como a distribui&ccedil;&atilde;o &eacute; generalizada.&nbsp;<\/p><div class=\"wp-block-image\">\n<figure class=\"aligncenter\"><img decoding=\"async\" src=\"https:\/\/lh5.googleusercontent.com\/nersxPexWa0I0r_rWQ7l1obQWS3zsW6OUbxUWPj1xymcE2SuF93VNq6aVNNwyybkefp86qBFzWBG16jFyD5U7UQEnHXQ8274D4kHMA7gIj-ON6uGtxy7XcUPLog8BZdU1ZuoOEs9rKwiq6r78Hi3wUD--c2S2PimuvYBDho4ix9B26idirGnrp1KZ6bxAA\" alt=\"exemplo de onda sonora\"><figcaption class=\"wp-element-caption\">Imagem: Reprodu&ccedil;&atilde;o\/Wikimedia<\/figcaption><\/figure>\n<\/div><h3 class=\"wp-block-heading\" id=\"h-quanto-ao-sentido-da-oscilacao\">Quanto ao sentido da oscila&ccedil;&atilde;o<\/h3><p class=\"wp-block-paragraph\">O sentido de oscila&ccedil;&atilde;o das ondas relaciona a vibra&ccedil;&atilde;o do meio de <span id=\"urn:enhancement-a5e14a74-b47f-498b-a248-ecd8f9a00375\" class=\"textannotation disambiguated wl-thing wl-no-link\" itemid=\"https:\/\/data.wordlift.io\/wl110249\/entity\/propaga\">propaga&ccedil;&atilde;o<\/span> e a dire&ccedil;&atilde;o de <span id=\"urn:enhancement-f2196bec-e0e3-44c7-8578-0c4ce4d33c4e\" class=\"textannotation disambiguated wl-thing wl-no-link\" itemid=\"https:\/\/data.wordlift.io\/wl110249\/entity\/propaga\">propaga&ccedil;&atilde;o<\/span> da onda.&nbsp;<\/p><h4 class=\"wp-block-heading\" id=\"h-transversais-nbsp\">Transversais&nbsp;<\/h4><p class=\"wp-block-paragraph\">Quando as part&iacute;culas do meio vibram perpendicularmente &agrave; dire&ccedil;&atilde;o de deslocamento da onda, significa que aquela &eacute; uma onda transversal. A luz &eacute; um elemento da natureza que apresenta esse comportamento, como est&aacute; representado na figura a seguir.<\/p><div class=\"wp-block-image\">\n<figure class=\"aligncenter\"><img decoding=\"async\" src=\"https:\/\/lh6.googleusercontent.com\/GuQWTPTMCC3NpWAwCHRx1znqkPdpebyTty6wsoHtsR6zhACSiHs4JFQxSNf5WN_e6WAMauy5Ev--Zp2ox180NRrqiRp4syGRTSlpZrJHvC_hCxxivL5iZf7gs5uWf4Yb7ciGPg5NU3106Hqzt9zz9ijROxSA8yxrk4G9MSsBwpvLnbl37HRfFmRlO6G1hw\" alt=\"Onda transversal\"><figcaption class=\"wp-element-caption\">Imagem: Adapta&ccedil;&atilde;o\/Wikimedia<\/figcaption><\/figure>\n<\/div><h4 class=\"wp-block-heading\" id=\"h-longitudinais\">Longitudinais<\/h4><p class=\"wp-block-paragraph\">Se a onda tem o mesmo sentido de oscila&ccedil;&atilde;o que a vibra&ccedil;&atilde;o das part&iacute;culas observadas, trata-se da classifica&ccedil;&atilde;o longitudinal. No exemplo abaixo, veja que o sentido de <span id=\"urn:enhancement-d9f384e4-491e-43c8-8eea-46f2225687f1\" class=\"textannotation disambiguated wl-thing wl-no-link\" itemid=\"https:\/\/data.wordlift.io\/wl110249\/entity\/propaga\">propaga&ccedil;&atilde;o<\/span> imposto pela fonte (martelo) permanece na vibra&ccedil;&atilde;o das part&iacute;culas no paralelep&iacute;pedo.<\/p><div class=\"wp-block-image\">\n<figure class=\"aligncenter\"><img decoding=\"async\" src=\"https:\/\/lh3.googleusercontent.com\/sbpcVL4yLqNOKy7X1BiCxLFYstaQf4LRxRGaG5XQ1ncrtr7qc-gtP0Ki2hXCF2HyqpM_ZVVlLoCJPXJLDQ4arRktW7jAkJPPX-CDwRAmVAiw7K0AJbm-8TwqQ5V22re2undMdYvfgQ6G-FvdKy-d4ar-DnhbCLt9wg7kxsoU6pxuE4xIXk3wigiocHGW7Q\" alt=\"onda longitudinal\"><figcaption class=\"wp-element-caption\">Imagem: Adapta&ccedil;&atilde;o\/Wikimedia<\/figcaption><\/figure>\n<\/div><h2 class=\"wp-block-heading\" id=\"h-ondas-na-fisica-formulas-e-caracteristicas\"><span class=\"ez-toc-section\" id=\"Ondas-na-fisica-formulas-e-caracteristicas\"><\/span>Ondas na f&iacute;sica: f&oacute;rmulas e caracter&iacute;sticas<span class=\"ez-toc-section-end\"><\/span><\/h2><h3 class=\"wp-block-heading\" id=\"h-periodo-t\">Per&iacute;odo (T)<\/h3><p class=\"wp-block-paragraph\">Uma das caracter&iacute;sticas de uma onda &eacute; o per&iacute;odo de oscila&ccedil;&atilde;o. Perceba, essas oscila&ccedil;&otilde;es acontecem de forma c&iacute;clica, passam por um <span id=\"urn:enhancement-607be7aa-66f9-42e6-b8ce-efeca6497807\" class=\"textannotation disambiguated wl-thing\" itemid=\"https:\/\/data.wordlift.io\/wl110249\/entity\/pontos\">ponto<\/span> e depois voltam a passar por ele. No <span id=\"urn:enhancement-f86908d3-21e2-4d03-871a-4920ef0ffa53\" class=\"textannotation disambiguated wl-thing\" itemid=\"https:\/\/data.wordlift.io\/wl110249\/entity\/graficos\">gr&aacute;fico<\/span> cartesiano, por exemplo, se a onda sai do eixo x, sabemos que ela voltar&aacute; a tocar esse eixo em algum momento.<\/p><p class=\"wp-block-paragraph\">O tempo decorrido para a onda voltar a um mesmo <span id=\"urn:enhancement-7c3e6aef-3117-4da0-b2d6-0ff78571fe3f\" class=\"textannotation disambiguated wl-thing\" itemid=\"https:\/\/data.wordlift.io\/wl110249\/entity\/pontos\">ponto<\/span> &eacute; chamado de per&iacute;odo (T). Quanto maior esse intervalo de tempo, mais lentamente a onda se <span id=\"urn:enhancement-f4a00c6d-558e-45e6-ae09-9526d58fbef7\" class=\"textannotation disambiguated wl-thing wl-no-link\" itemid=\"https:\/\/data.wordlift.io\/wl110249\/entity\/propaga\">propaga<\/span> no meio. De modo semelhante, quando a onda &eacute; r&aacute;pida, ela volta ao mesmo <span id=\"urn:enhancement-40d7612d-b85a-4438-94fe-be52489e8936\" class=\"textannotation disambiguated wl-thing\" itemid=\"https:\/\/data.wordlift.io\/wl110249\/entity\/pontos\">ponto<\/span> em um curto espa&ccedil;o de tempo.<\/p><h3 class=\"wp-block-heading\" id=\"h-frequencia\">Frequ&ecirc;ncia<\/h3><p class=\"wp-block-paragraph\">Matematicamente a frequ&ecirc;ncia de uma onda &eacute; o inverso do per&iacute;odo: f = 1\/T. Mas, afinal, o que isso significa?&nbsp;<\/p><p class=\"wp-block-paragraph\">A frequ&ecirc;ncia &eacute; a grandeza que relaciona quantas oscila&ccedil;&otilde;es aquela onda &eacute; capaz de completar em um determinado per&iacute;odo de tempo. Geralmente, ela &eacute; medida em oscila&ccedil;&otilde;es por segundo, que se relaciona com a unidade dos Hertz (Hz).<\/p><p class=\"wp-block-paragraph\">Por exemplo, se uma onda tem 40 Hz por segundo, significa que ela oscila 40 vezes em um segundo. Quanto maior a frequ&ecirc;ncia da onda, mais rapidamente ela se movimenta, o contr&aacute;rio do vimos para T.&nbsp;<\/p><div class=\"wp-block-image\">\n<figure class=\"aligncenter\"><img decoding=\"async\" src=\"https:\/\/lh3.googleusercontent.com\/tjvm2-yZSmSRJJcgN36OxNSIgJm6_la9hRN4YC5GPNmhCPzmWKX3hT8U5bgZHyIB0og4Qop5cFH8nmbHvazUvdgcJ2KtB_y5HgsFwpF1zjhHyMKC7KQpK-z3OH-vQ9-RwIXrJRUaCDsoBg_SE5HXYESr_jHMEW3WMi_HQ485gKAX5ok86mla62LZDWoEzw\" alt=\"frequ&ecirc;ncia de ondas\"><figcaption class=\"wp-element-caption\">Imagem: Reprodu&ccedil;&atilde;o\/Wikimedia<\/figcaption><\/figure>\n<\/div><p class=\"wp-block-paragraph\">Na imagem acima, note que,as ondas iniciais s&atilde;o mais largas, demoram mais tempo para chegarem ao <span id=\"urn:enhancement-598ab025-4ca5-4f7c-b0f3-154733805e70\" class=\"textannotation disambiguated wl-thing\" itemid=\"https:\/\/data.wordlift.io\/wl110249\/entity\/pontos\">ponto<\/span> inicial. Isso significa que elas s&atilde;o mais lentas, com grande per&iacute;odo e menor frequ&ecirc;ncia.&nbsp;<\/p><p class=\"wp-block-paragraph\">Na onda rosa, entretanto, observe uma grande rapidez para voltar ao mesmo <span id=\"urn:enhancement-df586e62-f12e-498d-a1aa-4cd635daae32\" class=\"textannotation disambiguated wl-thing\" itemid=\"https:\/\/data.wordlift.io\/wl110249\/entity\/pontos\">ponto<\/span>. Assim o per&iacute;odo &eacute; curto e a frequ&ecirc;ncia de <span id=\"urn:enhancement-1830bc94-0bff-47b0-a2bb-b5d30fe146b6\" class=\"textannotation disambiguated wl-thing wl-no-link\" itemid=\"https:\/\/data.wordlift.io\/wl110249\/entity\/propaga\">propaga&ccedil;&atilde;o<\/span> &eacute; alta.<\/p><h3 class=\"wp-block-heading\" id=\"h-comprimento-de-onda-&lambda;\">Comprimento de onda (&lambda;)<\/h3><p class=\"wp-block-paragraph\">Na f&iacute;sica, as ondas tamb&eacute;m t&ecirc;m um cocement-1830bc94-0bff-47b0-a2bb-b5d30fe146b6&Prime; class=&rdquo;textannotation&rdquo;&gt;mprimento, que &eacute; o espa&ccedil;o que elas v&atilde;o percorrer at&eacute; que completem uma oscila&ccedil;&atilde;o. O s&iacute;mbolo que representa essa grandeza &eacute; &lambda; (l&ecirc;-se lambda) e ele pode ser medido ao observar alguns pontos da onda.&amp;nbsp;<\/p><p class=\"wp-block-paragraph\">A melhor forma de encontrar o &lambda; de uma onda qualquer &eacute; observar o seu pico (parte mais alta). A partir de ent&atilde;o, onde voc&ecirc; encontrar um novo pico, voc&ecirc; mede a dist&acirc;ncia entre um pico e outro. Pronto, aqui est&aacute; representado o <span id=\"urn:enhancement-34472581-deba-4fe0-88ed-1a0dda476a82\" class=\"textannotation disambiguated wl-thing wl-no-link\" itemid=\"https:\/\/data.wordlift.io\/wl110249\/entity\/comprimento-de-onda\">comprimento de onda<\/span>. Observe no esquema.<\/p><div class=\"wp-block-image\">\n<figure class=\"aligncenter\"><img decoding=\"async\" src=\"https:\/\/lh6.googleusercontent.com\/yauq2rdqL1jbEBwtkVkg5QAX11V74uCnN3F86Pq9Fi_dmivqhPbrYy1qvKKZkhbZGCsnAMFMqTrOTwZ3Azzw0VaQDsLCA5oRIYXkS2Pl6oXliGhbmteuYKgNMrwqg12P_pNOUCC4tnk3PgVpI3F0YAiuLu70ycuvB3zg3A7XXqnsVNfthO2zWAfXfFIWFQ\" alt=\"Comprimento de onda\"><figcaption class=\"wp-element-caption\">Imagem: Reprodu&ccedil;&atilde;o\/Wikimedia<\/figcaption><\/figure>\n<\/div><h3 class=\"wp-block-heading\" id=\"h-amplitude\">Amplitude<\/h3><p class=\"wp-block-paragraph\">A <span id=\"urn:enhancement-14a6bdcf-773e-4d4f-9ed9-f3ed85e9f2a3\" class=\"textannotation disambiguated wl-thing\" itemid=\"https:\/\/data.wordlift.io\/wl110249\/entity\/amplitude\">amplitude<\/span> da onda mede,ement-34472581-deba-4fe0-88ed-1a0dda476a82&Prime; class=&rdquo;textannotation&rdquo;&gt; geralmente, qual a dist&acirc;ncia vertical (em metros) que ela consegue alcan&ccedil;ar. Basicamente, mede a dist&acirc;ncia <span id=\"urn:enhancement-a1e745bd-0e49-4373-95ff-6ed460afd493\" class=\"textannotation disambiguated wl-thing\" itemid=\"https:\/\/data.wordlift.io\/wl110249\/entity\/amplitude\">entre o c<\/span>entro da onda vales (altura m&aacute;xima) ou ondas (altura m&iacute;nima). Lembre-se que a amplitude n&atilde;o &eacute; a <spa>n id=&rdquo;urn:enhancement-2861b196-2212-4ef6-a95f-132625437334&Prime; class=&rdquo;textannotation&rdquo;&gt;soma entre a dist&acirc;ncia de vales e picos, veja bem no <span id=\"urn:enhancement-ff7e0c53-1e1d-4953-ae4d-2ade3b6a9ee5\" class=\"textannotation disambiguated wl-thing\" itemid=\"https:\/\/data.wordlift.io\/wl110249\/entity\/graficos\">gr&aacute;fico<\/span> abaixo.<\/spa><\/p><div class=\"wp-block-image\">\n<figure class=\"aligncenter\"><img decoding=\"async\" src=\"https:\/\/lh4.googleusercontent.com\/YXwsYArabxooTexO4rolOlgagu7UNRaDlDPENbASHC1y0tLNxWU2dkOdNJaCNSY4tF64vB_XIxUUMP7fxoZ9jV74ZcBQVAAiokfllVlVAB3m5BQNMO84qsA9pXA-8rAqY5ds6gdTlUM1ZtcBx1gkiZNaIQEExOdCTmS7EgSWjRTu5OLuMs_zaoMdqKJIeQ\" alt=\"amplitude\"><figcaption class=\"wp-element-caption\">Imagem: Reprodu&ccedil;&atilde;o\/Wikimedia<\/figcaption><\/figure>\n<\/div><h3 class=\"wp-block-heading\" id=\"h-velocidade\">Velocidade<\/h3><p class=\"wp-block-paragraph\">Por fim, a velocidade de uma onda &eacute; medida em metros por segundo (<span id=\"urn:enhancement-94f50e33-4307-4285-9766-b66b80ab4695\" class=\"textannotation disambiguated wl-thing\" itemid=\"https:\/\/data.wordlift.io\/wl110249\/entity\/metro-por-segundo\">m\/s<\/span>) e mede a rapidez com que esse movimento ondulat&oacute;rio se <span id=\"urn:enhancement-f33f737f-7f53-48f5-95e5-f867d730e51e\" class=\"textannotation disambiguated wl-thing wl-no-link\" itemid=\"https:\/\/data.wordlift.io\/wl110249\/entity\/propaga\">propaga<\/span> pelo espa&ccedil;o. Ela pode ser obtida pela f&oacute;rmula abaixo, que voc&ecirc; pode memorizar como vem (v) lamber (&lambda;) farofa (f):<\/p><p class=\"wp-block-paragraph\">v = &lambda;.f<\/p><p class=\"wp-block-paragraph\">+ Veja tamb&eacute;m: <a href=\"https:\/\/vestibulares.estrategia.com\/portal\/materias\/fisica\/formulas-fisica-enem\/\">F<\/a><a href=\"https:\/\/vestibulares.estrategia.com\/portal\/materias\/fisica\/formulas-fisica-enem\/\" target=\"_blank\">&oacute;<\/a><a href=\"https:\/\/vestibulares.estrategia.com\/portal\/materias\/fisica\/formulas-fisica-enem\/\">rmulas de F&iacute;sica para o Enem e vestibulares<\/a><\/p><h2 class=\"wp-block-heading\" id=\"h-fenomenos-ondulatorios\"><span class=\"ez-toc-section\" id=\"Fenomenos-ondulatorios\"><\/span>Fen&ocirc;menos ondulat&oacute;rios<span class=\"ez-toc-section-end\"><\/span><\/h2><h3 class=\"wp-block-heading\" id=\"h-reflexao-de-ondas\">Reflex&atilde;o de ondas<\/h3><p class=\"wp-block-paragraph\">As ondas sofrem reflex&atilde;o quando batem sobre um meio e voltam para o ambiente de onde veio. Um exemplo <span id=\"urn:enhancement-e50e8092-463c-4f04-9160-62609fc02182\" class=\"textannotation disambiguated wl-thing\" itemid=\"https:\/\/data.wordlift.io\/wl110249\/entity\/classico\">cl&aacute;ssico<\/span> s&atilde;o os exemplos: os raios luminosos incidem sobre ele e voltam para o meio externo ao espelho, &eacute; isso que possibilita que nos enxerguemos (reflexo).<\/p><h3 class=\"wp-block-heading\" id=\"h-refracao\">Refra&ccedil;&atilde;o<\/h3><p class=\"wp-block-paragraph\">A <a href=\"https:\/\/vestibulares.estrategia.com\/portal\/materias\/fisica\/refracao\/\" target=\"_blank\">refra&ccedil;&atilde;o <\/a>acontece quando uma onda viaja de um meio para outro, que tenha caracter&iacute;sticas diferentes. Por exemplo, alguns materiais permitem uma <span id=\"urn:enhancement-e41a2956-632a-4614-a385-9ebd82acec8b\" class=\"textannotation disambiguated wl-thing wl-no-link\" itemid=\"https:\/\/data.wordlift.io\/wl110249\/entity\/propaga\">propaga&ccedil;&atilde;o<\/span> mais f&aacute;cil da luz, enquanto outros oferecem mais resist&ecirc;ncia. &Agrave;s vezes, isso significa uma altera&ccedil;&atilde;o no trajeto da onda.<\/p><p class=\"wp-block-paragraph\">A representa&ccedil;&atilde;o abaixo ilustra a reflex&atilde;o de onda no meio k<sub>1<\/sub> e os &acirc;ngulos &Theta;<sub>1<\/sub> e &Theta;<sub>1<\/sub>&rsquo;. Quando ocorre a refra&ccedil;&atilde;o, h&aacute; uma mudan&ccedil;a na trajet&oacute;ria a <span id=\"urn:enhancement-b0baf844-51bb-48f5-a00b-ecbec90dd55d\" class=\"textannotation disambiguated wl-thing\" itemid=\"https:\/\/data.wordlift.io\/wl110249\/entity\/pontos\">ponto<\/span> de surgir um novo <span id=\"urn:enhancement-f8cadeda-5f42-44dc-9af5-353137af1ac9\" class=\"textannotation disambiguated wl-thing\" itemid=\"https:\/\/data.wordlift.io\/wl110249\/entity\/angulo\">&acirc;ngulo<\/span> (&Theta;<sub>2<\/sub>) e isso aconteceu porque a <span id=\"urn:enhancement-8e1779e9-7a7c-45e5-a076-0370acd97205\" class=\"textannotation disambiguated wl-thing wl-no-link\" itemid=\"https:\/\/data.wordlift.io\/wl110249\/entity\/propaga\">propaga&ccedil;&atilde;o<\/span> atingiu outro meio com mais resist&ecirc;ncia ao deslocamento ondulat&oacute;rio.<\/p><div class=\"wp-block-image\">\n<figure class=\"aligncenter\"><img decoding=\"async\" src=\"https:\/\/lh4.googleusercontent.com\/hpHkiI0_AnpGaiTPPDS_FeHXFkJtOhgzOM1Lt7YXCyCDhvBm693rlj6Wjd85KnjioiNVlINe-EXd8fKRjN_lZF_E6WBr93kJgRl5bVEf5RCMZdS17YxyxVKpkWAq4h3DR0dRwbv7IQBywfu90-JoeptxjTdcANpa-0rwHtfj7ujIEogZYy-o1zYZj7QaGA\" alt=\"reflex&atilde;o e refra&ccedil;&atilde;o de ondas\"><figcaption class=\"wp-element-caption\">Imagem: Reprodu&ccedil;&atilde;o\/Wikimedia<\/figcaption><\/figure>\n<\/div><h3 class=\"wp-block-heading\" id=\"h-difracao\">Difra&ccedil;&atilde;o<\/h3><p class=\"wp-block-paragraph\">A difra&ccedil;&atilde;o acontece quando as ondas conseguem atravessar obst&aacute;culos, at&eacute; mesmo por meio de pequenas frestas. &Eacute; o que permite que escutemos o que est&aacute; acontecendo do outro lado da parede, por exemplo.<\/p><div class=\"wp-block-image\">\n<figure class=\"aligncenter\"><img decoding=\"async\" src=\"https:\/\/lh4.googleusercontent.com\/Q-ZbXqgxM2o4UWsubhOAarpwx67p21Rr-FueSjewXeh4Tbvhd1MeayTHBVrdX67HPSWJjz_wxNry5QOjb7xVndk-5VBspbHoC3bt-NxtK_TKfdGxK_0zOj9qfjPzgGjqwkHM7_Exz3QrJHfLegtnBhlI5YgJNZ0TWCgpuqZJFT6zfO2WRi8oNILm2imRRQ\" alt=\"Difra&ccedil;&atilde;o de ondas\"><figcaption class=\"wp-element-caption\">Imagem: Reprodu&ccedil;&atilde;o\/Wikimedia<\/figcaption><\/figure>\n<\/div><h3 class=\"wp-block-heading\" id=\"h-interferencia\">Interfer&ecirc;ncia<\/h3><div class=\"wp-block-image\">\n<figure class=\"aligncenter\"><img decoding=\"async\" src=\"https:\/\/lh3.googleusercontent.com\/y_YKVaPcjGhoga8BkgaB7HhqO3gS1WyPC0BcCG3MVOlgjRKHEzSrG2f3btMP23pswQesFzr3JabwcgzacA0cVjm2Ew2JkYgTB2XPTUKrmTJJDONc4p-eiMT_sT37oQb59XmuxerES9ir15x3a_5JvpI_hEajtS4uRz73UCf8Kh2b9atFfDpB9cI87N2Sag\" alt=\"interfer&ecirc;ncia em ondas\"><figcaption class=\"wp-element-caption\">Imagem: Reprodu&ccedil;&atilde;o\/Wikimedia<\/figcaption><\/figure>\n<\/div><p class=\"wp-block-paragraph\">A interfer&ecirc;ncia &eacute; um <a href=\"https:\/\/www.youtube.com\/watch?v=SAdKv7b1jHM\" target=\"_blank\">fen&ocirc;meno da ondulat&oacute;ria<\/a> em que ondas diferentes encontram-se e podem atrapalhar ou beneficiar a <span id=\"urn:enhancement-d30ec76d-c05f-4396-942c-beb5b5f9f779\" class=\"textannotation disambiguated wl-thing wl-no-link\" itemid=\"https:\/\/data.wordlift.io\/wl110249\/entity\/propaga\">propaga&ccedil;&atilde;o<\/span> uma da outra naquele <span id=\"urn:enhancement-4faa38f1-fec5-4a9f-b1c1-bc13018a5413\" class=\"textannotation disambiguated wl-thing\" itemid=\"https:\/\/data.wordlift.io\/wl110249\/entity\/pontos\">ponto<\/span>.&nbsp;<\/p><p class=\"wp-block-paragraph\">Por exemplo, quando o pico de duas ondas se encontram, forma-se um pico de maior <span id=\"urn:enhancement-5a462cf9-6b72-453c-9df7-47982caa8328\" class=\"textannotation disambiguated wl-thing\" itemid=\"https:\/\/data.wordlift.io\/wl110249\/entity\/amplitude\">amplitude<\/span> exatamente naquela regi&atilde;o do espa&ccedil;o. Se s&atilde;o dois vales, ent&atilde;o eles tamb&eacute;m se somam formando um &ldquo;grande vale&rdquo;. Entretanto, nos casos em que um pico encontra um vale, a interfer&ecirc;ncia ser&aacute; negativa.<\/p><p class=\"wp-block-paragraph\">Esse evento &eacute; o que acontece quando duas ondas de r&aacute;dio interferem-se entre si e resultam em sons estranhos, principalmente nos carros, quando estamos em rodovias ou estradas afastadas do ambiente urbano.<\/p><h3 class=\"wp-block-heading\" id=\"h-ressonancia\">Resson&acirc;ncia<\/h3><p class=\"wp-block-paragraph\">A resson&acirc;ncia acontece quando dois movimentos ondulat&oacute;rios iguais acontecem ao mesmo tempo. Por exemplo, ocorre uma vibra&ccedil;&atilde;o do ar na em uma frequ&ecirc;ncia X devido a uma onda sonora e, ao mesmo tempo, um diapas&atilde;o admite a mesma vibra&ccedil;&atilde;o em sua estrutura interna. Como resultado, o corpo do diapas&atilde;o absorve a vibra&ccedil;&atilde;o externa, assim, ganha mais movimentos vibrat&oacute;rios.<\/p><h3 class=\"wp-block-heading\" id=\"h-polarizacao\">Polariza&ccedil;&atilde;o<\/h3><p class=\"wp-block-paragraph\">A polariza&ccedil;&atilde;o serve para escolher uma dire&ccedil;&atilde;o de <span id=\"urn:enhancement-0c94f825-dbd1-400b-bc47-b509b7b2fbff\" class=\"textannotation disambiguated wl-thing wl-no-link\" itemid=\"https:\/\/data.wordlift.io\/wl110249\/entity\/propaga\">propaga&ccedil;&atilde;o<\/span> para a onda. Isso &eacute; feito por meio de uma ferramenta polarizadora, que filtra qual dire&ccedil;&atilde;o ser&aacute; permitida e qual deixar&aacute; de existir, conforme indicado na anima&ccedil;&atilde;o abaixo.<\/p><div class=\"wp-block-image\">\n<figure class=\"aligncenter\"><img decoding=\"async\" src=\"https:\/\/lh6.googleusercontent.com\/RDoVof6OdqmrFrfgWlwBdXwPSiUVnN_eRurk-zMDMHH8lLELAkPF7zUJ--dJVg3uLjUuftN0HcIPtIumDHrdx9STcnfOMYZLc_aJABSKVvEdZmuO9y-L8hO_yIpE2F0pG65uN7Y_phK20F0lixw2rWEpdn4Pd1p-pt6TlaeSor6Cg0x7PPTPc1TC2SiMtQ\" alt=\"exemplo de polariza&ccedil;&atilde;o\"><figcaption class=\"wp-element-caption\">Imagem: Reprodu&ccedil;&atilde;o\/Wikimedia<\/figcaption><\/figure>\n<\/div><p class=\"wp-block-paragraph\">Esse &eacute; o princ&iacute;pio utilizado em filmes e anima&ccedil;&otilde;es em 3D. Cada lado do &oacute;culos oferecido filtra uma dire&ccedil;&atilde;o da luz. A partir disso, as ondas se combinam no <span id=\"urn:enhancement-179e30ef-dc6c-4608-8cc6-490d51ef4d52\" class=\"textannotation disambiguated wl-thing\" itemid=\"https:\/\/data.wordlift.io\/wl110249\/entity\/cerebro\">c&eacute;rebro<\/span> humano e criam a tridimensionalidade.<\/p><p class=\"wp-block-paragraph\">+ Veja mais: <a href=\"https:\/\/vestibulares.estrategia.com\/portal\/materias\/fisica\/fisica-no-enem-o-que-mais-cai\/\" target=\"_blank\">F&iacute;sica no Enem: o que mais cai<\/a><\/p><h2 class=\"wp-block-heading\" id=\"h-ondas-estacionarias\"><span class=\"ez-toc-section\" id=\"Ondas-estacionarias\"><\/span>Ondas estacion&aacute;rias<span class=\"ez-toc-section-end\"><\/span><\/h2><p class=\"wp-block-paragraph\">As <span id=\"urn:enhancement-7bc2b666-f433-4876-97cb-c9b29353f51f\" class=\"textannotation disambiguated wl-thing wl-no-link\" itemid=\"https:\/\/data.wordlift.io\/wl110249\/entity\/ondas-estacionarias\">ondas estacion&aacute;rias<\/span> acontecem quando duas ondas de sentidos opostos e frequ&ecirc;ncias iguais se encontram no espa&ccedil;o. Elas geralmente acontecem na ac&uacute;stica, como em cordas de viol&atilde;o, e est&atilde;o relacionadas com comprimentos e frequ&ecirc;ncias espec&iacute;ficas para cada nota musical.<\/p><p class=\"wp-block-paragraph\">Em geral, elas formam uma esp&eacute;cie de &ldquo;barriguinha&rdquo; que se distribui por toda a <span id=\"urn:enhancement-3d636984-a7bb-4ac9-ac51-788b78182618\" class=\"textannotation disambiguated wl-thing\" itemid=\"https:\/\/data.wordlift.io\/wl110249\/entity\/extensao\">extens&atilde;o<\/span> da corda. Cada barriga corresponde a meio <span id=\"urn:enhancement-ea926bf3-f179-4c97-aaf3-bdf3ec3b3df5\" class=\"textannotation disambiguated wl-thing wl-no-link\" itemid=\"https:\/\/data.wordlift.io\/wl110249\/entity\/comprimento-de-onda\">comprimento de onda<\/span>. Acompanhe o esquema abaixo.&nbsp;<\/p><div class=\"wp-block-image\">\n<figure class=\"aligncenter\"><img decoding=\"async\" src=\"https:\/\/lh6.googleusercontent.com\/3B6-qHOEAabTQx678XfIyqaZuOEUamc4O5hj0eOC3FWGNU9HvkU_nLYs7hAR7WX_eSUuXafk8RE1sqqpWhDlQsOu0CtuhzFCWZpotRJXPO9ROMQzQM1Tpy09rF5p33-MydnirwPGmoZY1QR_zJ6Uv_Nzca14F5DjuG2tRC59intEm1aMiWjo7aNrmb5E-w\" alt=\"ondas estacion&aacute;rias\"><figcaption class=\"wp-element-caption\">Imagem: Reprodu&ccedil;&atilde;o\/Wikimedia<\/figcaption><\/figure>\n<\/div><ul class=\"wp-block-list\">\n<li>L &eacute; o comprimento total da corda;<\/li>\n\n\n\n<li>Em 1, meia onda (apenas uma barriga) est&aacute; distribu&iacute;da pela extens&atilde;o;<\/li>\n\n\n\n<li>Em 2, por sua vez, existem duas barrigas que se espalham por todo o comprimento L; e<\/li>\n\n\n\n<li>Em 3, uma onda e meia (tr&ecirc;s barrigas) est&atilde;o dispostas, de forma estacion&aacute;ria.&nbsp;<\/li>\n<\/ul><h2 class=\"wp-block-heading\" id=\"h-questao-de-vestibulares-sobre-ondas-na-fisica\"><span class=\"ez-toc-section\" id=\"Questao-de-vestibulares-sobre-ondas-na-fisica\"><\/span>Quest&atilde;o de vestibulares sobre ondas na f&iacute;sica<span class=\"ez-toc-section-end\"><\/span><\/h2><p class=\"wp-block-paragraph\">(Enem 2018) O sonorizador &eacute; um dispositivo <span id=\"urn:enhancement-ace7bad2-7417-4a05-8fdc-297542893ae2\" class=\"textannotation disambiguated wl-thing\" itemid=\"https:\/\/data.wordlift.io\/wl110249\/entity\/fisico\">f&iacute;sico<\/span> implantado sobre a superf&iacute;cie de uma rodovia de modo que provoque uma trepida&ccedil;&atilde;o e ru&iacute;do quando da passagem de um ve&iacute;culo sobre ele, alertando para uma situa&ccedil;&atilde;o at&iacute;pica &agrave; frente, como obras, ped&aacute;gios ou travessia de pedestres. Ao passar sobre os sonorizadores, a suspens&atilde;o do ve&iacute;culo sofre vibra&ccedil;&otilde;es que produzem ondas sonoras, resultando em um barulho peculiar. Considere um ve&iacute;culo que passe com velocidade constante igual a 108 km\/h sobre um sonorizador cujas faixas s&atilde;o separadas por uma dist&acirc;ncia de 8 cm.<\/p><p class=\"wp-block-paragraph\">Dispon&iacute;vel em: www.denatran.gov.br.<\/p><p class=\"wp-block-paragraph\">Acesso em: 2 set. 2015 (adaptado).<\/p><p class=\"wp-block-paragraph\">A frequ&ecirc;ncia da vibra&ccedil;&atilde;o do autom&oacute;vel percebida pelo condutor durante a passagem nesse sonorizador &eacute; mais pr&oacute;xima de:<\/p><p class=\"wp-block-paragraph\">a) 8,6 hertz.<br>b) 13,5 hertz.<br><span id=\"urn:enhancement-0b3eade9-7844-467e-a6f3-7c24f222cd4c\" class=\"textannotation disambiguated wl-creative-work\" itemid=\"https:\/\/data.wordlift.io\/wl110249\/entity\/celsius\">c<\/span>) 375 hertz.<br>d) 1 350 hertz.<br>e) 4 860 hertz.<\/p><p class=\"wp-block-paragraph\">A quest&atilde;o &eacute; enf&aacute;tica ao transmitir a velocidade do carro. Vamos admitir que essa tamb&eacute;m seja a velocidade da onda e que, a cada passagem no sonorizador, inicia-se uma nova oscila&ccedil;&atilde;o. Diante disso, j&aacute; temos o valor de &lambda;. Fica ainda, a responsabilidade de converter as unidades para os padr&otilde;es do SI, em metros e segundos:<\/p><p class=\"wp-block-paragraph\">108 000 m &mdash; 3600 s<br>&nbsp;v m&nbsp; &nbsp; &nbsp; &nbsp; &nbsp; &mdash;&nbsp; 1s<\/p><p class=\"wp-block-paragraph\">108 000 = 3600 . v<br>1080 = 36.v<\/p><p class=\"wp-block-paragraph\">v&nbsp; = 30 <span id=\"urn:enhancement-53a10201-06da-4d4a-9bc2-1068c0ed2d7b\" class=\"textannotation disambiguated wl-thing\" itemid=\"https:\/\/data.wordlift.io\/wl110249\/entity\/metro-por-segundo\">m\/s<\/span><\/p><p class=\"wp-block-paragraph\">100 cm &mdash; 1 m&nbsp;<br>8 cm &nbsp; &nbsp; &mdash; &lambda; m<br><\/p><p class=\"wp-block-paragraph\">100.&lambda; = 8&nbsp;<br>&lambda; = 0,08 m<\/p><p class=\"wp-block-paragraph\">Com os valores de v e &lambda; j&aacute; convertidos, podemos aplicar a f&oacute;rmula do vem lamber farofa:<\/p><p class=\"wp-block-paragraph\">v = &lambda;.f&nbsp;<br>30 = 0,08.f<br>30\/0,08=f<\/p><p class=\"wp-block-paragraph\">f = 375 Hz, conforme est&aacute; descrito na alternativa <strong><span id=\"urn:enhancement-de7eac81-be06-46d8-9fcf-8d2002755fe2\" class=\"textannotation disambiguated wl-creative-work\" itemid=\"https:\/\/data.wordlift.io\/wl110249\/entity\/celsius\">C<\/span><\/strong>.<\/p><h2 class=\"wp-block-heading\" id=\"h-aprenda-mais-com-a-coruja\"><span class=\"ez-toc-section\" id=\"Aprenda-mais-com-a-Coruja\"><\/span>Aprenda mais com a Coruja!<span class=\"ez-toc-section-end\"><\/span><\/h2><p class=\"wp-block-paragraph\">O Estrat&eacute;gia Vestibulares garante a qualidade dos conte&uacute;dos e cursos. As aulas e materiais s&atilde;o exclusivos e atualizados com frequ&ecirc;ncia, assim voc&ecirc; pode aprender com os conhecimentos mais recentes e revisar at&eacute; mesmo quest&otilde;es importantes de provas recentes. Clique no banner e saiba mais!<\/p><p class=\"wp-block-paragraph\"><a id=\"cta\" class=\"cta-imagem\" href=\"https:\/\/vestibulares.estrategia.com\/cursos\/\" target=\"blank\">\n                <img decoding=\"async\" width=\"100%\" src=\"https:\/\/vestibulares.estrategia.com\/portal\/wp-content\/uploads\/2021\/12\/EV4.jpg\" alt=\"CTA - Estrat\u00e9gia Vestibulares 4\" title=\"CTA - Estrat\u00e9gia Vestibulares 4\">\n        <\/a>\n\n\n\n<\/p><h2 class=\"wp-block-heading\"><span class=\"ez-toc-section\" id=\"Veja-tambem\"><\/span>Veja tamb&eacute;m:<span class=\"ez-toc-section-end\"><\/span><\/h2><ul class=\"wp-block-list\">\n<li><a href=\"https:\/\/vestibulares.estrategia.com\/portal\/fisica\/fisica-enem\/\">O que mais cai em F&iacute;sica no Enem?<\/a>&nbsp;<\/li>\n\n\n\n<li><a href=\"https:\/\/vestibulares.estrategia.com\/portal\/fisica\/optica\/\">Como cai a &oacute;ptica no Enem<\/a>&nbsp;<\/li>\n\n\n\n<li><a href=\"https:\/\/vestibulares.estrategia.com\/portal\/materias\/fisica\/refracao\/\">Refra&ccedil;&atilde;o: f&oacute;rmulas, &acirc;ngulos, fen&ocirc;menos e mais<\/a>&nbsp;<\/li>\n\n\n\n<li><a href=\"https:\/\/vestibulares.estrategia.com\/portal\/materias\/fisica\/optica-geometrica\/\">&Oacute;ptica geom&eacute;trica: o que &eacute;, conceitos importantes, f&oacute;rmulas e quest&otilde;es<\/a>&nbsp;<\/li>\n\n\n\n<li><a href=\"https:\/\/vestibulares.estrategia.com\/portal\/fisica\/ondulatoria\/\">Como a Ondulat&oacute;ria cai no Enem<\/a>&nbsp;&nbsp;<\/li>\n\n\n\n<li><a href=\"https:\/\/vestibulares.estrategia.com\/portal\/fisica\/eletricidade\/\">Eletricidade: conhe&ccedil;a as principais f&oacute;rmulas e conceitos<\/a><\/li>\n\n\n\n<li><a href=\"https:\/\/vestibulares.estrategia.com\/portal\/fisica\/lei-de-gauss-da-eletricidade\/\">A Lei de Gauss da Eletricidade: conceito e como cai na prova do ITA<\/a>&nbsp;<\/li>\n\n\n\n<li><a href=\"https:\/\/vestibulares.estrategia.com\/portal\/materias\/fisica\/lei-de-faraday-lenz\/\">Lei de Faraday-Lenz: defini&ccedil;&atilde;o, f&oacute;rmulas, aplica&ccedil;&otilde;es e exerc&iacute;cios<\/a>&nbsp;<\/li>\n\n\n\n<li><a href=\"https:\/\/vestibulares.estrategia.com\/portal\/materias\/fisica\/eletrodinamica\/\">Eletrodin&acirc;mica: o que &eacute;, conceitos, f&oacute;rmulas e aplica&ccedil;&otilde;es<\/a>&nbsp;<\/li>\n\n\n\n<li><a href=\"https:\/\/vestibulares.estrategia.com\/portal\/materias\/fisica\/inducao-eletromagnetica\/\">Indu&ccedil;&atilde;o eletromagn&eacute;tica: o que &eacute;, fluxo magn&eacute;tico, f&oacute;rmulas e aplica&ccedil;&otilde;es<\/a>&nbsp;<\/li>\n\n\n\n<li><a href=\"https:\/\/vestibulares.estrategia.com\/portal\/fisica\/magnetismo-no-enem\/\">Magnetismo no Enem: o que aparece?<\/a>&nbsp;&nbsp;<\/li>\n\n\n\n<li><a href=\"https:\/\/vestibulares.estrategia.com\/portal\/materias\/fisica\/leis-de-ohm\/\">Leis de Ohm: primeira e segunda leis, f&oacute;rmulas, aplica&ccedil;&otilde;es e quest&otilde;es<\/a><\/li>\n<\/ul><\/p>\n","protected":false},"excerpt":{"rendered":"Quando falamos em ondas, a primeira coisa que vem &agrave; cabe&ccedil;a &eacute; o mar e seus movimentos. Mas,&hellip;\n","protected":false},"author":23,"featured_media":85308,"comment_status":"closed","ping_status":"closed","sticky":false,"template":"","format":"standard","meta":{"footnotes":""},"categories":[28],"tags":[],"class_list":["post-84783","post","type-post","status-publish","format-standard","has-post-thumbnail","category-fisica"],"acf":[],"yoast_head":"<!-- This site is optimized with the Yoast SEO Premium plugin v25.9 (Yoast SEO v28.2) - https:\/\/yoast.com\/product\/yoast-seo-premium-wordpress\/ -->\n<title>Ondas na F\u00edsica: o que s\u00e3o, classifica\u00e7\u00f5es, f\u00f3rmulas e quest\u00f5es&nbsp;<\/title>\n<meta name=\"description\" content=\"Leia este artigo para aprender mais sobre a ondulat\u00f3ria, quais as classifica\u00e7\u00f5es das ondas na F\u00edsica e as f\u00f3rmulas utilizadas nessa ci\u00eancia.\" \/>\n<meta name=\"robots\" content=\"index, follow, max-snippet:-1, max-image-preview:large, max-video-preview:-1\" \/>\n<link rel=\"canonical\" href=\"https:\/\/vestibulares.estrategia.com\/portal\/materias\/fisica\/ondas\/\" \/>\n<meta property=\"og:locale\" content=\"pt_BR\" \/>\n<meta property=\"og:type\" content=\"article\" \/>\n<meta property=\"og:title\" content=\"Ondas na F\u00edsica: o que s\u00e3o, classifica\u00e7\u00f5es, f\u00f3rmulas e quest\u00f5es&nbsp;\" \/>\n<meta property=\"og:description\" content=\"Leia este artigo para aprender mais sobre a ondulat\u00f3ria, quais as classifica\u00e7\u00f5es das ondas na F\u00edsica e as f\u00f3rmulas utilizadas nessa ci\u00eancia.\" \/>\n<meta property=\"og:url\" content=\"https:\/\/vestibulares.estrategia.com\/portal\/materias\/fisica\/ondas\/\" \/>\n<meta property=\"og:site_name\" content=\"Estrat\u00e9gia Vestibulares\" \/>\n<meta property=\"article:publisher\" content=\"https:\/\/facebook.com\/estrategiavestibulares\" \/>\n<meta property=\"article:published_time\" content=\"2022-12-29T14:00:00+00:00\" \/>\n<meta property=\"article:modified_time\" content=\"2024-09-26T13:06:12+00:00\" \/>\n<meta property=\"og:image\" content=\"https:\/\/vestibulares.estrategia.com\/portal\/wp-content\/uploads\/2022\/12\/Ondas-na-Fisica-Estrategia.jpeg\" \/>\n\t<meta property=\"og:image:width\" content=\"1280\" \/>\n\t<meta property=\"og:image:height\" content=\"720\" \/>\n\t<meta property=\"og:image:type\" content=\"image\/jpeg\" \/>\n<meta name=\"author\" content=\"Kauane Elias\" \/>\n<meta name=\"twitter:card\" content=\"summary_large_image\" \/>\n<meta name=\"twitter:creator\" content=\"@Estrategiavest\" \/>\n<meta name=\"twitter:site\" content=\"@Estrategiavest\" \/>\n<meta name=\"twitter:label1\" content=\"Escrito por\" \/>\n\t<meta name=\"twitter:data1\" content=\"Kauane Elias\" \/>\n\t<meta name=\"twitter:label2\" content=\"Est. tempo de leitura\" \/>\n\t<meta name=\"twitter:data2\" content=\"13 minutos\" \/>\n<script type=\"application\/ld+json\" class=\"yoast-schema-graph\">{\"@context\":\"https:\\\/\\\/schema.org\",\"@graph\":[{\"@type\":\"Article\",\"@id\":\"https:\\\/\\\/vestibulares.estrategia.com\\\/portal\\\/materias\\\/fisica\\\/ondas\\\/#article\",\"isPartOf\":{\"@id\":\"https:\\\/\\\/vestibulares.estrategia.com\\\/portal\\\/materias\\\/fisica\\\/ondas\\\/\"},\"author\":{\"name\":\"Kauane Elias\",\"@id\":\"https:\\\/\\\/vestibulares.estrategia.com\\\/portal\\\/#\\\/schema\\\/person\\\/c3c8aff2b0e78cda59fba186b818b7b1\"},\"headline\":\"Ondas na F\u00edsica: o que s\u00e3o, classifica\u00e7\u00f5es, f\u00f3rmulas e quest\u00f5es&nbsp;\",\"datePublished\":\"2022-12-29T14:00:00+00:00\",\"dateModified\":\"2024-09-26T13:06:12+00:00\",\"mainEntityOfPage\":{\"@id\":\"https:\\\/\\\/vestibulares.estrategia.com\\\/portal\\\/materias\\\/fisica\\\/ondas\\\/\"},\"wordCount\":2627,\"publisher\":{\"@id\":\"https:\\\/\\\/vestibulares.estrategia.com\\\/portal\\\/#organization\"},\"image\":{\"@id\":\"https:\\\/\\\/vestibulares.estrategia.com\\\/portal\\\/materias\\\/fisica\\\/ondas\\\/#primaryimage\"},\"thumbnailUrl\":\"https:\\\/\\\/vestibulares.estrategia.com\\\/portal\\\/wp-content\\\/uploads\\\/2022\\\/12\\\/Ondas-na-Fisica-Estrategia.jpeg\",\"articleSection\":[\"F\u00edsica\"],\"inLanguage\":\"pt-BR\"},{\"@type\":\"WebPage\",\"@id\":\"https:\\\/\\\/vestibulares.estrategia.com\\\/portal\\\/materias\\\/fisica\\\/ondas\\\/\",\"url\":\"https:\\\/\\\/vestibulares.estrategia.com\\\/portal\\\/materias\\\/fisica\\\/ondas\\\/\",\"name\":\"Ondas na F\u00edsica: o que s\u00e3o, classifica\u00e7\u00f5es, f\u00f3rmulas e quest\u00f5es&nbsp;\",\"isPartOf\":{\"@id\":\"https:\\\/\\\/vestibulares.estrategia.com\\\/portal\\\/#website\"},\"primaryImageOfPage\":{\"@id\":\"https:\\\/\\\/vestibulares.estrategia.com\\\/portal\\\/materias\\\/fisica\\\/ondas\\\/#primaryimage\"},\"image\":{\"@id\":\"https:\\\/\\\/vestibulares.estrategia.com\\\/portal\\\/materias\\\/fisica\\\/ondas\\\/#primaryimage\"},\"thumbnailUrl\":\"https:\\\/\\\/vestibulares.estrategia.com\\\/portal\\\/wp-content\\\/uploads\\\/2022\\\/12\\\/Ondas-na-Fisica-Estrategia.jpeg\",\"datePublished\":\"2022-12-29T14:00:00+00:00\",\"dateModified\":\"2024-09-26T13:06:12+00:00\",\"description\":\"Leia este artigo para aprender mais sobre a ondulat\u00f3ria, quais as classifica\u00e7\u00f5es das ondas na F\u00edsica e as f\u00f3rmulas utilizadas nessa ci\u00eancia.\",\"breadcrumb\":{\"@id\":\"https:\\\/\\\/vestibulares.estrategia.com\\\/portal\\\/materias\\\/fisica\\\/ondas\\\/#breadcrumb\"},\"inLanguage\":\"pt-BR\",\"potentialAction\":[{\"@type\":\"ReadAction\",\"target\":[\"https:\\\/\\\/vestibulares.estrategia.com\\\/portal\\\/materias\\\/fisica\\\/ondas\\\/\"]}]},{\"@type\":\"ImageObject\",\"inLanguage\":\"pt-BR\",\"@id\":\"https:\\\/\\\/vestibulares.estrategia.com\\\/portal\\\/materias\\\/fisica\\\/ondas\\\/#primaryimage\",\"url\":\"https:\\\/\\\/vestibulares.estrategia.com\\\/portal\\\/wp-content\\\/uploads\\\/2022\\\/12\\\/Ondas-na-Fisica-Estrategia.jpeg\",\"contentUrl\":\"https:\\\/\\\/vestibulares.estrategia.com\\\/portal\\\/wp-content\\\/uploads\\\/2022\\\/12\\\/Ondas-na-Fisica-Estrategia.jpeg\",\"width\":1280,\"height\":720,\"caption\":\"Ondas na Fi\u0301sica - Estrate\u0301gia\"},{\"@type\":\"BreadcrumbList\",\"@id\":\"https:\\\/\\\/vestibulares.estrategia.com\\\/portal\\\/materias\\\/fisica\\\/ondas\\\/#breadcrumb\",\"itemListElement\":[{\"@type\":\"ListItem\",\"position\":1,\"name\":\"Home\",\"item\":\"https:\\\/\\\/vestibulares.estrategia.com\\\/portal\\\/\"},{\"@type\":\"ListItem\",\"position\":2,\"name\":\"Mat\u00e9rias\",\"item\":\"https:\\\/\\\/vestibulares.estrategia.com\\\/portal\\\/materias\\\/\"},{\"@type\":\"ListItem\",\"position\":3,\"name\":\"F\u00edsica\",\"item\":\"https:\\\/\\\/vestibulares.estrategia.com\\\/portal\\\/materias\\\/fisica\\\/\"},{\"@type\":\"ListItem\",\"position\":4,\"name\":\"Ondas na F\u00edsica: o que s\u00e3o, classifica\u00e7\u00f5es, f\u00f3rmulas e quest\u00f5es&nbsp;\"}]},{\"@type\":\"WebSite\",\"@id\":\"https:\\\/\\\/vestibulares.estrategia.com\\\/portal\\\/#website\",\"url\":\"https:\\\/\\\/vestibulares.estrategia.com\\\/portal\\\/\",\"name\":\"Estrat\u00e9gia Vestibulares\",\"description\":\"\",\"publisher\":{\"@id\":\"https:\\\/\\\/vestibulares.estrategia.com\\\/portal\\\/#organization\"},\"potentialAction\":[{\"@type\":\"SearchAction\",\"target\":{\"@type\":\"EntryPoint\",\"urlTemplate\":\"https:\\\/\\\/vestibulares.estrategia.com\\\/portal\\\/?s={search_term_string}\"},\"query-input\":{\"@type\":\"PropertyValueSpecification\",\"valueRequired\":true,\"valueName\":\"search_term_string\"}}],\"inLanguage\":\"pt-BR\"},{\"@type\":\"Organization\",\"@id\":\"https:\\\/\\\/vestibulares.estrategia.com\\\/portal\\\/#organization\",\"name\":\"Estrat\u00e9gia Vestibulares\",\"url\":\"https:\\\/\\\/vestibulares.estrategia.com\\\/portal\\\/\",\"logo\":{\"@type\":\"ImageObject\",\"inLanguage\":\"pt-BR\",\"@id\":\"https:\\\/\\\/vestibulares.estrategia.com\\\/portal\\\/#\\\/schema\\\/logo\\\/image\\\/\",\"url\":\"https:\\\/\\\/vestibulares.estrategia.com\\\/portal\\\/wp-content\\\/uploads\\\/2021\\\/06\\\/Logo-Vestibulares@4x.png\",\"contentUrl\":\"https:\\\/\\\/vestibulares.estrategia.com\\\/portal\\\/wp-content\\\/uploads\\\/2021\\\/06\\\/Logo-Vestibulares@4x.png\",\"width\":250,\"height\":66,\"caption\":\"Estrat\u00e9gia Vestibulares\"},\"image\":{\"@id\":\"https:\\\/\\\/vestibulares.estrategia.com\\\/portal\\\/#\\\/schema\\\/logo\\\/image\\\/\"},\"sameAs\":[\"https:\\\/\\\/facebook.com\\\/estrategiavestibulares\",\"https:\\\/\\\/x.com\\\/Estrategiavest\",\"https:\\\/\\\/www.instagram.com\\\/estrategiavestibulares\",\"https:\\\/\\\/www.youtube.com\\\/channel\\\/UCGWdZy8ULI-7_5GrABa4vNA\"]},{\"@type\":\"Person\",\"@id\":\"https:\\\/\\\/vestibulares.estrategia.com\\\/portal\\\/#\\\/schema\\\/person\\\/c3c8aff2b0e78cda59fba186b818b7b1\",\"name\":\"Kauane Elias\",\"image\":{\"@type\":\"ImageObject\",\"inLanguage\":\"pt-BR\",\"@id\":\"https:\\\/\\\/secure.gravatar.com\\\/avatar\\\/8e80772bbad4df9736e04a57d5d9e7505912087da8ecb6278b4b7be123170e95?s=96&d=mm&r=g\",\"url\":\"https:\\\/\\\/secure.gravatar.com\\\/avatar\\\/8e80772bbad4df9736e04a57d5d9e7505912087da8ecb6278b4b7be123170e95?s=96&d=mm&r=g\",\"contentUrl\":\"https:\\\/\\\/secure.gravatar.com\\\/avatar\\\/8e80772bbad4df9736e04a57d5d9e7505912087da8ecb6278b4b7be123170e95?s=96&d=mm&r=g\",\"caption\":\"Kauane Elias\"},\"description\":\"Medicina - Unicamp. F\u00e9. \\\"Um mundo melhor come\u00e7a na transforma\u00e7\u00e3o do pr\u00f3prio mundo!\\\"\",\"url\":\"https:\\\/\\\/vestibulares.estrategia.com\\\/portal\\\/author\\\/kauane\\\/\"}]}<\/script>\n<!-- \/ Yoast SEO Premium plugin. -->","yoast_head_json":{"title":"Ondas na F\u00edsica: o que s\u00e3o, classifica\u00e7\u00f5es, f\u00f3rmulas e quest\u00f5es&nbsp;","description":"Leia este artigo para aprender mais sobre a ondulat\u00f3ria, quais as classifica\u00e7\u00f5es das ondas na F\u00edsica e as f\u00f3rmulas utilizadas nessa ci\u00eancia.","robots":{"index":"index","follow":"follow","max-snippet":"max-snippet:-1","max-image-preview":"max-image-preview:large","max-video-preview":"max-video-preview:-1"},"canonical":"https:\/\/vestibulares.estrategia.com\/portal\/materias\/fisica\/ondas\/","og_locale":"pt_BR","og_type":"article","og_title":"Ondas na F\u00edsica: o que s\u00e3o, classifica\u00e7\u00f5es, f\u00f3rmulas e quest\u00f5es&nbsp;","og_description":"Leia este artigo para aprender mais sobre a ondulat\u00f3ria, quais as classifica\u00e7\u00f5es das ondas na F\u00edsica e as f\u00f3rmulas utilizadas nessa ci\u00eancia.","og_url":"https:\/\/vestibulares.estrategia.com\/portal\/materias\/fisica\/ondas\/","og_site_name":"Estrat\u00e9gia Vestibulares","article_publisher":"https:\/\/facebook.com\/estrategiavestibulares","article_published_time":"2022-12-29T14:00:00+00:00","article_modified_time":"2024-09-26T13:06:12+00:00","og_image":[{"width":1280,"height":720,"url":"https:\/\/vestibulares.estrategia.com\/portal\/wp-content\/uploads\/2022\/12\/Ondas-na-Fisica-Estrategia.jpeg","type":"image\/jpeg"}],"author":"Kauane Elias","twitter_card":"summary_large_image","twitter_creator":"@Estrategiavest","twitter_site":"@Estrategiavest","twitter_misc":{"Escrito por":"Kauane Elias","Est. tempo de leitura":"13 minutos"},"schema":{"@context":"https:\/\/schema.org","@graph":[{"@type":"Article","@id":"https:\/\/vestibulares.estrategia.com\/portal\/materias\/fisica\/ondas\/#article","isPartOf":{"@id":"https:\/\/vestibulares.estrategia.com\/portal\/materias\/fisica\/ondas\/"},"author":{"name":"Kauane Elias","@id":"https:\/\/vestibulares.estrategia.com\/portal\/#\/schema\/person\/c3c8aff2b0e78cda59fba186b818b7b1"},"headline":"Ondas na F\u00edsica: o que s\u00e3o, classifica\u00e7\u00f5es, f\u00f3rmulas e quest\u00f5es&nbsp;","datePublished":"2022-12-29T14:00:00+00:00","dateModified":"2024-09-26T13:06:12+00:00","mainEntityOfPage":{"@id":"https:\/\/vestibulares.estrategia.com\/portal\/materias\/fisica\/ondas\/"},"wordCount":2627,"publisher":{"@id":"https:\/\/vestibulares.estrategia.com\/portal\/#organization"},"image":{"@id":"https:\/\/vestibulares.estrategia.com\/portal\/materias\/fisica\/ondas\/#primaryimage"},"thumbnailUrl":"https:\/\/vestibulares.estrategia.com\/portal\/wp-content\/uploads\/2022\/12\/Ondas-na-Fisica-Estrategia.jpeg","articleSection":["F\u00edsica"],"inLanguage":"pt-BR"},{"@type":"WebPage","@id":"https:\/\/vestibulares.estrategia.com\/portal\/materias\/fisica\/ondas\/","url":"https:\/\/vestibulares.estrategia.com\/portal\/materias\/fisica\/ondas\/","name":"Ondas na F\u00edsica: o que s\u00e3o, classifica\u00e7\u00f5es, f\u00f3rmulas e quest\u00f5es&nbsp;","isPartOf":{"@id":"https:\/\/vestibulares.estrategia.com\/portal\/#website"},"primaryImageOfPage":{"@id":"https:\/\/vestibulares.estrategia.com\/portal\/materias\/fisica\/ondas\/#primaryimage"},"image":{"@id":"https:\/\/vestibulares.estrategia.com\/portal\/materias\/fisica\/ondas\/#primaryimage"},"thumbnailUrl":"https:\/\/vestibulares.estrategia.com\/portal\/wp-content\/uploads\/2022\/12\/Ondas-na-Fisica-Estrategia.jpeg","datePublished":"2022-12-29T14:00:00+00:00","dateModified":"2024-09-26T13:06:12+00:00","description":"Leia este artigo para aprender mais sobre a ondulat\u00f3ria, quais as classifica\u00e7\u00f5es das ondas na F\u00edsica e as f\u00f3rmulas utilizadas nessa ci\u00eancia.","breadcrumb":{"@id":"https:\/\/vestibulares.estrategia.com\/portal\/materias\/fisica\/ondas\/#breadcrumb"},"inLanguage":"pt-BR","potentialAction":[{"@type":"ReadAction","target":["https:\/\/vestibulares.estrategia.com\/portal\/materias\/fisica\/ondas\/"]}]},{"@type":"ImageObject","inLanguage":"pt-BR","@id":"https:\/\/vestibulares.estrategia.com\/portal\/materias\/fisica\/ondas\/#primaryimage","url":"https:\/\/vestibulares.estrategia.com\/portal\/wp-content\/uploads\/2022\/12\/Ondas-na-Fisica-Estrategia.jpeg","contentUrl":"https:\/\/vestibulares.estrategia.com\/portal\/wp-content\/uploads\/2022\/12\/Ondas-na-Fisica-Estrategia.jpeg","width":1280,"height":720,"caption":"Ondas na Fi\u0301sica - Estrate\u0301gia"},{"@type":"BreadcrumbList","@id":"https:\/\/vestibulares.estrategia.com\/portal\/materias\/fisica\/ondas\/#breadcrumb","itemListElement":[{"@type":"ListItem","position":1,"name":"Home","item":"https:\/\/vestibulares.estrategia.com\/portal\/"},{"@type":"ListItem","position":2,"name":"Mat\u00e9rias","item":"https:\/\/vestibulares.estrategia.com\/portal\/materias\/"},{"@type":"ListItem","position":3,"name":"F\u00edsica","item":"https:\/\/vestibulares.estrategia.com\/portal\/materias\/fisica\/"},{"@type":"ListItem","position":4,"name":"Ondas na F\u00edsica: o que s\u00e3o, classifica\u00e7\u00f5es, f\u00f3rmulas e quest\u00f5es&nbsp;"}]},{"@type":"WebSite","@id":"https:\/\/vestibulares.estrategia.com\/portal\/#website","url":"https:\/\/vestibulares.estrategia.com\/portal\/","name":"Estrat\u00e9gia Vestibulares","description":"","publisher":{"@id":"https:\/\/vestibulares.estrategia.com\/portal\/#organization"},"potentialAction":[{"@type":"SearchAction","target":{"@type":"EntryPoint","urlTemplate":"https:\/\/vestibulares.estrategia.com\/portal\/?s={search_term_string}"},"query-input":{"@type":"PropertyValueSpecification","valueRequired":true,"valueName":"search_term_string"}}],"inLanguage":"pt-BR"},{"@type":"Organization","@id":"https:\/\/vestibulares.estrategia.com\/portal\/#organization","name":"Estrat\u00e9gia Vestibulares","url":"https:\/\/vestibulares.estrategia.com\/portal\/","logo":{"@type":"ImageObject","inLanguage":"pt-BR","@id":"https:\/\/vestibulares.estrategia.com\/portal\/#\/schema\/logo\/image\/","url":"https:\/\/vestibulares.estrategia.com\/portal\/wp-content\/uploads\/2021\/06\/Logo-Vestibulares@4x.png","contentUrl":"https:\/\/vestibulares.estrategia.com\/portal\/wp-content\/uploads\/2021\/06\/Logo-Vestibulares@4x.png","width":250,"height":66,"caption":"Estrat\u00e9gia Vestibulares"},"image":{"@id":"https:\/\/vestibulares.estrategia.com\/portal\/#\/schema\/logo\/image\/"},"sameAs":["https:\/\/facebook.com\/estrategiavestibulares","https:\/\/x.com\/Estrategiavest","https:\/\/www.instagram.com\/estrategiavestibulares","https:\/\/www.youtube.com\/channel\/UCGWdZy8ULI-7_5GrABa4vNA"]},{"@type":"Person","@id":"https:\/\/vestibulares.estrategia.com\/portal\/#\/schema\/person\/c3c8aff2b0e78cda59fba186b818b7b1","name":"Kauane Elias","image":{"@type":"ImageObject","inLanguage":"pt-BR","@id":"https:\/\/secure.gravatar.com\/avatar\/8e80772bbad4df9736e04a57d5d9e7505912087da8ecb6278b4b7be123170e95?s=96&d=mm&r=g","url":"https:\/\/secure.gravatar.com\/avatar\/8e80772bbad4df9736e04a57d5d9e7505912087da8ecb6278b4b7be123170e95?s=96&d=mm&r=g","contentUrl":"https:\/\/secure.gravatar.com\/avatar\/8e80772bbad4df9736e04a57d5d9e7505912087da8ecb6278b4b7be123170e95?s=96&d=mm&r=g","caption":"Kauane Elias"},"description":"Medicina - Unicamp. F\u00e9. \"Um mundo melhor come\u00e7a na transforma\u00e7\u00e3o do pr\u00f3prio mundo!\"","url":"https:\/\/vestibulares.estrategia.com\/portal\/author\/kauane\/"}]}},"_links":{"self":[{"href":"https:\/\/vestibulares.estrategia.com\/portal\/wp-json\/wp\/v2\/posts\/84783","targetHints":{"allow":["GET"]}}],"collection":[{"href":"https:\/\/vestibulares.estrategia.com\/portal\/wp-json\/wp\/v2\/posts"}],"about":[{"href":"https:\/\/vestibulares.estrategia.com\/portal\/wp-json\/wp\/v2\/types\/post"}],"author":[{"embeddable":true,"href":"https:\/\/vestibulares.estrategia.com\/portal\/wp-json\/wp\/v2\/users\/23"}],"replies":[{"embeddable":true,"href":"https:\/\/vestibulares.estrategia.com\/portal\/wp-json\/wp\/v2\/comments?post=84783"}],"version-history":[{"count":10,"href":"https:\/\/vestibulares.estrategia.com\/portal\/wp-json\/wp\/v2\/posts\/84783\/revisions"}],"predecessor-version":[{"id":125879,"href":"https:\/\/vestibulares.estrategia.com\/portal\/wp-json\/wp\/v2\/posts\/84783\/revisions\/125879"}],"wp:featuredmedia":[{"embeddable":true,"href":"https:\/\/vestibulares.estrategia.com\/portal\/wp-json\/wp\/v2\/media\/85308"}],"wp:attachment":[{"href":"https:\/\/vestibulares.estrategia.com\/portal\/wp-json\/wp\/v2\/media?parent=84783"}],"wp:term":[{"taxonomy":"category","embeddable":true,"href":"https:\/\/vestibulares.estrategia.com\/portal\/wp-json\/wp\/v2\/categories?post=84783"},{"taxonomy":"post_tag","embeddable":true,"href":"https:\/\/vestibulares.estrategia.com\/portal\/wp-json\/wp\/v2\/tags?post=84783"}],"curies":[{"name":"wp","href":"https:\/\/api.w.org\/{rel}","templated":true}]}}