{"id":86679,"date":"2023-01-23T16:24:20","date_gmt":"2023-01-23T19:24:20","guid":{"rendered":"https:\/\/vestibulares.estrategia.com\/portal\/?p=86679"},"modified":"2023-07-28T14:48:58","modified_gmt":"2023-07-28T17:48:58","slug":"7-filmes-sobre-moda-para-usar-como-repertorio-sociocultural-na-redacao","status":"publish","type":"post","link":"https:\/\/vestibulares.estrategia.com\/portal\/materias\/redacao\/7-filmes-sobre-moda-para-usar-como-repertorio-sociocultural-na-redacao\/","title":{"rendered":"7 filmes sobre moda para usar como repert\u00f3rio sociocultural na reda\u00e7\u00e3o"},"content":{"rendered":"<p>Filmes sobre moda s&atilde;o muito comuns no cinema desde os prim&oacute;rdios da s&eacute;tima arte. Eles podem contar sobre um personagem espec&iacute;fico, uma &eacute;poca, determinados conceitos e at&eacute; mesmo como a sociedade de um momento via e sentia a maneira de se vestir e, porque n&atilde;o, se portar.<p>\n\n\n\n<div id=\"new-form\">\n\t<form id=\"forms_layout\">\n\t<input type=\"hidden\" id=\"chave_de\" name=\"chave_de\" value=\"01_EVEST_LEADS_TOTAIS\" \/>\n\t\t<input type=\"hidden\" id=\"mid\" name=\"mid\" value=\"515008983\" \/>\n\t\t<input type=\"hidden\" id=\"Objetivo\" name=\"Objetivo\" value=\"Vestibulares\" \/>\n\t\t<input type=\"hidden\" id=\"Estado_de_Origem_do_IP\" name=\"Estado_de_Origem_do_IP\"  value=\"\" \/>\n\t\t<input type=\"hidden\" id=\"Cidade_de_Origem_do_IP\" name=\"Cidade_de_Origem_do_IP\" value=\"\" \/>\n\t\t<input type=\"hidden\" id=\"Modo_de_entrada\" name=\"Modo_de_entrada\" value=\"Portal\" \/>\n\t\t<input type=\"hidden\" id=\"Pagina_Origem\" name=\"Pagina_Origem\" value=\"\" \/>\n\n\t\t<div class=\"texto\">\n\t\t\t<h3 class=\"news\">Inscreva-se em nossa newsletter\ud83e\udd89<\/h3>\n\t\t\t<p>Receba dicas de estudo gratuitas e saiba em primeira m\u00e3o as novidades sobre o Enem, Sisu, Encceja, Fuvest e outros vestibulares!<\/p>\n\t\t<\/div>\n\t\t<div class=\"campos\">\n\t\t\t<div class=\"first_name labels\">\n\t\t\t\t<input type=\"text\" class=\"input_labels\" id=\"first_name\" name=\"Nome_Completo\" placeholder=\"Nome\" required \/>\n\t\t\t<\/div>\n\t\t\t<div class=\"email labels\">\n\t\t\t\t<input type=\"email\" class=\"input_labels\" id=\"email\" name=\"Email\" placeholder=\"E-mail\" required \/>\n\t\t\t<\/div>\n\t\t\t<button type=\"submit\" class=\"button_layout\">\n\t\t\t\t<div id=\"lblBotao\">Inscreva-se<\/div>\n\t\t\t\t<span id=\"divSpiner\" class=\"loader\" role=\"status\" style=\"display: none;\"><\/span>\t\n\t\t\t<\/button>\n\t\t<\/div><!-- \/campos -->\n\t\t\n\t\t<label class=\"container_checkbox\">Voc\u00ea concorda com a nossa\n\t\t\t<a class=\"politics_privacy_ahref\" target=\"_blank\" href=\"https:\/\/gratis.estrategiaconcursos.com.br\/politica-de-privacidade\/\">Pol\u00edtica de Privacidade<\/a> e aceita receber informa\u00e7\u00f5es adicionais do Estrat\u00e9gia Educacional.\n\t\t\t<input id=\"checkbox_layout\" type=\"checkbox\" checked=\"checked\" required \/>\n\t\t\t<span class=\"checkbox\"><\/span>\n\t\t<\/label>\n\t\t<div id=\"msg\"><\/div>\n\t\t<div id=\"error\" class=\"error\">\n\t\t<\/div>\n\t<\/form>\n<\/div><!-- \/new-form -->\n\n\n\n<\/p><p>O Portal Estrat&eacute;gia Vestibulares fez uma lista com <strong>7 filmes sobre moda<\/strong> que podem ser vistos por v&aacute;rios motivos, seja pela genialidade de estilistas, hist&oacute;rias de consumismo, import&acirc;ncia do assunto e por ser um cl&aacute;ssico do cinema. Confira!<\/p><div id=\"ez-toc-container\" class=\"ez-toc-v2_0_76 counter-hierarchy ez-toc-counter ez-toc-transparent ez-toc-container-direction\">\n<div class=\"ez-toc-title-container\"><p class=\"ez-toc-title\" style=\"cursor:inherit\">Navegue pelo conte\u00fado<\/p>\n<\/div><nav><ul class='ez-toc-list ez-toc-list-level-1 ' ><li class='ez-toc-page-1 ez-toc-heading-level-2'><a class=\"ez-toc-link ez-toc-heading-1\" href=\"https:\/\/vestibulares.estrategia.com\/portal\/materias\/redacao\/7-filmes-sobre-moda-para-usar-como-repertorio-sociocultural-na-redacao\/#O-Diabo-Veste-Prada-2006\" >O Diabo Veste Prada (2006)<\/a><\/li><li class='ez-toc-page-1 ez-toc-heading-level-2'><a class=\"ez-toc-link ez-toc-heading-2\" href=\"https:\/\/vestibulares.estrategia.com\/portal\/materias\/redacao\/7-filmes-sobre-moda-para-usar-como-repertorio-sociocultural-na-redacao\/#Os-Delirios-de-Consumo-de-Becky-Bloom-2009\" >Os Del&iacute;rios de Consumo de Becky Bloom (2009)<\/a><\/li><li class='ez-toc-page-1 ez-toc-heading-level-2'><a class=\"ez-toc-link ez-toc-heading-3\" href=\"https:\/\/vestibulares.estrategia.com\/portal\/materias\/redacao\/7-filmes-sobre-moda-para-usar-como-repertorio-sociocultural-na-redacao\/#Coco-Antes-de-Chanel-2008\" >Coco Antes de Chanel (2008)<\/a><\/li><li class='ez-toc-page-1 ez-toc-heading-level-2'><a class=\"ez-toc-link ez-toc-heading-4\" href=\"https:\/\/vestibulares.estrategia.com\/portal\/materias\/redacao\/7-filmes-sobre-moda-para-usar-como-repertorio-sociocultural-na-redacao\/#Pronto-a-Vestir-1994\" >Pronto a Vestir (1994)<\/a><\/li><li class='ez-toc-page-1 ez-toc-heading-level-2'><a class=\"ez-toc-link ez-toc-heading-5\" href=\"https:\/\/vestibulares.estrategia.com\/portal\/materias\/redacao\/7-filmes-sobre-moda-para-usar-como-repertorio-sociocultural-na-redacao\/#Bonequinha-de-Luxo-1961\" >Bonequinha de Luxo (1961)&nbsp;<\/a><\/li><li class='ez-toc-page-1 ez-toc-heading-level-2'><a class=\"ez-toc-link ez-toc-heading-6\" href=\"https:\/\/vestibulares.estrategia.com\/portal\/materias\/redacao\/7-filmes-sobre-moda-para-usar-como-repertorio-sociocultural-na-redacao\/#A-Vinganca-Esta-na-Moda-2016\" >A Vingan&ccedil;a Est&aacute; na Moda (2016)<\/a><\/li><li class='ez-toc-page-1 ez-toc-heading-level-2'><a class=\"ez-toc-link ez-toc-heading-7\" href=\"https:\/\/vestibulares.estrategia.com\/portal\/materias\/redacao\/7-filmes-sobre-moda-para-usar-como-repertorio-sociocultural-na-redacao\/#Cruella-2021\" >Cruella (2021)<\/a><\/li><li class='ez-toc-page-1 ez-toc-heading-level-2'><a class=\"ez-toc-link ez-toc-heading-8\" href=\"https:\/\/vestibulares.estrategia.com\/portal\/materias\/redacao\/7-filmes-sobre-moda-para-usar-como-repertorio-sociocultural-na-redacao\/#Yves-Saint-Laurent-2014\" >Yves Saint Laurent (2014)<\/a><\/li><li class='ez-toc-page-1 ez-toc-heading-level-2'><a class=\"ez-toc-link ez-toc-heading-9\" href=\"https:\/\/vestibulares.estrategia.com\/portal\/materias\/redacao\/7-filmes-sobre-moda-para-usar-como-repertorio-sociocultural-na-redacao\/#Seja-mais-um-aprovado-no-vestibular-com-o-apoio-do-Estrategia\" >Seja mais um aprovado no vestibular com o apoio do Estrat&eacute;gia<\/a><\/li><\/ul><\/nav><\/div>\n<h2 class=\"wp-block-heading\" id=\"h-o-diabo-veste-prada-2006\"><span class=\"ez-toc-section\" id=\"O-Diabo-Veste-Prada-2006\"><\/span>O Diabo Veste Prada (2006)<span class=\"ez-toc-section-end\"><\/span><\/h2><p>Com Meryl Streep e Anne Hathaway no elenco, &ldquo;O Diabo Veste Prada&rdquo; conta a hist&oacute;ria de uma jornalista rec&eacute;m-formada que critica a superficialidade do mundo da moda, mas consegue um emprego &ldquo;dos sonhos&rdquo; para muitas pessoas que amam essa ind&uacute;stria.<\/p><p>O emprego consiste em ser assistente pessoal da editora-chefe de uma das maiores revistas de moda do mundo. Sua chefe &eacute; arrogante, exploradora, r&iacute;gida e, acima de tudo, exigente. A rela&ccedil;&atilde;o de Andy (Anne Hathaway), a assistente, entre aquele mundo e sua resist&ecirc;ncia inicial, suas intera&ccedil;&otilde;es com sua chefe e seus aprendizados s&atilde;o explorados com leveza e drama.<\/p><figure class=\"wp-block-embed is-type-video is-provider-youtube wp-block-embed-youtube wp-embed-aspect-16-9 wp-has-aspect-ratio\"><div class=\"wp-block-embed__wrapper\">\n<div class=\"cs-embed cs-embed-responsive\"><iframe title=\"O DIABO VESTE PRADA\" width=\"1200\" height=\"675\" src=\"https:\/\/www.youtube.com\/embed\/2A0xhJ7RcCs?feature=oembed\" frameborder=\"0\" allow=\"accelerometer; autoplay; clipboard-write; encrypted-media; gyroscope; picture-in-picture; web-share\" allowfullscreen><\/iframe><\/div>\n<\/div><\/figure><h2 class=\"wp-block-heading\" id=\"h-os-delirios-de-consumo-de-becky-bloom-2009\"><span class=\"ez-toc-section\" id=\"Os-Delirios-de-Consumo-de-Becky-Bloom-2009\"><\/span>Os Del&iacute;rios de Consumo de Becky Bloom (2009)<span class=\"ez-toc-section-end\"><\/span><\/h2><p>Inspirado em livro hom&ocirc;nimo de Sophie Kinsella, &ldquo;Os Del&iacute;rios de Consumo de Becky Bloom&rdquo; conta a hist&oacute;ria de uma jornalista financeira que ensina as pessoas a administrar seus gastos e contas, enquanto aos finais de semana se mostra uma consumista compulsiva, at&eacute; chegar a fal&ecirc;ncia.<\/p><p>Ao contr&aacute;rio do que &eacute; visto em &ldquo;O Diabo Veste Prada&rdquo;, o sonho de Becky (Isla Fisher) &eacute; ingressar na editoria de moda da mesma editora em que trabalha dando dicas financeiras. Ao longo do filme, por&eacute;m, ela repensa suas escolhas e ambi&ccedil;&otilde;es pessoais.<\/p><figure class=\"wp-block-embed is-type-video is-provider-youtube wp-block-embed-youtube wp-embed-aspect-16-9 wp-has-aspect-ratio\"><div class=\"wp-block-embed__wrapper\">\n<div class=\"cs-embed cs-embed-responsive\"><iframe title=\"Os Del&iacute;rios de Consumo de Becky Bloom Trailer\" width=\"1200\" height=\"675\" src=\"https:\/\/www.youtube.com\/embed\/LjQ7hMbfEDw?feature=oembed\" frameborder=\"0\" allow=\"accelerometer; autoplay; clipboard-write; encrypted-media; gyroscope; picture-in-picture; web-share\" allowfullscreen><\/iframe><\/div>\n<\/div><\/figure><h2 class=\"wp-block-heading\" id=\"h-coco-antes-de-chanel-2008\"><span class=\"ez-toc-section\" id=\"Coco-Antes-de-Chanel-2008\"><\/span>Coco Antes de Chanel (2008)<span class=\"ez-toc-section-end\"><\/span><\/h2><p>Gabrielle (Audrey Tautou) &eacute; deixada com sua irm&atilde; em um orfanato e, quando adulta, passa a trabalhar como cantora de cabar&eacute; e costureira em uma pequena cidade pr&oacute;xima de Paris. A hist&oacute;ria autobiogr&aacute;fica mostra, portanto, como essa &oacute;rf&atilde; se torna Coco Chanel, um dos maiores &iacute;cones da moda e cultura do s&eacute;culo XX.<\/p><p>Mas, como o pr&oacute;prio nome do filme indica, o foco da hist&oacute;ria &eacute; mostrar a vida de Coco antes de seu estrelato: inf&acirc;ncia, jornada dupla e romances s&atilde;o explorados e deixam de fora a personalidade forte e presente em seu auge.<\/p><figure class=\"wp-block-embed is-type-video is-provider-youtube wp-block-embed-youtube wp-embed-aspect-16-9 wp-has-aspect-ratio\"><div class=\"wp-block-embed__wrapper\">\n<div class=\"cs-embed cs-embed-responsive\"><iframe title=\"Coco Antes de Chanel - Trailer (legendado)\" width=\"1200\" height=\"675\" src=\"https:\/\/www.youtube.com\/embed\/ctgyhLwoQ5c?feature=oembed\" frameborder=\"0\" allow=\"accelerometer; autoplay; clipboard-write; encrypted-media; gyroscope; picture-in-picture; web-share\" allowfullscreen><\/iframe><\/div>\n<\/div><\/figure><h2 class=\"wp-block-heading\" id=\"h-pronto-a-vestir-1994\"><span class=\"ez-toc-section\" id=\"Pronto-a-Vestir-1994\"><\/span>Pronto a Vestir (1994)<span class=\"ez-toc-section-end\"><\/span><\/h2><p>Um assassinato assombra o desfile de moda mais importante do mundo. Todos na trama passam a ser suspeitos, formando um cen&aacute;rio de detetive enquanto o clima de com&eacute;dia sat&iacute;rica ganha forma na tela, criticando justamente o mundo da moda.<\/p><p>O filme foi gravado enquanto acontecia a Paris Fashion Week e usa imagens reais dos desfiles para ilustrar algumas cenas. Na trama de &ldquo;Pronto a Vestir&rdquo;, tr&ecirc;s editores de revistas rivais passam a disputar um furo de moda, enquanto jornalistas buscam desvendar o mist&eacute;rio do assassinato.<\/p><figure class=\"wp-block-embed is-type-video is-provider-youtube wp-block-embed-youtube wp-embed-aspect-16-9 wp-has-aspect-ratio\"><div class=\"wp-block-embed__wrapper\">\n<div class=\"cs-embed cs-embed-responsive\"><iframe title=\"Ready to Wear | Official Trailer (HD) - Julia Roberts, Sophia Loren | MIRAMAX\" width=\"1200\" height=\"675\" src=\"https:\/\/www.youtube.com\/embed\/Gde4HXaXMBg?feature=oembed\" frameborder=\"0\" allow=\"accelerometer; autoplay; clipboard-write; encrypted-media; gyroscope; picture-in-picture; web-share\" allowfullscreen><\/iframe><\/div>\n<\/div><\/figure><h2 class=\"wp-block-heading\" id=\"h-bonequinha-de-luxo-1961\"><span class=\"ez-toc-section\" id=\"Bonequinha-de-Luxo-1961\"><\/span>Bonequinha de Luxo (1961)&nbsp;<span class=\"ez-toc-section-end\"><\/span><\/h2><p>Com Audrey Hepburn no papel de Holly Golightly, &ldquo;Bonequinha de Luxo&rdquo; conta a hist&oacute;ria de uma garota de programa obstinada a se casar com um milion&aacute;rio que a sustente em uma vida de luxos e futilidades.&nbsp;<\/p><p>Mas o plano come&ccedil;a a ruir quando Holly se apaixona por um escritor amador, que &eacute; seu vizinho. O filme &eacute; baseado na obra hom&ocirc;nima do grande escritor Truman Capote e venceu dois Oscars (melhor trilha sonora e melhor can&ccedil;&atilde;o original) de quatro indica&ccedil;&otilde;es.<\/p><figure class=\"wp-block-embed is-type-video is-provider-youtube wp-block-embed-youtube wp-embed-aspect-16-9 wp-has-aspect-ratio\"><div class=\"wp-block-embed__wrapper\">\n<div class=\"cs-embed cs-embed-responsive\"><iframe title=\"Bonequinha de Luxo | 1961 l Trailer Dublado\" width=\"1200\" height=\"675\" src=\"https:\/\/www.youtube.com\/embed\/mTSJM-PPmDs?feature=oembed\" frameborder=\"0\" allow=\"accelerometer; autoplay; clipboard-write; encrypted-media; gyroscope; picture-in-picture; web-share\" allowfullscreen><\/iframe><\/div>\n<\/div><\/figure><h2 class=\"wp-block-heading\" id=\"h-a-vinganca-esta-na-moda-2016\"><span class=\"ez-toc-section\" id=\"A-Vinganca-Esta-na-Moda-2016\"><\/span>A Vingan&ccedil;a Est&aacute; na Moda (2016)<span class=\"ez-toc-section-end\"><\/span><\/h2><p>Myrtle &lsquo;Tilly&rsquo; Dunnage (Kate Winslet) volta a sua cidade natal no interior da Austr&aacute;lia ap&oacute;s ter seu trabalho como costureira reconhecido em Paris. Mas o local n&atilde;o lhe traz boas recorda&ccedil;&otilde;es por ter sido expulsa da cidade ainda pequena, acusada de causar um acidente que matou um menino.<\/p><p>Tilly retorna, portanto, com um mix de sentimentos, como vingan&ccedil;a e orgulho, para atacar a todos que, no passado, conspiraram contra ela. Ao longo do filme, a personagem transforma a vida de v&aacute;rias mulheres do vilarejo justamente pela moda, enquanto executa seus planos.<\/p><figure class=\"wp-block-embed is-type-video is-provider-youtube wp-block-embed-youtube wp-embed-aspect-16-9 wp-has-aspect-ratio\"><div class=\"wp-block-embed__wrapper\">\n<div class=\"cs-embed cs-embed-responsive\"><iframe title=\"A Vinganc&#807;a Esta&#769; na Moda   Trailer Oficial\" width=\"1200\" height=\"675\" src=\"https:\/\/www.youtube.com\/embed\/n5K4LSViFds?feature=oembed\" frameborder=\"0\" allow=\"accelerometer; autoplay; clipboard-write; encrypted-media; gyroscope; picture-in-picture; web-share\" allowfullscreen><\/iframe><\/div>\n<\/div><\/figure><h2 class=\"wp-block-heading\" id=\"h-cruella-2021\"><span class=\"ez-toc-section\" id=\"Cruella-2021\"><\/span>Cruella (2021)<span class=\"ez-toc-section-end\"><\/span><\/h2><p>Emma Stone &eacute; Estella, uma jovem criativa e determinada que quer chamar a aten&ccedil;&atilde;o com seus desenhos e modelitos ousados. Ao longo da trama ela chama a aten&ccedil;&atilde;o da Baronesa Von Hellman (Emma Thompson), que ascende a estilista at&eacute; que ela se torne Cruella, uma mulher fria e que se torna obcecada por filhotes de c&atilde;es, com o intuito de produzir casacos com as peles dos animais.<\/p><p>&ldquo;Cruella&rdquo; se passa na Londres dos anos 70, rebelde e punk, e isso d&aacute; o tom da moda do momento, composta tamb&eacute;m com trilha sonora de impacto. O filme tem sequ&ecirc;ncia confirmada para os pr&oacute;ximos anos.<\/p><figure class=\"wp-block-embed is-type-video is-provider-youtube wp-block-embed-youtube wp-embed-aspect-16-9 wp-has-aspect-ratio\"><div class=\"wp-block-embed__wrapper\">\n<div class=\"cs-embed cs-embed-responsive\"><iframe title=\"Cruella | Trailer Legendado\" width=\"1200\" height=\"675\" src=\"https:\/\/www.youtube.com\/embed\/ndDeNIOgsYo?feature=oembed\" frameborder=\"0\" allow=\"accelerometer; autoplay; clipboard-write; encrypted-media; gyroscope; picture-in-picture; web-share\" allowfullscreen><\/iframe><\/div>\n<\/div><\/figure><h2 class=\"wp-block-heading\" id=\"h-yves-saint-laurent-2014\"><span class=\"ez-toc-section\" id=\"Yves-Saint-Laurent-2014\"><\/span>Yves Saint Laurent (2014)<span class=\"ez-toc-section-end\"><\/span><\/h2><p>Yves Saint Laurent &eacute; convocado para cuidar do futuro da marca Dior, ap&oacute;s a morte de seu fundador, com apenas 21 anos. Ap&oacute;s seu primeiro desfile pela marca, o jovem conhece Pierre Berg&eacute;, com quem desenvolve um relacionamento amoroso e o desejo de fundar sua pr&oacute;pria marca, que leva seu nome.<\/p><p>A figura brilhante de Saint Laurent &eacute; mostrada no filme em cenas que exp&otilde;em seus altos e baixos, seja pelo perfeccionismo, pela depress&atilde;o e pela criatividade. O estilista, mesmo com suas obsess&otilde;es, revoluciona a moda com abordagem iconoclasta, moderna e ousada.<\/p><figure class=\"wp-block-embed is-type-video is-provider-youtube wp-block-embed-youtube wp-embed-aspect-16-9 wp-has-aspect-ratio\"><div class=\"wp-block-embed__wrapper\">\n<div class=\"cs-embed cs-embed-responsive\"><iframe title=\"Yves Saint Laurent - Trailer oficial legendado\" width=\"1200\" height=\"675\" src=\"https:\/\/www.youtube.com\/embed\/ub5c5NiY2B0?feature=oembed\" frameborder=\"0\" allow=\"accelerometer; autoplay; clipboard-write; encrypted-media; gyroscope; picture-in-picture; web-share\" allowfullscreen><\/iframe><\/div>\n<\/div><\/figure><h2 class=\"wp-block-heading\" id=\"h-seja-mais-um-aprovado-no-vestibular-com-o-apoio-do-estrategia\"><span class=\"ez-toc-section\" id=\"Seja-mais-um-aprovado-no-vestibular-com-o-apoio-do-Estrategia\"><\/span>Seja mais um aprovado no vestibular com o apoio do Estrat&eacute;gia<span class=\"ez-toc-section-end\"><\/span><\/h2><p>O Estrat&eacute;gia Vestibulares quer que voc&ecirc; conquiste sua aprova&ccedil;&atilde;o na universidade dos seus sonhos. E, para isso, traz cursos completos, com diferenciais exclusivos e inovadores, mentoria personalizada, Banco de Quest&otilde;es e muito mais. Confira agora mesmo!<\/p><p>\n\n\n\n<a id=\"cta\" class=\"cta-imagem\" href=\"https:\/\/vestibulares.estrategia.com\/cursos\/\" target=\"blank\">\n                <img decoding=\"async\" width=\"100%\" src=\"https:\/\/vestibulares.estrategia.com\/portal\/wp-content\/uploads\/2021\/12\/EV1.jpg\" alt=\"CTA - Estrat\u00e9gia Vestibulares 1\" title=\"CTA - Estrat\u00e9gia Vestibulares 1\">\n        <\/a>\n\n\n\n\n<\/p><\/p>\n","protected":false},"excerpt":{"rendered":"Preparamos uma lista com 7 filmes sobre moda para voc\u00ea conhecer mais sobre esse universo com produ\u00e7\u00f5es cinematogr\u00e1ficas que abordam o assunto\n","protected":false},"author":43,"featured_media":86686,"comment_status":"closed","ping_status":"closed","sticky":false,"template":"","format":"standard","meta":{"wl_entities_gutenberg":"","footnotes":""},"categories":[2],"tags":[],"wl_entity_type":[732],"class_list":{"0":"post-86679","1":"post","2":"type-post","3":"status-publish","4":"format-standard","5":"has-post-thumbnail","7":"category-redacao","8":"wl_entity_type-article"},"acf":[],"yoast_head":"<!-- This site is optimized with the Yoast SEO Premium plugin v25.9 (Yoast SEO v25.9) - https:\/\/yoast.com\/wordpress\/plugins\/seo\/ -->\n<title>7 filmes sobre moda para usar como repert\u00f3rio sociocultural na reda\u00e7\u00e3o<\/title>\n<meta name=\"description\" content=\"confira a lista com 7 filmes sobre moda e conhe\u00e7a mais sobre esse universo com produ\u00e7\u00f5es cinematogr\u00e1ficas que abordam o assunto.\" \/>\n<meta name=\"robots\" content=\"index, follow, max-snippet:-1, max-image-preview:large, max-video-preview:-1\" \/>\n<link rel=\"canonical\" href=\"https:\/\/vestibulares.estrategia.com\/portal\/materias\/redacao\/7-filmes-sobre-moda-para-usar-como-repertorio-sociocultural-na-redacao\/\" \/>\n<meta property=\"og:locale\" content=\"pt_BR\" \/>\n<meta property=\"og:type\" content=\"article\" \/>\n<meta property=\"og:title\" content=\"7 filmes sobre moda para usar como repert\u00f3rio sociocultural na reda\u00e7\u00e3o\" \/>\n<meta property=\"og:description\" content=\"confira a lista com 7 filmes sobre moda e conhe\u00e7a mais sobre esse universo com produ\u00e7\u00f5es cinematogr\u00e1ficas que abordam o assunto.\" \/>\n<meta property=\"og:url\" content=\"https:\/\/vestibulares.estrategia.com\/portal\/materias\/redacao\/7-filmes-sobre-moda-para-usar-como-repertorio-sociocultural-na-redacao\/\" \/>\n<meta property=\"og:site_name\" content=\"Estrat\u00e9gia Vestibulares\" \/>\n<meta property=\"article:publisher\" content=\"https:\/\/facebook.com\/estrategiavestibulares\" \/>\n<meta property=\"article:published_time\" content=\"2023-01-23T19:24:20+00:00\" \/>\n<meta property=\"article:modified_time\" content=\"2023-07-28T17:48:58+00:00\" \/>\n<meta property=\"og:image\" content=\"https:\/\/cdn.blog.estrategiavestibulares.com.br\/vestibulares\/wp-content\/uploads\/2023\/01\/catwalk-1840941_1280-1.jpg\" \/>\n\t<meta property=\"og:image:width\" content=\"1280\" \/>\n\t<meta property=\"og:image:height\" content=\"853\" \/>\n\t<meta property=\"og:image:type\" content=\"image\/jpeg\" \/>\n<meta name=\"author\" content=\"Leonardo Del Sant\" \/>\n<meta name=\"twitter:card\" content=\"summary_large_image\" \/>\n<meta name=\"twitter:creator\" content=\"@Estrategiavest\" \/>\n<meta name=\"twitter:site\" content=\"@Estrategiavest\" \/>\n<meta name=\"twitter:label1\" content=\"Escrito por\" \/>\n\t<meta name=\"twitter:data1\" content=\"Leonardo Del Sant\" \/>\n\t<meta name=\"twitter:label2\" content=\"Est. tempo de leitura\" \/>\n\t<meta name=\"twitter:data2\" content=\"5 minutos\" \/>\n<script type=\"application\/ld+json\" class=\"yoast-schema-graph\">{\"@context\":\"https:\/\/schema.org\",\"@graph\":[{\"@type\":\"Article\",\"@id\":\"https:\/\/vestibulares.estrategia.com\/portal\/materias\/redacao\/7-filmes-sobre-moda-para-usar-como-repertorio-sociocultural-na-redacao\/#article\",\"isPartOf\":{\"@id\":\"https:\/\/vestibulares.estrategia.com\/portal\/materias\/redacao\/7-filmes-sobre-moda-para-usar-como-repertorio-sociocultural-na-redacao\/\"},\"author\":{\"name\":\"Leonardo Del Sant\",\"@id\":\"https:\/\/vestibulares.estrategia.com\/portal\/#\/schema\/person\/95532619fccae669187ec84703047908\"},\"headline\":\"7 filmes sobre moda para usar como repert\u00f3rio sociocultural na reda\u00e7\u00e3o\",\"datePublished\":\"2023-01-23T19:24:20+00:00\",\"dateModified\":\"2023-07-28T17:48:58+00:00\",\"mainEntityOfPage\":{\"@id\":\"https:\/\/vestibulares.estrategia.com\/portal\/materias\/redacao\/7-filmes-sobre-moda-para-usar-como-repertorio-sociocultural-na-redacao\/\"},\"wordCount\":1031,\"publisher\":{\"@id\":\"https:\/\/vestibulares.estrategia.com\/portal\/#organization\"},\"image\":{\"@id\":\"https:\/\/vestibulares.estrategia.com\/portal\/materias\/redacao\/7-filmes-sobre-moda-para-usar-como-repertorio-sociocultural-na-redacao\/#primaryimage\"},\"thumbnailUrl\":\"https:\/\/vestibulares.estrategia.com\/portal\/wp-content\/uploads\/2023\/01\/catwalk-1840941_1280-1.jpg\",\"articleSection\":[\"Reda\u00e7\u00e3o\"],\"inLanguage\":\"pt-BR\"},{\"@type\":\"WebPage\",\"@id\":\"https:\/\/vestibulares.estrategia.com\/portal\/materias\/redacao\/7-filmes-sobre-moda-para-usar-como-repertorio-sociocultural-na-redacao\/\",\"url\":\"https:\/\/vestibulares.estrategia.com\/portal\/materias\/redacao\/7-filmes-sobre-moda-para-usar-como-repertorio-sociocultural-na-redacao\/\",\"name\":\"7 filmes sobre moda para usar como repert\u00f3rio sociocultural na reda\u00e7\u00e3o\",\"isPartOf\":{\"@id\":\"https:\/\/vestibulares.estrategia.com\/portal\/#website\"},\"primaryImageOfPage\":{\"@id\":\"https:\/\/vestibulares.estrategia.com\/portal\/materias\/redacao\/7-filmes-sobre-moda-para-usar-como-repertorio-sociocultural-na-redacao\/#primaryimage\"},\"image\":{\"@id\":\"https:\/\/vestibulares.estrategia.com\/portal\/materias\/redacao\/7-filmes-sobre-moda-para-usar-como-repertorio-sociocultural-na-redacao\/#primaryimage\"},\"thumbnailUrl\":\"https:\/\/vestibulares.estrategia.com\/portal\/wp-content\/uploads\/2023\/01\/catwalk-1840941_1280-1.jpg\",\"datePublished\":\"2023-01-23T19:24:20+00:00\",\"dateModified\":\"2023-07-28T17:48:58+00:00\",\"description\":\"confira a lista com 7 filmes sobre moda e conhe\u00e7a mais sobre esse universo com produ\u00e7\u00f5es cinematogr\u00e1ficas que abordam o assunto.\",\"breadcrumb\":{\"@id\":\"https:\/\/vestibulares.estrategia.com\/portal\/materias\/redacao\/7-filmes-sobre-moda-para-usar-como-repertorio-sociocultural-na-redacao\/#breadcrumb\"},\"inLanguage\":\"pt-BR\",\"potentialAction\":[{\"@type\":\"ReadAction\",\"target\":[\"https:\/\/vestibulares.estrategia.com\/portal\/materias\/redacao\/7-filmes-sobre-moda-para-usar-como-repertorio-sociocultural-na-redacao\/\"]}]},{\"@type\":\"ImageObject\",\"inLanguage\":\"pt-BR\",\"@id\":\"https:\/\/vestibulares.estrategia.com\/portal\/materias\/redacao\/7-filmes-sobre-moda-para-usar-como-repertorio-sociocultural-na-redacao\/#primaryimage\",\"url\":\"https:\/\/vestibulares.estrategia.com\/portal\/wp-content\/uploads\/2023\/01\/catwalk-1840941_1280-1.jpg\",\"contentUrl\":\"https:\/\/vestibulares.estrategia.com\/portal\/wp-content\/uploads\/2023\/01\/catwalk-1840941_1280-1.jpg\",\"width\":1280,\"height\":853,\"caption\":\"filmes-sobre-moda\"},{\"@type\":\"BreadcrumbList\",\"@id\":\"https:\/\/vestibulares.estrategia.com\/portal\/materias\/redacao\/7-filmes-sobre-moda-para-usar-como-repertorio-sociocultural-na-redacao\/#breadcrumb\",\"itemListElement\":[{\"@type\":\"ListItem\",\"position\":1,\"name\":\"Home\",\"item\":\"https:\/\/vestibulares.estrategia.com\/portal\/\"},{\"@type\":\"ListItem\",\"position\":2,\"name\":\"Mat\u00e9rias\",\"item\":\"https:\/\/vestibulares.estrategia.com\/portal\/materias\/\"},{\"@type\":\"ListItem\",\"position\":3,\"name\":\"Reda\u00e7\u00e3o\",\"item\":\"https:\/\/vestibulares.estrategia.com\/portal\/materias\/redacao\/\"},{\"@type\":\"ListItem\",\"position\":4,\"name\":\"7 filmes sobre moda para usar como repert\u00f3rio sociocultural na reda\u00e7\u00e3o\"}]},{\"@type\":\"WebSite\",\"@id\":\"https:\/\/vestibulares.estrategia.com\/portal\/#website\",\"url\":\"https:\/\/vestibulares.estrategia.com\/portal\/\",\"name\":\"Estrat\u00e9gia Vestibulares\",\"description\":\"\",\"publisher\":{\"@id\":\"https:\/\/vestibulares.estrategia.com\/portal\/#organization\"},\"potentialAction\":[{\"@type\":\"SearchAction\",\"target\":{\"@type\":\"EntryPoint\",\"urlTemplate\":\"https:\/\/vestibulares.estrategia.com\/portal\/?s={search_term_string}\"},\"query-input\":{\"@type\":\"PropertyValueSpecification\",\"valueRequired\":true,\"valueName\":\"search_term_string\"}}],\"inLanguage\":\"pt-BR\"},{\"@type\":\"Organization\",\"@id\":\"https:\/\/vestibulares.estrategia.com\/portal\/#organization\",\"name\":\"Estrat\u00e9gia Vestibulares\",\"url\":\"https:\/\/vestibulares.estrategia.com\/portal\/\",\"logo\":{\"@type\":\"ImageObject\",\"inLanguage\":\"pt-BR\",\"@id\":\"https:\/\/vestibulares.estrategia.com\/portal\/#\/schema\/logo\/image\/\",\"url\":\"https:\/\/vestibulares.estrategia.com\/portal\/wp-content\/uploads\/2021\/06\/Logo-Vestibulares@4x.png\",\"contentUrl\":\"https:\/\/vestibulares.estrategia.com\/portal\/wp-content\/uploads\/2021\/06\/Logo-Vestibulares@4x.png\",\"width\":250,\"height\":66,\"caption\":\"Estrat\u00e9gia Vestibulares\"},\"image\":{\"@id\":\"https:\/\/vestibulares.estrategia.com\/portal\/#\/schema\/logo\/image\/\"},\"sameAs\":[\"https:\/\/facebook.com\/estrategiavestibulares\",\"https:\/\/x.com\/Estrategiavest\",\"https:\/\/www.instagram.com\/estrategiavestibulares\",\"https:\/\/www.youtube.com\/channel\/UCGWdZy8ULI-7_5GrABa4vNA\"]},{\"@type\":\"Person\",\"@id\":\"https:\/\/vestibulares.estrategia.com\/portal\/#\/schema\/person\/95532619fccae669187ec84703047908\",\"name\":\"Leonardo Del Sant\",\"image\":{\"@type\":\"ImageObject\",\"inLanguage\":\"pt-BR\",\"@id\":\"https:\/\/vestibulares.estrategia.com\/portal\/#\/schema\/person\/image\/\",\"url\":\"https:\/\/vestibulares.estrategia.com\/portal\/wp-content\/uploads\/2026\/02\/1000082484-150x150.jpeg\",\"contentUrl\":\"https:\/\/vestibulares.estrategia.com\/portal\/wp-content\/uploads\/2026\/02\/1000082484-150x150.jpeg\",\"caption\":\"Leonardo Del Sant\"},\"description\":\"Coordenador de Jornalismo do Estrat\u00e9gia Vestibulares. Trabalhou com escrita para SEO em sites das \u00e1reas de economia, varejo, sa\u00fade, tecnologia e alimenta\u00e7\u00e3o. Formado em jornalismo pela Unesp\/Bauru.\",\"url\":\"https:\/\/vestibulares.estrategia.com\/portal\/author\/leonardo-del-sant\/\"}]}<\/script>\n<!-- \/ Yoast SEO Premium plugin. -->","yoast_head_json":{"title":"7 filmes sobre moda para usar como repert\u00f3rio sociocultural na reda\u00e7\u00e3o","description":"confira a lista com 7 filmes sobre moda e conhe\u00e7a mais sobre esse universo com produ\u00e7\u00f5es cinematogr\u00e1ficas que abordam o assunto.","robots":{"index":"index","follow":"follow","max-snippet":"max-snippet:-1","max-image-preview":"max-image-preview:large","max-video-preview":"max-video-preview:-1"},"canonical":"https:\/\/vestibulares.estrategia.com\/portal\/materias\/redacao\/7-filmes-sobre-moda-para-usar-como-repertorio-sociocultural-na-redacao\/","og_locale":"pt_BR","og_type":"article","og_title":"7 filmes sobre moda para usar como repert\u00f3rio sociocultural na reda\u00e7\u00e3o","og_description":"confira a lista com 7 filmes sobre moda e conhe\u00e7a mais sobre esse universo com produ\u00e7\u00f5es cinematogr\u00e1ficas que abordam o assunto.","og_url":"https:\/\/vestibulares.estrategia.com\/portal\/materias\/redacao\/7-filmes-sobre-moda-para-usar-como-repertorio-sociocultural-na-redacao\/","og_site_name":"Estrat\u00e9gia Vestibulares","article_publisher":"https:\/\/facebook.com\/estrategiavestibulares","article_published_time":"2023-01-23T19:24:20+00:00","article_modified_time":"2023-07-28T17:48:58+00:00","og_image":[{"width":1280,"height":853,"url":"https:\/\/cdn.blog.estrategiavestibulares.com.br\/vestibulares\/wp-content\/uploads\/2023\/01\/catwalk-1840941_1280-1.jpg","type":"image\/jpeg"}],"author":"Leonardo Del Sant","twitter_card":"summary_large_image","twitter_creator":"@Estrategiavest","twitter_site":"@Estrategiavest","twitter_misc":{"Escrito por":"Leonardo Del Sant","Est. tempo de leitura":"5 minutos"},"schema":{"@context":"https:\/\/schema.org","@graph":[{"@type":"Article","@id":"https:\/\/vestibulares.estrategia.com\/portal\/materias\/redacao\/7-filmes-sobre-moda-para-usar-como-repertorio-sociocultural-na-redacao\/#article","isPartOf":{"@id":"https:\/\/vestibulares.estrategia.com\/portal\/materias\/redacao\/7-filmes-sobre-moda-para-usar-como-repertorio-sociocultural-na-redacao\/"},"author":{"name":"Leonardo Del Sant","@id":"https:\/\/vestibulares.estrategia.com\/portal\/#\/schema\/person\/95532619fccae669187ec84703047908"},"headline":"7 filmes sobre moda para usar como repert\u00f3rio sociocultural na reda\u00e7\u00e3o","datePublished":"2023-01-23T19:24:20+00:00","dateModified":"2023-07-28T17:48:58+00:00","mainEntityOfPage":{"@id":"https:\/\/vestibulares.estrategia.com\/portal\/materias\/redacao\/7-filmes-sobre-moda-para-usar-como-repertorio-sociocultural-na-redacao\/"},"wordCount":1031,"publisher":{"@id":"https:\/\/vestibulares.estrategia.com\/portal\/#organization"},"image":{"@id":"https:\/\/vestibulares.estrategia.com\/portal\/materias\/redacao\/7-filmes-sobre-moda-para-usar-como-repertorio-sociocultural-na-redacao\/#primaryimage"},"thumbnailUrl":"https:\/\/vestibulares.estrategia.com\/portal\/wp-content\/uploads\/2023\/01\/catwalk-1840941_1280-1.jpg","articleSection":["Reda\u00e7\u00e3o"],"inLanguage":"pt-BR"},{"@type":"WebPage","@id":"https:\/\/vestibulares.estrategia.com\/portal\/materias\/redacao\/7-filmes-sobre-moda-para-usar-como-repertorio-sociocultural-na-redacao\/","url":"https:\/\/vestibulares.estrategia.com\/portal\/materias\/redacao\/7-filmes-sobre-moda-para-usar-como-repertorio-sociocultural-na-redacao\/","name":"7 filmes sobre moda para usar como repert\u00f3rio sociocultural na reda\u00e7\u00e3o","isPartOf":{"@id":"https:\/\/vestibulares.estrategia.com\/portal\/#website"},"primaryImageOfPage":{"@id":"https:\/\/vestibulares.estrategia.com\/portal\/materias\/redacao\/7-filmes-sobre-moda-para-usar-como-repertorio-sociocultural-na-redacao\/#primaryimage"},"image":{"@id":"https:\/\/vestibulares.estrategia.com\/portal\/materias\/redacao\/7-filmes-sobre-moda-para-usar-como-repertorio-sociocultural-na-redacao\/#primaryimage"},"thumbnailUrl":"https:\/\/vestibulares.estrategia.com\/portal\/wp-content\/uploads\/2023\/01\/catwalk-1840941_1280-1.jpg","datePublished":"2023-01-23T19:24:20+00:00","dateModified":"2023-07-28T17:48:58+00:00","description":"confira a lista com 7 filmes sobre moda e conhe\u00e7a mais sobre esse universo com produ\u00e7\u00f5es cinematogr\u00e1ficas que abordam o assunto.","breadcrumb":{"@id":"https:\/\/vestibulares.estrategia.com\/portal\/materias\/redacao\/7-filmes-sobre-moda-para-usar-como-repertorio-sociocultural-na-redacao\/#breadcrumb"},"inLanguage":"pt-BR","potentialAction":[{"@type":"ReadAction","target":["https:\/\/vestibulares.estrategia.com\/portal\/materias\/redacao\/7-filmes-sobre-moda-para-usar-como-repertorio-sociocultural-na-redacao\/"]}]},{"@type":"ImageObject","inLanguage":"pt-BR","@id":"https:\/\/vestibulares.estrategia.com\/portal\/materias\/redacao\/7-filmes-sobre-moda-para-usar-como-repertorio-sociocultural-na-redacao\/#primaryimage","url":"https:\/\/vestibulares.estrategia.com\/portal\/wp-content\/uploads\/2023\/01\/catwalk-1840941_1280-1.jpg","contentUrl":"https:\/\/vestibulares.estrategia.com\/portal\/wp-content\/uploads\/2023\/01\/catwalk-1840941_1280-1.jpg","width":1280,"height":853,"caption":"filmes-sobre-moda"},{"@type":"BreadcrumbList","@id":"https:\/\/vestibulares.estrategia.com\/portal\/materias\/redacao\/7-filmes-sobre-moda-para-usar-como-repertorio-sociocultural-na-redacao\/#breadcrumb","itemListElement":[{"@type":"ListItem","position":1,"name":"Home","item":"https:\/\/vestibulares.estrategia.com\/portal\/"},{"@type":"ListItem","position":2,"name":"Mat\u00e9rias","item":"https:\/\/vestibulares.estrategia.com\/portal\/materias\/"},{"@type":"ListItem","position":3,"name":"Reda\u00e7\u00e3o","item":"https:\/\/vestibulares.estrategia.com\/portal\/materias\/redacao\/"},{"@type":"ListItem","position":4,"name":"7 filmes sobre moda para usar como repert\u00f3rio sociocultural na reda\u00e7\u00e3o"}]},{"@type":"WebSite","@id":"https:\/\/vestibulares.estrategia.com\/portal\/#website","url":"https:\/\/vestibulares.estrategia.com\/portal\/","name":"Estrat\u00e9gia Vestibulares","description":"","publisher":{"@id":"https:\/\/vestibulares.estrategia.com\/portal\/#organization"},"potentialAction":[{"@type":"SearchAction","target":{"@type":"EntryPoint","urlTemplate":"https:\/\/vestibulares.estrategia.com\/portal\/?s={search_term_string}"},"query-input":{"@type":"PropertyValueSpecification","valueRequired":true,"valueName":"search_term_string"}}],"inLanguage":"pt-BR"},{"@type":"Organization","@id":"https:\/\/vestibulares.estrategia.com\/portal\/#organization","name":"Estrat\u00e9gia Vestibulares","url":"https:\/\/vestibulares.estrategia.com\/portal\/","logo":{"@type":"ImageObject","inLanguage":"pt-BR","@id":"https:\/\/vestibulares.estrategia.com\/portal\/#\/schema\/logo\/image\/","url":"https:\/\/vestibulares.estrategia.com\/portal\/wp-content\/uploads\/2021\/06\/Logo-Vestibulares@4x.png","contentUrl":"https:\/\/vestibulares.estrategia.com\/portal\/wp-content\/uploads\/2021\/06\/Logo-Vestibulares@4x.png","width":250,"height":66,"caption":"Estrat\u00e9gia Vestibulares"},"image":{"@id":"https:\/\/vestibulares.estrategia.com\/portal\/#\/schema\/logo\/image\/"},"sameAs":["https:\/\/facebook.com\/estrategiavestibulares","https:\/\/x.com\/Estrategiavest","https:\/\/www.instagram.com\/estrategiavestibulares","https:\/\/www.youtube.com\/channel\/UCGWdZy8ULI-7_5GrABa4vNA"]},{"@type":"Person","@id":"https:\/\/vestibulares.estrategia.com\/portal\/#\/schema\/person\/95532619fccae669187ec84703047908","name":"Leonardo Del Sant","image":{"@type":"ImageObject","inLanguage":"pt-BR","@id":"https:\/\/vestibulares.estrategia.com\/portal\/#\/schema\/person\/image\/","url":"https:\/\/vestibulares.estrategia.com\/portal\/wp-content\/uploads\/2026\/02\/1000082484-150x150.jpeg","contentUrl":"https:\/\/vestibulares.estrategia.com\/portal\/wp-content\/uploads\/2026\/02\/1000082484-150x150.jpeg","caption":"Leonardo Del Sant"},"description":"Coordenador de Jornalismo do Estrat\u00e9gia Vestibulares. Trabalhou com escrita para SEO em sites das \u00e1reas de economia, varejo, sa\u00fade, tecnologia e alimenta\u00e7\u00e3o. Formado em jornalismo pela Unesp\/Bauru.","url":"https:\/\/vestibulares.estrategia.com\/portal\/author\/leonardo-del-sant\/"}]}},"_wl_alt_label":[],"wl:entity_url":"https:\/\/data.wordlift.io\/wl110249\/post\/7-filmes-sobre-moda-para-usar-como-repertorio-sociocultural-na-redacao","_links":{"self":[{"href":"https:\/\/vestibulares.estrategia.com\/portal\/wp-json\/wp\/v2\/posts\/86679","targetHints":{"allow":["GET"]}}],"collection":[{"href":"https:\/\/vestibulares.estrategia.com\/portal\/wp-json\/wp\/v2\/posts"}],"about":[{"href":"https:\/\/vestibulares.estrategia.com\/portal\/wp-json\/wp\/v2\/types\/post"}],"author":[{"embeddable":true,"href":"https:\/\/vestibulares.estrategia.com\/portal\/wp-json\/wp\/v2\/users\/43"}],"replies":[{"embeddable":true,"href":"https:\/\/vestibulares.estrategia.com\/portal\/wp-json\/wp\/v2\/comments?post=86679"}],"version-history":[{"count":3,"href":"https:\/\/vestibulares.estrategia.com\/portal\/wp-json\/wp\/v2\/posts\/86679\/revisions"}],"predecessor-version":[{"id":96315,"href":"https:\/\/vestibulares.estrategia.com\/portal\/wp-json\/wp\/v2\/posts\/86679\/revisions\/96315"}],"wp:featuredmedia":[{"embeddable":true,"href":"https:\/\/vestibulares.estrategia.com\/portal\/wp-json\/wp\/v2\/media\/86686"}],"wp:attachment":[{"href":"https:\/\/vestibulares.estrategia.com\/portal\/wp-json\/wp\/v2\/media?parent=86679"}],"wp:term":[{"taxonomy":"category","embeddable":true,"href":"https:\/\/vestibulares.estrategia.com\/portal\/wp-json\/wp\/v2\/categories?post=86679"},{"taxonomy":"post_tag","embeddable":true,"href":"https:\/\/vestibulares.estrategia.com\/portal\/wp-json\/wp\/v2\/tags?post=86679"},{"taxonomy":"wl_entity_type","embeddable":true,"href":"https:\/\/vestibulares.estrategia.com\/portal\/wp-json\/wp\/v2\/wl_entity_type?post=86679"}],"curies":[{"name":"wp","href":"https:\/\/api.w.org\/{rel}","templated":true}]}}