{"id":86743,"date":"2023-01-24T19:26:38","date_gmt":"2023-01-24T22:26:38","guid":{"rendered":"https:\/\/vestibulares.estrategia.com\/portal\/?p=86743"},"modified":"2023-07-28T14:49:00","modified_gmt":"2023-07-28T17:49:00","slug":"oscar-2023-temas-principais-dos-filmes-indicados-e-como-usar-na-redacao","status":"publish","type":"post","link":"https:\/\/vestibulares.estrategia.com\/portal\/atualidades-e-dicas\/oscar-2023-temas-principais-dos-filmes-indicados-e-como-usar-na-redacao\/","title":{"rendered":"Oscar 2023: temas principais dos filmes indicados e como usar na reda\u00e7\u00e3o"},"content":{"rendered":"<p>A Academia de Hollywood anunciou nesta ter&ccedil;a-feira (24) os dez indicados ao Oscar 2023. A divulga&ccedil;&atilde;o da lista foi feita &agrave;s 10h30, hor&aacute;rio de Bras&iacute;lia, e trouxe nomes j&aacute; esperados como &ldquo;Os Fabelmans&rdquo;, &ldquo;Tudo em Todo Lugar ao Mesmo Tempo&rdquo; e &ldquo;Nada de Novo no Front&rdquo;.<p>\n\n\n\n<div id=\"new-form\">\n\t<form id=\"forms_layout\">\n\t<input type=\"hidden\" id=\"chave_de\" name=\"chave_de\" value=\"01_EVEST_LEADS_TOTAIS\" \/>\n\t\t<input type=\"hidden\" id=\"mid\" name=\"mid\" value=\"515008983\" \/>\n\t\t<input type=\"hidden\" id=\"Objetivo\" name=\"Objetivo\" value=\"Vestibulares\" \/>\n\t\t<input type=\"hidden\" id=\"Estado_de_Origem_do_IP\" name=\"Estado_de_Origem_do_IP\"  value=\"\" \/>\n\t\t<input type=\"hidden\" id=\"Cidade_de_Origem_do_IP\" name=\"Cidade_de_Origem_do_IP\" value=\"\" \/>\n\t\t<input type=\"hidden\" id=\"Modo_de_entrada\" name=\"Modo_de_entrada\" value=\"Portal\" \/>\n\t\t<input type=\"hidden\" id=\"Pagina_Origem\" name=\"Pagina_Origem\" value=\"\" \/>\n\n\t\t<div class=\"texto\">\n\t\t\t<h3 class=\"news\">Inscreva-se em nossa newsletter\ud83e\udd89<\/h3>\n\t\t\t<p>Receba dicas de estudo gratuitas e saiba em primeira m\u00e3o as novidades sobre o Enem, Sisu, Encceja, Fuvest e outros vestibulares!<\/p>\n\t\t<\/div>\n\t\t<div class=\"campos\">\n\t\t\t<div class=\"first_name labels\">\n\t\t\t\t<input type=\"text\" class=\"input_labels\" id=\"first_name\" name=\"Nome_Completo\" placeholder=\"Nome\" required \/>\n\t\t\t<\/div>\n\t\t\t<div class=\"email labels\">\n\t\t\t\t<input type=\"email\" class=\"input_labels\" id=\"email\" name=\"Email\" placeholder=\"E-mail\" required \/>\n\t\t\t<\/div>\n\t\t\t<button type=\"submit\" class=\"button_layout\">\n\t\t\t\t<div id=\"lblBotao\">Inscreva-se<\/div>\n\t\t\t\t<span id=\"divSpiner\" class=\"loader\" role=\"status\" style=\"display: none;\"><\/span>\t\n\t\t\t<\/button>\n\t\t<\/div><!-- \/campos -->\n\t\t\n\t\t<label class=\"container_checkbox\">Voc\u00ea concorda com a nossa\n\t\t\t<a class=\"politics_privacy_ahref\" target=\"_blank\" href=\"https:\/\/gratis.estrategiaconcursos.com.br\/politica-de-privacidade\/\">Pol\u00edtica de Privacidade<\/a> e aceita receber informa\u00e7\u00f5es adicionais do Estrat\u00e9gia Educacional.\n\t\t\t<input id=\"checkbox_layout\" type=\"checkbox\" checked=\"checked\" required \/>\n\t\t\t<span class=\"checkbox\"><\/span>\n\t\t<\/label>\n\t\t<div id=\"msg\"><\/div>\n\t\t<div id=\"error\" class=\"error\">\n\t\t<\/div>\n\t<\/form>\n<\/div><!-- \/new-form -->\n\n\n\n<\/p><p>A 95&ordf; cerim&ocirc;nia do Oscar acontece no dia 12 de mar&ccedil;o e ser&aacute; apresentada pelo comediante e apresentador Jimmy Kimmel. O Portal Estrat&eacute;gia Vestibulares listou os dez filmes indicados como melhor filme &mdash; e mais tr&ecirc;s men&ccedil;&otilde;es honrosas &mdash; e os temas de cada um que podem ser explorados nos vestibulares nos pr&oacute;ximos anos. Confira!<\/p><div id=\"ez-toc-container\" class=\"ez-toc-v2_0_76 counter-hierarchy ez-toc-counter ez-toc-transparent ez-toc-container-direction\">\n<div class=\"ez-toc-title-container\"><p class=\"ez-toc-title\" style=\"cursor:inherit\">Navegue pelo conte\u00fado<\/p>\n<\/div><nav><ul class='ez-toc-list ez-toc-list-level-1 ' ><li class='ez-toc-page-1 ez-toc-heading-level-2'><a class=\"ez-toc-link ez-toc-heading-1\" href=\"https:\/\/vestibulares.estrategia.com\/portal\/atualidades-e-dicas\/oscar-2023-temas-principais-dos-filmes-indicados-e-como-usar-na-redacao\/#Tudo-em-Todo-Lugar-ao-Mesmo-Tempo\" >Tudo em Todo Lugar ao Mesmo Tempo<\/a><\/li><li class='ez-toc-page-1 ez-toc-heading-level-2'><a class=\"ez-toc-link ez-toc-heading-2\" href=\"https:\/\/vestibulares.estrategia.com\/portal\/atualidades-e-dicas\/oscar-2023-temas-principais-dos-filmes-indicados-e-como-usar-na-redacao\/#Nada-de-Novo-no-Front\" >Nada de Novo no Front<\/a><\/li><li class='ez-toc-page-1 ez-toc-heading-level-2'><a class=\"ez-toc-link ez-toc-heading-3\" href=\"https:\/\/vestibulares.estrategia.com\/portal\/atualidades-e-dicas\/oscar-2023-temas-principais-dos-filmes-indicados-e-como-usar-na-redacao\/#The-Banshees-of-Inisherin\" >The Banshees of Inisherin<\/a><\/li><li class='ez-toc-page-1 ez-toc-heading-level-2'><a class=\"ez-toc-link ez-toc-heading-4\" href=\"https:\/\/vestibulares.estrategia.com\/portal\/atualidades-e-dicas\/oscar-2023-temas-principais-dos-filmes-indicados-e-como-usar-na-redacao\/#Os-Fabelmans\" >Os Fabelmans<\/a><\/li><li class='ez-toc-page-1 ez-toc-heading-level-2'><a class=\"ez-toc-link ez-toc-heading-5\" href=\"https:\/\/vestibulares.estrategia.com\/portal\/atualidades-e-dicas\/oscar-2023-temas-principais-dos-filmes-indicados-e-como-usar-na-redacao\/#Top-Gun-Maverick\" >Top Gun: Maverick<\/a><\/li><li class='ez-toc-page-1 ez-toc-heading-level-2'><a class=\"ez-toc-link ez-toc-heading-6\" href=\"https:\/\/vestibulares.estrategia.com\/portal\/atualidades-e-dicas\/oscar-2023-temas-principais-dos-filmes-indicados-e-como-usar-na-redacao\/#Tar\" >T&aacute;r<\/a><\/li><li class='ez-toc-page-1 ez-toc-heading-level-2'><a class=\"ez-toc-link ez-toc-heading-7\" href=\"https:\/\/vestibulares.estrategia.com\/portal\/atualidades-e-dicas\/oscar-2023-temas-principais-dos-filmes-indicados-e-como-usar-na-redacao\/#Triangulo-da-Tristeza\" >Tri&acirc;ngulo da Tristeza<\/a><\/li><li class='ez-toc-page-1 ez-toc-heading-level-2'><a class=\"ez-toc-link ez-toc-heading-8\" href=\"https:\/\/vestibulares.estrategia.com\/portal\/atualidades-e-dicas\/oscar-2023-temas-principais-dos-filmes-indicados-e-como-usar-na-redacao\/#Avatar-O-Caminho-da-Agua\" >Avatar: O Caminho da &Aacute;gua<\/a><\/li><li class='ez-toc-page-1 ez-toc-heading-level-2'><a class=\"ez-toc-link ez-toc-heading-9\" href=\"https:\/\/vestibulares.estrategia.com\/portal\/atualidades-e-dicas\/oscar-2023-temas-principais-dos-filmes-indicados-e-como-usar-na-redacao\/#Elvis\" >Elvis<\/a><\/li><li class='ez-toc-page-1 ez-toc-heading-level-2'><a class=\"ez-toc-link ez-toc-heading-10\" href=\"https:\/\/vestibulares.estrategia.com\/portal\/atualidades-e-dicas\/oscar-2023-temas-principais-dos-filmes-indicados-e-como-usar-na-redacao\/#Entre-Mulheres\" >Entre Mulheres<\/a><\/li><li class='ez-toc-page-1 ez-toc-heading-level-2'><a class=\"ez-toc-link ez-toc-heading-11\" href=\"https:\/\/vestibulares.estrategia.com\/portal\/atualidades-e-dicas\/oscar-2023-temas-principais-dos-filmes-indicados-e-como-usar-na-redacao\/#Mencoes-Honrosas\" >Men&ccedil;&otilde;es Honrosas<\/a><\/li><li class='ez-toc-page-1 ez-toc-heading-level-2'><a class=\"ez-toc-link ez-toc-heading-12\" href=\"https:\/\/vestibulares.estrategia.com\/portal\/atualidades-e-dicas\/oscar-2023-temas-principais-dos-filmes-indicados-e-como-usar-na-redacao\/#Escolha-o-Estrategia-Vestibulares-e-conquiste-o-seu-premio\" >Escolha o Estrat&eacute;gia Vestibulares e conquiste o seu pr&ecirc;mio<\/a><\/li><\/ul><\/nav><\/div>\n<h2 class=\"wp-block-heading\" id=\"h-tudo-em-todo-lugar-ao-mesmo-tempo\"><span class=\"ez-toc-section\" id=\"Tudo-em-Todo-Lugar-ao-Mesmo-Tempo\"><\/span>Tudo em Todo Lugar ao Mesmo Tempo<span class=\"ez-toc-section-end\"><\/span><\/h2><p>Com 11 indica&ccedil;&otilde;es ao Oscar, &ldquo;Tudo em Todo Lugar ao Mesmo Tempo&rdquo; traz como personagem principal a chinesa Evelyn Wang (Michelle Yeoh), que leva uma vida comum como dona de uma lavanderia perto da fal&ecirc;ncia. Inclua tamb&eacute;m relacionamentos inconstantes com seu marido, pai e filha.<\/p><p>Em um momento de estresse do seu cotidiano, Evelyn descobre a exist&ecirc;ncia do multiverso e precisa derrotar uma entidade que deseja destruir todas as realidades existentes. Toda essa insanidade se passa no pr&eacute;dio da receita federal estadunidense, local em que foi negociar problemas financeiros antes de tal descoberta.<\/p><p>O nonsense toma conta da tela em um caleidosc&oacute;pio de universos paralelos, fazendo refer&ecirc;ncias a filmes, g&ecirc;neros e ao cotidiano comum &agrave; maioria das pessoas. O filme explora ainda diversas rela&ccedil;&otilde;es familiares que podem ser vistas como particulares, mas n&atilde;o s&atilde;o, contando, portanto, uma hist&oacute;ria sobre conex&otilde;es humanas.<\/p><figure class=\"wp-block-embed is-type-video is-provider-youtube wp-block-embed-youtube wp-embed-aspect-16-9 wp-has-aspect-ratio\"><div class=\"wp-block-embed__wrapper\">\n<div class=\"cs-embed cs-embed-responsive\"><iframe title=\"Tudo Em Todo O Lugar Ao Mesmo Tempo  |  Trailer Legendado\" width=\"1200\" height=\"675\" src=\"https:\/\/www.youtube.com\/embed\/kULcXm9V7aY?feature=oembed\" frameborder=\"0\" allow=\"accelerometer; autoplay; clipboard-write; encrypted-media; gyroscope; picture-in-picture; web-share\" allowfullscreen><\/iframe><\/div>\n<\/div><\/figure><h2 class=\"wp-block-heading\" id=\"h-nada-de-novo-no-front\"><span class=\"ez-toc-section\" id=\"Nada-de-Novo-no-Front\"><\/span>Nada de Novo no Front<span class=\"ez-toc-section-end\"><\/span><\/h2><p>Adolescentes alem&atilde;es convocados para a Primeira Guerra Mundial s&atilde;o o ponto de partida para um filme que ilustra a dor e aus&ecirc;ncia de preocupa&ccedil;&atilde;o dos pa&iacute;ses em proteger seus soldados, tratando-os como n&uacute;meros. &ldquo;Nada de Novo no Front&rdquo; &eacute; uma adapta&ccedil;&atilde;o do livro hom&ocirc;nimo, escrito por Erich Maria Remarque.<\/p><p>Dentre as cenas de guerra, cenas da negocia&ccedil;&atilde;o sobre o fim do conflito mostram a tranquilidade lenta das negocia&ccedil;&otilde;es, enquanto jovens passam por situa&ccedil;&otilde;es extremas nas trincheiras: mortes, brutalidades e aus&ecirc;ncia de comida e &aacute;gua.<\/p><p>O filme retrata como foi a guerra: poucos avan&ccedil;os, morte de aproximadamente tr&ecirc;s milh&otilde;es de soldados e destrui&ccedil;&atilde;o de uma gera&ccedil;&atilde;o, prel&uacute;dios e sintomas do que viria a acontecer menos de duas d&eacute;cadas depois.<\/p><figure class=\"wp-block-embed is-type-video is-provider-youtube wp-block-embed-youtube wp-embed-aspect-16-9 wp-has-aspect-ratio\"><div class=\"wp-block-embed__wrapper\">\n<div class=\"cs-embed cs-embed-responsive\"><iframe title=\"Nada de Novo no Front | Trailer oficial | Netflix\" width=\"1200\" height=\"675\" src=\"https:\/\/www.youtube.com\/embed\/vwbySrsD7RU?feature=oembed\" frameborder=\"0\" allow=\"accelerometer; autoplay; clipboard-write; encrypted-media; gyroscope; picture-in-picture; web-share\" allowfullscreen><\/iframe><\/div>\n<\/div><\/figure><h2 class=\"wp-block-heading\" id=\"h-the-banshees-of-inisherin\"><span class=\"ez-toc-section\" id=\"The-Banshees-of-Inisherin\"><\/span>The Banshees of Inisherin<span class=\"ez-toc-section-end\"><\/span><\/h2><p>A ilha fict&iacute;cia de Inisherin &eacute; palco do filme que se passa durante a Guerra Civil Irlandesa, em 1923. No local, dois grandes amigos rompem a amizade de anos de forma abrupta ap&oacute;s o surgimento do conflito no pa&iacute;s todo, mas P&aacute;draic (Colin Farrell), um dos dois amigos, est&aacute; determinado a salvar a amizade rompida por Colm (Brendan Gleeson).<\/p><p>O filme trata sobre temas que chamam a aten&ccedil;&atilde;o como o alcoolismo e as motiva&ccedil;&otilde;es da vida, al&eacute;m de mostrar uma escala de atos insensatos tomados pelos protagonistas&nbsp; por conta de atitudes anteriores, como numa queda cont&iacute;nua de pe&ccedil;as de domin&oacute;.<\/p><figure class=\"wp-block-embed is-type-video is-provider-youtube wp-block-embed-youtube wp-embed-aspect-16-9 wp-has-aspect-ratio\"><div class=\"wp-block-embed__wrapper\">\n<div class=\"cs-embed cs-embed-responsive\"><iframe title=\"Os Banshees de Inisherin | Trailer Legendado\" width=\"1200\" height=\"675\" src=\"https:\/\/www.youtube.com\/embed\/I3N_Am8mP0E?feature=oembed\" frameborder=\"0\" allow=\"accelerometer; autoplay; clipboard-write; encrypted-media; gyroscope; picture-in-picture; web-share\" allowfullscreen><\/iframe><\/div>\n<\/div><\/figure><h2 class=\"wp-block-heading\" id=\"h-os-fabelmans\"><span class=\"ez-toc-section\" id=\"Os-Fabelmans\"><\/span>Os Fabelmans<span class=\"ez-toc-section-end\"><\/span><\/h2><p>Dirigido por Steven Spielberg, &ldquo;Os Fabelmans&rdquo; &eacute; um filme que tem inspira&ccedil;&otilde;es na pr&oacute;pria inf&acirc;ncia do diretor. Na hist&oacute;ria, um jovem cresce no Arizona p&oacute;s-Segunda Guerra Mundial apaixonado por filmes, at&eacute; descobrir um adult&eacute;rio de sua m&atilde;e, fato que ocasiona a separa&ccedil;&atilde;o de sua fam&iacute;lia.<\/p><p>A partir da&iacute;, o jovem decide explorar os filmes para encarar a verdade e a ess&ecirc;ncia das pessoas, da humanidade. O diretor explora a conex&atilde;o entre a ilus&atilde;o e a realidade, trazendo &agrave; tona inspira&ccedil;&otilde;es, incertezas, fragilidades e conquistas que rondam a todos n&oacute;s.<\/p><p>O filme mostra tamb&eacute;m como foi a inf&acirc;ncia estadunidense no s&eacute;culo XX, sob a &oacute;tica de um dos diretores mais premiados da hist&oacute;ria do cinema, em um filme intimista e pessoal.<\/p><figure class=\"wp-block-embed is-type-video is-provider-youtube wp-block-embed-youtube wp-embed-aspect-16-9 wp-has-aspect-ratio\"><div class=\"wp-block-embed__wrapper\">\n<div class=\"cs-embed cs-embed-responsive\"><iframe title=\"Os Fabelmans &ndash; Trailer Oficial\" width=\"1200\" height=\"675\" src=\"https:\/\/www.youtube.com\/embed\/R4eRHRPs8Ss?feature=oembed\" frameborder=\"0\" allow=\"accelerometer; autoplay; clipboard-write; encrypted-media; gyroscope; picture-in-picture; web-share\" allowfullscreen><\/iframe><\/div>\n<\/div><\/figure><h2 class=\"wp-block-heading\" id=\"h-top-gun-maverick\"><span class=\"ez-toc-section\" id=\"Top-Gun-Maverick\"><\/span>Top Gun: Maverick<span class=\"ez-toc-section-end\"><\/span><\/h2><p>Com 30 anos de carreira, Pete &ldquo;Maverick&rdquo; Mitchell (Tom Cruise), tem medalhas, condecora&ccedil;&otilde;es e reconhecimentos, mas se tornou apenas um instrutor de novos pilotos da Marinha dos Estados Unidos. Isso acontece justamente pelo seu comportamento rebelde, visto no primeiro filme: Ases Indom&aacute;veis.<\/p><p>Na sequ&ecirc;ncia, Maverick vai ao limite para provar que o fator humano ainda &eacute; decisivo, mesmo com tecnologias surpreendentes surgindo a cada momento no mundo contempor&acirc;neo.<\/p><p>O filme retrata com precis&atilde;o itens f&iacute;sicos como for&ccedil;a gravitacional, vertigens, solavancos e manobras a&eacute;reas, fora os sons e barulhos, muito bem reproduzidos. Al&eacute;m disso, a trama mostra bem temas explorados no primeiro &ldquo;Top Gun&rdquo; como lealdade, amizade e competi&ccedil;&atilde;o.<\/p><figure class=\"wp-block-embed is-type-video is-provider-youtube wp-block-embed-youtube wp-embed-aspect-16-9 wp-has-aspect-ratio\"><div class=\"wp-block-embed__wrapper\">\n<div class=\"cs-embed cs-embed-responsive\"><iframe title=\"Top Gun -  Maverick | Novo Trailer Legendado Oficial\" width=\"1200\" height=\"675\" src=\"https:\/\/www.youtube.com\/embed\/Qcs3F8FudKM?feature=oembed\" frameborder=\"0\" allow=\"accelerometer; autoplay; clipboard-write; encrypted-media; gyroscope; picture-in-picture; web-share\" allowfullscreen><\/iframe><\/div>\n<\/div><\/figure><h2 class=\"wp-block-heading\" id=\"h-tar\"><span class=\"ez-toc-section\" id=\"Tar\"><\/span>T&aacute;r<span class=\"ez-toc-section-end\"><\/span><\/h2><p>&ldquo;T&aacute;r&rdquo; conta a hist&oacute;ria da compositora e maestrina Lydia Tar (Cate Blanchett), primeira a assumir a dire&ccedil;&atilde;o musical feminina da orquestra filarm&ocirc;nica de Berlim. Al&eacute;m disso, est&aacute; prestes a lan&ccedil;ar suas mem&oacute;rias e realizar uma grava&ccedil;&atilde;o ao vivo da Sinfonia n&ordm; 5 de Gustav Mahler.&nbsp;<\/p><p>Mas sua imagem come&ccedil;a a ruir quando alguns de seus segredos come&ccedil;am a aparecer, revelando como o poder a corrompeu. Al&eacute;m disso, o filme explora as rela&ccedil;&otilde;es patriarcais existentes na sociedade, principalmente no meio da m&uacute;sica cl&aacute;ssica, foco do filme.<\/p><figure class=\"wp-block-embed is-type-video is-provider-youtube wp-block-embed-youtube wp-embed-aspect-16-9 wp-has-aspect-ratio\"><div class=\"wp-block-embed__wrapper\">\n<div class=\"cs-embed cs-embed-responsive\"><iframe title=\"T&Aacute;R | Teaser Oficial\" width=\"1200\" height=\"675\" src=\"https:\/\/www.youtube.com\/embed\/3q_Bp0J5ffA?feature=oembed\" frameborder=\"0\" allow=\"accelerometer; autoplay; clipboard-write; encrypted-media; gyroscope; picture-in-picture; web-share\" allowfullscreen><\/iframe><\/div>\n<\/div><\/figure><h2 class=\"wp-block-heading\" id=\"h-triangulo-da-tristeza\"><span class=\"ez-toc-section\" id=\"Triangulo-da-Tristeza\"><\/span>Tri&acirc;ngulo da Tristeza<span class=\"ez-toc-section-end\"><\/span><\/h2><p>Dois jovens modelos desejam a fama e o luxo por meio de trabalhos como influencers. Ambos ganham passagens para um cruzeiro de luxo em que eles s&atilde;o os &uacute;nicos passageiros n&atilde;o milion&aacute;rios e o capit&atilde;o da embarca&ccedil;&atilde;o &eacute; um alco&oacute;latra comunista. Mas o barco naufraga e os sobreviventes v&atilde;o parar em uma ilha deserta.<\/p><p>A partir disso, toda a hierarquia muda e uma faxineira passa a assumir a lideran&ccedil;a no que tange &agrave; sobreviv&ecirc;ncia no local, realizando tarefas como pescar e cuidar do fogo. Os poderes e a nova din&acirc;mica s&atilde;o questionados, inclusive os pap&eacute;is de g&ecirc;nero.<\/p><p>Temas como apar&ecirc;ncia e poder, beleza como moeda de troca, futilidade, moda descart&aacute;vel e invers&atilde;o de valores sobre o que realmente importa ou &eacute; necess&aacute;rio s&atilde;o debatidos na s&aacute;tira existente em &ldquo;Tri&acirc;ngulo da Tristeza&rdquo;. O nome, inclusive, traz uma curiosidade: &eacute; um termo usado por cirurgi&otilde;es pl&aacute;sticos para definir as rugas de preocupa&ccedil;&atilde;o entre as sobrancelhas, e n&atilde;o uma refer&ecirc;ncia ao &ldquo;Tri&acirc;ngulo das Bermudas&rdquo; ou algo do tipo, comum em tempestades ou trag&eacute;dias n&aacute;uticas.<\/p><figure class=\"wp-block-embed is-type-video is-provider-youtube wp-block-embed-youtube wp-embed-aspect-16-9 wp-has-aspect-ratio\"><div class=\"wp-block-embed__wrapper\">\n<div class=\"cs-embed cs-embed-responsive\"><iframe title=\"TRIANGLE OF SADNESS Trailer Legendado (2022) | Woody Harrelson, Ruben &Ouml;stlund\" width=\"1200\" height=\"675\" src=\"https:\/\/www.youtube.com\/embed\/Wi7l7oaPDGA?feature=oembed\" frameborder=\"0\" allow=\"accelerometer; autoplay; clipboard-write; encrypted-media; gyroscope; picture-in-picture; web-share\" allowfullscreen><\/iframe><\/div>\n<\/div><\/figure><h2 class=\"wp-block-heading\" id=\"h-avatar-o-caminho-da-agua\"><span class=\"ez-toc-section\" id=\"Avatar-O-Caminho-da-Agua\"><\/span>Avatar: O Caminho da &Aacute;gua<span class=\"ez-toc-section-end\"><\/span><\/h2><p>A sequ&ecirc;ncia do filme de maior bilheteria da hist&oacute;ria do cinema gera peso para &ldquo;Avatar: O Caminho da &Aacute;gua&rdquo;. O filme se passa dez anos ap&oacute;s a batalha mostrada na primeira obra e mostra uma fam&iacute;lia formada entre os protagonistas. Na trama, eles exploram regi&otilde;es de Pandora e passam a fazer pactos com outras tribos, at&eacute; que os humanos retornam como amea&ccedil;a ao planeta e modo de vida dos locais.<\/p><p>O filme retrata os oceanos do planeta, com filmagens &uacute;nicas e repletas de tecnologia, ao retratar com imensa qualidade o cen&aacute;rio e composi&ccedil;&atilde;o dos personagens e ambientes, o que &eacute; o grande destaque de Avatar.<\/p><figure class=\"wp-block-embed is-type-video is-provider-youtube wp-block-embed-youtube wp-embed-aspect-16-9 wp-has-aspect-ratio\"><div class=\"wp-block-embed__wrapper\">\n<div class=\"cs-embed cs-embed-responsive\"><iframe title=\"Avatar: O Caminho da &Aacute;gua | Trailer 2 Legendado\" width=\"1200\" height=\"675\" src=\"https:\/\/www.youtube.com\/embed\/QxJQbWOIK4s?feature=oembed\" frameborder=\"0\" allow=\"accelerometer; autoplay; clipboard-write; encrypted-media; gyroscope; picture-in-picture; web-share\" allowfullscreen><\/iframe><\/div>\n<\/div><\/figure><h2 class=\"wp-block-heading\" id=\"h-elvis\"><span class=\"ez-toc-section\" id=\"Elvis\"><\/span>Elvis<span class=\"ez-toc-section-end\"><\/span><\/h2><p>&ldquo;Elvis&rdquo; acompanha diferentes etapas da vida de Elvis Presley (Austin Butler), desde seu in&iacute;cio como cantor at&eacute; pr&oacute;ximo &agrave; sua morte. O filme explora as rela&ccedil;&otilde;es do cantor com seu empres&aacute;rio, o &ldquo;Coronel&rdquo; Tom Parker (Tom Hanks), tido como um homem que o enganou por d&eacute;cadas, o casamento com Priscilla (Olivia DeJonge) e a rela&ccedil;&atilde;o do cantor com as drogas, fama e poss&iacute;vel esquecimento.<\/p><p>Toda a jornada de um dos cantores mais importantes do s&eacute;culo XX &eacute; explorada em uma cinebiografia intensa e que faz jus ao seu homenageado. &ldquo;Elvis&rdquo;, portanto, mostra como Presley foi al&ccedil;ado &agrave; eternidade, mesmo com seus erros, j&aacute; que sua m&uacute;sica &eacute; eterna.<\/p><figure class=\"wp-block-embed is-type-video is-provider-youtube wp-block-embed-youtube wp-embed-aspect-16-9 wp-has-aspect-ratio\"><div class=\"wp-block-embed__wrapper\">\n<div class=\"cs-embed cs-embed-responsive\"><iframe title=\"Elvis de Baz Luhrmann | Trailer 2 Oficial - Legendado\" width=\"1200\" height=\"675\" src=\"https:\/\/www.youtube.com\/embed\/YP5D6vTRlsU?feature=oembed\" frameborder=\"0\" allow=\"accelerometer; autoplay; clipboard-write; encrypted-media; gyroscope; picture-in-picture; web-share\" allowfullscreen><\/iframe><\/div>\n<\/div><\/figure><h2 class=\"wp-block-heading\" id=\"h-entre-mulheres\"><span class=\"ez-toc-section\" id=\"Entre-Mulheres\"><\/span>Entre Mulheres<span class=\"ez-toc-section-end\"><\/span><\/h2><p>&ldquo;Entre Mulheres&rdquo; &eacute; inspirado no livro hom&ocirc;nimo escrito por Miriam Toews, que aborda acontecimentos que ocorreram em Manitoba, na Bol&iacute;via. No filme, mulheres de uma comunidade religiosa buscam conciliar a f&eacute; com a realidade vivida pela popula&ccedil;&atilde;o local.<\/p><p>Ao longo do filme, um segredo chocante sobre os homens da comunidade &eacute; revelado e exp&otilde;e o machismo, patriarcado em uma s&eacute;rie de abusos mentais relacionados &agrave; quest&atilde;o de g&ecirc;nero: as mulheres, criadas ali para subservi&ecirc;ncia e sem o m&iacute;nimo de acesso &agrave; educa&ccedil;&atilde;o, s&atilde;o drogadas e estupradas &agrave; noite por muitos anos.<\/p><p>Oito mulheres v&atilde;o a um palheiro e se re&uacute;nem enquanto os homens est&atilde;o fora do local. As mulheres t&ecirc;m dois dias para tomar a maior decis&atilde;o de suas vidas: ficar e lutar, fugir, ou mesmo se abster do que acontece no vilarejo.<\/p><figure class=\"wp-block-embed is-type-video is-provider-youtube wp-block-embed-youtube wp-embed-aspect-16-9 wp-has-aspect-ratio\"><div class=\"wp-block-embed__wrapper\">\n<div class=\"cs-embed cs-embed-responsive\"><iframe title=\"Entre Mulheres &ndash; Trailer Oficial\" width=\"1200\" height=\"675\" src=\"https:\/\/www.youtube.com\/embed\/xQ3DbgoeApU?feature=oembed\" frameborder=\"0\" allow=\"accelerometer; autoplay; clipboard-write; encrypted-media; gyroscope; picture-in-picture; web-share\" allowfullscreen><\/iframe><\/div>\n<\/div><\/figure><p><a href=\"https:\/\/vestibulares.estrategia.com\/portal\/atualidades-e-dicas\/oscar-2022-redacao\/\">+ Oscar 2022: temas principais e como usar os indicados na sua reda&ccedil;&atilde;o<\/a><\/p><h2 class=\"wp-block-heading\" id=\"h-mencoes-honrosas\"><span class=\"ez-toc-section\" id=\"Mencoes-Honrosas\"><\/span>Men&ccedil;&otilde;es Honrosas<span class=\"ez-toc-section-end\"><\/span><\/h2><h3 class=\"wp-block-heading\" id=\"h-argentina-1985\">Argentina, 1985<\/h3><p>&ldquo;Argentina, 1985&rdquo; conta a hist&oacute;ria real do julgamento que prendeu os presidentes do per&iacute;odo da Ditadura Militar no pa&iacute;s, ap&oacute;s press&otilde;es de grupos sociais, de grande parte da popula&ccedil;&atilde;o e de juristas que n&atilde;o aceitaram o desfecho do julgamento militar que ocorreu antes do julgamento civil.<\/p><p>Julio Strassera (Ricardo Dar&iacute;n) &eacute; o promotor respons&aacute;vel por reunir as provas em tempo recorde, e, para isso, ele conta com um grupo de jovens rec&eacute;m-formados em Direito e dispostos a encarar in&uacute;meras amea&ccedil;as de morte e press&otilde;es das for&ccedil;as de defesa e pol&iacute;ticas argentinas.<\/p><figure class=\"wp-block-embed is-type-video is-provider-youtube wp-block-embed-youtube wp-embed-aspect-16-9 wp-has-aspect-ratio\"><div class=\"wp-block-embed__wrapper\">\n<div class=\"cs-embed cs-embed-responsive\"><iframe title=\"Argentina, 1985 &bull; Trailer Legendado\" width=\"1200\" height=\"675\" src=\"https:\/\/www.youtube.com\/embed\/txjU7CdOV4s?feature=oembed\" frameborder=\"0\" allow=\"accelerometer; autoplay; clipboard-write; encrypted-media; gyroscope; picture-in-picture; web-share\" allowfullscreen><\/iframe><\/div>\n<\/div><\/figure><h3 class=\"wp-block-heading\" id=\"h-aftersun\">Aftersun<\/h3><p>&ldquo;Aftersun&rdquo; acompanha as f&eacute;rias de um pai com sua filha de 11 anos pela Turquia. Escoceses, Sophie (Frankie Corio) e Calum (Paul Mescal) se divertem e desfrutam da viv&ecirc;ncia entre eles em um hotel cheio de atividades. Ambos aproveitam o pouco tempo que passam juntos em situa&ccedil;&otilde;es normais, j&aacute; que o pai se mudou para outra cidade tempos atr&aacute;s dessas f&eacute;rias.<\/p><p>A melancolia da viagem &eacute; revelada ao mostrar Sophie vinte anos depois, assistindo &agrave;s grava&ccedil;&otilde;es que fez com uma c&acirc;mera, revelando mist&eacute;rio e tristeza do pai nas imagens e dela nos tempos atuais, criando paralelos entre as rela&ccedil;&otilde;es familiares e o sentimento de luto existente em todos n&oacute;s.<\/p><figure class=\"wp-block-embed is-type-video is-provider-youtube wp-block-embed-youtube wp-embed-aspect-16-9 wp-has-aspect-ratio\"><div class=\"wp-block-embed__wrapper\">\n<div class=\"cs-embed cs-embed-responsive\"><iframe title=\"AFTERSUN | Trailer Legendado\" width=\"1200\" height=\"675\" src=\"https:\/\/www.youtube.com\/embed\/OSrkH-kEFG0?feature=oembed\" frameborder=\"0\" allow=\"accelerometer; autoplay; clipboard-write; encrypted-media; gyroscope; picture-in-picture; web-share\" allowfullscreen><\/iframe><\/div>\n<\/div><\/figure><h3 class=\"wp-block-heading\" id=\"h-a-baleia\">A Baleia<\/h3><p>&ldquo;A Baleia&rdquo; acompanha um Charlie (Brendan Fraser), um professor de ingl&ecirc;s recluso, que vive uma rela&ccedil;&atilde;o conturbada com sua filha e desenvolve um transtorno de compuls&atilde;o alimentar que o deixa obeso, ap&oacute;s abandonar sua fam&iacute;lia para viver com seu amante, que morre tempos depois.<\/p><p>Amparado por uma enfermeira que se tornou sua amiga e com um sentimento forte de culpa pelo abandono da filha, ele busca se reaproximar da adolescente e reparar quest&otilde;es do passado. O drama &eacute; baseado na pe&ccedil;a de mesmo nome, escrita por Samuel D. Hunter.<\/p><figure class=\"wp-block-embed is-type-video is-provider-youtube wp-block-embed-youtube wp-embed-aspect-16-9 wp-has-aspect-ratio\"><div class=\"wp-block-embed__wrapper\">\n<div class=\"cs-embed cs-embed-responsive\"><iframe title=\"A Baleia | Trailer legendado\" width=\"1200\" height=\"675\" src=\"https:\/\/www.youtube.com\/embed\/vqi1OuxQtJ8?feature=oembed\" frameborder=\"0\" allow=\"accelerometer; autoplay; clipboard-write; encrypted-media; gyroscope; picture-in-picture; web-share\" allowfullscreen><\/iframe><\/div>\n<\/div><\/figure><h2 class=\"wp-block-heading\"><span class=\"ez-toc-section\" id=\"Escolha-o-Estrategia-Vestibulares-e-conquiste-o-seu-premio\"><\/span>Escolha o Estrat&eacute;gia Vestibulares e conquiste o seu pr&ecirc;mio<span class=\"ez-toc-section-end\"><\/span><\/h2><p>No Oscar dos vestibulares o vencedor pode ser voc&ecirc;! Conte com o apoio do Estrat&eacute;gia Vestibulares para ser aprovado no processo seletivo que mais sonha e ingressar em uma das principais universidades do pa&iacute;s!<\/p><p>\n\n\n\n\n\n<a id=\"cta\" class=\"cta-imagem\" href=\"https:\/\/vestibulares.estrategia.com\/cursos\/\" target=\"blank\">\n                <img decoding=\"async\" width=\"100%\" src=\"https:\/\/vestibulares.estrategia.com\/portal\/wp-content\/uploads\/2021\/12\/EV4.jpg\" alt=\"CTA - Estrat\u00e9gia Vestibulares 4\" title=\"CTA - Estrat\u00e9gia Vestibulares 4\">\n        <\/a>\n\n\n<\/p><\/p>\n","protected":false},"excerpt":{"rendered":"A Academia de Hollywood anunciou nesta ter&ccedil;a-feira (24) os dez indicados ao Oscar 2023. A divulga&ccedil;&atilde;o da lista&hellip;\n","protected":false},"author":43,"featured_media":86745,"comment_status":"closed","ping_status":"closed","sticky":false,"template":"","format":"standard","meta":{"wl_entities_gutenberg":"","footnotes":""},"categories":[46],"tags":[],"wl_entity_type":[732],"class_list":{"0":"post-86743","1":"post","2":"type-post","3":"status-publish","4":"format-standard","5":"has-post-thumbnail","7":"category-atualidades-e-dicas","8":"wl_entity_type-article"},"acf":[],"yoast_head":"<!-- This site is optimized with the Yoast SEO Premium plugin v25.9 (Yoast SEO v25.9) - https:\/\/yoast.com\/wordpress\/plugins\/seo\/ -->\n<title>Oscar 2023: temas principais dos filmes indicados e como usar na reda\u00e7\u00e3o<\/title>\n<meta name=\"description\" content=\"Veja quais s\u00e3o os dez filmes indicados ao Oscar de Melhor Filme e como usar eles \u2014 e outros tr\u00eas obras \u2014 na sua reda\u00e7\u00e3o.\" \/>\n<meta name=\"robots\" content=\"index, follow, max-snippet:-1, max-image-preview:large, max-video-preview:-1\" \/>\n<link rel=\"canonical\" href=\"https:\/\/vestibulares.estrategia.com\/portal\/atualidades-e-dicas\/oscar-2023-temas-principais-dos-filmes-indicados-e-como-usar-na-redacao\/\" \/>\n<meta property=\"og:locale\" content=\"pt_BR\" \/>\n<meta property=\"og:type\" content=\"article\" \/>\n<meta property=\"og:title\" content=\"Oscar 2023: temas principais dos filmes indicados e como usar na reda\u00e7\u00e3o\" \/>\n<meta property=\"og:description\" content=\"Veja quais s\u00e3o os dez filmes indicados ao Oscar de Melhor Filme e como usar eles \u2014 e outros tr\u00eas obras \u2014 na sua reda\u00e7\u00e3o.\" \/>\n<meta property=\"og:url\" content=\"https:\/\/vestibulares.estrategia.com\/portal\/atualidades-e-dicas\/oscar-2023-temas-principais-dos-filmes-indicados-e-como-usar-na-redacao\/\" \/>\n<meta property=\"og:site_name\" content=\"Estrat\u00e9gia Vestibulares\" \/>\n<meta property=\"article:publisher\" content=\"https:\/\/facebook.com\/estrategiavestibulares\" \/>\n<meta property=\"article:published_time\" content=\"2023-01-24T22:26:38+00:00\" \/>\n<meta property=\"article:modified_time\" content=\"2023-07-28T17:49:00+00:00\" \/>\n<meta property=\"og:image\" content=\"https:\/\/cdn.blog.estrategiavestibulares.com.br\/vestibulares\/wp-content\/uploads\/2023\/01\/oscar-3679610_1280-1.jpg\" \/>\n\t<meta property=\"og:image:width\" content=\"1280\" \/>\n\t<meta property=\"og:image:height\" content=\"853\" \/>\n\t<meta property=\"og:image:type\" content=\"image\/jpeg\" \/>\n<meta name=\"author\" content=\"Leonardo Del Sant\" \/>\n<meta name=\"twitter:card\" content=\"summary_large_image\" \/>\n<meta name=\"twitter:creator\" content=\"@Estrategiavest\" \/>\n<meta name=\"twitter:site\" content=\"@Estrategiavest\" \/>\n<meta name=\"twitter:label1\" content=\"Escrito por\" \/>\n\t<meta name=\"twitter:data1\" content=\"Leonardo Del Sant\" \/>\n\t<meta name=\"twitter:label2\" content=\"Est. tempo de leitura\" \/>\n\t<meta name=\"twitter:data2\" content=\"10 minutos\" \/>\n<script type=\"application\/ld+json\" class=\"yoast-schema-graph\">{\"@context\":\"https:\/\/schema.org\",\"@graph\":[{\"@type\":\"Article\",\"@id\":\"https:\/\/vestibulares.estrategia.com\/portal\/atualidades-e-dicas\/oscar-2023-temas-principais-dos-filmes-indicados-e-como-usar-na-redacao\/#article\",\"isPartOf\":{\"@id\":\"https:\/\/vestibulares.estrategia.com\/portal\/atualidades-e-dicas\/oscar-2023-temas-principais-dos-filmes-indicados-e-como-usar-na-redacao\/\"},\"author\":{\"name\":\"Leonardo Del Sant\",\"@id\":\"https:\/\/vestibulares.estrategia.com\/portal\/#\/schema\/person\/95532619fccae669187ec84703047908\"},\"headline\":\"Oscar 2023: temas principais dos filmes indicados e como usar na reda\u00e7\u00e3o\",\"datePublished\":\"2023-01-24T22:26:38+00:00\",\"dateModified\":\"2023-07-28T17:49:00+00:00\",\"mainEntityOfPage\":{\"@id\":\"https:\/\/vestibulares.estrategia.com\/portal\/atualidades-e-dicas\/oscar-2023-temas-principais-dos-filmes-indicados-e-como-usar-na-redacao\/\"},\"wordCount\":1962,\"publisher\":{\"@id\":\"https:\/\/vestibulares.estrategia.com\/portal\/#organization\"},\"image\":{\"@id\":\"https:\/\/vestibulares.estrategia.com\/portal\/atualidades-e-dicas\/oscar-2023-temas-principais-dos-filmes-indicados-e-como-usar-na-redacao\/#primaryimage\"},\"thumbnailUrl\":\"https:\/\/vestibulares.estrategia.com\/portal\/wp-content\/uploads\/2023\/01\/oscar-3679610_1280-1.jpg\",\"articleSection\":[\"Atualidades e Dicas\"],\"inLanguage\":\"pt-BR\"},{\"@type\":\"WebPage\",\"@id\":\"https:\/\/vestibulares.estrategia.com\/portal\/atualidades-e-dicas\/oscar-2023-temas-principais-dos-filmes-indicados-e-como-usar-na-redacao\/\",\"url\":\"https:\/\/vestibulares.estrategia.com\/portal\/atualidades-e-dicas\/oscar-2023-temas-principais-dos-filmes-indicados-e-como-usar-na-redacao\/\",\"name\":\"Oscar 2023: temas principais dos filmes indicados e como usar na reda\u00e7\u00e3o\",\"isPartOf\":{\"@id\":\"https:\/\/vestibulares.estrategia.com\/portal\/#website\"},\"primaryImageOfPage\":{\"@id\":\"https:\/\/vestibulares.estrategia.com\/portal\/atualidades-e-dicas\/oscar-2023-temas-principais-dos-filmes-indicados-e-como-usar-na-redacao\/#primaryimage\"},\"image\":{\"@id\":\"https:\/\/vestibulares.estrategia.com\/portal\/atualidades-e-dicas\/oscar-2023-temas-principais-dos-filmes-indicados-e-como-usar-na-redacao\/#primaryimage\"},\"thumbnailUrl\":\"https:\/\/vestibulares.estrategia.com\/portal\/wp-content\/uploads\/2023\/01\/oscar-3679610_1280-1.jpg\",\"datePublished\":\"2023-01-24T22:26:38+00:00\",\"dateModified\":\"2023-07-28T17:49:00+00:00\",\"description\":\"Veja quais s\u00e3o os dez filmes indicados ao Oscar de Melhor Filme e como usar eles \u2014 e outros tr\u00eas obras \u2014 na sua reda\u00e7\u00e3o.\",\"breadcrumb\":{\"@id\":\"https:\/\/vestibulares.estrategia.com\/portal\/atualidades-e-dicas\/oscar-2023-temas-principais-dos-filmes-indicados-e-como-usar-na-redacao\/#breadcrumb\"},\"inLanguage\":\"pt-BR\",\"potentialAction\":[{\"@type\":\"ReadAction\",\"target\":[\"https:\/\/vestibulares.estrategia.com\/portal\/atualidades-e-dicas\/oscar-2023-temas-principais-dos-filmes-indicados-e-como-usar-na-redacao\/\"]}]},{\"@type\":\"ImageObject\",\"inLanguage\":\"pt-BR\",\"@id\":\"https:\/\/vestibulares.estrategia.com\/portal\/atualidades-e-dicas\/oscar-2023-temas-principais-dos-filmes-indicados-e-como-usar-na-redacao\/#primaryimage\",\"url\":\"https:\/\/vestibulares.estrategia.com\/portal\/wp-content\/uploads\/2023\/01\/oscar-3679610_1280-1.jpg\",\"contentUrl\":\"https:\/\/vestibulares.estrategia.com\/portal\/wp-content\/uploads\/2023\/01\/oscar-3679610_1280-1.jpg\",\"width\":1280,\"height\":853,\"caption\":\"oscar-2023-filmes-reda\u00e7\u00e3o\"},{\"@type\":\"BreadcrumbList\",\"@id\":\"https:\/\/vestibulares.estrategia.com\/portal\/atualidades-e-dicas\/oscar-2023-temas-principais-dos-filmes-indicados-e-como-usar-na-redacao\/#breadcrumb\",\"itemListElement\":[{\"@type\":\"ListItem\",\"position\":1,\"name\":\"Home\",\"item\":\"https:\/\/vestibulares.estrategia.com\/portal\/\"},{\"@type\":\"ListItem\",\"position\":2,\"name\":\"Atualidades e Dicas\",\"item\":\"https:\/\/vestibulares.estrategia.com\/portal\/atualidades-e-dicas\/\"},{\"@type\":\"ListItem\",\"position\":3,\"name\":\"Oscar 2023: temas principais dos filmes indicados e como usar na reda\u00e7\u00e3o\"}]},{\"@type\":\"WebSite\",\"@id\":\"https:\/\/vestibulares.estrategia.com\/portal\/#website\",\"url\":\"https:\/\/vestibulares.estrategia.com\/portal\/\",\"name\":\"Estrat\u00e9gia Vestibulares\",\"description\":\"\",\"publisher\":{\"@id\":\"https:\/\/vestibulares.estrategia.com\/portal\/#organization\"},\"potentialAction\":[{\"@type\":\"SearchAction\",\"target\":{\"@type\":\"EntryPoint\",\"urlTemplate\":\"https:\/\/vestibulares.estrategia.com\/portal\/?s={search_term_string}\"},\"query-input\":{\"@type\":\"PropertyValueSpecification\",\"valueRequired\":true,\"valueName\":\"search_term_string\"}}],\"inLanguage\":\"pt-BR\"},{\"@type\":\"Organization\",\"@id\":\"https:\/\/vestibulares.estrategia.com\/portal\/#organization\",\"name\":\"Estrat\u00e9gia Vestibulares\",\"url\":\"https:\/\/vestibulares.estrategia.com\/portal\/\",\"logo\":{\"@type\":\"ImageObject\",\"inLanguage\":\"pt-BR\",\"@id\":\"https:\/\/vestibulares.estrategia.com\/portal\/#\/schema\/logo\/image\/\",\"url\":\"https:\/\/vestibulares.estrategia.com\/portal\/wp-content\/uploads\/2021\/06\/Logo-Vestibulares@4x.png\",\"contentUrl\":\"https:\/\/vestibulares.estrategia.com\/portal\/wp-content\/uploads\/2021\/06\/Logo-Vestibulares@4x.png\",\"width\":250,\"height\":66,\"caption\":\"Estrat\u00e9gia Vestibulares\"},\"image\":{\"@id\":\"https:\/\/vestibulares.estrategia.com\/portal\/#\/schema\/logo\/image\/\"},\"sameAs\":[\"https:\/\/facebook.com\/estrategiavestibulares\",\"https:\/\/x.com\/Estrategiavest\",\"https:\/\/www.instagram.com\/estrategiavestibulares\",\"https:\/\/www.youtube.com\/channel\/UCGWdZy8ULI-7_5GrABa4vNA\"]},{\"@type\":\"Person\",\"@id\":\"https:\/\/vestibulares.estrategia.com\/portal\/#\/schema\/person\/95532619fccae669187ec84703047908\",\"name\":\"Leonardo Del Sant\",\"image\":{\"@type\":\"ImageObject\",\"inLanguage\":\"pt-BR\",\"@id\":\"https:\/\/vestibulares.estrategia.com\/portal\/#\/schema\/person\/image\/\",\"url\":\"https:\/\/vestibulares.estrategia.com\/portal\/wp-content\/uploads\/2026\/02\/1000082484-150x150.jpeg\",\"contentUrl\":\"https:\/\/vestibulares.estrategia.com\/portal\/wp-content\/uploads\/2026\/02\/1000082484-150x150.jpeg\",\"caption\":\"Leonardo Del Sant\"},\"description\":\"Coordenador de Jornalismo do Estrat\u00e9gia Vestibulares. Trabalhou com escrita para SEO em sites das \u00e1reas de economia, varejo, sa\u00fade, tecnologia e alimenta\u00e7\u00e3o. Formado em jornalismo pela Unesp\/Bauru.\",\"url\":\"https:\/\/vestibulares.estrategia.com\/portal\/author\/leonardo-del-sant\/\"}]}<\/script>\n<!-- \/ Yoast SEO Premium plugin. -->","yoast_head_json":{"title":"Oscar 2023: temas principais dos filmes indicados e como usar na reda\u00e7\u00e3o","description":"Veja quais s\u00e3o os dez filmes indicados ao Oscar de Melhor Filme e como usar eles \u2014 e outros tr\u00eas obras \u2014 na sua reda\u00e7\u00e3o.","robots":{"index":"index","follow":"follow","max-snippet":"max-snippet:-1","max-image-preview":"max-image-preview:large","max-video-preview":"max-video-preview:-1"},"canonical":"https:\/\/vestibulares.estrategia.com\/portal\/atualidades-e-dicas\/oscar-2023-temas-principais-dos-filmes-indicados-e-como-usar-na-redacao\/","og_locale":"pt_BR","og_type":"article","og_title":"Oscar 2023: temas principais dos filmes indicados e como usar na reda\u00e7\u00e3o","og_description":"Veja quais s\u00e3o os dez filmes indicados ao Oscar de Melhor Filme e como usar eles \u2014 e outros tr\u00eas obras \u2014 na sua reda\u00e7\u00e3o.","og_url":"https:\/\/vestibulares.estrategia.com\/portal\/atualidades-e-dicas\/oscar-2023-temas-principais-dos-filmes-indicados-e-como-usar-na-redacao\/","og_site_name":"Estrat\u00e9gia Vestibulares","article_publisher":"https:\/\/facebook.com\/estrategiavestibulares","article_published_time":"2023-01-24T22:26:38+00:00","article_modified_time":"2023-07-28T17:49:00+00:00","og_image":[{"width":1280,"height":853,"url":"https:\/\/cdn.blog.estrategiavestibulares.com.br\/vestibulares\/wp-content\/uploads\/2023\/01\/oscar-3679610_1280-1.jpg","type":"image\/jpeg"}],"author":"Leonardo Del Sant","twitter_card":"summary_large_image","twitter_creator":"@Estrategiavest","twitter_site":"@Estrategiavest","twitter_misc":{"Escrito por":"Leonardo Del Sant","Est. tempo de leitura":"10 minutos"},"schema":{"@context":"https:\/\/schema.org","@graph":[{"@type":"Article","@id":"https:\/\/vestibulares.estrategia.com\/portal\/atualidades-e-dicas\/oscar-2023-temas-principais-dos-filmes-indicados-e-como-usar-na-redacao\/#article","isPartOf":{"@id":"https:\/\/vestibulares.estrategia.com\/portal\/atualidades-e-dicas\/oscar-2023-temas-principais-dos-filmes-indicados-e-como-usar-na-redacao\/"},"author":{"name":"Leonardo Del Sant","@id":"https:\/\/vestibulares.estrategia.com\/portal\/#\/schema\/person\/95532619fccae669187ec84703047908"},"headline":"Oscar 2023: temas principais dos filmes indicados e como usar na reda\u00e7\u00e3o","datePublished":"2023-01-24T22:26:38+00:00","dateModified":"2023-07-28T17:49:00+00:00","mainEntityOfPage":{"@id":"https:\/\/vestibulares.estrategia.com\/portal\/atualidades-e-dicas\/oscar-2023-temas-principais-dos-filmes-indicados-e-como-usar-na-redacao\/"},"wordCount":1962,"publisher":{"@id":"https:\/\/vestibulares.estrategia.com\/portal\/#organization"},"image":{"@id":"https:\/\/vestibulares.estrategia.com\/portal\/atualidades-e-dicas\/oscar-2023-temas-principais-dos-filmes-indicados-e-como-usar-na-redacao\/#primaryimage"},"thumbnailUrl":"https:\/\/vestibulares.estrategia.com\/portal\/wp-content\/uploads\/2023\/01\/oscar-3679610_1280-1.jpg","articleSection":["Atualidades e Dicas"],"inLanguage":"pt-BR"},{"@type":"WebPage","@id":"https:\/\/vestibulares.estrategia.com\/portal\/atualidades-e-dicas\/oscar-2023-temas-principais-dos-filmes-indicados-e-como-usar-na-redacao\/","url":"https:\/\/vestibulares.estrategia.com\/portal\/atualidades-e-dicas\/oscar-2023-temas-principais-dos-filmes-indicados-e-como-usar-na-redacao\/","name":"Oscar 2023: temas principais dos filmes indicados e como usar na reda\u00e7\u00e3o","isPartOf":{"@id":"https:\/\/vestibulares.estrategia.com\/portal\/#website"},"primaryImageOfPage":{"@id":"https:\/\/vestibulares.estrategia.com\/portal\/atualidades-e-dicas\/oscar-2023-temas-principais-dos-filmes-indicados-e-como-usar-na-redacao\/#primaryimage"},"image":{"@id":"https:\/\/vestibulares.estrategia.com\/portal\/atualidades-e-dicas\/oscar-2023-temas-principais-dos-filmes-indicados-e-como-usar-na-redacao\/#primaryimage"},"thumbnailUrl":"https:\/\/vestibulares.estrategia.com\/portal\/wp-content\/uploads\/2023\/01\/oscar-3679610_1280-1.jpg","datePublished":"2023-01-24T22:26:38+00:00","dateModified":"2023-07-28T17:49:00+00:00","description":"Veja quais s\u00e3o os dez filmes indicados ao Oscar de Melhor Filme e como usar eles \u2014 e outros tr\u00eas obras \u2014 na sua reda\u00e7\u00e3o.","breadcrumb":{"@id":"https:\/\/vestibulares.estrategia.com\/portal\/atualidades-e-dicas\/oscar-2023-temas-principais-dos-filmes-indicados-e-como-usar-na-redacao\/#breadcrumb"},"inLanguage":"pt-BR","potentialAction":[{"@type":"ReadAction","target":["https:\/\/vestibulares.estrategia.com\/portal\/atualidades-e-dicas\/oscar-2023-temas-principais-dos-filmes-indicados-e-como-usar-na-redacao\/"]}]},{"@type":"ImageObject","inLanguage":"pt-BR","@id":"https:\/\/vestibulares.estrategia.com\/portal\/atualidades-e-dicas\/oscar-2023-temas-principais-dos-filmes-indicados-e-como-usar-na-redacao\/#primaryimage","url":"https:\/\/vestibulares.estrategia.com\/portal\/wp-content\/uploads\/2023\/01\/oscar-3679610_1280-1.jpg","contentUrl":"https:\/\/vestibulares.estrategia.com\/portal\/wp-content\/uploads\/2023\/01\/oscar-3679610_1280-1.jpg","width":1280,"height":853,"caption":"oscar-2023-filmes-reda\u00e7\u00e3o"},{"@type":"BreadcrumbList","@id":"https:\/\/vestibulares.estrategia.com\/portal\/atualidades-e-dicas\/oscar-2023-temas-principais-dos-filmes-indicados-e-como-usar-na-redacao\/#breadcrumb","itemListElement":[{"@type":"ListItem","position":1,"name":"Home","item":"https:\/\/vestibulares.estrategia.com\/portal\/"},{"@type":"ListItem","position":2,"name":"Atualidades e Dicas","item":"https:\/\/vestibulares.estrategia.com\/portal\/atualidades-e-dicas\/"},{"@type":"ListItem","position":3,"name":"Oscar 2023: temas principais dos filmes indicados e como usar na reda\u00e7\u00e3o"}]},{"@type":"WebSite","@id":"https:\/\/vestibulares.estrategia.com\/portal\/#website","url":"https:\/\/vestibulares.estrategia.com\/portal\/","name":"Estrat\u00e9gia Vestibulares","description":"","publisher":{"@id":"https:\/\/vestibulares.estrategia.com\/portal\/#organization"},"potentialAction":[{"@type":"SearchAction","target":{"@type":"EntryPoint","urlTemplate":"https:\/\/vestibulares.estrategia.com\/portal\/?s={search_term_string}"},"query-input":{"@type":"PropertyValueSpecification","valueRequired":true,"valueName":"search_term_string"}}],"inLanguage":"pt-BR"},{"@type":"Organization","@id":"https:\/\/vestibulares.estrategia.com\/portal\/#organization","name":"Estrat\u00e9gia Vestibulares","url":"https:\/\/vestibulares.estrategia.com\/portal\/","logo":{"@type":"ImageObject","inLanguage":"pt-BR","@id":"https:\/\/vestibulares.estrategia.com\/portal\/#\/schema\/logo\/image\/","url":"https:\/\/vestibulares.estrategia.com\/portal\/wp-content\/uploads\/2021\/06\/Logo-Vestibulares@4x.png","contentUrl":"https:\/\/vestibulares.estrategia.com\/portal\/wp-content\/uploads\/2021\/06\/Logo-Vestibulares@4x.png","width":250,"height":66,"caption":"Estrat\u00e9gia Vestibulares"},"image":{"@id":"https:\/\/vestibulares.estrategia.com\/portal\/#\/schema\/logo\/image\/"},"sameAs":["https:\/\/facebook.com\/estrategiavestibulares","https:\/\/x.com\/Estrategiavest","https:\/\/www.instagram.com\/estrategiavestibulares","https:\/\/www.youtube.com\/channel\/UCGWdZy8ULI-7_5GrABa4vNA"]},{"@type":"Person","@id":"https:\/\/vestibulares.estrategia.com\/portal\/#\/schema\/person\/95532619fccae669187ec84703047908","name":"Leonardo Del Sant","image":{"@type":"ImageObject","inLanguage":"pt-BR","@id":"https:\/\/vestibulares.estrategia.com\/portal\/#\/schema\/person\/image\/","url":"https:\/\/vestibulares.estrategia.com\/portal\/wp-content\/uploads\/2026\/02\/1000082484-150x150.jpeg","contentUrl":"https:\/\/vestibulares.estrategia.com\/portal\/wp-content\/uploads\/2026\/02\/1000082484-150x150.jpeg","caption":"Leonardo Del Sant"},"description":"Coordenador de Jornalismo do Estrat\u00e9gia Vestibulares. Trabalhou com escrita para SEO em sites das \u00e1reas de economia, varejo, sa\u00fade, tecnologia e alimenta\u00e7\u00e3o. Formado em jornalismo pela Unesp\/Bauru.","url":"https:\/\/vestibulares.estrategia.com\/portal\/author\/leonardo-del-sant\/"}]}},"_wl_alt_label":[],"wl:entity_url":"https:\/\/data.wordlift.io\/wl110249\/post\/oscar-2023-temas-principais-dos-filmes-indicados-e-como-usar-na-redacao","_links":{"self":[{"href":"https:\/\/vestibulares.estrategia.com\/portal\/wp-json\/wp\/v2\/posts\/86743","targetHints":{"allow":["GET"]}}],"collection":[{"href":"https:\/\/vestibulares.estrategia.com\/portal\/wp-json\/wp\/v2\/posts"}],"about":[{"href":"https:\/\/vestibulares.estrategia.com\/portal\/wp-json\/wp\/v2\/types\/post"}],"author":[{"embeddable":true,"href":"https:\/\/vestibulares.estrategia.com\/portal\/wp-json\/wp\/v2\/users\/43"}],"replies":[{"embeddable":true,"href":"https:\/\/vestibulares.estrategia.com\/portal\/wp-json\/wp\/v2\/comments?post=86743"}],"version-history":[{"count":3,"href":"https:\/\/vestibulares.estrategia.com\/portal\/wp-json\/wp\/v2\/posts\/86743\/revisions"}],"predecessor-version":[{"id":96307,"href":"https:\/\/vestibulares.estrategia.com\/portal\/wp-json\/wp\/v2\/posts\/86743\/revisions\/96307"}],"wp:featuredmedia":[{"embeddable":true,"href":"https:\/\/vestibulares.estrategia.com\/portal\/wp-json\/wp\/v2\/media\/86745"}],"wp:attachment":[{"href":"https:\/\/vestibulares.estrategia.com\/portal\/wp-json\/wp\/v2\/media?parent=86743"}],"wp:term":[{"taxonomy":"category","embeddable":true,"href":"https:\/\/vestibulares.estrategia.com\/portal\/wp-json\/wp\/v2\/categories?post=86743"},{"taxonomy":"post_tag","embeddable":true,"href":"https:\/\/vestibulares.estrategia.com\/portal\/wp-json\/wp\/v2\/tags?post=86743"},{"taxonomy":"wl_entity_type","embeddable":true,"href":"https:\/\/vestibulares.estrategia.com\/portal\/wp-json\/wp\/v2\/wl_entity_type?post=86743"}],"curies":[{"name":"wp","href":"https:\/\/api.w.org\/{rel}","templated":true}]}}