{"id":87124,"date":"2023-01-31T09:34:08","date_gmt":"2023-01-31T12:34:08","guid":{"rendered":"https:\/\/vestibulares.estrategia.com\/portal\/?p=87124"},"modified":"2024-10-18T18:46:23","modified_gmt":"2024-10-18T21:46:23","slug":"como-e-a-prova-do-vestibular-da-ufgd","status":"publish","type":"post","link":"https:\/\/vestibulares.estrategia.com\/portal\/enem-e-vestibulares\/vestibulares\/como-e-a-prova-do-vestibular-da-ufgd\/","title":{"rendered":"Como \u00e9 a prova do vestibular da UFGD?"},"content":{"rendered":"<p>A Universidade Federal da Grande Dourados (<a href=\"https:\/\/vestibulares.estrategia.com\/portal\/vestibulares\/vestibular-ufgd\/\" target=\"_blank\">UFGD<\/a>) &eacute; a institui&ccedil;&atilde;o de Ensino Superior do Mato Grosso do Sul com a melhor nota no &Iacute;ndice Geral de Cursos (IGC), de acordo com a avalia&ccedil;&atilde;o &nbsp; feita pelo Instituto Nacional de Estudos e Pesquisas Educacionais An&iacute;sio Teixeira (Inep).<p>Atualmente, a universidade conta com 42 cursos de gradua&ccedil;&atilde;o distribu&iacute;dos em um &uacute;nico campus, na cidade de Dourados. Al&eacute;m disso, possui cursos presenciais e EAD, com polo em v&aacute;rias cidades do estado.<\/p><p>Para ajudar os estudantes que gostariam de prestar o vestibular da institui&ccedil;&atilde;o, o Portal Estrat&eacute;gia Vestibulares preparou este artigo com informa&ccedil;&otilde;es sobre como &eacute; a prova do vestibular da UFGD.<\/p><p>\n\n\n\n<div class=\"cta-medio\" style=\"background-image: url(https:\/\/vestibulares.estrategia.com\/portal\/wp-content\/uploads\/2024\/08\/curso-ufgd-estrategia-vestibulares-ctamedio.jpg);\"><h3>Pacote UFGD<\/h3> <p>Conhe\u00e7a nosso curso<\/p><div class=\"cta-botao\"><a id=\"cta-medio\" href=\"https:\/\/vestibulares.estrategia.com\/curso\/pacote-ufgd\/\" target=\"_blank\" style=\"background:rgb(255,150,0)\">Saiba mais<\/a><\/div><\/div>\n\n\n\n<\/p><div id=\"ez-toc-container\" class=\"ez-toc-v2_0_76 counter-hierarchy ez-toc-counter ez-toc-transparent ez-toc-container-direction\">\n<div class=\"ez-toc-title-container\"><p class=\"ez-toc-title\" style=\"cursor:inherit\">Navegue pelo conte\u00fado<\/p>\n<\/div><nav><ul class='ez-toc-list ez-toc-list-level-1 ' ><li class='ez-toc-page-1 ez-toc-heading-level-2'><a class=\"ez-toc-link ez-toc-heading-1\" href=\"https:\/\/vestibulares.estrategia.com\/portal\/enem-e-vestibulares\/vestibulares\/como-e-a-prova-do-vestibular-da-ufgd\/#Como-participar-do-vestibular-da-UFGD\" >Como participar do vestibular da UFGD?<\/a><\/li><li class='ez-toc-page-1 ez-toc-heading-level-2'><a class=\"ez-toc-link ez-toc-heading-2\" href=\"https:\/\/vestibulares.estrategia.com\/portal\/enem-e-vestibulares\/vestibulares\/como-e-a-prova-do-vestibular-da-ufgd\/#Como-e-o-vestibular-da-UFGD\" >Como &eacute; o vestibular da UFGD?<\/a><\/li><li class='ez-toc-page-1 ez-toc-heading-level-2'><a class=\"ez-toc-link ez-toc-heading-3\" href=\"https:\/\/vestibulares.estrategia.com\/portal\/enem-e-vestibulares\/vestibulares\/como-e-a-prova-do-vestibular-da-ufgd\/#Quais-sao-as-obras-literarias-cobradas-no-vestibular-da-UFGD\" >Quais s&atilde;o as obras liter&aacute;rias cobradas no vestibular da UFGD?<\/a><\/li><li class='ez-toc-page-1 ez-toc-heading-level-2'><a class=\"ez-toc-link ez-toc-heading-4\" href=\"https:\/\/vestibulares.estrategia.com\/portal\/enem-e-vestibulares\/vestibulares\/como-e-a-prova-do-vestibular-da-ufgd\/#Como-e-a-redacao-da-UFGD\" >Como &eacute; a reda&ccedil;&atilde;o da UFGD?<\/a><\/li><li class='ez-toc-page-1 ez-toc-heading-level-2'><a class=\"ez-toc-link ez-toc-heading-5\" href=\"https:\/\/vestibulares.estrategia.com\/portal\/enem-e-vestibulares\/vestibulares\/como-e-a-prova-do-vestibular-da-ufgd\/#Calendario-Vestibular-UFGD-2025\" >Calend&aacute;rio Vestibular UFGD 2025<\/a><\/li><li class='ez-toc-page-1 ez-toc-heading-level-2'><a class=\"ez-toc-link ez-toc-heading-6\" href=\"https:\/\/vestibulares.estrategia.com\/portal\/enem-e-vestibulares\/vestibulares\/como-e-a-prova-do-vestibular-da-ufgd\/#Estude-com-o-Estrategia-Vestibulares\" >Estude com o Estrat&eacute;gia Vestibulares<\/a><\/li><\/ul><\/nav><\/div>\n<h2 class=\"wp-block-heading\" id=\"h-como-participar-do-vestibular-da-ufgd\"><span class=\"ez-toc-section\" id=\"Como-participar-do-vestibular-da-UFGD\"><\/span>Como participar do vestibular da UFGD?<span class=\"ez-toc-section-end\"><\/span><\/h2><p>Para participar dos processos seletivos da institui&ccedil;&atilde;o, os candidatos devem estar atentos ao site da universidade e aos prazos de inscri&ccedil;&atilde;o. A UFGD possui duas formas de ingresso, sendo o vestibular pr&oacute;prio e o Sistema de Sele&ccedil;&atilde;o Unificada (<a href=\"https:\/\/vestibulares.estrategia.com\/portal\/guias\/sisu-o-que-e\/\" target=\"_blank\">Sisu<\/a>).<\/p><p>Al&eacute;m disso, a universidade possui uma reserva de vagas para pessoas com defici&ecirc;ncia, ind&iacute;genas, pretos e pardos e tamb&eacute;m para estudantes provenientes de escolas p&uacute;blicas em todos os cursos. Confira a seguir a distribui&ccedil;&atilde;o:&nbsp;<\/p><ul class=\"wp-block-list\">\n<li>50% das vagas s&atilde;o reservadas para estudantes de escolas p&uacute;blicas. Destas vagas, metade &eacute; reservada para estudantes com renda familiar per capta de at&eacute; 1,5 sal&aacute;rio m&iacute;nimo;<\/li>\n\n\n\n<li>1 vaga por curso exclusiva para ind&iacute;genas;<\/li>\n\n\n\n<li>51,95% para pretos e pardos;<\/li>\n\n\n\n<li>21,48% para pessoas com defer&ecirc;ncia (PCDs)<\/li>\n<\/ul><p>Na &uacute;ltima edi&ccedil;&atilde;o do vestibular, foram ofertadas 982 vagas e a taxa de inscri&ccedil;&atilde;o foi no valor de R$ 120. A institui&ccedil;&atilde;o ainda oferece a isen&ccedil;&atilde;o do pagamento para candidatos que preencham os seguintes requisitos:<\/p><ul class=\"wp-block-list\">\n<li>Possuam renda familiar per capita igual ou inferior a um sal&aacute;rio-m&iacute;nimo e meio;<\/li>\n\n\n\n<li>Tenham cursado o Ensino M&eacute;dio completo em escola da rede p&uacute;blica ou como bolsista integral em escola da rede privada;<\/li>\n\n\n\n<li>Estejam inscritos no Cadastro &Uacute;nico para Programas Sociais do Governo Federal (Cad&Uacute;nico).<\/li>\n<\/ul><h2 class=\"wp-block-heading\" id=\"h-como-e-o-vestibular-da-ufgd\"><span class=\"ez-toc-section\" id=\"Como-e-o-vestibular-da-UFGD\"><\/span>Como &eacute; o vestibular da UFGD?<span class=\"ez-toc-section-end\"><\/span><\/h2><p>O vestibular da UFGD possui uma &uacute;nica fase, com 60 quest&otilde;es objetivas de m&uacute;ltipla escolha de conhecimentos gerais e uma reda&ccedil;&atilde;o. Confira abaixo a distribui&ccedil;&atilde;o de quest&otilde;es da prova:<\/p><figure class=\"wp-block-table is-style-stripes\"><table><thead><tr><th>Disciplina<\/th><th class=\"has-text-align-center\" data-align=\"center\">Quest&otilde;es<\/th><\/tr><\/thead><tbody><tr><td>Linguagens, C&oacute;digos e suas Tecnologias<\/td><td class=\"has-text-align-center\" data-align=\"center\">20<\/td><\/tr><tr><td>Ci&ecirc;ncias Humanas e suas Tecnologias<\/td><td class=\"has-text-align-center\" data-align=\"center\">14<\/td><\/tr><tr><td>Ci&ecirc;ncias da Natureza e suas Tecnologias<\/td><td class=\"has-text-align-center\" data-align=\"center\">18<\/td><\/tr><tr><td>Matem&aacute;tica e suas Tecnologias<\/td><td class=\"has-text-align-center\" data-align=\"center\">8<\/td><\/tr><\/tbody><\/table><\/figure><p>\n\n\n\n<div id=\"new-form\">\n\t<form id=\"forms_layout\">\n\t<input type=\"hidden\" id=\"chave_de\" name=\"chave_de\" value=\"01_EVEST_LEADS_TOTAIS\" \/>\n\t\t<input type=\"hidden\" id=\"mid\" name=\"mid\" value=\"515008983\" \/>\n\t\t<input type=\"hidden\" id=\"Objetivo\" name=\"Objetivo\" value=\"Vestibulares\" \/>\n\t\t<input type=\"hidden\" id=\"Estado_de_Origem_do_IP\" name=\"Estado_de_Origem_do_IP\"  value=\"\" \/>\n\t\t<input type=\"hidden\" id=\"Cidade_de_Origem_do_IP\" name=\"Cidade_de_Origem_do_IP\" value=\"\" \/>\n\t\t<input type=\"hidden\" id=\"Modo_de_entrada\" name=\"Modo_de_entrada\" value=\"Portal\" \/>\n\t\t<input type=\"hidden\" id=\"Pagina_Origem\" name=\"Pagina_Origem\" value=\"\" \/>\n\n\t\t<div class=\"texto\">\n\t\t\t<h3 class=\"news\">Inscreva-se em nossa newsletter\ud83e\udd89<\/h3>\n\t\t\t<p>Receba dicas de estudo gratuitas e saiba em primeira m\u00e3o as novidades sobre o Enem, Sisu, Encceja, Fuvest e outros vestibulares!<\/p>\n\t\t<\/div>\n\t\t<div class=\"campos\">\n\t\t\t<div class=\"first_name labels\">\n\t\t\t\t<input type=\"text\" class=\"input_labels\" id=\"first_name\" name=\"Nome_Completo\" placeholder=\"Nome\" required \/>\n\t\t\t<\/div>\n\t\t\t<div class=\"email labels\">\n\t\t\t\t<input type=\"email\" class=\"input_labels\" id=\"email\" name=\"Email\" placeholder=\"E-mail\" required \/>\n\t\t\t<\/div>\n\t\t\t<button type=\"submit\" class=\"button_layout\">\n\t\t\t\t<div id=\"lblBotao\">Inscreva-se<\/div>\n\t\t\t\t<span id=\"divSpiner\" class=\"loader\" role=\"status\" style=\"display: none;\"><\/span>\t\n\t\t\t<\/button>\n\t\t<\/div><!-- \/campos -->\n\t\t\n\t\t<label class=\"container_checkbox\">Voc\u00ea concorda com a nossa\n\t\t\t<a class=\"politics_privacy_ahref\" target=\"_blank\" href=\"https:\/\/gratis.estrategiaconcursos.com.br\/politica-de-privacidade\/\">Pol\u00edtica de Privacidade<\/a> e aceita receber informa\u00e7\u00f5es adicionais do Estrat\u00e9gia Educacional.\n\t\t\t<input id=\"checkbox_layout\" type=\"checkbox\" checked=\"checked\" required \/>\n\t\t\t<span class=\"checkbox\"><\/span>\n\t\t<\/label>\n\t\t<div id=\"msg\"><\/div>\n\t\t<div id=\"error\" class=\"error\">\n\t\t<\/div>\n\t<\/form>\n<\/div><!-- \/new-form -->\n\n\n\n<\/p><h2 class=\"wp-block-heading\" id=\"h-quais-sao-as-obras-literarias-cobradas-no-vestibular-da-ufgd\"><span class=\"ez-toc-section\" id=\"Quais-sao-as-obras-literarias-cobradas-no-vestibular-da-UFGD\"><\/span>Quais s&atilde;o as obras liter&aacute;rias cobradas no vestibular da UFGD?<span class=\"ez-toc-section-end\"><\/span><\/h2><p>Al&eacute;m disso, a institui&ccedil;&atilde;o disponibilizou um conjunto de obras e refer&ecirc;ncias, como livros, filmes, cr&ocirc;nicas e poesias, que devem ser lidos para realizar as quest&otilde;es do vestibular. Veja a seguir:<\/p><h3 class=\"wp-block-heading\" id=\"h-obras-textuais-literarias\">Obras textuais liter&aacute;rias<\/h3><ul class=\"wp-block-list\">\n<li>2023: Sagarana (Jo&atilde;o Guimar&atilde;es Rosa), A Chave de Casa (Tatiana Salem), Torto Arado (Itamar Vieira J&uacute;nior), Poesia Matem&aacute;tica (Mill&ocirc;r Fernandes) e A Solid&atilde;o e a Sozinhez (Humberto Wernecki);<\/li>\n\n\n\n<li>2024: &Uacute;rsula (Maria Firmina dos Reis), 1984 (George Orwell), O Fazedor de Velhos (Rodrigo Lacerda), Vestibular do Pai (Otto Lara Rezende) e Entre a Espada e a Rosa (Marina Colassanti); e<\/li>\n\n\n\n<li><strong>2025:<\/strong> Mem&oacute;rias P&oacute;stumas de Br&aacute;s Cubas (Machado de Assis), O Vendedor de Passados (Jos&eacute; Eduardo Agualusa), Redemoinho em Dia Quente (Jarid Arraes), Tabacaria (Fernando Pessoa) e A Ca&ccedil;ada (Lygia Fagundes Telles).<\/li>\n<\/ul><h3 class=\"wp-block-heading\" id=\"h-obras-textuais-normativas\">Obras textuais normativas<\/h3><ul class=\"wp-block-list\">\n<li>2023, 2024 e 2025: Declara&ccedil;&atilde;o Universal dos Direitos Humanos (ONU), Artigos 5&ordm; e 6&ordm; da Constitui&ccedil;&atilde;o Federal Brasileira de 1988 (Presid&ecirc;ncia da Rep&uacute;blica), Artigo 231 da Constitui&ccedil;&atilde;o Federal Brasileira de 1988 (Presid&ecirc;ncia da Rep&uacute;blica), Artigo 7&ordm; da Lei Maria da Penha &ndash; Lei n.&ordm; 11.340, de 07 de agosto de 2006 (Presid&ecirc;ncia da Rep&uacute;blica).<\/li>\n<\/ul><h3 class=\"wp-block-heading\" id=\"h-obras-teatrais\">Obras teatrais<\/h3><ul class=\"wp-block-list\">\n<li>2023: A Partilha (Miguel Falabella);<\/li>\n\n\n\n<li>2024: O Verdugo (Hilda Hurst); e<\/li>\n\n\n\n<li><strong>2025:<\/strong> Ifig&ecirc;nia em &Aacute;ulis &ndash; Trag&eacute;dia do Grego Eur&iacute;pedes (s&eacute;culo IV a.C).<\/li>\n<\/ul><h3 class=\"wp-block-heading\" id=\"h-obras-musicais\">Obras musicais<\/h3><ul class=\"wp-block-list\">\n<li>2023: Inclassific&aacute;veis (Arnaldo Antunes &ndash; Interpreta&ccedil;&atilde;o de Ney Matogrosso), Eju Orendive (Br&ocirc; MC&rsquo;s &ndash; Grupo de Rap Guarani e Kaiow&aacute; da Reserva Ind&iacute;gena de Dourados (MS)) e Sunday Bloody Sunday (U2);<\/li>\n\n\n\n<li>2024: Constru&ccedil;&atilde;o (Chico Buarque de Holanda), AmarElo (Emicida) e Mandela Day (Simple Minds); e<\/li>\n\n\n\n<li><strong>2025:<\/strong> Kizomba, Festa da Ra&ccedil;a (Rodolpho\/Jonas\/Lu&iacute;s Carlos da Vila), Resili&ecirc;ncia (Tribo da Periferia) e Sittin&rsquo; On &ndash; The Dock Of The Bay (Otis Redding).<\/li>\n<\/ul><h3 class=\"wp-block-heading\" id=\"h-obras-plasticas-visuais\">Obras pl&aacute;sticas-visuais<\/h3><ul class=\"wp-block-list\">\n<li>2023: Catedral Metropolitana de Bras&iacute;lia (Oscar Niemeyer), Mural Etnias (Kobra), Grafites de Shamsia Hassani e Tela Os Oper&aacute;rios (Tarsila do Amaral\/Modernismo no Brasil 100 anos em 2022);<\/li>\n\n\n\n<li>2024: Teatro Amazonas (Ant&ocirc;nio Jos&eacute; Fernandes J&uacute;nior), Exercito de Terracota, 210 a.C, Assun&ccedil;&atilde;o da Virgem, Painel da Igreja de S&atilde;o Francisco de Ouro Preto (MG) (Mestre Ata&iacute;de) e Obras do Mestre Vitalino; e<\/li>\n\n\n\n<li><strong>2025:<\/strong> O Mesti&ccedil;o (C&acirc;ndido Portinari), Caverna de Lascaux, Pinturas Rupestres, 15 mil anos a.C, Mural Grafite que homenageia as v&iacute;timas do coronav&iacute;rus ao redor do mundo (Kobra) e Mois&eacute;s (Michelangelo).<\/li>\n<\/ul><h3 class=\"wp-block-heading\" id=\"h-obras-audiovisuais\">Obras Audiovisuais<\/h3><ul class=\"wp-block-list\">\n<li>2023: Gonzaga: de Pai para Filho ((Longa-metragem, 2012, 02h, Drama Biogr&aacute;fico, Brasil) &ndash; Iphan, em 2021, declarou as matrizes tradicionais do forr&oacute; como Patrim&ocirc;nio Cultural do Brasil), O F&iacute;sico (Longa-metragem, 2014. 02h35min., Aventura \/ Drama \/ Hist&oacute;rico, EUA\/Alemanha) e Para onde Foram as Andorinhas? (Document&aacute;rio, 2017, 22min., Brasil);<\/li>\n\n\n\n<li>2024: Get&uacute;lio (Longa-metragem, 2014, 01h40min., Drama Hist&oacute;rico-Biogr&aacute;fico, Brasil), A Fam&iacute;lia B&eacute;lier (Longa-metragem, 2014, 01h46min., Com&eacute;dia, Fran&ccedil;a) e Delinha: a dama do rasqueado (Document&aacute;rio, 2017, 47min., Brasil); e<\/li>\n\n\n\n<li><strong>2025<\/strong>: Que Horas Ela Volta? (Longa-metragem, 2015, 01h54min., Drama, Brasil), Quinhentas Almas (Document&aacute;rio, 2007, 1h44min., Brasil) e Pers&eacute;polis (Longa-metragem, Anima&ccedil;&atilde;o\/Biografia, 2008, 1h35min., Fran&ccedil;a).<\/li>\n<\/ul><h2 class=\"wp-block-heading\" id=\"h-como-e-a-redacao-da-ufgd\"><span class=\"ez-toc-section\" id=\"Como-e-a-redacao-da-UFGD\"><\/span>Como &eacute; a reda&ccedil;&atilde;o da UFGD?<span class=\"ez-toc-section-end\"><\/span><\/h2><p>A reda&ccedil;&atilde;o do vestibular da UFGD pode apresentar diferentes g&ecirc;neros textuais, como descri&ccedil;&atilde;o, narra&ccedil;&atilde;o, exposi&ccedil;&atilde;o-argumentativa, disserta&ccedil;&atilde;o-argumentativa e instrucional. Al&eacute;m disso, o texto deve respeitar a norma culta da L&iacute;ngua Portuguesa e ser escrito em prosa.&nbsp;<\/p><h2 class=\"wp-block-heading\" id=\"h-calendario-vestibular-ufgd-2025\"><span class=\"ez-toc-section\" id=\"Calendario-Vestibular-UFGD-2025\"><\/span>Calend&aacute;rio Vestibular UFGD 2025<span class=\"ez-toc-section-end\"><\/span><\/h2><ul class=\"wp-block-list\">\n<li>Publica&ccedil;&atilde;o do edital: 11\/07\/2024;<\/li>\n\n\n\n<li>Inscri&ccedil;&otilde;es: 15\/07 a 13\/09\/2024;<\/li>\n\n\n\n<li>Solicita&ccedil;&atilde;o de isen&ccedil;&atilde;o de taxa: 15\/07 a 25\/08\/2024;<\/li>\n\n\n\n<li>Resultado da an&aacute;lise de isen&ccedil;&atilde;o: 03\/09\/2024;<\/li>\n\n\n\n<li>Prazo final para pagamento da inscri&ccedil;&atilde;o: 16\/09\/2024;<\/li>\n\n\n\n<li>Locais de prova: 15\/10\/2024;<\/li>\n\n\n\n<li>Prova: 20\/10\/2024;<\/li>\n\n\n\n<li>Divulga&ccedil;&atilde;o do gabarito preliminar: 21\/10\/2024;<\/li>\n\n\n\n<li>Divulga&ccedil;&atilde;o do gabarito definitivo: 13\/11\/2024;<\/li>\n\n\n\n<li>Resultado preliminar: 13\/12\/2024;<\/li>\n\n\n\n<li>Resultado final: 19\/12\/2024;<\/li>\n\n\n\n<li>Matr&iacute;cula e primeira chamada: 10\/01\/2025.<\/li>\n<\/ul><h2 class=\"wp-block-heading\" id=\"h-estude-com-o-estrategia-vestibulares\"><span class=\"ez-toc-section\" id=\"Estude-com-o-Estrategia-Vestibulares\"><\/span>Estude com o Estrat&eacute;gia Vestibulares<span class=\"ez-toc-section-end\"><\/span><\/h2><p>Tem interesse em realizar o vestibular da UFGD? N&atilde;o deixe de acompanhar o Estrat&eacute;gia Vestibulares. Aqui voc&ecirc; encontra cursos, corre&ccedil;&atilde;o de reda&ccedil;&otilde;es e simulados preparat&oacute;rios que te ajudar&atilde;o nesta jornada!<\/p><p>\n\n\n\n<a id=\"cta\" class=\"cta-imagem\" href=\"https:\/\/vestibulares.estrategia.com\/curso\/pacote-ufgd\/\" target=\"blank\">\n                <img decoding=\"async\" width=\"100%\" src=\"https:\/\/vestibulares.estrategia.com\/portal\/wp-content\/uploads\/2021\/12\/UFGD.jpg\" alt=\"CTA Curso UFGD\" title=\"CTA CURSO UFGD\">\n        <\/a>\n\n\n<\/p><\/p>\n","protected":false},"excerpt":{"rendered":"Saiba mais sobre a prova do vestibular da UFGD, como provas, quest\u00f5es, reda\u00e7\u00e3o, formas de ingresso e cursos\n","protected":false},"author":29,"featured_media":87125,"comment_status":"closed","ping_status":"closed","sticky":false,"template":"","format":"standard","meta":{"wl_entities_gutenberg":"","footnotes":""},"categories":[35],"tags":[],"wl_entity_type":[732],"class_list":{"0":"post-87124","1":"post","2":"type-post","3":"status-publish","4":"format-standard","5":"has-post-thumbnail","7":"category-vestibulares","8":"wl_entity_type-article"},"acf":[],"yoast_head":"<!-- This site is optimized with the Yoast SEO Premium plugin v25.9 (Yoast SEO v25.9) - https:\/\/yoast.com\/wordpress\/plugins\/seo\/ -->\n<title>Como \u00e9 a prova do vestibular da UFGD?<\/title>\n<meta name=\"description\" content=\"Saiba mais sobre a prova do vestibular da UFGD, como provas, quest\u00f5es, reda\u00e7\u00e3o, formas de ingresso e cursos\" \/>\n<meta name=\"robots\" content=\"index, follow, max-snippet:-1, max-image-preview:large, max-video-preview:-1\" \/>\n<link rel=\"canonical\" href=\"https:\/\/vestibulares.estrategia.com\/portal\/enem-e-vestibulares\/vestibulares\/como-e-a-prova-do-vestibular-da-ufgd\/\" \/>\n<meta property=\"og:locale\" content=\"pt_BR\" \/>\n<meta property=\"og:type\" content=\"article\" \/>\n<meta property=\"og:title\" content=\"Como \u00e9 a prova do vestibular da UFGD?\" \/>\n<meta property=\"og:description\" content=\"Saiba mais sobre a prova do vestibular da UFGD, como provas, quest\u00f5es, reda\u00e7\u00e3o, formas de ingresso e cursos\" \/>\n<meta property=\"og:url\" content=\"https:\/\/vestibulares.estrategia.com\/portal\/enem-e-vestibulares\/vestibulares\/como-e-a-prova-do-vestibular-da-ufgd\/\" \/>\n<meta property=\"og:site_name\" content=\"Estrat\u00e9gia Vestibulares\" \/>\n<meta property=\"article:publisher\" content=\"https:\/\/facebook.com\/estrategiavestibulares\" \/>\n<meta property=\"article:published_time\" content=\"2023-01-31T12:34:08+00:00\" \/>\n<meta property=\"article:modified_time\" content=\"2024-10-18T21:46:23+00:00\" \/>\n<meta property=\"og:image\" content=\"https:\/\/vestibulares.estrategia.com\/portal\/wp-content\/uploads\/2023\/01\/pexels-yan-krukau-8199135.jpg\" \/>\n\t<meta property=\"og:image:width\" content=\"1280\" \/>\n\t<meta property=\"og:image:height\" content=\"720\" \/>\n\t<meta property=\"og:image:type\" content=\"image\/jpeg\" \/>\n<meta name=\"author\" content=\"J\u00falia Wasko\" \/>\n<meta name=\"twitter:card\" content=\"summary_large_image\" \/>\n<meta name=\"twitter:creator\" content=\"@Estrategiavest\" \/>\n<meta name=\"twitter:site\" content=\"@Estrategiavest\" \/>\n<meta name=\"twitter:label1\" content=\"Escrito por\" \/>\n\t<meta name=\"twitter:data1\" content=\"J\u00falia Wasko\" \/>\n\t<meta name=\"twitter:label2\" content=\"Est. tempo de leitura\" \/>\n\t<meta name=\"twitter:data2\" content=\"5 minutos\" \/>\n<script type=\"application\/ld+json\" class=\"yoast-schema-graph\">{\"@context\":\"https:\/\/schema.org\",\"@graph\":[{\"@type\":\"Article\",\"@id\":\"https:\/\/vestibulares.estrategia.com\/portal\/enem-e-vestibulares\/vestibulares\/como-e-a-prova-do-vestibular-da-ufgd\/#article\",\"isPartOf\":{\"@id\":\"https:\/\/vestibulares.estrategia.com\/portal\/enem-e-vestibulares\/vestibulares\/como-e-a-prova-do-vestibular-da-ufgd\/\"},\"author\":{\"name\":\"J\u00falia Wasko\",\"@id\":\"https:\/\/vestibulares.estrategia.com\/portal\/#\/schema\/person\/83d5c517a965e3fd3fc7016a981cb8fe\"},\"headline\":\"Como \u00e9 a prova do vestibular da UFGD?\",\"datePublished\":\"2023-01-31T12:34:08+00:00\",\"dateModified\":\"2024-10-18T21:46:23+00:00\",\"mainEntityOfPage\":{\"@id\":\"https:\/\/vestibulares.estrategia.com\/portal\/enem-e-vestibulares\/vestibulares\/como-e-a-prova-do-vestibular-da-ufgd\/\"},\"wordCount\":1072,\"publisher\":{\"@id\":\"https:\/\/vestibulares.estrategia.com\/portal\/#organization\"},\"image\":{\"@id\":\"https:\/\/vestibulares.estrategia.com\/portal\/enem-e-vestibulares\/vestibulares\/como-e-a-prova-do-vestibular-da-ufgd\/#primaryimage\"},\"thumbnailUrl\":\"https:\/\/vestibulares.estrategia.com\/portal\/wp-content\/uploads\/2023\/01\/pexels-yan-krukau-8199135.jpg\",\"articleSection\":[\"Vestibulares\"],\"inLanguage\":\"pt-BR\"},{\"@type\":\"WebPage\",\"@id\":\"https:\/\/vestibulares.estrategia.com\/portal\/enem-e-vestibulares\/vestibulares\/como-e-a-prova-do-vestibular-da-ufgd\/\",\"url\":\"https:\/\/vestibulares.estrategia.com\/portal\/enem-e-vestibulares\/vestibulares\/como-e-a-prova-do-vestibular-da-ufgd\/\",\"name\":\"Como \u00e9 a prova do vestibular da UFGD?\",\"isPartOf\":{\"@id\":\"https:\/\/vestibulares.estrategia.com\/portal\/#website\"},\"primaryImageOfPage\":{\"@id\":\"https:\/\/vestibulares.estrategia.com\/portal\/enem-e-vestibulares\/vestibulares\/como-e-a-prova-do-vestibular-da-ufgd\/#primaryimage\"},\"image\":{\"@id\":\"https:\/\/vestibulares.estrategia.com\/portal\/enem-e-vestibulares\/vestibulares\/como-e-a-prova-do-vestibular-da-ufgd\/#primaryimage\"},\"thumbnailUrl\":\"https:\/\/vestibulares.estrategia.com\/portal\/wp-content\/uploads\/2023\/01\/pexels-yan-krukau-8199135.jpg\",\"datePublished\":\"2023-01-31T12:34:08+00:00\",\"dateModified\":\"2024-10-18T21:46:23+00:00\",\"description\":\"Saiba mais sobre a prova do vestibular da UFGD, como provas, quest\u00f5es, reda\u00e7\u00e3o, formas de ingresso e cursos\",\"breadcrumb\":{\"@id\":\"https:\/\/vestibulares.estrategia.com\/portal\/enem-e-vestibulares\/vestibulares\/como-e-a-prova-do-vestibular-da-ufgd\/#breadcrumb\"},\"inLanguage\":\"pt-BR\",\"potentialAction\":[{\"@type\":\"ReadAction\",\"target\":[\"https:\/\/vestibulares.estrategia.com\/portal\/enem-e-vestibulares\/vestibulares\/como-e-a-prova-do-vestibular-da-ufgd\/\"]}]},{\"@type\":\"ImageObject\",\"inLanguage\":\"pt-BR\",\"@id\":\"https:\/\/vestibulares.estrategia.com\/portal\/enem-e-vestibulares\/vestibulares\/como-e-a-prova-do-vestibular-da-ufgd\/#primaryimage\",\"url\":\"https:\/\/vestibulares.estrategia.com\/portal\/wp-content\/uploads\/2023\/01\/pexels-yan-krukau-8199135.jpg\",\"contentUrl\":\"https:\/\/vestibulares.estrategia.com\/portal\/wp-content\/uploads\/2023\/01\/pexels-yan-krukau-8199135.jpg\",\"width\":1280,\"height\":720,\"caption\":\"como \u00e9 a prova do vestibular da UFGD\"},{\"@type\":\"BreadcrumbList\",\"@id\":\"https:\/\/vestibulares.estrategia.com\/portal\/enem-e-vestibulares\/vestibulares\/como-e-a-prova-do-vestibular-da-ufgd\/#breadcrumb\",\"itemListElement\":[{\"@type\":\"ListItem\",\"position\":1,\"name\":\"Home\",\"item\":\"https:\/\/vestibulares.estrategia.com\/portal\/\"},{\"@type\":\"ListItem\",\"position\":2,\"name\":\"Enem e Vestibulares\",\"item\":\"https:\/\/vestibulares.estrategia.com\/portal\/enem-e-vestibulares\/\"},{\"@type\":\"ListItem\",\"position\":3,\"name\":\"Vestibulares\",\"item\":\"https:\/\/vestibulares.estrategia.com\/portal\/enem-e-vestibulares\/vestibulares\/\"},{\"@type\":\"ListItem\",\"position\":4,\"name\":\"Como \u00e9 a prova do vestibular da UFGD?\"}]},{\"@type\":\"WebSite\",\"@id\":\"https:\/\/vestibulares.estrategia.com\/portal\/#website\",\"url\":\"https:\/\/vestibulares.estrategia.com\/portal\/\",\"name\":\"Estrat\u00e9gia Vestibulares\",\"description\":\"\",\"publisher\":{\"@id\":\"https:\/\/vestibulares.estrategia.com\/portal\/#organization\"},\"potentialAction\":[{\"@type\":\"SearchAction\",\"target\":{\"@type\":\"EntryPoint\",\"urlTemplate\":\"https:\/\/vestibulares.estrategia.com\/portal\/?s={search_term_string}\"},\"query-input\":{\"@type\":\"PropertyValueSpecification\",\"valueRequired\":true,\"valueName\":\"search_term_string\"}}],\"inLanguage\":\"pt-BR\"},{\"@type\":\"Organization\",\"@id\":\"https:\/\/vestibulares.estrategia.com\/portal\/#organization\",\"name\":\"Estrat\u00e9gia Vestibulares\",\"url\":\"https:\/\/vestibulares.estrategia.com\/portal\/\",\"logo\":{\"@type\":\"ImageObject\",\"inLanguage\":\"pt-BR\",\"@id\":\"https:\/\/vestibulares.estrategia.com\/portal\/#\/schema\/logo\/image\/\",\"url\":\"https:\/\/vestibulares.estrategia.com\/portal\/wp-content\/uploads\/2021\/06\/Logo-Vestibulares@4x.png\",\"contentUrl\":\"https:\/\/vestibulares.estrategia.com\/portal\/wp-content\/uploads\/2021\/06\/Logo-Vestibulares@4x.png\",\"width\":250,\"height\":66,\"caption\":\"Estrat\u00e9gia Vestibulares\"},\"image\":{\"@id\":\"https:\/\/vestibulares.estrategia.com\/portal\/#\/schema\/logo\/image\/\"},\"sameAs\":[\"https:\/\/facebook.com\/estrategiavestibulares\",\"https:\/\/x.com\/Estrategiavest\",\"https:\/\/www.instagram.com\/estrategiavestibulares\",\"https:\/\/www.youtube.com\/channel\/UCGWdZy8ULI-7_5GrABa4vNA\"]},{\"@type\":\"Person\",\"@id\":\"https:\/\/vestibulares.estrategia.com\/portal\/#\/schema\/person\/83d5c517a965e3fd3fc7016a981cb8fe\",\"name\":\"J\u00falia Wasko\",\"image\":{\"@type\":\"ImageObject\",\"inLanguage\":\"pt-BR\",\"@id\":\"https:\/\/vestibulares.estrategia.com\/portal\/#\/schema\/person\/image\/\",\"url\":\"https:\/\/secure.gravatar.com\/avatar\/dab6fb308a491eea989a46ec58d3714d?s=96&d=mm&r=g\",\"contentUrl\":\"https:\/\/secure.gravatar.com\/avatar\/dab6fb308a491eea989a46ec58d3714d?s=96&d=mm&r=g\",\"caption\":\"J\u00falia Wasko\"},\"description\":\"Curso Jornalismo e sou apaixonada por entretenimento, comunica\u00e7\u00e3o e not\u00edcia! Adoro ler e curtir momentos com fam\u00edlia e amigos!\",\"url\":\"https:\/\/vestibulares.estrategia.com\/portal\/author\/julia-martins\/\"}]}<\/script>\n<!-- \/ Yoast SEO Premium plugin. -->","yoast_head_json":{"title":"Como \u00e9 a prova do vestibular da UFGD?","description":"Saiba mais sobre a prova do vestibular da UFGD, como provas, quest\u00f5es, reda\u00e7\u00e3o, formas de ingresso e cursos","robots":{"index":"index","follow":"follow","max-snippet":"max-snippet:-1","max-image-preview":"max-image-preview:large","max-video-preview":"max-video-preview:-1"},"canonical":"https:\/\/vestibulares.estrategia.com\/portal\/enem-e-vestibulares\/vestibulares\/como-e-a-prova-do-vestibular-da-ufgd\/","og_locale":"pt_BR","og_type":"article","og_title":"Como \u00e9 a prova do vestibular da UFGD?","og_description":"Saiba mais sobre a prova do vestibular da UFGD, como provas, quest\u00f5es, reda\u00e7\u00e3o, formas de ingresso e cursos","og_url":"https:\/\/vestibulares.estrategia.com\/portal\/enem-e-vestibulares\/vestibulares\/como-e-a-prova-do-vestibular-da-ufgd\/","og_site_name":"Estrat\u00e9gia Vestibulares","article_publisher":"https:\/\/facebook.com\/estrategiavestibulares","article_published_time":"2023-01-31T12:34:08+00:00","article_modified_time":"2024-10-18T21:46:23+00:00","og_image":[{"width":1280,"height":720,"url":"https:\/\/vestibulares.estrategia.com\/portal\/wp-content\/uploads\/2023\/01\/pexels-yan-krukau-8199135.jpg","type":"image\/jpeg"}],"author":"J\u00falia Wasko","twitter_card":"summary_large_image","twitter_creator":"@Estrategiavest","twitter_site":"@Estrategiavest","twitter_misc":{"Escrito por":"J\u00falia Wasko","Est. tempo de leitura":"5 minutos"},"schema":{"@context":"https:\/\/schema.org","@graph":[{"@type":"Article","@id":"https:\/\/vestibulares.estrategia.com\/portal\/enem-e-vestibulares\/vestibulares\/como-e-a-prova-do-vestibular-da-ufgd\/#article","isPartOf":{"@id":"https:\/\/vestibulares.estrategia.com\/portal\/enem-e-vestibulares\/vestibulares\/como-e-a-prova-do-vestibular-da-ufgd\/"},"author":{"name":"J\u00falia Wasko","@id":"https:\/\/vestibulares.estrategia.com\/portal\/#\/schema\/person\/83d5c517a965e3fd3fc7016a981cb8fe"},"headline":"Como \u00e9 a prova do vestibular da UFGD?","datePublished":"2023-01-31T12:34:08+00:00","dateModified":"2024-10-18T21:46:23+00:00","mainEntityOfPage":{"@id":"https:\/\/vestibulares.estrategia.com\/portal\/enem-e-vestibulares\/vestibulares\/como-e-a-prova-do-vestibular-da-ufgd\/"},"wordCount":1072,"publisher":{"@id":"https:\/\/vestibulares.estrategia.com\/portal\/#organization"},"image":{"@id":"https:\/\/vestibulares.estrategia.com\/portal\/enem-e-vestibulares\/vestibulares\/como-e-a-prova-do-vestibular-da-ufgd\/#primaryimage"},"thumbnailUrl":"https:\/\/vestibulares.estrategia.com\/portal\/wp-content\/uploads\/2023\/01\/pexels-yan-krukau-8199135.jpg","articleSection":["Vestibulares"],"inLanguage":"pt-BR"},{"@type":"WebPage","@id":"https:\/\/vestibulares.estrategia.com\/portal\/enem-e-vestibulares\/vestibulares\/como-e-a-prova-do-vestibular-da-ufgd\/","url":"https:\/\/vestibulares.estrategia.com\/portal\/enem-e-vestibulares\/vestibulares\/como-e-a-prova-do-vestibular-da-ufgd\/","name":"Como \u00e9 a prova do vestibular da UFGD?","isPartOf":{"@id":"https:\/\/vestibulares.estrategia.com\/portal\/#website"},"primaryImageOfPage":{"@id":"https:\/\/vestibulares.estrategia.com\/portal\/enem-e-vestibulares\/vestibulares\/como-e-a-prova-do-vestibular-da-ufgd\/#primaryimage"},"image":{"@id":"https:\/\/vestibulares.estrategia.com\/portal\/enem-e-vestibulares\/vestibulares\/como-e-a-prova-do-vestibular-da-ufgd\/#primaryimage"},"thumbnailUrl":"https:\/\/vestibulares.estrategia.com\/portal\/wp-content\/uploads\/2023\/01\/pexels-yan-krukau-8199135.jpg","datePublished":"2023-01-31T12:34:08+00:00","dateModified":"2024-10-18T21:46:23+00:00","description":"Saiba mais sobre a prova do vestibular da UFGD, como provas, quest\u00f5es, reda\u00e7\u00e3o, formas de ingresso e cursos","breadcrumb":{"@id":"https:\/\/vestibulares.estrategia.com\/portal\/enem-e-vestibulares\/vestibulares\/como-e-a-prova-do-vestibular-da-ufgd\/#breadcrumb"},"inLanguage":"pt-BR","potentialAction":[{"@type":"ReadAction","target":["https:\/\/vestibulares.estrategia.com\/portal\/enem-e-vestibulares\/vestibulares\/como-e-a-prova-do-vestibular-da-ufgd\/"]}]},{"@type":"ImageObject","inLanguage":"pt-BR","@id":"https:\/\/vestibulares.estrategia.com\/portal\/enem-e-vestibulares\/vestibulares\/como-e-a-prova-do-vestibular-da-ufgd\/#primaryimage","url":"https:\/\/vestibulares.estrategia.com\/portal\/wp-content\/uploads\/2023\/01\/pexels-yan-krukau-8199135.jpg","contentUrl":"https:\/\/vestibulares.estrategia.com\/portal\/wp-content\/uploads\/2023\/01\/pexels-yan-krukau-8199135.jpg","width":1280,"height":720,"caption":"como \u00e9 a prova do vestibular da UFGD"},{"@type":"BreadcrumbList","@id":"https:\/\/vestibulares.estrategia.com\/portal\/enem-e-vestibulares\/vestibulares\/como-e-a-prova-do-vestibular-da-ufgd\/#breadcrumb","itemListElement":[{"@type":"ListItem","position":1,"name":"Home","item":"https:\/\/vestibulares.estrategia.com\/portal\/"},{"@type":"ListItem","position":2,"name":"Enem e Vestibulares","item":"https:\/\/vestibulares.estrategia.com\/portal\/enem-e-vestibulares\/"},{"@type":"ListItem","position":3,"name":"Vestibulares","item":"https:\/\/vestibulares.estrategia.com\/portal\/enem-e-vestibulares\/vestibulares\/"},{"@type":"ListItem","position":4,"name":"Como \u00e9 a prova do vestibular da UFGD?"}]},{"@type":"WebSite","@id":"https:\/\/vestibulares.estrategia.com\/portal\/#website","url":"https:\/\/vestibulares.estrategia.com\/portal\/","name":"Estrat\u00e9gia Vestibulares","description":"","publisher":{"@id":"https:\/\/vestibulares.estrategia.com\/portal\/#organization"},"potentialAction":[{"@type":"SearchAction","target":{"@type":"EntryPoint","urlTemplate":"https:\/\/vestibulares.estrategia.com\/portal\/?s={search_term_string}"},"query-input":{"@type":"PropertyValueSpecification","valueRequired":true,"valueName":"search_term_string"}}],"inLanguage":"pt-BR"},{"@type":"Organization","@id":"https:\/\/vestibulares.estrategia.com\/portal\/#organization","name":"Estrat\u00e9gia Vestibulares","url":"https:\/\/vestibulares.estrategia.com\/portal\/","logo":{"@type":"ImageObject","inLanguage":"pt-BR","@id":"https:\/\/vestibulares.estrategia.com\/portal\/#\/schema\/logo\/image\/","url":"https:\/\/vestibulares.estrategia.com\/portal\/wp-content\/uploads\/2021\/06\/Logo-Vestibulares@4x.png","contentUrl":"https:\/\/vestibulares.estrategia.com\/portal\/wp-content\/uploads\/2021\/06\/Logo-Vestibulares@4x.png","width":250,"height":66,"caption":"Estrat\u00e9gia Vestibulares"},"image":{"@id":"https:\/\/vestibulares.estrategia.com\/portal\/#\/schema\/logo\/image\/"},"sameAs":["https:\/\/facebook.com\/estrategiavestibulares","https:\/\/x.com\/Estrategiavest","https:\/\/www.instagram.com\/estrategiavestibulares","https:\/\/www.youtube.com\/channel\/UCGWdZy8ULI-7_5GrABa4vNA"]},{"@type":"Person","@id":"https:\/\/vestibulares.estrategia.com\/portal\/#\/schema\/person\/83d5c517a965e3fd3fc7016a981cb8fe","name":"J\u00falia Wasko","image":{"@type":"ImageObject","inLanguage":"pt-BR","@id":"https:\/\/vestibulares.estrategia.com\/portal\/#\/schema\/person\/image\/","url":"https:\/\/secure.gravatar.com\/avatar\/dab6fb308a491eea989a46ec58d3714d?s=96&d=mm&r=g","contentUrl":"https:\/\/secure.gravatar.com\/avatar\/dab6fb308a491eea989a46ec58d3714d?s=96&d=mm&r=g","caption":"J\u00falia Wasko"},"description":"Curso Jornalismo e sou apaixonada por entretenimento, comunica\u00e7\u00e3o e not\u00edcia! Adoro ler e curtir momentos com fam\u00edlia e amigos!","url":"https:\/\/vestibulares.estrategia.com\/portal\/author\/julia-martins\/"}]}},"_wl_alt_label":[],"wl:entity_url":"https:\/\/data.wordlift.io\/wl110249\/post\/como-e-a-prova-do-vestibular-da-ufgd","_links":{"self":[{"href":"https:\/\/vestibulares.estrategia.com\/portal\/wp-json\/wp\/v2\/posts\/87124","targetHints":{"allow":["GET"]}}],"collection":[{"href":"https:\/\/vestibulares.estrategia.com\/portal\/wp-json\/wp\/v2\/posts"}],"about":[{"href":"https:\/\/vestibulares.estrategia.com\/portal\/wp-json\/wp\/v2\/types\/post"}],"author":[{"embeddable":true,"href":"https:\/\/vestibulares.estrategia.com\/portal\/wp-json\/wp\/v2\/users\/29"}],"replies":[{"embeddable":true,"href":"https:\/\/vestibulares.estrategia.com\/portal\/wp-json\/wp\/v2\/comments?post=87124"}],"version-history":[{"count":3,"href":"https:\/\/vestibulares.estrategia.com\/portal\/wp-json\/wp\/v2\/posts\/87124\/revisions"}],"predecessor-version":[{"id":127187,"href":"https:\/\/vestibulares.estrategia.com\/portal\/wp-json\/wp\/v2\/posts\/87124\/revisions\/127187"}],"wp:featuredmedia":[{"embeddable":true,"href":"https:\/\/vestibulares.estrategia.com\/portal\/wp-json\/wp\/v2\/media\/87125"}],"wp:attachment":[{"href":"https:\/\/vestibulares.estrategia.com\/portal\/wp-json\/wp\/v2\/media?parent=87124"}],"wp:term":[{"taxonomy":"category","embeddable":true,"href":"https:\/\/vestibulares.estrategia.com\/portal\/wp-json\/wp\/v2\/categories?post=87124"},{"taxonomy":"post_tag","embeddable":true,"href":"https:\/\/vestibulares.estrategia.com\/portal\/wp-json\/wp\/v2\/tags?post=87124"},{"taxonomy":"wl_entity_type","embeddable":true,"href":"https:\/\/vestibulares.estrategia.com\/portal\/wp-json\/wp\/v2\/wl_entity_type?post=87124"}],"curies":[{"name":"wp","href":"https:\/\/api.w.org\/{rel}","templated":true}]}}