{"id":87256,"date":"2023-02-03T09:22:10","date_gmt":"2023-02-03T12:22:10","guid":{"rendered":"https:\/\/vestibulares.estrategia.com\/portal\/?p=87256"},"modified":"2026-01-12T13:51:19","modified_gmt":"2026-01-12T16:51:19","slug":"ufrn-sisu-cursos-vagas-como-ingressar-e-muito-mais","status":"publish","type":"post","link":"https:\/\/vestibulares.estrategia.com\/portal\/enem-e-vestibulares\/ufrn-sisu-cursos-vagas-como-ingressar-e-muito-mais\/","title":{"rendered":"UFRN: Sisu, cursos, vagas, como ingressar e muito mais"},"content":{"rendered":"<p>A Universidade Federal do Rio Grande do Norte (UFRN) &eacute; considerada uma das melhores institui&ccedil;&otilde;es de Ensino Superior do Brasil. Quer saber mais sobre a institui&ccedil;&atilde;o e como ingressar nos cursos de gradua&ccedil;&atilde;o? Com o Estrat&eacute;gia Vestibulares voc&ecirc; tem acesso a todas as informa&ccedil;&otilde;es, cursos e simulados preparat&oacute;rios, al&eacute;m de saber mais sobre a universidade.<div class=\"wp-block-buttons is-content-justification-center is-layout-flex wp-container-core-buttons-is-layout-1 wp-block-buttons-is-layout-flex\">\n<div class=\"wp-block-button\"><a class=\"wp-block-button__link wp-element-button\" href=\"https:\/\/vestibulares.estrategia.com\/portal\/enem-e-vestibulares\/enem\/calendario-enem\/\" target=\"_blank\">CONFIRA O CALEND&Aacute;RIO ENEM<\/a><\/div>\n<\/div><p>\n\n\n\n<div class=\"cta-medio\" style=\"background-image: url(https:\/\/vestibulares.estrategia.com\/portal\/wp-content\/uploads\/2024\/08\/curso-enem-1-estrategia-vestibulares-ctamedio.jpg);\"><h3>Pacote Enem TOP <\/h3> <p>Estude com o Estrat\u00e9gia Vestibulares<\/p><div class=\"cta-botao\"><a id=\"cta-medio\" href=\"https:\/\/vestibulares.estrategia.com\/curso\/enem-top\/\" target=\"_blank\" style=\"background:rgb(255,150,0)\">Saiba mais<\/a><\/div><\/div>\n\n\n\n<\/p><div id=\"ez-toc-container\" class=\"ez-toc-v2_0_76 counter-hierarchy ez-toc-counter ez-toc-transparent ez-toc-container-direction\">\n<div class=\"ez-toc-title-container\"><p class=\"ez-toc-title\" style=\"cursor:inherit\">Navegue pelo conte\u00fado<\/p>\n<\/div><nav><ul class='ez-toc-list ez-toc-list-level-1 ' ><li class='ez-toc-page-1 ez-toc-heading-level-2'><a class=\"ez-toc-link ez-toc-heading-1\" href=\"https:\/\/vestibulares.estrategia.com\/portal\/enem-e-vestibulares\/ufrn-sisu-cursos-vagas-como-ingressar-e-muito-mais\/#Sobre-a-UFRN\" >Sobre a UFRN<\/a><\/li><li class='ez-toc-page-1 ez-toc-heading-level-2'><a class=\"ez-toc-link ez-toc-heading-2\" href=\"https:\/\/vestibulares.estrategia.com\/portal\/enem-e-vestibulares\/ufrn-sisu-cursos-vagas-como-ingressar-e-muito-mais\/#Calendario-Enem-e-Sisu\" >Calend&aacute;rio Enem e Sisu<\/a><\/li><li class='ez-toc-page-1 ez-toc-heading-level-2'><a class=\"ez-toc-link ez-toc-heading-3\" href=\"https:\/\/vestibulares.estrategia.com\/portal\/enem-e-vestibulares\/ufrn-sisu-cursos-vagas-como-ingressar-e-muito-mais\/#Como-ingressar-na-UFRN\" >Como ingressar na UFRN<\/a><\/li><li class='ez-toc-page-1 ez-toc-heading-level-2'><a class=\"ez-toc-link ez-toc-heading-4\" href=\"https:\/\/vestibulares.estrategia.com\/portal\/enem-e-vestibulares\/ufrn-sisu-cursos-vagas-como-ingressar-e-muito-mais\/#Como-funciona-o-Sisu\" >Como funciona o Sisu?<\/a><\/li><li class='ez-toc-page-1 ez-toc-heading-level-2'><a class=\"ez-toc-link ez-toc-heading-5\" href=\"https:\/\/vestibulares.estrategia.com\/portal\/enem-e-vestibulares\/ufrn-sisu-cursos-vagas-como-ingressar-e-muito-mais\/#Quais-sao-as-modalidades-de-concorrencia\" >Quais s&atilde;o as modalidades de concorr&ecirc;ncia?<\/a><\/li><li class='ez-toc-page-1 ez-toc-heading-level-2'><a class=\"ez-toc-link ez-toc-heading-6\" href=\"https:\/\/vestibulares.estrategia.com\/portal\/enem-e-vestibulares\/ufrn-sisu-cursos-vagas-como-ingressar-e-muito-mais\/#Lei-de-Cotas-Sisu\" >Lei de Cotas Sisu<\/a><\/li><li class='ez-toc-page-1 ez-toc-heading-level-2'><a class=\"ez-toc-link ez-toc-heading-7\" href=\"https:\/\/vestibulares.estrategia.com\/portal\/enem-e-vestibulares\/ufrn-sisu-cursos-vagas-como-ingressar-e-muito-mais\/#Resultado-e-abertura-das-inscricoes-do-Sisu\" >Resultado e abertura das inscri&ccedil;&otilde;es do Sisu<\/a><\/li><li class='ez-toc-page-1 ez-toc-heading-level-2'><a class=\"ez-toc-link ez-toc-heading-8\" href=\"https:\/\/vestibulares.estrategia.com\/portal\/enem-e-vestibulares\/ufrn-sisu-cursos-vagas-como-ingressar-e-muito-mais\/#Acoes-afirmativas-UFRN\" >A&ccedil;&otilde;es afirmativas UFRN<\/a><\/li><li class='ez-toc-page-1 ez-toc-heading-level-2'><a class=\"ez-toc-link ez-toc-heading-9\" href=\"https:\/\/vestibulares.estrategia.com\/portal\/enem-e-vestibulares\/ufrn-sisu-cursos-vagas-como-ingressar-e-muito-mais\/#Como-e-o-Enem\" >Como &eacute; o Enem?<\/a><\/li><li class='ez-toc-page-1 ez-toc-heading-level-2'><a class=\"ez-toc-link ez-toc-heading-10\" href=\"https:\/\/vestibulares.estrategia.com\/portal\/enem-e-vestibulares\/ufrn-sisu-cursos-vagas-como-ingressar-e-muito-mais\/#Locais-de-prova\" >Locais de prova<\/a><\/li><li class='ez-toc-page-1 ez-toc-heading-level-2'><a class=\"ez-toc-link ez-toc-heading-11\" href=\"https:\/\/vestibulares.estrategia.com\/portal\/enem-e-vestibulares\/ufrn-sisu-cursos-vagas-como-ingressar-e-muito-mais\/#O-que-levar-no-dia-da-prova\" >O que levar no dia da prova?<\/a><\/li><li class='ez-toc-page-1 ez-toc-heading-level-2'><a class=\"ez-toc-link ez-toc-heading-12\" href=\"https:\/\/vestibulares.estrategia.com\/portal\/enem-e-vestibulares\/ufrn-sisu-cursos-vagas-como-ingressar-e-muito-mais\/#Como-funciona-a-prova-do-Enem\" >Como funciona a prova do Enem<\/a><\/li><li class='ez-toc-page-1 ez-toc-heading-level-2'><a class=\"ez-toc-link ez-toc-heading-13\" href=\"https:\/\/vestibulares.estrategia.com\/portal\/enem-e-vestibulares\/ufrn-sisu-cursos-vagas-como-ingressar-e-muito-mais\/#Como-e-calculada-a-nota-do-Enem\" >Como &eacute; calculada a nota do Enem?<\/a><\/li><li class='ez-toc-page-1 ez-toc-heading-level-2'><a class=\"ez-toc-link ez-toc-heading-14\" href=\"https:\/\/vestibulares.estrategia.com\/portal\/enem-e-vestibulares\/ufrn-sisu-cursos-vagas-como-ingressar-e-muito-mais\/#Como-funciona-a-redacao-do-Enem\" >Como funciona a reda&ccedil;&atilde;o do Enem<\/a><\/li><li class='ez-toc-page-1 ez-toc-heading-level-2'><a class=\"ez-toc-link ez-toc-heading-15\" href=\"https:\/\/vestibulares.estrategia.com\/portal\/enem-e-vestibulares\/ufrn-sisu-cursos-vagas-como-ingressar-e-muito-mais\/#Como-a-redacao-e-avaliada-pela-banca\" >Como a reda&ccedil;&atilde;o &eacute; avaliada pela banca?<\/a><\/li><li class='ez-toc-page-1 ez-toc-heading-level-2'><a class=\"ez-toc-link ez-toc-heading-16\" href=\"https:\/\/vestibulares.estrategia.com\/portal\/enem-e-vestibulares\/ufrn-sisu-cursos-vagas-como-ingressar-e-muito-mais\/#Veja-os-ultimos-temas-de-redacao-do-Enem\" >Veja os &uacute;ltimos temas de reda&ccedil;&atilde;o do Enem<\/a><\/li><li class='ez-toc-page-1 ez-toc-heading-level-2'><a class=\"ez-toc-link ez-toc-heading-17\" href=\"https:\/\/vestibulares.estrategia.com\/portal\/enem-e-vestibulares\/ufrn-sisu-cursos-vagas-como-ingressar-e-muito-mais\/#Matriz-de-Referencia-Enem\" >Matriz de Refer&ecirc;ncia Enem<\/a><\/li><li class='ez-toc-page-1 ez-toc-heading-level-2'><a class=\"ez-toc-link ez-toc-heading-18\" href=\"https:\/\/vestibulares.estrategia.com\/portal\/enem-e-vestibulares\/ufrn-sisu-cursos-vagas-como-ingressar-e-muito-mais\/#Provas-de-Habilidade-Especificas-UFRN\" >Provas de Habilidade Espec&iacute;ficas UFRN<\/a><\/li><li class='ez-toc-page-1 ez-toc-heading-level-2'><a class=\"ez-toc-link ez-toc-heading-19\" href=\"https:\/\/vestibulares.estrategia.com\/portal\/enem-e-vestibulares\/ufrn-sisu-cursos-vagas-como-ingressar-e-muito-mais\/#Como-se-matricular-na-UFRN\" >Como se matricular na UFRN<\/a><\/li><li class='ez-toc-page-1 ez-toc-heading-level-2'><a class=\"ez-toc-link ez-toc-heading-20\" href=\"https:\/\/vestibulares.estrategia.com\/portal\/enem-e-vestibulares\/ufrn-sisu-cursos-vagas-como-ingressar-e-muito-mais\/#Notas-de-Corte-da-UFRN\" >Notas de Corte da UFRN<\/a><\/li><li class='ez-toc-page-1 ez-toc-heading-level-2'><a class=\"ez-toc-link ez-toc-heading-21\" href=\"https:\/\/vestibulares.estrategia.com\/portal\/enem-e-vestibulares\/ufrn-sisu-cursos-vagas-como-ingressar-e-muito-mais\/#Cursos-da-UFRN\" >Cursos da UFRN<\/a><\/li><li class='ez-toc-page-1 ez-toc-heading-level-2'><a class=\"ez-toc-link ez-toc-heading-22\" href=\"https:\/\/vestibulares.estrategia.com\/portal\/enem-e-vestibulares\/ufrn-sisu-cursos-vagas-como-ingressar-e-muito-mais\/#Campi-e-estrutura-UFRN\" >Campi e estrutura UFRN<\/a><\/li><li class='ez-toc-page-1 ez-toc-heading-level-2'><a class=\"ez-toc-link ez-toc-heading-23\" href=\"https:\/\/vestibulares.estrategia.com\/portal\/enem-e-vestibulares\/ufrn-sisu-cursos-vagas-como-ingressar-e-muito-mais\/#Oportunidades-da-UFRN\" >Oportunidades da UFRN<\/a><\/li><li class='ez-toc-page-1 ez-toc-heading-level-2'><a class=\"ez-toc-link ez-toc-heading-24\" href=\"https:\/\/vestibulares.estrategia.com\/portal\/enem-e-vestibulares\/ufrn-sisu-cursos-vagas-como-ingressar-e-muito-mais\/#Auxilios-e-permanencia-estudantil\" >Aux&iacute;lios e perman&ecirc;ncia estudantil<\/a><\/li><li class='ez-toc-page-1 ez-toc-heading-level-2'><a class=\"ez-toc-link ez-toc-heading-25\" href=\"https:\/\/vestibulares.estrategia.com\/portal\/enem-e-vestibulares\/ufrn-sisu-cursos-vagas-como-ingressar-e-muito-mais\/#Baixe-gratis-o-e-book-sobre-permanencia-estudantil\" >Baixe gr&aacute;tis o e-book sobre perman&ecirc;ncia estudantil<\/a><\/li><li class='ez-toc-page-1 ez-toc-heading-level-2'><a class=\"ez-toc-link ez-toc-heading-26\" href=\"https:\/\/vestibulares.estrategia.com\/portal\/enem-e-vestibulares\/ufrn-sisu-cursos-vagas-como-ingressar-e-muito-mais\/#Confira-os-cursos-Enem-do-Estrategia-Vestibulares\" >Confira os cursos Enem do Estrat&eacute;gia Vestibulares<\/a><\/li><li class='ez-toc-page-1 ez-toc-heading-level-2'><a class=\"ez-toc-link ez-toc-heading-27\" href=\"https:\/\/vestibulares.estrategia.com\/portal\/enem-e-vestibulares\/ufrn-sisu-cursos-vagas-como-ingressar-e-muito-mais\/#Veja-tambem\" >Veja tamb&eacute;m:<\/a><\/li><\/ul><\/nav><\/div>\n<h2 class=\"wp-block-heading\" id=\"h-sobre-a-ufrn\"><span class=\"ez-toc-section\" id=\"Sobre-a-UFRN\"><\/span>Sobre a UFRN<span class=\"ez-toc-section-end\"><\/span><\/h2><p>A Universidade Federal do Rio Grande do Norte, anteriormente nomeada Universidade do Rio Grande do Norte, foi fundada em 1958 e federalizada dois anos depois. Neste in&iacute;cio, a institui&ccedil;&atilde;o era formada por poucos centros universit&aacute;rios, mas foi se modificando para ampliar e contribuir para o desenvolvimento dos estudantes.<\/p><p>Atualmente, a universidade concentra-se em cinco campus e oferece 82 cursos de gradua&ccedil;&atilde;o. O curso de M&uacute;sica foi o &uacute;nico do Pa&iacute;s avaliado com cinco estrelas pelo Guia da Faculdade, tornando-se refer&ecirc;ncia para os estudantes que buscam ingressar na &aacute;rea.<\/p><p>A institui&ccedil;&atilde;o possui mais de 43 mil estudantes matriculados em cursos de gradua&ccedil;&atilde;o e p&oacute;s-gradua&ccedil;&atilde;o. De acordo com o Times Higher Education World University Rankings 2023, a universidade ocupa a 13&deg; posi&ccedil;&atilde;o entre as melhores institui&ccedil;&otilde;es de Ensino Superior do Brasil.<\/p><p>Al&eacute;m disso, a universidade ocupa a segunda posi&ccedil;&atilde;o entre as institui&ccedil;&otilde;es que mais oferecem vagas no Sisu. A UFRN costuma oferecer aproximadamente 7 mil vagas de ingresso pelo Sisu.<\/p><h2 class=\"wp-block-heading\" id=\"h-calendario-enem-e-sisu\"><span class=\"ez-toc-section\" id=\"Calendario-Enem-e-Sisu\"><\/span>Calend&aacute;rio Enem e Sisu<span class=\"ez-toc-section-end\"><\/span><\/h2><h3 class=\"wp-block-heading\" id=\"h-enem-2025\">Enem 2025<\/h3><ul class=\"wp-block-list\">\n<li><strong>Divulga&ccedil;&atilde;o do edital<\/strong><br>23\/05\/2025 &ndash;&nbsp;<a href=\"https:\/\/vestibulares.estrategia.com\/portal\/noticias\/edital-enem-2024-completo-datas-inscricoes-provas-e-resultado\/\" target=\"_blank\">acesse o edital<\/a><\/li>\n\n\n\n<li><strong>Per&iacute;odo de solicita&ccedil;&atilde;o de isen&ccedil;&atilde;o e justificativa de aus&ecirc;ncia<br><\/strong>14 a 25\/04\/2025<\/li>\n\n\n\n<li><strong>Divulga&ccedil;&atilde;o do resultado do pedido de isen&ccedil;&atilde;o e da justificativa de aus&ecirc;ncia<br><\/strong>12\/05\/2025<\/li>\n\n\n\n<li><strong>Recurso da justificativa de aus&ecirc;ncia e permiss&atilde;o de isen&ccedil;&atilde;o da taxa de inscri&ccedil;&atilde;o<br><\/strong>12 a 16\/05\/2025<\/li>\n\n\n\n<li><strong>Resultados do recurso da justificativa de aus&ecirc;ncia e pedido de isen&ccedil;&atilde;o da taxa de inscri&ccedil;&atilde;o<br><\/strong>22\/05\/2025<\/li>\n\n\n\n<li><strong>Per&iacute;odo de inscri&ccedil;&otilde;es do Enem 2025<br><\/strong>26\/05 a 06\/06\/2025<\/li>\n\n\n\n<li><strong>Pagamento da taxa de inscri&ccedil;&atilde;o<\/strong><br>at&eacute; 11\/06\/2025<\/li>\n\n\n\n<li><strong>Divulga&ccedil;&atilde;o do local de prova do Enem 2025<\/strong><br><em>24\/10\/2025<\/em><\/li>\n\n\n\n<li><strong>Provas Enem 2025<\/strong>*<br>09 e 16\/11\/2025<\/li>\n\n\n\n<li><strong>Divulga&ccedil;&atilde;o do gabarito oficial<\/strong><br>at&eacute; o 10&deg; dia &uacute;til ap&oacute;s o 2&deg; dia de aplica&ccedil;&atilde;o<\/li>\n\n\n\n<li><strong>Divulga&ccedil;&atilde;o do resultado<\/strong><br>16\/01\/2026<\/li>\n\n\n\n<li><strong>*Aplica&ccedil;&atilde;o em Bel&eacute;m, Ananindeua e Marituba (PA)<br><\/strong>30\/11 e 07\/12\/2025<\/li>\n<\/ul><h3 class=\"wp-block-heading\" id=\"h-sisu-2026\">Sisu 2026<\/h3><ul class=\"wp-block-list\">\n<li><strong>Divulga&ccedil;&atilde;o do edital:<\/strong>&nbsp;23\/12\/2025;<\/li>\n\n\n\n<li><strong>Per&iacute;odo de inscri&ccedil;&atilde;o:&nbsp;<\/strong>19 a 23\/01\/2026;<\/li>\n\n\n\n<li><strong>Resultado da lista &uacute;nica:&nbsp;<\/strong>29\/01\/2026;<\/li>\n\n\n\n<li><strong>Matr&iacute;culas chamada regular:&nbsp;<\/strong>a partir de 02\/02\/2026;<\/li>\n\n\n\n<li><strong>Per&iacute;odo para participar da lista de espera:&nbsp;<\/strong>29\/01 a 02\/02\/2026.<\/li>\n<\/ul><h2 class=\"wp-block-heading\" id=\"h-como-ingressar-na-ufrn\"><span class=\"ez-toc-section\" id=\"Como-ingressar-na-UFRN\"><\/span>Como ingressar na UFRN<span class=\"ez-toc-section-end\"><\/span><\/h2><p>Para ingressar na universidade, os candidatos podem escolher entre diversas formas de ingresso, como o Sistema de Sele&ccedil;&atilde;o Unificada (<a href=\"https:\/\/vestibulares.estrategia.com\/portal\/enem-e-vestibulares\/sisu\/sisu-o-que-e\/\" target=\"_blank\">Sisu<\/a>), vestibular, teste de habilidades espec&iacute;ficas, transfer&ecirc;ncia e outros. Para mais informa&ccedil;&otilde;es, os estudantes podem conferir o <a href=\"https:\/\/sisu.ufrn.br\/\" target=\"_blank\">site da institui&ccedil;&atilde;o<\/a> destinado ao sistema.<\/p><p>\n\n\n\n<div id=\"new-form\">\n\t<form id=\"forms_layout\">\n\t<input type=\"hidden\" id=\"chave_de\" name=\"chave_de\" value=\"01_EVEST_LEADS_TOTAIS\" \/>\n\t\t<input type=\"hidden\" id=\"mid\" name=\"mid\" value=\"515008983\" \/>\n\t\t<input type=\"hidden\" id=\"Objetivo\" name=\"Objetivo\" value=\"Vestibulares\" \/>\n\t\t<input type=\"hidden\" id=\"Estado_de_Origem_do_IP\" name=\"Estado_de_Origem_do_IP\"  value=\"\" \/>\n\t\t<input type=\"hidden\" id=\"Cidade_de_Origem_do_IP\" name=\"Cidade_de_Origem_do_IP\" value=\"\" \/>\n\t\t<input type=\"hidden\" id=\"Modo_de_entrada\" name=\"Modo_de_entrada\" value=\"Portal\" \/>\n\t\t<input type=\"hidden\" id=\"Pagina_Origem\" name=\"Pagina_Origem\" value=\"\" \/>\n\n\t\t<div class=\"texto\">\n\t\t\t<h3 class=\"news\">Inscreva-se em nossa newsletter\ud83e\udd89<\/h3>\n\t\t\t<p>Receba dicas de estudo gratuitas e saiba em primeira m\u00e3o as novidades sobre o Enem, Sisu, Encceja, Fuvest e outros vestibulares!<\/p>\n\t\t<\/div>\n\t\t<div class=\"campos\">\n\t\t\t<div class=\"first_name labels\">\n\t\t\t\t<input type=\"text\" class=\"input_labels\" id=\"first_name\" name=\"Nome_Completo\" placeholder=\"Nome\" required \/>\n\t\t\t<\/div>\n\t\t\t<div class=\"email labels\">\n\t\t\t\t<input type=\"email\" class=\"input_labels\" id=\"email\" name=\"Email\" placeholder=\"E-mail\" required \/>\n\t\t\t<\/div>\n\t\t\t<button type=\"submit\" class=\"button_layout\">\n\t\t\t\t<div id=\"lblBotao\">Inscreva-se<\/div>\n\t\t\t\t<span id=\"divSpiner\" class=\"loader\" role=\"status\" style=\"display: none;\"><\/span>\t\n\t\t\t<\/button>\n\t\t<\/div><!-- \/campos -->\n\t\t\n\t\t<label class=\"container_checkbox\">Voc\u00ea concorda com a nossa\n\t\t\t<a class=\"politics_privacy_ahref\" target=\"_blank\" href=\"https:\/\/gratis.estrategiaconcursos.com.br\/politica-de-privacidade\/\">Pol\u00edtica de Privacidade<\/a> e aceita receber informa\u00e7\u00f5es adicionais do Estrat\u00e9gia Educacional.\n\t\t\t<input id=\"checkbox_layout\" type=\"checkbox\" checked=\"checked\" required \/>\n\t\t\t<span class=\"checkbox\"><\/span>\n\t\t<\/label>\n\t\t<div id=\"msg\"><\/div>\n\t\t<div id=\"error\" class=\"error\">\n\t\t<\/div>\n\t<\/form>\n<\/div><!-- \/new-form -->\n\n\n\n<\/p><h2 class=\"wp-block-heading\" id=\"h-como-funciona-o-sisu\"><span class=\"ez-toc-section\" id=\"Como-funciona-o-Sisu\"><\/span>Como funciona o Sisu?<span class=\"ez-toc-section-end\"><\/span><\/h2><p>O Sistema de Sele&ccedil;&atilde;o Unificada, criado pelo Minist&eacute;rio da Educa&ccedil;&atilde;o (MEC), seleciona estudantes que buscam ingressar em institui&ccedil;&otilde;es federais e estaduais de Ensino Superior. Para isso, o sistema re&uacute;ne candidatos e institui&ccedil;&otilde;es em uma &uacute;nica plataforma para auxiliar na escolha e identifica&ccedil;&atilde;o dos participantes.<\/p><p>Para se inscrever, o estudante deve ter em m&atilde;os o n&uacute;mero de inscri&ccedil;&atilde;o do Enem e a senha utilizada para acessar o sistema. Dessa forma, ao acessar o sistema, deve-se escolher a institui&ccedil;&atilde;o e curso que deseja concorrer &agrave;s vagas. Al&eacute;m disso, essa forma de ingresso exige que os estudantes tenham realizado a &uacute;ltima edi&ccedil;&atilde;o do Exame Nacional do Ensino M&eacute;dio (<a href=\"https:\/\/vestibulares.estrategia.com\/portal\/enem\/enem\/\" target=\"_blank\">Enem<\/a>), e n&atilde;o tenham zerado a reda&ccedil;&atilde;o.<\/p><p>Vale ressaltar que o candidato deve se atentar aos prazos e atualiza&ccedil;&otilde;es nos sites das pr&oacute;prias universidades, e n&atilde;o h&aacute; pagamento da taxa de inscri&ccedil;&atilde;o. Ainda que a UFRN utilize somente a primeira edi&ccedil;&atilde;o anual do Sisu, o programa &eacute; aplicado duas vezes ao ano.<\/p><p>Os candidatos devem observar o site durante todo o per&iacute;odo de inscri&ccedil;&atilde;o, pois as notas de corte dos cursos costumam sofrer altera&ccedil;&otilde;es conforme a demanda e escolha dos participantes. Ap&oacute;s o encerramento das inscri&ccedil;&otilde;es, &eacute; divulgada uma lista com os aprovados.<\/p><h2 class=\"wp-block-heading\" id=\"h-quais-sao-as-modalidades-de-concorrencia\"><span class=\"ez-toc-section\" id=\"Quais-sao-as-modalidades-de-concorrencia\"><\/span>Quais s&atilde;o as modalidades de concorr&ecirc;ncia?<span class=\"ez-toc-section-end\"><\/span><\/h2><p>No Sisu, os candidatos podem escolher entre tr&ecirc;s modalidades para concorrer, sendo elas: vagas de ampla concorr&ecirc;ncia, vagas reservadas para a Lei de Cotas e vagas destinadas &agrave;s a&ccedil;&otilde;es afirmativas de cada institui&ccedil;&atilde;o.<\/p><p>Assim, ao longo da chamada regular, os participantes que escolheram concorrer a uma determinada modalidade, estar&atilde;o participando com os demais participantes que tamb&eacute;m optaram pelo mesmo. Assim, o pr&oacute;prio sistema selecionar&aacute; os candidatos que obtiveram as melhores notas no Enem dentro daquela categoria.<\/p><h2 class=\"wp-block-heading\" id=\"h-lei-de-cotas-sisu\"><span class=\"ez-toc-section\" id=\"Lei-de-Cotas-Sisu\"><\/span>Lei de Cotas Sisu<span class=\"ez-toc-section-end\"><\/span><\/h2><p>Em 2023 a Lei n&ordm; 12.711\/2012 foi atualizada (<a href=\"https:\/\/www.planalto.gov.br\/ccivil_03\/_ato2023-2026\/2023\/lei\/L14723.htm\" target=\"_blank\" rel=\"noopener noreferrer\">Lei 14.723\/23<\/a>) e a partir desse ano os participantes que t&ecirc;m direito &agrave; reserva de vagas (cotas) concorrem primeiramente &agrave;s vagas de ampla concorr&ecirc;ncia. A reserva de vagas s&oacute; ser&aacute; usada caso o participante n&atilde;o atinja nota suficiente para conseguir uma vaga na modalidade. Os estudantes origin&aacute;rios de comunidades quilombolas tamb&eacute;m est&atilde;o inclu&iacute;dos na nova lei.<\/p><p>A Lei n&ordm; 12.711\/2012 oferece 50% das vagas por curso e turno em todas as institui&ccedil;&otilde;es federais de Ensino Superior a estudantes que cursaram o Ensino M&eacute;dio em escolas p&uacute;blicas. Metade dessas vagas s&atilde;o destinadas a estudantes com renda familiar mensal de at&eacute; 1,0 (anteriormente o valor era de 1,5) sal&aacute;rio m&iacute;nimo.<\/p><p>Al&eacute;m disso, &eacute; preciso que haja propor&ccedil;&atilde;o de autodeclarados pretos, pardos e ind&iacute;genas de acordo com a composi&ccedil;&atilde;o &eacute;tnica do estado federativo da institui&ccedil;&atilde;o de acordo com o &uacute;ltimo Censo do Instituto Brasileiro de Geografia e Estat&iacute;stica (IBGE).<\/p><p>Os candidatos que optarem por esta modalidade precisam estar atentos aos tr&acirc;mites que envolvem a documenta&ccedil;&atilde;o comprobat&oacute;ria que &eacute; exigida de forma distinta por cada institui&ccedil;&atilde;o de ensino.<\/p><p>+ <a href=\"https:\/\/vestibulares.estrategia.com\/portal\/enem-e-vestibulares\/vestibulares\/lei-de-cotas-o-que-muda-com-a-atualizacao\/\">Lei de Cotas: o que muda com a atualiza&ccedil;&atilde;o?<\/a><\/p><h2 class=\"wp-block-heading\" id=\"h-resultado-e-abertura-das-inscricoes-do-sisu\"><span class=\"ez-toc-section\" id=\"Resultado-e-abertura-das-inscricoes-do-Sisu\"><\/span>Resultado e abertura das inscri&ccedil;&otilde;es do Sisu<span class=\"ez-toc-section-end\"><\/span><\/h2><p>O per&iacute;odo de inscri&ccedil;&otilde;es do Sisu acontece no m&ecirc;s de janeiro e a divulga&ccedil;&atilde;o dos resultados do programa acontece na semana seguinte &agrave;s inscri&ccedil;&otilde;es. Confira o edital do programa no Portal do EV.<\/p><h2 class=\"wp-block-heading\" id=\"h-acoes-afirmativas-ufrn\"><span class=\"ez-toc-section\" id=\"Acoes-afirmativas-UFRN\"><\/span>A&ccedil;&otilde;es afirmativas UFRN<span class=\"ez-toc-section-end\"><\/span><\/h2><p>As modalidades de a&ccedil;&atilde;o afirmativa da UFRN destina 50% das vagas a estudantes que realizaram o Ensino M&eacute;dio em escolas da rede p&uacute;blica de ensino com renda familiar bruta igual ou inferior a um sal&aacute;rio m&iacute;nimo per capita e metade para estudantes de escolas p&uacute;blicas com renda familiar superior a um sal&aacute;rio m&iacute;nimo e meio.<\/p><p>Al&eacute;m disso, tamb&eacute;m considera-se o percentual m&iacute;nimo, no Rio Grande do Norte &eacute; de 57,81, correspondente ao da soma de pretos, pardos e ind&iacute;genas e pessoas com defici&ecirc;ncia na popula&ccedil;&atilde;o do Rio Grande do Norte, conforme o &uacute;ltimo censo demogr&aacute;fico da Funda&ccedil;&atilde;o Instituto Brasileiro de Geografia e Estat&iacute;stica (IBGE). J&aacute; das vagas destinadas &agrave; ampla concorr&ecirc;ncia, uma vaga anual por curso e turma &eacute; reservada a pessoas com defici&ecirc;ncia.<\/p><h2 class=\"wp-block-heading\" id=\"h-como-e-o-enem\"><span class=\"ez-toc-section\" id=\"Como-e-o-Enem\"><\/span>Como &eacute; o Enem?<span class=\"ez-toc-section-end\"><\/span><\/h2><p>O Enem &eacute; um exame criado para dar oportunidade a estudantes que buscam ingressar em institui&ccedil;&otilde;es de Ensino Superior. A prova do Enem &eacute; aplicada anualmente no fim do ano, e conta com 180 quest&otilde;es feitas em dois dias consecutivos. No primeiro dia, os candidatos respondem 90 quest&otilde;es de m&uacute;ltipla escolha de Ci&ecirc;ncias Humanas e Linguagens e C&oacute;digos. J&aacute; no segundo dia, s&atilde;o apresentadas 90 quest&otilde;es de Ci&ecirc;ncias da Natureza e Matem&aacute;tica.<\/p><h2 class=\"wp-block-heading\" id=\"h-locais-de-prova\"><span class=\"ez-toc-section\" id=\"Locais-de-prova\"><\/span>Locais de prova<span class=\"ez-toc-section-end\"><\/span><\/h2><p>O local de prova do Enem &eacute; disponibilizado a pouco menos de um m&ecirc;s para o dia da prova, no m&ecirc;s de outubro. Veja como acessar:<\/p><ul class=\"wp-block-list\">\n<li>Acesse a <a href=\"https:\/\/enem.inep.gov.br\/participante\/#!\/\" target=\"_blank\">P&aacute;gina do Participante do Enem<\/a>;<\/li>\n\n\n\n<li>Clique em &ldquo;P&aacute;gina do Participante &ndash; Acessar com Gov.Br&rdquo;;<\/li>\n\n\n\n<li>Fa&ccedil;a o seu login com a sua conta do Gov.Br, o site de acesso &uacute;nico do governo federal;<\/li>\n\n\n\n<li>Clique em &ldquo;Local de prova&rdquo;; e<\/li>\n\n\n\n<li>Com isso, um personagem interativo da P&aacute;gina do Participante lhe enviar&aacute; um bot&atilde;o escrito &ldquo;Local de Prova&rdquo;, clique nele e tenha acesso ao Cart&atilde;o de Confirma&ccedil;&atilde;o com os seus dados pessoais e o local em que voc&ecirc; far&aacute; o Enem.<\/li>\n<\/ul><p>No cart&atilde;o de confirma&ccedil;&atilde;o dos candidatos, &eacute; poss&iacute;vel conferir mais informa&ccedil;&otilde;es do exame, como n&uacute;mero de inscri&ccedil;&atilde;o, local de prova (endere&ccedil;o, n&uacute;mero e sala), datas e hor&aacute;rios da prova, op&ccedil;&atilde;o de l&iacute;ngua estrangeira escolhida e atendimentos espec&iacute;ficos, caso tenham sido solicitados.<\/p><p>Destaca-se que n&atilde;o &eacute; obrigat&oacute;rio levar o cart&atilde;o de confirma&ccedil;&atilde;o nos dias de aplica&ccedil;&atilde;o das provas, mas o documento cont&eacute;m as principais informa&ccedil;&otilde;es do exame de forma acess&iacute;vel a todos. N&atilde;o &eacute; poss&iacute;vel mudar o local de prova e demais informa&ccedil;&otilde;es cadastrais.<\/p><h2 class=\"wp-block-heading\" id=\"h-o-que-levar-no-dia-da-prova\"><span class=\"ez-toc-section\" id=\"O-que-levar-no-dia-da-prova\"><\/span>O que levar no dia da prova?<span class=\"ez-toc-section-end\"><\/span><\/h2><p>De acordo com o edital do Enem, os candidatos devem portar os seguintes itens obrigatoriamente:<\/p><ul class=\"wp-block-list\">\n<li>Caneta esferogr&aacute;fica de tinta preta, em material transparente (obrigat&oacute;rio);<\/li>\n\n\n\n<li>Documento de identifica&ccedil;&atilde;o com foto (obrigat&oacute;rio); e<\/li>\n\n\n\n<li>Declara&ccedil;&atilde;o de Comparecimento impressa (apenas para quem precisa comprovar a presen&ccedil;a no local de prova).<\/li>\n<\/ul><h2 class=\"wp-block-heading\" id=\"h-como-funciona-a-prova-do-enem\"><span class=\"ez-toc-section\" id=\"Como-funciona-a-prova-do-Enem\"><\/span>Como funciona a prova do Enem<span class=\"ez-toc-section-end\"><\/span><\/h2><p>A prova do Enem possui 180 quest&otilde;es, aplicadas em dois domingos consecutivos. No primeiro dia de prova, os candidatos t&ecirc;m 5 horas e 30 minutos para realiza&ccedil;&atilde;o de provas, com in&iacute;cio &agrave;s 13h30 e t&eacute;rmino &agrave;s 19h. J&aacute; no segundo dia, os candidatos t&ecirc;m 5 horas para responder &agrave;s quest&otilde;es, iniciada &agrave;s 13h30 e terminando &agrave;s 18h30.<\/p><p>O primeiro dia de prova conta com 90 quest&otilde;es de Linguagens, C&oacute;digos e suas Tecnologias, e Ci&ecirc;ncias Humanas e suas Tecnologias, e uma reda&ccedil;&atilde;o. J&aacute; no segundo dia, a prova &eacute; composta de quest&otilde;es que cobram dos candidatos conhecimentos em Ci&ecirc;ncias da Natureza e suas Tecnologias; e Matem&aacute;tica e suas Tecnologias.<\/p><h2 class=\"wp-block-heading\" id=\"h-como-e-calculada-a-nota-do-enem\"><span class=\"ez-toc-section\" id=\"Como-e-calculada-a-nota-do-Enem\"><\/span>Como &eacute; calculada a nota do Enem?<span class=\"ez-toc-section-end\"><\/span><\/h2><p>O exame apresenta um modelo de corre&ccedil;&atilde;o calculado de forma diferente e mais complexa que os demais vestibulares, ao n&atilde;o considerar somente a quantidade de erros e acerto, chamado Teoria de Resposta ao Item (TRI).<\/p><p>Dessa forma, cada &aacute;rea de conhecimento &eacute; avaliada de acordo com uma m&eacute;dia obtida a partir da dificuldade das quest&otilde;es e do n&uacute;mero de acertos do candidato. Para saber mais, acesse nosso artigo sobre o assunto: &ldquo;<a href=\"https:\/\/vestibulares.estrategia.com\/portal\/enem-e-vestibulares\/enem\/nota-enem-tri\/\" target=\"_blank\">TRI: Como funciona a nota no Enem?<\/a>&rdquo;.<\/p><h2 class=\"wp-block-heading\" id=\"h-como-funciona-a-redacao-do-enem\"><span class=\"ez-toc-section\" id=\"Como-funciona-a-redacao-do-Enem\"><\/span>Como funciona a reda&ccedil;&atilde;o do Enem<span class=\"ez-toc-section-end\"><\/span><\/h2><p>A reda&ccedil;&atilde;o do Enem segue o modelo dissertativo-argumentativo, em que o candidato deve apresentar um ponto de vista por meio de argumentos e propostas de interven&ccedil;&atilde;o. Os participantes devem escrever uma introdu&ccedil;&atilde;o, contextualiza&ccedil;&atilde;o e conclus&atilde;o.<\/p><p>Os estudantes devem se atentar ao tema proposto e observar os textos de apoio disponibilizado para orient&aacute;-los. Al&eacute;m disso, h&aacute; algumas regras, como o limite de at&eacute; 30 linhas, escrita &agrave; m&atilde;o, letra leg&iacute;vel e respeitar os direitos humanos, que devem ser observadas com aten&ccedil;&atilde;o.<\/p><h2 class=\"wp-block-heading\" id=\"h-como-a-redacao-e-avaliada-pela-banca\"><span class=\"ez-toc-section\" id=\"Como-a-redacao-e-avaliada-pela-banca\"><\/span>Como a reda&ccedil;&atilde;o &eacute; avaliada pela banca?<span class=\"ez-toc-section-end\"><\/span><\/h2><p>A reda&ccedil;&atilde;o do Enem &eacute; avaliada por meio de cinco compet&ecirc;ncias, tornando a avalia&ccedil;&atilde;o padronizada para todos os concorrentes. <a href=\"https:\/\/vestibulares.estrategia.com\/portal\/materias\/redacao\/competencias-redacao-enem\/\" target=\"_blank\">Confira quais s&atilde;o as compet&ecirc;ncias<\/a>:&nbsp;<\/p><ul class=\"wp-block-list\">\n<li>Dom&iacute;nio da escrita formal da L&iacute;ngua Portuguesa;<\/li>\n\n\n\n<li>Compreens&atilde;o do tema e adequa&ccedil;&atilde;o &agrave; proposta;<\/li>\n\n\n\n<li>Organiza&ccedil;&atilde;o das ideias;<\/li>\n\n\n\n<li>Coes&atilde;o e coer&ecirc;ncia; e<\/li>\n\n\n\n<li>Proposta de interven&ccedil;&atilde;o.<\/li>\n<\/ul><h2 class=\"wp-block-heading\" id=\"h-veja-os-ultimos-temas-de-redacao-do-enem\"><span class=\"ez-toc-section\" id=\"Veja-os-ultimos-temas-de-redacao-do-Enem\"><\/span>Veja os &uacute;ltimos temas de reda&ccedil;&atilde;o do Enem<span class=\"ez-toc-section-end\"><\/span><\/h2><ul class=\"wp-block-list\">\n<li><a href=\"https:\/\/vestibulares.estrategia.com\/portal\/noticias\/tema-redacao-enem-2025\/\" target=\"_blank\">Reda&ccedil;&atilde;o Enem 2025<\/a>&nbsp;&ndash; Perspectivas acerca do envelhecimento na sociedade brasileira<\/li>\n\n\n\n<li><a href=\"https:\/\/vestibulares.estrategia.com\/portal\/noticias\/tema-de-redacao-enem-2024-desafios-para-a-valorizacao-da-heranca-africana-no-brasil\/\" target=\"_blank\">Reda&ccedil;&atilde;o Enem 2024<\/a>&nbsp;&ndash; Desafios da valoriza&ccedil;&atilde;o da heran&ccedil;a africana no Brasil<\/li>\n\n\n\n<li><a href=\"https:\/\/vestibulares.estrategia.com\/portal\/noticias\/tema-de-redacao-enem-2023\/\" target=\"_blank\">Reda&ccedil;&atilde;o Enem 2023<\/a>&nbsp;&ndash; Invisibilidade do trabalho de cuidados realizados pela mulher no Brasil<\/li>\n\n\n\n<li><a href=\"https:\/\/vestibulares.estrategia.com\/portal\/enem-e-vestibulares\/enem\/tema-de-redacao-enem-2022\/\" target=\"_blank\">Reda&ccedil;&atilde;o Enem 2022<\/a>&nbsp;&ndash; &ldquo;Desafios para a valoriza&ccedil;&atilde;o de comunidades e povos tradicionais no Brasil&rdquo;<\/li>\n\n\n\n<li><a href=\"https:\/\/vestibulares.estrategia.com\/portal\/enem-e-vestibulares\/enem\/tema-de-redacao-enem-2021\/\" target=\"_blank\">Reda&ccedil;&atilde;o Enem 2021<\/a> &ndash; Invisibilidade e registro civil: garantia de acesso &agrave; cidadania no Brasil<\/li>\n\n\n\n<li>Reda&ccedil;&atilde;o Enem Impresso 2020 &ndash; O estigma associado &agrave;s doen&ccedil;as mentais na sociedade brasileira<\/li>\n\n\n\n<li><a href=\"https:\/\/vestibulares.estrategia.com\/portal\/redacao\/enem-2019-democratizacao-do-acesso-ao-cinema-no-brasil\/\" target=\"_blank\">Reda&ccedil;&atilde;o Enem 2019<\/a> &ndash; Democratiza&ccedil;&atilde;o do acesso ao cinema no Brasil<\/li>\n\n\n\n<li><a href=\"https:\/\/vestibulares.estrategia.com\/portal\/redacao\/redacao-enem-2018\/\" target=\"_blank\">Reda&ccedil;&atilde;o Enem 2018<\/a> &ndash; Manipula&ccedil;&atilde;o do comportamento do usu&aacute;rio pelo controle de dados na internet<\/li>\n\n\n\n<li><a href=\"https:\/\/vestibulares.estrategia.com\/portal\/redacao\/redacao-enem-2017\/\" target=\"_blank\">Reda&ccedil;&atilde;o Enem 2017<\/a> &ndash; Desafios para forma&ccedil;&atilde;o educacional de surdos no Brasil<\/li>\n\n\n\n<li><a href=\"https:\/\/vestibulares.estrategia.com\/portal\/redacao\/redacao-enem-2016\/\" target=\"_blank\">Reda&ccedil;&atilde;o Enem 2016<\/a> &ndash; Caminhos para combater a intoler&acirc;ncia religiosa no Brasil<\/li>\n\n\n\n<li><a href=\"https:\/\/vestibulares.estrategia.com\/portal\/redacao\/redacao-enem-2015\/\" target=\"_blank\">Reda&ccedil;&atilde;o Enem 2015<\/a> &ndash; A Persist&ecirc;ncia da Viol&ecirc;ncia contra a Mulher na Sociedade Brasileira<\/li>\n\n\n\n<li><a href=\"https:\/\/vestibulares.estrategia.com\/portal\/materias\/redacao\/redacao-enem-2014\/\">Reda&ccedil;&atilde;o Enem 2014<\/a> &ndash; Publicidade infantil em quest&atilde;o no Brasil<\/li>\n\n\n\n<li><a href=\"https:\/\/vestibulares.estrategia.com\/portal\/materias\/redacao\/redacao-enem-2013\/\" target=\"_blank\">Reda&ccedil;&atilde;o Enem 2013<\/a> &ndash; Os efeitos da implanta&ccedil;&atilde;o da Lei Seca no Brasil<\/li>\n\n\n\n<li><a href=\"https:\/\/vestibulares.estrategia.com\/portal\/materias\/redacao\/redacao-enem-2012\/\" target=\"_blank\">Reda&ccedil;&atilde;o Enem 2012<\/a> &ndash; O movimento imigrat&oacute;rio para o Brasil no s&eacute;culo XXI<\/li>\n\n\n\n<li><a href=\"https:\/\/vestibulares.estrategia.com\/portal\/redacao\/redacao-enem-2011\/\" target=\"_blank\">Reda&ccedil;&atilde;o Enem 2011<\/a> &ndash; Viver em rede no s&eacute;culo XXI: os limites entre o p&uacute;blico e o privado<\/li>\n<\/ul><h2 class=\"wp-block-heading\" id=\"h-matriz-de-referencia-enem\"><span class=\"ez-toc-section\" id=\"Matriz-de-Referencia-Enem\"><\/span>Matriz de Refer&ecirc;ncia Enem<span class=\"ez-toc-section-end\"><\/span><\/h2><p>A <a rel=\"nofollow\" href=\"https:\/\/vestibulares.estrategia.com\/portal\/wp-content\/uploads\/2020\/11\/matriz_referencia.pdf\" target=\"_blank\">Matriz de Refer&ecirc;ncia do Enem<\/a> &eacute; semelhante ao Conte&uacute;do Program&aacute;tico apresentado aos participantes para estudar para as provas. Neste documento, os candidatos encontram os conte&uacute;dos que podem ser cobrados na prova de cada &aacute;rea de conhecimento.<\/p><p>Esses eixos cognitivos s&atilde;o referentes a todas as disciplinas cobradas e incluem cinco pontos, sendo eles: dominar linguagens, compreender fen&ocirc;menos, enfrentar situa&ccedil;&otilde;es-problema, construir argumenta&ccedil;&atilde;o e elaborar propostas. A seguir, confira as descri&ccedil;&otilde;es de cada uma delas:<\/p><ul class=\"wp-block-list\">\n<li>Dominar linguagens (DL): dominar a norma culta da L&iacute;ngua Portuguesa e fazer uso das linguagens matem&aacute;tica, art&iacute;stica e cient&iacute;fica e das l&iacute;nguas espanhola e inglesa;<\/li>\n\n\n\n<li>Compreender fen&ocirc;menos (CF): construir e aplicar conceitos das v&aacute;rias &aacute;reas do conhecimento para a compreens&atilde;o de fen&ocirc;menos naturais, de processos hist&oacute;rico-geogr&aacute;ficos, da produ&ccedil;&atilde;o tecnol&oacute;gica e das manifesta&ccedil;&otilde;es art&iacute;sticas;<\/li>\n\n\n\n<li>Enfrentar situa&ccedil;&otilde;es-problema (SP): selecionar, organizar, relacionar, interpretar dados e informa&ccedil;&otilde;es representados de diferentes formas, para tomar decis&otilde;es e enfrentar situa&ccedil;&otilde;es-problema;<\/li>\n\n\n\n<li>Construir argumenta&ccedil;&atilde;o (CA): relacionar informa&ccedil;&otilde;es, representadas em diferentes formas, e conhecimentos dispon&iacute;veis em situa&ccedil;&otilde;es concretas, para construir argumenta&ccedil;&atilde;o consistente;<\/li>\n\n\n\n<li>Elaborar propostas (EP): recorrer aos conhecimentos desenvolvidos na escola para elabora&ccedil;&atilde;o de propostas de interven&ccedil;&atilde;o solid&aacute;ria na realidade, respeitando os valores humanos e considerando a diversidade sociocultural.&nbsp;<\/li>\n<\/ul><h2 class=\"wp-block-heading\" id=\"h-provas-de-habilidade-especificas-ufrn\"><span class=\"ez-toc-section\" id=\"Provas-de-Habilidade-Especificas-UFRN\"><\/span>Provas de Habilidade Espec&iacute;ficas UFRN<span class=\"ez-toc-section-end\"><\/span><\/h2><p>A universidade utiliza o Sisu para todos os cursos ofertados, exceto aqueles que exigem uma prova de <a href=\"https:\/\/prograd.ufrn.br\/documento.php?id=145860612\" target=\"_blank\">habilidades espec&iacute;ficas<\/a> para ingressar nos cursos de gradua&ccedil;&atilde;o, como Dan&ccedil;a, M&uacute;sica e Teatro.<\/p><h2 class=\"wp-block-heading\" id=\"h-como-se-matricular-na-ufrn\"><span class=\"ez-toc-section\" id=\"Como-se-matricular-na-UFRN\"><\/span>Como se matricular na UFRN<span class=\"ez-toc-section-end\"><\/span><\/h2><p>Ao ser convocado para ingressar em uma institui&ccedil;&atilde;o pelo Sisu, o candidato deve realizar a <a href=\"https:\/\/sisu.ufrn.br\/\" target=\"_blank\">pr&eacute;-matr&iacute;cula on-line no site da institui&ccedil;&atilde;o<\/a> conforme as datas e hor&aacute;rios determinados no site da institui&ccedil;&atilde;o.<\/p><h2 class=\"wp-block-heading\" id=\"h-notas-de-corte-da-ufrn\"><span class=\"ez-toc-section\" id=\"Notas-de-Corte-da-UFRN\"><\/span>Notas de Corte da UFRN<span class=\"ez-toc-section-end\"><\/span><\/h2><p>Confira as notas de corte dos 15 cursos mais concorridos da UFRN no Sisu 2025:<\/p><figure class=\"wp-block-table is-style-stripes\"><table><thead><tr><th>Curso<\/th><th class=\"has-text-align-center\" data-align=\"center\">Cidade<\/th><th class=\"has-text-align-center\" data-align=\"center\">Turno<\/th><th class=\"has-text-align-center\" data-align=\"center\">Nota de corte<\/th><\/tr><\/thead><tbody><tr><td>MEDICINA<\/td><td class=\"has-text-align-center\" data-align=\"center\">Natal<\/td><td class=\"has-text-align-center\" data-align=\"center\">Integral<\/td><td class=\"has-text-align-center\" data-align=\"center\">783,96<\/td><\/tr><tr><td>MEDICINA<\/td><td class=\"has-text-align-center\" data-align=\"center\">Caic&oacute;<\/td><td class=\"has-text-align-center\" data-align=\"center\">Integral<\/td><td class=\"has-text-align-center\" data-align=\"center\">779,52<\/td><\/tr><tr><td>CI&Ecirc;NCIA DA COMPUTA&Ccedil;&Atilde;O<\/td><td class=\"has-text-align-center\" data-align=\"center\">Natal<\/td><td class=\"has-text-align-center\" data-align=\"center\">Integral<\/td><td class=\"has-text-align-center\" data-align=\"center\">758,11<\/td><\/tr><tr><td>ENGENHARIA DA COMPUTA&Ccedil;&Atilde;O<\/td><td class=\"has-text-align-center\" data-align=\"center\">Natal<\/td><td class=\"has-text-align-center\" data-align=\"center\">Integral<\/td><td class=\"has-text-align-center\" data-align=\"center\">736,42<\/td><\/tr><tr><td>DIREITO<\/td><td class=\"has-text-align-center\" data-align=\"center\">Natal<\/td><td class=\"has-text-align-center\" data-align=\"center\">Matutino<\/td><td class=\"has-text-align-center\" data-align=\"center\">732,83<\/td><\/tr><tr><td>ODONTOLOGIA<\/td><td class=\"has-text-align-center\" data-align=\"center\">Natal<\/td><td class=\"has-text-align-center\" data-align=\"center\">Integral<\/td><td class=\"has-text-align-center\" data-align=\"center\">729,96<\/td><\/tr><tr><td>PSICOLOGIA<\/td><td class=\"has-text-align-center\" data-align=\"center\">Natal<\/td><td class=\"has-text-align-center\" data-align=\"center\">Integral<\/td><td class=\"has-text-align-center\" data-align=\"center\">726,78<\/td><\/tr><tr><td>DIREITO<\/td><td class=\"has-text-align-center\" data-align=\"center\">Natal<\/td><td class=\"has-text-align-center\" data-align=\"center\">Noturno<\/td><td class=\"has-text-align-center\" data-align=\"center\">719,33<\/td><\/tr><tr><td>ARQUITETURA E URBANISMO<\/td><td class=\"has-text-align-center\" data-align=\"center\">Natal<\/td><td class=\"has-text-align-center\" data-align=\"center\">Integral<\/td><td class=\"has-text-align-center\" data-align=\"center\">719,15<\/td><\/tr><tr><td>ENGENHARIA DE PRODU&Ccedil;&Atilde;O<\/td><td class=\"has-text-align-center\" data-align=\"center\">Natal<\/td><td class=\"has-text-align-center\" data-align=\"center\">Vespertino<\/td><td class=\"has-text-align-center\" data-align=\"center\">718,25<\/td><\/tr><tr><td>ENGENHARIA BIOM&Eacute;DICA<\/td><td class=\"has-text-align-center\" data-align=\"center\">Natal<\/td><td class=\"has-text-align-center\" data-align=\"center\">Noturno<\/td><td class=\"has-text-align-center\" data-align=\"center\">715,53<\/td><\/tr><tr><td>BIOMEDICINA<\/td><td class=\"has-text-align-center\" data-align=\"center\">Natal<\/td><td class=\"has-text-align-center\" data-align=\"center\">Integral<\/td><td class=\"has-text-align-center\" data-align=\"center\">714,44<\/td><\/tr><tr><td>TECNOLOGIA DA INFORMA&Ccedil;&Atilde;O<\/td><td class=\"has-text-align-center\" data-align=\"center\">Natal<\/td><td class=\"has-text-align-center\" data-align=\"center\">Integral<\/td><td class=\"has-text-align-center\" data-align=\"center\">714,38<\/td><\/tr><tr><td>BIOMEDICINA<\/td><td class=\"has-text-align-center\" data-align=\"center\">Natal<\/td><td class=\"has-text-align-center\" data-align=\"center\">Noturno<\/td><td class=\"has-text-align-center\" data-align=\"center\">704,43<\/td><\/tr><tr><td>TECNOLOGIA DA INFORMA&Ccedil;&Atilde;O<\/td><td class=\"has-text-align-center\" data-align=\"center\">Natal<\/td><td class=\"has-text-align-center\" data-align=\"center\">Noturno<\/td><td class=\"has-text-align-center\" data-align=\"center\">704,39<\/td><\/tr><\/tbody><\/table><\/figure><h2 class=\"wp-block-heading\" id=\"h-cursos-da-ufrn\"><span class=\"ez-toc-section\" id=\"Cursos-da-UFRN\"><\/span>Cursos da UFRN<span class=\"ez-toc-section-end\"><\/span><\/h2><p>Confira a lista completa de cursos de gradua&ccedil;&atilde;o oferecidos pela Universidade Federal do Rio Grande do Norte:<\/p><ul class=\"wp-block-list\">\n<li>Administra&ccedil;&atilde;o<\/li>\n\n\n\n<li>Administra&ccedil;&atilde;o P&uacute;blica<\/li>\n\n\n\n<li>Agronomia<\/li>\n\n\n\n<li>An&aacute;lise e Desenvolvimento de Sistemas<\/li>\n\n\n\n<li>Arquitetura e Urbanismo<\/li>\n\n\n\n<li>Artes Visuais<\/li>\n\n\n\n<li>Ci&ecirc;ncias e Tecnologia<\/li>\n\n\n\n<li>Bacharelado Interdisciplinar em Humanidades<\/li>\n\n\n\n<li>Biblioteconomia<\/li>\n\n\n\n<li>Biomedicina<\/li>\n\n\n\n<li>Ci&ecirc;ncia da Computa&ccedil;&atilde;o<\/li>\n\n\n\n<li>Ci&ecirc;ncias Atuariais<\/li>\n\n\n\n<li>Ci&ecirc;ncias Biol&oacute;gicas<\/li>\n\n\n\n<li>Ci&ecirc;ncias Cont&aacute;beis<\/li>\n\n\n\n<li>Ci&ecirc;ncias da Computa&ccedil;&atilde;o<\/li>\n\n\n\n<li>Ci&ecirc;ncias e Tecnologia<\/li>\n\n\n\n<li>Ci&ecirc;ncias Econ&ocirc;micas<\/li>\n\n\n\n<li>Ci&ecirc;ncias Sociais<\/li>\n\n\n\n<li>Comunica&ccedil;&atilde;o Social<\/li>\n\n\n\n<li>Comunica&ccedil;&atilde;o Social &ndash; Audiovisual<\/li>\n\n\n\n<li>Comunica&ccedil;&atilde;o Social &ndash; Publicidade e Propaganda<\/li>\n\n\n\n<li>Dan&ccedil;a<\/li>\n\n\n\n<li>Design<\/li>\n\n\n\n<li>Direito<\/li>\n\n\n\n<li>Ecologia<\/li>\n\n\n\n<li>Educa&ccedil;&atilde;o Art&iacute;stica<\/li>\n\n\n\n<li>Educa&ccedil;&atilde;o F&iacute;sica<\/li>\n\n\n\n<li>Enfermagem<\/li>\n\n\n\n<li>Engenharia Ambiental<\/li>\n\n\n\n<li>Engenharia Biom&eacute;dica<\/li>\n\n\n\n<li>Engenharia Civil<\/li>\n\n\n\n<li>Engenharia de Alimentos<\/li>\n\n\n\n<li>Engenharia de Aquicultura<\/li>\n\n\n\n<li>Engenharia da Computa&ccedil;&atilde;o<\/li>\n\n\n\n<li>Engenharia de Materiais<\/li>\n\n\n\n<li>Engenharia de Petr&oacute;leo<\/li>\n\n\n\n<li>Engenharia de Produ&ccedil;&atilde;o<\/li>\n\n\n\n<li>Engenharia de Software<\/li>\n\n\n\n<li>Engenharia de Telecomunica&ccedil;&otilde;es<\/li>\n\n\n\n<li>Engenharia El&eacute;trica<\/li>\n\n\n\n<li>Engenharia Florestal<\/li>\n\n\n\n<li>Engenharia Mec&acirc;nica<\/li>\n\n\n\n<li>Engenharia Mecatr&ocirc;nica<\/li>\n\n\n\n<li>Engenharia Qu&iacute;mica<\/li>\n\n\n\n<li>Engenharia T&ecirc;xtil<\/li>\n\n\n\n<li>Estat&iacute;stica<\/li>\n\n\n\n<li>Farm&aacute;cia<\/li>\n\n\n\n<li>Filosofia<\/li>\n\n\n\n<li>F&iacute;sica<\/li>\n\n\n\n<li>Fisioterapia<\/li>\n\n\n\n<li>Fonoaudiologia<\/li>\n\n\n\n<li>Geof&iacute;sica<\/li>\n\n\n\n<li>Geografia<\/li>\n\n\n\n<li>Geologia<\/li>\n\n\n\n<li>Gest&atilde;o de Cooperativas<\/li>\n\n\n\n<li>Gest&atilde;o de Pol&iacute;ticas P&uacute;blicas<\/li>\n\n\n\n<li>Gest&atilde;o em Sistemas e Servi&ccedil;os de Sa&uacute;de<\/li>\n\n\n\n<li>Gest&atilde;o Hospitalar<\/li>\n\n\n\n<li>Hist&oacute;ria<\/li>\n\n\n\n<li>Letras<\/li>\n\n\n\n<li>Letras &ndash; Franc&ecirc;s<\/li>\n\n\n\n<li>Letras &ndash; L&iacute;ngua Espanhola<\/li>\n\n\n\n<li>Letras &ndash; L&iacute;ngua Portuguesa<\/li>\n\n\n\n<li>Letras &ndash; L&iacute;ngua Portuguesa e Libras<\/li>\n\n\n\n<li>Letras &ndash; Portugu&ecirc;s e Ingl&ecirc;s<\/li>\n\n\n\n<li>Licenciatura em Ci&ecirc;ncias Sociais<\/li>\n\n\n\n<li>Matem&aacute;tica<\/li>\n\n\n\n<li>Medicina<\/li>\n\n\n\n<li>Meteorologia<\/li>\n\n\n\n<li>M&uacute;sica<\/li>\n\n\n\n<li>Nutri&ccedil;&atilde;o<\/li>\n\n\n\n<li>Odontologia<\/li>\n\n\n\n<li>Pedagogia<\/li>\n\n\n\n<li>Psicologia<\/li>\n\n\n\n<li>Qu&iacute;mica<\/li>\n\n\n\n<li>Qu&iacute;mica do Petr&oacute;leo<\/li>\n\n\n\n<li>Servi&ccedil;o Social<\/li>\n\n\n\n<li>Sistemas de Informa&ccedil;&atilde;o<\/li>\n\n\n\n<li>Teatro<\/li>\n\n\n\n<li>Tecnologia da Informa&ccedil;&atilde;o<\/li>\n\n\n\n<li>Turismo<\/li>\n\n\n\n<li>Zootecnia<\/li>\n<\/ul><h2 class=\"wp-block-heading\" id=\"h-campi-e-estrutura-ufrn\"><span class=\"ez-toc-section\" id=\"Campi-e-estrutura-UFRN\"><\/span>Campi e estrutura UFRN<span class=\"ez-toc-section-end\"><\/span><\/h2><p>A UFRN possui cinco campis distribu&iacute;dos em diferentes munic&iacute;pios no estado do Rio Grande do Norte, sendo eles: Central, Caic&oacute;, Currais Novos, Maca&iacute;ba e Santa Cruz. Veja abaixo mais detalhes sobre as estruturas da institui&ccedil;&atilde;o.<\/p><h3 class=\"wp-block-heading\" id=\"h-central\">Central<\/h3><p>O campus universit&aacute;rio Central da institui&ccedil;&atilde;o est&aacute; localizado na cidade de Natal e possui mais centros de ensino do que as demais unidades. O local conta com salas de aula, laborat&oacute;rios, biblioteca, restaurante, livrarias, galerias de arte, ag&ecirc;ncias dos correios e bancas.&nbsp;<\/p><h3 class=\"wp-block-heading\" id=\"h-caico\">Caic&oacute;<\/h3><p>Localizado a 279 km de Natal, o campus da cidade de Caic&oacute; possui o Centro de Ensino Superior do Serid&oacute; (CERES) com os cursos de Ci&ecirc;ncias Cont&aacute;beis, Direito, Geografia, Hist&oacute;ria, Medicina, Pedagogia e Sistemas de Informa&ccedil;&atilde;o.<\/p><h3 class=\"wp-block-heading\" id=\"h-currais-novos\">Currais Novos<\/h3><p>A unidade da cidade de Currais Novos est&aacute; a 193 km da cidade de Natal, sendo composta pela Faculdade de Engenharia, Letras e Ci&ecirc;ncias Sociais do Serid&oacute; (FELCS). O local conta com os cursos de gradua&ccedil;&atilde;o em Administra&ccedil;&atilde;o, Engenharia de Produ&ccedil;&atilde;o, Letras e Turismo.<\/p><h3 class=\"wp-block-heading\" id=\"h-macaiba\">Maca&iacute;ba<\/h3><p>A apenas 28 km de Natal, o campus da cidade de Maca&iacute;ba possui a Escola Agr&iacute;cola de Jundia&iacute; (EAJ) e os cursos de Agronomia, An&aacute;lise e Desenvolvimento de Sistemas, Engenharia Florestal e Zootecnia.<\/p><h3 class=\"wp-block-heading\" id=\"h-santa-cruz\">Santa Cruz<\/h3><p>No campus da cidade de Santa Cruz, situado a 129 km de dist&acirc;ncia de Natal, concentra-se a Faculdade de Ci&ecirc;ncias da Sa&uacute;de do Trairi (FACISA). Nesta unidade est&atilde;o os cursos de Enfermagem, Fisioterapia, Nutri&ccedil;&atilde;o e Psicologia.<\/p><div class=\"wp-block-buttons is-content-justification-center is-layout-flex wp-container-core-buttons-is-layout-2 wp-block-buttons-is-layout-flex\">\n<div class=\"wp-block-button\"><a class=\"wp-block-button__link wp-element-button\" href=\"https:\/\/vestibulares.estrategia.com\/cursos\/mentorias\/?id=d908fa13-51be-4ec5-8662-1985d480832b\" target=\"_blank\">MENTORIAS ESTRAT&Eacute;GIA VESTIBULARES<\/a><\/div>\n<\/div><h2 class=\"wp-block-heading\" id=\"h-oportunidades-da-ufrn\"><span class=\"ez-toc-section\" id=\"Oportunidades-da-UFRN\"><\/span>Oportunidades da UFRN<span class=\"ez-toc-section-end\"><\/span><\/h2><p>Como citado anteriormente, os campis da UFRN apresentam diversos cursos, com laborat&oacute;rios, salas de aulas, hospitais e parque poliesportivo, que agregam no aprendizado e forma&ccedil;&atilde;o acad&ecirc;mica dos estudantes.&nbsp;<\/p><h2 class=\"wp-block-heading\" id=\"h-auxilios-e-permanencia-estudantil\"><span class=\"ez-toc-section\" id=\"Auxilios-e-permanencia-estudantil\"><\/span>Aux&iacute;lios e perman&ecirc;ncia estudantil<span class=\"ez-toc-section-end\"><\/span><\/h2><p>A universidade oferece diversas <a href=\"https:\/\/proae.ufrn.br\/\" target=\"_blank\">formas de aux&iacute;lio<\/a> para contribuir com as atividades e promover um melhor desenvolvimento dos estudantes durante os estudos e perman&ecirc;ncia na institui&ccedil;&atilde;o. Confira quais s&atilde;o:<\/p><ul class=\"wp-block-list\">\n<li>Assist&ecirc;ncia M&eacute;dico e Odontol&oacute;gico: destinado a alunos residentes e aos alunos considerados priorit&aacute;rios, ou seja, aqueles que possuem baixa renda familiar;<\/li>\n\n\n\n<li>Aux&iacute;lio Alimenta&ccedil;&atilde;o: designado suprir necessidades alimentares dos estudantes de gradua&ccedil;&atilde;o em condi&ccedil;&atilde;o de vulnerabilidade socioecon&ocirc;mica;<\/li>\n\n\n\n<li>Aux&iacute;lio Creche: busca atender aos estudantes dos cursos de gradua&ccedil;&atilde;o presenciais da UFRN, em primeira gradua&ccedil;&atilde;o, que necessitem de subs&iacute;dio para custear despesas referentes &agrave; manuten&ccedil;&atilde;o da creche e\/ ou similar para seus filhos, ou menores, de zero a seis anos incompletos, que estejam legalmente sob sua guarda.<\/li>\n\n\n\n<li>Aux&iacute;lio &Oacute;culos: oferece para estudantes em primeira gradua&ccedil;&atilde;o que apresentam situa&ccedil;&atilde;o de vulnerabilidade socioecon&ocirc;mica subs&iacute;dio nas despesas para aquisi&ccedil;&atilde;o de &oacute;culos com lentes corretivas, respeitando-se a periodicidade m&iacute;nima de 12 (doze) meses para cada solicita&ccedil;&atilde;o, contribuindo para sua perman&ecirc;ncia e conclus&atilde;o da Educa&ccedil;&atilde;o Superior atrav&eacute;s de recurso financeiro no valor de at&eacute; R$ 200,00;<\/li>\n\n\n\n<li>Aux&iacute;lio Moradia: para estudantes que n&atilde;o tenham sido contemplados com vaga na resid&ecirc;ncia universit&aacute;ria, mas que atendem aos crit&eacute;rios para receber o benef&iacute;cio;<\/li>\n\n\n\n<li>Aux&iacute;lio Transporte: fornecimento de passagens ou seu equivalente em moeda corrente para assegurar a frequ&ecirc;ncia do estudante em vulnerabilidade socioecon&ocirc;mica &agrave;s atividades curriculares;<\/li>\n\n\n\n<li>Aux&iacute;lio Resid&ecirc;ncia: assegura moradia, por meio de concess&atilde;o de vaga em uma das resid&ecirc;ncias universit&aacute;rias; e<\/li>\n\n\n\n<li>Bolsa Atleta: apoiar os estudantes que frequentam treinamento esportivo regular e que participam das sele&ccedil;&otilde;es esportivas.<\/li>\n<\/ul><h2 class=\"wp-block-heading\" id=\"h-baixe-gratis-o-e-book-sobre-permanencia-estudantil\"><span class=\"ez-toc-section\" id=\"Baixe-gratis-o-e-book-sobre-permanencia-estudantil\"><\/span>Baixe gr&aacute;tis o e-book sobre perman&ecirc;ncia estudantil<span class=\"ez-toc-section-end\"><\/span><\/h2><p>O e-book &ldquo;Passei na Federal! E agora?&rdquo; &eacute; um guia completo que re&uacute;ne todas as pol&iacute;ticas de perman&ecirc;ncia estudantil oferecidas por cada uma das universidades federais brasileiras. A equipe do Estrat&eacute;gia Vestibulares separou as informa&ccedil;&otilde;es por regi&atilde;o e voc&ecirc; ainda pode clicar para consultar a p&aacute;gina do &oacute;rg&atilde;o que cuida dos programas de perman&ecirc;ncia em cada institui&ccedil;&atilde;o.<\/p><p>Al&eacute;m disso, voc&ecirc; ter&aacute; breves explica&ccedil;&otilde;es sobre alguns tipos de assist&ecirc;ncia, como aux&iacute;lio transporte, aux&iacute;lio financeiro, aux&iacute;lio material did&aacute;tico, moradia e restaurante universit&aacute;rio e &eacute; poss&iacute;vel saber quais os requisitos s&atilde;o exigidos para ser um benefici&aacute;rio de uma pol&iacute;tica de perman&ecirc;ncia estudantil e como concorrer &agrave;s que est&atilde;o dispon&iacute;veis na universidade que voc&ecirc; deseja ingressar.<\/p><p>Clique no banner abaixo e fa&ccedil;a o download gratuito do e-book<strong>&nbsp;&ldquo;Passei na Federal! E agora?&rdquo;.<\/strong><\/p><figure class=\"wp-block-image size-full\"><a href=\"https:\/\/gratis.estrategiaconcursos.com.br\/ev-ebook-passei-na-federal-2024\/\" target=\"_blank\"><img decoding=\"async\" src=\"https:\/\/vestibulares.estrategia.com\/portal\/wp-content\/uploads\/2024\/05\/BANNER_PORTAL_.jpg\" alt=\"\" class=\"wp-image-117446\"><\/a><\/figure><h2 class=\"wp-block-heading\" id=\"h-confira-os-cursos-enem-do-estrategia-vestibulares\"><span class=\"ez-toc-section\" id=\"Confira-os-cursos-Enem-do-Estrategia-Vestibulares\"><\/span>Confira os cursos Enem do Estrat&eacute;gia Vestibulares<span class=\"ez-toc-section-end\"><\/span><\/h2><p>O Estrat&eacute;gia Vestibulares oferece cursos e simulados preparat&oacute;rios para o Enem desenvolvidos de forma exclusiva e voltada para a banca do exame. Acesse abaixo e saiba mais sobre nossos benef&iacute;cios para te ajudar a ingressar na universidade dos seus sonhos!<\/p><p>\n\n\n\n<a id=\"cta\" class=\"cta-imagem\" href=\"https:\/\/vestibulares.estrategia.com\/curso\/pacote-enem\/\" target=\"blank\">\n                <img decoding=\"async\" width=\"100%\" src=\"https:\/\/vestibulares.estrategia.com\/portal\/wp-content\/uploads\/2021\/12\/Enem.jpg\" alt=\"CTA curso Enem\" title=\"CTA curso Enem\">\n        <\/a>\n\n\n\n<\/p><h2 class=\"wp-block-heading\" id=\"h-veja-tambem\"><span class=\"ez-toc-section\" id=\"Veja-tambem\"><\/span>Veja tamb&eacute;m:<span class=\"ez-toc-section-end\"><\/span><\/h2><ul class=\"wp-block-list\">\n<li><a href=\"https:\/\/vestibulares.estrategia.com\/portal\/enem\/calendario-enem\/\" target=\"_blank\">Calend&aacute;rio Enem: datas, inscri&ccedil;&otilde;es, provas e resultado<\/a>&nbsp;<\/li>\n\n\n\n<li><a href=\"https:\/\/vestibulares.estrategia.com\/portal\/enem\/guia-do-enem\/\">Guia do Enem: baixe o e-book gratuito sobre a prova<\/a><\/li>\n\n\n\n<li><a href=\"https:\/\/vestibulares.estrategia.com\/portal\/enem\/tudo-sobre-resultado-enem\/\">Tudo o que voc&ecirc; precisa saber sobre o resultado do Enem<\/a>&nbsp;<\/li>\n\n\n\n<li><a href=\"https:\/\/vestibulares.estrategia.com\/portal\/enem\/como-calcular-nota-enem\/\">Como calcular a nota do Enem?<\/a><\/li>\n\n\n\n<li><a href=\"https:\/\/vestibulares.estrategia.com\/portal\/enem\/nota-do-enem-pontuacao-cada-curso\/\">Nota do Enem: saiba qual &eacute; a pontua&ccedil;&atilde;o necess&aacute;ria para cada curso<\/a><\/li>\n<\/ul><\/p>\n","protected":false},"excerpt":{"rendered":"O Portal Estrat\u00e9gia Vestibulares separou as principais informa\u00e7\u00f5es sobre o processo seletivo via Sisu da UFRN, como calend\u00e1rio, vagas, cursos e oportunidades\n","protected":false},"author":29,"featured_media":87257,"comment_status":"closed","ping_status":"closed","sticky":false,"template":"","format":"standard","meta":{"wl_entities_gutenberg":"","footnotes":""},"categories":[816],"tags":[],"wl_entity_type":[732],"class_list":{"0":"post-87256","1":"post","2":"type-post","3":"status-publish","4":"format-standard","5":"has-post-thumbnail","7":"category-enem-e-vestibulares","8":"wl_entity_type-article"},"acf":[],"yoast_head":"<!-- This site is optimized with the Yoast SEO Premium plugin v25.9 (Yoast SEO v25.9) - https:\/\/yoast.com\/wordpress\/plugins\/seo\/ -->\n<title>UFRN: Sisu, cursos, vagas, como ingressar e muito mais<\/title>\n<meta name=\"description\" content=\"O Portal Estrat\u00e9gia Vestibulares separou as principais informa\u00e7\u00f5es sobre o processo seletivo via Sisu da UFRN, como calend\u00e1rio, vagas, cursos e oportunidades\" \/>\n<meta name=\"robots\" content=\"index, follow, max-snippet:-1, max-image-preview:large, max-video-preview:-1\" \/>\n<link rel=\"canonical\" href=\"https:\/\/vestibulares.estrategia.com\/portal\/enem-e-vestibulares\/ufrn-sisu-cursos-vagas-como-ingressar-e-muito-mais\/\" \/>\n<meta property=\"og:locale\" content=\"pt_BR\" \/>\n<meta property=\"og:type\" content=\"article\" \/>\n<meta property=\"og:title\" content=\"UFRN: Sisu, cursos, vagas, como ingressar e muito mais\" \/>\n<meta property=\"og:description\" content=\"O Portal Estrat\u00e9gia Vestibulares separou as principais informa\u00e7\u00f5es sobre o processo seletivo via Sisu da UFRN, como calend\u00e1rio, vagas, cursos e oportunidades\" \/>\n<meta property=\"og:url\" content=\"https:\/\/vestibulares.estrategia.com\/portal\/enem-e-vestibulares\/ufrn-sisu-cursos-vagas-como-ingressar-e-muito-mais\/\" \/>\n<meta property=\"og:site_name\" content=\"Estrat\u00e9gia Vestibulares\" \/>\n<meta property=\"article:publisher\" content=\"https:\/\/facebook.com\/estrategiavestibulares\" \/>\n<meta property=\"article:published_time\" content=\"2023-02-03T12:22:10+00:00\" \/>\n<meta property=\"article:modified_time\" content=\"2026-01-12T16:51:19+00:00\" \/>\n<meta property=\"og:image\" content=\"https:\/\/vestibulares.estrategia.com\/portal\/wp-content\/uploads\/2023\/02\/ufrn.jpg\" \/>\n\t<meta property=\"og:image:width\" content=\"640\" \/>\n\t<meta property=\"og:image:height\" content=\"320\" \/>\n\t<meta property=\"og:image:type\" content=\"image\/jpeg\" \/>\n<meta name=\"author\" content=\"J\u00falia Wasko\" \/>\n<meta name=\"twitter:card\" content=\"summary_large_image\" \/>\n<meta name=\"twitter:creator\" content=\"@Estrategiavest\" \/>\n<meta name=\"twitter:site\" content=\"@Estrategiavest\" \/>\n<meta name=\"twitter:label1\" content=\"Escrito por\" \/>\n\t<meta name=\"twitter:data1\" content=\"J\u00falia Wasko\" \/>\n\t<meta name=\"twitter:label2\" content=\"Est. tempo de leitura\" \/>\n\t<meta name=\"twitter:data2\" content=\"17 minutos\" \/>\n<script type=\"application\/ld+json\" class=\"yoast-schema-graph\">{\"@context\":\"https:\/\/schema.org\",\"@graph\":[{\"@type\":\"Article\",\"@id\":\"https:\/\/vestibulares.estrategia.com\/portal\/enem-e-vestibulares\/ufrn-sisu-cursos-vagas-como-ingressar-e-muito-mais\/#article\",\"isPartOf\":{\"@id\":\"https:\/\/vestibulares.estrategia.com\/portal\/enem-e-vestibulares\/ufrn-sisu-cursos-vagas-como-ingressar-e-muito-mais\/\"},\"author\":{\"name\":\"J\u00falia Wasko\",\"@id\":\"https:\/\/vestibulares.estrategia.com\/portal\/#\/schema\/person\/83d5c517a965e3fd3fc7016a981cb8fe\"},\"headline\":\"UFRN: Sisu, cursos, vagas, como ingressar e muito mais\",\"datePublished\":\"2023-02-03T12:22:10+00:00\",\"dateModified\":\"2026-01-12T16:51:19+00:00\",\"mainEntityOfPage\":{\"@id\":\"https:\/\/vestibulares.estrategia.com\/portal\/enem-e-vestibulares\/ufrn-sisu-cursos-vagas-como-ingressar-e-muito-mais\/\"},\"wordCount\":3493,\"publisher\":{\"@id\":\"https:\/\/vestibulares.estrategia.com\/portal\/#organization\"},\"image\":{\"@id\":\"https:\/\/vestibulares.estrategia.com\/portal\/enem-e-vestibulares\/ufrn-sisu-cursos-vagas-como-ingressar-e-muito-mais\/#primaryimage\"},\"thumbnailUrl\":\"https:\/\/vestibulares.estrategia.com\/portal\/wp-content\/uploads\/2023\/02\/ufrn.jpg\",\"articleSection\":[\"Enem e Vestibulares\"],\"inLanguage\":\"pt-BR\"},{\"@type\":\"WebPage\",\"@id\":\"https:\/\/vestibulares.estrategia.com\/portal\/enem-e-vestibulares\/ufrn-sisu-cursos-vagas-como-ingressar-e-muito-mais\/\",\"url\":\"https:\/\/vestibulares.estrategia.com\/portal\/enem-e-vestibulares\/ufrn-sisu-cursos-vagas-como-ingressar-e-muito-mais\/\",\"name\":\"UFRN: Sisu, cursos, vagas, como ingressar e muito mais\",\"isPartOf\":{\"@id\":\"https:\/\/vestibulares.estrategia.com\/portal\/#website\"},\"primaryImageOfPage\":{\"@id\":\"https:\/\/vestibulares.estrategia.com\/portal\/enem-e-vestibulares\/ufrn-sisu-cursos-vagas-como-ingressar-e-muito-mais\/#primaryimage\"},\"image\":{\"@id\":\"https:\/\/vestibulares.estrategia.com\/portal\/enem-e-vestibulares\/ufrn-sisu-cursos-vagas-como-ingressar-e-muito-mais\/#primaryimage\"},\"thumbnailUrl\":\"https:\/\/vestibulares.estrategia.com\/portal\/wp-content\/uploads\/2023\/02\/ufrn.jpg\",\"datePublished\":\"2023-02-03T12:22:10+00:00\",\"dateModified\":\"2026-01-12T16:51:19+00:00\",\"description\":\"O Portal Estrat\u00e9gia Vestibulares separou as principais informa\u00e7\u00f5es sobre o processo seletivo via Sisu da UFRN, como calend\u00e1rio, vagas, cursos e oportunidades\",\"breadcrumb\":{\"@id\":\"https:\/\/vestibulares.estrategia.com\/portal\/enem-e-vestibulares\/ufrn-sisu-cursos-vagas-como-ingressar-e-muito-mais\/#breadcrumb\"},\"inLanguage\":\"pt-BR\",\"potentialAction\":[{\"@type\":\"ReadAction\",\"target\":[\"https:\/\/vestibulares.estrategia.com\/portal\/enem-e-vestibulares\/ufrn-sisu-cursos-vagas-como-ingressar-e-muito-mais\/\"]}]},{\"@type\":\"ImageObject\",\"inLanguage\":\"pt-BR\",\"@id\":\"https:\/\/vestibulares.estrategia.com\/portal\/enem-e-vestibulares\/ufrn-sisu-cursos-vagas-como-ingressar-e-muito-mais\/#primaryimage\",\"url\":\"https:\/\/vestibulares.estrategia.com\/portal\/wp-content\/uploads\/2023\/02\/ufrn.jpg\",\"contentUrl\":\"https:\/\/vestibulares.estrategia.com\/portal\/wp-content\/uploads\/2023\/02\/ufrn.jpg\",\"width\":640,\"height\":320},{\"@type\":\"BreadcrumbList\",\"@id\":\"https:\/\/vestibulares.estrategia.com\/portal\/enem-e-vestibulares\/ufrn-sisu-cursos-vagas-como-ingressar-e-muito-mais\/#breadcrumb\",\"itemListElement\":[{\"@type\":\"ListItem\",\"position\":1,\"name\":\"Home\",\"item\":\"https:\/\/vestibulares.estrategia.com\/portal\/\"},{\"@type\":\"ListItem\",\"position\":2,\"name\":\"Enem e Vestibulares\",\"item\":\"https:\/\/vestibulares.estrategia.com\/portal\/enem-e-vestibulares\/\"},{\"@type\":\"ListItem\",\"position\":3,\"name\":\"UFRN: Sisu, cursos, vagas, como ingressar e muito mais\"}]},{\"@type\":\"WebSite\",\"@id\":\"https:\/\/vestibulares.estrategia.com\/portal\/#website\",\"url\":\"https:\/\/vestibulares.estrategia.com\/portal\/\",\"name\":\"Estrat\u00e9gia Vestibulares\",\"description\":\"\",\"publisher\":{\"@id\":\"https:\/\/vestibulares.estrategia.com\/portal\/#organization\"},\"potentialAction\":[{\"@type\":\"SearchAction\",\"target\":{\"@type\":\"EntryPoint\",\"urlTemplate\":\"https:\/\/vestibulares.estrategia.com\/portal\/?s={search_term_string}\"},\"query-input\":{\"@type\":\"PropertyValueSpecification\",\"valueRequired\":true,\"valueName\":\"search_term_string\"}}],\"inLanguage\":\"pt-BR\"},{\"@type\":\"Organization\",\"@id\":\"https:\/\/vestibulares.estrategia.com\/portal\/#organization\",\"name\":\"Estrat\u00e9gia Vestibulares\",\"url\":\"https:\/\/vestibulares.estrategia.com\/portal\/\",\"logo\":{\"@type\":\"ImageObject\",\"inLanguage\":\"pt-BR\",\"@id\":\"https:\/\/vestibulares.estrategia.com\/portal\/#\/schema\/logo\/image\/\",\"url\":\"https:\/\/vestibulares.estrategia.com\/portal\/wp-content\/uploads\/2021\/06\/Logo-Vestibulares@4x.png\",\"contentUrl\":\"https:\/\/vestibulares.estrategia.com\/portal\/wp-content\/uploads\/2021\/06\/Logo-Vestibulares@4x.png\",\"width\":250,\"height\":66,\"caption\":\"Estrat\u00e9gia Vestibulares\"},\"image\":{\"@id\":\"https:\/\/vestibulares.estrategia.com\/portal\/#\/schema\/logo\/image\/\"},\"sameAs\":[\"https:\/\/facebook.com\/estrategiavestibulares\",\"https:\/\/x.com\/Estrategiavest\",\"https:\/\/www.instagram.com\/estrategiavestibulares\",\"https:\/\/www.youtube.com\/channel\/UCGWdZy8ULI-7_5GrABa4vNA\"]},{\"@type\":\"Person\",\"@id\":\"https:\/\/vestibulares.estrategia.com\/portal\/#\/schema\/person\/83d5c517a965e3fd3fc7016a981cb8fe\",\"name\":\"J\u00falia Wasko\",\"image\":{\"@type\":\"ImageObject\",\"inLanguage\":\"pt-BR\",\"@id\":\"https:\/\/vestibulares.estrategia.com\/portal\/#\/schema\/person\/image\/\",\"url\":\"https:\/\/secure.gravatar.com\/avatar\/dab6fb308a491eea989a46ec58d3714d?s=96&d=mm&r=g\",\"contentUrl\":\"https:\/\/secure.gravatar.com\/avatar\/dab6fb308a491eea989a46ec58d3714d?s=96&d=mm&r=g\",\"caption\":\"J\u00falia Wasko\"},\"description\":\"Curso Jornalismo e sou apaixonada por entretenimento, comunica\u00e7\u00e3o e not\u00edcia! Adoro ler e curtir momentos com fam\u00edlia e amigos!\",\"url\":\"https:\/\/vestibulares.estrategia.com\/portal\/author\/julia-martins\/\"}]}<\/script>\n<!-- \/ Yoast SEO Premium plugin. -->","yoast_head_json":{"title":"UFRN: Sisu, cursos, vagas, como ingressar e muito mais","description":"O Portal Estrat\u00e9gia Vestibulares separou as principais informa\u00e7\u00f5es sobre o processo seletivo via Sisu da UFRN, como calend\u00e1rio, vagas, cursos e oportunidades","robots":{"index":"index","follow":"follow","max-snippet":"max-snippet:-1","max-image-preview":"max-image-preview:large","max-video-preview":"max-video-preview:-1"},"canonical":"https:\/\/vestibulares.estrategia.com\/portal\/enem-e-vestibulares\/ufrn-sisu-cursos-vagas-como-ingressar-e-muito-mais\/","og_locale":"pt_BR","og_type":"article","og_title":"UFRN: Sisu, cursos, vagas, como ingressar e muito mais","og_description":"O Portal Estrat\u00e9gia Vestibulares separou as principais informa\u00e7\u00f5es sobre o processo seletivo via Sisu da UFRN, como calend\u00e1rio, vagas, cursos e oportunidades","og_url":"https:\/\/vestibulares.estrategia.com\/portal\/enem-e-vestibulares\/ufrn-sisu-cursos-vagas-como-ingressar-e-muito-mais\/","og_site_name":"Estrat\u00e9gia Vestibulares","article_publisher":"https:\/\/facebook.com\/estrategiavestibulares","article_published_time":"2023-02-03T12:22:10+00:00","article_modified_time":"2026-01-12T16:51:19+00:00","og_image":[{"width":640,"height":320,"url":"https:\/\/vestibulares.estrategia.com\/portal\/wp-content\/uploads\/2023\/02\/ufrn.jpg","type":"image\/jpeg"}],"author":"J\u00falia Wasko","twitter_card":"summary_large_image","twitter_creator":"@Estrategiavest","twitter_site":"@Estrategiavest","twitter_misc":{"Escrito por":"J\u00falia Wasko","Est. tempo de leitura":"17 minutos"},"schema":{"@context":"https:\/\/schema.org","@graph":[{"@type":"Article","@id":"https:\/\/vestibulares.estrategia.com\/portal\/enem-e-vestibulares\/ufrn-sisu-cursos-vagas-como-ingressar-e-muito-mais\/#article","isPartOf":{"@id":"https:\/\/vestibulares.estrategia.com\/portal\/enem-e-vestibulares\/ufrn-sisu-cursos-vagas-como-ingressar-e-muito-mais\/"},"author":{"name":"J\u00falia Wasko","@id":"https:\/\/vestibulares.estrategia.com\/portal\/#\/schema\/person\/83d5c517a965e3fd3fc7016a981cb8fe"},"headline":"UFRN: Sisu, cursos, vagas, como ingressar e muito mais","datePublished":"2023-02-03T12:22:10+00:00","dateModified":"2026-01-12T16:51:19+00:00","mainEntityOfPage":{"@id":"https:\/\/vestibulares.estrategia.com\/portal\/enem-e-vestibulares\/ufrn-sisu-cursos-vagas-como-ingressar-e-muito-mais\/"},"wordCount":3493,"publisher":{"@id":"https:\/\/vestibulares.estrategia.com\/portal\/#organization"},"image":{"@id":"https:\/\/vestibulares.estrategia.com\/portal\/enem-e-vestibulares\/ufrn-sisu-cursos-vagas-como-ingressar-e-muito-mais\/#primaryimage"},"thumbnailUrl":"https:\/\/vestibulares.estrategia.com\/portal\/wp-content\/uploads\/2023\/02\/ufrn.jpg","articleSection":["Enem e Vestibulares"],"inLanguage":"pt-BR"},{"@type":"WebPage","@id":"https:\/\/vestibulares.estrategia.com\/portal\/enem-e-vestibulares\/ufrn-sisu-cursos-vagas-como-ingressar-e-muito-mais\/","url":"https:\/\/vestibulares.estrategia.com\/portal\/enem-e-vestibulares\/ufrn-sisu-cursos-vagas-como-ingressar-e-muito-mais\/","name":"UFRN: Sisu, cursos, vagas, como ingressar e muito mais","isPartOf":{"@id":"https:\/\/vestibulares.estrategia.com\/portal\/#website"},"primaryImageOfPage":{"@id":"https:\/\/vestibulares.estrategia.com\/portal\/enem-e-vestibulares\/ufrn-sisu-cursos-vagas-como-ingressar-e-muito-mais\/#primaryimage"},"image":{"@id":"https:\/\/vestibulares.estrategia.com\/portal\/enem-e-vestibulares\/ufrn-sisu-cursos-vagas-como-ingressar-e-muito-mais\/#primaryimage"},"thumbnailUrl":"https:\/\/vestibulares.estrategia.com\/portal\/wp-content\/uploads\/2023\/02\/ufrn.jpg","datePublished":"2023-02-03T12:22:10+00:00","dateModified":"2026-01-12T16:51:19+00:00","description":"O Portal Estrat\u00e9gia Vestibulares separou as principais informa\u00e7\u00f5es sobre o processo seletivo via Sisu da UFRN, como calend\u00e1rio, vagas, cursos e oportunidades","breadcrumb":{"@id":"https:\/\/vestibulares.estrategia.com\/portal\/enem-e-vestibulares\/ufrn-sisu-cursos-vagas-como-ingressar-e-muito-mais\/#breadcrumb"},"inLanguage":"pt-BR","potentialAction":[{"@type":"ReadAction","target":["https:\/\/vestibulares.estrategia.com\/portal\/enem-e-vestibulares\/ufrn-sisu-cursos-vagas-como-ingressar-e-muito-mais\/"]}]},{"@type":"ImageObject","inLanguage":"pt-BR","@id":"https:\/\/vestibulares.estrategia.com\/portal\/enem-e-vestibulares\/ufrn-sisu-cursos-vagas-como-ingressar-e-muito-mais\/#primaryimage","url":"https:\/\/vestibulares.estrategia.com\/portal\/wp-content\/uploads\/2023\/02\/ufrn.jpg","contentUrl":"https:\/\/vestibulares.estrategia.com\/portal\/wp-content\/uploads\/2023\/02\/ufrn.jpg","width":640,"height":320},{"@type":"BreadcrumbList","@id":"https:\/\/vestibulares.estrategia.com\/portal\/enem-e-vestibulares\/ufrn-sisu-cursos-vagas-como-ingressar-e-muito-mais\/#breadcrumb","itemListElement":[{"@type":"ListItem","position":1,"name":"Home","item":"https:\/\/vestibulares.estrategia.com\/portal\/"},{"@type":"ListItem","position":2,"name":"Enem e Vestibulares","item":"https:\/\/vestibulares.estrategia.com\/portal\/enem-e-vestibulares\/"},{"@type":"ListItem","position":3,"name":"UFRN: Sisu, cursos, vagas, como ingressar e muito mais"}]},{"@type":"WebSite","@id":"https:\/\/vestibulares.estrategia.com\/portal\/#website","url":"https:\/\/vestibulares.estrategia.com\/portal\/","name":"Estrat\u00e9gia Vestibulares","description":"","publisher":{"@id":"https:\/\/vestibulares.estrategia.com\/portal\/#organization"},"potentialAction":[{"@type":"SearchAction","target":{"@type":"EntryPoint","urlTemplate":"https:\/\/vestibulares.estrategia.com\/portal\/?s={search_term_string}"},"query-input":{"@type":"PropertyValueSpecification","valueRequired":true,"valueName":"search_term_string"}}],"inLanguage":"pt-BR"},{"@type":"Organization","@id":"https:\/\/vestibulares.estrategia.com\/portal\/#organization","name":"Estrat\u00e9gia Vestibulares","url":"https:\/\/vestibulares.estrategia.com\/portal\/","logo":{"@type":"ImageObject","inLanguage":"pt-BR","@id":"https:\/\/vestibulares.estrategia.com\/portal\/#\/schema\/logo\/image\/","url":"https:\/\/vestibulares.estrategia.com\/portal\/wp-content\/uploads\/2021\/06\/Logo-Vestibulares@4x.png","contentUrl":"https:\/\/vestibulares.estrategia.com\/portal\/wp-content\/uploads\/2021\/06\/Logo-Vestibulares@4x.png","width":250,"height":66,"caption":"Estrat\u00e9gia Vestibulares"},"image":{"@id":"https:\/\/vestibulares.estrategia.com\/portal\/#\/schema\/logo\/image\/"},"sameAs":["https:\/\/facebook.com\/estrategiavestibulares","https:\/\/x.com\/Estrategiavest","https:\/\/www.instagram.com\/estrategiavestibulares","https:\/\/www.youtube.com\/channel\/UCGWdZy8ULI-7_5GrABa4vNA"]},{"@type":"Person","@id":"https:\/\/vestibulares.estrategia.com\/portal\/#\/schema\/person\/83d5c517a965e3fd3fc7016a981cb8fe","name":"J\u00falia Wasko","image":{"@type":"ImageObject","inLanguage":"pt-BR","@id":"https:\/\/vestibulares.estrategia.com\/portal\/#\/schema\/person\/image\/","url":"https:\/\/secure.gravatar.com\/avatar\/dab6fb308a491eea989a46ec58d3714d?s=96&d=mm&r=g","contentUrl":"https:\/\/secure.gravatar.com\/avatar\/dab6fb308a491eea989a46ec58d3714d?s=96&d=mm&r=g","caption":"J\u00falia Wasko"},"description":"Curso Jornalismo e sou apaixonada por entretenimento, comunica\u00e7\u00e3o e not\u00edcia! Adoro ler e curtir momentos com fam\u00edlia e amigos!","url":"https:\/\/vestibulares.estrategia.com\/portal\/author\/julia-martins\/"}]}},"_wl_alt_label":[],"wl:entity_url":"https:\/\/data.wordlift.io\/wl110249\/post\/ufrn-sisu-cursos-vagas-como-ingressar-e-muito-mais","_links":{"self":[{"href":"https:\/\/vestibulares.estrategia.com\/portal\/wp-json\/wp\/v2\/posts\/87256","targetHints":{"allow":["GET"]}}],"collection":[{"href":"https:\/\/vestibulares.estrategia.com\/portal\/wp-json\/wp\/v2\/posts"}],"about":[{"href":"https:\/\/vestibulares.estrategia.com\/portal\/wp-json\/wp\/v2\/types\/post"}],"author":[{"embeddable":true,"href":"https:\/\/vestibulares.estrategia.com\/portal\/wp-json\/wp\/v2\/users\/29"}],"replies":[{"embeddable":true,"href":"https:\/\/vestibulares.estrategia.com\/portal\/wp-json\/wp\/v2\/comments?post=87256"}],"version-history":[{"count":17,"href":"https:\/\/vestibulares.estrategia.com\/portal\/wp-json\/wp\/v2\/posts\/87256\/revisions"}],"predecessor-version":[{"id":152929,"href":"https:\/\/vestibulares.estrategia.com\/portal\/wp-json\/wp\/v2\/posts\/87256\/revisions\/152929"}],"wp:featuredmedia":[{"embeddable":true,"href":"https:\/\/vestibulares.estrategia.com\/portal\/wp-json\/wp\/v2\/media\/87257"}],"wp:attachment":[{"href":"https:\/\/vestibulares.estrategia.com\/portal\/wp-json\/wp\/v2\/media?parent=87256"}],"wp:term":[{"taxonomy":"category","embeddable":true,"href":"https:\/\/vestibulares.estrategia.com\/portal\/wp-json\/wp\/v2\/categories?post=87256"},{"taxonomy":"post_tag","embeddable":true,"href":"https:\/\/vestibulares.estrategia.com\/portal\/wp-json\/wp\/v2\/tags?post=87256"},{"taxonomy":"wl_entity_type","embeddable":true,"href":"https:\/\/vestibulares.estrategia.com\/portal\/wp-json\/wp\/v2\/wl_entity_type?post=87256"}],"curies":[{"name":"wp","href":"https:\/\/api.w.org\/{rel}","templated":true}]}}