{"id":88694,"date":"2023-03-08T17:22:34","date_gmt":"2023-03-08T20:22:34","guid":{"rendered":"https:\/\/vestibulares.estrategia.com\/portal\/?p=88694"},"modified":"2023-07-19T09:42:46","modified_gmt":"2023-07-19T12:42:46","slug":"conheca-7-mulheres-que-foram-as-primeiras-em-suas-areas-de-estudos-no-brasil","status":"publish","type":"post","link":"https:\/\/vestibulares.estrategia.com\/portal\/profissoes\/conheca-7-mulheres-que-foram-as-primeiras-em-suas-areas-de-estudos-no-brasil\/","title":{"rendered":"Conhe\u00e7a 7 mulheres que foram as primeiras em suas \u00e1reas de estudos no Brasil"},"content":{"rendered":"<p>O dia 08 de mar&ccedil;o &eacute; s&iacute;mbolo internacional da luta de direitos das mulheres, uma data importante para relembrar nomes femininos que ultrapassaram barreiras de g&ecirc;nero, classe e ra&ccedil;a para acessar o ensino, e tornaram-se as primeiras mulheres em suas &aacute;reas de estudos no Brasil.<p>Na Medicina, no Direito, nas Engenharias e em outros campos, conhe&ccedil;a, no texto de hoje, a hist&oacute;ria de mulheres que abriram caminho na busca pela equidade de g&ecirc;nero na Ci&ecirc;ncia e no Trabalho.&nbsp;<\/p><p class=\"wp-block-verse\"><strong>Leia tamb&eacute;m:<\/strong><br>+ <a href=\"https:\/\/vestibulares.estrategia.com\/portal\/materias\/redacao\/9-citacoes-de-mulheres-importantes-para-usar-na-redacao\/\" target=\"_blank\">9 cita&ccedil;&otilde;es de mulheres importantes para usar na reda&ccedil;&atilde;o<\/a><br>+ <a href=\"https:\/\/vestibulares.estrategia.com\/portal\/materias\/redacao\/filmes-documentarios-mulheres-ciencia\/\" target=\"_blank\">7 filmes e document&aacute;rios sobre mulheres na ci&ecirc;ncia para aumentar seu repert&oacute;rio sociocultural<\/a><br>+ <a href=\"https:\/\/vestibulares.estrategia.com\/portal\/materias\/literatura\/9-autoras-que-caem-no-vestibular\/\" target=\"_blank\">Dia da Mulher: 9 autoras que caem no vestibular<\/a><\/p><p>\n\n\n\n<div id=\"new-form\">\n\t<form id=\"forms_layout\">\n\t<input type=\"hidden\" id=\"chave_de\" name=\"chave_de\" value=\"01_EVEST_LEADS_TOTAIS\" \/>\n\t\t<input type=\"hidden\" id=\"mid\" name=\"mid\" value=\"515008983\" \/>\n\t\t<input type=\"hidden\" id=\"Objetivo\" name=\"Objetivo\" value=\"Vestibulares\" \/>\n\t\t<input type=\"hidden\" id=\"Estado_de_Origem_do_IP\" name=\"Estado_de_Origem_do_IP\"  value=\"\" \/>\n\t\t<input type=\"hidden\" id=\"Cidade_de_Origem_do_IP\" name=\"Cidade_de_Origem_do_IP\" value=\"\" \/>\n\t\t<input type=\"hidden\" id=\"Modo_de_entrada\" name=\"Modo_de_entrada\" value=\"Portal\" \/>\n\t\t<input type=\"hidden\" id=\"Pagina_Origem\" name=\"Pagina_Origem\" value=\"\" \/>\n\n\t\t<div class=\"texto\">\n\t\t\t<h3 class=\"news\">Inscreva-se em nossa newsletter\ud83e\udd89<\/h3>\n\t\t\t<p>Receba dicas de estudo gratuitas e saiba em primeira m\u00e3o as novidades sobre o Enem, Sisu, Encceja, Fuvest e outros vestibulares!<\/p>\n\t\t<\/div>\n\t\t<div class=\"campos\">\n\t\t\t<div class=\"first_name labels\">\n\t\t\t\t<input type=\"text\" class=\"input_labels\" id=\"first_name\" name=\"Nome_Completo\" placeholder=\"Nome\" required \/>\n\t\t\t<\/div>\n\t\t\t<div class=\"email labels\">\n\t\t\t\t<input type=\"email\" class=\"input_labels\" id=\"email\" name=\"Email\" placeholder=\"E-mail\" required \/>\n\t\t\t<\/div>\n\t\t\t<button type=\"submit\" class=\"button_layout\">\n\t\t\t\t<div id=\"lblBotao\">Inscreva-se<\/div>\n\t\t\t\t<span id=\"divSpiner\" class=\"loader\" role=\"status\" style=\"display: none;\"><\/span>\t\n\t\t\t<\/button>\n\t\t<\/div><!-- \/campos -->\n\t\t\n\t\t<label class=\"container_checkbox\">Voc\u00ea concorda com a nossa\n\t\t\t<a class=\"politics_privacy_ahref\" target=\"_blank\" href=\"https:\/\/gratis.estrategiaconcursos.com.br\/politica-de-privacidade\/\">Pol\u00edtica de Privacidade<\/a> e aceita receber informa\u00e7\u00f5es adicionais do Estrat\u00e9gia Educacional.\n\t\t\t<input id=\"checkbox_layout\" type=\"checkbox\" checked=\"checked\" required \/>\n\t\t\t<span class=\"checkbox\"><\/span>\n\t\t<\/label>\n\t\t<div id=\"msg\"><\/div>\n\t\t<div id=\"error\" class=\"error\">\n\t\t<\/div>\n\t<\/form>\n<\/div><!-- \/new-form -->\n\n\n\n<\/p><div id=\"ez-toc-container\" class=\"ez-toc-v2_0_76 counter-hierarchy ez-toc-counter ez-toc-transparent ez-toc-container-direction\">\n<div class=\"ez-toc-title-container\"><p class=\"ez-toc-title\" style=\"cursor:inherit\">Navegue pelo conte\u00fado<\/p>\n<\/div><nav><ul class='ez-toc-list ez-toc-list-level-1 ' ><li class='ez-toc-page-1 ez-toc-heading-level-2'><a class=\"ez-toc-link ez-toc-heading-1\" href=\"https:\/\/vestibulares.estrategia.com\/portal\/profissoes\/conheca-7-mulheres-que-foram-as-primeiras-em-suas-areas-de-estudos-no-brasil\/#Rita-Lobato-Velho-Lopes-%E2%80%93-Medicina\" >Rita Lobato Velho Lopes &ndash; Medicina<\/a><\/li><li class='ez-toc-page-1 ez-toc-heading-level-2'><a class=\"ez-toc-link ez-toc-heading-2\" href=\"https:\/\/vestibulares.estrategia.com\/portal\/profissoes\/conheca-7-mulheres-que-foram-as-primeiras-em-suas-areas-de-estudos-no-brasil\/#Enedina-Alves-Marques-%E2%80%93-Engenharia-Civil\" >Enedina Alves Marques &ndash; Engenharia Civil<\/a><\/li><li class='ez-toc-page-1 ez-toc-heading-level-2'><a class=\"ez-toc-link ez-toc-heading-3\" href=\"https:\/\/vestibulares.estrategia.com\/portal\/profissoes\/conheca-7-mulheres-que-foram-as-primeiras-em-suas-areas-de-estudos-no-brasil\/#Anna-Frida-Hoffman-%E2%80%93-Engenharia-Quimica\" >Anna Frida Hoffman &ndash; Engenharia Qu&iacute;mica<\/a><\/li><li class='ez-toc-page-1 ez-toc-heading-level-2'><a class=\"ez-toc-link ez-toc-heading-4\" href=\"https:\/\/vestibulares.estrategia.com\/portal\/profissoes\/conheca-7-mulheres-que-foram-as-primeiras-em-suas-areas-de-estudos-no-brasil\/#Maria-Augusta-Saraiva-%E2%80%93-Direito\" >Maria Augusta Saraiva &ndash; Direito<\/a><\/li><li class='ez-toc-page-1 ez-toc-heading-level-2'><a class=\"ez-toc-link ez-toc-heading-5\" href=\"https:\/\/vestibulares.estrategia.com\/portal\/profissoes\/conheca-7-mulheres-que-foram-as-primeiras-em-suas-areas-de-estudos-no-brasil\/#Maria-Laura-Mouzinho-Leite-Lopes-%E2%80%93-Matematica\" >Maria Laura Mouzinho Leite Lopes &ndash; Matem&aacute;tica<\/a><\/li><li class='ez-toc-page-1 ez-toc-heading-level-2'><a class=\"ez-toc-link ez-toc-heading-6\" href=\"https:\/\/vestibulares.estrategia.com\/portal\/profissoes\/conheca-7-mulheres-que-foram-as-primeiras-em-suas-areas-de-estudos-no-brasil\/#Annita-de-Castilho-e-Marcondes-Cabral-%E2%80%93-Psicologia\" >Annita de Castilho e Marcondes Cabral &ndash; Psicologia<\/a><\/li><li class='ez-toc-page-1 ez-toc-heading-level-2'><a class=\"ez-toc-link ez-toc-heading-7\" href=\"https:\/\/vestibulares.estrategia.com\/portal\/profissoes\/conheca-7-mulheres-que-foram-as-primeiras-em-suas-areas-de-estudos-no-brasil\/#Nisia-Floresta-%E2%80%93-Filosofia\" >N&iacute;sia Floresta &ndash; Filosofia<\/a><\/li><li class='ez-toc-page-1 ez-toc-heading-level-2'><a class=\"ez-toc-link ez-toc-heading-8\" href=\"https:\/\/vestibulares.estrategia.com\/portal\/profissoes\/conheca-7-mulheres-que-foram-as-primeiras-em-suas-areas-de-estudos-no-brasil\/#Conquiste-sua-vaga-estudando-com-a-Coruja\" >Conquiste sua vaga estudando com a Coruja!<\/a><\/li><\/ul><\/nav><\/div>\n<h2 class=\"wp-block-heading\" id=\"h-rita-lobato-velho-lopes-medicina\"><span class=\"ez-toc-section\" id=\"Rita-Lobato-Velho-Lopes-%E2%80%93-Medicina\"><\/span>Rita Lobato Velho Lopes &ndash; Medicina<span class=\"ez-toc-section-end\"><\/span><\/h2><p>Nascida em 1866, no Rio Grande do Sul, Rita Lobato Velho Lopes se inspirava no m&eacute;dico que atendia sua fam&iacute;lia e desde crian&ccedil;a revelava seu desejo de seguir carreira na medicina. J&aacute; adolescente, Rita perdeu sua m&atilde;e durante um parto e em meio ao luto decidiu que seria m&eacute;dica para evitar esse tipo de acontecimento com as mulheres.<\/p><p>Com 18 anos, em 1884, quando mudou-se com o pai e os irm&atilde;os para o Rio de Janeiro, Rita ingressou na Universidade de Medicina do Rio de Janeiro &mdash; atual Universidade Federal do Rio de Janeiro (UFRJ) &mdash; e cursou o primeiro ano da gradua&ccedil;&atilde;o de Medicina. A aspirante a m&eacute;dica precisou mudar-se novamente, e concluiu seu curso na Faculdade de Medicina de Salvador, formando-se como a primeira m&eacute;dica do Brasil.<\/p><div class=\"wp-block-image\">\n<figure class=\"aligncenter is-resized\"><img decoding=\"async\" src=\"https:\/\/lh4.googleusercontent.com\/EYmgzIWtT8f3EuMZRHToTiYo_sBBMjkTjzoD53EOWBBMrJ7VbfkQZzkdthrcFs8x6xfYzXAX05Lg3lTUTeamflzxmvLgVTYDzrZ6oCIJrMTqsCch65nO2k5g4iFlX0DzZGr3d3O7Qty5JWjt5L6GIro\" alt=\"\" width=\"293\" height=\"410\"><\/figure><\/div><h2 class=\"wp-block-heading\" id=\"h-enedina-alves-marques-engenharia-civil\"><span class=\"ez-toc-section\" id=\"Enedina-Alves-Marques-%E2%80%93-Engenharia-Civil\"><\/span>Enedina Alves Marques &ndash; Engenharia Civil<span class=\"ez-toc-section-end\"><\/span><\/h2><p>Al&eacute;m das barreiras de desigualdade de g&ecirc;nero, Enedina Marques tamb&eacute;m precisou superar o racismo para ser a primeira mulher negra a se formar em Engenharia Civil no Brasil, no ano de 1945, na Universidade Federal do Paran&aacute; (<a href=\"https:\/\/vestibulares.estrategia.com\/portal\/vestibulares\/vestibular-ufpr\/\" target=\"_blank\">UFPR<\/a>).<\/p><p>A engenheira nasceu em 1913, em Curitiba, e precisou trabalhar como bab&aacute; e como empregada dom&eacute;stica para custear seus estudos at&eacute; a gradua&ccedil;&atilde;o, que naquela &eacute;poca n&atilde;o eram gratuitos. Na carreira, Enedina trabalhou no Plano Hidrel&eacute;trico do Paran&aacute; e no aproveitamento das &aacute;guas dos rios Capivari, Cachoeira e Igua&ccedil;u, al&eacute;m das constru&ccedil;&otilde;es do Col&eacute;gio Estadual do Paran&aacute; e da Casa do Estudante Universit&aacute;rio de Curitiba (CEU).<\/p><div class=\"wp-block-image\">\n<figure class=\"aligncenter is-resized\"><img decoding=\"async\" src=\"https:\/\/lh5.googleusercontent.com\/9OEIKLz5-GlDiF0fLkXmy0vX4a1rdPM1cLqg-D_99pYzYF2_1ycOMizninauIosbNUgv-wUJFXLbBZTNwvusKLIGZVR5OPvqkM0eAX2Dx5hSToMMHmeUb1yns--GOrm5kQBSYPgSPN8mGomnbhakNdM\" alt=\"\" width=\"381\" height=\"381\"><\/figure><\/div><h2 class=\"wp-block-heading\" id=\"h-anna-frida-hoffman-engenharia-quimica\"><span class=\"ez-toc-section\" id=\"Anna-Frida-Hoffman-%E2%80%93-Engenharia-Quimica\"><\/span>Anna Frida Hoffman &ndash; Engenharia Qu&iacute;mica<span class=\"ez-toc-section-end\"><\/span><\/h2><p>Primeira mulher formada na Escola Polit&eacute;cnica da Universidade de S&atilde;o Paulo (<a href=\"https:\/\/vestibulares.estrategia.com\/portal\/vestibulares\/vestibular-fuvest\/\" target=\"_blank\">USP<\/a>), Anna Frida Hoffman concluiu a gradua&ccedil;&atilde;o em Engenharia Qu&iacute;mica em 1928. Antes dela, a Poli s&oacute; havia recebido alunas ouvintes, sendo Eunice Peregrino Caldas, em 1893, e Alicina Maria Moura, em 1904.<\/p><p>Depois de formada, Anna Hoffman ainda trabalhou no Instituto de Pesquisas Tecnol&oacute;gicas (IPT) da faculdade. Hoje, a engenheira d&aacute; nome ao Pr&ecirc;mio Anna Hoffman, que exalta trabalhos femininos na &aacute;rea das Engenharias.<\/p><div class=\"wp-block-image\">\n<figure class=\"aligncenter is-resized\"><img decoding=\"async\" src=\"https:\/\/lh6.googleusercontent.com\/312aU3IzX82wG0OOxKcMK0mZco2FQ_uMyZNSJq65mUE6cOx3Qw7sgCNwVvmmvjjTzmT5UXPAfV9_xfcTSodGmJRuBTYi3ax8my0WUo9m3DiqD_wWLYEFjdLT-D_0bKLMwBOhL8flhOGvrRfy-NpoNw\" alt=\"\" width=\"312\" height=\"398\"><\/figure><\/div><h2 class=\"wp-block-heading\" id=\"h-maria-augusta-saraiva-direito\"><span class=\"ez-toc-section\" id=\"Maria-Augusta-Saraiva-%E2%80%93-Direito\"><\/span>Maria Augusta Saraiva &ndash; Direito<span class=\"ez-toc-section-end\"><\/span><\/h2><p>Maria Augusta Saraiva nasceu no interior de S&atilde;o Paulo, e na adolesc&ecirc;ncia mudou-se para a capital, onde, em 1902, foi a primeira mulher a se formar na Faculdade de Direito do Largo S&atilde;o Francisco &mdash; atual Faculdade de Direito da USP.&nbsp;<\/p><p>Desde a escola, Maria sonhava em cursar Direito, construindo um hist&oacute;rico escolar que possu&iacute;a certificados de exames expedidos pelo Curso Anexo &agrave; Faculdade de Direito de S&atilde;o Paulo e pela Secretaria de Estado dos Neg&oacute;cios do Interior de S&atilde;o Paulo. Foi a partir dessa determina&ccedil;&atilde;o que ela decidiu redigir um requerimento escrito &agrave; m&atilde;o ao diretor da Faculdade de Direito do Largo S&atilde;o Francisco, pedindo-lhe que sua matr&iacute;cula fosse autorizada.<\/p><p>Antes de Maria Augusta, a &uacute;nica mulher que havia exercido o direito no Brasil &mdash; mas sem se graduar &mdash; foi Myrthes Gomes de Campos, que se inscreveu no Instituto dos Advogados do Brasil&nbsp; (que antecedeu a Ordem dos Advogados do Brasil &ndash; OAB) e atuou no seu primeiro caso no Tribunal do J&uacute;ri do Rio de Janeiro em 1899.<\/p><div class=\"wp-block-image\">\n<figure class=\"aligncenter size-full is-resized\"><img decoding=\"async\" src=\"https:\/\/vestibulares.estrategia.com\/portal\/wp-content\/uploads\/2023\/03\/MARIA-AUGUSTA.jpeg\" alt=\"\" class=\"wp-image-88695\" width=\"346\" height=\"398\"><\/figure><\/div><h2 class=\"wp-block-heading\" id=\"h-maria-laura-mouzinho-leite-lopes-matematica\"><span class=\"ez-toc-section\" id=\"Maria-Laura-Mouzinho-Leite-Lopes-%E2%80%93-Matematica\"><\/span>Maria Laura Mouzinho Leite Lopes &ndash; Matem&aacute;tica<span class=\"ez-toc-section-end\"><\/span><\/h2><p>A matem&aacute;tica Maria Laura Mouzinho Leite Lopes &eacute; um dos grandes nomes da Ci&ecirc;ncia brasileira, fez parte da funda&ccedil;&atilde;o do Centro Brasileiro de Pesquisas F&iacute;sicas (CBPF), do Conselho Nacional de Desenvolvimento Cient&iacute;fico e Tecnol&oacute;gico (CNPq), do Instituto de Matem&aacute;tica Pura e Aplicada (IMPA) e da Sociedade Brasileira de Educa&ccedil;&atilde;o Matem&aacute;tica (SBEM).<\/p><p>Nascida em Pernambuco, em 1917, concluiu sua gradua&ccedil;&atilde;o em 1942, e em 1949 terminou seu doutorado, formando-se como a primeira mulher Doutora em Matem&aacute;tica do Brasil. Al&eacute;m disso, tamb&eacute;m foi a primeira mulher a se tornar membro titular da Academia Brasileira de Ci&ecirc;ncias.<\/p><p>Como professora, Maria Laura deu aulas na Universidade de Chicago, nos Estados Unidos, na Universidade Federal do Rio de Janeiro (UFRJ) e no Instituto Tecnol&oacute;gico da Aeron&aacute;utica (ITA), onde foi a primeira mulher a ministrar aulas de geometria no curso de Engenharia.&nbsp;<\/p><div class=\"wp-block-image\">\n<figure class=\"aligncenter is-resized\"><img decoding=\"async\" src=\"https:\/\/lh5.googleusercontent.com\/zDtD3M9fF1wSahuec48Q2utHvhG8UJVnLTaxYAzcfytgwcMe9VV8kQdkGSP_Ke5MnjvOaG61U_HeQ4WJdi-IQpLRoZy2HauDG3iNgkn9_FD3e8lOSlKqhHu8tycZUt-mNL2gyJGGicWJrAULR7GBiuk\" alt=\"\" width=\"327\" height=\"426\"><\/figure><\/div><h2 class=\"wp-block-heading\" id=\"h-annita-de-castilho-e-marcondes-cabral-psicologia\"><span class=\"ez-toc-section\" id=\"Annita-de-Castilho-e-Marcondes-Cabral-%E2%80%93-Psicologia\"><\/span>Annita de Castilho e Marcondes Cabral &ndash; Psicologia<span class=\"ez-toc-section-end\"><\/span><\/h2><p>Annita de Castilho e Marcondes Cabral nasceu em 1911, no interior do estado de S&atilde;o Paulo, mas ainda na inf&acirc;ncia mudou-se para a capital paulista, onde fez sua trajet&oacute;ria de trabalho na Psicologia, apesar de ter cursado gradua&ccedil;&atilde;o, mestrado e doutorado em Filosofia. Naquela &eacute;poca, a Psicologia ainda era estudada como parte da Filosofia, sem autonomia.<\/p><p>Em sua carreira, Anitta atuou no Servi&ccedil;o de Psicologia Aplicada, que posteriormente, foi transformado no Laborat&oacute;rio de Psicologia Educacional do Instituto de Educa&ccedil;&atilde;o da USP, na Se&ccedil;&atilde;o de Medidas Mentais e coordenou atividades de estagi&aacute;rios ligadas &agrave; aplica&ccedil;&atilde;o de t&eacute;cnicas de exames psicol&oacute;gicos. Seu feito mais importante, entretanto, foi a cria&ccedil;&atilde;o do primeiro curso de Psicologia do Brasil, na Universidade de S&atilde;o Paulo.<\/p><div class=\"wp-block-image\">\n<figure class=\"aligncenter is-resized\"><img decoding=\"async\" src=\"https:\/\/lh3.googleusercontent.com\/2qq2PV61PZebRfTCTtoendcYguv-6w_wCEd79kPl6zT1N5OGpYBlSi57-wADlXuInlFFirCGzIJYXY29xPtHqbIbxZa65yXu0Ni3JfF_alRuJIX1VMD-vorgM59-vpojC8qZgKh736BL0kgyzV6h32w\" alt=\"\" width=\"329\" height=\"446\"><\/figure><\/div><h2 class=\"wp-block-heading\"><span class=\"ez-toc-section\" id=\"Nisia-Floresta-%E2%80%93-Filosofia\"><\/span>N&iacute;sia Floresta &ndash; Filosofia<span class=\"ez-toc-section-end\"><\/span><\/h2><p>Natural do Rio Grande do Norte, N&iacute;sia Floresta nasceu em uma fam&iacute;lia abastada em 1810, e viveu em v&aacute;rios lugares do Brasil, mudando-se tamb&eacute;m para a Europa durante um per&iacute;odo. No Velho Continente, conviveu com Augusto Comte, fil&oacute;sofo que inaugurou o Positivismo.<\/p><p>Influenciada pelas Ci&ecirc;ncias Positivas de Comte, N&iacute;sia voltou ao Brasil e rompeu barreiras de g&ecirc;nero para fundar uma escola de Filosofia para meninas. A fil&oacute;sofa &eacute; considerada umas das primeiras feministas brasileiras, e foi a primeira mulher a publicar em jornais, textos nos quais ela questionava o papel social das mulheres e defendia direitos para negros e ind&iacute;genas.<\/p><div class=\"wp-block-image\">\n<figure class=\"aligncenter\"><img decoding=\"async\" src=\"https:\/\/lh4.googleusercontent.com\/A9Eo7i3rZ45p2T7ksc5NT___fDk_Qj6hMiTfeJLfvEhUANVXmxNS7buDTSzu9cwS9Oiux8ylrwuWvA_ToZtIFDkcfcKg7Q3uzCRUMAwDPf_e0zv8lg8Go1YjTtsPYcX8YL70rb-cx8w8ptnT6Sv446Y\" alt=\"\"><\/figure><\/div><h2 class=\"wp-block-heading\" id=\"h-conquiste-sua-vaga-estudando-com-a-coruja\"><span class=\"ez-toc-section\" id=\"Conquiste-sua-vaga-estudando-com-a-Coruja\"><\/span>Conquiste sua vaga estudando com a Coruja!<span class=\"ez-toc-section-end\"><\/span><\/h2><p>Al&eacute;m de oferecer diariamente aulas gratuitas no <a href=\"https:\/\/www.youtube.com\/channel\/UCGWdZy8ULI-7_5GrABa4vNA\" target=\"_blank\" rel=\"noopener noreferrer\">YouTube<\/a> sobre todas as mat&eacute;rias que caem nos principais vestibulares nacionais, para aqueles que querem investir nos estudos, a plataforma tamb&eacute;m oferece cursos preparat&oacute;rio exclusivos sobre as maiores bancas do Brasil, com professores especialistas na prova e com diversos benef&iacute;cios. D&aacute; s&oacute; uma olhada:&nbsp;<\/p><ul class=\"wp-block-list\">\n<li>Curso com livros digitais;<\/li>\n\n\n\n<li>Corre&ccedil;&atilde;o ilimitada de <a href=\"https:\/\/vestibulares.estrategia.com\/portal\/redacao\/enem-redacao\/\">reda&ccedil;&otilde;es<\/a>;<\/li>\n\n\n\n<li>F&oacute;rum de d&uacute;vidas;<\/li>\n\n\n\n<li><a href=\"https:\/\/vestibulares.estrategia.com\/portal\/simulado\/simulado-enem\/\">Simulados<\/a> com quest&otilde;es in&eacute;ditas;<\/li>\n\n\n\n<li>Quest&otilde;es comentadas;<\/li>\n\n\n\n<li>Mapas mentais; e<\/li>\n\n\n\n<li>Entre muitas outras vantagens.<\/li>\n<\/ul><p>\n\n\n\n\n\n<a id=\"cta\" class=\"cta-imagem\" href=\"https:\/\/vestibulares.estrategia.com\/cursos\/\" target=\"blank\">\n                <img decoding=\"async\" width=\"100%\" src=\"https:\/\/vestibulares.estrategia.com\/portal\/wp-content\/uploads\/2025\/07\/ESTRATEGIA-2.jpg\" alt=\"\" title=\"ESTRAT\u00c9GIA 2\">\n        <\/a>\n<\/p><\/p>\n","protected":false},"excerpt":{"rendered":"De norte a sul do Pa\u00eds, elas dedicaram suas vidas para serem pioneiras no seus ramos\n","protected":false},"author":48,"featured_media":88696,"comment_status":"closed","ping_status":"closed","sticky":false,"template":"","format":"standard","meta":{"wl_entities_gutenberg":"","footnotes":""},"categories":[64],"tags":[],"wl_entity_type":[732],"class_list":{"0":"post-88694","1":"post","2":"type-post","3":"status-publish","4":"format-standard","5":"has-post-thumbnail","7":"category-profissoes","8":"wl_entity_type-article"},"acf":[],"yoast_head":"<!-- This site is optimized with the Yoast SEO Premium plugin v25.9 (Yoast SEO v25.9) - https:\/\/yoast.com\/wordpress\/plugins\/seo\/ -->\n<title>Conhe\u00e7a 7 mulheres que foram as primeiras em suas \u00e1reas de estudos no Brasil<\/title>\n<meta name=\"description\" content=\"De norte a sul do Pa\u00eds, saiba mais sobre as mulheres que dedicaram suas vidas para serem pioneiras no seus ramos\" \/>\n<meta name=\"robots\" content=\"index, follow, max-snippet:-1, max-image-preview:large, max-video-preview:-1\" \/>\n<link rel=\"canonical\" href=\"https:\/\/vestibulares.estrategia.com\/portal\/profissoes\/conheca-7-mulheres-que-foram-as-primeiras-em-suas-areas-de-estudos-no-brasil\/\" \/>\n<meta property=\"og:locale\" content=\"pt_BR\" \/>\n<meta property=\"og:type\" content=\"article\" \/>\n<meta property=\"og:title\" content=\"Conhe\u00e7a 7 mulheres que foram as primeiras em suas \u00e1reas de estudos no Brasil\" \/>\n<meta property=\"og:description\" content=\"De norte a sul do Pa\u00eds, saiba mais sobre as mulheres que dedicaram suas vidas para serem pioneiras no seus ramos\" \/>\n<meta property=\"og:url\" content=\"https:\/\/vestibulares.estrategia.com\/portal\/profissoes\/conheca-7-mulheres-que-foram-as-primeiras-em-suas-areas-de-estudos-no-brasil\/\" \/>\n<meta property=\"og:site_name\" content=\"Estrat\u00e9gia Vestibulares\" \/>\n<meta property=\"article:publisher\" content=\"https:\/\/facebook.com\/estrategiavestibulares\" \/>\n<meta property=\"article:published_time\" content=\"2023-03-08T20:22:34+00:00\" \/>\n<meta property=\"article:modified_time\" content=\"2023-07-19T12:42:46+00:00\" \/>\n<meta property=\"og:image\" content=\"https:\/\/cdn.blog.estrategiavestibulares.com.br\/vestibulares\/wp-content\/uploads\/2023\/03\/Conheca-7-mulheres-que-foram-as-primeiras-em-suas-areas-de-estudos-no-Brasil.jpg\" \/>\n\t<meta property=\"og:image:width\" content=\"1280\" \/>\n\t<meta property=\"og:image:height\" content=\"720\" \/>\n\t<meta property=\"og:image:type\" content=\"image\/jpeg\" \/>\n<meta name=\"author\" content=\"Beatriz Santana\" \/>\n<meta name=\"twitter:card\" content=\"summary_large_image\" \/>\n<meta name=\"twitter:creator\" content=\"@Estrategiavest\" \/>\n<meta name=\"twitter:site\" content=\"@Estrategiavest\" \/>\n<meta name=\"twitter:label1\" content=\"Escrito por\" \/>\n\t<meta name=\"twitter:data1\" content=\"Beatriz Santana\" \/>\n\t<meta name=\"twitter:label2\" content=\"Est. tempo de leitura\" \/>\n\t<meta name=\"twitter:data2\" content=\"6 minutos\" \/>\n<script type=\"application\/ld+json\" class=\"yoast-schema-graph\">{\"@context\":\"https:\/\/schema.org\",\"@graph\":[{\"@type\":\"Article\",\"@id\":\"https:\/\/vestibulares.estrategia.com\/portal\/profissoes\/conheca-7-mulheres-que-foram-as-primeiras-em-suas-areas-de-estudos-no-brasil\/#article\",\"isPartOf\":{\"@id\":\"https:\/\/vestibulares.estrategia.com\/portal\/profissoes\/conheca-7-mulheres-que-foram-as-primeiras-em-suas-areas-de-estudos-no-brasil\/\"},\"author\":{\"name\":\"Beatriz Santana\",\"@id\":\"https:\/\/vestibulares.estrategia.com\/portal\/#\/schema\/person\/cdd941dcf53839374c0bc8d39bb0230f\"},\"headline\":\"Conhe\u00e7a 7 mulheres que foram as primeiras em suas \u00e1reas de estudos no Brasil\",\"datePublished\":\"2023-03-08T20:22:34+00:00\",\"dateModified\":\"2023-07-19T12:42:46+00:00\",\"mainEntityOfPage\":{\"@id\":\"https:\/\/vestibulares.estrategia.com\/portal\/profissoes\/conheca-7-mulheres-que-foram-as-primeiras-em-suas-areas-de-estudos-no-brasil\/\"},\"wordCount\":1171,\"publisher\":{\"@id\":\"https:\/\/vestibulares.estrategia.com\/portal\/#organization\"},\"image\":{\"@id\":\"https:\/\/vestibulares.estrategia.com\/portal\/profissoes\/conheca-7-mulheres-que-foram-as-primeiras-em-suas-areas-de-estudos-no-brasil\/#primaryimage\"},\"thumbnailUrl\":\"https:\/\/vestibulares.estrategia.com\/portal\/wp-content\/uploads\/2023\/03\/Conheca-7-mulheres-que-foram-as-primeiras-em-suas-areas-de-estudos-no-Brasil.jpg\",\"articleSection\":[\"Profiss\u00f5es\"],\"inLanguage\":\"pt-BR\"},{\"@type\":\"WebPage\",\"@id\":\"https:\/\/vestibulares.estrategia.com\/portal\/profissoes\/conheca-7-mulheres-que-foram-as-primeiras-em-suas-areas-de-estudos-no-brasil\/\",\"url\":\"https:\/\/vestibulares.estrategia.com\/portal\/profissoes\/conheca-7-mulheres-que-foram-as-primeiras-em-suas-areas-de-estudos-no-brasil\/\",\"name\":\"Conhe\u00e7a 7 mulheres que foram as primeiras em suas \u00e1reas de estudos no Brasil\",\"isPartOf\":{\"@id\":\"https:\/\/vestibulares.estrategia.com\/portal\/#website\"},\"primaryImageOfPage\":{\"@id\":\"https:\/\/vestibulares.estrategia.com\/portal\/profissoes\/conheca-7-mulheres-que-foram-as-primeiras-em-suas-areas-de-estudos-no-brasil\/#primaryimage\"},\"image\":{\"@id\":\"https:\/\/vestibulares.estrategia.com\/portal\/profissoes\/conheca-7-mulheres-que-foram-as-primeiras-em-suas-areas-de-estudos-no-brasil\/#primaryimage\"},\"thumbnailUrl\":\"https:\/\/vestibulares.estrategia.com\/portal\/wp-content\/uploads\/2023\/03\/Conheca-7-mulheres-que-foram-as-primeiras-em-suas-areas-de-estudos-no-Brasil.jpg\",\"datePublished\":\"2023-03-08T20:22:34+00:00\",\"dateModified\":\"2023-07-19T12:42:46+00:00\",\"description\":\"De norte a sul do Pa\u00eds, saiba mais sobre as mulheres que dedicaram suas vidas para serem pioneiras no seus ramos\",\"breadcrumb\":{\"@id\":\"https:\/\/vestibulares.estrategia.com\/portal\/profissoes\/conheca-7-mulheres-que-foram-as-primeiras-em-suas-areas-de-estudos-no-brasil\/#breadcrumb\"},\"inLanguage\":\"pt-BR\",\"potentialAction\":[{\"@type\":\"ReadAction\",\"target\":[\"https:\/\/vestibulares.estrategia.com\/portal\/profissoes\/conheca-7-mulheres-que-foram-as-primeiras-em-suas-areas-de-estudos-no-brasil\/\"]}]},{\"@type\":\"ImageObject\",\"inLanguage\":\"pt-BR\",\"@id\":\"https:\/\/vestibulares.estrategia.com\/portal\/profissoes\/conheca-7-mulheres-que-foram-as-primeiras-em-suas-areas-de-estudos-no-brasil\/#primaryimage\",\"url\":\"https:\/\/vestibulares.estrategia.com\/portal\/wp-content\/uploads\/2023\/03\/Conheca-7-mulheres-que-foram-as-primeiras-em-suas-areas-de-estudos-no-Brasil.jpg\",\"contentUrl\":\"https:\/\/vestibulares.estrategia.com\/portal\/wp-content\/uploads\/2023\/03\/Conheca-7-mulheres-que-foram-as-primeiras-em-suas-areas-de-estudos-no-Brasil.jpg\",\"width\":1280,\"height\":720},{\"@type\":\"BreadcrumbList\",\"@id\":\"https:\/\/vestibulares.estrategia.com\/portal\/profissoes\/conheca-7-mulheres-que-foram-as-primeiras-em-suas-areas-de-estudos-no-brasil\/#breadcrumb\",\"itemListElement\":[{\"@type\":\"ListItem\",\"position\":1,\"name\":\"Home\",\"item\":\"https:\/\/vestibulares.estrategia.com\/portal\/\"},{\"@type\":\"ListItem\",\"position\":2,\"name\":\"Profiss\u00f5es\",\"item\":\"https:\/\/vestibulares.estrategia.com\/portal\/profissoes\/\"},{\"@type\":\"ListItem\",\"position\":3,\"name\":\"Conhe\u00e7a 7 mulheres que foram as primeiras em suas \u00e1reas de estudos no Brasil\"}]},{\"@type\":\"WebSite\",\"@id\":\"https:\/\/vestibulares.estrategia.com\/portal\/#website\",\"url\":\"https:\/\/vestibulares.estrategia.com\/portal\/\",\"name\":\"Estrat\u00e9gia Vestibulares\",\"description\":\"\",\"publisher\":{\"@id\":\"https:\/\/vestibulares.estrategia.com\/portal\/#organization\"},\"potentialAction\":[{\"@type\":\"SearchAction\",\"target\":{\"@type\":\"EntryPoint\",\"urlTemplate\":\"https:\/\/vestibulares.estrategia.com\/portal\/?s={search_term_string}\"},\"query-input\":{\"@type\":\"PropertyValueSpecification\",\"valueRequired\":true,\"valueName\":\"search_term_string\"}}],\"inLanguage\":\"pt-BR\"},{\"@type\":\"Organization\",\"@id\":\"https:\/\/vestibulares.estrategia.com\/portal\/#organization\",\"name\":\"Estrat\u00e9gia Vestibulares\",\"url\":\"https:\/\/vestibulares.estrategia.com\/portal\/\",\"logo\":{\"@type\":\"ImageObject\",\"inLanguage\":\"pt-BR\",\"@id\":\"https:\/\/vestibulares.estrategia.com\/portal\/#\/schema\/logo\/image\/\",\"url\":\"https:\/\/vestibulares.estrategia.com\/portal\/wp-content\/uploads\/2021\/06\/Logo-Vestibulares@4x.png\",\"contentUrl\":\"https:\/\/vestibulares.estrategia.com\/portal\/wp-content\/uploads\/2021\/06\/Logo-Vestibulares@4x.png\",\"width\":250,\"height\":66,\"caption\":\"Estrat\u00e9gia Vestibulares\"},\"image\":{\"@id\":\"https:\/\/vestibulares.estrategia.com\/portal\/#\/schema\/logo\/image\/\"},\"sameAs\":[\"https:\/\/facebook.com\/estrategiavestibulares\",\"https:\/\/x.com\/Estrategiavest\",\"https:\/\/www.instagram.com\/estrategiavestibulares\",\"https:\/\/www.youtube.com\/channel\/UCGWdZy8ULI-7_5GrABa4vNA\"]},{\"@type\":\"Person\",\"@id\":\"https:\/\/vestibulares.estrategia.com\/portal\/#\/schema\/person\/cdd941dcf53839374c0bc8d39bb0230f\",\"name\":\"Beatriz Santana\",\"image\":{\"@type\":\"ImageObject\",\"inLanguage\":\"pt-BR\",\"@id\":\"https:\/\/vestibulares.estrategia.com\/portal\/#\/schema\/person\/image\/\",\"url\":\"https:\/\/vestibulares.estrategia.com\/portal\/wp-content\/uploads\/2022\/01\/WhatsApp-Image-2021-10-21-at-10.19.09-1-150x150.webp\",\"contentUrl\":\"https:\/\/vestibulares.estrategia.com\/portal\/wp-content\/uploads\/2022\/01\/WhatsApp-Image-2021-10-21-at-10.19.09-1-150x150.webp\",\"caption\":\"Beatriz Santana\"},\"description\":\"Jornalista formada pela Unesp\",\"url\":\"https:\/\/vestibulares.estrategia.com\/portal\/author\/beatriz-santana\/\"}]}<\/script>\n<!-- \/ Yoast SEO Premium plugin. -->","yoast_head_json":{"title":"Conhe\u00e7a 7 mulheres que foram as primeiras em suas \u00e1reas de estudos no Brasil","description":"De norte a sul do Pa\u00eds, saiba mais sobre as mulheres que dedicaram suas vidas para serem pioneiras no seus ramos","robots":{"index":"index","follow":"follow","max-snippet":"max-snippet:-1","max-image-preview":"max-image-preview:large","max-video-preview":"max-video-preview:-1"},"canonical":"https:\/\/vestibulares.estrategia.com\/portal\/profissoes\/conheca-7-mulheres-que-foram-as-primeiras-em-suas-areas-de-estudos-no-brasil\/","og_locale":"pt_BR","og_type":"article","og_title":"Conhe\u00e7a 7 mulheres que foram as primeiras em suas \u00e1reas de estudos no Brasil","og_description":"De norte a sul do Pa\u00eds, saiba mais sobre as mulheres que dedicaram suas vidas para serem pioneiras no seus ramos","og_url":"https:\/\/vestibulares.estrategia.com\/portal\/profissoes\/conheca-7-mulheres-que-foram-as-primeiras-em-suas-areas-de-estudos-no-brasil\/","og_site_name":"Estrat\u00e9gia Vestibulares","article_publisher":"https:\/\/facebook.com\/estrategiavestibulares","article_published_time":"2023-03-08T20:22:34+00:00","article_modified_time":"2023-07-19T12:42:46+00:00","og_image":[{"width":1280,"height":720,"url":"https:\/\/cdn.blog.estrategiavestibulares.com.br\/vestibulares\/wp-content\/uploads\/2023\/03\/Conheca-7-mulheres-que-foram-as-primeiras-em-suas-areas-de-estudos-no-Brasil.jpg","type":"image\/jpeg"}],"author":"Beatriz Santana","twitter_card":"summary_large_image","twitter_creator":"@Estrategiavest","twitter_site":"@Estrategiavest","twitter_misc":{"Escrito por":"Beatriz Santana","Est. tempo de leitura":"6 minutos"},"schema":{"@context":"https:\/\/schema.org","@graph":[{"@type":"Article","@id":"https:\/\/vestibulares.estrategia.com\/portal\/profissoes\/conheca-7-mulheres-que-foram-as-primeiras-em-suas-areas-de-estudos-no-brasil\/#article","isPartOf":{"@id":"https:\/\/vestibulares.estrategia.com\/portal\/profissoes\/conheca-7-mulheres-que-foram-as-primeiras-em-suas-areas-de-estudos-no-brasil\/"},"author":{"name":"Beatriz Santana","@id":"https:\/\/vestibulares.estrategia.com\/portal\/#\/schema\/person\/cdd941dcf53839374c0bc8d39bb0230f"},"headline":"Conhe\u00e7a 7 mulheres que foram as primeiras em suas \u00e1reas de estudos no Brasil","datePublished":"2023-03-08T20:22:34+00:00","dateModified":"2023-07-19T12:42:46+00:00","mainEntityOfPage":{"@id":"https:\/\/vestibulares.estrategia.com\/portal\/profissoes\/conheca-7-mulheres-que-foram-as-primeiras-em-suas-areas-de-estudos-no-brasil\/"},"wordCount":1171,"publisher":{"@id":"https:\/\/vestibulares.estrategia.com\/portal\/#organization"},"image":{"@id":"https:\/\/vestibulares.estrategia.com\/portal\/profissoes\/conheca-7-mulheres-que-foram-as-primeiras-em-suas-areas-de-estudos-no-brasil\/#primaryimage"},"thumbnailUrl":"https:\/\/vestibulares.estrategia.com\/portal\/wp-content\/uploads\/2023\/03\/Conheca-7-mulheres-que-foram-as-primeiras-em-suas-areas-de-estudos-no-Brasil.jpg","articleSection":["Profiss\u00f5es"],"inLanguage":"pt-BR"},{"@type":"WebPage","@id":"https:\/\/vestibulares.estrategia.com\/portal\/profissoes\/conheca-7-mulheres-que-foram-as-primeiras-em-suas-areas-de-estudos-no-brasil\/","url":"https:\/\/vestibulares.estrategia.com\/portal\/profissoes\/conheca-7-mulheres-que-foram-as-primeiras-em-suas-areas-de-estudos-no-brasil\/","name":"Conhe\u00e7a 7 mulheres que foram as primeiras em suas \u00e1reas de estudos no Brasil","isPartOf":{"@id":"https:\/\/vestibulares.estrategia.com\/portal\/#website"},"primaryImageOfPage":{"@id":"https:\/\/vestibulares.estrategia.com\/portal\/profissoes\/conheca-7-mulheres-que-foram-as-primeiras-em-suas-areas-de-estudos-no-brasil\/#primaryimage"},"image":{"@id":"https:\/\/vestibulares.estrategia.com\/portal\/profissoes\/conheca-7-mulheres-que-foram-as-primeiras-em-suas-areas-de-estudos-no-brasil\/#primaryimage"},"thumbnailUrl":"https:\/\/vestibulares.estrategia.com\/portal\/wp-content\/uploads\/2023\/03\/Conheca-7-mulheres-que-foram-as-primeiras-em-suas-areas-de-estudos-no-Brasil.jpg","datePublished":"2023-03-08T20:22:34+00:00","dateModified":"2023-07-19T12:42:46+00:00","description":"De norte a sul do Pa\u00eds, saiba mais sobre as mulheres que dedicaram suas vidas para serem pioneiras no seus ramos","breadcrumb":{"@id":"https:\/\/vestibulares.estrategia.com\/portal\/profissoes\/conheca-7-mulheres-que-foram-as-primeiras-em-suas-areas-de-estudos-no-brasil\/#breadcrumb"},"inLanguage":"pt-BR","potentialAction":[{"@type":"ReadAction","target":["https:\/\/vestibulares.estrategia.com\/portal\/profissoes\/conheca-7-mulheres-que-foram-as-primeiras-em-suas-areas-de-estudos-no-brasil\/"]}]},{"@type":"ImageObject","inLanguage":"pt-BR","@id":"https:\/\/vestibulares.estrategia.com\/portal\/profissoes\/conheca-7-mulheres-que-foram-as-primeiras-em-suas-areas-de-estudos-no-brasil\/#primaryimage","url":"https:\/\/vestibulares.estrategia.com\/portal\/wp-content\/uploads\/2023\/03\/Conheca-7-mulheres-que-foram-as-primeiras-em-suas-areas-de-estudos-no-Brasil.jpg","contentUrl":"https:\/\/vestibulares.estrategia.com\/portal\/wp-content\/uploads\/2023\/03\/Conheca-7-mulheres-que-foram-as-primeiras-em-suas-areas-de-estudos-no-Brasil.jpg","width":1280,"height":720},{"@type":"BreadcrumbList","@id":"https:\/\/vestibulares.estrategia.com\/portal\/profissoes\/conheca-7-mulheres-que-foram-as-primeiras-em-suas-areas-de-estudos-no-brasil\/#breadcrumb","itemListElement":[{"@type":"ListItem","position":1,"name":"Home","item":"https:\/\/vestibulares.estrategia.com\/portal\/"},{"@type":"ListItem","position":2,"name":"Profiss\u00f5es","item":"https:\/\/vestibulares.estrategia.com\/portal\/profissoes\/"},{"@type":"ListItem","position":3,"name":"Conhe\u00e7a 7 mulheres que foram as primeiras em suas \u00e1reas de estudos no Brasil"}]},{"@type":"WebSite","@id":"https:\/\/vestibulares.estrategia.com\/portal\/#website","url":"https:\/\/vestibulares.estrategia.com\/portal\/","name":"Estrat\u00e9gia Vestibulares","description":"","publisher":{"@id":"https:\/\/vestibulares.estrategia.com\/portal\/#organization"},"potentialAction":[{"@type":"SearchAction","target":{"@type":"EntryPoint","urlTemplate":"https:\/\/vestibulares.estrategia.com\/portal\/?s={search_term_string}"},"query-input":{"@type":"PropertyValueSpecification","valueRequired":true,"valueName":"search_term_string"}}],"inLanguage":"pt-BR"},{"@type":"Organization","@id":"https:\/\/vestibulares.estrategia.com\/portal\/#organization","name":"Estrat\u00e9gia Vestibulares","url":"https:\/\/vestibulares.estrategia.com\/portal\/","logo":{"@type":"ImageObject","inLanguage":"pt-BR","@id":"https:\/\/vestibulares.estrategia.com\/portal\/#\/schema\/logo\/image\/","url":"https:\/\/vestibulares.estrategia.com\/portal\/wp-content\/uploads\/2021\/06\/Logo-Vestibulares@4x.png","contentUrl":"https:\/\/vestibulares.estrategia.com\/portal\/wp-content\/uploads\/2021\/06\/Logo-Vestibulares@4x.png","width":250,"height":66,"caption":"Estrat\u00e9gia Vestibulares"},"image":{"@id":"https:\/\/vestibulares.estrategia.com\/portal\/#\/schema\/logo\/image\/"},"sameAs":["https:\/\/facebook.com\/estrategiavestibulares","https:\/\/x.com\/Estrategiavest","https:\/\/www.instagram.com\/estrategiavestibulares","https:\/\/www.youtube.com\/channel\/UCGWdZy8ULI-7_5GrABa4vNA"]},{"@type":"Person","@id":"https:\/\/vestibulares.estrategia.com\/portal\/#\/schema\/person\/cdd941dcf53839374c0bc8d39bb0230f","name":"Beatriz Santana","image":{"@type":"ImageObject","inLanguage":"pt-BR","@id":"https:\/\/vestibulares.estrategia.com\/portal\/#\/schema\/person\/image\/","url":"https:\/\/vestibulares.estrategia.com\/portal\/wp-content\/uploads\/2022\/01\/WhatsApp-Image-2021-10-21-at-10.19.09-1-150x150.webp","contentUrl":"https:\/\/vestibulares.estrategia.com\/portal\/wp-content\/uploads\/2022\/01\/WhatsApp-Image-2021-10-21-at-10.19.09-1-150x150.webp","caption":"Beatriz Santana"},"description":"Jornalista formada pela Unesp","url":"https:\/\/vestibulares.estrategia.com\/portal\/author\/beatriz-santana\/"}]}},"_wl_alt_label":[],"wl:entity_url":"https:\/\/data.wordlift.io\/wl110249\/post\/conheca-7-mulheres-que-foram-as-primeiras-em-suas-areas-de-estudos-no-brasil","_links":{"self":[{"href":"https:\/\/vestibulares.estrategia.com\/portal\/wp-json\/wp\/v2\/posts\/88694","targetHints":{"allow":["GET"]}}],"collection":[{"href":"https:\/\/vestibulares.estrategia.com\/portal\/wp-json\/wp\/v2\/posts"}],"about":[{"href":"https:\/\/vestibulares.estrategia.com\/portal\/wp-json\/wp\/v2\/types\/post"}],"author":[{"embeddable":true,"href":"https:\/\/vestibulares.estrategia.com\/portal\/wp-json\/wp\/v2\/users\/48"}],"replies":[{"embeddable":true,"href":"https:\/\/vestibulares.estrategia.com\/portal\/wp-json\/wp\/v2\/comments?post=88694"}],"version-history":[{"count":10,"href":"https:\/\/vestibulares.estrategia.com\/portal\/wp-json\/wp\/v2\/posts\/88694\/revisions"}],"predecessor-version":[{"id":95283,"href":"https:\/\/vestibulares.estrategia.com\/portal\/wp-json\/wp\/v2\/posts\/88694\/revisions\/95283"}],"wp:featuredmedia":[{"embeddable":true,"href":"https:\/\/vestibulares.estrategia.com\/portal\/wp-json\/wp\/v2\/media\/88696"}],"wp:attachment":[{"href":"https:\/\/vestibulares.estrategia.com\/portal\/wp-json\/wp\/v2\/media?parent=88694"}],"wp:term":[{"taxonomy":"category","embeddable":true,"href":"https:\/\/vestibulares.estrategia.com\/portal\/wp-json\/wp\/v2\/categories?post=88694"},{"taxonomy":"post_tag","embeddable":true,"href":"https:\/\/vestibulares.estrategia.com\/portal\/wp-json\/wp\/v2\/tags?post=88694"},{"taxonomy":"wl_entity_type","embeddable":true,"href":"https:\/\/vestibulares.estrategia.com\/portal\/wp-json\/wp\/v2\/wl_entity_type?post=88694"}],"curies":[{"name":"wp","href":"https:\/\/api.w.org\/{rel}","templated":true}]}}