{"id":89768,"date":"2023-04-06T15:48:29","date_gmt":"2023-04-06T18:48:29","guid":{"rendered":"https:\/\/vestibulares.estrategia.com\/portal\/?p=89768"},"modified":"2023-09-09T15:10:04","modified_gmt":"2023-09-09T18:10:04","slug":"11-questoes-sobre-aquecimento-global-que-ja-cairam-nos-vestibulares","status":"publish","type":"post","link":"https:\/\/vestibulares.estrategia.com\/portal\/atualidades-e-dicas\/11-questoes-sobre-aquecimento-global-que-ja-cairam-nos-vestibulares\/","title":{"rendered":"11 quest\u00f5es sobre aquecimento global que j\u00e1 ca\u00edram nos vestibulares"},"content":{"rendered":"<p>Voc&ecirc; sabia que o efeito estufa, respons&aacute;vel pelo aquecimento global, &eacute; um fen&ocirc;meno natural e necess&aacute;rio para o planeta Terra? Ele &eacute; formado por uma camada de gases presentes na atmosfera terrestre, que permitem que uma quantidade da radia&ccedil;&atilde;o solar seja absorvida pelo planeta e traga condi&ccedil;&otilde;es para a exist&ecirc;ncia de vida por aqui, enquanto o resto da luz reflete de volta ao espa&ccedil;o.<p>J&aacute; o aquecimento global, &eacute; causado pela a&ccedil;&atilde;o humana, e acontece quando h&aacute; uma alta no efeito estufa. Ou seja, com uma camada de gases mais espessa, a luz solar n&atilde;o consegue refletir de volta, sendo absorvida em maior quantidade pela Terra e aumentando a temperatura do planeta.<\/p><p>De acordo com um estudo do servi&ccedil;o nacional de meteorologia do Reino Unido, o Met Office, a Terra aumentou 1,2&ordm;C de temperatura desde a Revolu&ccedil;&atilde;o Industrial, quando a estimativa para o per&iacute;odo era de menos de 0,85&ordm;C. Aumento que j&aacute; causou efeitos ambientais irrevers&iacute;veis.<\/p><p>Confira, a seguir, como as principais bancas de vestibulares do Brasil abordam um tema de tamanha relev&acirc;ncia atual e saiba como se preparar para as quest&otilde;es sobre aquecimento global.<\/p><p class=\"wp-block-verse\"><strong>Leia tamb&eacute;m:<\/strong><br>&ndash; <a href=\"https:\/\/vestibulares.estrategia.com\/portal\/atualidades-e-dicas\/9-questoes-sobre-revolucao-industrial-que-ja-cairam-no-enem-e-demais-vestibulares\/\" target=\"_blank\">9 quest&otilde;es sobre Revolu&ccedil;&atilde;o Industrial que j&aacute; ca&iacute;ram no Enem e demais vestibulares<\/a><br>&ndash; <a href=\"https:\/\/vestibulares.estrategia.com\/portal\/atualidades-e-dicas\/aquecimento-global\/\" target=\"_blank\">Saiba tudo sobre o aquecimento global e como ele pode cair no vestibular!<\/a><br>&ndash;  <a href=\"https:\/\/vestibulares.estrategia.com\/portal\/materias\/redacao\/9-documentarios-sobre-mudancas-climaticas-para-usar-como-repertorio-sociocultural-na-redacao\/\">9 document&aacute;rios sobre mudan&ccedil;as clim&aacute;ticas para usar como repert&oacute;rio sociocultural na reda&ccedil;&atilde;o<\/a><\/p><p>\n\n\n\n<div id=\"new-form\">\n\t<form id=\"forms_layout\">\n\t<input type=\"hidden\" id=\"chave_de\" name=\"chave_de\" value=\"01_EVEST_LEADS_TOTAIS\" \/>\n\t\t<input type=\"hidden\" id=\"mid\" name=\"mid\" value=\"515008983\" \/>\n\t\t<input type=\"hidden\" id=\"Objetivo\" name=\"Objetivo\" value=\"Vestibulares\" \/>\n\t\t<input type=\"hidden\" id=\"Estado_de_Origem_do_IP\" name=\"Estado_de_Origem_do_IP\"  value=\"\" \/>\n\t\t<input type=\"hidden\" id=\"Cidade_de_Origem_do_IP\" name=\"Cidade_de_Origem_do_IP\" value=\"\" \/>\n\t\t<input type=\"hidden\" id=\"Modo_de_entrada\" name=\"Modo_de_entrada\" value=\"Portal\" \/>\n\t\t<input type=\"hidden\" id=\"Pagina_Origem\" name=\"Pagina_Origem\" value=\"\" \/>\n\n\t\t<div class=\"texto\">\n\t\t\t<h3 class=\"news\">Inscreva-se em nossa newsletter\ud83e\udd89<\/h3>\n\t\t\t<p>Receba dicas de estudo gratuitas e saiba em primeira m\u00e3o as novidades sobre o Enem, Sisu, Encceja, Fuvest e outros vestibulares!<\/p>\n\t\t<\/div>\n\t\t<div class=\"campos\">\n\t\t\t<div class=\"first_name labels\">\n\t\t\t\t<input type=\"text\" class=\"input_labels\" id=\"first_name\" name=\"Nome_Completo\" placeholder=\"Nome\" required \/>\n\t\t\t<\/div>\n\t\t\t<div class=\"email labels\">\n\t\t\t\t<input type=\"email\" class=\"input_labels\" id=\"email\" name=\"Email\" placeholder=\"E-mail\" required \/>\n\t\t\t<\/div>\n\t\t\t<button type=\"submit\" class=\"button_layout\">\n\t\t\t\t<div id=\"lblBotao\">Inscreva-se<\/div>\n\t\t\t\t<span id=\"divSpiner\" class=\"loader\" role=\"status\" style=\"display: none;\"><\/span>\t\n\t\t\t<\/button>\n\t\t<\/div><!-- \/campos -->\n\t\t\n\t\t<label class=\"container_checkbox\">Voc\u00ea concorda com a nossa\n\t\t\t<a class=\"politics_privacy_ahref\" target=\"_blank\" href=\"https:\/\/gratis.estrategiaconcursos.com.br\/politica-de-privacidade\/\">Pol\u00edtica de Privacidade<\/a> e aceita receber informa\u00e7\u00f5es adicionais do Estrat\u00e9gia Educacional.\n\t\t\t<input id=\"checkbox_layout\" type=\"checkbox\" checked=\"checked\" required \/>\n\t\t\t<span class=\"checkbox\"><\/span>\n\t\t<\/label>\n\t\t<div id=\"msg\"><\/div>\n\t\t<div id=\"error\" class=\"error\">\n\t\t<\/div>\n\t<\/form>\n<\/div><!-- \/new-form -->\n\n\n\n<\/p><div id=\"ez-toc-container\" class=\"ez-toc-v2_0_76 counter-hierarchy ez-toc-counter ez-toc-transparent ez-toc-container-direction\">\n<div class=\"ez-toc-title-container\"><p class=\"ez-toc-title\" style=\"cursor:inherit\">Navegue pelo conte\u00fado<\/p>\n<\/div><nav><ul class='ez-toc-list ez-toc-list-level-1 ' ><li class='ez-toc-page-1 ez-toc-heading-level-2'><a class=\"ez-toc-link ez-toc-heading-1\" href=\"https:\/\/vestibulares.estrategia.com\/portal\/atualidades-e-dicas\/11-questoes-sobre-aquecimento-global-que-ja-cairam-nos-vestibulares\/#Fuvest-2023\" >Fuvest (2023)&nbsp;<\/a><\/li><li class='ez-toc-page-1 ez-toc-heading-level-2'><a class=\"ez-toc-link ez-toc-heading-2\" href=\"https:\/\/vestibulares.estrategia.com\/portal\/atualidades-e-dicas\/11-questoes-sobre-aquecimento-global-que-ja-cairam-nos-vestibulares\/#Urca-2022\" >Urca (2022)<\/a><\/li><li class='ez-toc-page-1 ez-toc-heading-level-2'><a class=\"ez-toc-link ez-toc-heading-3\" href=\"https:\/\/vestibulares.estrategia.com\/portal\/atualidades-e-dicas\/11-questoes-sobre-aquecimento-global-que-ja-cairam-nos-vestibulares\/#Uece-2022\" >Uece (2022)<\/a><\/li><li class='ez-toc-page-1 ez-toc-heading-level-2'><a class=\"ez-toc-link ez-toc-heading-4\" href=\"https:\/\/vestibulares.estrategia.com\/portal\/atualidades-e-dicas\/11-questoes-sobre-aquecimento-global-que-ja-cairam-nos-vestibulares\/#Unitau-2020\" >Unitau (2020)<\/a><\/li><li class='ez-toc-page-1 ez-toc-heading-level-2'><a class=\"ez-toc-link ez-toc-heading-5\" href=\"https:\/\/vestibulares.estrategia.com\/portal\/atualidades-e-dicas\/11-questoes-sobre-aquecimento-global-que-ja-cairam-nos-vestibulares\/#Uerj-2020\" >Uerj (2020)<\/a><\/li><li class='ez-toc-page-1 ez-toc-heading-level-2'><a class=\"ez-toc-link ez-toc-heading-6\" href=\"https:\/\/vestibulares.estrategia.com\/portal\/atualidades-e-dicas\/11-questoes-sobre-aquecimento-global-que-ja-cairam-nos-vestibulares\/#PUC-SP-2019\" >PUC-SP (2019)<\/a><\/li><li class='ez-toc-page-1 ez-toc-heading-level-2'><a class=\"ez-toc-link ez-toc-heading-7\" href=\"https:\/\/vestibulares.estrategia.com\/portal\/atualidades-e-dicas\/11-questoes-sobre-aquecimento-global-que-ja-cairam-nos-vestibulares\/#UEG-2019\" >UEG (2019)<\/a><\/li><li class='ez-toc-page-1 ez-toc-heading-level-2'><a class=\"ez-toc-link ez-toc-heading-8\" href=\"https:\/\/vestibulares.estrategia.com\/portal\/atualidades-e-dicas\/11-questoes-sobre-aquecimento-global-que-ja-cairam-nos-vestibulares\/#Fatec-2019\" >Fatec (2019)<\/a><\/li><li class='ez-toc-page-1 ez-toc-heading-level-2'><a class=\"ez-toc-link ez-toc-heading-9\" href=\"https:\/\/vestibulares.estrategia.com\/portal\/atualidades-e-dicas\/11-questoes-sobre-aquecimento-global-que-ja-cairam-nos-vestibulares\/#UEA-2019\" >UEA (2019)<\/a><\/li><li class='ez-toc-page-1 ez-toc-heading-level-2'><a class=\"ez-toc-link ez-toc-heading-10\" href=\"https:\/\/vestibulares.estrategia.com\/portal\/atualidades-e-dicas\/11-questoes-sobre-aquecimento-global-que-ja-cairam-nos-vestibulares\/#Uerj-2019\" >Uerj (2019)<\/a><\/li><li class='ez-toc-page-1 ez-toc-heading-level-2'><a class=\"ez-toc-link ez-toc-heading-11\" href=\"https:\/\/vestibulares.estrategia.com\/portal\/atualidades-e-dicas\/11-questoes-sobre-aquecimento-global-que-ja-cairam-nos-vestibulares\/#Prepare-se-para-a-prova-com-o-Estrategia-Vestibulares\" >Prepare-se para a prova com o Estrat&eacute;gia Vestibulares&nbsp;<\/a><\/li><\/ul><\/nav><\/div>\n<h2 class=\"wp-block-heading\" id=\"h-fuvest-2023\"><span class=\"ez-toc-section\" id=\"Fuvest-2023\"><\/span>Fuvest (2023)&nbsp;<span class=\"ez-toc-section-end\"><\/span><\/h2><div class=\"wp-block-image\">\n<figure class=\"aligncenter\"><img decoding=\"async\" src=\"https:\/\/lh3.googleusercontent.com\/T51MLVVkVOmRGhg_eB5xZpZOmoaSEyyVsCR1NQ4ri_nmminT7o5VncvteazyWrnmFCn79zkTHphGQ2dwx1DGxbKTHfaiCZ6V7EililR1SVE9F7liH1y6wFTt3jnFKF6P9B_h5YNMqOl30vKEWFAQpyw\" alt=\"\"><figcaption class=\"wp-element-caption\">Revista Fapesp, 2022. Adaptado.&nbsp;<\/figcaption><\/figure><\/div><p>Segundo os dados apresentados e seus conhecimentos, &eacute; poss&iacute;vel afirmar que, no Brasil,<\/p><p><strong>A) <\/strong>A agropecu&aacute;ria &eacute; a atividade econ&ocirc;mica com maior emiss&atilde;o na forma de g&aacute;s metano, resultante do processo fermentativo da digest&atilde;o celul&oacute;sica nos ruminantes.<\/p><p><strong>B)<\/strong> Os res&iacute;duos agr&iacute;colas t&ecirc;m pouca contribui&ccedil;&atilde;o no total emitido &agrave; atmosfera na forma de cloretos e sulfetos originados de seu intemperismo, com baixos teores de carbono<\/p><p><strong>C)<\/strong> Os processos industriais contribuem com emiss&otilde;es significativas de GEE na forma de g&aacute;s metano, resultante da atividade microbiana sobre os compostos nitrogenados.<\/p><p><strong>D) <\/strong>As mudan&ccedil;as no uso da terra, em que h&aacute; a substitui&ccedil;&atilde;o de florestas por &aacute;reas cultivadas, respondem por cerca de metade da emiss&atilde;o de GEE a partir de bact&eacute;rias e fungos.<\/p><p><strong>E) <\/strong>O setor de energia &eacute; um grande emissor de GEE na forma de &oacute;xido n&iacute;trico, metano e di&oacute;xido de carbono, resultantes de todos os processos de gera&ccedil;&atilde;o de energia.<\/p><p><strong>Alternativa correta: A<\/strong><\/p><h2 class=\"wp-block-heading\" id=\"h-urca-2022\"><span class=\"ez-toc-section\" id=\"Urca-2022\"><\/span>Urca (2022)<span class=\"ez-toc-section-end\"><\/span><\/h2><p>Considerando os pressupostos estabelecidos pela Ecologia e a conserva&ccedil;&atilde;o da natureza, tem se tornado cada vez mais preocupante a extensa lista de amea&ccedil;as ambientais. O desenvolvimento e a aplica&ccedil;&atilde;o da ideia de sustentabilidade ambiental torna-se, nesse contexto, importante para a constru&ccedil;&atilde;o de uma vis&atilde;o comprometida e atuante da Ecologia. Neste sentido, considerando o hist&oacute;rico da evolu&ccedil;&atilde;o das ideias de conserva&ccedil;&atilde;o dos ambientes e dos recursos naturais, assinale a alternativa correta:<\/p><p><strong>A)<\/strong> A confer&ecirc;ncia das Na&ccedil;&otilde;es Unidas para o Ambiente Humano, realizada em 1972, em Estocolmo (Su&eacute;cia), possuiu como ponto alto o reconhecimento da lista das subst&acirc;ncias respons&aacute;veis pela diminui&ccedil;&atilde;o, ou deple&ccedil;&atilde;o, da camada de oz&ocirc;nio e apresenta&ccedil;&atilde;o do conceito de desenvolvimento sustent&aacute;vel.<\/p><p><strong>B)<\/strong> A confer&ecirc;ncia das Na&ccedil;&otilde;es Unidas sobre Meio Ambiente e Desenvolvimento, ECO &ndash; 92, tamb&eacute;m conhecida como Rio &ndash; 92, teve como objetivo acelerar a aplica&ccedil;&atilde;o da agenda ecol&oacute;gica mundial, adotar um estilo de vida em que a emiss&atilde;o de g&aacute;s carb&ocirc;nico fosse pr&oacute;xima de zero e diminui&ccedil;&atilde;o da temperatura mundial.<\/p><p><strong>C)<\/strong> Em 1997, por meio do Protocolo de Kyoto, at&eacute; o per&iacute;odo entre 2008 e 2012, os pa&iacute;ses industrializados se comprometeriam a reduzir em pelo menos 5% as emiss&otilde;es de gases intensificadores do efeito estufa em rela&ccedil;&atilde;o aos n&iacute;veis de 1990.<\/p><p><strong>D)<\/strong> Em 2002, em Johannesburgo (&Aacute;frica do Sul), a Confer&ecirc;ncia das Na&ccedil;&otilde;es Unidas sobre Ambiente e Desenvolvimento Sustent&aacute;vel, estabeleceu um acordo mundial mais consciente entre os pa&iacute;ses para diminuir a emiss&atilde;o de gases intensificadores do efeito estufa que causa aquecimento atmosf&eacute;rico, aumento da temperatura e chuvas &aacute;cidas.<\/p><p><strong>E) <\/strong>Em 2022, foi realizada a Estocolmo+50, na qual teve como objetivo impulsionar a&ccedil;&otilde;es em prol de um planeta saud&aacute;vel para a prosperidade de todos e todas, essencial para o progresso social e econ&ocirc;mico, o bem-estar e a cria&ccedil;&atilde;o da Ag&ecirc;ncia Internacional de Prote&ccedil;&atilde;o Ambiental (EIPA).<\/p><p><strong>Alternativa correta: C<\/strong><\/p><h2 class=\"wp-block-heading\" id=\"h-uece-2022\"><span class=\"ez-toc-section\" id=\"Uece-2022\"><\/span>Uece (2022)<span class=\"ez-toc-section-end\"><\/span><\/h2><p>No que diz respeito ao efeito estufa, &eacute; correto afirmar que &eacute; um fen&ocirc;meno<\/p><p><strong>A)<\/strong> Por meio do qual toda a radia&ccedil;&atilde;o solar que incide no planeta Terra &eacute; absorvida pela superf&iacute;cie terrestre e pelos oceanos.<\/p><p><strong>B) <\/strong>Respons&aacute;vel pelo resfriamento do planeta Terra, sem o qual n&atilde;o haveria a vida como a conhecemos.<\/p><p><strong>C)<\/strong> No qual parte da radia&ccedil;&atilde;o infravermelha refletida pela superf&iacute;cie terrestre &eacute; absorvida por gases atmosf&eacute;ricos e irradiada de volta para a superf&iacute;cie.<\/p><p><strong>D)<\/strong> Intensificado pelo aumento do desmatamento, que aumenta a quantidade de CO2 na atmosfera e faz com que a temperatura do planeta diminua.<\/p><p><strong>Alternativa correta: C<\/strong><\/p><h2 class=\"wp-block-heading\" id=\"h-unitau-2020\"><span class=\"ez-toc-section\" id=\"Unitau-2020\"><\/span>Unitau (2020)<span class=\"ez-toc-section-end\"><\/span><\/h2><p>Frear as mudan&ccedil;as clim&aacute;ticas &eacute; um desafio contempor&acirc;neo de n&iacute;vel mundial que envolve a coopera&ccedil;&atilde;o entre as esferas p&uacute;blicas e a sociedade. Os impactos dessa transforma&ccedil;&atilde;o do clima recaem sobre a popula&ccedil;&atilde;o do planeta Terra, uma vez que as consequ&ecirc;ncias das mudan&ccedil;as clim&aacute;ticas resultam em desastres ambientais que afetam desde a produ&ccedil;&atilde;o de alimentos at&eacute; o clima.<\/p><p>Adaptado de: http:\/\/www.alagoas24horas.com.br\/1247090\/climao-inibir-a-destruicao-da-camada-de-ozonio-e-um-desafio-da-atualidade\/.Acesso em out. 2019.<\/p><p>A camada de oz&ocirc;nio, que est&aacute; localizada em uma regi&atilde;o da atmosfera chamada estratosfera, entre 20 km e 35 km da superf&iacute;cie da Terra, est&aacute; diretamente relacionada com a manuten&ccedil;&atilde;o da vida no planeta. Essa camada chega a filtrar mais de 90% dos raios UV do Sol, que s&atilde;o nocivos aos seres vivos, impedindo que a maior parte dessa radia&ccedil;&atilde;o chegue at&eacute; a superf&iacute;cie terrestre.<\/p><div class=\"wp-block-image\">\n<figure class=\"aligncenter\"><img decoding=\"async\" src=\"https:\/\/lh3.googleusercontent.com\/bqV3FWEA3P3NbN1voO_QEBz1tMh5bNABFtdQtpTwiZ7qrfhnIqLtK9u1awhGQt_izWogoUFNzmOHi9a5tl2yAX-0xhkr30aVRkY6T8zKwBSWcxuh_qddkFaFI_3NS1mtjTvzQ7yeL32HlrqKnhpOuPw\" alt=\"\"><figcaption class=\"wp-element-caption\">Adaptado de: https:\/\/brasilescola.uol.com.br<\/figcaption><\/figure><\/div><p>Sobre a camada de oz&ocirc;nio e os raios UV, &eacute; INCORRETO afirmar:<\/p><p><strong>A)<\/strong> Na troposfera, o oz&ocirc;nio participa do smog fotoqu&iacute;mico, que &eacute; um fen&ocirc;meno de polui&ccedil;&atilde;o atmosf&eacute;rica.<\/p><p><strong>B) <\/strong>Raios UV, quando atingem a superf&iacute;cie terrestre, podem causar aumento da frequ&ecirc;ncia de ativa&ccedil;&otilde;es da replica&ccedil;&atilde;o do v&iacute;rus herpes em indiv&iacute;duos infectados.<\/p><p><strong>C) <\/strong>&Oacute;xido n&iacute;trico (NO) e &oacute;xido nitroso (N&#8322;O) est&atilde;o entre as subst&acirc;ncias qu&iacute;micas que favorecem a forma&ccedil;&atilde;o da camada de oz&ocirc;nio.<\/p><p><strong>D) <\/strong>A quantidade de O&#8323; da camada de oz&ocirc;nio &eacute; constantemente modificada pelos raios UV, que, ao atingirem a camada, promovem a separa&ccedil;&atilde;o de um dos oxig&ecirc;nios do oz&ocirc;nio, liberando O&#8322;.<\/p><p><strong>E) <\/strong>A incid&ecirc;ncia de raios UV pode provocar cegueira, pelo aumento da catarata em indiv&iacute;duos que apresentam tend&ecirc;ncia ao desenvolvimento dessa enfermidade.<\/p><p><strong>Alternativa correta: C<\/strong><\/p><h2 class=\"wp-block-heading\" id=\"h-uerj-2020\"><span class=\"ez-toc-section\" id=\"Uerj-2020\"><\/span>Uerj (2020)<span class=\"ez-toc-section-end\"><\/span><\/h2><div class=\"wp-block-image\">\n<figure class=\"aligncenter\"><img decoding=\"async\" src=\"https:\/\/lh5.googleusercontent.com\/XOhh29cPCmAuKBYGe_o4hyudtKuGnGzMh7aH62UrvzZ2cnZzXCHWvTJ7rdvjtjRYR2vunr8hgdJDXyfghYLTUHQjwOeUut_i6A05IbdQfK0nPsd_zBV1XMIEz_4ZqvGIU873HFY5cc6oR9K-Rdjnp84\" alt=\"\"><\/figure><\/div><p>V&aacute;rias mudan&ccedil;as ambientais interferem no ciclo biogeoqu&iacute;mico do carbono. Sabe-se que a maior parte desse elemento est&aacute; armazenada nas rochas e sedimentos da crosta terrestre, como indica a tabela.<\/p><div class=\"wp-block-image\">\n<figure class=\"aligncenter\"><img decoding=\"async\" src=\"https:\/\/lh6.googleusercontent.com\/ChOkha9dqFSP8xQZDl73rV2upt7VwwI49gX3ZMz87LKJbJd4H0nWAnjWAgK2SkqvBoYhf89RYK3b24VKFDOqwOhIdE6uLUNgIToFQwRnm_d5cFyyrb5G3h471T0qgc6JrbCDcE3RUtx-F8rDv4vbVqE\" alt=\"\"><\/figure><\/div><p>A explora&ccedil;&atilde;o intensa dos recursos naturais acelera o processo de convers&atilde;o do carbono encontrado em rochas e sedimentos, em compostos de carbono que circulam nos outros reservat&oacute;rios.<\/p><p>Uma consequ&ecirc;ncia desse processo &eacute;:<\/p><p><strong>A)<\/strong> Redu&ccedil;&atilde;o da eutrofiza&ccedil;&atilde;o<\/p><p><strong>B) <\/strong>Aumento do efeito estufa<\/p><p><strong>C) <\/strong>Aumento da camada de oz&ocirc;nio<\/p><p><strong>D)<\/strong> redu&ccedil;&atilde;o da fixa&ccedil;&atilde;o de nitrog&ecirc;nio<\/p><p><strong>Alternativa correta: B<\/strong><\/p><h2 class=\"wp-block-heading\" id=\"h-puc-sp-2019\"><span class=\"ez-toc-section\" id=\"PUC-SP-2019\"><\/span>PUC-SP (2019)<span class=\"ez-toc-section-end\"><\/span><\/h2><p>O Brasil &eacute; signat&aacute;rio do Acordo de Paris, aprovado por 195 pa&iacute;ses com o intuito de estabelecer um controle sobre os gases de efeito estufa e, com isso, evitar as consequ&ecirc;ncias negativas de uma poss&iacute;vel mudan&ccedil;a clim&aacute;tica global. Dentre as medidas a que o pa&iacute;s se comprometeu a implementar, nesse contexto, est&aacute; a restaura&ccedil;&atilde;o e o reflorestamento de 12 milh&otilde;es de hectares de florestas.&nbsp;<\/p><p>Essa medida &eacute; condizente com os prop&oacute;sitos do referido acordo, pois:&nbsp;<\/p><p><strong>A)<\/strong> A vegeta&ccedil;&atilde;o captura g&aacute;s carb&ocirc;nico, em virtude do processo de fotoss&iacute;ntese.&nbsp;<\/p><p><strong>B)<\/strong> As florestas s&atilde;o o pulm&atilde;o do mundo, aumentando a taxa de oxig&ecirc;nio na atmosfera.&nbsp;<\/p><p><strong>C) <\/strong>Os gases liberados pelas plantas ajudam a reparar a camada de oz&ocirc;nio ao redor do planeta.&nbsp;<\/p><p><strong>D) <\/strong>A umidade liberada pela transpira&ccedil;&atilde;o vegetal nas florestas estabiliza o clima global.&nbsp;<\/p><p><strong>Alternativa correta: A<\/strong><\/p><h2 class=\"wp-block-heading\" id=\"h-ueg-2019\"><span class=\"ez-toc-section\" id=\"UEG-2019\"><\/span>UEG (2019)<span class=\"ez-toc-section-end\"><\/span><\/h2><div class=\"wp-block-image\">\n<figure class=\"aligncenter\"><img decoding=\"async\" src=\"https:\/\/lh6.googleusercontent.com\/d6SXHNx2R2PBSo_dyXwtPnT4_alByfj5FWzeh4Gu1RX25VBmx3SUM0JkdENwyJQlDQCujlTFJhG8ADW_0papl56NtF3Y5G_O64FWl3C2NUrSWwtBvfmPdCoF_7fzUFdLpBxoxbKHxFj4SX6xw4cibu8\" alt=\"\"><\/figure><\/div><p>O planeta retratado por Mafalda na charge apresentada seguiu uma evolu&ccedil;&atilde;o determinada pelas for&ccedil;as geol&oacute;gicas desde a sua origem, h&aacute; cerca de 4,5 bilh&otilde;es de anos. Ao longo dessa jornada, passou por transforma&ccedil;&otilde;es significativas em sua crosta e atmosfera. A partir de 1950, o desenvolvimento humano e suas implica&ccedil;&otilde;es no ecossistema terrestre crescem exponencialmente, conforme retratado em estudos da nova era geol&oacute;gica, denominada de Antropoceno, podendo provocar um &ldquo;adoecimento&rdquo; no planeta.<\/p><p>Mafalda cuida do planeta em fun&ccedil;&atilde;o das diversas interven&ccedil;&otilde;es que ele sofreu e sofre. Este &ldquo;adoecimento&rdquo; planet&aacute;rio se deve a que?<\/p><p><strong>A)<\/strong> &Agrave; mudan&ccedil;a na integridade da biosfera.<\/p><p><strong>B)<\/strong> &Agrave; estabilidade das mudan&ccedil;as clim&aacute;ticas.<\/p><p><strong>C)<\/strong> &Agrave; perda e ao ganho de oz&ocirc;nio estratosf&eacute;rico.<\/p><p><strong>D) <\/strong>&Agrave; carga equilibrada de aeross&oacute;is na atmosfera.<\/p><p><strong>E)<\/strong> &Agrave; redu&ccedil;&atilde;o do uso dos recursos naturais pela popula&ccedil;&atilde;o.<\/p><p><strong>Alternativa correta: A<\/strong><\/p><h2 class=\"wp-block-heading\" id=\"h-fatec-2019\"><span class=\"ez-toc-section\" id=\"Fatec-2019\"><\/span>Fatec (2019)<span class=\"ez-toc-section-end\"><\/span><\/h2><p>A fim de controlar os diversos problemas ambientais de cunho antr&oacute;pico detectados na Terra a partir de meados do s&eacute;culo XX, os governos dos pa&iacute;ses membros da ONU t&ecirc;m se reunido em grandes confer&ecirc;ncias em busca de solu&ccedil;&otilde;es e metas comuns.<\/p><p>Assinale a alternativa correta a respeito dessas confer&ecirc;ncias.&nbsp;<\/p><p><strong>A)<\/strong> Durante a Eco&ndash;92 foram levantados recursos para a recupera&ccedil;&atilde;o de pelo menos 92% da camada de oz&ocirc;nio nas regi&otilde;es de clima temperado.<\/p><p><strong>B)<\/strong> Um produto da Eco&ndash;92 foi a Agenda&ndash;21, documento em que constam programas para um desenvolvimento mais sustent&aacute;vel durante o s&eacute;culo XXI.&nbsp;<\/p><p><strong>C) <\/strong>Na Rio+20, mais vinte bacias hidrogr&aacute;ficas (incluindo a do Uruguai) entraram para o regime especial de prote&ccedil;&atilde;o de &aacute;guas continentais da ONU.&nbsp;<\/p><p><strong>D)<\/strong> A Rio+20 determinou maior fiscaliza&ccedil;&atilde;o em usinas nucleares, a fim de evitar acidentes at&ocirc;micos como os de Chernobyl, Goi&acirc;nia e Fukushima.&nbsp;<\/p><p><strong>E) <\/strong>Ap&oacute;s a Rio+20, Canad&aacute;, R&uacute;ssia e China deixaram a ONU, alegando discord&acirc;ncias com pol&iacute;ticas que interfeririam na autonomia dos pa&iacute;ses desenvolvidos.<\/p><p><strong>Alternativa correta: B<\/strong><\/p><h2 class=\"wp-block-heading\" id=\"h-uea-2019\"><span class=\"ez-toc-section\" id=\"UEA-2019\"><\/span>UEA (2019)<span class=\"ez-toc-section-end\"><\/span><\/h2><p>A compreens&atilde;o dos ciclos da mat&eacute;ria nos ecossistemas do planeta permite que o ser humano formule as melhores solu&ccedil;&otilde;es para impactos ambientais cada vez mais preocupantes. Na natureza, o desequil&iacute;brio verificado no ciclo do elemento carbono relaciona-se<\/p><p><strong>A)<\/strong> &Agrave; invers&atilde;o t&eacute;rmica nas grandes cidades.<\/p><p><strong>B)<\/strong> &Agrave; degrada&ccedil;&atilde;o da camada de oz&ocirc;nio na atmosfera.<\/p><p><strong>C)<\/strong> &Agrave; eutrofiza&ccedil;&atilde;o dos ambientes aqu&aacute;ticos.<\/p><p><strong>D)<\/strong> Ao efeito acumulativo de poluentes ao longo das cadeias alimentares.<\/p><p><strong>E)<\/strong> &Agrave; intensifica&ccedil;&atilde;o do efeito estufa.<\/p><p class=\"has-text-align-left\"><strong>Alternativa correta: E<\/strong><\/p><h2 class=\"wp-block-heading\" id=\"h-uerj-2019\"><span class=\"ez-toc-section\" id=\"Uerj-2019\"><\/span>Uerj (2019)<span class=\"ez-toc-section-end\"><\/span><\/h2><div class=\"wp-block-image\">\n<figure class=\"aligncenter\"><img decoding=\"async\" src=\"https:\/\/lh5.googleusercontent.com\/FOsc_dN8yr4dGhFlT89LwzdgeHhGMoa0DwqzKuBkOS__UpW_uYdWvHHFTmNrhZzOpoLJjPLcsbwwdSlJDy-ek5LyCHHw1JEygQmCM_OcE2XNE7-qyAbRDiNDiORXZ3GFctg275kHyalnqj5n2zNAH5g\" alt=\"\"><\/figure><\/div><p>Tendo em vista a posi&ccedil;&atilde;o da maioria da comunidade cient&iacute;fica, a situa&ccedil;&atilde;o retratada nos quadrinhos contribui diretamente para o agravamento do seguinte problema ambiental:<\/p><p><strong>A) <\/strong>Eros&atilde;o dos solos<\/p><p><strong>B)<\/strong> Aquecimento global<\/p><p><strong>C) <\/strong>Contamina&ccedil;&atilde;o lacustre<\/p><p><strong>D)<\/strong> Assoreamento dos rios<\/p><p><strong>Alternativa correta: B<\/strong><\/p><p>Fuvest (2019)<\/p><p>O processo de acidifica&ccedil;&atilde;o dos oceanos, decorrente das mudan&ccedil;as clim&aacute;ticas globais, afeta diretamente as col&ocirc;nias de corais, influenciando na forma&ccedil;&atilde;o de recifes. Assinale a alternativa que completa corretamente a explica&ccedil;&atilde;o para esse fen&ocirc;meno.&nbsp;<\/p><p>O di&oacute;xido de carbono dissolvido no oceano<\/p><p><strong>A) <\/strong>Gera menor quantidade de &iacute;ons de hidrog&ecirc;nio, o que diminui o pH da &aacute;gua, liberando maior quantidade de &iacute;ons c&aacute;lcio, que, por sua vez, se ligam aos carbonatos, aumentando o tamanho dos recifes.&nbsp;<\/p><p><strong>B) <\/strong>&Eacute; absorvido pelo fitopl&acirc;ncton, entrando no processo fotossint&eacute;tico, e o oxig&ecirc;nio liberado permanece na &aacute;gua do mar, oxidando e matando os recifes de coral.&nbsp;<\/p><p><strong>C) <\/strong>Leva &agrave; forma&ccedil;&atilde;o de &aacute;cido carb&ocirc;nico, que, dissociado, gera, ao final, &iacute;ons de hidrog&ecirc;nio e de carbonato, que se ligam, impedindo a forma&ccedil;&atilde;o do carbonato de c&aacute;lcio que comp&otilde;e os recifes de coral.&nbsp;<\/p><p><strong>D)<\/strong> &Eacute; absorvido pelo fitopl&acirc;ncton, entrando no processo fotossint&eacute;tico, e o oxig&ecirc;nio liberado torna a &aacute;gua do mar mais oxigenada, aumentando a atividade dos corais e o tamanho de seus recifes.&nbsp;<\/p><p><strong>E)<\/strong> Reage com a &aacute;gua, produzindo &aacute;cido carb&ocirc;nico, que permanece no oceano e corr&oacute;i os recifes de coral, que s&atilde;o formados por carbonato de c&aacute;lcio.&nbsp;<\/p><p><strong>Alternativa correta: E<\/strong><\/p><h2 class=\"wp-block-heading\" id=\"h-prepare-se-para-a-prova-com-o-estrategia-vestibulares\"><span class=\"ez-toc-section\" id=\"Prepare-se-para-a-prova-com-o-Estrategia-Vestibulares\"><\/span>Prepare-se para a prova com o Estrat&eacute;gia Vestibulares&nbsp;<span class=\"ez-toc-section-end\"><\/span><\/h2><p>O Estrat&eacute;gia Vestibulares oferece diariamente aulas gratuitas no YouTube sobre todas as mat&eacute;rias que caem nos principais vestibulares do Brasil!&nbsp;<\/p><p>Al&eacute;m disso, para aqueles que querem investir nos estudos, a plataforma tamb&eacute;m oferece cursos preparat&oacute;rios focados em cada uma das bancas, com professores especialistas na prova e com diversos benef&iacute;cios. D&aacute; s&oacute; uma olhada:&nbsp;<\/p><ul class=\"wp-block-list\">\n<li>Curso com livros digitais;<\/li>\n\n\n\n<li>Corre&ccedil;&atilde;o ilimitada de reda&ccedil;&otilde;es;<\/li>\n\n\n\n<li>F&oacute;rum de d&uacute;vidas;<\/li>\n\n\n\n<li>Simulados com quest&otilde;es in&eacute;ditas;<\/li>\n\n\n\n<li>Quest&otilde;es comentadas;<\/li>\n\n\n\n<li>Mapas mentais; e<\/li>\n\n\n\n<li>Entre muitas outras vantagens.<\/li>\n<\/ul><p>Ficou interessado? Ent&atilde;o, clique no banner e veja tudo sobre os cursos oferecidos pelo Estrat&eacute;gia Vestibulares!<\/p><\/p>\n","protected":false},"excerpt":{"rendered":"Causado pela alta do efeito estufa, o aumento da temperatura na Terra \u00e9 consequ\u00eancia de comportamentos humanos e respons\u00e1vel por cat\u00e1strofes ambientais\n","protected":false},"author":48,"featured_media":89769,"comment_status":"closed","ping_status":"closed","sticky":false,"template":"","format":"standard","meta":{"wl_entities_gutenberg":"","footnotes":""},"categories":[46],"tags":[],"wl_entity_type":[732],"class_list":{"0":"post-89768","1":"post","2":"type-post","3":"status-publish","4":"format-standard","5":"has-post-thumbnail","7":"category-atualidades-e-dicas","8":"wl_entity_type-article"},"acf":[],"yoast_head":"<!-- This site is optimized with the Yoast SEO Premium plugin v25.9 (Yoast SEO v25.9) - https:\/\/yoast.com\/wordpress\/plugins\/seo\/ -->\n<title>11 quest\u00f5es sobre aquecimento global que j\u00e1 ca\u00edram nos vestibulares<\/title>\n<meta name=\"description\" content=\"Os aumento da temperatura na Terra \u00e9 consequ\u00eancia de comportamentos humanos e respons\u00e1vel por cat\u00e1strofes ambientais\" \/>\n<meta name=\"robots\" content=\"index, follow, max-snippet:-1, max-image-preview:large, max-video-preview:-1\" \/>\n<link rel=\"canonical\" href=\"https:\/\/vestibulares.estrategia.com\/portal\/atualidades-e-dicas\/11-questoes-sobre-aquecimento-global-que-ja-cairam-nos-vestibulares\/\" \/>\n<meta property=\"og:locale\" content=\"pt_BR\" \/>\n<meta property=\"og:type\" content=\"article\" \/>\n<meta property=\"og:title\" content=\"11 quest\u00f5es sobre aquecimento global que j\u00e1 ca\u00edram nos vestibulares\" \/>\n<meta property=\"og:description\" content=\"Os aumento da temperatura na Terra \u00e9 consequ\u00eancia de comportamentos humanos e respons\u00e1vel por cat\u00e1strofes ambientais\" \/>\n<meta property=\"og:url\" content=\"https:\/\/vestibulares.estrategia.com\/portal\/atualidades-e-dicas\/11-questoes-sobre-aquecimento-global-que-ja-cairam-nos-vestibulares\/\" \/>\n<meta property=\"og:site_name\" content=\"Estrat\u00e9gia Vestibulares\" \/>\n<meta property=\"article:publisher\" content=\"https:\/\/facebook.com\/estrategiavestibulares\" \/>\n<meta property=\"article:published_time\" content=\"2023-04-06T18:48:29+00:00\" \/>\n<meta property=\"article:modified_time\" content=\"2023-09-09T18:10:04+00:00\" \/>\n<meta property=\"og:image\" content=\"https:\/\/cdn.blog.estrategiavestibulares.com.br\/vestibulares\/wp-content\/uploads\/2023\/04\/questoes-sobre-aquecimento-global.jpg\" \/>\n\t<meta property=\"og:image:width\" content=\"1200\" \/>\n\t<meta property=\"og:image:height\" content=\"800\" \/>\n\t<meta property=\"og:image:type\" content=\"image\/jpeg\" \/>\n<meta name=\"author\" content=\"Beatriz Santana\" \/>\n<meta name=\"twitter:card\" content=\"summary_large_image\" \/>\n<meta name=\"twitter:creator\" content=\"@Estrategiavest\" \/>\n<meta name=\"twitter:site\" content=\"@Estrategiavest\" \/>\n<meta name=\"twitter:label1\" content=\"Escrito por\" \/>\n\t<meta name=\"twitter:data1\" content=\"Beatriz Santana\" \/>\n\t<meta name=\"twitter:label2\" content=\"Est. tempo de leitura\" \/>\n\t<meta name=\"twitter:data2\" content=\"11 minutos\" \/>\n<script type=\"application\/ld+json\" class=\"yoast-schema-graph\">{\"@context\":\"https:\/\/schema.org\",\"@graph\":[{\"@type\":\"Article\",\"@id\":\"https:\/\/vestibulares.estrategia.com\/portal\/atualidades-e-dicas\/11-questoes-sobre-aquecimento-global-que-ja-cairam-nos-vestibulares\/#article\",\"isPartOf\":{\"@id\":\"https:\/\/vestibulares.estrategia.com\/portal\/atualidades-e-dicas\/11-questoes-sobre-aquecimento-global-que-ja-cairam-nos-vestibulares\/\"},\"author\":{\"name\":\"Beatriz Santana\",\"@id\":\"https:\/\/vestibulares.estrategia.com\/portal\/#\/schema\/person\/cdd941dcf53839374c0bc8d39bb0230f\"},\"headline\":\"11 quest\u00f5es sobre aquecimento global que j\u00e1 ca\u00edram nos vestibulares\",\"datePublished\":\"2023-04-06T18:48:29+00:00\",\"dateModified\":\"2023-09-09T18:10:04+00:00\",\"mainEntityOfPage\":{\"@id\":\"https:\/\/vestibulares.estrategia.com\/portal\/atualidades-e-dicas\/11-questoes-sobre-aquecimento-global-que-ja-cairam-nos-vestibulares\/\"},\"wordCount\":2251,\"publisher\":{\"@id\":\"https:\/\/vestibulares.estrategia.com\/portal\/#organization\"},\"image\":{\"@id\":\"https:\/\/vestibulares.estrategia.com\/portal\/atualidades-e-dicas\/11-questoes-sobre-aquecimento-global-que-ja-cairam-nos-vestibulares\/#primaryimage\"},\"thumbnailUrl\":\"https:\/\/vestibulares.estrategia.com\/portal\/wp-content\/uploads\/2023\/04\/questoes-sobre-aquecimento-global.jpg\",\"articleSection\":[\"Atualidades e Dicas\"],\"inLanguage\":\"pt-BR\"},{\"@type\":\"WebPage\",\"@id\":\"https:\/\/vestibulares.estrategia.com\/portal\/atualidades-e-dicas\/11-questoes-sobre-aquecimento-global-que-ja-cairam-nos-vestibulares\/\",\"url\":\"https:\/\/vestibulares.estrategia.com\/portal\/atualidades-e-dicas\/11-questoes-sobre-aquecimento-global-que-ja-cairam-nos-vestibulares\/\",\"name\":\"11 quest\u00f5es sobre aquecimento global que j\u00e1 ca\u00edram nos vestibulares\",\"isPartOf\":{\"@id\":\"https:\/\/vestibulares.estrategia.com\/portal\/#website\"},\"primaryImageOfPage\":{\"@id\":\"https:\/\/vestibulares.estrategia.com\/portal\/atualidades-e-dicas\/11-questoes-sobre-aquecimento-global-que-ja-cairam-nos-vestibulares\/#primaryimage\"},\"image\":{\"@id\":\"https:\/\/vestibulares.estrategia.com\/portal\/atualidades-e-dicas\/11-questoes-sobre-aquecimento-global-que-ja-cairam-nos-vestibulares\/#primaryimage\"},\"thumbnailUrl\":\"https:\/\/vestibulares.estrategia.com\/portal\/wp-content\/uploads\/2023\/04\/questoes-sobre-aquecimento-global.jpg\",\"datePublished\":\"2023-04-06T18:48:29+00:00\",\"dateModified\":\"2023-09-09T18:10:04+00:00\",\"description\":\"Os aumento da temperatura na Terra \u00e9 consequ\u00eancia de comportamentos humanos e respons\u00e1vel por cat\u00e1strofes ambientais\",\"breadcrumb\":{\"@id\":\"https:\/\/vestibulares.estrategia.com\/portal\/atualidades-e-dicas\/11-questoes-sobre-aquecimento-global-que-ja-cairam-nos-vestibulares\/#breadcrumb\"},\"inLanguage\":\"pt-BR\",\"potentialAction\":[{\"@type\":\"ReadAction\",\"target\":[\"https:\/\/vestibulares.estrategia.com\/portal\/atualidades-e-dicas\/11-questoes-sobre-aquecimento-global-que-ja-cairam-nos-vestibulares\/\"]}]},{\"@type\":\"ImageObject\",\"inLanguage\":\"pt-BR\",\"@id\":\"https:\/\/vestibulares.estrategia.com\/portal\/atualidades-e-dicas\/11-questoes-sobre-aquecimento-global-que-ja-cairam-nos-vestibulares\/#primaryimage\",\"url\":\"https:\/\/vestibulares.estrategia.com\/portal\/wp-content\/uploads\/2023\/04\/questoes-sobre-aquecimento-global.jpg\",\"contentUrl\":\"https:\/\/vestibulares.estrategia.com\/portal\/wp-content\/uploads\/2023\/04\/questoes-sobre-aquecimento-global.jpg\",\"width\":1200,\"height\":800,\"caption\":\"Aquecimento global\"},{\"@type\":\"BreadcrumbList\",\"@id\":\"https:\/\/vestibulares.estrategia.com\/portal\/atualidades-e-dicas\/11-questoes-sobre-aquecimento-global-que-ja-cairam-nos-vestibulares\/#breadcrumb\",\"itemListElement\":[{\"@type\":\"ListItem\",\"position\":1,\"name\":\"Home\",\"item\":\"https:\/\/vestibulares.estrategia.com\/portal\/\"},{\"@type\":\"ListItem\",\"position\":2,\"name\":\"Atualidades e Dicas\",\"item\":\"https:\/\/vestibulares.estrategia.com\/portal\/atualidades-e-dicas\/\"},{\"@type\":\"ListItem\",\"position\":3,\"name\":\"11 quest\u00f5es sobre aquecimento global que j\u00e1 ca\u00edram nos vestibulares\"}]},{\"@type\":\"WebSite\",\"@id\":\"https:\/\/vestibulares.estrategia.com\/portal\/#website\",\"url\":\"https:\/\/vestibulares.estrategia.com\/portal\/\",\"name\":\"Estrat\u00e9gia Vestibulares\",\"description\":\"\",\"publisher\":{\"@id\":\"https:\/\/vestibulares.estrategia.com\/portal\/#organization\"},\"potentialAction\":[{\"@type\":\"SearchAction\",\"target\":{\"@type\":\"EntryPoint\",\"urlTemplate\":\"https:\/\/vestibulares.estrategia.com\/portal\/?s={search_term_string}\"},\"query-input\":{\"@type\":\"PropertyValueSpecification\",\"valueRequired\":true,\"valueName\":\"search_term_string\"}}],\"inLanguage\":\"pt-BR\"},{\"@type\":\"Organization\",\"@id\":\"https:\/\/vestibulares.estrategia.com\/portal\/#organization\",\"name\":\"Estrat\u00e9gia Vestibulares\",\"url\":\"https:\/\/vestibulares.estrategia.com\/portal\/\",\"logo\":{\"@type\":\"ImageObject\",\"inLanguage\":\"pt-BR\",\"@id\":\"https:\/\/vestibulares.estrategia.com\/portal\/#\/schema\/logo\/image\/\",\"url\":\"https:\/\/vestibulares.estrategia.com\/portal\/wp-content\/uploads\/2021\/06\/Logo-Vestibulares@4x.png\",\"contentUrl\":\"https:\/\/vestibulares.estrategia.com\/portal\/wp-content\/uploads\/2021\/06\/Logo-Vestibulares@4x.png\",\"width\":250,\"height\":66,\"caption\":\"Estrat\u00e9gia Vestibulares\"},\"image\":{\"@id\":\"https:\/\/vestibulares.estrategia.com\/portal\/#\/schema\/logo\/image\/\"},\"sameAs\":[\"https:\/\/facebook.com\/estrategiavestibulares\",\"https:\/\/x.com\/Estrategiavest\",\"https:\/\/www.instagram.com\/estrategiavestibulares\",\"https:\/\/www.youtube.com\/channel\/UCGWdZy8ULI-7_5GrABa4vNA\"]},{\"@type\":\"Person\",\"@id\":\"https:\/\/vestibulares.estrategia.com\/portal\/#\/schema\/person\/cdd941dcf53839374c0bc8d39bb0230f\",\"name\":\"Beatriz Santana\",\"image\":{\"@type\":\"ImageObject\",\"inLanguage\":\"pt-BR\",\"@id\":\"https:\/\/vestibulares.estrategia.com\/portal\/#\/schema\/person\/image\/\",\"url\":\"https:\/\/vestibulares.estrategia.com\/portal\/wp-content\/uploads\/2022\/01\/WhatsApp-Image-2021-10-21-at-10.19.09-1-150x150.webp\",\"contentUrl\":\"https:\/\/vestibulares.estrategia.com\/portal\/wp-content\/uploads\/2022\/01\/WhatsApp-Image-2021-10-21-at-10.19.09-1-150x150.webp\",\"caption\":\"Beatriz Santana\"},\"description\":\"Jornalista formada pela Unesp\",\"url\":\"https:\/\/vestibulares.estrategia.com\/portal\/author\/beatriz-santana\/\"}]}<\/script>\n<!-- \/ Yoast SEO Premium plugin. -->","yoast_head_json":{"title":"11 quest\u00f5es sobre aquecimento global que j\u00e1 ca\u00edram nos vestibulares","description":"Os aumento da temperatura na Terra \u00e9 consequ\u00eancia de comportamentos humanos e respons\u00e1vel por cat\u00e1strofes ambientais","robots":{"index":"index","follow":"follow","max-snippet":"max-snippet:-1","max-image-preview":"max-image-preview:large","max-video-preview":"max-video-preview:-1"},"canonical":"https:\/\/vestibulares.estrategia.com\/portal\/atualidades-e-dicas\/11-questoes-sobre-aquecimento-global-que-ja-cairam-nos-vestibulares\/","og_locale":"pt_BR","og_type":"article","og_title":"11 quest\u00f5es sobre aquecimento global que j\u00e1 ca\u00edram nos vestibulares","og_description":"Os aumento da temperatura na Terra \u00e9 consequ\u00eancia de comportamentos humanos e respons\u00e1vel por cat\u00e1strofes ambientais","og_url":"https:\/\/vestibulares.estrategia.com\/portal\/atualidades-e-dicas\/11-questoes-sobre-aquecimento-global-que-ja-cairam-nos-vestibulares\/","og_site_name":"Estrat\u00e9gia Vestibulares","article_publisher":"https:\/\/facebook.com\/estrategiavestibulares","article_published_time":"2023-04-06T18:48:29+00:00","article_modified_time":"2023-09-09T18:10:04+00:00","og_image":[{"width":1200,"height":800,"url":"https:\/\/cdn.blog.estrategiavestibulares.com.br\/vestibulares\/wp-content\/uploads\/2023\/04\/questoes-sobre-aquecimento-global.jpg","type":"image\/jpeg"}],"author":"Beatriz Santana","twitter_card":"summary_large_image","twitter_creator":"@Estrategiavest","twitter_site":"@Estrategiavest","twitter_misc":{"Escrito por":"Beatriz Santana","Est. tempo de leitura":"11 minutos"},"schema":{"@context":"https:\/\/schema.org","@graph":[{"@type":"Article","@id":"https:\/\/vestibulares.estrategia.com\/portal\/atualidades-e-dicas\/11-questoes-sobre-aquecimento-global-que-ja-cairam-nos-vestibulares\/#article","isPartOf":{"@id":"https:\/\/vestibulares.estrategia.com\/portal\/atualidades-e-dicas\/11-questoes-sobre-aquecimento-global-que-ja-cairam-nos-vestibulares\/"},"author":{"name":"Beatriz Santana","@id":"https:\/\/vestibulares.estrategia.com\/portal\/#\/schema\/person\/cdd941dcf53839374c0bc8d39bb0230f"},"headline":"11 quest\u00f5es sobre aquecimento global que j\u00e1 ca\u00edram nos vestibulares","datePublished":"2023-04-06T18:48:29+00:00","dateModified":"2023-09-09T18:10:04+00:00","mainEntityOfPage":{"@id":"https:\/\/vestibulares.estrategia.com\/portal\/atualidades-e-dicas\/11-questoes-sobre-aquecimento-global-que-ja-cairam-nos-vestibulares\/"},"wordCount":2251,"publisher":{"@id":"https:\/\/vestibulares.estrategia.com\/portal\/#organization"},"image":{"@id":"https:\/\/vestibulares.estrategia.com\/portal\/atualidades-e-dicas\/11-questoes-sobre-aquecimento-global-que-ja-cairam-nos-vestibulares\/#primaryimage"},"thumbnailUrl":"https:\/\/vestibulares.estrategia.com\/portal\/wp-content\/uploads\/2023\/04\/questoes-sobre-aquecimento-global.jpg","articleSection":["Atualidades e Dicas"],"inLanguage":"pt-BR"},{"@type":"WebPage","@id":"https:\/\/vestibulares.estrategia.com\/portal\/atualidades-e-dicas\/11-questoes-sobre-aquecimento-global-que-ja-cairam-nos-vestibulares\/","url":"https:\/\/vestibulares.estrategia.com\/portal\/atualidades-e-dicas\/11-questoes-sobre-aquecimento-global-que-ja-cairam-nos-vestibulares\/","name":"11 quest\u00f5es sobre aquecimento global que j\u00e1 ca\u00edram nos vestibulares","isPartOf":{"@id":"https:\/\/vestibulares.estrategia.com\/portal\/#website"},"primaryImageOfPage":{"@id":"https:\/\/vestibulares.estrategia.com\/portal\/atualidades-e-dicas\/11-questoes-sobre-aquecimento-global-que-ja-cairam-nos-vestibulares\/#primaryimage"},"image":{"@id":"https:\/\/vestibulares.estrategia.com\/portal\/atualidades-e-dicas\/11-questoes-sobre-aquecimento-global-que-ja-cairam-nos-vestibulares\/#primaryimage"},"thumbnailUrl":"https:\/\/vestibulares.estrategia.com\/portal\/wp-content\/uploads\/2023\/04\/questoes-sobre-aquecimento-global.jpg","datePublished":"2023-04-06T18:48:29+00:00","dateModified":"2023-09-09T18:10:04+00:00","description":"Os aumento da temperatura na Terra \u00e9 consequ\u00eancia de comportamentos humanos e respons\u00e1vel por cat\u00e1strofes ambientais","breadcrumb":{"@id":"https:\/\/vestibulares.estrategia.com\/portal\/atualidades-e-dicas\/11-questoes-sobre-aquecimento-global-que-ja-cairam-nos-vestibulares\/#breadcrumb"},"inLanguage":"pt-BR","potentialAction":[{"@type":"ReadAction","target":["https:\/\/vestibulares.estrategia.com\/portal\/atualidades-e-dicas\/11-questoes-sobre-aquecimento-global-que-ja-cairam-nos-vestibulares\/"]}]},{"@type":"ImageObject","inLanguage":"pt-BR","@id":"https:\/\/vestibulares.estrategia.com\/portal\/atualidades-e-dicas\/11-questoes-sobre-aquecimento-global-que-ja-cairam-nos-vestibulares\/#primaryimage","url":"https:\/\/vestibulares.estrategia.com\/portal\/wp-content\/uploads\/2023\/04\/questoes-sobre-aquecimento-global.jpg","contentUrl":"https:\/\/vestibulares.estrategia.com\/portal\/wp-content\/uploads\/2023\/04\/questoes-sobre-aquecimento-global.jpg","width":1200,"height":800,"caption":"Aquecimento global"},{"@type":"BreadcrumbList","@id":"https:\/\/vestibulares.estrategia.com\/portal\/atualidades-e-dicas\/11-questoes-sobre-aquecimento-global-que-ja-cairam-nos-vestibulares\/#breadcrumb","itemListElement":[{"@type":"ListItem","position":1,"name":"Home","item":"https:\/\/vestibulares.estrategia.com\/portal\/"},{"@type":"ListItem","position":2,"name":"Atualidades e Dicas","item":"https:\/\/vestibulares.estrategia.com\/portal\/atualidades-e-dicas\/"},{"@type":"ListItem","position":3,"name":"11 quest\u00f5es sobre aquecimento global que j\u00e1 ca\u00edram nos vestibulares"}]},{"@type":"WebSite","@id":"https:\/\/vestibulares.estrategia.com\/portal\/#website","url":"https:\/\/vestibulares.estrategia.com\/portal\/","name":"Estrat\u00e9gia Vestibulares","description":"","publisher":{"@id":"https:\/\/vestibulares.estrategia.com\/portal\/#organization"},"potentialAction":[{"@type":"SearchAction","target":{"@type":"EntryPoint","urlTemplate":"https:\/\/vestibulares.estrategia.com\/portal\/?s={search_term_string}"},"query-input":{"@type":"PropertyValueSpecification","valueRequired":true,"valueName":"search_term_string"}}],"inLanguage":"pt-BR"},{"@type":"Organization","@id":"https:\/\/vestibulares.estrategia.com\/portal\/#organization","name":"Estrat\u00e9gia Vestibulares","url":"https:\/\/vestibulares.estrategia.com\/portal\/","logo":{"@type":"ImageObject","inLanguage":"pt-BR","@id":"https:\/\/vestibulares.estrategia.com\/portal\/#\/schema\/logo\/image\/","url":"https:\/\/vestibulares.estrategia.com\/portal\/wp-content\/uploads\/2021\/06\/Logo-Vestibulares@4x.png","contentUrl":"https:\/\/vestibulares.estrategia.com\/portal\/wp-content\/uploads\/2021\/06\/Logo-Vestibulares@4x.png","width":250,"height":66,"caption":"Estrat\u00e9gia Vestibulares"},"image":{"@id":"https:\/\/vestibulares.estrategia.com\/portal\/#\/schema\/logo\/image\/"},"sameAs":["https:\/\/facebook.com\/estrategiavestibulares","https:\/\/x.com\/Estrategiavest","https:\/\/www.instagram.com\/estrategiavestibulares","https:\/\/www.youtube.com\/channel\/UCGWdZy8ULI-7_5GrABa4vNA"]},{"@type":"Person","@id":"https:\/\/vestibulares.estrategia.com\/portal\/#\/schema\/person\/cdd941dcf53839374c0bc8d39bb0230f","name":"Beatriz Santana","image":{"@type":"ImageObject","inLanguage":"pt-BR","@id":"https:\/\/vestibulares.estrategia.com\/portal\/#\/schema\/person\/image\/","url":"https:\/\/vestibulares.estrategia.com\/portal\/wp-content\/uploads\/2022\/01\/WhatsApp-Image-2021-10-21-at-10.19.09-1-150x150.webp","contentUrl":"https:\/\/vestibulares.estrategia.com\/portal\/wp-content\/uploads\/2022\/01\/WhatsApp-Image-2021-10-21-at-10.19.09-1-150x150.webp","caption":"Beatriz Santana"},"description":"Jornalista formada pela Unesp","url":"https:\/\/vestibulares.estrategia.com\/portal\/author\/beatriz-santana\/"}]}},"_wl_alt_label":[],"wl:entity_url":"https:\/\/data.wordlift.io\/wl110249\/post\/11-questoes-sobre-aquecimento-global-que-ja-cairam-nos-vestibulares","_links":{"self":[{"href":"https:\/\/vestibulares.estrategia.com\/portal\/wp-json\/wp\/v2\/posts\/89768","targetHints":{"allow":["GET"]}}],"collection":[{"href":"https:\/\/vestibulares.estrategia.com\/portal\/wp-json\/wp\/v2\/posts"}],"about":[{"href":"https:\/\/vestibulares.estrategia.com\/portal\/wp-json\/wp\/v2\/types\/post"}],"author":[{"embeddable":true,"href":"https:\/\/vestibulares.estrategia.com\/portal\/wp-json\/wp\/v2\/users\/48"}],"replies":[{"embeddable":true,"href":"https:\/\/vestibulares.estrategia.com\/portal\/wp-json\/wp\/v2\/comments?post=89768"}],"version-history":[{"count":6,"href":"https:\/\/vestibulares.estrategia.com\/portal\/wp-json\/wp\/v2\/posts\/89768\/revisions"}],"predecessor-version":[{"id":100142,"href":"https:\/\/vestibulares.estrategia.com\/portal\/wp-json\/wp\/v2\/posts\/89768\/revisions\/100142"}],"wp:featuredmedia":[{"embeddable":true,"href":"https:\/\/vestibulares.estrategia.com\/portal\/wp-json\/wp\/v2\/media\/89769"}],"wp:attachment":[{"href":"https:\/\/vestibulares.estrategia.com\/portal\/wp-json\/wp\/v2\/media?parent=89768"}],"wp:term":[{"taxonomy":"category","embeddable":true,"href":"https:\/\/vestibulares.estrategia.com\/portal\/wp-json\/wp\/v2\/categories?post=89768"},{"taxonomy":"post_tag","embeddable":true,"href":"https:\/\/vestibulares.estrategia.com\/portal\/wp-json\/wp\/v2\/tags?post=89768"},{"taxonomy":"wl_entity_type","embeddable":true,"href":"https:\/\/vestibulares.estrategia.com\/portal\/wp-json\/wp\/v2\/wl_entity_type?post=89768"}],"curies":[{"name":"wp","href":"https:\/\/api.w.org\/{rel}","templated":true}]}}