{"id":90091,"date":"2023-04-17T22:06:22","date_gmt":"2023-04-18T01:06:22","guid":{"rendered":"https:\/\/vestibulares.estrategia.com\/portal\/?p=90091"},"modified":"2023-07-28T11:31:32","modified_gmt":"2023-07-28T14:31:32","slug":"pacto-colonial","status":"publish","type":"post","link":"https:\/\/vestibulares.estrategia.com\/portal\/materias\/historia\/pacto-colonial\/","title":{"rendered":"Pacto colonial: contexto hist\u00f3rico e defini\u00e7\u00f5es"},"content":{"rendered":"<p>Pacto colonial &eacute; o nome de uma pol&iacute;tica da &eacute;poca mercantilista, que associava duas ou mais regi&otilde;es de forma hier&aacute;rquica. O exemplo mais emblem&aacute;tico para os brasileiros &eacute; a rela&ccedil;&atilde;o entre Brasil e Portugal a partir do descobrimento das terras.&nbsp;<p>Cercado por um contexto pol&iacute;tico e social de transforma&ccedil;&otilde;es, inova&ccedil;&otilde;es tecnol&oacute;gicas, descobertas de navegadores, associado a uma economia completamente voltada para o ac&uacute;mulo de riquezas, o Pacto Colonial se estabeleceu em diversas regi&otilde;es, principalmente com o dom&iacute;nio da Europa sobre Am&eacute;ricas e &Aacute;frica.&nbsp;<\/p><p>Neste artigo, voc&ecirc; entender&aacute; quais s&atilde;o os aspectos hist&oacute;ricos que contribu&iacute;ram para o estabelecimento do Pacto Colonial, quais s&atilde;o as caracter&iacute;sticas dessa pol&iacute;tica e como esse processo aconteceu no Brasil. Leia mais!<\/p><div id=\"ez-toc-container\" class=\"ez-toc-v2_0_76 counter-hierarchy ez-toc-counter ez-toc-transparent ez-toc-container-direction\">\n<div class=\"ez-toc-title-container\"><p class=\"ez-toc-title\" style=\"cursor:inherit\">Navegue pelo conte\u00fado<\/p>\n<\/div><nav><ul class='ez-toc-list ez-toc-list-level-1 ' ><li class='ez-toc-page-1 ez-toc-heading-level-2'><a class=\"ez-toc-link ez-toc-heading-1\" href=\"https:\/\/vestibulares.estrategia.com\/portal\/materias\/historia\/pacto-colonial\/#Contexto-historico-do-Pacto-Colonial\" >Contexto hist&oacute;rico do Pacto Colonial&nbsp;<\/a><\/li><li class='ez-toc-page-1 ez-toc-heading-level-2'><a class=\"ez-toc-link ez-toc-heading-2\" href=\"https:\/\/vestibulares.estrategia.com\/portal\/materias\/historia\/pacto-colonial\/#Caracteristicas-do-Pacto-Colonial\" >Caracter&iacute;sticas do Pacto Colonial<\/a><\/li><li class='ez-toc-page-1 ez-toc-heading-level-2'><a class=\"ez-toc-link ez-toc-heading-3\" href=\"https:\/\/vestibulares.estrategia.com\/portal\/materias\/historia\/pacto-colonial\/#Questao-sobre-Pacto-Colonial\" >Quest&atilde;o sobre Pacto Colonial<\/a><\/li><li class='ez-toc-page-1 ez-toc-heading-level-2'><a class=\"ez-toc-link ez-toc-heading-4\" href=\"https:\/\/vestibulares.estrategia.com\/portal\/materias\/historia\/pacto-colonial\/#Estude-para-as-provas-com-a-Coruja\" >Estude para as provas com a Coruja!<\/a><\/li><\/ul><\/nav><\/div>\n<h2 class=\"wp-block-heading\" id=\"h-contexto-historico-do-pacto-colonial\"><span class=\"ez-toc-section\" id=\"Contexto-historico-do-Pacto-Colonial\"><\/span>Contexto hist&oacute;rico do Pacto Colonial&nbsp;<span class=\"ez-toc-section-end\"><\/span><\/h2><p>A pol&iacute;tica do Pacto Colonial aconteceu durante a Idade Moderna, entre os s&eacute;culos XV e XVIII, associada a um processo de explora&ccedil;&atilde;o de territ&oacute;rios para al&eacute;m da realidade europeia. As na&ccedil;&otilde;es protagonistas eram Fran&ccedil;a, Portugal, Espanha e Inglaterra.&nbsp;<\/p><p>As pot&ecirc;ncias europeias eram chamadas de metr&oacute;pole, de forma que tinham certo poder hier&aacute;rquico sobre os espa&ccedil;os que colonizavam. Ao mesmo tempo que as regi&otilde;es dominadas ficavam majoritariamente na Am&eacute;rica e &Aacute;frica.&nbsp;<\/p><h3 class=\"wp-block-heading\" id=\"h-grandes-navegacoes\">Grandes Navega&ccedil;&otilde;es<\/h3><p>Esse processo est&aacute; relacionado com o estabelecimento dos Estados Modernos, durante a transi&ccedil;&atilde;o entre a Idade M&eacute;dia e a Idade Moderna. Nesse per&iacute;odo, as inova&ccedil;&otilde;es tecnol&oacute;gicas permitiram a constru&ccedil;&atilde;o de navios e instrumentos de navega&ccedil;&atilde;o &uacute;teis para a explora&ccedil;&atilde;o dos mares.&nbsp;<\/p><p>O com&eacute;rcio estava em ascens&atilde;o novamente e as rotas mar&iacute;timas eram importantes para encontrar materiais, as especiarias que eram encontradas na regi&atilde;o da &Iacute;ndia. Em meio a esses percursos, muitos navegadores come&ccedil;aram a conhecer terras produtivas e bonitas, mas que n&atilde;o estavam no Oriente.&nbsp;<\/p><p>A &eacute;poca ficou conhecida como <a href=\"https:\/\/vestibulares.estrategia.com\/portal\/materias\/historia\/grandes-navegacoes\/\" target=\"_blank\">Grandes Navega&ccedil;&otilde;es<\/a> e est&aacute; relacionada com a entrada dos europeus em diversos territ&oacute;rios, como a <a href=\"https:\/\/vestibulares.estrategia.com\/portal\/materias\/historia\/descobrimento-da-america\/\" target=\"_blank\">descoberta das Am&eacute;ricas<\/a> por Am&eacute;rico Vesp&uacute;cio, o estabelecimento dos espanh&oacute;is na Am&eacute;rica Latina a partir de Crist&oacute;v&atilde;o Colombo, bem como a <a href=\"https:\/\/vestibulares.estrategia.com\/portal\/materias\/historia\/descobrimento-do-brasil\/\" target=\"_blank\">chegada dos Portugueses ao Brasil<\/a>.&nbsp;<\/p><h3 class=\"wp-block-heading\" id=\"h-mercantilismo\">Mercantilismo&nbsp;<\/h3><p>O interesse das na&ccedil;&otilde;es por esses novos territ&oacute;rios cresceu devido &agrave; base do sistema econ&ocirc;mico da &eacute;poca. O mercantilismo, uma organiza&ccedil;&atilde;o precursora do capitalismo, baseia-se no ac&uacute;mulo de riquezas por determinado Estado, principalmente os metais preciosos, algo que ficou chamado de metalismo.&nbsp;<\/p><p>Diante disso, era muito interessante ter acesso a outras regi&otilde;es do globo terrestre. Afinal, seria poss&iacute;vel encontrar fontes de riquezas tanto para o com&eacute;rcio e posterior ac&uacute;mulo monet&aacute;rio, como tamb&eacute;m era atraente procurar por minas de metais preciosos, para refor&ccedil;ar o metalismo.&nbsp;<\/p><p>Ao mesmo tempo, o <a href=\"https:\/\/vestibulares.estrategia.com\/portal\/materias\/historia\/mercantilismo-definicao-caracteristicas-contexto-e-declinio\/\" target=\"_blank\">mercantilismo <\/a>seguia o conceito de balan&ccedil;a comercial favor&aacute;vel. Nessa ideia, &eacute; necess&aacute;rio que a quantidade de valores recebidos seja maior do que os gastos; com a explora&ccedil;&atilde;o de outras regi&otilde;es tornou-se mais f&aacute;cil alcan&ccedil;ar esse objetivo.<\/p><p>Em meio a esse contexto, o Pacto Colonial servia como uma forma de controle sobre os territ&oacute;rios encontrados, no sentido de que as col&ocirc;nias teriam a obriga&ccedil;&atilde;o de servir &agrave;s metr&oacute;poles e tornar aquele pa&iacute;s autossuficiente.&nbsp;<\/p><p>Para justificar as explora&ccedil;&otilde;es, os europeus se basearam em teorias a respeito de civiliza&ccedil;&atilde;o e at&eacute; mesmo religi&atilde;o. Por muito tempo foi difundida a ideia de que eles seriam mais evolu&iacute;dos do que as popula&ccedil;&otilde;es das col&ocirc;nias, e eles tinham a miss&atilde;o de trazer a civiliza&ccedil;&atilde;o para essas regi&otilde;es, bem como espalhar o cristianismo entre os nativos.&nbsp;<\/p><h2 class=\"wp-block-heading\" id=\"h-caracteristicas-do-pacto-colonial\"><span class=\"ez-toc-section\" id=\"Caracteristicas-do-Pacto-Colonial\"><\/span>Caracter&iacute;sticas do Pacto Colonial<span class=\"ez-toc-section-end\"><\/span><\/h2><h3 class=\"wp-block-heading\" id=\"h-exclusividade-comercial\">Exclusividade comercial<\/h3><p>O Pacto <a href=\"https:\/\/www.youtube.com\/watch?v=2DnteoMIKnI&amp;pp=ygUqY29sb25pemHDp8OjbyBlc3RyYXRlZ2lhIHZlc3RpYnVsYXJlcyBlbmVt\" target=\"_blank\">Colonial <\/a>era um acordo de exclusividade comercial entre metr&oacute;pole e col&ocirc;nia. Apesar disso, a ordem era unilateral: a metr&oacute;pole poderia se relacionar comercialmente com outras na&ccedil;&otilde;es, mas a col&ocirc;nia estaria proibida desta a&ccedil;&atilde;o.&nbsp;<\/p><p>Devido a esse aspecto, alguns autores preferem chamar esse acordo de Exclusivo Metropolitano. No Brasil, por exemplo, essa decis&atilde;o pode ser representada com o cultivo de caf&eacute;: todo o material plantado, colhido e produzido no pa&iacute;s deveria ser destinado apenas em transa&ccedil;&otilde;es comerciais com a metr&oacute;pole portuguesa. Ao mesmo tempo, os colonos s&oacute; podiam adquirir produtos manufaturados que tivesse sido produzidos pela pr&oacute;pria metr&oacute;pole.<\/p><p>De certa forma, ent&atilde;o, era como se as col&ocirc;nias fossem um &ldquo;peda&ccedil;o&rdquo; da metr&oacute;pole, mesmo que estivesse em outros continentes. Por outro lado, isso n&atilde;o indica possibilidade de vantagens para a col&ocirc;nia, apenas uma maior liberdade para a domina&ccedil;&atilde;o metropolitana.&nbsp;<\/p><h3 class=\"wp-block-heading\" id=\"h-lucratividade-aumentada-para-a-metropole\">Lucratividade aumentada para a metr&oacute;pole<\/h3><p>Os aspectos do Pacto Colonial de exclusividade comercial e controle territorial criavam uma prote&ccedil;&atilde;o em rela&ccedil;&atilde;o &agrave;s outras na&ccedil;&otilde;es. Afinal, evitava a disputa comercial para o envio dos materiais produzidos na col&ocirc;nia &mdash; imagine que se todos pudessem comprar, seria poss&iacute;vel fazer ofertas de diferentes valores, com maior liberdade de escolha para os colonos.&nbsp;<\/p><p>Com isso, o lucro ficava aumentado; afinal, o valor de compra e revenda n&atilde;o precisava ser padronizado, o que caracteriza a explora&ccedil;&atilde;o do Pacto Colonial. Em alguns momentos da hist&oacute;ria, como no caso do pau-brasil, o produto era de naturalidade brasileira, ent&atilde;o Portugal seria a &uacute;nica na&ccedil;&atilde;o com acesso a esse artigo, potencializando a lucratividade.&nbsp;<\/p><p>Simultaneamente, para diminuir ainda mais as despesas, as grandes pot&ecirc;ncias metropolitanas recrutavam m&atilde;o de obra escrava. No Brasil, esse processo iniciou-se com a escraviza&ccedil;&atilde;o de povos ind&iacute;genas durante o plantio de pau-brasil e, posteriormente, o com&eacute;rcio de m&atilde;o de obra escravizada da &Aacute;frica, que perdurou at&eacute; o s&eacute;culo XIX.<\/p><p>Em termos de balan&ccedil;a comercial, &eacute; poss&iacute;vel notar que todo o contexto de coloniza&ccedil;&atilde;o favorecia que os europeus tivessem resultados positivos. Afinal, comprando a um valor baixo definido por eles e vendendo a um valor mais alto tamb&eacute;m n&atilde;o padronizado, os excedentes eram de grande magnitude. Com isso, o ac&uacute;mulo de riquezas era crescente, caracter&iacute;stica t&atilde;o importante no mercantilismo.<\/p><h2 class=\"wp-block-heading\" id=\"h-questao-sobre-pacto-colonial\"><span class=\"ez-toc-section\" id=\"Questao-sobre-Pacto-Colonial\"><\/span>Quest&atilde;o sobre Pacto Colonial<span class=\"ez-toc-section-end\"><\/span><\/h2><p>(URCA) Como parte integrante da pol&iacute;tica mercantilista, os princ&iacute;pios orientadores do Antigo Sistema Colonial, que se expressava pelo chamado Pacto Colonial, preconizavam:<\/p><p><strong>a) O consumo das manufaturas advindas da metr&oacute;pole pelas col&ocirc;nias e a exporta&ccedil;&atilde;o de produtos lucrativos para a metr&oacute;pole.<\/strong><\/p><p>b) A metr&oacute;pole venderia seus produtos manufaturados por baixos pre&ccedil;os e compraria os produtos coloniais por pre&ccedil;os elevados.<\/p><p>c) Predominavam os investimentos nas manufaturas coloniais e atividades artesanais e o combate ao desenvolvimento da agricultura.<\/p><p>d) Garantia-se a liberdade para o com&eacute;rcio colonial com as diversas metr&oacute;poles europeias e com as regi&otilde;es da &Aacute;frica.<\/p><p>e) Era incentivado o predom&iacute;nio da produ&ccedil;&atilde;o agr&iacute;cola das col&ocirc;nias visando &agrave; respectiva subsist&ecirc;ncia, bem como o desenvolvimento da ourivesaria.<\/p><h2 class=\"wp-block-heading\" id=\"h-estude-para-as-provas-com-a-coruja\"><span class=\"ez-toc-section\" id=\"Estude-para-as-provas-com-a-Coruja\"><\/span>Estude para as provas com a Coruja!<span class=\"ez-toc-section-end\"><\/span><\/h2><p>O Estrat&eacute;gia Vestibulares trabalha para que sua jornada de estudos seja mais acess&iacute;vel e adapt&aacute;vel. No Livro Digital Interativo, voc&ecirc; l&ecirc; o material, grifa, faz coment&aacute;rios e tudo isso fica compilado em um resumo, para voc&ecirc; acessar sempre que precisar revisar. Clique no banner e saiba mais!<\/p><p>\n\n\n\n<a id=\"cta\" class=\"cta-imagem\" href=\"https:\/\/vestibulares.estrategia.com\/cursos\/\" target=\"blank\">\n                <img decoding=\"async\" width=\"100%\" src=\"https:\/\/vestibulares.estrategia.com\/portal\/wp-content\/uploads\/2021\/12\/EV2.jpg\" alt=\"CTA - Estrat\u00e9gia Vestibulares 2\" title=\"CTA - Estrat\u00e9gia Vestibulares 2\">\n        <\/a>\n\n\n\n\n<\/p><\/p>\n","protected":false},"excerpt":{"rendered":"Pacto colonial &eacute; o nome de uma pol&iacute;tica da &eacute;poca mercantilista, que associava duas ou mais regi&otilde;es de&hellip;\n","protected":false},"author":23,"featured_media":90088,"comment_status":"closed","ping_status":"closed","sticky":false,"template":"","format":"standard","meta":{"wl_entities_gutenberg":"","footnotes":""},"categories":[32],"tags":[],"wl_entity_type":[732],"class_list":{"0":"post-90091","1":"post","2":"type-post","3":"status-publish","4":"format-standard","5":"has-post-thumbnail","7":"category-historia","8":"wl_entity_type-article"},"acf":[],"yoast_head":"<!-- This site is optimized with the Yoast SEO Premium plugin v25.9 (Yoast SEO v25.9) - https:\/\/yoast.com\/wordpress\/plugins\/seo\/ -->\n<title>Pacto colonial: contexto hist\u00f3rico e defini\u00e7\u00f5es<\/title>\n<meta name=\"description\" content=\"Pacto colonial \u00e9 o nome de uma pol\u00edtica da \u00e9poca mercantilista, que associava duas ou mais regi\u00f5es de forma hier\u00e1rquica. Conhe\u00e7a mais agora!\" \/>\n<meta name=\"robots\" content=\"index, follow, max-snippet:-1, max-image-preview:large, max-video-preview:-1\" \/>\n<link rel=\"canonical\" href=\"https:\/\/vestibulares.estrategia.com\/portal\/materias\/historia\/pacto-colonial\/\" \/>\n<meta property=\"og:locale\" content=\"pt_BR\" \/>\n<meta property=\"og:type\" content=\"article\" \/>\n<meta property=\"og:title\" content=\"Pacto colonial: contexto hist\u00f3rico e defini\u00e7\u00f5es\" \/>\n<meta property=\"og:description\" content=\"Pacto colonial \u00e9 o nome de uma pol\u00edtica da \u00e9poca mercantilista, que associava duas ou mais regi\u00f5es de forma hier\u00e1rquica. Conhe\u00e7a mais agora!\" \/>\n<meta property=\"og:url\" content=\"https:\/\/vestibulares.estrategia.com\/portal\/materias\/historia\/pacto-colonial\/\" \/>\n<meta property=\"og:site_name\" content=\"Estrat\u00e9gia Vestibulares\" \/>\n<meta property=\"article:publisher\" content=\"https:\/\/facebook.com\/estrategiavestibulares\" \/>\n<meta property=\"article:published_time\" content=\"2023-04-18T01:06:22+00:00\" \/>\n<meta property=\"article:modified_time\" content=\"2023-07-28T14:31:32+00:00\" \/>\n<meta property=\"og:image\" content=\"https:\/\/cdn.blog.estrategiavestibulares.com.br\/vestibulares\/wp-content\/uploads\/2023\/04\/pexels-ahmet-polat-6801145.jpg\" \/>\n\t<meta property=\"og:image:width\" content=\"1280\" \/>\n\t<meta property=\"og:image:height\" content=\"800\" \/>\n\t<meta property=\"og:image:type\" content=\"image\/jpeg\" \/>\n<meta name=\"author\" content=\"Kauane Elias\" \/>\n<meta name=\"twitter:card\" content=\"summary_large_image\" \/>\n<meta name=\"twitter:creator\" content=\"@Estrategiavest\" \/>\n<meta name=\"twitter:site\" content=\"@Estrategiavest\" \/>\n<meta name=\"twitter:label1\" content=\"Escrito por\" \/>\n\t<meta name=\"twitter:data1\" content=\"Kauane Elias\" \/>\n\t<meta name=\"twitter:label2\" content=\"Est. tempo de leitura\" \/>\n\t<meta name=\"twitter:data2\" content=\"6 minutos\" \/>\n<script type=\"application\/ld+json\" class=\"yoast-schema-graph\">{\"@context\":\"https:\/\/schema.org\",\"@graph\":[{\"@type\":\"Article\",\"@id\":\"https:\/\/vestibulares.estrategia.com\/portal\/materias\/historia\/pacto-colonial\/#article\",\"isPartOf\":{\"@id\":\"https:\/\/vestibulares.estrategia.com\/portal\/materias\/historia\/pacto-colonial\/\"},\"author\":{\"name\":\"Kauane Elias\",\"@id\":\"https:\/\/vestibulares.estrategia.com\/portal\/#\/schema\/person\/c3c8aff2b0e78cda59fba186b818b7b1\"},\"headline\":\"Pacto colonial: contexto hist\u00f3rico e defini\u00e7\u00f5es\",\"datePublished\":\"2023-04-18T01:06:22+00:00\",\"dateModified\":\"2023-07-28T14:31:32+00:00\",\"mainEntityOfPage\":{\"@id\":\"https:\/\/vestibulares.estrategia.com\/portal\/materias\/historia\/pacto-colonial\/\"},\"wordCount\":1257,\"publisher\":{\"@id\":\"https:\/\/vestibulares.estrategia.com\/portal\/#organization\"},\"image\":{\"@id\":\"https:\/\/vestibulares.estrategia.com\/portal\/materias\/historia\/pacto-colonial\/#primaryimage\"},\"thumbnailUrl\":\"https:\/\/vestibulares.estrategia.com\/portal\/wp-content\/uploads\/2023\/04\/pexels-ahmet-polat-6801145.jpg\",\"articleSection\":[\"Hist\u00f3ria\"],\"inLanguage\":\"pt-BR\"},{\"@type\":\"WebPage\",\"@id\":\"https:\/\/vestibulares.estrategia.com\/portal\/materias\/historia\/pacto-colonial\/\",\"url\":\"https:\/\/vestibulares.estrategia.com\/portal\/materias\/historia\/pacto-colonial\/\",\"name\":\"Pacto colonial: contexto hist\u00f3rico e defini\u00e7\u00f5es\",\"isPartOf\":{\"@id\":\"https:\/\/vestibulares.estrategia.com\/portal\/#website\"},\"primaryImageOfPage\":{\"@id\":\"https:\/\/vestibulares.estrategia.com\/portal\/materias\/historia\/pacto-colonial\/#primaryimage\"},\"image\":{\"@id\":\"https:\/\/vestibulares.estrategia.com\/portal\/materias\/historia\/pacto-colonial\/#primaryimage\"},\"thumbnailUrl\":\"https:\/\/vestibulares.estrategia.com\/portal\/wp-content\/uploads\/2023\/04\/pexels-ahmet-polat-6801145.jpg\",\"datePublished\":\"2023-04-18T01:06:22+00:00\",\"dateModified\":\"2023-07-28T14:31:32+00:00\",\"description\":\"Pacto colonial \u00e9 o nome de uma pol\u00edtica da \u00e9poca mercantilista, que associava duas ou mais regi\u00f5es de forma hier\u00e1rquica. Conhe\u00e7a mais agora!\",\"breadcrumb\":{\"@id\":\"https:\/\/vestibulares.estrategia.com\/portal\/materias\/historia\/pacto-colonial\/#breadcrumb\"},\"inLanguage\":\"pt-BR\",\"potentialAction\":[{\"@type\":\"ReadAction\",\"target\":[\"https:\/\/vestibulares.estrategia.com\/portal\/materias\/historia\/pacto-colonial\/\"]}]},{\"@type\":\"ImageObject\",\"inLanguage\":\"pt-BR\",\"@id\":\"https:\/\/vestibulares.estrategia.com\/portal\/materias\/historia\/pacto-colonial\/#primaryimage\",\"url\":\"https:\/\/vestibulares.estrategia.com\/portal\/wp-content\/uploads\/2023\/04\/pexels-ahmet-polat-6801145.jpg\",\"contentUrl\":\"https:\/\/vestibulares.estrategia.com\/portal\/wp-content\/uploads\/2023\/04\/pexels-ahmet-polat-6801145.jpg\",\"width\":1280,\"height\":800},{\"@type\":\"BreadcrumbList\",\"@id\":\"https:\/\/vestibulares.estrategia.com\/portal\/materias\/historia\/pacto-colonial\/#breadcrumb\",\"itemListElement\":[{\"@type\":\"ListItem\",\"position\":1,\"name\":\"Home\",\"item\":\"https:\/\/vestibulares.estrategia.com\/portal\/\"},{\"@type\":\"ListItem\",\"position\":2,\"name\":\"Mat\u00e9rias\",\"item\":\"https:\/\/vestibulares.estrategia.com\/portal\/materias\/\"},{\"@type\":\"ListItem\",\"position\":3,\"name\":\"Hist\u00f3ria\",\"item\":\"https:\/\/vestibulares.estrategia.com\/portal\/materias\/historia\/\"},{\"@type\":\"ListItem\",\"position\":4,\"name\":\"Pacto colonial: contexto hist\u00f3rico e defini\u00e7\u00f5es\"}]},{\"@type\":\"WebSite\",\"@id\":\"https:\/\/vestibulares.estrategia.com\/portal\/#website\",\"url\":\"https:\/\/vestibulares.estrategia.com\/portal\/\",\"name\":\"Estrat\u00e9gia Vestibulares\",\"description\":\"\",\"publisher\":{\"@id\":\"https:\/\/vestibulares.estrategia.com\/portal\/#organization\"},\"potentialAction\":[{\"@type\":\"SearchAction\",\"target\":{\"@type\":\"EntryPoint\",\"urlTemplate\":\"https:\/\/vestibulares.estrategia.com\/portal\/?s={search_term_string}\"},\"query-input\":{\"@type\":\"PropertyValueSpecification\",\"valueRequired\":true,\"valueName\":\"search_term_string\"}}],\"inLanguage\":\"pt-BR\"},{\"@type\":\"Organization\",\"@id\":\"https:\/\/vestibulares.estrategia.com\/portal\/#organization\",\"name\":\"Estrat\u00e9gia Vestibulares\",\"url\":\"https:\/\/vestibulares.estrategia.com\/portal\/\",\"logo\":{\"@type\":\"ImageObject\",\"inLanguage\":\"pt-BR\",\"@id\":\"https:\/\/vestibulares.estrategia.com\/portal\/#\/schema\/logo\/image\/\",\"url\":\"https:\/\/vestibulares.estrategia.com\/portal\/wp-content\/uploads\/2021\/06\/Logo-Vestibulares@4x.png\",\"contentUrl\":\"https:\/\/vestibulares.estrategia.com\/portal\/wp-content\/uploads\/2021\/06\/Logo-Vestibulares@4x.png\",\"width\":250,\"height\":66,\"caption\":\"Estrat\u00e9gia Vestibulares\"},\"image\":{\"@id\":\"https:\/\/vestibulares.estrategia.com\/portal\/#\/schema\/logo\/image\/\"},\"sameAs\":[\"https:\/\/facebook.com\/estrategiavestibulares\",\"https:\/\/x.com\/Estrategiavest\",\"https:\/\/www.instagram.com\/estrategiavestibulares\",\"https:\/\/www.youtube.com\/channel\/UCGWdZy8ULI-7_5GrABa4vNA\"]},{\"@type\":\"Person\",\"@id\":\"https:\/\/vestibulares.estrategia.com\/portal\/#\/schema\/person\/c3c8aff2b0e78cda59fba186b818b7b1\",\"name\":\"Kauane Elias\",\"image\":{\"@type\":\"ImageObject\",\"inLanguage\":\"pt-BR\",\"@id\":\"https:\/\/vestibulares.estrategia.com\/portal\/#\/schema\/person\/image\/\",\"url\":\"https:\/\/secure.gravatar.com\/avatar\/81836e2e844ccd58ea28aa1cf206f0c2?s=96&d=mm&r=g\",\"contentUrl\":\"https:\/\/secure.gravatar.com\/avatar\/81836e2e844ccd58ea28aa1cf206f0c2?s=96&d=mm&r=g\",\"caption\":\"Kauane Elias\"},\"description\":\"Medicina - Unicamp. F\u00e9. \\\"Um mundo melhor come\u00e7a na transforma\u00e7\u00e3o do pr\u00f3prio mundo!\\\"\",\"url\":\"https:\/\/vestibulares.estrategia.com\/portal\/author\/kauane\/\"}]}<\/script>\n<!-- \/ Yoast SEO Premium plugin. -->","yoast_head_json":{"title":"Pacto colonial: contexto hist\u00f3rico e defini\u00e7\u00f5es","description":"Pacto colonial \u00e9 o nome de uma pol\u00edtica da \u00e9poca mercantilista, que associava duas ou mais regi\u00f5es de forma hier\u00e1rquica. Conhe\u00e7a mais agora!","robots":{"index":"index","follow":"follow","max-snippet":"max-snippet:-1","max-image-preview":"max-image-preview:large","max-video-preview":"max-video-preview:-1"},"canonical":"https:\/\/vestibulares.estrategia.com\/portal\/materias\/historia\/pacto-colonial\/","og_locale":"pt_BR","og_type":"article","og_title":"Pacto colonial: contexto hist\u00f3rico e defini\u00e7\u00f5es","og_description":"Pacto colonial \u00e9 o nome de uma pol\u00edtica da \u00e9poca mercantilista, que associava duas ou mais regi\u00f5es de forma hier\u00e1rquica. Conhe\u00e7a mais agora!","og_url":"https:\/\/vestibulares.estrategia.com\/portal\/materias\/historia\/pacto-colonial\/","og_site_name":"Estrat\u00e9gia Vestibulares","article_publisher":"https:\/\/facebook.com\/estrategiavestibulares","article_published_time":"2023-04-18T01:06:22+00:00","article_modified_time":"2023-07-28T14:31:32+00:00","og_image":[{"width":1280,"height":800,"url":"https:\/\/cdn.blog.estrategiavestibulares.com.br\/vestibulares\/wp-content\/uploads\/2023\/04\/pexels-ahmet-polat-6801145.jpg","type":"image\/jpeg"}],"author":"Kauane Elias","twitter_card":"summary_large_image","twitter_creator":"@Estrategiavest","twitter_site":"@Estrategiavest","twitter_misc":{"Escrito por":"Kauane Elias","Est. tempo de leitura":"6 minutos"},"schema":{"@context":"https:\/\/schema.org","@graph":[{"@type":"Article","@id":"https:\/\/vestibulares.estrategia.com\/portal\/materias\/historia\/pacto-colonial\/#article","isPartOf":{"@id":"https:\/\/vestibulares.estrategia.com\/portal\/materias\/historia\/pacto-colonial\/"},"author":{"name":"Kauane Elias","@id":"https:\/\/vestibulares.estrategia.com\/portal\/#\/schema\/person\/c3c8aff2b0e78cda59fba186b818b7b1"},"headline":"Pacto colonial: contexto hist\u00f3rico e defini\u00e7\u00f5es","datePublished":"2023-04-18T01:06:22+00:00","dateModified":"2023-07-28T14:31:32+00:00","mainEntityOfPage":{"@id":"https:\/\/vestibulares.estrategia.com\/portal\/materias\/historia\/pacto-colonial\/"},"wordCount":1257,"publisher":{"@id":"https:\/\/vestibulares.estrategia.com\/portal\/#organization"},"image":{"@id":"https:\/\/vestibulares.estrategia.com\/portal\/materias\/historia\/pacto-colonial\/#primaryimage"},"thumbnailUrl":"https:\/\/vestibulares.estrategia.com\/portal\/wp-content\/uploads\/2023\/04\/pexels-ahmet-polat-6801145.jpg","articleSection":["Hist\u00f3ria"],"inLanguage":"pt-BR"},{"@type":"WebPage","@id":"https:\/\/vestibulares.estrategia.com\/portal\/materias\/historia\/pacto-colonial\/","url":"https:\/\/vestibulares.estrategia.com\/portal\/materias\/historia\/pacto-colonial\/","name":"Pacto colonial: contexto hist\u00f3rico e defini\u00e7\u00f5es","isPartOf":{"@id":"https:\/\/vestibulares.estrategia.com\/portal\/#website"},"primaryImageOfPage":{"@id":"https:\/\/vestibulares.estrategia.com\/portal\/materias\/historia\/pacto-colonial\/#primaryimage"},"image":{"@id":"https:\/\/vestibulares.estrategia.com\/portal\/materias\/historia\/pacto-colonial\/#primaryimage"},"thumbnailUrl":"https:\/\/vestibulares.estrategia.com\/portal\/wp-content\/uploads\/2023\/04\/pexels-ahmet-polat-6801145.jpg","datePublished":"2023-04-18T01:06:22+00:00","dateModified":"2023-07-28T14:31:32+00:00","description":"Pacto colonial \u00e9 o nome de uma pol\u00edtica da \u00e9poca mercantilista, que associava duas ou mais regi\u00f5es de forma hier\u00e1rquica. Conhe\u00e7a mais agora!","breadcrumb":{"@id":"https:\/\/vestibulares.estrategia.com\/portal\/materias\/historia\/pacto-colonial\/#breadcrumb"},"inLanguage":"pt-BR","potentialAction":[{"@type":"ReadAction","target":["https:\/\/vestibulares.estrategia.com\/portal\/materias\/historia\/pacto-colonial\/"]}]},{"@type":"ImageObject","inLanguage":"pt-BR","@id":"https:\/\/vestibulares.estrategia.com\/portal\/materias\/historia\/pacto-colonial\/#primaryimage","url":"https:\/\/vestibulares.estrategia.com\/portal\/wp-content\/uploads\/2023\/04\/pexels-ahmet-polat-6801145.jpg","contentUrl":"https:\/\/vestibulares.estrategia.com\/portal\/wp-content\/uploads\/2023\/04\/pexels-ahmet-polat-6801145.jpg","width":1280,"height":800},{"@type":"BreadcrumbList","@id":"https:\/\/vestibulares.estrategia.com\/portal\/materias\/historia\/pacto-colonial\/#breadcrumb","itemListElement":[{"@type":"ListItem","position":1,"name":"Home","item":"https:\/\/vestibulares.estrategia.com\/portal\/"},{"@type":"ListItem","position":2,"name":"Mat\u00e9rias","item":"https:\/\/vestibulares.estrategia.com\/portal\/materias\/"},{"@type":"ListItem","position":3,"name":"Hist\u00f3ria","item":"https:\/\/vestibulares.estrategia.com\/portal\/materias\/historia\/"},{"@type":"ListItem","position":4,"name":"Pacto colonial: contexto hist\u00f3rico e defini\u00e7\u00f5es"}]},{"@type":"WebSite","@id":"https:\/\/vestibulares.estrategia.com\/portal\/#website","url":"https:\/\/vestibulares.estrategia.com\/portal\/","name":"Estrat\u00e9gia Vestibulares","description":"","publisher":{"@id":"https:\/\/vestibulares.estrategia.com\/portal\/#organization"},"potentialAction":[{"@type":"SearchAction","target":{"@type":"EntryPoint","urlTemplate":"https:\/\/vestibulares.estrategia.com\/portal\/?s={search_term_string}"},"query-input":{"@type":"PropertyValueSpecification","valueRequired":true,"valueName":"search_term_string"}}],"inLanguage":"pt-BR"},{"@type":"Organization","@id":"https:\/\/vestibulares.estrategia.com\/portal\/#organization","name":"Estrat\u00e9gia Vestibulares","url":"https:\/\/vestibulares.estrategia.com\/portal\/","logo":{"@type":"ImageObject","inLanguage":"pt-BR","@id":"https:\/\/vestibulares.estrategia.com\/portal\/#\/schema\/logo\/image\/","url":"https:\/\/vestibulares.estrategia.com\/portal\/wp-content\/uploads\/2021\/06\/Logo-Vestibulares@4x.png","contentUrl":"https:\/\/vestibulares.estrategia.com\/portal\/wp-content\/uploads\/2021\/06\/Logo-Vestibulares@4x.png","width":250,"height":66,"caption":"Estrat\u00e9gia Vestibulares"},"image":{"@id":"https:\/\/vestibulares.estrategia.com\/portal\/#\/schema\/logo\/image\/"},"sameAs":["https:\/\/facebook.com\/estrategiavestibulares","https:\/\/x.com\/Estrategiavest","https:\/\/www.instagram.com\/estrategiavestibulares","https:\/\/www.youtube.com\/channel\/UCGWdZy8ULI-7_5GrABa4vNA"]},{"@type":"Person","@id":"https:\/\/vestibulares.estrategia.com\/portal\/#\/schema\/person\/c3c8aff2b0e78cda59fba186b818b7b1","name":"Kauane Elias","image":{"@type":"ImageObject","inLanguage":"pt-BR","@id":"https:\/\/vestibulares.estrategia.com\/portal\/#\/schema\/person\/image\/","url":"https:\/\/secure.gravatar.com\/avatar\/81836e2e844ccd58ea28aa1cf206f0c2?s=96&d=mm&r=g","contentUrl":"https:\/\/secure.gravatar.com\/avatar\/81836e2e844ccd58ea28aa1cf206f0c2?s=96&d=mm&r=g","caption":"Kauane Elias"},"description":"Medicina - Unicamp. F\u00e9. \"Um mundo melhor come\u00e7a na transforma\u00e7\u00e3o do pr\u00f3prio mundo!\"","url":"https:\/\/vestibulares.estrategia.com\/portal\/author\/kauane\/"}]}},"_wl_alt_label":[],"wl:entity_url":"https:\/\/data.wordlift.io\/wl110249\/post\/pacto-colonial","_links":{"self":[{"href":"https:\/\/vestibulares.estrategia.com\/portal\/wp-json\/wp\/v2\/posts\/90091","targetHints":{"allow":["GET"]}}],"collection":[{"href":"https:\/\/vestibulares.estrategia.com\/portal\/wp-json\/wp\/v2\/posts"}],"about":[{"href":"https:\/\/vestibulares.estrategia.com\/portal\/wp-json\/wp\/v2\/types\/post"}],"author":[{"embeddable":true,"href":"https:\/\/vestibulares.estrategia.com\/portal\/wp-json\/wp\/v2\/users\/23"}],"replies":[{"embeddable":true,"href":"https:\/\/vestibulares.estrategia.com\/portal\/wp-json\/wp\/v2\/comments?post=90091"}],"version-history":[{"count":2,"href":"https:\/\/vestibulares.estrategia.com\/portal\/wp-json\/wp\/v2\/posts\/90091\/revisions"}],"predecessor-version":[{"id":96189,"href":"https:\/\/vestibulares.estrategia.com\/portal\/wp-json\/wp\/v2\/posts\/90091\/revisions\/96189"}],"wp:featuredmedia":[{"embeddable":true,"href":"https:\/\/vestibulares.estrategia.com\/portal\/wp-json\/wp\/v2\/media\/90088"}],"wp:attachment":[{"href":"https:\/\/vestibulares.estrategia.com\/portal\/wp-json\/wp\/v2\/media?parent=90091"}],"wp:term":[{"taxonomy":"category","embeddable":true,"href":"https:\/\/vestibulares.estrategia.com\/portal\/wp-json\/wp\/v2\/categories?post=90091"},{"taxonomy":"post_tag","embeddable":true,"href":"https:\/\/vestibulares.estrategia.com\/portal\/wp-json\/wp\/v2\/tags?post=90091"},{"taxonomy":"wl_entity_type","embeddable":true,"href":"https:\/\/vestibulares.estrategia.com\/portal\/wp-json\/wp\/v2\/wl_entity_type?post=90091"}],"curies":[{"name":"wp","href":"https:\/\/api.w.org\/{rel}","templated":true}]}}