{"id":90340,"date":"2023-04-26T14:52:51","date_gmt":"2023-04-26T17:52:51","guid":{"rendered":"https:\/\/vestibulares.estrategia.com\/portal\/?p=90340"},"modified":"2023-07-28T10:30:12","modified_gmt":"2023-07-28T13:30:12","slug":"fusos-horarios","status":"publish","type":"post","link":"https:\/\/vestibulares.estrategia.com\/portal\/materias\/geografia\/fusos-horarios\/","title":{"rendered":"Fusos hor\u00e1rios: defini\u00e7\u00e3o, calcular e fusos do Brasil"},"content":{"rendered":"<p>Os fusos hor&aacute;rios s&atilde;o padroniza&ccedil;&otilde;es para a contagem de tempo ao redor do mundo e que parte de um hor&aacute;rio principal. &Eacute; assim que as rela&ccedil;&otilde;es comerciais entre pa&iacute;ses de regi&otilde;es do globo terrestre podem se estabelecer, por exemplo.&nbsp;<p>Neste artigo, conhe&ccedil;a mais sobre a defini&ccedil;&atilde;o de fuso hor&aacute;rio, como eles s&atilde;o divididos ao redor da Terra, qual o par&acirc;metro utilizado, como s&atilde;o os fusos brasileiros e, ainda, quest&otilde;es de vestibulares resolvidas sobre isso. Vamos l&aacute;?<\/p><div id=\"ez-toc-container\" class=\"ez-toc-v2_0_76 counter-hierarchy ez-toc-counter ez-toc-transparent ez-toc-container-direction\">\n<div class=\"ez-toc-title-container\"><p class=\"ez-toc-title\" style=\"cursor:inherit\">Navegue pelo conte\u00fado<\/p>\n<\/div><nav><ul class='ez-toc-list ez-toc-list-level-1 ' ><li class='ez-toc-page-1 ez-toc-heading-level-2'><a class=\"ez-toc-link ez-toc-heading-1\" href=\"https:\/\/vestibulares.estrategia.com\/portal\/materias\/geografia\/fusos-horarios\/#O-que-sao-fusos-horarios\" >O que s&atilde;o fusos hor&aacute;rios?<\/a><\/li><li class='ez-toc-page-1 ez-toc-heading-level-2'><a class=\"ez-toc-link ez-toc-heading-2\" href=\"https:\/\/vestibulares.estrategia.com\/portal\/materias\/geografia\/fusos-horarios\/#Como-calcular-o-fuso-horario\" >Como calcular o fuso hor&aacute;rio?<\/a><\/li><li class='ez-toc-page-1 ez-toc-heading-level-2'><a class=\"ez-toc-link ez-toc-heading-3\" href=\"https:\/\/vestibulares.estrategia.com\/portal\/materias\/geografia\/fusos-horarios\/#Quais-sao-os-fusos-horarios-do-Brasil\" >Quais s&atilde;o os fusos hor&aacute;rios do Brasil<\/a><\/li><li class='ez-toc-page-1 ez-toc-heading-level-2'><a class=\"ez-toc-link ez-toc-heading-4\" href=\"https:\/\/vestibulares.estrategia.com\/portal\/materias\/geografia\/fusos-horarios\/#Exercicios-resolvidos\" >Exerc&iacute;cios resolvidos<\/a><\/li><li class='ez-toc-page-1 ez-toc-heading-level-2'><a class=\"ez-toc-link ez-toc-heading-5\" href=\"https:\/\/vestibulares.estrategia.com\/portal\/materias\/geografia\/fusos-horarios\/#Estude-com-o-Estrategia-Vestibulares\" >Estude com o Estrat&eacute;gia Vestibulares!<\/a><\/li><\/ul><\/nav><\/div>\n<h2 class=\"wp-block-heading\" id=\"h-o-que-sao-fusos-horarios\"><span class=\"ez-toc-section\" id=\"O-que-sao-fusos-horarios\"><\/span>O que s&atilde;o fusos hor&aacute;rios?<span class=\"ez-toc-section-end\"><\/span><\/h2><p>Um fuso hor&aacute;rio &eacute; uma por&ccedil;&atilde;o delimitada do globo terrestre, trata-se de uma divis&atilde;o longitudinal (de cima para baixo). Os limites do fuso s&atilde;o definidos por meio dos meridianos, que s&atilde;o as linhas longitudinais do mapa mundial.&nbsp;<\/p><p>Os fusos est&atilde;o estabelecidos em uma faixa de 15&ordm;, ent&atilde;o os meridianos limitadores s&atilde;o m&uacute;ltiplos de 15. Como a Terra tem 360&ordm; de circunfer&ecirc;ncia, haver&atilde;o exatamente 360\/15 = 24 fusos hor&aacute;rios em todo o globo.&nbsp;<\/p><p>Essa divis&atilde;o faz sentido com a quantidade de horas que existem em um dia no planeta Terra. Lembre-se ainda, que a rota&ccedil;&atilde;o di&aacute;ria da Terra faz com que haja 12h de escuro e 12h de claridade em cada por&ccedil;&atilde;o do planeta.&nbsp;<\/p><p>Mas, &agrave; medida que o movimento rotacional acontece, a luz viaja de um pa&iacute;s para o outro. Isso explica, por exemplo, o porque o Jap&atilde;o ter uma diferen&ccedil;a de 12 horas do Brasil. Quando est&aacute; dia aqui, o sol n&atilde;o chega at&eacute; as terras japonesas, no momento em que a luz incide sobre o pa&iacute;s asi&aacute;tico, j&aacute; n&atilde;o h&aacute; mais raios solares no Brasil.&nbsp;<\/p><p>Nesse sentido, os fusos hor&aacute;rios surgem como uma forma de padronizar a contagem de horas no mundo. Em uma sociedade globalizada, isso &eacute; importante para manter o contato entre diferentes na&ccedil;&otilde;es, apesar das diferen&ccedil;as de hor&aacute;rio.&nbsp;<\/p><p>Ao mesmo tempo, as grandes multinacionais se beneficiam desse sistema de contagem de horas, porque as rela&ccedil;&otilde;es comerciais podem ser programadas, mesmo que existam diferen&ccedil;as gritantes entre o fuso hor&aacute;rio de um pa&iacute;s para o outro.&nbsp;<\/p><p>+ Veja mais: <strong><a href=\"https:\/\/vestibulares.estrategia.com\/portal\/materias\/geografia\/coordenadas-geograficas\/\" target=\"_blank\">Coordenadas Geogr&aacute;ficas: paralelos, meridianos e import&acirc;ncias<\/a><\/strong><\/p><h3 class=\"wp-block-heading\" id=\"h-fusos-horarios-do-mundo\">Fusos hor&aacute;rios do mundo<\/h3><div class=\"wp-block-image\">\n<figure class=\"aligncenter size-full\"><img decoding=\"async\" width=\"640\" height=\"328\" src=\"https:\/\/vestibulares.estrategia.com\/portal\/wp-content\/uploads\/2023\/04\/image-11.png\" alt=\"Fusos hor&aacute;rios do mundo\" class=\"wp-image-90342\"><figcaption class=\"wp-element-caption\">Imagem: Reprodu&ccedil;&atilde;o\/Wikimedia<\/figcaption><\/figure><\/div><p>O par&acirc;metro para a cria&ccedil;&atilde;o dos fusos hor&aacute;rios &eacute; o meridiano de Greenwich, que marca exatos 0&ordm; de circunfer&ecirc;ncia. Ele faz a divis&atilde;o do primeiro fuso bem em seu meio, ou seja, h&aacute; 7,5&ordm; para oeste e 7,5&ordm; para o leste.&nbsp;<\/p><p>A linha de Greenwich passa pela cidade de Londres e, por isso, o hor&aacute;rio da cidade &eacute; utilizado como padr&atilde;o mundial. A hora londrina &eacute; o marco inicial e os pr&oacute;ximos fusos ter&atilde;o horas a mais ou menos do que em Greenwich (GMT).<\/p><p>Se dissermos que uma cidade est&aacute; em um hor&aacute;rio GMT +9, significa que as horas est&atilde;o sempre 9 horas a mais do que o observado no marco zero. Ent&atilde;o, quando for 12h00 na cidade inglesa, ser&atilde;o 21h00 nesta cidade.&nbsp;<\/p><p>Toda a teoria e defini&ccedil;&otilde;es sobre <a href=\"https:\/\/www.youtube.com\/watch?v=QkzIdWeOOG0&amp;pp=ygUkZXN0cmF0ZWdpYSB2ZXN0aWJ1bGFyZXMgZnVzbyBob3Jhcmlv\" target=\"_blank\">fusos hor&aacute;rios<\/a> foi estabelecida de forma legal e deve ser considerada em alguns contextos, mas no cotidiano dos pa&iacute;ses essa realidade &eacute; diferente. Apesar de o fuso hor&aacute;rio delimitar as regi&otilde;es geogr&aacute;ficas para cada faixa de hor&aacute;rio, &agrave;s vezes &eacute; necess&aacute;rio incluir ou excluir determinada por&ccedil;&atilde;o de terra naquele fuso.<\/p><p>&Eacute; o caso, por exemplo, dos estados brasileiros que n&atilde;o seguem perfeitamente a linha longitudinal dos meridianos. Na verdade, aqui, a divis&atilde;o dos fusos hor&aacute;rios &eacute; feita por estado, para ter uma padroniza&ccedil;&atilde;o nacional mais facilitada &mdash; esse conceito &eacute; conhecido como hora oficial, porque embora n&atilde;o siga legalmente as divis&otilde;es, &eacute; utilizada no dia a dia.<\/p><h2 class=\"wp-block-heading\" id=\"h-como-calcular-o-fuso-horario\"><span class=\"ez-toc-section\" id=\"Como-calcular-o-fuso-horario\"><\/span>Como calcular o fuso hor&aacute;rio?<span class=\"ez-toc-section-end\"><\/span><\/h2><p>O fuso hor&aacute;rio de uma regi&atilde;o &eacute; calculado ao contar sua dist&acirc;ncia em graus do marco zero, em Greenwich. Quando essa parte da terra est&aacute; mais &agrave; leste de Londres, deve-se considerar que as horas ali s&atilde;o adiantadas. Se, por outro lado, estiver na dire&ccedil;&atilde;o Oeste, o hor&aacute;rio &eacute; atrasado em rela&ccedil;&atilde;o aos londrinos.&nbsp;<\/p><p>Por exemplo, o Brasil fica localizado no lado oeste de Londres, ent&atilde;o estamos algumas horas atrasados. Isso &eacute; representado, em geral, por meio de um sinal negativo (n&uacute;mero de horas a subtrair, para encontrar o tempo correto). &Eacute; o caso do hor&aacute;rio de Bras&iacute;lia, que &eacute; GMT &ndash; 3, de forma que quando &eacute; 12h para os londrinos, ser&aacute; 9h para os brasilienses. Veja como calcular o fuso hor&aacute;rio no t&oacute;pico de exerc&iacute;cios resolvidos!<\/p><h2 class=\"wp-block-heading\" id=\"h-quais-sao-os-fusos-horarios-do-brasil\"><span class=\"ez-toc-section\" id=\"Quais-sao-os-fusos-horarios-do-Brasil\"><\/span>Quais s&atilde;o os fusos hor&aacute;rios do Brasil<span class=\"ez-toc-section-end\"><\/span><\/h2><div class=\"wp-block-image\">\n<figure class=\"aligncenter size-full\"><img decoding=\"async\" width=\"410\" height=\"488\" src=\"https:\/\/vestibulares.estrategia.com\/portal\/wp-content\/uploads\/2023\/04\/image-10.png\" alt=\"Fusos hor&aacute;rios do Brasil\" class=\"wp-image-90341\"><figcaption class=\"wp-element-caption\">Imagem: Reprodu&ccedil;&atilde;o\/Wikimedia<\/figcaption><\/figure><\/div><p>O Brasil &eacute; um pa&iacute;s extenso, que corta 4 fusos hor&aacute;rios. Em geral, os meridianos cortam os estados no meio do territ&oacute;rio, ent&atilde;o ficou estabelecido que os hor&aacute;rios oficiais s&atilde;o definidos a partir das unidades federativas. Dessa forma:<\/p><ul class=\"wp-block-list\">\n<li>Ilha Fernando de Noronha (GMT-2);<\/li>\n\n\n\n<li>Hor&aacute;rio Padr&atilde;o de Bras&iacute;lia (GMT-3);<\/li>\n\n\n\n<li>Hor&aacute;rio Padr&atilde;o do Amazonas, Manaus &ndash; AM (GMT-4); e<\/li>\n\n\n\n<li>Hor&aacute;rio Padr&atilde;o do Acre, Rio Branco (GMT-5).<\/li>\n<\/ul><p>Isso significa que quando for 15h em Londres, ser&atilde;o:<\/p><ul class=\"wp-block-list\">\n<li>13h em Fernando de Noronha;<\/li>\n\n\n\n<li>12h em Bras&iacute;lia;<\/li>\n\n\n\n<li>11h no Amazonas; e&nbsp;<\/li>\n\n\n\n<li>10h no Acre.&nbsp;<\/li>\n<\/ul><p>Inclusive, &eacute; importante citar que o hor&aacute;rio oficial da na&ccedil;&atilde;o brasileira &eacute; o de Bras&iacute;lia, com 3 horas de atraso quando comparado &agrave; Greenwich (GMT-3).<\/p><h2 class=\"wp-block-heading\" id=\"h-exercicios-resolvidos\"><span class=\"ez-toc-section\" id=\"Exercicios-resolvidos\"><\/span>Exerc&iacute;cios resolvidos<span class=\"ez-toc-section-end\"><\/span><\/h2><p>(Enem) O sistema de fusos hor&aacute;rios foi proposto na Confer&ecirc;ncia Internacional do Meridiano, realizada em Washington, em 1884. Cada fuso corresponde a uma faixa de 15&ordm; entre dois meridianos. O meridiano de Greenwich foi escolhido para ser a linha mediana do fuso zero. Passando-se um meridiano pela linha mediana de cada fuso, enumeram-se 12 fusos para leste e 12 fusos para oeste do fuso zero, obtendo-se, assim, os 24 fusos e o sistema de zonas de horas. Para cada fuso a leste do fuso zero, soma-se 1 hora, e, para cada fuso a oeste do fuso zero, subtrai-se 1 hora.&nbsp;<\/p><p>A partir da Lei n.&deg; 11.662\/2008, o Brasil, que fica a oeste de Greenwich e tinha quatro fusos, passa a ter somente 3 fusos hor&aacute;rios. Em rela&ccedil;&atilde;o ao fuso zero, o Brasil abrange os fusos 2, 3 e 4. Por exemplo, Fernando de Noronha est&aacute; no fuso 2, o estado do Amap&aacute; est&aacute; no fuso 3 e o Acre, no fuso 4. A cidade de Pequim, que sediou os XXIX Jogos Ol&iacute;mpicos de Ver&atilde;o, fica a leste de Greenwich, no fuso 8.<\/p><p>Considerando-se que a cerim&ocirc;nia de abertura dos jogos tenha ocorrido &agrave;s 20h8 min, no hor&aacute;rio de Pequim, do dia 8 de agosto de 2008, a que horas os brasileiros que moram no estado do Amap&aacute; devem ter ligado seus televisores para assistir ao in&iacute;cio da cerim&ocirc;nia de abertura?<\/p><p><strong>A) 9h8 min, do dia 8 de agosto<\/strong><br>B) 12h8 min, do dia 8 de agosto<br>C) 15h8 min, do dia 8 de agosto<br>D) 1h8 min, do dia 9 de agosto<br>E) 4h8 min, do dia 9 de agosto<\/p><p>Se Pequim est&aacute; no fuso hor&aacute;rio 8, em dire&ccedil;&atilde;o leste, significa que o hor&aacute;rio l&aacute; &eacute; dado por:&nbsp;<\/p><p class=\"has-text-align-center\">hor&aacute;rio de Londres + 8h = hor&aacute;rio de Pequim<\/p><p class=\"has-text-align-center\">hor&aacute;rio de Londres + 8h = 20h8<\/p><p class=\"has-text-align-center\">hor&aacute;rio de Londres&nbsp; = 12h8<\/p><p>No Amap&aacute;, que fica ao oeste e no fuso de n&uacute;mero 3, deve-se entender que:<\/p><p class=\"has-text-align-center\">hor&aacute;rio de Londres &ndash; 3h = hor&aacute;rio do Amap&aacute;<\/p><p class=\"has-text-align-center\">12h8 &ndash; 3h = hor&aacute;rio do Amap&aacute;<\/p><p class=\"has-text-align-center\">9h8 = hor&aacute;rio do Amap&aacute;<\/p><p>(VUNESP 2018) No encerramento da temporada regular 2015-2016 da liga americana de basquete, o &iacute;dolo do Los Angeles Lakers, Kobe Bryant, despediu-se das quadras numa partida diante do Utah Jazz. O jogo foi realizado na Calif&oacute;rnia, que fica no fuso hor&aacute;rio 120&ordm; oeste, no dia 13.04.2016 &agrave;s 19h30 (hor&aacute;rio local).<\/p><p><em>(http:\/\/sportv.globo.com. Adaptado.)<\/em><\/p><p>Ciente de que os EUA utilizavam o hor&aacute;rio de ver&atilde;o, a &uacute;ltima atua&ccedil;&atilde;o do atleta foi transmitida ao vivo &agrave;s:<\/p><p>A) 22h30 do dia 13.04.2016 para o estado do Acre.<br>B) 21h30 do dia 13.04.2016 para a capital do Amazonas.<br>C) 00h30 do dia 14.04.2016 para o Distrito Federal.<br>D) 23h30 do dia 13.04.2016 para a cidade de S&atilde;o Paulo.<br>E) 01h30 do dia 14.04.2016 para o arquip&eacute;lago Fernando de Noronha.<\/p><p>O exerc&iacute;cio confere o grau do fuso hor&aacute;rio, que &eacute; de 120&ordm;. Como vimos, h&aacute; diferen&ccedil;a de uma hora entre as faixas de fuso, a cada 15&ordm;. Ent&atilde;o podemos fazer: 120\/15 = 8. Essa &eacute; a quantidade de horas que deve ser adicionada ou retirada do hor&aacute;rio da Calif&oacute;rnia, para chegar ao hor&aacute;rio de Londres. Como a Calif&oacute;rnia fica a oeste, significa que:<\/p><p>Hor&aacute;rio de Londres &ndash; 8h = Hor&aacute;rio da Calif&oacute;rnia<\/p><p>Lembre-se, entretanto, que o exerc&iacute;cio prop&otilde;e que os EUA estavam em hor&aacute;rio de ver&atilde;o, ou seja, uma hora adiantada. Isso significa que a diferen&ccedil;a de hor&aacute;rio deve ser corrigida da seguinte forma:<\/p><p>Hor&aacute;rio de Londres &ndash; 8h = Hor&aacute;rio de ver&atilde;o da Calif&oacute;rnia &ndash; 1h<\/p><p>Hor&aacute;rio de Londres &ndash; 8h = 19h30 &ndash; 1h<\/p><p>Hor&aacute;rio de Londres &ndash; 8h = 18h30<\/p><p><strong>Hor&aacute;rio de Londres = 2h30 do dia 14\/04\/23<\/strong><\/p><p>Agora, basta comparar esse valor conforme os fusos hor&aacute;rios definidos para o Brasil:<\/p><ul class=\"wp-block-list\">\n<li>Fernando de Noronha (GMT-2), ser&aacute; 0h30, do dia 14\/04\/23;<\/li>\n\n\n\n<li>Bras&iacute;lia (GMT-3), ser&aacute; 23h30, do dia 13\/04\/23;<\/li>\n\n\n\n<li>Amazonas, Manaus &ndash; AM (GMT-4), que ser&aacute; 22h30 do dia 13\/04\/23; e<\/li>\n\n\n\n<li>Acre, Rio Branco (GMT-5), que apresentar&aacute; hor&aacute;rio 21h30, no dia 13\/04\/23.<\/li>\n<\/ul><p>A cidade de S&atilde;o Paulo segue o hor&aacute;rio oficial de Bras&iacute;lia, ent&atilde;o a alternativa correta &eacute; a <strong>letra D<\/strong>.<\/p><h2 class=\"wp-block-heading\" id=\"h-estude-com-o-estrategia-vestibulares\"><span class=\"ez-toc-section\" id=\"Estude-com-o-Estrategia-Vestibulares\"><\/span>Estude com o Estrat&eacute;gia Vestibulares!<span class=\"ez-toc-section-end\"><\/span><\/h2><p>A Coruja trabalha para facilitar a sua aprova&ccedil;&atilde;o no vestibular: voc&ecirc; pode estudar quando, onde e como quiser. Voc&ecirc; pode ter o material impresso, acess&aacute;-lo digitalmente, assistir aulas onlines e gravas, responder a quest&otilde;es, tirar d&uacute;vidas, resolver simulados e at&eacute; mesmo estudar ouvindo por meio do cast do Estrat&eacute;gia. N&atilde;o perca tempo e clique no banner abaixo!<\/p><p>\n\n\n\n<a id=\"cta\" class=\"cta-imagem\" href=\"https:\/\/vestibulares.estrategia.com\/cursos\/\" target=\"blank\">\n                <img decoding=\"async\" width=\"100%\" src=\"https:\/\/vestibulares.estrategia.com\/portal\/wp-content\/uploads\/2021\/12\/EV2.jpg\" alt=\"CTA - Estrat\u00e9gia Vestibulares 2\" title=\"CTA - Estrat\u00e9gia Vestibulares 2\">\n        <\/a>\n\n\n\n\n<\/p><\/p>\n","protected":false},"excerpt":{"rendered":"Os fusos hor&aacute;rios s&atilde;o padroniza&ccedil;&otilde;es para a contagem de tempo ao redor do mundo e que parte de&hellip;\n","protected":false},"author":23,"featured_media":90347,"comment_status":"closed","ping_status":"closed","sticky":false,"template":"","format":"standard","meta":{"wl_entities_gutenberg":"","footnotes":""},"categories":[40],"tags":[],"wl_entity_type":[732],"class_list":{"0":"post-90340","1":"post","2":"type-post","3":"status-publish","4":"format-standard","5":"has-post-thumbnail","7":"category-geografia","8":"wl_entity_type-article"},"acf":[],"yoast_head":"<!-- This site is optimized with the Yoast SEO Premium plugin v25.9 (Yoast SEO v25.9) - https:\/\/yoast.com\/wordpress\/plugins\/seo\/ -->\n<title>Fusos hor\u00e1rios: defini\u00e7\u00e3o, calcular e fusos do Brasil<\/title>\n<meta name=\"description\" content=\"Os fusos hor\u00e1rios s\u00e3o padroniza\u00e7\u00f5es para a contagem de tempo ao redor do mundo e que parte de um hor\u00e1rio principal. Saiba mais!\" \/>\n<meta name=\"robots\" content=\"index, follow, max-snippet:-1, max-image-preview:large, max-video-preview:-1\" \/>\n<link rel=\"canonical\" href=\"https:\/\/vestibulares.estrategia.com\/portal\/materias\/geografia\/fusos-horarios\/\" \/>\n<meta property=\"og:locale\" content=\"pt_BR\" \/>\n<meta property=\"og:type\" content=\"article\" \/>\n<meta property=\"og:title\" content=\"Fusos hor\u00e1rios: defini\u00e7\u00e3o, calcular e fusos do Brasil\" \/>\n<meta property=\"og:description\" content=\"Os fusos hor\u00e1rios s\u00e3o padroniza\u00e7\u00f5es para a contagem de tempo ao redor do mundo e que parte de um hor\u00e1rio principal. Saiba mais!\" \/>\n<meta property=\"og:url\" content=\"https:\/\/vestibulares.estrategia.com\/portal\/materias\/geografia\/fusos-horarios\/\" \/>\n<meta property=\"og:site_name\" content=\"Estrat\u00e9gia Vestibulares\" \/>\n<meta property=\"article:publisher\" content=\"https:\/\/facebook.com\/estrategiavestibulares\" \/>\n<meta property=\"article:published_time\" content=\"2023-04-26T17:52:51+00:00\" \/>\n<meta property=\"article:modified_time\" content=\"2023-07-28T13:30:12+00:00\" \/>\n<meta property=\"og:image\" content=\"https:\/\/cdn.blog.estrategiavestibulares.com.br\/vestibulares\/wp-content\/uploads\/2023\/04\/pexels-miguel-a-padrinan-745365.jpg\" \/>\n\t<meta property=\"og:image:width\" content=\"1280\" \/>\n\t<meta property=\"og:image:height\" content=\"851\" \/>\n\t<meta property=\"og:image:type\" content=\"image\/jpeg\" \/>\n<meta name=\"author\" content=\"Kauane Elias\" \/>\n<meta name=\"twitter:card\" content=\"summary_large_image\" \/>\n<meta name=\"twitter:creator\" content=\"@Estrategiavest\" \/>\n<meta name=\"twitter:site\" content=\"@Estrategiavest\" \/>\n<meta name=\"twitter:label1\" content=\"Escrito por\" \/>\n\t<meta name=\"twitter:data1\" content=\"Kauane Elias\" \/>\n\t<meta name=\"twitter:label2\" content=\"Est. tempo de leitura\" \/>\n\t<meta name=\"twitter:data2\" content=\"8 minutos\" \/>\n<script type=\"application\/ld+json\" class=\"yoast-schema-graph\">{\"@context\":\"https:\/\/schema.org\",\"@graph\":[{\"@type\":\"Article\",\"@id\":\"https:\/\/vestibulares.estrategia.com\/portal\/materias\/geografia\/fusos-horarios\/#article\",\"isPartOf\":{\"@id\":\"https:\/\/vestibulares.estrategia.com\/portal\/materias\/geografia\/fusos-horarios\/\"},\"author\":{\"name\":\"Kauane Elias\",\"@id\":\"https:\/\/vestibulares.estrategia.com\/portal\/#\/schema\/person\/c3c8aff2b0e78cda59fba186b818b7b1\"},\"headline\":\"Fusos hor\u00e1rios: defini\u00e7\u00e3o, calcular e fusos do Brasil\",\"datePublished\":\"2023-04-26T17:52:51+00:00\",\"dateModified\":\"2023-07-28T13:30:12+00:00\",\"mainEntityOfPage\":{\"@id\":\"https:\/\/vestibulares.estrategia.com\/portal\/materias\/geografia\/fusos-horarios\/\"},\"wordCount\":1691,\"publisher\":{\"@id\":\"https:\/\/vestibulares.estrategia.com\/portal\/#organization\"},\"image\":{\"@id\":\"https:\/\/vestibulares.estrategia.com\/portal\/materias\/geografia\/fusos-horarios\/#primaryimage\"},\"thumbnailUrl\":\"https:\/\/vestibulares.estrategia.com\/portal\/wp-content\/uploads\/2023\/04\/pexels-miguel-a-padrinan-745365.jpg\",\"articleSection\":[\"Geografia\"],\"inLanguage\":\"pt-BR\"},{\"@type\":\"WebPage\",\"@id\":\"https:\/\/vestibulares.estrategia.com\/portal\/materias\/geografia\/fusos-horarios\/\",\"url\":\"https:\/\/vestibulares.estrategia.com\/portal\/materias\/geografia\/fusos-horarios\/\",\"name\":\"Fusos hor\u00e1rios: defini\u00e7\u00e3o, calcular e fusos do Brasil\",\"isPartOf\":{\"@id\":\"https:\/\/vestibulares.estrategia.com\/portal\/#website\"},\"primaryImageOfPage\":{\"@id\":\"https:\/\/vestibulares.estrategia.com\/portal\/materias\/geografia\/fusos-horarios\/#primaryimage\"},\"image\":{\"@id\":\"https:\/\/vestibulares.estrategia.com\/portal\/materias\/geografia\/fusos-horarios\/#primaryimage\"},\"thumbnailUrl\":\"https:\/\/vestibulares.estrategia.com\/portal\/wp-content\/uploads\/2023\/04\/pexels-miguel-a-padrinan-745365.jpg\",\"datePublished\":\"2023-04-26T17:52:51+00:00\",\"dateModified\":\"2023-07-28T13:30:12+00:00\",\"description\":\"Os fusos hor\u00e1rios s\u00e3o padroniza\u00e7\u00f5es para a contagem de tempo ao redor do mundo e que parte de um hor\u00e1rio principal. Saiba mais!\",\"breadcrumb\":{\"@id\":\"https:\/\/vestibulares.estrategia.com\/portal\/materias\/geografia\/fusos-horarios\/#breadcrumb\"},\"inLanguage\":\"pt-BR\",\"potentialAction\":[{\"@type\":\"ReadAction\",\"target\":[\"https:\/\/vestibulares.estrategia.com\/portal\/materias\/geografia\/fusos-horarios\/\"]}]},{\"@type\":\"ImageObject\",\"inLanguage\":\"pt-BR\",\"@id\":\"https:\/\/vestibulares.estrategia.com\/portal\/materias\/geografia\/fusos-horarios\/#primaryimage\",\"url\":\"https:\/\/vestibulares.estrategia.com\/portal\/wp-content\/uploads\/2023\/04\/pexels-miguel-a-padrinan-745365.jpg\",\"contentUrl\":\"https:\/\/vestibulares.estrategia.com\/portal\/wp-content\/uploads\/2023\/04\/pexels-miguel-a-padrinan-745365.jpg\",\"width\":1280,\"height\":851},{\"@type\":\"BreadcrumbList\",\"@id\":\"https:\/\/vestibulares.estrategia.com\/portal\/materias\/geografia\/fusos-horarios\/#breadcrumb\",\"itemListElement\":[{\"@type\":\"ListItem\",\"position\":1,\"name\":\"Home\",\"item\":\"https:\/\/vestibulares.estrategia.com\/portal\/\"},{\"@type\":\"ListItem\",\"position\":2,\"name\":\"Mat\u00e9rias\",\"item\":\"https:\/\/vestibulares.estrategia.com\/portal\/materias\/\"},{\"@type\":\"ListItem\",\"position\":3,\"name\":\"Geografia\",\"item\":\"https:\/\/vestibulares.estrategia.com\/portal\/materias\/geografia\/\"},{\"@type\":\"ListItem\",\"position\":4,\"name\":\"Fusos hor\u00e1rios: defini\u00e7\u00e3o, calcular e fusos do Brasil\"}]},{\"@type\":\"WebSite\",\"@id\":\"https:\/\/vestibulares.estrategia.com\/portal\/#website\",\"url\":\"https:\/\/vestibulares.estrategia.com\/portal\/\",\"name\":\"Estrat\u00e9gia Vestibulares\",\"description\":\"\",\"publisher\":{\"@id\":\"https:\/\/vestibulares.estrategia.com\/portal\/#organization\"},\"potentialAction\":[{\"@type\":\"SearchAction\",\"target\":{\"@type\":\"EntryPoint\",\"urlTemplate\":\"https:\/\/vestibulares.estrategia.com\/portal\/?s={search_term_string}\"},\"query-input\":{\"@type\":\"PropertyValueSpecification\",\"valueRequired\":true,\"valueName\":\"search_term_string\"}}],\"inLanguage\":\"pt-BR\"},{\"@type\":\"Organization\",\"@id\":\"https:\/\/vestibulares.estrategia.com\/portal\/#organization\",\"name\":\"Estrat\u00e9gia Vestibulares\",\"url\":\"https:\/\/vestibulares.estrategia.com\/portal\/\",\"logo\":{\"@type\":\"ImageObject\",\"inLanguage\":\"pt-BR\",\"@id\":\"https:\/\/vestibulares.estrategia.com\/portal\/#\/schema\/logo\/image\/\",\"url\":\"https:\/\/vestibulares.estrategia.com\/portal\/wp-content\/uploads\/2021\/06\/Logo-Vestibulares@4x.png\",\"contentUrl\":\"https:\/\/vestibulares.estrategia.com\/portal\/wp-content\/uploads\/2021\/06\/Logo-Vestibulares@4x.png\",\"width\":250,\"height\":66,\"caption\":\"Estrat\u00e9gia Vestibulares\"},\"image\":{\"@id\":\"https:\/\/vestibulares.estrategia.com\/portal\/#\/schema\/logo\/image\/\"},\"sameAs\":[\"https:\/\/facebook.com\/estrategiavestibulares\",\"https:\/\/x.com\/Estrategiavest\",\"https:\/\/www.instagram.com\/estrategiavestibulares\",\"https:\/\/www.youtube.com\/channel\/UCGWdZy8ULI-7_5GrABa4vNA\"]},{\"@type\":\"Person\",\"@id\":\"https:\/\/vestibulares.estrategia.com\/portal\/#\/schema\/person\/c3c8aff2b0e78cda59fba186b818b7b1\",\"name\":\"Kauane Elias\",\"image\":{\"@type\":\"ImageObject\",\"inLanguage\":\"pt-BR\",\"@id\":\"https:\/\/vestibulares.estrategia.com\/portal\/#\/schema\/person\/image\/\",\"url\":\"https:\/\/secure.gravatar.com\/avatar\/81836e2e844ccd58ea28aa1cf206f0c2?s=96&d=mm&r=g\",\"contentUrl\":\"https:\/\/secure.gravatar.com\/avatar\/81836e2e844ccd58ea28aa1cf206f0c2?s=96&d=mm&r=g\",\"caption\":\"Kauane Elias\"},\"description\":\"Medicina - Unicamp. F\u00e9. \\\"Um mundo melhor come\u00e7a na transforma\u00e7\u00e3o do pr\u00f3prio mundo!\\\"\",\"url\":\"https:\/\/vestibulares.estrategia.com\/portal\/author\/kauane\/\"}]}<\/script>\n<!-- \/ Yoast SEO Premium plugin. -->","yoast_head_json":{"title":"Fusos hor\u00e1rios: defini\u00e7\u00e3o, calcular e fusos do Brasil","description":"Os fusos hor\u00e1rios s\u00e3o padroniza\u00e7\u00f5es para a contagem de tempo ao redor do mundo e que parte de um hor\u00e1rio principal. Saiba mais!","robots":{"index":"index","follow":"follow","max-snippet":"max-snippet:-1","max-image-preview":"max-image-preview:large","max-video-preview":"max-video-preview:-1"},"canonical":"https:\/\/vestibulares.estrategia.com\/portal\/materias\/geografia\/fusos-horarios\/","og_locale":"pt_BR","og_type":"article","og_title":"Fusos hor\u00e1rios: defini\u00e7\u00e3o, calcular e fusos do Brasil","og_description":"Os fusos hor\u00e1rios s\u00e3o padroniza\u00e7\u00f5es para a contagem de tempo ao redor do mundo e que parte de um hor\u00e1rio principal. Saiba mais!","og_url":"https:\/\/vestibulares.estrategia.com\/portal\/materias\/geografia\/fusos-horarios\/","og_site_name":"Estrat\u00e9gia Vestibulares","article_publisher":"https:\/\/facebook.com\/estrategiavestibulares","article_published_time":"2023-04-26T17:52:51+00:00","article_modified_time":"2023-07-28T13:30:12+00:00","og_image":[{"width":1280,"height":851,"url":"https:\/\/cdn.blog.estrategiavestibulares.com.br\/vestibulares\/wp-content\/uploads\/2023\/04\/pexels-miguel-a-padrinan-745365.jpg","type":"image\/jpeg"}],"author":"Kauane Elias","twitter_card":"summary_large_image","twitter_creator":"@Estrategiavest","twitter_site":"@Estrategiavest","twitter_misc":{"Escrito por":"Kauane Elias","Est. tempo de leitura":"8 minutos"},"schema":{"@context":"https:\/\/schema.org","@graph":[{"@type":"Article","@id":"https:\/\/vestibulares.estrategia.com\/portal\/materias\/geografia\/fusos-horarios\/#article","isPartOf":{"@id":"https:\/\/vestibulares.estrategia.com\/portal\/materias\/geografia\/fusos-horarios\/"},"author":{"name":"Kauane Elias","@id":"https:\/\/vestibulares.estrategia.com\/portal\/#\/schema\/person\/c3c8aff2b0e78cda59fba186b818b7b1"},"headline":"Fusos hor\u00e1rios: defini\u00e7\u00e3o, calcular e fusos do Brasil","datePublished":"2023-04-26T17:52:51+00:00","dateModified":"2023-07-28T13:30:12+00:00","mainEntityOfPage":{"@id":"https:\/\/vestibulares.estrategia.com\/portal\/materias\/geografia\/fusos-horarios\/"},"wordCount":1691,"publisher":{"@id":"https:\/\/vestibulares.estrategia.com\/portal\/#organization"},"image":{"@id":"https:\/\/vestibulares.estrategia.com\/portal\/materias\/geografia\/fusos-horarios\/#primaryimage"},"thumbnailUrl":"https:\/\/vestibulares.estrategia.com\/portal\/wp-content\/uploads\/2023\/04\/pexels-miguel-a-padrinan-745365.jpg","articleSection":["Geografia"],"inLanguage":"pt-BR"},{"@type":"WebPage","@id":"https:\/\/vestibulares.estrategia.com\/portal\/materias\/geografia\/fusos-horarios\/","url":"https:\/\/vestibulares.estrategia.com\/portal\/materias\/geografia\/fusos-horarios\/","name":"Fusos hor\u00e1rios: defini\u00e7\u00e3o, calcular e fusos do Brasil","isPartOf":{"@id":"https:\/\/vestibulares.estrategia.com\/portal\/#website"},"primaryImageOfPage":{"@id":"https:\/\/vestibulares.estrategia.com\/portal\/materias\/geografia\/fusos-horarios\/#primaryimage"},"image":{"@id":"https:\/\/vestibulares.estrategia.com\/portal\/materias\/geografia\/fusos-horarios\/#primaryimage"},"thumbnailUrl":"https:\/\/vestibulares.estrategia.com\/portal\/wp-content\/uploads\/2023\/04\/pexels-miguel-a-padrinan-745365.jpg","datePublished":"2023-04-26T17:52:51+00:00","dateModified":"2023-07-28T13:30:12+00:00","description":"Os fusos hor\u00e1rios s\u00e3o padroniza\u00e7\u00f5es para a contagem de tempo ao redor do mundo e que parte de um hor\u00e1rio principal. Saiba mais!","breadcrumb":{"@id":"https:\/\/vestibulares.estrategia.com\/portal\/materias\/geografia\/fusos-horarios\/#breadcrumb"},"inLanguage":"pt-BR","potentialAction":[{"@type":"ReadAction","target":["https:\/\/vestibulares.estrategia.com\/portal\/materias\/geografia\/fusos-horarios\/"]}]},{"@type":"ImageObject","inLanguage":"pt-BR","@id":"https:\/\/vestibulares.estrategia.com\/portal\/materias\/geografia\/fusos-horarios\/#primaryimage","url":"https:\/\/vestibulares.estrategia.com\/portal\/wp-content\/uploads\/2023\/04\/pexels-miguel-a-padrinan-745365.jpg","contentUrl":"https:\/\/vestibulares.estrategia.com\/portal\/wp-content\/uploads\/2023\/04\/pexels-miguel-a-padrinan-745365.jpg","width":1280,"height":851},{"@type":"BreadcrumbList","@id":"https:\/\/vestibulares.estrategia.com\/portal\/materias\/geografia\/fusos-horarios\/#breadcrumb","itemListElement":[{"@type":"ListItem","position":1,"name":"Home","item":"https:\/\/vestibulares.estrategia.com\/portal\/"},{"@type":"ListItem","position":2,"name":"Mat\u00e9rias","item":"https:\/\/vestibulares.estrategia.com\/portal\/materias\/"},{"@type":"ListItem","position":3,"name":"Geografia","item":"https:\/\/vestibulares.estrategia.com\/portal\/materias\/geografia\/"},{"@type":"ListItem","position":4,"name":"Fusos hor\u00e1rios: defini\u00e7\u00e3o, calcular e fusos do Brasil"}]},{"@type":"WebSite","@id":"https:\/\/vestibulares.estrategia.com\/portal\/#website","url":"https:\/\/vestibulares.estrategia.com\/portal\/","name":"Estrat\u00e9gia Vestibulares","description":"","publisher":{"@id":"https:\/\/vestibulares.estrategia.com\/portal\/#organization"},"potentialAction":[{"@type":"SearchAction","target":{"@type":"EntryPoint","urlTemplate":"https:\/\/vestibulares.estrategia.com\/portal\/?s={search_term_string}"},"query-input":{"@type":"PropertyValueSpecification","valueRequired":true,"valueName":"search_term_string"}}],"inLanguage":"pt-BR"},{"@type":"Organization","@id":"https:\/\/vestibulares.estrategia.com\/portal\/#organization","name":"Estrat\u00e9gia Vestibulares","url":"https:\/\/vestibulares.estrategia.com\/portal\/","logo":{"@type":"ImageObject","inLanguage":"pt-BR","@id":"https:\/\/vestibulares.estrategia.com\/portal\/#\/schema\/logo\/image\/","url":"https:\/\/vestibulares.estrategia.com\/portal\/wp-content\/uploads\/2021\/06\/Logo-Vestibulares@4x.png","contentUrl":"https:\/\/vestibulares.estrategia.com\/portal\/wp-content\/uploads\/2021\/06\/Logo-Vestibulares@4x.png","width":250,"height":66,"caption":"Estrat\u00e9gia Vestibulares"},"image":{"@id":"https:\/\/vestibulares.estrategia.com\/portal\/#\/schema\/logo\/image\/"},"sameAs":["https:\/\/facebook.com\/estrategiavestibulares","https:\/\/x.com\/Estrategiavest","https:\/\/www.instagram.com\/estrategiavestibulares","https:\/\/www.youtube.com\/channel\/UCGWdZy8ULI-7_5GrABa4vNA"]},{"@type":"Person","@id":"https:\/\/vestibulares.estrategia.com\/portal\/#\/schema\/person\/c3c8aff2b0e78cda59fba186b818b7b1","name":"Kauane Elias","image":{"@type":"ImageObject","inLanguage":"pt-BR","@id":"https:\/\/vestibulares.estrategia.com\/portal\/#\/schema\/person\/image\/","url":"https:\/\/secure.gravatar.com\/avatar\/81836e2e844ccd58ea28aa1cf206f0c2?s=96&d=mm&r=g","contentUrl":"https:\/\/secure.gravatar.com\/avatar\/81836e2e844ccd58ea28aa1cf206f0c2?s=96&d=mm&r=g","caption":"Kauane Elias"},"description":"Medicina - Unicamp. F\u00e9. \"Um mundo melhor come\u00e7a na transforma\u00e7\u00e3o do pr\u00f3prio mundo!\"","url":"https:\/\/vestibulares.estrategia.com\/portal\/author\/kauane\/"}]}},"_wl_alt_label":[],"wl:entity_url":"https:\/\/data.wordlift.io\/wl110249\/post\/fusos-horarios","_links":{"self":[{"href":"https:\/\/vestibulares.estrategia.com\/portal\/wp-json\/wp\/v2\/posts\/90340","targetHints":{"allow":["GET"]}}],"collection":[{"href":"https:\/\/vestibulares.estrategia.com\/portal\/wp-json\/wp\/v2\/posts"}],"about":[{"href":"https:\/\/vestibulares.estrategia.com\/portal\/wp-json\/wp\/v2\/types\/post"}],"author":[{"embeddable":true,"href":"https:\/\/vestibulares.estrategia.com\/portal\/wp-json\/wp\/v2\/users\/23"}],"replies":[{"embeddable":true,"href":"https:\/\/vestibulares.estrategia.com\/portal\/wp-json\/wp\/v2\/comments?post=90340"}],"version-history":[{"count":2,"href":"https:\/\/vestibulares.estrategia.com\/portal\/wp-json\/wp\/v2\/posts\/90340\/revisions"}],"predecessor-version":[{"id":96124,"href":"https:\/\/vestibulares.estrategia.com\/portal\/wp-json\/wp\/v2\/posts\/90340\/revisions\/96124"}],"wp:featuredmedia":[{"embeddable":true,"href":"https:\/\/vestibulares.estrategia.com\/portal\/wp-json\/wp\/v2\/media\/90347"}],"wp:attachment":[{"href":"https:\/\/vestibulares.estrategia.com\/portal\/wp-json\/wp\/v2\/media?parent=90340"}],"wp:term":[{"taxonomy":"category","embeddable":true,"href":"https:\/\/vestibulares.estrategia.com\/portal\/wp-json\/wp\/v2\/categories?post=90340"},{"taxonomy":"post_tag","embeddable":true,"href":"https:\/\/vestibulares.estrategia.com\/portal\/wp-json\/wp\/v2\/tags?post=90340"},{"taxonomy":"wl_entity_type","embeddable":true,"href":"https:\/\/vestibulares.estrategia.com\/portal\/wp-json\/wp\/v2\/wl_entity_type?post=90340"}],"curies":[{"name":"wp","href":"https:\/\/api.w.org\/{rel}","templated":true}]}}