{"id":90704,"date":"2023-05-08T07:54:09","date_gmt":"2023-05-08T10:54:09","guid":{"rendered":"https:\/\/vestibulares.estrategia.com\/portal\/?p=90704"},"modified":"2023-05-08T12:29:56","modified_gmt":"2023-05-08T15:29:56","slug":"edital-enem-2023","status":"publish","type":"post","link":"https:\/\/vestibulares.estrategia.com\/portal\/enem-e-vestibulares\/enem\/edital-enem-2023\/","title":{"rendered":"Edital Enem 2023: datas, inscri\u00e7\u00f5es, provas; leia na \u00edntegra"},"content":{"rendered":"<p>O Instituto Nacional de Estudos e Pesquisas Educacionais An&iacute;sio de Teixeira (Inep) divulgou nesta segunda-feira (08) o edital do Enem 2023, a pr&oacute;xima edi&ccedil;&atilde;o do Exame Nacional do Ensino M&eacute;dio. <p>Dessa vez, apenas o edital do Enem Impresso foi divulgado, uma vez que o a atual gest&atilde;o decidiu <a href=\"https:\/\/vestibulares.estrategia.com\/portal\/noticias\/mec-extinguira-enem-digital-em-2023-veja-o-que-muda\/\" target=\"_blank\">extinguir o Enem Digital<\/a> &ldquo;devido aos &iacute;ndices elevados de absten&ccedil;&atilde;o e ao custo de aplica&ccedil;&atilde;o&rdquo;, de acordo com nota divulgada pelo Inep em mar&ccedil;o deste ano.<\/p><p>Confira abaixo as principais informa&ccedil;&otilde;es do edital do Enem 2023 e leia o edital na &iacute;ntegra:<\/p><div id=\"ez-toc-container\" class=\"ez-toc-v2_0_76 counter-hierarchy ez-toc-counter ez-toc-transparent ez-toc-container-direction\">\n<div class=\"ez-toc-title-container\"><p class=\"ez-toc-title\" style=\"cursor:inherit\">Navegue pelo conte\u00fado<\/p>\n<\/div><nav><ul class='ez-toc-list ez-toc-list-level-1 ' ><li class='ez-toc-page-1 ez-toc-heading-level-2'><a class=\"ez-toc-link ez-toc-heading-1\" href=\"https:\/\/vestibulares.estrategia.com\/portal\/enem-e-vestibulares\/enem\/edital-enem-2023\/#Qual-e-a-data-do-Enem-2023\" >Qual &eacute; a data do Enem 2023?<\/a><\/li><li class='ez-toc-page-1 ez-toc-heading-level-2'><a class=\"ez-toc-link ez-toc-heading-2\" href=\"https:\/\/vestibulares.estrategia.com\/portal\/enem-e-vestibulares\/enem\/edital-enem-2023\/#Quando-comecam-as-inscricoes-do-Enem-2023\" >Quando come&ccedil;am as inscri&ccedil;&otilde;es do Enem 2023?<\/a><\/li><li class='ez-toc-page-1 ez-toc-heading-level-2'><a class=\"ez-toc-link ez-toc-heading-3\" href=\"https:\/\/vestibulares.estrategia.com\/portal\/enem-e-vestibulares\/enem\/edital-enem-2023\/#Qual-e-o-valor-da-taxa-de-inscricao-do-Enem-2023\" >Qual &eacute; o valor da taxa de inscri&ccedil;&atilde;o do Enem 2023?<\/a><\/li><li class='ez-toc-page-1 ez-toc-heading-level-2'><a class=\"ez-toc-link ez-toc-heading-4\" href=\"https:\/\/vestibulares.estrategia.com\/portal\/enem-e-vestibulares\/enem\/edital-enem-2023\/#O-uso-de-mascara-no-Enem-sera-obrigatorio\" >O uso de m&aacute;scara no Enem ser&aacute; obrigat&oacute;rio?<\/a><\/li><li class='ez-toc-page-1 ez-toc-heading-level-2'><a class=\"ez-toc-link ez-toc-heading-5\" href=\"https:\/\/vestibulares.estrategia.com\/portal\/enem-e-vestibulares\/enem\/edital-enem-2023\/#Qual-e-o-formato-da-redacao-do-Enem\" >Qual &eacute; o formato da reda&ccedil;&atilde;o do Enem?<\/a><\/li><li class='ez-toc-page-1 ez-toc-heading-level-2'><a class=\"ez-toc-link ez-toc-heading-6\" href=\"https:\/\/vestibulares.estrategia.com\/portal\/enem-e-vestibulares\/enem\/edital-enem-2023\/#Quando-sai-o-resultado-do-Enem-2023\" >Quando sai o resultado do Enem 2023?<\/a><\/li><li class='ez-toc-page-1 ez-toc-heading-level-2'><a class=\"ez-toc-link ez-toc-heading-7\" href=\"https:\/\/vestibulares.estrategia.com\/portal\/enem-e-vestibulares\/enem\/edital-enem-2023\/#Qual-e-o-calendario-do-Enem-2023\" >Qual &eacute; o calend&aacute;rio do Enem 2023?<\/a><\/li><li class='ez-toc-page-1 ez-toc-heading-level-2'><a class=\"ez-toc-link ez-toc-heading-8\" href=\"https:\/\/vestibulares.estrategia.com\/portal\/enem-e-vestibulares\/enem\/edital-enem-2023\/#Leia-o-edital-do-Enem-2023-na-integra\" >Leia o edital do Enem 2023 na &iacute;ntegra<\/a><\/li><li class='ez-toc-page-1 ez-toc-heading-level-2'><a class=\"ez-toc-link ez-toc-heading-9\" href=\"https:\/\/vestibulares.estrategia.com\/portal\/enem-e-vestibulares\/enem\/edital-enem-2023\/#Como-estudar-para-o-Enem-2023\" >Como estudar para o Enem 2023?<\/a><\/li><li class='ez-toc-page-1 ez-toc-heading-level-2'><a class=\"ez-toc-link ez-toc-heading-10\" href=\"https:\/\/vestibulares.estrategia.com\/portal\/enem-e-vestibulares\/enem\/edital-enem-2023\/#Saiba-mais-sobre-o-Enem\" >Saiba mais sobre o Enem<\/a><\/li><\/ul><\/nav><\/div>\n<h2 class=\"wp-block-heading\"><span class=\"ez-toc-section\" id=\"Qual-e-a-data-do-Enem-2023\"><\/span>Qual &eacute; a data do Enem 2023?<span class=\"ez-toc-section-end\"><\/span><\/h2><p>As provas ser&atilde;o aplicadas nos dias 5 e 12 de novembro de 2023.<\/p><h2 class=\"wp-block-heading\"><span class=\"ez-toc-section\" id=\"Quando-comecam-as-inscricoes-do-Enem-2023\"><\/span>Quando come&ccedil;am as inscri&ccedil;&otilde;es do Enem 2023?<span class=\"ez-toc-section-end\"><\/span><\/h2><p>As inscri&ccedil;&otilde;es do Enem come&ccedil;am no pr&oacute;ximo m&ecirc;s, no dia 5 de junho e v&atilde;o at&eacute; 16 de junho de 2023.<\/p><h2 class=\"wp-block-heading\"><span class=\"ez-toc-section\" id=\"Qual-e-o-valor-da-taxa-de-inscricao-do-Enem-2023\"><\/span>Qual &eacute; o valor da taxa de inscri&ccedil;&atilde;o do Enem 2023?<span class=\"ez-toc-section-end\"><\/span><\/h2><p>A taxa de inscri&ccedil;&atilde;o do Enem ser&aacute; R$ 85 (oitenta e cinco reais), assim como na edi&ccedil;&atilde;o anterior. Os candidatos que n&atilde;o garantiram a isen&ccedil;&atilde;o, dever&atilde;o realizar o pagamento do valor at&eacute; 21 de junho de 2023.<\/p><h2 class=\"wp-block-heading\" id=\"h-o-uso-de-mascara-no-enem-sera-obrigatorio\"><span class=\"ez-toc-section\" id=\"O-uso-de-mascara-no-Enem-sera-obrigatorio\"><\/span>O uso de m&aacute;scara no Enem ser&aacute; obrigat&oacute;rio?<span class=\"ez-toc-section-end\"><\/span><\/h2><p>Assim como na &uacute;ltima edi&ccedil;&atilde;o, o uso da m&aacute;scara s&oacute; ser&aacute; obrigat&oacute;rio nas cidades e estados que fizerem essa exig&ecirc;ncia, ou seja, caso o sua cidade ou estado tenham liberado o uso da m&aacute;scara facial em ambientes fechados, n&atilde;o ser&aacute; necess&aacute;rio o seu uso durante a realiza&ccedil;&atilde;o do exame.<\/p><h2 class=\"wp-block-heading\"><span class=\"ez-toc-section\" id=\"Qual-e-o-formato-da-redacao-do-Enem\"><\/span>Qual &eacute; o formato da reda&ccedil;&atilde;o do Enem?<span class=\"ez-toc-section-end\"><\/span><\/h2><p>O formato exigido ser&aacute; o texto&nbsp;<a href=\"https:\/\/vestibulares.estrategia.com\/portal\/redacao\/redacao-dissertativa-argumentativa\/\" target=\"_blank\">dissertativo-argumentativo<\/a>. O formato da reda&ccedil;&atilde;o &eacute; o mesmo desde de 2009.<\/p><h2 class=\"wp-block-heading\"><span class=\"ez-toc-section\" id=\"Quando-sai-o-resultado-do-Enem-2023\"><\/span>Quando sai o resultado do Enem 2023?<span class=\"ez-toc-section-end\"><\/span><\/h2><p>De acordo com o edital divulgado, o resultado do Enem 2023 ser&aacute; divulgado em 16 de janeiro de 2024.<\/p><h2 class=\"wp-block-heading\"><span class=\"ez-toc-section\" id=\"Qual-e-o-calendario-do-Enem-2023\"><\/span>Qual &eacute; o calend&aacute;rio do Enem 2023?<span class=\"ez-toc-section-end\"><\/span><\/h2><p>Confira o calend&aacute;rio do Enem 2022 com as datas divulgadas pelo edital oficial da prova:<\/p><ul class=\"wp-block-list\">\n<li>Inscri&ccedil;&otilde;es: 05\/06\/2023 a 16\/06\/2023<\/li>\n\n\n\n<li>Pagamento da taxa de inscri&ccedil;&atilde;o: 05\/06 a 21\/06\/2023<\/li>\n\n\n\n<li>Solicita&ccedil;&atilde;o de atendimento especializado: 05\/06 a 16\/06\/2023\n<ul class=\"wp-block-list\">\n<li>Resultado da solicita&ccedil;&atilde;o de atendimento especializado: 26\/06\/2023<\/li>\n<\/ul>\n<\/li>\n\n\n\n<li>Solicita&ccedil;&atilde;o de tratamento pelo nome social: 05\/06 a 16\/06\/2023\n<ul class=\"wp-block-list\">\n<li>Resultado da solicita&ccedil;&atilde;o de tratamento pelo nome social: 26\/06\/2023<\/li>\n<\/ul>\n<\/li>\n\n\n\n<li>Aplica&ccedil;&atilde;o do Enem 2023: 05\/11 e 12\/11\/2023<\/li>\n\n\n\n<li>Divulga&ccedil;&atilde;o do gabarito Enem 2023: 24\/11\/2023<\/li>\n\n\n\n<li>Resultado do Enem 2023: 16\/01\/2024<\/li>\n<\/ul><p>As datas de divulga&ccedil;&atilde;o do local de prova n&atilde;o foi divulgado pelo Inep.<\/p><p>Veja mais: <a href=\"https:\/\/vestibulares.estrategia.com\/portal\/enem\/calendario-enem\/\" target=\"_blank\">Calend&aacute;rio Enem 2023: datas, inscri&ccedil;&otilde;es, provas e resultado<\/a><\/p><h2 class=\"wp-block-heading\"><span class=\"ez-toc-section\" id=\"Leia-o-edital-do-Enem-2023-na-integra\"><\/span>Leia o edital do Enem 2023 na &iacute;ntegra<span class=\"ez-toc-section-end\"><\/span><\/h2><p class=\"has-text-align-center\"><em>EDITAL N&ordm; 30, DE 5 DE MAIO DE 2023<\/em><\/p><p>O PRESIDENTE DO INSTITUTO NACIONAL DE ESTUDOS E PESQUISAS EDUCACIONAIS AN&Iacute;SIO TEIXEIRA (INEP), no uso das atribui&ccedil;&otilde;es que lhe conferem o Decreto n&ordm; 11.204, de 21 de setembro de 2022, a Portaria n&ordm; 986, de 21 de dezembro de 2017, Portaria\/Inep n.&ordm; 304, de 1 de julho de 2022 tendo em vista o disposto na Portaria MEC n&ordm; 458, de 5 de maio de 2020, e no Edital n&deg; 20, de 22 de mar&ccedil;o de 2023, torna p&uacute;blica a realiza&ccedil;&atilde;o do Exame Nacional do Ensino M&eacute;dio (Enem) 2023.<\/p><h3 class=\"wp-block-heading\">1. DAS DISPOSI&Ccedil;&Otilde;ES PRELIMINARES<\/h3><p>1.1 Este Edital, regido pela Portaria MEC n&ordm; 458, de 2020, e pelo Edital n&deg; 20, de 22 de mar&ccedil;o de 2023, disp&otilde;e sobre as diretrizes, os procedimentos e os prazos para participa&ccedil;&atilde;o no Enem 2023.<\/p><p>1.2 O participante, antes de efetuar a sua inscri&ccedil;&atilde;o, dever&aacute; ler este Edital e os atos normativos nele mencionados, para certificar-se de que aceita todas as condi&ccedil;&otilde;es nele estabelecidas e que preenche todos os requisitos exigidos para a participa&ccedil;&atilde;o no Enem 2023.<\/p><p>1.3 O Enem 2023 cumprir&aacute; o seguinte cronograma:<\/p><figure class=\"wp-block-table is-style-stripes\"><table class=\"has-white-background-color has-background has-fixed-layout\"><tbody><tr><\/tr><tr><td class=\"has-text-align-center\" data-align=\"center\">Inscri&ccedil;&otilde;es<\/td><td class=\"has-text-align-center\" data-align=\"center\">5\/6 a 16\/6\/2023<\/td><\/tr><tr><td class=\"has-text-align-center\" data-align=\"center\">Pagamento da taxa de inscri&ccedil;&atilde;o<\/td><td class=\"has-text-align-center\" data-align=\"center\">5\/6 a 21\/6\/2023<\/td><\/tr><tr><td class=\"has-text-align-center\" data-align=\"center\">Atendimento Especializado e Tratamento pelo Nome Social<\/td><td class=\"has-text-align-center\" data-align=\"center\">Solicita&ccedil;&atilde;o<\/td><td class=\"has-text-align-center\" data-align=\"center\">5\/6 a 16\/6\/2023<\/td><\/tr><tr><td class=\"has-text-align-center\" data-align=\"center\"><\/td><td class=\"has-text-align-center\" data-align=\"center\">Resultado<\/td><td class=\"has-text-align-center\" data-align=\"center\">26\/6\/2023<\/td><\/tr><tr><td class=\"has-text-align-center\" data-align=\"center\"><\/td><td class=\"has-text-align-center\" data-align=\"center\">Recurso<\/td><td class=\"has-text-align-center\" data-align=\"center\">26\/6 a 30\/6\/2023<\/td><\/tr><tr><td class=\"has-text-align-center\" data-align=\"center\"><\/td><td class=\"has-text-align-center\" data-align=\"center\">Resultado do recurso<\/td><td class=\"has-text-align-center\" data-align=\"center\">5\/7\/2023<\/td><\/tr><tr><td class=\"has-text-align-center\" data-align=\"center\">Aplica&ccedil;&atilde;o<\/td><td class=\"has-text-align-center\" data-align=\"center\">5 e 12\/11\/2023<\/td><\/tr><tr><td class=\"has-text-align-center\" data-align=\"center\">Divulga&ccedil;&atilde;o do Gabarito<\/td><td class=\"has-text-align-center\" data-align=\"center\">24\/11\/2023<\/td><\/tr><tr><td class=\"has-text-align-center\" data-align=\"center\">Divulga&ccedil;&atilde;o do Resultado<\/td><td class=\"has-text-align-center\" data-align=\"center\">16\/01\/2024<\/td><\/tr><\/tbody><\/table><\/figure><p>1.4 O participante ausente no Enem 2022, que apresentou justificativa de aus&ecirc;ncia e teve sua solicita&ccedil;&atilde;o de isen&ccedil;&atilde;o da taxa de inscri&ccedil;&atilde;o para o Enem 2023 deferida, conforme Edital n&deg; 20, de 22 de mar&ccedil;o de 2023, dever&aacute; efetuar sua inscri&ccedil;&atilde;o para participar do Enem 2023, conforme item 5 deste Edital.<\/p><p>1.5 O participante que obtiver a isen&ccedil;&atilde;o da taxa de inscri&ccedil;&atilde;o do Enem 2023 e n&atilde;o comparecer &agrave;s provas nos dois dias de aplica&ccedil;&atilde;o dever&aacute; justificar sua aus&ecirc;ncia no sistema de isen&ccedil;&atilde;o do Enem 2024, se desejar solicitar nova isen&ccedil;&atilde;o para o Exame.<\/p><p>1.5.1 A justificativa dever&aacute; ser realizada mediante regras estabelecidas no edital do Enem 2024.<\/p><p>1.6 A inscri&ccedil;&atilde;o do Enem 2023 deve ser realizada pelo endere&ccedil;o &lt;enem.inep.gov.br\/participante&gt;, entre o dia 5 de junho de 2023 e as 23h59 do dia 16 de junho de 2023 (hor&aacute;rio de Bras&iacute;lia-DF).<\/p><p>1.7 A aplica&ccedil;&atilde;o do Enem 2023 seguir&aacute; o hor&aacute;rio de Bras&iacute;lia-DF, conforme descrito abaixo:<\/p><figure class=\"wp-block-table is-style-stripes\"><table class=\"has-white-background-color has-background has-fixed-layout\"><tbody><tr><\/tr><tr><td class=\"has-text-align-center\" data-align=\"center\">Abertura dos port&otilde;es<\/td><td class=\"has-text-align-center\" data-align=\"center\">12h<\/td><\/tr><tr><td class=\"has-text-align-center\" data-align=\"center\">Fechamento dos port&otilde;es<\/td><td class=\"has-text-align-center\" data-align=\"center\">13h<\/td><\/tr><tr><td class=\"has-text-align-center\" data-align=\"center\">In&iacute;cio das provas<\/td><td class=\"has-text-align-center\" data-align=\"center\">13h30<\/td><\/tr><tr><td class=\"has-text-align-center\" data-align=\"center\">T&eacute;rmino das provas 1&ordm; dia<\/td><td class=\"has-text-align-center\" data-align=\"center\">19h<\/td><\/tr><tr><td class=\"has-text-align-center\" data-align=\"center\">T&eacute;rmino das provas 2&ordm; dia<\/td><td class=\"has-text-align-center\" data-align=\"center\">18h30<\/td><\/tr><\/tbody><\/table><\/figure><p>1.8 O Enem 2023 ser&aacute; aplicado em todos os estados e no Distrito Federal.<\/p><p>1.8.1 Os munic&iacute;pios de aplica&ccedil;&atilde;o ser&atilde;o divulgados no sistema de inscri&ccedil;&atilde;o e no Portal do Inep, no endere&ccedil;o https:\/\/www.gov.br\/inep\/pt-br\/areas-de-atuacao\/avaliacao-e-exames-educacionais\/enem.<\/p><p>1.9 O Exame ser&aacute; aplicado por Institui&ccedil;&atilde;o Aplicadora contratada pelo Inep.<\/p><p>1.10 O Enem 2023 para adulto submetido &agrave; pena privativa de liberdade e adolescente sob medida socioeducativa, que inclua priva&ccedil;&atilde;o de liberdade (Enem PPL), ter&aacute; edital pr&oacute;prio, que ser&aacute; divulgado pelo Inep.<\/p><h3 class=\"wp-block-heading\">2. DOS OBJETIVOS<\/h3><p>2.1 O Enem tem como principal finalidade a avalia&ccedil;&atilde;o individual do desempenho do participante ao final do ensino m&eacute;dio, em cumprimento ao disposto no art. 206, inciso VII, e no art. 209, inciso II, ambos da Constitui&ccedil;&atilde;o Federal; no art. 9&ordm;, inciso VI, da Lei n&ordm; 9.394, de 20 de dezembro de 1996; no art. 1&ordm;, incisos II, IV, V, VII e VIII, da Lei n&ordm; 9.448, de 14 de mar&ccedil;o de 1997; e na Portaria MEC n&ordm; 458, de 2020.<\/p><p>2.2 Os resultados do Enem dever&atilde;o possibilitar:<\/p><p>2.2.1 a constitui&ccedil;&atilde;o de par&acirc;metros para a autoavalia&ccedil;&atilde;o do participante, com vistas &agrave; continuidade de sua forma&ccedil;&atilde;o e a sua inser&ccedil;&atilde;o no mercado de trabalho;<\/p><p>2.2.2 a cria&ccedil;&atilde;o de refer&ecirc;ncia nacional para o aperfei&ccedil;oamento dos curr&iacute;culos do ensino m&eacute;dio;<\/p><p>2.2.3 a utiliza&ccedil;&atilde;o do Exame como mecanismo &uacute;nico, alternativo ou complementar para acesso &agrave; educa&ccedil;&atilde;o superior, especialmente a ofertada pelas institui&ccedil;&otilde;es federais de educa&ccedil;&atilde;o superior;<\/p><p>2.2.4 o acesso a programas governamentais de financiamento ou apoio ao estudante da educa&ccedil;&atilde;o superior;<\/p><p>2.2.5 a sua utiliza&ccedil;&atilde;o como instrumento de sele&ccedil;&atilde;o para ingresso nos diferentes setores do mundo do trabalho; e<\/p><p>2.2.6 o desenvolvimento de estudos e indicadores sobre a educa&ccedil;&atilde;o brasileira.<\/p><p>2.3 A utiliza&ccedil;&atilde;o dos resultados individuais do Enem 2023 como mecanismo de acesso &agrave; educa&ccedil;&atilde;o superior ou em processos de sele&ccedil;&atilde;o nos diferentes setores do mundo do trabalho &eacute; facultativa.<\/p><p>2.4 De acordo com o art. 44, inciso II, da Lei n&ordm; 9.394, de 1996, o Inep define como &ldquo;treineiro&rdquo; no Enem 2023 o participante que:<\/p><p>a) concluir&aacute; o ensino m&eacute;dio ap&oacute;s o ano letivo de 2023;<\/p><p>b) n&atilde;o esteja cursando e n&atilde;o concluiu o ensino m&eacute;dio.<\/p><p>2.4.1 O participante &ldquo;treineiro&rdquo; estar&aacute; submetido &agrave;s mesmas regras que os demais participantes, exceto quanto &agrave; divulga&ccedil;&atilde;o dos resultados, que, por serem para fins de autoavalia&ccedil;&atilde;o de conhecimentos, ser&atilde;o divulgados 60 (sessenta) dias ap&oacute;s a divulga&ccedil;&atilde;o dos resultados do Exame.<\/p><p>2.4.2 Os resultados individuais n&atilde;o poder&atilde;o ser utilizados pelo participante &ldquo;treineiro&rdquo; para as finalidades descritas nos itens 2.2.3 e 2.2.4 deste Edital. O participante &ldquo;treineiro&rdquo; deve estar ciente de que sua participa&ccedil;&atilde;o no Enem 2023 visa somente &agrave; autoavalia&ccedil;&atilde;o.<\/p><p>2.4.3 O participante &ldquo;treineiro&rdquo; dever&aacute; declarar, em sistema, que tem ci&ecirc;ncia das condi&ccedil;&otilde;es descritas no item 2.4 deste Edital.<\/p><h3 class=\"wp-block-heading\">3. DA ESTRUTURA DO EXAME<\/h3><p>3.1 O Enem 2023 ser&aacute; estruturado a partir de matrizes de refer&ecirc;ncia dispon&iacute;veis no Portal do Inep, no endere&ccedil;o &lt;download.inep.gov.br\/download\/enem\/matriz_referencia.pdf&gt;.<\/p><p>3.2 O Exame ser&aacute; constitu&iacute;do de quatro provas objetivas e uma reda&ccedil;&atilde;o em L&iacute;ngua Portuguesa. Cada prova objetiva ter&aacute; 45 quest&otilde;es de m&uacute;ltipla escolha.<\/p><p>3.3 As provas objetivas e a reda&ccedil;&atilde;o avaliar&atilde;o as seguintes &aacute;reas de conhecimento do ensino m&eacute;dio e os respectivos componentes curriculares:<\/p><figure class=\"wp-block-table\"><table><tbody><tr><\/tr><tr><td><strong>&Aacute;reas de conhecimento<\/strong><\/td><td><strong>Componentes curriculares<\/strong><\/td><\/tr><tr><td>Linguagens, C&oacute;digos e suas Tecnologias e Reda&ccedil;&atilde;o<\/td><td>L&iacute;ngua Portuguesa, Literatura, L&iacute;ngua Estrangeira (Ingl&ecirc;s ou Espanhol), Artes, Educa&ccedil;&atilde;o F&iacute;sica e Tecnologias da Informa&ccedil;&atilde;o e Comunica&ccedil;&atilde;o<\/td><\/tr><tr><td>Ci&ecirc;ncias Humanas e suas Tecnologias<\/td><td>Hist&oacute;ria, Geografia, Filosofia e Sociologia<\/td><\/tr><tr><td>Ci&ecirc;ncias da Natureza e suas Tecnologias<\/td><td>Qu&iacute;mica, F&iacute;sica e Biologia<\/td><\/tr><tr><td>Matem&aacute;tica e suas Tecnologias<\/td><td>Matem&aacute;tica<\/td><\/tr><\/tbody><\/table><\/figure><p>3.4 No primeiro dia do Exame, ser&atilde;o aplicadas as provas de Linguagens, C&oacute;digos e suas Tecnologias e Reda&ccedil;&atilde;o e Ci&ecirc;ncias Humanas e suas Tecnologias. A aplica&ccedil;&atilde;o ter&aacute; 5 horas e 30 minutos de dura&ccedil;&atilde;o, contadas a partir da autoriza&ccedil;&atilde;o do chefe de sala para o in&iacute;cio das provas.<\/p><p>3.4.1 O participante responder&aacute; &agrave;s quest&otilde;es da prova de L&iacute;ngua Estrangeira (Ingl&ecirc;s ou Espanhol) escolhida na inscri&ccedil;&atilde;o.<\/p><p>3.5 No segundo dia do Exame, ser&atilde;o aplicadas as provas de Ci&ecirc;ncias da Natureza e suas Tecnologias e Matem&aacute;tica e suas Tecnologias. A aplica&ccedil;&atilde;o ter&aacute; 5 horas de dura&ccedil;&atilde;o, contadas a partir da autoriza&ccedil;&atilde;o do chefe de sala para o in&iacute;cio das provas.<\/p><h3 class=\"wp-block-heading\">4. DOS ATENDIMENTOS<\/h3><p>4.1 O Inep, nos termos da legisla&ccedil;&atilde;o, assegurar&aacute; o(s) recurso(s) de acessibilidade e\/ou tratamento pelo nome social para participantes que requeiram desde que comprovem a necessidade.<\/p><p>4.2 O participante que necessitar de atendimento especializado dever&aacute;, no ato da inscri&ccedil;&atilde;o:<\/p><p>4.2.1 Informar a(s) condi&ccedil;&atilde;o(&otilde;es) que motiva(m) a sua solicita&ccedil;&atilde;o: baixa vis&atilde;o, cegueira, vis&atilde;o monocular, defici&ecirc;ncia f&iacute;sica, defici&ecirc;ncia auditiva, surdez, defici&ecirc;ncia intelectual (mental), surdocegueira, dislexia, d&eacute;ficit de aten&ccedil;&atilde;o, transtorno do espectro autista, discalculia, gestante, lactante, idoso, estudante em classe hospitalar e\/ou outra condi&ccedil;&atilde;o espec&iacute;fica.<\/p><p>4.2.1.1 O participante que solicitar atendimento para cegueira, surdocegueira, baixa vis&atilde;o, vis&atilde;o monocular e\/ou outra condi&ccedil;&atilde;o espec&iacute;fica e tiver sua solicita&ccedil;&atilde;o confirmada pelo Inep poder&aacute; ser acompanhado por c&atilde;o-guia e utilizar material pr&oacute;prio: m&aacute;quina de escrever em braile, l&acirc;mina overlay, reglete, pun&ccedil;&atilde;o, sorob&atilde; ou cubaritmo, caneta de ponta grossa, tiposc&oacute;pio, assinador, &oacute;culos especiais, lupa, telelupa, lumin&aacute;ria, t&aacute;buas de apoio, multiplano, plano inclinado, medidor de glicose e bomba de insulina. Os recursos ser&atilde;o vistoriados pelo chefe de sala, exceto o c&atilde;o-guia, o medidor de glicose e a bomba de insulina.<\/p><p>4.2.1.2 O participante que solicitar atendimento para defici&ecirc;ncia auditiva, surdez ou surdocegueira dever&aacute; indicar o uso do aparelho auditivo ou implante coclear na inscri&ccedil;&atilde;o. Os recursos n&atilde;o ser&atilde;o vistoriados pelo chefe de sala.<\/p><p>4.2.1.3 O participante que solicitar atendimento para transtorno do espectro autista e tiver sua solicita&ccedil;&atilde;o confirmada pelo Inep poder&aacute; utilizar caneta transparente com tinta colorida para proceder marca&ccedil;&otilde;es em seu caderno de quest&otilde;es. No entanto, o Cart&atilde;o-Resposta dever&aacute; ser preenchido com caneta transparente de tinta preta, sob pena de inviabilizar a leitura &oacute;ptica e a corre&ccedil;&atilde;o de suas respostas e de seu texto de reda&ccedil;&atilde;o.<\/p><p>4.2.1.4 A participante que solicitar atendimento para lactante dever&aacute;, nos dois dias de realiza&ccedil;&atilde;o do Exame, levar um acompanhante adulto, conforme art. 5&ordm;, da Lei n&ordm; 10.406, de 10 de janeiro de 2002, e art. 3&ordm; da Lei n&ordm; 13.872, de 17 de setembro de 2019, que ficar&aacute; em sala reservada e ser&aacute; respons&aacute;vel pela guarda do lactente, ou seja, a participante lactante n&atilde;o poder&aacute; ter acesso &agrave; sala de provas acompanhada do lactente (a crian&ccedil;a).<\/p><p>4.2.1.4.1 O acompanhante da participante lactante n&atilde;o poder&aacute; ter acesso &agrave; sala de provas e dever&aacute; cumprir os itens 11.1.10 ao 11.1.14 deste Edital e ser submetido &agrave; revista eletr&ocirc;nica por meio do uso do detector de metais.<\/p><p>4.2.1.4.2 Durante a aplica&ccedil;&atilde;o das provas, qualquer contato entre a participante lactante e o respectivo acompanhante dever&aacute; ser presenciado por um fiscal.<\/p><p>4.2.1.4.3 N&atilde;o ser&aacute; permitida a entrada do lactente e do acompanhante ap&oacute;s o fechamento dos port&otilde;es.<\/p><p>4.2.1.5 O participante em situa&ccedil;&atilde;o de classe hospitalar &eacute; aquele cujo processo formal de escolariza&ccedil;&atilde;o ocorre no interior de institui&ccedil;&atilde;o hospitalar ou afim, na condi&ccedil;&atilde;o de estudante internado para tratamento de sa&uacute;de.<\/p><p>4.2.1.5.1 N&atilde;o &eacute; considerado participante em situa&ccedil;&atilde;o de classe hospitalar aquele que, nas datas de aplica&ccedil;&atilde;o do Enem 2023, estiver internado para realiza&ccedil;&atilde;o de partos, cirurgias ou tratamentos espor&aacute;dicos, bem como pessoas que trabalham na &aacute;rea hospitalar.<\/p><p>4.2.2 Solicitar o recurso de acessibilidade de que necessita, de acordo com as op&ccedil;&otilde;es apresentadas:<\/p><p>a) prova em braile &ndash; Prova escrita em sistema t&aacute;til, braile e destinada a participantes que tenham familiaridade com esse sistema de escrita;<\/p><p>b) tradutor int&eacute;rprete de L&iacute;ngua Brasileira de Sinais (Libras) &ndash; Profissional capacitado para utilizar a L&iacute;ngua Brasileira de Sinais na tradu&ccedil;&atilde;o das orienta&ccedil;&otilde;es gerais do Exame, atendendo a d&uacute;vidas espec&iacute;ficas de compreens&atilde;o da l&iacute;ngua portuguesa escrita, sem fazer a tradu&ccedil;&atilde;o integral da prova;<\/p><p>c) videoprova em Libras &ndash; Prova em v&iacute;deo traduzida em Libras;<\/p><p>d) prova com letra ampliada &ndash; Prova impressa com letra em tamanho 18 e imagens ampliadas;<\/p><p>e) prova com letra superampliada &ndash; Prova impressa com letra em tamanho 24 e imagens ampliadas;<\/p><p>f) cart&atilde;o-resposta ampliado (fonte de tamanho 18) &ndash; Cart&atilde;o-Resposta\/Folha de reda&ccedil;&atilde;o com letra em tamanho 18;<\/p><p>g) leitor de tela &ndash; Prova compat&iacute;vel com o software DosVox e NVDA;<\/p><p>h) guia-int&eacute;rprete &ndash; Profissional capacitado para mediar a intera&ccedil;&atilde;o entre o participante surdocego, a prova e os demais colaboradores envolvidos na aplica&ccedil;&atilde;o do Exame. &Eacute; permitida a tradu&ccedil;&atilde;o integral da prova;<\/p><p>i) aux&iacute;lio para leitura &ndash; Profissional capacitado para realizar a leitura de textos e descri&ccedil;&atilde;o de imagens;<\/p><p>j) aux&iacute;lio para transcri&ccedil;&atilde;o &ndash; Profissional capacitado para transcrever as respostas das provas objetivas e a reda&ccedil;&atilde;o;<\/p><p>k) leitura labial &ndash; Profissional capacitado na comunica&ccedil;&atilde;o oralizada de pessoas com defici&ecirc;ncia auditiva ou surdas que n&atilde;o se comunicam por Libras;<\/p><p>l) tempo adicional &ndash; Tempo adicional de 60 minutos em cada dia de aplica&ccedil;&atilde;o do Exame concedido caso o documento comprobat&oacute;rio seja aprovado;<\/p><p>m) calculadora &ndash; Recurso fornecido pelo Inep, caso o documento comprobat&oacute;rio seja aprovado;<\/p><p>n) sala de f&aacute;cil acesso &ndash; Sala com acessibilidade facilitada para utiliza&ccedil;&atilde;o por pessoas com mobilidade reduzida;<\/p><p>o) Apoio para pernas e p&eacute;s &ndash; Objeto para apoiar pernas e p&eacute;s;<\/p><p>p) Mesa para cadeira de rodas &ndash; Mesa acess&iacute;vel para cadeira de rodas;<\/p><p>q) Mesa e cadeira (sem bra&ccedil;os) &ndash; Mesa separada da cadeira (sem bra&ccedil;os).<\/p><p>4.2.2.1 A videoprova em Libras e a prova compat&iacute;vel com o software leitor de tela (DosVox e NVDA) ser&atilde;o disponibilizadas em m&iacute;dia eletr&ocirc;nica e ser&atilde;o executadas em um computador disponibilizado pelo Inep.<\/p><p>4.2.2.2 Se houver falha t&eacute;cnica na aplica&ccedil;&atilde;o da videoprova em Libras, nos dias de provas, ser&aacute; disponibilizada prova impressa e int&eacute;rprete de Libras para avisos gerais, comunica&ccedil;&atilde;o com a equipe de aplica&ccedil;&atilde;o e para sanar d&uacute;vidas do participante.<\/p><p>4.2.2.3 Se houver falha t&eacute;cnica na aplica&ccedil;&atilde;o da prova compat&iacute;vel com o software leitor de tela, nos dias de provas, ser&aacute; disponibilizada prova adaptada para ledores, que aplicar&atilde;o a prova ao participante.<\/p><p>4.2.2.4 O participante que comprove a condi&ccedil;&atilde;o de discalculia com documento aprovado pelo Inep ter&aacute; uma calculadora disponibilizada no dia de aplica&ccedil;&atilde;o da prova de Matem&aacute;tica e suas Tecnologias.<\/p><p>4.2.2.4.1 N&atilde;o ser&aacute; permitido que o participante utilize sua pr&oacute;pria calculadora.<\/p><p>4.2.3 Inserir documento leg&iacute;vel que comprove a condi&ccedil;&atilde;o que motiva a solicita&ccedil;&atilde;o de atendimento para ser considerado v&aacute;lido para an&aacute;lise, no qual devem conter:<\/p><p>a) nome completo do participante;<\/p><p>b) diagn&oacute;stico com a descri&ccedil;&atilde;o da condi&ccedil;&atilde;o que motivou a solicita&ccedil;&atilde;o e\/ou o c&oacute;digo correspondente &agrave; Classifica&ccedil;&atilde;o Internacional de Doen&ccedil;a (CID 10). Os casos espec&iacute;ficos ser&atilde;o tratados conforme itens 4.2.3.1 e 4.2.3.2;<\/p><p>c) assinatura e identifica&ccedil;&atilde;o do profissional competente, com respectivo registro no Conselho Regional de Medicina (CRM), no Minist&eacute;rio da Sa&uacute;de (RMS) ou em &oacute;rg&atilde;o competente.<\/p><p>4.2.3.1 O participante com transtorno funcional espec&iacute;fico (dislexia, discalculia e\/ou d&eacute;ficit de aten&ccedil;&atilde;o) poder&aacute; anexar declara&ccedil;&atilde;o ou parecer, com seu nome completo, e a descri&ccedil;&atilde;o do transtorno, emitido e assinado por entidade ou profissional habilitado, na &aacute;rea da sa&uacute;de ou similar e com a identifica&ccedil;&atilde;o da entidade e do profissional declarante.<\/p><p>4.2.3.2. A participante lactante dever&aacute; anexar a certid&atilde;o de nascimento do lactente (crian&ccedil;a) com idade inferior ou igual a 1 ano, no &uacute;ltimo dia de aplica&ccedil;&atilde;o do Exame ou documento comprobat&oacute;rio que ateste a gesta&ccedil;&atilde;o da participante, conforme item 4.2.3, deste Edital.<\/p><p>4.2.3.3 O documento do participante que solicitar tempo adicional dever&aacute; conter, al&eacute;m do estabelecido no item 4.2.3 deste Edital, a descri&ccedil;&atilde;o da necessidade de tempo adicional para a realiza&ccedil;&atilde;o do Exame, conforme condi&ccedil;&atilde;o, caracter&iacute;stica ou diagn&oacute;stico do participante, de acordo com a legisla&ccedil;&atilde;o vigente para concess&atilde;o de tempo adicional citada no item 4.5 deste Edital, exceto para a participante lactante que dever&aacute; atender ao disposto no item 4.2.3.2.<\/p><p>4.2.3.4 O participante em situa&ccedil;&atilde;o de classe hospitalar dever&aacute; anexar a declara&ccedil;&atilde;o do hospital em que estiver internado para tratamento de sa&uacute;de, informando a disponibilidade de instala&ccedil;&otilde;es adequadas para a aplica&ccedil;&atilde;o do Exame. A declara&ccedil;&atilde;o deve conter:<\/p><p>a) o nome completo do participante internado e o seu Cadastro de Pessoa F&iacute;sica (CPF);<\/p><p>b) o diagn&oacute;stico, com a descri&ccedil;&atilde;o da condi&ccedil;&atilde;o que motivou a solicita&ccedil;&atilde;o;<\/p><p>c) o nome e o endere&ccedil;o completo do hospital, com UF\/munic&iacute;pio, bairro, logradouro e CEP;<\/p><p>d) a assinatura e a identifica&ccedil;&atilde;o do m&eacute;dico e\/ou profissional especializado respons&aacute;vel.<\/p><p>4.2.3.5 O participante que enviou documento comprobat&oacute;rio, declara&ccedil;&atilde;o ou parecer, no Enem 2021 e 2022, e foi aprovado, de acordo com os crit&eacute;rios estabelecidos neste Edital, n&atilde;o precisar&aacute; anexar nova documenta&ccedil;&atilde;o, caso a solicita&ccedil;&atilde;o de Atendimento seja a mesma apresentada nesta edi&ccedil;&atilde;o, exceto para solicita&ccedil;&atilde;o de Atendimento em classe hospitalar e lactante.<\/p><p>4.3 N&atilde;o ser&aacute; aceita documenta&ccedil;&atilde;o ou solicita&ccedil;&atilde;o de atendimento especializado e\/ou tratamento pelo nome social fora do sistema e do per&iacute;odo de inscri&ccedil;&atilde;o, conforme item 1.3, mesmo que estejam em conformidade com os itens 4.2.3 e 4.6.1.2, exceto para os casos previstos no item 4.11 deste Edital.<\/p><p>4.4 O resultado da an&aacute;lise do documento comprobat&oacute;rio de que trata o item 4.2.3 e 4.2.3.4 deste Edital dever&aacute; ser consultado pelo endere&ccedil;o &lt;enem.inep.gov.br\/participante&gt;, a partir do dia 26 de junho de 2023.<\/p><p>4.4.1 Em caso de reprova&ccedil;&atilde;o da documenta&ccedil;&atilde;o anexada, o participante poder&aacute; solicitar recurso entre o dia 26 de junho de 2023 e as 23h59 do dia 30 de junho de 2023 (hor&aacute;rio de Bras&iacute;lia-DF), pelo endere&ccedil;o &lt;enem.inep.gov.br\/participante&gt;. O participante dever&aacute; inserir novo documento que comprove a necessidade do atendimento especializado.<\/p><p>4.4.1.1 O resultado do recurso da solicita&ccedil;&atilde;o de atendimento especializado dever&aacute; ser consultado no endere&ccedil;o &lt;enem.inep.gov.br\/participante&gt;, a partir do dia 5 de julho de 2023.<\/p><p>4.5 Se o documento, a declara&ccedil;&atilde;o ou o parecer que motivou a solicita&ccedil;&atilde;o de tempo adicional for aceito, o participante ter&aacute; direito ao tempo adicional de 60 (sessenta) minutos em cada dia do Exame, desde que o solicite no ato de inscri&ccedil;&atilde;o, de acordo com o disposto nos Decretos n&ordm; 3.298, de 20 de dezembro de 1999, n&ordm; 5.296, de 2 de dezembro de 2004, n&ordm; 6.949, de 25 de agosto de 2009, e n&ordm; 9.508, de 24 de setembro de 2018, e nas Leis n&ordm; 12.764, de 27 de dezembro de 2012, n&ordm; 13.146, de 6 de julho de 2015, n&ordm; 14.126, de 22 de mar&ccedil;o de 2021, e n&ordm; 13.872, de 2019, exceto para Atendimento em classe hospitalar.<\/p><p>4.5.1 N&atilde;o ser&aacute; concedido tempo adicional &agrave; participante lactante com solicita&ccedil;&atilde;o aprovada e que n&atilde;o compare&ccedil;a com o lactente e o acompanhante adulto, no local de provas, nos dias de realiza&ccedil;&atilde;o do Exame, ainda que tenha solicitado no ato da inscri&ccedil;&atilde;o.<\/p><p>4.5.2 O participante que solicitar o recurso de videoprova em Libras ter&aacute; o tempo adicional de at&eacute; 120 (cento e vinte) minutos em cada dia do Exame.<\/p><p>4.5.3 O participante que solicitar atendimento para surdez, defici&ecirc;ncia auditiva, surdocegueira, dislexia e\/ou transtorno do espectro autista ter&aacute; corre&ccedil;&atilde;o da reda&ccedil;&atilde;o diferenciada, conforme itens 13.9 e 13.10 deste Edital, caso o documento, a declara&ccedil;&atilde;o ou o parecer que motivou a solicita&ccedil;&atilde;o de atendimento especializado seja aceito.<\/p><p>4.5.4 O participante com o documento, a declara&ccedil;&atilde;o ou o parecer que motivou a solicita&ccedil;&atilde;o de atendimento especializado reprovado ter&aacute; os recursos de acessibilidade solicitados no ato da inscri&ccedil;&atilde;o, exceto o direito ao tempo adicional e a calculadora.<\/p><p>4.6 O tratamento pelo nome social &eacute; destinado &agrave; pessoa que se identifica e quer ser reconhecido socialmente em conson&acirc;ncia com sua identidade de g&ecirc;nero.<\/p><p>4.6.1 O participante que desejar tratamento pelo nome social poder&aacute;:<\/p><p>4.6.1.1 Confirm&aacute;-lo, ap&oacute;s sua inscri&ccedil;&atilde;o, na P&aacute;gina do Participante &lt;enem.inep.gov.br\/participante&gt;, entre o dia 5 de junho de 2023 e as 23h59 do dia 16 de junho de 2023 (hor&aacute;rio de Bras&iacute;lia-DF), caso apresente nome social cadastrado na Receita Federal.<\/p><p>4.6.1.1.1 O nome social cadastrado na Receita Federal n&atilde;o poder&aacute; ser alterado no sistema de inscri&ccedil;&atilde;o do Enem. Antes de realizar a inscri&ccedil;&atilde;o, o participante dever&aacute; verificar a correspond&ecirc;ncia dessas informa&ccedil;&otilde;es pessoais e, se for o caso, atualiz&aacute;-las na Receita Federal.<\/p><p>4.6.1.2 Solicit&aacute;-lo, ap&oacute;s sua inscri&ccedil;&atilde;o, na P&aacute;gina do Participante &lt;enem.inep.gov.br\/participante&gt;, entre o dia 5 de junho de 2023 e as 23h59 do dia 16 de junho de 2023 (hor&aacute;rio de Bras&iacute;lia-DF), caso n&atilde;o apresente nome social cadastrado na Receita Federal. Nesse caso, o participante dever&aacute; apresentar a comprova&ccedil;&atilde;o da condi&ccedil;&atilde;o que o motiva, conforme itens abaixo:<\/p><p>a) foto atual, n&iacute;tida, individual, colorida, com fundo branco que enquadre desde a cabe&ccedil;a at&eacute; os ombros, de rosto inteiro, sem o uso de &oacute;culos escuros e artigos de chapelaria (bon&eacute;, chap&eacute;u, viseira, gorro ou similares);<\/p><p>b) c&oacute;pia digitalizada, frente e verso, de um dos documentos de identifica&ccedil;&atilde;o oficiais com foto, v&aacute;lido, conforme item 10.2 deste Edital.<\/p><p>4.6.2 O resultado da an&aacute;lise da solicita&ccedil;&atilde;o de tratamento pelo nome social dever&aacute; ser consultado no endere&ccedil;o &lt;enem.inep.gov.br\/participante&gt;, a partir do dia 26 de junho de 2023.<\/p><p>4.6.3 Em caso de reprova&ccedil;&atilde;o da documenta&ccedil;&atilde;o anexada, o participante poder&aacute; solicitar recurso, entre o dia 26 de junho de 2023 e as 23h59 do dia 30 de junho de 2023 (hor&aacute;rio de Bras&iacute;lia-DF), pelo endere&ccedil;o &lt;enem.inep.gov.br\/participante&gt; e inserir novos documentos para an&aacute;lise.<\/p><p>4.6.3.1 O resultado do recurso do tratamento pelo nome social dever&aacute; ser consultado no endere&ccedil;o &lt;enem.inep.gov.br\/participante&gt;, a partir do dia 5 de julho de 2023.<\/p><p>4.6.4 Caso n&atilde;o realize a confirma&ccedil;&atilde;o dos dados ou a documenta&ccedil;&atilde;o enviada n&atilde;o esteja em conformidade com o item 4.6 deste Edital, o participante ser&aacute; identificado no Exame pelo nome civil.<\/p><p>4.7 O Inep n&atilde;o se responsabiliza pelo n&atilde;o recebimento da documenta&ccedil;&atilde;o por quaisquer motivos de ordem t&eacute;cnica dos aparelhos eletr&ocirc;nicos, falhas de comunica&ccedil;&atilde;o, congestionamento das linhas de comunica&ccedil;&atilde;o e\/ou procedimento indevido do participante, problemas de senha no Portal Gov.br, bem como por outros fatores que impossibilitem a transfer&ecirc;ncia de dados. &Eacute; de responsabilidade exclusiva do participante acompanhar a situa&ccedil;&atilde;o de seu atendimento e\/ou tratamento pelo nome social.<\/p><p>4.8 Toda a documenta&ccedil;&atilde;o de que trata o item 4 deve ser anexada e enviada em formato PDF, PNG ou JPG, com o tamanho m&aacute;ximo de 2MB.<\/p><p>4.9 O participante dever&aacute; prestar informa&ccedil;&otilde;es exatas e fidedignas no sistema de inscri&ccedil;&atilde;o quanto &agrave; condi&ccedil;&atilde;o que motiva a solicita&ccedil;&atilde;o de tratamento pelo nome social, atendimento especializado e\/ou de recurso de acessibilidade, sob pena de responder por crime contra a f&eacute; p&uacute;blica e de ser eliminado do Exame a qualquer tempo.<\/p><p>4.10 O Inep tem o direito de exigir, a qualquer momento, documentos que atestem a condi&ccedil;&atilde;o que motiva a solicita&ccedil;&atilde;o de atendimento especializado e\/ou tratamento pelo nome social.<\/p><p>4.11 O participante que necessitar de atendimento especializado devido acidentes ou casos fortuitos, ap&oacute;s o per&iacute;odo de inscri&ccedil;&atilde;o, dever&aacute; solicit&aacute;-lo via Central de Atendimento 0800 616161, em at&eacute; 10 (dez) dias antes da aplica&ccedil;&atilde;o do Exame.<\/p><p>4.11.1 S&atilde;o considerados casos fortuitos as situa&ccedil;&otilde;es em que a condi&ccedil;&atilde;o que enseja o atendimento ocorra em data posterior ao per&iacute;odo de inscri&ccedil;&atilde;o.<\/p><p>4.11.2 O Inep analisar&aacute; a situa&ccedil;&atilde;o e, se houver a disponibilidade para o atendimento, o recurso ser&aacute; disponibilizado. Em caso de indisponibilidade de atendimento com a necessidade comprovada, o participante poder&aacute; participar da reaplica&ccedil;&atilde;o do Exame, em data a ser divulgada pelo Inep.<\/p><h3 class=\"wp-block-heading\">5. DA INSCRI&Ccedil;&Atilde;O<\/h3><p>5.1 A inscri&ccedil;&atilde;o do participante deve ser realizada pelo endere&ccedil;o &lt;enem.inep.gov.br\/participante&gt;, entre o dia 5 de junho de 2023 e as 23h59 do dia 16 de junho de 2023 (hor&aacute;rio de Bras&iacute;lia-DF).<\/p><p>5.1.1 N&atilde;o ser&aacute; permitida a inscri&ccedil;&atilde;o fora do prazo e\/ou fora do sistema de inscri&ccedil;&atilde;o.<\/p><p>5.2 Na inscri&ccedil;&atilde;o, o participante dever&aacute;:<\/p><p>5.2.1 Informar o n&uacute;mero do CPF e a data de nascimento.<\/p><p>5.2.1.1 Ser&aacute; aceita apenas uma inscri&ccedil;&atilde;o por n&uacute;mero de CPF.<\/p><p>5.2.1.2 Depois de finalizada, a inscri&ccedil;&atilde;o n&atilde;o poder&aacute; ser cancelada, ainda que dependa de confirma&ccedil;&atilde;o de pagamento.<\/p><p>5.2.1.3 Os dados pessoais informados devem ser iguais aos dados cadastrados na Receita Federal para n&atilde;o inviabilizar a correspond&ecirc;ncia entre as informa&ccedil;&otilde;es. Antes de realizar a inscri&ccedil;&atilde;o, o participante dever&aacute; verificar a correspond&ecirc;ncia dessas informa&ccedil;&otilde;es pessoais e, se for o caso, atualiz&aacute;-las na Receita Federal.<\/p><p>5.2.2 Informar endere&ccedil;o de e-mail &uacute;nico e v&aacute;lido e n&uacute;mero de telefone fixo e\/ou celular v&aacute;lido.<\/p><p>5.2.2.1 O Inep poder&aacute; utilizar o e-mail cadastrado para enviar ao participante informa&ccedil;&otilde;es relativas ao Exame. No entanto, todas as informa&ccedil;&otilde;es referentes &agrave; inscri&ccedil;&atilde;o do participante estar&atilde;o dispon&iacute;veis para consulta na P&aacute;gina do Participante, no endere&ccedil;o &lt;enem.inep.gov.br\/participante&gt;.<\/p><p>5.2.2.2 O Inep n&atilde;o se responsabiliza pelo envio de informa&ccedil;&otilde;es a terceiros decorrente de cadastramento indevido de e-mail e\/ou telefone pelo participante.<\/p><p>5.2.3 Indicar a unidade da federa&ccedil;&atilde;o e o munic&iacute;pio onde deseja realizar o Exame.<\/p><p>5.2.4 Solicitar, se necess&aacute;rio, atendimento especializado, de acordo com as op&ccedil;&otilde;es descritas no item 4 deste Edital.<\/p><p>5.2.5 Selecionar a l&iacute;ngua (ingl&ecirc;s ou espanhol) em que realizar&aacute; a prova de L&iacute;ngua Estrangeira.<\/p><p>5.2.5.1 O participante dever&aacute; responder apenas &agrave;s quest&otilde;es referentes &agrave; l&iacute;ngua estrangeira escolhida no ato da inscri&ccedil;&atilde;o.<\/p><p>5.2.6 Criar cadastro e senha de acesso para a P&aacute;gina do Participante, por meio do Login &Uacute;nico no endere&ccedil;o &lt;sso.acesso.gov.br&gt;, que dever&aacute; ser anotada em local seguro. Ela ser&aacute; solicitada para:<\/p><p>a) gerar a Guia de Recolhimento da Uni&atilde;o (GRU Cobran&ccedil;a) para pagamento da taxa de inscri&ccedil;&atilde;o;<\/p><p>b) alterar dados cadastrais, de munic&iacute;pio de provas e de op&ccedil;&atilde;o de l&iacute;ngua estrangeira, durante o per&iacute;odo de inscri&ccedil;&atilde;o, conforme item 5.1 deste Edital;<\/p><p>c) acompanhar a inscri&ccedil;&atilde;o na P&aacute;gina do Participante;<\/p><p>d) consultar e imprimir o Cart&atilde;o de Confirma&ccedil;&atilde;o da Inscri&ccedil;&atilde;o;<\/p><p>e) consultar e imprimir a Declara&ccedil;&atilde;o de Comparecimento;<\/p><p>f) obter os resultados individuais via internet;<\/p><p>g) inscrever-se em programas de acesso &agrave; educa&ccedil;&atilde;o superior, programas de bolsa de estudos e\/ou de financiamento estudantil, entre outros programas do Minist&eacute;rio da Educa&ccedil;&atilde;o.<\/p><p>5.2.6.1 A senha &eacute; pessoal, intransfer&iacute;vel e de responsabilidade do participante.<\/p><p>5.2.6.2 O participante que esquecer a senha cadastrada ter&aacute; a op&ccedil;&atilde;o de recuper&aacute;-la pelo endere&ccedil;o &lt;sso.acesso.gov.br&gt;.<\/p><p>5.2.6.3 O Login &Uacute;nico &eacute; um meio de acesso digital do usu&aacute;rio aos servi&ccedil;os p&uacute;blicos digitais, que garante a identifica&ccedil;&atilde;o de cada cidad&atilde;o que acessa os servi&ccedil;os digitais do governo. No entanto, o Inep n&atilde;o tem gest&atilde;o sobre este cadastro. Em caso dificuldades para cria&ccedil;&atilde;o ou recupera&ccedil;&atilde;o de senha no Portal gov.br, o participante deve entrar em contato com o Minist&eacute;rio da Fazenda, respons&aacute;vel pelo Portal Gov.br.<\/p><p>5.3 Caso o participante atualize dados provenientes da Receita Federal, ap&oacute;s o in&iacute;cio das inscri&ccedil;&otilde;es, as altera&ccedil;&otilde;es devem ser solicitadas ao Inep, por meio da Central de Atendimento 0800616161. A visualiza&ccedil;&atilde;o da altera&ccedil;&atilde;o estar&aacute; dispon&iacute;vel na divulga&ccedil;&atilde;o de resultados.<\/p><p>5.4 O participante &eacute; respons&aacute;vel por preencher corretamente as informa&ccedil;&otilde;es prestadas no sistema de inscri&ccedil;&atilde;o, inclusive as relacionadas ao Question&aacute;rio Socioecon&ocirc;mico, inserir os documentos solicitados e verificar se a inscri&ccedil;&atilde;o foi conclu&iacute;da com sucesso.<\/p><p>5.4.1 Os dados informados no Question&aacute;rio Socioecon&ocirc;mico e os referentes &agrave; situa&ccedil;&atilde;o do ensino m&eacute;dio n&atilde;o poder&atilde;o ser alterados.<\/p><p>5.4.2 O participante poder&aacute; anexar, no sistema de inscri&ccedil;&atilde;o, sua foto atual, n&iacute;tida, individual, colorida, com fundo branco que enquadre desde a cabe&ccedil;a at&eacute; os ombros, de rosto inteiro, sem o uso de &oacute;culos escuros e artigos de chapelaria (bon&eacute;, chap&eacute;u, viseira, gorro ou similares).<\/p><p>5.4.2.1 O Inep poder&aacute; utilizar a foto anexada no sistema de inscri&ccedil;&atilde;o para procedimento de identifica&ccedil;&atilde;o nos dias de realiza&ccedil;&atilde;o do Exame.<\/p><p>5.5 O participante que prestar qualquer informa&ccedil;&atilde;o falsa ou inexata durante a inscri&ccedil;&atilde;o ou que n&atilde;o satisfizer todas as condi&ccedil;&otilde;es estabelecidas neste Edital e nos demais instrumentos normativos ser&aacute; eliminado do Exame a qualquer tempo.<\/p><p>5.6 O Inep n&atilde;o se responsabiliza por inscri&ccedil;&atilde;o n&atilde;o recebida por quaisquer motivos de ordem t&eacute;cnica dos aparelhos eletr&ocirc;nicos, falhas de comunica&ccedil;&atilde;o, congestionamento das linhas de comunica&ccedil;&atilde;o, problemas de senha no Portal Gov.br, procedimento indevido do participante e\/ou outros fatores que impossibilitem a transfer&ecirc;ncia de dados. &Eacute; de responsabilidade exclusiva do participante acompanhar a situa&ccedil;&atilde;o de sua inscri&ccedil;&atilde;o, assim como conferir o seu local de provas.<\/p><h3 class=\"wp-block-heading\">6. DO PAGAMENTO DA TAXA DE INSCRI&Ccedil;&Atilde;O<\/h3><p>6.1 O pagamento da taxa de inscri&ccedil;&atilde;o do Enem 2023 destina-se ao participante que n&atilde;o solicitou ou n&atilde;o obteve a isen&ccedil;&atilde;o da taxa de inscri&ccedil;&atilde;o. Esse participante dever&aacute; realizar a inscri&ccedil;&atilde;o para o Enem 2023 pelo endere&ccedil;o &lt;enem.inep.gov.br\/participante&gt;, conforme item 5 deste Edital, informar os dados solicitados, gerar a GRU Cobran&ccedil;a e efetuar o pagamento da taxa de inscri&ccedil;&atilde;o. A disponibilidade da op&ccedil;&atilde;o de pagamento da GRU Cobran&ccedil;a (Pix, Cart&atilde;o de Cr&eacute;dito, d&eacute;bito em conta corrente ou poupan&ccedil;a, dentre outros) pode variar de acordo com a institui&ccedil;&atilde;o financeira do pagador.<\/p><p>6.2 O valor da taxa de inscri&ccedil;&atilde;o ser&aacute; de R$ 85,00 (oitenta e cinco reais).<\/p><p>6.3 A taxa de inscri&ccedil;&atilde;o dever&aacute; ser paga at&eacute; o dia 21 de junho de 2023, respeitados os hor&aacute;rios de compensa&ccedil;&atilde;o banc&aacute;ria, sob pena de a inscri&ccedil;&atilde;o n&atilde;o ser confirmada.<\/p><p>6.4 N&atilde;o haver&aacute; prorroga&ccedil;&atilde;o do prazo para pagamento da taxa de inscri&ccedil;&atilde;o, ainda que o &uacute;ltimo dia do prazo, 21 de junho de 2023, seja feriado nacional, estadual, distrital ou municipal no local escolhido pelo participante para o pagamento da taxa.<\/p><p>6.4.1 A inscri&ccedil;&atilde;o cujo pagamento for efetuado ap&oacute;s a data estabelecida no item 6.3 deste Edital n&atilde;o ser&aacute; confirmada, independentemente do motivo que tenha acarretado o pagamento fora do prazo.<\/p><p>6.5 O pagamento da taxa de inscri&ccedil;&atilde;o do Exame dever&aacute; ser realizado por meio GRU Cobran&ccedil;a e poder&aacute; ser efetuado em qualquer banco, casa lot&eacute;rica ou aplicativos banc&aacute;rios, obedecendo aos crit&eacute;rios estabelecidos por esses correspondentes banc&aacute;rios.<\/p><p>6.6 A GRU Cobran&ccedil;a utilizada para o pagamento da taxa de inscri&ccedil;&atilde;o do Enem 2023 dever&aacute; ser gerada pelo endere&ccedil;o &lt;enem.inep.gov.br\/participante&gt;. Em caso de necessidade de reimpress&atilde;o, o participante dever&aacute; gerar novamente a GRU Cobran&ccedil;a no mesmo endere&ccedil;o.<\/p><p>6.7 O pagamento por Pix deve ser realizado por meio do QR code apresentado na GRU Cobran&ccedil;a disponibilizada no endere&ccedil;o &lt;enem.inep.gov.br\/participante&gt;.<\/p><p>6.8 N&atilde;o ser&aacute; confirmada a inscri&ccedil;&atilde;o cujo pagamento tenha sido efetuado por meio de GRU Cobran&ccedil;a gerada fora do sistema de inscri&ccedil;&atilde;o, Pix com QR code ou c&oacute;digo diferentes dos gerados na GRU Cobran&ccedil;a ou fora do prazo previsto no item 6.3 deste Edital.<\/p><p>6.8.1 N&atilde;o ser&atilde;o aceitos pagamentos de inscri&ccedil;&otilde;es por meio de dep&oacute;sito em caixa eletr&ocirc;nico, via postal, fac-s&iacute;mile (fax), transfer&ecirc;ncia ou dep&oacute;sito em conta corrente, DOC, TED, ordem de pagamento, ou por qualquer outra via que n&atilde;o as especificadas neste Edital.<\/p><p>6.9 O valor referente ao pagamento da taxa de inscri&ccedil;&atilde;o n&atilde;o ser&aacute; devolvido, exceto em caso de cancelamento do Enem 2023.<\/p><p>6.9.1 N&atilde;o ser&aacute; devolvido o pagamento da taxa de inscri&ccedil;&atilde;o realizado em duplicidade ou em valor superior a R$ 85,00 (oitenta e cinco reais).<\/p><p>6.10 &Eacute; proibido transferir o valor referente ao pagamento da taxa de inscri&ccedil;&atilde;o do Enem 2023 para outro participante.<\/p><p>6.11 A inscri&ccedil;&atilde;o n&atilde;o ser&aacute; confirmada caso o valor do pagamento seja inferior a R$ 85,00 (oitenta e cinco reais).<\/p><p>6.12 A inscri&ccedil;&atilde;o ser&aacute; confirmada somente ap&oacute;s o processamento do pagamento da taxa de inscri&ccedil;&atilde;o pelo Banco do Brasil.<\/p><p>6.13 O Inep n&atilde;o se responsabiliza por pagamento n&atilde;o recebido por quaisquer motivos de ordem t&eacute;cnica dos aparelhos eletr&ocirc;nicos, falhas de comunica&ccedil;&atilde;o, congestionamento das linhas de comunica&ccedil;&atilde;o, procedimento indevido do participante, problemas de senha no Portal Gov.br, e\/ou outros fatores que impossibilitem a transfer&ecirc;ncia de dados, inclusive altera&ccedil;&otilde;es na GRU Cobran&ccedil;a causadas por a&ccedil;&atilde;o do requerente, de terceiros e\/ou de programas em seu equipamento eletr&ocirc;nico. &Eacute; de responsabilidade do participante acompanhar a situa&ccedil;&atilde;o de sua inscri&ccedil;&atilde;o.<\/p><h3 class=\"wp-block-heading\">7. DA CONFIRMA&Ccedil;&Atilde;O DA INSCRI&Ccedil;&Atilde;O<\/h3><p>7.1 O participante que teve a solicita&ccedil;&atilde;o de isen&ccedil;&atilde;o da taxa de inscri&ccedil;&atilde;o para o Enem 2023 aprovada ter&aacute; a participa&ccedil;&atilde;o no Enem 2023 confirmada ap&oacute;s a realiza&ccedil;&atilde;o e conclus&atilde;o da inscri&ccedil;&atilde;o.<\/p><p>7.2 O participante n&atilde;o isento dever&aacute; realizar sua inscri&ccedil;&atilde;o, conforme item 5 deste Edital, e efetuar o pagamento da taxa de inscri&ccedil;&atilde;o at&eacute; o dia 21 de junho de 2023, respeitados os hor&aacute;rios de compensa&ccedil;&atilde;o banc&aacute;ria, para ter sua inscri&ccedil;&atilde;o confirmada, ap&oacute;s o processamento do pagamento.<\/p><p>7.3 &Eacute; de responsabilidade do participante acompanhar a situa&ccedil;&atilde;o de sua inscri&ccedil;&atilde;o e a divulga&ccedil;&atilde;o do seu local de prova pelo endere&ccedil;o &lt;enem.inep.gov.br\/participante&gt;.<\/p><p>7.4 O Inep disponibilizar&aacute; o Cart&atilde;o de Confirma&ccedil;&atilde;o da Inscri&ccedil;&atilde;o pelo endere&ccedil;o &lt;enem.inep.gov.br\/participante&gt;, em data a ser divulgada. O Cart&atilde;o informar&aacute; o n&uacute;mero de inscri&ccedil;&atilde;o; a data, a hora e o local do Exame; a indica&ccedil;&atilde;o do(s) atendimento(s) especializado(s) e\/ou tratamento pelo nome social, caso tenha(m) sido solicitado(s) e aprovado(s); a op&ccedil;&atilde;o de l&iacute;ngua estrangeira selecionada e as orienta&ccedil;&otilde;es relativas ao Exame.<\/p><h3 class=\"wp-block-heading\">8. DO LOCAL DE REALIZA&Ccedil;&Atilde;O DO EXAME<\/h3><p>8.1 O Enem 2023 ser&aacute; aplicado em todos os estados e no Distrito Federal, nos munic&iacute;pios listados no sistema de inscri&ccedil;&atilde;o e no Portal do Inep, no endere&ccedil;o https:\/\/www.gov.br\/inep\/pt-br\/areas-de-atuacao\/avaliacao-e-exames-educacionais\/enem.<\/p><p>8.2 O Inep reserva-se o direito de acrescentar, suprimir ou substituir munic&iacute;pios listados no sistema de inscri&ccedil;&atilde;o, visando &agrave; garantia das condi&ccedil;&otilde;es log&iacute;sticas e de seguran&ccedil;a para a aplica&ccedil;&atilde;o do Exame. Nesses casos, o participante ser&aacute; realocado para munic&iacute;pio pr&oacute;ximo que atenda &agrave;s condi&ccedil;&otilde;es log&iacute;sticas.<\/p><p>8.3 O local de prova do participante ser&aacute; informado no Cart&atilde;o de Confirma&ccedil;&atilde;o da Inscri&ccedil;&atilde;o, que ser&aacute; disponibilizado no endere&ccedil;o &lt;enem.inep.gov.br\/participante&gt;, em data a ser divulgada pelo Inep.<\/p><p>8.3.1 &Eacute; de responsabilidade do participante acessar o Cart&atilde;o de Confirma&ccedil;&atilde;o da Inscri&ccedil;&atilde;o e acompanhar a divulga&ccedil;&atilde;o do seu local de prova pelo endere&ccedil;o &lt;enem.inep.gov.br\/participante&gt;.<\/p><p>8.3.1.1 O Inep n&atilde;o se responsabiliza por Cart&atilde;o de Confirma&ccedil;&atilde;o n&atilde;o consultado por quaisquer motivos de ordem t&eacute;cnica dos aparelhos eletr&ocirc;nicos, falhas de comunica&ccedil;&atilde;o, congestionamento das linhas de comunica&ccedil;&atilde;o, procedimento indevido do participante, problemas de senha no Portal Gov.br, e\/ou outros fatores que impossibilitem a consulta aos dados do local de prova do participante.<\/p><p>8.3.2 &Eacute; recomendado que o participante leve o Cart&atilde;o de Confirma&ccedil;&atilde;o da Inscri&ccedil;&atilde;o nos dois dias de aplica&ccedil;&atilde;o do Exame.<\/p><h3 class=\"wp-block-heading\">9. DOS HOR&Aacute;RIOS<\/h3><p>9.1 Nos dias de realiza&ccedil;&atilde;o do Exame, os port&otilde;es de acesso aos locais de provas ser&atilde;o abertos &agrave;s 12h e fechados &agrave;s 13h (hor&aacute;rio de Bras&iacute;lia-DF).<\/p><p>9.2 &Eacute; proibida a entrada do participante no local de provas ap&oacute;s o fechamento dos port&otilde;es e sem a m&aacute;scara de prote&ccedil;&atilde;o &agrave; covid-19, nos estados ou munic&iacute;pios onde o uso da m&aacute;scara em local fechado seja obrigat&oacute;rio por decreto ou ato administrativo de igual poder regulamentar.<\/p><p>9.3 O acesso &agrave; sala de provas ser&aacute; permitido, dentro do hor&aacute;rio estabelecido neste Edital, com a apresenta&ccedil;&atilde;o de documento de identifica&ccedil;&atilde;o com foto v&aacute;lido, conforme itens 10.2 ou 10.4, e com a utiliza&ccedil;&atilde;o de m&aacute;scara de prote&ccedil;&atilde;o &agrave; covid-19, nos estados ou munic&iacute;pios onde o uso da m&aacute;scara em local fechado seja obrigat&oacute;rio por decreto ou ato administrativo de igual poder regulamentar.<\/p><p>9.4 A aplica&ccedil;&atilde;o das provas ter&aacute; in&iacute;cio &agrave;s 13h30 e t&eacute;rmino &agrave;s 19h, no primeiro dia, e &agrave;s 18h30, no segundo dia, hor&aacute;rio de Bras&iacute;lia-DF.<\/p><p>9.4.1 A aplica&ccedil;&atilde;o das provas para o participante com solicita&ccedil;&atilde;o de tempo adicional aprovada ter&aacute; in&iacute;cio &agrave;s 13h30 e t&eacute;rmino &agrave;s 20h, no primeiro dia, e &agrave;s 19h30, no segundo dia, hor&aacute;rio de Bras&iacute;lia-DF.<\/p><p>9.4.2 A aplica&ccedil;&atilde;o das provas para o participante com solicita&ccedil;&atilde;o de recurso de videoprova em Libras aprovada ter&aacute; in&iacute;cio &agrave;s 13h30 e t&eacute;rmino &agrave;s 21h, no primeiro dia, e &agrave;s 20h30, no segundo dia, hor&aacute;rio de Bras&iacute;lia-DF.<\/p><p>9.5 Todas as salas de prova ter&atilde;o um marcador para acompanhamento do tempo de prova.<\/p><p>9.5.1 N&atilde;o haver&aacute; prorroga&ccedil;&atilde;o do tempo previsto para a realiza&ccedil;&atilde;o das provas ou para o preenchimento do Cart&atilde;o-Resposta ou da Folha de Reda&ccedil;&atilde;o, em raz&atilde;o de afastamento do participante da sala de provas, avisos ou de procedimentos a serem seguidos durante a aplica&ccedil;&atilde;o.<\/p><h3 class=\"wp-block-heading\">10. DA IDENTIFICA&Ccedil;&Atilde;O DO PARTICIPANTE<\/h3><p>10.1 &Eacute; obrigat&oacute;ria a apresenta&ccedil;&atilde;o de via original de documento oficial de identifica&ccedil;&atilde;o com foto para a realiza&ccedil;&atilde;o das provas.<\/p><p>10.2 Consideram-se documentos v&aacute;lidos para identifica&ccedil;&atilde;o do participante:<\/p><p>a) C&eacute;dulas de Identidade expedidas por Secretarias de Seguran&ccedil;a P&uacute;blica, For&ccedil;as Armadas, Pol&iacute;cia Militar e Pol&iacute;cia Federal;<\/p><p>b) Identidade expedida pelo Minist&eacute;rio da Justi&ccedil;a para estrangeiros, inclusive aqueles reconhecidos como refugiados, em conson&acirc;ncia com a Lei n&ordm; 9.474, de 22 de julho de 1997;<\/p><p>c) Carteira de Registro Nacional Migrat&oacute;rio, de que trata a Lei n&ordm; 13.445, de 24 de maio de 2017;<\/p><p>d) Documento Provis&oacute;rio de Registro Nacional Migrat&oacute;rio, de que trata o Decreto n&ordm; 9.277, de 5 de fevereiro de 2018;<\/p><p>e) Identifica&ccedil;&atilde;o fornecida por ordens ou conselhos de classes que por lei tenha validade como documento de identidade;<\/p><p>f) Passaporte;<\/p><p>g) Carteira Nacional de Habilita&ccedil;&atilde;o, na forma da Lei n&ordm; 9.503, de 23 de setembro de 1997;<\/p><p>h) Carteira de Trabalho e Previd&ecirc;ncia Social emitida ap&oacute;s 27 de janeiro de 1997.<\/p><p>i) Documentos digitais com foto (e-T&iacute;tulo, CNH digital e RG digital) apresentados nos respectivos aplicativos oficiais.<\/p><p>10.3 N&atilde;o ser&atilde;o aceitos documentos de identifica&ccedil;&atilde;o que n&atilde;o estejam listados no item 10.2, como: protocolos; Certificado de Dispensa de Incorpora&ccedil;&atilde;o; Certificado de Reservista; Certid&atilde;o de Nascimento; Certid&atilde;o de Casamento; T&iacute;tulo Eleitoral; Carteira Nacional de Habilita&ccedil;&atilde;o em modelo anterior &agrave; Lei n&ordm; 9.503, de 1997; Carteira de Estudante; Registro Administrativo de Nascimento Ind&iacute;gena (Rani); crach&aacute;s e identidade funcional de qualquer natureza; c&oacute;pias de documentos v&aacute;lidos, mesmo que autenticadas; documentos digitais n&atilde;o citados na al&iacute;nea &ldquo;i&rdquo; do item 10.2 e\/ou apresentados fora de seus aplicativos oficiais ou que n&atilde;o apresentem foto.<\/p><p>10.4 O participante impossibilitado de apresentar a via original de documento oficial de identifica&ccedil;&atilde;o com foto nos dias de aplica&ccedil;&atilde;o por motivo de extravio, perda, furto ou roubo poder&aacute; realizar as provas desde que:<\/p><p>10.4.1 apresente boletim de ocorr&ecirc;ncia expedido por &oacute;rg&atilde;o policial h&aacute;, no m&aacute;ximo, 90 dias do primeiro dia de aplica&ccedil;&atilde;o do Exame; e<\/p><p>10.4.2 submeta-se &agrave; identifica&ccedil;&atilde;o especial, que compreende a coleta de informa&ccedil;&otilde;es pessoais.<\/p><p>10.5 O participante que apresentar a via original do documento oficial de identifica&ccedil;&atilde;o danificado, ileg&iacute;vel, com fisionomia diferente que n&atilde;o permita a completa identifica&ccedil;&atilde;o dos seus caracteres essenciais ou de sua assinatura poder&aacute; prestar as provas desde que se submeta &agrave; identifica&ccedil;&atilde;o especial, conforme item 10.4.2 deste Edital.<\/p><p>10.6 Caso o participante esteja utilizando m&aacute;scara de prote&ccedil;&atilde;o &agrave; covid-19 ser&aacute; necess&aacute;ria a sua retirada durante o processo de identifica&ccedil;&atilde;o, sem tocar sua parte frontal, antes de entrar na sala de provas.<\/p><p>10.7 O participante n&atilde;o poder&aacute; permanecer no local de aplica&ccedil;&atilde;o das provas, assim entendido como as depend&ecirc;ncias f&iacute;sicas onde ser&aacute; realizado o Exame, sem documento de identifica&ccedil;&atilde;o v&aacute;lido, conforme itens 10.2 ou 10.4.1 deste Edital, e sem a m&aacute;scara de prote&ccedil;&atilde;o &agrave; covid-19, nos estados ou munic&iacute;pios onde o uso da m&aacute;scara em local fechado seja obrigat&oacute;rio por decreto ou ato administrativo de igual poder regulamentar.<\/p><p>10.7.1 Caso o participante precise aguardar o recebimento de documento v&aacute;lido listado nos itens 10.2 ou 10.4 e\/ou da m&aacute;scara de prote&ccedil;&atilde;o &agrave; covid-19, dever&aacute; faz&ecirc;-lo fora do local de provas.<\/p><p>10.8 O Inep reserva-se o direito de efetuar procedimentos adicionais de identifica&ccedil;&atilde;o nos dias de aplica&ccedil;&atilde;o.<\/p><h3 class=\"wp-block-heading\">11. DAS OBRIGA&Ccedil;&Otilde;ES DO PARTICIPANTE<\/h3><p>11.1 S&atilde;o obriga&ccedil;&otilde;es do participante do Enem 2023:<\/p><p>11.1.1 Certificar-se de que preenche todos os requisitos exigidos para a participa&ccedil;&atilde;o no Exame.<\/p><p>11.1.2 Certificar-se de todas as informa&ccedil;&otilde;es e regras constantes deste Edital e das demais orienta&ccedil;&otilde;es que estar&atilde;o dispon&iacute;veis no endere&ccedil;o &lt; https:\/\/www.gov.br\/inep\/pt-br\/areas-de-atuacao\/avaliacao-e-exames-educacionais\/enem&gt;.<\/p><p>11.1.3 Certificar-se, antes da inscri&ccedil;&atilde;o, pelo endere&ccedil;o &lt;enem.inep.gov.br\/participante&gt;, de que sua solicita&ccedil;&atilde;o de isen&ccedil;&atilde;o da taxa de inscri&ccedil;&atilde;o do Enem 2023, se for o caso, foi aprovada.<\/p><p>11.1.4 Guardar n&uacute;mero de inscri&ccedil;&atilde;o e senha.<\/p><p>11.1.5 Certificar-se, com anteced&ecirc;ncia, pelo endere&ccedil;o &lt;enem.inep.gov.br\/participante&gt;, da confirma&ccedil;&atilde;o de sua inscri&ccedil;&atilde;o e do local onde realizar&aacute; as provas.<\/p><p>11.1.6 Chegar ao local das provas indicado no Cart&atilde;o de Confirma&ccedil;&atilde;o da Inscri&ccedil;&atilde;o &agrave;s 12h (hor&aacute;rio de Bras&iacute;lia-DF).<\/p><p>11.1.7 Apresentar-se no local de aplica&ccedil;&atilde;o das provas com documento de identifica&ccedil;&atilde;o v&aacute;lido, conforme os itens 10.2 ou 10.4 deste Edital e com a m&aacute;scara de prote&ccedil;&atilde;o &agrave; covid-19, nos estados ou munic&iacute;pios onde o uso da m&aacute;scara em local fechado seja obrigat&oacute;rio por decreto ou ato administrativo de igual poder regulamentar, sob pena de ser impedido de realizar o Exame.<\/p><p>11.1.7.1 O participante que comparecer ao local de aplica&ccedil;&atilde;o das provas sem documento v&aacute;lido e\/ou sem m&aacute;scara de prote&ccedil;&atilde;o &agrave; covid-19 dever&aacute; aguardar fora do local de aplica&ccedil;&atilde;o at&eacute; que receba um dos documentos listados no item 10.2 ou 10.4 deste Edital e\/ou a m&aacute;scara.<\/p><p>11.1.7.2 Em conformidade com a Lei n&ordm; 14.019 de 2 de julho de 2020, ser&aacute; dispensado o uso da m&aacute;scara para pessoas com transtorno de espectro autista, defici&ecirc;ncia intelectual, defici&ecirc;ncias sensoriais ou com quaisquer outras defici&ecirc;ncias que as impe&ccedil;am de fazer o uso adequado de m&aacute;scara.<\/p><p>11.1.8 Apresentar-se na porta de sua sala de provas at&eacute; as 13h para procedimentos de identifica&ccedil;&atilde;o.<\/p><p>11.1.9 Apresentar ao chefe de sala na porta da sala, nos dois dias de aplica&ccedil;&atilde;o, a Declara&ccedil;&atilde;o de Comparecimento impressa, conforme item 16.1 deste Edital, caso necessite comprovar sua presen&ccedil;a no Exame.<\/p><p>11.1.10 Guardar, antes de entrar na sala de provas, em envelope porta-objetos, a Declara&ccedil;&atilde;o de Comparecimento impressa, o Cart&atilde;o de Confirma&ccedil;&atilde;o da Inscri&ccedil;&atilde;o, o telefone celular e quaisquer outros equipamentos eletr&ocirc;nicos desligados, al&eacute;m de outros pertences n&atilde;o permitidos, citados no item 11.1.12.<\/p><p>11.1.11 Manter os aparelhos eletr&ocirc;nicos como celular, tablet, pulseiras e rel&oacute;gios inteligentes com todos os aplicativos, fun&ccedil;&otilde;es e sistemas desativados e desligados, incluindo alarmes, no envelope porta-objetos lacrado e identificado, desde o ingresso na sala de provas at&eacute; a sa&iacute;da definitiva do local de provas.<\/p><p>11.1.12 N&atilde;o portar fora do envelope porta-objetos fornecido pelo chefe de sala, ao ingressar na sala de provas: Declara&ccedil;&atilde;o de Comparecimento impressa, Cart&atilde;o de Confirma&ccedil;&atilde;o da Inscri&ccedil;&atilde;o, &oacute;culos escuros e artigos de chapelaria, como bon&eacute;, chap&eacute;u, viseira, gorro ou similares, caneta de material n&atilde;o transparente, l&aacute;pis, lapiseira, borrachas, r&eacute;guas, corretivos, livros, manuais, impressos, anota&ccedil;&otilde;es, protetor auricular, rel&oacute;gio de qualquer tipo, e quaisquer dispositivos eletr&ocirc;nicos, como telefones celulares, smartphones, tablets, wearable tech, m&aacute;quinas calculadoras, agendas eletr&ocirc;nicas e\/ou similares, ipods&reg;, gravadores, pen drive, mp3 e\/ou similar, alarmes, chaves com alarme ou com qualquer outro componente eletr&ocirc;nico, fones de ouvido e\/ou qualquer transmissor, gravador e\/ou receptor de dados, imagens, v&iacute;deos e mensagens e quaisquer outros materiais estranhos &agrave; realiza&ccedil;&atilde;o da prova.<\/p><p>11.1.13 N&atilde;o portar armas de qualquer esp&eacute;cie, exceto para os casos previstos no art. 6&ordm; da Lei n&ordm; 10.826, de 22 de dezembro de 2003. Caso o participante apresente autoriza&ccedil;&atilde;o de porte de armas, dever&aacute; informar ao chefe de sala, que o direcionar&aacute; &agrave; Coordena&ccedil;&atilde;o para prestar o Exame em sala extra.<\/p><p>11.1.14 Manter, debaixo da carteira, o envelope porta-objetos, lacrado e identificado, desde o ingresso na sala de provas at&eacute; a sa&iacute;da definitiva do local de provas.<\/p><p>11.1.15 Submeter-se &agrave; identifica&ccedil;&atilde;o especial, conforme item 10.4.2 deste Edital, se for o caso.<\/p><p>11.1.16 Aguardar na sala de provas, das 13h &agrave;s 13h30 (hor&aacute;rio de Bras&iacute;lia-DF), at&eacute; que seja autorizado o in&iacute;cio do Exame, cumprindo as determina&ccedil;&otilde;es do chefe de sala.<\/p><p>11.1.16.1 A ida ao banheiro a partir das 13h (hor&aacute;rio de Bras&iacute;lia-DF) ser&aacute; permitida ao participante desde que este seja acompanhado pelo fiscal.<\/p><p>11.1.17 Utilizar caneta esferogr&aacute;fica de tinta preta, fabricada em material transparente.<\/p><p>11.1.17.1 O participante que solicitou atendimento especializado para transtorno do espectro autista poder&aacute; utilizar caneta fabricada em material transparente com tinta colorida, para uso exclusivo em marca&ccedil;&otilde;es em seu Caderno de Quest&otilde;es. No entanto, o Cart&atilde;o-Resposta dever&aacute; ser preenchido com caneta fabricada em material transparente de tinta preta, sob pena de inviabilizar a leitura &oacute;ptica e a corre&ccedil;&atilde;o de suas respostas e de seu texto de reda&ccedil;&atilde;o.<\/p><p>11.1.18 Fechar a prova e deix&aacute;-la com capa para cima, antes de se ausentar da sala durante a aplica&ccedil;&atilde;o.<\/p><p>11.1.19 Permitir que o lanche seja vistoriado pelo chefe de sala.<\/p><p>11.1.20 Permitir que os artigos religiosos, como v&eacute;u, quip&aacute; e outros, sejam vistoriados pelo coordenador, de forma reservada.<\/p><p>11.1.21 Permitir que os materiais pr&oacute;prios, como m&aacute;quina de escrever em braile, l&acirc;mina overlay, reglete, pun&ccedil;&atilde;o, sorob&atilde; ou cubaritmo, caneta de ponta grossa, tiposc&oacute;pio, assinador, &oacute;culos especiais, lupa, telelupa, lumin&aacute;ria, t&aacute;buas de apoio, multiplano, plano inclinado, caneta fabricada em material transparente com tinta colorida, sejam vistoriados pelo chefe de sala, e quaisquer outros materiais que se fizerem necess&aacute;rios, exceto o c&atilde;o-guia, o medidor de glicose e a bomba de insulina.<\/p><p>11.1.22 Submeter-se &agrave; revista eletr&ocirc;nica nos locais de provas, a qualquer momento, por meio do uso de detector de metais.<\/p><p>11.1.23 Iniciar as provas somente ap&oacute;s a autoriza&ccedil;&atilde;o do chefe de sala, ler e conferir todas as instru&ccedil;&otilde;es contidas na capa do Caderno de Quest&otilde;es, no Cart&atilde;o-Resposta, na Folha de Reda&ccedil;&atilde;o, na Folha de Rascunho e nos demais documentos do Exame.<\/p><p>11.1.24 Destacar, antes de iniciar as provas e quando autorizado pelo chefe de sala, o Cart&atilde;o-Resposta do Caderno de Quest&otilde;es.<\/p><p>11.1.24.1 O chefe de sala n&atilde;o substituir&aacute; o Cart&atilde;o-Resposta\/Folha de Reda&ccedil;&atilde;o em caso de procedimento indevido do participante.<\/p><p>11.1.25 Fazer anota&ccedil;&otilde;es relativas &agrave;s suas respostas apenas no Cart&atilde;o-Resposta\/Folha de Reda&ccedil;&atilde;o, na Folha de Rascunho e no Caderno de Quest&otilde;es, ap&oacute;s a autoriza&ccedil;&atilde;o do chefe de sala.<\/p><p>11.1.26 Verificar se o Caderno de Quest&otilde;es cont&eacute;m a quantidade de quest&otilde;es indicadas no Cart&atilde;o-Resposta e\/ou qualquer defeito gr&aacute;fico que impossibilite a resolu&ccedil;&atilde;o da prova.<\/p><p>11.1.27 Reportar-se ao chefe de sala no caso de qualquer ocorr&ecirc;ncia em rela&ccedil;&atilde;o ao Caderno de Quest&otilde;es, ao Cart&atilde;o-Resposta\/Folha de Reda&ccedil;&atilde;o ou aos demais documentos do Exame para que sejam tomadas as provid&ecirc;ncias cab&iacute;veis.<\/p><p>11.1.28 Assinar, nos espa&ccedil;os designados, o Cart&atilde;o-Resposta referente a cada dia de provas, a Folha de Reda&ccedil;&atilde;o, a Lista de Presen&ccedil;a, a Folha de Rascunho e os demais documentos do Exame.<\/p><p>11.1.29 Marcar a cor da capa do seu Caderno de Quest&otilde;es no respectivo Cart&atilde;o-Resposta.<\/p><p>11.1.30 Transcrever a frase contida na capa do Caderno de Quest&otilde;es para o Cart&atilde;o-Resposta.<\/p><p>11.1.31 Transcrever as respostas das quest&otilde;es objetivas e o texto da reda&ccedil;&atilde;o com caneta esferogr&aacute;fica de tinta preta, fabricada em material transparente, nos respectivos Cart&otilde;es-Resposta e na Folha de Reda&ccedil;&atilde;o, de acordo com as instru&ccedil;&otilde;es contidas nesses instrumentos, sob pena de inviabilizar a leitura &oacute;ptica e a corre&ccedil;&atilde;o de suas respostas e de seu texto de reda&ccedil;&atilde;o.<\/p><p>11.1.32 N&atilde;o destacar nenhuma p&aacute;gina ou parte do Caderno de Quest&otilde;es e\/ou da Folha de Rascunho.<\/p><p>11.1.33 Entregar ao chefe de sala o Cart&atilde;o-Reposta\/Folha de Reda&ccedil;&atilde;o e a Folha de Rascunho ao deixar em definitivo a sala de provas.<\/p><p>11.1.34 N&atilde;o se ausentar da sala de provas com o material de aplica&ccedil;&atilde;o, exceto o Caderno de Quest&otilde;es, desde que, nesse caso, deixe a sala em definitivo nos &uacute;ltimos 30 minutos que antecedem o t&eacute;rmino da prova.<\/p><p>11.1.35 N&atilde;o se ausentar da sala de provas, em definitivo, antes de decorridas duas horas do in&iacute;cio das provas.<\/p><p>11.1.36 N&atilde;o utilizar o banheiro do local de aplica&ccedil;&atilde;o ap&oacute;s o t&eacute;rmino de seu Exame e na sa&iacute;da definitiva da sala de provas.<\/p><p>11.1.37 Sa&iacute;rem juntos os tr&ecirc;s &uacute;ltimos participantes presentes na sala de provas somente ap&oacute;s assinatura da Ata de Sala, exceto nas salas de atendimento especializado.<\/p><p>11.1.38 N&atilde;o estabelecer ou tentar estabelecer qualquer tipo de comunica&ccedil;&atilde;o interna ou externa.<\/p><p>11.1.39 N&atilde;o receber de qualquer pessoa informa&ccedil;&otilde;es referentes ao conte&uacute;do das provas.<\/p><p>11.1.40 N&atilde;o registrar ou divulgar por imagem, v&iacute;deo ou som a realiza&ccedil;&atilde;o da prova ou qualquer material utilizado no Exame.<\/p><p>11.1.41 N&atilde;o levar e\/ou ingerir bebidas alco&oacute;licas e\/ou utilizar drogas il&iacute;citas e\/ou cigarro e outros produtos derivados do tabaco, no local de provas, conforme Lei n&ordm; 11.343\/2006, Lei n&ordm; 12.546\/2011 e Decreto 8.262\/2014.<\/p><p>11.1.42 Cumprir as determina&ccedil;&otilde;es deste Edital e do chefe de sala.<\/p><h3 class=\"wp-block-heading\">12. DAS ELIMINA&Ccedil;&Otilde;ES<\/h3><p>12.1 Ser&aacute; eliminado do Enem 2023, a qualquer momento e sem preju&iacute;zo de demais penalidades previstas em lei, o participante que:<\/p><p>12.1.1 Prestar, em qualquer documento e\/ou no sistema de inscri&ccedil;&atilde;o, declara&ccedil;&atilde;o falsa ou inexata.<\/p><p>12.1.2 Permanecer no local de provas sem documento de identifica&ccedil;&atilde;o v&aacute;lido conforme itens 10.2 ou 10.4 ou sem a m&aacute;scara para preven&ccedil;&atilde;o &agrave; covid-19, nos estados ou munic&iacute;pios onde o uso em local fechado seja obrigat&oacute;rio por decreto ou ato administrativo de igual poder regulamentar.<\/p><p>12.1.3 Perturbar, de qualquer modo, a ordem no local de aplica&ccedil;&atilde;o das provas.<\/p><p>12.1.4 Comunicar-se ou tentar comunicar-se verbalmente, por escrito ou por qualquer outra forma, com qualquer pessoa que n&atilde;o seja da equipe de aplica&ccedil;&atilde;o, a partir das 13h (hor&aacute;rio de Bras&iacute;lia-DF).<\/p><p>12.1.5 Utilizar, ou tentar utilizar, meio fraudulento em benef&iacute;cio pr&oacute;prio ou de terceiros em qualquer etapa do Exame.<\/p><p>12.1.6 Utilizar livros, notas, pap&eacute;is ou impressos durante a aplica&ccedil;&atilde;o do Exame.<\/p><p>12.1.7 Receber, de qualquer pessoa, informa&ccedil;&otilde;es referentes ao conte&uacute;do das provas.<\/p><p>12.1.8 Registrar ou divulgar por imagem, v&iacute;deo ou som a realiza&ccedil;&atilde;o da prova ou qualquer material utilizado no Exame.<\/p><p>12.1.9 Levar e\/ou ingerir bebidas alco&oacute;licas e\/ou utilizar drogas il&iacute;citas e\/ou cigarro e outros produtos derivados do tabaco, no local de provas, conforme Lei n&ordm; 11.343\/2006, Lei n&ordm; 12.546\/2011 e Decreto 8.262\/2014.<\/p><p>12.1.10 Ausentar-se da sala de provas, a partir das 13h (hor&aacute;rio de Bras&iacute;lia-DF), sem o acompanhamento de um fiscal.<\/p><p>12.1.11 Ausentar-se da sala de provas, em definitivo, antes de decorridas duas horas do in&iacute;cio das provas.<\/p><p>12.1.12 Recusar-se, injustificadamente, a qualquer momento, a:<\/p><p>12.1.12.1 ter os artigos religiosos, como v&eacute;u, quip&aacute;, burca e outros, vistoriados pelo coordenador;<\/p><p>12.1.12.2 ser submetido &agrave; revista eletr&ocirc;nica;<\/p><p>12.1.12.3 ter seus objetos vistoriados eletronicamente; e<\/p><p>12.1.12.4 ter seu lanche vistoriado pelo chefe de sala.<\/p><p>12.1.13 N&atilde;o permitir que os materiais pr&oacute;prios, como m&aacute;quina de escrever em braile, l&acirc;mina overlay, reglete, pun&ccedil;&atilde;o, sorob&atilde; ou cubaritmo, caneta de ponta grossa, tiposc&oacute;pio, assinador, &oacute;culos especiais, lupa, telelupa, lumin&aacute;ria, t&aacute;buas de apoio, multiplano, plano inclinado, caneta fabricada em material transparente com tinta colorida, sejam vistoriados pelo chefe de sala, exceto o c&atilde;o-guia, o medidor de glicose e a bomba de insulina.<\/p><p>12.1.14 N&atilde;o aguardar na sala de provas, das 13h &agrave;s 13h30 (hor&aacute;rio de Bras&iacute;lia-DF), para procedimentos de seguran&ccedil;a, exceto para a ida ao banheiro acompanhado por um fiscal.<\/p><p>12.1.15 Iniciar as provas antes das 13h30 (hor&aacute;rio de Bras&iacute;lia-DF) ou da autoriza&ccedil;&atilde;o do chefe de sala.<\/p><p>12.1.16 Violar quaisquer das veda&ccedil;&otilde;es constantes dos itens 4.2.1.4.1 e 4.2.1.4.2 deste Edital.<\/p><p>12.1.17 Portar fora do envelope porta-objetos fornecido pelo chefe de sala, ao ingressar na sala de provas, Declara&ccedil;&atilde;o de Comparecimento impressa, Cart&atilde;o de Confirma&ccedil;&atilde;o da Inscri&ccedil;&atilde;o, &oacute;culos escuros e artigos de chapelaria, como bon&eacute;, chap&eacute;u, viseira, gorro ou similares, caneta de material n&atilde;o transparente, l&aacute;pis, lapiseira, borrachas, r&eacute;guas, corretivos, livros, manuais, impressos, anota&ccedil;&otilde;es, protetor auricular, rel&oacute;gio de qualquer tipo, e quaisquer dispositivos eletr&ocirc;nicos, como telefones celulares, smartphones, tablets, wearable tech, m&aacute;quinas calculadoras, agendas eletr&ocirc;nicas e\/ou similares, ipods&reg;, gravadores, pen drive, mp3 e\/ou similar, alarmes, chaves com alarme ou com qualquer outro componente eletr&ocirc;nico, fones de ouvido e\/ou qualquer transmissor, gravador e\/ou receptor de dados, imagens, v&iacute;deos e mensagens e quaisquer outros materiais estranhos &agrave; realiza&ccedil;&atilde;o da prova.<\/p><p>12.1.18 Portar armas de qualquer esp&eacute;cie, exceto para os casos previstos no art. 6&ordm; da Lei n&ordm; 10.826, de 2003.<\/p><p>12.1.19 Recusar-se, injustificadamente, a realizar a identifica&ccedil;&atilde;o especial, conforme item 10.4.2 deste Edital.<\/p><p>12.1.20 N&atilde;o mantiver aparelhos eletr&ocirc;nicos desligados no envelope porta-objetos lacrado e identificado, desde o ingresso na sala de provas at&eacute; a sa&iacute;da definitiva da sala de provas. Se o aparelho eletr&ocirc;nico, ainda que dentro do envelope porta-objetos, emitir qualquer tipo de som, como toque ou alarme, o participante ser&aacute; eliminado do Exame.<\/p><p>12.1.21 Descumprir as orienta&ccedil;&otilde;es da equipe de aplica&ccedil;&atilde;o e as regras contidas no Edital, durante a realiza&ccedil;&atilde;o do Exame.<\/p><p>12.1.22 Realizar anota&ccedil;&otilde;es no Caderno de Quest&otilde;es, no Cart&atilde;o-Resposta, na Folha de Reda&ccedil;&atilde;o, na Folha de Rascunho e nos demais documentos do Exame antes de autorizado o in&iacute;cio das provas pelo chefe de sala.<\/p><p>12.1.23 Realizar anota&ccedil;&otilde;es em outros objetos ou qualquer documento que n&atilde;o seja o Cart&atilde;o-Resposta, o Caderno de Quest&otilde;es, a Folha de Reda&ccedil;&atilde;o e a Folha de Rascunho.<\/p><p>12.1.24 Destacar p&aacute;gina ou parte do Caderno de Quest&otilde;es e\/ou da Folha de Rascunho.<\/p><p>12.1.25 Ausentar-se da sala com o Cart&atilde;o-Resposta\/Folha de Reda&ccedil;&atilde;o ou qualquer material de aplica&ccedil;&atilde;o, com exce&ccedil;&atilde;o do Caderno de Quest&otilde;es, ao deixar em definitivo a sala de provas nos 30 minutos que antecedem o t&eacute;rmino do Exame.<\/p><p>12.1.26 N&atilde;o entregar ao chefe de sala, ao terminar as provas, o Cart&atilde;o-Resposta\/Folha de Reda&ccedil;&atilde;o e\/ou a Folha de Rascunho.<\/p><p>12.1.27 N&atilde;o entregar ao chefe de sala o Caderno de Quest&otilde;es, exceto se deixar em definitivo a sala de provas nos 30 minutos que antecedem o t&eacute;rmino do Exame.<\/p><p>12.1.28 Recusar-se a entregar ao chefe de sala o Cart&atilde;o-Resposta\/Folha de Reda&ccedil;&atilde;o e\/ou a Folha de Rascunho ap&oacute;s decorridas 5 horas e 30 minutos de provas no primeiro dia, e 5 horas de provas no segundo dia, salvo nas salas com tempo adicional, que atender&atilde;o ao disposto nos itens 9.4.1 e 9.4.2 deste Edital.<\/p><h3 class=\"wp-block-heading\">13. DAS CORRE&Ccedil;&Otilde;ES DA PROVA<\/h3><p>13.1 Ser&atilde;o corrigidas somente as reda&ccedil;&otilde;es transcritas para a Folha de Reda&ccedil;&atilde;o e as respostas efetivamente marcadas no Cart&atilde;o-Resposta sem emendas ou rasuras, com caneta esferogr&aacute;fica de tinta preta fabricada em material transparente, de acordo com as instru&ccedil;&otilde;es apresentadas, sob pena da impossibilidade de leitura &oacute;ptica do Cart&atilde;o-Resposta e da Folha de Reda&ccedil;&atilde;o.<\/p><p>13.1.1 O participante com surdocegueira ou cegueira poder&aacute; redigir e entregar a reda&ccedil;&atilde;o em braile, caso leve seu pr&oacute;prio material, m&aacute;quina Perkins ou reglete e pun&ccedil;&atilde;o.<\/p><p>13.2 Os rascunhos e as marca&ccedil;&otilde;es assinaladas nos Cadernos de Provas n&atilde;o ser&atilde;o corrigidos.<\/p><p>13.3 O c&aacute;lculo das profici&ecirc;ncias dos participantes, a partir de suas respostas &agrave;s quest&otilde;es de m&uacute;ltipla escolha das provas objetivas, ter&aacute; como base a Teoria de Resposta ao Item (TRI). O documento com a metodologia utilizada e com os crit&eacute;rios adotados pela banca poder&aacute; ser consultado no Portal do Inep, no endere&ccedil;o &lt;https:\/\/www.gov.br\/inep\/pt-br\/areas-de-atuacao\/avaliacao-e-exames-educacionais\/enem&gt;.<\/p><p>13.4 A nota da reda&ccedil;&atilde;o, variando entre 0 (zero) e 1.000 (mil) pontos, ser&aacute; atribu&iacute;da respeitando-se os crit&eacute;rios disponibilizados no Portal do Inep, no endere&ccedil;o &lt;https:\/\/www.gov.br\/inep\/pt-br\/areas-de-atuacao\/avaliacao-e-exames-educacionais\/enem&gt;, e na Cartilha de Reda&ccedil;&atilde;o do Enem 2023.<\/p><p>13.5 A reda&ccedil;&atilde;o ser&aacute; corrigida por dois corretores de forma independente.<\/p><p>13.5.1 Cada corretor atribuir&aacute; uma nota entre 0 (zero) e 200 (duzentos) pontos para cada uma das cinco compet&ecirc;ncias.<\/p><p>13.5.2 A nota total de cada corretor corresponde &agrave; soma das notas atribu&iacute;das a cada uma das compet&ecirc;ncias.<\/p><p>13.5.3 Considera-se que h&aacute; discrep&acirc;ncia entre dois corretores se suas notas totais diferirem por mais de 100 (cem) pontos; ou a diferen&ccedil;a de suas notas em qualquer uma das compet&ecirc;ncias for superior a 80 (oitenta) pontos; ou houver diverg&ecirc;ncia de situa&ccedil;&atilde;o.<\/p><p>13.6 A nota final da reda&ccedil;&atilde;o do participante ser&aacute; atribu&iacute;da da seguinte forma:<\/p><p>13.6.1 caso n&atilde;o haja discrep&acirc;ncia entre os dois corretores, a nota final do participante ser&aacute; a m&eacute;dia aritm&eacute;tica das notas totais atribu&iacute;das pelos dois corretores;<\/p><p>13.6.2 caso haja discrep&acirc;ncia entre os dois corretores, haver&aacute; recurso de of&iacute;cio (autom&aacute;tico), e a reda&ccedil;&atilde;o ser&aacute; corrigida, de forma independente, por um terceiro corretor;<\/p><p>13.6.2.1 caso n&atilde;o haja discrep&acirc;ncia entre o terceiro corretor e os outros dois corretores, a nota final do participante ser&aacute; a m&eacute;dia aritm&eacute;tica entre as duas notas totais que mais se aproximarem, sendo descartada a outra nota;<\/p><p>13.6.2.2 sendo a nota total do terceiro corretor equidistante das notas totais atribu&iacute;das pelos outros dois corretores e na impossibilidade de aproxima&ccedil;&atilde;o da nota atribu&iacute;da pelo terceiro corretor com um dos outros dois, por n&atilde;o haver qualquer discrep&acirc;ncia entre eles, a reda&ccedil;&atilde;o ser&aacute; corrigida por uma banca composta por tr&ecirc;s corretores, que atribuir&aacute; a nota final do participante, sendo descartadas as notas anteriores;<\/p><p>13.6.2.3 caso haja discrep&acirc;ncia entre o terceiro corretor e apenas um dos corretores, a nota final do participante ser&aacute; a m&eacute;dia aritm&eacute;tica entre as duas notas atribu&iacute;das pelos corretores que n&atilde;o apresentaram discrep&acirc;ncia, sendo descartada a outra nota;<\/p><p>13.6.2.4 caso o terceiro corretor apresente discrep&acirc;ncia com os outros dois corretores, haver&aacute; novo recurso de of&iacute;cio, e a reda&ccedil;&atilde;o ser&aacute; corrigida por uma banca composta por tr&ecirc;s corretores que atribuir&aacute; a nota final do participante, sendo descartadas as notas anteriores.<\/p><p>13.7 A banca avaliadora poder&aacute; atribuir nota 0 (zero) &agrave; reda&ccedil;&atilde;o que:<\/p><p>13.7.1 n&atilde;o atender &agrave; proposta solicitada ou possua outra estrutura textual que n&atilde;o seja a estrutura dissertativo-argumentativa, o que configurar&aacute; &ldquo;Fuga ao tema\/n&atilde;o atendimento &agrave; estrutura dissertativo-argumentativa&rdquo;;<\/p><p>13.7.2 n&atilde;o apresente texto escrito na Folha de Reda&ccedil;&atilde;o, que ser&aacute; considerada &ldquo;Em Branco&rdquo;;<\/p><p>13.7.3 apresente at&eacute; 7 (sete) linhas manuscritas, qualquer que seja o conte&uacute;do, o que configurar&aacute; &ldquo;Texto insuficiente&rdquo;, ou apresente at&eacute; 10 (dez) linhas escritas no Sistema Braile, qualquer que seja o conte&uacute;do, o que configurar&aacute; &ldquo;Texto insuficiente&rdquo;;<\/p><p>13.7.4 apresente improp&eacute;rios, desenhos e outras formas propositais de anula&ccedil;&atilde;o, o que configurar&aacute; &ldquo;Anulada&rdquo;;<\/p><p>13.7.5 apresente parte do texto deliberadamente desconectada com o tema proposto, o que configurar&aacute; &ldquo;Anulada&rdquo;;<\/p><p>13.7.6 apresente nome, assinatura, rubrica ou qualquer outra forma de identifica&ccedil;&atilde;o no espa&ccedil;o destinado exclusivamente ao texto da reda&ccedil;&atilde;o, o que configurar&aacute; &ldquo;Anulada&rdquo;;<\/p><p>13.7.7 esteja escrita predominante ou integralmente em l&iacute;ngua estrangeira;<\/p><p>13.7.8 apresente letra ileg&iacute;vel, que impossibilite sua leitura por dois avaliadores independentes, o que configurar&aacute; &ldquo;Anulada&rdquo;.<\/p><p>13.8 A reda&ccedil;&atilde;o que apresentar c&oacute;pia dos textos da Proposta de Reda&ccedil;&atilde;o ou do Caderno de Provas ter&aacute; o n&uacute;mero de linhas copiadas desconsiderado para a contagem do n&uacute;mero m&iacute;nimo de linhas.<\/p><p>13.9 Na corre&ccedil;&atilde;o da reda&ccedil;&atilde;o do participante com surdez, defici&ecirc;ncia auditiva, surdocegueira e\/ou com transtorno do espectro autista, com o documento, a declara&ccedil;&atilde;o ou o parecer que motivou a solicita&ccedil;&atilde;o de atendimento especializado aprovado, ser&atilde;o adotados mecanismos de avalia&ccedil;&atilde;o coerentes com suas singularidades lingu&iacute;sticas no dom&iacute;nio da modalidade escrita da l&iacute;ngua portuguesa, em conformidade com o inciso VI do art. 30 da Lei n&ordm; 13.146, de 6 de junho de 2015.<\/p><p>13.10 Na corre&ccedil;&atilde;o da reda&ccedil;&atilde;o do participante com dislexia, com o documento, a declara&ccedil;&atilde;o ou o parecer que motivou a solicita&ccedil;&atilde;o de atendimento especializado aprovado, ser&atilde;o adotados mecanismos de avalia&ccedil;&atilde;o que considerem as caracter&iacute;sticas lingu&iacute;sticas desse transtorno espec&iacute;fico.<\/p><h3 class=\"wp-block-heading\">14. DOS RESULTADOS<\/h3><p>14.1 Os gabaritos das provas objetivas ser&atilde;o divulgados no Portal do Inep, no endere&ccedil;o &lt;https:\/\/www.gov.br\/inep\/pt-br\/areas-de-atuacao\/avaliacao-e-exames-educacionais\/enem&gt;, no dia 24 de novembro de 2023.<\/p><p>14.2 O participante poder&aacute; ter acesso aos seus resultados individuais do Enem 2023, no dia 16 de janeiro de 2024, mediante inser&ccedil;&atilde;o do n&uacute;mero do CPF e da senha, no endere&ccedil;o &lt;enem.inep.gov.br\/participante&gt;.<\/p><p>14.3 O participante poder&aacute; ter acesso &agrave; vista de sua prova de reda&ccedil;&atilde;o exclusivamente para fins pedag&oacute;gicos, ap&oacute;s a divulga&ccedil;&atilde;o do resultado, em data a ser divulgada posteriormente. A vista da prova de reda&ccedil;&atilde;o ser&aacute; disponibilizada no endere&ccedil;o &lt;enem.inep.gov.br\/participante&gt;.<\/p><p>14.3.1 Para os resultados da reda&ccedil;&atilde;o citados nos itens 13.7.4, 13.7.5, 13.7.6 e 13.7.8 n&atilde;o ser&aacute; disponibilizada &agrave; vista de sua prova de reda&ccedil;&atilde;o.<\/p><p>14.4 Os resultados individuais do Enem 2023 n&atilde;o ser&atilde;o divulgados por outros meios de publica&ccedil;&atilde;o ou instrumentos similares diferentes dos explicitados neste Edital.<\/p><p>14.5 Somente o participante poder&aacute; autorizar a utiliza&ccedil;&atilde;o dos resultados que obteve no Enem 2023 para fins de publicidade e premia&ccedil;&atilde;o, entre outros.<\/p><p>14.6 A utiliza&ccedil;&atilde;o dos resultados individuais do Enem 2023, pelo participante, para fins de sele&ccedil;&atilde;o, classifica&ccedil;&atilde;o e\/ou premia&ccedil;&atilde;o n&atilde;o &eacute; de responsabilidade do Inep.<\/p><p>14.7 Os resultados do Enem 2023 poder&atilde;o ser utilizados como mecanismo &uacute;nico, alternativo ou complementar de acesso &agrave; educa&ccedil;&atilde;o superior, desde que exista ades&atilde;o por parte das institui&ccedil;&otilde;es de educa&ccedil;&atilde;o superior (IES). A ades&atilde;o n&atilde;o supre a faculdade legal concedida a &oacute;rg&atilde;os p&uacute;blicos e a institui&ccedil;&otilde;es de ensino de estabelecer regras pr&oacute;prias de processo seletivo para ingresso na educa&ccedil;&atilde;o superior.<\/p><p>14.8 A inscri&ccedil;&atilde;o do participante no Enem 2023 caracterizar&aacute; seu formal consentimento para a disponibiliza&ccedil;&atilde;o das suas notas e informa&ccedil;&otilde;es, incluindo as do Question&aacute;rio Socioecon&ocirc;mico, aos programas governamentais do Minist&eacute;rio da Educa&ccedil;&atilde;o e processos seletivos de ingresso &agrave; educa&ccedil;&atilde;o superior.<\/p><p>14.9 O Inep encaminhar&aacute; os dados e os resultados dos participantes do Enem 2023 &agrave; Secretaria de Educa&ccedil;&atilde;o Superior do Minist&eacute;rio da Educa&ccedil;&atilde;o (Sesu\/MEC) e &agrave;s institui&ccedil;&otilde;es de educa&ccedil;&atilde;o superior p&uacute;blicas, privadas ou estrangeiras, de acordo com crit&eacute;rios, diretrizes e procedimentos definidos em regulamenta&ccedil;&atilde;o espec&iacute;fica de cada ente.<\/p><p>14.10 O resultado do participante eliminado n&atilde;o ser&aacute; divulgado mesmo que tenha realizado os dois dias de aplica&ccedil;&atilde;o do Exame.<\/p><p>14.11 O resultado do Enem 2023, para fins exclusivos de autoavalia&ccedil;&atilde;o de conhecimentos do participante &ldquo;treineiro&rdquo;, ser&aacute; divulgado 60 (sessenta) dias ap&oacute;s a divulga&ccedil;&atilde;o dos resultados do Exame.<\/p><p>14.11.1 As regras dos itens 14.7, 14.8 e 14.9 n&atilde;o se aplicam aos resultados individuais dos participantes &ldquo;treineiros&rdquo;.<\/p><h3 class=\"wp-block-heading\">15. DA REAPLICA&Ccedil;&Atilde;O<\/h3><p>15.1 O participante afetado por problemas log&iacute;sticos durante a aplica&ccedil;&atilde;o das provas ou acometido por uma das doen&ccedil;as infectocontagiosas citadas no item 15.1.1 deste Edital, na semana que antecede o primeiro ou o segundo dia de aplica&ccedil;&atilde;o das provas, poder&aacute; solicitar a reaplica&ccedil;&atilde;o do Exame em at&eacute; cinco dias &uacute;teis ap&oacute;s o &uacute;ltimo dia de aplica&ccedil;&atilde;o das provas, no endere&ccedil;o &lt;enem.inep.gov.br\/participante&gt;. As solicita&ccedil;&otilde;es ser&atilde;o analisadas, individualmente, pelo Inep.<\/p><p>15.1.1 O participante que esteja com uma das doen&ccedil;as infectocontagiosas (tuberculose, coqueluche, difteria, doen&ccedil;a invasiva por Haemophilus influenzae, doen&ccedil;a meningoc&oacute;cica e outras meningites, var&iacute;ola, var&iacute;ola dos macacos (monkeypox), influenza humana A e B, poliomielite por poliov&iacute;rus selvagem, sarampo, rub&eacute;ola, varicela e covid-19) n&atilde;o dever&aacute; comparecer ao local de aplica&ccedil;&atilde;o para realizar o Exame e dever&aacute; solicitar reaplica&ccedil;&atilde;o.<\/p><p>15.1.1.1 Para a an&aacute;lise, o participante dever&aacute; inserir documento, conforme previsto no item 4.2.3 deste Edital. A aprova&ccedil;&atilde;o do documento comprobat&oacute;rio garante a participa&ccedil;&atilde;o na reaplica&ccedil;&atilde;o do Exame, em data a ser divulgada pelo Inep.<\/p><p>15.1.2 O participante afetado por problemas log&iacute;sticos durante o 1&ordm; dia de aplica&ccedil;&atilde;o das provas dever&aacute; comparecer, no 2&ordm; dia de aplica&ccedil;&atilde;o e poder&aacute; solicitar a reaplica&ccedil;&atilde;o do Exame do 1&ordm; dia.<\/p><p>15.1.3 S&atilde;o considerados problemas log&iacute;sticos para fins de reaplica&ccedil;&atilde;o, fatores supervenientes, peculiares, eventuais ou de for&ccedil;a maior, como: desastres naturais (que prejudiquem a aplica&ccedil;&atilde;o do Exame devido ao comprometimento da infraestrutura do local), falta de energia el&eacute;trica (que comprometa a visibilidade da prova pela aus&ecirc;ncia de luz natural), falha no dispositivo eletr&ocirc;nico fornecido ao participante ou erro de execu&ccedil;&atilde;o de procedimento de aplica&ccedil;&atilde;o que incorra em comprovado preju&iacute;zo ao participante.<\/p><p>15.2 Os dados informados ou os documentos anexados na solicita&ccedil;&atilde;o de reaplica&ccedil;&atilde;o n&atilde;o poder&atilde;o ser alterados ap&oacute;s o envio da solicita&ccedil;&atilde;o.<\/p><p>15.3 A aprova&ccedil;&atilde;o ou a reprova&ccedil;&atilde;o da solicita&ccedil;&atilde;o de reaplica&ccedil;&atilde;o dever&aacute; ser consultada pelo endere&ccedil;o &lt;enem.inep.gov.br\/participante&gt;.<\/p><p>15.3.1 N&atilde;o ser&aacute; aceita solicita&ccedil;&atilde;o de reaplica&ccedil;&atilde;o realizada fora do endere&ccedil;o &lt;enem.inep.gov.br\/participante&gt; e\/ou fora do per&iacute;odo, conforme item 15.1 deste Edital.<\/p><p>15.4 O Inep n&atilde;o se responsabiliza pelo n&atilde;o recebimento da solicita&ccedil;&atilde;o de reaplica&ccedil;&atilde;o e\/ou dos documentos por quaisquer motivos de ordem t&eacute;cnica dos aparelhos eletr&ocirc;nicos, falhas de comunica&ccedil;&atilde;o, congestionamento das linhas de comunica&ccedil;&atilde;o e\/ou procedimento indevido do participante, problemas de senha no Portal Gov.br, bem como por outros fatores que impossibilitem a transfer&ecirc;ncia de dados, sendo de responsabilidade do participante acompanhar sua solicita&ccedil;&atilde;o.<\/p><p>15.5 O participante que alegar indisposi&ccedil;&atilde;o ou problemas de sa&uacute;de durante a aplica&ccedil;&atilde;o e n&atilde;o concluir as provas ou precisar ausentar-se do local de provas n&atilde;o poder&aacute; retornar &agrave; sala de provas para concluir o Exame e n&atilde;o poder&aacute; solicitar a reaplica&ccedil;&atilde;o.<\/p><p>15.6 O recurso de acessibilidade videoprova em Libras n&atilde;o ser&aacute; fornecido na reaplica&ccedil;&atilde;o, ainda que o participante tenha solicitado no ato da inscri&ccedil;&atilde;o. O Inep disponibilizar&aacute; int&eacute;rprete de libras para os participantes.<\/p><p>15.7 Haver&aacute; apenas uma reaplica&ccedil;&atilde;o do Enem.<\/p><h3 class=\"wp-block-heading\">16. DAS DISPOSI&Ccedil;&Otilde;ES FINAIS<\/h3><p>16.1 O Inep disponibilizar&aacute; a Declara&ccedil;&atilde;o de Comparecimento, por dia de aplica&ccedil;&atilde;o, no endere&ccedil;o &lt;enem.inep.gov.br\/participante&gt;, mediante informa&ccedil;&atilde;o de CPF e senha.<\/p><p>16.1.1 O participante interessado dever&aacute; apresentar, antes de ingressar na sala, a Declara&ccedil;&atilde;o impressa ao chefe de sala, em cada dia de prova, para confirma&ccedil;&atilde;o de sua presen&ccedil;a no Exame, e posteriormente guard&aacute;-la no envelope porta-objetos.<\/p><p>16.1.2 O Inep n&atilde;o disponibilizar&aacute; a Declara&ccedil;&atilde;o de Comparecimento e o Cart&atilde;o de Confirma&ccedil;&atilde;o da Inscri&ccedil;&atilde;o ap&oacute;s a aplica&ccedil;&atilde;o de cada dia de prova.<\/p><p>16.2 O Inep n&atilde;o se responsabiliza pela guarda, perda, extravio ou danos a documentos de identifica&ccedil;&atilde;o, aparelhos eletr&ocirc;nicos ou pertences do participante durante a realiza&ccedil;&atilde;o das provas.<\/p><p>16.3 O participante n&atilde;o poder&aacute; prestar o Exame fora dos espa&ccedil;os f&iacute;sicos, das datas e dos hor&aacute;rios definidos pelo Inep.<\/p><p>16.4 O n&atilde;o comparecimento nos locais de provas nas datas e nos hor&aacute;rios informados pelo Inep caracterizar&aacute; aus&ecirc;ncia do participante, n&atilde;o havendo segunda oportunidade para a realiza&ccedil;&atilde;o das provas, exceto os casos previstos no item 15.1.1 deste Edital.<\/p><p>16.5 As informa&ccedil;&otilde;es pessoais, educacionais e socioecon&ocirc;micas, e os resultados individuais do Enem 2023 somente poder&atilde;o ser divulgados mediante a autoriza&ccedil;&atilde;o expressa do participante, exceto nas situa&ccedil;&otilde;es previstas nos itens 14.8 e 14.9 deste Edital e poder&atilde;o ainda ser utilizadas para valida&ccedil;&atilde;o das condi&ccedil;&otilde;es informadas da Lei n&ordm; 13.709, de 14 de agosto de 2018.<\/p><p>16.6 O Inep n&atilde;o fornecer&aacute; atestados, certificados ou certid&otilde;es relativas &agrave; classifica&ccedil;&atilde;o ou &agrave; nota do participante no Exame.<\/p><p>16.7 O Inep n&atilde;o enviar&aacute; nenhum tipo de correspond&ecirc;ncia &agrave; resid&ecirc;ncia do participante para informar dados referentes a inscri&ccedil;&atilde;o, local de provas e resultado do participante. O participante dever&aacute; obrigatoriamente acessar o endere&ccedil;o &lt;enem.inep.gov.br\/participante&gt; e consultar os dados, sendo o &uacute;nico respons&aacute;vel por esse procedimento.<\/p><p>16.8 A inscri&ccedil;&atilde;o do participante implica a aceita&ccedil;&atilde;o das disposi&ccedil;&otilde;es, das diretrizes e dos procedimentos do Enem 2023 contidos neste Edital. O participante n&atilde;o poder&aacute; alegar desconhecimento das regras.<\/p><p>16.9 O presente Edital poder&aacute; ser alterado, revogado ou anulado, no todo ou em parte, seja por decis&atilde;o unilateral do Inep, por motivo de interesse p&uacute;blico ou exig&ecirc;ncia legal, em decis&atilde;o fundamentada, decorrente de fato superveniente, sem que isso implique direito a indeniza&ccedil;&atilde;o ou reclama&ccedil;&atilde;o de qualquer natureza, conforme legisla&ccedil;&atilde;o vigente.<\/p><p>16.10 Os casos omissos e as eventuais d&uacute;vidas referentes a este Edital ser&atilde;o resolvidos e esclarecidos pelo Inep.<\/p><p class=\"has-text-align-right\"><em>MANUEL FERNANDO PALACIOS DA CUNHA E MELO<\/em><\/p><h2 class=\"wp-block-heading\" id=\"como-estudar-para-o-enem-2021\"><span class=\"ez-toc-section\" id=\"Como-estudar-para-o-Enem-2023\"><\/span>Como estudar para o Enem 2023?<span class=\"ez-toc-section-end\"><\/span><\/h2><p>Agora que o Enem 2023 j&aacute; tem data marcada, &eacute; preciso come&ccedil;ar os estudos o quanto antes. Afinal, por ser o maior vestibular do Brasil, a concorr&ecirc;ncia e a dificuldade do exame aumentam a cada ano.&nbsp;<\/p><p>Para te ajudar, o&nbsp;Estrat&eacute;gia Vestibulares oferece diariamente aulas gratuitas no&nbsp;YouTube&nbsp;sobre todas as mat&eacute;rias que caem no Enem e em diversos vestibulares brasileiros.<\/p><p>Al&eacute;m disso, para aqueles que querem investir nos estudos, a plataforma tamb&eacute;m oferece um curso preparat&oacute;rio exclusivo sobre o Enem 2023, com professores especialistas na prova e com diversos benef&iacute;cios. D&aacute; s&oacute; uma olhada:<\/p><ul class=\"wp-block-list\">\n<li>Curso com livros digitais;<\/li>\n\n\n\n<li>Corre&ccedil;&atilde;o ilimitada de&nbsp;<a href=\"https:\/\/vestibulares.estrategia.com\/portal\/redacao\/enem-redacao\/\" target=\"_blank\">reda&ccedil;&otilde;es<\/a>;<\/li>\n\n\n\n<li>F&oacute;rum de d&uacute;vidas;<\/li>\n\n\n\n<li><a href=\"https:\/\/vestibulares.estrategia.com\/portal\/simulado\/simulado-enem\/\" target=\"_blank\">Simulados<\/a>&nbsp;com quest&otilde;es in&eacute;ditas;<\/li>\n\n\n\n<li>Quest&otilde;es comentadas;<\/li>\n\n\n\n<li>Mapas mentais; e<\/li>\n\n\n\n<li>Entre muitas outras vantagens.<\/li>\n<\/ul><p>Ficou interessado, assine o curso preparat&oacute;rio para o Enem do Estrat&eacute;gia Vestibulares!<\/p><figure class=\"wp-block-image\" id=\"cta\"><a href=\"https:\/\/vestibulares.estrategia.com\/curso\/pacote-extensivo-para-enem-2023-extensivo\/\" target=\"_blank\" rel=\"noopener noreferrer\"><img decoding=\"async\" src=\"https:\/\/vestibulares.estrategia.com\/portal\/wp-content\/uploads\/2021\/12\/Enem.jpg\" alt=\"CTA curso Enem\"><\/a><\/figure><h2 class=\"wp-block-heading\"><span class=\"ez-toc-section\" id=\"Saiba-mais-sobre-o-Enem\"><\/span>Saiba mais sobre o Enem<span class=\"ez-toc-section-end\"><\/span><\/h2><ul class=\"wp-block-list\">\n<li><a href=\"https:\/\/vestibulares.estrategia.com\/portal\/enem\/guia-do-enem\/\">Guia do Enem: baixe o e-book gratuito sobre a prova<\/a><\/li>\n\n\n\n<li><a href=\"https:\/\/vestibulares.estrategia.com\/portal\/enem\/calendario-enem\/\">Calend&aacute;rio Enem 2023: datas, inscri&ccedil;&otilde;es, provas e resultado<\/a>&nbsp;<\/li>\n\n\n\n<li><a href=\"https:\/\/vestibulares.estrategia.com\/portal\/enem\/isencao-enem\/\">Isen&ccedil;&atilde;o Enem 2023: veja como solicitar<\/a>&nbsp;<\/li>\n\n\n\n<li><a href=\"https:\/\/vestibulares.estrategia.com\/portal\/enem\/enem\/\">Enem 2023: cronograma, edital, provas, nota, reda&ccedil;&atilde;o e mais!<\/a>&nbsp;<\/li>\n\n\n\n<li><a href=\"https:\/\/vestibulares.estrategia.com\/portal\/enem\/tudo-sobre-resultado-enem\/\">Resultado do Enem: quando sai, como acessar, onde usar a nota e mais!<\/a>&nbsp;<\/li>\n\n\n\n<li><a href=\"https:\/\/vestibulares.estrategia.com\/portal\/enem\/como-calcular-nota-enem\/\">Como calcular a nota do Enem?<\/a><\/li>\n\n\n\n<li><a href=\"https:\/\/vestibulares.estrategia.com\/portal\/enem\/nota-do-enem-pontuacao-cada-curso\/\">Nota do Enem: saiba qual &eacute; a pontua&ccedil;&atilde;o necess&aacute;ria para cada curso<\/a><\/li>\n\n\n\n<li><a href=\"https:\/\/vestibulares.estrategia.com\/portal\/enem\/como-deve-ser-foto-enem\/\" target=\"_blank\">Como deve ser a foto do Enem?<\/a><\/li>\n<\/ul><\/p>\n","protected":false},"excerpt":{"rendered":"Prova ser\u00e1 aplicada nos dias 05 e 12 de novembro de 2023 e ter\u00e1 apenas a edi\u00e7\u00e3o impressa; leia o edital do Enem 2023 na \u00edntegra\n","protected":false},"author":31,"featured_media":90709,"comment_status":"closed","ping_status":"closed","sticky":false,"template":"","format":"standard","meta":{"wl_entities_gutenberg":"","footnotes":""},"categories":[43],"tags":[48],"wl_entity_type":[732],"class_list":{"0":"post-90704","1":"post","2":"type-post","3":"status-publish","4":"format-standard","5":"has-post-thumbnail","7":"category-enem","8":"tag-enem","9":"wl_entity_type-article"},"acf":[],"yoast_head":"<!-- This site is optimized with the Yoast SEO Premium plugin v25.9 (Yoast SEO v25.9) - https:\/\/yoast.com\/wordpress\/plugins\/seo\/ -->\n<title>Edital Enem 2023: datas, inscri\u00e7\u00f5es, provas; leia na \u00edntegra<\/title>\n<meta name=\"description\" content=\"Prova ser\u00e1 aplicada nos dias 05 e 12 de novembro de 2023 e ter\u00e1 apenas a edi\u00e7\u00e3o impressa; leia o edital do Enem 2023 na \u00edntegra\" \/>\n<meta name=\"robots\" content=\"index, follow, max-snippet:-1, max-image-preview:large, max-video-preview:-1\" \/>\n<link rel=\"canonical\" href=\"https:\/\/vestibulares.estrategia.com\/portal\/enem-e-vestibulares\/enem\/edital-enem-2023\/\" \/>\n<meta property=\"og:locale\" content=\"pt_BR\" \/>\n<meta property=\"og:type\" content=\"article\" \/>\n<meta property=\"og:title\" content=\"Edital Enem 2023: datas, inscri\u00e7\u00f5es, provas; leia na \u00edntegra\" \/>\n<meta property=\"og:description\" content=\"Prova ser\u00e1 aplicada nos dias 05 e 12 de novembro de 2023 e ter\u00e1 apenas a edi\u00e7\u00e3o impressa; leia o edital do Enem 2023 na \u00edntegra\" \/>\n<meta property=\"og:url\" content=\"https:\/\/vestibulares.estrategia.com\/portal\/enem-e-vestibulares\/enem\/edital-enem-2023\/\" \/>\n<meta property=\"og:site_name\" content=\"Estrat\u00e9gia Vestibulares\" \/>\n<meta property=\"article:publisher\" content=\"https:\/\/facebook.com\/estrategiavestibulares\" \/>\n<meta property=\"article:published_time\" content=\"2023-05-08T10:54:09+00:00\" \/>\n<meta property=\"article:modified_time\" content=\"2023-05-08T15:29:56+00:00\" \/>\n<meta property=\"og:image\" content=\"https:\/\/cdn.blog.estrategiavestibulares.com.br\/vestibulares\/wp-content\/uploads\/2023\/05\/edital-enem-2023.jpg\" \/>\n\t<meta property=\"og:image:width\" content=\"1280\" \/>\n\t<meta property=\"og:image:height\" content=\"720\" \/>\n\t<meta property=\"og:image:type\" content=\"image\/jpeg\" \/>\n<meta name=\"author\" content=\"Isabela Giordan\" \/>\n<meta name=\"twitter:card\" content=\"summary_large_image\" \/>\n<meta name=\"twitter:creator\" content=\"@Estrategiavest\" \/>\n<meta name=\"twitter:site\" content=\"@Estrategiavest\" \/>\n<meta name=\"twitter:label1\" content=\"Escrito por\" \/>\n\t<meta name=\"twitter:data1\" content=\"Isabela Giordan\" \/>\n\t<meta name=\"twitter:label2\" content=\"Est. tempo de leitura\" \/>\n\t<meta name=\"twitter:data2\" content=\"60 minutos\" \/>\n<script type=\"application\/ld+json\" class=\"yoast-schema-graph\">{\"@context\":\"https:\/\/schema.org\",\"@graph\":[{\"@type\":\"Article\",\"@id\":\"https:\/\/vestibulares.estrategia.com\/portal\/enem-e-vestibulares\/enem\/edital-enem-2023\/#article\",\"isPartOf\":{\"@id\":\"https:\/\/vestibulares.estrategia.com\/portal\/enem-e-vestibulares\/enem\/edital-enem-2023\/\"},\"author\":{\"name\":\"Isabela Giordan\",\"@id\":\"https:\/\/vestibulares.estrategia.com\/portal\/#\/schema\/person\/921258b32670b22cbb1ae385e2fcb501\"},\"headline\":\"Edital Enem 2023: datas, inscri\u00e7\u00f5es, provas; leia na \u00edntegra\",\"datePublished\":\"2023-05-08T10:54:09+00:00\",\"dateModified\":\"2023-05-08T15:29:56+00:00\",\"mainEntityOfPage\":{\"@id\":\"https:\/\/vestibulares.estrategia.com\/portal\/enem-e-vestibulares\/enem\/edital-enem-2023\/\"},\"wordCount\":12071,\"publisher\":{\"@id\":\"https:\/\/vestibulares.estrategia.com\/portal\/#organization\"},\"image\":{\"@id\":\"https:\/\/vestibulares.estrategia.com\/portal\/enem-e-vestibulares\/enem\/edital-enem-2023\/#primaryimage\"},\"thumbnailUrl\":\"https:\/\/vestibulares.estrategia.com\/portal\/wp-content\/uploads\/2023\/05\/edital-enem-2023.jpg\",\"keywords\":[\"enem\"],\"articleSection\":[\"Enem\"],\"inLanguage\":\"pt-BR\"},{\"@type\":\"WebPage\",\"@id\":\"https:\/\/vestibulares.estrategia.com\/portal\/enem-e-vestibulares\/enem\/edital-enem-2023\/\",\"url\":\"https:\/\/vestibulares.estrategia.com\/portal\/enem-e-vestibulares\/enem\/edital-enem-2023\/\",\"name\":\"Edital Enem 2023: datas, inscri\u00e7\u00f5es, provas; leia na \u00edntegra\",\"isPartOf\":{\"@id\":\"https:\/\/vestibulares.estrategia.com\/portal\/#website\"},\"primaryImageOfPage\":{\"@id\":\"https:\/\/vestibulares.estrategia.com\/portal\/enem-e-vestibulares\/enem\/edital-enem-2023\/#primaryimage\"},\"image\":{\"@id\":\"https:\/\/vestibulares.estrategia.com\/portal\/enem-e-vestibulares\/enem\/edital-enem-2023\/#primaryimage\"},\"thumbnailUrl\":\"https:\/\/vestibulares.estrategia.com\/portal\/wp-content\/uploads\/2023\/05\/edital-enem-2023.jpg\",\"datePublished\":\"2023-05-08T10:54:09+00:00\",\"dateModified\":\"2023-05-08T15:29:56+00:00\",\"description\":\"Prova ser\u00e1 aplicada nos dias 05 e 12 de novembro de 2023 e ter\u00e1 apenas a edi\u00e7\u00e3o impressa; leia o edital do Enem 2023 na \u00edntegra\",\"breadcrumb\":{\"@id\":\"https:\/\/vestibulares.estrategia.com\/portal\/enem-e-vestibulares\/enem\/edital-enem-2023\/#breadcrumb\"},\"inLanguage\":\"pt-BR\",\"potentialAction\":[{\"@type\":\"ReadAction\",\"target\":[\"https:\/\/vestibulares.estrategia.com\/portal\/enem-e-vestibulares\/enem\/edital-enem-2023\/\"]}]},{\"@type\":\"ImageObject\",\"inLanguage\":\"pt-BR\",\"@id\":\"https:\/\/vestibulares.estrategia.com\/portal\/enem-e-vestibulares\/enem\/edital-enem-2023\/#primaryimage\",\"url\":\"https:\/\/vestibulares.estrategia.com\/portal\/wp-content\/uploads\/2023\/05\/edital-enem-2023.jpg\",\"contentUrl\":\"https:\/\/vestibulares.estrategia.com\/portal\/wp-content\/uploads\/2023\/05\/edital-enem-2023.jpg\",\"width\":1280,\"height\":720,\"caption\":\"edital enem 2023\"},{\"@type\":\"BreadcrumbList\",\"@id\":\"https:\/\/vestibulares.estrategia.com\/portal\/enem-e-vestibulares\/enem\/edital-enem-2023\/#breadcrumb\",\"itemListElement\":[{\"@type\":\"ListItem\",\"position\":1,\"name\":\"Home\",\"item\":\"https:\/\/vestibulares.estrategia.com\/portal\/\"},{\"@type\":\"ListItem\",\"position\":2,\"name\":\"Enem e Vestibulares\",\"item\":\"https:\/\/vestibulares.estrategia.com\/portal\/enem-e-vestibulares\/\"},{\"@type\":\"ListItem\",\"position\":3,\"name\":\"Enem\",\"item\":\"https:\/\/vestibulares.estrategia.com\/portal\/enem-e-vestibulares\/enem\/\"},{\"@type\":\"ListItem\",\"position\":4,\"name\":\"Edital Enem 2023: datas, inscri\u00e7\u00f5es, provas; leia na \u00edntegra\"}]},{\"@type\":\"WebSite\",\"@id\":\"https:\/\/vestibulares.estrategia.com\/portal\/#website\",\"url\":\"https:\/\/vestibulares.estrategia.com\/portal\/\",\"name\":\"Estrat\u00e9gia Vestibulares\",\"description\":\"\",\"publisher\":{\"@id\":\"https:\/\/vestibulares.estrategia.com\/portal\/#organization\"},\"potentialAction\":[{\"@type\":\"SearchAction\",\"target\":{\"@type\":\"EntryPoint\",\"urlTemplate\":\"https:\/\/vestibulares.estrategia.com\/portal\/?s={search_term_string}\"},\"query-input\":{\"@type\":\"PropertyValueSpecification\",\"valueRequired\":true,\"valueName\":\"search_term_string\"}}],\"inLanguage\":\"pt-BR\"},{\"@type\":\"Organization\",\"@id\":\"https:\/\/vestibulares.estrategia.com\/portal\/#organization\",\"name\":\"Estrat\u00e9gia Vestibulares\",\"url\":\"https:\/\/vestibulares.estrategia.com\/portal\/\",\"logo\":{\"@type\":\"ImageObject\",\"inLanguage\":\"pt-BR\",\"@id\":\"https:\/\/vestibulares.estrategia.com\/portal\/#\/schema\/logo\/image\/\",\"url\":\"https:\/\/vestibulares.estrategia.com\/portal\/wp-content\/uploads\/2021\/06\/Logo-Vestibulares@4x.png\",\"contentUrl\":\"https:\/\/vestibulares.estrategia.com\/portal\/wp-content\/uploads\/2021\/06\/Logo-Vestibulares@4x.png\",\"width\":250,\"height\":66,\"caption\":\"Estrat\u00e9gia Vestibulares\"},\"image\":{\"@id\":\"https:\/\/vestibulares.estrategia.com\/portal\/#\/schema\/logo\/image\/\"},\"sameAs\":[\"https:\/\/facebook.com\/estrategiavestibulares\",\"https:\/\/x.com\/Estrategiavest\",\"https:\/\/www.instagram.com\/estrategiavestibulares\",\"https:\/\/www.youtube.com\/channel\/UCGWdZy8ULI-7_5GrABa4vNA\"]},{\"@type\":\"Person\",\"@id\":\"https:\/\/vestibulares.estrategia.com\/portal\/#\/schema\/person\/921258b32670b22cbb1ae385e2fcb501\",\"name\":\"Isabela Giordan\",\"image\":{\"@type\":\"ImageObject\",\"inLanguage\":\"pt-BR\",\"@id\":\"https:\/\/vestibulares.estrategia.com\/portal\/#\/schema\/person\/image\/\",\"url\":\"https:\/\/secure.gravatar.com\/avatar\/474493e24ecabfb752d6ed2de1af8d2f?s=96&d=mm&r=g\",\"contentUrl\":\"https:\/\/secure.gravatar.com\/avatar\/474493e24ecabfb752d6ed2de1af8d2f?s=96&d=mm&r=g\",\"caption\":\"Isabela Giordan\"},\"description\":\"Jornalista de Educa\u00e7\u00e3o e Coordenadora de Jornalismo do Estrat\u00e9gia Vestibulares.\",\"url\":\"https:\/\/vestibulares.estrategia.com\/portal\/author\/isabela\/\"}]}<\/script>\n<!-- \/ Yoast SEO Premium plugin. -->","yoast_head_json":{"title":"Edital Enem 2023: datas, inscri\u00e7\u00f5es, provas; leia na \u00edntegra","description":"Prova ser\u00e1 aplicada nos dias 05 e 12 de novembro de 2023 e ter\u00e1 apenas a edi\u00e7\u00e3o impressa; leia o edital do Enem 2023 na \u00edntegra","robots":{"index":"index","follow":"follow","max-snippet":"max-snippet:-1","max-image-preview":"max-image-preview:large","max-video-preview":"max-video-preview:-1"},"canonical":"https:\/\/vestibulares.estrategia.com\/portal\/enem-e-vestibulares\/enem\/edital-enem-2023\/","og_locale":"pt_BR","og_type":"article","og_title":"Edital Enem 2023: datas, inscri\u00e7\u00f5es, provas; leia na \u00edntegra","og_description":"Prova ser\u00e1 aplicada nos dias 05 e 12 de novembro de 2023 e ter\u00e1 apenas a edi\u00e7\u00e3o impressa; leia o edital do Enem 2023 na \u00edntegra","og_url":"https:\/\/vestibulares.estrategia.com\/portal\/enem-e-vestibulares\/enem\/edital-enem-2023\/","og_site_name":"Estrat\u00e9gia Vestibulares","article_publisher":"https:\/\/facebook.com\/estrategiavestibulares","article_published_time":"2023-05-08T10:54:09+00:00","article_modified_time":"2023-05-08T15:29:56+00:00","og_image":[{"width":1280,"height":720,"url":"https:\/\/cdn.blog.estrategiavestibulares.com.br\/vestibulares\/wp-content\/uploads\/2023\/05\/edital-enem-2023.jpg","type":"image\/jpeg"}],"author":"Isabela Giordan","twitter_card":"summary_large_image","twitter_creator":"@Estrategiavest","twitter_site":"@Estrategiavest","twitter_misc":{"Escrito por":"Isabela Giordan","Est. tempo de leitura":"60 minutos"},"schema":{"@context":"https:\/\/schema.org","@graph":[{"@type":"Article","@id":"https:\/\/vestibulares.estrategia.com\/portal\/enem-e-vestibulares\/enem\/edital-enem-2023\/#article","isPartOf":{"@id":"https:\/\/vestibulares.estrategia.com\/portal\/enem-e-vestibulares\/enem\/edital-enem-2023\/"},"author":{"name":"Isabela Giordan","@id":"https:\/\/vestibulares.estrategia.com\/portal\/#\/schema\/person\/921258b32670b22cbb1ae385e2fcb501"},"headline":"Edital Enem 2023: datas, inscri\u00e7\u00f5es, provas; leia na \u00edntegra","datePublished":"2023-05-08T10:54:09+00:00","dateModified":"2023-05-08T15:29:56+00:00","mainEntityOfPage":{"@id":"https:\/\/vestibulares.estrategia.com\/portal\/enem-e-vestibulares\/enem\/edital-enem-2023\/"},"wordCount":12071,"publisher":{"@id":"https:\/\/vestibulares.estrategia.com\/portal\/#organization"},"image":{"@id":"https:\/\/vestibulares.estrategia.com\/portal\/enem-e-vestibulares\/enem\/edital-enem-2023\/#primaryimage"},"thumbnailUrl":"https:\/\/vestibulares.estrategia.com\/portal\/wp-content\/uploads\/2023\/05\/edital-enem-2023.jpg","keywords":["enem"],"articleSection":["Enem"],"inLanguage":"pt-BR"},{"@type":"WebPage","@id":"https:\/\/vestibulares.estrategia.com\/portal\/enem-e-vestibulares\/enem\/edital-enem-2023\/","url":"https:\/\/vestibulares.estrategia.com\/portal\/enem-e-vestibulares\/enem\/edital-enem-2023\/","name":"Edital Enem 2023: datas, inscri\u00e7\u00f5es, provas; leia na \u00edntegra","isPartOf":{"@id":"https:\/\/vestibulares.estrategia.com\/portal\/#website"},"primaryImageOfPage":{"@id":"https:\/\/vestibulares.estrategia.com\/portal\/enem-e-vestibulares\/enem\/edital-enem-2023\/#primaryimage"},"image":{"@id":"https:\/\/vestibulares.estrategia.com\/portal\/enem-e-vestibulares\/enem\/edital-enem-2023\/#primaryimage"},"thumbnailUrl":"https:\/\/vestibulares.estrategia.com\/portal\/wp-content\/uploads\/2023\/05\/edital-enem-2023.jpg","datePublished":"2023-05-08T10:54:09+00:00","dateModified":"2023-05-08T15:29:56+00:00","description":"Prova ser\u00e1 aplicada nos dias 05 e 12 de novembro de 2023 e ter\u00e1 apenas a edi\u00e7\u00e3o impressa; leia o edital do Enem 2023 na \u00edntegra","breadcrumb":{"@id":"https:\/\/vestibulares.estrategia.com\/portal\/enem-e-vestibulares\/enem\/edital-enem-2023\/#breadcrumb"},"inLanguage":"pt-BR","potentialAction":[{"@type":"ReadAction","target":["https:\/\/vestibulares.estrategia.com\/portal\/enem-e-vestibulares\/enem\/edital-enem-2023\/"]}]},{"@type":"ImageObject","inLanguage":"pt-BR","@id":"https:\/\/vestibulares.estrategia.com\/portal\/enem-e-vestibulares\/enem\/edital-enem-2023\/#primaryimage","url":"https:\/\/vestibulares.estrategia.com\/portal\/wp-content\/uploads\/2023\/05\/edital-enem-2023.jpg","contentUrl":"https:\/\/vestibulares.estrategia.com\/portal\/wp-content\/uploads\/2023\/05\/edital-enem-2023.jpg","width":1280,"height":720,"caption":"edital enem 2023"},{"@type":"BreadcrumbList","@id":"https:\/\/vestibulares.estrategia.com\/portal\/enem-e-vestibulares\/enem\/edital-enem-2023\/#breadcrumb","itemListElement":[{"@type":"ListItem","position":1,"name":"Home","item":"https:\/\/vestibulares.estrategia.com\/portal\/"},{"@type":"ListItem","position":2,"name":"Enem e Vestibulares","item":"https:\/\/vestibulares.estrategia.com\/portal\/enem-e-vestibulares\/"},{"@type":"ListItem","position":3,"name":"Enem","item":"https:\/\/vestibulares.estrategia.com\/portal\/enem-e-vestibulares\/enem\/"},{"@type":"ListItem","position":4,"name":"Edital Enem 2023: datas, inscri\u00e7\u00f5es, provas; leia na \u00edntegra"}]},{"@type":"WebSite","@id":"https:\/\/vestibulares.estrategia.com\/portal\/#website","url":"https:\/\/vestibulares.estrategia.com\/portal\/","name":"Estrat\u00e9gia Vestibulares","description":"","publisher":{"@id":"https:\/\/vestibulares.estrategia.com\/portal\/#organization"},"potentialAction":[{"@type":"SearchAction","target":{"@type":"EntryPoint","urlTemplate":"https:\/\/vestibulares.estrategia.com\/portal\/?s={search_term_string}"},"query-input":{"@type":"PropertyValueSpecification","valueRequired":true,"valueName":"search_term_string"}}],"inLanguage":"pt-BR"},{"@type":"Organization","@id":"https:\/\/vestibulares.estrategia.com\/portal\/#organization","name":"Estrat\u00e9gia Vestibulares","url":"https:\/\/vestibulares.estrategia.com\/portal\/","logo":{"@type":"ImageObject","inLanguage":"pt-BR","@id":"https:\/\/vestibulares.estrategia.com\/portal\/#\/schema\/logo\/image\/","url":"https:\/\/vestibulares.estrategia.com\/portal\/wp-content\/uploads\/2021\/06\/Logo-Vestibulares@4x.png","contentUrl":"https:\/\/vestibulares.estrategia.com\/portal\/wp-content\/uploads\/2021\/06\/Logo-Vestibulares@4x.png","width":250,"height":66,"caption":"Estrat\u00e9gia Vestibulares"},"image":{"@id":"https:\/\/vestibulares.estrategia.com\/portal\/#\/schema\/logo\/image\/"},"sameAs":["https:\/\/facebook.com\/estrategiavestibulares","https:\/\/x.com\/Estrategiavest","https:\/\/www.instagram.com\/estrategiavestibulares","https:\/\/www.youtube.com\/channel\/UCGWdZy8ULI-7_5GrABa4vNA"]},{"@type":"Person","@id":"https:\/\/vestibulares.estrategia.com\/portal\/#\/schema\/person\/921258b32670b22cbb1ae385e2fcb501","name":"Isabela Giordan","image":{"@type":"ImageObject","inLanguage":"pt-BR","@id":"https:\/\/vestibulares.estrategia.com\/portal\/#\/schema\/person\/image\/","url":"https:\/\/secure.gravatar.com\/avatar\/474493e24ecabfb752d6ed2de1af8d2f?s=96&d=mm&r=g","contentUrl":"https:\/\/secure.gravatar.com\/avatar\/474493e24ecabfb752d6ed2de1af8d2f?s=96&d=mm&r=g","caption":"Isabela Giordan"},"description":"Jornalista de Educa\u00e7\u00e3o e Coordenadora de Jornalismo do Estrat\u00e9gia Vestibulares.","url":"https:\/\/vestibulares.estrategia.com\/portal\/author\/isabela\/"}]}},"_wl_alt_label":[],"wl:entity_url":"https:\/\/data.wordlift.io\/wl110249\/post\/edital-enem-2023","_links":{"self":[{"href":"https:\/\/vestibulares.estrategia.com\/portal\/wp-json\/wp\/v2\/posts\/90704","targetHints":{"allow":["GET"]}}],"collection":[{"href":"https:\/\/vestibulares.estrategia.com\/portal\/wp-json\/wp\/v2\/posts"}],"about":[{"href":"https:\/\/vestibulares.estrategia.com\/portal\/wp-json\/wp\/v2\/types\/post"}],"author":[{"embeddable":true,"href":"https:\/\/vestibulares.estrategia.com\/portal\/wp-json\/wp\/v2\/users\/31"}],"replies":[{"embeddable":true,"href":"https:\/\/vestibulares.estrategia.com\/portal\/wp-json\/wp\/v2\/comments?post=90704"}],"version-history":[{"count":9,"href":"https:\/\/vestibulares.estrategia.com\/portal\/wp-json\/wp\/v2\/posts\/90704\/revisions"}],"predecessor-version":[{"id":90766,"href":"https:\/\/vestibulares.estrategia.com\/portal\/wp-json\/wp\/v2\/posts\/90704\/revisions\/90766"}],"wp:featuredmedia":[{"embeddable":true,"href":"https:\/\/vestibulares.estrategia.com\/portal\/wp-json\/wp\/v2\/media\/90709"}],"wp:attachment":[{"href":"https:\/\/vestibulares.estrategia.com\/portal\/wp-json\/wp\/v2\/media?parent=90704"}],"wp:term":[{"taxonomy":"category","embeddable":true,"href":"https:\/\/vestibulares.estrategia.com\/portal\/wp-json\/wp\/v2\/categories?post=90704"},{"taxonomy":"post_tag","embeddable":true,"href":"https:\/\/vestibulares.estrategia.com\/portal\/wp-json\/wp\/v2\/tags?post=90704"},{"taxonomy":"wl_entity_type","embeddable":true,"href":"https:\/\/vestibulares.estrategia.com\/portal\/wp-json\/wp\/v2\/wl_entity_type?post=90704"}],"curies":[{"name":"wp","href":"https:\/\/api.w.org\/{rel}","templated":true}]}}