{"id":90824,"date":"2023-05-09T19:18:25","date_gmt":"2023-05-09T22:18:25","guid":{"rendered":"https:\/\/vestibulares.estrategia.com\/portal\/?p=90824"},"modified":"2023-06-22T16:42:21","modified_gmt":"2023-06-22T19:42:21","slug":"13-musicas-de-rita-lee-que-podem-ser-usadas-como-repertorio-sociocultural","status":"publish","type":"post","link":"https:\/\/vestibulares.estrategia.com\/portal\/atualidades-e-dicas\/13-musicas-de-rita-lee-que-podem-ser-usadas-como-repertorio-sociocultural\/","title":{"rendered":"13 m\u00fasicas de Rita Lee que podem ser usadas como repert\u00f3rio sociocultural"},"content":{"rendered":"<p>Morreu nesta segunda-feira (08), Rita Lee Jones, uma das maiores cantoras e compositoras da m&uacute;sica brasileira, aos 75 anos de idade. Seu falecimento &eacute; decorrente de um c&acirc;ncer de pulm&atilde;o, diagnosticado em maio de 2021 e tratado desde ent&atilde;o.<p>Rita &eacute; considerada uma das pessoas fundamentais no desenvolvimento da m&uacute;sica nacional, em especial o rock brasileiro, mas tamb&eacute;m no pop, bolero, carnaval e at&eacute; bossa nova. &Eacute; tamb&eacute;m uma das artistas mais transgressoras do Pa&iacute;s, com letras e atos impactantes nas &uacute;ltimas d&eacute;cadas.<\/p><p>Expoente do tropicalismo, Rita Lee integrou &ldquo;Os Mutantes&rdquo; e participou do &aacute;lbum &ldquo;Tropic&aacute;lia ou Panis et Circensis&rdquo;, um marco musical do Brasil da d&eacute;cada de 60. Formou tamb&eacute;m o grupo &ldquo;Tutti Frutti&rdquo;, antes de partir carreira solo, no final da d&eacute;cada de 70.<\/p><p>Ao todo, desenvolveu 40 &aacute;lbuns, fez participa&ccedil;&otilde;es em v&aacute;rias novelas, escreveu livros infantis e ambientais e mais duas autobiografias, uma, inclusive, que est&aacute; em pr&eacute;-venda. Em seus &uacute;ltimos anos de vida, morou em um s&iacute;tio no interior do Estado de S&atilde;o Paulo. Rita deixa tr&ecirc;s filhos: Roberto, Jo&atilde;o e Ant&ocirc;nio.<\/p><p>\n\n\n\n<div id=\"new-form\">\n\t<form id=\"forms_layout\">\n\t<input type=\"hidden\" id=\"chave_de\" name=\"chave_de\" value=\"01_EVEST_LEADS_TOTAIS\" \/>\n\t\t<input type=\"hidden\" id=\"mid\" name=\"mid\" value=\"515008983\" \/>\n\t\t<input type=\"hidden\" id=\"Objetivo\" name=\"Objetivo\" value=\"Vestibulares\" \/>\n\t\t<input type=\"hidden\" id=\"Estado_de_Origem_do_IP\" name=\"Estado_de_Origem_do_IP\"  value=\"\" \/>\n\t\t<input type=\"hidden\" id=\"Cidade_de_Origem_do_IP\" name=\"Cidade_de_Origem_do_IP\" value=\"\" \/>\n\t\t<input type=\"hidden\" id=\"Modo_de_entrada\" name=\"Modo_de_entrada\" value=\"Portal\" \/>\n\t\t<input type=\"hidden\" id=\"Pagina_Origem\" name=\"Pagina_Origem\" value=\"\" \/>\n\n\t\t<div class=\"texto\">\n\t\t\t<h3 class=\"news\">Inscreva-se em nossa newsletter\ud83e\udd89<\/h3>\n\t\t\t<p>Receba dicas de estudo gratuitas e saiba em primeira m\u00e3o as novidades sobre o Enem, Sisu, Encceja, Fuvest e outros vestibulares!<\/p>\n\t\t<\/div>\n\t\t<div class=\"campos\">\n\t\t\t<div class=\"first_name labels\">\n\t\t\t\t<input type=\"text\" class=\"input_labels\" id=\"first_name\" name=\"Nome_Completo\" placeholder=\"Nome\" required \/>\n\t\t\t<\/div>\n\t\t\t<div class=\"email labels\">\n\t\t\t\t<input type=\"email\" class=\"input_labels\" id=\"email\" name=\"Email\" placeholder=\"E-mail\" required \/>\n\t\t\t<\/div>\n\t\t\t<button type=\"submit\" class=\"button_layout\">\n\t\t\t\t<div id=\"lblBotao\">Inscreva-se<\/div>\n\t\t\t\t<span id=\"divSpiner\" class=\"loader\" role=\"status\" style=\"display: none;\"><\/span>\t\n\t\t\t<\/button>\n\t\t<\/div><!-- \/campos -->\n\t\t\n\t\t<label class=\"container_checkbox\">Voc\u00ea concorda com a nossa\n\t\t\t<a class=\"politics_privacy_ahref\" target=\"_blank\" href=\"https:\/\/gratis.estrategiaconcursos.com.br\/politica-de-privacidade\/\">Pol\u00edtica de Privacidade<\/a> e aceita receber informa\u00e7\u00f5es adicionais do Estrat\u00e9gia Educacional.\n\t\t\t<input id=\"checkbox_layout\" type=\"checkbox\" checked=\"checked\" required \/>\n\t\t\t<span class=\"checkbox\"><\/span>\n\t\t<\/label>\n\t\t<div id=\"msg\"><\/div>\n\t\t<div id=\"error\" class=\"error\">\n\t\t<\/div>\n\t<\/form>\n<\/div><!-- \/new-form -->\n\n\n\n<\/p><p>O <strong>Portal Estrat&eacute;gia Vestibulares<\/strong> listou 13 m&uacute;sicas (de v&aacute;rias que poderiam estar aqui) de Rita Lee que podem ser usadas como repert&oacute;rio sociocultural nas reda&ccedil;&otilde;es do Enem e demais vestibulares. Confira abaixo.<\/p><div id=\"ez-toc-container\" class=\"ez-toc-v2_0_76 counter-hierarchy ez-toc-counter ez-toc-transparent ez-toc-container-direction\">\n<div class=\"ez-toc-title-container\"><p class=\"ez-toc-title\" style=\"cursor:inherit\">Navegue pelo conte\u00fado<\/p>\n<\/div><nav><ul class='ez-toc-list ez-toc-list-level-1 ' ><li class='ez-toc-page-1 ez-toc-heading-level-2'><a class=\"ez-toc-link ez-toc-heading-1\" href=\"https:\/\/vestibulares.estrategia.com\/portal\/atualidades-e-dicas\/13-musicas-de-rita-lee-que-podem-ser-usadas-como-repertorio-sociocultural\/#Mania-de-Voce\" >Mania de Voc&ecirc;<\/a><\/li><li class='ez-toc-page-1 ez-toc-heading-level-2'><a class=\"ez-toc-link ez-toc-heading-2\" href=\"https:\/\/vestibulares.estrategia.com\/portal\/atualidades-e-dicas\/13-musicas-de-rita-lee-que-podem-ser-usadas-como-repertorio-sociocultural\/#Caos\" >Caos<\/a><\/li><li class='ez-toc-page-1 ez-toc-heading-level-2'><a class=\"ez-toc-link ez-toc-heading-3\" href=\"https:\/\/vestibulares.estrategia.com\/portal\/atualidades-e-dicas\/13-musicas-de-rita-lee-que-podem-ser-usadas-como-repertorio-sociocultural\/#As-Duas-Faces-de-Eva\" >As Duas Faces de Eva<\/a><\/li><li class='ez-toc-page-1 ez-toc-heading-level-2'><a class=\"ez-toc-link ez-toc-heading-4\" href=\"https:\/\/vestibulares.estrategia.com\/portal\/atualidades-e-dicas\/13-musicas-de-rita-lee-que-podem-ser-usadas-como-repertorio-sociocultural\/#Ovelha-Negra\" >Ovelha Negra<\/a><\/li><li class='ez-toc-page-1 ez-toc-heading-level-2'><a class=\"ez-toc-link ez-toc-heading-5\" href=\"https:\/\/vestibulares.estrategia.com\/portal\/atualidades-e-dicas\/13-musicas-de-rita-lee-que-podem-ser-usadas-como-repertorio-sociocultural\/#Todas-as-Mulheres-do-Mundo\" >Todas as Mulheres do Mundo<\/a><\/li><li class='ez-toc-page-1 ez-toc-heading-level-2'><a class=\"ez-toc-link ez-toc-heading-6\" href=\"https:\/\/vestibulares.estrategia.com\/portal\/atualidades-e-dicas\/13-musicas-de-rita-lee-que-podem-ser-usadas-como-repertorio-sociocultural\/#Gente-Fina-e-Outra-Coisa\" >Gente Fina &eacute; Outra Coisa<\/a><\/li><li class='ez-toc-page-1 ez-toc-heading-level-2'><a class=\"ez-toc-link ez-toc-heading-7\" href=\"https:\/\/vestibulares.estrategia.com\/portal\/atualidades-e-dicas\/13-musicas-de-rita-lee-que-podem-ser-usadas-como-repertorio-sociocultural\/#Pagu\" >Pagu<\/a><\/li><li class='ez-toc-page-1 ez-toc-heading-level-2'><a class=\"ez-toc-link ez-toc-heading-8\" href=\"https:\/\/vestibulares.estrategia.com\/portal\/atualidades-e-dicas\/13-musicas-de-rita-lee-que-podem-ser-usadas-como-repertorio-sociocultural\/#Luz-del-Fuego\" >Luz del Fuego<\/a><\/li><li class='ez-toc-page-1 ez-toc-heading-level-2'><a class=\"ez-toc-link ez-toc-heading-9\" href=\"https:\/\/vestibulares.estrategia.com\/portal\/atualidades-e-dicas\/13-musicas-de-rita-lee-que-podem-ser-usadas-como-repertorio-sociocultural\/#Vote-em-Mim\" >Vote em Mim<\/a><\/li><li class='ez-toc-page-1 ez-toc-heading-level-2'><a class=\"ez-toc-link ez-toc-heading-10\" href=\"https:\/\/vestibulares.estrategia.com\/portal\/atualidades-e-dicas\/13-musicas-de-rita-lee-que-podem-ser-usadas-como-repertorio-sociocultural\/#Arrombou-a-Midia\" >Arrombou a M&iacute;dia<\/a><\/li><li class='ez-toc-page-1 ez-toc-heading-level-2'><a class=\"ez-toc-link ez-toc-heading-11\" href=\"https:\/\/vestibulares.estrategia.com\/portal\/atualidades-e-dicas\/13-musicas-de-rita-lee-que-podem-ser-usadas-como-repertorio-sociocultural\/#Arrombou-o-Cofre\" >Arrombou o Cofre<\/a><\/li><li class='ez-toc-page-1 ez-toc-heading-level-2'><a class=\"ez-toc-link ez-toc-heading-12\" href=\"https:\/\/vestibulares.estrategia.com\/portal\/atualidades-e-dicas\/13-musicas-de-rita-lee-que-podem-ser-usadas-como-repertorio-sociocultural\/#Obrigado-Nao\" >Obrigado N&atilde;o<\/a><\/li><li class='ez-toc-page-1 ez-toc-heading-level-2'><a class=\"ez-toc-link ez-toc-heading-13\" href=\"https:\/\/vestibulares.estrategia.com\/portal\/atualidades-e-dicas\/13-musicas-de-rita-lee-que-podem-ser-usadas-como-repertorio-sociocultural\/#Brasil-com-S\" >Brasil com S<\/a><\/li><li class='ez-toc-page-1 ez-toc-heading-level-2'><a class=\"ez-toc-link ez-toc-heading-14\" href=\"https:\/\/vestibulares.estrategia.com\/portal\/atualidades-e-dicas\/13-musicas-de-rita-lee-que-podem-ser-usadas-como-repertorio-sociocultural\/#Estude-com-o-Estrategia-Vestibulares\" >Estude com o Estrat&eacute;gia Vestibulares<\/a><\/li><\/ul><\/nav><\/div>\n<h2 class=\"wp-block-heading\" id=\"h-mania-de-voce\"><span class=\"ez-toc-section\" id=\"Mania-de-Voce\"><\/span>Mania de Voc&ecirc;<span class=\"ez-toc-section-end\"><\/span><\/h2><p>Escrita por Rita e Roberto de Carvalho, seu marido e companheiro de vida e obra, a m&uacute;sica &eacute; luxuriosa e revolucion&aacute;ria ao abordar a sexualidade em um ponto de vista feminino, algo rar&iacute;ssimo na &eacute;poca.<\/p><p>&ldquo;Tocou profundamente os cora&ccedil;&otilde;es de tantas pessoas numa &eacute;poca t&atilde;o dif&iacute;cil de repress&atilde;o ostensiva, de pouca liberdade&rdquo;, afirmou Roberto sobre a m&uacute;sica em uma entrevista recente. A obra &eacute; de 1979, momento em que movimentos feministas ampliavam suas vozes reivindicando liberdade sexual para o g&ecirc;nero.<\/p><p>&ldquo;A gente faz o amor por telepatia<br>No ch&atilde;o, no mar, na lua, na melodia<br>Mania de voc&ecirc;, de tanto a gente se beijar<br>De tanto imaginar, imaginar loucuras&rdquo;<\/p><figure class=\"wp-block-embed is-type-video is-provider-youtube wp-block-embed-youtube wp-embed-aspect-4-3 wp-has-aspect-ratio\"><div class=\"wp-block-embed__wrapper\">\n<div class=\"cs-embed cs-embed-responsive\"><iframe title=\"Mania de voc&ecirc; - Rita Lee (LETRA)\" width=\"1200\" height=\"900\" src=\"https:\/\/www.youtube.com\/embed\/zZOm8q95P1A?feature=oembed\" frameborder=\"0\" allow=\"accelerometer; autoplay; clipboard-write; encrypted-media; gyroscope; picture-in-picture; web-share\" allowfullscreen><\/iframe><\/div>\n<\/div><\/figure><h2 class=\"wp-block-heading\" id=\"h-caos\"><span class=\"ez-toc-section\" id=\"Caos\"><\/span>Caos<span class=\"ez-toc-section-end\"><\/span><\/h2><p>A can&ccedil;&atilde;o lan&ccedil;ada em 2022 pelos Tit&atilde;s foi escrita por Rita Lee, Roberto de Carvalho e Beto Lee. A letra tem forte inspira&ccedil;&atilde;o no clima pol&iacute;tico e social brasileiro dos &uacute;ltimos anos. A letra traz um tom &aacute;cido que critica o tom b&eacute;lico e reafirma a caracter&iacute;stica por vezes hippie e paz e amor de Rita e suas refer&ecirc;ncias.<\/p><p>&ldquo;T&ocirc; pilhado e de saco cheio <br>Da excresc&ecirc;ncia calhorda<br>Da horda de Vossas Excel&ecirc;ncias<br>Cuspindo no microfone<br>Cheirando a enxofre&rdquo;<\/p><figure class=\"wp-block-embed is-type-video is-provider-youtube wp-block-embed-youtube wp-embed-aspect-16-9 wp-has-aspect-ratio\"><div class=\"wp-block-embed__wrapper\">\n<div class=\"cs-embed cs-embed-responsive\"><iframe title=\"@TitasOficial1  - Caos (Videoclipe Oficial)\" width=\"1200\" height=\"675\" src=\"https:\/\/www.youtube.com\/embed\/K-7_2hx_WwQ?start=195&amp;feature=oembed\" frameborder=\"0\" allow=\"accelerometer; autoplay; clipboard-write; encrypted-media; gyroscope; picture-in-picture; web-share\" allowfullscreen><\/iframe><\/div>\n<\/div><\/figure><h2 class=\"wp-block-heading\" id=\"h-as-duas-faces-de-eva\"><span class=\"ez-toc-section\" id=\"As-Duas-Faces-de-Eva\"><\/span>As Duas Faces de Eva<span class=\"ez-toc-section-end\"><\/span><\/h2><p>&ldquo;Mulher &eacute; um bicho esquisito, todo m&ecirc;s sangra&rdquo; foi motivo de censura, em 1981, pela ent&atilde;o Divis&atilde;o de Censura de Divers&otilde;es P&uacute;blicas, &oacute;rg&atilde;o censor do per&iacute;odo ditatorial no Brasil. A argumenta&ccedil;&atilde;o judicial da gravadora de Rita na &eacute;poca era de que &ldquo;a exist&ecirc;ncia do ciclo menstrual n&atilde;o &eacute; mais motivo de vergonha ou medo&rdquo;, citando pe&ccedil;as publicit&aacute;rias de absorventes anexos ao processo.<\/p><figure class=\"wp-block-image size-large\"><img decoding=\"async\" width=\"675\" height=\"1024\" src=\"https:\/\/vestibulares.estrategia.com\/portal\/wp-content\/uploads\/2023\/05\/image-1-675x1024.jpg\" alt=\"\" class=\"wp-image-90825\" srcset=\"https:\/\/vestibulares.estrategia.com\/portal\/wp-content\/uploads\/2023\/05\/image-1-675x1024.jpg 675w, https:\/\/vestibulares.estrategia.com\/portal\/wp-content\/uploads\/2023\/05\/image-1.jpg 712w\" sizes=\"(max-width: 675px) 100vw, 675px\" \/><\/figure><p>A multifaceta feminina e controversa &eacute; explorada na letra logo de cara: &ldquo;nas duas faces de Eva, a Bela e a Fera&rdquo;. A letra ainda reafirma &ldquo;por isso n&atilde;o provoque, &eacute; cor de rosa choque&rdquo;.&nbsp;<\/p><p>&ldquo;Sexo fr&aacute;gil<br>N&atilde;o foge &agrave; luta<br>E nem s&oacute; de cama<br>Vive a mulher&rdquo;<\/p><figure class=\"wp-block-embed is-type-video is-provider-youtube wp-block-embed-youtube wp-embed-aspect-4-3 wp-has-aspect-ratio\"><div class=\"wp-block-embed__wrapper\">\n<div class=\"cs-embed cs-embed-responsive\"><iframe title=\"Cor De Rosa Choque\" width=\"1200\" height=\"900\" src=\"https:\/\/www.youtube.com\/embed\/9wCCEAa2bDU?feature=oembed\" frameborder=\"0\" allow=\"accelerometer; autoplay; clipboard-write; encrypted-media; gyroscope; picture-in-picture; web-share\" allowfullscreen><\/iframe><\/div>\n<\/div><\/figure><h2 class=\"wp-block-heading\" id=\"h-ovelha-negra\"><span class=\"ez-toc-section\" id=\"Ovelha-Negra\"><\/span>Ovelha Negra<span class=\"ez-toc-section-end\"><\/span><\/h2><p>Ovelha Negra &eacute; um de seus maiores sucessos: embalou gera&ccedil;&otilde;es de subversivos (agentes transformadores da ordem ou que visam derrub&aacute;-la, propagando ideias diferentes da maioria) e marginalizados, seja da sociedade, seja do &acirc;mbito familiar, ou mesmo de (ex) amigos.&nbsp;<\/p><p>&ldquo;Voc&ecirc; &eacute; a ovelha negra da fam&iacute;lia&rdquo; em tom meloso &eacute;, por incr&iacute;vel que pare&ccedil;a, um abra&ccedil;o fraterno de Rita em quem n&atilde;o se encaixa em uma s&eacute;rie de padr&otilde;es estabelecidos, local em que ela se inclui.<\/p><p>&ldquo;Foi quando meu pai me disse filha<br>Voc&ecirc; &eacute; a ovelha negra da fam&iacute;lia<br>Agora &eacute; hora de voc&ecirc; assumir<br>E sumir&rdquo;<\/p><p>A can&ccedil;&atilde;o &eacute; um desabafo sobre sua expuls&atilde;o do grupo &ldquo;Os Mutantes&rdquo;, por diverg&ecirc;ncias intelectuais e rec&eacute;m-separa&ccedil;&atilde;o do seu casamento com Arnaldo Baptista. Uma curiosidade &eacute; que seu pai ficou chateado com a filha, j&aacute; que muitos pensaram que ela de fato tivesse sido expulsa de casa, o que nunca aconteceu, j&aacute; que ele sempre a apoiou.<\/p><p>&ldquo;N&atilde;o adianta chamar<br>Quando algu&eacute;m est&aacute; perdido<br>Procurando se encontrar&rdquo;<\/p><figure class=\"wp-block-embed is-type-video is-provider-youtube wp-block-embed-youtube wp-embed-aspect-4-3 wp-has-aspect-ratio\"><div class=\"wp-block-embed__wrapper\">\n<div class=\"cs-embed cs-embed-responsive\"><iframe title=\"Rita Lee   Ovelha Negra\" width=\"1200\" height=\"900\" src=\"https:\/\/www.youtube.com\/embed\/g5BlUYtioIE?feature=oembed\" frameborder=\"0\" allow=\"accelerometer; autoplay; clipboard-write; encrypted-media; gyroscope; picture-in-picture; web-share\" allowfullscreen><\/iframe><\/div>\n<\/div><\/figure><h2 class=\"wp-block-heading\" id=\"h-todas-as-mulheres-do-mundo\"><span class=\"ez-toc-section\" id=\"Todas-as-Mulheres-do-Mundo\"><\/span>Todas as Mulheres do Mundo<span class=\"ez-toc-section-end\"><\/span><\/h2><p>A m&uacute;sica &eacute; uma homenagem &agrave; Leila Diniz, atriz que morreu em um acidente de avi&atilde;o aos 27 anos, em 1972. O nome &eacute; tamb&eacute;m o t&iacute;tulo do filme feito por Domingos Oliveira, cineasta que fora casado com Leila.&nbsp;<\/p><p>&ldquo;Toda mulher quer ser amada<br>Toda mulher quer ser feliz<br>Toda mulher se faz de coitada<br>Toda mulher &eacute; meio Leila Diniz&rdquo;<\/p><p>Leila era uma das principais figuras feministas da &eacute;poca, sendo considerada uma combatente da repress&atilde;o, moralismos e machismo impostos no Pa&iacute;s. A m&uacute;sica cita diversas mulheres como Clarice Lispector, Fernanda Montenegro, Carmen Miranda, Princesa Isabel e Nossa Senhora Aparecida.<\/p><p>Rita define a m&uacute;sica como &ldquo;rock exalta&ccedil;&atilde;o sobre bizarrices do universo feminino, e no final uma lista de mulheres g&ecirc;nias brasileiras cujo refr&atilde;o &eacute; dedicado a Leila Diniz.&rdquo;<\/p><figure class=\"wp-block-embed is-type-video is-provider-youtube wp-block-embed-youtube wp-embed-aspect-4-3 wp-has-aspect-ratio\"><div class=\"wp-block-embed__wrapper\">\n<div class=\"cs-embed cs-embed-responsive\"><iframe title=\"Rita Lee - Todas as mulheres do mundo\" width=\"1200\" height=\"900\" src=\"https:\/\/www.youtube.com\/embed\/iSRFjpeD1Tw?feature=oembed\" frameborder=\"0\" allow=\"accelerometer; autoplay; clipboard-write; encrypted-media; gyroscope; picture-in-picture; web-share\" allowfullscreen><\/iframe><\/div>\n<\/div><\/figure><h2 class=\"wp-block-heading\" id=\"h-gente-fina-e-outra-coisa\"><span class=\"ez-toc-section\" id=\"Gente-Fina-e-Outra-Coisa\"><\/span>Gente Fina &eacute; Outra Coisa<span class=\"ez-toc-section-end\"><\/span><\/h2><p>A can&ccedil;&atilde;o &ldquo;Gente Fina &eacute; Outra Coisa&rdquo; tamb&eacute;m foi vetada pela censura imposta no Brasil com a justificativa de que ela poderia gerar &ldquo;uma desagrega&ccedil;&atilde;o social e familiar&rdquo;. Vale lembrar que os discursos da &eacute;poca eram carregados de moralismo e uma exig&ecirc;ncia por seguir a ordem estabelecida pelo governo na &eacute;poca.<\/p><p>&ldquo;Hoje mesmo eu te vi<br>Pensei que fosse o seu pai<br>Que decep&ccedil;&atilde;o<br>Eu fiquei triste de ver<br>A sua vida come&ccedil;ando pelo lado errado<br>E voc&ecirc; est&aacute; acreditando mesmo<br>Que gente fina &eacute; outra coisa<br>Mas gente fina &eacute; outra coisa&rdquo;<\/p><p>A <a href=\"https:\/\/vestibulares.estrategia.com\/portal\/atualidades-e-dicas\/10-questoes-sobre-as-musicas-e-a-carreira-de-rita-lee-que-ja-cairam-nos-vestibulares\/\">m&uacute;sica de Rita Lee j&aacute; foi utilizada como quest&atilde;o de vestibular pela Faceres<\/a>, em 2020, pedindo uma an&aacute;lise da letra dentro do contexto da &eacute;poca para encontrar os motivos que levaram a censura a vetar a m&uacute;sica.<\/p><figure class=\"wp-block-embed is-type-video is-provider-youtube wp-block-embed-youtube wp-embed-aspect-16-9 wp-has-aspect-ratio\"><div class=\"wp-block-embed__wrapper\">\n<div class=\"cs-embed cs-embed-responsive\"><iframe title=\"Gente Fina E&#769; Outra Coisa. RITA LEE E LUCIA TURNBULL. 1973\" width=\"1200\" height=\"675\" src=\"https:\/\/www.youtube.com\/embed\/Sbj3pxM0vmY?feature=oembed\" frameborder=\"0\" allow=\"accelerometer; autoplay; clipboard-write; encrypted-media; gyroscope; picture-in-picture; web-share\" allowfullscreen><\/iframe><\/div>\n<\/div><\/figure><h2 class=\"wp-block-heading\" id=\"h-pagu\"><span class=\"ez-toc-section\" id=\"Pagu\"><\/span>Pagu<span class=\"ez-toc-section-end\"><\/span><\/h2><p>Patr&iacute;cia Galv&atilde;o, a Pagu, foi jornalista, escritora, poetisa, diretora, cartunista e militante feminista dos anos 30 e 40, sendo, inclusive, a primeira mulher presa por comunismo, na d&eacute;cada de 30. A homenagem de Rita foi feita em seu &aacute;lbum 3001, lan&ccedil;ado no ano 2000 e a can&ccedil;&atilde;o foi regravada por Z&eacute;lia Duncan e Maria Rita.<\/p><p>&ldquo;Nem toda feiticeira &eacute; corcunda<br>Nem toda brasileira &eacute; bunda<br>Meu peito n&atilde;o &eacute; de silicone<br>Sou mais macho que muito homem&rdquo;<\/p><p>Al&eacute;m do trecho destacado, a letra ainda tem as frases: &ldquo;s&oacute; quem morreu na fogueira sabe o que &eacute; ser carv&atilde;o&rdquo;, &ldquo;minha for&ccedil;a n&atilde;o &eacute; bruta&rdquo; e &ldquo;sou rainha do meu tanque \/ sou Pagu indignada no palanque&rdquo; e tantas outras, tornando-se um sucesso popular da sua &eacute;poca.<\/p><h2 class=\"wp-block-heading\" id=\"h-luz-del-fuego\"><span class=\"ez-toc-section\" id=\"Luz-del-Fuego\"><\/span>Luz del Fuego<span class=\"ez-toc-section-end\"><\/span><\/h2><p>Em mais uma homenagem, &ldquo;Luz del Fuego&rdquo; &eacute; o nome art&iacute;stico de Dora Vivacqua, dan&ccedil;arina, escritora e atriz que tamb&eacute;m era militante feminista. Chegou a fundar o Partido Naturalista Brasileiro e discursava pela causa, muitas vezes se apresentando nua em praias do Esp&iacute;rito Santo e Rio de Janeiro.&nbsp;<\/p><p>Luz foi brutalmente assassinada em 1967, aos 50 anos de idade, por pescadores que saquearam sua casa na Ilha do Sol, local naturista em que ela vivia.&nbsp;<\/p><p>&ldquo;Eu hoje represento a loucura<br>Mais o que voc&ecirc; quiser<br>Tudo que voc&ecirc; v&ecirc; sair da boca<br>De uma grande mulher<br>Por&eacute;m louca!<\/p><p>Eu hoje represento o segredo<br>Enrolado no papel<br>Como luz del fuego<br>N&atilde;o tinha medo<br>Ela tamb&eacute;m foi pro c&eacute;u, cedo!&rdquo;<\/p><p>Al&eacute;m das tr&ecirc;s letras citadas em homenagem a mulheres consideradas subversivas (Luz del Fuego, Pagu e Leila Diniz), Rita ainda homenageou Elvira Pag&atilde; em m&uacute;sica hom&ocirc;nima.<\/p><figure class=\"wp-block-embed is-type-video is-provider-youtube wp-block-embed-youtube wp-embed-aspect-4-3 wp-has-aspect-ratio\"><div class=\"wp-block-embed__wrapper\">\n<div class=\"cs-embed cs-embed-responsive\"><iframe title=\"Rita Lee - Luz del Fuego\" width=\"1200\" height=\"900\" src=\"https:\/\/www.youtube.com\/embed\/kBwLpUHTuZ0?feature=oembed\" frameborder=\"0\" allow=\"accelerometer; autoplay; clipboard-write; encrypted-media; gyroscope; picture-in-picture; web-share\" allowfullscreen><\/iframe><\/div>\n<\/div><\/figure><h2 class=\"wp-block-heading\" id=\"h-vote-em-mim\"><span class=\"ez-toc-section\" id=\"Vote-em-Mim\"><\/span>Vote em Mim<span class=\"ez-toc-section-end\"><\/span><\/h2><p>Em 1982, em meio aos pedidos de redemocratiza&ccedil;&atilde;o do pa&iacute;s, Rita Lee convidou ao palco S&oacute;crates, Casagrande e Wladimir, &iacute;cones de um Corinthians que se auto intitulava &ldquo;Democracia Corinthiana&rdquo;. A m&uacute;sica era cantada a plenos pulm&otilde;es enquanto um an&ocirc;nimo jogava a camisa do clube para Rita vestir-se.<\/p><p>Anos depois, em 1984, Rita esteve nos palanques com o trio, desta vez participando das &ldquo;Diretas J&aacute;&rdquo;, em <a href=\"https:\/\/trivela.com.br\/brasil\/o-corinthians-e-a-maior-banda-de-rock-de-todos-os-tempos-o-amor-branco-e-preto-de-rita-lee\/\" target=\"_blank\" rel=\"noopener noreferrer\">hist&oacute;ria contada pelo portal Trivela<\/a>. O bom-humor da m&uacute;sica ilustra as opini&otilde;es rasgadas da compositora sobre o cen&aacute;rio pol&iacute;tico do momento.<\/p><p>&ldquo;Fa&ccedil;o com&iacute;cio no hosp&iacute;cio <br>Jorro petr&oacute;leo por qualquer orif&iacute;cio<br>E sem demagogia, por pura alegria<br>Quero o povo feliz<\/p><p>Meu amor, por favor<br>Vote em mim<br>Prometo que se eu ganhar a elei&ccedil;&atilde;o<br>S&oacute; vou dar poder ao seu cora&ccedil;&atilde;o&rdquo;<\/p><figure class=\"wp-block-embed is-type-video is-provider-youtube wp-block-embed-youtube wp-embed-aspect-4-3 wp-has-aspect-ratio\"><div class=\"wp-block-embed__wrapper\">\n<div class=\"cs-embed cs-embed-responsive\"><iframe title=\"Vote Em Mim\" width=\"1200\" height=\"900\" src=\"https:\/\/www.youtube.com\/embed\/56rPODmc7J8?feature=oembed\" frameborder=\"0\" allow=\"accelerometer; autoplay; clipboard-write; encrypted-media; gyroscope; picture-in-picture; web-share\" allowfullscreen><\/iframe><\/div>\n<\/div><\/figure><h2 class=\"wp-block-heading\" id=\"h-arrombou-a-midia\"><span class=\"ez-toc-section\" id=\"Arrombou-a-Midia\"><\/span>Arrombou a M&iacute;dia<span class=\"ez-toc-section-end\"><\/span><\/h2><p>&ldquo;Arrombou a M&iacute;dia&rdquo; &eacute; uma das vers&otilde;es de &ldquo;Arrombou a Festa&rdquo;, lan&ccedil;ada por Rita em parceria com Paulo Coelho, que na &eacute;poca ironizava sucessos da d&eacute;cada de 70. A par&oacute;dia com a m&iacute;dia foi lan&ccedil;ada no programa Saia Justa, do canal GNT, que Rita co-presentava.<\/p><p>A letra faz reflex&otilde;es sobre o papel da m&iacute;dia e da televis&atilde;o na sociedade brasileira, destacando frases de apresentadores em meio &agrave; melodia e criticando a futilidade e manipula&ccedil;&otilde;es mostradas ao p&uacute;blico ao longo das programa&ccedil;&otilde;es televisivas.<\/p><p>&ldquo;Tem sempre na tela um apresentador<br>Vendendo a trag&eacute;dia de algum cantor<br>A f&eacute; corre o risco de fugir da igreja<br>No canal do bispo, comercial de cerveja<br>De meia em meia hora, uma nova pesquisa<br>Mas como, se ningu&eacute;m nunca me analisa?<br>Por sorte meu controle anda t&atilde;o descontrolado<br>Eu mudo de canal e ele aperta o desligado&hellip;<br>Isto &eacute; uma vergonha!&rdquo;<\/p><figure class=\"wp-block-embed is-type-video is-provider-youtube wp-block-embed-youtube wp-embed-aspect-4-3 wp-has-aspect-ratio\"><div class=\"wp-block-embed__wrapper\">\n<div class=\"cs-embed cs-embed-responsive\"><iframe title=\"rita lee - arrombou a m&iacute;dia\" width=\"1200\" height=\"900\" src=\"https:\/\/www.youtube.com\/embed\/hEfkmxDndME?feature=oembed\" frameborder=\"0\" allow=\"accelerometer; autoplay; clipboard-write; encrypted-media; gyroscope; picture-in-picture; web-share\" allowfullscreen><\/iframe><\/div>\n<\/div><\/figure><h2 class=\"wp-block-heading\" id=\"h-arrombou-o-cofre\"><span class=\"ez-toc-section\" id=\"Arrombou-o-Cofre\"><\/span>Arrombou o Cofre<span class=\"ez-toc-section-end\"><\/span><\/h2><p>&ldquo;Arrombou o Cofre&rdquo; tamb&eacute;m foi uma das letras censuradas pela ditadura, em 1983, no disco &ldquo;Bombom&rdquo; de Rita Lee. O <a href=\"https:\/\/g1.globo.com\/pop-arte\/noticia\/2023\/05\/09\/cabecas-vao-rolar-me-deixa-de-quatro-no-ato-e-mais-conheca-as-letras-proibidonas-de-rita-lee-censuradas-pelos-militares.ghtml\" target=\"_blank\" rel=\"noopener noreferrer\">G1 listou mais letras de Rita Lee que foram proibidas pela censura no Brasil<\/a>.<\/p><p>A letra critica a corrup&ccedil;&atilde;o do pa&iacute;s e cita pol&iacute;ticos como Paulo Maluf e Delfim Netto, al&eacute;m de Solange Hernandes, conhecida por ser uma das maiores censoras da &eacute;poca, no verso &ldquo;na linha dura basta a Solange da censura&rdquo;.<\/p><p>&ldquo;Governadores, Deputados, Vereadores<br>Saqueando bancos e bancando defensores<br>Ningu&eacute;m se ilude mais que a comida est&aacute; no fim<br>Olhem s&oacute; a pan&ccedil;a do sinistro Delfim<br>T&aacute; cheia de cupim&rdquo;<\/p><figure class=\"wp-block-embed is-type-video is-provider-youtube wp-block-embed-youtube wp-embed-aspect-4-3 wp-has-aspect-ratio\"><div class=\"wp-block-embed__wrapper\">\n<div class=\"cs-embed cs-embed-responsive\"><iframe title=\"Arrombou O Cofre\" width=\"1200\" height=\"900\" src=\"https:\/\/www.youtube.com\/embed\/6jREUz8dy4Y?feature=oembed\" frameborder=\"0\" allow=\"accelerometer; autoplay; clipboard-write; encrypted-media; gyroscope; picture-in-picture; web-share\" allowfullscreen><\/iframe><\/div>\n<\/div><\/figure><h2 class=\"wp-block-heading\" id=\"h-obrigado-nao\"><span class=\"ez-toc-section\" id=\"Obrigado-Nao\"><\/span>Obrigado N&atilde;o<span class=\"ez-toc-section-end\"><\/span><\/h2><p>Um clipe com um beijo homossexual dado por dois militares em plena TV aberta no ano de 1997? Rita Lee fez. &ldquo;Obrigado N&atilde;o&rdquo; re&uacute;ne uma s&eacute;rie de temas pol&ecirc;micos da &eacute;poca e at&eacute; mesmo hoje em dia como aborto, legaliza&ccedil;&atilde;o das drogas, casamento gay e comunismo.<\/p><p>&ldquo;Quanto mais proibido<br>Mais faz sentido a contraven&ccedil;&atilde;o<br>Legalize o que n&atilde;o &eacute; crime<br>Recrimine a falta de educa&ccedil;&atilde;o&rdquo;<\/p><p>Dentre outras frases da m&uacute;sica est&atilde;o: &ldquo;por que whisky sim? por que Cannabis n&atilde;o?&rdquo;, &ldquo;cuidado com pol&iacute;cia, cuidado com ladr&atilde;o&rdquo; e &ldquo;foi-se a ditadura militar \/ foice e martelo n&atilde;o v&atilde;o mais vingar \/ servir ex&eacute;rcito s&oacute; se for da salva&ccedil;&atilde;o&rdquo;.<\/p><figure class=\"wp-block-embed is-type-video is-provider-youtube wp-block-embed-youtube wp-embed-aspect-4-3 wp-has-aspect-ratio\"><div class=\"wp-block-embed__wrapper\">\n<div class=\"cs-embed cs-embed-responsive\"><iframe title=\"Rita Lee - Obrigado N&atilde;o\" width=\"1200\" height=\"900\" src=\"https:\/\/www.youtube.com\/embed\/VmZCfDkrKJg?start=14&amp;feature=oembed\" frameborder=\"0\" allow=\"accelerometer; autoplay; clipboard-write; encrypted-media; gyroscope; picture-in-picture; web-share\" allowfullscreen><\/iframe><\/div>\n<\/div><\/figure><h2 class=\"wp-block-heading\" id=\"h-brasil-com-s\"><span class=\"ez-toc-section\" id=\"Brasil-com-S\"><\/span>Brasil com S<span class=\"ez-toc-section-end\"><\/span><\/h2><p>Em uma das poucas m&uacute;sicas de Bossa Nova escritas por Rita Lee, &ldquo;Brasil com S&rdquo; tem tom nacionalista e ufanista, reafirmando que o Brasil &eacute; &ldquo;terra de encanto, amor e Sol&rdquo;, e que &ldquo;n&atilde;o fala ingl&ecirc;s, nem espanhol&rdquo;.<\/p><p>&ldquo;Na minha terra onde tudo na vida se d&aacute; um jeitinho<br>Ainda hoje invasores namoram a tua beleza<br>Que confus&atilde;o veja voc&ecirc;<br>No mapa-mundi est&aacute; com Z<br>Quem te conhece n&atilde;o esquece<br>Meu Brasil &eacute; com S&rdquo;<\/p><figure class=\"wp-block-embed is-type-video is-provider-youtube wp-block-embed-youtube wp-embed-aspect-4-3 wp-has-aspect-ratio\"><div class=\"wp-block-embed__wrapper\">\n<div class=\"cs-embed cs-embed-responsive\"><iframe title=\"Rita Lee e Jo&atilde;o Gilberto - Brasil com S\" width=\"1200\" height=\"900\" src=\"https:\/\/www.youtube.com\/embed\/YtQfl3zetNE?feature=oembed\" frameborder=\"0\" allow=\"accelerometer; autoplay; clipboard-write; encrypted-media; gyroscope; picture-in-picture; web-share\" allowfullscreen><\/iframe><\/div>\n<\/div><\/figure><h2 class=\"wp-block-heading\" id=\"h-estude-com-o-estrategia-vestibulares\"><span class=\"ez-toc-section\" id=\"Estude-com-o-Estrategia-Vestibulares\"><\/span>Estude com o Estrat&eacute;gia Vestibulares<span class=\"ez-toc-section-end\"><\/span><\/h2><p>No Estrat&eacute;gia Vestibulares voc&ecirc; tem acesso a materiais exclusivos e desenvolvidos de acordo com a banca e o edital de cada prova, trazendo cada detalhe e diferen&ccedil;a de maneira f&aacute;cil e objetiva. Confira mais detalhes e veja nossos cursos abaixo:<\/p><p>\n\n\n\n\n\n<a id=\"cta\" class=\"cta-imagem\" href=\"https:\/\/vestibulares.estrategia.com\/cursos\/\" target=\"blank\">\n                <img decoding=\"async\" width=\"100%\" src=\"https:\/\/vestibulares.estrategia.com\/portal\/wp-content\/uploads\/2021\/12\/EV4.jpg\" alt=\"CTA - Estrat\u00e9gia Vestibulares 4\" title=\"CTA - Estrat\u00e9gia Vestibulares 4\">\n        <\/a>\n\n\n<\/p><\/p>\n","protected":false},"excerpt":{"rendered":"Confira algumas das v\u00e1rias m\u00fasicas de Rita Lee que podem ser usadas como repert\u00f3rio sociocultural nas reda\u00e7\u00f5es dos vestibulares e Enem\n","protected":false},"author":43,"featured_media":90826,"comment_status":"closed","ping_status":"closed","sticky":false,"template":"","format":"standard","meta":{"wl_entities_gutenberg":"","footnotes":""},"categories":[46],"tags":[],"wl_entity_type":[732],"class_list":{"0":"post-90824","1":"post","2":"type-post","3":"status-publish","4":"format-standard","5":"has-post-thumbnail","7":"category-atualidades-e-dicas","8":"wl_entity_type-article"},"acf":[],"yoast_head":"<!-- This site is optimized with the Yoast SEO Premium plugin v25.9 (Yoast SEO v25.9) - https:\/\/yoast.com\/wordpress\/plugins\/seo\/ -->\n<title>13 m\u00fasicas de Rita Lee que podem ser usadas como repert\u00f3rio sociocultural<\/title>\n<meta name=\"description\" content=\"Confira algumas das v\u00e1rias m\u00fasicas de Rita Lee que podem ser usadas como repert\u00f3rio sociocultural nas reda\u00e7\u00f5es dos vestibulares e Enem.\" \/>\n<meta name=\"robots\" content=\"index, follow, max-snippet:-1, max-image-preview:large, max-video-preview:-1\" \/>\n<link rel=\"canonical\" href=\"https:\/\/vestibulares.estrategia.com\/portal\/atualidades-e-dicas\/13-musicas-de-rita-lee-que-podem-ser-usadas-como-repertorio-sociocultural\/\" \/>\n<meta property=\"og:locale\" content=\"pt_BR\" \/>\n<meta property=\"og:type\" content=\"article\" \/>\n<meta property=\"og:title\" content=\"13 m\u00fasicas de Rita Lee que podem ser usadas como repert\u00f3rio sociocultural\" \/>\n<meta property=\"og:description\" content=\"Confira algumas das v\u00e1rias m\u00fasicas de Rita Lee que podem ser usadas como repert\u00f3rio sociocultural nas reda\u00e7\u00f5es dos vestibulares e Enem.\" \/>\n<meta property=\"og:url\" content=\"https:\/\/vestibulares.estrategia.com\/portal\/atualidades-e-dicas\/13-musicas-de-rita-lee-que-podem-ser-usadas-como-repertorio-sociocultural\/\" \/>\n<meta property=\"og:site_name\" content=\"Estrat\u00e9gia Vestibulares\" \/>\n<meta property=\"article:publisher\" content=\"https:\/\/facebook.com\/estrategiavestibulares\" \/>\n<meta property=\"article:published_time\" content=\"2023-05-09T22:18:25+00:00\" \/>\n<meta property=\"article:modified_time\" content=\"2023-06-22T19:42:21+00:00\" \/>\n<meta property=\"og:image\" content=\"https:\/\/cdn.blog.estrategiavestibulares.com.br\/vestibulares\/wp-content\/uploads\/2023\/05\/Rita_Lee_in_Aracatuba-08_by_Marco_Senche-1.jpg\" \/>\n\t<meta property=\"og:image:width\" content=\"1920\" \/>\n\t<meta property=\"og:image:height\" content=\"1080\" \/>\n\t<meta property=\"og:image:type\" content=\"image\/jpeg\" \/>\n<meta name=\"author\" content=\"Leonardo Del Sant\" \/>\n<meta name=\"twitter:card\" content=\"summary_large_image\" \/>\n<meta name=\"twitter:creator\" content=\"@Estrategiavest\" \/>\n<meta name=\"twitter:site\" content=\"@Estrategiavest\" \/>\n<meta name=\"twitter:label1\" content=\"Escrito por\" \/>\n\t<meta name=\"twitter:data1\" content=\"Leonardo Del Sant\" \/>\n\t<meta name=\"twitter:label2\" content=\"Est. tempo de leitura\" \/>\n\t<meta name=\"twitter:data2\" content=\"10 minutos\" \/>\n<script type=\"application\/ld+json\" class=\"yoast-schema-graph\">{\"@context\":\"https:\/\/schema.org\",\"@graph\":[{\"@type\":\"Article\",\"@id\":\"https:\/\/vestibulares.estrategia.com\/portal\/atualidades-e-dicas\/13-musicas-de-rita-lee-que-podem-ser-usadas-como-repertorio-sociocultural\/#article\",\"isPartOf\":{\"@id\":\"https:\/\/vestibulares.estrategia.com\/portal\/atualidades-e-dicas\/13-musicas-de-rita-lee-que-podem-ser-usadas-como-repertorio-sociocultural\/\"},\"author\":{\"name\":\"Leonardo Del Sant\",\"@id\":\"https:\/\/vestibulares.estrategia.com\/portal\/#\/schema\/person\/95532619fccae669187ec84703047908\"},\"headline\":\"13 m\u00fasicas de Rita Lee que podem ser usadas como repert\u00f3rio sociocultural\",\"datePublished\":\"2023-05-09T22:18:25+00:00\",\"dateModified\":\"2023-06-22T19:42:21+00:00\",\"mainEntityOfPage\":{\"@id\":\"https:\/\/vestibulares.estrategia.com\/portal\/atualidades-e-dicas\/13-musicas-de-rita-lee-que-podem-ser-usadas-como-repertorio-sociocultural\/\"},\"wordCount\":2031,\"publisher\":{\"@id\":\"https:\/\/vestibulares.estrategia.com\/portal\/#organization\"},\"image\":{\"@id\":\"https:\/\/vestibulares.estrategia.com\/portal\/atualidades-e-dicas\/13-musicas-de-rita-lee-que-podem-ser-usadas-como-repertorio-sociocultural\/#primaryimage\"},\"thumbnailUrl\":\"https:\/\/vestibulares.estrategia.com\/portal\/wp-content\/uploads\/2023\/05\/Rita_Lee_in_Aracatuba-08_by_Marco_Senche-1.jpg\",\"articleSection\":[\"Atualidades e Dicas\"],\"inLanguage\":\"pt-BR\"},{\"@type\":\"WebPage\",\"@id\":\"https:\/\/vestibulares.estrategia.com\/portal\/atualidades-e-dicas\/13-musicas-de-rita-lee-que-podem-ser-usadas-como-repertorio-sociocultural\/\",\"url\":\"https:\/\/vestibulares.estrategia.com\/portal\/atualidades-e-dicas\/13-musicas-de-rita-lee-que-podem-ser-usadas-como-repertorio-sociocultural\/\",\"name\":\"13 m\u00fasicas de Rita Lee que podem ser usadas como repert\u00f3rio sociocultural\",\"isPartOf\":{\"@id\":\"https:\/\/vestibulares.estrategia.com\/portal\/#website\"},\"primaryImageOfPage\":{\"@id\":\"https:\/\/vestibulares.estrategia.com\/portal\/atualidades-e-dicas\/13-musicas-de-rita-lee-que-podem-ser-usadas-como-repertorio-sociocultural\/#primaryimage\"},\"image\":{\"@id\":\"https:\/\/vestibulares.estrategia.com\/portal\/atualidades-e-dicas\/13-musicas-de-rita-lee-que-podem-ser-usadas-como-repertorio-sociocultural\/#primaryimage\"},\"thumbnailUrl\":\"https:\/\/vestibulares.estrategia.com\/portal\/wp-content\/uploads\/2023\/05\/Rita_Lee_in_Aracatuba-08_by_Marco_Senche-1.jpg\",\"datePublished\":\"2023-05-09T22:18:25+00:00\",\"dateModified\":\"2023-06-22T19:42:21+00:00\",\"description\":\"Confira algumas das v\u00e1rias m\u00fasicas de Rita Lee que podem ser usadas como repert\u00f3rio sociocultural nas reda\u00e7\u00f5es dos vestibulares e Enem.\",\"breadcrumb\":{\"@id\":\"https:\/\/vestibulares.estrategia.com\/portal\/atualidades-e-dicas\/13-musicas-de-rita-lee-que-podem-ser-usadas-como-repertorio-sociocultural\/#breadcrumb\"},\"inLanguage\":\"pt-BR\",\"potentialAction\":[{\"@type\":\"ReadAction\",\"target\":[\"https:\/\/vestibulares.estrategia.com\/portal\/atualidades-e-dicas\/13-musicas-de-rita-lee-que-podem-ser-usadas-como-repertorio-sociocultural\/\"]}]},{\"@type\":\"ImageObject\",\"inLanguage\":\"pt-BR\",\"@id\":\"https:\/\/vestibulares.estrategia.com\/portal\/atualidades-e-dicas\/13-musicas-de-rita-lee-que-podem-ser-usadas-como-repertorio-sociocultural\/#primaryimage\",\"url\":\"https:\/\/vestibulares.estrategia.com\/portal\/wp-content\/uploads\/2023\/05\/Rita_Lee_in_Aracatuba-08_by_Marco_Senche-1.jpg\",\"contentUrl\":\"https:\/\/vestibulares.estrategia.com\/portal\/wp-content\/uploads\/2023\/05\/Rita_Lee_in_Aracatuba-08_by_Marco_Senche-1.jpg\",\"width\":1920,\"height\":1080,\"caption\":\"rita-lee-reda\u00e7\u00e3o-repert\u00f3rio-sociocultural\"},{\"@type\":\"BreadcrumbList\",\"@id\":\"https:\/\/vestibulares.estrategia.com\/portal\/atualidades-e-dicas\/13-musicas-de-rita-lee-que-podem-ser-usadas-como-repertorio-sociocultural\/#breadcrumb\",\"itemListElement\":[{\"@type\":\"ListItem\",\"position\":1,\"name\":\"Home\",\"item\":\"https:\/\/vestibulares.estrategia.com\/portal\/\"},{\"@type\":\"ListItem\",\"position\":2,\"name\":\"Atualidades e Dicas\",\"item\":\"https:\/\/vestibulares.estrategia.com\/portal\/atualidades-e-dicas\/\"},{\"@type\":\"ListItem\",\"position\":3,\"name\":\"13 m\u00fasicas de Rita Lee que podem ser usadas como repert\u00f3rio sociocultural\"}]},{\"@type\":\"WebSite\",\"@id\":\"https:\/\/vestibulares.estrategia.com\/portal\/#website\",\"url\":\"https:\/\/vestibulares.estrategia.com\/portal\/\",\"name\":\"Estrat\u00e9gia Vestibulares\",\"description\":\"\",\"publisher\":{\"@id\":\"https:\/\/vestibulares.estrategia.com\/portal\/#organization\"},\"potentialAction\":[{\"@type\":\"SearchAction\",\"target\":{\"@type\":\"EntryPoint\",\"urlTemplate\":\"https:\/\/vestibulares.estrategia.com\/portal\/?s={search_term_string}\"},\"query-input\":{\"@type\":\"PropertyValueSpecification\",\"valueRequired\":true,\"valueName\":\"search_term_string\"}}],\"inLanguage\":\"pt-BR\"},{\"@type\":\"Organization\",\"@id\":\"https:\/\/vestibulares.estrategia.com\/portal\/#organization\",\"name\":\"Estrat\u00e9gia Vestibulares\",\"url\":\"https:\/\/vestibulares.estrategia.com\/portal\/\",\"logo\":{\"@type\":\"ImageObject\",\"inLanguage\":\"pt-BR\",\"@id\":\"https:\/\/vestibulares.estrategia.com\/portal\/#\/schema\/logo\/image\/\",\"url\":\"https:\/\/vestibulares.estrategia.com\/portal\/wp-content\/uploads\/2021\/06\/Logo-Vestibulares@4x.png\",\"contentUrl\":\"https:\/\/vestibulares.estrategia.com\/portal\/wp-content\/uploads\/2021\/06\/Logo-Vestibulares@4x.png\",\"width\":250,\"height\":66,\"caption\":\"Estrat\u00e9gia Vestibulares\"},\"image\":{\"@id\":\"https:\/\/vestibulares.estrategia.com\/portal\/#\/schema\/logo\/image\/\"},\"sameAs\":[\"https:\/\/facebook.com\/estrategiavestibulares\",\"https:\/\/x.com\/Estrategiavest\",\"https:\/\/www.instagram.com\/estrategiavestibulares\",\"https:\/\/www.youtube.com\/channel\/UCGWdZy8ULI-7_5GrABa4vNA\"]},{\"@type\":\"Person\",\"@id\":\"https:\/\/vestibulares.estrategia.com\/portal\/#\/schema\/person\/95532619fccae669187ec84703047908\",\"name\":\"Leonardo Del Sant\",\"image\":{\"@type\":\"ImageObject\",\"inLanguage\":\"pt-BR\",\"@id\":\"https:\/\/vestibulares.estrategia.com\/portal\/#\/schema\/person\/image\/\",\"url\":\"https:\/\/vestibulares.estrategia.com\/portal\/wp-content\/uploads\/2026\/02\/1000082484-150x150.jpeg\",\"contentUrl\":\"https:\/\/vestibulares.estrategia.com\/portal\/wp-content\/uploads\/2026\/02\/1000082484-150x150.jpeg\",\"caption\":\"Leonardo Del Sant\"},\"description\":\"Coordenador de Jornalismo do Estrat\u00e9gia Vestibulares. Trabalhou com escrita para SEO em sites das \u00e1reas de economia, varejo, sa\u00fade, tecnologia e alimenta\u00e7\u00e3o. Formado em jornalismo pela Unesp\/Bauru.\",\"url\":\"https:\/\/vestibulares.estrategia.com\/portal\/author\/leonardo-del-sant\/\"}]}<\/script>\n<!-- \/ Yoast SEO Premium plugin. -->","yoast_head_json":{"title":"13 m\u00fasicas de Rita Lee que podem ser usadas como repert\u00f3rio sociocultural","description":"Confira algumas das v\u00e1rias m\u00fasicas de Rita Lee que podem ser usadas como repert\u00f3rio sociocultural nas reda\u00e7\u00f5es dos vestibulares e Enem.","robots":{"index":"index","follow":"follow","max-snippet":"max-snippet:-1","max-image-preview":"max-image-preview:large","max-video-preview":"max-video-preview:-1"},"canonical":"https:\/\/vestibulares.estrategia.com\/portal\/atualidades-e-dicas\/13-musicas-de-rita-lee-que-podem-ser-usadas-como-repertorio-sociocultural\/","og_locale":"pt_BR","og_type":"article","og_title":"13 m\u00fasicas de Rita Lee que podem ser usadas como repert\u00f3rio sociocultural","og_description":"Confira algumas das v\u00e1rias m\u00fasicas de Rita Lee que podem ser usadas como repert\u00f3rio sociocultural nas reda\u00e7\u00f5es dos vestibulares e Enem.","og_url":"https:\/\/vestibulares.estrategia.com\/portal\/atualidades-e-dicas\/13-musicas-de-rita-lee-que-podem-ser-usadas-como-repertorio-sociocultural\/","og_site_name":"Estrat\u00e9gia Vestibulares","article_publisher":"https:\/\/facebook.com\/estrategiavestibulares","article_published_time":"2023-05-09T22:18:25+00:00","article_modified_time":"2023-06-22T19:42:21+00:00","og_image":[{"width":1920,"height":1080,"url":"https:\/\/cdn.blog.estrategiavestibulares.com.br\/vestibulares\/wp-content\/uploads\/2023\/05\/Rita_Lee_in_Aracatuba-08_by_Marco_Senche-1.jpg","type":"image\/jpeg"}],"author":"Leonardo Del Sant","twitter_card":"summary_large_image","twitter_creator":"@Estrategiavest","twitter_site":"@Estrategiavest","twitter_misc":{"Escrito por":"Leonardo Del Sant","Est. tempo de leitura":"10 minutos"},"schema":{"@context":"https:\/\/schema.org","@graph":[{"@type":"Article","@id":"https:\/\/vestibulares.estrategia.com\/portal\/atualidades-e-dicas\/13-musicas-de-rita-lee-que-podem-ser-usadas-como-repertorio-sociocultural\/#article","isPartOf":{"@id":"https:\/\/vestibulares.estrategia.com\/portal\/atualidades-e-dicas\/13-musicas-de-rita-lee-que-podem-ser-usadas-como-repertorio-sociocultural\/"},"author":{"name":"Leonardo Del Sant","@id":"https:\/\/vestibulares.estrategia.com\/portal\/#\/schema\/person\/95532619fccae669187ec84703047908"},"headline":"13 m\u00fasicas de Rita Lee que podem ser usadas como repert\u00f3rio sociocultural","datePublished":"2023-05-09T22:18:25+00:00","dateModified":"2023-06-22T19:42:21+00:00","mainEntityOfPage":{"@id":"https:\/\/vestibulares.estrategia.com\/portal\/atualidades-e-dicas\/13-musicas-de-rita-lee-que-podem-ser-usadas-como-repertorio-sociocultural\/"},"wordCount":2031,"publisher":{"@id":"https:\/\/vestibulares.estrategia.com\/portal\/#organization"},"image":{"@id":"https:\/\/vestibulares.estrategia.com\/portal\/atualidades-e-dicas\/13-musicas-de-rita-lee-que-podem-ser-usadas-como-repertorio-sociocultural\/#primaryimage"},"thumbnailUrl":"https:\/\/vestibulares.estrategia.com\/portal\/wp-content\/uploads\/2023\/05\/Rita_Lee_in_Aracatuba-08_by_Marco_Senche-1.jpg","articleSection":["Atualidades e Dicas"],"inLanguage":"pt-BR"},{"@type":"WebPage","@id":"https:\/\/vestibulares.estrategia.com\/portal\/atualidades-e-dicas\/13-musicas-de-rita-lee-que-podem-ser-usadas-como-repertorio-sociocultural\/","url":"https:\/\/vestibulares.estrategia.com\/portal\/atualidades-e-dicas\/13-musicas-de-rita-lee-que-podem-ser-usadas-como-repertorio-sociocultural\/","name":"13 m\u00fasicas de Rita Lee que podem ser usadas como repert\u00f3rio sociocultural","isPartOf":{"@id":"https:\/\/vestibulares.estrategia.com\/portal\/#website"},"primaryImageOfPage":{"@id":"https:\/\/vestibulares.estrategia.com\/portal\/atualidades-e-dicas\/13-musicas-de-rita-lee-que-podem-ser-usadas-como-repertorio-sociocultural\/#primaryimage"},"image":{"@id":"https:\/\/vestibulares.estrategia.com\/portal\/atualidades-e-dicas\/13-musicas-de-rita-lee-que-podem-ser-usadas-como-repertorio-sociocultural\/#primaryimage"},"thumbnailUrl":"https:\/\/vestibulares.estrategia.com\/portal\/wp-content\/uploads\/2023\/05\/Rita_Lee_in_Aracatuba-08_by_Marco_Senche-1.jpg","datePublished":"2023-05-09T22:18:25+00:00","dateModified":"2023-06-22T19:42:21+00:00","description":"Confira algumas das v\u00e1rias m\u00fasicas de Rita Lee que podem ser usadas como repert\u00f3rio sociocultural nas reda\u00e7\u00f5es dos vestibulares e Enem.","breadcrumb":{"@id":"https:\/\/vestibulares.estrategia.com\/portal\/atualidades-e-dicas\/13-musicas-de-rita-lee-que-podem-ser-usadas-como-repertorio-sociocultural\/#breadcrumb"},"inLanguage":"pt-BR","potentialAction":[{"@type":"ReadAction","target":["https:\/\/vestibulares.estrategia.com\/portal\/atualidades-e-dicas\/13-musicas-de-rita-lee-que-podem-ser-usadas-como-repertorio-sociocultural\/"]}]},{"@type":"ImageObject","inLanguage":"pt-BR","@id":"https:\/\/vestibulares.estrategia.com\/portal\/atualidades-e-dicas\/13-musicas-de-rita-lee-que-podem-ser-usadas-como-repertorio-sociocultural\/#primaryimage","url":"https:\/\/vestibulares.estrategia.com\/portal\/wp-content\/uploads\/2023\/05\/Rita_Lee_in_Aracatuba-08_by_Marco_Senche-1.jpg","contentUrl":"https:\/\/vestibulares.estrategia.com\/portal\/wp-content\/uploads\/2023\/05\/Rita_Lee_in_Aracatuba-08_by_Marco_Senche-1.jpg","width":1920,"height":1080,"caption":"rita-lee-reda\u00e7\u00e3o-repert\u00f3rio-sociocultural"},{"@type":"BreadcrumbList","@id":"https:\/\/vestibulares.estrategia.com\/portal\/atualidades-e-dicas\/13-musicas-de-rita-lee-que-podem-ser-usadas-como-repertorio-sociocultural\/#breadcrumb","itemListElement":[{"@type":"ListItem","position":1,"name":"Home","item":"https:\/\/vestibulares.estrategia.com\/portal\/"},{"@type":"ListItem","position":2,"name":"Atualidades e Dicas","item":"https:\/\/vestibulares.estrategia.com\/portal\/atualidades-e-dicas\/"},{"@type":"ListItem","position":3,"name":"13 m\u00fasicas de Rita Lee que podem ser usadas como repert\u00f3rio sociocultural"}]},{"@type":"WebSite","@id":"https:\/\/vestibulares.estrategia.com\/portal\/#website","url":"https:\/\/vestibulares.estrategia.com\/portal\/","name":"Estrat\u00e9gia Vestibulares","description":"","publisher":{"@id":"https:\/\/vestibulares.estrategia.com\/portal\/#organization"},"potentialAction":[{"@type":"SearchAction","target":{"@type":"EntryPoint","urlTemplate":"https:\/\/vestibulares.estrategia.com\/portal\/?s={search_term_string}"},"query-input":{"@type":"PropertyValueSpecification","valueRequired":true,"valueName":"search_term_string"}}],"inLanguage":"pt-BR"},{"@type":"Organization","@id":"https:\/\/vestibulares.estrategia.com\/portal\/#organization","name":"Estrat\u00e9gia Vestibulares","url":"https:\/\/vestibulares.estrategia.com\/portal\/","logo":{"@type":"ImageObject","inLanguage":"pt-BR","@id":"https:\/\/vestibulares.estrategia.com\/portal\/#\/schema\/logo\/image\/","url":"https:\/\/vestibulares.estrategia.com\/portal\/wp-content\/uploads\/2021\/06\/Logo-Vestibulares@4x.png","contentUrl":"https:\/\/vestibulares.estrategia.com\/portal\/wp-content\/uploads\/2021\/06\/Logo-Vestibulares@4x.png","width":250,"height":66,"caption":"Estrat\u00e9gia Vestibulares"},"image":{"@id":"https:\/\/vestibulares.estrategia.com\/portal\/#\/schema\/logo\/image\/"},"sameAs":["https:\/\/facebook.com\/estrategiavestibulares","https:\/\/x.com\/Estrategiavest","https:\/\/www.instagram.com\/estrategiavestibulares","https:\/\/www.youtube.com\/channel\/UCGWdZy8ULI-7_5GrABa4vNA"]},{"@type":"Person","@id":"https:\/\/vestibulares.estrategia.com\/portal\/#\/schema\/person\/95532619fccae669187ec84703047908","name":"Leonardo Del Sant","image":{"@type":"ImageObject","inLanguage":"pt-BR","@id":"https:\/\/vestibulares.estrategia.com\/portal\/#\/schema\/person\/image\/","url":"https:\/\/vestibulares.estrategia.com\/portal\/wp-content\/uploads\/2026\/02\/1000082484-150x150.jpeg","contentUrl":"https:\/\/vestibulares.estrategia.com\/portal\/wp-content\/uploads\/2026\/02\/1000082484-150x150.jpeg","caption":"Leonardo Del Sant"},"description":"Coordenador de Jornalismo do Estrat\u00e9gia Vestibulares. Trabalhou com escrita para SEO em sites das \u00e1reas de economia, varejo, sa\u00fade, tecnologia e alimenta\u00e7\u00e3o. Formado em jornalismo pela Unesp\/Bauru.","url":"https:\/\/vestibulares.estrategia.com\/portal\/author\/leonardo-del-sant\/"}]}},"_wl_alt_label":[],"wl:entity_url":"https:\/\/data.wordlift.io\/wl110249\/post\/13-musicas-de-rita-lee-que-podem-ser-usadas-como-repertorio-sociocultural","_links":{"self":[{"href":"https:\/\/vestibulares.estrategia.com\/portal\/wp-json\/wp\/v2\/posts\/90824","targetHints":{"allow":["GET"]}}],"collection":[{"href":"https:\/\/vestibulares.estrategia.com\/portal\/wp-json\/wp\/v2\/posts"}],"about":[{"href":"https:\/\/vestibulares.estrategia.com\/portal\/wp-json\/wp\/v2\/types\/post"}],"author":[{"embeddable":true,"href":"https:\/\/vestibulares.estrategia.com\/portal\/wp-json\/wp\/v2\/users\/43"}],"replies":[{"embeddable":true,"href":"https:\/\/vestibulares.estrategia.com\/portal\/wp-json\/wp\/v2\/comments?post=90824"}],"version-history":[{"count":4,"href":"https:\/\/vestibulares.estrategia.com\/portal\/wp-json\/wp\/v2\/posts\/90824\/revisions"}],"predecessor-version":[{"id":93213,"href":"https:\/\/vestibulares.estrategia.com\/portal\/wp-json\/wp\/v2\/posts\/90824\/revisions\/93213"}],"wp:featuredmedia":[{"embeddable":true,"href":"https:\/\/vestibulares.estrategia.com\/portal\/wp-json\/wp\/v2\/media\/90826"}],"wp:attachment":[{"href":"https:\/\/vestibulares.estrategia.com\/portal\/wp-json\/wp\/v2\/media?parent=90824"}],"wp:term":[{"taxonomy":"category","embeddable":true,"href":"https:\/\/vestibulares.estrategia.com\/portal\/wp-json\/wp\/v2\/categories?post=90824"},{"taxonomy":"post_tag","embeddable":true,"href":"https:\/\/vestibulares.estrategia.com\/portal\/wp-json\/wp\/v2\/tags?post=90824"},{"taxonomy":"wl_entity_type","embeddable":true,"href":"https:\/\/vestibulares.estrategia.com\/portal\/wp-json\/wp\/v2\/wl_entity_type?post=90824"}],"curies":[{"name":"wp","href":"https:\/\/api.w.org\/{rel}","templated":true}]}}