{"id":90974,"date":"2023-05-12T18:27:36","date_gmt":"2023-05-12T21:27:36","guid":{"rendered":"https:\/\/vestibulares.estrategia.com\/portal\/?p=90974"},"modified":"2023-05-29T18:30:33","modified_gmt":"2023-05-29T21:30:33","slug":"unicamp-divulga-edital-de-isencao-de-taxa-do-vestibular-2024","status":"publish","type":"post","link":"https:\/\/vestibulares.estrategia.com\/portal\/noticias\/unicamp-divulga-edital-de-isencao-de-taxa-do-vestibular-2024\/","title":{"rendered":"Unicamp divulga edital de isen\u00e7\u00e3o de taxa do vestibular 2024"},"content":{"rendered":"<p>A Universidade Estadual de Campinas (<a href=\"https:\/\/vestibulares.estrategia.com\/portal\/vestibulares\/vestibular-unicamp\/\" target=\"_blank\">Unicamp<\/a>), por meio da Comvest, comiss&atilde;o respons&aacute;vel pela organiza&ccedil;&atilde;o do processo seletivo da institui&ccedil;&atilde;o, divulgou hoje (12) o edital de isen&ccedil;&atilde;o de taxa para o vestibular 2024. O documento confirma o per&iacute;odo de entre os dias 15 de maio e 05 de junho para pedir a isen&ccedil;&atilde;o da taxa obrigat&oacute;ria, divulgado ontem (11).<p>\n\n\n\n<div id=\"new-form\">\n\t<form id=\"forms_layout\">\n\t<input type=\"hidden\" id=\"chave_de\" name=\"chave_de\" value=\"01_EVEST_LEADS_TOTAIS\" \/>\n\t\t<input type=\"hidden\" id=\"mid\" name=\"mid\" value=\"515008983\" \/>\n\t\t<input type=\"hidden\" id=\"Objetivo\" name=\"Objetivo\" value=\"Vestibulares\" \/>\n\t\t<input type=\"hidden\" id=\"Estado_de_Origem_do_IP\" name=\"Estado_de_Origem_do_IP\"  value=\"\" \/>\n\t\t<input type=\"hidden\" id=\"Cidade_de_Origem_do_IP\" name=\"Cidade_de_Origem_do_IP\" value=\"\" \/>\n\t\t<input type=\"hidden\" id=\"Modo_de_entrada\" name=\"Modo_de_entrada\" value=\"Portal\" \/>\n\t\t<input type=\"hidden\" id=\"Pagina_Origem\" name=\"Pagina_Origem\" value=\"\" \/>\n\n\t\t<div class=\"texto\">\n\t\t\t<h3 class=\"news\">Inscreva-se em nossa newsletter\ud83e\udd89<\/h3>\n\t\t\t<p>Receba dicas de estudo gratuitas e saiba em primeira m\u00e3o as novidades sobre o Enem, Sisu, Encceja, Fuvest e outros vestibulares!<\/p>\n\t\t<\/div>\n\t\t<div class=\"campos\">\n\t\t\t<div class=\"first_name labels\">\n\t\t\t\t<input type=\"text\" class=\"input_labels\" id=\"first_name\" name=\"Nome_Completo\" placeholder=\"Nome\" required \/>\n\t\t\t<\/div>\n\t\t\t<div class=\"email labels\">\n\t\t\t\t<input type=\"email\" class=\"input_labels\" id=\"email\" name=\"Email\" placeholder=\"E-mail\" required \/>\n\t\t\t<\/div>\n\t\t\t<button type=\"submit\" class=\"button_layout\">\n\t\t\t\t<div id=\"lblBotao\">Inscreva-se<\/div>\n\t\t\t\t<span id=\"divSpiner\" class=\"loader\" role=\"status\" style=\"display: none;\"><\/span>\t\n\t\t\t<\/button>\n\t\t<\/div><!-- \/campos -->\n\t\t\n\t\t<label class=\"container_checkbox\">Voc\u00ea concorda com a nossa\n\t\t\t<a class=\"politics_privacy_ahref\" target=\"_blank\" href=\"https:\/\/gratis.estrategiaconcursos.com.br\/politica-de-privacidade\/\">Pol\u00edtica de Privacidade<\/a> e aceita receber informa\u00e7\u00f5es adicionais do Estrat\u00e9gia Educacional.\n\t\t\t<input id=\"checkbox_layout\" type=\"checkbox\" checked=\"checked\" required \/>\n\t\t\t<span class=\"checkbox\"><\/span>\n\t\t<\/label>\n\t\t<div id=\"msg\"><\/div>\n\t\t<div id=\"error\" class=\"error\">\n\t\t<\/div>\n\t<\/form>\n<\/div><!-- \/new-form -->\n\n\n\n<\/p><p>A partir desse ano, h&aacute; uma <strong>nova modalidade de<\/strong> <strong>isen&ccedil;&atilde;o para<\/strong>&nbsp;<strong>estudantes bolsistas parciais ou integrais de escolas privadas\/particulares<\/strong>. S&atilde;o, ao todo, 150 vagas reservadas para candidatos desse perfil.<\/p><div class=\"wp-block-buttons is-content-justification-center is-layout-flex wp-container-core-buttons-is-layout-1 wp-block-buttons-is-layout-flex\">\n<div class=\"wp-block-button\"><a class=\"wp-block-button__link has-luminous-vivid-amber-to-luminous-vivid-orange-gradient-background has-background wp-element-button\" rel=\"nofollow noopener noreferrer\" href=\"https:\/\/vestibulares.estrategia.com\/portal\/wp-content\/uploads\/2023\/05\/22-2023-Edital-Isencao-vestibular-2024_2889471.pdf\" target=\"_blank\">Confira o Edital<\/a><\/div>\n<\/div><div id=\"ez-toc-container\" class=\"ez-toc-v2_0_76 counter-hierarchy ez-toc-counter ez-toc-transparent ez-toc-container-direction\">\n<div class=\"ez-toc-title-container\"><p class=\"ez-toc-title\" style=\"cursor:inherit\">Navegue pelo conte\u00fado<\/p>\n<\/div><nav><ul class='ez-toc-list ez-toc-list-level-1 ' ><li class='ez-toc-page-1 ez-toc-heading-level-2'><a class=\"ez-toc-link ez-toc-heading-1\" href=\"https:\/\/vestibulares.estrategia.com\/portal\/noticias\/unicamp-divulga-edital-de-isencao-de-taxa-do-vestibular-2024\/#Quem-pode-solicitar-isencao-da-taxa-de-inscricao-da-Unicamp\" >Quem pode solicitar isen&ccedil;&atilde;o da taxa de inscri&ccedil;&atilde;o da Unicamp?<\/a><\/li><li class='ez-toc-page-1 ez-toc-heading-level-2'><a class=\"ez-toc-link ez-toc-heading-2\" href=\"https:\/\/vestibulares.estrategia.com\/portal\/noticias\/unicamp-divulga-edital-de-isencao-de-taxa-do-vestibular-2024\/#Documentacao-requerida-para-solicitar-a-isencao\" >Documenta&ccedil;&atilde;o requerida para solicitar a isen&ccedil;&atilde;o<\/a><\/li><li class='ez-toc-page-1 ez-toc-heading-level-2'><a class=\"ez-toc-link ez-toc-heading-3\" href=\"https:\/\/vestibulares.estrategia.com\/portal\/noticias\/unicamp-divulga-edital-de-isencao-de-taxa-do-vestibular-2024\/#Divulgacao-dos-resultados\" >Divulga&ccedil;&atilde;o dos resultados<\/a><\/li><li class='ez-toc-page-1 ez-toc-heading-level-2'><a class=\"ez-toc-link ez-toc-heading-4\" href=\"https:\/\/vestibulares.estrategia.com\/portal\/noticias\/unicamp-divulga-edital-de-isencao-de-taxa-do-vestibular-2024\/#Calendario-Unicamp-2024\" >Calend&aacute;rio Unicamp 2024<\/a><\/li><li class='ez-toc-page-1 ez-toc-heading-level-2'><a class=\"ez-toc-link ez-toc-heading-5\" href=\"https:\/\/vestibulares.estrategia.com\/portal\/noticias\/unicamp-divulga-edital-de-isencao-de-taxa-do-vestibular-2024\/#Saiba-mais-sobre-o-Vestibular-Unicamp\" >Saiba mais sobre o Vestibular Unicamp:<\/a><\/li><\/ul><\/nav><\/div>\n<h2 class=\"wp-block-heading\" id=\"h-quem-pode-solicitar-isencao-da-taxa-de-inscricao-da-unicamp\"><span class=\"ez-toc-section\" id=\"Quem-pode-solicitar-isencao-da-taxa-de-inscricao-da-Unicamp\"><\/span>Quem pode solicitar isen&ccedil;&atilde;o da taxa de inscri&ccedil;&atilde;o da Unicamp?<span class=\"ez-toc-section-end\"><\/span><\/h2><p>Confira quais s&atilde;o as quatro modalidades presentes no edital de taxa de inscri&ccedil;&atilde;o de 2024:<\/p><ul class=\"wp-block-list\">\n<li><strong>Mod. 1<\/strong>&ndash; para candidatos provenientes de fam&iacute;lias de baixa renda (at&eacute; um sal&aacute;rio m&iacute;nimo e meio bruto mensal por morador do domic&iacute;lio) oriundos de escolas p&uacute;blicas;\n<ul class=\"wp-block-list\">\n<li>Total de vagas: 6.680 isen&ccedil;&otilde;es<\/li>\n<\/ul>\n<\/li>\n\n\n\n<li><strong>Mod.<\/strong><strong>2<\/strong>&ndash; funcion&aacute;rios da Unicamp\/Funcamp;\n<ul class=\"wp-block-list\">\n<li>Total de vagas: n&uacute;mero ilimitado de isen&ccedil;&otilde;es<\/li>\n<\/ul>\n<\/li>\n\n\n\n<li><strong>Mod.<\/strong><strong>3<\/strong>&ndash; para aqueles que se candidatarem aos seguintes cursos noturnos de Licenciatura ou Tecnologia (Licenciaturas em: Ci&ecirc;ncias Biol&oacute;gicas, F&iacute;sica, Letras, Licenciatura Integrada Qu&iacute;mica\/F&iacute;sica, Matem&aacute;tica e Pedagogia. Tecnologia em: An&aacute;lise e Desenvolvimento de Sistemas e em Saneamento Ambiental); e\n<ul class=\"wp-block-list\">\n<li>Total de vagas: n&uacute;mero ilimitado de isen&ccedil;&otilde;es<\/li>\n<\/ul>\n<\/li>\n\n\n\n<li><strong>Mod.<\/strong><strong>4<\/strong>&ndash; para candidatos bolsistas (bolsa parcial ou total) de escolas privadas\/particulares.\n<ul class=\"wp-block-list\">\n<li>N&uacute;mero de vagas: 150 isen&ccedil;&otilde;es<\/li>\n<\/ul>\n<\/li>\n<\/ul><h2 class=\"wp-block-heading\"><span class=\"ez-toc-section\" id=\"Documentacao-requerida-para-solicitar-a-isencao\"><\/span>Documenta&ccedil;&atilde;o requerida para solicitar a isen&ccedil;&atilde;o<span class=\"ez-toc-section-end\"><\/span><\/h2><p>Dentre os documentos que devem ser enviados est&atilde;o:<\/p><ul class=\"wp-block-list\">\n<li>Documenta&ccedil;&atilde;o geral:\n<ul class=\"wp-block-list\">\n<li>Documento de identidade (RG ou RNE);<\/li>\n\n\n\n<li>Hist&oacute;rico Escolar do Ensino M&eacute;dio;<\/li>\n<\/ul>\n<\/li>\n\n\n\n<li>Candidatos via modalidade 1 e 4 (documentos de cada membro do grupo familiar e de acordo com cada caso):\n<ul class=\"wp-block-list\">\n<li>Documento de identidade (RG ou RNE);<\/li>\n\n\n\n<li>Cadastro de Pessoa F&iacute;sica (CPF);<\/li>\n\n\n\n<li>Trabalhador contrato formal: &uacute;ltimo holerite (sem adicional de f&eacute;rias e 13&ordm; sal&aacute;rio);<\/li>\n\n\n\n<li>Trabalhador informal ou aut&ocirc;nomo: declara&ccedil;&atilde;o de trabalho informal ou aut&ocirc;nomo;<\/li>\n\n\n\n<li>Aposentados\/pensionistas: extrato de pagamento do &uacute;ltimo ano do Benef&iacute;cio da  Previd&ecirc;ncia Social, Privada e outros;\n<ul class=\"wp-block-list\">\n<li>Benefici&aacute;rio de Pens&atilde;o Aliment&iacute;cia: declara&ccedil;&atilde;o de recebimento de Pens&atilde;o Aliment&iacute;cia;<\/li>\n\n\n\n<li>Desempregado: carteira de trabalho (p&aacute;gina de identifica&ccedil;&atilde;o e do &uacute;ltimo registro, declara&ccedil;&atilde;o de desempregado(a) que exerce atividade informal;<\/li>\n\n\n\n<li>Indiv&iacute;duos que n&atilde;o percebam rendimentos: declara&ccedil;&atilde;o de n&atilde;o recebimento de remunera&ccedil;&atilde;o;<\/li>\n\n\n\n<li>Outros: est&aacute;gio remunerado, bolsista e outros comprovantes de rendimento oficial.<\/li>\n\n\n\n<li>O candidato, o pai, a m&atilde;e ou respons&aacute;vel que estiverem cadastrado no Cad&Uacute;nico<br>(Cadastro &Uacute;nico para Programas Sociais) dever&aacute;(&atilde;o) apresentar formul&aacute;rio de matr&iacute;cula do Cad&Uacute;nico.<\/li>\n<\/ul>\n<\/li>\n<\/ul>\n<\/li>\n\n\n\n<li>Candidatos via modalidade 2:\n<ul class=\"wp-block-list\">\n<li>Comprovar o v&iacute;nculo empregat&iacute;cio (holerite, contrato trabalhista ou registro da carteira de trabalho) com a Unicamp ou Funcamp.<\/li>\n<\/ul>\n<\/li>\n\n\n\n<li>Candidatos via modalidade 4 que frequentam ou frequentaram escola particular\/privada:\n<ul class=\"wp-block-list\">\n<li>Declara&ccedil;&atilde;o de bolsista do Ensino M&eacute;dio fornecida pelo estabelecimento de ensino, em papel timbrado, carimbado e assinado pelo diretor ou respons&aacute;vel, o arquivo dever&aacute; ser convertido em PDF.<\/li>\n\n\n\n<li>Candidatos pertencentes ao Sistema Senai, Sesi, SENAC e ou outra institui&ccedil;&atilde;o particular que mant&eacute;m educa&ccedil;&atilde;o gratuita, devem enviar hist&oacute;rico escolar do Ensino M&eacute;dio.<\/li>\n<\/ul>\n<\/li>\n<\/ul><h2 class=\"wp-block-heading\"><span class=\"ez-toc-section\" id=\"Divulgacao-dos-resultados\"><\/span>Divulga&ccedil;&atilde;o dos resultados<span class=\"ez-toc-section-end\"><\/span><\/h2><p>O resultado das solicita&ccedil;&otilde;es de isen&ccedil;&atilde;o de taxa da Unicamp ser&atilde;o divulgados no dia 28 de julho de 2023. Os recursos poder&atilde;o ser solicitados, em caso de inscri&ccedil;&atilde;o indeferida, a partir do dia 28 at&eacute; o dia 31 de julho. J&aacute; o resultado dos recursos ser&atilde;o divulgados no dia 02 de agosto.<\/p><p> <\/p><h2 class=\"wp-block-heading\"><span class=\"ez-toc-section\" id=\"Calendario-Unicamp-2024\"><\/span>Calend&aacute;rio Unicamp 2024<span class=\"ez-toc-section-end\"><\/span><\/h2><ul class=\"wp-block-list\">\n<li><strong>Solicita&ccedil;&atilde;o de isen&ccedil;&atilde;o da taxa de inscri&ccedil;&atilde;o:<\/strong>&nbsp;15\/05 a 05\/06\/2023;<\/li>\n\n\n\n<li><strong>Divulga&ccedil;&atilde;o do resultado da solicita&ccedil;&atilde;o de isen&ccedil;&atilde;o:<\/strong>&nbsp;28\/07\/2023;<\/li>\n\n\n\n<li><strong>Divulga&ccedil;&atilde;o do edital:<\/strong>&nbsp;ainda sem informa&ccedil;&otilde;es;<\/li>\n\n\n\n<li><strong>Inscri&ccedil;&otilde;es:&nbsp;<\/strong>31\/07 a 31\/08\/2023<\/li>\n\n\n\n<li><strong>1&ordf; fase:<\/strong>&nbsp;29\/10\/2023<\/li>\n\n\n\n<li><strong>2&ordf; fase:<\/strong>&nbsp;03 e 04\/12\/2023<\/li>\n\n\n\n<li><strong>Resultado:&nbsp;<\/strong>ainda sem informa&ccedil;&otilde;es<\/li>\n<\/ul><p>Tem interesse em realizar o vestibular da Unicamp? Aqui no Estrat&eacute;gia Vestibulares voc&ecirc; encontra cursos e simulados preparat&oacute;rios para te ajudar a&nbsp; conquistar a vaga dos seus sonhos!<\/p><p>\n\n\n\n\n\n<a id=\"cta\" class=\"cta-imagem\" href=\"https:\/\/vestibulares.estrategia.com\/curso\/pacote-para-unicamp\/\" target=\"blank\">\n                <img decoding=\"async\" width=\"100%\" src=\"https:\/\/vestibulares.estrategia.com\/portal\/wp-content\/uploads\/2021\/12\/Unicamp.jpg\" alt=\"CTA Curso Vestibular Unicamp\" title=\"CTA Curso Vestibular Unicamp\">\n        <\/a>\n\n\n\n<\/p><h2 class=\"wp-block-heading\" id=\"h-saiba-mais-sobre-o-vestibular-unicamp\"><span class=\"ez-toc-section\" id=\"Saiba-mais-sobre-o-Vestibular-Unicamp\"><\/span>Saiba mais sobre o Vestibular Unicamp:<span class=\"ez-toc-section-end\"><\/span><\/h2><ul class=\"wp-block-list\">\n<li><a href=\"https:\/\/vestibulares.estrategia.com\/portal\/vestibulares\/prova-vestibular-unicamp\/\" target=\"_blank\">Como &eacute; a prova do vestibular da Unicamp?<\/a><\/li>\n\n\n\n<li><a href=\"https:\/\/vestibulares.estrategia.com\/portal\/vestibulares\/unicamp-leituras-obrigatorias\/\" target=\"_blank\">Leituras obrigat&oacute;rias da Unicamp<\/a><\/li>\n\n\n\n<li><a href=\"https:\/\/vestibulares.estrategia.com\/portal\/vestibulares\/cotas-unicamp\/\" target=\"_blank\">Sistema de cotas Unicamp: veja formas de ingresso das universidade<\/a><\/li>\n<\/ul><\/p>\n","protected":false},"excerpt":{"rendered":"Confira as informa\u00e7\u00f5es e datas publicadas no edital de isen\u00e7\u00e3o de taxa da Unicamp 2024 e os pr\u00f3ximos passos do processo seletivo\n","protected":false},"author":43,"featured_media":86795,"comment_status":"closed","ping_status":"closed","sticky":false,"template":"","format":"standard","meta":{"wl_entities_gutenberg":"","footnotes":""},"categories":[47],"tags":[],"wl_entity_type":[732],"class_list":{"0":"post-90974","1":"post","2":"type-post","3":"status-publish","4":"format-standard","5":"has-post-thumbnail","7":"category-noticias","8":"wl_entity_type-article"},"acf":[],"yoast_head":"<!-- This site is optimized with the Yoast SEO Premium plugin v25.9 (Yoast SEO v25.9) - https:\/\/yoast.com\/wordpress\/plugins\/seo\/ -->\n<title>Unicamp divulga edital de isen\u00e7\u00e3o de taxa do vestibular 2024<\/title>\n<meta name=\"description\" content=\"Confira as informa\u00e7\u00f5es publicadas no edital de isen\u00e7\u00e3o de taxa da Unicamp 2024, divulgado hoje (12) e com nova modalidade de isen\u00e7\u00e3o.\" \/>\n<meta name=\"robots\" content=\"index, follow, max-snippet:-1, max-image-preview:large, max-video-preview:-1\" \/>\n<link rel=\"canonical\" href=\"https:\/\/vestibulares.estrategia.com\/portal\/noticias\/unicamp-divulga-edital-de-isencao-de-taxa-do-vestibular-2024\/\" \/>\n<meta property=\"og:locale\" content=\"pt_BR\" \/>\n<meta property=\"og:type\" content=\"article\" \/>\n<meta property=\"og:title\" content=\"Unicamp divulga edital de isen\u00e7\u00e3o de taxa do vestibular 2024\" \/>\n<meta property=\"og:description\" content=\"Confira as informa\u00e7\u00f5es publicadas no edital de isen\u00e7\u00e3o de taxa da Unicamp 2024, divulgado hoje (12) e com nova modalidade de isen\u00e7\u00e3o.\" \/>\n<meta property=\"og:url\" content=\"https:\/\/vestibulares.estrategia.com\/portal\/noticias\/unicamp-divulga-edital-de-isencao-de-taxa-do-vestibular-2024\/\" \/>\n<meta property=\"og:site_name\" content=\"Estrat\u00e9gia Vestibulares\" \/>\n<meta property=\"article:publisher\" content=\"https:\/\/facebook.com\/estrategiavestibulares\" \/>\n<meta property=\"article:published_time\" content=\"2023-05-12T21:27:36+00:00\" \/>\n<meta property=\"article:modified_time\" content=\"2023-05-29T21:30:33+00:00\" \/>\n<meta property=\"og:image\" content=\"https:\/\/cdn.blog.estrategiavestibulares.com.br\/vestibulares\/wp-content\/uploads\/2023\/01\/vestibular-unicamp-ev-1.jpg.webp\" \/>\n\t<meta property=\"og:image:width\" content=\"1280\" \/>\n\t<meta property=\"og:image:height\" content=\"720\" \/>\n\t<meta property=\"og:image:type\" content=\"image\/webp\" \/>\n<meta name=\"author\" content=\"Leonardo Del Sant\" \/>\n<meta name=\"twitter:card\" content=\"summary_large_image\" \/>\n<meta name=\"twitter:creator\" content=\"@Estrategiavest\" \/>\n<meta name=\"twitter:site\" content=\"@Estrategiavest\" \/>\n<meta name=\"twitter:label1\" content=\"Escrito por\" \/>\n\t<meta name=\"twitter:data1\" content=\"Leonardo Del Sant\" \/>\n\t<meta name=\"twitter:label2\" content=\"Est. tempo de leitura\" \/>\n\t<meta name=\"twitter:data2\" content=\"4 minutos\" \/>\n<script type=\"application\/ld+json\" class=\"yoast-schema-graph\">{\"@context\":\"https:\/\/schema.org\",\"@graph\":[{\"@type\":\"NewsArticle\",\"@id\":\"https:\/\/vestibulares.estrategia.com\/portal\/noticias\/unicamp-divulga-edital-de-isencao-de-taxa-do-vestibular-2024\/#article\",\"isPartOf\":{\"@id\":\"https:\/\/vestibulares.estrategia.com\/portal\/noticias\/unicamp-divulga-edital-de-isencao-de-taxa-do-vestibular-2024\/\"},\"author\":{\"name\":\"Leonardo Del Sant\",\"@id\":\"https:\/\/vestibulares.estrategia.com\/portal\/#\/schema\/person\/95532619fccae669187ec84703047908\"},\"headline\":\"Unicamp divulga edital de isen\u00e7\u00e3o de taxa do vestibular 2024\",\"datePublished\":\"2023-05-12T21:27:36+00:00\",\"dateModified\":\"2023-05-29T21:30:33+00:00\",\"mainEntityOfPage\":{\"@id\":\"https:\/\/vestibulares.estrategia.com\/portal\/noticias\/unicamp-divulga-edital-de-isencao-de-taxa-do-vestibular-2024\/\"},\"wordCount\":720,\"publisher\":{\"@id\":\"https:\/\/vestibulares.estrategia.com\/portal\/#organization\"},\"image\":{\"@id\":\"https:\/\/vestibulares.estrategia.com\/portal\/noticias\/unicamp-divulga-edital-de-isencao-de-taxa-do-vestibular-2024\/#primaryimage\"},\"thumbnailUrl\":\"https:\/\/vestibulares.estrategia.com\/portal\/wp-content\/uploads\/2023\/01\/vestibular-unicamp-ev-1.jpg.webp\",\"articleSection\":[\"Not\u00edcias\"],\"inLanguage\":\"pt-BR\"},{\"@type\":\"WebPage\",\"@id\":\"https:\/\/vestibulares.estrategia.com\/portal\/noticias\/unicamp-divulga-edital-de-isencao-de-taxa-do-vestibular-2024\/\",\"url\":\"https:\/\/vestibulares.estrategia.com\/portal\/noticias\/unicamp-divulga-edital-de-isencao-de-taxa-do-vestibular-2024\/\",\"name\":\"Unicamp divulga edital de isen\u00e7\u00e3o de taxa do vestibular 2024\",\"isPartOf\":{\"@id\":\"https:\/\/vestibulares.estrategia.com\/portal\/#website\"},\"primaryImageOfPage\":{\"@id\":\"https:\/\/vestibulares.estrategia.com\/portal\/noticias\/unicamp-divulga-edital-de-isencao-de-taxa-do-vestibular-2024\/#primaryimage\"},\"image\":{\"@id\":\"https:\/\/vestibulares.estrategia.com\/portal\/noticias\/unicamp-divulga-edital-de-isencao-de-taxa-do-vestibular-2024\/#primaryimage\"},\"thumbnailUrl\":\"https:\/\/vestibulares.estrategia.com\/portal\/wp-content\/uploads\/2023\/01\/vestibular-unicamp-ev-1.jpg.webp\",\"datePublished\":\"2023-05-12T21:27:36+00:00\",\"dateModified\":\"2023-05-29T21:30:33+00:00\",\"description\":\"Confira as informa\u00e7\u00f5es publicadas no edital de isen\u00e7\u00e3o de taxa da Unicamp 2024, divulgado hoje (12) e com nova modalidade de isen\u00e7\u00e3o.\",\"breadcrumb\":{\"@id\":\"https:\/\/vestibulares.estrategia.com\/portal\/noticias\/unicamp-divulga-edital-de-isencao-de-taxa-do-vestibular-2024\/#breadcrumb\"},\"inLanguage\":\"pt-BR\",\"potentialAction\":[{\"@type\":\"ReadAction\",\"target\":[\"https:\/\/vestibulares.estrategia.com\/portal\/noticias\/unicamp-divulga-edital-de-isencao-de-taxa-do-vestibular-2024\/\"]}]},{\"@type\":\"ImageObject\",\"inLanguage\":\"pt-BR\",\"@id\":\"https:\/\/vestibulares.estrategia.com\/portal\/noticias\/unicamp-divulga-edital-de-isencao-de-taxa-do-vestibular-2024\/#primaryimage\",\"url\":\"https:\/\/vestibulares.estrategia.com\/portal\/wp-content\/uploads\/2023\/01\/vestibular-unicamp-ev-1.jpg.webp\",\"contentUrl\":\"https:\/\/vestibulares.estrategia.com\/portal\/wp-content\/uploads\/2023\/01\/vestibular-unicamp-ev-1.jpg.webp\",\"width\":1280,\"height\":720},{\"@type\":\"BreadcrumbList\",\"@id\":\"https:\/\/vestibulares.estrategia.com\/portal\/noticias\/unicamp-divulga-edital-de-isencao-de-taxa-do-vestibular-2024\/#breadcrumb\",\"itemListElement\":[{\"@type\":\"ListItem\",\"position\":1,\"name\":\"Home\",\"item\":\"https:\/\/vestibulares.estrategia.com\/portal\/\"},{\"@type\":\"ListItem\",\"position\":2,\"name\":\"Not\u00edcias\",\"item\":\"https:\/\/vestibulares.estrategia.com\/portal\/noticias\/\"},{\"@type\":\"ListItem\",\"position\":3,\"name\":\"Unicamp divulga edital de isen\u00e7\u00e3o de taxa do vestibular 2024\"}]},{\"@type\":\"WebSite\",\"@id\":\"https:\/\/vestibulares.estrategia.com\/portal\/#website\",\"url\":\"https:\/\/vestibulares.estrategia.com\/portal\/\",\"name\":\"Estrat\u00e9gia Vestibulares\",\"description\":\"\",\"publisher\":{\"@id\":\"https:\/\/vestibulares.estrategia.com\/portal\/#organization\"},\"potentialAction\":[{\"@type\":\"SearchAction\",\"target\":{\"@type\":\"EntryPoint\",\"urlTemplate\":\"https:\/\/vestibulares.estrategia.com\/portal\/?s={search_term_string}\"},\"query-input\":{\"@type\":\"PropertyValueSpecification\",\"valueRequired\":true,\"valueName\":\"search_term_string\"}}],\"inLanguage\":\"pt-BR\"},{\"@type\":\"Organization\",\"@id\":\"https:\/\/vestibulares.estrategia.com\/portal\/#organization\",\"name\":\"Estrat\u00e9gia Vestibulares\",\"url\":\"https:\/\/vestibulares.estrategia.com\/portal\/\",\"logo\":{\"@type\":\"ImageObject\",\"inLanguage\":\"pt-BR\",\"@id\":\"https:\/\/vestibulares.estrategia.com\/portal\/#\/schema\/logo\/image\/\",\"url\":\"https:\/\/vestibulares.estrategia.com\/portal\/wp-content\/uploads\/2021\/06\/Logo-Vestibulares@4x.png\",\"contentUrl\":\"https:\/\/vestibulares.estrategia.com\/portal\/wp-content\/uploads\/2021\/06\/Logo-Vestibulares@4x.png\",\"width\":250,\"height\":66,\"caption\":\"Estrat\u00e9gia Vestibulares\"},\"image\":{\"@id\":\"https:\/\/vestibulares.estrategia.com\/portal\/#\/schema\/logo\/image\/\"},\"sameAs\":[\"https:\/\/facebook.com\/estrategiavestibulares\",\"https:\/\/x.com\/Estrategiavest\",\"https:\/\/www.instagram.com\/estrategiavestibulares\",\"https:\/\/www.youtube.com\/channel\/UCGWdZy8ULI-7_5GrABa4vNA\"]},{\"@type\":\"Person\",\"@id\":\"https:\/\/vestibulares.estrategia.com\/portal\/#\/schema\/person\/95532619fccae669187ec84703047908\",\"name\":\"Leonardo Del Sant\",\"image\":{\"@type\":\"ImageObject\",\"inLanguage\":\"pt-BR\",\"@id\":\"https:\/\/vestibulares.estrategia.com\/portal\/#\/schema\/person\/image\/\",\"url\":\"https:\/\/vestibulares.estrategia.com\/portal\/wp-content\/uploads\/2026\/02\/1000082484-150x150.jpeg\",\"contentUrl\":\"https:\/\/vestibulares.estrategia.com\/portal\/wp-content\/uploads\/2026\/02\/1000082484-150x150.jpeg\",\"caption\":\"Leonardo Del Sant\"},\"description\":\"Coordenador de Jornalismo do Estrat\u00e9gia Vestibulares. Trabalhou com escrita para SEO em sites das \u00e1reas de economia, varejo, sa\u00fade, tecnologia e alimenta\u00e7\u00e3o. Formado em jornalismo pela Unesp\/Bauru.\",\"url\":\"https:\/\/vestibulares.estrategia.com\/portal\/author\/leonardo-del-sant\/\"}]}<\/script>\n<!-- \/ Yoast SEO Premium plugin. -->","yoast_head_json":{"title":"Unicamp divulga edital de isen\u00e7\u00e3o de taxa do vestibular 2024","description":"Confira as informa\u00e7\u00f5es publicadas no edital de isen\u00e7\u00e3o de taxa da Unicamp 2024, divulgado hoje (12) e com nova modalidade de isen\u00e7\u00e3o.","robots":{"index":"index","follow":"follow","max-snippet":"max-snippet:-1","max-image-preview":"max-image-preview:large","max-video-preview":"max-video-preview:-1"},"canonical":"https:\/\/vestibulares.estrategia.com\/portal\/noticias\/unicamp-divulga-edital-de-isencao-de-taxa-do-vestibular-2024\/","og_locale":"pt_BR","og_type":"article","og_title":"Unicamp divulga edital de isen\u00e7\u00e3o de taxa do vestibular 2024","og_description":"Confira as informa\u00e7\u00f5es publicadas no edital de isen\u00e7\u00e3o de taxa da Unicamp 2024, divulgado hoje (12) e com nova modalidade de isen\u00e7\u00e3o.","og_url":"https:\/\/vestibulares.estrategia.com\/portal\/noticias\/unicamp-divulga-edital-de-isencao-de-taxa-do-vestibular-2024\/","og_site_name":"Estrat\u00e9gia Vestibulares","article_publisher":"https:\/\/facebook.com\/estrategiavestibulares","article_published_time":"2023-05-12T21:27:36+00:00","article_modified_time":"2023-05-29T21:30:33+00:00","og_image":[{"width":1280,"height":720,"url":"https:\/\/cdn.blog.estrategiavestibulares.com.br\/vestibulares\/wp-content\/uploads\/2023\/01\/vestibular-unicamp-ev-1.jpg.webp","type":"image\/webp"}],"author":"Leonardo Del Sant","twitter_card":"summary_large_image","twitter_creator":"@Estrategiavest","twitter_site":"@Estrategiavest","twitter_misc":{"Escrito por":"Leonardo Del Sant","Est. tempo de leitura":"4 minutos"},"schema":{"@context":"https:\/\/schema.org","@graph":[{"@type":"NewsArticle","@id":"https:\/\/vestibulares.estrategia.com\/portal\/noticias\/unicamp-divulga-edital-de-isencao-de-taxa-do-vestibular-2024\/#article","isPartOf":{"@id":"https:\/\/vestibulares.estrategia.com\/portal\/noticias\/unicamp-divulga-edital-de-isencao-de-taxa-do-vestibular-2024\/"},"author":{"name":"Leonardo Del Sant","@id":"https:\/\/vestibulares.estrategia.com\/portal\/#\/schema\/person\/95532619fccae669187ec84703047908"},"headline":"Unicamp divulga edital de isen\u00e7\u00e3o de taxa do vestibular 2024","datePublished":"2023-05-12T21:27:36+00:00","dateModified":"2023-05-29T21:30:33+00:00","mainEntityOfPage":{"@id":"https:\/\/vestibulares.estrategia.com\/portal\/noticias\/unicamp-divulga-edital-de-isencao-de-taxa-do-vestibular-2024\/"},"wordCount":720,"publisher":{"@id":"https:\/\/vestibulares.estrategia.com\/portal\/#organization"},"image":{"@id":"https:\/\/vestibulares.estrategia.com\/portal\/noticias\/unicamp-divulga-edital-de-isencao-de-taxa-do-vestibular-2024\/#primaryimage"},"thumbnailUrl":"https:\/\/vestibulares.estrategia.com\/portal\/wp-content\/uploads\/2023\/01\/vestibular-unicamp-ev-1.jpg.webp","articleSection":["Not\u00edcias"],"inLanguage":"pt-BR"},{"@type":"WebPage","@id":"https:\/\/vestibulares.estrategia.com\/portal\/noticias\/unicamp-divulga-edital-de-isencao-de-taxa-do-vestibular-2024\/","url":"https:\/\/vestibulares.estrategia.com\/portal\/noticias\/unicamp-divulga-edital-de-isencao-de-taxa-do-vestibular-2024\/","name":"Unicamp divulga edital de isen\u00e7\u00e3o de taxa do vestibular 2024","isPartOf":{"@id":"https:\/\/vestibulares.estrategia.com\/portal\/#website"},"primaryImageOfPage":{"@id":"https:\/\/vestibulares.estrategia.com\/portal\/noticias\/unicamp-divulga-edital-de-isencao-de-taxa-do-vestibular-2024\/#primaryimage"},"image":{"@id":"https:\/\/vestibulares.estrategia.com\/portal\/noticias\/unicamp-divulga-edital-de-isencao-de-taxa-do-vestibular-2024\/#primaryimage"},"thumbnailUrl":"https:\/\/vestibulares.estrategia.com\/portal\/wp-content\/uploads\/2023\/01\/vestibular-unicamp-ev-1.jpg.webp","datePublished":"2023-05-12T21:27:36+00:00","dateModified":"2023-05-29T21:30:33+00:00","description":"Confira as informa\u00e7\u00f5es publicadas no edital de isen\u00e7\u00e3o de taxa da Unicamp 2024, divulgado hoje (12) e com nova modalidade de isen\u00e7\u00e3o.","breadcrumb":{"@id":"https:\/\/vestibulares.estrategia.com\/portal\/noticias\/unicamp-divulga-edital-de-isencao-de-taxa-do-vestibular-2024\/#breadcrumb"},"inLanguage":"pt-BR","potentialAction":[{"@type":"ReadAction","target":["https:\/\/vestibulares.estrategia.com\/portal\/noticias\/unicamp-divulga-edital-de-isencao-de-taxa-do-vestibular-2024\/"]}]},{"@type":"ImageObject","inLanguage":"pt-BR","@id":"https:\/\/vestibulares.estrategia.com\/portal\/noticias\/unicamp-divulga-edital-de-isencao-de-taxa-do-vestibular-2024\/#primaryimage","url":"https:\/\/vestibulares.estrategia.com\/portal\/wp-content\/uploads\/2023\/01\/vestibular-unicamp-ev-1.jpg.webp","contentUrl":"https:\/\/vestibulares.estrategia.com\/portal\/wp-content\/uploads\/2023\/01\/vestibular-unicamp-ev-1.jpg.webp","width":1280,"height":720},{"@type":"BreadcrumbList","@id":"https:\/\/vestibulares.estrategia.com\/portal\/noticias\/unicamp-divulga-edital-de-isencao-de-taxa-do-vestibular-2024\/#breadcrumb","itemListElement":[{"@type":"ListItem","position":1,"name":"Home","item":"https:\/\/vestibulares.estrategia.com\/portal\/"},{"@type":"ListItem","position":2,"name":"Not\u00edcias","item":"https:\/\/vestibulares.estrategia.com\/portal\/noticias\/"},{"@type":"ListItem","position":3,"name":"Unicamp divulga edital de isen\u00e7\u00e3o de taxa do vestibular 2024"}]},{"@type":"WebSite","@id":"https:\/\/vestibulares.estrategia.com\/portal\/#website","url":"https:\/\/vestibulares.estrategia.com\/portal\/","name":"Estrat\u00e9gia Vestibulares","description":"","publisher":{"@id":"https:\/\/vestibulares.estrategia.com\/portal\/#organization"},"potentialAction":[{"@type":"SearchAction","target":{"@type":"EntryPoint","urlTemplate":"https:\/\/vestibulares.estrategia.com\/portal\/?s={search_term_string}"},"query-input":{"@type":"PropertyValueSpecification","valueRequired":true,"valueName":"search_term_string"}}],"inLanguage":"pt-BR"},{"@type":"Organization","@id":"https:\/\/vestibulares.estrategia.com\/portal\/#organization","name":"Estrat\u00e9gia Vestibulares","url":"https:\/\/vestibulares.estrategia.com\/portal\/","logo":{"@type":"ImageObject","inLanguage":"pt-BR","@id":"https:\/\/vestibulares.estrategia.com\/portal\/#\/schema\/logo\/image\/","url":"https:\/\/vestibulares.estrategia.com\/portal\/wp-content\/uploads\/2021\/06\/Logo-Vestibulares@4x.png","contentUrl":"https:\/\/vestibulares.estrategia.com\/portal\/wp-content\/uploads\/2021\/06\/Logo-Vestibulares@4x.png","width":250,"height":66,"caption":"Estrat\u00e9gia Vestibulares"},"image":{"@id":"https:\/\/vestibulares.estrategia.com\/portal\/#\/schema\/logo\/image\/"},"sameAs":["https:\/\/facebook.com\/estrategiavestibulares","https:\/\/x.com\/Estrategiavest","https:\/\/www.instagram.com\/estrategiavestibulares","https:\/\/www.youtube.com\/channel\/UCGWdZy8ULI-7_5GrABa4vNA"]},{"@type":"Person","@id":"https:\/\/vestibulares.estrategia.com\/portal\/#\/schema\/person\/95532619fccae669187ec84703047908","name":"Leonardo Del Sant","image":{"@type":"ImageObject","inLanguage":"pt-BR","@id":"https:\/\/vestibulares.estrategia.com\/portal\/#\/schema\/person\/image\/","url":"https:\/\/vestibulares.estrategia.com\/portal\/wp-content\/uploads\/2026\/02\/1000082484-150x150.jpeg","contentUrl":"https:\/\/vestibulares.estrategia.com\/portal\/wp-content\/uploads\/2026\/02\/1000082484-150x150.jpeg","caption":"Leonardo Del Sant"},"description":"Coordenador de Jornalismo do Estrat\u00e9gia Vestibulares. Trabalhou com escrita para SEO em sites das \u00e1reas de economia, varejo, sa\u00fade, tecnologia e alimenta\u00e7\u00e3o. Formado em jornalismo pela Unesp\/Bauru.","url":"https:\/\/vestibulares.estrategia.com\/portal\/author\/leonardo-del-sant\/"}]}},"_wl_alt_label":[],"wl:entity_url":"https:\/\/data.wordlift.io\/wl110249\/post\/unicamp-divulga-edital-de-isencao-de-taxa-do-vestibular-2024","_links":{"self":[{"href":"https:\/\/vestibulares.estrategia.com\/portal\/wp-json\/wp\/v2\/posts\/90974","targetHints":{"allow":["GET"]}}],"collection":[{"href":"https:\/\/vestibulares.estrategia.com\/portal\/wp-json\/wp\/v2\/posts"}],"about":[{"href":"https:\/\/vestibulares.estrategia.com\/portal\/wp-json\/wp\/v2\/types\/post"}],"author":[{"embeddable":true,"href":"https:\/\/vestibulares.estrategia.com\/portal\/wp-json\/wp\/v2\/users\/43"}],"replies":[{"embeddable":true,"href":"https:\/\/vestibulares.estrategia.com\/portal\/wp-json\/wp\/v2\/comments?post=90974"}],"version-history":[{"count":5,"href":"https:\/\/vestibulares.estrategia.com\/portal\/wp-json\/wp\/v2\/posts\/90974\/revisions"}],"predecessor-version":[{"id":91625,"href":"https:\/\/vestibulares.estrategia.com\/portal\/wp-json\/wp\/v2\/posts\/90974\/revisions\/91625"}],"wp:featuredmedia":[{"embeddable":true,"href":"https:\/\/vestibulares.estrategia.com\/portal\/wp-json\/wp\/v2\/media\/86795"}],"wp:attachment":[{"href":"https:\/\/vestibulares.estrategia.com\/portal\/wp-json\/wp\/v2\/media?parent=90974"}],"wp:term":[{"taxonomy":"category","embeddable":true,"href":"https:\/\/vestibulares.estrategia.com\/portal\/wp-json\/wp\/v2\/categories?post=90974"},{"taxonomy":"post_tag","embeddable":true,"href":"https:\/\/vestibulares.estrategia.com\/portal\/wp-json\/wp\/v2\/tags?post=90974"},{"taxonomy":"wl_entity_type","embeddable":true,"href":"https:\/\/vestibulares.estrategia.com\/portal\/wp-json\/wp\/v2\/wl_entity_type?post=90974"}],"curies":[{"name":"wp","href":"https:\/\/api.w.org\/{rel}","templated":true}]}}