{"id":91991,"date":"2025-11-04T12:16:00","date_gmt":"2025-11-04T15:16:00","guid":{"rendered":"https:\/\/vestibulares.estrategia.com\/portal\/?p=91991"},"modified":"2025-11-18T17:46:15","modified_gmt":"2025-11-18T20:46:15","slug":"enem-duvidas-frequentes-sobre-exame","status":"publish","type":"post","link":"https:\/\/vestibulares.estrategia.com\/portal\/enem-e-vestibulares\/enem\/enem-duvidas-frequentes-sobre-exame\/","title":{"rendered":"Enem 2025: 20 d\u00favidas frequentes sobre o exame"},"content":{"rendered":"<p>O Exame Nacional do Ensino M&eacute;dio (<a href=\"https:\/\/vestibulares.estrategia.com\/portal\/enem-e-vestibulares\/enem\/enem\/\" target=\"_blank\">Enem<\/a>) foi criado para avaliar a qualidade do Ensino M&eacute;dio em todo o Pa&iacute;s, al&eacute;m de possibilitar a entrada de milh&otilde;es de pessoas em universidades p&uacute;blicas e privadas do Pa&iacute;s ao longo dos anos, funcionando como um vestibular para diversas institui&ccedil;&otilde;es de ensino superior.<p>E, como de costume, o exame tamb&eacute;m &eacute; tema de uma s&eacute;rie de perguntas levantadas por usu&aacute;rios e candidatos que desejam fazer a prova. Confira as respostas de d&uacute;vidas frequentes sobre o Enem no artigo abaixo.<\/p><p class=\"wp-block-verse\">&#128226;<strong><em>&nbsp;<\/em>Saiba mais<\/strong><br>+ <a href=\"https:\/\/vestibulares.estrategia.com\/portal\/noticias\/mec-anula-questoes-do-enem-2025-por-suspeita-de-vazamento-e-aciona-pf-veja-quais-sao\/\">MEC anula quest&otilde;es do Enem 2025 por suspeita de vazamento e aciona PF; veja quais s&atilde;o<\/a><br><a href=\"https:\/\/vestibulares.estrategia.com\/portal\/noticias\/gabarito-enem-2025-correcao-do-1o-dia-de-prova\/\">+ Gabarito Enem 2025: corre&ccedil;&atilde;o do 1&ordm; dia de prova<\/a><br><a href=\"https:\/\/vestibulares.estrategia.com\/portal\/noticias\/prova-enem-2025-o-que-levar-horarios-e-instrucoes-para-os-dias-do-exame\/\">+ Prova Enem 2025: o que levar, hor&aacute;rios e instru&ccedil;&otilde;es para os dias do exame<\/a><a href=\"https:\/\/vestibulares.estrategia.com\/portal\/enem-e-vestibulares\/enem\/tema-de-redacao-enem-2025-palpites-professores\/\"><br><\/a><a href=\"https:\/\/vestibulares.estrategia.com\/portal\/enem-e-vestibulares\/enem\/enem-2025-13-possiveis-temas-de-redacao-e-como-se-preparar-para-a-prova\/\">+ Enem 2025: 13 poss&iacute;veis temas de reda&ccedil;&atilde;o e como se preparar para a prova<\/a><a href=\"https:\/\/vestibulares.estrategia.com\/portal\/atualidades-e-dicas\/enem-2025-atualidades-e-acontecimentos\/\"><br><\/a><a href=\"https:\/\/vestibulares.estrategia.com\/portal\/noticias\/sisu-2026-candidatos-poderao-usar-notas-das-ultimas-tres-edicoes-do-enem\/\">+ Sisu 2026: candidatos poder&atilde;o usar notas das &uacute;ltimas tr&ecirc;s edi&ccedil;&otilde;es do Enem<br><\/a><a href=\"https:\/\/vestibulares.estrategia.com\/portal\/materias\/redacao\/redacao-nota-1000-enem\/\">+ Reda&ccedil;&atilde;o Nota 1000 no Enem: leia 15 exemplos reais dos &uacute;ltimos anos<\/a><\/p><p>\n\n\n\n<div class=\"cta-medio\" style=\"background-image: url(https:\/\/vestibulares.estrategia.com\/portal\/wp-content\/uploads\/2024\/08\/curso-enem-1-estrategia-vestibulares-ctamedio.jpg);\"><h3>Pacote Enem TOP <\/h3> <p>Estude com o Estrat\u00e9gia Vestibulares<\/p><div class=\"cta-botao\"><a id=\"cta-medio\" href=\"https:\/\/vestibulares.estrategia.com\/curso\/enem-top\/\" target=\"_blank\" style=\"background:rgb(255,150,0)\">Saiba mais<\/a><\/div><\/div>\n\n\n\n<\/p><div id=\"ez-toc-container\" class=\"ez-toc-v2_0_76 counter-hierarchy ez-toc-counter ez-toc-transparent ez-toc-container-direction\">\n<div class=\"ez-toc-title-container\"><p class=\"ez-toc-title\" style=\"cursor:inherit\">Navegue pelo conte\u00fado<\/p>\n<\/div><nav><ul class='ez-toc-list ez-toc-list-level-1 ' ><li class='ez-toc-page-1 ez-toc-heading-level-2'><a class=\"ez-toc-link ez-toc-heading-1\" href=\"https:\/\/vestibulares.estrategia.com\/portal\/enem-e-vestibulares\/enem\/enem-duvidas-frequentes-sobre-exame\/#1-%E2%80%93-Qual-e-o-site-de-inscricao-do-Enem\" >1 &ndash; Qual &eacute; o site de inscri&ccedil;&atilde;o do Enem?<\/a><\/li><li class='ez-toc-page-1 ez-toc-heading-level-2'><a class=\"ez-toc-link ez-toc-heading-2\" href=\"https:\/\/vestibulares.estrategia.com\/portal\/enem-e-vestibulares\/enem\/enem-duvidas-frequentes-sobre-exame\/#2-%E2%80%93-Ate-quando-posso-alterar-os-dados-da-inscricao\" >2 &ndash; At&eacute; quando posso alterar os dados da inscri&ccedil;&atilde;o?<\/a><\/li><li class='ez-toc-page-1 ez-toc-heading-level-2'><a class=\"ez-toc-link ez-toc-heading-3\" href=\"https:\/\/vestibulares.estrategia.com\/portal\/enem-e-vestibulares\/enem\/enem-duvidas-frequentes-sobre-exame\/#3-%E2%80%93-Qual-e-o-valor-da-inscricao-do-Enem\" >3 &ndash; Qual &eacute; o valor da inscri&ccedil;&atilde;o do Enem?<\/a><\/li><li class='ez-toc-page-1 ez-toc-heading-level-2'><a class=\"ez-toc-link ez-toc-heading-4\" href=\"https:\/\/vestibulares.estrategia.com\/portal\/enem-e-vestibulares\/enem\/enem-duvidas-frequentes-sobre-exame\/#4-%E2%80%93-Como-solicitar-a-isencao-do-Enem\" >4 &ndash; Como solicitar a isen&ccedil;&atilde;o do Enem?<\/a><\/li><li class='ez-toc-page-1 ez-toc-heading-level-2'><a class=\"ez-toc-link ez-toc-heading-5\" href=\"https:\/\/vestibulares.estrategia.com\/portal\/enem-e-vestibulares\/enem\/enem-duvidas-frequentes-sobre-exame\/#5-%E2%80%93-Se-eu-faltar-posso-fazer-o-Enem-novamente\" >5 &ndash; Se eu faltar, posso fazer o Enem novamente?<\/a><\/li><li class='ez-toc-page-1 ez-toc-heading-level-2'><a class=\"ez-toc-link ez-toc-heading-6\" href=\"https:\/\/vestibulares.estrategia.com\/portal\/enem-e-vestibulares\/enem\/enem-duvidas-frequentes-sobre-exame\/#6-%E2%80%93-Como-funciona-a-justificativa-de-ausencia-no-Enem\" >6 &ndash; Como funciona a justificativa de aus&ecirc;ncia no Enem?<\/a><\/li><li class='ez-toc-page-1 ez-toc-heading-level-2'><a class=\"ez-toc-link ez-toc-heading-7\" href=\"https:\/\/vestibulares.estrategia.com\/portal\/enem-e-vestibulares\/enem\/enem-duvidas-frequentes-sobre-exame\/#7-%E2%80%93-Como-responder-o-Questionario-Socioeconomico-do-Enem\" >7 &ndash; Como responder o Question&aacute;rio Socioecon&ocirc;mico do Enem?<\/a><\/li><li class='ez-toc-page-1 ez-toc-heading-level-2'><a class=\"ez-toc-link ez-toc-heading-8\" href=\"https:\/\/vestibulares.estrategia.com\/portal\/enem-e-vestibulares\/enem\/enem-duvidas-frequentes-sobre-exame\/#8-%E2%80%93-Qual-e-o-horario-do-Enem\" >8 &ndash; Qual &eacute; o hor&aacute;rio do Enem?<\/a><\/li><li class='ez-toc-page-1 ez-toc-heading-level-2'><a class=\"ez-toc-link ez-toc-heading-9\" href=\"https:\/\/vestibulares.estrategia.com\/portal\/enem-e-vestibulares\/enem\/enem-duvidas-frequentes-sobre-exame\/#9-%E2%80%93-Quantas-questoes-tem-o-Enem\" >9 &ndash; Quantas quest&otilde;es tem o Enem?<\/a><\/li><li class='ez-toc-page-1 ez-toc-heading-level-2'><a class=\"ez-toc-link ez-toc-heading-10\" href=\"https:\/\/vestibulares.estrategia.com\/portal\/enem-e-vestibulares\/enem\/enem-duvidas-frequentes-sobre-exame\/#10-%E2%80%93-Qual-e-o-calendario-do-Enem-atual\" >10 &ndash; Qual &eacute; o calend&aacute;rio do Enem atual?<\/a><\/li><li class='ez-toc-page-1 ez-toc-heading-level-2'><a class=\"ez-toc-link ez-toc-heading-11\" href=\"https:\/\/vestibulares.estrategia.com\/portal\/enem-e-vestibulares\/enem\/enem-duvidas-frequentes-sobre-exame\/#11-%E2%80%93-O-que-pode-levar-no-Enem\" >11 &ndash; O que pode levar no Enem?<\/a><\/li><li class='ez-toc-page-1 ez-toc-heading-level-2'><a class=\"ez-toc-link ez-toc-heading-12\" href=\"https:\/\/vestibulares.estrategia.com\/portal\/enem-e-vestibulares\/enem\/enem-duvidas-frequentes-sobre-exame\/#12-%E2%80%93-O-que-nao-pode-levar-no-Enem\" >12 &ndash; O que n&atilde;o pode levar no Enem?<\/a><\/li><li class='ez-toc-page-1 ez-toc-heading-level-2'><a class=\"ez-toc-link ez-toc-heading-13\" href=\"https:\/\/vestibulares.estrategia.com\/portal\/enem-e-vestibulares\/enem\/enem-duvidas-frequentes-sobre-exame\/#13-%E2%80%93-Como-saber-o-local-de-prova-do-Enem\" >13 &ndash; Como saber o local de prova do Enem?<\/a><\/li><li class='ez-toc-page-1 ez-toc-heading-level-2'><a class=\"ez-toc-link ez-toc-heading-14\" href=\"https:\/\/vestibulares.estrategia.com\/portal\/enem-e-vestibulares\/enem\/enem-duvidas-frequentes-sobre-exame\/#14-%E2%80%93-O-que-e-o-Cartao-de-Confirmacao\" >14 &ndash; O que &eacute; o Cart&atilde;o de Confirma&ccedil;&atilde;o?<\/a><\/li><li class='ez-toc-page-1 ez-toc-heading-level-2'><a class=\"ez-toc-link ez-toc-heading-15\" href=\"https:\/\/vestibulares.estrategia.com\/portal\/enem-e-vestibulares\/enem\/enem-duvidas-frequentes-sobre-exame\/#15-%E2%80%93-O-Enem-vai-valer-para-a-selecao-do-Sisu-Prouni-e-Fies\" >15 &ndash; O Enem vai valer para a sele&ccedil;&atilde;o do Sisu, Prouni e Fies?<\/a><\/li><li class='ez-toc-page-1 ez-toc-heading-level-2'><a class=\"ez-toc-link ez-toc-heading-16\" href=\"https:\/\/vestibulares.estrategia.com\/portal\/enem-e-vestibulares\/enem\/enem-duvidas-frequentes-sobre-exame\/#16-%E2%80%93-Apos-o-resultado-do-Enem-o-vestibulando-pode-mudar-a-opcao-de-curso\" >16 &ndash; Ap&oacute;s o resultado do Enem, o vestibulando pode mudar a op&ccedil;&atilde;o de curso?<\/a><\/li><li class='ez-toc-page-1 ez-toc-heading-level-2'><a class=\"ez-toc-link ez-toc-heading-17\" href=\"https:\/\/vestibulares.estrategia.com\/portal\/enem-e-vestibulares\/enem\/enem-duvidas-frequentes-sobre-exame\/#17-%E2%80%93-Existem-questoes-regionais-na-prova-do-Enem\" >17 &ndash; Existem quest&otilde;es regionais na prova do Enem?<\/a><\/li><li class='ez-toc-page-1 ez-toc-heading-level-2'><a class=\"ez-toc-link ez-toc-heading-18\" href=\"https:\/\/vestibulares.estrategia.com\/portal\/enem-e-vestibulares\/enem\/enem-duvidas-frequentes-sobre-exame\/#18-%E2%80%93-Quando-sai-o-gabarito-oficial-e-o-resultado-do-Enem\" >18 &ndash; Quando sai o gabarito oficial e o resultado do Enem?<\/a><\/li><li class='ez-toc-page-1 ez-toc-heading-level-2'><a class=\"ez-toc-link ez-toc-heading-19\" href=\"https:\/\/vestibulares.estrategia.com\/portal\/enem-e-vestibulares\/enem\/enem-duvidas-frequentes-sobre-exame\/#19-%E2%80%93-Posso-fazer-faculdade-sem-fazer-o-Enem\" >19 &ndash; Posso fazer faculdade sem fazer o Enem?<\/a><\/li><li class='ez-toc-page-1 ez-toc-heading-level-2'><a class=\"ez-toc-link ez-toc-heading-20\" href=\"https:\/\/vestibulares.estrategia.com\/portal\/enem-e-vestibulares\/enem\/enem-duvidas-frequentes-sobre-exame\/#20-%E2%80%93-Como-estudar-para-o-Enem\" >20 &ndash; Como estudar para o Enem?<\/a><\/li><\/ul><\/nav><\/div>\n<h2 class=\"wp-block-heading\" id=\"h-1-qual-e-o-site-de-inscricao-do-enem\"><span class=\"ez-toc-section\" id=\"1-%E2%80%93-Qual-e-o-site-de-inscricao-do-Enem\"><\/span>1 &ndash; Qual &eacute; o site de inscri&ccedil;&atilde;o do Enem?<span class=\"ez-toc-section-end\"><\/span><\/h2><p>Os interessados em realizar a prova do Enem precisam se cadastrar na P&aacute;gina do Participante do exame, que corresponde ao site <a href=\"https:\/\/enem.inep.gov.br\/participante\/#!\/\" target=\"_blank\">https:\/\/enem.inep.gov.br\/participante\/#!\/<\/a>.<\/p><p>Para poder se cadastrar &eacute; necess&aacute;rio ter uma conta tamb&eacute;m no <a href=\"https:\/\/vestibulares.estrategia.com\/portal\/guias\/gov-br-passo-a-passo-cadastro\/\" target=\"_blank\">gov.br<\/a>, site do governo que permite acesso a uma s&eacute;rie de fun&ccedil;&otilde;es como licenciamento e cadastramento de empresas, aux&iacute;lios diversos, INSS, Carteira de Trabalho e outros.<\/p><div class=\"wp-block-buttons is-content-justification-center is-layout-flex wp-container-core-buttons-is-layout-1 wp-block-buttons-is-layout-flex\">\n<div class=\"wp-block-button\"><a class=\"wp-block-button__link wp-element-button\" rel=\"nofollow\" href=\"https:\/\/vestibulares.estrategia.com\/portal\/wp-content\/uploads\/2025\/05\/enem-2025-edital.pdf\" target=\"_blank\">Confira o Edital Enem 2025<\/a><\/div>\n<\/div><h2 class=\"wp-block-heading\" id=\"h-2-ate-quando-posso-alterar-os-dados-da-inscricao\"><span class=\"ez-toc-section\" id=\"2-%E2%80%93-Ate-quando-posso-alterar-os-dados-da-inscricao\"><\/span>2 &ndash; At&eacute; quando posso alterar os dados da inscri&ccedil;&atilde;o?<span class=\"ez-toc-section-end\"><\/span><\/h2><p>Os dados de inscri&ccedil;&atilde;o podem ser alterados enquanto o per&iacute;odo de inscri&ccedil;&atilde;o estiver vigente, ou seja, at&eacute; o &uacute;ltimo dia em que for poss&iacute;vel se inscrever. O candidato &eacute; considerado o &uacute;nico respons&aacute;vel pelo preenchimento de seus dados pessoais.<\/p><h2 class=\"wp-block-heading\" id=\"h-3-qual-e-o-valor-da-inscricao-do-enem\"><span class=\"ez-toc-section\" id=\"3-%E2%80%93-Qual-e-o-valor-da-inscricao-do-Enem\"><\/span>3 &ndash; Qual &eacute; o valor da inscri&ccedil;&atilde;o do Enem?<span class=\"ez-toc-section-end\"><\/span><\/h2><p>Para ter a inscri&ccedil;&atilde;o confirmada, &eacute; necess&aacute;rio realizar o pagamento de R$ 85,00, referente &agrave; taxa de inscri&ccedil;&atilde;o. &Eacute; poss&iacute;vel solicitar a isen&ccedil;&atilde;o de taxa.<\/p><h2 class=\"wp-block-heading\" id=\"h-4-como-solicitar-a-isencao-do-enem\"><span class=\"ez-toc-section\" id=\"4-%E2%80%93-Como-solicitar-a-isencao-do-Enem\"><\/span>4 &ndash; Como solicitar a isen&ccedil;&atilde;o do Enem?<span class=\"ez-toc-section-end\"><\/span><\/h2><p>O Inep oferece a possibilidade de isen&ccedil;&atilde;o do pagamento para os candidatos que:<\/p><ul class=\"wp-block-list\">\n<li>Estejam cursando a &uacute;ltima s&eacute;rie do Ensino M&eacute;dio no ano de 2025, em qualquer modalidade de ensino, em escola da rede p&uacute;blica declarada ao Censo Escolar da Educa&ccedil;&atilde;o B&aacute;sica;<\/li>\n\n\n\n<li>Tenham cursado todo o Ensino M&eacute;dio em escola da rede p&uacute;blica ou como bolsista integral na rede privada e possuam renda per capita igual ou inferior a um sal&aacute;rio m&iacute;nimo e meio;<\/li>\n\n\n\n<li>Declarem situa&ccedil;&atilde;o de vulnerabilidade socioecon&ocirc;mica, por ser membro de fam&iacute;lia de baixa renda e que estejam inscritos no Cadastro &Uacute;nico para Programas Sociais do Governo Federal (Cad&Uacute;nico), que requer: renda familiar per capita de at&eacute; meio sal&aacute;rio m&iacute;nimo ou renda familiar mensal de at&eacute; tr&ecirc;s sal&aacute;rios m&iacute;nimos.<\/li>\n<\/ul><p>Os procedimentos de solicita&ccedil;&atilde;o de isen&ccedil;&atilde;o de taxa tamb&eacute;m s&atilde;o efetuados por meio da P&aacute;gina do Participante, onde h&aacute; uma s&eacute;rie de documenta&ccedil;&otilde;es e informa&ccedil;&otilde;es a serem completadas.&nbsp;<\/p><p>O prazo para a solicita&ccedil;&atilde;o de isen&ccedil;&atilde;o do Enem 2025 terminou e foi entre os dias 14 e 25 de abril de 2025.<\/p><p>\n\n\n\n<div id=\"new-form\">\n\t<form id=\"forms_layout\">\n\t<input type=\"hidden\" id=\"chave_de\" name=\"chave_de\" value=\"01_EVEST_LEADS_TOTAIS\" \/>\n\t\t<input type=\"hidden\" id=\"mid\" name=\"mid\" value=\"515008983\" \/>\n\t\t<input type=\"hidden\" id=\"Objetivo\" name=\"Objetivo\" value=\"Vestibulares\" \/>\n\t\t<input type=\"hidden\" id=\"Estado_de_Origem_do_IP\" name=\"Estado_de_Origem_do_IP\"  value=\"\" \/>\n\t\t<input type=\"hidden\" id=\"Cidade_de_Origem_do_IP\" name=\"Cidade_de_Origem_do_IP\" value=\"\" \/>\n\t\t<input type=\"hidden\" id=\"Modo_de_entrada\" name=\"Modo_de_entrada\" value=\"Portal\" \/>\n\t\t<input type=\"hidden\" id=\"Pagina_Origem\" name=\"Pagina_Origem\" value=\"\" \/>\n\n\t\t<div class=\"texto\">\n\t\t\t<h3 class=\"news\">Inscreva-se em nossa newsletter\ud83e\udd89<\/h3>\n\t\t\t<p>Receba dicas de estudo gratuitas e saiba em primeira m\u00e3o as novidades sobre o Enem, Sisu, Encceja, Fuvest e outros vestibulares!<\/p>\n\t\t<\/div>\n\t\t<div class=\"campos\">\n\t\t\t<div class=\"first_name labels\">\n\t\t\t\t<input type=\"text\" class=\"input_labels\" id=\"first_name\" name=\"Nome_Completo\" placeholder=\"Nome\" required \/>\n\t\t\t<\/div>\n\t\t\t<div class=\"email labels\">\n\t\t\t\t<input type=\"email\" class=\"input_labels\" id=\"email\" name=\"Email\" placeholder=\"E-mail\" required \/>\n\t\t\t<\/div>\n\t\t\t<button type=\"submit\" class=\"button_layout\">\n\t\t\t\t<div id=\"lblBotao\">Inscreva-se<\/div>\n\t\t\t\t<span id=\"divSpiner\" class=\"loader\" role=\"status\" style=\"display: none;\"><\/span>\t\n\t\t\t<\/button>\n\t\t<\/div><!-- \/campos -->\n\t\t\n\t\t<label class=\"container_checkbox\">Voc\u00ea concorda com a nossa\n\t\t\t<a class=\"politics_privacy_ahref\" target=\"_blank\" href=\"https:\/\/gratis.estrategiaconcursos.com.br\/politica-de-privacidade\/\">Pol\u00edtica de Privacidade<\/a> e aceita receber informa\u00e7\u00f5es adicionais do Estrat\u00e9gia Educacional.\n\t\t\t<input id=\"checkbox_layout\" type=\"checkbox\" checked=\"checked\" required \/>\n\t\t\t<span class=\"checkbox\"><\/span>\n\t\t<\/label>\n\t\t<div id=\"msg\"><\/div>\n\t\t<div id=\"error\" class=\"error\">\n\t\t<\/div>\n\t<\/form>\n<\/div><!-- \/new-form -->\n\n\n\n<\/p><h2 class=\"wp-block-heading\" id=\"h-5-se-eu-faltar-posso-fazer-o-enem-novamente\"><span class=\"ez-toc-section\" id=\"5-%E2%80%93-Se-eu-faltar-posso-fazer-o-Enem-novamente\"><\/span>5 &ndash; Se eu faltar, posso fazer o Enem novamente?<span class=\"ez-toc-section-end\"><\/span><\/h2><p>Sim, em caso de aus&ecirc;ncia em anos anteriores o candidato poder&aacute; fazer a prova normalmente. A diferen&ccedil;a &eacute; que, se n&atilde;o houver uma justificativa de aus&ecirc;ncia, que precisa ser feita no site do exame, n&atilde;o haver&aacute; a possibilidade de ser contemplado com a isen&ccedil;&atilde;o de taxa.<\/p><p>+ <a href=\"https:\/\/vestibulares.estrategia.com\/portal\/enem-e-vestibulares\/enem\/o-que-acontece-se-faltar-ao-enem\/\" target=\"_blank\">O que acontece se eu faltar ao Enem?<\/a><\/p><h2 class=\"wp-block-heading\" id=\"h-6-como-funciona-a-justificativa-de-ausencia-no-enem\"><span class=\"ez-toc-section\" id=\"6-%E2%80%93-Como-funciona-a-justificativa-de-ausencia-no-Enem\"><\/span>6 &ndash; Como funciona a justificativa de aus&ecirc;ncia no Enem?<span class=\"ez-toc-section-end\"><\/span><\/h2><p>A justificativa de aus&ecirc;ncia possibilita que um candidato que n&atilde;o fez o Enem no ano anterior com isen&ccedil;&atilde;o de taxa possa realizar novamente o exame com o benef&iacute;cio. Para isso, &eacute; necess&aacute;rio comprovar o motivo que fez com que o solicitante tenha faltado.<\/p><p>As justificativas aceitas s&atilde;o: assalto\/furto, acidente de tr&acirc;nsito, casamento\/uni&atilde;o est&aacute;vel, morte na fam&iacute;lia, maternidade, paternidade, acompanhamento de familiar, priva&ccedil;&atilde;o de liberdade, emerg&ecirc;ncia\/interna&ccedil;&atilde;o\/repouso m&eacute;dico ou odontol&oacute;gico, trabalho, deslocamento a trabalho, interc&acirc;mbio acad&ecirc;mico e atividade curricular.&nbsp;<\/p><p>Os documentos comprobat&oacute;rios est&atilde;o presentes no <a href=\"https:\/\/vestibulares.estrategia.com\/portal\/noticias\/enem-2025-edital-isencao-justificativa-de-ausencia\/\" target=\"_blank\">Anexo I do edital do Enem<\/a>. S&oacute; &eacute; necess&aacute;rio justificar a aus&ecirc;ncia se o participante tiver faltado aos dois dias de aplica&ccedil;&atilde;o do Exame.<\/p><h2 class=\"wp-block-heading\" id=\"h-7-como-responder-o-questionario-socioeconomico-do-enem\"><span class=\"ez-toc-section\" id=\"7-%E2%80%93-Como-responder-o-Questionario-Socioeconomico-do-Enem\"><\/span>7 &ndash; Como responder o Question&aacute;rio Socioecon&ocirc;mico do Enem?<span class=\"ez-toc-section-end\"><\/span><\/h2><p>O Question&aacute;rio Socioecon&ocirc;mico &eacute; um conjunto de perguntas obrigat&oacute;rio para a conclus&atilde;o da inscri&ccedil;&atilde;o do Enem. Com base nele o governo analisa o p&uacute;blico do exame e faz um retrato sobre os estudantes brasileiros, podendo fomentar pol&iacute;ticas p&uacute;blicas que correspondam &agrave;s mais diversas realidades retratadas ali. &Eacute; indicado escolher a alternativa que esteja mais pr&oacute;xima &agrave; sua realidade.<\/p><h2 class=\"wp-block-heading\" id=\"h-8-qual-e-o-horario-do-enem\"><span class=\"ez-toc-section\" id=\"8-%E2%80%93-Qual-e-o-horario-do-Enem\"><\/span>8 &ndash; Qual &eacute; o hor&aacute;rio do Enem?<span class=\"ez-toc-section-end\"><\/span><\/h2><p>O Enem &eacute; marcado sempre para o per&iacute;odo da tarde, geralmente em dois domingos consecutivos. A abertura dos port&otilde;es &eacute; feita &agrave;s 12h e o fechamento &eacute; uma hora depois, &agrave;s 13h. A partir desse hor&aacute;rio n&atilde;o &eacute; mais poss&iacute;vel acessar os locais de prova.<\/p><p>O in&iacute;cio das provas &eacute; &agrave;s 13h30 e o t&eacute;rmino varia de acordo com cada dia: no primeiro dia, que conta tamb&eacute;m com prova de reda&ccedil;&atilde;o, o hor&aacute;rio final &eacute; 19h e no segundo dia &eacute; &agrave;s 18h30. Ap&oacute;s esses hor&aacute;rios, as provas de quem est&aacute; nas salas de aula s&atilde;o recolhidas.<\/p><p>+ <a href=\"https:\/\/vestibulares.estrategia.com\/portal\/enem-e-vestibulares\/enem\/quais-os-horarios-do-enem\/\" target=\"_blank\">Veja como fazer o rascunho da reda&ccedil;&atilde;o dos vestibulares e Enem<\/a><br>+ <a href=\"https:\/\/vestibulares.estrategia.com\/portal\/enem-e-vestibulares\/enem\/quais-os-horarios-do-enem\/\">Quais os hor&aacute;rios do Enem 2025?<\/a><\/p><h2 class=\"wp-block-heading\" id=\"h-9-quantas-questoes-tem-o-enem\"><span class=\"ez-toc-section\" id=\"9-%E2%80%93-Quantas-questoes-tem-o-Enem\"><\/span>9 &ndash; Quantas quest&otilde;es tem o Enem?<span class=\"ez-toc-section-end\"><\/span><\/h2><p>Os exames do primeiro dia, s&atilde;o compostos por 90 quest&otilde;es objetivas das &aacute;reas de Linguagens, C&oacute;digos e suas Tecnologias e Reda&ccedil;&atilde;o e Ci&ecirc;ncias Humanas e suas Tecnologias, em 5 horas e 30 minutos de dura&ccedil;&atilde;o.<\/p><p>No segundo dia do exame, s&atilde;o aplicadas as provas de Ci&ecirc;ncias da Natureza e suas Tecnologias e Matem&aacute;tica e suas Tecnologias, com 90 quest&otilde;es objetivas. A aplica&ccedil;&atilde;o tem 5 horas nesse dia.<\/p><h2 class=\"wp-block-heading\" id=\"h-10-qual-e-o-calendario-do-enem-atual\"><span class=\"ez-toc-section\" id=\"10-%E2%80%93-Qual-e-o-calendario-do-Enem-atual\"><\/span>10 &ndash; Qual &eacute; o calend&aacute;rio do Enem atual?<span class=\"ez-toc-section-end\"><\/span><\/h2><p>Confira o calend&aacute;rio Enem 2025:<\/p><ul class=\"wp-block-list\">\n<li><strong>Publica&ccedil;&atilde;o do edital:&nbsp;<\/strong>23\/05\/2025;<\/li>\n\n\n\n<li><strong>Justificativa de aus&ecirc;ncia no Enem 2024 e solicita&ccedil;&atilde;o de isen&ccedil;&atilde;o de pagamento da taxa de inscri&ccedil;&atilde;o para o Enem 2025<\/strong>: 14 a 25\/04\/2025;<\/li>\n\n\n\n<li><strong>Inscri&ccedil;&otilde;es:<\/strong>&nbsp;26\/05 a 06\/06\/2025;<\/li>\n\n\n\n<li><strong>Pagamento da taxa de inscri&ccedil;&atilde;o:&nbsp;<\/strong>at&eacute; 11\/06\/2025;<\/li>\n\n\n\n<li><strong>Solicita&ccedil;&atilde;o de atendimento especial e tratamento por nome social:<\/strong>&nbsp;26\/05 a 06\/06\/2025;<\/li>\n\n\n\n<li><strong>Resultado do atendimento especial e tratamento por nome social<\/strong>: 13\/06\/2025;<\/li>\n\n\n\n<li><strong>Aplica&ccedil;&atilde;o Enem 2025:<\/strong>\n<ul class=\"wp-block-list\">\n<li>1&ordm; dia: 09\/11\/2025 &ndash; 5h30 de dura&ccedil;&atilde;o;<\/li>\n\n\n\n<li>2&ordm; dia: 16\/11\/2025 &ndash; 5h de dura&ccedil;&atilde;o;<\/li>\n<\/ul>\n<\/li>\n\n\n\n<li><strong>Aplica&ccedil;&atilde;o em Bel&eacute;m-PA, Ananindeua-PA e Marituba-PA:<\/strong>\n<ul class=\"wp-block-list\">\n<li>1&ordm; dia: 30\/11 &ndash; 5h30 de dura&ccedil;&atilde;o;<\/li>\n\n\n\n<li>2&ordm; dia: 07\/12\/2025 &ndash; 5h de dura&ccedil;&atilde;o;<\/li>\n<\/ul>\n<\/li>\n\n\n\n<li><strong>Gabarito Enem 2025:<\/strong>&nbsp;at&eacute; o 10&deg; dia &uacute;til ap&oacute;s o 2&deg; dia de aplica&ccedil;&atilde;o.<\/li>\n\n\n\n<li><strong>Resultado Enem 2025:&nbsp;<\/strong>13\/01\/2026.<\/li>\n<\/ul><p>+ <a href=\"https:\/\/vestibulares.estrategia.com\/portal\/enem-e-vestibulares\/enem\/calendario-enem\/\" target=\"_blank\">Calend&aacute;rio Enem 2025: datas, inscri&ccedil;&otilde;es, provas e resultado<\/a><\/p><h2 class=\"wp-block-heading\" id=\"h-11-o-que-pode-levar-no-enem\"><span class=\"ez-toc-section\" id=\"11-%E2%80%93-O-que-pode-levar-no-Enem\"><\/span>11 &ndash; O que pode levar no Enem?<span class=\"ez-toc-section-end\"><\/span><\/h2><p>O edital do Enem 2025 indica o uso obrigat&oacute;rio de caneta esferogr&aacute;fica transparente preta na folha de respostas. Al&eacute;m disso, &eacute; necess&aacute;rio apresentar um documento original de identidade na vers&atilde;o f&iacute;sica e com foto recente ou a vers&atilde;o digital oficial do documento.<\/p><p>H&aacute; tamb&eacute;m listas de objetos permitidos de acordo com necessidades espec&iacute;ficas de candidatos, como por exemplo, portadores de algum tipo de defici&ecirc;ncia. O exame tamb&eacute;m permite que as pessoas levem comida e &aacute;gua em garrafas transparentes.<\/p><h2 class=\"wp-block-heading\" id=\"h-12-o-que-nao-pode-levar-no-enem\"><span class=\"ez-toc-section\" id=\"12-%E2%80%93-O-que-nao-pode-levar-no-Enem\"><\/span>12 &ndash; O que n&atilde;o pode levar no Enem?<span class=\"ez-toc-section-end\"><\/span><\/h2><p>Segundo o edital do Enem, n&atilde;o &eacute; permitido levar:<\/p><ul class=\"wp-block-list\">\n<li>L&aacute;pis, caneta de material n&atilde;o transparente, lapiseira, borrachas, r&eacute;guas ou corretivos;<\/li>\n\n\n\n<li>Livros, manuais, impressos, anota&ccedil;&otilde;es;<\/li>\n\n\n\n<li>&Oacute;culos escuros;<\/li>\n\n\n\n<li>Artigos de chapelaria, como: bon&eacute;, chap&eacute;u, gorro ou similares.<\/li>\n\n\n\n<li>Dispositivos eletr&ocirc;nicos, como: wearable tech, m&aacute;quinas calculadoras, agendas eletr&ocirc;nicas e\/ou similares, telefones celulares, smartphones, tablets, ipods, gravadores, pendrive, mp3 e\/ou similar, rel&oacute;gio, alarmes, chaves com alarme ou com qualquer outro componente eletr&ocirc;nico, fones de ouvido e\/ou qualquer transmissor, gravador e\/ou receptor de dados, imagens, v&iacute;deos e mensagens.<\/li>\n<\/ul><h2 class=\"wp-block-heading\" id=\"h-13-como-saber-o-local-de-prova-do-enem\"><span class=\"ez-toc-section\" id=\"13-%E2%80%93-Como-saber-o-local-de-prova-do-Enem\"><\/span>13 &ndash; Como saber o local de prova do Enem?<span class=\"ez-toc-section-end\"><\/span><\/h2><p>A divulga&ccedil;&atilde;o dos locais &eacute; feita cerca de um m&ecirc;s antes da aplica&ccedil;&atilde;o da prova, como voc&ecirc; pode conferir no calend&aacute;rio, inserido acima. O local de prova pode ser consultado da seguinte forma:<\/p><ul class=\"wp-block-list\">\n<li>Acesse a P&aacute;gina do Participante do Enem;<\/li>\n\n\n\n<li>Clique em &ldquo;P&aacute;gina do Participante &ndash; Acessar com Gov.Br&rdquo;;<\/li>\n\n\n\n<li>Fa&ccedil;a o seu login com a sua conta do Gov.Br, o site de acesso &uacute;nico do governo federal;<\/li>\n\n\n\n<li>Clique em &ldquo;Local de prova&rdquo;; e<\/li>\n\n\n\n<li>Com isso, um personagem interativo da P&aacute;gina do Participante lhe enviar&aacute; um bot&atilde;o escrito &ldquo;Local de Prova&rdquo;, clique nele e tenha acesso ao Cart&atilde;o de Confirma&ccedil;&atilde;o com os seus dados pessoais e o local em que voc&ecirc; far&aacute; o Enem.<\/li>\n<\/ul><h2 class=\"wp-block-heading\" id=\"h-14-o-que-e-o-cartao-de-confirmacao\"><span class=\"ez-toc-section\" id=\"14-%E2%80%93-O-que-e-o-Cartao-de-Confirmacao\"><\/span>14 &ndash; O que &eacute; o Cart&atilde;o de Confirma&ccedil;&atilde;o?<span class=\"ez-toc-section-end\"><\/span><\/h2><p>O Cart&atilde;o de Confirma&ccedil;&atilde;o do Enem &eacute; uma esp&eacute;cie de documento, disponibilizado na P&aacute;gina do Participante, que cont&eacute;m todas as informa&ccedil;&otilde;es que o candidato precisa estar atento no dia da prova. N&atilde;o &eacute; obrigat&oacute;rio portar o cart&atilde;o no dia da prova, mas &eacute; indicado para apoio aos candidatos. Veja o que tem no documento:<\/p><ul class=\"wp-block-list\">\n<li>Local de prova (endere&ccedil;o, n&uacute;mero e sala);<\/li>\n\n\n\n<li>N&uacute;mero de inscri&ccedil;&atilde;o;<\/li>\n\n\n\n<li>Datas e hor&aacute;rios do exame;<\/li>\n\n\n\n<li>Op&ccedil;&atilde;o de l&iacute;ngua estrangeira escolhida;<\/li>\n\n\n\n<li>Caso tenha sido solicitado, o tipo de atendimento espec&iacute;fico\/especializado com recursos de habilidades aprovado; entre outras.<\/li>\n\n\n\n<li>Lembrando que n&atilde;o &eacute; obrigat&oacute;rio levar o Cart&atilde;o de Confirma&ccedil;&atilde;o nos dias de prova, mas &eacute; uma op&ccedil;&atilde;o para aqueles que se sentem mais confiantes com as informa&ccedil;&otilde;es sobre a prova em m&atilde;os.<\/li>\n<\/ul><h2 class=\"wp-block-heading\" id=\"h-15-o-enem-vai-valer-para-a-selecao-do-sisu-prouni-e-fies\"><span class=\"ez-toc-section\" id=\"15-%E2%80%93-O-Enem-vai-valer-para-a-selecao-do-Sisu-Prouni-e-Fies\"><\/span>15 &ndash; O Enem vai valer para a sele&ccedil;&atilde;o do Sisu, Prouni e Fies?<span class=\"ez-toc-section-end\"><\/span><\/h2><p>O Enem continua valendo para selecionar alunos para universidades p&uacute;blicas e privadas do Brasil e de algumas institui&ccedil;&otilde;es de Portugal. O Sisu seleciona estudantes para institui&ccedil;&otilde;es p&uacute;blicas, enquanto o Prouni e Fies selecionam para institui&ccedil;&otilde;es particulares, com modelos diferentes de entrada.<\/p><h2 class=\"wp-block-heading\" id=\"h-16-apos-o-resultado-do-enem-o-vestibulando-pode-mudar-a-opcao-de-curso\"><span class=\"ez-toc-section\" id=\"16-%E2%80%93-Apos-o-resultado-do-Enem-o-vestibulando-pode-mudar-a-opcao-de-curso\"><\/span>16 &ndash; Ap&oacute;s o resultado do Enem, o vestibulando pode mudar a op&ccedil;&atilde;o de curso?<span class=\"ez-toc-section-end\"><\/span><\/h2><p>O candidato s&oacute; poder&aacute; escolher o curso que deseja tentar uma vaga ap&oacute;s o resultado do Enem, quando abrirem as inscri&ccedil;&otilde;es para os programas citados acima (Sisu, Prouni e Fies).<\/p><h2 class=\"wp-block-heading\" id=\"h-17-existem-questoes-regionais-na-prova-do-enem\"><span class=\"ez-toc-section\" id=\"17-%E2%80%93-Existem-questoes-regionais-na-prova-do-Enem\"><\/span>17 &ndash; Existem quest&otilde;es regionais na prova do Enem?<span class=\"ez-toc-section-end\"><\/span><\/h2><p>N&atilde;o&nbsp; h&aacute; exames do Inep ou MEC que contemplem quest&otilde;es regionais. As provas s&atilde;o desenvolvidas para garantir igualdade de oportunidades e de participa&ccedil;&atilde;o entre candidatos de todos os cantos do Brasil. E os &oacute;rg&atilde;os entendem que quest&otilde;es com temas regionalizados podem prejudicar estudantes de regi&otilde;es distantes ou diversas.<\/p><h2 class=\"wp-block-heading\" id=\"h-18-quando-sai-o-gabarito-oficial-e-o-resultado-do-enem\"><span class=\"ez-toc-section\" id=\"18-%E2%80%93-Quando-sai-o-gabarito-oficial-e-o-resultado-do-Enem\"><\/span>18 &ndash; Quando sai o gabarito oficial e o resultado do Enem?<span class=\"ez-toc-section-end\"><\/span><\/h2><p>O gabarito oficial tem varia&ccedil;&otilde;es na divulga&ccedil;&atilde;o de ano para ano, mas costuma ser divulgado em tr&ecirc;s ou 10 dias &uacute;teis do segundo domingo, ou seja, a &uacute;ltima prova. Nesse ano a divulga&ccedil;&atilde;o foi marcada para 12 dias depois. J&aacute; o resultado costuma sair no in&iacute;cio do ano seguinte, at&eacute; para que as notas sejam computadas para Sisu, Fies e Prouni. O calend&aacute;rio oficial com ambas as datas s&atilde;o confirmadas na publica&ccedil;&atilde;o do edital da prova.<\/p><h2 class=\"wp-block-heading\" id=\"h-19-posso-fazer-faculdade-sem-fazer-o-enem\"><span class=\"ez-toc-section\" id=\"19-%E2%80%93-Posso-fazer-faculdade-sem-fazer-o-Enem\"><\/span>19 &ndash; Posso fazer faculdade sem fazer o Enem?<span class=\"ez-toc-section-end\"><\/span><\/h2><p>Sim. Diversas institui&ccedil;&otilde;es n&atilde;o utilizam o Enem como vestibular, realizando provas pr&oacute;prias ou em conjunto com outras institui&ccedil;&otilde;es. Recomendamos que voc&ecirc; consulte os cursos, universidades e faculdades que estar&atilde;o dispon&iacute;veis no exame e programas que utilizam suas notas.<\/p><h2 class=\"wp-block-heading\" id=\"h-20-como-estudar-para-o-enem\"><span class=\"ez-toc-section\" id=\"20-%E2%80%93-Como-estudar-para-o-Enem\"><\/span>20 &ndash; Como estudar para o Enem?<span class=\"ez-toc-section-end\"><\/span><\/h2><p>Agora que o Enem 2025 j&aacute; tem data marcada, &eacute; preciso come&ccedil;ar os estudos o quanto antes. Afinal, por ser o maior vestibular do Brasil, a concorr&ecirc;ncia e a dificuldade do exame aumentam a cada ano.&nbsp;<\/p><p>Para te ajudar, o&nbsp;Estrat&eacute;gia Vestibulares oferece diariamente aulas gratuitas no&nbsp;YouTube&nbsp;sobre todas as mat&eacute;rias que caem no Enem e em diversos vestibulares brasileiros.<\/p><p>Al&eacute;m disso, para aqueles que querem investir nos estudos, a plataforma tamb&eacute;m oferece um curso preparat&oacute;rio exclusivo sobre o Enem, com professores especialistas na prova e com diversos benef&iacute;cios. D&aacute; s&oacute; uma olhada:<\/p><ul class=\"wp-block-list\">\n<li>Curso com livros digitais;<\/li>\n\n\n\n<li>Corre&ccedil;&atilde;o ilimitada de&nbsp;<a href=\"https:\/\/vestibulares.estrategia.com\/portal\/enem-e-vestibulares\/vestibulares\/curso-de-redacao-para-o-vestibular-saiba-mais-detalhes-e-como-escolher-o-seu\/\" target=\"_blank\">reda&ccedil;&otilde;es<\/a>;<\/li>\n\n\n\n<li>F&oacute;rum de d&uacute;vidas;<\/li>\n\n\n\n<li><a href=\"https:\/\/vestibulares.estrategia.com\/portal\/simulado\/simulado-enem\/\" target=\"_blank\">Simulados<\/a>&nbsp;com quest&otilde;es in&eacute;ditas;<\/li>\n\n\n\n<li>Quest&otilde;es comentadas;<\/li>\n\n\n\n<li>Mapas mentais; e<\/li>\n\n\n\n<li>Entre muitas outras vantagens.<\/li>\n<\/ul><p>Ficou interessado, assine o curso preparat&oacute;rio para o Enem do Estrat&eacute;gia Vestibulares!<\/p><p>\n\n\n\n<a id=\"cta\" class=\"cta-imagem\" href=\"https:\/\/vestibulares.estrategia.com\/curso\/pacote-enem\/\" target=\"blank\">\n                <img decoding=\"async\" width=\"100%\" src=\"https:\/\/vestibulares.estrategia.com\/portal\/wp-content\/uploads\/2021\/12\/Enem.jpg\" alt=\"CTA curso Enem\" title=\"CTA curso Enem\">\n        <\/a>\n\n\n<\/p><\/p>\n","protected":false},"excerpt":{"rendered":"Confira algumas das principais d\u00favidas frequentes sobre o Enem 2025; datas, o que levar, vagas para universidades e muito mais!\n","protected":false},"author":43,"featured_media":91992,"comment_status":"closed","ping_status":"closed","sticky":false,"template":"","format":"standard","meta":{"wl_entities_gutenberg":"","footnotes":""},"categories":[43],"tags":[],"wl_entity_type":[732],"class_list":{"0":"post-91991","1":"post","2":"type-post","3":"status-publish","4":"format-standard","5":"has-post-thumbnail","7":"category-enem","8":"wl_entity_type-article"},"acf":[],"yoast_head":"<!-- This site is optimized with the Yoast SEO Premium plugin v25.9 (Yoast SEO v25.9) - https:\/\/yoast.com\/wordpress\/plugins\/seo\/ -->\n<title>Enem 2025: 20 d\u00favidas frequentes sobre o exame | Portal do EV<\/title>\n<meta name=\"description\" content=\"Confira algumas das principais d\u00favidas frequentes sobre o Enem 2025; datas, o que levar, vagas para universidades e muito mais!\" \/>\n<meta name=\"robots\" content=\"index, follow, max-snippet:-1, max-image-preview:large, max-video-preview:-1\" \/>\n<link rel=\"canonical\" href=\"https:\/\/vestibulares.estrategia.com\/portal\/enem-e-vestibulares\/enem\/enem-duvidas-frequentes-sobre-exame\/\" \/>\n<meta property=\"og:locale\" content=\"pt_BR\" \/>\n<meta property=\"og:type\" content=\"article\" \/>\n<meta property=\"og:title\" content=\"Enem 2025: 20 d\u00favidas frequentes sobre o exame\" \/>\n<meta property=\"og:description\" content=\"Confira algumas das principais d\u00favidas frequentes sobre o Enem 2025; datas, o que levar, vagas para universidades e muito mais!\" \/>\n<meta property=\"og:url\" content=\"https:\/\/vestibulares.estrategia.com\/portal\/enem-e-vestibulares\/enem\/enem-duvidas-frequentes-sobre-exame\/\" \/>\n<meta property=\"og:site_name\" content=\"Estrat\u00e9gia Vestibulares\" \/>\n<meta property=\"article:publisher\" content=\"https:\/\/facebook.com\/estrategiavestibulares\" \/>\n<meta property=\"article:published_time\" content=\"2025-11-04T15:16:00+00:00\" \/>\n<meta property=\"article:modified_time\" content=\"2025-11-18T20:46:15+00:00\" \/>\n<meta property=\"og:image\" content=\"https:\/\/vestibulares.estrategia.com\/portal\/wp-content\/uploads\/2023\/06\/shutterstock_1950866716-1.jpg\" \/>\n\t<meta property=\"og:image:width\" content=\"1300\" \/>\n\t<meta property=\"og:image:height\" content=\"867\" \/>\n\t<meta property=\"og:image:type\" content=\"image\/jpeg\" \/>\n<meta name=\"author\" content=\"Leonardo Del Sant\" \/>\n<meta name=\"twitter:card\" content=\"summary_large_image\" \/>\n<meta name=\"twitter:creator\" content=\"@Estrategiavest\" \/>\n<meta name=\"twitter:site\" content=\"@Estrategiavest\" \/>\n<meta name=\"twitter:label1\" content=\"Escrito por\" \/>\n\t<meta name=\"twitter:data1\" content=\"Leonardo Del Sant\" \/>\n\t<meta name=\"twitter:label2\" content=\"Est. tempo de leitura\" \/>\n\t<meta name=\"twitter:data2\" content=\"11 minutos\" \/>\n<script type=\"application\/ld+json\" class=\"yoast-schema-graph\">{\"@context\":\"https:\/\/schema.org\",\"@graph\":[{\"@type\":\"Article\",\"@id\":\"https:\/\/vestibulares.estrategia.com\/portal\/enem-e-vestibulares\/enem\/enem-duvidas-frequentes-sobre-exame\/#article\",\"isPartOf\":{\"@id\":\"https:\/\/vestibulares.estrategia.com\/portal\/enem-e-vestibulares\/enem\/enem-duvidas-frequentes-sobre-exame\/\"},\"author\":{\"name\":\"Leonardo Del Sant\",\"@id\":\"https:\/\/vestibulares.estrategia.com\/portal\/#\/schema\/person\/95532619fccae669187ec84703047908\"},\"headline\":\"Enem 2025: 20 d\u00favidas frequentes sobre o exame\",\"datePublished\":\"2025-11-04T15:16:00+00:00\",\"dateModified\":\"2025-11-18T20:46:15+00:00\",\"mainEntityOfPage\":{\"@id\":\"https:\/\/vestibulares.estrategia.com\/portal\/enem-e-vestibulares\/enem\/enem-duvidas-frequentes-sobre-exame\/\"},\"wordCount\":2129,\"publisher\":{\"@id\":\"https:\/\/vestibulares.estrategia.com\/portal\/#organization\"},\"image\":{\"@id\":\"https:\/\/vestibulares.estrategia.com\/portal\/enem-e-vestibulares\/enem\/enem-duvidas-frequentes-sobre-exame\/#primaryimage\"},\"thumbnailUrl\":\"https:\/\/vestibulares.estrategia.com\/portal\/wp-content\/uploads\/2023\/06\/shutterstock_1950866716-1.jpg\",\"articleSection\":[\"Enem\"],\"inLanguage\":\"pt-BR\"},{\"@type\":\"WebPage\",\"@id\":\"https:\/\/vestibulares.estrategia.com\/portal\/enem-e-vestibulares\/enem\/enem-duvidas-frequentes-sobre-exame\/\",\"url\":\"https:\/\/vestibulares.estrategia.com\/portal\/enem-e-vestibulares\/enem\/enem-duvidas-frequentes-sobre-exame\/\",\"name\":\"Enem 2025: 20 d\u00favidas frequentes sobre o exame | Portal do EV\",\"isPartOf\":{\"@id\":\"https:\/\/vestibulares.estrategia.com\/portal\/#website\"},\"primaryImageOfPage\":{\"@id\":\"https:\/\/vestibulares.estrategia.com\/portal\/enem-e-vestibulares\/enem\/enem-duvidas-frequentes-sobre-exame\/#primaryimage\"},\"image\":{\"@id\":\"https:\/\/vestibulares.estrategia.com\/portal\/enem-e-vestibulares\/enem\/enem-duvidas-frequentes-sobre-exame\/#primaryimage\"},\"thumbnailUrl\":\"https:\/\/vestibulares.estrategia.com\/portal\/wp-content\/uploads\/2023\/06\/shutterstock_1950866716-1.jpg\",\"datePublished\":\"2025-11-04T15:16:00+00:00\",\"dateModified\":\"2025-11-18T20:46:15+00:00\",\"description\":\"Confira algumas das principais d\u00favidas frequentes sobre o Enem 2025; datas, o que levar, vagas para universidades e muito mais!\",\"breadcrumb\":{\"@id\":\"https:\/\/vestibulares.estrategia.com\/portal\/enem-e-vestibulares\/enem\/enem-duvidas-frequentes-sobre-exame\/#breadcrumb\"},\"inLanguage\":\"pt-BR\",\"potentialAction\":[{\"@type\":\"ReadAction\",\"target\":[\"https:\/\/vestibulares.estrategia.com\/portal\/enem-e-vestibulares\/enem\/enem-duvidas-frequentes-sobre-exame\/\"]}]},{\"@type\":\"ImageObject\",\"inLanguage\":\"pt-BR\",\"@id\":\"https:\/\/vestibulares.estrategia.com\/portal\/enem-e-vestibulares\/enem\/enem-duvidas-frequentes-sobre-exame\/#primaryimage\",\"url\":\"https:\/\/vestibulares.estrategia.com\/portal\/wp-content\/uploads\/2023\/06\/shutterstock_1950866716-1.jpg\",\"contentUrl\":\"https:\/\/vestibulares.estrategia.com\/portal\/wp-content\/uploads\/2023\/06\/shutterstock_1950866716-1.jpg\",\"width\":1300,\"height\":867,\"caption\":\"d\u00favidas-frequentes-enem\"},{\"@type\":\"BreadcrumbList\",\"@id\":\"https:\/\/vestibulares.estrategia.com\/portal\/enem-e-vestibulares\/enem\/enem-duvidas-frequentes-sobre-exame\/#breadcrumb\",\"itemListElement\":[{\"@type\":\"ListItem\",\"position\":1,\"name\":\"Home\",\"item\":\"https:\/\/vestibulares.estrategia.com\/portal\/\"},{\"@type\":\"ListItem\",\"position\":2,\"name\":\"Enem e Vestibulares\",\"item\":\"https:\/\/vestibulares.estrategia.com\/portal\/enem-e-vestibulares\/\"},{\"@type\":\"ListItem\",\"position\":3,\"name\":\"Enem\",\"item\":\"https:\/\/vestibulares.estrategia.com\/portal\/enem-e-vestibulares\/enem\/\"},{\"@type\":\"ListItem\",\"position\":4,\"name\":\"Enem 2025: 20 d\u00favidas frequentes sobre o exame\"}]},{\"@type\":\"WebSite\",\"@id\":\"https:\/\/vestibulares.estrategia.com\/portal\/#website\",\"url\":\"https:\/\/vestibulares.estrategia.com\/portal\/\",\"name\":\"Estrat\u00e9gia Vestibulares\",\"description\":\"\",\"publisher\":{\"@id\":\"https:\/\/vestibulares.estrategia.com\/portal\/#organization\"},\"potentialAction\":[{\"@type\":\"SearchAction\",\"target\":{\"@type\":\"EntryPoint\",\"urlTemplate\":\"https:\/\/vestibulares.estrategia.com\/portal\/?s={search_term_string}\"},\"query-input\":{\"@type\":\"PropertyValueSpecification\",\"valueRequired\":true,\"valueName\":\"search_term_string\"}}],\"inLanguage\":\"pt-BR\"},{\"@type\":\"Organization\",\"@id\":\"https:\/\/vestibulares.estrategia.com\/portal\/#organization\",\"name\":\"Estrat\u00e9gia Vestibulares\",\"url\":\"https:\/\/vestibulares.estrategia.com\/portal\/\",\"logo\":{\"@type\":\"ImageObject\",\"inLanguage\":\"pt-BR\",\"@id\":\"https:\/\/vestibulares.estrategia.com\/portal\/#\/schema\/logo\/image\/\",\"url\":\"https:\/\/vestibulares.estrategia.com\/portal\/wp-content\/uploads\/2021\/06\/Logo-Vestibulares@4x.png\",\"contentUrl\":\"https:\/\/vestibulares.estrategia.com\/portal\/wp-content\/uploads\/2021\/06\/Logo-Vestibulares@4x.png\",\"width\":250,\"height\":66,\"caption\":\"Estrat\u00e9gia Vestibulares\"},\"image\":{\"@id\":\"https:\/\/vestibulares.estrategia.com\/portal\/#\/schema\/logo\/image\/\"},\"sameAs\":[\"https:\/\/facebook.com\/estrategiavestibulares\",\"https:\/\/x.com\/Estrategiavest\",\"https:\/\/www.instagram.com\/estrategiavestibulares\",\"https:\/\/www.youtube.com\/channel\/UCGWdZy8ULI-7_5GrABa4vNA\"]},{\"@type\":\"Person\",\"@id\":\"https:\/\/vestibulares.estrategia.com\/portal\/#\/schema\/person\/95532619fccae669187ec84703047908\",\"name\":\"Leonardo Del Sant\",\"image\":{\"@type\":\"ImageObject\",\"inLanguage\":\"pt-BR\",\"@id\":\"https:\/\/vestibulares.estrategia.com\/portal\/#\/schema\/person\/image\/\",\"url\":\"https:\/\/vestibulares.estrategia.com\/portal\/wp-content\/uploads\/2026\/02\/1000082484-150x150.jpeg\",\"contentUrl\":\"https:\/\/vestibulares.estrategia.com\/portal\/wp-content\/uploads\/2026\/02\/1000082484-150x150.jpeg\",\"caption\":\"Leonardo Del Sant\"},\"description\":\"Coordenador de Jornalismo do Estrat\u00e9gia Vestibulares. Trabalhou com escrita para SEO em sites das \u00e1reas de economia, varejo, sa\u00fade, tecnologia e alimenta\u00e7\u00e3o. Formado em jornalismo pela Unesp\/Bauru.\",\"url\":\"https:\/\/vestibulares.estrategia.com\/portal\/author\/leonardo-del-sant\/\"}]}<\/script>\n<!-- \/ Yoast SEO Premium plugin. -->","yoast_head_json":{"title":"Enem 2025: 20 d\u00favidas frequentes sobre o exame | Portal do EV","description":"Confira algumas das principais d\u00favidas frequentes sobre o Enem 2025; datas, o que levar, vagas para universidades e muito mais!","robots":{"index":"index","follow":"follow","max-snippet":"max-snippet:-1","max-image-preview":"max-image-preview:large","max-video-preview":"max-video-preview:-1"},"canonical":"https:\/\/vestibulares.estrategia.com\/portal\/enem-e-vestibulares\/enem\/enem-duvidas-frequentes-sobre-exame\/","og_locale":"pt_BR","og_type":"article","og_title":"Enem 2025: 20 d\u00favidas frequentes sobre o exame","og_description":"Confira algumas das principais d\u00favidas frequentes sobre o Enem 2025; datas, o que levar, vagas para universidades e muito mais!","og_url":"https:\/\/vestibulares.estrategia.com\/portal\/enem-e-vestibulares\/enem\/enem-duvidas-frequentes-sobre-exame\/","og_site_name":"Estrat\u00e9gia Vestibulares","article_publisher":"https:\/\/facebook.com\/estrategiavestibulares","article_published_time":"2025-11-04T15:16:00+00:00","article_modified_time":"2025-11-18T20:46:15+00:00","og_image":[{"width":1300,"height":867,"url":"https:\/\/vestibulares.estrategia.com\/portal\/wp-content\/uploads\/2023\/06\/shutterstock_1950866716-1.jpg","type":"image\/jpeg"}],"author":"Leonardo Del Sant","twitter_card":"summary_large_image","twitter_creator":"@Estrategiavest","twitter_site":"@Estrategiavest","twitter_misc":{"Escrito por":"Leonardo Del Sant","Est. tempo de leitura":"11 minutos"},"schema":{"@context":"https:\/\/schema.org","@graph":[{"@type":"Article","@id":"https:\/\/vestibulares.estrategia.com\/portal\/enem-e-vestibulares\/enem\/enem-duvidas-frequentes-sobre-exame\/#article","isPartOf":{"@id":"https:\/\/vestibulares.estrategia.com\/portal\/enem-e-vestibulares\/enem\/enem-duvidas-frequentes-sobre-exame\/"},"author":{"name":"Leonardo Del Sant","@id":"https:\/\/vestibulares.estrategia.com\/portal\/#\/schema\/person\/95532619fccae669187ec84703047908"},"headline":"Enem 2025: 20 d\u00favidas frequentes sobre o exame","datePublished":"2025-11-04T15:16:00+00:00","dateModified":"2025-11-18T20:46:15+00:00","mainEntityOfPage":{"@id":"https:\/\/vestibulares.estrategia.com\/portal\/enem-e-vestibulares\/enem\/enem-duvidas-frequentes-sobre-exame\/"},"wordCount":2129,"publisher":{"@id":"https:\/\/vestibulares.estrategia.com\/portal\/#organization"},"image":{"@id":"https:\/\/vestibulares.estrategia.com\/portal\/enem-e-vestibulares\/enem\/enem-duvidas-frequentes-sobre-exame\/#primaryimage"},"thumbnailUrl":"https:\/\/vestibulares.estrategia.com\/portal\/wp-content\/uploads\/2023\/06\/shutterstock_1950866716-1.jpg","articleSection":["Enem"],"inLanguage":"pt-BR"},{"@type":"WebPage","@id":"https:\/\/vestibulares.estrategia.com\/portal\/enem-e-vestibulares\/enem\/enem-duvidas-frequentes-sobre-exame\/","url":"https:\/\/vestibulares.estrategia.com\/portal\/enem-e-vestibulares\/enem\/enem-duvidas-frequentes-sobre-exame\/","name":"Enem 2025: 20 d\u00favidas frequentes sobre o exame | Portal do EV","isPartOf":{"@id":"https:\/\/vestibulares.estrategia.com\/portal\/#website"},"primaryImageOfPage":{"@id":"https:\/\/vestibulares.estrategia.com\/portal\/enem-e-vestibulares\/enem\/enem-duvidas-frequentes-sobre-exame\/#primaryimage"},"image":{"@id":"https:\/\/vestibulares.estrategia.com\/portal\/enem-e-vestibulares\/enem\/enem-duvidas-frequentes-sobre-exame\/#primaryimage"},"thumbnailUrl":"https:\/\/vestibulares.estrategia.com\/portal\/wp-content\/uploads\/2023\/06\/shutterstock_1950866716-1.jpg","datePublished":"2025-11-04T15:16:00+00:00","dateModified":"2025-11-18T20:46:15+00:00","description":"Confira algumas das principais d\u00favidas frequentes sobre o Enem 2025; datas, o que levar, vagas para universidades e muito mais!","breadcrumb":{"@id":"https:\/\/vestibulares.estrategia.com\/portal\/enem-e-vestibulares\/enem\/enem-duvidas-frequentes-sobre-exame\/#breadcrumb"},"inLanguage":"pt-BR","potentialAction":[{"@type":"ReadAction","target":["https:\/\/vestibulares.estrategia.com\/portal\/enem-e-vestibulares\/enem\/enem-duvidas-frequentes-sobre-exame\/"]}]},{"@type":"ImageObject","inLanguage":"pt-BR","@id":"https:\/\/vestibulares.estrategia.com\/portal\/enem-e-vestibulares\/enem\/enem-duvidas-frequentes-sobre-exame\/#primaryimage","url":"https:\/\/vestibulares.estrategia.com\/portal\/wp-content\/uploads\/2023\/06\/shutterstock_1950866716-1.jpg","contentUrl":"https:\/\/vestibulares.estrategia.com\/portal\/wp-content\/uploads\/2023\/06\/shutterstock_1950866716-1.jpg","width":1300,"height":867,"caption":"d\u00favidas-frequentes-enem"},{"@type":"BreadcrumbList","@id":"https:\/\/vestibulares.estrategia.com\/portal\/enem-e-vestibulares\/enem\/enem-duvidas-frequentes-sobre-exame\/#breadcrumb","itemListElement":[{"@type":"ListItem","position":1,"name":"Home","item":"https:\/\/vestibulares.estrategia.com\/portal\/"},{"@type":"ListItem","position":2,"name":"Enem e Vestibulares","item":"https:\/\/vestibulares.estrategia.com\/portal\/enem-e-vestibulares\/"},{"@type":"ListItem","position":3,"name":"Enem","item":"https:\/\/vestibulares.estrategia.com\/portal\/enem-e-vestibulares\/enem\/"},{"@type":"ListItem","position":4,"name":"Enem 2025: 20 d\u00favidas frequentes sobre o exame"}]},{"@type":"WebSite","@id":"https:\/\/vestibulares.estrategia.com\/portal\/#website","url":"https:\/\/vestibulares.estrategia.com\/portal\/","name":"Estrat\u00e9gia Vestibulares","description":"","publisher":{"@id":"https:\/\/vestibulares.estrategia.com\/portal\/#organization"},"potentialAction":[{"@type":"SearchAction","target":{"@type":"EntryPoint","urlTemplate":"https:\/\/vestibulares.estrategia.com\/portal\/?s={search_term_string}"},"query-input":{"@type":"PropertyValueSpecification","valueRequired":true,"valueName":"search_term_string"}}],"inLanguage":"pt-BR"},{"@type":"Organization","@id":"https:\/\/vestibulares.estrategia.com\/portal\/#organization","name":"Estrat\u00e9gia Vestibulares","url":"https:\/\/vestibulares.estrategia.com\/portal\/","logo":{"@type":"ImageObject","inLanguage":"pt-BR","@id":"https:\/\/vestibulares.estrategia.com\/portal\/#\/schema\/logo\/image\/","url":"https:\/\/vestibulares.estrategia.com\/portal\/wp-content\/uploads\/2021\/06\/Logo-Vestibulares@4x.png","contentUrl":"https:\/\/vestibulares.estrategia.com\/portal\/wp-content\/uploads\/2021\/06\/Logo-Vestibulares@4x.png","width":250,"height":66,"caption":"Estrat\u00e9gia Vestibulares"},"image":{"@id":"https:\/\/vestibulares.estrategia.com\/portal\/#\/schema\/logo\/image\/"},"sameAs":["https:\/\/facebook.com\/estrategiavestibulares","https:\/\/x.com\/Estrategiavest","https:\/\/www.instagram.com\/estrategiavestibulares","https:\/\/www.youtube.com\/channel\/UCGWdZy8ULI-7_5GrABa4vNA"]},{"@type":"Person","@id":"https:\/\/vestibulares.estrategia.com\/portal\/#\/schema\/person\/95532619fccae669187ec84703047908","name":"Leonardo Del Sant","image":{"@type":"ImageObject","inLanguage":"pt-BR","@id":"https:\/\/vestibulares.estrategia.com\/portal\/#\/schema\/person\/image\/","url":"https:\/\/vestibulares.estrategia.com\/portal\/wp-content\/uploads\/2026\/02\/1000082484-150x150.jpeg","contentUrl":"https:\/\/vestibulares.estrategia.com\/portal\/wp-content\/uploads\/2026\/02\/1000082484-150x150.jpeg","caption":"Leonardo Del Sant"},"description":"Coordenador de Jornalismo do Estrat\u00e9gia Vestibulares. Trabalhou com escrita para SEO em sites das \u00e1reas de economia, varejo, sa\u00fade, tecnologia e alimenta\u00e7\u00e3o. Formado em jornalismo pela Unesp\/Bauru.","url":"https:\/\/vestibulares.estrategia.com\/portal\/author\/leonardo-del-sant\/"}]}},"_wl_alt_label":[],"wl:entity_url":"https:\/\/data.wordlift.io\/wl110249\/post\/enem-duvidas-frequentes-sobre-o-exame","_links":{"self":[{"href":"https:\/\/vestibulares.estrategia.com\/portal\/wp-json\/wp\/v2\/posts\/91991","targetHints":{"allow":["GET"]}}],"collection":[{"href":"https:\/\/vestibulares.estrategia.com\/portal\/wp-json\/wp\/v2\/posts"}],"about":[{"href":"https:\/\/vestibulares.estrategia.com\/portal\/wp-json\/wp\/v2\/types\/post"}],"author":[{"embeddable":true,"href":"https:\/\/vestibulares.estrategia.com\/portal\/wp-json\/wp\/v2\/users\/43"}],"replies":[{"embeddable":true,"href":"https:\/\/vestibulares.estrategia.com\/portal\/wp-json\/wp\/v2\/comments?post=91991"}],"version-history":[{"count":22,"href":"https:\/\/vestibulares.estrategia.com\/portal\/wp-json\/wp\/v2\/posts\/91991\/revisions"}],"predecessor-version":[{"id":149405,"href":"https:\/\/vestibulares.estrategia.com\/portal\/wp-json\/wp\/v2\/posts\/91991\/revisions\/149405"}],"wp:featuredmedia":[{"embeddable":true,"href":"https:\/\/vestibulares.estrategia.com\/portal\/wp-json\/wp\/v2\/media\/91992"}],"wp:attachment":[{"href":"https:\/\/vestibulares.estrategia.com\/portal\/wp-json\/wp\/v2\/media?parent=91991"}],"wp:term":[{"taxonomy":"category","embeddable":true,"href":"https:\/\/vestibulares.estrategia.com\/portal\/wp-json\/wp\/v2\/categories?post=91991"},{"taxonomy":"post_tag","embeddable":true,"href":"https:\/\/vestibulares.estrategia.com\/portal\/wp-json\/wp\/v2\/tags?post=91991"},{"taxonomy":"wl_entity_type","embeddable":true,"href":"https:\/\/vestibulares.estrategia.com\/portal\/wp-json\/wp\/v2\/wl_entity_type?post=91991"}],"curies":[{"name":"wp","href":"https:\/\/api.w.org\/{rel}","templated":true}]}}