{"id":92336,"date":"2023-06-09T19:35:33","date_gmt":"2023-06-09T22:35:33","guid":{"rendered":"https:\/\/vestibulares.estrategia.com\/portal\/?p=92336"},"modified":"2024-04-16T17:04:05","modified_gmt":"2024-04-16T20:04:05","slug":"7-questoes-sobre-platao-e-o-mito-da-caverna","status":"publish","type":"post","link":"https:\/\/vestibulares.estrategia.com\/portal\/atualidades-e-dicas\/7-questoes-sobre-platao-e-o-mito-da-caverna\/","title":{"rendered":"7 quest\u00f5es sobre Plat\u00e3o e o mito da caverna"},"content":{"rendered":"<p>O mito da caverna e seu autor, Plat&atilde;o, fazem parte dos principais assuntos quando falamos de Filosofia. A met&aacute;fora criada para explicar a hierarquia de conhecimento e percep&ccedil;&atilde;o humana sobre os fatos &eacute; um dos objetos de estudo e base cient&iacute;fica para diversas discuss&otilde;es sociais e outras teorias que surgiram e surgem at&eacute; hoje.<p>Tamb&eacute;m chamada de alegoria da caverna, a hist&oacute;ria &eacute; retratada em &ldquo;A Rep&uacute;blica&rdquo;, livro em que Plat&atilde;o descreve um di&aacute;logo entre S&oacute;crates e Glauco, seu interlocutor. A teoria plat&ocirc;nica aborda o conhecimento da verdade e a necessidade que o governador da cidade em quest&atilde;o tem sobre o acesso a esse tipo de conhecimento.<\/p><p>\n\n\n\n<div id=\"new-form\">\n\t<form id=\"forms_layout\">\n\t<input type=\"hidden\" id=\"chave_de\" name=\"chave_de\" value=\"01_EVEST_LEADS_TOTAIS\" \/>\n\t\t<input type=\"hidden\" id=\"mid\" name=\"mid\" value=\"515008983\" \/>\n\t\t<input type=\"hidden\" id=\"Objetivo\" name=\"Objetivo\" value=\"Vestibulares\" \/>\n\t\t<input type=\"hidden\" id=\"Estado_de_Origem_do_IP\" name=\"Estado_de_Origem_do_IP\"  value=\"\" \/>\n\t\t<input type=\"hidden\" id=\"Cidade_de_Origem_do_IP\" name=\"Cidade_de_Origem_do_IP\" value=\"\" \/>\n\t\t<input type=\"hidden\" id=\"Modo_de_entrada\" name=\"Modo_de_entrada\" value=\"Portal\" \/>\n\t\t<input type=\"hidden\" id=\"Pagina_Origem\" name=\"Pagina_Origem\" value=\"\" \/>\n\n\t\t<div class=\"texto\">\n\t\t\t<h3 class=\"news\">Inscreva-se em nossa newsletter\ud83e\udd89<\/h3>\n\t\t\t<p>Receba dicas de estudo gratuitas e saiba em primeira m\u00e3o as novidades sobre o Enem, Sisu, Encceja, Fuvest e outros vestibulares!<\/p>\n\t\t<\/div>\n\t\t<div class=\"campos\">\n\t\t\t<div class=\"first_name labels\">\n\t\t\t\t<input type=\"text\" class=\"input_labels\" id=\"first_name\" name=\"Nome_Completo\" placeholder=\"Nome\" required \/>\n\t\t\t<\/div>\n\t\t\t<div class=\"email labels\">\n\t\t\t\t<input type=\"email\" class=\"input_labels\" id=\"email\" name=\"Email\" placeholder=\"E-mail\" required \/>\n\t\t\t<\/div>\n\t\t\t<button type=\"submit\" class=\"button_layout\">\n\t\t\t\t<div id=\"lblBotao\">Inscreva-se<\/div>\n\t\t\t\t<span id=\"divSpiner\" class=\"loader\" role=\"status\" style=\"display: none;\"><\/span>\t\n\t\t\t<\/button>\n\t\t<\/div><!-- \/campos -->\n\t\t\n\t\t<label class=\"container_checkbox\">Voc\u00ea concorda com a nossa\n\t\t\t<a class=\"politics_privacy_ahref\" target=\"_blank\" href=\"https:\/\/gratis.estrategiaconcursos.com.br\/politica-de-privacidade\/\">Pol\u00edtica de Privacidade<\/a> e aceita receber informa\u00e7\u00f5es adicionais do Estrat\u00e9gia Educacional.\n\t\t\t<input id=\"checkbox_layout\" type=\"checkbox\" checked=\"checked\" required \/>\n\t\t\t<span class=\"checkbox\"><\/span>\n\t\t<\/label>\n\t\t<div id=\"msg\"><\/div>\n\t\t<div id=\"error\" class=\"error\">\n\t\t<\/div>\n\t<\/form>\n<\/div><!-- \/new-form -->\n\n\n\n<\/p><p>Escolhemos sete quest&otilde;es sobre Plat&atilde;o e o mito da caverna, dispon&iacute;veis em nosso Banco de Quest&otilde;es, para voc&ecirc; treinar sobre o assunto e n&atilde;o errar mais nada referente ao tema nos vestibulares. Vamos l&aacute;?<\/p><div id=\"ez-toc-container\" class=\"ez-toc-v2_0_76 counter-hierarchy ez-toc-counter ez-toc-transparent ez-toc-container-direction\">\n<div class=\"ez-toc-title-container\"><p class=\"ez-toc-title\" style=\"cursor:inherit\">Navegue pelo conte\u00fado<\/p>\n<\/div><nav><ul class='ez-toc-list ez-toc-list-level-1 ' ><li class='ez-toc-page-1 ez-toc-heading-level-2'><a class=\"ez-toc-link ez-toc-heading-1\" href=\"https:\/\/vestibulares.estrategia.com\/portal\/atualidades-e-dicas\/7-questoes-sobre-platao-e-o-mito-da-caverna\/#Unichristus-2015\" >Unichristus (2015)<\/a><\/li><li class='ez-toc-page-1 ez-toc-heading-level-2'><a class=\"ez-toc-link ez-toc-heading-2\" href=\"https:\/\/vestibulares.estrategia.com\/portal\/atualidades-e-dicas\/7-questoes-sobre-platao-e-o-mito-da-caverna\/#UEG-2019\" >UEG (2019)<\/a><\/li><li class='ez-toc-page-1 ez-toc-heading-level-2'><a class=\"ez-toc-link ez-toc-heading-3\" href=\"https:\/\/vestibulares.estrategia.com\/portal\/atualidades-e-dicas\/7-questoes-sobre-platao-e-o-mito-da-caverna\/#Uenp-2014\" >Uenp (2014)<\/a><\/li><li class='ez-toc-page-1 ez-toc-heading-level-2'><a class=\"ez-toc-link ez-toc-heading-4\" href=\"https:\/\/vestibulares.estrategia.com\/portal\/atualidades-e-dicas\/7-questoes-sobre-platao-e-o-mito-da-caverna\/#UFPel-2014\" >UFPel (2014)<\/a><\/li><li class='ez-toc-page-1 ez-toc-heading-level-2'><a class=\"ez-toc-link ez-toc-heading-5\" href=\"https:\/\/vestibulares.estrategia.com\/portal\/atualidades-e-dicas\/7-questoes-sobre-platao-e-o-mito-da-caverna\/#UPE-2017\" >UPE (2017)<\/a><\/li><li class='ez-toc-page-1 ez-toc-heading-level-2'><a class=\"ez-toc-link ez-toc-heading-6\" href=\"https:\/\/vestibulares.estrategia.com\/portal\/atualidades-e-dicas\/7-questoes-sobre-platao-e-o-mito-da-caverna\/#UFJF-2017\" >UFJF (2017)<\/a><\/li><li class='ez-toc-page-1 ez-toc-heading-level-2'><a class=\"ez-toc-link ez-toc-heading-7\" href=\"https:\/\/vestibulares.estrategia.com\/portal\/atualidades-e-dicas\/7-questoes-sobre-platao-e-o-mito-da-caverna\/#Fuvest-2019\" >Fuvest (2019)<\/a><\/li><li class='ez-toc-page-1 ez-toc-heading-level-2'><a class=\"ez-toc-link ez-toc-heading-8\" href=\"https:\/\/vestibulares.estrategia.com\/portal\/atualidades-e-dicas\/7-questoes-sobre-platao-e-o-mito-da-caverna\/#O-Estrategia-Vestibulares-e-a-alternativa-correta\" >O Estrat&eacute;gia Vestibulares &eacute; a alternativa correta!<\/a><\/li><\/ul><\/nav><\/div>\n<h2 class=\"wp-block-heading\" id=\"h-unichristus-2015\"><span class=\"ez-toc-section\" id=\"Unichristus-2015\"><\/span>Unichristus (2015)<span class=\"ez-toc-section-end\"><\/span><\/h2><p>Plat&atilde;o desenvolveu a no&ccedil;&atilde;o de que o homem est&aacute; em contato permanente com dois tipos de realidade: a sens&iacute;vel e a intelig&iacute;vel.&nbsp;<\/p><p>O conhecimento sens&iacute;vel ocupa-se dos objetos sens&iacute;veis que s&atilde;o para Plat&atilde;o imagens das ideias; o conhecimento intelig&iacute;vel volta-se para os modelos dos objetos sens&iacute;veis, ou seja, as ideias.&nbsp;<\/p><p><em>Dispon&iacute;vel em: www.google.com. Acesso em: 30 de julho de 2014.&nbsp;<\/em><\/p><p>Essa m&aacute;xima de Plat&atilde;o &eacute; explicada pela&nbsp;&nbsp;<\/p><p><strong>A <\/strong>alegoria da l&oacute;gica matem&aacute;tica.&nbsp;<br><strong>B <\/strong>alegoria da caverna.&nbsp;<br><strong>C <\/strong>alegoria cartesiana.&nbsp;<br><strong>D <\/strong>alegoria dos &iacute;dolos.&nbsp;<br><strong>E <\/strong>alegoria da evid&ecirc;ncia.&nbsp;<\/p><p><strong>Alternativa correta:<\/strong> B<\/p><h2 class=\"wp-block-heading\" id=\"h-ueg-2019\"><span class=\"ez-toc-section\" id=\"UEG-2019\"><\/span>UEG (2019)<span class=\"ez-toc-section-end\"><\/span><\/h2><p>Considerando a hist&oacute;ria contada por Plat&atilde;o no livro VII da Rep&uacute;blica, mais conhecida como Mito da Caverna, podemos deduzir que:<\/p><p><strong>A <\/strong>o homem, apesar de nascer bom, puro e de posse da verdade, pode desviar-se e passar a acreditar em outro mundo mais perfeito de puras ideias.<br><strong>B <\/strong>n&atilde;o podemos confiar apenas na raz&atilde;o, pois somente guiados pelos sentimentos e testemunhos dos sentidos poderemos alcan&ccedil;ar a verdade.<br><strong>C <\/strong>a caverna, na alegoria plat&ocirc;nica, representa tudo aquilo que impede o surgimento da consci&ecirc;ncia filos&oacute;fica, que possibilitaria uma ascens&atilde;o para o mundo intelig&iacute;vel.<br><strong>D <\/strong>a raz&atilde;o deve submeter-se aos testemunhos dos sentidos, pois a verdade que est&aacute; no mundo intelig&iacute;vel s&oacute; ser&aacute; atingida mediante a sensibilidade.<br><strong>E <\/strong>os homens devem se libertar da cren&ccedil;a na exist&ecirc;ncia em outro mundo e buscar resolver seus conflitos aprofundando-se em sua interioridade.<\/p><p><strong>Resposta:<\/strong> A caverna representa o mundo sens&iacute;vel que nos engana e n&atilde;o deixa enveredar pela raz&atilde;o.<\/p><p><strong>Alternativa correta: C<\/strong><\/p><h2 class=\"wp-block-heading\" id=\"h-uenp-2014\"><span class=\"ez-toc-section\" id=\"Uenp-2014\"><\/span>Uenp (2014)<span class=\"ez-toc-section-end\"><\/span><\/h2><p>Plat&atilde;o (427-347 a.C.), fil&oacute;sofo do per&iacute;odo cl&aacute;ssico grego, no livro VII da Rep&uacute;blica, uma de suas obras mais importantes, desenvolve o c&eacute;lebre Mito ou alegoria da Caverna. Assinale a alternativa correta sobre esse Mito.<\/p><p><strong>A <\/strong>Explicita como Plat&atilde;o concebe a estrutura interna da an&aacute;lise da vida na cidade grega.<br><strong>B <\/strong>O centro da caverna, ao ser iluminada pelo Sol, corresponde ao mundo intelig&iacute;vel, o do conhecimento do verdadeiro ser.<br><strong>C <\/strong>Manifesta a forma como Plat&atilde;o pensa o conhecimento, na medida em que, ao voltar &agrave; caverna, aquele que conseguiu ver a verdadeira realidade quer tamb&eacute;m libertar da contempla&ccedil;&atilde;o das sombras os antigos companheiros.<br><strong>D <\/strong>Discute sobre a teoria do conhecimento estruturada basicamente em fatores relativistas e passageiros.<br><strong>E <\/strong>Relata o sonho de possuir uma vida longa e regada pelos prazeres.<\/p><p><strong>Alternativa correta:<\/strong> C<\/p><h2 class=\"wp-block-heading\" id=\"h-ufpel-2014\"><span class=\"ez-toc-section\" id=\"UFPel-2014\"><\/span>UFPel (2014)<span class=\"ez-toc-section-end\"><\/span><\/h2><p>O tema do &ldquo;Mito da Caverna&rdquo;, narrado por S&oacute;crates e Glauco, no Livro VII da <em>Rep&uacute;blica <\/em>(Plat&atilde;o), &eacute; a dial&eacute;tica do conhecimento. Para os prisioneiros descritos no mito, o &uacute;nico mundo real era a caverna em que eles se encontravam acorrentados, ou seja, a realidade era a obscuridade na qual n&atilde;o podiam se ver nem ver os outros. A caverna era para os prisioneiros todo o mundo real, pois eles n&atilde;o sabiam que o que viam na parede do fundo eram apenas sombras de um outro mundo, exterior &agrave; caverna, uma vez que n&atilde;o podiam virar a cabe&ccedil;a para ver que havia algo l&aacute; fora e que era de l&aacute; de fora que outros homens lhes enviavam imagens e sons.<\/p><p>Com base no texto, e em seus conhecimentos, &eacute; correto afirmar que<\/p><p><strong>A <\/strong>segundo Plat&atilde;o, no &ldquo;Mito da Caverna&rdquo;, conhecer &eacute; um ato de libera&ccedil;&atilde;o e de ilumina&ccedil;&atilde;o. A dial&eacute;tica n&atilde;o nos d&aacute; a vis&atilde;o, mas nos ensina a ver, a orientar o olhar, pois &eacute; da pr&oacute;pria natureza da alma possuir a capacidade para ver. Contemporaneamente, as sombras, projetadas na parede do fundo da caverna, s&atilde;o explicadas pelo princ&iacute;pio da propaga&ccedil;&atilde;o retil&iacute;nea da luz, as quais se formam quando um objeto opaco interrompe a passagem da luz.&nbsp;&nbsp;<br><strong>B <\/strong>de acordo com a narrativa de Plat&atilde;o, os prisioneiros permaneciam acorrentados no ch&atilde;o de uma caverna, onde havia um fresta em que passava apenas alguma luz exterior. A sombra projetada na parede do fundo da caverna &eacute; uma consequ&ecirc;ncia do princ&iacute;pio da independ&ecirc;ncia dos raios luminosos.&nbsp;&nbsp;<br><strong>C <\/strong>dos nossos sentidos a vis&atilde;o &eacute; o que mais colabora para o conhecimento que adquirimos do mundo que nos rodeia. Quando um objeto refrata a luz, ocorre a forma&ccedil;&atilde;o de sombras projetadas. De acordo com Plat&atilde;o, a experi&ecirc;ncia &eacute; a principal fonte de conhecimento.&nbsp;&nbsp;<br><strong>D <\/strong>de acordo com a posi&ccedil;&atilde;o filos&oacute;fica exposta no &ldquo;Mito da Caverna&rdquo;, os prisioneiros permaneciam acorrentados nas profundezas de uma caverna escura onde eram obrigados a trabalhar at&eacute; a morte, tendo conhecimento do mundo real apenas pelas sombras formadas pelos reflexos da luz externa.&nbsp;&nbsp;<br><strong>E <\/strong>no &ldquo;Mito da Caverna&rdquo;, Plat&atilde;o descreve a vida dos prisioneiros subjugados por um rei da antiga Gr&eacute;cia, que tinham conhecimentos do mundo real apenas pelas sombras que s&atilde;o formadas pela refra&ccedil;&atilde;o da luz externa.&nbsp;&nbsp;<br><strong>F <\/strong>I. R.<\/p><p><strong>Alternativa correta:<\/strong> A<\/p><h2 class=\"wp-block-heading\" id=\"h-upe-2017\"><span class=\"ez-toc-section\" id=\"UPE-2017\"><\/span>UPE (2017)<span class=\"ez-toc-section-end\"><\/span><\/h2><p>Sobre o Mito no mundo atual, considere o texto a seguir:&nbsp;<\/p><figure class=\"wp-block-image is-resized\"><img decoding=\"async\" src=\"https:\/\/lh4.googleusercontent.com\/awhBGQH2T3uIOHJ7bsHi-ufhNb7I8hlCGf56HbT3JCsWKkdTdq1fI_Ef455Mms901U0Ptu-KgHN-4zMWOUOTYEcH0CjyF6csUArj3In_l6wQ3DNbupUPXTepz_e4vy4Yu-ioCMcT5O7DnWvvWodD4Dk\" alt=\"\" style=\"width:460px;height:226px\"><\/figure><p>Os meios de comunica&ccedil;&atilde;o (televis&atilde;o, jornais, etc.) utilizam a palavra Mito com um significado diferente, quando se referem a artistas, que, num determinado momento, ganham destaque por causa de um filme ou m&uacute;sica de sucesso. Mas, mesmo nesse caso, os &ldquo;Mitos&rdquo; do mundo art&iacute;stico s&atilde;o assim chamados, porque atribu&iacute;mos a eles qualidades que consideramos dignas de um deus.<\/p><p><em>(CHALITA, Gabriel. Vivendo a Filosofia. 2002, p. 23). Dispon&iacute;vel em: www.4hd.com.br<\/em><\/p><p>Assim, &eacute; CORRETO afirmar que no mundo atual<\/p><p><strong>A <\/strong>o Mito narra as habilidades divinas, transmitidas aos homens pelos deuses.<br><strong>B <\/strong>o Mito retrata tanto a signific&acirc;ncia quanto a primeira atribui&ccedil;&atilde;o de sentido ao mundo.<br><strong>C <\/strong>o Mito tem import&acirc;ncia pelo fato de ser a primeira forma de dar significado ao mundo.<br><strong>D <\/strong>o Mito na totalidade do real, n&atilde;o apresenta mais abrang&ecirc;ncia nem o distintivo existencial que havia na sua origem, isto &eacute;, no Mito primitivo.<br><strong>E <\/strong>o Mito possibilita ao homem lutar e viver criticamente contra tudo o que lhe &eacute; adverso.<\/p><p><strong>Alternativa correta:<\/strong> D<\/p><h2 class=\"wp-block-heading\" id=\"h-ufjf-2017\"><span class=\"ez-toc-section\" id=\"UFJF-2017\"><\/span>UFJF (2017)<span class=\"ez-toc-section-end\"><\/span><\/h2><p>Leia o texto abaixo e responda:<\/p><p>O mito ou &ldquo;Alegoria&rdquo; da caverna &eacute; uma das passagens mais cl&aacute;ssicas da hist&oacute;ria da Filosofia, sendo parte constituinte do livro VI de &ldquo;A Rep&uacute;blica&rdquo; onde Plat&atilde;o discute sobre teoria do conhecimento, linguagem e educa&ccedil;&atilde;o na forma&ccedil;&atilde;o do Estado ideal. A narrativa expressa dramaticamente a imagem de prisioneiros que desde o nascimento s&atilde;o acorrentados no interior de uma caverna de modo que olhem somente para uma parede iluminada por uma fogueira. Essa ilumina um palco onde est&aacute;tuas dos seres como homem, planta, animais etc. s&atilde;o manipuladas, como que representando o cotidiano desses seres. No entanto, as sombras das est&aacute;tuas s&atilde;o projetadas na parede, sendo a &uacute;nica imagem que aqueles prisioneiros conseguem enxergar. Com o correr do tempo, os homens d&atilde;o nomes a essas sombras (tal como n&oacute;s damos &agrave;s coisas) e tamb&eacute;m &agrave; regularidade de apari&ccedil;&otilde;es destas.<\/p><p><em>Fonte: Dispon&iacute;vel em http:\/\/brasilescola.uol.com.br\/filosofia\/mito-caverna-platao.htm. Acessado em 18\/10\/2016.<\/em><\/p><p>A passagem do texto que melhor se articula com a ideia central do &ldquo;mito da caverna&rdquo; &eacute;:<\/p><p><strong>A <\/strong>&ldquo;A televis&atilde;o<br>Me deixou burro<br>Muito burro demais&rdquo;.<br><strong>B <\/strong>&ldquo;Que eu nunca li num livro<br>Que o espirro<br>Fosse um v&iacute;rus sem cura&rdquo;.<br><strong>C <\/strong>&ldquo;A m&atilde;e diz pra eu fazer<br>Alguma coisa<br>Mas eu n&atilde;o fa&ccedil;o nada&rdquo;.<br><strong>D <\/strong>&ldquo;A luz do sol me incomoda<br>Ent&atilde;o deixa<br>A cortina fechada&rdquo;.<br><strong>E <\/strong>&ldquo;Oh! Cride, fala pra m&atilde;e<br>Que tudo que a antena captar<br>Meu cora&ccedil;&atilde;o captura&rdquo;.<\/p><p><strong>Alternativa correta:<\/strong> D<\/p><h2 class=\"wp-block-heading\" id=\"h-fuvest-2019\"><span class=\"ez-toc-section\" id=\"Fuvest-2019\"><\/span>Fuvest (2019)<span class=\"ez-toc-section-end\"><\/span><\/h2><figure class=\"wp-block-image is-resized\"><img decoding=\"async\" src=\"https:\/\/lh5.googleusercontent.com\/p-3RPtX5S6w27QUjvH5QUk1oedCoucN0LEcXXob4J7l04cxJwSxZJrz1-mDYaNsmfp3bVSeXDkGUMsDLeAi2SyDrPHHEyY1fJFUSXwNIxRxAuuyPZ226rlKMUg8muBNMdgutIJLD5NmjbIRfeEfSTLE\" alt=\"\" style=\"width:505px;height:308px\"><\/figure><p>De acordo com o texto, o &ldquo;mito pol&iacute;tico&rdquo;<\/p><p><strong>A <\/strong>prejudica o entendimento do mundo real.<br><strong>B <\/strong>necessita da abstra&ccedil;&atilde;o do tempo.&nbsp;&nbsp;<br><strong>C <\/strong>depende da verifica&ccedil;&atilde;o da verdade.<br><strong>D <\/strong>&eacute; uma fantasia desvinculada da realidade.<br><strong>E <\/strong>atende a situa&ccedil;&otilde;es concretas.<\/p><p><strong>Resposta: <\/strong>Segundo o texto, O mito pol&iacute;tico ganha for&ccedil;a porque, mesmo que n&atilde;o tenha conte&uacute;do ou compromisso com a verdade, atende a demandas cotidianas da popula&ccedil;&atilde;o. Portanto, ele responde a situa&ccedil;&otilde;es concretas.<\/p><p><strong>Alternativa correta:<\/strong> E<\/p><h2 class=\"wp-block-heading\" id=\"h-o-estrategia-vestibulares-e-a-alternativa-correta\"><span class=\"ez-toc-section\" id=\"O-Estrategia-Vestibulares-e-a-alternativa-correta\"><\/span>O Estrat&eacute;gia Vestibulares &eacute; a alternativa correta!<span class=\"ez-toc-section-end\"><\/span><\/h2><p>Todas as respostas para as suas d&uacute;vidas na hora de escolher um cursinho est&atilde;o no Estrat&eacute;gia Vestibulares! Materiais exclusivos, Banco de Quest&otilde;es com mais de 280 mil perguntas, Mentoria Personalizada, Reda&ccedil;&otilde;es Ilimitadas, f&oacute;rum de d&uacute;vidas ativo, Salas VIP e muito mais voc&ecirc; encontra aqui.<\/p><p>\n\n\n\n\n\n<a id=\"cta\" class=\"cta-imagem\" href=\"https:\/\/vestibulares.estrategia.com\/cursos\/\" target=\"blank\">\n                <img decoding=\"async\" width=\"100%\" src=\"https:\/\/vestibulares.estrategia.com\/portal\/wp-content\/uploads\/2025\/07\/ESTRATEGIA-2.jpg\" alt=\"\" title=\"ESTRAT\u00c9GIA 2\">\n        <\/a>\n\n\n<\/p><\/p>\n","protected":false},"excerpt":{"rendered":"Confira algumas das quest\u00f5es dispon\u00edveis em nosso Banco de Quest\u00f5es sobre Plat\u00e3o e o mito da caverna que j\u00e1 ca\u00edram em vestibulares\n","protected":false},"author":43,"featured_media":92337,"comment_status":"closed","ping_status":"closed","sticky":false,"template":"","format":"standard","meta":{"wl_entities_gutenberg":"","footnotes":""},"categories":[46],"tags":[],"wl_entity_type":[732],"class_list":{"0":"post-92336","1":"post","2":"type-post","3":"status-publish","4":"format-standard","5":"has-post-thumbnail","7":"category-atualidades-e-dicas","8":"wl_entity_type-article"},"acf":[],"yoast_head":"<!-- This site is optimized with the Yoast SEO Premium plugin v25.9 (Yoast SEO v25.9) - https:\/\/yoast.com\/wordpress\/plugins\/seo\/ -->\n<title>7 quest\u00f5es sobre Plat\u00e3o e o mito da caverna | Portal do EV<\/title>\n<meta name=\"description\" content=\"Confira algumas das quest\u00f5es dispon\u00edveis em nosso Banco de Quest\u00f5es sobre Plat\u00e3o e o mito da caverna que j\u00e1 ca\u00edram em vestibulares.\" \/>\n<meta name=\"robots\" content=\"index, follow, max-snippet:-1, max-image-preview:large, max-video-preview:-1\" \/>\n<link rel=\"canonical\" href=\"https:\/\/vestibulares.estrategia.com\/portal\/atualidades-e-dicas\/7-questoes-sobre-platao-e-o-mito-da-caverna\/\" \/>\n<meta property=\"og:locale\" content=\"pt_BR\" \/>\n<meta property=\"og:type\" content=\"article\" \/>\n<meta property=\"og:title\" content=\"7 quest\u00f5es sobre Plat\u00e3o e o mito da caverna\" \/>\n<meta property=\"og:description\" content=\"Confira algumas das quest\u00f5es dispon\u00edveis em nosso Banco de Quest\u00f5es sobre Plat\u00e3o e o mito da caverna que j\u00e1 ca\u00edram em vestibulares.\" \/>\n<meta property=\"og:url\" content=\"https:\/\/vestibulares.estrategia.com\/portal\/atualidades-e-dicas\/7-questoes-sobre-platao-e-o-mito-da-caverna\/\" \/>\n<meta property=\"og:site_name\" content=\"Estrat\u00e9gia Vestibulares\" \/>\n<meta property=\"article:publisher\" content=\"https:\/\/facebook.com\/estrategiavestibulares\" \/>\n<meta property=\"article:published_time\" content=\"2023-06-09T22:35:33+00:00\" \/>\n<meta property=\"article:modified_time\" content=\"2024-04-16T20:04:05+00:00\" \/>\n<meta property=\"og:image\" content=\"https:\/\/vestibulares.estrategia.com\/portal\/wp-content\/uploads\/2023\/06\/bronze-g86e63ef2a_1280-1.jpg\" \/>\n\t<meta property=\"og:image:width\" content=\"1280\" \/>\n\t<meta property=\"og:image:height\" content=\"850\" \/>\n\t<meta property=\"og:image:type\" content=\"image\/jpeg\" \/>\n<meta name=\"author\" content=\"Leonardo Del Sant\" \/>\n<meta name=\"twitter:card\" content=\"summary_large_image\" \/>\n<meta name=\"twitter:creator\" content=\"@Estrategiavest\" \/>\n<meta name=\"twitter:site\" content=\"@Estrategiavest\" \/>\n<meta name=\"twitter:label1\" content=\"Escrito por\" \/>\n\t<meta name=\"twitter:data1\" content=\"Leonardo Del Sant\" \/>\n\t<meta name=\"twitter:label2\" content=\"Est. tempo de leitura\" \/>\n\t<meta name=\"twitter:data2\" content=\"8 minutos\" \/>\n<script type=\"application\/ld+json\" class=\"yoast-schema-graph\">{\"@context\":\"https:\/\/schema.org\",\"@graph\":[{\"@type\":\"Article\",\"@id\":\"https:\/\/vestibulares.estrategia.com\/portal\/atualidades-e-dicas\/7-questoes-sobre-platao-e-o-mito-da-caverna\/#article\",\"isPartOf\":{\"@id\":\"https:\/\/vestibulares.estrategia.com\/portal\/atualidades-e-dicas\/7-questoes-sobre-platao-e-o-mito-da-caverna\/\"},\"author\":{\"name\":\"Leonardo Del Sant\",\"@id\":\"https:\/\/vestibulares.estrategia.com\/portal\/#\/schema\/person\/95532619fccae669187ec84703047908\"},\"headline\":\"7 quest\u00f5es sobre Plat\u00e3o e o mito da caverna\",\"datePublished\":\"2023-06-09T22:35:33+00:00\",\"dateModified\":\"2024-04-16T20:04:05+00:00\",\"mainEntityOfPage\":{\"@id\":\"https:\/\/vestibulares.estrategia.com\/portal\/atualidades-e-dicas\/7-questoes-sobre-platao-e-o-mito-da-caverna\/\"},\"wordCount\":1612,\"publisher\":{\"@id\":\"https:\/\/vestibulares.estrategia.com\/portal\/#organization\"},\"image\":{\"@id\":\"https:\/\/vestibulares.estrategia.com\/portal\/atualidades-e-dicas\/7-questoes-sobre-platao-e-o-mito-da-caverna\/#primaryimage\"},\"thumbnailUrl\":\"https:\/\/vestibulares.estrategia.com\/portal\/wp-content\/uploads\/2023\/06\/bronze-g86e63ef2a_1280-1.jpg\",\"articleSection\":[\"Atualidades e Dicas\"],\"inLanguage\":\"pt-BR\"},{\"@type\":\"WebPage\",\"@id\":\"https:\/\/vestibulares.estrategia.com\/portal\/atualidades-e-dicas\/7-questoes-sobre-platao-e-o-mito-da-caverna\/\",\"url\":\"https:\/\/vestibulares.estrategia.com\/portal\/atualidades-e-dicas\/7-questoes-sobre-platao-e-o-mito-da-caverna\/\",\"name\":\"7 quest\u00f5es sobre Plat\u00e3o e o mito da caverna | Portal do EV\",\"isPartOf\":{\"@id\":\"https:\/\/vestibulares.estrategia.com\/portal\/#website\"},\"primaryImageOfPage\":{\"@id\":\"https:\/\/vestibulares.estrategia.com\/portal\/atualidades-e-dicas\/7-questoes-sobre-platao-e-o-mito-da-caverna\/#primaryimage\"},\"image\":{\"@id\":\"https:\/\/vestibulares.estrategia.com\/portal\/atualidades-e-dicas\/7-questoes-sobre-platao-e-o-mito-da-caverna\/#primaryimage\"},\"thumbnailUrl\":\"https:\/\/vestibulares.estrategia.com\/portal\/wp-content\/uploads\/2023\/06\/bronze-g86e63ef2a_1280-1.jpg\",\"datePublished\":\"2023-06-09T22:35:33+00:00\",\"dateModified\":\"2024-04-16T20:04:05+00:00\",\"description\":\"Confira algumas das quest\u00f5es dispon\u00edveis em nosso Banco de Quest\u00f5es sobre Plat\u00e3o e o mito da caverna que j\u00e1 ca\u00edram em vestibulares.\",\"breadcrumb\":{\"@id\":\"https:\/\/vestibulares.estrategia.com\/portal\/atualidades-e-dicas\/7-questoes-sobre-platao-e-o-mito-da-caverna\/#breadcrumb\"},\"inLanguage\":\"pt-BR\",\"potentialAction\":[{\"@type\":\"ReadAction\",\"target\":[\"https:\/\/vestibulares.estrategia.com\/portal\/atualidades-e-dicas\/7-questoes-sobre-platao-e-o-mito-da-caverna\/\"]}]},{\"@type\":\"ImageObject\",\"inLanguage\":\"pt-BR\",\"@id\":\"https:\/\/vestibulares.estrategia.com\/portal\/atualidades-e-dicas\/7-questoes-sobre-platao-e-o-mito-da-caverna\/#primaryimage\",\"url\":\"https:\/\/vestibulares.estrategia.com\/portal\/wp-content\/uploads\/2023\/06\/bronze-g86e63ef2a_1280-1.jpg\",\"contentUrl\":\"https:\/\/vestibulares.estrategia.com\/portal\/wp-content\/uploads\/2023\/06\/bronze-g86e63ef2a_1280-1.jpg\",\"width\":1280,\"height\":850,\"caption\":\"quest\u00f5es-sobre-plat\u00e3o-mito-da-caverna\"},{\"@type\":\"BreadcrumbList\",\"@id\":\"https:\/\/vestibulares.estrategia.com\/portal\/atualidades-e-dicas\/7-questoes-sobre-platao-e-o-mito-da-caverna\/#breadcrumb\",\"itemListElement\":[{\"@type\":\"ListItem\",\"position\":1,\"name\":\"Home\",\"item\":\"https:\/\/vestibulares.estrategia.com\/portal\/\"},{\"@type\":\"ListItem\",\"position\":2,\"name\":\"Atualidades e Dicas\",\"item\":\"https:\/\/vestibulares.estrategia.com\/portal\/atualidades-e-dicas\/\"},{\"@type\":\"ListItem\",\"position\":3,\"name\":\"7 quest\u00f5es sobre Plat\u00e3o e o mito da caverna\"}]},{\"@type\":\"WebSite\",\"@id\":\"https:\/\/vestibulares.estrategia.com\/portal\/#website\",\"url\":\"https:\/\/vestibulares.estrategia.com\/portal\/\",\"name\":\"Estrat\u00e9gia Vestibulares\",\"description\":\"\",\"publisher\":{\"@id\":\"https:\/\/vestibulares.estrategia.com\/portal\/#organization\"},\"potentialAction\":[{\"@type\":\"SearchAction\",\"target\":{\"@type\":\"EntryPoint\",\"urlTemplate\":\"https:\/\/vestibulares.estrategia.com\/portal\/?s={search_term_string}\"},\"query-input\":{\"@type\":\"PropertyValueSpecification\",\"valueRequired\":true,\"valueName\":\"search_term_string\"}}],\"inLanguage\":\"pt-BR\"},{\"@type\":\"Organization\",\"@id\":\"https:\/\/vestibulares.estrategia.com\/portal\/#organization\",\"name\":\"Estrat\u00e9gia Vestibulares\",\"url\":\"https:\/\/vestibulares.estrategia.com\/portal\/\",\"logo\":{\"@type\":\"ImageObject\",\"inLanguage\":\"pt-BR\",\"@id\":\"https:\/\/vestibulares.estrategia.com\/portal\/#\/schema\/logo\/image\/\",\"url\":\"https:\/\/vestibulares.estrategia.com\/portal\/wp-content\/uploads\/2021\/06\/Logo-Vestibulares@4x.png\",\"contentUrl\":\"https:\/\/vestibulares.estrategia.com\/portal\/wp-content\/uploads\/2021\/06\/Logo-Vestibulares@4x.png\",\"width\":250,\"height\":66,\"caption\":\"Estrat\u00e9gia Vestibulares\"},\"image\":{\"@id\":\"https:\/\/vestibulares.estrategia.com\/portal\/#\/schema\/logo\/image\/\"},\"sameAs\":[\"https:\/\/facebook.com\/estrategiavestibulares\",\"https:\/\/x.com\/Estrategiavest\",\"https:\/\/www.instagram.com\/estrategiavestibulares\",\"https:\/\/www.youtube.com\/channel\/UCGWdZy8ULI-7_5GrABa4vNA\"]},{\"@type\":\"Person\",\"@id\":\"https:\/\/vestibulares.estrategia.com\/portal\/#\/schema\/person\/95532619fccae669187ec84703047908\",\"name\":\"Leonardo Del Sant\",\"image\":{\"@type\":\"ImageObject\",\"inLanguage\":\"pt-BR\",\"@id\":\"https:\/\/vestibulares.estrategia.com\/portal\/#\/schema\/person\/image\/\",\"url\":\"https:\/\/vestibulares.estrategia.com\/portal\/wp-content\/uploads\/2026\/02\/1000082484-150x150.jpeg\",\"contentUrl\":\"https:\/\/vestibulares.estrategia.com\/portal\/wp-content\/uploads\/2026\/02\/1000082484-150x150.jpeg\",\"caption\":\"Leonardo Del Sant\"},\"description\":\"Coordenador de Jornalismo do Estrat\u00e9gia Vestibulares. Trabalhou com escrita para SEO em sites das \u00e1reas de economia, varejo, sa\u00fade, tecnologia e alimenta\u00e7\u00e3o. Formado em jornalismo pela Unesp\/Bauru.\",\"url\":\"https:\/\/vestibulares.estrategia.com\/portal\/author\/leonardo-del-sant\/\"}]}<\/script>\n<!-- \/ Yoast SEO Premium plugin. -->","yoast_head_json":{"title":"7 quest\u00f5es sobre Plat\u00e3o e o mito da caverna | Portal do EV","description":"Confira algumas das quest\u00f5es dispon\u00edveis em nosso Banco de Quest\u00f5es sobre Plat\u00e3o e o mito da caverna que j\u00e1 ca\u00edram em vestibulares.","robots":{"index":"index","follow":"follow","max-snippet":"max-snippet:-1","max-image-preview":"max-image-preview:large","max-video-preview":"max-video-preview:-1"},"canonical":"https:\/\/vestibulares.estrategia.com\/portal\/atualidades-e-dicas\/7-questoes-sobre-platao-e-o-mito-da-caverna\/","og_locale":"pt_BR","og_type":"article","og_title":"7 quest\u00f5es sobre Plat\u00e3o e o mito da caverna","og_description":"Confira algumas das quest\u00f5es dispon\u00edveis em nosso Banco de Quest\u00f5es sobre Plat\u00e3o e o mito da caverna que j\u00e1 ca\u00edram em vestibulares.","og_url":"https:\/\/vestibulares.estrategia.com\/portal\/atualidades-e-dicas\/7-questoes-sobre-platao-e-o-mito-da-caverna\/","og_site_name":"Estrat\u00e9gia Vestibulares","article_publisher":"https:\/\/facebook.com\/estrategiavestibulares","article_published_time":"2023-06-09T22:35:33+00:00","article_modified_time":"2024-04-16T20:04:05+00:00","og_image":[{"width":1280,"height":850,"url":"https:\/\/vestibulares.estrategia.com\/portal\/wp-content\/uploads\/2023\/06\/bronze-g86e63ef2a_1280-1.jpg","type":"image\/jpeg"}],"author":"Leonardo Del Sant","twitter_card":"summary_large_image","twitter_creator":"@Estrategiavest","twitter_site":"@Estrategiavest","twitter_misc":{"Escrito por":"Leonardo Del Sant","Est. tempo de leitura":"8 minutos"},"schema":{"@context":"https:\/\/schema.org","@graph":[{"@type":"Article","@id":"https:\/\/vestibulares.estrategia.com\/portal\/atualidades-e-dicas\/7-questoes-sobre-platao-e-o-mito-da-caverna\/#article","isPartOf":{"@id":"https:\/\/vestibulares.estrategia.com\/portal\/atualidades-e-dicas\/7-questoes-sobre-platao-e-o-mito-da-caverna\/"},"author":{"name":"Leonardo Del Sant","@id":"https:\/\/vestibulares.estrategia.com\/portal\/#\/schema\/person\/95532619fccae669187ec84703047908"},"headline":"7 quest\u00f5es sobre Plat\u00e3o e o mito da caverna","datePublished":"2023-06-09T22:35:33+00:00","dateModified":"2024-04-16T20:04:05+00:00","mainEntityOfPage":{"@id":"https:\/\/vestibulares.estrategia.com\/portal\/atualidades-e-dicas\/7-questoes-sobre-platao-e-o-mito-da-caverna\/"},"wordCount":1612,"publisher":{"@id":"https:\/\/vestibulares.estrategia.com\/portal\/#organization"},"image":{"@id":"https:\/\/vestibulares.estrategia.com\/portal\/atualidades-e-dicas\/7-questoes-sobre-platao-e-o-mito-da-caverna\/#primaryimage"},"thumbnailUrl":"https:\/\/vestibulares.estrategia.com\/portal\/wp-content\/uploads\/2023\/06\/bronze-g86e63ef2a_1280-1.jpg","articleSection":["Atualidades e Dicas"],"inLanguage":"pt-BR"},{"@type":"WebPage","@id":"https:\/\/vestibulares.estrategia.com\/portal\/atualidades-e-dicas\/7-questoes-sobre-platao-e-o-mito-da-caverna\/","url":"https:\/\/vestibulares.estrategia.com\/portal\/atualidades-e-dicas\/7-questoes-sobre-platao-e-o-mito-da-caverna\/","name":"7 quest\u00f5es sobre Plat\u00e3o e o mito da caverna | Portal do EV","isPartOf":{"@id":"https:\/\/vestibulares.estrategia.com\/portal\/#website"},"primaryImageOfPage":{"@id":"https:\/\/vestibulares.estrategia.com\/portal\/atualidades-e-dicas\/7-questoes-sobre-platao-e-o-mito-da-caverna\/#primaryimage"},"image":{"@id":"https:\/\/vestibulares.estrategia.com\/portal\/atualidades-e-dicas\/7-questoes-sobre-platao-e-o-mito-da-caverna\/#primaryimage"},"thumbnailUrl":"https:\/\/vestibulares.estrategia.com\/portal\/wp-content\/uploads\/2023\/06\/bronze-g86e63ef2a_1280-1.jpg","datePublished":"2023-06-09T22:35:33+00:00","dateModified":"2024-04-16T20:04:05+00:00","description":"Confira algumas das quest\u00f5es dispon\u00edveis em nosso Banco de Quest\u00f5es sobre Plat\u00e3o e o mito da caverna que j\u00e1 ca\u00edram em vestibulares.","breadcrumb":{"@id":"https:\/\/vestibulares.estrategia.com\/portal\/atualidades-e-dicas\/7-questoes-sobre-platao-e-o-mito-da-caverna\/#breadcrumb"},"inLanguage":"pt-BR","potentialAction":[{"@type":"ReadAction","target":["https:\/\/vestibulares.estrategia.com\/portal\/atualidades-e-dicas\/7-questoes-sobre-platao-e-o-mito-da-caverna\/"]}]},{"@type":"ImageObject","inLanguage":"pt-BR","@id":"https:\/\/vestibulares.estrategia.com\/portal\/atualidades-e-dicas\/7-questoes-sobre-platao-e-o-mito-da-caverna\/#primaryimage","url":"https:\/\/vestibulares.estrategia.com\/portal\/wp-content\/uploads\/2023\/06\/bronze-g86e63ef2a_1280-1.jpg","contentUrl":"https:\/\/vestibulares.estrategia.com\/portal\/wp-content\/uploads\/2023\/06\/bronze-g86e63ef2a_1280-1.jpg","width":1280,"height":850,"caption":"quest\u00f5es-sobre-plat\u00e3o-mito-da-caverna"},{"@type":"BreadcrumbList","@id":"https:\/\/vestibulares.estrategia.com\/portal\/atualidades-e-dicas\/7-questoes-sobre-platao-e-o-mito-da-caverna\/#breadcrumb","itemListElement":[{"@type":"ListItem","position":1,"name":"Home","item":"https:\/\/vestibulares.estrategia.com\/portal\/"},{"@type":"ListItem","position":2,"name":"Atualidades e Dicas","item":"https:\/\/vestibulares.estrategia.com\/portal\/atualidades-e-dicas\/"},{"@type":"ListItem","position":3,"name":"7 quest\u00f5es sobre Plat\u00e3o e o mito da caverna"}]},{"@type":"WebSite","@id":"https:\/\/vestibulares.estrategia.com\/portal\/#website","url":"https:\/\/vestibulares.estrategia.com\/portal\/","name":"Estrat\u00e9gia Vestibulares","description":"","publisher":{"@id":"https:\/\/vestibulares.estrategia.com\/portal\/#organization"},"potentialAction":[{"@type":"SearchAction","target":{"@type":"EntryPoint","urlTemplate":"https:\/\/vestibulares.estrategia.com\/portal\/?s={search_term_string}"},"query-input":{"@type":"PropertyValueSpecification","valueRequired":true,"valueName":"search_term_string"}}],"inLanguage":"pt-BR"},{"@type":"Organization","@id":"https:\/\/vestibulares.estrategia.com\/portal\/#organization","name":"Estrat\u00e9gia Vestibulares","url":"https:\/\/vestibulares.estrategia.com\/portal\/","logo":{"@type":"ImageObject","inLanguage":"pt-BR","@id":"https:\/\/vestibulares.estrategia.com\/portal\/#\/schema\/logo\/image\/","url":"https:\/\/vestibulares.estrategia.com\/portal\/wp-content\/uploads\/2021\/06\/Logo-Vestibulares@4x.png","contentUrl":"https:\/\/vestibulares.estrategia.com\/portal\/wp-content\/uploads\/2021\/06\/Logo-Vestibulares@4x.png","width":250,"height":66,"caption":"Estrat\u00e9gia Vestibulares"},"image":{"@id":"https:\/\/vestibulares.estrategia.com\/portal\/#\/schema\/logo\/image\/"},"sameAs":["https:\/\/facebook.com\/estrategiavestibulares","https:\/\/x.com\/Estrategiavest","https:\/\/www.instagram.com\/estrategiavestibulares","https:\/\/www.youtube.com\/channel\/UCGWdZy8ULI-7_5GrABa4vNA"]},{"@type":"Person","@id":"https:\/\/vestibulares.estrategia.com\/portal\/#\/schema\/person\/95532619fccae669187ec84703047908","name":"Leonardo Del Sant","image":{"@type":"ImageObject","inLanguage":"pt-BR","@id":"https:\/\/vestibulares.estrategia.com\/portal\/#\/schema\/person\/image\/","url":"https:\/\/vestibulares.estrategia.com\/portal\/wp-content\/uploads\/2026\/02\/1000082484-150x150.jpeg","contentUrl":"https:\/\/vestibulares.estrategia.com\/portal\/wp-content\/uploads\/2026\/02\/1000082484-150x150.jpeg","caption":"Leonardo Del Sant"},"description":"Coordenador de Jornalismo do Estrat\u00e9gia Vestibulares. Trabalhou com escrita para SEO em sites das \u00e1reas de economia, varejo, sa\u00fade, tecnologia e alimenta\u00e7\u00e3o. Formado em jornalismo pela Unesp\/Bauru.","url":"https:\/\/vestibulares.estrategia.com\/portal\/author\/leonardo-del-sant\/"}]}},"_wl_alt_label":[],"wl:entity_url":"https:\/\/data.wordlift.io\/wl110249\/post\/7-questoes-sobre-platao-e-o-mito-da-caverna","_links":{"self":[{"href":"https:\/\/vestibulares.estrategia.com\/portal\/wp-json\/wp\/v2\/posts\/92336","targetHints":{"allow":["GET"]}}],"collection":[{"href":"https:\/\/vestibulares.estrategia.com\/portal\/wp-json\/wp\/v2\/posts"}],"about":[{"href":"https:\/\/vestibulares.estrategia.com\/portal\/wp-json\/wp\/v2\/types\/post"}],"author":[{"embeddable":true,"href":"https:\/\/vestibulares.estrategia.com\/portal\/wp-json\/wp\/v2\/users\/43"}],"replies":[{"embeddable":true,"href":"https:\/\/vestibulares.estrategia.com\/portal\/wp-json\/wp\/v2\/comments?post=92336"}],"version-history":[{"count":7,"href":"https:\/\/vestibulares.estrategia.com\/portal\/wp-json\/wp\/v2\/posts\/92336\/revisions"}],"predecessor-version":[{"id":115834,"href":"https:\/\/vestibulares.estrategia.com\/portal\/wp-json\/wp\/v2\/posts\/92336\/revisions\/115834"}],"wp:featuredmedia":[{"embeddable":true,"href":"https:\/\/vestibulares.estrategia.com\/portal\/wp-json\/wp\/v2\/media\/92337"}],"wp:attachment":[{"href":"https:\/\/vestibulares.estrategia.com\/portal\/wp-json\/wp\/v2\/media?parent=92336"}],"wp:term":[{"taxonomy":"category","embeddable":true,"href":"https:\/\/vestibulares.estrategia.com\/portal\/wp-json\/wp\/v2\/categories?post=92336"},{"taxonomy":"post_tag","embeddable":true,"href":"https:\/\/vestibulares.estrategia.com\/portal\/wp-json\/wp\/v2\/tags?post=92336"},{"taxonomy":"wl_entity_type","embeddable":true,"href":"https:\/\/vestibulares.estrategia.com\/portal\/wp-json\/wp\/v2\/wl_entity_type?post=92336"}],"curies":[{"name":"wp","href":"https:\/\/api.w.org\/{rel}","templated":true}]}}