{"id":93733,"date":"2023-06-29T19:14:03","date_gmt":"2023-06-29T22:14:03","guid":{"rendered":"https:\/\/vestibulares.estrategia.com\/portal\/?p=93733"},"modified":"2023-07-24T16:17:44","modified_gmt":"2023-07-24T19:17:44","slug":"unesp-aprova-participacao-no-provao-paulista-novo-vestibular-seriado-do-estado","status":"publish","type":"post","link":"https:\/\/vestibulares.estrategia.com\/portal\/noticias\/unesp-aprova-participacao-no-provao-paulista-novo-vestibular-seriado-do-estado\/","title":{"rendered":"Unesp aprova participa\u00e7\u00e3o no &#8220;Prov\u00e3o Paulista&#8221;, novo vestibular seriado do estado"},"content":{"rendered":"<p>A Universidade Estadual Paulista (<a href=\"https:\/\/vestibulares.estrategia.com\/portal\/enem-e-vestibulares\/vestibulares\/vestibular-unesp\/\">Unesp<\/a>) aprovou nesta quinta-feira (29), por meio de seu Conselho Universit&aacute;rio, o ingresso da institui&ccedil;&atilde;o no Vestibular Paulista Seriado, chamado tamb&eacute;m de Prov&atilde;o Paulista, a partir de 2024.<p>A iniciativa &eacute; nova e a Universidade de S&atilde;o Paulo (<a href=\"https:\/\/vestibulares.estrategia.com\/portal\/enem-e-vestibulares\/vestibulares\/vestibular-fuvest\/\" target=\"_blank\">USP<\/a>)&nbsp;encabe&ccedil;a a ideia, que provavelmente tamb&eacute;m envolver&aacute; a Universidade Estadual de Campinas (<a href=\"https:\/\/vestibulares.estrategia.com\/portal\/enem-e-vestibulares\/vestibulares\/vestibular-unicamp\/\">Unicamp<\/a>). O processo seletivo ser&aacute; destinado a estudantes da rede estadual de Ensino M&eacute;dio de S&atilde;o Paulo, com exames aplicados no 1&ordm;, 2&ordm; e 3&ordm; ano.<\/p><p>Acompanhe o assunto:<br><a href=\"https:\/\/vestibulares.estrategia.com\/portal\/noticias\/usp-unesp-e-unicamp-podem-ter-vestibular-seriado\/\">+ USP, Unesp e Unicamp podem ter vestibular seriado; entenda<\/a><br><a href=\"https:\/\/vestibulares.estrategia.com\/portal\/noticias\/usp-protocola-criacao-de-provao-paulista-como-opcao-de-vestibular-afirma-folha\/\">+ USP protocola cria&ccedil;&atilde;o de &ldquo;Prov&atilde;o Paulista&rdquo; como op&ccedil;&atilde;o de vestibular, afirma Folha<\/a><\/p><p>\n\n\n\n<div id=\"new-form\">\n\t<form id=\"forms_layout\">\n\t<input type=\"hidden\" id=\"chave_de\" name=\"chave_de\" value=\"01_EVEST_LEADS_TOTAIS\" \/>\n\t\t<input type=\"hidden\" id=\"mid\" name=\"mid\" value=\"515008983\" \/>\n\t\t<input type=\"hidden\" id=\"Objetivo\" name=\"Objetivo\" value=\"Vestibulares\" \/>\n\t\t<input type=\"hidden\" id=\"Estado_de_Origem_do_IP\" name=\"Estado_de_Origem_do_IP\"  value=\"\" \/>\n\t\t<input type=\"hidden\" id=\"Cidade_de_Origem_do_IP\" name=\"Cidade_de_Origem_do_IP\" value=\"\" \/>\n\t\t<input type=\"hidden\" id=\"Modo_de_entrada\" name=\"Modo_de_entrada\" value=\"Portal\" \/>\n\t\t<input type=\"hidden\" id=\"Pagina_Origem\" name=\"Pagina_Origem\" value=\"\" \/>\n\n\t\t<div class=\"texto\">\n\t\t\t<h3 class=\"news\">Inscreva-se em nossa newsletter\ud83e\udd89<\/h3>\n\t\t\t<p>Receba dicas de estudo gratuitas e saiba em primeira m\u00e3o as novidades sobre o Enem, Sisu, Encceja, Fuvest e outros vestibulares!<\/p>\n\t\t<\/div>\n\t\t<div class=\"campos\">\n\t\t\t<div class=\"first_name labels\">\n\t\t\t\t<input type=\"text\" class=\"input_labels\" id=\"first_name\" name=\"Nome_Completo\" placeholder=\"Nome\" required \/>\n\t\t\t<\/div>\n\t\t\t<div class=\"email labels\">\n\t\t\t\t<input type=\"email\" class=\"input_labels\" id=\"email\" name=\"Email\" placeholder=\"E-mail\" required \/>\n\t\t\t<\/div>\n\t\t\t<button type=\"submit\" class=\"button_layout\">\n\t\t\t\t<div id=\"lblBotao\">Inscreva-se<\/div>\n\t\t\t\t<span id=\"divSpiner\" class=\"loader\" role=\"status\" style=\"display: none;\"><\/span>\t\n\t\t\t<\/button>\n\t\t<\/div><!-- \/campos -->\n\t\t\n\t\t<label class=\"container_checkbox\">Voc\u00ea concorda com a nossa\n\t\t\t<a class=\"politics_privacy_ahref\" target=\"_blank\" href=\"https:\/\/gratis.estrategiaconcursos.com.br\/politica-de-privacidade\/\">Pol\u00edtica de Privacidade<\/a> e aceita receber informa\u00e7\u00f5es adicionais do Estrat\u00e9gia Educacional.\n\t\t\t<input id=\"checkbox_layout\" type=\"checkbox\" checked=\"checked\" required \/>\n\t\t\t<span class=\"checkbox\"><\/span>\n\t\t<\/label>\n\t\t<div id=\"msg\"><\/div>\n\t\t<div id=\"error\" class=\"error\">\n\t\t<\/div>\n\t<\/form>\n<\/div><!-- \/new-form -->\n\n\n\n<\/p><div id=\"ez-toc-container\" class=\"ez-toc-v2_0_76 counter-hierarchy ez-toc-counter ez-toc-transparent ez-toc-container-direction\">\n<div class=\"ez-toc-title-container\"><p class=\"ez-toc-title\" style=\"cursor:inherit\">Navegue pelo conte\u00fado<\/p>\n<\/div><nav><ul class='ez-toc-list ez-toc-list-level-1 ' ><li class='ez-toc-page-1 ez-toc-heading-level-2'><a class=\"ez-toc-link ez-toc-heading-1\" href=\"https:\/\/vestibulares.estrategia.com\/portal\/noticias\/unesp-aprova-participacao-no-provao-paulista-novo-vestibular-seriado-do-estado\/#Distribuicao-de-vagas\" >Distribui&ccedil;&atilde;o de vagas<\/a><\/li><li class='ez-toc-page-1 ez-toc-heading-level-2'><a class=\"ez-toc-link ez-toc-heading-2\" href=\"https:\/\/vestibulares.estrategia.com\/portal\/noticias\/unesp-aprova-participacao-no-provao-paulista-novo-vestibular-seriado-do-estado\/#Banca-e-aplicacao\" >Banca e aplica&ccedil;&atilde;o<\/a><\/li><li class='ez-toc-page-1 ez-toc-heading-level-2'><a class=\"ez-toc-link ez-toc-heading-3\" href=\"https:\/\/vestibulares.estrategia.com\/portal\/noticias\/unesp-aprova-participacao-no-provao-paulista-novo-vestibular-seriado-do-estado\/#Motivacoes\" >Motiva&ccedil;&otilde;es<\/a><\/li><li class='ez-toc-page-1 ez-toc-heading-level-2'><a class=\"ez-toc-link ez-toc-heading-4\" href=\"https:\/\/vestibulares.estrategia.com\/portal\/noticias\/unesp-aprova-participacao-no-provao-paulista-novo-vestibular-seriado-do-estado\/#Estude-para-o-vestibular-com-o-Estrategia-Vestibulares\" >Estude para o vestibular com o Estrat&eacute;gia Vestibulares<\/a><\/li><\/ul><\/nav><\/div>\n<h2 class=\"wp-block-heading\" id=\"h-distribuicao-de-vagas\"><span class=\"ez-toc-section\" id=\"Distribuicao-de-vagas\"><\/span>Distribui&ccedil;&atilde;o de vagas<span class=\"ez-toc-section-end\"><\/span><\/h2><p>A Unesp possui 3.854 vagas a egressos de escolas p&uacute;blicas e pretende oferecer 980 delas no Vestibular Paulista Seriado em 2024, o que corresponde a 12,76% do total de vagas dos 136 cursos de gradua&ccedil;&atilde;o da institui&ccedil;&atilde;o. Dessas 980 vagas, 343 delas ser&atilde;o destinadas a alunos pretos, pardos e ind&iacute;genas.<\/p><p>A proposta aceita, feita pela C&acirc;mara Central de Gradua&ccedil;&atilde;o da Unesp, indica que cursos menos procurados oferecer&atilde;o proporcionalmente mais vagas no vestibular seriado, variando de 10% a 30% dentre os cursos mais procurados aos menos procurados, respectivamente.<\/p><h2 class=\"wp-block-heading\"><span class=\"ez-toc-section\" id=\"Banca-e-aplicacao\"><\/span>Banca e aplica&ccedil;&atilde;o<span class=\"ez-toc-section-end\"><\/span><\/h2><p>O exame ser&aacute; aplicado pela Vunesp, funda&ccedil;&atilde;o respons&aacute;vel por desenvolver in&uacute;meras provas em todo o Brasil, e a ideia &eacute; que ele seja aplicado sem taxas ou deslocamento dos estudantes, em moldes similares ao que acontece com o Sistema de Avalia&ccedil;&atilde;o de Rendimento Escolar do Estado de S&atilde;o Paulo (Saresp) atualmente. <\/p><p>Al&eacute;m disso, a previs&atilde;o &eacute; que o primeiro ano de aplica&ccedil;&atilde;o da prova conte apenas com alunos do &uacute;ltimo ano do Ensino M&eacute;dio, e a amplia&ccedil;&atilde;o do programa seja gradativa. <\/p><h2 class=\"wp-block-heading\"><span class=\"ez-toc-section\" id=\"Motivacoes\"><\/span>Motiva&ccedil;&otilde;es<span class=\"ez-toc-section-end\"><\/span><\/h2><p>Dentre os motivos que levaram as institui&ccedil;&otilde;es a implementar o vestibular seriado est&atilde;o a tentativa de preencher vagas ociosas na gradua&ccedil;&atilde;o e aproximar a universidade dos estudantes do Ensino M&eacute;dio regular da rede estadual de ensino do estado, j&aacute; que menos de 20% dos 360 mil estudantes que concluem o ensino m&eacute;dio na rede b&aacute;sica paulista tentam acessar o ensino superior p&uacute;blico do estado.<\/p><p>H&aacute; ainda a perspectiva de bolsas de perman&ecirc;ncia, para mitigar a evas&atilde;o e abandono do curso por parte desses alunos, al&eacute;m da cria&ccedil;&atilde;o de um programa de est&iacute;mulo com bolsas para estudantes do &uacute;ltimo ano de licenciaturas, para que eles cumpram est&aacute;gios nas escolas da rede estadual de ensino.<\/p><h2 class=\"wp-block-heading\"><span class=\"ez-toc-section\" id=\"Estude-para-o-vestibular-com-o-Estrategia-Vestibulares\"><\/span>Estude para o vestibular com o Estrat&eacute;gia Vestibulares<span class=\"ez-toc-section-end\"><\/span><\/h2><p>Para te ajudar nos estudos, o Estrat&eacute;gia Vestibulares oferece diariamente aulas gratuitas no YouTube sobre todas as mat&eacute;rias que caem no Enem e em diversos vestibulares<\/p><p>Al&eacute;m disso, para aqueles que querem investir nos estudos, a plataforma tamb&eacute;m oferece um curso preparat&oacute;rio exclusivo sobre o Enem 2023 e mais de 70 vestibulares, com professores especialistas nas provas e diversos benef&iacute;cios. D&aacute; s&oacute; uma olhada:&nbsp;<\/p><ul class=\"wp-block-list\">\n<li>Curso com livros digitais;<\/li>\n\n\n\n<li>Corre&ccedil;&atilde;o ilimitada de reda&ccedil;&otilde;es;<\/li>\n\n\n\n<li>F&oacute;rum de d&uacute;vidas;<\/li>\n\n\n\n<li>Simulados com quest&otilde;es in&eacute;ditas;<\/li>\n\n\n\n<li>Quest&otilde;es comentadas;<\/li>\n\n\n\n<li>Mapas mentais; e<\/li>\n\n\n\n<li>Entre muitas outras vantagens.<\/li>\n<\/ul><p>Ficou interessado? Ent&atilde;o, clique no bot&atilde;o abaixo e veja tudo sobre os cursos oferecidos pelo Estrat&eacute;gia Vestibulares!<\/p><p>\n\n\n\n<a id=\"cta\" class=\"cta-imagem\" href=\"https:\/\/vestibulares.estrategia.com\/cursos\/\" target=\"blank\">\n                <img decoding=\"async\" width=\"100%\" src=\"https:\/\/vestibulares.estrategia.com\/portal\/wp-content\/uploads\/2021\/12\/EV2.jpg\" alt=\"CTA - Estrat\u00e9gia Vestibulares 2\" title=\"CTA - Estrat\u00e9gia Vestibulares 2\">\n        <\/a>\n\n\n\n\n<\/p><\/p>\n","protected":false},"excerpt":{"rendered":"Iniciativa re\u00fane tamb\u00e9m USP e, provavelmente Unicamp, na cria\u00e7\u00e3o de um novo vestibular no estado de S\u00e3o Paulo\n","protected":false},"author":43,"featured_media":92382,"comment_status":"closed","ping_status":"closed","sticky":false,"template":"","format":"standard","meta":{"wl_entities_gutenberg":"","footnotes":""},"categories":[47],"tags":[],"wl_entity_type":[732],"class_list":{"0":"post-93733","1":"post","2":"type-post","3":"status-publish","4":"format-standard","5":"has-post-thumbnail","7":"category-noticias","8":"wl_entity_type-article"},"acf":[],"yoast_head":"<!-- This site is optimized with the Yoast SEO Premium plugin v25.9 (Yoast SEO v25.9) - https:\/\/yoast.com\/wordpress\/plugins\/seo\/ -->\n<title>Unesp aprova participa\u00e7\u00e3o no novo vestibular seriado do estado<\/title>\n<meta name=\"description\" content=\"Unesp aprova participa\u00e7\u00e3o no &quot;Prov\u00e3o Paulista&quot;, iniciativa que re\u00fane tamb\u00e9m USP e provavelmente Unicamp, na cria\u00e7\u00e3o de um novo vestibular.\" \/>\n<meta name=\"robots\" content=\"index, follow, max-snippet:-1, max-image-preview:large, max-video-preview:-1\" \/>\n<link rel=\"canonical\" href=\"https:\/\/vestibulares.estrategia.com\/portal\/noticias\/unesp-aprova-participacao-no-provao-paulista-novo-vestibular-seriado-do-estado\/\" \/>\n<meta property=\"og:locale\" content=\"pt_BR\" \/>\n<meta property=\"og:type\" content=\"article\" \/>\n<meta property=\"og:title\" content=\"Unesp aprova participa\u00e7\u00e3o no &quot;Prov\u00e3o Paulista&quot;, novo vestibular seriado do estado\" \/>\n<meta property=\"og:description\" content=\"Unesp aprova participa\u00e7\u00e3o no &quot;Prov\u00e3o Paulista&quot;, iniciativa que re\u00fane tamb\u00e9m USP e provavelmente Unicamp, na cria\u00e7\u00e3o de um novo vestibular.\" \/>\n<meta property=\"og:url\" content=\"https:\/\/vestibulares.estrategia.com\/portal\/noticias\/unesp-aprova-participacao-no-provao-paulista-novo-vestibular-seriado-do-estado\/\" \/>\n<meta property=\"og:site_name\" content=\"Estrat\u00e9gia Vestibulares\" \/>\n<meta property=\"article:publisher\" content=\"https:\/\/facebook.com\/estrategiavestibulares\" \/>\n<meta property=\"article:published_time\" content=\"2023-06-29T22:14:03+00:00\" \/>\n<meta property=\"article:modified_time\" content=\"2023-07-24T19:17:44+00:00\" \/>\n<meta property=\"og:image\" content=\"https:\/\/cdn.blog.estrategiavestibulares.com.br\/vestibulares\/wp-content\/uploads\/2023\/06\/vestibular-unesp-ev.jpg\" \/>\n\t<meta property=\"og:image:width\" content=\"1280\" \/>\n\t<meta property=\"og:image:height\" content=\"720\" \/>\n\t<meta property=\"og:image:type\" content=\"image\/jpeg\" \/>\n<meta name=\"author\" content=\"Leonardo Del Sant\" \/>\n<meta name=\"twitter:card\" content=\"summary_large_image\" \/>\n<meta name=\"twitter:creator\" content=\"@Estrategiavest\" \/>\n<meta name=\"twitter:site\" content=\"@Estrategiavest\" \/>\n<meta name=\"twitter:label1\" content=\"Escrito por\" \/>\n\t<meta name=\"twitter:data1\" content=\"Leonardo Del Sant\" \/>\n\t<meta name=\"twitter:label2\" content=\"Est. tempo de leitura\" \/>\n\t<meta name=\"twitter:data2\" content=\"3 minutos\" \/>\n<script type=\"application\/ld+json\" class=\"yoast-schema-graph\">{\"@context\":\"https:\/\/schema.org\",\"@graph\":[{\"@type\":\"NewsArticle\",\"@id\":\"https:\/\/vestibulares.estrategia.com\/portal\/noticias\/unesp-aprova-participacao-no-provao-paulista-novo-vestibular-seriado-do-estado\/#article\",\"isPartOf\":{\"@id\":\"https:\/\/vestibulares.estrategia.com\/portal\/noticias\/unesp-aprova-participacao-no-provao-paulista-novo-vestibular-seriado-do-estado\/\"},\"author\":{\"name\":\"Leonardo Del Sant\",\"@id\":\"https:\/\/vestibulares.estrategia.com\/portal\/#\/schema\/person\/95532619fccae669187ec84703047908\"},\"headline\":\"Unesp aprova participa\u00e7\u00e3o no &#8220;Prov\u00e3o Paulista&#8221;, novo vestibular seriado do estado\",\"datePublished\":\"2023-06-29T22:14:03+00:00\",\"dateModified\":\"2023-07-24T19:17:44+00:00\",\"mainEntityOfPage\":{\"@id\":\"https:\/\/vestibulares.estrategia.com\/portal\/noticias\/unesp-aprova-participacao-no-provao-paulista-novo-vestibular-seriado-do-estado\/\"},\"wordCount\":565,\"publisher\":{\"@id\":\"https:\/\/vestibulares.estrategia.com\/portal\/#organization\"},\"image\":{\"@id\":\"https:\/\/vestibulares.estrategia.com\/portal\/noticias\/unesp-aprova-participacao-no-provao-paulista-novo-vestibular-seriado-do-estado\/#primaryimage\"},\"thumbnailUrl\":\"https:\/\/vestibulares.estrategia.com\/portal\/wp-content\/uploads\/2023\/06\/vestibular-unesp-ev.jpg\",\"articleSection\":[\"Not\u00edcias\"],\"inLanguage\":\"pt-BR\"},{\"@type\":\"WebPage\",\"@id\":\"https:\/\/vestibulares.estrategia.com\/portal\/noticias\/unesp-aprova-participacao-no-provao-paulista-novo-vestibular-seriado-do-estado\/\",\"url\":\"https:\/\/vestibulares.estrategia.com\/portal\/noticias\/unesp-aprova-participacao-no-provao-paulista-novo-vestibular-seriado-do-estado\/\",\"name\":\"Unesp aprova participa\u00e7\u00e3o no novo vestibular seriado do estado\",\"isPartOf\":{\"@id\":\"https:\/\/vestibulares.estrategia.com\/portal\/#website\"},\"primaryImageOfPage\":{\"@id\":\"https:\/\/vestibulares.estrategia.com\/portal\/noticias\/unesp-aprova-participacao-no-provao-paulista-novo-vestibular-seriado-do-estado\/#primaryimage\"},\"image\":{\"@id\":\"https:\/\/vestibulares.estrategia.com\/portal\/noticias\/unesp-aprova-participacao-no-provao-paulista-novo-vestibular-seriado-do-estado\/#primaryimage\"},\"thumbnailUrl\":\"https:\/\/vestibulares.estrategia.com\/portal\/wp-content\/uploads\/2023\/06\/vestibular-unesp-ev.jpg\",\"datePublished\":\"2023-06-29T22:14:03+00:00\",\"dateModified\":\"2023-07-24T19:17:44+00:00\",\"description\":\"Unesp aprova participa\u00e7\u00e3o no \\\"Prov\u00e3o Paulista\\\", iniciativa que re\u00fane tamb\u00e9m USP e provavelmente Unicamp, na cria\u00e7\u00e3o de um novo vestibular.\",\"breadcrumb\":{\"@id\":\"https:\/\/vestibulares.estrategia.com\/portal\/noticias\/unesp-aprova-participacao-no-provao-paulista-novo-vestibular-seriado-do-estado\/#breadcrumb\"},\"inLanguage\":\"pt-BR\",\"potentialAction\":[{\"@type\":\"ReadAction\",\"target\":[\"https:\/\/vestibulares.estrategia.com\/portal\/noticias\/unesp-aprova-participacao-no-provao-paulista-novo-vestibular-seriado-do-estado\/\"]}]},{\"@type\":\"ImageObject\",\"inLanguage\":\"pt-BR\",\"@id\":\"https:\/\/vestibulares.estrategia.com\/portal\/noticias\/unesp-aprova-participacao-no-provao-paulista-novo-vestibular-seriado-do-estado\/#primaryimage\",\"url\":\"https:\/\/vestibulares.estrategia.com\/portal\/wp-content\/uploads\/2023\/06\/vestibular-unesp-ev.jpg\",\"contentUrl\":\"https:\/\/vestibulares.estrategia.com\/portal\/wp-content\/uploads\/2023\/06\/vestibular-unesp-ev.jpg\",\"width\":1280,\"height\":720},{\"@type\":\"BreadcrumbList\",\"@id\":\"https:\/\/vestibulares.estrategia.com\/portal\/noticias\/unesp-aprova-participacao-no-provao-paulista-novo-vestibular-seriado-do-estado\/#breadcrumb\",\"itemListElement\":[{\"@type\":\"ListItem\",\"position\":1,\"name\":\"Home\",\"item\":\"https:\/\/vestibulares.estrategia.com\/portal\/\"},{\"@type\":\"ListItem\",\"position\":2,\"name\":\"Not\u00edcias\",\"item\":\"https:\/\/vestibulares.estrategia.com\/portal\/noticias\/\"},{\"@type\":\"ListItem\",\"position\":3,\"name\":\"Unesp aprova participa\u00e7\u00e3o no &#8220;Prov\u00e3o Paulista&#8221;, novo vestibular seriado do estado\"}]},{\"@type\":\"WebSite\",\"@id\":\"https:\/\/vestibulares.estrategia.com\/portal\/#website\",\"url\":\"https:\/\/vestibulares.estrategia.com\/portal\/\",\"name\":\"Estrat\u00e9gia Vestibulares\",\"description\":\"\",\"publisher\":{\"@id\":\"https:\/\/vestibulares.estrategia.com\/portal\/#organization\"},\"potentialAction\":[{\"@type\":\"SearchAction\",\"target\":{\"@type\":\"EntryPoint\",\"urlTemplate\":\"https:\/\/vestibulares.estrategia.com\/portal\/?s={search_term_string}\"},\"query-input\":{\"@type\":\"PropertyValueSpecification\",\"valueRequired\":true,\"valueName\":\"search_term_string\"}}],\"inLanguage\":\"pt-BR\"},{\"@type\":\"Organization\",\"@id\":\"https:\/\/vestibulares.estrategia.com\/portal\/#organization\",\"name\":\"Estrat\u00e9gia Vestibulares\",\"url\":\"https:\/\/vestibulares.estrategia.com\/portal\/\",\"logo\":{\"@type\":\"ImageObject\",\"inLanguage\":\"pt-BR\",\"@id\":\"https:\/\/vestibulares.estrategia.com\/portal\/#\/schema\/logo\/image\/\",\"url\":\"https:\/\/vestibulares.estrategia.com\/portal\/wp-content\/uploads\/2021\/06\/Logo-Vestibulares@4x.png\",\"contentUrl\":\"https:\/\/vestibulares.estrategia.com\/portal\/wp-content\/uploads\/2021\/06\/Logo-Vestibulares@4x.png\",\"width\":250,\"height\":66,\"caption\":\"Estrat\u00e9gia Vestibulares\"},\"image\":{\"@id\":\"https:\/\/vestibulares.estrategia.com\/portal\/#\/schema\/logo\/image\/\"},\"sameAs\":[\"https:\/\/facebook.com\/estrategiavestibulares\",\"https:\/\/x.com\/Estrategiavest\",\"https:\/\/www.instagram.com\/estrategiavestibulares\",\"https:\/\/www.youtube.com\/channel\/UCGWdZy8ULI-7_5GrABa4vNA\"]},{\"@type\":\"Person\",\"@id\":\"https:\/\/vestibulares.estrategia.com\/portal\/#\/schema\/person\/95532619fccae669187ec84703047908\",\"name\":\"Leonardo Del Sant\",\"image\":{\"@type\":\"ImageObject\",\"inLanguage\":\"pt-BR\",\"@id\":\"https:\/\/vestibulares.estrategia.com\/portal\/#\/schema\/person\/image\/\",\"url\":\"https:\/\/vestibulares.estrategia.com\/portal\/wp-content\/uploads\/2026\/02\/1000082484-150x150.jpeg\",\"contentUrl\":\"https:\/\/vestibulares.estrategia.com\/portal\/wp-content\/uploads\/2026\/02\/1000082484-150x150.jpeg\",\"caption\":\"Leonardo Del Sant\"},\"description\":\"Coordenador de Jornalismo do Estrat\u00e9gia Vestibulares. Trabalhou com escrita para SEO em sites das \u00e1reas de economia, varejo, sa\u00fade, tecnologia e alimenta\u00e7\u00e3o. Formado em jornalismo pela Unesp\/Bauru.\",\"url\":\"https:\/\/vestibulares.estrategia.com\/portal\/author\/leonardo-del-sant\/\"}]}<\/script>\n<!-- \/ Yoast SEO Premium plugin. -->","yoast_head_json":{"title":"Unesp aprova participa\u00e7\u00e3o no novo vestibular seriado do estado","description":"Unesp aprova participa\u00e7\u00e3o no \"Prov\u00e3o Paulista\", iniciativa que re\u00fane tamb\u00e9m USP e provavelmente Unicamp, na cria\u00e7\u00e3o de um novo vestibular.","robots":{"index":"index","follow":"follow","max-snippet":"max-snippet:-1","max-image-preview":"max-image-preview:large","max-video-preview":"max-video-preview:-1"},"canonical":"https:\/\/vestibulares.estrategia.com\/portal\/noticias\/unesp-aprova-participacao-no-provao-paulista-novo-vestibular-seriado-do-estado\/","og_locale":"pt_BR","og_type":"article","og_title":"Unesp aprova participa\u00e7\u00e3o no \"Prov\u00e3o Paulista\", novo vestibular seriado do estado","og_description":"Unesp aprova participa\u00e7\u00e3o no \"Prov\u00e3o Paulista\", iniciativa que re\u00fane tamb\u00e9m USP e provavelmente Unicamp, na cria\u00e7\u00e3o de um novo vestibular.","og_url":"https:\/\/vestibulares.estrategia.com\/portal\/noticias\/unesp-aprova-participacao-no-provao-paulista-novo-vestibular-seriado-do-estado\/","og_site_name":"Estrat\u00e9gia Vestibulares","article_publisher":"https:\/\/facebook.com\/estrategiavestibulares","article_published_time":"2023-06-29T22:14:03+00:00","article_modified_time":"2023-07-24T19:17:44+00:00","og_image":[{"width":1280,"height":720,"url":"https:\/\/cdn.blog.estrategiavestibulares.com.br\/vestibulares\/wp-content\/uploads\/2023\/06\/vestibular-unesp-ev.jpg","type":"image\/jpeg"}],"author":"Leonardo Del Sant","twitter_card":"summary_large_image","twitter_creator":"@Estrategiavest","twitter_site":"@Estrategiavest","twitter_misc":{"Escrito por":"Leonardo Del Sant","Est. tempo de leitura":"3 minutos"},"schema":{"@context":"https:\/\/schema.org","@graph":[{"@type":"NewsArticle","@id":"https:\/\/vestibulares.estrategia.com\/portal\/noticias\/unesp-aprova-participacao-no-provao-paulista-novo-vestibular-seriado-do-estado\/#article","isPartOf":{"@id":"https:\/\/vestibulares.estrategia.com\/portal\/noticias\/unesp-aprova-participacao-no-provao-paulista-novo-vestibular-seriado-do-estado\/"},"author":{"name":"Leonardo Del Sant","@id":"https:\/\/vestibulares.estrategia.com\/portal\/#\/schema\/person\/95532619fccae669187ec84703047908"},"headline":"Unesp aprova participa\u00e7\u00e3o no &#8220;Prov\u00e3o Paulista&#8221;, novo vestibular seriado do estado","datePublished":"2023-06-29T22:14:03+00:00","dateModified":"2023-07-24T19:17:44+00:00","mainEntityOfPage":{"@id":"https:\/\/vestibulares.estrategia.com\/portal\/noticias\/unesp-aprova-participacao-no-provao-paulista-novo-vestibular-seriado-do-estado\/"},"wordCount":565,"publisher":{"@id":"https:\/\/vestibulares.estrategia.com\/portal\/#organization"},"image":{"@id":"https:\/\/vestibulares.estrategia.com\/portal\/noticias\/unesp-aprova-participacao-no-provao-paulista-novo-vestibular-seriado-do-estado\/#primaryimage"},"thumbnailUrl":"https:\/\/vestibulares.estrategia.com\/portal\/wp-content\/uploads\/2023\/06\/vestibular-unesp-ev.jpg","articleSection":["Not\u00edcias"],"inLanguage":"pt-BR"},{"@type":"WebPage","@id":"https:\/\/vestibulares.estrategia.com\/portal\/noticias\/unesp-aprova-participacao-no-provao-paulista-novo-vestibular-seriado-do-estado\/","url":"https:\/\/vestibulares.estrategia.com\/portal\/noticias\/unesp-aprova-participacao-no-provao-paulista-novo-vestibular-seriado-do-estado\/","name":"Unesp aprova participa\u00e7\u00e3o no novo vestibular seriado do estado","isPartOf":{"@id":"https:\/\/vestibulares.estrategia.com\/portal\/#website"},"primaryImageOfPage":{"@id":"https:\/\/vestibulares.estrategia.com\/portal\/noticias\/unesp-aprova-participacao-no-provao-paulista-novo-vestibular-seriado-do-estado\/#primaryimage"},"image":{"@id":"https:\/\/vestibulares.estrategia.com\/portal\/noticias\/unesp-aprova-participacao-no-provao-paulista-novo-vestibular-seriado-do-estado\/#primaryimage"},"thumbnailUrl":"https:\/\/vestibulares.estrategia.com\/portal\/wp-content\/uploads\/2023\/06\/vestibular-unesp-ev.jpg","datePublished":"2023-06-29T22:14:03+00:00","dateModified":"2023-07-24T19:17:44+00:00","description":"Unesp aprova participa\u00e7\u00e3o no \"Prov\u00e3o Paulista\", iniciativa que re\u00fane tamb\u00e9m USP e provavelmente Unicamp, na cria\u00e7\u00e3o de um novo vestibular.","breadcrumb":{"@id":"https:\/\/vestibulares.estrategia.com\/portal\/noticias\/unesp-aprova-participacao-no-provao-paulista-novo-vestibular-seriado-do-estado\/#breadcrumb"},"inLanguage":"pt-BR","potentialAction":[{"@type":"ReadAction","target":["https:\/\/vestibulares.estrategia.com\/portal\/noticias\/unesp-aprova-participacao-no-provao-paulista-novo-vestibular-seriado-do-estado\/"]}]},{"@type":"ImageObject","inLanguage":"pt-BR","@id":"https:\/\/vestibulares.estrategia.com\/portal\/noticias\/unesp-aprova-participacao-no-provao-paulista-novo-vestibular-seriado-do-estado\/#primaryimage","url":"https:\/\/vestibulares.estrategia.com\/portal\/wp-content\/uploads\/2023\/06\/vestibular-unesp-ev.jpg","contentUrl":"https:\/\/vestibulares.estrategia.com\/portal\/wp-content\/uploads\/2023\/06\/vestibular-unesp-ev.jpg","width":1280,"height":720},{"@type":"BreadcrumbList","@id":"https:\/\/vestibulares.estrategia.com\/portal\/noticias\/unesp-aprova-participacao-no-provao-paulista-novo-vestibular-seriado-do-estado\/#breadcrumb","itemListElement":[{"@type":"ListItem","position":1,"name":"Home","item":"https:\/\/vestibulares.estrategia.com\/portal\/"},{"@type":"ListItem","position":2,"name":"Not\u00edcias","item":"https:\/\/vestibulares.estrategia.com\/portal\/noticias\/"},{"@type":"ListItem","position":3,"name":"Unesp aprova participa\u00e7\u00e3o no &#8220;Prov\u00e3o Paulista&#8221;, novo vestibular seriado do estado"}]},{"@type":"WebSite","@id":"https:\/\/vestibulares.estrategia.com\/portal\/#website","url":"https:\/\/vestibulares.estrategia.com\/portal\/","name":"Estrat\u00e9gia Vestibulares","description":"","publisher":{"@id":"https:\/\/vestibulares.estrategia.com\/portal\/#organization"},"potentialAction":[{"@type":"SearchAction","target":{"@type":"EntryPoint","urlTemplate":"https:\/\/vestibulares.estrategia.com\/portal\/?s={search_term_string}"},"query-input":{"@type":"PropertyValueSpecification","valueRequired":true,"valueName":"search_term_string"}}],"inLanguage":"pt-BR"},{"@type":"Organization","@id":"https:\/\/vestibulares.estrategia.com\/portal\/#organization","name":"Estrat\u00e9gia Vestibulares","url":"https:\/\/vestibulares.estrategia.com\/portal\/","logo":{"@type":"ImageObject","inLanguage":"pt-BR","@id":"https:\/\/vestibulares.estrategia.com\/portal\/#\/schema\/logo\/image\/","url":"https:\/\/vestibulares.estrategia.com\/portal\/wp-content\/uploads\/2021\/06\/Logo-Vestibulares@4x.png","contentUrl":"https:\/\/vestibulares.estrategia.com\/portal\/wp-content\/uploads\/2021\/06\/Logo-Vestibulares@4x.png","width":250,"height":66,"caption":"Estrat\u00e9gia Vestibulares"},"image":{"@id":"https:\/\/vestibulares.estrategia.com\/portal\/#\/schema\/logo\/image\/"},"sameAs":["https:\/\/facebook.com\/estrategiavestibulares","https:\/\/x.com\/Estrategiavest","https:\/\/www.instagram.com\/estrategiavestibulares","https:\/\/www.youtube.com\/channel\/UCGWdZy8ULI-7_5GrABa4vNA"]},{"@type":"Person","@id":"https:\/\/vestibulares.estrategia.com\/portal\/#\/schema\/person\/95532619fccae669187ec84703047908","name":"Leonardo Del Sant","image":{"@type":"ImageObject","inLanguage":"pt-BR","@id":"https:\/\/vestibulares.estrategia.com\/portal\/#\/schema\/person\/image\/","url":"https:\/\/vestibulares.estrategia.com\/portal\/wp-content\/uploads\/2026\/02\/1000082484-150x150.jpeg","contentUrl":"https:\/\/vestibulares.estrategia.com\/portal\/wp-content\/uploads\/2026\/02\/1000082484-150x150.jpeg","caption":"Leonardo Del Sant"},"description":"Coordenador de Jornalismo do Estrat\u00e9gia Vestibulares. Trabalhou com escrita para SEO em sites das \u00e1reas de economia, varejo, sa\u00fade, tecnologia e alimenta\u00e7\u00e3o. Formado em jornalismo pela Unesp\/Bauru.","url":"https:\/\/vestibulares.estrategia.com\/portal\/author\/leonardo-del-sant\/"}]}},"_wl_alt_label":[],"wl:entity_url":"https:\/\/data.wordlift.io\/wl110249\/post\/unesp-aprova-participacao-no-provao-paulista-novo-vestibular-seriado-do-estado","_links":{"self":[{"href":"https:\/\/vestibulares.estrategia.com\/portal\/wp-json\/wp\/v2\/posts\/93733","targetHints":{"allow":["GET"]}}],"collection":[{"href":"https:\/\/vestibulares.estrategia.com\/portal\/wp-json\/wp\/v2\/posts"}],"about":[{"href":"https:\/\/vestibulares.estrategia.com\/portal\/wp-json\/wp\/v2\/types\/post"}],"author":[{"embeddable":true,"href":"https:\/\/vestibulares.estrategia.com\/portal\/wp-json\/wp\/v2\/users\/43"}],"replies":[{"embeddable":true,"href":"https:\/\/vestibulares.estrategia.com\/portal\/wp-json\/wp\/v2\/comments?post=93733"}],"version-history":[{"count":3,"href":"https:\/\/vestibulares.estrategia.com\/portal\/wp-json\/wp\/v2\/posts\/93733\/revisions"}],"predecessor-version":[{"id":95773,"href":"https:\/\/vestibulares.estrategia.com\/portal\/wp-json\/wp\/v2\/posts\/93733\/revisions\/95773"}],"wp:featuredmedia":[{"embeddable":true,"href":"https:\/\/vestibulares.estrategia.com\/portal\/wp-json\/wp\/v2\/media\/92382"}],"wp:attachment":[{"href":"https:\/\/vestibulares.estrategia.com\/portal\/wp-json\/wp\/v2\/media?parent=93733"}],"wp:term":[{"taxonomy":"category","embeddable":true,"href":"https:\/\/vestibulares.estrategia.com\/portal\/wp-json\/wp\/v2\/categories?post=93733"},{"taxonomy":"post_tag","embeddable":true,"href":"https:\/\/vestibulares.estrategia.com\/portal\/wp-json\/wp\/v2\/tags?post=93733"},{"taxonomy":"wl_entity_type","embeddable":true,"href":"https:\/\/vestibulares.estrategia.com\/portal\/wp-json\/wp\/v2\/wl_entity_type?post=93733"}],"curies":[{"name":"wp","href":"https:\/\/api.w.org\/{rel}","templated":true}]}}