{"id":94389,"date":"2023-07-06T15:13:43","date_gmt":"2023-07-06T18:13:43","guid":{"rendered":"https:\/\/vestibulares.estrategia.com\/portal\/?p=94389"},"modified":"2025-11-07T19:51:08","modified_gmt":"2025-11-07T22:51:08","slug":"frases-de-ze-celso","status":"publish","type":"post","link":"https:\/\/vestibulares.estrategia.com\/portal\/materias\/redacao\/frases-de-ze-celso\/","title":{"rendered":"9 frases de Z\u00e9 Celso que podem ser usadas na reda\u00e7\u00e3o"},"content":{"rendered":"<p>Faleceu nesta quinta-feira (06), aos 86 anos, o dramaturgo, diretor e ator Jos&eacute; Celso Martinez Corr&ecirc;a. Z&eacute; Celso, como era conhecido, estava internado desde a &uacute;ltima ter&ccedil;a-feira na unidade de Terapia Intensiva (UTI) do Hospital das Cl&iacute;nicas de S&atilde;o Paulo, ap&oacute;s um inc&ecirc;ndio em seu apartamento.<p>Nascido em 1937, na cidade de Araraquara, no interior de S&atilde;o Paulo, Z&eacute; Celso foi para a capital paulista estudar Direito na Universidade de S&atilde;o Paulo (<a href=\"https:\/\/vestibulares.estrategia.com\/portal\/vestibulares\/vestibular-fuvest\/\" target=\"_blank\">USP<\/a>). Apesar de n&atilde;o ter conclu&iacute;do o curso, foi durante os estudos que ele fundou o Grupo de Teatro Amador Oficina, no final dos anos 1950, e come&ccedil;ou sua carreira art&iacute;stica.<\/p><p>Mais tarde, em 1961, sua companhia de teatro se profissionalizou e ganhou uma sede no centro de S&atilde;o Paulo, o Teatro Oficina Uzyna Uzona, que em 1982 foi tombado como <strong>patrim&ocirc;nio hist&oacute;rico e art&iacute;stico nacional<\/strong>.<\/p><p>Na d&eacute;cada de 1970, o regime militar que comandou o Brasil entre os anos 1964 e 1985, passou a perseguir os membros do Teatro Oficina. Z&eacute; Celso foi preso e torturado, e ap&oacute;s conseguir liberdade, exilou-se em Portugal, de onde s&oacute; voltaria quatro anos mais tarde<\/p><p>Para homenagear a vida e a obra de um dos nomes mais importantes do Teatro nacional, reunimos frases de sua autoria com reflex&otilde;es e apontamentos e que podem ser usados como repert&oacute;rio sociocultural na reda&ccedil;&atilde;o. Confira:<\/p><p>\n\n\n\n<div id=\"new-form\">\n\t<form id=\"forms_layout\">\n\t<input type=\"hidden\" id=\"chave_de\" name=\"chave_de\" value=\"01_EVEST_LEADS_TOTAIS\" \/>\n\t\t<input type=\"hidden\" id=\"mid\" name=\"mid\" value=\"515008983\" \/>\n\t\t<input type=\"hidden\" id=\"Objetivo\" name=\"Objetivo\" value=\"Vestibulares\" \/>\n\t\t<input type=\"hidden\" id=\"Estado_de_Origem_do_IP\" name=\"Estado_de_Origem_do_IP\"  value=\"\" \/>\n\t\t<input type=\"hidden\" id=\"Cidade_de_Origem_do_IP\" name=\"Cidade_de_Origem_do_IP\" value=\"\" \/>\n\t\t<input type=\"hidden\" id=\"Modo_de_entrada\" name=\"Modo_de_entrada\" value=\"Portal\" \/>\n\t\t<input type=\"hidden\" id=\"Pagina_Origem\" name=\"Pagina_Origem\" value=\"\" \/>\n\n\t\t<div class=\"texto\">\n\t\t\t<h3 class=\"news\">Inscreva-se em nossa newsletter\ud83e\udd89<\/h3>\n\t\t\t<p>Receba dicas de estudo gratuitas e saiba em primeira m\u00e3o as novidades sobre o Enem, Sisu, Encceja, Fuvest e outros vestibulares!<\/p>\n\t\t<\/div>\n\t\t<div class=\"campos\">\n\t\t\t<div class=\"first_name labels\">\n\t\t\t\t<input type=\"text\" class=\"input_labels\" id=\"first_name\" name=\"Nome_Completo\" placeholder=\"Nome\" required \/>\n\t\t\t<\/div>\n\t\t\t<div class=\"email labels\">\n\t\t\t\t<input type=\"email\" class=\"input_labels\" id=\"email\" name=\"Email\" placeholder=\"E-mail\" required \/>\n\t\t\t<\/div>\n\t\t\t<button type=\"submit\" class=\"button_layout\">\n\t\t\t\t<div id=\"lblBotao\">Inscreva-se<\/div>\n\t\t\t\t<span id=\"divSpiner\" class=\"loader\" role=\"status\" style=\"display: none;\"><\/span>\t\n\t\t\t<\/button>\n\t\t<\/div><!-- \/campos -->\n\t\t\n\t\t<label class=\"container_checkbox\">Voc\u00ea concorda com a nossa\n\t\t\t<a class=\"politics_privacy_ahref\" target=\"_blank\" href=\"https:\/\/gratis.estrategiaconcursos.com.br\/politica-de-privacidade\/\">Pol\u00edtica de Privacidade<\/a> e aceita receber informa\u00e7\u00f5es adicionais do Estrat\u00e9gia Educacional.\n\t\t\t<input id=\"checkbox_layout\" type=\"checkbox\" checked=\"checked\" required \/>\n\t\t\t<span class=\"checkbox\"><\/span>\n\t\t<\/label>\n\t\t<div id=\"msg\"><\/div>\n\t\t<div id=\"error\" class=\"error\">\n\t\t<\/div>\n\t<\/form>\n<\/div><!-- \/new-form -->\n\n\n\n<\/p><div id=\"ez-toc-container\" class=\"ez-toc-v2_0_76 counter-hierarchy ez-toc-counter ez-toc-transparent ez-toc-container-direction\">\n<div class=\"ez-toc-title-container\"><p class=\"ez-toc-title\" style=\"cursor:inherit\">Navegue pelo conte\u00fado<\/p>\n<\/div><nav><ul class='ez-toc-list ez-toc-list-level-1 ' ><li class='ez-toc-page-1 ez-toc-heading-level-2'><a class=\"ez-toc-link ez-toc-heading-1\" href=\"https:\/\/vestibulares.estrategia.com\/portal\/materias\/redacao\/frases-de-ze-celso\/#1-%E2%80%9C-O-teatro-e-uma-forma-de-culto-ao-corpo%E2%80%9D\" >1- &ldquo; O teatro &eacute; uma forma de culto ao corpo.&rdquo;<\/a><\/li><li class='ez-toc-page-1 ez-toc-heading-level-2'><a class=\"ez-toc-link ez-toc-heading-2\" href=\"https:\/\/vestibulares.estrategia.com\/portal\/materias\/redacao\/frases-de-ze-celso\/#2-%E2%80%9CA-velhice-e-uma-coisa-maravilhosa-do-ponto-de-vista-da-percepcao%E2%80%9D\" >2- &ldquo;A velhice &eacute; uma coisa maravilhosa do ponto de vista da percep&ccedil;&atilde;o.&rdquo;<\/a><\/li><li class='ez-toc-page-1 ez-toc-heading-level-2'><a class=\"ez-toc-link ez-toc-heading-3\" href=\"https:\/\/vestibulares.estrategia.com\/portal\/materias\/redacao\/frases-de-ze-celso\/#3-%E2%80%9CE-engracado-que-minha-geracao-foi-chamada-de-contracultura-Mas-quem-e-%E2%80%98contra-a-cultura-sao-eles-Eles-tem-medo-da-liberdade-da-arte-e-da-criacao%E2%80%9D\" >3- &ldquo;&Eacute; engra&ccedil;ado que minha gera&ccedil;&atilde;o foi chamada de contracultura. Mas quem &eacute; &lsquo;contra-a-cultura&rsquo; s&atilde;o eles. Eles t&ecirc;m medo da liberdade, da arte e da cria&ccedil;&atilde;o.&rdquo;&nbsp;<\/a><\/li><li class='ez-toc-page-1 ez-toc-heading-level-2'><a class=\"ez-toc-link ez-toc-heading-4\" href=\"https:\/\/vestibulares.estrategia.com\/portal\/materias\/redacao\/frases-de-ze-celso\/#4-%E2%80%93-%E2%80%9CA-arte-tem-um-poder-transpolitico-Ela-exerce-seu-poder-exprimindo-com-liberdade-e-expressando-aquilo-que-o-corpo-que-esta-sendo-maltratado-sente-e-nao-quer-sentir%E2%80%9D\" >4 &ndash; &ldquo;A arte tem um poder transpol&iacute;tico. Ela exerce seu poder exprimindo com liberdade e expressando aquilo que o corpo que est&aacute; sendo maltratado sente e n&atilde;o quer sentir.&rdquo;<\/a><\/li><li class='ez-toc-page-1 ez-toc-heading-level-2'><a class=\"ez-toc-link ez-toc-heading-5\" href=\"https:\/\/vestibulares.estrategia.com\/portal\/materias\/redacao\/frases-de-ze-celso\/#5-%E2%80%93-%E2%80%9CMinha-geracao-conheceu-Oswald-de-Andrade-encenou-%E2%80%9CO-Rei-da-Vela%E2%80%9D-fez-o-movimento-da-Tropicalia-e-descolonizou-o-Brasil%E2%80%9D\" >5 &ndash;&nbsp; &ldquo;Minha gera&ccedil;&atilde;o conheceu Oswald de Andrade, encenou &ldquo;O Rei da Vela&rdquo;, fez o movimento da Tropic&aacute;lia e descolonizou o Brasil.&rdquo;&nbsp;<\/a><\/li><li class='ez-toc-page-1 ez-toc-heading-level-2'><a class=\"ez-toc-link ez-toc-heading-6\" href=\"https:\/\/vestibulares.estrategia.com\/portal\/materias\/redacao\/frases-de-ze-celso\/#6-%E2%80%9CO-problema-de-tudo-nao-e-a-sociedade-E-o-dinheiro-o-capitalismo-rentista-que-criou-o-momento-de-maior-desigualdade-na-historia%E2%80%9D\" >6- &ldquo;O problema de tudo n&atilde;o &eacute; a sociedade. &Eacute; o dinheiro, o capitalismo rentista que criou o momento de maior desigualdade na hist&oacute;ria.&rdquo;<\/a><\/li><li class='ez-toc-page-1 ez-toc-heading-level-2'><a class=\"ez-toc-link ez-toc-heading-7\" href=\"https:\/\/vestibulares.estrategia.com\/portal\/materias\/redacao\/frases-de-ze-celso\/#7-%E2%80%9CDepois-de-1964-houve-um-retrocesso-enorme-no-Brasil-Hoje-por-exemplo-para-fazer-humor-e-so-pegar-frases-baseadas-nas-coisas-que-estao-acontecendo-por-aqui-na-piracao-na-burrice-que-e-engracadissimo%E2%80%9D\" >7- &ldquo;Depois de 1964, houve um retrocesso enorme no Brasil. Hoje, por exemplo, para fazer humor &eacute; s&oacute; pegar frases baseadas nas coisas que est&atilde;o acontecendo por aqui, na pira&ccedil;&atilde;o, na burrice, que &eacute; engra&ccedil;ad&iacute;ssimo.&rdquo;<\/a><\/li><li class='ez-toc-page-1 ez-toc-heading-level-2'><a class=\"ez-toc-link ez-toc-heading-8\" href=\"https:\/\/vestibulares.estrategia.com\/portal\/materias\/redacao\/frases-de-ze-celso\/#8-%E2%80%9CNao-existe-identidade-cultural-brasileira-Ha-uma-cultura-de-um-pais-que-recebeu-imigrantes-do-mundo-inteiro-e-ja-possuia-habitantes-genuinos-os-indios-que-sao-gente-como-nos%E2%80%9D\" >8- &ldquo;N&atilde;o existe identidade cultural brasileira. H&aacute; uma cultura de um pa&iacute;s que recebeu imigrantes do mundo inteiro e j&aacute; possu&iacute;a habitantes genu&iacute;nos, os &iacute;ndios, que s&atilde;o gente como n&oacute;s.&rdquo;<\/a><\/li><li class='ez-toc-page-1 ez-toc-heading-level-2'><a class=\"ez-toc-link ez-toc-heading-9\" href=\"https:\/\/vestibulares.estrategia.com\/portal\/materias\/redacao\/frases-de-ze-celso\/#9-%E2%80%93-%E2%80%9COs-grandes-intelectuais-de-hoje-sao-os-indigenas%E2%80%9D\" >9 &ndash; &ldquo;Os grandes intelectuais de hoje s&atilde;o os ind&iacute;genas.&rdquo;<\/a><\/li><li class='ez-toc-page-1 ez-toc-heading-level-2'><a class=\"ez-toc-link ez-toc-heading-10\" href=\"https:\/\/vestibulares.estrategia.com\/portal\/materias\/redacao\/frases-de-ze-celso\/#Estude-com-o-Estrategia-Vestibulares\" >Estude com o Estrat&eacute;gia Vestibulares<\/a><\/li><\/ul><\/nav><\/div>\n<h2 class=\"wp-block-heading\" id=\"h-1-o-teatro-e-uma-forma-de-culto-ao-corpo\"><span class=\"ez-toc-section\" id=\"1-%E2%80%9C-O-teatro-e-uma-forma-de-culto-ao-corpo%E2%80%9D\"><\/span>1- &ldquo; O teatro &eacute; uma forma de culto ao corpo.&rdquo;<span class=\"ez-toc-section-end\"><\/span><\/h2><p>Em <a href=\"https:\/\/www.guiadasemana.com.br\/arte\/noticia\/entrevista-com-ze-celso\" target=\"_blank\">entrevista ao portal Guia da Semana<\/a>, publicada em 2008, Z&eacute; Celso conversou com a reportagem a respeito do perfil er&oacute;tico de suas pe&ccedil;as. Ao ser questionado sobre como lidava com as rea&ccedil;&otilde;es de espanto sobre o erotismo de seu trabalho, o dramaturgo respondeu: &ldquo;[&hellip;] A igreja insiste, mas cada vez mais o mundo descobre o corpo e o teatro tamb&eacute;m. O teatro &eacute; uma forma de culto ao corpo&rdquo;.&nbsp;<\/p><h2 class=\"wp-block-heading\" id=\"h-2-a-velhice-e-uma-coisa-maravilhosa-do-ponto-de-vista-da-percepcao\"><span class=\"ez-toc-section\" id=\"2-%E2%80%9CA-velhice-e-uma-coisa-maravilhosa-do-ponto-de-vista-da-percepcao%E2%80%9D\"><\/span>2- &ldquo;A velhice &eacute; uma coisa maravilhosa do ponto de vista da percep&ccedil;&atilde;o.&rdquo;<span class=\"ez-toc-section-end\"><\/span><\/h2><p>J&aacute; para uma<a href=\"https:\/\/portal.sescsp.org.br\/online\/artigo\/11012_EU+NAO+SOU+DE+RESISTIR+EU+SOU+DE+REEXISTIR\" target=\"_blank\"> mat&eacute;ria do Sesc S&atilde;o Paulo<\/a>, de 2017,&nbsp; Z&eacute; Celso fez a reflex&atilde;o citada ao ser questionado sobre como ele enxergava quem era. Para o artista, &ldquo;a gente nunca sabe quem &eacute;&rdquo;, e a terceira idade &eacute; uma fase da vida de inteira revis&atilde;o.<\/p><h2 class=\"wp-block-heading\" id=\"h-3-e-engracado-que-minha-geracao-foi-chamada-de-contracultura-mas-quem-e-contra-a-cultura-sao-eles-eles-tem-medo-da-liberdade-da-arte-e-da-criacao-nbsp\"><span class=\"ez-toc-section\" id=\"3-%E2%80%9CE-engracado-que-minha-geracao-foi-chamada-de-contracultura-Mas-quem-e-%E2%80%98contra-a-cultura-sao-eles-Eles-tem-medo-da-liberdade-da-arte-e-da-criacao%E2%80%9D\"><\/span>3- &ldquo;&Eacute; engra&ccedil;ado que minha gera&ccedil;&atilde;o foi chamada de contracultura. Mas quem &eacute; &lsquo;contra-a-cultura&rsquo; s&atilde;o eles. Eles t&ecirc;m medo da liberdade, da arte e da cria&ccedil;&atilde;o.&rdquo;&nbsp;<span class=\"ez-toc-section-end\"><\/span><\/h2><p>Ainda para o Sesc, o dramaturgo fez duras cr&iacute;ticas &agrave;s pol&iacute;ticas econ&ocirc;micas que afastam a popula&ccedil;&atilde;o do acesso &agrave; Cultura. Al&eacute;m de tamb&eacute;m responsabilizar os pol&iacute;ticos pela situa&ccedil;&atilde;o: &ldquo;Eles t&ecirc;m medo da liberdade, da arte e da cria&ccedil;&atilde;o. T&ecirc;m medo de tudo. Precisam criar um bode expiat&oacute;rio, culpar algu&eacute;m para fugir do embate real, o embate descarado entre as pessoas que est&atilde;o por baixo e por cima economicamente, querendo que a gente aceite o mundo do jeito que eles pensam&rdquo;.<\/p><p>+ <a href=\"https:\/\/vestibulares.estrategia.com\/portal\/materias\/sociologia\/contracultura\/\" target=\"_blank\">Contracultura: o que &eacute; o movimento e como acontece no Brasil<\/a><\/p><h2 class=\"wp-block-heading\"><span class=\"ez-toc-section\" id=\"4-%E2%80%93-%E2%80%9CA-arte-tem-um-poder-transpolitico-Ela-exerce-seu-poder-exprimindo-com-liberdade-e-expressando-aquilo-que-o-corpo-que-esta-sendo-maltratado-sente-e-nao-quer-sentir%E2%80%9D\"><\/span><br>4 &ndash; &ldquo;A arte tem um poder transpol&iacute;tico. Ela exerce seu poder exprimindo com liberdade e expressando aquilo que o corpo que est&aacute; sendo maltratado sente e n&atilde;o quer sentir.&rdquo;<span class=\"ez-toc-section-end\"><\/span><\/h2><p>Tratando mais uma vez de pol&iacute;tica, na mesma ocasi&atilde;o, Z&eacute; Celso usou a frase citada para responder sobre o poder pol&iacute;tico da Arte. Ao definir o segmento como &ldquo;transpol&iacute;tico&rdquo;, o dramaturgo coloca a Arte como radicalmente descrente ao modelo de Estado, &agrave; pol&iacute;tica convencional e suas institui&ccedil;&otilde;es.<\/p><h2 class=\"wp-block-heading\" id=\"h-5-nbsp-minha-geracao-conheceu-oswald-de-andrade-encenou-o-rei-da-vela-fez-o-movimento-da-tropicalia-e-descolonizou-o-brasil-nbsp\"><span class=\"ez-toc-section\" id=\"5-%E2%80%93-%E2%80%9CMinha-geracao-conheceu-Oswald-de-Andrade-encenou-%E2%80%9CO-Rei-da-Vela%E2%80%9D-fez-o-movimento-da-Tropicalia-e-descolonizou-o-Brasil%E2%80%9D\"><\/span>5 &ndash;&nbsp; &ldquo;Minha gera&ccedil;&atilde;o conheceu Oswald de Andrade, encenou &ldquo;O Rei da Vela&rdquo;, fez o movimento da Tropic&aacute;lia e descolonizou o Brasil.&rdquo;&nbsp;<span class=\"ez-toc-section-end\"><\/span><\/h2><p>Opinando a respeito do conservadorismo presente na sociedade brasileira, o dramaturgo lembra de como artistas e movimentos culturais do s&eacute;culo XX foram respons&aacute;veis por influenciar a Arte de forma cr&iacute;tica e sem tabus. A pe&ccedil;a &ldquo;O Rei da Vela&rdquo;, de Oswald de Andrade, inclusive foi dirigida por Z&eacute; Celso, e trata de um homem tentando enriquecer em um pa&iacute;s subdesenvolvido, durante uma crise financeira.<\/p><p>+ <a href=\"https:\/\/vestibulares.estrategia.com\/portal\/materias\/artes\/tropicalia\/\" target=\"_blank\">Tropic&aacute;lia: contexto hist&oacute;rico e caracter&iacute;sticas do movimento<\/a><\/p><h2 class=\"wp-block-heading\" id=\"h-6-o-problema-de-tudo-nao-e-a-sociedade-e-o-dinheiro-o-capitalismo-rentista-que-criou-o-momento-de-maior-desigualdade-na-historia\"><span class=\"ez-toc-section\" id=\"6-%E2%80%9CO-problema-de-tudo-nao-e-a-sociedade-E-o-dinheiro-o-capitalismo-rentista-que-criou-o-momento-de-maior-desigualdade-na-historia%E2%80%9D\"><\/span>6- &ldquo;O problema de tudo n&atilde;o &eacute; a sociedade. &Eacute; o dinheiro, o capitalismo rentista que criou o momento de maior desigualdade na hist&oacute;ria.&rdquo;<span class=\"ez-toc-section-end\"><\/span><\/h2><p>Cr&iacute;tico aos problemas de sociais que era, a frase vem da resposta de Z&eacute; Celso &agrave; reportagem do Sesc sobre a quest&atilde;o de como ele enxergava o cen&aacute;rio pol&iacute;tico-social h&aacute; seis anos atr&aacute;s, quando o texto foi publicado.<\/p><h2 class=\"wp-block-heading\" id=\"h-7-depois-de-1964-houve-um-retrocesso-enorme-no-brasil-hoje-por-exemplo-para-fazer-humor-e-so-pegar-frases-baseadas-nas-coisas-que-estao-acontecendo-por-aqui-na-piracao-na-burrice-que-e-engracadissimo\"><span class=\"ez-toc-section\" id=\"7-%E2%80%9CDepois-de-1964-houve-um-retrocesso-enorme-no-Brasil-Hoje-por-exemplo-para-fazer-humor-e-so-pegar-frases-baseadas-nas-coisas-que-estao-acontecendo-por-aqui-na-piracao-na-burrice-que-e-engracadissimo%E2%80%9D\"><\/span><br>7- &ldquo;Depois de 1964, houve um retrocesso enorme no Brasil. Hoje, por exemplo, para fazer humor &eacute; s&oacute; pegar frases baseadas nas coisas que est&atilde;o acontecendo por aqui, na pira&ccedil;&atilde;o, na burrice, que &eacute; engra&ccedil;ad&iacute;ssimo.&rdquo;<span class=\"ez-toc-section-end\"><\/span><\/h2><p>Ainda refletindo sobre o cen&aacute;rio pol&iacute;tico e social da d&eacute;cada de 2010, e como ele tocou as produ&ccedil;&otilde;es art&iacute;sticas, o dramaturgo apontou a falta de um Humor cr&iacute;tico e aprofundado.<\/p><h2 class=\"wp-block-heading\" id=\"h-8-nao-existe-identidade-cultural-brasileira-ha-uma-cultura-de-um-pais-que-recebeu-imigrantes-do-mundo-inteiro-e-ja-possuia-habitantes-genuinos-os-indios-que-sao-gente-como-nos\"><span class=\"ez-toc-section\" id=\"8-%E2%80%9CNao-existe-identidade-cultural-brasileira-Ha-uma-cultura-de-um-pais-que-recebeu-imigrantes-do-mundo-inteiro-e-ja-possuia-habitantes-genuinos-os-indios-que-sao-gente-como-nos%E2%80%9D\"><\/span><br>8- &ldquo;N&atilde;o existe identidade cultural brasileira. H&aacute; uma cultura de um pa&iacute;s que recebeu imigrantes do mundo inteiro e j&aacute; possu&iacute;a habitantes genu&iacute;nos, os &iacute;ndios, que s&atilde;o gente como n&oacute;s.&rdquo;<span class=\"ez-toc-section-end\"><\/span><\/h2><p>Ao ser questionado se durante a gera&ccedil;&atilde;o art&iacute;stica dos anos 1960, da qual ele fez parte, havia uma busca por uma identidade nacional, Z&eacute; opina que, na verdade, os movimentos art&iacute;sticos nunca buscaram uma unicidade, mas que as produ&ccedil;&otilde;es eram atravessadas pelas diversas influ&ecirc;ncias que constru&iacute;ram o Brasil.&nbsp;<\/p><h2 class=\"wp-block-heading\" id=\"h-9-os-grandes-intelectuais-de-hoje-sao-os-indigenas\"><span class=\"ez-toc-section\" id=\"9-%E2%80%93-%E2%80%9COs-grandes-intelectuais-de-hoje-sao-os-indigenas%E2%80%9D\"><\/span>9 &ndash; &ldquo;Os grandes intelectuais de hoje s&atilde;o os ind&iacute;genas.&rdquo;<span class=\"ez-toc-section-end\"><\/span><\/h2><p>O dramaturgo deu <a href=\"https:\/\/oglobo.globo.com\/cultura\/tedio-uma-coisa-que-eu-desconheco-diz-ze-celso-imerso-no-cio-do-ocio-da-quarentena-24392887\" target=\"_blank\" rel=\"noopener noreferrer\">uma entrevista para o Jornal O Globo<\/a> durante o per&iacute;odo de isolamento, por conta da pandemia de Covid-19, em 2020. Nela, Z&eacute; contou como usou de seu tempo livre para ler e reler obras de intelectuais ind&iacute;genas brasileiros, como Ailton Krenak, Davi Kopenawa e S&ocirc;nia Guajajara.<\/p><h2 class=\"wp-block-heading\" id=\"h-estude-com-o-estrategia-vestibulares\"><span class=\"ez-toc-section\" id=\"Estude-com-o-Estrategia-Vestibulares\"><\/span>Estude com o Estrat&eacute;gia Vestibulares<span class=\"ez-toc-section-end\"><\/span><\/h2><p>No Estrat&eacute;gia Vestibulares voc&ecirc; tem acesso a materiais exclusivos e desenvolvidos de acordo com a banca e o edital de cada prova, trazendo cada detalhe e diferen&ccedil;a de maneira f&aacute;cil e objetiva. Confira mais detalhes e veja nossos cursos abaixo:<\/p><p>\n\n\n\n<a id=\"cta\" class=\"cta-imagem\" href=\"https:\/\/vestibulares.estrategia.com\/cursos\/\" target=\"blank\">\n                <img decoding=\"async\" width=\"100%\" src=\"https:\/\/vestibulares.estrategia.com\/portal\/wp-content\/uploads\/2021\/12\/EV2.jpg\" alt=\"CTA - Estrat\u00e9gia Vestibulares 2\" title=\"CTA - Estrat\u00e9gia Vestibulares 2\">\n        <\/a>\n\n\n\n\n<\/p><\/p>\n","protected":false},"excerpt":{"rendered":"Um dos nomes mais importantes da dramaturgia nacional; o artista fundou uma das companhias de teatro mais antigas e duradouras do Brasil, foi perseguido pela ditadura e dirigiu a primeira pe\u00e7a modernista \n","protected":false},"author":48,"featured_media":94390,"comment_status":"closed","ping_status":"closed","sticky":false,"template":"","format":"standard","meta":{"wl_entities_gutenberg":"","footnotes":""},"categories":[2],"tags":[],"wl_entity_type":[732],"class_list":{"0":"post-94389","1":"post","2":"type-post","3":"status-publish","4":"format-standard","5":"has-post-thumbnail","7":"category-redacao","8":"wl_entity_type-article"},"acf":[],"yoast_head":"<!-- This site is optimized with the Yoast SEO Premium plugin v25.9 (Yoast SEO v25.9) - https:\/\/yoast.com\/wordpress\/plugins\/seo\/ -->\n<title>9 frases de Z\u00e9 Celso que podem ser usadas na reda\u00e7\u00e3o<\/title>\n<meta name=\"description\" content=\"Um dos nomes mais importantes da dramaturgia nacional; o artista fundou uma das companhias de teatro mais antigas e duradouras do Brasil\" \/>\n<meta name=\"robots\" content=\"index, follow, max-snippet:-1, max-image-preview:large, max-video-preview:-1\" \/>\n<link rel=\"canonical\" href=\"https:\/\/vestibulares.estrategia.com\/portal\/materias\/redacao\/frases-de-ze-celso\/\" \/>\n<meta property=\"og:locale\" content=\"pt_BR\" \/>\n<meta property=\"og:type\" content=\"article\" \/>\n<meta property=\"og:title\" content=\"9 frases de Z\u00e9 Celso que podem ser usadas na reda\u00e7\u00e3o\" \/>\n<meta property=\"og:description\" content=\"Um dos nomes mais importantes da dramaturgia nacional; o artista fundou uma das companhias de teatro mais antigas e duradouras do Brasil\" \/>\n<meta property=\"og:url\" content=\"https:\/\/vestibulares.estrategia.com\/portal\/materias\/redacao\/frases-de-ze-celso\/\" \/>\n<meta property=\"og:site_name\" content=\"Estrat\u00e9gia Vestibulares\" \/>\n<meta property=\"article:publisher\" content=\"https:\/\/facebook.com\/estrategiavestibulares\" \/>\n<meta property=\"article:published_time\" content=\"2023-07-06T18:13:43+00:00\" \/>\n<meta property=\"article:modified_time\" content=\"2025-11-07T22:51:08+00:00\" \/>\n<meta property=\"og:image\" content=\"https:\/\/vestibulares.estrategia.com\/portal\/wp-content\/uploads\/2023\/07\/ze-celso-citacoes.jpg\" \/>\n\t<meta property=\"og:image:width\" content=\"1200\" \/>\n\t<meta property=\"og:image:height\" content=\"675\" \/>\n\t<meta property=\"og:image:type\" content=\"image\/jpeg\" \/>\n<meta name=\"author\" content=\"Beatriz Santana\" \/>\n<meta name=\"twitter:card\" content=\"summary_large_image\" \/>\n<meta name=\"twitter:creator\" content=\"@Estrategiavest\" \/>\n<meta name=\"twitter:site\" content=\"@Estrategiavest\" \/>\n<meta name=\"twitter:label1\" content=\"Escrito por\" \/>\n\t<meta name=\"twitter:data1\" content=\"Beatriz Santana\" \/>\n\t<meta name=\"twitter:label2\" content=\"Est. tempo de leitura\" \/>\n\t<meta name=\"twitter:data2\" content=\"5 minutos\" \/>\n<script type=\"application\/ld+json\" class=\"yoast-schema-graph\">{\"@context\":\"https:\/\/schema.org\",\"@graph\":[{\"@type\":\"Article\",\"@id\":\"https:\/\/vestibulares.estrategia.com\/portal\/materias\/redacao\/frases-de-ze-celso\/#article\",\"isPartOf\":{\"@id\":\"https:\/\/vestibulares.estrategia.com\/portal\/materias\/redacao\/frases-de-ze-celso\/\"},\"author\":{\"name\":\"Beatriz Santana\",\"@id\":\"https:\/\/vestibulares.estrategia.com\/portal\/#\/schema\/person\/cdd941dcf53839374c0bc8d39bb0230f\"},\"headline\":\"9 frases de Z\u00e9 Celso que podem ser usadas na reda\u00e7\u00e3o\",\"datePublished\":\"2023-07-06T18:13:43+00:00\",\"dateModified\":\"2025-11-07T22:51:08+00:00\",\"mainEntityOfPage\":{\"@id\":\"https:\/\/vestibulares.estrategia.com\/portal\/materias\/redacao\/frases-de-ze-celso\/\"},\"wordCount\":1045,\"publisher\":{\"@id\":\"https:\/\/vestibulares.estrategia.com\/portal\/#organization\"},\"image\":{\"@id\":\"https:\/\/vestibulares.estrategia.com\/portal\/materias\/redacao\/frases-de-ze-celso\/#primaryimage\"},\"thumbnailUrl\":\"https:\/\/vestibulares.estrategia.com\/portal\/wp-content\/uploads\/2023\/07\/ze-celso-citacoes.jpg\",\"articleSection\":[\"Reda\u00e7\u00e3o\"],\"inLanguage\":\"pt-BR\"},{\"@type\":\"WebPage\",\"@id\":\"https:\/\/vestibulares.estrategia.com\/portal\/materias\/redacao\/frases-de-ze-celso\/\",\"url\":\"https:\/\/vestibulares.estrategia.com\/portal\/materias\/redacao\/frases-de-ze-celso\/\",\"name\":\"9 frases de Z\u00e9 Celso que podem ser usadas na reda\u00e7\u00e3o\",\"isPartOf\":{\"@id\":\"https:\/\/vestibulares.estrategia.com\/portal\/#website\"},\"primaryImageOfPage\":{\"@id\":\"https:\/\/vestibulares.estrategia.com\/portal\/materias\/redacao\/frases-de-ze-celso\/#primaryimage\"},\"image\":{\"@id\":\"https:\/\/vestibulares.estrategia.com\/portal\/materias\/redacao\/frases-de-ze-celso\/#primaryimage\"},\"thumbnailUrl\":\"https:\/\/vestibulares.estrategia.com\/portal\/wp-content\/uploads\/2023\/07\/ze-celso-citacoes.jpg\",\"datePublished\":\"2023-07-06T18:13:43+00:00\",\"dateModified\":\"2025-11-07T22:51:08+00:00\",\"description\":\"Um dos nomes mais importantes da dramaturgia nacional; o artista fundou uma das companhias de teatro mais antigas e duradouras do Brasil\",\"breadcrumb\":{\"@id\":\"https:\/\/vestibulares.estrategia.com\/portal\/materias\/redacao\/frases-de-ze-celso\/#breadcrumb\"},\"inLanguage\":\"pt-BR\",\"potentialAction\":[{\"@type\":\"ReadAction\",\"target\":[\"https:\/\/vestibulares.estrategia.com\/portal\/materias\/redacao\/frases-de-ze-celso\/\"]}]},{\"@type\":\"ImageObject\",\"inLanguage\":\"pt-BR\",\"@id\":\"https:\/\/vestibulares.estrategia.com\/portal\/materias\/redacao\/frases-de-ze-celso\/#primaryimage\",\"url\":\"https:\/\/vestibulares.estrategia.com\/portal\/wp-content\/uploads\/2023\/07\/ze-celso-citacoes.jpg\",\"contentUrl\":\"https:\/\/vestibulares.estrategia.com\/portal\/wp-content\/uploads\/2023\/07\/ze-celso-citacoes.jpg\",\"width\":1200,\"height\":675},{\"@type\":\"BreadcrumbList\",\"@id\":\"https:\/\/vestibulares.estrategia.com\/portal\/materias\/redacao\/frases-de-ze-celso\/#breadcrumb\",\"itemListElement\":[{\"@type\":\"ListItem\",\"position\":1,\"name\":\"Home\",\"item\":\"https:\/\/vestibulares.estrategia.com\/portal\/\"},{\"@type\":\"ListItem\",\"position\":2,\"name\":\"Mat\u00e9rias\",\"item\":\"https:\/\/vestibulares.estrategia.com\/portal\/materias\/\"},{\"@type\":\"ListItem\",\"position\":3,\"name\":\"Reda\u00e7\u00e3o\",\"item\":\"https:\/\/vestibulares.estrategia.com\/portal\/materias\/redacao\/\"},{\"@type\":\"ListItem\",\"position\":4,\"name\":\"9 frases de Z\u00e9 Celso que podem ser usadas na reda\u00e7\u00e3o\"}]},{\"@type\":\"WebSite\",\"@id\":\"https:\/\/vestibulares.estrategia.com\/portal\/#website\",\"url\":\"https:\/\/vestibulares.estrategia.com\/portal\/\",\"name\":\"Estrat\u00e9gia Vestibulares\",\"description\":\"\",\"publisher\":{\"@id\":\"https:\/\/vestibulares.estrategia.com\/portal\/#organization\"},\"potentialAction\":[{\"@type\":\"SearchAction\",\"target\":{\"@type\":\"EntryPoint\",\"urlTemplate\":\"https:\/\/vestibulares.estrategia.com\/portal\/?s={search_term_string}\"},\"query-input\":{\"@type\":\"PropertyValueSpecification\",\"valueRequired\":true,\"valueName\":\"search_term_string\"}}],\"inLanguage\":\"pt-BR\"},{\"@type\":\"Organization\",\"@id\":\"https:\/\/vestibulares.estrategia.com\/portal\/#organization\",\"name\":\"Estrat\u00e9gia Vestibulares\",\"url\":\"https:\/\/vestibulares.estrategia.com\/portal\/\",\"logo\":{\"@type\":\"ImageObject\",\"inLanguage\":\"pt-BR\",\"@id\":\"https:\/\/vestibulares.estrategia.com\/portal\/#\/schema\/logo\/image\/\",\"url\":\"https:\/\/vestibulares.estrategia.com\/portal\/wp-content\/uploads\/2021\/06\/Logo-Vestibulares@4x.png\",\"contentUrl\":\"https:\/\/vestibulares.estrategia.com\/portal\/wp-content\/uploads\/2021\/06\/Logo-Vestibulares@4x.png\",\"width\":250,\"height\":66,\"caption\":\"Estrat\u00e9gia Vestibulares\"},\"image\":{\"@id\":\"https:\/\/vestibulares.estrategia.com\/portal\/#\/schema\/logo\/image\/\"},\"sameAs\":[\"https:\/\/facebook.com\/estrategiavestibulares\",\"https:\/\/x.com\/Estrategiavest\",\"https:\/\/www.instagram.com\/estrategiavestibulares\",\"https:\/\/www.youtube.com\/channel\/UCGWdZy8ULI-7_5GrABa4vNA\"]},{\"@type\":\"Person\",\"@id\":\"https:\/\/vestibulares.estrategia.com\/portal\/#\/schema\/person\/cdd941dcf53839374c0bc8d39bb0230f\",\"name\":\"Beatriz Santana\",\"image\":{\"@type\":\"ImageObject\",\"inLanguage\":\"pt-BR\",\"@id\":\"https:\/\/vestibulares.estrategia.com\/portal\/#\/schema\/person\/image\/\",\"url\":\"https:\/\/vestibulares.estrategia.com\/portal\/wp-content\/uploads\/2022\/01\/WhatsApp-Image-2021-10-21-at-10.19.09-1-150x150.webp\",\"contentUrl\":\"https:\/\/vestibulares.estrategia.com\/portal\/wp-content\/uploads\/2022\/01\/WhatsApp-Image-2021-10-21-at-10.19.09-1-150x150.webp\",\"caption\":\"Beatriz Santana\"},\"description\":\"Jornalista formada pela Unesp\",\"url\":\"https:\/\/vestibulares.estrategia.com\/portal\/author\/beatriz-santana\/\"}]}<\/script>\n<!-- \/ Yoast SEO Premium plugin. -->","yoast_head_json":{"title":"9 frases de Z\u00e9 Celso que podem ser usadas na reda\u00e7\u00e3o","description":"Um dos nomes mais importantes da dramaturgia nacional; o artista fundou uma das companhias de teatro mais antigas e duradouras do Brasil","robots":{"index":"index","follow":"follow","max-snippet":"max-snippet:-1","max-image-preview":"max-image-preview:large","max-video-preview":"max-video-preview:-1"},"canonical":"https:\/\/vestibulares.estrategia.com\/portal\/materias\/redacao\/frases-de-ze-celso\/","og_locale":"pt_BR","og_type":"article","og_title":"9 frases de Z\u00e9 Celso que podem ser usadas na reda\u00e7\u00e3o","og_description":"Um dos nomes mais importantes da dramaturgia nacional; o artista fundou uma das companhias de teatro mais antigas e duradouras do Brasil","og_url":"https:\/\/vestibulares.estrategia.com\/portal\/materias\/redacao\/frases-de-ze-celso\/","og_site_name":"Estrat\u00e9gia Vestibulares","article_publisher":"https:\/\/facebook.com\/estrategiavestibulares","article_published_time":"2023-07-06T18:13:43+00:00","article_modified_time":"2025-11-07T22:51:08+00:00","og_image":[{"width":1200,"height":675,"url":"https:\/\/vestibulares.estrategia.com\/portal\/wp-content\/uploads\/2023\/07\/ze-celso-citacoes.jpg","type":"image\/jpeg"}],"author":"Beatriz Santana","twitter_card":"summary_large_image","twitter_creator":"@Estrategiavest","twitter_site":"@Estrategiavest","twitter_misc":{"Escrito por":"Beatriz Santana","Est. tempo de leitura":"5 minutos"},"schema":{"@context":"https:\/\/schema.org","@graph":[{"@type":"Article","@id":"https:\/\/vestibulares.estrategia.com\/portal\/materias\/redacao\/frases-de-ze-celso\/#article","isPartOf":{"@id":"https:\/\/vestibulares.estrategia.com\/portal\/materias\/redacao\/frases-de-ze-celso\/"},"author":{"name":"Beatriz Santana","@id":"https:\/\/vestibulares.estrategia.com\/portal\/#\/schema\/person\/cdd941dcf53839374c0bc8d39bb0230f"},"headline":"9 frases de Z\u00e9 Celso que podem ser usadas na reda\u00e7\u00e3o","datePublished":"2023-07-06T18:13:43+00:00","dateModified":"2025-11-07T22:51:08+00:00","mainEntityOfPage":{"@id":"https:\/\/vestibulares.estrategia.com\/portal\/materias\/redacao\/frases-de-ze-celso\/"},"wordCount":1045,"publisher":{"@id":"https:\/\/vestibulares.estrategia.com\/portal\/#organization"},"image":{"@id":"https:\/\/vestibulares.estrategia.com\/portal\/materias\/redacao\/frases-de-ze-celso\/#primaryimage"},"thumbnailUrl":"https:\/\/vestibulares.estrategia.com\/portal\/wp-content\/uploads\/2023\/07\/ze-celso-citacoes.jpg","articleSection":["Reda\u00e7\u00e3o"],"inLanguage":"pt-BR"},{"@type":"WebPage","@id":"https:\/\/vestibulares.estrategia.com\/portal\/materias\/redacao\/frases-de-ze-celso\/","url":"https:\/\/vestibulares.estrategia.com\/portal\/materias\/redacao\/frases-de-ze-celso\/","name":"9 frases de Z\u00e9 Celso que podem ser usadas na reda\u00e7\u00e3o","isPartOf":{"@id":"https:\/\/vestibulares.estrategia.com\/portal\/#website"},"primaryImageOfPage":{"@id":"https:\/\/vestibulares.estrategia.com\/portal\/materias\/redacao\/frases-de-ze-celso\/#primaryimage"},"image":{"@id":"https:\/\/vestibulares.estrategia.com\/portal\/materias\/redacao\/frases-de-ze-celso\/#primaryimage"},"thumbnailUrl":"https:\/\/vestibulares.estrategia.com\/portal\/wp-content\/uploads\/2023\/07\/ze-celso-citacoes.jpg","datePublished":"2023-07-06T18:13:43+00:00","dateModified":"2025-11-07T22:51:08+00:00","description":"Um dos nomes mais importantes da dramaturgia nacional; o artista fundou uma das companhias de teatro mais antigas e duradouras do Brasil","breadcrumb":{"@id":"https:\/\/vestibulares.estrategia.com\/portal\/materias\/redacao\/frases-de-ze-celso\/#breadcrumb"},"inLanguage":"pt-BR","potentialAction":[{"@type":"ReadAction","target":["https:\/\/vestibulares.estrategia.com\/portal\/materias\/redacao\/frases-de-ze-celso\/"]}]},{"@type":"ImageObject","inLanguage":"pt-BR","@id":"https:\/\/vestibulares.estrategia.com\/portal\/materias\/redacao\/frases-de-ze-celso\/#primaryimage","url":"https:\/\/vestibulares.estrategia.com\/portal\/wp-content\/uploads\/2023\/07\/ze-celso-citacoes.jpg","contentUrl":"https:\/\/vestibulares.estrategia.com\/portal\/wp-content\/uploads\/2023\/07\/ze-celso-citacoes.jpg","width":1200,"height":675},{"@type":"BreadcrumbList","@id":"https:\/\/vestibulares.estrategia.com\/portal\/materias\/redacao\/frases-de-ze-celso\/#breadcrumb","itemListElement":[{"@type":"ListItem","position":1,"name":"Home","item":"https:\/\/vestibulares.estrategia.com\/portal\/"},{"@type":"ListItem","position":2,"name":"Mat\u00e9rias","item":"https:\/\/vestibulares.estrategia.com\/portal\/materias\/"},{"@type":"ListItem","position":3,"name":"Reda\u00e7\u00e3o","item":"https:\/\/vestibulares.estrategia.com\/portal\/materias\/redacao\/"},{"@type":"ListItem","position":4,"name":"9 frases de Z\u00e9 Celso que podem ser usadas na reda\u00e7\u00e3o"}]},{"@type":"WebSite","@id":"https:\/\/vestibulares.estrategia.com\/portal\/#website","url":"https:\/\/vestibulares.estrategia.com\/portal\/","name":"Estrat\u00e9gia Vestibulares","description":"","publisher":{"@id":"https:\/\/vestibulares.estrategia.com\/portal\/#organization"},"potentialAction":[{"@type":"SearchAction","target":{"@type":"EntryPoint","urlTemplate":"https:\/\/vestibulares.estrategia.com\/portal\/?s={search_term_string}"},"query-input":{"@type":"PropertyValueSpecification","valueRequired":true,"valueName":"search_term_string"}}],"inLanguage":"pt-BR"},{"@type":"Organization","@id":"https:\/\/vestibulares.estrategia.com\/portal\/#organization","name":"Estrat\u00e9gia Vestibulares","url":"https:\/\/vestibulares.estrategia.com\/portal\/","logo":{"@type":"ImageObject","inLanguage":"pt-BR","@id":"https:\/\/vestibulares.estrategia.com\/portal\/#\/schema\/logo\/image\/","url":"https:\/\/vestibulares.estrategia.com\/portal\/wp-content\/uploads\/2021\/06\/Logo-Vestibulares@4x.png","contentUrl":"https:\/\/vestibulares.estrategia.com\/portal\/wp-content\/uploads\/2021\/06\/Logo-Vestibulares@4x.png","width":250,"height":66,"caption":"Estrat\u00e9gia Vestibulares"},"image":{"@id":"https:\/\/vestibulares.estrategia.com\/portal\/#\/schema\/logo\/image\/"},"sameAs":["https:\/\/facebook.com\/estrategiavestibulares","https:\/\/x.com\/Estrategiavest","https:\/\/www.instagram.com\/estrategiavestibulares","https:\/\/www.youtube.com\/channel\/UCGWdZy8ULI-7_5GrABa4vNA"]},{"@type":"Person","@id":"https:\/\/vestibulares.estrategia.com\/portal\/#\/schema\/person\/cdd941dcf53839374c0bc8d39bb0230f","name":"Beatriz Santana","image":{"@type":"ImageObject","inLanguage":"pt-BR","@id":"https:\/\/vestibulares.estrategia.com\/portal\/#\/schema\/person\/image\/","url":"https:\/\/vestibulares.estrategia.com\/portal\/wp-content\/uploads\/2022\/01\/WhatsApp-Image-2021-10-21-at-10.19.09-1-150x150.webp","contentUrl":"https:\/\/vestibulares.estrategia.com\/portal\/wp-content\/uploads\/2022\/01\/WhatsApp-Image-2021-10-21-at-10.19.09-1-150x150.webp","caption":"Beatriz Santana"},"description":"Jornalista formada pela Unesp","url":"https:\/\/vestibulares.estrategia.com\/portal\/author\/beatriz-santana\/"}]}},"_wl_alt_label":[],"wl:entity_url":"https:\/\/data.wordlift.io\/wl110249\/post\/frases-de-ze-celso","_links":{"self":[{"href":"https:\/\/vestibulares.estrategia.com\/portal\/wp-json\/wp\/v2\/posts\/94389","targetHints":{"allow":["GET"]}}],"collection":[{"href":"https:\/\/vestibulares.estrategia.com\/portal\/wp-json\/wp\/v2\/posts"}],"about":[{"href":"https:\/\/vestibulares.estrategia.com\/portal\/wp-json\/wp\/v2\/types\/post"}],"author":[{"embeddable":true,"href":"https:\/\/vestibulares.estrategia.com\/portal\/wp-json\/wp\/v2\/users\/48"}],"replies":[{"embeddable":true,"href":"https:\/\/vestibulares.estrategia.com\/portal\/wp-json\/wp\/v2\/comments?post=94389"}],"version-history":[{"count":4,"href":"https:\/\/vestibulares.estrategia.com\/portal\/wp-json\/wp\/v2\/posts\/94389\/revisions"}],"predecessor-version":[{"id":148342,"href":"https:\/\/vestibulares.estrategia.com\/portal\/wp-json\/wp\/v2\/posts\/94389\/revisions\/148342"}],"wp:featuredmedia":[{"embeddable":true,"href":"https:\/\/vestibulares.estrategia.com\/portal\/wp-json\/wp\/v2\/media\/94390"}],"wp:attachment":[{"href":"https:\/\/vestibulares.estrategia.com\/portal\/wp-json\/wp\/v2\/media?parent=94389"}],"wp:term":[{"taxonomy":"category","embeddable":true,"href":"https:\/\/vestibulares.estrategia.com\/portal\/wp-json\/wp\/v2\/categories?post=94389"},{"taxonomy":"post_tag","embeddable":true,"href":"https:\/\/vestibulares.estrategia.com\/portal\/wp-json\/wp\/v2\/tags?post=94389"},{"taxonomy":"wl_entity_type","embeddable":true,"href":"https:\/\/vestibulares.estrategia.com\/portal\/wp-json\/wp\/v2\/wl_entity_type?post=94389"}],"curies":[{"name":"wp","href":"https:\/\/api.w.org\/{rel}","templated":true}]}}