{"id":95144,"date":"2023-07-17T15:31:40","date_gmt":"2023-07-17T18:31:40","guid":{"rendered":"https:\/\/vestibulares.estrategia.com\/portal\/?p=95144"},"modified":"2024-11-03T15:15:24","modified_gmt":"2024-11-03T18:15:24","slug":"inteligencia-artificial-ia-desenvolva-repertorios-socioculturais-para-vestibular","status":"publish","type":"post","link":"https:\/\/vestibulares.estrategia.com\/portal\/atualidades-e-dicas\/inteligencia-artificial-ia-desenvolva-repertorios-socioculturais-para-vestibular\/","title":{"rendered":"Intelig\u00eancia Artificial (IA): desenvolva repert\u00f3rios socioculturais para vestibular"},"content":{"rendered":"<p>O Conselho Nacional de Autorregulamenta&ccedil;&atilde;o Publicit&aacute;ria (Conar) abriu, no &uacute;ltimo dia 10 de julho, um processo de apura&ccedil;&atilde;o &eacute;tica contra a montadora de carros Volkswagen e sua ag&ecirc;ncia de publicidade. Isso porque, as empresas lan&ccedil;aram a campanha &ldquo;VW Brasil 70: O novo veio de novo&rdquo;, na qual recriam a imagem da cantora Elis Regina, falecida em 1982.<p>O comercial televisivo, que comemora os 70 anos da Volkswagen no Brasil, mostra Elis dirigindo um modelo da montadora, enquanto canta a m&uacute;sica &ldquo;Como Nossos Pais&rdquo;, em um dueto com sua filha, a tamb&eacute;m cantora Maria Rita. A produ&ccedil;&atilde;o do filme s&oacute; foi poss&iacute;vel gra&ccedil;as a utiliza&ccedil;&atilde;o de t&eacute;cnicas de <em>deepfake<\/em> e de intelig&ecirc;ncia artificial (IA).<\/p><p>&#128226;<strong><em>&nbsp;<\/em>Saiba mais<em><br><\/em><\/strong><a href=\"https:\/\/vestibulares.estrategia.com\/portal\/noticias\/tema-de-redacao-enem-2024-desafios-para-a-valorizacao-da-heranca-africana-no-brasil\/\" target=\"_blank\">+ Tema de reda&ccedil;&atilde;o Enem 2024: Desafios da valoriza&ccedil;&atilde;o da heran&ccedil;a africana no Brasil<\/a><strong><em><br><\/em><\/strong><a href=\"https:\/\/vestibulares.estrategia.com\/portal\/materias\/redacao\/temas-de-redacao-do-enem-nos-ultimos-anos\/\" target=\"_blank\">+ Gabarito Enem 2024: corre&ccedil;&atilde;o do 1&ordm; dia de prova<br><\/a><a href=\"https:\/\/vestibulares.estrategia.com\/portal\/atualidades-e-dicas\/enem-2024-atualidades-e-acontecimentos\/\" target=\"_blank\">+ Enem 2024: confira 32 atualidades e acontecimentos que podem cair nas provas<\/a><br><a href=\"https:\/\/vestibulares.estrategia.com\/portal\/enem-e-vestibulares\/enem\/enem-duvidas-frequentes-sobre-o-exame\/\" target=\"_blank\">+ Enem 2024: 20 d&uacute;vidas frequentes sobre o exame<\/a><br><a href=\"https:\/\/vestibulares.estrategia.com\/portal\/materias\/redacao\/temas-de-redacao-do-enem-nos-ultimos-anos\/\">+ Temas de reda&ccedil;&atilde;o do Enem nos &uacute;ltimos anos<\/a><\/p><p>O processo do Conar, que ser&aacute; julgado por uma das C&acirc;maras do Conselho de &Eacute;tica nas pr&oacute;ximas semanas, foi motivado pela den&uacute;ncia de consumidores a respeito do uso deste tipo de tecnologia em campanhas publicit&aacute;rias. Veja a nota publicada pelo Conselho:<\/p><p class=\"wp-block-verse\"><em>&ldquo;O Conar abriu hoje, 10 de julho, representa&ccedil;&atilde;o &eacute;tica contra a campanha &lsquo;VW Brasil 70: O novo veio de novo&rsquo;, de responsabilidade da VW do Brasil e sua ag&ecirc;ncia, AlmapBBDO, motivada por queixa de consumidores. Eles questionam se &eacute; &eacute;tico ou n&atilde;o o uso de ferramenta tecnol&oacute;gica e Intelig&ecirc;ncia Artificial (IA) para trazer pessoa falecida de volta &agrave; vida como realizado na campanha, a ser examinado &agrave; luz do C&oacute;digo Brasileiro de Autorregulamenta&ccedil;&atilde;o Publicit&aacute;ria, em particular os princ&iacute;pios de respeitabilidade, no caso o respeito &agrave; personalidade e exist&ecirc;ncia da artista, e veracidade. Adicionalmente, questiona-se a possibilidade de tal uso causar confus&atilde;o entre fic&ccedil;&atilde;o e realidade para alguns, principalmente crian&ccedil;as e adolescentes. A representa&ccedil;&atilde;o ser&aacute; julgada nas pr&oacute;ximas semanas por uma das C&acirc;maras do Conselho de &Eacute;tica do Conar, garantindo-se o direito de defesa ao anunciante e sua ag&ecirc;ncia. Em regra, o julgamento &eacute; efetuado cerca de 45 dias ap&oacute;s a abertura da representa&ccedil;&atilde;o. O Conar aceita den&uacute;ncias de consumidores, assim como outras manifesta&ccedil;&otilde;es sobre a pe&ccedil;a publicit&aacute;ria, bastando que sejam identificadas. Em obedi&ecirc;ncia &agrave; LGPD a identidade dos denunciantes &eacute; protegida.&rdquo;<\/em><\/p><figure class=\"wp-block-embed is-type-video is-provider-youtube wp-block-embed-youtube wp-embed-aspect-16-9 wp-has-aspect-ratio\"><div class=\"wp-block-embed__wrapper\">\n<div class=\"cs-embed cs-embed-responsive\"><iframe title=\"VW 70 anos | Gera&ccedil;&otilde;es | VW Brasil\" width=\"1200\" height=\"675\" src=\"https:\/\/www.youtube.com\/embed\/aMl54-kqphE?feature=oembed\" frameborder=\"0\" allow=\"accelerometer; autoplay; clipboard-write; encrypted-media; gyroscope; picture-in-picture; web-share\" referrerpolicy=\"strict-origin-when-cross-origin\" allowfullscreen><\/iframe><\/div>\n<\/div><\/figure><p>Nesta primeira mat&eacute;ria da <strong>s&eacute;rie de repert&oacute;rios do Portal Estrat&eacute;gia Vestibulares<\/strong>, que trar&aacute; textos tratando de atualidades que podem aparecer nas suas provas, reunimos tudo o que voc&ecirc; precisa saber sobre intelig&ecirc;ncias artificiais e as implica&ccedil;&otilde;es de seus usos. Vem conferir:<\/p><p>\n\n\n\n<div id=\"new-form\">\n\t<form id=\"forms_layout\">\n\t<input type=\"hidden\" id=\"chave_de\" name=\"chave_de\" value=\"01_EVEST_LEADS_TOTAIS\" \/>\n\t\t<input type=\"hidden\" id=\"mid\" name=\"mid\" value=\"515008983\" \/>\n\t\t<input type=\"hidden\" id=\"Objetivo\" name=\"Objetivo\" value=\"Vestibulares\" \/>\n\t\t<input type=\"hidden\" id=\"Estado_de_Origem_do_IP\" name=\"Estado_de_Origem_do_IP\"  value=\"\" \/>\n\t\t<input type=\"hidden\" id=\"Cidade_de_Origem_do_IP\" name=\"Cidade_de_Origem_do_IP\" value=\"\" \/>\n\t\t<input type=\"hidden\" id=\"Modo_de_entrada\" name=\"Modo_de_entrada\" value=\"Portal\" \/>\n\t\t<input type=\"hidden\" id=\"Pagina_Origem\" name=\"Pagina_Origem\" value=\"\" \/>\n\n\t\t<div class=\"texto\">\n\t\t\t<h3 class=\"news\">Inscreva-se em nossa newsletter\ud83e\udd89<\/h3>\n\t\t\t<p>Receba dicas de estudo gratuitas e saiba em primeira m\u00e3o as novidades sobre o Enem, Sisu, Encceja, Fuvest e outros vestibulares!<\/p>\n\t\t<\/div>\n\t\t<div class=\"campos\">\n\t\t\t<div class=\"first_name labels\">\n\t\t\t\t<input type=\"text\" class=\"input_labels\" id=\"first_name\" name=\"Nome_Completo\" placeholder=\"Nome\" required \/>\n\t\t\t<\/div>\n\t\t\t<div class=\"email labels\">\n\t\t\t\t<input type=\"email\" class=\"input_labels\" id=\"email\" name=\"Email\" placeholder=\"E-mail\" required \/>\n\t\t\t<\/div>\n\t\t\t<button type=\"submit\" class=\"button_layout\">\n\t\t\t\t<div id=\"lblBotao\">Inscreva-se<\/div>\n\t\t\t\t<span id=\"divSpiner\" class=\"loader\" role=\"status\" style=\"display: none;\"><\/span>\t\n\t\t\t<\/button>\n\t\t<\/div><!-- \/campos -->\n\t\t\n\t\t<label class=\"container_checkbox\">Voc\u00ea concorda com a nossa\n\t\t\t<a class=\"politics_privacy_ahref\" target=\"_blank\" href=\"https:\/\/gratis.estrategiaconcursos.com.br\/politica-de-privacidade\/\">Pol\u00edtica de Privacidade<\/a> e aceita receber informa\u00e7\u00f5es adicionais do Estrat\u00e9gia Educacional.\n\t\t\t<input id=\"checkbox_layout\" type=\"checkbox\" checked=\"checked\" required \/>\n\t\t\t<span class=\"checkbox\"><\/span>\n\t\t<\/label>\n\t\t<div id=\"msg\"><\/div>\n\t\t<div id=\"error\" class=\"error\">\n\t\t<\/div>\n\t<\/form>\n<\/div><!-- \/new-form -->\n\n\n\n<\/p><div id=\"ez-toc-container\" class=\"ez-toc-v2_0_76 counter-hierarchy ez-toc-counter ez-toc-transparent ez-toc-container-direction\">\n<div class=\"ez-toc-title-container\"><p class=\"ez-toc-title\" style=\"cursor:inherit\">Navegue pelo conte\u00fado<\/p>\n<\/div><nav><ul class='ez-toc-list ez-toc-list-level-1 ' ><li class='ez-toc-page-1 ez-toc-heading-level-2'><a class=\"ez-toc-link ez-toc-heading-1\" href=\"https:\/\/vestibulares.estrategia.com\/portal\/atualidades-e-dicas\/inteligencia-artificial-ia-desenvolva-repertorios-socioculturais-para-vestibular\/#O-que-e-inteligencia-artificial-e-deepfake\" >O que &eacute; intelig&ecirc;ncia artificial e deepfake?<\/a><\/li><li class='ez-toc-page-1 ez-toc-heading-level-2'><a class=\"ez-toc-link ez-toc-heading-2\" href=\"https:\/\/vestibulares.estrategia.com\/portal\/atualidades-e-dicas\/inteligencia-artificial-ia-desenvolva-repertorios-socioculturais-para-vestibular\/#Inteligencia-artificial-no-Brasil\" >Intelig&ecirc;ncia artificial no Brasil<\/a><\/li><li class='ez-toc-page-1 ez-toc-heading-level-2'><a class=\"ez-toc-link ez-toc-heading-3\" href=\"https:\/\/vestibulares.estrategia.com\/portal\/atualidades-e-dicas\/inteligencia-artificial-ia-desenvolva-repertorios-socioculturais-para-vestibular\/#Dados-sobre-o-uso-de-inteligencia-artificial\" >Dados sobre o uso de intelig&ecirc;ncia artificial<\/a><\/li><li class='ez-toc-page-1 ez-toc-heading-level-2'><a class=\"ez-toc-link ez-toc-heading-4\" href=\"https:\/\/vestibulares.estrategia.com\/portal\/atualidades-e-dicas\/inteligencia-artificial-ia-desenvolva-repertorios-socioculturais-para-vestibular\/#Onde-as-inteligencias-artificiais-sao-usadas\" >Onde as intelig&ecirc;ncias artificiais s&atilde;o usadas?<\/a><\/li><li class='ez-toc-page-1 ez-toc-heading-level-2'><a class=\"ez-toc-link ez-toc-heading-5\" href=\"https:\/\/vestibulares.estrategia.com\/portal\/atualidades-e-dicas\/inteligencia-artificial-ia-desenvolva-repertorios-socioculturais-para-vestibular\/#Inteligencia-artificial-e-racismo\" >Intelig&ecirc;ncia artificial e racismo&nbsp;<\/a><\/li><li class='ez-toc-page-1 ez-toc-heading-level-2'><a class=\"ez-toc-link ez-toc-heading-6\" href=\"https:\/\/vestibulares.estrategia.com\/portal\/atualidades-e-dicas\/inteligencia-artificial-ia-desenvolva-repertorios-socioculturais-para-vestibular\/#Questoes-sobre-inteligencia-artificial\" >Quest&otilde;es sobre intelig&ecirc;ncia artificial<\/a><\/li><li class='ez-toc-page-1 ez-toc-heading-level-2'><a class=\"ez-toc-link ez-toc-heading-7\" href=\"https:\/\/vestibulares.estrategia.com\/portal\/atualidades-e-dicas\/inteligencia-artificial-ia-desenvolva-repertorios-socioculturais-para-vestibular\/#De-qual-outra-forma-a-noticia-pode-cair-no-vestibular\" >De qual outra forma a not&iacute;cia pode cair no vestibular?<\/a><\/li><li class='ez-toc-page-1 ez-toc-heading-level-2'><a class=\"ez-toc-link ez-toc-heading-8\" href=\"https:\/\/vestibulares.estrategia.com\/portal\/atualidades-e-dicas\/inteligencia-artificial-ia-desenvolva-repertorios-socioculturais-para-vestibular\/#Conquiste-a-aprovacao-estudando-com-o-Estrategia-Vestibulares\" >Conquiste a aprova&ccedil;&atilde;o estudando com o Estrat&eacute;gia Vestibulares&nbsp;<\/a><\/li><\/ul><\/nav><\/div>\n<h2 class=\"wp-block-heading\" id=\"h-o-que-e-inteligencia-artificial-e-deepfake\"><span class=\"ez-toc-section\" id=\"O-que-e-inteligencia-artificial-e-deepfake\"><\/span>O que &eacute; intelig&ecirc;ncia artificial e deepfake?<span class=\"ez-toc-section-end\"><\/span><\/h2><p>A intelig&ecirc;ncia artificial (IA ou &ldquo;AI&rdquo;, de <em>artificial intelligence<\/em>, em ingl&ecirc;s) &eacute; uma tecnologia que permite &agrave;s m&aacute;quinas e aos algoritmos aprender com o comportamento humano, e com base em bancos de informa&ccedil;&otilde;es, a como tomar decis&otilde;es para al&eacute;m de ordens especificadas. Por exemplo, se voc&ecirc; consome muito conte&uacute;do sobre filmes nas redes sociais, a intelig&ecirc;ncia artificial presente nos c&oacute;digos de programa&ccedil;&atilde;o entender&aacute; que essa &eacute; sua &aacute;rea de interesse ao navegar pela internet, e sugerir&aacute; conte&uacute;dos dessa tem&aacute;tica ou relacionados &agrave; ela.<\/p><p>Outro bom exemplo &eacute; o ChatGPT, uma intelig&ecirc;ncia artificial capaz de aprender com a intera&ccedil;&atilde;o humana, e buscar informa&ccedil;&otilde;es em bancos de dados, para entregar respostas muito pr&oacute;ximas a de uma pessoa real que domina o assunto tratado. Temos tamb&eacute;m intelig&ecirc;ncias artificiais como a Siri, da Apple, e a Alexa, da Amazon, muito presentes no nosso dia a dia.<\/p><p>Ou seja, as intelig&ecirc;ncias artificiais n&atilde;o s&atilde;o capazes de &ldquo;pensar sozinhas&rdquo;, uma vez que todo seu conhecimento &eacute; adquirido a partir de produ&ccedil;&otilde;es humanas e de suas intera&ccedil;&otilde;es com pessoas reais.<\/p><p>J&aacute; o deepfake, &eacute; uma ferramenta usa de uma intelig&ecirc;ncia artificial para simular rostos de pessoas em v&iacute;deos, reproduzir express&otilde;es e sincronizar movimentos. No caso da campanha da Volkswagen, uma atriz foi usada para atuar como a cantora falecida, e teve seu rosto e express&otilde;es trocados pelos de Elis durante a edi&ccedil;&atilde;o.<\/p><p class=\"wp-block-verse\"><strong>Leia tamb&eacute;m:<\/strong><br><a href=\"https:\/\/vestibulares.estrategia.com\/portal\/materias\/redacao\/9-citacoes-sobre-inteligencia-artificial-para-usar-na-redacao\/\" target=\"_blank\">9 cita&ccedil;&otilde;es sobre intelig&ecirc;ncia artificial para usar na reda&ccedil;&atilde;o<\/a><br><a href=\"https:\/\/vestibulares.estrategia.com\/portal\/materias\/redacao\/11-citacoes-sobre-tecnologia-para-usar-na-redacao\/\" target=\"_blank\">11 cita&ccedil;&otilde;es sobre tecnologia para usar na reda&ccedil;&atilde;o<\/a><\/p><h2 class=\"wp-block-heading\" id=\"h-inteligencia-artificial-no-brasil\"><span class=\"ez-toc-section\" id=\"Inteligencia-artificial-no-Brasil\"><\/span>Intelig&ecirc;ncia artificial no Brasil<span class=\"ez-toc-section-end\"><\/span><\/h2><h3 class=\"wp-block-heading\" id=\"h-o-que-diz-a-lei\">O que diz a lei?<\/h3><p>Atualmente, o Brasil n&atilde;o possui nenhuma legisla&ccedil;&atilde;o espec&iacute;fica que trate sobre intelig&ecirc;ncias artificiais.&nbsp;<\/p><p>Em 2021, o <a href=\"https:\/\/www25.senado.leg.br\/web\/atividade\/materias\/-\/materia\/151547\" target=\"_blank\">Projeto de Lei (PL) 21\/2020<\/a> foi aprovado pela C&acirc;mara dos Deputados e seguiu para aprecia&ccedil;&atilde;o no Senado Federal, onde ainda est&aacute; em tramita&ccedil;&atilde;o. O texto do PL, em resumo, estabelece aspectos sobre o desenvolvimento e o uso de intelig&ecirc;ncias artificiais que depender&atilde;o de regulamenta&ccedil;&atilde;o de ag&ecirc;ncias especializadas e do Banco Central, colocando a responsabilidade exclusivamente sob poder da Uni&atilde;o, vetando legisla&ccedil;&otilde;es estaduais e municipais.&nbsp;<\/p><p>As orienta&ccedil;&otilde;es para regular o desenvolvimento de IAs que o texto apresenta s&atilde;o para uma produ&ccedil;&atilde;o com finalidade ben&eacute;fica, est&iacute;mulo a autorregula&ccedil;&atilde;o, centralidade humana, n&atilde;o discrimina&ccedil;&atilde;o e prote&ccedil;&atilde;o de dados pessoais, por exemplo. O texto foi elogiado pela Associa&ccedil;&atilde;o Brasileira de Empresas de Software em carta divulgada.<\/p><p>O Senado Federal, por sua vez, tamb&eacute;m teve um PL sobre intelig&ecirc;ncia artificial proposto pelo ent&atilde;o presidente da Casa, o senador Rodrigo Pacheco (PSD), que &eacute; o<a href=\"https:\/\/www25.senado.leg.br\/web\/atividade\/materias\/-\/materia\/157233?_gl=1*1gx9h2m*_ga*NzE5NzY4NzY4LjE2ODkzMzY0NDc.*_ga_CW3ZH25XMK*MTY4OTMzNjQ0Ny4xLjEuMTY4OTMzODk1Ny4wLjAuMA..\" target=\"_blank\"> PL 2.338\/2023<\/a>. De acordo com o Portal Senado Not&iacute;cias, o texto &eacute; &ldquo;resultado do trabalho de uma comiss&atilde;o de juristas que analisou, ao longo de 2022, outras propostas relacionadas ao assunto, al&eacute;m da legisla&ccedil;&atilde;o j&aacute; existente em outros pa&iacute;ses.&rdquo;<\/p><p>O projeto, assim como seu antecessor, se prop&otilde;e a criar regras para o desenvolvimento e uso de intelig&ecirc;ncias artificiais, e estabelece direitos &agrave;s pessoas afetadas pelo seu funcionamento. O texto define crit&eacute;rios para o uso de IAs por parte do poder p&uacute;blico, mas coloca sob responsabilidade do Poder Executivo a decis&atilde;o sobre quais &oacute;rg&atilde;os regulamentaram as pr&aacute;ticas envolvendo a tecnologia.&nbsp;<\/p><p>Ambos os projetos ainda precisam ser aprovados pelo Poder Legislativo e seguir para a san&ccedil;&atilde;o presidencial para, enfim, tornarem-se leis.&nbsp;<\/p><h3 class=\"wp-block-heading\" id=\"h-politica-e-fake-news\"><br>Pol&iacute;tica e fake news<\/h3><p>Sem regulamenta&ccedil;&atilde;o at&eacute; o momento, o uso de intelig&ecirc;ncia artificial se mostrou como um problema durante as elei&ccedil;&otilde;es estaduais e federais de 2022. O uso do <em>deepfake <\/em>foi respons&aacute;vel pela prolifera&ccedil;&atilde;o de informa&ccedil;&otilde;es falsas, as conhecidas <em>fake news<\/em>, sobre o pleito para presid&ecirc;ncia.&nbsp;<\/p><p>Em agosto do ano passado, a primeira informa&ccedil;&atilde;o falsa divulgada sobre as elei&ccedil;&otilde;es, que foi fabricada usando a tecnologia, trouxe a jornalista Renata Vasconcellos, do Jornal Nacional (Rede Globo), noticiando uma pesquisa de inten&ccedil;&atilde;o de voto para presid&ecirc;ncia da Rep&uacute;blica. Nela, o ex-presidente Jair Bolsonaro (PL), aparecia &agrave; frente de Lula (PT), quando, na verdade, os dados verdadeiros apontavam o contr&aacute;rio.&nbsp;<\/p><figure class=\"wp-block-embed is-type-video is-provider-youtube wp-block-embed-youtube wp-embed-aspect-16-9 wp-has-aspect-ratio\"><div class=\"wp-block-embed__wrapper\">\n<div class=\"cs-embed cs-embed-responsive\"><iframe title=\"Elei&ccedil;&otilde;es: 1&ordf; deepfake mostra pesquisa falsa entre Lula e Bolsonaro na voz de Renata Vasconcellos\" width=\"1200\" height=\"675\" src=\"https:\/\/www.youtube.com\/embed\/X3tU01FDPhA?feature=oembed\" frameborder=\"0\" allow=\"accelerometer; autoplay; clipboard-write; encrypted-media; gyroscope; picture-in-picture; web-share\" referrerpolicy=\"strict-origin-when-cross-origin\" allowfullscreen><\/iframe><\/div>\n<\/div><\/figure><p>Entretanto, o uso de IAs para gerar not&iacute;cias falsas na pol&iacute;tica n&atilde;o &eacute; exclusividade do Brasil. Em mar&ccedil;o de 2022, circulou pelas redes sociais um v&iacute;deo em que o presidente ucraniano Volodymyr Zelensky declarava a rendi&ccedil;&atilde;o de seu pa&iacute;s na guerra contra a R&uacute;ssia, iniciada em fevereiro do ano passado.<\/p><p>A informa&ccedil;&atilde;o era falsa e o grupo de tecnologia META, respons&aacute;vel pelo Facebook, Instagram e WhatsApp, removeu o v&iacute;deo de circula&ccedil;&atilde;o. O conflito europeu permanece at&eacute; esta publica&ccedil;&atilde;o.<\/p><figure class=\"wp-block-embed is-type-video is-provider-youtube wp-block-embed-youtube wp-embed-aspect-16-9 wp-has-aspect-ratio\"><div class=\"wp-block-embed__wrapper\">\n<div class=\"cs-embed cs-embed-responsive\"><iframe title=\"Deepfake video of Volodymyr Zelensky surrendering surfaces on social media\" width=\"1200\" height=\"675\" src=\"https:\/\/www.youtube.com\/embed\/X17yrEV5sl4?feature=oembed\" frameborder=\"0\" allow=\"accelerometer; autoplay; clipboard-write; encrypted-media; gyroscope; picture-in-picture; web-share\" referrerpolicy=\"strict-origin-when-cross-origin\" allowfullscreen><\/iframe><\/div>\n<\/div><\/figure><p class=\"wp-block-verse\"><strong>Veja tamb&eacute;m:<\/strong><br><a href=\"https:\/\/vestibulares.estrategia.com\/portal\/atualidades-e-dicas\/o-que-e-fake-news-veja-como-identificar-informacoes-falsas-na-internet\/\" target=\"_blank\">O que &eacute; fake news: veja como identificar informa&ccedil;&otilde;es falsas na internet<\/a><br><a href=\"https:\/\/vestibulares.estrategia.com\/portal\/materias\/redacao\/7-citacoes-sobre-politica-para-usar-na-redacao\/\" target=\"_blank\">7 cita&ccedil;&otilde;es sobre pol&iacute;tica para usar na reda&ccedil;&atilde;o<\/a><\/p><h2 class=\"wp-block-heading\" id=\"h-dados-sobre-o-uso-de-inteligencia-artificial\"><span class=\"ez-toc-section\" id=\"Dados-sobre-o-uso-de-inteligencia-artificial\"><\/span>Dados sobre o uso de intelig&ecirc;ncia artificial<span class=\"ez-toc-section-end\"><\/span><\/h2><p>Uma <a href=\"https:\/\/aiotbrasil.com.br\/ia\/brasil-e-o-quarto-pais-com-mais-confianca-na-ia\/\" target=\"_blank\">pesquisa realizada pela KPMG Austr&aacute;lia e pela Universidade de Queensland<\/a> e divulgada em abril deste ano, rankeou os pa&iacute;ses que mais demonstram aceita&ccedil;&atilde;o e confian&ccedil;a no uso de intelig&ecirc;ncias artificiais. O Brasil aparece em quarto lugar, com aceita&ccedil;&atilde;o de 56% entre os entrevistados, atr&aacute;s apenas de &Iacute;ndia, China e &Aacute;frica do Sul, respectivamente.<\/p><p>J&aacute; o <a href=\"https:\/\/www.poder360.com.br\/tecnologia\/56-confiam-em-inteligencia-artificial-no-brasil-diz-pesquisa\/\" target=\"_blank\">estudo &ldquo;Avan&ccedil;os na cultura organizacional baseada em dados, analytics e IA&rdquo;<\/a>, da Statistical Analysis System (SAS) e do International Data Corporation Pesquisa de Mercado e Consultoria (IDC), de outubro de 2022, demonstrou que o Brasil &eacute; o pa&iacute;s que mais usa IAs na Am&eacute;rica Latina.<\/p><p>Os dados apontam que 63% das empresas em territ&oacute;rio nacional utilizam a tecnologia, em contraste com a m&eacute;dia dos de 47% dos pa&iacute;ses da regi&atilde;o.<\/p><h2 class=\"wp-block-heading\" id=\"h-onde-as-inteligencias-artificiais-sao-usadas\"><span class=\"ez-toc-section\" id=\"Onde-as-inteligencias-artificiais-sao-usadas\"><\/span>Onde as intelig&ecirc;ncias artificiais s&atilde;o usadas?<span class=\"ez-toc-section-end\"><\/span><\/h2><p>Confira alguns exemplos do uso de intelig&ecirc;ncia artificial:<\/p><ul class=\"wp-block-list\">\n<li>Redes sociais;<\/li>\n\n\n\n<li>Servi&ccedil;os de streaming;<\/li>\n\n\n\n<li>Servi&ccedil;os de GPS;<\/li>\n\n\n\n<li>Chatbots;<\/li>\n\n\n\n<li>E-mail;<\/li>\n\n\n\n<li>Assistentes virtuais;<\/li>\n\n\n\n<li>Acess&oacute;rios de &ldquo;casa inteligente&rdquo;;<\/li>\n\n\n\n<li>Sites de busca;<\/li>\n\n\n\n<li>Teclado inteligente;<\/li>\n\n\n\n<li>Monitoramento do clima e sa&uacute;de das planta&ccedil;&otilde;es no setor agr&iacute;cola;<\/li>\n\n\n\n<li>Maquin&aacute;rio do setor industrial;<\/li>\n\n\n\n<li>Carros aut&ocirc;nomos;<\/li>\n\n\n\n<li>E-commerces;<\/li>\n\n\n\n<li>Games.<\/li>\n<\/ul><h2 class=\"wp-block-heading\" id=\"h-inteligencia-artificial-e-racismo-nbsp\"><span class=\"ez-toc-section\" id=\"Inteligencia-artificial-e-racismo\"><\/span>Intelig&ecirc;ncia artificial e racismo&nbsp;<span class=\"ez-toc-section-end\"><\/span><\/h2><p>Criadas com a capacidade de aprender com as intera&ccedil;&otilde;es humanas, as intelig&ecirc;ncias artificiais j&aacute; foram not&iacute;cia por comportamentos racistas e por outras manifesta&ccedil;&otilde;es de discurso de &oacute;dio. Em 2015, um usu&aacute;rio do Google Fotos, que usa intelig&ecirc;ncia artificial para armazenar fotos em pastas espec&iacute;ficas, <a href=\"https:\/\/brasil.elpais.com\/brasil\/2018\/01\/14\/tecnologia\/1515955554_803955.html\" target=\"_blank\">denunciou a plataforma por alocar as fotos de pessoas negras na pasta &ldquo;gorilas&rdquo;<\/a>.&nbsp;<\/p><p>Na ocasi&atilde;o, o Google se desculpou publicamente e prometeu encontrar uma solu&ccedil;&atilde;o para o erro. Dois anos mais tarde, a empresa removeu do buscador da IA o termo &ldquo;gorilas&rdquo;.&nbsp;<\/p><p>Outro exemplo vem da Microsoft. Em 2016, a empresa criou perfis nas principais redes sociais para serem comandados por uma intelig&ecirc;ncia artificial do tipo chatbot que simulava o comportamento de um adolescente.<\/p><p><a href=\"https:\/\/veja.abril.com.br\/tecnologia\/exposto-a-internet-robo-da-microsoft-vira-racista-em-1-dia\" target=\"_blank\">Em menos de 24 horas a IA foi removida <\/a>por ter aprendido e passado a reproduzir discursos preconceituosos contra negros e mulheres. &ldquo;Tay&rdquo;, como era chamado o chatbot, ainda demonstrou apoio a discursos de supremacia branca e negou o Holocausto.&nbsp;<\/p><h2 class=\"wp-block-heading\" id=\"h-questoes-sobre-inteligencia-artificial\"><span class=\"ez-toc-section\" id=\"Questoes-sobre-inteligencia-artificial\"><\/span>Quest&otilde;es sobre intelig&ecirc;ncia artificial<span class=\"ez-toc-section-end\"><\/span><\/h2><p>Confira exemplos de como a tem&aacute;tica de intelig&ecirc;ncia artificial j&aacute; foi abordado pelas bancas dos vestibulares:<\/p><h3 class=\"wp-block-heading\" id=\"h-universidade-de-pernambuco-upe-vestibular-2011\">Universidade de Pernambuco (UPE) &ndash; Vestibular 2011<\/h3><p>Como ser&aacute; a intelig&ecirc;ncia artificial depois do computador Watson<\/p><p>Watson, o novo supercomputador da IBM, assombrou o mundo ao se comportar como um humano. Mas as m&aacute;quinas ainda t&ecirc;m um obst&aacute;culo pela frente antes de dominar o mundo: a nossa burrice<\/p><p>por Pedro Burgos e Alexandre Versignassi<\/p><p>(1) &ldquo;Watson derrota a humanidade.&rdquo; Essa foi uma das manchetes para a vit&oacute;ria de Watson, um computador que ganhou dos melhores competidores que a ra&ccedil;a humana tinha dispon&iacute;vel no Jeopardy!, um jogo de perguntas e respostas da TV americana. Pudera: Jeopardy! &eacute; um jogo complexo. Para humanos, inclusive. S&atilde;o perguntas furtivas, tipo: &ldquo;Isso &eacute; s&oacute; um nariz sangrando! Voc&ecirc; n&atilde;o tem essa doen&ccedil;a gen&eacute;tica que j&aacute; foi end&ecirc;mica entre a realeza europeia. Qual &eacute; a doen&ccedil;a?&rdquo;; Watson acertou: hemofilia. Acertou essa e outras dezenas de perguntas capciosas &ndash; e, como seus concorrentes humanos, n&atilde;o estava ligado &agrave; Internet. Tudo o que ele tinha &agrave; disposi&ccedil;&atilde;o era uma mem&oacute;ria de 15 mil gigabytes com alguns milh&otilde;es de textos arquivados e uma capacidade de processamento equivalente &agrave; de 2 800 micros caseiros. Um computadorz&atilde;o bem programado, s&oacute; isso.<\/p><p>(2) Para responder perguntas nessa linha, um computador precisa entender a linguagem falada e ter um racioc&iacute;nio capaz de fazer associa&ccedil;&otilde;es inesperadas. At&eacute; fevereiro, isso era exclusividade de humanos. Mas e agora, que perdemos para esse ser gelado? D&aacute; para dizer que a intelig&ecirc;ncia artificial est&aacute; se equiparando &agrave; nossa intelig&ecirc;ncia?<\/p><p>(3) O debate est&aacute; pegando fogo. De um lado, h&aacute; os que vibram com Watson e similares e acreditam que os computadores v&atilde;o superar logo a intelig&ecirc;ncia humana. A outra corrente diz que, por mais complexo e surpreendente que seja o feito de um computador, ele nunca ser&aacute; compar&aacute;vel ao de uma pessoa. Seriam duas intelig&ecirc;ncias distintas.<\/p><p>(4) O termo &ldquo;computador&rdquo; denunciaria isso, por sinal. At&eacute; a metade do s&eacute;culo 20, &ldquo;computador&rdquo; era uma profiss&atilde;o. Eram pessoas respons&aacute;veis por fazer c&aacute;lculos longos &ndash; como pegar um monte de dados astron&ocirc;micos e calcular quando um cometa passaria de novo pela Terra. Pessoas inteligentes, claro. Mas e hoje? Bom, hoje inteligente &eacute; quem bola o programa para que o computador resolva as contas.<\/p><p>(5) Toda vez que conseguimos delegar uma fun&ccedil;&atilde;o para m&aacute;quinas, a tarefa perde a nobreza. Isso aconteceu at&eacute; na derrota do campe&atilde;o Kasparov para Deep Blue em 1997. Enquanto os defensores da intelig&ecirc;ncia artificial comemoravam, os da humanidade sa&iacute;ram-se nessa linha: &ldquo;Bom, xadrez &eacute; s&oacute; um jogo de an&aacute;lise estat&iacute;stica bruta. N&atilde;o requer intelig&ecirc;ncia de verdade&rdquo;. Com a vit&oacute;ria no Jeopardy!, pode acontecer a mesma coisa: &ldquo;Computadores v&atilde;o bem? Ah, o jogo n&atilde;o &eacute; nada de mais&rdquo;.<\/p><p>(6) Mas e se habilidades que consideramos pessoais e intransfer&iacute;veis da nossa esp&eacute;cie puderem ser executadas por m&aacute;quinas sofisticadas? Como ficamos? Se quisermos reduzir as habilidades do Homo sapiens a instru&ccedil;&otilde;es de programa&ccedil;&atilde;o, o talento para a poesia, por exemplo, pode ser descrito como um programa capaz de achar uma boa combina&ccedil;&atilde;o de palavras. E daria para definir um l&iacute;der pol&iacute;tico como um sujeito com um bom software para analisar riscos e oportunidades.<\/p><p>(7) N&atilde;o &eacute; fantasia. O pr&oacute;prio Watson pode servir para tarefas bem mais humanas que responder perguntas. Programado adequadamente, ele pode fazer diagn&oacute;sticos com mais precis&atilde;o que um m&eacute;dico &ndash; da mesma forma que uma calculadora de bolso &eacute; mais r&aacute;pida que qualquer g&ecirc;nio da matem&aacute;tica. O supercomputador tem como ouvir relatos orais de pacientes e cruzar os sintomas com o banco de dados de toda a literatura m&eacute;dica em segundos. Mas isso torna os humanos dispens&aacute;veis? N&atilde;o. Por mais que uma m&aacute;quina consiga feitos mirabolantes, ela vai ser sempre uma ferramenta que depende de humanos. Um &ldquo;computador m&eacute;dico&rdquo; precisa de m&eacute;dicos para ser programado. Os c&eacute;rebros humanos por tr&aacute;s s&atilde;o t&atilde;o importantes que o pr&oacute;prio Watson errou quest&otilde;es por bobeira de programa&ccedil;&atilde;o. Um dos deslizes: perguntaram qual categoria da elite do automobilismo tem o nome de uma tecla de computador. &ldquo;F-1&rdquo; era a resposta. Qualquer batedeira tem capacidade de processamento para cruzar uma lista de nomes de teclas com uma de categorias de corridas. Mas a coisa mais pr&oacute;xima que Watson tinha para dizer era &ldquo;Nascar&rdquo;. Falha dele? N&atilde;o, dos programadores &ndash; a F&oacute;rmula 1 &eacute; solenemente ignorada nos EUA.<\/p><p>(8) O erro nessas horas &eacute; imaginar que as m&aacute;quinas s&atilde;o uma esp&eacute;cie &agrave; parte. Computadores s&atilde;o s&oacute; alicates e martelos mais complexos. E quando voc&ecirc; marreta o dedo n&atilde;o &eacute; culpa da natureza do martelo, mas sua, que n&atilde;o soube &ldquo;programar&rdquo; a martelada. A vida &eacute; melhor com martelos. Com supercomputadores tamb&eacute;m. A vit&oacute;ria de um &eacute; uma vit&oacute;ria da humanidade. E sempre ser&aacute;, mesmo no dia em que uma m&aacute;quina puder escrever um texto como este bem melhor do que a gente.<\/p><p>Dispon&iacute;vel em http:\/\/super.abril.com.br\/tecnologia\/como-sera-inteligencia-artificial-depois-computador-watson-625679.shtml. Acessado em 25 de maio de 2011. (com adapta&ccedil;&otilde;es)<\/p><p>A afirmativa que traduz a ideia global do texto 1 est&aacute; contida na alternativa<\/p><p><strong>A) <\/strong>A vit&oacute;ria do computador Watson &eacute; um forte ind&iacute;cio de que os computadores s&atilde;o mais inteligentes que os seres humanos.<\/p><p><strong>B) <\/strong>As m&aacute;quinas nunca superar&atilde;o os seres humanos, uma vez que a intelig&ecirc;ncia artificial &eacute; uma extens&atilde;o de nossa intelig&ecirc;ncia.<\/p><p><strong>C)<\/strong> As m&aacute;quinas ser&atilde;o t&atilde;o inteligentes quanto os homens quando conseguirem escrever poesia e lidar com quest&otilde;es pol&iacute;ticas.<\/p><p><strong>D) <\/strong>O fato de o computador Watson ter errado algumas quest&otilde;es durante o jogo prova que ele &eacute; menos inteligente que o ser humano.<\/p><p><strong>E) <\/strong>Embora tenham conseguido superar as limita&ccedil;&otilde;es dos seres humanos, as m&aacute;quinas nunca dominar&atilde;o o mundo.<\/p><p class=\"wp-block-verse\"><strong>Resolu&ccedil;&atilde;o:<\/strong> A alternativa B est&aacute; correta.<\/p><h3 class=\"wp-block-heading\" id=\"h-centro-universitario-de-anapolis-unievangelica-vestibular-2018\">Centro Universit&aacute;rio de An&aacute;polis (Unievang&eacute;lica) &ndash; Vestibular 2018<\/h3><p>Alex Barnet: &ndash; Hay ind&iacute;cios de que la brecha tecnol&oacute;gica ente ricos y pobres se est&aacute; haciendo cada vez mayor.<\/p><p>Ray Kurzweil: S&iacute; y es un mal s&iacute;ntoma. Pero el desarrollo tecnol&oacute;gico puede significar sufrimiento o liberaci&oacute;n, y creo que en conjunto veremos m&aacute;s liberaci&oacute;n que sufrimiento. Creo que el desarrollo de la tecnolog&iacute;a, impulsada por la investigaci&oacute;n de punta, est&aacute; haciendo m&aacute;s asequibles muchos productos b&aacute;sicos para millones de personas. Pensemos, por ejemplo, en toda la informaci&oacute;n valiosa y gratuita que est&aacute; disponible en Internet.<\/p><p>&ndash; Su pr&oacute;ximo libro se titula &ldquo;La Singularidad est&aacute; cerca&rdquo;. &iquest;Cu&aacute;l essu mensaje central?<\/p><p>&ndash; La Singularidad es un concepto que acu&ntilde;&oacute; en los a&ntilde;os &rsquo;50 John Von Newmann, uno de los padres de la cibern&eacute;tica, para referirse al impacto que tendr&iacute;a el desarrollo tecnol&oacute;gico sobre el futuro. Tambi&eacute;n es un t&eacute;rmino que en matem&aacute;tica significa infinito. En el libro hablo del cambio crucial y profundo que representar&aacute; la uni&oacute;n de la inteligencia artificial y la humana. Ser&aacute; una ruptura en la historia.<\/p><p>&ndash; &iquest;Tiene fecha la Singularidad?<\/p><p>&ndash; En cinco d&eacute;cadas nacer&aacute; una inteligencia artificial tan humana que cambiar&aacute; la civilizaci&oacute;n, porque alterar&aacute; el concepto que tenemos de nosotros, nuestra relaci&oacute;n con las m&aacute;quinas y el papel de &eacute;stas.<\/p><p>&ndash; El paso siguiente es pensar que la inteligencia humana ser&aacute; superada por la artificial. Y eso evoca muchas visiones apocal&iacute;pticas&hellip;<\/p><p>&ndash; Una vez que las computadoras alcancen el nivel humano de inteligencia es natural que lo superen, ya que lo aventajan en capacidad para recordar y procesar informaci&oacute;n. Esto entra&ntilde;a peligros, pero son solucionables. Desde hace miles de a&ntilde;os convivimos con los peligros de la tecnolog&iacute;a. Por otro lado, la Singularidad nos abrir&aacute; puertas que nos enriquecer&aacute;n.<\/p><p>&ndash; &iquest;Por ejemplo?<\/p><p>&ndash; Seremos m&aacute;s inteligentes, pensaremos con m&aacute;s rapidez y profundidad. Iremos m&aacute;s all&aacute; de nuestro cuerpo. Podremos vivir en entornos de realidad virtual que integrar&aacute;n todos los sentidos y pensar en algo parecido a la inmortalidad.<\/p><p>&ndash; &iquest;Esta visi&oacute;n tiene un componente religioso?<\/p><p>-No necesariamente, pero estamos hablando de algo tan trascendental que para explicarlo hay que utilizar un lenguaje casi religioso.<\/p><p>&ndash; &iquest;La tecnolog&iacute;a ser&aacute; nuestra aliada o es un terreno imprevisible?<\/p><p>&ndash; Hay algo de imprevisible. El problema es que la tecnolog&iacute;a peligrosa es la misma que la que nos ayuda. La historia es nuestra y tenemos que escribirla con la tecnolog&iacute;a como aliada. No podemos ni debemos renunciar a ella.<\/p><p>Segundo Ray Kurzweil, o conceito de &ldquo;singularidade&rdquo; vincula-se<\/p><p><strong>A)<\/strong> &agrave; jun&ccedil;&atilde;o da intelig&ecirc;ncia humana com a intelig&ecirc;ncia artificial.<\/p><p><strong>B)<\/strong> ao papel das m&aacute;quinas na sociedade atual.<\/p><p><strong>C)<\/strong> ao conceito que os cientistas da cibern&eacute;tica usam para referir-se &agrave; realidade virtual.<\/p><p><strong>D)<\/strong> a um conceito matem&aacute;tico n&atilde;o ligado aos computadores.<\/p><p><strong>E)<\/strong> aos perigos que representa o desenvolvimento da intelig&ecirc;ncia artificial.<\/p><p><strong>F)<\/strong> I.R.<\/p><p class=\"wp-block-verse\"><strong>Resolu&ccedil;&atilde;o:<\/strong> A alternativa A est&aacute; correta.<\/p><h2 class=\"wp-block-heading\" id=\"h-de-qual-outra-forma-a-noticia-pode-cair-no-vestibular\"><span class=\"ez-toc-section\" id=\"De-qual-outra-forma-a-noticia-pode-cair-no-vestibular\"><\/span>De qual outra forma a not&iacute;cia pode cair no vestibular?<span class=\"ez-toc-section-end\"><\/span><\/h2><p>J&aacute; deu para perceber que os debates sobre o uso de intelig&ecirc;ncia artificial s&atilde;o muitos, certo? Mas a campanha publicit&aacute;ria, foco da not&iacute;cia, n&atilde;o se destacou apenas por isso.<\/p><p>Assim que passou a ser veiculada, na primeira semana de julho, discuss&otilde;es sobre o antagonismo pol&iacute;tico entre Elis Regina e a Volkswagen foram levantadas. E isso se deve ao fato de que a montadora foi alvo de inqu&eacute;rito, em 2015, a pedido de sindicatos e da Comiss&atilde;o Nacional da Verdade (CNV) &mdash; respons&aacute;vel pela investiga&ccedil;&atilde;o de crimes da ditadura militar de 1964 a 1985 &mdash; para apurar seu apoio a viola&ccedil;&otilde;es de direitos humanos por parte do regime.<\/p><p>O relat&oacute;rio do inqu&eacute;rito concluiu que a empresa aliou-se &agrave; ditadura expontaneamente, e que o presidente da sede da Volks em 1964, Friedrich Schultz-Wenk, era ex-filiado do partido nazista. Entre as a&ccedil;&otilde;es de cumplicidade da montadora estava o fornecimento de carros para opera&ccedil;&otilde;es, e a entrega de funcion&aacute;rios para os servi&ccedil;os de repress&atilde;o, sabendo da conduta de torturas dos &oacute;rg&atilde;os da ditadura, e ao menos um funcion&aacute;rio relatou ter sido torturado na pr&oacute;pria empresa.<\/p><p>Em 2020, a Volkswagen pagou R$ 36 milh&otilde;es de indeniza&ccedil;&atilde;o aos ex-funcion&aacute;rios e &agrave;s fam&iacute;lias daqueles que n&atilde;o sobreviverem ao serem denunciados e entregues &agrave; ditadura militar.<\/p><p>Do outro lado, est&aacute; Elis Regina, que sofreu persegui&ccedil;&atilde;o dos militares e foi for&ccedil;ada a cantar em um evento militar para celebrar o sesquicenten&aacute;rio da independ&ecirc;ncia do Brasil, em 1972. A cantora, que era cr&iacute;tica ao regime, fazia shows beneficentes para sindicatos de trabalhadores e cantava composi&ccedil;&otilde;es contra os ditadores, como a m&uacute;sica &ldquo;O B&ecirc;bado e o Equilibrista&rdquo;.<\/p><p class=\"wp-block-verse\"><strong>Saiba mais:<\/strong><br><a href=\"https:\/\/vestibulares.estrategia.com\/portal\/materias\/historia\/golpe-militar-no-brasil\/\" target=\"_blank\">Golpe Militar no Brasil: o marco inicial da ditadura no pa&iacute;s<\/a><br><a href=\"https:\/\/vestibulares.estrategia.com\/portal\/materias\/historia\/redemocratizacao\/\" target=\"_blank\">Redemocratiza&ccedil;&atilde;o do Brasil: per&iacute;odo p&oacute;s ditadura e acontecimentos<\/a><br><a href=\"https:\/\/vestibulares.estrategia.com\/portal\/materias\/redacao\/filmes-sobre-ditadura-militar-no-brasil\/\" target=\"_blank\">11 filmes sobre ditadura militar no Brasil para usar como repert&oacute;rio na reda&ccedil;&atilde;o<br><\/a><\/p><h2 class=\"wp-block-heading\" id=\"h-conquiste-a-aprovacao-estudando-com-o-estrategia-vestibulares-nbsp\"><span class=\"ez-toc-section\" id=\"Conquiste-a-aprovacao-estudando-com-o-Estrategia-Vestibulares\"><\/span>Conquiste a aprova&ccedil;&atilde;o estudando com o Estrat&eacute;gia Vestibulares&nbsp;<span class=\"ez-toc-section-end\"><\/span><\/h2><p>Quer fazer parte do time de aprovados do Estrat&eacute;gia Vestibulares? Al&eacute;m de oferecer aulas e revis&otilde;es gratuitas no nosso canal no YouTube, a plataforma conta com cursos espec&iacute;ficos para as bancas dos principais vestibulares do Brasil, e muito mais vantagens:<\/p><ul class=\"wp-block-list\">\n<li>Livros digitais;<\/li>\n\n\n\n<li>Corre&ccedil;&atilde;o ilimitada de <a href=\"https:\/\/vestibulares.estrategia.com\/portal\/redacao\/enem-redacao\/\" target=\"_blank\">reda&ccedil;&otilde;es<\/a>;<\/li>\n\n\n\n<li>F&oacute;rum de d&uacute;vidas;<\/li>\n\n\n\n<li><a href=\"https:\/\/vestibulares.estrategia.com\/portal\/simulado\/simulado-enem\/\" target=\"_blank\">Simulados<\/a> com quest&otilde;es in&eacute;ditas;<\/li>\n\n\n\n<li>Banco de Quest&otilde;es;<\/li>\n\n\n\n<li>Mapas mentais e muito mais.<\/li>\n<\/ul><p>Ficou interessado? Ent&atilde;o, clique no banner e veja tudo sobre os cursos oferecidos pelo Estrat&eacute;gia Vestibulares!<\/p><p>\n\n\n\n<a id=\"cta\" class=\"cta-imagem\" href=\"https:\/\/vestibulares.estrategia.com\/cursos\/\" target=\"blank\">\n                <img decoding=\"async\" width=\"100%\" src=\"https:\/\/vestibulares.estrategia.com\/portal\/wp-content\/uploads\/2021\/12\/EV2.jpg\" alt=\"CTA - Estrat\u00e9gia Vestibulares 2\" title=\"CTA - Estrat\u00e9gia Vestibulares 2\">\n        <\/a>\n\n\n\n\n<\/p><\/p>\n","protected":false},"excerpt":{"rendered":"O uso desse tipo de tecnologia tem ganhado espa\u00e7o nos debates \u00e9ticos, pol\u00edticos e de seguran\u00e7a; confira as principais informa\u00e7\u00f5es sobre IAS #PodeCairNoVestibular\n","protected":false},"author":48,"featured_media":95148,"comment_status":"closed","ping_status":"closed","sticky":false,"template":"","format":"standard","meta":{"wl_entities_gutenberg":"","footnotes":""},"categories":[46],"tags":[],"wl_entity_type":[732],"class_list":{"0":"post-95144","1":"post","2":"type-post","3":"status-publish","4":"format-standard","5":"has-post-thumbnail","7":"category-atualidades-e-dicas","8":"wl_entity_type-article"},"acf":[],"yoast_head":"<!-- This site is optimized with the Yoast SEO Premium plugin v25.9 (Yoast SEO v25.9) - https:\/\/yoast.com\/wordpress\/plugins\/seo\/ -->\n<title>Intelig\u00eancia Artificial (IA): desenvolva repert\u00f3rios socioculturais para vestibular repert\u00f3rio sociocultural sobre intelig\u00eancia artificial: entenda o tema<\/title>\n<meta name=\"description\" content=\"A tecnologia tem ganhado espa\u00e7o nos debates \u00e9ticos e de seguran\u00e7a; confira as principais informa\u00e7\u00f5es sobre IAS.\" \/>\n<meta name=\"robots\" content=\"index, follow, max-snippet:-1, max-image-preview:large, max-video-preview:-1\" \/>\n<link rel=\"canonical\" href=\"https:\/\/vestibulares.estrategia.com\/portal\/atualidades-e-dicas\/inteligencia-artificial-ia-desenvolva-repertorios-socioculturais-para-vestibular\/\" \/>\n<meta property=\"og:locale\" content=\"pt_BR\" \/>\n<meta property=\"og:type\" content=\"article\" \/>\n<meta property=\"og:title\" content=\"Intelig\u00eancia Artificial (IA): desenvolva repert\u00f3rios socioculturais para vestibular\" \/>\n<meta property=\"og:description\" content=\"A tecnologia tem ganhado espa\u00e7o nos debates \u00e9ticos e de seguran\u00e7a; confira as principais informa\u00e7\u00f5es sobre IAS.\" \/>\n<meta property=\"og:url\" content=\"https:\/\/vestibulares.estrategia.com\/portal\/atualidades-e-dicas\/inteligencia-artificial-ia-desenvolva-repertorios-socioculturais-para-vestibular\/\" \/>\n<meta property=\"og:site_name\" content=\"Estrat\u00e9gia Vestibulares\" \/>\n<meta property=\"article:publisher\" content=\"https:\/\/facebook.com\/estrategiavestibulares\" \/>\n<meta property=\"article:published_time\" content=\"2023-07-17T18:31:40+00:00\" \/>\n<meta property=\"article:modified_time\" content=\"2024-11-03T18:15:24+00:00\" \/>\n<meta property=\"og:image\" content=\"https:\/\/vestibulares.estrategia.com\/portal\/wp-content\/uploads\/2023\/07\/inteligencia-artificial-repertorio-sociocultural.jpg\" \/>\n\t<meta property=\"og:image:width\" content=\"1200\" \/>\n\t<meta property=\"og:image:height\" content=\"801\" \/>\n\t<meta property=\"og:image:type\" content=\"image\/jpeg\" \/>\n<meta name=\"author\" content=\"Beatriz Santana\" \/>\n<meta name=\"twitter:card\" content=\"summary_large_image\" \/>\n<meta name=\"twitter:creator\" content=\"@Estrategiavest\" \/>\n<meta name=\"twitter:site\" content=\"@Estrategiavest\" \/>\n<meta name=\"twitter:label1\" content=\"Escrito por\" \/>\n\t<meta name=\"twitter:data1\" content=\"Beatriz Santana\" \/>\n\t<meta name=\"twitter:label2\" content=\"Est. tempo de leitura\" \/>\n\t<meta name=\"twitter:data2\" content=\"18 minutos\" \/>\n<script type=\"application\/ld+json\" class=\"yoast-schema-graph\">{\"@context\":\"https:\/\/schema.org\",\"@graph\":[{\"@type\":\"Article\",\"@id\":\"https:\/\/vestibulares.estrategia.com\/portal\/atualidades-e-dicas\/inteligencia-artificial-ia-desenvolva-repertorios-socioculturais-para-vestibular\/#article\",\"isPartOf\":{\"@id\":\"https:\/\/vestibulares.estrategia.com\/portal\/atualidades-e-dicas\/inteligencia-artificial-ia-desenvolva-repertorios-socioculturais-para-vestibular\/\"},\"author\":{\"name\":\"Beatriz Santana\",\"@id\":\"https:\/\/vestibulares.estrategia.com\/portal\/#\/schema\/person\/cdd941dcf53839374c0bc8d39bb0230f\"},\"headline\":\"Intelig\u00eancia Artificial (IA): desenvolva repert\u00f3rios socioculturais para vestibular\",\"datePublished\":\"2023-07-17T18:31:40+00:00\",\"dateModified\":\"2024-11-03T18:15:24+00:00\",\"mainEntityOfPage\":{\"@id\":\"https:\/\/vestibulares.estrategia.com\/portal\/atualidades-e-dicas\/inteligencia-artificial-ia-desenvolva-repertorios-socioculturais-para-vestibular\/\"},\"wordCount\":3688,\"publisher\":{\"@id\":\"https:\/\/vestibulares.estrategia.com\/portal\/#organization\"},\"image\":{\"@id\":\"https:\/\/vestibulares.estrategia.com\/portal\/atualidades-e-dicas\/inteligencia-artificial-ia-desenvolva-repertorios-socioculturais-para-vestibular\/#primaryimage\"},\"thumbnailUrl\":\"https:\/\/vestibulares.estrategia.com\/portal\/wp-content\/uploads\/2023\/07\/inteligencia-artificial-repertorio-sociocultural.jpg\",\"articleSection\":[\"Atualidades e Dicas\"],\"inLanguage\":\"pt-BR\"},{\"@type\":\"WebPage\",\"@id\":\"https:\/\/vestibulares.estrategia.com\/portal\/atualidades-e-dicas\/inteligencia-artificial-ia-desenvolva-repertorios-socioculturais-para-vestibular\/\",\"url\":\"https:\/\/vestibulares.estrategia.com\/portal\/atualidades-e-dicas\/inteligencia-artificial-ia-desenvolva-repertorios-socioculturais-para-vestibular\/\",\"name\":\"Intelig\u00eancia Artificial (IA): desenvolva repert\u00f3rios socioculturais para vestibular repert\u00f3rio sociocultural sobre intelig\u00eancia artificial: entenda o tema\",\"isPartOf\":{\"@id\":\"https:\/\/vestibulares.estrategia.com\/portal\/#website\"},\"primaryImageOfPage\":{\"@id\":\"https:\/\/vestibulares.estrategia.com\/portal\/atualidades-e-dicas\/inteligencia-artificial-ia-desenvolva-repertorios-socioculturais-para-vestibular\/#primaryimage\"},\"image\":{\"@id\":\"https:\/\/vestibulares.estrategia.com\/portal\/atualidades-e-dicas\/inteligencia-artificial-ia-desenvolva-repertorios-socioculturais-para-vestibular\/#primaryimage\"},\"thumbnailUrl\":\"https:\/\/vestibulares.estrategia.com\/portal\/wp-content\/uploads\/2023\/07\/inteligencia-artificial-repertorio-sociocultural.jpg\",\"datePublished\":\"2023-07-17T18:31:40+00:00\",\"dateModified\":\"2024-11-03T18:15:24+00:00\",\"description\":\"A tecnologia tem ganhado espa\u00e7o nos debates \u00e9ticos e de seguran\u00e7a; confira as principais informa\u00e7\u00f5es sobre IAS.\",\"breadcrumb\":{\"@id\":\"https:\/\/vestibulares.estrategia.com\/portal\/atualidades-e-dicas\/inteligencia-artificial-ia-desenvolva-repertorios-socioculturais-para-vestibular\/#breadcrumb\"},\"inLanguage\":\"pt-BR\",\"potentialAction\":[{\"@type\":\"ReadAction\",\"target\":[\"https:\/\/vestibulares.estrategia.com\/portal\/atualidades-e-dicas\/inteligencia-artificial-ia-desenvolva-repertorios-socioculturais-para-vestibular\/\"]}]},{\"@type\":\"ImageObject\",\"inLanguage\":\"pt-BR\",\"@id\":\"https:\/\/vestibulares.estrategia.com\/portal\/atualidades-e-dicas\/inteligencia-artificial-ia-desenvolva-repertorios-socioculturais-para-vestibular\/#primaryimage\",\"url\":\"https:\/\/vestibulares.estrategia.com\/portal\/wp-content\/uploads\/2023\/07\/inteligencia-artificial-repertorio-sociocultural.jpg\",\"contentUrl\":\"https:\/\/vestibulares.estrategia.com\/portal\/wp-content\/uploads\/2023\/07\/inteligencia-artificial-repertorio-sociocultural.jpg\",\"width\":1200,\"height\":801},{\"@type\":\"BreadcrumbList\",\"@id\":\"https:\/\/vestibulares.estrategia.com\/portal\/atualidades-e-dicas\/inteligencia-artificial-ia-desenvolva-repertorios-socioculturais-para-vestibular\/#breadcrumb\",\"itemListElement\":[{\"@type\":\"ListItem\",\"position\":1,\"name\":\"Home\",\"item\":\"https:\/\/vestibulares.estrategia.com\/portal\/\"},{\"@type\":\"ListItem\",\"position\":2,\"name\":\"Atualidades e Dicas\",\"item\":\"https:\/\/vestibulares.estrategia.com\/portal\/atualidades-e-dicas\/\"},{\"@type\":\"ListItem\",\"position\":3,\"name\":\"Intelig\u00eancia Artificial (IA): desenvolva repert\u00f3rios socioculturais para vestibular\"}]},{\"@type\":\"WebSite\",\"@id\":\"https:\/\/vestibulares.estrategia.com\/portal\/#website\",\"url\":\"https:\/\/vestibulares.estrategia.com\/portal\/\",\"name\":\"Estrat\u00e9gia Vestibulares\",\"description\":\"\",\"publisher\":{\"@id\":\"https:\/\/vestibulares.estrategia.com\/portal\/#organization\"},\"potentialAction\":[{\"@type\":\"SearchAction\",\"target\":{\"@type\":\"EntryPoint\",\"urlTemplate\":\"https:\/\/vestibulares.estrategia.com\/portal\/?s={search_term_string}\"},\"query-input\":{\"@type\":\"PropertyValueSpecification\",\"valueRequired\":true,\"valueName\":\"search_term_string\"}}],\"inLanguage\":\"pt-BR\"},{\"@type\":\"Organization\",\"@id\":\"https:\/\/vestibulares.estrategia.com\/portal\/#organization\",\"name\":\"Estrat\u00e9gia Vestibulares\",\"url\":\"https:\/\/vestibulares.estrategia.com\/portal\/\",\"logo\":{\"@type\":\"ImageObject\",\"inLanguage\":\"pt-BR\",\"@id\":\"https:\/\/vestibulares.estrategia.com\/portal\/#\/schema\/logo\/image\/\",\"url\":\"https:\/\/vestibulares.estrategia.com\/portal\/wp-content\/uploads\/2021\/06\/Logo-Vestibulares@4x.png\",\"contentUrl\":\"https:\/\/vestibulares.estrategia.com\/portal\/wp-content\/uploads\/2021\/06\/Logo-Vestibulares@4x.png\",\"width\":250,\"height\":66,\"caption\":\"Estrat\u00e9gia Vestibulares\"},\"image\":{\"@id\":\"https:\/\/vestibulares.estrategia.com\/portal\/#\/schema\/logo\/image\/\"},\"sameAs\":[\"https:\/\/facebook.com\/estrategiavestibulares\",\"https:\/\/x.com\/Estrategiavest\",\"https:\/\/www.instagram.com\/estrategiavestibulares\",\"https:\/\/www.youtube.com\/channel\/UCGWdZy8ULI-7_5GrABa4vNA\"]},{\"@type\":\"Person\",\"@id\":\"https:\/\/vestibulares.estrategia.com\/portal\/#\/schema\/person\/cdd941dcf53839374c0bc8d39bb0230f\",\"name\":\"Beatriz Santana\",\"image\":{\"@type\":\"ImageObject\",\"inLanguage\":\"pt-BR\",\"@id\":\"https:\/\/vestibulares.estrategia.com\/portal\/#\/schema\/person\/image\/\",\"url\":\"https:\/\/vestibulares.estrategia.com\/portal\/wp-content\/uploads\/2022\/01\/WhatsApp-Image-2021-10-21-at-10.19.09-1-150x150.webp\",\"contentUrl\":\"https:\/\/vestibulares.estrategia.com\/portal\/wp-content\/uploads\/2022\/01\/WhatsApp-Image-2021-10-21-at-10.19.09-1-150x150.webp\",\"caption\":\"Beatriz Santana\"},\"description\":\"Jornalista formada pela Unesp\",\"url\":\"https:\/\/vestibulares.estrategia.com\/portal\/author\/beatriz-santana\/\"}]}<\/script>\n<!-- \/ Yoast SEO Premium plugin. -->","yoast_head_json":{"title":"Intelig\u00eancia Artificial (IA): desenvolva repert\u00f3rios socioculturais para vestibular repert\u00f3rio sociocultural sobre intelig\u00eancia artificial: entenda o tema","description":"A tecnologia tem ganhado espa\u00e7o nos debates \u00e9ticos e de seguran\u00e7a; confira as principais informa\u00e7\u00f5es sobre IAS.","robots":{"index":"index","follow":"follow","max-snippet":"max-snippet:-1","max-image-preview":"max-image-preview:large","max-video-preview":"max-video-preview:-1"},"canonical":"https:\/\/vestibulares.estrategia.com\/portal\/atualidades-e-dicas\/inteligencia-artificial-ia-desenvolva-repertorios-socioculturais-para-vestibular\/","og_locale":"pt_BR","og_type":"article","og_title":"Intelig\u00eancia Artificial (IA): desenvolva repert\u00f3rios socioculturais para vestibular","og_description":"A tecnologia tem ganhado espa\u00e7o nos debates \u00e9ticos e de seguran\u00e7a; confira as principais informa\u00e7\u00f5es sobre IAS.","og_url":"https:\/\/vestibulares.estrategia.com\/portal\/atualidades-e-dicas\/inteligencia-artificial-ia-desenvolva-repertorios-socioculturais-para-vestibular\/","og_site_name":"Estrat\u00e9gia Vestibulares","article_publisher":"https:\/\/facebook.com\/estrategiavestibulares","article_published_time":"2023-07-17T18:31:40+00:00","article_modified_time":"2024-11-03T18:15:24+00:00","og_image":[{"width":1200,"height":801,"url":"https:\/\/vestibulares.estrategia.com\/portal\/wp-content\/uploads\/2023\/07\/inteligencia-artificial-repertorio-sociocultural.jpg","type":"image\/jpeg"}],"author":"Beatriz Santana","twitter_card":"summary_large_image","twitter_creator":"@Estrategiavest","twitter_site":"@Estrategiavest","twitter_misc":{"Escrito por":"Beatriz Santana","Est. tempo de leitura":"18 minutos"},"schema":{"@context":"https:\/\/schema.org","@graph":[{"@type":"Article","@id":"https:\/\/vestibulares.estrategia.com\/portal\/atualidades-e-dicas\/inteligencia-artificial-ia-desenvolva-repertorios-socioculturais-para-vestibular\/#article","isPartOf":{"@id":"https:\/\/vestibulares.estrategia.com\/portal\/atualidades-e-dicas\/inteligencia-artificial-ia-desenvolva-repertorios-socioculturais-para-vestibular\/"},"author":{"name":"Beatriz Santana","@id":"https:\/\/vestibulares.estrategia.com\/portal\/#\/schema\/person\/cdd941dcf53839374c0bc8d39bb0230f"},"headline":"Intelig\u00eancia Artificial (IA): desenvolva repert\u00f3rios socioculturais para vestibular","datePublished":"2023-07-17T18:31:40+00:00","dateModified":"2024-11-03T18:15:24+00:00","mainEntityOfPage":{"@id":"https:\/\/vestibulares.estrategia.com\/portal\/atualidades-e-dicas\/inteligencia-artificial-ia-desenvolva-repertorios-socioculturais-para-vestibular\/"},"wordCount":3688,"publisher":{"@id":"https:\/\/vestibulares.estrategia.com\/portal\/#organization"},"image":{"@id":"https:\/\/vestibulares.estrategia.com\/portal\/atualidades-e-dicas\/inteligencia-artificial-ia-desenvolva-repertorios-socioculturais-para-vestibular\/#primaryimage"},"thumbnailUrl":"https:\/\/vestibulares.estrategia.com\/portal\/wp-content\/uploads\/2023\/07\/inteligencia-artificial-repertorio-sociocultural.jpg","articleSection":["Atualidades e Dicas"],"inLanguage":"pt-BR"},{"@type":"WebPage","@id":"https:\/\/vestibulares.estrategia.com\/portal\/atualidades-e-dicas\/inteligencia-artificial-ia-desenvolva-repertorios-socioculturais-para-vestibular\/","url":"https:\/\/vestibulares.estrategia.com\/portal\/atualidades-e-dicas\/inteligencia-artificial-ia-desenvolva-repertorios-socioculturais-para-vestibular\/","name":"Intelig\u00eancia Artificial (IA): desenvolva repert\u00f3rios socioculturais para vestibular repert\u00f3rio sociocultural sobre intelig\u00eancia artificial: entenda o tema","isPartOf":{"@id":"https:\/\/vestibulares.estrategia.com\/portal\/#website"},"primaryImageOfPage":{"@id":"https:\/\/vestibulares.estrategia.com\/portal\/atualidades-e-dicas\/inteligencia-artificial-ia-desenvolva-repertorios-socioculturais-para-vestibular\/#primaryimage"},"image":{"@id":"https:\/\/vestibulares.estrategia.com\/portal\/atualidades-e-dicas\/inteligencia-artificial-ia-desenvolva-repertorios-socioculturais-para-vestibular\/#primaryimage"},"thumbnailUrl":"https:\/\/vestibulares.estrategia.com\/portal\/wp-content\/uploads\/2023\/07\/inteligencia-artificial-repertorio-sociocultural.jpg","datePublished":"2023-07-17T18:31:40+00:00","dateModified":"2024-11-03T18:15:24+00:00","description":"A tecnologia tem ganhado espa\u00e7o nos debates \u00e9ticos e de seguran\u00e7a; confira as principais informa\u00e7\u00f5es sobre IAS.","breadcrumb":{"@id":"https:\/\/vestibulares.estrategia.com\/portal\/atualidades-e-dicas\/inteligencia-artificial-ia-desenvolva-repertorios-socioculturais-para-vestibular\/#breadcrumb"},"inLanguage":"pt-BR","potentialAction":[{"@type":"ReadAction","target":["https:\/\/vestibulares.estrategia.com\/portal\/atualidades-e-dicas\/inteligencia-artificial-ia-desenvolva-repertorios-socioculturais-para-vestibular\/"]}]},{"@type":"ImageObject","inLanguage":"pt-BR","@id":"https:\/\/vestibulares.estrategia.com\/portal\/atualidades-e-dicas\/inteligencia-artificial-ia-desenvolva-repertorios-socioculturais-para-vestibular\/#primaryimage","url":"https:\/\/vestibulares.estrategia.com\/portal\/wp-content\/uploads\/2023\/07\/inteligencia-artificial-repertorio-sociocultural.jpg","contentUrl":"https:\/\/vestibulares.estrategia.com\/portal\/wp-content\/uploads\/2023\/07\/inteligencia-artificial-repertorio-sociocultural.jpg","width":1200,"height":801},{"@type":"BreadcrumbList","@id":"https:\/\/vestibulares.estrategia.com\/portal\/atualidades-e-dicas\/inteligencia-artificial-ia-desenvolva-repertorios-socioculturais-para-vestibular\/#breadcrumb","itemListElement":[{"@type":"ListItem","position":1,"name":"Home","item":"https:\/\/vestibulares.estrategia.com\/portal\/"},{"@type":"ListItem","position":2,"name":"Atualidades e Dicas","item":"https:\/\/vestibulares.estrategia.com\/portal\/atualidades-e-dicas\/"},{"@type":"ListItem","position":3,"name":"Intelig\u00eancia Artificial (IA): desenvolva repert\u00f3rios socioculturais para vestibular"}]},{"@type":"WebSite","@id":"https:\/\/vestibulares.estrategia.com\/portal\/#website","url":"https:\/\/vestibulares.estrategia.com\/portal\/","name":"Estrat\u00e9gia Vestibulares","description":"","publisher":{"@id":"https:\/\/vestibulares.estrategia.com\/portal\/#organization"},"potentialAction":[{"@type":"SearchAction","target":{"@type":"EntryPoint","urlTemplate":"https:\/\/vestibulares.estrategia.com\/portal\/?s={search_term_string}"},"query-input":{"@type":"PropertyValueSpecification","valueRequired":true,"valueName":"search_term_string"}}],"inLanguage":"pt-BR"},{"@type":"Organization","@id":"https:\/\/vestibulares.estrategia.com\/portal\/#organization","name":"Estrat\u00e9gia Vestibulares","url":"https:\/\/vestibulares.estrategia.com\/portal\/","logo":{"@type":"ImageObject","inLanguage":"pt-BR","@id":"https:\/\/vestibulares.estrategia.com\/portal\/#\/schema\/logo\/image\/","url":"https:\/\/vestibulares.estrategia.com\/portal\/wp-content\/uploads\/2021\/06\/Logo-Vestibulares@4x.png","contentUrl":"https:\/\/vestibulares.estrategia.com\/portal\/wp-content\/uploads\/2021\/06\/Logo-Vestibulares@4x.png","width":250,"height":66,"caption":"Estrat\u00e9gia Vestibulares"},"image":{"@id":"https:\/\/vestibulares.estrategia.com\/portal\/#\/schema\/logo\/image\/"},"sameAs":["https:\/\/facebook.com\/estrategiavestibulares","https:\/\/x.com\/Estrategiavest","https:\/\/www.instagram.com\/estrategiavestibulares","https:\/\/www.youtube.com\/channel\/UCGWdZy8ULI-7_5GrABa4vNA"]},{"@type":"Person","@id":"https:\/\/vestibulares.estrategia.com\/portal\/#\/schema\/person\/cdd941dcf53839374c0bc8d39bb0230f","name":"Beatriz Santana","image":{"@type":"ImageObject","inLanguage":"pt-BR","@id":"https:\/\/vestibulares.estrategia.com\/portal\/#\/schema\/person\/image\/","url":"https:\/\/vestibulares.estrategia.com\/portal\/wp-content\/uploads\/2022\/01\/WhatsApp-Image-2021-10-21-at-10.19.09-1-150x150.webp","contentUrl":"https:\/\/vestibulares.estrategia.com\/portal\/wp-content\/uploads\/2022\/01\/WhatsApp-Image-2021-10-21-at-10.19.09-1-150x150.webp","caption":"Beatriz Santana"},"description":"Jornalista formada pela Unesp","url":"https:\/\/vestibulares.estrategia.com\/portal\/author\/beatriz-santana\/"}]}},"_wl_alt_label":[],"wl:entity_url":"https:\/\/data.wordlift.io\/wl110249\/post\/inteligencia-artificial-ia-desenvolva-repertorios-socioculturais-para-vestibular","_links":{"self":[{"href":"https:\/\/vestibulares.estrategia.com\/portal\/wp-json\/wp\/v2\/posts\/95144","targetHints":{"allow":["GET"]}}],"collection":[{"href":"https:\/\/vestibulares.estrategia.com\/portal\/wp-json\/wp\/v2\/posts"}],"about":[{"href":"https:\/\/vestibulares.estrategia.com\/portal\/wp-json\/wp\/v2\/types\/post"}],"author":[{"embeddable":true,"href":"https:\/\/vestibulares.estrategia.com\/portal\/wp-json\/wp\/v2\/users\/48"}],"replies":[{"embeddable":true,"href":"https:\/\/vestibulares.estrategia.com\/portal\/wp-json\/wp\/v2\/comments?post=95144"}],"version-history":[{"count":8,"href":"https:\/\/vestibulares.estrategia.com\/portal\/wp-json\/wp\/v2\/posts\/95144\/revisions"}],"predecessor-version":[{"id":128727,"href":"https:\/\/vestibulares.estrategia.com\/portal\/wp-json\/wp\/v2\/posts\/95144\/revisions\/128727"}],"wp:featuredmedia":[{"embeddable":true,"href":"https:\/\/vestibulares.estrategia.com\/portal\/wp-json\/wp\/v2\/media\/95148"}],"wp:attachment":[{"href":"https:\/\/vestibulares.estrategia.com\/portal\/wp-json\/wp\/v2\/media?parent=95144"}],"wp:term":[{"taxonomy":"category","embeddable":true,"href":"https:\/\/vestibulares.estrategia.com\/portal\/wp-json\/wp\/v2\/categories?post=95144"},{"taxonomy":"post_tag","embeddable":true,"href":"https:\/\/vestibulares.estrategia.com\/portal\/wp-json\/wp\/v2\/tags?post=95144"},{"taxonomy":"wl_entity_type","embeddable":true,"href":"https:\/\/vestibulares.estrategia.com\/portal\/wp-json\/wp\/v2\/wl_entity_type?post=95144"}],"curies":[{"name":"wp","href":"https:\/\/api.w.org\/{rel}","templated":true}]}}