{"id":95297,"date":"2023-07-19T21:22:06","date_gmt":"2023-07-20T00:22:06","guid":{"rendered":"https:\/\/vestibulares.estrategia.com\/portal\/?p=95297"},"modified":"2026-01-13T16:43:36","modified_gmt":"2026-01-13T19:43:36","slug":"utfpr-sisu-cursos-vagas-como-ingressar-e-muito-mais","status":"publish","type":"post","link":"https:\/\/vestibulares.estrategia.com\/portal\/enem-e-vestibulares\/utfpr-sisu-cursos-vagas-como-ingressar-e-muito-mais\/","title":{"rendered":"UTFPR: Sisu, cursos, vagas, como ingressar e muito mais"},"content":{"rendered":"<p>Se voc&ecirc; quer ingressar na Universidade Tecnol&oacute;gica Federal do Paran&aacute; (UTFPR), considerada uma das melhores institui&ccedil;&otilde;es de ensino superior do Brasil em v&aacute;rios de seus cursos segundo indicadores diversos, leia o artigo abaixo. O Estrat&eacute;gia Vestibulares preparou um conte&uacute;do sobre tudo que &eacute; necess&aacute;rio para entrar na UTFPR via Sisu, al&eacute;m de saber mais sobre o Enem e a institui&ccedil;&atilde;o em si. Confira!<div class=\"wp-block-buttons is-content-justification-center is-layout-flex wp-container-core-buttons-is-layout-1 wp-block-buttons-is-layout-flex\">\n<div class=\"wp-block-button\"><a class=\"wp-block-button__link has-luminous-vivid-amber-to-luminous-vivid-orange-gradient-background has-background wp-element-button\" href=\"https:\/\/vestibulares.estrategia.com\/portal\/enem-e-vestibulares\/enem\/calendario-enem\/\">Confira o calend&aacute;rio Enem<\/a><\/div>\n<\/div><p>Veja tamb&eacute;m:<br>+ <a href=\"https:\/\/vestibulares.estrategia.com\/portal\/enem\/como-calcular-nota-enem\/\">Como calcular a nota do Enem?<\/a><\/p><p>\n\n\n\n<div class=\"cta-medio\" style=\"background-image: url(https:\/\/vestibulares.estrategia.com\/portal\/wp-content\/uploads\/2024\/08\/curso-enem-1-estrategia-vestibulares-ctamedio.jpg);\"><h3>Pacote Enem TOP <\/h3> <p>Estude com o Estrat\u00e9gia Vestibulares<\/p><div class=\"cta-botao\"><a id=\"cta-medio\" href=\"https:\/\/vestibulares.estrategia.com\/curso\/enem-top\/\" target=\"_blank\" style=\"background:rgb(255,150,0)\">Saiba mais<\/a><\/div><\/div>\n\n\n\n<\/p><div id=\"ez-toc-container\" class=\"ez-toc-v2_0_76 counter-hierarchy ez-toc-counter ez-toc-transparent ez-toc-container-direction\">\n<div class=\"ez-toc-title-container\"><p class=\"ez-toc-title\" style=\"cursor:inherit\">Navegue pelo conte\u00fado<\/p>\n<\/div><nav><ul class='ez-toc-list ez-toc-list-level-1 ' ><li class='ez-toc-page-1 ez-toc-heading-level-2'><a class=\"ez-toc-link ez-toc-heading-1\" href=\"https:\/\/vestibulares.estrategia.com\/portal\/enem-e-vestibulares\/utfpr-sisu-cursos-vagas-como-ingressar-e-muito-mais\/#Sobre-a-UTFPR\" >Sobre a UTFPR<\/a><\/li><li class='ez-toc-page-1 ez-toc-heading-level-2'><a class=\"ez-toc-link ez-toc-heading-2\" href=\"https:\/\/vestibulares.estrategia.com\/portal\/enem-e-vestibulares\/utfpr-sisu-cursos-vagas-como-ingressar-e-muito-mais\/#Calendario-UTFPR-Enem-e-Sisu\" >Calend&aacute;rio UTFPR, Enem e Sisu<\/a><\/li><li class='ez-toc-page-1 ez-toc-heading-level-2'><a class=\"ez-toc-link ez-toc-heading-3\" href=\"https:\/\/vestibulares.estrategia.com\/portal\/enem-e-vestibulares\/utfpr-sisu-cursos-vagas-como-ingressar-e-muito-mais\/#Como-ingressar-na-UTFPR\" >Como ingressar na UTFPR<\/a><\/li><li class='ez-toc-page-1 ez-toc-heading-level-2'><a class=\"ez-toc-link ez-toc-heading-4\" href=\"https:\/\/vestibulares.estrategia.com\/portal\/enem-e-vestibulares\/utfpr-sisu-cursos-vagas-como-ingressar-e-muito-mais\/#Como-funciona-o-Sisu\" >Como funciona o Sisu?<\/a><\/li><li class='ez-toc-page-1 ez-toc-heading-level-2'><a class=\"ez-toc-link ez-toc-heading-5\" href=\"https:\/\/vestibulares.estrategia.com\/portal\/enem-e-vestibulares\/utfpr-sisu-cursos-vagas-como-ingressar-e-muito-mais\/#Quais-sao-as-modalidades-de-concorrencia\" >Quais s&atilde;o as modalidades de concorr&ecirc;ncia?<\/a><\/li><li class='ez-toc-page-1 ez-toc-heading-level-2'><a class=\"ez-toc-link ez-toc-heading-6\" href=\"https:\/\/vestibulares.estrategia.com\/portal\/enem-e-vestibulares\/utfpr-sisu-cursos-vagas-como-ingressar-e-muito-mais\/#Lei-de-cotas-Sisu\" >Lei de cotas Sisu<\/a><\/li><li class='ez-toc-page-1 ez-toc-heading-level-2'><a class=\"ez-toc-link ez-toc-heading-7\" href=\"https:\/\/vestibulares.estrategia.com\/portal\/enem-e-vestibulares\/utfpr-sisu-cursos-vagas-como-ingressar-e-muito-mais\/#Resultado-e-abertura-das-inscricoes-do-Sisu\" >Resultado e abertura das inscri&ccedil;&otilde;es do Sisu<\/a><\/li><li class='ez-toc-page-1 ez-toc-heading-level-2'><a class=\"ez-toc-link ez-toc-heading-8\" href=\"https:\/\/vestibulares.estrategia.com\/portal\/enem-e-vestibulares\/utfpr-sisu-cursos-vagas-como-ingressar-e-muito-mais\/#Acoes-afirmativas-UTFPR\" >A&ccedil;&otilde;es afirmativas UTFPR<\/a><\/li><li class='ez-toc-page-1 ez-toc-heading-level-2'><a class=\"ez-toc-link ez-toc-heading-9\" href=\"https:\/\/vestibulares.estrategia.com\/portal\/enem-e-vestibulares\/utfpr-sisu-cursos-vagas-como-ingressar-e-muito-mais\/#Como-e-o-Enem\" >Como &eacute; o Enem?<\/a><\/li><li class='ez-toc-page-1 ez-toc-heading-level-2'><a class=\"ez-toc-link ez-toc-heading-10\" href=\"https:\/\/vestibulares.estrategia.com\/portal\/enem-e-vestibulares\/utfpr-sisu-cursos-vagas-como-ingressar-e-muito-mais\/#Locais-de-prova\" >Locais de prova<\/a><\/li><li class='ez-toc-page-1 ez-toc-heading-level-2'><a class=\"ez-toc-link ez-toc-heading-11\" href=\"https:\/\/vestibulares.estrategia.com\/portal\/enem-e-vestibulares\/utfpr-sisu-cursos-vagas-como-ingressar-e-muito-mais\/#O-que-levar-no-dia-da-prova\" >O que levar no dia da prova?<\/a><\/li><li class='ez-toc-page-1 ez-toc-heading-level-2'><a class=\"ez-toc-link ez-toc-heading-12\" href=\"https:\/\/vestibulares.estrategia.com\/portal\/enem-e-vestibulares\/utfpr-sisu-cursos-vagas-como-ingressar-e-muito-mais\/#Como-funciona-a-prova-do-Enem\" >Como funciona a prova do Enem<\/a><\/li><li class='ez-toc-page-1 ez-toc-heading-level-2'><a class=\"ez-toc-link ez-toc-heading-13\" href=\"https:\/\/vestibulares.estrategia.com\/portal\/enem-e-vestibulares\/utfpr-sisu-cursos-vagas-como-ingressar-e-muito-mais\/#Como-calcular-a-nota-do-Enem\" >Como calcular a nota do Enem?<\/a><\/li><li class='ez-toc-page-1 ez-toc-heading-level-2'><a class=\"ez-toc-link ez-toc-heading-14\" href=\"https:\/\/vestibulares.estrategia.com\/portal\/enem-e-vestibulares\/utfpr-sisu-cursos-vagas-como-ingressar-e-muito-mais\/#Como-funciona-a-redacao-do-Enem\" >Como funciona a reda&ccedil;&atilde;o do Enem<\/a><\/li><li class='ez-toc-page-1 ez-toc-heading-level-2'><a class=\"ez-toc-link ez-toc-heading-15\" href=\"https:\/\/vestibulares.estrategia.com\/portal\/enem-e-vestibulares\/utfpr-sisu-cursos-vagas-como-ingressar-e-muito-mais\/#Como-a-redacao-e-avaliada-pela-banca\" >Como a reda&ccedil;&atilde;o &eacute; avaliada pela banca?<\/a><\/li><li class='ez-toc-page-1 ez-toc-heading-level-2'><a class=\"ez-toc-link ez-toc-heading-16\" href=\"https:\/\/vestibulares.estrategia.com\/portal\/enem-e-vestibulares\/utfpr-sisu-cursos-vagas-como-ingressar-e-muito-mais\/#Veja-os-ultimos-temas-de-redacao-do-Enem\" >Veja os &uacute;ltimos temas de reda&ccedil;&atilde;o do Enem<\/a><\/li><li class='ez-toc-page-1 ez-toc-heading-level-2'><a class=\"ez-toc-link ez-toc-heading-17\" href=\"https:\/\/vestibulares.estrategia.com\/portal\/enem-e-vestibulares\/utfpr-sisu-cursos-vagas-como-ingressar-e-muito-mais\/#Matriz-de-Referencia-Enem\" >Matriz de Refer&ecirc;ncia Enem<\/a><\/li><li class='ez-toc-page-1 ez-toc-heading-level-2'><a class=\"ez-toc-link ez-toc-heading-18\" href=\"https:\/\/vestibulares.estrategia.com\/portal\/enem-e-vestibulares\/utfpr-sisu-cursos-vagas-como-ingressar-e-muito-mais\/#Provas-de-Habilidades-Especificas-UTFPR\" >Provas de Habilidades Espec&iacute;ficas UTFPR<\/a><\/li><li class='ez-toc-page-1 ez-toc-heading-level-2'><a class=\"ez-toc-link ez-toc-heading-19\" href=\"https:\/\/vestibulares.estrategia.com\/portal\/enem-e-vestibulares\/utfpr-sisu-cursos-vagas-como-ingressar-e-muito-mais\/#Vestibular-de-inverno-UTFPR\" >Vestibular de inverno UTFPR<\/a><\/li><li class='ez-toc-page-1 ez-toc-heading-level-2'><a class=\"ez-toc-link ez-toc-heading-20\" href=\"https:\/\/vestibulares.estrategia.com\/portal\/enem-e-vestibulares\/utfpr-sisu-cursos-vagas-como-ingressar-e-muito-mais\/#Como-se-matricular-na-UTFPR\" >Como se matricular na UTFPR<\/a><\/li><li class='ez-toc-page-1 ez-toc-heading-level-2'><a class=\"ez-toc-link ez-toc-heading-21\" href=\"https:\/\/vestibulares.estrategia.com\/portal\/enem-e-vestibulares\/utfpr-sisu-cursos-vagas-como-ingressar-e-muito-mais\/#Notas-de-corte-UTFPR\" >Notas de corte UTFPR<\/a><\/li><li class='ez-toc-page-1 ez-toc-heading-level-2'><a class=\"ez-toc-link ez-toc-heading-22\" href=\"https:\/\/vestibulares.estrategia.com\/portal\/enem-e-vestibulares\/utfpr-sisu-cursos-vagas-como-ingressar-e-muito-mais\/#Cursos-UTFPR\" >Cursos UTFPR<\/a><\/li><li class='ez-toc-page-1 ez-toc-heading-level-2'><a class=\"ez-toc-link ez-toc-heading-23\" href=\"https:\/\/vestibulares.estrategia.com\/portal\/enem-e-vestibulares\/utfpr-sisu-cursos-vagas-como-ingressar-e-muito-mais\/#Campi-e-estruturas-da-UTFPR\" >Campi e estruturas da UTFPR<\/a><\/li><li class='ez-toc-page-1 ez-toc-heading-level-2'><a class=\"ez-toc-link ez-toc-heading-24\" href=\"https:\/\/vestibulares.estrategia.com\/portal\/enem-e-vestibulares\/utfpr-sisu-cursos-vagas-como-ingressar-e-muito-mais\/#Oportunidades-da-UTFPR\" >Oportunidades da UTFPR<\/a><\/li><li class='ez-toc-page-1 ez-toc-heading-level-2'><a class=\"ez-toc-link ez-toc-heading-25\" href=\"https:\/\/vestibulares.estrategia.com\/portal\/enem-e-vestibulares\/utfpr-sisu-cursos-vagas-como-ingressar-e-muito-mais\/#Auxilios-e-permanencia-estudantil\" >Aux&iacute;lios e perman&ecirc;ncia estudantil<\/a><\/li><li class='ez-toc-page-1 ez-toc-heading-level-2'><a class=\"ez-toc-link ez-toc-heading-26\" href=\"https:\/\/vestibulares.estrategia.com\/portal\/enem-e-vestibulares\/utfpr-sisu-cursos-vagas-como-ingressar-e-muito-mais\/#Baixe-gratis-o-e-book-sobre-permanencia-estudantil\" >Baixe gr&aacute;tis o e-book sobre perman&ecirc;ncia estudantil<\/a><\/li><li class='ez-toc-page-1 ez-toc-heading-level-2'><a class=\"ez-toc-link ez-toc-heading-27\" href=\"https:\/\/vestibulares.estrategia.com\/portal\/enem-e-vestibulares\/utfpr-sisu-cursos-vagas-como-ingressar-e-muito-mais\/#Confira-os-cursos-Enem-do-Estrategia-Vestibulares\" >Confira os cursos Enem do Estrat&eacute;gia Vestibulares<\/a><\/li><\/ul><\/nav><\/div>\n<h2 class=\"wp-block-heading\" id=\"h-sobre-a-utfpr\"><span class=\"ez-toc-section\" id=\"Sobre-a-UTFPR\"><\/span>Sobre a UTFPR<span class=\"ez-toc-section-end\"><\/span><\/h2><p>A Universidade Tecnol&oacute;gica Federal do Paran&aacute; &eacute; uma transforma&ccedil;&atilde;o do que antigamente era o Centro Federal de Educa&ccedil;&atilde;o Tecnol&oacute;gica do Paran&aacute; (Cefet-PR). Por sua vez, a origem do Cefet-PR &eacute; a Escola de Aprendizes Art&iacute;fices, criada em 1909. S&atilde;o mais de 100 cursos superiores de tecnologia nos 13 campi espalhados pelo Estado.<\/p><p>Atualmente o n&uacute;mero de alunos na UTFPR ultrapassa 32 mil entre gradua&ccedil;&atilde;o, p&oacute;s-gradua&ccedil;&atilde;o e cursos t&eacute;cnicos. Dentre as cidades que possuem um campus da institui&ccedil;&atilde;o est&atilde;o Londrina, Toledo, Pato Branco, Ponta Grossa, Francisco Beltr&atilde;o e a capital Curitiba.&nbsp;<\/p><p>\n\n\n\n<div id=\"new-form\">\n\t<form id=\"forms_layout\">\n\t<input type=\"hidden\" id=\"chave_de\" name=\"chave_de\" value=\"01_EVEST_LEADS_TOTAIS\" \/>\n\t\t<input type=\"hidden\" id=\"mid\" name=\"mid\" value=\"515008983\" \/>\n\t\t<input type=\"hidden\" id=\"Objetivo\" name=\"Objetivo\" value=\"Vestibulares\" \/>\n\t\t<input type=\"hidden\" id=\"Estado_de_Origem_do_IP\" name=\"Estado_de_Origem_do_IP\"  value=\"\" \/>\n\t\t<input type=\"hidden\" id=\"Cidade_de_Origem_do_IP\" name=\"Cidade_de_Origem_do_IP\" value=\"\" \/>\n\t\t<input type=\"hidden\" id=\"Modo_de_entrada\" name=\"Modo_de_entrada\" value=\"Portal\" \/>\n\t\t<input type=\"hidden\" id=\"Pagina_Origem\" name=\"Pagina_Origem\" value=\"\" \/>\n\n\t\t<div class=\"texto\">\n\t\t\t<h3 class=\"news\">Inscreva-se em nossa newsletter\ud83e\udd89<\/h3>\n\t\t\t<p>Receba dicas de estudo gratuitas e saiba em primeira m\u00e3o as novidades sobre o Enem, Sisu, Encceja, Fuvest e outros vestibulares!<\/p>\n\t\t<\/div>\n\t\t<div class=\"campos\">\n\t\t\t<div class=\"first_name labels\">\n\t\t\t\t<input type=\"text\" class=\"input_labels\" id=\"first_name\" name=\"Nome_Completo\" placeholder=\"Nome\" required \/>\n\t\t\t<\/div>\n\t\t\t<div class=\"email labels\">\n\t\t\t\t<input type=\"email\" class=\"input_labels\" id=\"email\" name=\"Email\" placeholder=\"E-mail\" required \/>\n\t\t\t<\/div>\n\t\t\t<button type=\"submit\" class=\"button_layout\">\n\t\t\t\t<div id=\"lblBotao\">Inscreva-se<\/div>\n\t\t\t\t<span id=\"divSpiner\" class=\"loader\" role=\"status\" style=\"display: none;\"><\/span>\t\n\t\t\t<\/button>\n\t\t<\/div><!-- \/campos -->\n\t\t\n\t\t<label class=\"container_checkbox\">Voc\u00ea concorda com a nossa\n\t\t\t<a class=\"politics_privacy_ahref\" target=\"_blank\" href=\"https:\/\/gratis.estrategiaconcursos.com.br\/politica-de-privacidade\/\">Pol\u00edtica de Privacidade<\/a> e aceita receber informa\u00e7\u00f5es adicionais do Estrat\u00e9gia Educacional.\n\t\t\t<input id=\"checkbox_layout\" type=\"checkbox\" checked=\"checked\" required \/>\n\t\t\t<span class=\"checkbox\"><\/span>\n\t\t<\/label>\n\t\t<div id=\"msg\"><\/div>\n\t\t<div id=\"error\" class=\"error\">\n\t\t<\/div>\n\t<\/form>\n<\/div><!-- \/new-form -->\n\n\n\n<\/p><h2 class=\"wp-block-heading\" id=\"h-calendario-utfpr-enem-e-sisu\"><span class=\"ez-toc-section\" id=\"Calendario-UTFPR-Enem-e-Sisu\"><\/span>Calend&aacute;rio UTFPR, Enem e Sisu<span class=\"ez-toc-section-end\"><\/span><\/h2><h3 class=\"wp-block-heading\" id=\"h-enem-2025\">Enem 2025<\/h3><ul class=\"wp-block-list\">\n<li><strong>Divulga&ccedil;&atilde;o do edital<\/strong><br>23\/05\/2025 &ndash;&nbsp;<a href=\"https:\/\/vestibulares.estrategia.com\/portal\/noticias\/edital-enem-2024-completo-datas-inscricoes-provas-e-resultado\/\" target=\"_blank\">acesse o edital<\/a><\/li>\n\n\n\n<li><strong>Per&iacute;odo de solicita&ccedil;&atilde;o de isen&ccedil;&atilde;o e justificativa de aus&ecirc;ncia<br><\/strong>14 a 25\/04\/2025<\/li>\n\n\n\n<li><strong>Divulga&ccedil;&atilde;o do resultado do pedido de isen&ccedil;&atilde;o e da justificativa de aus&ecirc;ncia<br><\/strong>12\/05\/2025<\/li>\n\n\n\n<li><strong>Recurso da justificativa de aus&ecirc;ncia e permiss&atilde;o de isen&ccedil;&atilde;o da taxa de inscri&ccedil;&atilde;o<br><\/strong>12 a 16\/05\/2025<\/li>\n\n\n\n<li><strong>Resultados do recurso da justificativa de aus&ecirc;ncia e pedido de isen&ccedil;&atilde;o da taxa de inscri&ccedil;&atilde;o<br><\/strong>22\/05\/2025<\/li>\n\n\n\n<li><strong>Per&iacute;odo de inscri&ccedil;&otilde;es do Enem 2025<br><\/strong>26\/05 a 06\/06\/2025<\/li>\n\n\n\n<li><strong>Pagamento da taxa de inscri&ccedil;&atilde;o<\/strong><br>at&eacute; 11\/06\/2025<\/li>\n\n\n\n<li><strong>Divulga&ccedil;&atilde;o do local de prova do Enem 2025<\/strong><br><em>24\/10\/2025<\/em><\/li>\n\n\n\n<li><strong>Provas Enem 2025<\/strong>*<br>09 e 16\/11\/2025<\/li>\n\n\n\n<li><strong>Divulga&ccedil;&atilde;o do gabarito oficial<\/strong><br>at&eacute; o 10&deg; dia &uacute;til ap&oacute;s o 2&deg; dia de aplica&ccedil;&atilde;o<\/li>\n\n\n\n<li><strong>Divulga&ccedil;&atilde;o do resultado<\/strong><br>16\/01\/2026<\/li>\n\n\n\n<li><strong>*Aplica&ccedil;&atilde;o em Bel&eacute;m, Ananindeua e Marituba (PA)<br><\/strong>30\/11 e 07\/12\/2025<\/li>\n<\/ul><h3 class=\"wp-block-heading\" id=\"h-sisu-2026\">Sisu 2026<\/h3><ul class=\"wp-block-list\">\n<li><strong>Divulga&ccedil;&atilde;o do edital:<\/strong>&nbsp;23\/12\/2025;<\/li>\n\n\n\n<li><strong>Per&iacute;odo de inscri&ccedil;&atilde;o:&nbsp;<\/strong>19 a 23\/01\/2026;<\/li>\n\n\n\n<li><strong>Resultado da lista &uacute;nica:&nbsp;<\/strong>29\/01\/2026;<\/li>\n\n\n\n<li><strong>Matr&iacute;culas chamada regular:&nbsp;<\/strong>a partir de 02\/02\/2026;<\/li>\n\n\n\n<li><strong>Per&iacute;odo para participar da lista de espera:&nbsp;<\/strong>29\/01 a 02\/02\/2026.<\/li>\n<\/ul><h2 class=\"wp-block-heading\" id=\"h-como-ingressar-na-utfpr\"><span class=\"ez-toc-section\" id=\"Como-ingressar-na-UTFPR\"><\/span>Como ingressar na UTFPR<span class=\"ez-toc-section-end\"><\/span><\/h2><p>O ingresso na Universidade Tecnol&oacute;gica Federal do Paran&aacute; &eacute; feito pelo Sistema de Sele&ccedil;&atilde;o Unificada (<a href=\"https:\/\/vestibulares.estrategia.com\/portal\/enem-e-vestibulares\/sisu\/sisu-o-que-e\/\">Sisu<\/a>), criado pelo Minist&eacute;rio da Educa&ccedil;&atilde;o (MEC), em 2010, para que institui&ccedil;&otilde;es p&uacute;blicas de ensino superior ofere&ccedil;am vagas a candidatos que participaram do Exame Nacional do Ensino M&eacute;dio (<a href=\"https:\/\/vestibulares.estrategia.com\/portal\/vestibulares\/enem\/\">Enem<\/a>).<\/p><h2 class=\"wp-block-heading\" id=\"h-como-funciona-o-sisu\"><span class=\"ez-toc-section\" id=\"Como-funciona-o-Sisu\"><\/span>Como funciona o Sisu?<span class=\"ez-toc-section-end\"><\/span><\/h2><p>O Sisu &eacute; uma plataforma virtual que re&uacute;ne institui&ccedil;&otilde;es e candidatos para vagas em institui&ccedil;&otilde;es p&uacute;blicas de Ensino P&uacute;blico em um mesmo sistema. No site do programa as pessoas escolhem o curso e a institui&ccedil;&atilde;o pela qual v&atilde;o concorrer. A composi&ccedil;&atilde;o da nota do Sisu &eacute; feita de acordo com a nota do Enem do ano vigente.<\/p><p>O desempenho do candidato no exame, portanto, &eacute; determinante para conquistar uma das vagas existentes na UTFPR. Vale destacar que a ades&atilde;o ao Sisu &eacute; opcional e, por conta disso, muitas universidades contam com vestibulares pr&oacute;prios, que podem incluir, ou n&atilde;o, a nota do Enem.<\/p><p>Para participar, o candidato precisa acessar o site do Sisu, entrar no sistema com seus dados de acesso e seguir os passos de inscri&ccedil;&atilde;o, escolhendo tamb&eacute;m o curso e a institui&ccedil;&atilde;o que deseja concorrer. As inscri&ccedil;&otilde;es s&atilde;o abertas duas vezes ao ano, uma a cada semestre, e com base no Enem vigente naquele per&iacute;odo.<\/p><p>O candidato precisa ter em m&atilde;os o n&uacute;mero de inscri&ccedil;&atilde;o no Enem e a senha utilizada para acessar o sistema. N&atilde;o &eacute; necess&aacute;rio pagar nenhuma taxa para participar do programa.<\/p><p>Ao final do per&iacute;odo de inscri&ccedil;&atilde;o, o Sisu divulga a primeira lista de chamada com os candidatos mais bem colocados. Candidatos que zeraram a reda&ccedil;&atilde;o do Enem n&atilde;o conseguem participar do programa.<\/p><h2 class=\"wp-block-heading\" id=\"h-quais-sao-as-modalidades-de-concorrencia\"><span class=\"ez-toc-section\" id=\"Quais-sao-as-modalidades-de-concorrencia\"><\/span>Quais s&atilde;o as modalidades de concorr&ecirc;ncia?<span class=\"ez-toc-section-end\"><\/span><\/h2><p>S&atilde;o tr&ecirc;s as modalidades em que os candidatos podem se inscrever: vagas de ampla concorr&ecirc;ncia, vagas reservadas para quem se enquadra na Lei de Cotas e vagas destinadas &agrave;s outras a&ccedil;&otilde;es afirmativas previstas pela institui&ccedil;&atilde;o.<\/p><p>Assim, durante a chamada regular do Sisu, o candidato que optar por uma certa modalidade estar&aacute; concorrendo somente com os candidatos que tenham escolhido a mesma op&ccedil;&atilde;o. Assim, o sistema vai selecionar apenas dentro daquela categoria os que obtiveram as melhores notas no Enem.<\/p><h2 class=\"wp-block-heading\" id=\"h-lei-de-cotas-sisu\"><span class=\"ez-toc-section\" id=\"Lei-de-cotas-Sisu\"><\/span>Lei de cotas Sisu<span class=\"ez-toc-section-end\"><\/span><\/h2><p>Em 2023 a Lei n&ordm; 12.711\/2012 foi atualizada (<a href=\"https:\/\/www.planalto.gov.br\/ccivil_03\/_ato2023-2026\/2023\/lei\/L14723.htm\" target=\"_blank\" rel=\"noopener noreferrer\">Lei 14.723\/23<\/a>) e a partir desse ano os participantes que t&ecirc;m direito &agrave; reserva de vagas (cotas) concorrem primeiramente &agrave;s vagas de ampla concorr&ecirc;ncia. A reserva de vagas s&oacute; ser&aacute; usada caso o participante n&atilde;o atinja nota suficiente para conseguir uma vaga na modalidade. Os estudantes origin&aacute;rios de comunidades quilombolas tamb&eacute;m est&atilde;o inclu&iacute;dos na nova lei.<\/p><p>A Lei n&ordm; 12.711\/2012 oferece 50% das vagas por curso e turno em todas as institui&ccedil;&otilde;es federais de Ensino Superior a estudantes que cursaram o Ensino M&eacute;dio em escolas p&uacute;blicas. Metade dessas vagas s&atilde;o destinadas a estudantes com renda familiar mensal de at&eacute; 1,0 (anteriormente o valor era de 1,5) sal&aacute;rio m&iacute;nimo.<\/p><p>H&aacute; tamb&eacute;m a propor&ccedil;&atilde;o de autodeclarados pretos, pardos e ind&iacute;genas de acordo com a composi&ccedil;&atilde;o &eacute;tnica do Estado federativo da institui&ccedil;&atilde;o de acordo com o &uacute;ltimo Censo do Instituto Brasileiro de Geografia e Estat&iacute;stica (IBGE), que &eacute;, portanto, um n&uacute;mero que varia de acordo com o Estado.<\/p><p>Por conta disso, &eacute; necess&aacute;rio estar atento aos tr&acirc;mites de comprova&ccedil;&atilde;o exigidos pelas institui&ccedil;&otilde;es em cada uma das modalidades escolhidas. O candidato precisa conferir, geralmente no site da universidade, prazos e solicita&ccedil;&otilde;es.<\/p><p>+ <a href=\"https:\/\/vestibulares.estrategia.com\/portal\/enem-e-vestibulares\/vestibulares\/lei-de-cotas-o-que-muda-com-a-atualizacao\/\">Lei de Cotas: o que muda com a atualiza&ccedil;&atilde;o?<\/a><\/p><h2 class=\"wp-block-heading\" id=\"h-resultado-e-abertura-das-inscricoes-do-sisu\"><span class=\"ez-toc-section\" id=\"Resultado-e-abertura-das-inscricoes-do-Sisu\"><\/span>Resultado e abertura das inscri&ccedil;&otilde;es do Sisu<span class=\"ez-toc-section-end\"><\/span><\/h2><p>O per&iacute;odo de inscri&ccedil;&otilde;es do Sisu acontece no m&ecirc;s de janeiro e a divulga&ccedil;&atilde;o dos resultados do programa acontece na semana seguinte &agrave;s inscri&ccedil;&otilde;es. Confira o edital do programa no Portal do EV.<\/p><h2 class=\"wp-block-heading\" id=\"h-acoes-afirmativas-utfpr\"><span class=\"ez-toc-section\" id=\"Acoes-afirmativas-UTFPR\"><\/span>A&ccedil;&otilde;es afirmativas UTFPR<span class=\"ez-toc-section-end\"><\/span><\/h2><p>As modalidades de a&ccedil;&atilde;o afirmativa da UTFPR s&atilde;o divididas da seguinte forma: 50% das vagas s&atilde;o destinadas a candidatos que cursaram integralmente o Ensino M&eacute;dio em escolas p&uacute;blicas do Brasil. 50% dessas vagas s&atilde;o destinadas a candidatos com renda familiar bruta per capita igual ou inferior a 1,0 do sal&aacute;rio m&iacute;nimo nacional vigente e o restante (50%) &eacute; preenchido com candidatos que possuem renda familiar superior a esse n&uacute;mero.<\/p><p>Ap&oacute;s a divis&atilde;o, o percentual de 28,50% das vagas de ambos os grupos &eacute; destinado aos autodeclarados pretos, pardos e ind&iacute;genas. O valor corresponde &agrave; soma dessas popula&ccedil;&otilde;es no Estado do Paran&aacute;, segundo o censo demogr&aacute;fico de 2010, feito pelo Instituto Brasileiro de Geografia e Estat&iacute;stica (IBGE).<\/p><p>A institui&ccedil;&atilde;o conta com programas de bolsas da Capes, do CNPq e da pr&oacute;pria institui&ccedil;&atilde;o, al&eacute;m de parcerias p&uacute;blico-privadas da Funda&ccedil;&atilde;o Arauc&aacute;ria, com empresas como a Renault do Brasil, Bosch, Volvo e outras.&nbsp;<\/p><h2 class=\"wp-block-heading\" id=\"h-como-e-o-enem\"><span class=\"ez-toc-section\" id=\"Como-e-o-Enem\"><\/span>Como &eacute; o Enem?<span class=\"ez-toc-section-end\"><\/span><\/h2><p>O Enem atual tem uma &uacute;nica etapa, dividida em dois domingos seguidos. A Universidade Tecnol&oacute;gica Federal do Paran&aacute; n&atilde;o conta com Prova de Habilidades Espec&iacute;ficas.<\/p><h2 class=\"wp-block-heading\" id=\"h-locais-de-prova\"><span class=\"ez-toc-section\" id=\"Locais-de-prova\"><\/span>Locais de prova<span class=\"ez-toc-section-end\"><\/span><\/h2><p>O local de prova do Enem &eacute; disponibilizado a pouco menos de um m&ecirc;s para o dia da prova, no m&ecirc;s de outubro. Veja como acessar:<\/p><ul class=\"wp-block-list\">\n<li>Acesse a <a href=\"https:\/\/enem.inep.gov.br\/participante\/#!\/\" target=\"_blank\" rel=\"noopener noreferrer\">P&aacute;gina do Participante do Enem<\/a>;<\/li>\n\n\n\n<li>Clique em &ldquo;P&aacute;gina do Participante &ndash; Acessar com Gov.Br&rdquo;;<\/li>\n\n\n\n<li>Fa&ccedil;a o seu login com a sua conta do Gov.Br, o site de acesso &uacute;nico do governo federal;<\/li>\n\n\n\n<li>Clique em &ldquo;Local de prova&rdquo;; e<\/li>\n\n\n\n<li>Com isso, um personagem interativo da P&aacute;gina do Participante lhe enviar&aacute; um bot&atilde;o escrito &ldquo;Local de Prova&rdquo;, clique nele e tenha acesso ao Cart&atilde;o de Confirma&ccedil;&atilde;o com os seus dados pessoais e o local em que voc&ecirc; far&aacute; o Enem.<\/li>\n<\/ul><p>Ao observar o cart&atilde;o de confirma&ccedil;&atilde;o &mdash; documento disponibilizado pelo Inep &mdash; o candidato encontra informa&ccedil;&otilde;es como o n&uacute;mero de inscri&ccedil;&atilde;o, local de prova (sala, endere&ccedil;o e n&uacute;mero da carteira), hor&aacute;rios da prova, atendimentos espec&iacute;ficos, se algum for solicitado e escolha de l&iacute;ngua estrangeira.<\/p><p>N&atilde;o &eacute; obrigat&oacute;rio levar o cart&atilde;o de confirma&ccedil;&atilde;o nos dias de prova, mas o documento traz informa&ccedil;&otilde;es de forma acess&iacute;vel para consulta r&aacute;pida. N&atilde;o &eacute; poss&iacute;vel mudar o local de prova e demais informa&ccedil;&otilde;es cadastrais.<\/p><h2 class=\"wp-block-heading\" id=\"h-o-que-levar-no-dia-da-prova\"><span class=\"ez-toc-section\" id=\"O-que-levar-no-dia-da-prova\"><\/span>O que levar no dia da prova?<span class=\"ez-toc-section-end\"><\/span><\/h2><p>De acordo com o edital do Enem, os candidatos devem portar os seguintes itens obrigatoriamente:<\/p><ul class=\"wp-block-list\">\n<li>Caneta esferogr&aacute;fica de tinta preta, em material transparente (obrigat&oacute;rio);<\/li>\n\n\n\n<li>Documento de identifica&ccedil;&atilde;o com foto (obrigat&oacute;rio); e<\/li>\n\n\n\n<li>Declara&ccedil;&atilde;o de Comparecimento impressa (apenas para quem precisa comprovar a presen&ccedil;a no local de prova).<\/li>\n<\/ul><h2 class=\"wp-block-heading\" id=\"h-como-funciona-a-prova-do-enem\"><span class=\"ez-toc-section\" id=\"Como-funciona-a-prova-do-Enem\"><\/span>Como funciona a prova do Enem<span class=\"ez-toc-section-end\"><\/span><\/h2><p>O atual modelo de prova do Enem cont&eacute;m 180 quest&otilde;es, divididas entre dois domingos consecutivos de aplica&ccedil;&atilde;o. Com dura&ccedil;&atilde;o de 5 horas e 30 minutos, os candidatos respondem &agrave; prova do primeiro dia entre 13h30 e 19h00. J&aacute; no segundo domingo, a prova tem dura&ccedil;&atilde;o de 5 horas, ou seja, pode ser respondida das 13h30 &agrave;s 18h30.<\/p><p>No primeiro dia, &eacute; aplicada a prova de Linguagens, C&oacute;digos e suas Tecnologias, Reda&ccedil;&atilde;o; e Ci&ecirc;ncias Humanas e suas Tecnologias. J&aacute; no segundo dia, a prova &eacute; composta de quest&otilde;es que cobram dos candidatos conhecimentos em Ci&ecirc;ncias da Natureza e suas Tecnologias; e Matem&aacute;tica e suas Tecnologias.<\/p><h2 class=\"wp-block-heading\" id=\"h-como-calcular-a-nota-do-enem\"><span class=\"ez-toc-section\" id=\"Como-calcular-a-nota-do-Enem\"><\/span>Como calcular a nota do Enem?<span class=\"ez-toc-section-end\"><\/span><\/h2><p>Com o modelo de corre&ccedil;&atilde;o chamado Teoria de Resposta ao Item (TRI), a nota do Enem &eacute; calculada de forma mais complexa que os demais vestibulares, ao n&atilde;o levar em conta apenas a quantidade de erros e acertos.&nbsp;<\/p><p>Cada &aacute;rea avaliada com o TRI tem uma m&eacute;dia obtida que depende da dificuldade das quest&otilde;es e do n&uacute;mero de quest&otilde;es que o candidato acerta. Para saber mais, acesse nosso artigo sobre o assunto: &ldquo;<a href=\"https:\/\/vestibulares.estrategia.com\/portal\/enem-e-vestibulares\/enem\/nota-enem-tri\/\">TRI: Como funciona a nota no Enem?<\/a>&rdquo;.<\/p><h2 class=\"wp-block-heading\" id=\"h-como-funciona-a-redacao-do-enem\"><span class=\"ez-toc-section\" id=\"Como-funciona-a-redacao-do-Enem\"><\/span>Como funciona a reda&ccedil;&atilde;o do Enem<span class=\"ez-toc-section-end\"><\/span><\/h2><p>A reda&ccedil;&atilde;o do Enem deve ser feita em at&eacute; 30 linhas, escrita &agrave; m&atilde;o, sobre o tema proposto no ano e, como apoio, o exame disponibiliza textos base com informa&ccedil;&otilde;es, dados e reflex&otilde;es sobre o assunto.<\/p><p>O g&ecirc;nero exigido no Enem &eacute; o dissertativo-argumentativo, e o tema gira em torno de quest&otilde;es sociais, pol&iacute;ticas, culturais ou cient&iacute;ficas relevantes e sobre o ponto de vista do Brasil.&nbsp;<\/p><h2 class=\"wp-block-heading\" id=\"h-como-a-redacao-e-avaliada-pela-banca\"><span class=\"ez-toc-section\" id=\"Como-a-redacao-e-avaliada-pela-banca\"><\/span>Como a reda&ccedil;&atilde;o &eacute; avaliada pela banca?<span class=\"ez-toc-section-end\"><\/span><\/h2><p>A avalia&ccedil;&atilde;o da banca do Enem nas reda&ccedil;&otilde;es leva em conta cinco compet&ecirc;ncias, para facilitar a padroniza&ccedil;&atilde;o das notas para todos os concorrentes. <a href=\"https:\/\/vestibulares.estrategia.com\/portal\/materias\/redacao\/competencias-redacao-enem\/\">Veja quais s&atilde;o as compet&ecirc;ncias<\/a>:&nbsp;<\/p><ul class=\"wp-block-list\">\n<li>Dom&iacute;nio da escrita formal da L&iacute;ngua Portuguesa;<\/li>\n\n\n\n<li>Compreens&atilde;o do tema e adequa&ccedil;&atilde;o &agrave; proposta;<\/li>\n\n\n\n<li>Organiza&ccedil;&atilde;o das ideias;<\/li>\n\n\n\n<li>Coes&atilde;o e coer&ecirc;ncia; e<\/li>\n\n\n\n<li>Proposta de interven&ccedil;&atilde;o.<\/li>\n<\/ul><h2 class=\"wp-block-heading\" id=\"h-veja-os-ultimos-temas-de-redacao-do-enem\"><span class=\"ez-toc-section\" id=\"Veja-os-ultimos-temas-de-redacao-do-Enem\"><\/span>Veja os &uacute;ltimos temas de reda&ccedil;&atilde;o do Enem<span class=\"ez-toc-section-end\"><\/span><\/h2><ul class=\"wp-block-list\">\n<li><a href=\"https:\/\/vestibulares.estrategia.com\/portal\/noticias\/tema-redacao-enem-2025\/\" target=\"_blank\">Reda&ccedil;&atilde;o Enem 2025<\/a>&nbsp;&ndash; Perspectivas acerca do envelhecimento na sociedade brasileira<\/li>\n\n\n\n<li><a href=\"https:\/\/vestibulares.estrategia.com\/portal\/noticias\/tema-de-redacao-enem-2024-desafios-para-a-valorizacao-da-heranca-africana-no-brasil\/\" target=\"_blank\">Reda&ccedil;&atilde;o Enem 2024<\/a>&nbsp;&ndash; Desafios da valoriza&ccedil;&atilde;o da heran&ccedil;a africana no Brasil<\/li>\n\n\n\n<li><a href=\"https:\/\/vestibulares.estrategia.com\/portal\/noticias\/tema-de-redacao-enem-2023\/\" target=\"_blank\">Reda&ccedil;&atilde;o Enem 2023<\/a>&nbsp;&ndash; Invisibilidade do trabalho de cuidados realizados pela mulher no Brasil<\/li>\n\n\n\n<li><a href=\"https:\/\/vestibulares.estrategia.com\/portal\/enem-e-vestibulares\/enem\/tema-de-redacao-enem-2022\/\" target=\"_blank\">Reda&ccedil;&atilde;o Enem 2022<\/a>&nbsp;&ndash; &ldquo;Desafios para a valoriza&ccedil;&atilde;o de comunidades e povos tradicionais no Brasil&rdquo;<\/li>\n\n\n\n<li><a href=\"https:\/\/vestibulares.estrategia.com\/portal\/enem-e-vestibulares\/enem\/tema-de-redacao-enem-2021\/\">Reda&ccedil;&atilde;o Enem 2021<\/a> &ndash; Invisibilidade e registro civil: garantia de acesso &agrave; cidadania no Brasil<\/li>\n\n\n\n<li>Reda&ccedil;&atilde;o Enem Impresso 2020 &ndash; O estigma associado &agrave;s doen&ccedil;as mentais na sociedade brasileira<\/li>\n\n\n\n<li><a href=\"https:\/\/vestibulares.estrategia.com\/portal\/redacao\/enem-2019-democratizacao-do-acesso-ao-cinema-no-brasil\/\">Reda&ccedil;&atilde;o Enem 2019<\/a> &ndash; Democratiza&ccedil;&atilde;o do acesso ao cinema no Brasil<\/li>\n\n\n\n<li><a href=\"https:\/\/vestibulares.estrategia.com\/portal\/redacao\/redacao-enem-2018\/\">Reda&ccedil;&atilde;o Enem 2018<\/a> &ndash; Manipula&ccedil;&atilde;o do comportamento do usu&aacute;rio pelo controle de dados na internet<\/li>\n\n\n\n<li>Reda&ccedil;&atilde;o Enem 2017 &ndash; Desafios para forma&ccedil;&atilde;o educacional de surdos no Brasil<\/li>\n\n\n\n<li>Reda&ccedil;&atilde;o Enem 2016 &ndash; Caminhos para combater a intoler&acirc;ncia religiosa no Brasil<\/li>\n\n\n\n<li>Reda&ccedil;&atilde;o Enem 2015 &ndash; A Persist&ecirc;ncia da Viol&ecirc;ncia contra a Mulher na Sociedade Brasileira<\/li>\n\n\n\n<li>Reda&ccedil;&atilde;o Enem 2014 &ndash; Publicidade infantil em quest&atilde;o no Brasil<\/li>\n\n\n\n<li>Reda&ccedil;&atilde;o Enem 2013 &ndash; Os efeitos da implanta&ccedil;&atilde;o da Lei Seca no Brasil<\/li>\n\n\n\n<li>Reda&ccedil;&atilde;o Enem 2012 &ndash; O movimento imigrat&oacute;rio para o Brasil no s&eacute;culo XXI<\/li>\n\n\n\n<li>Reda&ccedil;&atilde;o Enem 2011 &ndash; Viver em rede no s&eacute;culo XXI: os limites entre o p&uacute;blico e o privado<\/li>\n<\/ul><h2 class=\"wp-block-heading\" id=\"h-matriz-de-referencia-enem\"><span class=\"ez-toc-section\" id=\"Matriz-de-Referencia-Enem\"><\/span>Matriz de Refer&ecirc;ncia Enem<span class=\"ez-toc-section-end\"><\/span><\/h2><p>A Matriz de Refer&ecirc;ncia do Enem &eacute; o que outros vestibulares chamam de Conte&uacute;do Program&aacute;tico, que &eacute; referente aos conte&uacute;dos que podem cair na prova de todas as mat&eacute;rias, no caso do Enem, chamados de eixos e compet&ecirc;ncias.<\/p><p>Os eixos cognitivos s&atilde;o referentes a todas as &aacute;reas do conhecimento, e inclui cinco pontos: dominar linguagens, compreender fen&ocirc;menos, enfrentar situa&ccedil;&otilde;es-problema, construir argumenta&ccedil;&atilde;o e elaborar propostas. Veja abaixo as descri&ccedil;&otilde;es de cada uma:<\/p><ul class=\"wp-block-list\">\n<li>Dominar linguagens (DL): dominar a norma culta da L&iacute;ngua Portuguesa e fazer uso das linguagens matem&aacute;tica, art&iacute;stica e cient&iacute;fica e das l&iacute;nguas espanhola e inglesa;<\/li>\n\n\n\n<li>Compreender fen&ocirc;menos (CF): construir e aplicar conceitos das v&aacute;rias &aacute;reas do conhecimento para a compreens&atilde;o de fen&ocirc;menos naturais, de processos hist&oacute;rico-geogr&aacute;ficos, da produ&ccedil;&atilde;o tecnol&oacute;gica e das manifesta&ccedil;&otilde;es art&iacute;sticas;<\/li>\n\n\n\n<li>Enfrentar situa&ccedil;&otilde;es-problema (SP): selecionar, organizar, relacionar, interpretar dados e informa&ccedil;&otilde;es representados de diferentes formas, para tomar decis&otilde;es e enfrentar situa&ccedil;&otilde;es-problema;<\/li>\n\n\n\n<li>Construir argumenta&ccedil;&atilde;o (CA): relacionar informa&ccedil;&otilde;es, representadas em diferentes formas, e conhecimentos dispon&iacute;veis em situa&ccedil;&otilde;es concretas, para construir argumenta&ccedil;&atilde;o consistente;<\/li>\n\n\n\n<li>Elaborar propostas (EP): recorrer aos conhecimentos desenvolvidos na escola para elabora&ccedil;&atilde;o de propostas de interven&ccedil;&atilde;o solid&aacute;ria na realidade, respeitando os valores humanos e considerando a diversidade sociocultural.<\/li>\n<\/ul><p>Confira a <a rel=\"nofollow noopener noreferrer\" href=\"https:\/\/vestibulares.estrategia.com\/portal\/wp-content\/uploads\/2020\/11\/matriz_referencia.pdf\" target=\"_blank\">Matriz de Refer&ecirc;ncia do Enem<\/a><\/p><h2 class=\"wp-block-heading\" id=\"h-provas-de-habilidades-especificas-utfpr\"><span class=\"ez-toc-section\" id=\"Provas-de-Habilidades-Especificas-UTFPR\"><\/span>Provas de Habilidades Espec&iacute;ficas UTFPR<span class=\"ez-toc-section-end\"><\/span><\/h2><p>N&atilde;o h&aacute; provas de habilidades espec&iacute;ficas na UTFPR.<\/p><h2 class=\"wp-block-heading\" id=\"h-vestibular-de-inverno-utfpr\"><span class=\"ez-toc-section\" id=\"Vestibular-de-inverno-UTFPR\"><\/span>Vestibular de inverno UTFPR<span class=\"ez-toc-section-end\"><\/span><\/h2><p>A UTFPR realiza tamb&eacute;m um vestibular de inverno, com vagas para o segundo semestre de diversos cursos dos seus campi. Na edi&ccedil;&atilde;o 2023 foram disponibilizadas 3.007 vagas, com taxa de inscri&ccedil;&atilde;o de R$ 150,00. Para saber mais detalhes sobre o processo seletivo, acesse o <a href=\"http:\/\/www.utfpr.edu.br\/cursos\/estudenautfpr\/vestibular\/vestibular\/home-1\" target=\"_blank\" rel=\"noopener noreferrer\">site espec&iacute;fico sobre o assunto<\/a>.<\/p><h2 class=\"wp-block-heading\" id=\"h-como-se-matricular-na-utfpr\"><span class=\"ez-toc-section\" id=\"Como-se-matricular-na-UTFPR\"><\/span>Como se matricular na UTFPR<span class=\"ez-toc-section-end\"><\/span><\/h2><p>A matr&iacute;cula na institui&ccedil;&atilde;o conta com tr&ecirc;s partes: etapa 1 e 2 e, por fim, a autentica&ccedil;&atilde;o administrativa. Na primeira etapa h&aacute; o cadastro online, com envio dos documentos solicitados. Na segunda etapa h&aacute; a confirma&ccedil;&atilde;o do estudante de que h&aacute; a inten&ccedil;&atilde;o de seguir com os estudos na UTFPR. J&aacute; na autentica&ccedil;&atilde;o administrativa, s&atilde;o verificados os documentos de forma presencial. Saiba mais detalhes na explica&ccedil;&atilde;o dos procedimentos de <a href=\"https:\/\/portal.utfpr.edu.br\/cursos\/estudenautfpr\/sisu\/matricula\" target=\"_blank\" rel=\"noopener noreferrer\">matr&iacute;cula feita pela pr&oacute;pria universidade<\/a>.&nbsp;<\/p><h2 class=\"wp-block-heading\" id=\"h-notas-de-corte-utfpr\"><span class=\"ez-toc-section\" id=\"Notas-de-corte-UTFPR\"><\/span>Notas de corte UTFPR<span class=\"ez-toc-section-end\"><\/span><\/h2><p>Confira as notas de corte dos 15 cursos com as maiores notas de corte da UTFPR no Sisu 2025:<\/p><figure class=\"wp-block-table is-style-stripes\"><table><thead><tr><th>Curso<\/th><th class=\"has-text-align-center\" data-align=\"center\">Cidade<\/th><th class=\"has-text-align-center\" data-align=\"center\">Turno<\/th><th class=\"has-text-align-center\" data-align=\"center\">Nota de corte<\/th><\/tr><\/thead><tbody><tr><td>ENGENHARIA DA COMPUTA&Ccedil;&Atilde;O<\/td><td class=\"has-text-align-center\" data-align=\"center\">Curitiba<\/td><td class=\"has-text-align-center\" data-align=\"center\">Integral<\/td><td class=\"has-text-align-center\" data-align=\"center\">823,38<\/td><\/tr><tr><td>ENGENHARIA DE COMPUTA&Ccedil;&Atilde;O<\/td><td class=\"has-text-align-center\" data-align=\"center\">Apucarana<\/td><td class=\"has-text-align-center\" data-align=\"center\">Integral<\/td><td class=\"has-text-align-center\" data-align=\"center\">802,33<\/td><\/tr><tr><td>ENGENHARIA DE PRODU&Ccedil;&Atilde;O<\/td><td class=\"has-text-align-center\" data-align=\"center\">Curitiba<\/td><td class=\"has-text-align-center\" data-align=\"center\">Integral<\/td><td class=\"has-text-align-center\" data-align=\"center\">802,02<\/td><\/tr><tr><td>ENGENHARIA MECATR&Ocirc;NICA<\/td><td class=\"has-text-align-center\" data-align=\"center\">Curitiba<\/td><td class=\"has-text-align-center\" data-align=\"center\">Integral<\/td><td class=\"has-text-align-center\" data-align=\"center\">794,78<\/td><\/tr><tr><td>ENGENHARIA MEC&Acirc;NICA<\/td><td class=\"has-text-align-center\" data-align=\"center\">Curitiba<\/td><td class=\"has-text-align-center\" data-align=\"center\">Integral<\/td><td class=\"has-text-align-center\" data-align=\"center\">789,60<\/td><\/tr><tr><td>ENGENHARIA DE SOFTWARE<\/td><td class=\"has-text-align-center\" data-align=\"center\">Dois Vizinhos<\/td><td class=\"has-text-align-center\" data-align=\"center\">Noturno<\/td><td class=\"has-text-align-center\" data-align=\"center\">778,68<\/td><\/tr><tr><td>ENGENHARIA MEC&Acirc;NICA<\/td><td class=\"has-text-align-center\" data-align=\"center\">Londrina<\/td><td class=\"has-text-align-center\" data-align=\"center\">Integral<\/td><td class=\"has-text-align-center\" data-align=\"center\">770,94<\/td><\/tr><tr><td>QU&Iacute;MICA<\/td><td class=\"has-text-align-center\" data-align=\"center\">Curitiba<\/td><td class=\"has-text-align-center\" data-align=\"center\">Integral<\/td><td class=\"has-text-align-center\" data-align=\"center\">770,11<\/td><\/tr><tr><td>CI&Ecirc;NCIA DA COMPUTA&Ccedil;&Atilde;O<\/td><td class=\"has-text-align-center\" data-align=\"center\">Medianeira<\/td><td class=\"has-text-align-center\" data-align=\"center\">Vespertino<\/td><td class=\"has-text-align-center\" data-align=\"center\">769,57<\/td><\/tr><tr><td>ENGENHARIA MEC&Acirc;NICA<\/td><td class=\"has-text-align-center\" data-align=\"center\">Curitiba<\/td><td class=\"has-text-align-center\" data-align=\"center\">Vespertino<\/td><td class=\"has-text-align-center\" data-align=\"center\">767,81<\/td><\/tr><tr><td>ENGENHARIA DE COMPUTA&Ccedil;&Atilde;O<\/td><td class=\"has-text-align-center\" data-align=\"center\">Toledo<\/td><td class=\"has-text-align-center\" data-align=\"center\">Integral<\/td><td class=\"has-text-align-center\" data-align=\"center\">761,88<\/td><\/tr><tr><td>ENGENHARIA EL&Eacute;TRICA<\/td><td class=\"has-text-align-center\" data-align=\"center\">Curitiba<\/td><td class=\"has-text-align-center\" data-align=\"center\">Integral<\/td><td class=\"has-text-align-center\" data-align=\"center\">761,30<\/td><\/tr><tr><td>ENGENHARIA DA COMPUTA&Ccedil;&Atilde;O<\/td><td class=\"has-text-align-center\" data-align=\"center\">Pato Branco<\/td><td class=\"has-text-align-center\" data-align=\"center\">Integral<\/td><td class=\"has-text-align-center\" data-align=\"center\">759,87<\/td><\/tr><tr><td>ENGENHARIA CIVIL<\/td><td class=\"has-text-align-center\" data-align=\"center\">Curitiba<\/td><td class=\"has-text-align-center\" data-align=\"center\">Integral<\/td><td class=\"has-text-align-center\" data-align=\"center\">758,07<\/td><\/tr><tr><td>ENGENHARIA EL&Eacute;TRICA<\/td><td class=\"has-text-align-center\" data-align=\"center\">Curitiba<\/td><td class=\"has-text-align-center\" data-align=\"center\">Vespertino<\/td><td class=\"has-text-align-center\" data-align=\"center\">756,31<\/td><\/tr><\/tbody><\/table><\/figure><h2 class=\"wp-block-heading\" id=\"h-cursos-utfpr\"><span class=\"ez-toc-section\" id=\"Cursos-UTFPR\"><\/span>Cursos UTFPR<span class=\"ez-toc-section-end\"><\/span><\/h2><p>Confira a lista completa de cursos de gradua&ccedil;&atilde;o oferecidos pela Universidade Tecnol&oacute;gica Federal do Paran&aacute; (UTFPR):<\/p><ul class=\"wp-block-list\">\n<li>Administra&ccedil;&atilde;o: Curitiba e Pato Branco<\/li>\n\n\n\n<li>Agronomia: Dois Vizinhos, Francisco Beltr&atilde;o, Pato Branco e Santa Helena<\/li>\n\n\n\n<li>Arquitetura e Urbanismo: Curitiba<\/li>\n\n\n\n<li>Bacharelado em Engenharia de Software: Corn&eacute;lio Proc&oacute;pio, Dois Vizinhos<\/li>\n\n\n\n<li>Ci&ecirc;ncia da Computa&ccedil;&atilde;o: Campo Mour&atilde;o, Medianeira, Ponta Grossa e Santa Helena<\/li>\n\n\n\n<li>Ci&ecirc;ncias Cont&aacute;beis: Pato Branco<\/li>\n\n\n\n<li>Comunica&ccedil;&atilde;o Organizacional: Curitiba<\/li>\n\n\n\n<li>Design: Curitiba<\/li>\n\n\n\n<li>Educa&ccedil;&atilde;o F&iacute;sica: Curitiba<\/li>\n\n\n\n<li>Engenharia Ambiental: Campo Mour&atilde;o, Londrina e Medianeira<\/li>\n\n\n\n<li>Engenharia Ambiental e Sanit&aacute;ria: Curitiba e Francisco Beltr&atilde;o<\/li>\n\n\n\n<li>Engenharia Cartogr&aacute;fica e de Agrimensura: Pato Branco<\/li>\n\n\n\n<li>Engenharia Civil: Apucarana, Campo Mour&atilde;o,&nbsp; Curitiba, Guarapuava, Pato Branco e Toledo<\/li>\n\n\n\n<li>Engenharia de Alimentos: Campo Mour&atilde;o, Francisco Beltr&atilde;o e Medianeira<\/li>\n\n\n\n<li>Engenharia de Bioprocessos e Biotecnologia: Dois Vizinhos, Ponta Grossa e Toledo<\/li>\n\n\n\n<li>Engenharia de Computa&ccedil;&atilde;o: Apucarana, Corn&eacute;lio Proc&oacute;pio, Curitiba, Pato Branco e Toledo<\/li>\n\n\n\n<li>Engenharia de Controle e Automa&ccedil;&atilde;o: Corn&eacute;lio Proc&oacute;pio e Curitiba<\/li>\n\n\n\n<li>Engenharia de Materiais: Londrina<\/li>\n\n\n\n<li>Engenharia de Produ&ccedil;&atilde;o: Londrina, Medianeira e Ponta Grossa<\/li>\n\n\n\n<li>Engenharia El&eacute;trica: Apucarana, Corn&eacute;lio Proc&oacute;pio, Curitiba, Medianeira, Pato Branco e Ponta Grossa<\/li>\n\n\n\n<li>Engenharia Eletr&ocirc;nica: Campo Mour&atilde;o, Corn&eacute;lio Proc&oacute;pio, Curitiba e Toledo<\/li>\n\n\n\n<li>Engenharia Florestal: Dois Vizinhos<\/li>\n\n\n\n<li>Engenharia Mec&acirc;nica: Corn&eacute;lio Proc&oacute;pio, Curitiba, Guarapuava, Londrina , Pato Branco e Ponta Grossa<\/li>\n\n\n\n<li>Engenharia Mecatr&ocirc;nica: Curitiba e Guarapuava<\/li>\n\n\n\n<li>Engenharia Qu&iacute;mica: Apucarana, Campo Mour&atilde;o, Francisco Beltr&atilde;o, Londrina e Ponta Grossa<\/li>\n\n\n\n<li>Engenharia T&ecirc;xtil: Apucarana<\/li>\n\n\n\n<li>Licenciatura em Ci&ecirc;ncias Biol&oacute;gicas: Dois Vizinhos, Ponta Grossa e Santa Helena<\/li>\n\n\n\n<li>Licenciatura em F&iacute;sica: Curitiba<\/li>\n\n\n\n<li>Licenciatura em Inform&aacute;tica: Francisco Beltr&atilde;o<\/li>\n\n\n\n<li>Licenciatura em Letras Ingl&ecirc;s: Curitiba<\/li>\n\n\n\n<li>Licenciatura em Letras Portugu&ecirc;s e Ingl&ecirc;s: Pato Branco<\/li>\n\n\n\n<li>Licenciatura em Letras Portugu&ecirc;s: Curitiba<\/li>\n\n\n\n<li>Licenciatura em Matem&aacute;tica: Corn&eacute;lio Proc&oacute;pio, Curitiba, Pato Branco e Toledo<\/li>\n\n\n\n<li>Licenciatura em Qu&iacute;mica: Apucarana, Campo Mour&atilde;o, Curitiba, Londrina e Medianeira<\/li>\n\n\n\n<li>Qu&iacute;mica: Curitiba e Pato Branco<\/li>\n\n\n\n<li>Sistemas de Informa&ccedil;&atilde;o: Curitiba e Francisco Beltr&atilde;o<\/li>\n\n\n\n<li>Tecnologia em Alimentos: Campo Mour&atilde;o, Londrina e Medianeira<\/li>\n\n\n\n<li>Tecnologia em An&aacute;lise e Desenvolvimento de Sistemas: Corn&eacute;lio Proc&oacute;pio, Pato Branco e Ponta Grossa<\/li>\n\n\n\n<li>Tecnologia em Automa&ccedil;&atilde;o Industrial: Curitiba e Ponta Grossa<\/li>\n\n\n\n<li>Tecnologia em Design de Moda: Apucarana<\/li>\n\n\n\n<li>Tecnologia em Design Gr&aacute;fico: Curitiba<\/li>\n\n\n\n<li>Tecnologia em Fabrica&ccedil;&atilde;o Mec&acirc;nica: Ponta Grossa<\/li>\n\n\n\n<li>Tecnologia em Gest&atilde;o Ambiental: Medianeira<\/li>\n\n\n\n<li>Tecnologia em Manuten&ccedil;&atilde;o Industrial: Guarapuava, Medianeira e Pato Branco<\/li>\n\n\n\n<li>Tecnologia em Processos Qu&iacute;micos: Toledo<\/li>\n\n\n\n<li>Tecnologia em Radiologia: Curitiba<\/li>\n\n\n\n<li>Tecnologia em Sistemas de Telecomunica&ccedil;&otilde;es: Curitiba<\/li>\n\n\n\n<li>Tecnologia em Sistemas para Internet: Guarapuava e Toledo<\/li>\n\n\n\n<li>Zootecnia: Dois Vizinhos<\/li>\n<\/ul><h2 class=\"wp-block-heading\" id=\"h-campi-e-estruturas-da-utfpr\"><span class=\"ez-toc-section\" id=\"Campi-e-estruturas-da-UTFPR\"><\/span>Campi e estruturas da UTFPR<span class=\"ez-toc-section-end\"><\/span><\/h2><p>A UTFPR possui campus em 13 cidades do Estado do Paran&aacute;: Apucarana, Campo Mour&atilde;o, Corn&eacute;lio Proc&oacute;pio, Curitiba, Dois vizinhos, Francisco Beltr&atilde;o, Guarapuava, Londrina, Medianeira, Pato Branco, Ponta Grossa, Santa Helena e Toledo. Confira mais detalhes sobre cada um dos campus abaixo.<\/p><h3 class=\"wp-block-heading\" id=\"h-apucarana\">Apucarana<\/h3><p>O campus de Apucarana foi fundado em 2007 e conta com sete cursos de gradua&ccedil;&atilde;o (Engenharia Civil, Engenharia de Computa&ccedil;&atilde;o, Engenharia El&eacute;trica, Engenharia Qu&iacute;mica, Engenharia T&ecirc;xtil, Design de Moda e Licenciatura em Qu&iacute;mica) e cursos de p&oacute;s-gradua&ccedil;&atilde;o em n&iacute;vel de mestrado e especializa&ccedil;&atilde;o.<\/p><h3 class=\"wp-block-heading\" id=\"h-campo-mourao\">Campo Mour&atilde;o<\/h3><p>Campo Mour&atilde;o j&aacute; possu&iacute;a um campus quando a institui&ccedil;&atilde;o deixou de ser Cefet-PR, em 2005, e passou a se chamar UTFPR. Cerca de dois mil alunos frequentam as instala&ccedil;&otilde;es, que abrigam oito cursos de gradua&ccedil;&atilde;o e mais outros cursos de p&oacute;s-gradua&ccedil;&atilde;o. Al&eacute;m disso, o local conta com parcerias com outras universidades brasileiras e um Centro de L&iacute;nguas Estrangeiras e Modernas (Calem) e programa de forma&ccedil;&atilde;o pedag&oacute;gica.<\/p><h3 class=\"wp-block-heading\" id=\"h-cornelio-procopio\">Corn&eacute;lio Proc&oacute;pio<\/h3><p>O campus de Corn&eacute;lio Proc&oacute;pio nasceu em 1993 e atualmente conta com oito cursos de gradua&ccedil;&atilde;o e cursos de p&oacute;s-gradua&ccedil;&atilde;o diversos. Al&eacute;m disso, o espa&ccedil;o conta tamb&eacute;m com uma incubadora de inova&ccedil;&atilde;o e um hotel tecnol&oacute;gico que comportam empresas de &aacute;reas distintas que atuam com pesquisa e desenvolvimento de produtos.<\/p><h3 class=\"wp-block-heading\" id=\"h-curitiba\">Curitiba<\/h3><p>O maior e principal campus da institui&ccedil;&atilde;o fica na capital paranaense e conta com tr&ecirc;s sedes: Centro, Ecoville e Neoville. S&atilde;o, ao todo, 28 cursos de gradua&ccedil;&atilde;o e diversos cursos de p&oacute;s-gradua&ccedil;&atilde;o.&nbsp;<\/p><h3 class=\"wp-block-heading\" id=\"h-dois-vizinhos\">Dois Vizinhos<\/h3><p>Com pouco mais de 40 mil habitantes, a cidade de Dois Vizinhos conta com um campus da UTFPR que oferece vagas para seis cursos de gradua&ccedil;&atilde;o. Por ser considerada a Capital Nacional do Frango, cursos como Ci&ecirc;ncias Biol&oacute;gicas e Zootecnia est&atilde;o presentes na unidade.<\/p><h3 class=\"wp-block-heading\" id=\"h-francisco-beltrao\">Francisco Beltr&atilde;o<\/h3><p>O campus de Francisco Beltr&atilde;o possui quatro cursos de gradua&ccedil;&atilde;o diretamente envolvidos com as caracter&iacute;sticas da cidade. Possui em sua estrutura anfiteatro, centro de conviv&ecirc;ncia e programas de incubadoras de empresas.<\/p><h3 class=\"wp-block-heading\" id=\"h-guarapuava\">Guarapuava<\/h3><p>Considerada uma das cidades mais frias do Estado, o campus de Guarapuava come&ccedil;ou suas atividades em 2011 e atualmente ele possui quatro cursos da UTFPR: Engenharia Civil, Engenharia Mec&acirc;nica, Tecnologia em Manuten&ccedil;&atilde;o Industrial e Tecnologia em Sistemas para Internet.&nbsp;<\/p><h3 class=\"wp-block-heading\" id=\"h-londrina\">Londrina<\/h3><p>Londrina &eacute; a segunda cidade mais populosa do Estado e conta com sete cursos de gradua&ccedil;&atilde;o da UTFPR, al&eacute;m de cinco cursos de mestrado e cursos de forma&ccedil;&atilde;o pedag&oacute;gica.<\/p><h3 class=\"wp-block-heading\" id=\"h-medianeira\">Medianeira<\/h3><p>A pequena cidade de Medianeira foi a primeira a receber campus do ent&atilde;o Cefet-PR depois de Curitiba. S&atilde;o nove cursos de gradua&ccedil;&atilde;o e diversos cursos de p&oacute;s-gradua&ccedil;&atilde;o no local. Al&eacute;m disso, o espa&ccedil;o conta com o Parque Cient&iacute;fico e Tecnol&oacute;gico de Medianeira (PCT), que possui empresas focadas no desenvolvimento de tecnologias.<\/p><h3 class=\"wp-block-heading\" id=\"h-pato-branco\">Pato Branco<\/h3><p>O campus de Pato Branco &eacute; uma das primeiras cinco unidades do antigo Cefet-PR e conta com 13 cursos de gradua&ccedil;&atilde;o da UTFPR. A cidade &eacute; a terceira melhor em qualidade de vida no Paran&aacute; e dentre as instala&ccedil;&otilde;es do local h&aacute; tamb&eacute;m um Parque Tecnol&oacute;gico.<\/p><h3 class=\"wp-block-heading\" id=\"h-ponta-grossa\">Ponta Grossa<\/h3><p>As atividades do campus de Ponta Grossa come&ccedil;aram em 1993. Atualmente s&atilde;o dez cursos de gradua&ccedil;&atilde;o e outros v&aacute;rios de especializa&ccedil;&atilde;o, mestrado e doutorado, com aproximadamente 60 laborat&oacute;rios em suas instala&ccedil;&otilde;es. Al&eacute;m disso, o campus conta com centros acad&ecirc;micos de L&iacute;nguas Estrangeiras Modernas (Calem) e de Atividades F&iacute;sicas (Cafis), al&eacute;m de incubadora de empresas e hotel tecnol&oacute;gico.<\/p><h3 class=\"wp-block-heading\" id=\"h-santa-helena\">Santa Helena<\/h3><p>O campus de Santa Helena &eacute; o &uacute;ltimo da institui&ccedil;&atilde;o e foi fundado em 2013. S&atilde;o tr&ecirc;s cursos de gradua&ccedil;&atilde;o: Licenciatura em Ci&ecirc;ncias Biol&oacute;gicas, Bacharelado em Ci&ecirc;ncia da Computa&ccedil;&atilde;o e Bacharelado em Agronomia.<\/p><h3 class=\"wp-block-heading\" id=\"h-toledo\">Toledo<\/h3><p>O campus de Toledo possui sete cursos de gradua&ccedil;&atilde;o e foi fundado em 2007. O local conta tamb&eacute;m com empresas incubadas e projetos tecnol&oacute;gicos, al&eacute;m de projetos de extens&atilde;o voltados para suas &aacute;reas de desenvolvimento.<\/p><div class=\"wp-block-buttons is-content-justification-center is-layout-flex wp-container-core-buttons-is-layout-2 wp-block-buttons-is-layout-flex\">\n<div class=\"wp-block-button\"><a class=\"wp-block-button__link has-luminous-vivid-amber-to-luminous-vivid-orange-gradient-background has-background wp-element-button\" href=\"https:\/\/vestibulares.estrategia.com\/cursos\/mentorias\/?id=d908fa13-51be-4ec5-8662-1985d480832b\" target=\"_blank\" rel=\"noopener noreferrer\">Mentorias Estrat&eacute;gia Vestibulares<\/a><\/div>\n<\/div><h2 class=\"wp-block-heading\" id=\"h-oportunidades-da-utfpr\"><span class=\"ez-toc-section\" id=\"Oportunidades-da-UTFPR\"><\/span>Oportunidades da UTFPR<span class=\"ez-toc-section-end\"><\/span><\/h2><p>A UTFPR tem dentre os seus valores o empreendedorismo e inova&ccedil;&atilde;o, marcas que norteiam a primeira universidade com vi&eacute;s tecnol&oacute;gico do pa&iacute;s. S&atilde;o diversas parcerias com empresas e campus que possuem incubadoras de empresas e hoteis tecnol&oacute;gicos, auxiliando no desenvolvimento regional e, consequentemente, nacional, de setores diferentes.<\/p><h2 class=\"wp-block-heading\" id=\"h-auxilios-e-permanencia-estudantil\"><span class=\"ez-toc-section\" id=\"Auxilios-e-permanencia-estudantil\"><\/span>Aux&iacute;lios e perman&ecirc;ncia estudantil<span class=\"ez-toc-section-end\"><\/span><\/h2><p>A Universidade Tecnol&oacute;gica Federal do Paran&aacute; conta com programas de <a href=\"http:\/\/www.utfpr.edu.br\/alunos\/bolsas\/auxilio-estudantil\" target=\"_blank\" rel=\"noopener noreferrer\">aux&iacute;lio estudantil<\/a> em sua estrutura. Confira alguns deles:<\/p><ul class=\"wp-block-list\">\n<li>Aux&iacute;lio Estudantil: seleciona estudantes da institui&ccedil;&atilde;o para aux&iacute;lios diversos como moradia e alimenta&ccedil;&atilde;o; e<\/li>\n\n\n\n<li>Aux&iacute;lio &agrave; participa&ccedil;&atilde;o de discente: fornece pagamento e\/ou ajuda de custo com deslocamento, alimenta&ccedil;&atilde;o e moradia de estudantes para que eles participem de eventos t&eacute;cnico\/cient&iacute;ficos, olimp&iacute;adas de conhecimento e demais atividades relacionadas &agrave;s &aacute;reas de forma&ccedil;&atilde;o.<\/li>\n<\/ul><h2 class=\"wp-block-heading\" id=\"h-baixe-gratis-o-e-book-sobre-permanencia-estudantil\"><span class=\"ez-toc-section\" id=\"Baixe-gratis-o-e-book-sobre-permanencia-estudantil\"><\/span>Baixe gr&aacute;tis o e-book sobre perman&ecirc;ncia estudantil<span class=\"ez-toc-section-end\"><\/span><\/h2><p>O e-book &ldquo;Passei na Federal! E agora?&rdquo; &eacute; um guia completo que re&uacute;ne todas as pol&iacute;ticas de perman&ecirc;ncia estudantil oferecidas por cada uma das universidades federais brasileiras. A equipe do Estrat&eacute;gia Vestibulares separou as informa&ccedil;&otilde;es por regi&atilde;o e voc&ecirc; ainda pode clicar para consultar a p&aacute;gina do &oacute;rg&atilde;o que cuida dos programas de perman&ecirc;ncia em cada institui&ccedil;&atilde;o.<\/p><p>Al&eacute;m disso, voc&ecirc; ter&aacute; breves explica&ccedil;&otilde;es sobre alguns tipos de assist&ecirc;ncia, como aux&iacute;lio transporte, aux&iacute;lio financeiro, aux&iacute;lio material did&aacute;tico, moradia e restaurante universit&aacute;rio e &eacute; poss&iacute;vel saber quais os requisitos s&atilde;o exigidos para ser um benefici&aacute;rio de uma pol&iacute;tica de perman&ecirc;ncia estudantil e como concorrer &agrave;s que est&atilde;o dispon&iacute;veis na universidade que voc&ecirc; deseja ingressar.<\/p><p>Clique no banner abaixo e fa&ccedil;a o download gratuito do e-book<strong>&nbsp;&ldquo;Passei na Federal! E agora?&rdquo;.<\/strong><\/p><figure class=\"wp-block-image size-full\"><a href=\"https:\/\/gratis.estrategiaconcursos.com.br\/ev-ebook-passei-na-federal-2024\/\" target=\"_blank\"><img decoding=\"async\" src=\"https:\/\/vestibulares.estrategia.com\/portal\/wp-content\/uploads\/2024\/05\/BANNER_PORTAL_.jpg\" alt=\"\" class=\"wp-image-117446\"><\/a><\/figure><h2 class=\"wp-block-heading\" id=\"h-confira-os-cursos-enem-do-estrategia-vestibulares\"><span class=\"ez-toc-section\" id=\"Confira-os-cursos-Enem-do-Estrategia-Vestibulares\"><\/span>Confira os cursos Enem do Estrat&eacute;gia Vestibulares<span class=\"ez-toc-section-end\"><\/span><\/h2><p>O Estrat&eacute;gia Vestibulares oferece cursos espec&iacute;ficos para o Enem, desenvolvido de forma exclusiva e voltada para a banca do exame. Saiba mais detalhes sobre o que oferecemos para que voc&ecirc; seja mais um aprovado na universidade dos seus sonhos!<\/p><p>\n\n\n\n<a id=\"cta\" class=\"cta-imagem\" href=\"https:\/\/vestibulares.estrategia.com\/curso\/pacote-enem\/\" target=\"blank\">\n                <img decoding=\"async\" width=\"100%\" src=\"https:\/\/vestibulares.estrategia.com\/portal\/wp-content\/uploads\/2021\/12\/Enem.jpg\" alt=\"CTA curso Enem\" title=\"CTA curso Enem\">\n        <\/a>\n\n\n<\/p><\/p>\n","protected":false},"excerpt":{"rendered":"Confira mais detalhes sobre o processo seletivo da UTFPR, com acesso via Sisu e Enem, no Portal Estrat\u00e9gia Vestibulares\n","protected":false},"author":43,"featured_media":95298,"comment_status":"closed","ping_status":"closed","sticky":false,"template":"","format":"standard","meta":{"wl_entities_gutenberg":"","footnotes":""},"categories":[816],"tags":[],"wl_entity_type":[732],"class_list":{"0":"post-95297","1":"post","2":"type-post","3":"status-publish","4":"format-standard","5":"has-post-thumbnail","7":"category-enem-e-vestibulares","8":"wl_entity_type-article"},"acf":[],"yoast_head":"<!-- This site is optimized with the Yoast SEO Premium plugin v25.9 (Yoast SEO v25.9) - https:\/\/yoast.com\/wordpress\/plugins\/seo\/ -->\n<title>UTFPR: Sisu, cursos, vagas, como ingressar e muito mais<\/title>\n<meta name=\"description\" content=\"Confira mais detalhes sobre o processo seletivo da UTFPR, com acesso via Sisu e Enem, no Portal Estrat\u00e9gia Vestibulares.\" \/>\n<meta name=\"robots\" content=\"index, follow, max-snippet:-1, max-image-preview:large, max-video-preview:-1\" \/>\n<link rel=\"canonical\" href=\"https:\/\/vestibulares.estrategia.com\/portal\/enem-e-vestibulares\/utfpr-sisu-cursos-vagas-como-ingressar-e-muito-mais\/\" \/>\n<meta property=\"og:locale\" content=\"pt_BR\" \/>\n<meta property=\"og:type\" content=\"article\" \/>\n<meta property=\"og:title\" content=\"UTFPR: Sisu, cursos, vagas, como ingressar e muito mais\" \/>\n<meta property=\"og:description\" content=\"Confira mais detalhes sobre o processo seletivo da UTFPR, com acesso via Sisu e Enem, no Portal Estrat\u00e9gia Vestibulares.\" \/>\n<meta property=\"og:url\" content=\"https:\/\/vestibulares.estrategia.com\/portal\/enem-e-vestibulares\/utfpr-sisu-cursos-vagas-como-ingressar-e-muito-mais\/\" \/>\n<meta property=\"og:site_name\" content=\"Estrat\u00e9gia Vestibulares\" \/>\n<meta property=\"article:publisher\" content=\"https:\/\/facebook.com\/estrategiavestibulares\" \/>\n<meta property=\"article:published_time\" content=\"2023-07-20T00:22:06+00:00\" \/>\n<meta property=\"article:modified_time\" content=\"2026-01-13T19:43:36+00:00\" \/>\n<meta property=\"og:image\" content=\"https:\/\/vestibulares.estrategia.com\/portal\/wp-content\/uploads\/2023\/07\/utfpr-1-1.jpeg\" \/>\n\t<meta property=\"og:image:width\" content=\"1300\" \/>\n\t<meta property=\"og:image:height\" content=\"867\" \/>\n\t<meta property=\"og:image:type\" content=\"image\/jpeg\" \/>\n<meta name=\"author\" content=\"Leonardo Del Sant\" \/>\n<meta name=\"twitter:card\" content=\"summary_large_image\" \/>\n<meta name=\"twitter:creator\" content=\"@Estrategiavest\" \/>\n<meta name=\"twitter:site\" content=\"@Estrategiavest\" \/>\n<meta name=\"twitter:label1\" content=\"Escrito por\" \/>\n\t<meta name=\"twitter:data1\" content=\"Leonardo Del Sant\" \/>\n\t<meta name=\"twitter:label2\" content=\"Est. tempo de leitura\" \/>\n\t<meta name=\"twitter:data2\" content=\"19 minutos\" \/>\n<script type=\"application\/ld+json\" class=\"yoast-schema-graph\">{\"@context\":\"https:\/\/schema.org\",\"@graph\":[{\"@type\":\"Article\",\"@id\":\"https:\/\/vestibulares.estrategia.com\/portal\/enem-e-vestibulares\/utfpr-sisu-cursos-vagas-como-ingressar-e-muito-mais\/#article\",\"isPartOf\":{\"@id\":\"https:\/\/vestibulares.estrategia.com\/portal\/enem-e-vestibulares\/utfpr-sisu-cursos-vagas-como-ingressar-e-muito-mais\/\"},\"author\":{\"name\":\"Leonardo Del Sant\",\"@id\":\"https:\/\/vestibulares.estrategia.com\/portal\/#\/schema\/person\/95532619fccae669187ec84703047908\"},\"headline\":\"UTFPR: Sisu, cursos, vagas, como ingressar e muito mais\",\"datePublished\":\"2023-07-20T00:22:06+00:00\",\"dateModified\":\"2026-01-13T19:43:36+00:00\",\"mainEntityOfPage\":{\"@id\":\"https:\/\/vestibulares.estrategia.com\/portal\/enem-e-vestibulares\/utfpr-sisu-cursos-vagas-como-ingressar-e-muito-mais\/\"},\"wordCount\":3915,\"publisher\":{\"@id\":\"https:\/\/vestibulares.estrategia.com\/portal\/#organization\"},\"image\":{\"@id\":\"https:\/\/vestibulares.estrategia.com\/portal\/enem-e-vestibulares\/utfpr-sisu-cursos-vagas-como-ingressar-e-muito-mais\/#primaryimage\"},\"thumbnailUrl\":\"https:\/\/vestibulares.estrategia.com\/portal\/wp-content\/uploads\/2023\/07\/utfpr-1-1.jpeg\",\"articleSection\":[\"Enem e Vestibulares\"],\"inLanguage\":\"pt-BR\"},{\"@type\":\"WebPage\",\"@id\":\"https:\/\/vestibulares.estrategia.com\/portal\/enem-e-vestibulares\/utfpr-sisu-cursos-vagas-como-ingressar-e-muito-mais\/\",\"url\":\"https:\/\/vestibulares.estrategia.com\/portal\/enem-e-vestibulares\/utfpr-sisu-cursos-vagas-como-ingressar-e-muito-mais\/\",\"name\":\"UTFPR: Sisu, cursos, vagas, como ingressar e muito mais\",\"isPartOf\":{\"@id\":\"https:\/\/vestibulares.estrategia.com\/portal\/#website\"},\"primaryImageOfPage\":{\"@id\":\"https:\/\/vestibulares.estrategia.com\/portal\/enem-e-vestibulares\/utfpr-sisu-cursos-vagas-como-ingressar-e-muito-mais\/#primaryimage\"},\"image\":{\"@id\":\"https:\/\/vestibulares.estrategia.com\/portal\/enem-e-vestibulares\/utfpr-sisu-cursos-vagas-como-ingressar-e-muito-mais\/#primaryimage\"},\"thumbnailUrl\":\"https:\/\/vestibulares.estrategia.com\/portal\/wp-content\/uploads\/2023\/07\/utfpr-1-1.jpeg\",\"datePublished\":\"2023-07-20T00:22:06+00:00\",\"dateModified\":\"2026-01-13T19:43:36+00:00\",\"description\":\"Confira mais detalhes sobre o processo seletivo da UTFPR, com acesso via Sisu e Enem, no Portal Estrat\u00e9gia Vestibulares.\",\"breadcrumb\":{\"@id\":\"https:\/\/vestibulares.estrategia.com\/portal\/enem-e-vestibulares\/utfpr-sisu-cursos-vagas-como-ingressar-e-muito-mais\/#breadcrumb\"},\"inLanguage\":\"pt-BR\",\"potentialAction\":[{\"@type\":\"ReadAction\",\"target\":[\"https:\/\/vestibulares.estrategia.com\/portal\/enem-e-vestibulares\/utfpr-sisu-cursos-vagas-como-ingressar-e-muito-mais\/\"]}]},{\"@type\":\"ImageObject\",\"inLanguage\":\"pt-BR\",\"@id\":\"https:\/\/vestibulares.estrategia.com\/portal\/enem-e-vestibulares\/utfpr-sisu-cursos-vagas-como-ingressar-e-muito-mais\/#primaryimage\",\"url\":\"https:\/\/vestibulares.estrategia.com\/portal\/wp-content\/uploads\/2023\/07\/utfpr-1-1.jpeg\",\"contentUrl\":\"https:\/\/vestibulares.estrategia.com\/portal\/wp-content\/uploads\/2023\/07\/utfpr-1-1.jpeg\",\"width\":1300,\"height\":867,\"caption\":\"Foto: Divulga\u00e7\u00e3o\"},{\"@type\":\"BreadcrumbList\",\"@id\":\"https:\/\/vestibulares.estrategia.com\/portal\/enem-e-vestibulares\/utfpr-sisu-cursos-vagas-como-ingressar-e-muito-mais\/#breadcrumb\",\"itemListElement\":[{\"@type\":\"ListItem\",\"position\":1,\"name\":\"Home\",\"item\":\"https:\/\/vestibulares.estrategia.com\/portal\/\"},{\"@type\":\"ListItem\",\"position\":2,\"name\":\"Enem e Vestibulares\",\"item\":\"https:\/\/vestibulares.estrategia.com\/portal\/enem-e-vestibulares\/\"},{\"@type\":\"ListItem\",\"position\":3,\"name\":\"UTFPR: Sisu, cursos, vagas, como ingressar e muito mais\"}]},{\"@type\":\"WebSite\",\"@id\":\"https:\/\/vestibulares.estrategia.com\/portal\/#website\",\"url\":\"https:\/\/vestibulares.estrategia.com\/portal\/\",\"name\":\"Estrat\u00e9gia Vestibulares\",\"description\":\"\",\"publisher\":{\"@id\":\"https:\/\/vestibulares.estrategia.com\/portal\/#organization\"},\"potentialAction\":[{\"@type\":\"SearchAction\",\"target\":{\"@type\":\"EntryPoint\",\"urlTemplate\":\"https:\/\/vestibulares.estrategia.com\/portal\/?s={search_term_string}\"},\"query-input\":{\"@type\":\"PropertyValueSpecification\",\"valueRequired\":true,\"valueName\":\"search_term_string\"}}],\"inLanguage\":\"pt-BR\"},{\"@type\":\"Organization\",\"@id\":\"https:\/\/vestibulares.estrategia.com\/portal\/#organization\",\"name\":\"Estrat\u00e9gia Vestibulares\",\"url\":\"https:\/\/vestibulares.estrategia.com\/portal\/\",\"logo\":{\"@type\":\"ImageObject\",\"inLanguage\":\"pt-BR\",\"@id\":\"https:\/\/vestibulares.estrategia.com\/portal\/#\/schema\/logo\/image\/\",\"url\":\"https:\/\/vestibulares.estrategia.com\/portal\/wp-content\/uploads\/2021\/06\/Logo-Vestibulares@4x.png\",\"contentUrl\":\"https:\/\/vestibulares.estrategia.com\/portal\/wp-content\/uploads\/2021\/06\/Logo-Vestibulares@4x.png\",\"width\":250,\"height\":66,\"caption\":\"Estrat\u00e9gia Vestibulares\"},\"image\":{\"@id\":\"https:\/\/vestibulares.estrategia.com\/portal\/#\/schema\/logo\/image\/\"},\"sameAs\":[\"https:\/\/facebook.com\/estrategiavestibulares\",\"https:\/\/x.com\/Estrategiavest\",\"https:\/\/www.instagram.com\/estrategiavestibulares\",\"https:\/\/www.youtube.com\/channel\/UCGWdZy8ULI-7_5GrABa4vNA\"]},{\"@type\":\"Person\",\"@id\":\"https:\/\/vestibulares.estrategia.com\/portal\/#\/schema\/person\/95532619fccae669187ec84703047908\",\"name\":\"Leonardo Del Sant\",\"image\":{\"@type\":\"ImageObject\",\"inLanguage\":\"pt-BR\",\"@id\":\"https:\/\/vestibulares.estrategia.com\/portal\/#\/schema\/person\/image\/\",\"url\":\"https:\/\/vestibulares.estrategia.com\/portal\/wp-content\/uploads\/2026\/02\/1000082484-150x150.jpeg\",\"contentUrl\":\"https:\/\/vestibulares.estrategia.com\/portal\/wp-content\/uploads\/2026\/02\/1000082484-150x150.jpeg\",\"caption\":\"Leonardo Del Sant\"},\"description\":\"Coordenador de Jornalismo do Estrat\u00e9gia Vestibulares. Trabalhou com escrita para SEO em sites das \u00e1reas de economia, varejo, sa\u00fade, tecnologia e alimenta\u00e7\u00e3o. Formado em jornalismo pela Unesp\/Bauru.\",\"url\":\"https:\/\/vestibulares.estrategia.com\/portal\/author\/leonardo-del-sant\/\"}]}<\/script>\n<!-- \/ Yoast SEO Premium plugin. -->","yoast_head_json":{"title":"UTFPR: Sisu, cursos, vagas, como ingressar e muito mais","description":"Confira mais detalhes sobre o processo seletivo da UTFPR, com acesso via Sisu e Enem, no Portal Estrat\u00e9gia Vestibulares.","robots":{"index":"index","follow":"follow","max-snippet":"max-snippet:-1","max-image-preview":"max-image-preview:large","max-video-preview":"max-video-preview:-1"},"canonical":"https:\/\/vestibulares.estrategia.com\/portal\/enem-e-vestibulares\/utfpr-sisu-cursos-vagas-como-ingressar-e-muito-mais\/","og_locale":"pt_BR","og_type":"article","og_title":"UTFPR: Sisu, cursos, vagas, como ingressar e muito mais","og_description":"Confira mais detalhes sobre o processo seletivo da UTFPR, com acesso via Sisu e Enem, no Portal Estrat\u00e9gia Vestibulares.","og_url":"https:\/\/vestibulares.estrategia.com\/portal\/enem-e-vestibulares\/utfpr-sisu-cursos-vagas-como-ingressar-e-muito-mais\/","og_site_name":"Estrat\u00e9gia Vestibulares","article_publisher":"https:\/\/facebook.com\/estrategiavestibulares","article_published_time":"2023-07-20T00:22:06+00:00","article_modified_time":"2026-01-13T19:43:36+00:00","og_image":[{"width":1300,"height":867,"url":"https:\/\/vestibulares.estrategia.com\/portal\/wp-content\/uploads\/2023\/07\/utfpr-1-1.jpeg","type":"image\/jpeg"}],"author":"Leonardo Del Sant","twitter_card":"summary_large_image","twitter_creator":"@Estrategiavest","twitter_site":"@Estrategiavest","twitter_misc":{"Escrito por":"Leonardo Del Sant","Est. tempo de leitura":"19 minutos"},"schema":{"@context":"https:\/\/schema.org","@graph":[{"@type":"Article","@id":"https:\/\/vestibulares.estrategia.com\/portal\/enem-e-vestibulares\/utfpr-sisu-cursos-vagas-como-ingressar-e-muito-mais\/#article","isPartOf":{"@id":"https:\/\/vestibulares.estrategia.com\/portal\/enem-e-vestibulares\/utfpr-sisu-cursos-vagas-como-ingressar-e-muito-mais\/"},"author":{"name":"Leonardo Del Sant","@id":"https:\/\/vestibulares.estrategia.com\/portal\/#\/schema\/person\/95532619fccae669187ec84703047908"},"headline":"UTFPR: Sisu, cursos, vagas, como ingressar e muito mais","datePublished":"2023-07-20T00:22:06+00:00","dateModified":"2026-01-13T19:43:36+00:00","mainEntityOfPage":{"@id":"https:\/\/vestibulares.estrategia.com\/portal\/enem-e-vestibulares\/utfpr-sisu-cursos-vagas-como-ingressar-e-muito-mais\/"},"wordCount":3915,"publisher":{"@id":"https:\/\/vestibulares.estrategia.com\/portal\/#organization"},"image":{"@id":"https:\/\/vestibulares.estrategia.com\/portal\/enem-e-vestibulares\/utfpr-sisu-cursos-vagas-como-ingressar-e-muito-mais\/#primaryimage"},"thumbnailUrl":"https:\/\/vestibulares.estrategia.com\/portal\/wp-content\/uploads\/2023\/07\/utfpr-1-1.jpeg","articleSection":["Enem e Vestibulares"],"inLanguage":"pt-BR"},{"@type":"WebPage","@id":"https:\/\/vestibulares.estrategia.com\/portal\/enem-e-vestibulares\/utfpr-sisu-cursos-vagas-como-ingressar-e-muito-mais\/","url":"https:\/\/vestibulares.estrategia.com\/portal\/enem-e-vestibulares\/utfpr-sisu-cursos-vagas-como-ingressar-e-muito-mais\/","name":"UTFPR: Sisu, cursos, vagas, como ingressar e muito mais","isPartOf":{"@id":"https:\/\/vestibulares.estrategia.com\/portal\/#website"},"primaryImageOfPage":{"@id":"https:\/\/vestibulares.estrategia.com\/portal\/enem-e-vestibulares\/utfpr-sisu-cursos-vagas-como-ingressar-e-muito-mais\/#primaryimage"},"image":{"@id":"https:\/\/vestibulares.estrategia.com\/portal\/enem-e-vestibulares\/utfpr-sisu-cursos-vagas-como-ingressar-e-muito-mais\/#primaryimage"},"thumbnailUrl":"https:\/\/vestibulares.estrategia.com\/portal\/wp-content\/uploads\/2023\/07\/utfpr-1-1.jpeg","datePublished":"2023-07-20T00:22:06+00:00","dateModified":"2026-01-13T19:43:36+00:00","description":"Confira mais detalhes sobre o processo seletivo da UTFPR, com acesso via Sisu e Enem, no Portal Estrat\u00e9gia Vestibulares.","breadcrumb":{"@id":"https:\/\/vestibulares.estrategia.com\/portal\/enem-e-vestibulares\/utfpr-sisu-cursos-vagas-como-ingressar-e-muito-mais\/#breadcrumb"},"inLanguage":"pt-BR","potentialAction":[{"@type":"ReadAction","target":["https:\/\/vestibulares.estrategia.com\/portal\/enem-e-vestibulares\/utfpr-sisu-cursos-vagas-como-ingressar-e-muito-mais\/"]}]},{"@type":"ImageObject","inLanguage":"pt-BR","@id":"https:\/\/vestibulares.estrategia.com\/portal\/enem-e-vestibulares\/utfpr-sisu-cursos-vagas-como-ingressar-e-muito-mais\/#primaryimage","url":"https:\/\/vestibulares.estrategia.com\/portal\/wp-content\/uploads\/2023\/07\/utfpr-1-1.jpeg","contentUrl":"https:\/\/vestibulares.estrategia.com\/portal\/wp-content\/uploads\/2023\/07\/utfpr-1-1.jpeg","width":1300,"height":867,"caption":"Foto: Divulga\u00e7\u00e3o"},{"@type":"BreadcrumbList","@id":"https:\/\/vestibulares.estrategia.com\/portal\/enem-e-vestibulares\/utfpr-sisu-cursos-vagas-como-ingressar-e-muito-mais\/#breadcrumb","itemListElement":[{"@type":"ListItem","position":1,"name":"Home","item":"https:\/\/vestibulares.estrategia.com\/portal\/"},{"@type":"ListItem","position":2,"name":"Enem e Vestibulares","item":"https:\/\/vestibulares.estrategia.com\/portal\/enem-e-vestibulares\/"},{"@type":"ListItem","position":3,"name":"UTFPR: Sisu, cursos, vagas, como ingressar e muito mais"}]},{"@type":"WebSite","@id":"https:\/\/vestibulares.estrategia.com\/portal\/#website","url":"https:\/\/vestibulares.estrategia.com\/portal\/","name":"Estrat\u00e9gia Vestibulares","description":"","publisher":{"@id":"https:\/\/vestibulares.estrategia.com\/portal\/#organization"},"potentialAction":[{"@type":"SearchAction","target":{"@type":"EntryPoint","urlTemplate":"https:\/\/vestibulares.estrategia.com\/portal\/?s={search_term_string}"},"query-input":{"@type":"PropertyValueSpecification","valueRequired":true,"valueName":"search_term_string"}}],"inLanguage":"pt-BR"},{"@type":"Organization","@id":"https:\/\/vestibulares.estrategia.com\/portal\/#organization","name":"Estrat\u00e9gia Vestibulares","url":"https:\/\/vestibulares.estrategia.com\/portal\/","logo":{"@type":"ImageObject","inLanguage":"pt-BR","@id":"https:\/\/vestibulares.estrategia.com\/portal\/#\/schema\/logo\/image\/","url":"https:\/\/vestibulares.estrategia.com\/portal\/wp-content\/uploads\/2021\/06\/Logo-Vestibulares@4x.png","contentUrl":"https:\/\/vestibulares.estrategia.com\/portal\/wp-content\/uploads\/2021\/06\/Logo-Vestibulares@4x.png","width":250,"height":66,"caption":"Estrat\u00e9gia Vestibulares"},"image":{"@id":"https:\/\/vestibulares.estrategia.com\/portal\/#\/schema\/logo\/image\/"},"sameAs":["https:\/\/facebook.com\/estrategiavestibulares","https:\/\/x.com\/Estrategiavest","https:\/\/www.instagram.com\/estrategiavestibulares","https:\/\/www.youtube.com\/channel\/UCGWdZy8ULI-7_5GrABa4vNA"]},{"@type":"Person","@id":"https:\/\/vestibulares.estrategia.com\/portal\/#\/schema\/person\/95532619fccae669187ec84703047908","name":"Leonardo Del Sant","image":{"@type":"ImageObject","inLanguage":"pt-BR","@id":"https:\/\/vestibulares.estrategia.com\/portal\/#\/schema\/person\/image\/","url":"https:\/\/vestibulares.estrategia.com\/portal\/wp-content\/uploads\/2026\/02\/1000082484-150x150.jpeg","contentUrl":"https:\/\/vestibulares.estrategia.com\/portal\/wp-content\/uploads\/2026\/02\/1000082484-150x150.jpeg","caption":"Leonardo Del Sant"},"description":"Coordenador de Jornalismo do Estrat\u00e9gia Vestibulares. Trabalhou com escrita para SEO em sites das \u00e1reas de economia, varejo, sa\u00fade, tecnologia e alimenta\u00e7\u00e3o. Formado em jornalismo pela Unesp\/Bauru.","url":"https:\/\/vestibulares.estrategia.com\/portal\/author\/leonardo-del-sant\/"}]}},"_wl_alt_label":[],"wl:entity_url":"https:\/\/data.wordlift.io\/wl110249\/post\/utfpr-sisu-cursos-vagas-como-ingressar-e-muito-mais","_links":{"self":[{"href":"https:\/\/vestibulares.estrategia.com\/portal\/wp-json\/wp\/v2\/posts\/95297","targetHints":{"allow":["GET"]}}],"collection":[{"href":"https:\/\/vestibulares.estrategia.com\/portal\/wp-json\/wp\/v2\/posts"}],"about":[{"href":"https:\/\/vestibulares.estrategia.com\/portal\/wp-json\/wp\/v2\/types\/post"}],"author":[{"embeddable":true,"href":"https:\/\/vestibulares.estrategia.com\/portal\/wp-json\/wp\/v2\/users\/43"}],"replies":[{"embeddable":true,"href":"https:\/\/vestibulares.estrategia.com\/portal\/wp-json\/wp\/v2\/comments?post=95297"}],"version-history":[{"count":11,"href":"https:\/\/vestibulares.estrategia.com\/portal\/wp-json\/wp\/v2\/posts\/95297\/revisions"}],"predecessor-version":[{"id":153057,"href":"https:\/\/vestibulares.estrategia.com\/portal\/wp-json\/wp\/v2\/posts\/95297\/revisions\/153057"}],"wp:featuredmedia":[{"embeddable":true,"href":"https:\/\/vestibulares.estrategia.com\/portal\/wp-json\/wp\/v2\/media\/95298"}],"wp:attachment":[{"href":"https:\/\/vestibulares.estrategia.com\/portal\/wp-json\/wp\/v2\/media?parent=95297"}],"wp:term":[{"taxonomy":"category","embeddable":true,"href":"https:\/\/vestibulares.estrategia.com\/portal\/wp-json\/wp\/v2\/categories?post=95297"},{"taxonomy":"post_tag","embeddable":true,"href":"https:\/\/vestibulares.estrategia.com\/portal\/wp-json\/wp\/v2\/tags?post=95297"},{"taxonomy":"wl_entity_type","embeddable":true,"href":"https:\/\/vestibulares.estrategia.com\/portal\/wp-json\/wp\/v2\/wl_entity_type?post=95297"}],"curies":[{"name":"wp","href":"https:\/\/api.w.org\/{rel}","templated":true}]}}