{"id":95667,"date":"2023-07-21T16:55:49","date_gmt":"2023-07-21T19:55:49","guid":{"rendered":"https:\/\/vestibulares.estrategia.com\/portal\/?p=95667"},"modified":"2023-07-24T16:17:30","modified_gmt":"2023-07-24T19:17:30","slug":"ufu-2023-2-classificados-segunda-fase","status":"publish","type":"post","link":"https:\/\/vestibulares.estrategia.com\/portal\/noticias\/ufu-2023-2-classificados-segunda-fase\/","title":{"rendered":"UFU divulga classificados para segunda fase do vestibular 2023\/2"},"content":{"rendered":"<p>A Universidade Federal de Uberl&acirc;ndia (<a href=\"https:\/\/vestibulares.estrategia.com\/portal\/enem-e-vestibulares\/vestibulares\/vestibular-ufu\/\">UFU<\/a>) divulgou nesta sexta-feira (21) a rela&ccedil;&atilde;o dos candidatos classificados para a segunda fase do vestibular 2023\/2. As provas da primeira fase foram aplicadas no dia 02 de julho. Confira os convocados para a segunda etapa clicando no bot&atilde;o abaixo:<div class=\"wp-block-buttons is-content-justification-center is-layout-flex wp-container-core-buttons-is-layout-1 wp-block-buttons-is-layout-flex\">\n<div class=\"wp-block-button\"><a class=\"wp-block-button__link wp-element-button\" rel=\"nofollow noopener noreferrer\" href=\"https:\/\/vestibulares.estrategia.com\/portal\/wp-content\/uploads\/2023\/07\/RELACAO-CLASSIFICADOS-2-FASE-UFU.pdf\" target=\"_blank\">CLASSIFICADOS PARA 2&ordf; FASE &ndash; UFU 2023\/2<\/a><\/div>\n<\/div><p>Al&eacute;m disso, a institui&ccedil;&atilde;o divulgou tamb&eacute;m o Boletim de Desempenho, dispon&iacute;vel no <a href=\"https:\/\/www.portalselecao.ufu.br\/servicos\/acesso\/login\" target=\"_blank\" rel=\"noopener noreferrer\">Portal de Sele&ccedil;&atilde;o<\/a>.<\/p><div id=\"ez-toc-container\" class=\"ez-toc-v2_0_76 counter-hierarchy ez-toc-counter ez-toc-transparent ez-toc-container-direction\">\n<div class=\"ez-toc-title-container\"><p class=\"ez-toc-title\" style=\"cursor:inherit\">Navegue pelo conte\u00fado<\/p>\n<\/div><nav><ul class='ez-toc-list ez-toc-list-level-1 ' ><li class='ez-toc-page-1 ez-toc-heading-level-2'><a class=\"ez-toc-link ez-toc-heading-1\" href=\"https:\/\/vestibulares.estrategia.com\/portal\/noticias\/ufu-2023-2-classificados-segunda-fase\/#2a-fase-do-vestibular\" >2&ordf; fase do vestibular<\/a><\/li><li class='ez-toc-page-1 ez-toc-heading-level-2'><a class=\"ez-toc-link ez-toc-heading-2\" href=\"https:\/\/vestibulares.estrategia.com\/portal\/noticias\/ufu-2023-2-classificados-segunda-fase\/#Calendario-UFU-20232\" >Calend&aacute;rio UFU 2023\/2<\/a><\/li><li class='ez-toc-page-1 ez-toc-heading-level-2'><a class=\"ez-toc-link ez-toc-heading-3\" href=\"https:\/\/vestibulares.estrategia.com\/portal\/noticias\/ufu-2023-2-classificados-segunda-fase\/#Como-estudar-para-a-UFU\" >Como estudar para a UFU?<\/a><\/li><\/ul><\/nav><\/div>\n<h2 class=\"wp-block-heading\" id=\"h-2&ordf;-fase-do-vestibular\"><span class=\"ez-toc-section\" id=\"2a-fase-do-vestibular\"><\/span>2&ordf; fase do vestibular<span class=\"ez-toc-section-end\"><\/span><\/h2><p>As provas da segunda fase do processo seletivo UFU 2023\/2 ser&atilde;o aplicadas no dia 06 de agosto. Confira as notas de corte da classifica&ccedil;&atilde;o para a segunda etapa clicando no bot&atilde;o abaixo.<\/p><div class=\"wp-block-buttons is-content-justification-center is-layout-flex wp-container-core-buttons-is-layout-2 wp-block-buttons-is-layout-flex\">\n<div class=\"wp-block-button\"><a class=\"wp-block-button__link wp-element-button\" rel=\"nofollow noopener noreferrer\" href=\"https:\/\/vestibulares.estrategia.com\/portal\/wp-content\/uploads\/2023\/07\/NOTA-DE-CORTE-2-FASE-UFU.pdf\" target=\"_blank\">NOTA DE CORTE PARA SEGUNDA FASE<\/a><\/div>\n<\/div><h2 class=\"wp-block-heading\"><span class=\"ez-toc-section\" id=\"Calendario-UFU-20232\"><\/span>Calend&aacute;rio UFU 2023\/2<span class=\"ez-toc-section-end\"><\/span><\/h2><ul class=\"wp-block-list\">\n<li><strong>Inscri&ccedil;&otilde;es:&nbsp;<\/strong>05\/04 a 09\/05\/2023<\/li>\n\n\n\n<li><strong>Solicita&ccedil;&atilde;o de isen&ccedil;&atilde;o da taxa de inscri&ccedil;&atilde;o:<\/strong>&nbsp;05\/04 a 20\/04<\/li>\n\n\n\n<li><strong>Pagamento da taxa:<\/strong>&nbsp;05\/04 a 10\/05<\/li>\n\n\n\n<li><strong>Solicita&ccedil;&atilde;o de atendimentos (especializado ou espec&iacute;fico):&nbsp;<\/strong>05\/04 a 04\/05<\/li>\n\n\n\n<li><strong>Ficha do candidato (com local de prova):&nbsp;<\/strong>23\/06<\/li>\n\n\n\n<li><strong>Primeira fase:<\/strong>&nbsp;02\/07<\/li>\n\n\n\n<li><strong>Gabarito primeira fase:<\/strong>&nbsp;03\/07<\/li>\n\n\n\n<li><strong>Segunda fase:<\/strong>&nbsp;06\/08<\/li>\n\n\n\n<li><strong>Gabarito segunda fase:<\/strong>&nbsp;16\/08\/2023<\/li>\n\n\n\n<li><strong>Resultado:<\/strong>&nbsp;20\/10\/2023<\/li>\n<\/ul><h2 class=\"wp-block-heading\"><span class=\"ez-toc-section\" id=\"Como-estudar-para-a-UFU\"><\/span>Como estudar para a UFU?<span class=\"ez-toc-section-end\"><\/span><\/h2><p id=\"block-3e93e761-7c22-4d6f-8e7e-0cd8afd7a4a3\">Al&eacute;m de&nbsp;<strong>oferecer diariamente aulas gratuitas no&nbsp;<a href=\"https:\/\/www.youtube.com\/channel\/UCGWdZy8ULI-7_5GrABa4vNA\" target=\"_blank\">YouTube<\/a><\/strong>&nbsp;sobre todas as mat&eacute;rias que caem no vestibular da Universidade Federal de Uberl&acirc;ndia, para aqueles que querem investir nos estudos, a plataforma tamb&eacute;m oferece um curso preparat&oacute;rio exclusivo sobre a UFU, com professores especialistas na prova e com diversos benef&iacute;cios. D&aacute; s&oacute; uma olhada:&nbsp;<\/p><ul class=\"wp-block-list\" id=\"block-87838c4b-aeb6-4565-9c0d-edf714fb4481\">\n<li>Curso com livros digitais;<\/li>\n\n\n\n<li>Corre&ccedil;&atilde;o ilimitada de&nbsp;<a href=\"https:\/\/vestibulares.estrategia.com\/portal\/redacao\/enem-redacao\/\" target=\"_blank\">reda&ccedil;&otilde;es<\/a>;<\/li>\n\n\n\n<li>F&oacute;rum de d&uacute;vidas;<\/li>\n\n\n\n<li><a href=\"https:\/\/vestibulares.estrategia.com\/portal\/simulado\/simulado-enem\/\" target=\"_blank\">Simulados<\/a>&nbsp;com quest&otilde;es in&eacute;ditas;<\/li>\n\n\n\n<li>Quest&otilde;es comentadas;<\/li>\n\n\n\n<li>Mapas mentais; e<\/li>\n\n\n\n<li>Entre muitas outras vantagens.<\/li>\n<\/ul><p id=\"block-a713b34c-8c27-480d-bda1-addf7592acd7\">Ficou interessado? Ent&atilde;o, clique no bot&atilde;o e veja tudo sobre os cursos oferecidos pelo Estrat&eacute;gia Vestibulares!<\/p><p>\n\n\n\n<a id=\"cta\" class=\"cta-imagem\" href=\"https:\/\/vestibulares.estrategia.com\/curso\/pacote-ufu\/\" target=\"blank\">\n                <img decoding=\"async\" width=\"100%\" src=\"https:\/\/vestibulares.estrategia.com\/portal\/wp-content\/uploads\/2021\/07\/UFU.jpg\" alt=\"CTA Curso UFU\" title=\"CTA Curso UFU\">\n        <\/a>\n\n\n<\/p><\/p>\n","protected":false},"excerpt":{"rendered":"As provas da segunda fase do processo seletivo ser\u00e3o aplicadas no dia 06 de agosto; confira nota de corte e classificados para segunda etapa\n","protected":false},"author":51,"featured_media":95694,"comment_status":"closed","ping_status":"closed","sticky":false,"template":"","format":"standard","meta":{"wl_entities_gutenberg":"","footnotes":""},"categories":[47],"tags":[164],"wl_entity_type":[732],"class_list":{"0":"post-95667","1":"post","2":"type-post","3":"status-publish","4":"format-standard","5":"has-post-thumbnail","7":"category-noticias","8":"tag-ufu","9":"wl_entity_type-article"},"acf":[],"yoast_head":"<!-- This site is optimized with the Yoast SEO Premium plugin v25.9 (Yoast SEO v25.9) - https:\/\/yoast.com\/wordpress\/plugins\/seo\/ -->\n<title>UFU divulga classificados para segunda fase do vestibular 2023\/2<\/title>\n<meta name=\"description\" content=\"A Universidade Federal de Uberl\u00e2ndia (UFU) divulgou hoje (21) os classificados para a segunda fase do vestibular 2023\/2. Confira j\u00e1.\" \/>\n<meta name=\"robots\" content=\"index, follow, max-snippet:-1, max-image-preview:large, max-video-preview:-1\" \/>\n<link rel=\"canonical\" href=\"https:\/\/vestibulares.estrategia.com\/portal\/noticias\/ufu-2023-2-classificados-segunda-fase\/\" \/>\n<meta property=\"og:locale\" content=\"pt_BR\" \/>\n<meta property=\"og:type\" content=\"article\" \/>\n<meta property=\"og:title\" content=\"UFU divulga classificados para segunda fase do vestibular 2023\/2\" \/>\n<meta property=\"og:description\" content=\"A Universidade Federal de Uberl\u00e2ndia (UFU) divulgou hoje (21) os classificados para a segunda fase do vestibular 2023\/2. Confira j\u00e1.\" \/>\n<meta property=\"og:url\" content=\"https:\/\/vestibulares.estrategia.com\/portal\/noticias\/ufu-2023-2-classificados-segunda-fase\/\" \/>\n<meta property=\"og:site_name\" content=\"Estrat\u00e9gia Vestibulares\" \/>\n<meta property=\"article:publisher\" content=\"https:\/\/facebook.com\/estrategiavestibulares\" \/>\n<meta property=\"article:published_time\" content=\"2023-07-21T19:55:49+00:00\" \/>\n<meta property=\"article:modified_time\" content=\"2023-07-24T19:17:30+00:00\" \/>\n<meta property=\"og:image\" content=\"https:\/\/cdn.blog.estrategiavestibulares.com.br\/vestibulares\/wp-content\/uploads\/2023\/07\/UFU-Vestibular-Estrategia.jpg\" \/>\n\t<meta property=\"og:image:width\" content=\"1200\" \/>\n\t<meta property=\"og:image:height\" content=\"675\" \/>\n\t<meta property=\"og:image:type\" content=\"image\/jpeg\" \/>\n<meta name=\"author\" content=\"Larrani Ferreira\" \/>\n<meta name=\"twitter:card\" content=\"summary_large_image\" \/>\n<meta name=\"twitter:creator\" content=\"@Estrategiavest\" \/>\n<meta name=\"twitter:site\" content=\"@Estrategiavest\" \/>\n<meta name=\"twitter:label1\" content=\"Escrito por\" \/>\n\t<meta name=\"twitter:data1\" content=\"Larrani Ferreira\" \/>\n\t<meta name=\"twitter:label2\" content=\"Est. tempo de leitura\" \/>\n\t<meta name=\"twitter:data2\" content=\"1 minuto\" \/>\n<script type=\"application\/ld+json\" class=\"yoast-schema-graph\">{\"@context\":\"https:\/\/schema.org\",\"@graph\":[{\"@type\":\"NewsArticle\",\"@id\":\"https:\/\/vestibulares.estrategia.com\/portal\/noticias\/ufu-2023-2-classificados-segunda-fase\/#article\",\"isPartOf\":{\"@id\":\"https:\/\/vestibulares.estrategia.com\/portal\/noticias\/ufu-2023-2-classificados-segunda-fase\/\"},\"author\":{\"name\":\"Larrani Ferreira\",\"@id\":\"https:\/\/vestibulares.estrategia.com\/portal\/#\/schema\/person\/98d0c0e22d6d89b480aa1929f0e64ec5\"},\"headline\":\"UFU divulga classificados para segunda fase do vestibular 2023\/2\",\"datePublished\":\"2023-07-21T19:55:49+00:00\",\"dateModified\":\"2023-07-24T19:17:30+00:00\",\"mainEntityOfPage\":{\"@id\":\"https:\/\/vestibulares.estrategia.com\/portal\/noticias\/ufu-2023-2-classificados-segunda-fase\/\"},\"wordCount\":297,\"publisher\":{\"@id\":\"https:\/\/vestibulares.estrategia.com\/portal\/#organization\"},\"image\":{\"@id\":\"https:\/\/vestibulares.estrategia.com\/portal\/noticias\/ufu-2023-2-classificados-segunda-fase\/#primaryimage\"},\"thumbnailUrl\":\"https:\/\/vestibulares.estrategia.com\/portal\/wp-content\/uploads\/2023\/07\/UFU-Vestibular-Estrategia.jpg\",\"keywords\":[\"ufu\"],\"articleSection\":[\"Not\u00edcias\"],\"inLanguage\":\"pt-BR\"},{\"@type\":\"WebPage\",\"@id\":\"https:\/\/vestibulares.estrategia.com\/portal\/noticias\/ufu-2023-2-classificados-segunda-fase\/\",\"url\":\"https:\/\/vestibulares.estrategia.com\/portal\/noticias\/ufu-2023-2-classificados-segunda-fase\/\",\"name\":\"UFU divulga classificados para segunda fase do vestibular 2023\/2\",\"isPartOf\":{\"@id\":\"https:\/\/vestibulares.estrategia.com\/portal\/#website\"},\"primaryImageOfPage\":{\"@id\":\"https:\/\/vestibulares.estrategia.com\/portal\/noticias\/ufu-2023-2-classificados-segunda-fase\/#primaryimage\"},\"image\":{\"@id\":\"https:\/\/vestibulares.estrategia.com\/portal\/noticias\/ufu-2023-2-classificados-segunda-fase\/#primaryimage\"},\"thumbnailUrl\":\"https:\/\/vestibulares.estrategia.com\/portal\/wp-content\/uploads\/2023\/07\/UFU-Vestibular-Estrategia.jpg\",\"datePublished\":\"2023-07-21T19:55:49+00:00\",\"dateModified\":\"2023-07-24T19:17:30+00:00\",\"description\":\"A Universidade Federal de Uberl\u00e2ndia (UFU) divulgou hoje (21) os classificados para a segunda fase do vestibular 2023\/2. Confira j\u00e1.\",\"breadcrumb\":{\"@id\":\"https:\/\/vestibulares.estrategia.com\/portal\/noticias\/ufu-2023-2-classificados-segunda-fase\/#breadcrumb\"},\"inLanguage\":\"pt-BR\",\"potentialAction\":[{\"@type\":\"ReadAction\",\"target\":[\"https:\/\/vestibulares.estrategia.com\/portal\/noticias\/ufu-2023-2-classificados-segunda-fase\/\"]}]},{\"@type\":\"ImageObject\",\"inLanguage\":\"pt-BR\",\"@id\":\"https:\/\/vestibulares.estrategia.com\/portal\/noticias\/ufu-2023-2-classificados-segunda-fase\/#primaryimage\",\"url\":\"https:\/\/vestibulares.estrategia.com\/portal\/wp-content\/uploads\/2023\/07\/UFU-Vestibular-Estrategia.jpg\",\"contentUrl\":\"https:\/\/vestibulares.estrategia.com\/portal\/wp-content\/uploads\/2023\/07\/UFU-Vestibular-Estrategia.jpg\",\"width\":1200,\"height\":675,\"caption\":\"UFU Estrat\u00e9gia Vestibulares\"},{\"@type\":\"BreadcrumbList\",\"@id\":\"https:\/\/vestibulares.estrategia.com\/portal\/noticias\/ufu-2023-2-classificados-segunda-fase\/#breadcrumb\",\"itemListElement\":[{\"@type\":\"ListItem\",\"position\":1,\"name\":\"Home\",\"item\":\"https:\/\/vestibulares.estrategia.com\/portal\/\"},{\"@type\":\"ListItem\",\"position\":2,\"name\":\"Not\u00edcias\",\"item\":\"https:\/\/vestibulares.estrategia.com\/portal\/noticias\/\"},{\"@type\":\"ListItem\",\"position\":3,\"name\":\"UFU divulga classificados para segunda fase do vestibular 2023\/2\"}]},{\"@type\":\"WebSite\",\"@id\":\"https:\/\/vestibulares.estrategia.com\/portal\/#website\",\"url\":\"https:\/\/vestibulares.estrategia.com\/portal\/\",\"name\":\"Estrat\u00e9gia Vestibulares\",\"description\":\"\",\"publisher\":{\"@id\":\"https:\/\/vestibulares.estrategia.com\/portal\/#organization\"},\"potentialAction\":[{\"@type\":\"SearchAction\",\"target\":{\"@type\":\"EntryPoint\",\"urlTemplate\":\"https:\/\/vestibulares.estrategia.com\/portal\/?s={search_term_string}\"},\"query-input\":{\"@type\":\"PropertyValueSpecification\",\"valueRequired\":true,\"valueName\":\"search_term_string\"}}],\"inLanguage\":\"pt-BR\"},{\"@type\":\"Organization\",\"@id\":\"https:\/\/vestibulares.estrategia.com\/portal\/#organization\",\"name\":\"Estrat\u00e9gia Vestibulares\",\"url\":\"https:\/\/vestibulares.estrategia.com\/portal\/\",\"logo\":{\"@type\":\"ImageObject\",\"inLanguage\":\"pt-BR\",\"@id\":\"https:\/\/vestibulares.estrategia.com\/portal\/#\/schema\/logo\/image\/\",\"url\":\"https:\/\/vestibulares.estrategia.com\/portal\/wp-content\/uploads\/2021\/06\/Logo-Vestibulares@4x.png\",\"contentUrl\":\"https:\/\/vestibulares.estrategia.com\/portal\/wp-content\/uploads\/2021\/06\/Logo-Vestibulares@4x.png\",\"width\":250,\"height\":66,\"caption\":\"Estrat\u00e9gia Vestibulares\"},\"image\":{\"@id\":\"https:\/\/vestibulares.estrategia.com\/portal\/#\/schema\/logo\/image\/\"},\"sameAs\":[\"https:\/\/facebook.com\/estrategiavestibulares\",\"https:\/\/x.com\/Estrategiavest\",\"https:\/\/www.instagram.com\/estrategiavestibulares\",\"https:\/\/www.youtube.com\/channel\/UCGWdZy8ULI-7_5GrABa4vNA\"]},{\"@type\":\"Person\",\"@id\":\"https:\/\/vestibulares.estrategia.com\/portal\/#\/schema\/person\/98d0c0e22d6d89b480aa1929f0e64ec5\",\"name\":\"Larrani Ferreira\",\"image\":{\"@type\":\"ImageObject\",\"inLanguage\":\"pt-BR\",\"@id\":\"https:\/\/vestibulares.estrategia.com\/portal\/#\/schema\/person\/image\/\",\"url\":\"https:\/\/vestibulares.estrategia.com\/portal\/wp-content\/uploads\/2026\/02\/WhatsApp-Image-2026-02-05-at-14.26.13-150x150.jpeg\",\"contentUrl\":\"https:\/\/vestibulares.estrategia.com\/portal\/wp-content\/uploads\/2026\/02\/WhatsApp-Image-2026-02-05-at-14.26.13-150x150.jpeg\",\"caption\":\"Larrani Ferreira\"},\"description\":\"Jornalista e Mestranda em Comunica\u00e7\u00e3o Intercultural nas Organiza\u00e7\u00f5es\",\"url\":\"https:\/\/vestibulares.estrategia.com\/portal\/author\/larranioliveira\/\"}]}<\/script>\n<!-- \/ Yoast SEO Premium plugin. -->","yoast_head_json":{"title":"UFU divulga classificados para segunda fase do vestibular 2023\/2","description":"A Universidade Federal de Uberl\u00e2ndia (UFU) divulgou hoje (21) os classificados para a segunda fase do vestibular 2023\/2. Confira j\u00e1.","robots":{"index":"index","follow":"follow","max-snippet":"max-snippet:-1","max-image-preview":"max-image-preview:large","max-video-preview":"max-video-preview:-1"},"canonical":"https:\/\/vestibulares.estrategia.com\/portal\/noticias\/ufu-2023-2-classificados-segunda-fase\/","og_locale":"pt_BR","og_type":"article","og_title":"UFU divulga classificados para segunda fase do vestibular 2023\/2","og_description":"A Universidade Federal de Uberl\u00e2ndia (UFU) divulgou hoje (21) os classificados para a segunda fase do vestibular 2023\/2. Confira j\u00e1.","og_url":"https:\/\/vestibulares.estrategia.com\/portal\/noticias\/ufu-2023-2-classificados-segunda-fase\/","og_site_name":"Estrat\u00e9gia Vestibulares","article_publisher":"https:\/\/facebook.com\/estrategiavestibulares","article_published_time":"2023-07-21T19:55:49+00:00","article_modified_time":"2023-07-24T19:17:30+00:00","og_image":[{"width":1200,"height":675,"url":"https:\/\/cdn.blog.estrategiavestibulares.com.br\/vestibulares\/wp-content\/uploads\/2023\/07\/UFU-Vestibular-Estrategia.jpg","type":"image\/jpeg"}],"author":"Larrani Ferreira","twitter_card":"summary_large_image","twitter_creator":"@Estrategiavest","twitter_site":"@Estrategiavest","twitter_misc":{"Escrito por":"Larrani Ferreira","Est. tempo de leitura":"1 minuto"},"schema":{"@context":"https:\/\/schema.org","@graph":[{"@type":"NewsArticle","@id":"https:\/\/vestibulares.estrategia.com\/portal\/noticias\/ufu-2023-2-classificados-segunda-fase\/#article","isPartOf":{"@id":"https:\/\/vestibulares.estrategia.com\/portal\/noticias\/ufu-2023-2-classificados-segunda-fase\/"},"author":{"name":"Larrani Ferreira","@id":"https:\/\/vestibulares.estrategia.com\/portal\/#\/schema\/person\/98d0c0e22d6d89b480aa1929f0e64ec5"},"headline":"UFU divulga classificados para segunda fase do vestibular 2023\/2","datePublished":"2023-07-21T19:55:49+00:00","dateModified":"2023-07-24T19:17:30+00:00","mainEntityOfPage":{"@id":"https:\/\/vestibulares.estrategia.com\/portal\/noticias\/ufu-2023-2-classificados-segunda-fase\/"},"wordCount":297,"publisher":{"@id":"https:\/\/vestibulares.estrategia.com\/portal\/#organization"},"image":{"@id":"https:\/\/vestibulares.estrategia.com\/portal\/noticias\/ufu-2023-2-classificados-segunda-fase\/#primaryimage"},"thumbnailUrl":"https:\/\/vestibulares.estrategia.com\/portal\/wp-content\/uploads\/2023\/07\/UFU-Vestibular-Estrategia.jpg","keywords":["ufu"],"articleSection":["Not\u00edcias"],"inLanguage":"pt-BR"},{"@type":"WebPage","@id":"https:\/\/vestibulares.estrategia.com\/portal\/noticias\/ufu-2023-2-classificados-segunda-fase\/","url":"https:\/\/vestibulares.estrategia.com\/portal\/noticias\/ufu-2023-2-classificados-segunda-fase\/","name":"UFU divulga classificados para segunda fase do vestibular 2023\/2","isPartOf":{"@id":"https:\/\/vestibulares.estrategia.com\/portal\/#website"},"primaryImageOfPage":{"@id":"https:\/\/vestibulares.estrategia.com\/portal\/noticias\/ufu-2023-2-classificados-segunda-fase\/#primaryimage"},"image":{"@id":"https:\/\/vestibulares.estrategia.com\/portal\/noticias\/ufu-2023-2-classificados-segunda-fase\/#primaryimage"},"thumbnailUrl":"https:\/\/vestibulares.estrategia.com\/portal\/wp-content\/uploads\/2023\/07\/UFU-Vestibular-Estrategia.jpg","datePublished":"2023-07-21T19:55:49+00:00","dateModified":"2023-07-24T19:17:30+00:00","description":"A Universidade Federal de Uberl\u00e2ndia (UFU) divulgou hoje (21) os classificados para a segunda fase do vestibular 2023\/2. Confira j\u00e1.","breadcrumb":{"@id":"https:\/\/vestibulares.estrategia.com\/portal\/noticias\/ufu-2023-2-classificados-segunda-fase\/#breadcrumb"},"inLanguage":"pt-BR","potentialAction":[{"@type":"ReadAction","target":["https:\/\/vestibulares.estrategia.com\/portal\/noticias\/ufu-2023-2-classificados-segunda-fase\/"]}]},{"@type":"ImageObject","inLanguage":"pt-BR","@id":"https:\/\/vestibulares.estrategia.com\/portal\/noticias\/ufu-2023-2-classificados-segunda-fase\/#primaryimage","url":"https:\/\/vestibulares.estrategia.com\/portal\/wp-content\/uploads\/2023\/07\/UFU-Vestibular-Estrategia.jpg","contentUrl":"https:\/\/vestibulares.estrategia.com\/portal\/wp-content\/uploads\/2023\/07\/UFU-Vestibular-Estrategia.jpg","width":1200,"height":675,"caption":"UFU Estrat\u00e9gia Vestibulares"},{"@type":"BreadcrumbList","@id":"https:\/\/vestibulares.estrategia.com\/portal\/noticias\/ufu-2023-2-classificados-segunda-fase\/#breadcrumb","itemListElement":[{"@type":"ListItem","position":1,"name":"Home","item":"https:\/\/vestibulares.estrategia.com\/portal\/"},{"@type":"ListItem","position":2,"name":"Not\u00edcias","item":"https:\/\/vestibulares.estrategia.com\/portal\/noticias\/"},{"@type":"ListItem","position":3,"name":"UFU divulga classificados para segunda fase do vestibular 2023\/2"}]},{"@type":"WebSite","@id":"https:\/\/vestibulares.estrategia.com\/portal\/#website","url":"https:\/\/vestibulares.estrategia.com\/portal\/","name":"Estrat\u00e9gia Vestibulares","description":"","publisher":{"@id":"https:\/\/vestibulares.estrategia.com\/portal\/#organization"},"potentialAction":[{"@type":"SearchAction","target":{"@type":"EntryPoint","urlTemplate":"https:\/\/vestibulares.estrategia.com\/portal\/?s={search_term_string}"},"query-input":{"@type":"PropertyValueSpecification","valueRequired":true,"valueName":"search_term_string"}}],"inLanguage":"pt-BR"},{"@type":"Organization","@id":"https:\/\/vestibulares.estrategia.com\/portal\/#organization","name":"Estrat\u00e9gia Vestibulares","url":"https:\/\/vestibulares.estrategia.com\/portal\/","logo":{"@type":"ImageObject","inLanguage":"pt-BR","@id":"https:\/\/vestibulares.estrategia.com\/portal\/#\/schema\/logo\/image\/","url":"https:\/\/vestibulares.estrategia.com\/portal\/wp-content\/uploads\/2021\/06\/Logo-Vestibulares@4x.png","contentUrl":"https:\/\/vestibulares.estrategia.com\/portal\/wp-content\/uploads\/2021\/06\/Logo-Vestibulares@4x.png","width":250,"height":66,"caption":"Estrat\u00e9gia Vestibulares"},"image":{"@id":"https:\/\/vestibulares.estrategia.com\/portal\/#\/schema\/logo\/image\/"},"sameAs":["https:\/\/facebook.com\/estrategiavestibulares","https:\/\/x.com\/Estrategiavest","https:\/\/www.instagram.com\/estrategiavestibulares","https:\/\/www.youtube.com\/channel\/UCGWdZy8ULI-7_5GrABa4vNA"]},{"@type":"Person","@id":"https:\/\/vestibulares.estrategia.com\/portal\/#\/schema\/person\/98d0c0e22d6d89b480aa1929f0e64ec5","name":"Larrani Ferreira","image":{"@type":"ImageObject","inLanguage":"pt-BR","@id":"https:\/\/vestibulares.estrategia.com\/portal\/#\/schema\/person\/image\/","url":"https:\/\/vestibulares.estrategia.com\/portal\/wp-content\/uploads\/2026\/02\/WhatsApp-Image-2026-02-05-at-14.26.13-150x150.jpeg","contentUrl":"https:\/\/vestibulares.estrategia.com\/portal\/wp-content\/uploads\/2026\/02\/WhatsApp-Image-2026-02-05-at-14.26.13-150x150.jpeg","caption":"Larrani Ferreira"},"description":"Jornalista e Mestranda em Comunica\u00e7\u00e3o Intercultural nas Organiza\u00e7\u00f5es","url":"https:\/\/vestibulares.estrategia.com\/portal\/author\/larranioliveira\/"}]}},"_wl_alt_label":[],"wl:entity_url":"https:\/\/data.wordlift.io\/wl110249\/post\/ufu-2023-2-classificados-segunda-fase","_links":{"self":[{"href":"https:\/\/vestibulares.estrategia.com\/portal\/wp-json\/wp\/v2\/posts\/95667","targetHints":{"allow":["GET"]}}],"collection":[{"href":"https:\/\/vestibulares.estrategia.com\/portal\/wp-json\/wp\/v2\/posts"}],"about":[{"href":"https:\/\/vestibulares.estrategia.com\/portal\/wp-json\/wp\/v2\/types\/post"}],"author":[{"embeddable":true,"href":"https:\/\/vestibulares.estrategia.com\/portal\/wp-json\/wp\/v2\/users\/51"}],"replies":[{"embeddable":true,"href":"https:\/\/vestibulares.estrategia.com\/portal\/wp-json\/wp\/v2\/comments?post=95667"}],"version-history":[{"count":3,"href":"https:\/\/vestibulares.estrategia.com\/portal\/wp-json\/wp\/v2\/posts\/95667\/revisions"}],"predecessor-version":[{"id":95771,"href":"https:\/\/vestibulares.estrategia.com\/portal\/wp-json\/wp\/v2\/posts\/95667\/revisions\/95771"}],"wp:featuredmedia":[{"embeddable":true,"href":"https:\/\/vestibulares.estrategia.com\/portal\/wp-json\/wp\/v2\/media\/95694"}],"wp:attachment":[{"href":"https:\/\/vestibulares.estrategia.com\/portal\/wp-json\/wp\/v2\/media?parent=95667"}],"wp:term":[{"taxonomy":"category","embeddable":true,"href":"https:\/\/vestibulares.estrategia.com\/portal\/wp-json\/wp\/v2\/categories?post=95667"},{"taxonomy":"post_tag","embeddable":true,"href":"https:\/\/vestibulares.estrategia.com\/portal\/wp-json\/wp\/v2\/tags?post=95667"},{"taxonomy":"wl_entity_type","embeddable":true,"href":"https:\/\/vestibulares.estrategia.com\/portal\/wp-json\/wp\/v2\/wl_entity_type?post=95667"}],"curies":[{"name":"wp","href":"https:\/\/api.w.org\/{rel}","templated":true}]}}