{"id":96532,"date":"2023-08-01T08:00:00","date_gmt":"2023-08-01T11:00:00","guid":{"rendered":"https:\/\/vestibulares.estrategia.com\/portal\/?p=96532"},"modified":"2023-08-18T17:37:46","modified_gmt":"2023-08-18T20:37:46","slug":"desertificacao","status":"publish","type":"post","link":"https:\/\/vestibulares.estrategia.com\/portal\/materias\/geografia\/desertificacao\/","title":{"rendered":"Desertifica\u00e7\u00e3o: o que \u00e9, causas e consequ\u00eancias"},"content":{"rendered":"<p class=\"wp-block-paragraph\">Desertifica&ccedil;&atilde;o &eacute; o processo em que as terras de uma regi&atilde;o se tornam mais des&eacute;rticas, ou seja, mais secas e menos produtivas. Geralmente associado com climas secos e regi&otilde;es &aacute;ridas, trata-se de um fen&ocirc;meno fortemente combatido internacionalmente, j&aacute; que a a&ccedil;&atilde;o humana t&ecirc;m intensificado e acelerado os danos. Leia e conhe&ccedil;a mais sobre essa forma de degrada&ccedil;&atilde;o do solo.<div id=\"ez-toc-container\" class=\"ez-toc-v2_0_86 counter-hierarchy ez-toc-counter ez-toc-transparent ez-toc-container-direction\">\n<div class=\"ez-toc-title-container\"><p class=\"ez-toc-title\" style=\"cursor:inherit\">Navegue pelo conte\u00fado<\/p>\n<\/div><nav><ul class='ez-toc-list ez-toc-list-level-1 ' ><li class='ez-toc-page-1 ez-toc-heading-level-2'><a class=\"ez-toc-link ez-toc-heading-1\" href=\"https:\/\/vestibulares.estrategia.com\/portal\/materias\/geografia\/desertificacao\/#Processo-de-desertificacao\" >Processo de desertifica&ccedil;&atilde;o<\/a><\/li><li class='ez-toc-page-1 ez-toc-heading-level-2'><a class=\"ez-toc-link ez-toc-heading-2\" href=\"https:\/\/vestibulares.estrategia.com\/portal\/materias\/geografia\/desertificacao\/#Causas-de-desertificacao\" >Causas de desertifica&ccedil;&atilde;o<\/a><\/li><li class='ez-toc-page-1 ez-toc-heading-level-2'><a class=\"ez-toc-link ez-toc-heading-3\" href=\"https:\/\/vestibulares.estrategia.com\/portal\/materias\/geografia\/desertificacao\/#Desertificacao-no-Brasil\" >Desertifica&ccedil;&atilde;o no Brasil<\/a><\/li><li class='ez-toc-page-1 ez-toc-heading-level-2'><a class=\"ez-toc-link ez-toc-heading-4\" href=\"https:\/\/vestibulares.estrategia.com\/portal\/materias\/geografia\/desertificacao\/#Impactos-da-desertificacao\" >Impactos da desertifica&ccedil;&atilde;o<\/a><\/li><li class='ez-toc-page-1 ez-toc-heading-level-2'><a class=\"ez-toc-link ez-toc-heading-5\" href=\"https:\/\/vestibulares.estrategia.com\/portal\/materias\/geografia\/desertificacao\/#Questao-sobre-desertificacao\" >Quest&atilde;o sobre desertifica&ccedil;&atilde;o<\/a><\/li><li class='ez-toc-page-1 ez-toc-heading-level-2'><a class=\"ez-toc-link ez-toc-heading-6\" href=\"https:\/\/vestibulares.estrategia.com\/portal\/materias\/geografia\/desertificacao\/#Estude-para-as-provas-com-a-Coruja\" >Estude para as provas com a Coruja!<\/a><\/li><\/ul><\/nav><\/div>\n<h2 class=\"wp-block-heading\" id=\"h-processo-de-desertificacao\"><span class=\"ez-toc-section\" id=\"Processo-de-desertificacao\"><\/span>Processo de desertifica&ccedil;&atilde;o<span class=\"ez-toc-section-end\"><\/span><\/h2><p class=\"wp-block-paragraph\">O processo de desertifica&ccedil;&atilde;o pode ser definido como a involu&ccedil;&atilde;o da vegeta&ccedil;&atilde;o de uma regi&atilde;o, de forma que os <span id=\"urn:enhancement-690bd2ef-040d-4f00-834c-004751ba42a6\" class=\"textannotation disambiguated wl-thing\" itemid=\"https:\/\/data.wordlift.io\/wl110249\/entity\/vegetal\">vegetais<\/span> param de crescer e depois regridem, ao ponto de desaparecerem quaisquer <span id=\"urn:enhancement-5f0573b1-197a-4bf9-921d-9997200a6725\" class=\"textannotation disambiguated wl-thing\" itemid=\"https:\/\/data.wordlift.io\/wl110249\/entity\/vegetal\">plantas<\/span> existentes no ambiente.<\/p><p class=\"wp-block-paragraph\">&Eacute; importante ressaltar que a desertifica&ccedil;&atilde;o n&atilde;o se trata sobre o aumento da expans&atilde;o de um deserto j&aacute; existente. Na verdade, &eacute; sobre uma regi&atilde;o naturalmente seca que sofre gradativamente com a escassez de &aacute;gua e, por fim, torna-se em um deserto.<\/p><p class=\"wp-block-paragraph\">Quando a desertifica&ccedil;&atilde;o acontece naturalmente, &eacute;&nbsp; resultado de altera&ccedil;&otilde;es no pr&oacute;prio planeta Terra, como mudan&ccedil;as no eixo e incid&ecirc;ncia do sol em determinado ponto do globo. &Eacute; o fen&ocirc;meno respons&aacute;vel pela forma&ccedil;&atilde;o dos grandes desertos que conhecemos atualmente, como o Saara, que fica no continente africano.<\/p><p class=\"wp-block-paragraph\">Entretanto, atualmente, a desertifica&ccedil;&atilde;o &eacute; um tema de preocupa&ccedil;&atilde;o mundial, porque as atividades <span id=\"urn:enhancement-fcf06f5f-cf1b-4514-ab2e-675a9ed88606\" class=\"textannotation disambiguated wl-thing\" itemid=\"https:\/\/data.wordlift.io\/wl110249\/entity\/ciencias-humanas\">humanas<\/span> t&ecirc;m acelerado esse processo. Muitas regi&otilde;es semi&aacute;ridas e &aacute;ridas t&ecirc;m sofrido cada vez mais com os impactos da a&ccedil;&atilde;o antr&oacute;pica.&nbsp;<\/p><p class=\"wp-block-paragraph\">Nesse sentido, v&aacute;rias das atividades econ&ocirc;micas e <span id=\"urn:enhancement-2e9341db-ebd7-4850-8774-dafd608d4e14\" class=\"textannotation disambiguated wl-thing\" itemid=\"https:\/\/data.wordlift.io\/wl110249\/entity\/ciencias-sociais\">sociais<\/span> dos homens t&ecirc;m impactado diretamente na natureza. No que diz respeito ao processo de desertifica&ccedil;&atilde;o, o <span id=\"urn:enhancement-8a082d7b-036c-48cf-b708-00f658c6d35e\" class=\"textannotation disambiguated wl-thing\" itemid=\"https:\/\/data.wordlift.io\/wl110249\/entity\/aquecimento-global\">aquecimento global<\/span>, o desmatamento, a explora&ccedil;&atilde;o e contamina&ccedil;&atilde;o da &aacute;gua e solo, entre outros pontos s&atilde;o determinantes para impulsionar o processo.&nbsp;<\/p><p class=\"wp-block-paragraph\">Todas as esp&eacute;cies de um ecossistema s&atilde;o diretamente afetadas pela forma&ccedil;&atilde;o de um deserto, uma vez que todas as caracter&iacute;sticas do ambiente ser&atilde;o alteradas. Assim, os seres nativos n&atilde;o possuir&atilde;o os recursos naturais necess&aacute;rios para sua sobreviv&ecirc;ncia. Al&eacute;m disso, os pr&oacute;prios humanos s&atilde;o prejudicados com isso, j&aacute; que as terras produtivas e f&eacute;rteis ficam cada vez mais escassas.<\/p><h2 class=\"wp-block-heading\" id=\"h-causas-de-desertificacao\"><span class=\"ez-toc-section\" id=\"Causas-de-desertificacao\"><\/span>Causas de desertifica&ccedil;&atilde;o<span class=\"ez-toc-section-end\"><\/span><\/h2><h3 class=\"wp-block-heading\" id=\"h-mudancas-climaticas-e-aquecimento-global\">Mudan&ccedil;as clim&aacute;ticas e aquecimento global<\/h3><p class=\"wp-block-paragraph\">O <span id=\"urn:enhancement-29958e48-c5db-4d3e-9552-d766b99b08df\" class=\"textannotation disambiguated wl-thing\" itemid=\"https:\/\/data.wordlift.io\/wl110249\/entity\/aquecimento-global\">aquecimento global<\/span> &eacute; um fen&ocirc;meno <span id=\"urn:enhancement-c7997e5d-d2f0-4b17-a5f2-bbd57b63df3a\" class=\"textannotation disambiguated wl-thing\" itemid=\"https:\/\/data.wordlift.io\/wl110249\/entity\/clima\">clim&aacute;tico<\/span> resultante da a&ccedil;&atilde;o humana, com a reten&ccedil;&atilde;o de gases e <span id=\"urn:enhancement-b47dfe9d-b859-4e3d-b568-67f9a4a70e8b\" class=\"textannotation disambiguated wl-thing\" itemid=\"https:\/\/data.wordlift.io\/wl110249\/entity\/substancia\">subst&acirc;ncias<\/span> que impedem o extravasamento do <span id=\"urn:enhancement-2068f1db-23b3-41a6-af8a-308131b23d10\" class=\"textannotation disambiguated wl-thing\" itemid=\"https:\/\/data.wordlift.io\/wl110249\/entity\/calor\">calor<\/span> para al&eacute;m da <span id=\"urn:enhancement-80529716-ee59-4153-ac34-70ea05a14db4\" class=\"textannotation disambiguated wl-thing\" itemid=\"https:\/\/data.wordlift.io\/wl110249\/entity\/atmosfera\">atmosfera<\/span> terrestre. Ent&atilde;o, pouco a pouco, a Terra torna-se um planeta mais quente.&nbsp;<\/p><p class=\"wp-block-paragraph\">Com isso, os eventos <span id=\"urn:enhancement-306e6006-dd57-4972-af1b-d49966a5bf50\" class=\"textannotation disambiguated wl-thing\" itemid=\"https:\/\/data.wordlift.io\/wl110249\/entity\/clima\">clim&aacute;ticos<\/span> est&atilde;o cada vez mais intensos e desordenados, at&eacute; mesmo as esta&ccedil;&otilde;es do ano apresentam caracter&iacute;sticas mais vari&aacute;veis. Nesse sentido, <span id=\"urn:enhancement-7e89dc2a-8956-4010-aeea-979f9183b7a7\" class=\"textannotation disambiguated wl-thing\" itemid=\"https:\/\/data.wordlift.io\/wl110249\/entity\/ciclone\">ciclones<\/span>, furac&otilde;es, vendavais, tsunamis tendem a ser mais frequentes e causar mais danos.<\/p><p class=\"wp-block-paragraph\">Dessa forma, regi&otilde;es que j&aacute; eram quentes e secas t&ecirc;m sua temperatura cada vez aumentada, e a umidade relativa do ar reduzida. Ao mesmo tempo, est&atilde;o suscet&iacute;veis &agrave; a&ccedil;&atilde;o desses grandes fen&ocirc;menos meteorol&oacute;gicos.<\/p><p class=\"wp-block-paragraph\">+ Veja tamb&eacute;m uma aula gratuita sobre <a href=\"https:\/\/www.youtube.com\/watch?v=1rZy0JBH1UU&amp;pp=ygUVY2xpbWEgZXN0cmF0ZWdpYSB2ZXN0\" target=\"_blank\">Climatologia<\/a><\/p><h3 class=\"wp-block-heading\" id=\"h-desmatamento\">Desmatamento<\/h3><p class=\"wp-block-paragraph\">O desmatamento, por si s&oacute;, &eacute; um grande problema ambiental. Al&eacute;m da queda e extin&ccedil;&atilde;o de esp&eacute;cies importantes, h&aacute; um desequil&iacute;brio do ecossistema e, consequentemente, isso atinge os <span id=\"urn:enhancement-08897e69-8d55-4fc3-b69e-7432ccd9360b\" class=\"textannotation disambiguated wl-thing\" itemid=\"https:\/\/data.wordlift.io\/wl110249\/entity\/vegetal\">vegetais<\/span> que est&atilde;o ao redor.&nbsp;<\/p><p class=\"wp-block-paragraph\">Em geral, as <span id=\"urn:enhancement-436cba80-f599-424d-82e6-f75297599145\" class=\"textannotation disambiguated wl-thing\" itemid=\"https:\/\/data.wordlift.io\/wl110249\/entity\/vegetal\">plantas<\/span> possuem um papel fundamental para a reten&ccedil;&atilde;o de umidade no ar e no solo. Uma vez que elas s&atilde;o extra&iacute;das pelo homem, o ambiente tende a ficar mais seco e fica mais suscet&iacute;vel a queimadas e desertifica&ccedil;&otilde;es.&nbsp;<\/p><h3 class=\"wp-block-heading\" id=\"h-agropecuaria\">Agropecu&aacute;ria<\/h3><p class=\"wp-block-paragraph\">A ind&uacute;stria <a href=\"https:\/\/vestibulares.estrategia.com\/portal\/materias\/geografia\/agropecuaria-no-brasil\/\" target=\"_blank\">agropecu&aacute;ria <\/a>torna-se cada vez mais expressiva, com tecnologias e produtos que tornam os plantios mais eficientes e lucrativos. Por outro lado, muitas vezes as empresas n&atilde;o atentam-se &agrave; sa&uacute;de do ambiente ao redor.&nbsp;<\/p><p class=\"wp-block-paragraph\">S&atilde;o utilizadas t&eacute;cnicas de colheita nocivas ao solo e todo o ecossistema ao redor, fertilizantes que possuem <span id=\"urn:enhancement-c0f003cc-dfed-4b34-a0a6-0192dadaf2dc\" class=\"textannotation disambiguated wl-thing\" itemid=\"https:\/\/data.wordlift.io\/wl110249\/entity\/substancia\">subst&acirc;ncias<\/span> danosas, pesticidas que trazem infertilidade &agrave;s terras, entre outros fatores. Em termos pecu&aacute;rios, observa-se a retirada da vegeta&ccedil;&atilde;o nativa para o plantio de pastagens, o que desfavorece o solo da regi&atilde;o e pode comprometer o nascimento das esp&eacute;cies novamente &agrave; longo prazo.<\/p><p class=\"wp-block-paragraph\">Al&eacute;m disso, observa-se uma m&aacute; gest&atilde;o dos recursos naturais, como a contamina&ccedil;&atilde;o e uso excessivo e outros processos que resultam em danos para o ecossistema. Pouco a pouco, esses elementos somam-se e terminam na desertifica&ccedil;&atilde;o da regi&atilde;o.&nbsp;<\/p><h2 class=\"wp-block-heading\" id=\"h-desertificacao-no-brasil\"><span class=\"ez-toc-section\" id=\"Desertificacao-no-Brasil\"><\/span>Desertifica&ccedil;&atilde;o no Brasil<span class=\"ez-toc-section-end\"><\/span><\/h2><p class=\"wp-block-paragraph\">No <span id=\"urn:enhancement-8cf5b86f-e066-4554-8289-88edb39685f9\" class=\"textannotation disambiguated wl-organization\" itemid=\"https:\/\/data.wordlift.io\/wl110249\/entity\/brasil\">Brasil<\/span>, a desertifica&ccedil;&atilde;o concentra-se principalmente na regi&atilde;o Nordeste, bem como na parte norte de Minas Gerais, que se aproxima da Bahia. O sert&atilde;o nordestino &eacute; uma localidade conhecida por seu <span id=\"urn:enhancement-d705b220-c4cc-4737-b2ed-ed6f0d81de23\" class=\"textannotation disambiguated wl-thing\" itemid=\"https:\/\/data.wordlift.io\/wl110249\/entity\/clima\">clima<\/span> semi&aacute;rido, com secas constantes, vegeta&ccedil;&atilde;o t&iacute;pica e o <span id=\"urn:enhancement-c6eada5d-395d-4c30-abda-a3d3ef0c2943\" class=\"textannotation disambiguated wl-thing\" itemid=\"https:\/\/data.wordlift.io\/wl110249\/entity\/biomas\">bioma<\/span> caatinga.<\/p><p class=\"wp-block-paragraph\">Quando as caracter&iacute;sticas da regi&atilde;o s&atilde;o somadas &agrave;s a&ccedil;&otilde;es antr&oacute;picas, o resultado &eacute; claro: a caatinga passa por um acelerado processo de desertifica&ccedil;&atilde;o ao longo dos anos, com o desenvolvimento do agroneg&oacute;cio e a intensifica&ccedil;&atilde;o do <span id=\"urn:enhancement-c85e3b6d-67c3-4e58-80b2-0a4818cb5b21\" class=\"textannotation disambiguated wl-thing\" itemid=\"https:\/\/data.wordlift.io\/wl110249\/entity\/aquecimento-global\">aquecimento global<\/span>.<\/p><p class=\"wp-block-paragraph\">+ Veja tamb&eacute;m: <a href=\"https:\/\/vestibulares.estrategia.com\/portal\/materias\/geografia\/climas-do-brasil\/\">Climas do Brasil: quais s&atilde;<\/a><a href=\"https:\/\/vestibulares.estrategia.com\/portal\/materias\/geografia\/climas-do-brasil\/\" target=\"_blank\">o<\/a><a href=\"https:\/\/vestibulares.estrategia.com\/portal\/materias\/geografia\/climas-do-brasil\/\">, tipos e caracter&iacute;sticas<\/a><\/p><p class=\"wp-block-paragraph\"><a href=\"https:\/\/vestibulares.estrategia.com\/portal\/materias\/geografia\/problemas-ambientais\/\" target=\"_blank\">Problemas Ambientais no Enem: o que &eacute; e principais problemas<\/a><\/p><h2 class=\"wp-block-heading\" id=\"h-impactos-da-desertificacao\"><span class=\"ez-toc-section\" id=\"Impactos-da-desertificacao\"><\/span>Impactos da desertifica&ccedil;&atilde;o<span class=\"ez-toc-section-end\"><\/span><\/h2><p class=\"wp-block-paragraph\">&Eacute; evidente que o processo de desertifica&ccedil;&atilde;o, por si s&oacute;, &eacute; um grande preju&iacute;zo para o meio ambiente. Mas, quando a regenera&ccedil;&atilde;o dos <span id=\"urn:enhancement-a9e2b6db-9719-4828-8884-c854b795c2c8\" class=\"textannotation disambiguated wl-thing\" itemid=\"https:\/\/data.wordlift.io\/wl110249\/entity\/vegetal\">vegetais<\/span> n&atilde;o &eacute; poss&iacute;vel, todo o ecossistema daquela regi&atilde;o tende a ser afetado.&nbsp;<\/p><p class=\"wp-block-paragraph\">Assim, o solo torna-se inf&eacute;rtil e pouco produtivo, as esp&eacute;cies nativas perdem seu habitat e podem sofrer extin&ccedil;&atilde;o permanente &mdash; isso pode atingir tanto os animais como os <span id=\"urn:enhancement-c74e789a-9532-4949-85c0-998302235c58\" class=\"textannotation disambiguated wl-thing\" itemid=\"https:\/\/data.wordlift.io\/wl110249\/entity\/vegetal\">vegetais<\/span> da regi&atilde;o. A eros&atilde;o e desgaste do solo tornam-se ainda mais n&iacute;tidas, o que piora a composi&ccedil;&atilde;o <span id=\"urn:enhancement-7e7816b9-93cf-4f21-b6e3-c6b0381bca93\" class=\"textannotation disambiguated wl-thing\" itemid=\"https:\/\/data.wordlift.io\/wl110249\/entity\/quimica\">qu&iacute;mica<\/span> da terra e diminui a chance de recupera&ccedil;&atilde;o da regi&atilde;o, ainda que com grandes tecnologias.<\/p><p class=\"wp-block-paragraph\">Uma consequ&ecirc;ncia importante da desertifica&ccedil;&atilde;o, que atinge diretamente os humanos, &eacute; a redu&ccedil;&atilde;o da oferta de &aacute;gua. Uma regi&atilde;o que passou por esse processo tem a umidade do ar muito baixa, o que deixa os indiv&iacute;duos mais suscet&iacute;veis &agrave;s doen&ccedil;as respirat&oacute;rias, al&eacute;m de que o acesso &agrave;s &aacute;guas pode ser limitado &mdash; algo que influencia na ingest&atilde;o de &aacute;gua e tamb&eacute;m no preparo de alimentos.&nbsp;<\/p><p class=\"wp-block-paragraph\">E, por falar em alimenta&ccedil;&atilde;o, &eacute; necess&aacute;rio notar que a desertifica&ccedil;&atilde;o &eacute; a f&oacute;rmula perfeita para impedir o plantio em uma regi&atilde;o. Al&eacute;m do solo ficar pouco f&eacute;rtil, a disponibilidade de &aacute;gua no solo e para as regas &eacute; baixa, de forma que os alimentos n&atilde;o possuem um ambiente prop&iacute;cio para se desenvolverem.&nbsp;<\/p><p class=\"wp-block-paragraph\">Por fim, todos esses fatores afetam claramente as fam&iacute;lias e comunidades que se desenvolvem nos ecossistemas desertificados. Assim, h&aacute; crescimento da fome e da mis&eacute;ria associado com essa altera&ccedil;&atilde;o ambiental, o que tamb&eacute;m se relaciona com o aumento do &ecirc;xodo rural. A cadeia de problemas, ent&atilde;o, atinge as <span id=\"urn:enhancement-8b64884f-f8ef-4592-972c-da331398764b\" class=\"textannotation disambiguated wl-thing\" itemid=\"https:\/\/data.wordlift.io\/wl110249\/entity\/cidades\">cidades<\/span>, que tornam-se superlotadas e com oferta de trabalho insuficiente para a <span id=\"urn:enhancement-2c787a7b-ba96-42b4-8187-dd8da52cb178\" class=\"textannotation disambiguated wl-creative-work\" itemid=\"https:\/\/data.wordlift.io\/wl110249\/entity\/populacao\">popula&ccedil;&atilde;o<\/span> residente.<\/p><h2 class=\"wp-block-heading\" id=\"h-questao-sobre-desertificacao\"><span class=\"ez-toc-section\" id=\"Questao-sobre-desertificacao\"><\/span>Quest&atilde;o sobre desertifica&ccedil;&atilde;o<span class=\"ez-toc-section-end\"><\/span><\/h2><p class=\"wp-block-paragraph\">(<span id=\"urn:enhancement-6d620a0e-b650-420b-83f1-8abc06b983cd\" class=\"textannotation disambiguated wl-organization\" itemid=\"https:\/\/data.wordlift.io\/wl110249\/entity\/fuvest\">FUVEST<\/span> 2020) O processo de desertifica&ccedil;&atilde;o &eacute; definido como a degrada&ccedil;&atilde;o ambiental e socioambiental, particularmente nas zonas &aacute;ridas, semi&aacute;ridas e sub&uacute;midas, resultantes de v&aacute;rios fatores e vetores, incluindo as varia&ccedil;&otilde;es e altera&ccedil;&otilde;es <span id=\"urn:enhancement-e95803dc-6c6e-4260-89a7-68d2b32f1378\" class=\"textannotation disambiguated wl-thing\" itemid=\"https:\/\/data.wordlift.io\/wl110249\/entity\/clima\">clim&aacute;ticas<\/span> e as atividades <span id=\"urn:enhancement-94d2dfb1-b582-48e6-93c3-3350cd9e01e2\" class=\"textannotation disambiguated wl-thing\" itemid=\"https:\/\/data.wordlift.io\/wl110249\/entity\/ciencias-humanas\">humanas<\/span>.<\/p><p class=\"wp-block-paragraph\"><span id=\"urn:enhancement-3701d0bb-b766-455b-9cd2-f20782638ec0\" class=\"textannotation disambiguated wl-organization\" itemid=\"https:\/\/data.wordlift.io\/wl110249\/entity\/brasil\">BRASIL<\/span>, Minist&eacute;rio do Meio Ambiente. Dispon&iacute;vel em http:\/\/www.mma.gov.br\/.<\/p><p class=\"wp-block-paragraph\">Dentre as medidas mais adequadas para mitiga&ccedil;&atilde;o dos efeitos da desertifica&ccedil;&atilde;o encontra(m)&#8208;se<\/p><p class=\"wp-block-paragraph\">a) a constru&ccedil;&atilde;o de rodovias que permitam &agrave;s popula&ccedil;&otilde;es mais diretamente atingidas pela seca se deslocarem diariamente para &aacute;reas mais &uacute;midas.<\/p><p class=\"wp-block-paragraph\">b) o uso das &aacute;reas de meia encosta como alternativa para expans&atilde;o das &aacute;reas de produ&ccedil;&atilde;o de culturas tempor&aacute;rias e lavouras permanentes.<\/p><p class=\"wp-block-paragraph\">c) o plantio de esp&eacute;cies ex&oacute;ticas que apresentam crescimento r&aacute;pido e podem reduzir os efeitos da desertifica&ccedil;&atilde;o e da seca, como o eucalipto, por exemplo.<\/p><p class=\"wp-block-paragraph\">d) a preven&ccedil;&atilde;o, recupera&ccedil;&atilde;o e reabilita&ccedil;&atilde;o de terras parcial ou totalmente degradadas com a recomposi&ccedil;&atilde;o de esp&eacute;cies nativas.<\/p><p class=\"wp-block-paragraph\">e) os programas de incentivo para a instala&ccedil;&atilde;o de fossas s&eacute;pticas que dispensam a implanta&ccedil;&atilde;o de um sistema h&iacute;drico de saneamento b&aacute;sico.<\/p><p class=\"wp-block-paragraph\">Alternativa A INCORRETA. O deslocamento de pessoas n&atilde;o reduzir&aacute; os efeitos da desertifica&ccedil;&atilde;o.]\n\n\n\n<\/p><p class=\"wp-block-paragraph\">Alternativa B INCORRETA. Usar &aacute;reas de meia encosta n&atilde;o reduzir&aacute; os efeitos da desertifica&ccedil;&atilde;o.<\/p><p class=\"wp-block-paragraph\">Alternativa C INCORRETA. O crescimento r&aacute;pido da cultura pode fazer com que os nutrientes sejam absorvidos mais depressa. Assim, contribuindo com a desertifica&ccedil;&atilde;o.<\/p><p class=\"wp-block-paragraph\"><strong>Alternativa D CORRETA<\/strong>. Entre as culturas, as leguminosas s&atilde;o indicadas, uma vez que elas aumentam a quantidade de nitrog&ecirc;nio no solo.<\/p><p class=\"wp-block-paragraph\">Alternativa E INCORRETA. A instala&ccedil;&atilde;o de fossas s&eacute;pticas n&atilde;o reduzir&aacute; os efeitos da desertifica&ccedil;&atilde;o.<\/p><h2 class=\"wp-block-heading\" id=\"h-estude-para-as-provas-com-a-coruja\"><span class=\"ez-toc-section\" id=\"Estude-para-as-provas-com-a-Coruja\"><\/span>Estude para as provas com a Coruja!<span class=\"ez-toc-section-end\"><\/span><\/h2><p class=\"wp-block-paragraph\">O <span id=\"urn:enhancement-e48f98a9-442a-4dc1-9339-487933b0bfdc\" class=\"textannotation disambiguated wl-organization\" itemid=\"https:\/\/data.wordlift.io\/wl110249\/entity\/estrategia_vestibulares\">Estrat&eacute;gia Vestibulares<\/span> trabalha para que sua jornada de estudos seja mais acess&iacute;vel e adapt&aacute;vel. No Livro Digital Interativo, voc&ecirc; l&ecirc; o material, grifa, faz coment&aacute;rios e tudo isso fica compilado em um resumo, para voc&ecirc; acessar sempre que precisar revisar. Clique no banner e saiba mais!<\/p><p class=\"wp-block-paragraph\"><a id=\"cta\" class=\"cta-imagem\" href=\"https:\/\/vestibulares.estrategia.com\/cursos\/\" target=\"blank\">\n                <img decoding=\"async\" width=\"100%\" src=\"https:\/\/vestibulares.estrategia.com\/portal\/wp-content\/uploads\/2021\/12\/EV1.jpg\" alt=\"CTA - Estrat\u00e9gia Vestibulares 1\" title=\"CTA - Estrat\u00e9gia Vestibulares 1\">\n        <\/a>\n\n\n\n\n<\/p><\/p>\n","protected":false},"excerpt":{"rendered":"Desertifica&ccedil;&atilde;o &eacute; o processo em que as terras de uma regi&atilde;o se tornam mais des&eacute;rticas, ou seja, mais&hellip;\n","protected":false},"author":23,"featured_media":96512,"comment_status":"closed","ping_status":"closed","sticky":false,"template":"","format":"standard","meta":{"footnotes":""},"categories":[40],"tags":[],"class_list":["post-96532","post","type-post","status-publish","format-standard","has-post-thumbnail","category-geografia"],"acf":[],"yoast_head":"<!-- This site is optimized with the Yoast SEO Premium plugin v25.9 (Yoast SEO v28.2) - https:\/\/yoast.com\/product\/yoast-seo-premium-wordpress\/ -->\n<title>Desertifica\u00e7\u00e3o: o que \u00e9, causas e consequ\u00eancias<\/title>\n<meta name=\"description\" content=\"Desertifica\u00e7\u00e3o \u00e9 o processo em que as terras de uma regi\u00e3o se tornam mais secas e menos produtivas: leia e entenda causas e consequ\u00eancias.\" \/>\n<meta name=\"robots\" content=\"index, follow, max-snippet:-1, max-image-preview:large, max-video-preview:-1\" \/>\n<link rel=\"canonical\" href=\"https:\/\/vestibulares.estrategia.com\/portal\/materias\/geografia\/desertificacao\/\" \/>\n<meta property=\"og:locale\" content=\"pt_BR\" \/>\n<meta property=\"og:type\" content=\"article\" \/>\n<meta property=\"og:title\" content=\"Desertifica\u00e7\u00e3o: o que \u00e9, causas e consequ\u00eancias\" \/>\n<meta property=\"og:description\" content=\"Desertifica\u00e7\u00e3o \u00e9 o processo em que as terras de uma regi\u00e3o se tornam mais secas e menos produtivas: leia e entenda causas e consequ\u00eancias.\" \/>\n<meta property=\"og:url\" content=\"https:\/\/vestibulares.estrategia.com\/portal\/materias\/geografia\/desertificacao\/\" \/>\n<meta property=\"og:site_name\" content=\"Estrat\u00e9gia Vestibulares\" \/>\n<meta property=\"article:publisher\" content=\"https:\/\/facebook.com\/estrategiavestibulares\" \/>\n<meta property=\"article:published_time\" content=\"2023-08-01T11:00:00+00:00\" \/>\n<meta property=\"article:modified_time\" content=\"2023-08-18T20:37:46+00:00\" \/>\n<meta property=\"og:image\" content=\"https:\/\/cdn.blog.estrategiavestibulares.com.br\/vestibulares\/wp-content\/uploads\/2023\/07\/pexels-yigithan-bal-764998.jpg\" \/>\n\t<meta property=\"og:image:width\" content=\"1280\" \/>\n\t<meta property=\"og:image:height\" content=\"853\" \/>\n\t<meta property=\"og:image:type\" content=\"image\/jpeg\" \/>\n<meta name=\"author\" content=\"Kauane Elias\" \/>\n<meta name=\"twitter:card\" content=\"summary_large_image\" \/>\n<meta name=\"twitter:creator\" content=\"@Estrategiavest\" \/>\n<meta name=\"twitter:site\" content=\"@Estrategiavest\" \/>\n<meta name=\"twitter:label1\" content=\"Escrito por\" \/>\n\t<meta name=\"twitter:data1\" content=\"Kauane Elias\" \/>\n\t<meta name=\"twitter:label2\" content=\"Est. tempo de leitura\" \/>\n\t<meta name=\"twitter:data2\" content=\"8 minutos\" \/>\n<script type=\"application\/ld+json\" class=\"yoast-schema-graph\">{\"@context\":\"https:\\\/\\\/schema.org\",\"@graph\":[{\"@type\":\"Article\",\"@id\":\"https:\\\/\\\/vestibulares.estrategia.com\\\/portal\\\/materias\\\/geografia\\\/desertificacao\\\/#article\",\"isPartOf\":{\"@id\":\"https:\\\/\\\/vestibulares.estrategia.com\\\/portal\\\/materias\\\/geografia\\\/desertificacao\\\/\"},\"author\":{\"name\":\"Kauane Elias\",\"@id\":\"https:\\\/\\\/vestibulares.estrategia.com\\\/portal\\\/#\\\/schema\\\/person\\\/c3c8aff2b0e78cda59fba186b818b7b1\"},\"headline\":\"Desertifica\u00e7\u00e3o: o que \u00e9, causas e consequ\u00eancias\",\"datePublished\":\"2023-08-01T11:00:00+00:00\",\"dateModified\":\"2023-08-18T20:37:46+00:00\",\"mainEntityOfPage\":{\"@id\":\"https:\\\/\\\/vestibulares.estrategia.com\\\/portal\\\/materias\\\/geografia\\\/desertificacao\\\/\"},\"wordCount\":1561,\"publisher\":{\"@id\":\"https:\\\/\\\/vestibulares.estrategia.com\\\/portal\\\/#organization\"},\"image\":{\"@id\":\"https:\\\/\\\/vestibulares.estrategia.com\\\/portal\\\/materias\\\/geografia\\\/desertificacao\\\/#primaryimage\"},\"thumbnailUrl\":\"https:\\\/\\\/vestibulares.estrategia.com\\\/portal\\\/wp-content\\\/uploads\\\/2023\\\/07\\\/pexels-yigithan-bal-764998.jpg\",\"articleSection\":[\"Geografia\"],\"inLanguage\":\"pt-BR\"},{\"@type\":\"WebPage\",\"@id\":\"https:\\\/\\\/vestibulares.estrategia.com\\\/portal\\\/materias\\\/geografia\\\/desertificacao\\\/\",\"url\":\"https:\\\/\\\/vestibulares.estrategia.com\\\/portal\\\/materias\\\/geografia\\\/desertificacao\\\/\",\"name\":\"Desertifica\u00e7\u00e3o: o que \u00e9, causas e consequ\u00eancias\",\"isPartOf\":{\"@id\":\"https:\\\/\\\/vestibulares.estrategia.com\\\/portal\\\/#website\"},\"primaryImageOfPage\":{\"@id\":\"https:\\\/\\\/vestibulares.estrategia.com\\\/portal\\\/materias\\\/geografia\\\/desertificacao\\\/#primaryimage\"},\"image\":{\"@id\":\"https:\\\/\\\/vestibulares.estrategia.com\\\/portal\\\/materias\\\/geografia\\\/desertificacao\\\/#primaryimage\"},\"thumbnailUrl\":\"https:\\\/\\\/vestibulares.estrategia.com\\\/portal\\\/wp-content\\\/uploads\\\/2023\\\/07\\\/pexels-yigithan-bal-764998.jpg\",\"datePublished\":\"2023-08-01T11:00:00+00:00\",\"dateModified\":\"2023-08-18T20:37:46+00:00\",\"description\":\"Desertifica\u00e7\u00e3o \u00e9 o processo em que as terras de uma regi\u00e3o se tornam mais secas e menos produtivas: leia e entenda causas e consequ\u00eancias.\",\"breadcrumb\":{\"@id\":\"https:\\\/\\\/vestibulares.estrategia.com\\\/portal\\\/materias\\\/geografia\\\/desertificacao\\\/#breadcrumb\"},\"inLanguage\":\"pt-BR\",\"potentialAction\":[{\"@type\":\"ReadAction\",\"target\":[\"https:\\\/\\\/vestibulares.estrategia.com\\\/portal\\\/materias\\\/geografia\\\/desertificacao\\\/\"]}]},{\"@type\":\"ImageObject\",\"inLanguage\":\"pt-BR\",\"@id\":\"https:\\\/\\\/vestibulares.estrategia.com\\\/portal\\\/materias\\\/geografia\\\/desertificacao\\\/#primaryimage\",\"url\":\"https:\\\/\\\/vestibulares.estrategia.com\\\/portal\\\/wp-content\\\/uploads\\\/2023\\\/07\\\/pexels-yigithan-bal-764998.jpg\",\"contentUrl\":\"https:\\\/\\\/vestibulares.estrategia.com\\\/portal\\\/wp-content\\\/uploads\\\/2023\\\/07\\\/pexels-yigithan-bal-764998.jpg\",\"width\":1280,\"height\":853},{\"@type\":\"BreadcrumbList\",\"@id\":\"https:\\\/\\\/vestibulares.estrategia.com\\\/portal\\\/materias\\\/geografia\\\/desertificacao\\\/#breadcrumb\",\"itemListElement\":[{\"@type\":\"ListItem\",\"position\":1,\"name\":\"Home\",\"item\":\"https:\\\/\\\/vestibulares.estrategia.com\\\/portal\\\/\"},{\"@type\":\"ListItem\",\"position\":2,\"name\":\"Mat\u00e9rias\",\"item\":\"https:\\\/\\\/vestibulares.estrategia.com\\\/portal\\\/materias\\\/\"},{\"@type\":\"ListItem\",\"position\":3,\"name\":\"Geografia\",\"item\":\"https:\\\/\\\/vestibulares.estrategia.com\\\/portal\\\/materias\\\/geografia\\\/\"},{\"@type\":\"ListItem\",\"position\":4,\"name\":\"Desertifica\u00e7\u00e3o: o que \u00e9, causas e consequ\u00eancias\"}]},{\"@type\":\"WebSite\",\"@id\":\"https:\\\/\\\/vestibulares.estrategia.com\\\/portal\\\/#website\",\"url\":\"https:\\\/\\\/vestibulares.estrategia.com\\\/portal\\\/\",\"name\":\"Estrat\u00e9gia Vestibulares\",\"description\":\"\",\"publisher\":{\"@id\":\"https:\\\/\\\/vestibulares.estrategia.com\\\/portal\\\/#organization\"},\"potentialAction\":[{\"@type\":\"SearchAction\",\"target\":{\"@type\":\"EntryPoint\",\"urlTemplate\":\"https:\\\/\\\/vestibulares.estrategia.com\\\/portal\\\/?s={search_term_string}\"},\"query-input\":{\"@type\":\"PropertyValueSpecification\",\"valueRequired\":true,\"valueName\":\"search_term_string\"}}],\"inLanguage\":\"pt-BR\"},{\"@type\":\"Organization\",\"@id\":\"https:\\\/\\\/vestibulares.estrategia.com\\\/portal\\\/#organization\",\"name\":\"Estrat\u00e9gia Vestibulares\",\"url\":\"https:\\\/\\\/vestibulares.estrategia.com\\\/portal\\\/\",\"logo\":{\"@type\":\"ImageObject\",\"inLanguage\":\"pt-BR\",\"@id\":\"https:\\\/\\\/vestibulares.estrategia.com\\\/portal\\\/#\\\/schema\\\/logo\\\/image\\\/\",\"url\":\"https:\\\/\\\/vestibulares.estrategia.com\\\/portal\\\/wp-content\\\/uploads\\\/2021\\\/06\\\/Logo-Vestibulares@4x.png\",\"contentUrl\":\"https:\\\/\\\/vestibulares.estrategia.com\\\/portal\\\/wp-content\\\/uploads\\\/2021\\\/06\\\/Logo-Vestibulares@4x.png\",\"width\":250,\"height\":66,\"caption\":\"Estrat\u00e9gia Vestibulares\"},\"image\":{\"@id\":\"https:\\\/\\\/vestibulares.estrategia.com\\\/portal\\\/#\\\/schema\\\/logo\\\/image\\\/\"},\"sameAs\":[\"https:\\\/\\\/facebook.com\\\/estrategiavestibulares\",\"https:\\\/\\\/x.com\\\/Estrategiavest\",\"https:\\\/\\\/www.instagram.com\\\/estrategiavestibulares\",\"https:\\\/\\\/www.youtube.com\\\/channel\\\/UCGWdZy8ULI-7_5GrABa4vNA\"]},{\"@type\":\"Person\",\"@id\":\"https:\\\/\\\/vestibulares.estrategia.com\\\/portal\\\/#\\\/schema\\\/person\\\/c3c8aff2b0e78cda59fba186b818b7b1\",\"name\":\"Kauane Elias\",\"image\":{\"@type\":\"ImageObject\",\"inLanguage\":\"pt-BR\",\"@id\":\"https:\\\/\\\/secure.gravatar.com\\\/avatar\\\/8e80772bbad4df9736e04a57d5d9e7505912087da8ecb6278b4b7be123170e95?s=96&d=mm&r=g\",\"url\":\"https:\\\/\\\/secure.gravatar.com\\\/avatar\\\/8e80772bbad4df9736e04a57d5d9e7505912087da8ecb6278b4b7be123170e95?s=96&d=mm&r=g\",\"contentUrl\":\"https:\\\/\\\/secure.gravatar.com\\\/avatar\\\/8e80772bbad4df9736e04a57d5d9e7505912087da8ecb6278b4b7be123170e95?s=96&d=mm&r=g\",\"caption\":\"Kauane Elias\"},\"description\":\"Medicina - Unicamp. F\u00e9. \\\"Um mundo melhor come\u00e7a na transforma\u00e7\u00e3o do pr\u00f3prio mundo!\\\"\",\"url\":\"https:\\\/\\\/vestibulares.estrategia.com\\\/portal\\\/author\\\/kauane\\\/\"}]}<\/script>\n<!-- \/ Yoast SEO Premium plugin. -->","yoast_head_json":{"title":"Desertifica\u00e7\u00e3o: o que \u00e9, causas e consequ\u00eancias","description":"Desertifica\u00e7\u00e3o \u00e9 o processo em que as terras de uma regi\u00e3o se tornam mais secas e menos produtivas: leia e entenda causas e consequ\u00eancias.","robots":{"index":"index","follow":"follow","max-snippet":"max-snippet:-1","max-image-preview":"max-image-preview:large","max-video-preview":"max-video-preview:-1"},"canonical":"https:\/\/vestibulares.estrategia.com\/portal\/materias\/geografia\/desertificacao\/","og_locale":"pt_BR","og_type":"article","og_title":"Desertifica\u00e7\u00e3o: o que \u00e9, causas e consequ\u00eancias","og_description":"Desertifica\u00e7\u00e3o \u00e9 o processo em que as terras de uma regi\u00e3o se tornam mais secas e menos produtivas: leia e entenda causas e consequ\u00eancias.","og_url":"https:\/\/vestibulares.estrategia.com\/portal\/materias\/geografia\/desertificacao\/","og_site_name":"Estrat\u00e9gia Vestibulares","article_publisher":"https:\/\/facebook.com\/estrategiavestibulares","article_published_time":"2023-08-01T11:00:00+00:00","article_modified_time":"2023-08-18T20:37:46+00:00","og_image":[{"width":1280,"height":853,"url":"https:\/\/cdn.blog.estrategiavestibulares.com.br\/vestibulares\/wp-content\/uploads\/2023\/07\/pexels-yigithan-bal-764998.jpg","type":"image\/jpeg"}],"author":"Kauane Elias","twitter_card":"summary_large_image","twitter_creator":"@Estrategiavest","twitter_site":"@Estrategiavest","twitter_misc":{"Escrito por":"Kauane Elias","Est. tempo de leitura":"8 minutos"},"schema":{"@context":"https:\/\/schema.org","@graph":[{"@type":"Article","@id":"https:\/\/vestibulares.estrategia.com\/portal\/materias\/geografia\/desertificacao\/#article","isPartOf":{"@id":"https:\/\/vestibulares.estrategia.com\/portal\/materias\/geografia\/desertificacao\/"},"author":{"name":"Kauane Elias","@id":"https:\/\/vestibulares.estrategia.com\/portal\/#\/schema\/person\/c3c8aff2b0e78cda59fba186b818b7b1"},"headline":"Desertifica\u00e7\u00e3o: o que \u00e9, causas e consequ\u00eancias","datePublished":"2023-08-01T11:00:00+00:00","dateModified":"2023-08-18T20:37:46+00:00","mainEntityOfPage":{"@id":"https:\/\/vestibulares.estrategia.com\/portal\/materias\/geografia\/desertificacao\/"},"wordCount":1561,"publisher":{"@id":"https:\/\/vestibulares.estrategia.com\/portal\/#organization"},"image":{"@id":"https:\/\/vestibulares.estrategia.com\/portal\/materias\/geografia\/desertificacao\/#primaryimage"},"thumbnailUrl":"https:\/\/vestibulares.estrategia.com\/portal\/wp-content\/uploads\/2023\/07\/pexels-yigithan-bal-764998.jpg","articleSection":["Geografia"],"inLanguage":"pt-BR"},{"@type":"WebPage","@id":"https:\/\/vestibulares.estrategia.com\/portal\/materias\/geografia\/desertificacao\/","url":"https:\/\/vestibulares.estrategia.com\/portal\/materias\/geografia\/desertificacao\/","name":"Desertifica\u00e7\u00e3o: o que \u00e9, causas e consequ\u00eancias","isPartOf":{"@id":"https:\/\/vestibulares.estrategia.com\/portal\/#website"},"primaryImageOfPage":{"@id":"https:\/\/vestibulares.estrategia.com\/portal\/materias\/geografia\/desertificacao\/#primaryimage"},"image":{"@id":"https:\/\/vestibulares.estrategia.com\/portal\/materias\/geografia\/desertificacao\/#primaryimage"},"thumbnailUrl":"https:\/\/vestibulares.estrategia.com\/portal\/wp-content\/uploads\/2023\/07\/pexels-yigithan-bal-764998.jpg","datePublished":"2023-08-01T11:00:00+00:00","dateModified":"2023-08-18T20:37:46+00:00","description":"Desertifica\u00e7\u00e3o \u00e9 o processo em que as terras de uma regi\u00e3o se tornam mais secas e menos produtivas: leia e entenda causas e consequ\u00eancias.","breadcrumb":{"@id":"https:\/\/vestibulares.estrategia.com\/portal\/materias\/geografia\/desertificacao\/#breadcrumb"},"inLanguage":"pt-BR","potentialAction":[{"@type":"ReadAction","target":["https:\/\/vestibulares.estrategia.com\/portal\/materias\/geografia\/desertificacao\/"]}]},{"@type":"ImageObject","inLanguage":"pt-BR","@id":"https:\/\/vestibulares.estrategia.com\/portal\/materias\/geografia\/desertificacao\/#primaryimage","url":"https:\/\/vestibulares.estrategia.com\/portal\/wp-content\/uploads\/2023\/07\/pexels-yigithan-bal-764998.jpg","contentUrl":"https:\/\/vestibulares.estrategia.com\/portal\/wp-content\/uploads\/2023\/07\/pexels-yigithan-bal-764998.jpg","width":1280,"height":853},{"@type":"BreadcrumbList","@id":"https:\/\/vestibulares.estrategia.com\/portal\/materias\/geografia\/desertificacao\/#breadcrumb","itemListElement":[{"@type":"ListItem","position":1,"name":"Home","item":"https:\/\/vestibulares.estrategia.com\/portal\/"},{"@type":"ListItem","position":2,"name":"Mat\u00e9rias","item":"https:\/\/vestibulares.estrategia.com\/portal\/materias\/"},{"@type":"ListItem","position":3,"name":"Geografia","item":"https:\/\/vestibulares.estrategia.com\/portal\/materias\/geografia\/"},{"@type":"ListItem","position":4,"name":"Desertifica\u00e7\u00e3o: o que \u00e9, causas e consequ\u00eancias"}]},{"@type":"WebSite","@id":"https:\/\/vestibulares.estrategia.com\/portal\/#website","url":"https:\/\/vestibulares.estrategia.com\/portal\/","name":"Estrat\u00e9gia Vestibulares","description":"","publisher":{"@id":"https:\/\/vestibulares.estrategia.com\/portal\/#organization"},"potentialAction":[{"@type":"SearchAction","target":{"@type":"EntryPoint","urlTemplate":"https:\/\/vestibulares.estrategia.com\/portal\/?s={search_term_string}"},"query-input":{"@type":"PropertyValueSpecification","valueRequired":true,"valueName":"search_term_string"}}],"inLanguage":"pt-BR"},{"@type":"Organization","@id":"https:\/\/vestibulares.estrategia.com\/portal\/#organization","name":"Estrat\u00e9gia Vestibulares","url":"https:\/\/vestibulares.estrategia.com\/portal\/","logo":{"@type":"ImageObject","inLanguage":"pt-BR","@id":"https:\/\/vestibulares.estrategia.com\/portal\/#\/schema\/logo\/image\/","url":"https:\/\/vestibulares.estrategia.com\/portal\/wp-content\/uploads\/2021\/06\/Logo-Vestibulares@4x.png","contentUrl":"https:\/\/vestibulares.estrategia.com\/portal\/wp-content\/uploads\/2021\/06\/Logo-Vestibulares@4x.png","width":250,"height":66,"caption":"Estrat\u00e9gia Vestibulares"},"image":{"@id":"https:\/\/vestibulares.estrategia.com\/portal\/#\/schema\/logo\/image\/"},"sameAs":["https:\/\/facebook.com\/estrategiavestibulares","https:\/\/x.com\/Estrategiavest","https:\/\/www.instagram.com\/estrategiavestibulares","https:\/\/www.youtube.com\/channel\/UCGWdZy8ULI-7_5GrABa4vNA"]},{"@type":"Person","@id":"https:\/\/vestibulares.estrategia.com\/portal\/#\/schema\/person\/c3c8aff2b0e78cda59fba186b818b7b1","name":"Kauane Elias","image":{"@type":"ImageObject","inLanguage":"pt-BR","@id":"https:\/\/secure.gravatar.com\/avatar\/8e80772bbad4df9736e04a57d5d9e7505912087da8ecb6278b4b7be123170e95?s=96&d=mm&r=g","url":"https:\/\/secure.gravatar.com\/avatar\/8e80772bbad4df9736e04a57d5d9e7505912087da8ecb6278b4b7be123170e95?s=96&d=mm&r=g","contentUrl":"https:\/\/secure.gravatar.com\/avatar\/8e80772bbad4df9736e04a57d5d9e7505912087da8ecb6278b4b7be123170e95?s=96&d=mm&r=g","caption":"Kauane Elias"},"description":"Medicina - Unicamp. F\u00e9. \"Um mundo melhor come\u00e7a na transforma\u00e7\u00e3o do pr\u00f3prio mundo!\"","url":"https:\/\/vestibulares.estrategia.com\/portal\/author\/kauane\/"}]}},"_links":{"self":[{"href":"https:\/\/vestibulares.estrategia.com\/portal\/wp-json\/wp\/v2\/posts\/96532","targetHints":{"allow":["GET"]}}],"collection":[{"href":"https:\/\/vestibulares.estrategia.com\/portal\/wp-json\/wp\/v2\/posts"}],"about":[{"href":"https:\/\/vestibulares.estrategia.com\/portal\/wp-json\/wp\/v2\/types\/post"}],"author":[{"embeddable":true,"href":"https:\/\/vestibulares.estrategia.com\/portal\/wp-json\/wp\/v2\/users\/23"}],"replies":[{"embeddable":true,"href":"https:\/\/vestibulares.estrategia.com\/portal\/wp-json\/wp\/v2\/comments?post=96532"}],"version-history":[{"count":2,"href":"https:\/\/vestibulares.estrategia.com\/portal\/wp-json\/wp\/v2\/posts\/96532\/revisions"}],"predecessor-version":[{"id":97758,"href":"https:\/\/vestibulares.estrategia.com\/portal\/wp-json\/wp\/v2\/posts\/96532\/revisions\/97758"}],"wp:featuredmedia":[{"embeddable":true,"href":"https:\/\/vestibulares.estrategia.com\/portal\/wp-json\/wp\/v2\/media\/96512"}],"wp:attachment":[{"href":"https:\/\/vestibulares.estrategia.com\/portal\/wp-json\/wp\/v2\/media?parent=96532"}],"wp:term":[{"taxonomy":"category","embeddable":true,"href":"https:\/\/vestibulares.estrategia.com\/portal\/wp-json\/wp\/v2\/categories?post=96532"},{"taxonomy":"post_tag","embeddable":true,"href":"https:\/\/vestibulares.estrategia.com\/portal\/wp-json\/wp\/v2\/tags?post=96532"}],"curies":[{"name":"wp","href":"https:\/\/api.w.org\/{rel}","templated":true}]}}