{"id":96742,"date":"2023-08-02T18:39:04","date_gmt":"2023-08-02T21:39:04","guid":{"rendered":"https:\/\/vestibulares.estrategia.com\/portal\/?p=96742"},"modified":"2023-08-18T17:08:07","modified_gmt":"2023-08-18T20:08:07","slug":"encceja-2023-recebe-mais-de-um-milhao-de-inscricoes","status":"publish","type":"post","link":"https:\/\/vestibulares.estrategia.com\/portal\/noticias\/encceja-2023-recebe-mais-de-um-milhao-de-inscricoes\/","title":{"rendered":"Encceja 2023 recebe mais de 1 milh\u00e3o de inscri\u00e7\u00f5es"},"content":{"rendered":"<p>O Instituto Nacional de Estudos e Pesquisas Educacionais An&iacute;sio Teixeira (Inep) divulgou que o Exame Nacional para Certifica&ccedil;&atilde;o de Compet&ecirc;ncias de Jovens e Adultos (<a href=\"https:\/\/vestibulares.estrategia.com\/portal\/enem-e-vestibulares\/encceja\/encceja-o-que-e\/\" target=\"_blank\">Encceja<\/a>) recebeu 1,1 milh&atilde;o de inscri&ccedil;&otilde;es nesta edi&ccedil;&atilde;o de 2023. No total, 1.104.146 pessoas inscreveram-se no exame. Entre eles, 193.572 (17,53%) buscam a certifica&ccedil;&atilde;o para o Ensino Fundamental e 910.574 (82,47%) a certifica&ccedil;&atilde;o para Ensino M&eacute;dio.<p> O p&uacute;blico feminino forma a maioria dos candidatos, com 613.097 mulheres, ou seja 55,53% do total. J&aacute; os homens s&atilde;o 44,47%, o que corresponde a &nbsp;491.049 inscritos. A&nbsp;faixa&nbsp;et&aacute;ria&nbsp;com maior n&uacute;mero de inscri&ccedil;&otilde;es &eacute; a de 31 a 59 anos, com o total de 445.158 pessoas. Enquanto pessoas com idade igual ou maior que 60 anos representam 8.824 inscritos.<\/p><p>As provas ser&atilde;o aplicadas  no dia 27 de agosto em todos os estados do Brasil e no Distrito Federal.<\/p><div id=\"ez-toc-container\" class=\"ez-toc-v2_0_76 counter-hierarchy ez-toc-counter ez-toc-transparent ez-toc-container-direction\">\n<div class=\"ez-toc-title-container\"><p class=\"ez-toc-title\" style=\"cursor:inherit\">Navegue pelo conte\u00fado<\/p>\n<\/div><nav><ul class='ez-toc-list ez-toc-list-level-1 ' ><li class='ez-toc-page-1 ez-toc-heading-level-2'><a class=\"ez-toc-link ez-toc-heading-1\" href=\"https:\/\/vestibulares.estrategia.com\/portal\/noticias\/encceja-2023-recebe-mais-de-um-milhao-de-inscricoes\/#O-que-levar-no-dia-da-prova\" >O que levar no dia da prova?<\/a><\/li><li class='ez-toc-page-1 ez-toc-heading-level-2'><a class=\"ez-toc-link ez-toc-heading-2\" href=\"https:\/\/vestibulares.estrategia.com\/portal\/noticias\/encceja-2023-recebe-mais-de-um-milhao-de-inscricoes\/#Calendario-Encceja-2023\" >Calend&aacute;rio Encceja 2023<\/a><\/li><li class='ez-toc-page-1 ez-toc-heading-level-2'><a class=\"ez-toc-link ez-toc-heading-3\" href=\"https:\/\/vestibulares.estrategia.com\/portal\/noticias\/encceja-2023-recebe-mais-de-um-milhao-de-inscricoes\/#Como-estudar-para-o-Encceja-2023\" >Como estudar para o Encceja 2023?<\/a><\/li><\/ul><\/nav><\/div>\n<h2 class=\"wp-block-heading\" id=\"h-o-que-levar-no-dia-da-prova\"><span class=\"ez-toc-section\" id=\"O-que-levar-no-dia-da-prova\"><\/span>O que levar no dia da prova?<span class=\"ez-toc-section-end\"><\/span><\/h2><p>Para a realiza&ccedil;&atilde;o da prova, os candidatos devem levar a documenta&ccedil;&atilde;o exigida. Os documentos v&aacute;lidos para a identifica&ccedil;&atilde;o s&atilde;o:<\/p><ul class=\"wp-block-list\">\n<li>C&eacute;dulas de Identidade expedidas por Secretarias de Seguran&ccedil;a P&uacute;blica, For&ccedil;as Armadas, Pol&iacute;cia Militar e Pol&iacute;cia Federal;<\/li>\n\n\n\n<li>Identidade expedida pelo Minist&eacute;rio da Justi&ccedil;a para estrangeiros, inclusive aqueles reconhecidos como refugiados, em conson&acirc;ncia com a Lei n&ordm; 9.474, de 22 de julho de 1997;<\/li>\n\n\n\n<li>Carteira de Registro Nacional Migrat&oacute;rio, de que trata a Lei n&ordm; 13.445, de 24 de maio de 2017;<\/li>\n\n\n\n<li>Documento Provis&oacute;rio de Registro Nacional Migrat&oacute;rio;<\/li>\n\n\n\n<li>Identifica&ccedil;&atilde;o fornecida por ordens ou conselhos de classes que por lei tenha validade como documento de identidade;<\/li>\n\n\n\n<li>Passaporte;<\/li>\n\n\n\n<li>Carteira Nacional de Habilita&ccedil;&atilde;o, na forma da Lei n&ordm; 9.503, de 23 de setembro de 1997;<\/li>\n\n\n\n<li>Carteira de Trabalho e Previd&ecirc;ncia Social emitida ap&oacute;s 27 de janeiro de 1997.<\/li>\n\n\n\n<li>Documentos digitais com foto (e-T&iacute;tulo, CNH digital e RG digital) apresentados nos respectivos aplicativos oficiais<\/li>\n<\/ul><h2 class=\"wp-block-heading\" id=\"h-calendario-encceja-2023\"><span class=\"ez-toc-section\" id=\"Calendario-Encceja-2023\"><\/span>Calend&aacute;rio Encceja 2023<span class=\"ez-toc-section-end\"><\/span><\/h2><ul class=\"wp-block-list\">\n<li><strong>Justificativa de aus&ecirc;ncia no Encceja 2022<\/strong><strong><br><\/strong>Per&iacute;odo de justificativa: 03 a 14\/04\/2023<br>Resultado: 24\/04\/2023<br>Recurso: 24 a 28\/04\/2023<br>Resultado do recurso: 02\/05\/2023<\/li>\n\n\n\n<li><strong>Inscri&ccedil;&otilde;es:&nbsp;<\/strong>22\/05 a 02\/06\/2023<\/li>\n\n\n\n<li><strong>Ressarcimento<\/strong>: 22\/05 a 09\/06\/2023<\/li>\n\n\n\n<li><strong>Atendimento Especializado e Tratamento pelo Nome Social<\/strong><strong><br><\/strong>Solicita&ccedil;&atilde;o: 22\/05 a 06\/06\/2023<br>Resultado: 12\/06\/2023<br>Recurso: 12 a 16\/06\/2023<br>Resultado do recurso: 19\/06\/2023<\/li>\n\n\n\n<li><strong>Aplica&ccedil;&atilde;o:<\/strong>&nbsp;27\/08\/2023<\/li>\n\n\n\n<li><strong>Gabaritos:<\/strong>&nbsp;at&eacute; o 10&ordm; dia &uacute;til ap&oacute;s a aplica&ccedil;&atilde;o<\/li>\n\n\n\n<li><strong>Resultado:&nbsp;<\/strong>22\/12\/2023.<\/li>\n<\/ul><h2 class=\"wp-block-heading\" id=\"h-como-estudar-para-o-encceja-2023\"><span class=\"ez-toc-section\" id=\"Como-estudar-para-o-Encceja-2023\"><\/span><strong>Como estudar para o Encceja 2023?<\/strong><span class=\"ez-toc-section-end\"><\/span><\/h2><p>Agora que o Encceja 2023 j&aacute; tem data marcada, &eacute; preciso come&ccedil;ar os estudos o quanto antes.<br><br>Para te ajudar, o Estrat&eacute;gia Vestibulares oferece diariamente aulas gratuitas no&nbsp;<a href=\"https:\/\/www.youtube.com\/channel\/UCGWdZy8ULI-7_5GrABa4vNA\" target=\"_blank\">YouTube<\/a>&nbsp;sobre todas as mat&eacute;rias que caem no Enem e em diversos vestibulares brasileiros.<br><br>Al&eacute;m disso, para aqueles que querem investir nos estudos, a plataforma tamb&eacute;m oferece um curso preparat&oacute;rio exclusivo sobre o Encceja 2023, com professores especialistas na prova e com diversos benef&iacute;cios. D&aacute; s&oacute; uma olhada:&nbsp;<\/p><ul class=\"wp-block-list\">\n<li>Curso com livros digitais;<\/li>\n\n\n\n<li>Corre&ccedil;&atilde;o ilimitada de&nbsp;<a href=\"https:\/\/vestibulares.estrategia.com\/portal\/redacao\/enem-redacao\/\" target=\"_blank\">reda&ccedil;&otilde;es<\/a>;<\/li>\n\n\n\n<li>F&oacute;rum de d&uacute;vidas;<\/li>\n\n\n\n<li><a href=\"https:\/\/vestibulares.estrategia.com\/portal\/simulado\/simulado-enem\/\" target=\"_blank\">Simulados<\/a>&nbsp;com quest&otilde;es in&eacute;ditas;<\/li>\n\n\n\n<li>Quest&otilde;es comentadas;<\/li>\n\n\n\n<li>Mapas mentais; e<\/li>\n\n\n\n<li>Entre muitas outras vantagens.<\/li>\n<\/ul><p>Ficou interessado? Assine o curso preparat&oacute;rio para o Enem do Estrat&eacute;gia Vestibulares!<\/p><p>\n\n\n\n<a id=\"cta\" class=\"cta-imagem\" href=\"https:\/\/vestibulares.estrategia.com\/curso\/pacote-encceja\/\" target=\"blank\">\n                <img decoding=\"async\" width=\"100%\" src=\"https:\/\/vestibulares.estrategia.com\/portal\/wp-content\/uploads\/2021\/12\/Encceja.jpg\" alt=\"ENCCEJA - CTA\" title=\"Encceja\">\n        <\/a>\n\n\n<\/p><\/p>\n","protected":false},"excerpt":{"rendered":"No total, 1.104.146 pessoas inscreveram-se no exame; confira porcentagens e documenta\u00e7\u00e3o necess\u00e1ria para a realiza\u00e7\u00e3o da prova\n","protected":false},"author":51,"featured_media":96743,"comment_status":"closed","ping_status":"closed","sticky":false,"template":"","format":"standard","meta":{"wl_entities_gutenberg":"","footnotes":""},"categories":[47],"tags":[],"wl_entity_type":[732],"class_list":{"0":"post-96742","1":"post","2":"type-post","3":"status-publish","4":"format-standard","5":"has-post-thumbnail","7":"category-noticias","8":"wl_entity_type-article"},"acf":[],"yoast_head":"<!-- This site is optimized with the Yoast SEO Premium plugin v25.9 (Yoast SEO v25.9) - https:\/\/yoast.com\/wordpress\/plugins\/seo\/ -->\n<title>Encceja 2023 recebe mais de 1 milh\u00e3o de inscri\u00e7\u00f5es<\/title>\n<meta name=\"description\" content=\"O Exame Nacional para Certifica\u00e7\u00e3o de Compet\u00eancias de Jovens e Adultos (Encceja) 2023 recebeu mais de 1 milh\u00e3o de inscri\u00e7\u00f5es. Confira.\" \/>\n<meta name=\"robots\" content=\"index, follow, max-snippet:-1, max-image-preview:large, max-video-preview:-1\" \/>\n<link rel=\"canonical\" href=\"https:\/\/vestibulares.estrategia.com\/portal\/noticias\/encceja-2023-recebe-mais-de-um-milhao-de-inscricoes\/\" \/>\n<meta property=\"og:locale\" content=\"pt_BR\" \/>\n<meta property=\"og:type\" content=\"article\" \/>\n<meta property=\"og:title\" content=\"Encceja 2023 recebe mais de 1 milh\u00e3o de inscri\u00e7\u00f5es\" \/>\n<meta property=\"og:description\" content=\"O Exame Nacional para Certifica\u00e7\u00e3o de Compet\u00eancias de Jovens e Adultos (Encceja) 2023 recebeu mais de 1 milh\u00e3o de inscri\u00e7\u00f5es. Confira.\" \/>\n<meta property=\"og:url\" content=\"https:\/\/vestibulares.estrategia.com\/portal\/noticias\/encceja-2023-recebe-mais-de-um-milhao-de-inscricoes\/\" \/>\n<meta property=\"og:site_name\" content=\"Estrat\u00e9gia Vestibulares\" \/>\n<meta property=\"article:publisher\" content=\"https:\/\/facebook.com\/estrategiavestibulares\" \/>\n<meta property=\"article:published_time\" content=\"2023-08-02T21:39:04+00:00\" \/>\n<meta property=\"article:modified_time\" content=\"2023-08-18T20:08:07+00:00\" \/>\n<meta property=\"og:image\" content=\"https:\/\/cdn.blog.estrategiavestibulares.com.br\/vestibulares\/wp-content\/uploads\/2023\/08\/encceja-ev-1200x675-1.jpg\" \/>\n\t<meta property=\"og:image:width\" content=\"1200\" \/>\n\t<meta property=\"og:image:height\" content=\"675\" \/>\n\t<meta property=\"og:image:type\" content=\"image\/jpeg\" \/>\n<meta name=\"author\" content=\"Larrani Ferreira\" \/>\n<meta name=\"twitter:card\" content=\"summary_large_image\" \/>\n<meta name=\"twitter:creator\" content=\"@Estrategiavest\" \/>\n<meta name=\"twitter:site\" content=\"@Estrategiavest\" \/>\n<meta name=\"twitter:label1\" content=\"Escrito por\" \/>\n\t<meta name=\"twitter:data1\" content=\"Larrani Ferreira\" \/>\n\t<meta name=\"twitter:label2\" content=\"Est. tempo de leitura\" \/>\n\t<meta name=\"twitter:data2\" content=\"2 minutos\" \/>\n<script type=\"application\/ld+json\" class=\"yoast-schema-graph\">{\"@context\":\"https:\/\/schema.org\",\"@graph\":[{\"@type\":\"NewsArticle\",\"@id\":\"https:\/\/vestibulares.estrategia.com\/portal\/noticias\/encceja-2023-recebe-mais-de-um-milhao-de-inscricoes\/#article\",\"isPartOf\":{\"@id\":\"https:\/\/vestibulares.estrategia.com\/portal\/noticias\/encceja-2023-recebe-mais-de-um-milhao-de-inscricoes\/\"},\"author\":{\"name\":\"Larrani Ferreira\",\"@id\":\"https:\/\/vestibulares.estrategia.com\/portal\/#\/schema\/person\/98d0c0e22d6d89b480aa1929f0e64ec5\"},\"headline\":\"Encceja 2023 recebe mais de 1 milh\u00e3o de inscri\u00e7\u00f5es\",\"datePublished\":\"2023-08-02T21:39:04+00:00\",\"dateModified\":\"2023-08-18T20:08:07+00:00\",\"mainEntityOfPage\":{\"@id\":\"https:\/\/vestibulares.estrategia.com\/portal\/noticias\/encceja-2023-recebe-mais-de-um-milhao-de-inscricoes\/\"},\"wordCount\":508,\"publisher\":{\"@id\":\"https:\/\/vestibulares.estrategia.com\/portal\/#organization\"},\"image\":{\"@id\":\"https:\/\/vestibulares.estrategia.com\/portal\/noticias\/encceja-2023-recebe-mais-de-um-milhao-de-inscricoes\/#primaryimage\"},\"thumbnailUrl\":\"https:\/\/vestibulares.estrategia.com\/portal\/wp-content\/uploads\/2023\/08\/encceja-ev-1200x675-1.jpg\",\"articleSection\":[\"Not\u00edcias\"],\"inLanguage\":\"pt-BR\"},{\"@type\":\"WebPage\",\"@id\":\"https:\/\/vestibulares.estrategia.com\/portal\/noticias\/encceja-2023-recebe-mais-de-um-milhao-de-inscricoes\/\",\"url\":\"https:\/\/vestibulares.estrategia.com\/portal\/noticias\/encceja-2023-recebe-mais-de-um-milhao-de-inscricoes\/\",\"name\":\"Encceja 2023 recebe mais de 1 milh\u00e3o de inscri\u00e7\u00f5es\",\"isPartOf\":{\"@id\":\"https:\/\/vestibulares.estrategia.com\/portal\/#website\"},\"primaryImageOfPage\":{\"@id\":\"https:\/\/vestibulares.estrategia.com\/portal\/noticias\/encceja-2023-recebe-mais-de-um-milhao-de-inscricoes\/#primaryimage\"},\"image\":{\"@id\":\"https:\/\/vestibulares.estrategia.com\/portal\/noticias\/encceja-2023-recebe-mais-de-um-milhao-de-inscricoes\/#primaryimage\"},\"thumbnailUrl\":\"https:\/\/vestibulares.estrategia.com\/portal\/wp-content\/uploads\/2023\/08\/encceja-ev-1200x675-1.jpg\",\"datePublished\":\"2023-08-02T21:39:04+00:00\",\"dateModified\":\"2023-08-18T20:08:07+00:00\",\"description\":\"O Exame Nacional para Certifica\u00e7\u00e3o de Compet\u00eancias de Jovens e Adultos (Encceja) 2023 recebeu mais de 1 milh\u00e3o de inscri\u00e7\u00f5es. Confira.\",\"breadcrumb\":{\"@id\":\"https:\/\/vestibulares.estrategia.com\/portal\/noticias\/encceja-2023-recebe-mais-de-um-milhao-de-inscricoes\/#breadcrumb\"},\"inLanguage\":\"pt-BR\",\"potentialAction\":[{\"@type\":\"ReadAction\",\"target\":[\"https:\/\/vestibulares.estrategia.com\/portal\/noticias\/encceja-2023-recebe-mais-de-um-milhao-de-inscricoes\/\"]}]},{\"@type\":\"ImageObject\",\"inLanguage\":\"pt-BR\",\"@id\":\"https:\/\/vestibulares.estrategia.com\/portal\/noticias\/encceja-2023-recebe-mais-de-um-milhao-de-inscricoes\/#primaryimage\",\"url\":\"https:\/\/vestibulares.estrategia.com\/portal\/wp-content\/uploads\/2023\/08\/encceja-ev-1200x675-1.jpg\",\"contentUrl\":\"https:\/\/vestibulares.estrategia.com\/portal\/wp-content\/uploads\/2023\/08\/encceja-ev-1200x675-1.jpg\",\"width\":1200,\"height\":675,\"caption\":\"Encceja Estrat\u00e9gia Vestibulares\"},{\"@type\":\"BreadcrumbList\",\"@id\":\"https:\/\/vestibulares.estrategia.com\/portal\/noticias\/encceja-2023-recebe-mais-de-um-milhao-de-inscricoes\/#breadcrumb\",\"itemListElement\":[{\"@type\":\"ListItem\",\"position\":1,\"name\":\"Home\",\"item\":\"https:\/\/vestibulares.estrategia.com\/portal\/\"},{\"@type\":\"ListItem\",\"position\":2,\"name\":\"Not\u00edcias\",\"item\":\"https:\/\/vestibulares.estrategia.com\/portal\/noticias\/\"},{\"@type\":\"ListItem\",\"position\":3,\"name\":\"Encceja 2023 recebe mais de 1 milh\u00e3o de inscri\u00e7\u00f5es\"}]},{\"@type\":\"WebSite\",\"@id\":\"https:\/\/vestibulares.estrategia.com\/portal\/#website\",\"url\":\"https:\/\/vestibulares.estrategia.com\/portal\/\",\"name\":\"Estrat\u00e9gia Vestibulares\",\"description\":\"\",\"publisher\":{\"@id\":\"https:\/\/vestibulares.estrategia.com\/portal\/#organization\"},\"potentialAction\":[{\"@type\":\"SearchAction\",\"target\":{\"@type\":\"EntryPoint\",\"urlTemplate\":\"https:\/\/vestibulares.estrategia.com\/portal\/?s={search_term_string}\"},\"query-input\":{\"@type\":\"PropertyValueSpecification\",\"valueRequired\":true,\"valueName\":\"search_term_string\"}}],\"inLanguage\":\"pt-BR\"},{\"@type\":\"Organization\",\"@id\":\"https:\/\/vestibulares.estrategia.com\/portal\/#organization\",\"name\":\"Estrat\u00e9gia Vestibulares\",\"url\":\"https:\/\/vestibulares.estrategia.com\/portal\/\",\"logo\":{\"@type\":\"ImageObject\",\"inLanguage\":\"pt-BR\",\"@id\":\"https:\/\/vestibulares.estrategia.com\/portal\/#\/schema\/logo\/image\/\",\"url\":\"https:\/\/vestibulares.estrategia.com\/portal\/wp-content\/uploads\/2021\/06\/Logo-Vestibulares@4x.png\",\"contentUrl\":\"https:\/\/vestibulares.estrategia.com\/portal\/wp-content\/uploads\/2021\/06\/Logo-Vestibulares@4x.png\",\"width\":250,\"height\":66,\"caption\":\"Estrat\u00e9gia Vestibulares\"},\"image\":{\"@id\":\"https:\/\/vestibulares.estrategia.com\/portal\/#\/schema\/logo\/image\/\"},\"sameAs\":[\"https:\/\/facebook.com\/estrategiavestibulares\",\"https:\/\/x.com\/Estrategiavest\",\"https:\/\/www.instagram.com\/estrategiavestibulares\",\"https:\/\/www.youtube.com\/channel\/UCGWdZy8ULI-7_5GrABa4vNA\"]},{\"@type\":\"Person\",\"@id\":\"https:\/\/vestibulares.estrategia.com\/portal\/#\/schema\/person\/98d0c0e22d6d89b480aa1929f0e64ec5\",\"name\":\"Larrani Ferreira\",\"image\":{\"@type\":\"ImageObject\",\"inLanguage\":\"pt-BR\",\"@id\":\"https:\/\/vestibulares.estrategia.com\/portal\/#\/schema\/person\/image\/\",\"url\":\"https:\/\/vestibulares.estrategia.com\/portal\/wp-content\/uploads\/2026\/02\/WhatsApp-Image-2026-02-05-at-14.26.13-150x150.jpeg\",\"contentUrl\":\"https:\/\/vestibulares.estrategia.com\/portal\/wp-content\/uploads\/2026\/02\/WhatsApp-Image-2026-02-05-at-14.26.13-150x150.jpeg\",\"caption\":\"Larrani Ferreira\"},\"description\":\"Jornalista e Mestranda em Comunica\u00e7\u00e3o Intercultural nas Organiza\u00e7\u00f5es\",\"url\":\"https:\/\/vestibulares.estrategia.com\/portal\/author\/larranioliveira\/\"}]}<\/script>\n<!-- \/ Yoast SEO Premium plugin. -->","yoast_head_json":{"title":"Encceja 2023 recebe mais de 1 milh\u00e3o de inscri\u00e7\u00f5es","description":"O Exame Nacional para Certifica\u00e7\u00e3o de Compet\u00eancias de Jovens e Adultos (Encceja) 2023 recebeu mais de 1 milh\u00e3o de inscri\u00e7\u00f5es. Confira.","robots":{"index":"index","follow":"follow","max-snippet":"max-snippet:-1","max-image-preview":"max-image-preview:large","max-video-preview":"max-video-preview:-1"},"canonical":"https:\/\/vestibulares.estrategia.com\/portal\/noticias\/encceja-2023-recebe-mais-de-um-milhao-de-inscricoes\/","og_locale":"pt_BR","og_type":"article","og_title":"Encceja 2023 recebe mais de 1 milh\u00e3o de inscri\u00e7\u00f5es","og_description":"O Exame Nacional para Certifica\u00e7\u00e3o de Compet\u00eancias de Jovens e Adultos (Encceja) 2023 recebeu mais de 1 milh\u00e3o de inscri\u00e7\u00f5es. Confira.","og_url":"https:\/\/vestibulares.estrategia.com\/portal\/noticias\/encceja-2023-recebe-mais-de-um-milhao-de-inscricoes\/","og_site_name":"Estrat\u00e9gia Vestibulares","article_publisher":"https:\/\/facebook.com\/estrategiavestibulares","article_published_time":"2023-08-02T21:39:04+00:00","article_modified_time":"2023-08-18T20:08:07+00:00","og_image":[{"width":1200,"height":675,"url":"https:\/\/cdn.blog.estrategiavestibulares.com.br\/vestibulares\/wp-content\/uploads\/2023\/08\/encceja-ev-1200x675-1.jpg","type":"image\/jpeg"}],"author":"Larrani Ferreira","twitter_card":"summary_large_image","twitter_creator":"@Estrategiavest","twitter_site":"@Estrategiavest","twitter_misc":{"Escrito por":"Larrani Ferreira","Est. tempo de leitura":"2 minutos"},"schema":{"@context":"https:\/\/schema.org","@graph":[{"@type":"NewsArticle","@id":"https:\/\/vestibulares.estrategia.com\/portal\/noticias\/encceja-2023-recebe-mais-de-um-milhao-de-inscricoes\/#article","isPartOf":{"@id":"https:\/\/vestibulares.estrategia.com\/portal\/noticias\/encceja-2023-recebe-mais-de-um-milhao-de-inscricoes\/"},"author":{"name":"Larrani Ferreira","@id":"https:\/\/vestibulares.estrategia.com\/portal\/#\/schema\/person\/98d0c0e22d6d89b480aa1929f0e64ec5"},"headline":"Encceja 2023 recebe mais de 1 milh\u00e3o de inscri\u00e7\u00f5es","datePublished":"2023-08-02T21:39:04+00:00","dateModified":"2023-08-18T20:08:07+00:00","mainEntityOfPage":{"@id":"https:\/\/vestibulares.estrategia.com\/portal\/noticias\/encceja-2023-recebe-mais-de-um-milhao-de-inscricoes\/"},"wordCount":508,"publisher":{"@id":"https:\/\/vestibulares.estrategia.com\/portal\/#organization"},"image":{"@id":"https:\/\/vestibulares.estrategia.com\/portal\/noticias\/encceja-2023-recebe-mais-de-um-milhao-de-inscricoes\/#primaryimage"},"thumbnailUrl":"https:\/\/vestibulares.estrategia.com\/portal\/wp-content\/uploads\/2023\/08\/encceja-ev-1200x675-1.jpg","articleSection":["Not\u00edcias"],"inLanguage":"pt-BR"},{"@type":"WebPage","@id":"https:\/\/vestibulares.estrategia.com\/portal\/noticias\/encceja-2023-recebe-mais-de-um-milhao-de-inscricoes\/","url":"https:\/\/vestibulares.estrategia.com\/portal\/noticias\/encceja-2023-recebe-mais-de-um-milhao-de-inscricoes\/","name":"Encceja 2023 recebe mais de 1 milh\u00e3o de inscri\u00e7\u00f5es","isPartOf":{"@id":"https:\/\/vestibulares.estrategia.com\/portal\/#website"},"primaryImageOfPage":{"@id":"https:\/\/vestibulares.estrategia.com\/portal\/noticias\/encceja-2023-recebe-mais-de-um-milhao-de-inscricoes\/#primaryimage"},"image":{"@id":"https:\/\/vestibulares.estrategia.com\/portal\/noticias\/encceja-2023-recebe-mais-de-um-milhao-de-inscricoes\/#primaryimage"},"thumbnailUrl":"https:\/\/vestibulares.estrategia.com\/portal\/wp-content\/uploads\/2023\/08\/encceja-ev-1200x675-1.jpg","datePublished":"2023-08-02T21:39:04+00:00","dateModified":"2023-08-18T20:08:07+00:00","description":"O Exame Nacional para Certifica\u00e7\u00e3o de Compet\u00eancias de Jovens e Adultos (Encceja) 2023 recebeu mais de 1 milh\u00e3o de inscri\u00e7\u00f5es. Confira.","breadcrumb":{"@id":"https:\/\/vestibulares.estrategia.com\/portal\/noticias\/encceja-2023-recebe-mais-de-um-milhao-de-inscricoes\/#breadcrumb"},"inLanguage":"pt-BR","potentialAction":[{"@type":"ReadAction","target":["https:\/\/vestibulares.estrategia.com\/portal\/noticias\/encceja-2023-recebe-mais-de-um-milhao-de-inscricoes\/"]}]},{"@type":"ImageObject","inLanguage":"pt-BR","@id":"https:\/\/vestibulares.estrategia.com\/portal\/noticias\/encceja-2023-recebe-mais-de-um-milhao-de-inscricoes\/#primaryimage","url":"https:\/\/vestibulares.estrategia.com\/portal\/wp-content\/uploads\/2023\/08\/encceja-ev-1200x675-1.jpg","contentUrl":"https:\/\/vestibulares.estrategia.com\/portal\/wp-content\/uploads\/2023\/08\/encceja-ev-1200x675-1.jpg","width":1200,"height":675,"caption":"Encceja Estrat\u00e9gia Vestibulares"},{"@type":"BreadcrumbList","@id":"https:\/\/vestibulares.estrategia.com\/portal\/noticias\/encceja-2023-recebe-mais-de-um-milhao-de-inscricoes\/#breadcrumb","itemListElement":[{"@type":"ListItem","position":1,"name":"Home","item":"https:\/\/vestibulares.estrategia.com\/portal\/"},{"@type":"ListItem","position":2,"name":"Not\u00edcias","item":"https:\/\/vestibulares.estrategia.com\/portal\/noticias\/"},{"@type":"ListItem","position":3,"name":"Encceja 2023 recebe mais de 1 milh\u00e3o de inscri\u00e7\u00f5es"}]},{"@type":"WebSite","@id":"https:\/\/vestibulares.estrategia.com\/portal\/#website","url":"https:\/\/vestibulares.estrategia.com\/portal\/","name":"Estrat\u00e9gia Vestibulares","description":"","publisher":{"@id":"https:\/\/vestibulares.estrategia.com\/portal\/#organization"},"potentialAction":[{"@type":"SearchAction","target":{"@type":"EntryPoint","urlTemplate":"https:\/\/vestibulares.estrategia.com\/portal\/?s={search_term_string}"},"query-input":{"@type":"PropertyValueSpecification","valueRequired":true,"valueName":"search_term_string"}}],"inLanguage":"pt-BR"},{"@type":"Organization","@id":"https:\/\/vestibulares.estrategia.com\/portal\/#organization","name":"Estrat\u00e9gia Vestibulares","url":"https:\/\/vestibulares.estrategia.com\/portal\/","logo":{"@type":"ImageObject","inLanguage":"pt-BR","@id":"https:\/\/vestibulares.estrategia.com\/portal\/#\/schema\/logo\/image\/","url":"https:\/\/vestibulares.estrategia.com\/portal\/wp-content\/uploads\/2021\/06\/Logo-Vestibulares@4x.png","contentUrl":"https:\/\/vestibulares.estrategia.com\/portal\/wp-content\/uploads\/2021\/06\/Logo-Vestibulares@4x.png","width":250,"height":66,"caption":"Estrat\u00e9gia Vestibulares"},"image":{"@id":"https:\/\/vestibulares.estrategia.com\/portal\/#\/schema\/logo\/image\/"},"sameAs":["https:\/\/facebook.com\/estrategiavestibulares","https:\/\/x.com\/Estrategiavest","https:\/\/www.instagram.com\/estrategiavestibulares","https:\/\/www.youtube.com\/channel\/UCGWdZy8ULI-7_5GrABa4vNA"]},{"@type":"Person","@id":"https:\/\/vestibulares.estrategia.com\/portal\/#\/schema\/person\/98d0c0e22d6d89b480aa1929f0e64ec5","name":"Larrani Ferreira","image":{"@type":"ImageObject","inLanguage":"pt-BR","@id":"https:\/\/vestibulares.estrategia.com\/portal\/#\/schema\/person\/image\/","url":"https:\/\/vestibulares.estrategia.com\/portal\/wp-content\/uploads\/2026\/02\/WhatsApp-Image-2026-02-05-at-14.26.13-150x150.jpeg","contentUrl":"https:\/\/vestibulares.estrategia.com\/portal\/wp-content\/uploads\/2026\/02\/WhatsApp-Image-2026-02-05-at-14.26.13-150x150.jpeg","caption":"Larrani Ferreira"},"description":"Jornalista e Mestranda em Comunica\u00e7\u00e3o Intercultural nas Organiza\u00e7\u00f5es","url":"https:\/\/vestibulares.estrategia.com\/portal\/author\/larranioliveira\/"}]}},"_wl_alt_label":[],"wl:entity_url":"https:\/\/data.wordlift.io\/wl110249\/post\/encceja-2023-recebe-mais-de-um-milhao-de-inscricoes","_links":{"self":[{"href":"https:\/\/vestibulares.estrategia.com\/portal\/wp-json\/wp\/v2\/posts\/96742","targetHints":{"allow":["GET"]}}],"collection":[{"href":"https:\/\/vestibulares.estrategia.com\/portal\/wp-json\/wp\/v2\/posts"}],"about":[{"href":"https:\/\/vestibulares.estrategia.com\/portal\/wp-json\/wp\/v2\/types\/post"}],"author":[{"embeddable":true,"href":"https:\/\/vestibulares.estrategia.com\/portal\/wp-json\/wp\/v2\/users\/51"}],"replies":[{"embeddable":true,"href":"https:\/\/vestibulares.estrategia.com\/portal\/wp-json\/wp\/v2\/comments?post=96742"}],"version-history":[{"count":3,"href":"https:\/\/vestibulares.estrategia.com\/portal\/wp-json\/wp\/v2\/posts\/96742\/revisions"}],"predecessor-version":[{"id":97718,"href":"https:\/\/vestibulares.estrategia.com\/portal\/wp-json\/wp\/v2\/posts\/96742\/revisions\/97718"}],"wp:featuredmedia":[{"embeddable":true,"href":"https:\/\/vestibulares.estrategia.com\/portal\/wp-json\/wp\/v2\/media\/96743"}],"wp:attachment":[{"href":"https:\/\/vestibulares.estrategia.com\/portal\/wp-json\/wp\/v2\/media?parent=96742"}],"wp:term":[{"taxonomy":"category","embeddable":true,"href":"https:\/\/vestibulares.estrategia.com\/portal\/wp-json\/wp\/v2\/categories?post=96742"},{"taxonomy":"post_tag","embeddable":true,"href":"https:\/\/vestibulares.estrategia.com\/portal\/wp-json\/wp\/v2\/tags?post=96742"},{"taxonomy":"wl_entity_type","embeddable":true,"href":"https:\/\/vestibulares.estrategia.com\/portal\/wp-json\/wp\/v2\/wl_entity_type?post=96742"}],"curies":[{"name":"wp","href":"https:\/\/api.w.org\/{rel}","templated":true}]}}