{"id":96771,"date":"2023-08-03T16:20:08","date_gmt":"2023-08-03T19:20:08","guid":{"rendered":"https:\/\/vestibulares.estrategia.com\/portal\/?p=96771"},"modified":"2023-08-18T17:08:12","modified_gmt":"2023-08-18T20:08:12","slug":"questoes-sobre-blocos-economicos","status":"publish","type":"post","link":"https:\/\/vestibulares.estrategia.com\/portal\/atualidades-e-dicas\/questoes-sobre-blocos-economicos\/","title":{"rendered":"11 quest\u00f5es sobre blocos econ\u00f4micos que j\u00e1 ca\u00edram nos vestibulares e no Enem"},"content":{"rendered":"<p>Os blocos econ&ocirc;micos s&atilde;o acordos intergovernamentais a fim de estimular o desenvolvimento econ&ocirc;mico, pol&iacute;tico e social de seus membros. O principal objetivo dessa uni&atilde;o &eacute; garantir maior integra&ccedil;&atilde;o entre os pa&iacute;ses-membros, favorecendo, assim, o com&eacute;rcio externo e a competitividade em contexto globalizado.<p>Existem diferentes tipos de blocos econ&ocirc;micos, s&atilde;o alguns: uni&atilde;o aduaneira, zonas de livre com&eacute;rcio, mercado comum e uni&atilde;o pol&iacute;tica e monet&aacute;ria. Entre os principais blocos encontram-se o Mercosul, a Uni&atilde;o Europeia, o USMCA (antigo Nafta), a Comunidade de Desenvolvimento da &Aacute;frica Austral (SADC) e a Associa&ccedil;&atilde;o das Na&ccedil;&otilde;es do Sudeste Asi&aacute;tico (ASEAN). Entenda mais sobre cada um deles abaixo.<\/p><p>+ <a href=\"https:\/\/vestibulares.estrategia.com\/portal\/materias\/geografia\/blocos-economicos\/\">Blocos Econ&ocirc;micos: conceito, tipos e principais exemplos<\/a><\/p><p>+ <a href=\"https:\/\/vestibulares.estrategia.com\/portal\/atualidades-e-dicas\/11-questoes-sobre-globalizacao-que-ja-cairam-nos-vestibulares\/\">11 quest&otilde;es sobre globaliza&ccedil;&atilde;o que j&aacute; ca&iacute;ram nos vestibulares<\/a><\/p><div id=\"ez-toc-container\" class=\"ez-toc-v2_0_76 counter-hierarchy ez-toc-counter ez-toc-transparent ez-toc-container-direction\">\n<div class=\"ez-toc-title-container\"><p class=\"ez-toc-title\" style=\"cursor:inherit\">Navegue pelo conte\u00fado<\/p>\n<\/div><nav><ul class='ez-toc-list ez-toc-list-level-1 ' ><li class='ez-toc-page-1 ez-toc-heading-level-2'><a class=\"ez-toc-link ez-toc-heading-1\" href=\"https:\/\/vestibulares.estrategia.com\/portal\/atualidades-e-dicas\/questoes-sobre-blocos-economicos\/#Mercosul\" >Mercosul<\/a><\/li><li class='ez-toc-page-1 ez-toc-heading-level-2'><a class=\"ez-toc-link ez-toc-heading-2\" href=\"https:\/\/vestibulares.estrategia.com\/portal\/atualidades-e-dicas\/questoes-sobre-blocos-economicos\/#Uniao-Europeia\" >Uni&atilde;o Europeia<\/a><\/li><li class='ez-toc-page-1 ez-toc-heading-level-2'><a class=\"ez-toc-link ez-toc-heading-3\" href=\"https:\/\/vestibulares.estrategia.com\/portal\/atualidades-e-dicas\/questoes-sobre-blocos-economicos\/#USMCA-antigo-Nafta\" >USMCA (antigo Nafta)<\/a><\/li><li class='ez-toc-page-1 ez-toc-heading-level-2'><a class=\"ez-toc-link ez-toc-heading-4\" href=\"https:\/\/vestibulares.estrategia.com\/portal\/atualidades-e-dicas\/questoes-sobre-blocos-economicos\/#SADC\" >SADC<\/a><\/li><li class='ez-toc-page-1 ez-toc-heading-level-2'><a class=\"ez-toc-link ez-toc-heading-5\" href=\"https:\/\/vestibulares.estrategia.com\/portal\/atualidades-e-dicas\/questoes-sobre-blocos-economicos\/#ASEAN\" >ASEAN<\/a><\/li><li class='ez-toc-page-1 ez-toc-heading-level-2'><a class=\"ez-toc-link ez-toc-heading-6\" href=\"https:\/\/vestibulares.estrategia.com\/portal\/atualidades-e-dicas\/questoes-sobre-blocos-economicos\/#UNB-2022\" >UNB (2022)<\/a><\/li><li class='ez-toc-page-1 ez-toc-heading-level-2'><a class=\"ez-toc-link ez-toc-heading-7\" href=\"https:\/\/vestibulares.estrategia.com\/portal\/atualidades-e-dicas\/questoes-sobre-blocos-economicos\/#Famerp-2022\" >Famerp (2022)<\/a><\/li><li class='ez-toc-page-1 ez-toc-heading-level-2'><a class=\"ez-toc-link ez-toc-heading-8\" href=\"https:\/\/vestibulares.estrategia.com\/portal\/atualidades-e-dicas\/questoes-sobre-blocos-economicos\/#URCA-2021\" >URCA (2021)<\/a><\/li><li class='ez-toc-page-1 ez-toc-heading-level-2'><a class=\"ez-toc-link ez-toc-heading-9\" href=\"https:\/\/vestibulares.estrategia.com\/portal\/atualidades-e-dicas\/questoes-sobre-blocos-economicos\/#UEPG-2021\" >UEPG (2021)<\/a><\/li><li class='ez-toc-page-1 ez-toc-heading-level-2'><a class=\"ez-toc-link ez-toc-heading-10\" href=\"https:\/\/vestibulares.estrategia.com\/portal\/atualidades-e-dicas\/questoes-sobre-blocos-economicos\/#UEL-2021\" >UEL (2021)<\/a><\/li><li class='ez-toc-page-1 ez-toc-heading-level-2'><a class=\"ez-toc-link ez-toc-heading-11\" href=\"https:\/\/vestibulares.estrategia.com\/portal\/atualidades-e-dicas\/questoes-sobre-blocos-economicos\/#Facisb-2021\" >Facisb (2021)<\/a><\/li><li class='ez-toc-page-1 ez-toc-heading-level-2'><a class=\"ez-toc-link ez-toc-heading-12\" href=\"https:\/\/vestibulares.estrategia.com\/portal\/atualidades-e-dicas\/questoes-sobre-blocos-economicos\/#UNESP-2018\" >UNESP (2018)<\/a><\/li><li class='ez-toc-page-1 ez-toc-heading-level-2'><a class=\"ez-toc-link ez-toc-heading-13\" href=\"https:\/\/vestibulares.estrategia.com\/portal\/atualidades-e-dicas\/questoes-sobre-blocos-economicos\/#Unicamp-2018\" >Unicamp (2018)<\/a><\/li><li class='ez-toc-page-1 ez-toc-heading-level-2'><a class=\"ez-toc-link ez-toc-heading-14\" href=\"https:\/\/vestibulares.estrategia.com\/portal\/atualidades-e-dicas\/questoes-sobre-blocos-economicos\/#Enem-2017\" >Enem (2017)<\/a><\/li><li class='ez-toc-page-1 ez-toc-heading-level-2'><a class=\"ez-toc-link ez-toc-heading-15\" href=\"https:\/\/vestibulares.estrategia.com\/portal\/atualidades-e-dicas\/questoes-sobre-blocos-economicos\/#Simulado-Unesp-2023\" >Simulado Unesp (2023)<\/a><\/li><li class='ez-toc-page-1 ez-toc-heading-level-2'><a class=\"ez-toc-link ez-toc-heading-16\" href=\"https:\/\/vestibulares.estrategia.com\/portal\/atualidades-e-dicas\/questoes-sobre-blocos-economicos\/#Simulado-Unicamp-2023\" >Simulado Unicamp (2023)<\/a><\/li><li class='ez-toc-page-1 ez-toc-heading-level-2'><a class=\"ez-toc-link ez-toc-heading-17\" href=\"https:\/\/vestibulares.estrategia.com\/portal\/atualidades-e-dicas\/questoes-sobre-blocos-economicos\/#Saiba-mais-sobre-as-questoes-cobradas-nos-vestibulares\" >Saiba mais sobre as quest&otilde;es cobradas nos vestibulares<\/a><\/li><li class='ez-toc-page-1 ez-toc-heading-level-2'><a class=\"ez-toc-link ez-toc-heading-18\" href=\"https:\/\/vestibulares.estrategia.com\/portal\/atualidades-e-dicas\/questoes-sobre-blocos-economicos\/#Prepare-se-para-a-prova-com-o-Estrategia-Vestibulares\" >Prepare-se para a prova com o Estrat&eacute;gia Vestibulares&nbsp;<\/a><\/li><\/ul><\/nav><\/div>\n<h2 class=\"wp-block-heading\" id=\"h-mercosul\"><span class=\"ez-toc-section\" id=\"Mercosul\"><\/span>Mercosul<span class=\"ez-toc-section-end\"><\/span><\/h2><p>O Mercado Comum do Sul (Mercosul) foi fundado em 1991 por Brasil, Argentina, Paraguai e Uruguai. Em 2012, a Venezuela foi oficializada como Estado Parte, no entanto, est&aacute; suspensa desde 2017, ap&oacute;s descumprimentos de exig&ecirc;ncias do bloco. Outros pa&iacute;ses da Am&eacute;rica do Sul como Bol&iacute;via, Chile, Peru, Col&ocirc;mbia, Equador, Guiana e Suriname s&atilde;o pa&iacute;ses associados.<\/p><p>O Mercosul &eacute; uma Uni&atilde;o Aduaneira, ou seja, seu principal objetivo &eacute; o mercado e o com&eacute;rcio. A ado&ccedil;&atilde;o da Tarifa Externa Comum (TEC) faz com n&atilde;o haja a necessidade do pagamento de impostos em grande parte dos produtos comercializados entre os pa&iacute;ses-membros. Eles seguem as mesmas taxas de importa&ccedil;&atilde;o e exporta&ccedil;&atilde;o em negocia&ccedil;&otilde;es com pa&iacute;ses de fora do bloco.<\/p><h2 class=\"wp-block-heading\" id=\"h-uniao-europeia\"><span class=\"ez-toc-section\" id=\"Uniao-Europeia\"><\/span>Uni&atilde;o Europeia<span class=\"ez-toc-section-end\"><\/span><\/h2><p>A Uni&atilde;o Europeia &eacute; um bloco econ&ocirc;mico que desempenha, tamb&eacute;m, papel pol&iacute;tico e monet&aacute;rio em seus 27 pa&iacute;ses-membros, todos localizados na Europa. Foi fundada em 1991 e, a partir de 1999, foi implementado o Euro como moeda oficial do bloco, adotada por 19 pa&iacute;ses.&nbsp;<\/p><p>Sua miss&atilde;o inicial era acabar com as frequentes guerras do continente europeu. Atualmente, seus principais objetivos s&atilde;o: promover o livre com&eacute;rcio e a livre circula&ccedil;&atilde;o de pessoas entre os pa&iacute;ses-membros, garantir a manuten&ccedil;&atilde;o da seguran&ccedil;a e da democracia, evitar conflitos e combater o neonazismo, al&eacute;m de se preocupar com a manuten&ccedil;&atilde;o do espa&ccedil;o geopol&iacute;tico.&nbsp;<\/p><h2 class=\"wp-block-heading\" id=\"h-usmca-antigo-nafta\"><span class=\"ez-toc-section\" id=\"USMCA-antigo-Nafta\"><\/span>USMCA (antigo Nafta)<span class=\"ez-toc-section-end\"><\/span><\/h2><p>O USMCA &eacute; a sigla de seus pa&iacute;ses-membros: Estados Unidos, M&eacute;xico e Canad&aacute;. Este acordo foi proposto por Donald Trump a fim de substituir o Tratado Norte-Americano de Livre-Com&eacute;rcio (Nafta), criado em 1993.<\/p><p>O principal objetivo do Nafta era promover uma zona de livre com&eacute;rcio entre Estados Unidos, M&eacute;xico e Canad&aacute;. Ou seja, facilitar a entrada e sa&iacute;da de mercadorias e reduzir os impostos e taxas desses produtos. O tratado entrou em vigor em 1994 e persistiu por, aproximadamente, 25 anos.<\/p><p>J&aacute; o atual USMCA busca modernizar o antigo acordo entre os pa&iacute;ses, mas com tend&ecirc;ncia ao protecionismo estadunidense, j&aacute; que Trump acreditava que os EUA estavam sendo prejudicados dentro do bloco econ&ocirc;mico.<\/p><h2 class=\"wp-block-heading\" id=\"h-sadc\"><span class=\"ez-toc-section\" id=\"SADC\"><\/span>SADC<span class=\"ez-toc-section-end\"><\/span><\/h2><p>A Comunidade de Desenvolvimento da &Aacute;frica Austral (SADC), foi criada em 1992 com o intuito de incentivar as rela&ccedil;&otilde;es comerciais entre os 14 pa&iacute;ses-membros. Entre eles: &Aacute;frica do Sul, Angola, Botsuana, Lesoto, Malawi, Maur&iacute;cio, Mo&ccedil;ambique, Nam&iacute;bia, Rep&uacute;blica Democr&aacute;tica do Congo, Seicheles, Suazil&acirc;ndia, Tanz&acirc;nia, Z&acirc;mbia e Zimb&aacute;bue.<\/p><p>Os principais objetivos do bloco econ&ocirc;mico s&atilde;o: criar um mercado comum com bases na Uni&atilde;o Europeia, seu principal parceiro externo, e aspectos do Mercosul, promover a paz e seguran&ccedil;a na &Aacute;frica Meridional, combater a AIDS e reafirmar os legados socioculturais africanos.<\/p><h2 class=\"wp-block-heading\" id=\"h-asean\"><span class=\"ez-toc-section\" id=\"ASEAN\"><\/span>ASEAN<span class=\"ez-toc-section-end\"><\/span><\/h2><p>A Associa&ccedil;&atilde;o das Na&ccedil;&otilde;es do Sudeste Asi&aacute;tico (ASEAN) foi criada em 1967 e &eacute; formada pelos pa&iacute;ses: Brunei Darussalam, Camboja, Cingapura, Filipinas, Indon&eacute;sia, Laos, Mal&aacute;sia, Mianmar, Tail&acirc;ndia e Vietn&atilde;.<\/p><p>Em 1976, foi firmado entre seus integrantes o Tratado de Amizade e Coopera&ccedil;&atilde;o, que visa o respeito m&uacute;tuo pela independ&ecirc;ncia, igualdade, integridade territorial e identidade nacional. A ASEAN busca acelerar o desenvolvimento econ&ocirc;mico, social e cultural da regi&atilde;o, al&eacute;m de promover a paz e a estabilidade entre os pa&iacute;ses-membros, sempre assegurando o respeito e a justi&ccedil;a.<\/p><p>O tema tem grande relev&acirc;ncia na geopol&iacute;tica mundial e j&aacute; foi cobrado diversas vezes no vestibular e no Enem. Confira abaixo algumas quest&otilde;es.<\/p><h2 class=\"wp-block-heading\" id=\"h-unb-2022\"><span class=\"ez-toc-section\" id=\"UNB-2022\"><\/span>UNB (2022)<span class=\"ez-toc-section-end\"><\/span><\/h2><p>Alemanha e Fran&ccedil;a, mediadoras nas tens&otilde;es entre R&uacute;ssia e Ucr&acirc;nia, fizeram um apelo &ldquo;&agrave; modera&ccedil;&atilde;o&rdquo; e &agrave; &ldquo;desescalada imediata&rdquo; e disseram estar &ldquo;preocupadas com o n&uacute;mero crescente de viola&ccedil;&otilde;es do cessar-fogo&rdquo; ocorridas em per&iacute;odo recente.<\/p><p>Internet: &lt;www.cartacapital.com.br&gt; (com adapta&ccedil;&otilde;es).<\/p><p>A respeito das tens&otilde;es geopol&iacute;ticas entre R&uacute;ssia e Ucr&acirc;nia, julgue o pr&oacute;ximo item.<\/p><p>A Uni&atilde;o Europeia tem desenvolvido uma pol&iacute;tica de conflito econ&ocirc;mico com a R&uacute;ssia em raz&atilde;o dos interesses europeus na expans&atilde;o e dom&iacute;nio de mercados e regi&otilde;es produtoras agr&iacute;colas, como as f&eacute;rteis plan&iacute;cies ucranianas.<\/p><p><strong>C <\/strong>Certo.<\/p><p><strong>E <\/strong>Errado.<\/p><p>Alternativa correta: <strong>E<\/strong><\/p><h2 class=\"wp-block-heading\" id=\"h-famerp-2022\"><span class=\"ez-toc-section\" id=\"Famerp-2022\"><\/span>Famerp (2022)<span class=\"ez-toc-section-end\"><\/span><\/h2><p>A localiza&ccedil;&atilde;o geogr&aacute;fica &eacute; faceta importante da pol&iacute;tica externa. O mundo &eacute; composto de regi&otilde;es, e o sistema internacional global as impacta de distintas maneiras. O entorno geogr&aacute;fico &eacute; sempre relevante. &Eacute; a primeira circunst&acirc;ncia da a&ccedil;&atilde;o diplom&aacute;tica. &Eacute; nele que se colocam os desafios das fronteiras que almejam relacionamentos amistosos, favor&aacute;veis &agrave; consecu&ccedil;&atilde;o de objetivos nacionais valiosos. A passagem de situa&ccedil;&otilde;es nacionais de localiza&ccedil;&atilde;o numa regi&atilde;o em oportunidades de coopera&ccedil;&atilde;o ampliadoras &eacute; o mote de sua exist&ecirc;ncia.<\/p><p>(https:\/\/internacional.estadao.com.br, 18.09.2021. Adaptado.)<\/p><p>O excerto apresenta elementos caracter&iacute;sticos<\/p><p><strong>A <\/strong>dos conglomerados liberais.<\/p><p><strong>B <\/strong>das col&ocirc;nias de explora&ccedil;&atilde;o.<\/p><p><strong>C <\/strong>dos &oacute;rg&atilde;os reguladores internacionais.<\/p><p><strong>D <\/strong>das zonas francas.<\/p><p><strong>E <\/strong>dos blocos econ&ocirc;micos.<\/p><p>Alternativa correta: <strong>E<\/strong><\/p><h2 class=\"wp-block-heading\" id=\"h-urca-2021\"><span class=\"ez-toc-section\" id=\"URCA-2021\"><\/span>URCA (2021)<span class=\"ez-toc-section-end\"><\/span><\/h2><p>&ldquo;Apesar do intenso interc&acirc;mbio gerado na primeira d&eacute;cada de exist&ecirc;ncia [&hellip;] o bloco perdeu posteriormente muito de seu dinamismo comercial [&hellip;] Na primeira d&eacute;cada de exist&ecirc;ncia do Mercosul, o Brasil era o l&iacute;der de um processo com dupla voca&ccedil;&atilde;o: promover o regionalismo aberto no plano comercial e de investimento, bem como ampliar a influ&ecirc;ncia pol&iacute;tico-estrat&eacute;gica regional e internacional do pa&iacute;s. A vis&atilde;o estrat&eacute;gica era ofensiva. O Brasil era o pa&iacute;s hegem&ocirc;nico num exerc&iacute;cio de dimens&otilde;es econ&ocirc;mico-comerciais limitadas, mas com amplo potencial de repercuss&atilde;o pol&iacute;tico-estrat&eacute;gica no n&iacute;vel regional&rdquo;(ABREU e FLOR&Ecirc;NCIO. Trajet&oacute;ria do MERCOSUL )e mudan&ccedil;a de paradigmas e de posi&ccedil;&otilde;es da Pol&iacute;tica Externa Brasileira: come&ccedil;o virtuoso e crise recente? poss&iacute;veis interpreta&ccedil;&otilde;es. 2015, p. 7.&nbsp;<\/p><p>Dispon&iacute;vel em http:\/repositorio.ipea gov.br\/bitstream\/ 1058\/5330\/1h4. 2F25.pdf. Acesso em 20 ago, 2021)<\/p><p>Com rela&ccedil;&atilde;o ao MERCOSUL, &eacute; poss&iacute;vel afirmar que:<\/p><p><strong>A <\/strong>Ele n&atilde;o sofreu nenhum impacto nas &uacute;ltimas d&eacute;cadas, mantendo a mesma for&ccedil;a econ&ocirc;mico-financeira.<\/p><p><strong>B <\/strong>Foi criado durante a ditadura militar de 1964 como forma de ampliar os poderes do regime.<\/p><p><strong>C <\/strong>Em fun&ccedil;&atilde;o do redirecionamento da pol&iacute;tica externa brasileira, tem enfrentado algumas crises, diminuindo a sua capacidade de articula&ccedil;&atilde;o regional e global.<\/p><p><strong>D <\/strong>Ser&aacute; brevemente incorporado pelo Acordo de Livre Com&eacute;rcio da Am&eacute;rica do Norte (NAFTA).<\/p><p><strong>E <\/strong>Possui atualmente as mesmas caracter&iacute;sticas econ&ocirc;micas e pol&iacute;ticas da Uni&atilde;o Europeia (EU).<\/p><p>Alternativa correta: <strong>C<\/strong><\/p><h2 class=\"wp-block-heading\" id=\"h-uepg-2021\"><span class=\"ez-toc-section\" id=\"UEPG-2021\"><\/span>UEPG (2021)<span class=\"ez-toc-section-end\"><\/span><\/h2><p>(SOMAT&Oacute;RIO)<\/p><p>Sobre os blocos econ&ocirc;micos, assinale o que for correto.<\/p><p>01) O Mercosul, bloco localizado na Am&eacute;rica do Sul, j&aacute; teve pa&iacute;ses membros suspensos por quest&otilde;es pol&iacute;ticas.<\/p><p>02) O SADC (sigla em ingl&ecirc;s para Comunidade de Desenvolvimento da &Aacute;frica Austral) &eacute; uma organiza&ccedil;&atilde;o que possui como importante membro a &Aacute;frica do Sul.<\/p><p>04) A APEC e a ASEAN s&atilde;o importantes blocos econ&ocirc;micos, que possuem, ambos, pa&iacute;ses asi&aacute;ticos entre seus membros.<\/p><p>08) Nenhum pa&iacute;s da Oceania faz parte de blocos econ&ocirc;micos. Essa regi&atilde;o nunca se uniu a esse tipo de organiza&ccedil;&atilde;o, pois Austr&aacute;lia e Nova Zel&acirc;ndia s&atilde;o contra o processo de globaliza&ccedil;&atilde;o.<\/p><p>16) Quando um bloco econ&ocirc;mico cria uma Tarifa Externa Comum para produtos de pa&iacute;ses de fora de seu bloco, inicia-se uma fase chamada Uni&atilde;o Aduaneira (UA).<\/p><p><strong>Resposta:&nbsp;<\/strong><\/p><p>Alternativa (01) &ndash; <strong>CORRETA<\/strong>: Paraguai e, mais recentemente, Venezuela<\/p><p>Alternativa (02) &ndash; <strong>CORRETA<\/strong>: Sendo a &Aacute;frica do Sul um pa&iacute;s refer&ecirc;ncia<\/p><p>Alternativa (04) &ndash; <strong>CORRETA<\/strong>: APEC: Coopera&ccedil;&atilde;o Econ&ocirc;mica &Aacute;sia-Pac&iacute;fico; ASEAN: Associa&ccedil;&atilde;o de Na&ccedil;&otilde;es do Sudeste Asi&aacute;tico<\/p><p>Alternativa (08) &ndash; <strong>INCORRETA<\/strong>: H&aacute; pa&iacute;ses da Oceania em blocos econ&ocirc;micos e muito cuidado com a afirma&ccedil;&atilde;o &ldquo;s&atilde;o contra a Globaliza&ccedil;&atilde;o&rdquo;<\/p><p>Alternativa (16) &ndash; <strong>CORRETA<\/strong>: tal afirma&ccedil;&atilde;o generaliza demais, ok? Porque h&aacute; situa&ccedil;&otilde;es de TEC em Zonas de Livre Com&eacute;rcio ou Uni&atilde;o Aduaneiras incompletas. Mas sim, essa &eacute; uma grande caracter&iacute;stica (estabelecimento de um Tarefa Externa Comum) da fase em quest&atilde;o.<\/p><p><strong>Gabarito: 23<\/strong><\/p><h2 class=\"wp-block-heading\" id=\"h-uel-2021\"><span class=\"ez-toc-section\" id=\"UEL-2021\"><\/span>UEL (2021)<span class=\"ez-toc-section-end\"><\/span><\/h2><p>Leia o texto a seguir.<\/p><p>Tr&ecirc;s anos e meio ap&oacute;s a vota&ccedil;&atilde;o no referendo que definiu a sa&iacute;da do Reino Unido da Uni&atilde;o Europeia, o Parlamento brit&acirc;nico aprovou o acordo para o Brexit no dia 09\/01\/2020. Esse foi o passo mais importante para que os brit&acirc;nicos deixem o bloco.<\/p><p>Sobre a sa&iacute;da do Reino Unido da Uni&atilde;o Europeia (Brexit), assinale a alternativa correta.<\/p><p><strong>A <\/strong>Os contr&aacute;rios ao Brexit, em grande parte pol&iacute;ticos nacionalistas e conservadores, consideram que o Reino Unido deve incentivar a entrada de imigrantes, por serem considerados m&atilde;o de obra barata.<\/p><p><strong>B <\/strong>O com&eacute;rcio com a Europa permanecer&aacute; inalterado, pois mesmo fora da Uni&atilde;o Europeia, as empresas brit&acirc;nicas ainda estar&atilde;o vinculadas &agrave;s regula&ccedil;&otilde;es impostas pelo bloco e limitadas por sua legisla&ccedil;&atilde;o.<\/p><p><strong>C <\/strong>Dentre as motiva&ccedil;&otilde;es para o Brexit est&atilde;o a recess&atilde;o econ&ocirc;mica e a chegada de imigrantes, que reacendeu a xenofobia e o medo de que eles passem a competir com os brit&acirc;nicos no mercado de trabalho.<\/p><p><strong>D <\/strong>O Brexit colocou fim ao conflito entre as fronteiras da Rep&uacute;blica da Irlanda e da Irlanda do Norte, constituindo um mercado comum com o Reino Unido.<\/p><p><strong>E <\/strong>A sa&iacute;da da Uni&atilde;o Europeia traz a possibilidade de o Reino Unido se candidatar a fazer parte da ONU e da OTAN, que resultar&aacute; em maior seguran&ccedil;a internacional, ponto importante para a pol&iacute;tica brit&acirc;nica.<\/p><p>Alternativa correta: <strong>C<\/strong><\/p><h2 class=\"wp-block-heading\" id=\"h-facisb-2021\"><span class=\"ez-toc-section\" id=\"Facisb-2021\"><\/span>Facisb (2021)<span class=\"ez-toc-section-end\"><\/span><\/h2><p>Entrou em vigor, no dia 30 de maio de 2019, uma zona de livre-com&eacute;rcio envolvendo praticamente todo o continente africano com o objetivo, entre outros, de diversificar as economias nacionais. &ldquo;Estamos falando de uma zona de livre-com&eacute;rcio que ir&aacute; realizar a redu&ccedil;&atilde;o de cerca de 90% das tarifas internas do continente. Isso ir&aacute; possibilitar que interesses econ&ocirc;micos e empresas possam circular livremente, algo muito importante para o desenvolvimento africano&rdquo;, avalia Muryatan Santana Barbosa, professor de rela&ccedil;&otilde;es internacionais da Universidade Federal do ABC.<\/p><p>(Tiago Angelo. &ldquo;O que esperar do tratado de livre-com&eacute;rcio que re&uacute;ne 52 dos 55 pa&iacute;ses da &Aacute;frica?&rdquo;. www.brasildefato.com.br, 17.06.2019. Adaptado.)<\/p><p>Caracteriza uma dificuldade para o cumprimento do acordo em vigor<\/p><p><strong>A <\/strong>a reduzida concorr&ecirc;ncia interna no setor extrativista<\/p><p><strong>B <\/strong>a pequena dimens&atilde;o dos mercados consumidores no continente.<\/p><p><strong>C <\/strong>a disparidade entre as balan&ccedil;as comerciais dos pa&iacute;ses- -membros.<\/p><p><strong>D <\/strong>a depend&ecirc;ncia regional da exporta&ccedil;&atilde;o de bens industrializados.<\/p><p><strong>E <\/strong>a deficiente infraestrutura de transportes intracontinental.<\/p><p>Alternativa correta: <strong>E<\/strong><\/p><h2 class=\"wp-block-heading\" id=\"h-unesp-2018\"><span class=\"ez-toc-section\" id=\"UNESP-2018\"><\/span>UNESP (2018)<span class=\"ez-toc-section-end\"><\/span><\/h2><p>Em 03.04.2017, o jornal El Pa&iacute;s publicou mat&eacute;ria que pode ser assim resumida:<\/p><p>Os pa&iacute;ses _______________ n&atilde;o t&ecirc;m poder pol&iacute;tico sobre os demais Estados Partes, mas possuem ferramentas para tentar reconduzir a situa&ccedil;&atilde;o de um membro, caso esse se afaste dos princ&iacute;pios do Tratado de Assun&ccedil;&atilde;o, assinado em 1991. Nessa perspectiva, insere-se a aplica&ccedil;&atilde;o da cl&aacute;usula democr&aacute;tica do bloco sobre a _______________ , em fun&ccedil;&atilde;o da crise pol&iacute;tica, institucional, social, de abastecimento e econ&ocirc;mica que atravessa o pa&iacute;s.<\/p><p>As lacunas do excerto devem ser preenchidas por<\/p><p><strong>A <\/strong>do Nafta &ndash; Argentina.<\/p><p><strong>B <\/strong>do Mercosul &ndash; Bol&iacute;via.<\/p><p><strong>C <\/strong>da ALADI &ndash; Venezuela.<\/p><p><strong>D <\/strong>da ALADI &ndash; Bol&iacute;via.<\/p><p><strong>E <\/strong>do Mercosul &ndash; Venezuela.<\/p><p>Alternativa correta: <strong>E<\/strong><\/p><h2 class=\"wp-block-heading\" id=\"h-unicamp-2018\"><span class=\"ez-toc-section\" id=\"Unicamp-2018\"><\/span>Unicamp (2018)<span class=\"ez-toc-section-end\"><\/span><\/h2><p>O referendo realizado no Reino Unido em junho de 2016 conduziu ao Brexit, ap&oacute;s 43 anos de ades&atilde;o &agrave; Uni&atilde;o Europeia. S&atilde;o potenciais consequ&ecirc;ncias dessa decis&atilde;o, nos n&iacute;veis nacional e continental, respectivamente,<\/p><p><strong>A <\/strong>o pedido da Irlanda do Norte por um novo referendo para decidir sua perman&ecirc;ncia no Reino Unido e a continuidade da livre circula&ccedil;&atilde;o da moeda europeia, o euro, no Reino Unido.<\/p><p><strong>B <\/strong>o pedido da Inglaterra por um novo referendo para decidir sua perman&ecirc;ncia no Reino Unido e a continuidade da livre circula&ccedil;&atilde;o da moeda europeia, o euro, no Reino Unido.<\/p><p><strong>C <\/strong>o pedido da Esc&oacute;cia por um novo referendo para decidir sua perman&ecirc;ncia no Reino Unido e o comprometimento da livre circula&ccedil;&atilde;o de cidad&atilde;os europeus no Reino Unido.<\/p><p><strong>D <\/strong>o pedido do Pa&iacute;s de Gales por um novo referendo para decidir sua perman&ecirc;ncia no Reino Unido e o comprometimento da livre circula&ccedil;&atilde;o de cidad&atilde;os europeus no Reino Unido.<\/p><p>Alternativa correta: <strong>C<\/strong><\/p><h2 class=\"wp-block-heading\" id=\"h-enem-2017\"><span class=\"ez-toc-section\" id=\"Enem-2017\"><\/span>Enem (2017)<span class=\"ez-toc-section-end\"><\/span><\/h2><p>M&eacute;xico, Col&ocirc;mbia, Peru e Chile decidiram seguir um caminho mais curto para a integra&ccedil;&atilde;o regional. Os quatro pa&iacute;ses, em meados de 2012, criaram a Alian&ccedil;a do Pac&iacute;fico e eliminaram, em 2013, as tarifas aduaneiras de 90% do total de produtos comercializados entre suas fronteiras.<\/p><p>OLIVEIRA, E. Alian&ccedil;a do Pac&iacute;fico se fortalece e Mercosul fica &agrave; sua sombra. O Globo, 24 fev. 2013 (adaptado).<\/p><p>O acordo descrito no texto teve como objetivo econ&ocirc;mico para os pa&iacute;ses-membros<\/p><p><strong>A <\/strong>promover a livre circula&ccedil;&atilde;o de trabalhadores.<\/p><p><strong>B <\/strong>fomentar a competitividade no mercado externo.<\/p><p><strong>C <\/strong>restringir investimentos de empresas multinacionais.<\/p><p><strong>D <\/strong>adotar medidas cambiais para subsidiar o setor agr&iacute;cola.<\/p><p><strong>E <\/strong>reduzir a fiscaliza&ccedil;&atilde;o alfandeg&aacute;ria para incentivar o consumo.<\/p><p>Alternativa correta: <strong>B<\/strong><\/p><h2 class=\"wp-block-heading\" id=\"h-simulado-unesp-2023\"><span class=\"ez-toc-section\" id=\"Simulado-Unesp-2023\"><\/span>Simulado Unesp (2023)<span class=\"ez-toc-section-end\"><\/span><\/h2><p>Em uma conturbada sess&atilde;o noturna em Bruxelas decidiu, no dia 2 de maio de 1998, que a Uni&atilde;o Europeia teria uma moeda comum.&nbsp;<\/p><p>Desde ent&atilde;o, a Uni&atilde;o Europeia passou a ser um bloco econ&ocirc;mico em est&aacute;gio:<\/p><p><strong>A <\/strong>Mercado Comum<\/p><p><strong>B <\/strong>Zona de Livre Com&eacute;rcio<\/p><p><strong>C <span id=\"urn:enhancement-26bb1d57-ebdc-47aa-96d9-f270c917b4af\" class=\"textannotation disambiguated wl-thing\" itemid=\"https:\/\/data.wordlift.io\/wl110249\/entity\/governo-federal\"><\/span><\/strong>Uni&atilde;o Aduaneira<\/p><p><strong>D <span id=\"urn:enhancement-487d6db3-0fb1-456d-954a-247df634c7a6\" class=\"textannotation disambiguated wl-thing\" itemid=\"https:\/\/data.wordlift.io\/wl110249\/entity\/governo-federal\"><\/span><\/strong>Uni&atilde;o Econ&ocirc;mica e Monet&aacute;ria<\/p><p><strong>E <\/strong>Zona de prefer&ecirc;ncias tarif&aacute;rias<\/p><p>Alternativa correta: <strong>D<\/strong><\/p><h2 class=\"wp-block-heading\" id=\"h-simulado-unicamp-2023\"><span class=\"ez-toc-section\" id=\"Simulado-Unicamp-2023\"><\/span>Simulado Unicamp (2023)<span class=\"ez-toc-section-end\"><\/span><\/h2><p>Em 31 de janeiro de 2020, o Reino Unido deixou a UE, tornando-se o primeiro pa&iacute;s a faz&ecirc;-lo. Ap&oacute;s esta data, houve um per&iacute;odo de onze meses para que v&aacute;rios tratados e acordo fossem negociados entre o Reino Unido e a Uni&atilde;o Europeia.<\/p><p>Um dos principais entraves para a efetiva sa&iacute;da do Reino Unido da Uni&atilde;o Europeia est&aacute; relacionado:<\/p><p><strong>A <\/strong>Ao impedimento da entrada de cidad&atilde;o europeus em territ&oacute;rios da Reino Unido.<\/p><p><strong>B <\/strong>&Agrave;s barreiras comerciais e fronteiri&ccedil;as entre Irlanda e Irlanda do Norte.<\/p><p><strong>C <\/strong>Ao processo de Independ&ecirc;ncia da Esc&oacute;cia.<\/p><p><strong>D <\/strong>Aos intensos protestos dos galeses contra a sa&iacute;da do Reino Unido do bloco europeu.<\/p><p>Alternativa correta: <strong>B<\/strong><\/p><h2 class=\"wp-block-heading\" id=\"h-saiba-mais-sobre-as-questoes-cobradas-nos-vestibulares\"><span class=\"ez-toc-section\" id=\"Saiba-mais-sobre-as-questoes-cobradas-nos-vestibulares\"><\/span>Saiba mais sobre as quest&otilde;es cobradas nos vestibulares<span class=\"ez-toc-section-end\"><\/span><\/h2><ul class=\"wp-block-list\">\n<li><a href=\"https:\/\/vestibulares.estrategia.com\/portal\/atualidades-e-dicas\/9-questoes-sobre-revolucao-industrial-que-ja-cairam-no-enem-e-demais-vestibulares\/\">9 quest&otilde;es sobre Revolu&ccedil;&atilde;o Industrial que j&aacute; ca&iacute;ram no Enem e demais vestibulares<\/a><\/li>\n\n\n\n<li><a href=\"https:\/\/vestibulares.estrategia.com\/portal\/atualidades-e-dicas\/independencia-do-brasil-11-questoes-sobre-a-data-que-ja-cairam-nos-vestibulares\/\">Independ&ecirc;ncia do Brasil: 11 quest&otilde;es sobre a data que j&aacute; ca&iacute;ram nos vestibulares<\/a><\/li>\n\n\n\n<li><a href=\"https:\/\/vestibulares.estrategia.com\/portal\/atualidades-e-dicas\/questoes-sobre-racismo\/\">11 quest&otilde;es sobre racismo que podem cair ou j&aacute; ca&iacute;ram no vestibular<\/a><\/li>\n\n\n\n<li><a href=\"https:\/\/vestibulares.estrategia.com\/portal\/atualidades-e-dicas\/dia-do-soldado-9-questoes-sobre-guerras-que-cairam-nos-vestibulares\/\">Dia do soldado: 9 quest&otilde;es sobre guerras que ca&iacute;ram nos vestibulares<\/a><\/li>\n\n\n\n<li><a href=\"https:\/\/vestibulares.estrategia.com\/portal\/atualidades-e-dicas\/15-questoes-sobre-filmes-brasileiros-que-ja-cairam-nos-vestibulares\/\">15 quest&otilde;es sobre filmes brasileiros que j&aacute; ca&iacute;ram nos vestibulares<\/a><\/li>\n\n\n\n<li><a href=\"https:\/\/vestibulares.estrategia.com\/portal\/atualidades-e-dicas\/9-questoes-sobre-genetica-que-ja-cairam-nos-vestibulares-e-enem\/\">9 quest&otilde;es sobre gen&eacute;tica que j&aacute; ca&iacute;ram nos vestibulares e Enem<\/a><\/li>\n\n\n\n<li><a href=\"https:\/\/vestibulares.estrategia.com\/portal\/atualidades-e-dicas\/11-questoes-sobre-aquecimento-global-que-ja-cairam-nos-vestibulares\/\">11 quest&otilde;es sobre aquecimento global que j&aacute; ca&iacute;ram nos vestibulares<\/a><\/li>\n\n\n\n<li><a href=\"https:\/\/vestibulares.estrategia.com\/portal\/atualidades-e-dicas\/9-questoes-sobre-genetica-que-ja-cairam-nos-vestibulares-e-enem\/\">9 quest&otilde;es sobre gen&eacute;tica que j&aacute; ca&iacute;ram nos vestibulares e Enem<\/a><\/li>\n\n\n\n<li><a href=\"https:\/\/vestibulares.estrategia.com\/portal\/atualidades-e-dicas\/7-questoes-sobre-platao-e-o-mito-da-caverna\/\">7 quest&otilde;es sobre Plat&atilde;o e o mito da caverna<\/a><\/li>\n\n\n\n<li><a href=\"https:\/\/vestibulares.estrategia.com\/portal\/atualidades-e-dicas\/11-questoes-sobre-revolucao-francesa-que-ja-cairam-nos-vestibulares-e-no-enem\/\">11 quest&otilde;es sobre Revolu&ccedil;&atilde;o Francesa que j&aacute; ca&iacute;ram nos vestibulares e no Enem<\/a><\/li>\n<\/ul><h2 class=\"wp-block-heading\" id=\"h-prepare-se-para-a-prova-com-o-estrategia-vestibulares\"><span class=\"ez-toc-section\" id=\"Prepare-se-para-a-prova-com-o-Estrategia-Vestibulares\"><\/span>Prepare-se para a prova com o Estrat&eacute;gia Vestibulares&nbsp;<span class=\"ez-toc-section-end\"><\/span><\/h2><p>O Estrat&eacute;gia Vestibulares oferece diariamente aulas gratuitas no YouTube sobre todas as mat&eacute;rias que caem nos principais vestibulares do Brasil!&nbsp;<\/p><p>Al&eacute;m disso, para aqueles que querem investir nos estudos, a plataforma tamb&eacute;m oferece cursos preparat&oacute;rios focados em cada uma das bancas, com professores especialistas na prova e com diversos benef&iacute;cios. D&aacute; s&oacute; uma olhada:&nbsp;<\/p><ul class=\"wp-block-list\">\n<li>Curso com livros digitais;<\/li>\n\n\n\n<li>Corre&ccedil;&atilde;o ilimitada de reda&ccedil;&otilde;es;<\/li>\n\n\n\n<li>F&oacute;rum de d&uacute;vidas;<\/li>\n\n\n\n<li>Simulados com quest&otilde;es in&eacute;ditas;<\/li>\n\n\n\n<li>Quest&otilde;es comentadas;<\/li>\n\n\n\n<li>Mapas mentais; e<\/li>\n\n\n\n<li>Entre muitas outras vantagens.<\/li>\n<\/ul><p>Ficou interessado? Ent&atilde;o, clique no banner e veja tudo sobre os cursos oferecidos pelo Estrat&eacute;gia Vestibulares!<\/p><p>\n\n\n\n\n\n<a id=\"cta\" class=\"cta-imagem\" href=\"https:\/\/vestibulares.estrategia.com\/curso\/banco-de-questes-anual\/\" target=\"blank\">\n                <img decoding=\"async\" width=\"100%\" src=\"https:\/\/vestibulares.estrategia.com\/portal\/wp-content\/uploads\/2021\/05\/BANNER_CRM_BQEV_V1.jpg\" alt=\"Banco de Quest\u00f5es EV\" title=\"BANNER_CRM_BQEV_V1\">\n        <\/a>\n\n\n<\/p><\/p>\n","protected":false},"excerpt":{"rendered":"Confira como os blocos econ\u00f4micos podem ser cobrados nos vestibulares com quest\u00f5es retiradas diretamente do nosso Banco de Quest\u00f5es\n","protected":false},"author":51,"featured_media":96772,"comment_status":"closed","ping_status":"closed","sticky":false,"template":"","format":"standard","meta":{"wl_entities_gutenberg":"","footnotes":""},"categories":[46],"tags":[],"wl_entity_type":[732],"class_list":{"0":"post-96771","1":"post","2":"type-post","3":"status-publish","4":"format-standard","5":"has-post-thumbnail","7":"category-atualidades-e-dicas","8":"wl_entity_type-article"},"acf":[],"yoast_head":"<!-- This site is optimized with the Yoast SEO Premium plugin v25.9 (Yoast SEO v25.9) - https:\/\/yoast.com\/wordpress\/plugins\/seo\/ -->\n<title>11 quest\u00f5es sobre blocos econ\u00f4micos que j\u00e1 ca\u00edram nos vestibulares e no Enem<\/title>\n<meta name=\"description\" content=\"O Estrat\u00e9gia Vestibulares separou algumas quest\u00f5es sobre blocos econ\u00f4micos que j\u00e1 foram cobrados nos vestibulares e no Enem. Confira agora.\" \/>\n<meta name=\"robots\" content=\"index, follow, max-snippet:-1, max-image-preview:large, max-video-preview:-1\" \/>\n<link rel=\"canonical\" href=\"https:\/\/vestibulares.estrategia.com\/portal\/atualidades-e-dicas\/questoes-sobre-blocos-economicos\/\" \/>\n<meta property=\"og:locale\" content=\"pt_BR\" \/>\n<meta property=\"og:type\" content=\"article\" \/>\n<meta property=\"og:title\" content=\"11 quest\u00f5es sobre blocos econ\u00f4micos que j\u00e1 ca\u00edram nos vestibulares e no Enem\" \/>\n<meta property=\"og:description\" content=\"O Estrat\u00e9gia Vestibulares separou algumas quest\u00f5es sobre blocos econ\u00f4micos que j\u00e1 foram cobrados nos vestibulares e no Enem. Confira agora.\" \/>\n<meta property=\"og:url\" content=\"https:\/\/vestibulares.estrategia.com\/portal\/atualidades-e-dicas\/questoes-sobre-blocos-economicos\/\" \/>\n<meta property=\"og:site_name\" content=\"Estrat\u00e9gia Vestibulares\" \/>\n<meta property=\"article:publisher\" content=\"https:\/\/facebook.com\/estrategiavestibulares\" \/>\n<meta property=\"article:published_time\" content=\"2023-08-03T19:20:08+00:00\" \/>\n<meta property=\"article:modified_time\" content=\"2023-08-18T20:08:12+00:00\" \/>\n<meta property=\"og:image\" content=\"https:\/\/cdn.blog.estrategiavestibulares.com.br\/vestibulares\/wp-content\/uploads\/2023\/08\/Mercosul-blocos-economicos.jpg\" \/>\n\t<meta property=\"og:image:width\" content=\"1920\" \/>\n\t<meta property=\"og:image:height\" content=\"1280\" \/>\n\t<meta property=\"og:image:type\" content=\"image\/jpeg\" \/>\n<meta name=\"author\" content=\"Larrani Ferreira\" \/>\n<meta name=\"twitter:card\" content=\"summary_large_image\" \/>\n<meta name=\"twitter:creator\" content=\"@Estrategiavest\" \/>\n<meta name=\"twitter:site\" content=\"@Estrategiavest\" \/>\n<meta name=\"twitter:label1\" content=\"Escrito por\" \/>\n\t<meta name=\"twitter:data1\" content=\"Larrani Ferreira\" \/>\n\t<meta name=\"twitter:label2\" content=\"Est. tempo de leitura\" \/>\n\t<meta name=\"twitter:data2\" content=\"14 minutos\" \/>\n<script type=\"application\/ld+json\" class=\"yoast-schema-graph\">{\"@context\":\"https:\/\/schema.org\",\"@graph\":[{\"@type\":\"Article\",\"@id\":\"https:\/\/vestibulares.estrategia.com\/portal\/atualidades-e-dicas\/questoes-sobre-blocos-economicos\/#article\",\"isPartOf\":{\"@id\":\"https:\/\/vestibulares.estrategia.com\/portal\/atualidades-e-dicas\/questoes-sobre-blocos-economicos\/\"},\"author\":{\"name\":\"Larrani Ferreira\",\"@id\":\"https:\/\/vestibulares.estrategia.com\/portal\/#\/schema\/person\/98d0c0e22d6d89b480aa1929f0e64ec5\"},\"headline\":\"11 quest\u00f5es sobre blocos econ\u00f4micos que j\u00e1 ca\u00edram nos vestibulares e no Enem\",\"datePublished\":\"2023-08-03T19:20:08+00:00\",\"dateModified\":\"2023-08-18T20:08:12+00:00\",\"mainEntityOfPage\":{\"@id\":\"https:\/\/vestibulares.estrategia.com\/portal\/atualidades-e-dicas\/questoes-sobre-blocos-economicos\/\"},\"wordCount\":2804,\"publisher\":{\"@id\":\"https:\/\/vestibulares.estrategia.com\/portal\/#organization\"},\"image\":{\"@id\":\"https:\/\/vestibulares.estrategia.com\/portal\/atualidades-e-dicas\/questoes-sobre-blocos-economicos\/#primaryimage\"},\"thumbnailUrl\":\"https:\/\/vestibulares.estrategia.com\/portal\/wp-content\/uploads\/2023\/08\/Mercosul-blocos-economicos.jpg\",\"articleSection\":[\"Atualidades e Dicas\"],\"inLanguage\":\"pt-BR\"},{\"@type\":\"WebPage\",\"@id\":\"https:\/\/vestibulares.estrategia.com\/portal\/atualidades-e-dicas\/questoes-sobre-blocos-economicos\/\",\"url\":\"https:\/\/vestibulares.estrategia.com\/portal\/atualidades-e-dicas\/questoes-sobre-blocos-economicos\/\",\"name\":\"11 quest\u00f5es sobre blocos econ\u00f4micos que j\u00e1 ca\u00edram nos vestibulares e no Enem\",\"isPartOf\":{\"@id\":\"https:\/\/vestibulares.estrategia.com\/portal\/#website\"},\"primaryImageOfPage\":{\"@id\":\"https:\/\/vestibulares.estrategia.com\/portal\/atualidades-e-dicas\/questoes-sobre-blocos-economicos\/#primaryimage\"},\"image\":{\"@id\":\"https:\/\/vestibulares.estrategia.com\/portal\/atualidades-e-dicas\/questoes-sobre-blocos-economicos\/#primaryimage\"},\"thumbnailUrl\":\"https:\/\/vestibulares.estrategia.com\/portal\/wp-content\/uploads\/2023\/08\/Mercosul-blocos-economicos.jpg\",\"datePublished\":\"2023-08-03T19:20:08+00:00\",\"dateModified\":\"2023-08-18T20:08:12+00:00\",\"description\":\"O Estrat\u00e9gia Vestibulares separou algumas quest\u00f5es sobre blocos econ\u00f4micos que j\u00e1 foram cobrados nos vestibulares e no Enem. Confira agora.\",\"breadcrumb\":{\"@id\":\"https:\/\/vestibulares.estrategia.com\/portal\/atualidades-e-dicas\/questoes-sobre-blocos-economicos\/#breadcrumb\"},\"inLanguage\":\"pt-BR\",\"potentialAction\":[{\"@type\":\"ReadAction\",\"target\":[\"https:\/\/vestibulares.estrategia.com\/portal\/atualidades-e-dicas\/questoes-sobre-blocos-economicos\/\"]}]},{\"@type\":\"ImageObject\",\"inLanguage\":\"pt-BR\",\"@id\":\"https:\/\/vestibulares.estrategia.com\/portal\/atualidades-e-dicas\/questoes-sobre-blocos-economicos\/#primaryimage\",\"url\":\"https:\/\/vestibulares.estrategia.com\/portal\/wp-content\/uploads\/2023\/08\/Mercosul-blocos-economicos.jpg\",\"contentUrl\":\"https:\/\/vestibulares.estrategia.com\/portal\/wp-content\/uploads\/2023\/08\/Mercosul-blocos-economicos.jpg\",\"width\":1920,\"height\":1280,\"caption\":\"Mercosul Bloco Econ\u00f4mico\"},{\"@type\":\"BreadcrumbList\",\"@id\":\"https:\/\/vestibulares.estrategia.com\/portal\/atualidades-e-dicas\/questoes-sobre-blocos-economicos\/#breadcrumb\",\"itemListElement\":[{\"@type\":\"ListItem\",\"position\":1,\"name\":\"Home\",\"item\":\"https:\/\/vestibulares.estrategia.com\/portal\/\"},{\"@type\":\"ListItem\",\"position\":2,\"name\":\"Atualidades e Dicas\",\"item\":\"https:\/\/vestibulares.estrategia.com\/portal\/atualidades-e-dicas\/\"},{\"@type\":\"ListItem\",\"position\":3,\"name\":\"11 quest\u00f5es sobre blocos econ\u00f4micos que j\u00e1 ca\u00edram nos vestibulares e no Enem\"}]},{\"@type\":\"WebSite\",\"@id\":\"https:\/\/vestibulares.estrategia.com\/portal\/#website\",\"url\":\"https:\/\/vestibulares.estrategia.com\/portal\/\",\"name\":\"Estrat\u00e9gia Vestibulares\",\"description\":\"\",\"publisher\":{\"@id\":\"https:\/\/vestibulares.estrategia.com\/portal\/#organization\"},\"potentialAction\":[{\"@type\":\"SearchAction\",\"target\":{\"@type\":\"EntryPoint\",\"urlTemplate\":\"https:\/\/vestibulares.estrategia.com\/portal\/?s={search_term_string}\"},\"query-input\":{\"@type\":\"PropertyValueSpecification\",\"valueRequired\":true,\"valueName\":\"search_term_string\"}}],\"inLanguage\":\"pt-BR\"},{\"@type\":\"Organization\",\"@id\":\"https:\/\/vestibulares.estrategia.com\/portal\/#organization\",\"name\":\"Estrat\u00e9gia Vestibulares\",\"url\":\"https:\/\/vestibulares.estrategia.com\/portal\/\",\"logo\":{\"@type\":\"ImageObject\",\"inLanguage\":\"pt-BR\",\"@id\":\"https:\/\/vestibulares.estrategia.com\/portal\/#\/schema\/logo\/image\/\",\"url\":\"https:\/\/vestibulares.estrategia.com\/portal\/wp-content\/uploads\/2021\/06\/Logo-Vestibulares@4x.png\",\"contentUrl\":\"https:\/\/vestibulares.estrategia.com\/portal\/wp-content\/uploads\/2021\/06\/Logo-Vestibulares@4x.png\",\"width\":250,\"height\":66,\"caption\":\"Estrat\u00e9gia Vestibulares\"},\"image\":{\"@id\":\"https:\/\/vestibulares.estrategia.com\/portal\/#\/schema\/logo\/image\/\"},\"sameAs\":[\"https:\/\/facebook.com\/estrategiavestibulares\",\"https:\/\/x.com\/Estrategiavest\",\"https:\/\/www.instagram.com\/estrategiavestibulares\",\"https:\/\/www.youtube.com\/channel\/UCGWdZy8ULI-7_5GrABa4vNA\"]},{\"@type\":\"Person\",\"@id\":\"https:\/\/vestibulares.estrategia.com\/portal\/#\/schema\/person\/98d0c0e22d6d89b480aa1929f0e64ec5\",\"name\":\"Larrani Ferreira\",\"image\":{\"@type\":\"ImageObject\",\"inLanguage\":\"pt-BR\",\"@id\":\"https:\/\/vestibulares.estrategia.com\/portal\/#\/schema\/person\/image\/\",\"url\":\"https:\/\/vestibulares.estrategia.com\/portal\/wp-content\/uploads\/2026\/02\/WhatsApp-Image-2026-02-05-at-14.26.13-150x150.jpeg\",\"contentUrl\":\"https:\/\/vestibulares.estrategia.com\/portal\/wp-content\/uploads\/2026\/02\/WhatsApp-Image-2026-02-05-at-14.26.13-150x150.jpeg\",\"caption\":\"Larrani Ferreira\"},\"description\":\"Jornalista e Mestranda em Comunica\u00e7\u00e3o Intercultural nas Organiza\u00e7\u00f5es\",\"url\":\"https:\/\/vestibulares.estrategia.com\/portal\/author\/larranioliveira\/\"}]}<\/script>\n<!-- \/ Yoast SEO Premium plugin. -->","yoast_head_json":{"title":"11 quest\u00f5es sobre blocos econ\u00f4micos que j\u00e1 ca\u00edram nos vestibulares e no Enem","description":"O Estrat\u00e9gia Vestibulares separou algumas quest\u00f5es sobre blocos econ\u00f4micos que j\u00e1 foram cobrados nos vestibulares e no Enem. Confira agora.","robots":{"index":"index","follow":"follow","max-snippet":"max-snippet:-1","max-image-preview":"max-image-preview:large","max-video-preview":"max-video-preview:-1"},"canonical":"https:\/\/vestibulares.estrategia.com\/portal\/atualidades-e-dicas\/questoes-sobre-blocos-economicos\/","og_locale":"pt_BR","og_type":"article","og_title":"11 quest\u00f5es sobre blocos econ\u00f4micos que j\u00e1 ca\u00edram nos vestibulares e no Enem","og_description":"O Estrat\u00e9gia Vestibulares separou algumas quest\u00f5es sobre blocos econ\u00f4micos que j\u00e1 foram cobrados nos vestibulares e no Enem. Confira agora.","og_url":"https:\/\/vestibulares.estrategia.com\/portal\/atualidades-e-dicas\/questoes-sobre-blocos-economicos\/","og_site_name":"Estrat\u00e9gia Vestibulares","article_publisher":"https:\/\/facebook.com\/estrategiavestibulares","article_published_time":"2023-08-03T19:20:08+00:00","article_modified_time":"2023-08-18T20:08:12+00:00","og_image":[{"width":1920,"height":1280,"url":"https:\/\/cdn.blog.estrategiavestibulares.com.br\/vestibulares\/wp-content\/uploads\/2023\/08\/Mercosul-blocos-economicos.jpg","type":"image\/jpeg"}],"author":"Larrani Ferreira","twitter_card":"summary_large_image","twitter_creator":"@Estrategiavest","twitter_site":"@Estrategiavest","twitter_misc":{"Escrito por":"Larrani Ferreira","Est. tempo de leitura":"14 minutos"},"schema":{"@context":"https:\/\/schema.org","@graph":[{"@type":"Article","@id":"https:\/\/vestibulares.estrategia.com\/portal\/atualidades-e-dicas\/questoes-sobre-blocos-economicos\/#article","isPartOf":{"@id":"https:\/\/vestibulares.estrategia.com\/portal\/atualidades-e-dicas\/questoes-sobre-blocos-economicos\/"},"author":{"name":"Larrani Ferreira","@id":"https:\/\/vestibulares.estrategia.com\/portal\/#\/schema\/person\/98d0c0e22d6d89b480aa1929f0e64ec5"},"headline":"11 quest\u00f5es sobre blocos econ\u00f4micos que j\u00e1 ca\u00edram nos vestibulares e no Enem","datePublished":"2023-08-03T19:20:08+00:00","dateModified":"2023-08-18T20:08:12+00:00","mainEntityOfPage":{"@id":"https:\/\/vestibulares.estrategia.com\/portal\/atualidades-e-dicas\/questoes-sobre-blocos-economicos\/"},"wordCount":2804,"publisher":{"@id":"https:\/\/vestibulares.estrategia.com\/portal\/#organization"},"image":{"@id":"https:\/\/vestibulares.estrategia.com\/portal\/atualidades-e-dicas\/questoes-sobre-blocos-economicos\/#primaryimage"},"thumbnailUrl":"https:\/\/vestibulares.estrategia.com\/portal\/wp-content\/uploads\/2023\/08\/Mercosul-blocos-economicos.jpg","articleSection":["Atualidades e Dicas"],"inLanguage":"pt-BR"},{"@type":"WebPage","@id":"https:\/\/vestibulares.estrategia.com\/portal\/atualidades-e-dicas\/questoes-sobre-blocos-economicos\/","url":"https:\/\/vestibulares.estrategia.com\/portal\/atualidades-e-dicas\/questoes-sobre-blocos-economicos\/","name":"11 quest\u00f5es sobre blocos econ\u00f4micos que j\u00e1 ca\u00edram nos vestibulares e no Enem","isPartOf":{"@id":"https:\/\/vestibulares.estrategia.com\/portal\/#website"},"primaryImageOfPage":{"@id":"https:\/\/vestibulares.estrategia.com\/portal\/atualidades-e-dicas\/questoes-sobre-blocos-economicos\/#primaryimage"},"image":{"@id":"https:\/\/vestibulares.estrategia.com\/portal\/atualidades-e-dicas\/questoes-sobre-blocos-economicos\/#primaryimage"},"thumbnailUrl":"https:\/\/vestibulares.estrategia.com\/portal\/wp-content\/uploads\/2023\/08\/Mercosul-blocos-economicos.jpg","datePublished":"2023-08-03T19:20:08+00:00","dateModified":"2023-08-18T20:08:12+00:00","description":"O Estrat\u00e9gia Vestibulares separou algumas quest\u00f5es sobre blocos econ\u00f4micos que j\u00e1 foram cobrados nos vestibulares e no Enem. Confira agora.","breadcrumb":{"@id":"https:\/\/vestibulares.estrategia.com\/portal\/atualidades-e-dicas\/questoes-sobre-blocos-economicos\/#breadcrumb"},"inLanguage":"pt-BR","potentialAction":[{"@type":"ReadAction","target":["https:\/\/vestibulares.estrategia.com\/portal\/atualidades-e-dicas\/questoes-sobre-blocos-economicos\/"]}]},{"@type":"ImageObject","inLanguage":"pt-BR","@id":"https:\/\/vestibulares.estrategia.com\/portal\/atualidades-e-dicas\/questoes-sobre-blocos-economicos\/#primaryimage","url":"https:\/\/vestibulares.estrategia.com\/portal\/wp-content\/uploads\/2023\/08\/Mercosul-blocos-economicos.jpg","contentUrl":"https:\/\/vestibulares.estrategia.com\/portal\/wp-content\/uploads\/2023\/08\/Mercosul-blocos-economicos.jpg","width":1920,"height":1280,"caption":"Mercosul Bloco Econ\u00f4mico"},{"@type":"BreadcrumbList","@id":"https:\/\/vestibulares.estrategia.com\/portal\/atualidades-e-dicas\/questoes-sobre-blocos-economicos\/#breadcrumb","itemListElement":[{"@type":"ListItem","position":1,"name":"Home","item":"https:\/\/vestibulares.estrategia.com\/portal\/"},{"@type":"ListItem","position":2,"name":"Atualidades e Dicas","item":"https:\/\/vestibulares.estrategia.com\/portal\/atualidades-e-dicas\/"},{"@type":"ListItem","position":3,"name":"11 quest\u00f5es sobre blocos econ\u00f4micos que j\u00e1 ca\u00edram nos vestibulares e no Enem"}]},{"@type":"WebSite","@id":"https:\/\/vestibulares.estrategia.com\/portal\/#website","url":"https:\/\/vestibulares.estrategia.com\/portal\/","name":"Estrat\u00e9gia Vestibulares","description":"","publisher":{"@id":"https:\/\/vestibulares.estrategia.com\/portal\/#organization"},"potentialAction":[{"@type":"SearchAction","target":{"@type":"EntryPoint","urlTemplate":"https:\/\/vestibulares.estrategia.com\/portal\/?s={search_term_string}"},"query-input":{"@type":"PropertyValueSpecification","valueRequired":true,"valueName":"search_term_string"}}],"inLanguage":"pt-BR"},{"@type":"Organization","@id":"https:\/\/vestibulares.estrategia.com\/portal\/#organization","name":"Estrat\u00e9gia Vestibulares","url":"https:\/\/vestibulares.estrategia.com\/portal\/","logo":{"@type":"ImageObject","inLanguage":"pt-BR","@id":"https:\/\/vestibulares.estrategia.com\/portal\/#\/schema\/logo\/image\/","url":"https:\/\/vestibulares.estrategia.com\/portal\/wp-content\/uploads\/2021\/06\/Logo-Vestibulares@4x.png","contentUrl":"https:\/\/vestibulares.estrategia.com\/portal\/wp-content\/uploads\/2021\/06\/Logo-Vestibulares@4x.png","width":250,"height":66,"caption":"Estrat\u00e9gia Vestibulares"},"image":{"@id":"https:\/\/vestibulares.estrategia.com\/portal\/#\/schema\/logo\/image\/"},"sameAs":["https:\/\/facebook.com\/estrategiavestibulares","https:\/\/x.com\/Estrategiavest","https:\/\/www.instagram.com\/estrategiavestibulares","https:\/\/www.youtube.com\/channel\/UCGWdZy8ULI-7_5GrABa4vNA"]},{"@type":"Person","@id":"https:\/\/vestibulares.estrategia.com\/portal\/#\/schema\/person\/98d0c0e22d6d89b480aa1929f0e64ec5","name":"Larrani Ferreira","image":{"@type":"ImageObject","inLanguage":"pt-BR","@id":"https:\/\/vestibulares.estrategia.com\/portal\/#\/schema\/person\/image\/","url":"https:\/\/vestibulares.estrategia.com\/portal\/wp-content\/uploads\/2026\/02\/WhatsApp-Image-2026-02-05-at-14.26.13-150x150.jpeg","contentUrl":"https:\/\/vestibulares.estrategia.com\/portal\/wp-content\/uploads\/2026\/02\/WhatsApp-Image-2026-02-05-at-14.26.13-150x150.jpeg","caption":"Larrani Ferreira"},"description":"Jornalista e Mestranda em Comunica\u00e7\u00e3o Intercultural nas Organiza\u00e7\u00f5es","url":"https:\/\/vestibulares.estrategia.com\/portal\/author\/larranioliveira\/"}]}},"_wl_alt_label":[],"wl:entity_url":"https:\/\/data.wordlift.io\/wl110249\/post\/questoes-sobre-blocos-economicos","_links":{"self":[{"href":"https:\/\/vestibulares.estrategia.com\/portal\/wp-json\/wp\/v2\/posts\/96771","targetHints":{"allow":["GET"]}}],"collection":[{"href":"https:\/\/vestibulares.estrategia.com\/portal\/wp-json\/wp\/v2\/posts"}],"about":[{"href":"https:\/\/vestibulares.estrategia.com\/portal\/wp-json\/wp\/v2\/types\/post"}],"author":[{"embeddable":true,"href":"https:\/\/vestibulares.estrategia.com\/portal\/wp-json\/wp\/v2\/users\/51"}],"replies":[{"embeddable":true,"href":"https:\/\/vestibulares.estrategia.com\/portal\/wp-json\/wp\/v2\/comments?post=96771"}],"version-history":[{"count":3,"href":"https:\/\/vestibulares.estrategia.com\/portal\/wp-json\/wp\/v2\/posts\/96771\/revisions"}],"predecessor-version":[{"id":97714,"href":"https:\/\/vestibulares.estrategia.com\/portal\/wp-json\/wp\/v2\/posts\/96771\/revisions\/97714"}],"wp:featuredmedia":[{"embeddable":true,"href":"https:\/\/vestibulares.estrategia.com\/portal\/wp-json\/wp\/v2\/media\/96772"}],"wp:attachment":[{"href":"https:\/\/vestibulares.estrategia.com\/portal\/wp-json\/wp\/v2\/media?parent=96771"}],"wp:term":[{"taxonomy":"category","embeddable":true,"href":"https:\/\/vestibulares.estrategia.com\/portal\/wp-json\/wp\/v2\/categories?post=96771"},{"taxonomy":"post_tag","embeddable":true,"href":"https:\/\/vestibulares.estrategia.com\/portal\/wp-json\/wp\/v2\/tags?post=96771"},{"taxonomy":"wl_entity_type","embeddable":true,"href":"https:\/\/vestibulares.estrategia.com\/portal\/wp-json\/wp\/v2\/wl_entity_type?post=96771"}],"curies":[{"name":"wp","href":"https:\/\/api.w.org\/{rel}","templated":true}]}}