{"id":96911,"date":"2023-08-07T10:16:56","date_gmt":"2023-08-07T13:16:56","guid":{"rendered":"https:\/\/vestibulares.estrategia.com\/portal\/?p=96911"},"modified":"2023-08-18T16:20:23","modified_gmt":"2023-08-18T19:20:23","slug":"dados-do-censo-que-podem-cair-no-vestibular","status":"publish","type":"post","link":"https:\/\/vestibulares.estrategia.com\/portal\/atualidades-e-dicas\/dados-do-censo-que-podem-cair-no-vestibular\/","title":{"rendered":"Dados do Censo 2022 que podem cair no vestibular"},"content":{"rendered":"<p>O Instituto Brasileiro de Geografia e Estat&iacute;stica (IBGE) divulgou no final do m&ecirc;s de junho de 2023 os primeiros resultados do Censo realizado em 2022. As informa&ccedil;&otilde;es preliminares s&atilde;o sobre o tamanho da popula&ccedil;&atilde;o, o n&uacute;mero de domic&iacute;lios, a densidade demogr&aacute;fica e outros, todos relativos ao m&ecirc;s de agosto do ano passado. A expectativa do IBGE &eacute; divulgar todos os resultados da pesquisa at&eacute; o ano de 2025.<p>O Censo 2022 foi o primeiro a ser realizado depois do intervalo de dez anos entre uma pesquisa e outra. Outra novidade da edi&ccedil;&atilde;o &eacute; a contabiliza&ccedil;&atilde;o da popula&ccedil;&atilde;o quilombola pela primeira vez desde que o estudo foi criado.<\/p><p>Confira, a seguir, as primeiras informa&ccedil;&otilde;es sobre as caracter&iacute;sticas populacionais do Brasil nos &uacute;ltimos 12 anos e esteja bem preparado paras as provas de Geografia e Atualidades no vestibular:<\/p><p>\n\n\n\n<div id=\"new-form\">\n\t<form id=\"forms_layout\">\n\t<input type=\"hidden\" id=\"chave_de\" name=\"chave_de\" value=\"01_EVEST_LEADS_TOTAIS\" \/>\n\t\t<input type=\"hidden\" id=\"mid\" name=\"mid\" value=\"515008983\" \/>\n\t\t<input type=\"hidden\" id=\"Objetivo\" name=\"Objetivo\" value=\"Vestibulares\" \/>\n\t\t<input type=\"hidden\" id=\"Estado_de_Origem_do_IP\" name=\"Estado_de_Origem_do_IP\"  value=\"\" \/>\n\t\t<input type=\"hidden\" id=\"Cidade_de_Origem_do_IP\" name=\"Cidade_de_Origem_do_IP\" value=\"\" \/>\n\t\t<input type=\"hidden\" id=\"Modo_de_entrada\" name=\"Modo_de_entrada\" value=\"Portal\" \/>\n\t\t<input type=\"hidden\" id=\"Pagina_Origem\" name=\"Pagina_Origem\" value=\"\" \/>\n\n\t\t<div class=\"texto\">\n\t\t\t<h3 class=\"news\">Inscreva-se em nossa newsletter\ud83e\udd89<\/h3>\n\t\t\t<p>Receba dicas de estudo gratuitas e saiba em primeira m\u00e3o as novidades sobre o Enem, Sisu, Encceja, Fuvest e outros vestibulares!<\/p>\n\t\t<\/div>\n\t\t<div class=\"campos\">\n\t\t\t<div class=\"first_name labels\">\n\t\t\t\t<input type=\"text\" class=\"input_labels\" id=\"first_name\" name=\"Nome_Completo\" placeholder=\"Nome\" required \/>\n\t\t\t<\/div>\n\t\t\t<div class=\"email labels\">\n\t\t\t\t<input type=\"email\" class=\"input_labels\" id=\"email\" name=\"Email\" placeholder=\"E-mail\" required \/>\n\t\t\t<\/div>\n\t\t\t<button type=\"submit\" class=\"button_layout\">\n\t\t\t\t<div id=\"lblBotao\">Inscreva-se<\/div>\n\t\t\t\t<span id=\"divSpiner\" class=\"loader\" role=\"status\" style=\"display: none;\"><\/span>\t\n\t\t\t<\/button>\n\t\t<\/div><!-- \/campos -->\n\t\t\n\t\t<label class=\"container_checkbox\">Voc\u00ea concorda com a nossa\n\t\t\t<a class=\"politics_privacy_ahref\" target=\"_blank\" href=\"https:\/\/gratis.estrategiaconcursos.com.br\/politica-de-privacidade\/\">Pol\u00edtica de Privacidade<\/a> e aceita receber informa\u00e7\u00f5es adicionais do Estrat\u00e9gia Educacional.\n\t\t\t<input id=\"checkbox_layout\" type=\"checkbox\" checked=\"checked\" required \/>\n\t\t\t<span class=\"checkbox\"><\/span>\n\t\t<\/label>\n\t\t<div id=\"msg\"><\/div>\n\t\t<div id=\"error\" class=\"error\">\n\t\t<\/div>\n\t<\/form>\n<\/div><!-- \/new-form -->\n\n\n\n<\/p><div id=\"ez-toc-container\" class=\"ez-toc-v2_0_76 counter-hierarchy ez-toc-counter ez-toc-transparent ez-toc-container-direction\">\n<div class=\"ez-toc-title-container\"><p class=\"ez-toc-title\" style=\"cursor:inherit\">Navegue pelo conte\u00fado<\/p>\n<\/div><nav><ul class='ez-toc-list ez-toc-list-level-1 ' ><li class='ez-toc-page-1 ez-toc-heading-level-2'><a class=\"ez-toc-link ez-toc-heading-1\" href=\"https:\/\/vestibulares.estrategia.com\/portal\/atualidades-e-dicas\/dados-do-censo-que-podem-cair-no-vestibular\/#O-que-e-o-Censo\" >O que &eacute; o Censo?<\/a><\/li><li class='ez-toc-page-1 ez-toc-heading-level-2'><a class=\"ez-toc-link ez-toc-heading-2\" href=\"https:\/\/vestibulares.estrategia.com\/portal\/atualidades-e-dicas\/dados-do-censo-que-podem-cair-no-vestibular\/#Quais-dados-o-Censo-coletou\" >Quais dados o Censo coletou?<\/a><\/li><li class='ez-toc-page-1 ez-toc-heading-level-2'><a class=\"ez-toc-link ez-toc-heading-3\" href=\"https:\/\/vestibulares.estrategia.com\/portal\/atualidades-e-dicas\/dados-do-censo-que-podem-cair-no-vestibular\/#Crescimento-da-populacao\" >Crescimento da popula&ccedil;&atilde;o<\/a><\/li><li class='ez-toc-page-1 ez-toc-heading-level-2'><a class=\"ez-toc-link ez-toc-heading-4\" href=\"https:\/\/vestibulares.estrategia.com\/portal\/atualidades-e-dicas\/dados-do-censo-que-podem-cair-no-vestibular\/#Reducao-de-habitantes-nas-capitais\" >Redu&ccedil;&atilde;o de habitantes nas capitais<\/a><\/li><li class='ez-toc-page-1 ez-toc-heading-level-2'><a class=\"ez-toc-link ez-toc-heading-5\" href=\"https:\/\/vestibulares.estrategia.com\/portal\/atualidades-e-dicas\/dados-do-censo-que-podem-cair-no-vestibular\/#Cidades-mais-populosas\" >Cidades mais populosas<\/a><\/li><li class='ez-toc-page-1 ez-toc-heading-level-2'><a class=\"ez-toc-link ez-toc-heading-6\" href=\"https:\/\/vestibulares.estrategia.com\/portal\/atualidades-e-dicas\/dados-do-censo-que-podem-cair-no-vestibular\/#Cidades-menos-populosas\" >Cidades menos populosas<\/a><\/li><li class='ez-toc-page-1 ez-toc-heading-level-2'><a class=\"ez-toc-link ez-toc-heading-7\" href=\"https:\/\/vestibulares.estrategia.com\/portal\/atualidades-e-dicas\/dados-do-censo-que-podem-cair-no-vestibular\/#Media-de-moradores-por-domicilio\" >M&eacute;dia de moradores por domic&iacute;lio<\/a><\/li><li class='ez-toc-page-1 ez-toc-heading-level-2'><a class=\"ez-toc-link ez-toc-heading-8\" href=\"https:\/\/vestibulares.estrategia.com\/portal\/atualidades-e-dicas\/dados-do-censo-que-podem-cair-no-vestibular\/#Ocupacao-de-domicilios\" >Ocupa&ccedil;&atilde;o de domic&iacute;lios<\/a><\/li><li class='ez-toc-page-1 ez-toc-heading-level-2'><a class=\"ez-toc-link ez-toc-heading-9\" href=\"https:\/\/vestibulares.estrategia.com\/portal\/atualidades-e-dicas\/dados-do-censo-que-podem-cair-no-vestibular\/#Densidade-demografica\" >Densidade demogr&aacute;fica&nbsp;<\/a><\/li><li class='ez-toc-page-1 ez-toc-heading-level-2'><a class=\"ez-toc-link ez-toc-heading-10\" href=\"https:\/\/vestibulares.estrategia.com\/portal\/atualidades-e-dicas\/dados-do-censo-que-podem-cair-no-vestibular\/#Populacao-quilombola\" >Popula&ccedil;&atilde;o quilombola<\/a><\/li><li class='ez-toc-page-1 ez-toc-heading-level-2'><a class=\"ez-toc-link ez-toc-heading-11\" href=\"https:\/\/vestibulares.estrategia.com\/portal\/atualidades-e-dicas\/dados-do-censo-que-podem-cair-no-vestibular\/#Conquiste-a-aprovacao-estudando-com-o-Estrategia-Vestibulares\" >Conquiste a aprova&ccedil;&atilde;o estudando com o Estrat&eacute;gia Vestibulares&nbsp;<\/a><\/li><\/ul><\/nav><\/div>\n<h2 class=\"wp-block-heading\" id=\"h-o-que-e-o-censo\"><span class=\"ez-toc-section\" id=\"O-que-e-o-Censo\"><\/span>O que &eacute; o Censo?<span class=\"ez-toc-section-end\"><\/span><\/h2><p>Realizado pela primeira vez ainda durante o Brasil Imp&eacute;rio, em 1872, o Censo &eacute; uma pesquisa, atualmente realizada pelo IBGE, que realiza coleta de dados sobre as caracter&iacute;sticas da popula&ccedil;&atilde;o brasileira em todo o territ&oacute;rio nacional, incluindo localidades ultramarinas como a o distrito de Fernando de Noronha.&nbsp;<\/p><p>Seu objetivo &eacute; contabilizar a popula&ccedil;&atilde;o brasileira e tra&ccedil;ar perfis socioecon&ocirc;micos. &Eacute; com base nos dados coletados pelo Censo que diversas pol&iacute;ticas p&uacute;blicas podem ser implementadas, como a Lei de Cotas, por exemplo, que considera o perfil populacional de cada localidade para reservar vagas proporcionais a habitantes pretos, pardos e ind&iacute;genas.&nbsp;<\/p><p>O Censo &eacute; realizado a cada dez anos e visita todos os domic&iacute;lios do Brasil, incluindo em comunidades tradicionais como as ind&iacute;genas. A edi&ccedil;&atilde;o 2022, feita 12 anos depois de sua antecessora, foi atrasada pela pandemia de Covid-19 e por quest&otilde;es or&ccedil;ament&aacute;rias e de log&iacute;stica.&nbsp;<\/p><h2 class=\"wp-block-heading\" id=\"h-quais-dados-o-censo-coletou\"><span class=\"ez-toc-section\" id=\"Quais-dados-o-Censo-coletou\"><\/span>Quais dados o Censo coletou?<span class=\"ez-toc-section-end\"><\/span><\/h2><p>Os agentes respons&aacute;veis por coletar as informa&ccedil;&otilde;es nos domic&iacute;lios usaram dois tipos de question&aacute;rio: o B&aacute;sico, com 26 quesitos; e o Ampliado, com 77 quesitos, que era usado aleatoriamente e foi respondido por cerca de 11% dos domic&iacute;lios.<\/p><ul class=\"wp-block-list\">\n<li><strong>Question&aacute;rio B&aacute;sico: <\/strong>colheu informa&ccedil;&otilde;es sobre caracter&iacute;sticas dos moradores, como&nbsp; identifica&ccedil;&atilde;o &eacute;tnico-racial, estado civil, sexo, idade e n&iacute;vel de escolaridade. Haviam tamb&eacute;m perguntas sobre rendimentos, mortalidade, e caracter&iacute;sticas de saneamento b&aacute;sico dos domic&iacute;lios.&nbsp;&nbsp;<\/li>\n<\/ul><ul class=\"wp-block-list\">\n<li><strong>Question&aacute;rio Ampliado:<\/strong> al&eacute;m das perguntas do Question&aacute;rio B&aacute;sico, o Ampliado colheu informa&ccedil;&otilde;es sobre trabalho, rendimento, n&uacute;cleo familiar, fecundidade, nupcialidade, religi&atilde;o ou culto, pessoas com defici&ecirc;ncia, autismo, deslocamento para estudo e trabalho, migra&ccedil;&atilde;o interna e internacional.<\/li>\n<\/ul><p>De acordo com o IGBE, as informa&ccedil;&otilde;es coletadas nos domic&iacute;lios n&atilde;o podem vir &agrave; p&uacute;blico: &ldquo;Todas as informa&ccedil;&otilde;es coletadas s&atilde;o confidenciais, protegidas por sigilo e usadas exclusivamente para fins estat&iacute;sticos, conforme estabelece a legisla&ccedil;&atilde;o pertinente: Lei n&ordm; 5.534\/68, Lei n&ordm; 5.878\/73 e o Decreto n&ordm; 73.177\/73&Prime;, informa.<\/p><h2 class=\"wp-block-heading\" id=\"h-crescimento-da-populacao\"><span class=\"ez-toc-section\" id=\"Crescimento-da-populacao\"><\/span>Crescimento da popula&ccedil;&atilde;o<span class=\"ez-toc-section-end\"><\/span><\/h2><p>Com o n&uacute;mero total de 203.062.512 habitantes, a popula&ccedil;&atilde;o brasileira ficou abaixo das estimativas do IBGE. Em 2021, o instituto projetava o n&uacute;mero de 213 milh&otilde;es de habitantes, j&aacute; em dezembro de 2022, com base na pr&eacute;via do Censo, o n&uacute;mero estimado de brasileiros diminui para&nbsp; 207,7 milh&otilde;es.&nbsp;&nbsp;<\/p><p>Comparado &agrave; pesquisa de 2010, que contabilizou 190.755.799 de brasileiros, o crescimento populacional foi de 6,5%, ou 12.262.757 de pessoas, em n&uacute;meros absolutos.&nbsp;<\/p><p>A taxa de crescimento anual da popula&ccedil;&atilde;o durante os 12 anos que separam as pesquisas do Censo foi de 0,52%. Esse &eacute; o menor percentual de crescimento populacional desde 1872 quando o Censo iniciou a s&eacute;rie hist&oacute;rica.&nbsp;<\/p><p>Das 5.570 cidades brasileiras, 3.168 observaram crescimento no seu n&uacute;mero de habitantes entre 2010 e 2022. Ou seja, 56,9% dos munic&iacute;pios ganharam novos moradores. As regi&otilde;es que mais contribu&iacute;ram com o aumento da popula&ccedil;&atilde;o brasileira, mesmo que abaixo das proje&ccedil;&otilde;es, foram o Sudeste e Sul. No Sudeste, foram contabilizados&nbsp; 4.482.777 novos habitantes, enquanto no Sul o acr&eacute;scimo foi de 2.546.424 pessoas.&nbsp;<\/p><p class=\"wp-block-verse\"><strong>O que &eacute; a &ldquo;s&eacute;rie hist&oacute;rica&rdquo;?<\/strong><br><br>&ldquo;S&eacute;rie hist&oacute;rica&rdquo; ou &ldquo;s&eacute;rie temporal&rdquo; em uma pesquisa refere-se aos dados obtidos em intervalos regulares de tempo. No caso do Censo, s&atilde;o as informa&ccedil;&otilde;es coletadas a cada dez anos.&nbsp;&nbsp;<\/p><h2 class=\"wp-block-heading\" id=\"h-reducao-de-habitantes-nas-capitais\"><span class=\"ez-toc-section\" id=\"Reducao-de-habitantes-nas-capitais\"><\/span>Redu&ccedil;&atilde;o de habitantes nas capitais<span class=\"ez-toc-section-end\"><\/span><\/h2><p>Um dado in&eacute;dito na hist&oacute;ria do Brasil que foi observado pelo Censo &eacute; a queda no n&uacute;mero de habitantes de grandes cidades, sobretudo das capitais. Em 12 anos, Salvador perdeu 9,6% da sua popula&ccedil;&atilde;o, seguida de Recife, com queda de 3,2%, e Belo Horizonte, com menos 2,5% dos habitantes.<\/p><p>Na lista de recuo da popula&ccedil;&atilde;o, mas em menor porcentagem, tamb&eacute;m entraram as cidades do Rio de Janeiro e de Fortaleza, perdendo 1,7% e 1,0% de seus habitantes, respectivamente. Em contrapartida, a pesquisa do IBGE constatou um crescimento de 66,58% no n&uacute;mero de pessoas em cidades fora de grandes centros urbanos.<\/p><h2 class=\"wp-block-heading\" id=\"h-cidades-mais-populosas\"><span class=\"ez-toc-section\" id=\"Cidades-mais-populosas\"><\/span>Cidades mais populosas<span class=\"ez-toc-section-end\"><\/span><\/h2><p>A cidade com a maior popula&ccedil;&atilde;o do Brasil segue sendo S&atilde;o Paulo. A capital paulista apresentou um crescimento de 5,3% no n&uacute;mero de habitantes desde 2010. Confira o ranking das dez cidades mais populosas:<\/p><ul class=\"wp-block-list\">\n<li><strong>S&atilde;o Paulo (SP): <\/strong>11.451.245 habitantes;<\/li>\n\n\n\n<li><strong>Rio de Janeiro (RJ): <\/strong>6.211.423 habitantes;<\/li>\n\n\n\n<li><strong>Bras&iacute;lia (DF):<\/strong>&nbsp; 2.817.068 habitantes;<\/li>\n\n\n\n<li><strong>Fortaleza (CE):<\/strong> 2.428.678 habitantes;<\/li>\n\n\n\n<li><strong>Salvador (BA):<\/strong>&nbsp; 2.418.005 habitantes;<\/li>\n\n\n\n<li><strong>Belo Horizonte (MG):<\/strong> 2.315.560 habitantes;<\/li>\n\n\n\n<li><strong>Manaus (AM):<\/strong> 2.063.547 habitantes;<\/li>\n\n\n\n<li><strong>Curitiba (PR):<\/strong> 1.773.733 habitantes;<\/li>\n\n\n\n<li><strong>Recife (PE):<\/strong> 1.488.920 habitantes;<\/li>\n\n\n\n<li><strong>Goi&acirc;nia (GO):<\/strong> 1.437.237 habitantes.<\/li>\n<\/ul><h2 class=\"wp-block-heading\" id=\"h-cidades-menos-populosas\"><span class=\"ez-toc-section\" id=\"Cidades-menos-populosas\"><\/span>Cidades menos populosas<span class=\"ez-toc-section-end\"><\/span><\/h2><p>A cidade com a menor popula&ccedil;&atilde;o no Brasil tamb&eacute;m fica na Regi&atilde;o Sudeste, mas no estado de Minas Gerais. O munic&iacute;pio Serra da Saudade, a 270 km da capital Belo Horizonte, contabilizou apenas 833 habitantes no Censo. Veja os dez munic&iacute;pios com as menores popula&ccedil;&otilde;es do Brasil:<\/p><ul class=\"wp-block-list\">\n<li><strong>Serra da Saudade (MG)<\/strong>: 833 habitantes;<\/li>\n\n\n\n<li><strong>Bora (SP):<\/strong> 907 habitantes;<\/li>\n\n\n\n<li><strong>Anhanguera (GO):<\/strong> 924 habitantes;<\/li>\n\n\n\n<li><strong>Araguainha (MT):<\/strong> 1.010 habitantes;<\/li>\n\n\n\n<li><strong>Novo Castilho (SP): <\/strong>1.062 habitantes;<\/li>\n\n\n\n<li><strong>Cedro do Abaet&eacute; (MG): <\/strong>1.081 habitantes;<\/li>\n\n\n\n<li><strong>Andr&eacute; da Rocha (RS):<\/strong> 1.135 habitantes;<\/li>\n\n\n\n<li><strong>Oliveira de F&aacute;tima (TO): <\/strong>1.164 habitantes;<\/li>\n\n\n\n<li><strong>Uni&atilde;o da Serra (RS): <\/strong>&nbsp;1.170 habitantes;<\/li>\n\n\n\n<li><strong>S&atilde;o Sebasti&atilde;o do Rio Preto (MG): <\/strong>1.259 habitantes.<\/li>\n<\/ul><h2 class=\"wp-block-heading\" id=\"h-media-de-moradores-por-domicilio\"><span class=\"ez-toc-section\" id=\"Media-de-moradores-por-domicilio\"><\/span>M&eacute;dia de moradores por domic&iacute;lio<span class=\"ez-toc-section-end\"><\/span><\/h2><p>Os recenseadores, agentes respons&aacute;veis por coletar os dados do Censo, visitaram 90,7 milh&otilde;es de domic&iacute;lios. Um aumento de 34% em rela&ccedil;&atilde;o aos 67,5 milh&otilde;es da edi&ccedil;&atilde;o de 2010 da pesquisa.<\/p><p>Apesar do crescimento do n&uacute;mero de casas, a m&eacute;dia de moradores por domic&iacute;lio diminuiu, indo de 3,31 moradores por resid&ecirc;ncia em 2010, para 2,79 em 2022. O Censo ainda divulgou os estados com a maior e a menor m&eacute;dia de moradores por domic&iacute;lio, sendo Amazonas e Rio Grande do Sul, respectivamente.<\/p><p>Apesar de ter sofrido queda nos n&uacute;meros, em compara&ccedil;&atilde;o a &uacute;ltima pesquisa, o estado do Amazonas contabiliza uma m&eacute;dia de 3,64 moradores por casa. J&aacute; o Rio Grande do Sul, registrou 2,54 ocupantes por domic&iacute;lio.<\/p><h2 class=\"wp-block-heading\"><span class=\"ez-toc-section\" id=\"Ocupacao-de-domicilios\"><\/span><br>Ocupa&ccedil;&atilde;o de domic&iacute;lios<span class=\"ez-toc-section-end\"><\/span><\/h2><p>O Censo dividiu os 90,7 milh&otilde;es de domic&iacute;lios existentes no Brasil em diferentes categorias de ocupa&ccedil;&atilde;o: ocupados,&nbsp; vagos, de uso ocasional, improvisados e coletivos. Do total, 72,4 milh&otilde;es estavam ocupados durante a opera&ccedil;&atilde;o censit&aacute;ria, 105 mil eram moradias coletivas e 66 mil&nbsp; s&atilde;o domic&iacute;lios improvisados.<\/p><p>O n&uacute;mero de resid&ecirc;ncias vagas aumentou 87% de 2010 a 2022, chegando a&nbsp; 11,4 milh&otilde;es de im&oacute;veis. J&aacute; o percentual de domic&iacute;lios de uso ocasional saltou 70%, totalizando 6,7 milh&otilde;es desse tipo. Juntos na categoria de &ldquo;domic&iacute;lios particulares permanentes n&atilde;o ocupados&rdquo;, os dois tipos de domic&iacute;lios apresentaram aumento de 80%, chegando a 18 milh&otilde;es.<\/p><p>O IBGE ainda divulgou os tr&ecirc;s munic&iacute;pios brasileiros com o maior &iacute;ndice de casas desocupadas, todos localizados na Regi&atilde;o Nordeste: S&atilde;o Jo&atilde;o do Jaguaribe, no Cear&aacute;, com 29,1% de desocupa&ccedil;&atilde;o; Canavieira, no Piau&iacute;, com 28,1%; e Bom Sucesso, na Para&iacute;ba, que tem 27,2% dos im&oacute;veis vazios.<\/p><h2 class=\"wp-block-heading\" id=\"h-densidade-demografica\"><span class=\"ez-toc-section\" id=\"Densidade-demografica\"><\/span>Densidade demogr&aacute;fica&nbsp;<span class=\"ez-toc-section-end\"><\/span><\/h2><p>Com o crescimento do n&uacute;mero de habitantes, a densidade demogr&aacute;fica no Brasil subiu de&nbsp; 22,43 para 23,8 habitantes por quil&ocirc;metro quadrado (km&sup2;). Al&eacute;m disso, os dados reafirmaram a maior concentra&ccedil;&atilde;o de pessoas no litoral do Pa&iacute;s.&nbsp;<\/p><p>Os dados sobre a densidade tamb&eacute;m continuaram os mesmos no que toca a desigualdade entre as regi&otilde;es analisando a diferen&ccedil;a no tamanho dos territ&oacute;rios: Na Regi&atilde;o Norte, com territ&oacute;rio de 3.850.593 km&sup2; ou 45,2% da superf&iacute;cie territorial do Brasil, a densidade &eacute; de 4,5 hab\/km&sup2;, a menor nacionalmente.<\/p><p>Enquanto isso, a Regi&atilde;o Sudeste, que abriga a maior parte da popula&ccedil;&atilde;o brasileira e possui um territ&oacute;rio de 924.511 km&sup2;, ou 10,85% da por&ccedil;&atilde;o territorial, a densidade demogr&aacute;fica registrada foi de 91,8 hab\/km&sup2;. Veja as demais regi&otilde;es:<\/p><figure class=\"wp-block-table\"><table><tbody><tr><td><strong>Regi&atilde;o<\/strong><\/td><td><strong>Tamanho do territ&oacute;rio<\/strong><\/td><td><strong>Densidade demogr&aacute;fica<\/strong><\/td><\/tr><tr><td>Centro-Oeste<\/td><td>1.606.354 km&sup2; ou&nbsp; 18,86 % do Brasil<\/td><td>10,1 hab\/km<\/td><\/tr><tr><td>Nordeste&nbsp;<\/td><td>1.552.175 km&sup2; ou 18% do Brasil&nbsp;<\/td><td>35,2 hab\/km&sup2;<\/td><\/tr><tr><td>Sul<\/td><td>576.737 km&sup2; ou&nbsp; 6,76% do Brasil<\/td><td>51,9 hab\/km&sup2;<\/td><\/tr><\/tbody><\/table><\/figure><h2 class=\"wp-block-heading\" id=\"h-populacao-quilombola\"><span class=\"ez-toc-section\" id=\"Populacao-quilombola\"><\/span>Popula&ccedil;&atilde;o quilombola<span class=\"ez-toc-section-end\"><\/span><\/h2><p>O Censo 2022 foi o primeiro, desde sua cria&ccedil;&atilde;o h&aacute; 150 anos, a contabilizar a popula&ccedil;&atilde;o quilombola. Durante a pesquisa, os recenseadores visitaram 5.972 comunidades quilombolas e perguntaram aos seus habitantes sua cor ou ra&ccedil;a, se eles consideram-se quilombolas, e em caso afirmativo, qual era o nome da comunidade &agrave; qual pertenciam.<\/p><p>O total de pessoas contabilizadas que se autodeclaram como quilombolas foi de&nbsp; 1,32 milh&atilde;o, ou 0,65% do total da popula&ccedil;&atilde;o brasileira. O Censo contabilizou 473.970 domic&iacute;lios onde ao menos um dos moradores &eacute; quilombola, espalhados em&nbsp; 1.696&nbsp; cidades diferentes.<\/p><p>Os territ&oacute;rios oficialmente delimitados pelo Estado como quilombolas possuem 203.518 pessoas, e no total 167.202 s&atilde;o quilombolas. Nessas comunidades, foram contabilizados 12,6% do total de quilombolas do pa&iacute;s. A pesquisa ainda apontou que apenas&nbsp; 4,3% da popula&ccedil;&atilde;o quilombola vive em territ&oacute;rios que j&aacute; passaram por todo processo burocr&aacute;tico para serem reconhecidos como tal.<\/p><p>Os nove estados da Regi&atilde;o Nordeste s&atilde;o os que mais concentram a popula&ccedil;&atilde;o quilombola, com um n&uacute;mero de 905.415 pessoas autodeclaradas, ou 68,19% dos quilombolas brasileiros.&nbsp;<\/p><h2 class=\"wp-block-heading\" id=\"h-conquiste-a-aprovacao-estudando-com-o-estrategia-vestibulares\"><span class=\"ez-toc-section\" id=\"Conquiste-a-aprovacao-estudando-com-o-Estrategia-Vestibulares\"><\/span>Conquiste a aprova&ccedil;&atilde;o estudando com o Estrat&eacute;gia Vestibulares&nbsp;<span class=\"ez-toc-section-end\"><\/span><\/h2><p>Quer fazer parte do time de aprovados do Estrat&eacute;gia Vestibulares? Al&eacute;m de oferecer aulas e revis&otilde;es gratuitas no nosso canal no YouTube, a plataforma conta com cursos espec&iacute;ficos para as bancas dos principais vestibulares do Brasil, e muito mais vantagens:<\/p><ul class=\"wp-block-list\">\n<li>Livros digitais;<\/li>\n\n\n\n<li>Corre&ccedil;&atilde;o ilimitada de <a href=\"https:\/\/vestibulares.estrategia.com\/portal\/redacao\/enem-redacao\/\" target=\"_blank\">reda&ccedil;&otilde;es<\/a>;<\/li>\n\n\n\n<li>F&oacute;rum de d&uacute;vidas;<\/li>\n\n\n\n<li><a href=\"https:\/\/vestibulares.estrategia.com\/portal\/simulado\/simulado-enem\/\">Simulados<\/a> com quest&otilde;es in&eacute;ditas;<\/li>\n\n\n\n<li>Banco de Quest&otilde;es;<\/li>\n\n\n\n<li>Mapas mentais e muito mais.<\/li>\n<\/ul><p>Ficou interessado? Ent&atilde;o, clique no banner e veja tudo sobre os cursos oferecidos pelo Estrat&eacute;gia Vestibulares!<\/p><p>\n\n\n\n<a id=\"cta\" class=\"cta-imagem\" href=\"https:\/\/vestibulares.estrategia.com\/cursos\/\" target=\"blank\">\n                <img decoding=\"async\" width=\"100%\" src=\"https:\/\/vestibulares.estrategia.com\/portal\/wp-content\/uploads\/2021\/12\/EV2.jpg\" alt=\"CTA - Estrat\u00e9gia Vestibulares 2\" title=\"CTA - Estrat\u00e9gia Vestibulares 2\">\n        <\/a>\n\n\n\n\n<\/p><\/p>\n","protected":false},"excerpt":{"rendered":"Com a primeira edi\u00e7\u00e3o realizada h\u00e1 150 anos, a pesquisa \u00e9 uma importante ferramenta para conhecer um pa\u00eds das propor\u00e7\u00f5es do Brasil, com mais de oito mil quil\u00f4metros quadrados de extens\u00e3o\n","protected":false},"author":48,"featured_media":96912,"comment_status":"closed","ping_status":"closed","sticky":false,"template":"","format":"standard","meta":{"wl_entities_gutenberg":"","footnotes":""},"categories":[46],"tags":[],"wl_entity_type":[732],"class_list":{"0":"post-96911","1":"post","2":"type-post","3":"status-publish","4":"format-standard","5":"has-post-thumbnail","7":"category-atualidades-e-dicas","8":"wl_entity_type-article"},"acf":[],"yoast_head":"<!-- This site is optimized with the Yoast SEO Premium plugin v25.9 (Yoast SEO v25.9) - https:\/\/yoast.com\/wordpress\/plugins\/seo\/ -->\n<title>Dados do Censo 2022 que podem cair no vestibular<\/title>\n<meta name=\"description\" content=\"Com a primeira edi\u00e7\u00e3o realizada h\u00e1 150 anos, a pesquisa \u00e9 uma ferramenta para conhecer as especificidades do Brasil e de sua popula\u00e7\u00e3o\" \/>\n<meta name=\"robots\" content=\"index, follow, max-snippet:-1, max-image-preview:large, max-video-preview:-1\" \/>\n<link rel=\"canonical\" href=\"https:\/\/vestibulares.estrategia.com\/portal\/atualidades-e-dicas\/dados-do-censo-que-podem-cair-no-vestibular\/\" \/>\n<meta property=\"og:locale\" content=\"pt_BR\" \/>\n<meta property=\"og:type\" content=\"article\" \/>\n<meta property=\"og:title\" content=\"Dados do Censo 2022 que podem cair no vestibular\" \/>\n<meta property=\"og:description\" content=\"Com a primeira edi\u00e7\u00e3o realizada h\u00e1 150 anos, a pesquisa \u00e9 uma ferramenta para conhecer as especificidades do Brasil e de sua popula\u00e7\u00e3o\" \/>\n<meta property=\"og:url\" content=\"https:\/\/vestibulares.estrategia.com\/portal\/atualidades-e-dicas\/dados-do-censo-que-podem-cair-no-vestibular\/\" \/>\n<meta property=\"og:site_name\" content=\"Estrat\u00e9gia Vestibulares\" \/>\n<meta property=\"article:publisher\" content=\"https:\/\/facebook.com\/estrategiavestibulares\" \/>\n<meta property=\"article:published_time\" content=\"2023-08-07T13:16:56+00:00\" \/>\n<meta property=\"article:modified_time\" content=\"2023-08-18T19:20:23+00:00\" \/>\n<meta property=\"og:image\" content=\"https:\/\/cdn.blog.estrategiavestibulares.com.br\/vestibulares\/wp-content\/uploads\/2023\/08\/dados-do-censo-2022-que-podem-cair-no-vestibular.jpg\" \/>\n\t<meta property=\"og:image:width\" content=\"1200\" \/>\n\t<meta property=\"og:image:height\" content=\"718\" \/>\n\t<meta property=\"og:image:type\" content=\"image\/jpeg\" \/>\n<meta name=\"author\" content=\"Beatriz Santana\" \/>\n<meta name=\"twitter:card\" content=\"summary_large_image\" \/>\n<meta name=\"twitter:creator\" content=\"@Estrategiavest\" \/>\n<meta name=\"twitter:site\" content=\"@Estrategiavest\" \/>\n<meta name=\"twitter:label1\" content=\"Escrito por\" \/>\n\t<meta name=\"twitter:data1\" content=\"Beatriz Santana\" \/>\n\t<meta name=\"twitter:label2\" content=\"Est. tempo de leitura\" \/>\n\t<meta name=\"twitter:data2\" content=\"9 minutos\" \/>\n<script type=\"application\/ld+json\" class=\"yoast-schema-graph\">{\"@context\":\"https:\/\/schema.org\",\"@graph\":[{\"@type\":\"Article\",\"@id\":\"https:\/\/vestibulares.estrategia.com\/portal\/atualidades-e-dicas\/dados-do-censo-que-podem-cair-no-vestibular\/#article\",\"isPartOf\":{\"@id\":\"https:\/\/vestibulares.estrategia.com\/portal\/atualidades-e-dicas\/dados-do-censo-que-podem-cair-no-vestibular\/\"},\"author\":{\"name\":\"Beatriz Santana\",\"@id\":\"https:\/\/vestibulares.estrategia.com\/portal\/#\/schema\/person\/cdd941dcf53839374c0bc8d39bb0230f\"},\"headline\":\"Dados do Censo 2022 que podem cair no vestibular\",\"datePublished\":\"2023-08-07T13:16:56+00:00\",\"dateModified\":\"2023-08-18T19:20:23+00:00\",\"mainEntityOfPage\":{\"@id\":\"https:\/\/vestibulares.estrategia.com\/portal\/atualidades-e-dicas\/dados-do-censo-que-podem-cair-no-vestibular\/\"},\"wordCount\":1751,\"publisher\":{\"@id\":\"https:\/\/vestibulares.estrategia.com\/portal\/#organization\"},\"image\":{\"@id\":\"https:\/\/vestibulares.estrategia.com\/portal\/atualidades-e-dicas\/dados-do-censo-que-podem-cair-no-vestibular\/#primaryimage\"},\"thumbnailUrl\":\"https:\/\/vestibulares.estrategia.com\/portal\/wp-content\/uploads\/2023\/08\/dados-do-censo-2022-que-podem-cair-no-vestibular.jpg\",\"articleSection\":[\"Atualidades e Dicas\"],\"inLanguage\":\"pt-BR\"},{\"@type\":\"WebPage\",\"@id\":\"https:\/\/vestibulares.estrategia.com\/portal\/atualidades-e-dicas\/dados-do-censo-que-podem-cair-no-vestibular\/\",\"url\":\"https:\/\/vestibulares.estrategia.com\/portal\/atualidades-e-dicas\/dados-do-censo-que-podem-cair-no-vestibular\/\",\"name\":\"Dados do Censo 2022 que podem cair no vestibular\",\"isPartOf\":{\"@id\":\"https:\/\/vestibulares.estrategia.com\/portal\/#website\"},\"primaryImageOfPage\":{\"@id\":\"https:\/\/vestibulares.estrategia.com\/portal\/atualidades-e-dicas\/dados-do-censo-que-podem-cair-no-vestibular\/#primaryimage\"},\"image\":{\"@id\":\"https:\/\/vestibulares.estrategia.com\/portal\/atualidades-e-dicas\/dados-do-censo-que-podem-cair-no-vestibular\/#primaryimage\"},\"thumbnailUrl\":\"https:\/\/vestibulares.estrategia.com\/portal\/wp-content\/uploads\/2023\/08\/dados-do-censo-2022-que-podem-cair-no-vestibular.jpg\",\"datePublished\":\"2023-08-07T13:16:56+00:00\",\"dateModified\":\"2023-08-18T19:20:23+00:00\",\"description\":\"Com a primeira edi\u00e7\u00e3o realizada h\u00e1 150 anos, a pesquisa \u00e9 uma ferramenta para conhecer as especificidades do Brasil e de sua popula\u00e7\u00e3o\",\"breadcrumb\":{\"@id\":\"https:\/\/vestibulares.estrategia.com\/portal\/atualidades-e-dicas\/dados-do-censo-que-podem-cair-no-vestibular\/#breadcrumb\"},\"inLanguage\":\"pt-BR\",\"potentialAction\":[{\"@type\":\"ReadAction\",\"target\":[\"https:\/\/vestibulares.estrategia.com\/portal\/atualidades-e-dicas\/dados-do-censo-que-podem-cair-no-vestibular\/\"]}]},{\"@type\":\"ImageObject\",\"inLanguage\":\"pt-BR\",\"@id\":\"https:\/\/vestibulares.estrategia.com\/portal\/atualidades-e-dicas\/dados-do-censo-que-podem-cair-no-vestibular\/#primaryimage\",\"url\":\"https:\/\/vestibulares.estrategia.com\/portal\/wp-content\/uploads\/2023\/08\/dados-do-censo-2022-que-podem-cair-no-vestibular.jpg\",\"contentUrl\":\"https:\/\/vestibulares.estrategia.com\/portal\/wp-content\/uploads\/2023\/08\/dados-do-censo-2022-que-podem-cair-no-vestibular.jpg\",\"width\":1200,\"height\":718,\"caption\":\"Foto: T\u00e2nia Rego \/ Ag\u00eancia Brasil\"},{\"@type\":\"BreadcrumbList\",\"@id\":\"https:\/\/vestibulares.estrategia.com\/portal\/atualidades-e-dicas\/dados-do-censo-que-podem-cair-no-vestibular\/#breadcrumb\",\"itemListElement\":[{\"@type\":\"ListItem\",\"position\":1,\"name\":\"Home\",\"item\":\"https:\/\/vestibulares.estrategia.com\/portal\/\"},{\"@type\":\"ListItem\",\"position\":2,\"name\":\"Atualidades e Dicas\",\"item\":\"https:\/\/vestibulares.estrategia.com\/portal\/atualidades-e-dicas\/\"},{\"@type\":\"ListItem\",\"position\":3,\"name\":\"Dados do Censo 2022 que podem cair no vestibular\"}]},{\"@type\":\"WebSite\",\"@id\":\"https:\/\/vestibulares.estrategia.com\/portal\/#website\",\"url\":\"https:\/\/vestibulares.estrategia.com\/portal\/\",\"name\":\"Estrat\u00e9gia Vestibulares\",\"description\":\"\",\"publisher\":{\"@id\":\"https:\/\/vestibulares.estrategia.com\/portal\/#organization\"},\"potentialAction\":[{\"@type\":\"SearchAction\",\"target\":{\"@type\":\"EntryPoint\",\"urlTemplate\":\"https:\/\/vestibulares.estrategia.com\/portal\/?s={search_term_string}\"},\"query-input\":{\"@type\":\"PropertyValueSpecification\",\"valueRequired\":true,\"valueName\":\"search_term_string\"}}],\"inLanguage\":\"pt-BR\"},{\"@type\":\"Organization\",\"@id\":\"https:\/\/vestibulares.estrategia.com\/portal\/#organization\",\"name\":\"Estrat\u00e9gia Vestibulares\",\"url\":\"https:\/\/vestibulares.estrategia.com\/portal\/\",\"logo\":{\"@type\":\"ImageObject\",\"inLanguage\":\"pt-BR\",\"@id\":\"https:\/\/vestibulares.estrategia.com\/portal\/#\/schema\/logo\/image\/\",\"url\":\"https:\/\/vestibulares.estrategia.com\/portal\/wp-content\/uploads\/2021\/06\/Logo-Vestibulares@4x.png\",\"contentUrl\":\"https:\/\/vestibulares.estrategia.com\/portal\/wp-content\/uploads\/2021\/06\/Logo-Vestibulares@4x.png\",\"width\":250,\"height\":66,\"caption\":\"Estrat\u00e9gia Vestibulares\"},\"image\":{\"@id\":\"https:\/\/vestibulares.estrategia.com\/portal\/#\/schema\/logo\/image\/\"},\"sameAs\":[\"https:\/\/facebook.com\/estrategiavestibulares\",\"https:\/\/x.com\/Estrategiavest\",\"https:\/\/www.instagram.com\/estrategiavestibulares\",\"https:\/\/www.youtube.com\/channel\/UCGWdZy8ULI-7_5GrABa4vNA\"]},{\"@type\":\"Person\",\"@id\":\"https:\/\/vestibulares.estrategia.com\/portal\/#\/schema\/person\/cdd941dcf53839374c0bc8d39bb0230f\",\"name\":\"Beatriz Santana\",\"image\":{\"@type\":\"ImageObject\",\"inLanguage\":\"pt-BR\",\"@id\":\"https:\/\/vestibulares.estrategia.com\/portal\/#\/schema\/person\/image\/\",\"url\":\"https:\/\/vestibulares.estrategia.com\/portal\/wp-content\/uploads\/2022\/01\/WhatsApp-Image-2021-10-21-at-10.19.09-1-150x150.webp\",\"contentUrl\":\"https:\/\/vestibulares.estrategia.com\/portal\/wp-content\/uploads\/2022\/01\/WhatsApp-Image-2021-10-21-at-10.19.09-1-150x150.webp\",\"caption\":\"Beatriz Santana\"},\"description\":\"Jornalista formada pela Unesp\",\"url\":\"https:\/\/vestibulares.estrategia.com\/portal\/author\/beatriz-santana\/\"}]}<\/script>\n<!-- \/ Yoast SEO Premium plugin. -->","yoast_head_json":{"title":"Dados do Censo 2022 que podem cair no vestibular","description":"Com a primeira edi\u00e7\u00e3o realizada h\u00e1 150 anos, a pesquisa \u00e9 uma ferramenta para conhecer as especificidades do Brasil e de sua popula\u00e7\u00e3o","robots":{"index":"index","follow":"follow","max-snippet":"max-snippet:-1","max-image-preview":"max-image-preview:large","max-video-preview":"max-video-preview:-1"},"canonical":"https:\/\/vestibulares.estrategia.com\/portal\/atualidades-e-dicas\/dados-do-censo-que-podem-cair-no-vestibular\/","og_locale":"pt_BR","og_type":"article","og_title":"Dados do Censo 2022 que podem cair no vestibular","og_description":"Com a primeira edi\u00e7\u00e3o realizada h\u00e1 150 anos, a pesquisa \u00e9 uma ferramenta para conhecer as especificidades do Brasil e de sua popula\u00e7\u00e3o","og_url":"https:\/\/vestibulares.estrategia.com\/portal\/atualidades-e-dicas\/dados-do-censo-que-podem-cair-no-vestibular\/","og_site_name":"Estrat\u00e9gia Vestibulares","article_publisher":"https:\/\/facebook.com\/estrategiavestibulares","article_published_time":"2023-08-07T13:16:56+00:00","article_modified_time":"2023-08-18T19:20:23+00:00","og_image":[{"width":1200,"height":718,"url":"https:\/\/cdn.blog.estrategiavestibulares.com.br\/vestibulares\/wp-content\/uploads\/2023\/08\/dados-do-censo-2022-que-podem-cair-no-vestibular.jpg","type":"image\/jpeg"}],"author":"Beatriz Santana","twitter_card":"summary_large_image","twitter_creator":"@Estrategiavest","twitter_site":"@Estrategiavest","twitter_misc":{"Escrito por":"Beatriz Santana","Est. tempo de leitura":"9 minutos"},"schema":{"@context":"https:\/\/schema.org","@graph":[{"@type":"Article","@id":"https:\/\/vestibulares.estrategia.com\/portal\/atualidades-e-dicas\/dados-do-censo-que-podem-cair-no-vestibular\/#article","isPartOf":{"@id":"https:\/\/vestibulares.estrategia.com\/portal\/atualidades-e-dicas\/dados-do-censo-que-podem-cair-no-vestibular\/"},"author":{"name":"Beatriz Santana","@id":"https:\/\/vestibulares.estrategia.com\/portal\/#\/schema\/person\/cdd941dcf53839374c0bc8d39bb0230f"},"headline":"Dados do Censo 2022 que podem cair no vestibular","datePublished":"2023-08-07T13:16:56+00:00","dateModified":"2023-08-18T19:20:23+00:00","mainEntityOfPage":{"@id":"https:\/\/vestibulares.estrategia.com\/portal\/atualidades-e-dicas\/dados-do-censo-que-podem-cair-no-vestibular\/"},"wordCount":1751,"publisher":{"@id":"https:\/\/vestibulares.estrategia.com\/portal\/#organization"},"image":{"@id":"https:\/\/vestibulares.estrategia.com\/portal\/atualidades-e-dicas\/dados-do-censo-que-podem-cair-no-vestibular\/#primaryimage"},"thumbnailUrl":"https:\/\/vestibulares.estrategia.com\/portal\/wp-content\/uploads\/2023\/08\/dados-do-censo-2022-que-podem-cair-no-vestibular.jpg","articleSection":["Atualidades e Dicas"],"inLanguage":"pt-BR"},{"@type":"WebPage","@id":"https:\/\/vestibulares.estrategia.com\/portal\/atualidades-e-dicas\/dados-do-censo-que-podem-cair-no-vestibular\/","url":"https:\/\/vestibulares.estrategia.com\/portal\/atualidades-e-dicas\/dados-do-censo-que-podem-cair-no-vestibular\/","name":"Dados do Censo 2022 que podem cair no vestibular","isPartOf":{"@id":"https:\/\/vestibulares.estrategia.com\/portal\/#website"},"primaryImageOfPage":{"@id":"https:\/\/vestibulares.estrategia.com\/portal\/atualidades-e-dicas\/dados-do-censo-que-podem-cair-no-vestibular\/#primaryimage"},"image":{"@id":"https:\/\/vestibulares.estrategia.com\/portal\/atualidades-e-dicas\/dados-do-censo-que-podem-cair-no-vestibular\/#primaryimage"},"thumbnailUrl":"https:\/\/vestibulares.estrategia.com\/portal\/wp-content\/uploads\/2023\/08\/dados-do-censo-2022-que-podem-cair-no-vestibular.jpg","datePublished":"2023-08-07T13:16:56+00:00","dateModified":"2023-08-18T19:20:23+00:00","description":"Com a primeira edi\u00e7\u00e3o realizada h\u00e1 150 anos, a pesquisa \u00e9 uma ferramenta para conhecer as especificidades do Brasil e de sua popula\u00e7\u00e3o","breadcrumb":{"@id":"https:\/\/vestibulares.estrategia.com\/portal\/atualidades-e-dicas\/dados-do-censo-que-podem-cair-no-vestibular\/#breadcrumb"},"inLanguage":"pt-BR","potentialAction":[{"@type":"ReadAction","target":["https:\/\/vestibulares.estrategia.com\/portal\/atualidades-e-dicas\/dados-do-censo-que-podem-cair-no-vestibular\/"]}]},{"@type":"ImageObject","inLanguage":"pt-BR","@id":"https:\/\/vestibulares.estrategia.com\/portal\/atualidades-e-dicas\/dados-do-censo-que-podem-cair-no-vestibular\/#primaryimage","url":"https:\/\/vestibulares.estrategia.com\/portal\/wp-content\/uploads\/2023\/08\/dados-do-censo-2022-que-podem-cair-no-vestibular.jpg","contentUrl":"https:\/\/vestibulares.estrategia.com\/portal\/wp-content\/uploads\/2023\/08\/dados-do-censo-2022-que-podem-cair-no-vestibular.jpg","width":1200,"height":718,"caption":"Foto: T\u00e2nia Rego \/ Ag\u00eancia Brasil"},{"@type":"BreadcrumbList","@id":"https:\/\/vestibulares.estrategia.com\/portal\/atualidades-e-dicas\/dados-do-censo-que-podem-cair-no-vestibular\/#breadcrumb","itemListElement":[{"@type":"ListItem","position":1,"name":"Home","item":"https:\/\/vestibulares.estrategia.com\/portal\/"},{"@type":"ListItem","position":2,"name":"Atualidades e Dicas","item":"https:\/\/vestibulares.estrategia.com\/portal\/atualidades-e-dicas\/"},{"@type":"ListItem","position":3,"name":"Dados do Censo 2022 que podem cair no vestibular"}]},{"@type":"WebSite","@id":"https:\/\/vestibulares.estrategia.com\/portal\/#website","url":"https:\/\/vestibulares.estrategia.com\/portal\/","name":"Estrat\u00e9gia Vestibulares","description":"","publisher":{"@id":"https:\/\/vestibulares.estrategia.com\/portal\/#organization"},"potentialAction":[{"@type":"SearchAction","target":{"@type":"EntryPoint","urlTemplate":"https:\/\/vestibulares.estrategia.com\/portal\/?s={search_term_string}"},"query-input":{"@type":"PropertyValueSpecification","valueRequired":true,"valueName":"search_term_string"}}],"inLanguage":"pt-BR"},{"@type":"Organization","@id":"https:\/\/vestibulares.estrategia.com\/portal\/#organization","name":"Estrat\u00e9gia Vestibulares","url":"https:\/\/vestibulares.estrategia.com\/portal\/","logo":{"@type":"ImageObject","inLanguage":"pt-BR","@id":"https:\/\/vestibulares.estrategia.com\/portal\/#\/schema\/logo\/image\/","url":"https:\/\/vestibulares.estrategia.com\/portal\/wp-content\/uploads\/2021\/06\/Logo-Vestibulares@4x.png","contentUrl":"https:\/\/vestibulares.estrategia.com\/portal\/wp-content\/uploads\/2021\/06\/Logo-Vestibulares@4x.png","width":250,"height":66,"caption":"Estrat\u00e9gia Vestibulares"},"image":{"@id":"https:\/\/vestibulares.estrategia.com\/portal\/#\/schema\/logo\/image\/"},"sameAs":["https:\/\/facebook.com\/estrategiavestibulares","https:\/\/x.com\/Estrategiavest","https:\/\/www.instagram.com\/estrategiavestibulares","https:\/\/www.youtube.com\/channel\/UCGWdZy8ULI-7_5GrABa4vNA"]},{"@type":"Person","@id":"https:\/\/vestibulares.estrategia.com\/portal\/#\/schema\/person\/cdd941dcf53839374c0bc8d39bb0230f","name":"Beatriz Santana","image":{"@type":"ImageObject","inLanguage":"pt-BR","@id":"https:\/\/vestibulares.estrategia.com\/portal\/#\/schema\/person\/image\/","url":"https:\/\/vestibulares.estrategia.com\/portal\/wp-content\/uploads\/2022\/01\/WhatsApp-Image-2021-10-21-at-10.19.09-1-150x150.webp","contentUrl":"https:\/\/vestibulares.estrategia.com\/portal\/wp-content\/uploads\/2022\/01\/WhatsApp-Image-2021-10-21-at-10.19.09-1-150x150.webp","caption":"Beatriz Santana"},"description":"Jornalista formada pela Unesp","url":"https:\/\/vestibulares.estrategia.com\/portal\/author\/beatriz-santana\/"}]}},"_wl_alt_label":[],"wl:entity_url":"https:\/\/data.wordlift.io\/wl110249\/post\/dados-do-censo-que-podem-cair-no-vestibular","_links":{"self":[{"href":"https:\/\/vestibulares.estrategia.com\/portal\/wp-json\/wp\/v2\/posts\/96911","targetHints":{"allow":["GET"]}}],"collection":[{"href":"https:\/\/vestibulares.estrategia.com\/portal\/wp-json\/wp\/v2\/posts"}],"about":[{"href":"https:\/\/vestibulares.estrategia.com\/portal\/wp-json\/wp\/v2\/types\/post"}],"author":[{"embeddable":true,"href":"https:\/\/vestibulares.estrategia.com\/portal\/wp-json\/wp\/v2\/users\/48"}],"replies":[{"embeddable":true,"href":"https:\/\/vestibulares.estrategia.com\/portal\/wp-json\/wp\/v2\/comments?post=96911"}],"version-history":[{"count":4,"href":"https:\/\/vestibulares.estrategia.com\/portal\/wp-json\/wp\/v2\/posts\/96911\/revisions"}],"predecessor-version":[{"id":97693,"href":"https:\/\/vestibulares.estrategia.com\/portal\/wp-json\/wp\/v2\/posts\/96911\/revisions\/97693"}],"wp:featuredmedia":[{"embeddable":true,"href":"https:\/\/vestibulares.estrategia.com\/portal\/wp-json\/wp\/v2\/media\/96912"}],"wp:attachment":[{"href":"https:\/\/vestibulares.estrategia.com\/portal\/wp-json\/wp\/v2\/media?parent=96911"}],"wp:term":[{"taxonomy":"category","embeddable":true,"href":"https:\/\/vestibulares.estrategia.com\/portal\/wp-json\/wp\/v2\/categories?post=96911"},{"taxonomy":"post_tag","embeddable":true,"href":"https:\/\/vestibulares.estrategia.com\/portal\/wp-json\/wp\/v2\/tags?post=96911"},{"taxonomy":"wl_entity_type","embeddable":true,"href":"https:\/\/vestibulares.estrategia.com\/portal\/wp-json\/wp\/v2\/wl_entity_type?post=96911"}],"curies":[{"name":"wp","href":"https:\/\/api.w.org\/{rel}","templated":true}]}}